{"id":177000,"date":"2021-08-20T17:24:27","date_gmt":"2021-08-20T20:24:27","guid":{"rendered":"https:\/\/www.suno.com.br\/noticias\/?p=177000"},"modified":"2021-08-20T21:41:40","modified_gmt":"2021-08-21T00:41:40","slug":"alliar-aalr3-contra-ataca-rede-dor-rdor3-tanure","status":"publish","type":"post","link":"https:\/\/www.suno.com.br\/noticias\/alliar-aalr3-contra-ataca-rede-dor-rdor3-tanure\/","title":{"rendered":"Alliar (AALR3): acordo de acionistas det\u00e9m avan\u00e7os da Rede D&#8217;Or (RDOR3) e Tanure"},"content":{"rendered":"<p>A <a class=\"suno-keyword\" href=\"https:\/\/www.suno.com.br\/acoes\/AALR3\/\" target=\"_blank\" rel=\"noopener\" data-force=\"yes\" data-priority=\"2\"><strong>Alliar<\/strong> (AALR3)<\/a> firmou nesta sexta-feira (20) um <a class=\"suno-keyword\" href=\"https:\/\/www.suno.com.br\/artigos\/acordo-de-acionistas\/\" target=\"_blank\" rel=\"noopener\" data-force=\"no\" data-priority=\"1\">acordo de acionistas<\/a> entre os fundadores da rede de laborat\u00f3rios e m\u00e9dicos-s\u00f3cios e administradores, que passam agora a deter cerca de 50,2% das a\u00e7\u00f5es ordin\u00e1rias. Segundo a Ativa Research, a medida tem alvo evidente: a <a class=\"suno-keyword\" href=\"https:\/\/www.suno.com.br\/acoes\/RDOR3\/\" target=\"_blank\" rel=\"noopener\" data-force=\"yes\" data-priority=\"2\">Rede D&#8217;Or (RDOR3)<\/a> e o empres\u00e1rio Nelson Tanure.<\/p>\t<div class=\"wrapper-featured-image\">\n\t\t<figure class=\"spotlightImg\">\n\n\t\t\t<picture>\n\t\t\t\t<source media=\"(max-width: 768px)\" srcset=\"https:\/\/files.sunoresearch.com.br\/n\/uploads\/2021\/05\/77e42eb6-alliar-400x200.webp\">\n\t\t\t\t<img loading=\"lazy\" decoding=\"async\" class=\"newsContent__article__imgCapa lazyloadDisabled \" src=\"https:\/\/files.sunoresearch.com.br\/n\/uploads\/2021\/05\/77e42eb6-alliar-800x450.webp\" width=\"800\" height=\"450\" alt=\"Alliar (AALR3): acordo de acionistas det\u00e9m avan\u00e7os da Rede D&#8217;Or (RDOR3) e Tanure\" fetchpriority=high \/>\n\t\t\t<\/picture>\n\n\t\t\t<figcaption class=\"wp-caption-text wp-caption-text--show\">Alliar. Foto: Reprodu\u00e7\u00e3o Facebook<\/figcaption>\n\t\t<\/figure>\n\t<\/div>\n\n\n\t<p>\n\t\t<a href=\"https:\/\/lp.suno.com.br\/planilha-controle-gastos\/\" target=\"_blank\" data-element=\"shortcode-suno-banner\" title=\"Banner SUNO, clique e saiba mais\">\n\t\t\t<picture>\n\t\t\t\t<source media=\"(max-width: 500px)\" srcset=\"https:\/\/files.sunoresearch.com.br\/n\/uploads\/2023\/03\/400x300-Planilha-controle-de-gastos.png\">\n\t\t\t\t<img class=\"newsContent__article__imgCapa newsContent__article__imgCapa--banner\"\n\t\t\t\t\tsrc=\"https:\/\/files.sunoresearch.com.br\/n\/uploads\/2023\/03\/1420x240-Planilha-controle-de-gastos.png\"\n\t\t\t\t\tdata-promo-id=\"101751\"\t\t\t\t\t\t\t\t\t\twidth='1420' height='240'\t\t\t\t\talt=\"https:\/\/files.sunoresearch.com.br\/n\/uploads\/2023\/03\/1420x240-Planilha-controle-de-gastos.png\"\n\t\t\t\t>\n\t\t\t<\/picture>\n\t\t<\/a>\n\t<\/p>\n\n\n<p>No in\u00edcio desta semana, a <strong>Rede D&#8217;Or<\/strong> aprovou a realiza\u00e7\u00e3o de uma <a href=\"https:\/\/www.suno.com.br\/artigos\/oferta-publica-aquisicao\/\">oferta p\u00fablica de aquisi\u00e7\u00e3o (OPA)<\/a> para comprar <strong>a\u00e7\u00f5es da Alliar<\/strong>. Desde ent\u00e3o, a rede hospitalar foi \u00e0s compras e chegou a uma posi\u00e7\u00e3o de pelo menos R$ 721,95 mil.<\/p>\n<p>Com a <strong>OPA<\/strong>, a Rede D&#8217;Or pretende adquirir at\u00e9 a totalidade das 118.292.816 a\u00e7\u00f5es ordin\u00e1rias da rede de laborat\u00f3rios, a um pre\u00e7o por a\u00e7\u00e3o equivalente a R$ 11,50, em um neg\u00f3cio que poderia chegar a R$ 1,36 bilh\u00e3o.<\/p>\n<p>A movimenta\u00e7\u00e3o chamou a aten\u00e7\u00e3o do mercado e, mais especificamente, de <strong>Nelson Tanure<\/strong>, conhecido por investir em companhias com dificuldades financeiras. O <strong><a href=\"https:\/\/www.suno.com.br\/noticias\/alliar-aalr3-fundo-ligado-a-nelson-tanure-adquire-fatia-de-21-da-companhia-por-r-320-milhoes\/\">empres\u00e1rio arrematou 21% da Alliar<\/a><\/strong> por R$ 320 milh\u00f5es com a venda da participa\u00e7\u00e3o da gestora P\u00e1tria.<\/p>\n<p>A Alliar confirmou ao mercado a movimenta\u00e7\u00e3o no quadro societ\u00e1rio, mas sem detalhar outros detalhes. A entrada de Tanure no neg\u00f3cio ocorreu por meio do Fonte de Sa\u00fade Fundo de Investimento em Participa\u00e7\u00f5es Multiestrat\u00e9gia, gerido pela MAM Asset Managment.<\/p>\n\n<p>O <strong>acordo de acionistas da Alliar<\/strong>, portanto, n\u00e3o parece ter vindo sem timing. Na vis\u00e3o da Ativa Research, a decis\u00e3o tem como o objetivo dificultar as pretens\u00f5es de tomada do controle da companhia.<\/p>\n<p>&#8220;A not\u00edcia do acordo de acionistas \u00e9 negativa para a Rede D&#8217;Or, uma vez que, com a nova organiza\u00e7\u00e3o de controle, a empresa ter\u00e1 de praticamente comprar todo o <a class=\"suno-keyword\" href=\"https:\/\/www.suno.com.br\/artigos\/free-float\/\" target=\"_blank\" rel=\"noopener\" data-force=\"no\" data-priority=\"1\">free float<\/a> da Alliar para que a condi\u00e7\u00e3o da OPA de ao menos 15% de participa\u00e7\u00e3o seja cumprida,&#8221; ressaltou a corretora.<\/p>\n<p>A expectativa da Ativa \u00e9 de que a rede hospitalar busque por outros investimentos mais vi\u00e1veis no momento.<\/p>\n\t<p>\n\t\t<a href=\"https:\/\/lp.suno.com.br\/planilha-da-vida-financeira\/\" target=\"_blank\" data-element=\"shortcode-suno-banner\" title=\"Banner SUNO, clique e saiba mais\">\n\t\t\t<picture>\n\t\t\t\t<source media=\"(max-width: 500px)\" srcset=\"https:\/\/files.sunoresearch.com.br\/n\/uploads\/2023\/04\/400x300-Planilha-vida-financeira-true.png\">\n\t\t\t\t<img class=\"newsContent__article__imgCapa newsContent__article__imgCapa--banner\"\n\t\t\t\t\tsrc=\"https:\/\/files.sunoresearch.com.br\/n\/uploads\/2023\/04\/1420x240-Planilha-vida-financeira-true.png\"\n\t\t\t\t\tdata-promo-id=\"106682\"\t\t\t\t\t\t\t\t\t\twidth='1420' height='240'\t\t\t\t\talt=\"https:\/\/files.sunoresearch.com.br\/n\/uploads\/2023\/04\/1420x240-Planilha-vida-financeira-true.png\"\n\t\t\t\t>\n\t\t\t<\/picture>\n\t\t<\/a>\n\t<\/p>\n\n\n<h2>\u00daltima cota\u00e7\u00e3o de Alliar (AALR3)<\/h2>\n<p>No fechamento desta sexta-feira (20), a a\u00e7\u00e3o ordin\u00e1ria da <strong>Alliar<\/strong> (AALR3) subiu 9,41%, cotada a R$ 14,29.<\/p>\n\t<p>\n\t\t<a href=\"https:\/\/lp.suno.com.br\/ebook-como-analisar-uma-acao\/\" target=\"_blank\" data-element=\"shortcode-suno-banner\" title=\"Banner SUNO, clique e saiba mais\">\n\t\t\t<picture>\n\t\t\t\t<source media=\"(max-width: 500px)\" srcset=\"https:\/\/files.sunoresearch.com.br\/n\/uploads\/2023\/03\/Ebook-Acoes-Mobile-1.jpg\">\n\t\t\t\t<img class=\"newsContent__article__imgCapa newsContent__article__imgCapa--banner\"\n\t\t\t\t\tsrc=\"https:\/\/files.sunoresearch.com.br\/n\/uploads\/2023\/03\/Ebook-Acoes-Desktop-1.jpg\"\n\t\t\t\t\tdata-promo-id=\"171998\"\t\t\t\t\t\t\t\t\t\twidth='1420' height='286'\t\t\t\t\talt=\"https:\/\/files.sunoresearch.com.br\/n\/uploads\/2023\/03\/Ebook-Acoes-Desktop-1.jpg\"\n\t\t\t\t>\n\t\t\t<\/picture>\n\t\t<\/a>\n\t<\/p>\n\n\n","protected":false},"excerpt":{"rendered":"<p>A Alliar (AALR3) firmou nesta sexta-feira (20) um acordo de acionistas entre os fundadores da rede de laborat\u00f3rios e m\u00e9dicos-s\u00f3cios e administradores, que passam agora a deter cerca de 50,2% das a\u00e7\u00f5es ordin\u00e1rias. Segundo a Ativa Research, a medida tem alvo evidente: a Rede D&#8217;Or (RDOR3) e o empres\u00e1rio Nelson Tanure. Alliar. Foto: Reprodu\u00e7\u00e3o Facebook [&hellip;]<\/p>\n","protected":false},"author":35,"featured_media":151593,"comment_status":"closed","ping_status":"closed","sticky":false,"template":"","format":"standard","meta":[],"categories":[64],"tags":[104933,92617,105816,321,2312],"suno_strategy":[],"class_list":["post-177000","post","type-post","status-publish","format-standard","has-post-thumbnail","hentry","category-negocios","tag-acordo-de-acionistas","tag-alliar-aalr3","tag-especialistas","tag-opa-oferta-publica-de-aquisicao","tag-rede-dor-rdor3"],"yoast_head":"<!-- This site is optimized with the Yoast SEO plugin v24.4 - https:\/\/yoast.com\/wordpress\/plugins\/seo\/ -->\n<title>Alliar (AALR3) contra-ataca avan\u00e7os de Rede D&#039;Or (RDOR3) e Tanure<\/title>\n<meta name=\"description\" content=\"Fundadores da Alliar (AALR3) e m\u00e9dicos-s\u00f3cios e administradores passam a deter cerca de 50,2% das a\u00e7\u00f5es ordin\u00e1rias. Clique para saber mais.\" \/>\n<meta name=\"robots\" content=\"index, follow, max-snippet:-1, max-image-preview:large, max-video-preview:-1\" \/>\n<link rel=\"canonical\" href=\"https:\/\/www.suno.com.br\/noticias\/alliar-aalr3-contra-ataca-rede-dor-rdor3-tanure\/\" \/>\n<meta property=\"og:locale\" content=\"pt_BR\" \/>\n<meta property=\"og:type\" content=\"article\" \/>\n<meta property=\"og:title\" content=\"Alliar (AALR3) contra-ataca avan\u00e7os de Rede D&#039;Or (RDOR3) e Tanure\" \/>\n<meta property=\"og:description\" content=\"Fundadores da Alliar (AALR3) e m\u00e9dicos-s\u00f3cios e administradores passam a deter cerca de 50,2% das a\u00e7\u00f5es ordin\u00e1rias. Clique para saber mais.\" \/>\n<meta property=\"og:url\" content=\"https:\/\/www.suno.com.br\/noticias\/alliar-aalr3-contra-ataca-rede-dor-rdor3-tanure\/\" \/>\n<meta property=\"og:site_name\" content=\"Suno Not\u00edcias\" \/>\n<meta property=\"article:publisher\" content=\"https:\/\/facebook.com\/sunoresearch\" \/>\n<meta property=\"og:image\" content=\"https:\/\/files.sunoresearch.com.br\/n\/uploads\/2021\/05\/77e42eb6-alliar.jpg\" \/>\n\t<meta property=\"og:image:width\" content=\"1200\" \/>\n\t<meta property=\"og:image:height\" content=\"900\" \/>\n\t<meta property=\"og:image:type\" content=\"image\/jpeg\" \/>\n<meta name=\"author\" content=\"Arthur Guimar\u00e3es\" \/>\n<meta name=\"twitter:card\" content=\"summary_large_image\" \/>\n<meta name=\"twitter:creator\" content=\"@sunoresearch\" \/>\n<meta name=\"twitter:site\" content=\"@sunoresearch\" \/>\n<meta name=\"twitter:label1\" content=\"Escrito por\" \/>\n\t<meta name=\"twitter:data1\" content=\"Arthur Guimar\u00e3es\" \/>\n\t<meta name=\"twitter:label2\" content=\"Est. tempo de leitura\" \/>\n\t<meta name=\"twitter:data2\" content=\"2 minutos\" \/>\n<script type=\"application\/ld+json\" class=\"yoast-schema-graph\">{\"@context\":\"https:\/\/schema.org\",\"@graph\":[{\"@type\":\"NewsArticle\",\"@id\":\"https:\/\/www.suno.com.br\/noticias\/alliar-aalr3-contra-ataca-rede-dor-rdor3-tanure\/#article\",\"isPartOf\":{\"@id\":\"https:\/\/www.suno.com.br\/noticias\/alliar-aalr3-contra-ataca-rede-dor-rdor3-tanure\/\"},\"author\":{\"name\":\"Arthur Guimar\u00e3es\",\"@id\":\"https:\/\/www.suno.com.br\/noticias\/#\/schema\/person\/053a750a709a263919a20f976caae91c\"},\"headline\":\"Alliar (AALR3): acordo de acionistas det\u00e9m avan\u00e7os da Rede D&#8217;Or (RDOR3) e Tanure\",\"datePublished\":\"2021-08-20T20:24:27+00:00\",\"dateModified\":\"2021-08-21T00:41:40+00:00\",\"mainEntityOfPage\":{\"@id\":\"https:\/\/www.suno.com.br\/noticias\/alliar-aalr3-contra-ataca-rede-dor-rdor3-tanure\/\"},\"wordCount\":397,\"publisher\":{\"@id\":\"https:\/\/www.suno.com.br\/noticias\/#organization\"},\"image\":{\"@id\":\"https:\/\/www.suno.com.br\/noticias\/alliar-aalr3-contra-ataca-rede-dor-rdor3-tanure\/#primaryimage\"},\"thumbnailUrl\":\"https:\/\/files.sunoresearch.com.br\/n\/uploads\/2021\/05\/77e42eb6-alliar-jpg.webp\",\"keywords\":[\"acordo de acionistas\",\"Alliar (AALR3)\",\"Especialistas\",\"OPA (Oferta P\u00fablica de Aquisi\u00e7\u00e3o)\",\"Rede D'or (RDOR3)\"],\"articleSection\":[\"Neg\u00f3cios\"],\"inLanguage\":\"pt-BR\"},{\"@type\":\"WebPage\",\"@id\":\"https:\/\/www.suno.com.br\/noticias\/alliar-aalr3-contra-ataca-rede-dor-rdor3-tanure\/\",\"url\":\"https:\/\/www.suno.com.br\/noticias\/alliar-aalr3-contra-ataca-rede-dor-rdor3-tanure\/\",\"name\":\"Alliar (AALR3) contra-ataca avan\u00e7os de Rede D'Or (RDOR3) e Tanure\",\"isPartOf\":{\"@id\":\"https:\/\/www.suno.com.br\/noticias\/#website\"},\"primaryImageOfPage\":{\"@id\":\"https:\/\/www.suno.com.br\/noticias\/alliar-aalr3-contra-ataca-rede-dor-rdor3-tanure\/#primaryimage\"},\"image\":{\"@id\":\"https:\/\/www.suno.com.br\/noticias\/alliar-aalr3-contra-ataca-rede-dor-rdor3-tanure\/#primaryimage\"},\"thumbnailUrl\":\"https:\/\/files.sunoresearch.com.br\/n\/uploads\/2021\/05\/77e42eb6-alliar-jpg.webp\",\"datePublished\":\"2021-08-20T20:24:27+00:00\",\"dateModified\":\"2021-08-21T00:41:40+00:00\",\"description\":\"Fundadores da Alliar (AALR3) e m\u00e9dicos-s\u00f3cios e administradores passam a deter cerca de 50,2% das a\u00e7\u00f5es ordin\u00e1rias. Clique para saber mais.\",\"breadcrumb\":{\"@id\":\"https:\/\/www.suno.com.br\/noticias\/alliar-aalr3-contra-ataca-rede-dor-rdor3-tanure\/#breadcrumb\"},\"inLanguage\":\"pt-BR\",\"potentialAction\":[{\"@type\":\"ReadAction\",\"target\":[\"https:\/\/www.suno.com.br\/noticias\/alliar-aalr3-contra-ataca-rede-dor-rdor3-tanure\/\"]}]},{\"@type\":\"ImageObject\",\"inLanguage\":\"pt-BR\",\"@id\":\"https:\/\/www.suno.com.br\/noticias\/alliar-aalr3-contra-ataca-rede-dor-rdor3-tanure\/#primaryimage\",\"url\":\"https:\/\/files.sunoresearch.com.br\/n\/uploads\/2021\/05\/77e42eb6-alliar-jpg.webp\",\"contentUrl\":\"https:\/\/files.sunoresearch.com.br\/n\/uploads\/2021\/05\/77e42eb6-alliar-jpg.webp\",\"width\":1200,\"height\":900,\"caption\":\"Alliar. Foto: Reprodu\u00e7\u00e3o Facebook\"},{\"@type\":\"BreadcrumbList\",\"@id\":\"https:\/\/www.suno.com.br\/noticias\/alliar-aalr3-contra-ataca-rede-dor-rdor3-tanure\/#breadcrumb\",\"itemListElement\":[{\"@type\":\"ListItem\",\"position\":1,\"name\":\"Not\u00edcias\",\"item\":\"https:\/\/www.suno.com.br\/noticias\/\"},{\"@type\":\"ListItem\",\"position\":2,\"name\":\"Neg\u00f3cios\",\"item\":\"https:\/\/www.suno.com.br\/noticias\/negocios\/\"},{\"@type\":\"ListItem\",\"position\":3,\"name\":\"Alliar (AALR3): acordo de acionistas det\u00e9m avan\u00e7os da Rede D&#8217;Or (RDOR3) e Tanure\"}]},{\"@type\":\"WebSite\",\"@id\":\"https:\/\/www.suno.com.br\/noticias\/#website\",\"url\":\"https:\/\/www.suno.com.br\/noticias\/\",\"name\":\"Suno Not\u00edcias\",\"description\":\"Seu portal de informa\u00e7\u00e3o sobre o mundo dos investimentos\",\"publisher\":{\"@id\":\"https:\/\/www.suno.com.br\/noticias\/#organization\"},\"potentialAction\":[{\"@type\":\"SearchAction\",\"target\":{\"@type\":\"EntryPoint\",\"urlTemplate\":\"https:\/\/www.suno.com.br\/noticias\/?s={search_term_string}\"},\"query-input\":{\"@type\":\"PropertyValueSpecification\",\"valueRequired\":true,\"valueName\":\"search_term_string\"}}],\"inLanguage\":\"pt-BR\"},{\"@type\":\"Organization\",\"@id\":\"https:\/\/www.suno.com.br\/noticias\/#organization\",\"name\":\"Suno Not\u00edcias\",\"url\":\"https:\/\/www.suno.com.br\/noticias\/\",\"logo\":{\"@type\":\"ImageObject\",\"inLanguage\":\"pt-BR\",\"@id\":\"https:\/\/www.suno.com.br\/noticias\/#\/schema\/logo\/image\/\",\"url\":\"https:\/\/files.sunoresearch.com.br\/n\/uploads\/2021\/09\/suno-logo.png\",\"contentUrl\":\"https:\/\/files.sunoresearch.com.br\/n\/uploads\/2021\/09\/suno-logo.png\",\"width\":180,\"height\":180,\"caption\":\"Suno Not\u00edcias\"},\"image\":{\"@id\":\"https:\/\/www.suno.com.br\/noticias\/#\/schema\/logo\/image\/\"},\"sameAs\":[\"https:\/\/facebook.com\/sunoresearch\",\"https:\/\/x.com\/sunoresearch\",\"https:\/\/www.instagram.com\/suno\",\"https:\/\/www.linkedin.com\/company\/suno-research\/\",\"https:\/\/www.youtube.com\/c\/sunoresearch\"]},{\"@type\":\"Person\",\"@id\":\"https:\/\/www.suno.com.br\/noticias\/#\/schema\/person\/053a750a709a263919a20f976caae91c\",\"name\":\"Arthur Guimar\u00e3es\",\"image\":{\"@type\":\"ImageObject\",\"inLanguage\":\"pt-BR\",\"@id\":\"https:\/\/www.suno.com.br\/noticias\/#\/schema\/person\/image\/\",\"url\":\"https:\/\/secure.gravatar.com\/avatar\/1affd86a11209ae09eb6dd3bcad3e96c?s=96&r=g\",\"contentUrl\":\"https:\/\/secure.gravatar.com\/avatar\/1affd86a11209ae09eb6dd3bcad3e96c?s=96&r=g\",\"caption\":\"Arthur Guimar\u00e3es\"},\"description\":\"Arthur Guimar\u00e3es escreve sobre pol\u00edtica, economia e neg\u00f3cios para o portal de not\u00edcias da Suno Research. Atualmente, \u00e9 estudante de jornalismo pela Faculdade C\u00e1sper L\u00edbero.\",\"url\":\"https:\/\/www.suno.com.br\/noticias\/author\/arthur-guimaraes\/\"}]}<\/script>\n<!-- \/ Yoast SEO plugin. -->","yoast_head_json":{"title":"Alliar (AALR3) contra-ataca avan\u00e7os de Rede D'Or (RDOR3) e Tanure","description":"Fundadores da Alliar (AALR3) e m\u00e9dicos-s\u00f3cios e administradores passam a deter cerca de 50,2% das a\u00e7\u00f5es ordin\u00e1rias. Clique para saber mais.","robots":{"index":"index","follow":"follow","max-snippet":"max-snippet:-1","max-image-preview":"max-image-preview:large","max-video-preview":"max-video-preview:-1"},"canonical":"https:\/\/www.suno.com.br\/noticias\/alliar-aalr3-contra-ataca-rede-dor-rdor3-tanure\/","og_locale":"pt_BR","og_type":"article","og_title":"Alliar (AALR3) contra-ataca avan\u00e7os de Rede D'Or (RDOR3) e Tanure","og_description":"Fundadores da Alliar (AALR3) e m\u00e9dicos-s\u00f3cios e administradores passam a deter cerca de 50,2% das a\u00e7\u00f5es ordin\u00e1rias. Clique para saber mais.","og_url":"https:\/\/www.suno.com.br\/noticias\/alliar-aalr3-contra-ataca-rede-dor-rdor3-tanure\/","og_site_name":"Suno Not\u00edcias","article_publisher":"https:\/\/facebook.com\/sunoresearch","og_image":[{"width":1200,"height":900,"url":"https:\/\/files.sunoresearch.com.br\/n\/uploads\/2021\/05\/77e42eb6-alliar.jpg","type":"image\/jpeg"}],"author":"Arthur Guimar\u00e3es","twitter_card":"summary_large_image","twitter_creator":"@sunoresearch","twitter_site":"@sunoresearch","twitter_misc":{"Escrito por":"Arthur Guimar\u00e3es","Est. tempo de leitura":"2 minutos"},"schema":{"@context":"https:\/\/schema.org","@graph":[{"@type":"NewsArticle","@id":"https:\/\/www.suno.com.br\/noticias\/alliar-aalr3-contra-ataca-rede-dor-rdor3-tanure\/#article","isPartOf":{"@id":"https:\/\/www.suno.com.br\/noticias\/alliar-aalr3-contra-ataca-rede-dor-rdor3-tanure\/"},"author":{"name":"Arthur Guimar\u00e3es","@id":"https:\/\/www.suno.com.br\/noticias\/#\/schema\/person\/053a750a709a263919a20f976caae91c"},"headline":"Alliar (AALR3): acordo de acionistas det\u00e9m avan\u00e7os da Rede D&#8217;Or (RDOR3) e Tanure","datePublished":"2021-08-20T20:24:27+00:00","dateModified":"2021-08-21T00:41:40+00:00","mainEntityOfPage":{"@id":"https:\/\/www.suno.com.br\/noticias\/alliar-aalr3-contra-ataca-rede-dor-rdor3-tanure\/"},"wordCount":397,"publisher":{"@id":"https:\/\/www.suno.com.br\/noticias\/#organization"},"image":{"@id":"https:\/\/www.suno.com.br\/noticias\/alliar-aalr3-contra-ataca-rede-dor-rdor3-tanure\/#primaryimage"},"thumbnailUrl":"https:\/\/files.sunoresearch.com.br\/n\/uploads\/2021\/05\/77e42eb6-alliar-jpg.webp","keywords":["acordo de acionistas","Alliar (AALR3)","Especialistas","OPA (Oferta P\u00fablica de Aquisi\u00e7\u00e3o)","Rede D'or (RDOR3)"],"articleSection":["Neg\u00f3cios"],"inLanguage":"pt-BR"},{"@type":"WebPage","@id":"https:\/\/www.suno.com.br\/noticias\/alliar-aalr3-contra-ataca-rede-dor-rdor3-tanure\/","url":"https:\/\/www.suno.com.br\/noticias\/alliar-aalr3-contra-ataca-rede-dor-rdor3-tanure\/","name":"Alliar (AALR3) contra-ataca avan\u00e7os de Rede D'Or (RDOR3) e Tanure","isPartOf":{"@id":"https:\/\/www.suno.com.br\/noticias\/#website"},"primaryImageOfPage":{"@id":"https:\/\/www.suno.com.br\/noticias\/alliar-aalr3-contra-ataca-rede-dor-rdor3-tanure\/#primaryimage"},"image":{"@id":"https:\/\/www.suno.com.br\/noticias\/alliar-aalr3-contra-ataca-rede-dor-rdor3-tanure\/#primaryimage"},"thumbnailUrl":"https:\/\/files.sunoresearch.com.br\/n\/uploads\/2021\/05\/77e42eb6-alliar-jpg.webp","datePublished":"2021-08-20T20:24:27+00:00","dateModified":"2021-08-21T00:41:40+00:00","description":"Fundadores da Alliar (AALR3) e m\u00e9dicos-s\u00f3cios e administradores passam a deter cerca de 50,2% das a\u00e7\u00f5es ordin\u00e1rias. Clique para saber mais.","breadcrumb":{"@id":"https:\/\/www.suno.com.br\/noticias\/alliar-aalr3-contra-ataca-rede-dor-rdor3-tanure\/#breadcrumb"},"inLanguage":"pt-BR","potentialAction":[{"@type":"ReadAction","target":["https:\/\/www.suno.com.br\/noticias\/alliar-aalr3-contra-ataca-rede-dor-rdor3-tanure\/"]}]},{"@type":"ImageObject","inLanguage":"pt-BR","@id":"https:\/\/www.suno.com.br\/noticias\/alliar-aalr3-contra-ataca-rede-dor-rdor3-tanure\/#primaryimage","url":"https:\/\/files.sunoresearch.com.br\/n\/uploads\/2021\/05\/77e42eb6-alliar-jpg.webp","contentUrl":"https:\/\/files.sunoresearch.com.br\/n\/uploads\/2021\/05\/77e42eb6-alliar-jpg.webp","width":1200,"height":900,"caption":"Alliar. Foto: Reprodu\u00e7\u00e3o Facebook"},{"@type":"BreadcrumbList","@id":"https:\/\/www.suno.com.br\/noticias\/alliar-aalr3-contra-ataca-rede-dor-rdor3-tanure\/#breadcrumb","itemListElement":[{"@type":"ListItem","position":1,"name":"Not\u00edcias","item":"https:\/\/www.suno.com.br\/noticias\/"},{"@type":"ListItem","position":2,"name":"Neg\u00f3cios","item":"https:\/\/www.suno.com.br\/noticias\/negocios\/"},{"@type":"ListItem","position":3,"name":"Alliar (AALR3): acordo de acionistas det\u00e9m avan\u00e7os da Rede D&#8217;Or (RDOR3) e Tanure"}]},{"@type":"WebSite","@id":"https:\/\/www.suno.com.br\/noticias\/#website","url":"https:\/\/www.suno.com.br\/noticias\/","name":"Suno Not\u00edcias","description":"Seu portal de informa\u00e7\u00e3o sobre o mundo dos investimentos","publisher":{"@id":"https:\/\/www.suno.com.br\/noticias\/#organization"},"potentialAction":[{"@type":"SearchAction","target":{"@type":"EntryPoint","urlTemplate":"https:\/\/www.suno.com.br\/noticias\/?s={search_term_string}"},"query-input":{"@type":"PropertyValueSpecification","valueRequired":true,"valueName":"search_term_string"}}],"inLanguage":"pt-BR"},{"@type":"Organization","@id":"https:\/\/www.suno.com.br\/noticias\/#organization","name":"Suno Not\u00edcias","url":"https:\/\/www.suno.com.br\/noticias\/","logo":{"@type":"ImageObject","inLanguage":"pt-BR","@id":"https:\/\/www.suno.com.br\/noticias\/#\/schema\/logo\/image\/","url":"https:\/\/files.sunoresearch.com.br\/n\/uploads\/2021\/09\/suno-logo.png","contentUrl":"https:\/\/files.sunoresearch.com.br\/n\/uploads\/2021\/09\/suno-logo.png","width":180,"height":180,"caption":"Suno Not\u00edcias"},"image":{"@id":"https:\/\/www.suno.com.br\/noticias\/#\/schema\/logo\/image\/"},"sameAs":["https:\/\/facebook.com\/sunoresearch","https:\/\/x.com\/sunoresearch","https:\/\/www.instagram.com\/suno","https:\/\/www.linkedin.com\/company\/suno-research\/","https:\/\/www.youtube.com\/c\/sunoresearch"]},{"@type":"Person","@id":"https:\/\/www.suno.com.br\/noticias\/#\/schema\/person\/053a750a709a263919a20f976caae91c","name":"Arthur Guimar\u00e3es","image":{"@type":"ImageObject","inLanguage":"pt-BR","@id":"https:\/\/www.suno.com.br\/noticias\/#\/schema\/person\/image\/","url":"https:\/\/secure.gravatar.com\/avatar\/1affd86a11209ae09eb6dd3bcad3e96c?s=96&r=g","contentUrl":"https:\/\/secure.gravatar.com\/avatar\/1affd86a11209ae09eb6dd3bcad3e96c?s=96&r=g","caption":"Arthur Guimar\u00e3es"},"description":"Arthur Guimar\u00e3es escreve sobre pol\u00edtica, economia e neg\u00f3cios para o portal de not\u00edcias da Suno Research. Atualmente, \u00e9 estudante de jornalismo pela Faculdade C\u00e1sper L\u00edbero.","url":"https:\/\/www.suno.com.br\/noticias\/author\/arthur-guimaraes\/"}]}},"default_loop_html":"<div class=\"cardsPage__listCard__boxs\"><div class=\"cardsPage__listCard__boxs__img\"><a href=\"https:\/\/www.suno.com.br\/noticias\/alliar-aalr3-contra-ataca-rede-dor-rdor3-tanure\/\"><img class=\"mask\" src=\"https:\/\/www.suno.com.br\/noticias\/wp-content\/themes\/suno\/resources\/images\/spotlight\/spotlight1img\/bg-mask.png\" alt=\"Image Mask\"\/><img src=\"https:\/\/files.sunoresearch.com.br\/n\/uploads\/2021\/05\/77e42eb6-alliar-400x200.webp\" alt=\"Alliar (AALR3): acordo de acionistas det\u00e9m avan\u00e7os da Rede D&#8217;Or (RDOR3) e Tanure\"\/><\/a><span class=\"spotlightCategory\"><a href=\"https:\/\/www.suno.com.br\/noticias\/negocios\/\">Neg\u00f3cios<\/a><\/span><\/div><div class=\"cardsPage__listCard__boxs__content\"><a href=\"https:\/\/www.suno.com.br\/noticias\/alliar-aalr3-contra-ataca-rede-dor-rdor3-tanure\/\"><h2 class=\"content__title\">Alliar (AALR3): acordo de acionistas det\u00e9m avan\u00e7os da Rede D&#8217;Or (RDOR3) e Tanure<\/h2><\/a><div class=\"newsContent__article__meta\"><div class=\"newsContent__article__meta__authorBox\"><a href=\"https:\/\/www.suno.com.br\/noticias\/author\/arthur-guimaraes\/\" class=\"authorBox__avatar noMobi\"><img src=\"https:\/\/files.sunoresearch.com.br\/n\/uploads\/2020\/02\/dfb40897-eu-150x150.webp\" alt=\"Arthur Guimar\u00e3es\"><\/a><div class=\"authorBox__name\"><span>por\n\t\t\t<a href=\"https:\/\/www.suno.com.br\/noticias\/author\/arthur-guimaraes\/\"><span itemprop=\"author\">Arthur Guimar\u00e3es<\/span><\/a><\/span><time datetime=\"2021-08-20T17:24:27-03:00\" itemprop=\"datePublished\">20\/08\/2021 17:24<\/time><\/div><\/div><\/div><\/div><\/div>","single_layout":"posts","amp_enabled":true,"_links":{"self":[{"href":"https:\/\/www.suno.com.br\/noticias\/wp-json\/wp\/v2\/posts\/177000"}],"collection":[{"href":"https:\/\/www.suno.com.br\/noticias\/wp-json\/wp\/v2\/posts"}],"about":[{"href":"https:\/\/www.suno.com.br\/noticias\/wp-json\/wp\/v2\/types\/post"}],"author":[{"embeddable":true,"href":"https:\/\/www.suno.com.br\/noticias\/wp-json\/wp\/v2\/users\/35"}],"replies":[{"embeddable":true,"href":"https:\/\/www.suno.com.br\/noticias\/wp-json\/wp\/v2\/comments?post=177000"}],"version-history":[{"count":3,"href":"https:\/\/www.suno.com.br\/noticias\/wp-json\/wp\/v2\/posts\/177000\/revisions"}],"predecessor-version":[{"id":177113,"href":"https:\/\/www.suno.com.br\/noticias\/wp-json\/wp\/v2\/posts\/177000\/revisions\/177113"}],"wp:featuredmedia":[{"embeddable":true,"href":"https:\/\/www.suno.com.br\/noticias\/wp-json\/wp\/v2\/media\/151593"}],"wp:attachment":[{"href":"https:\/\/www.suno.com.br\/noticias\/wp-json\/wp\/v2\/media?parent=177000"}],"wp:term":[{"taxonomy":"category","embeddable":true,"href":"https:\/\/www.suno.com.br\/noticias\/wp-json\/wp\/v2\/categories?post=177000"},{"taxonomy":"post_tag","embeddable":true,"href":"https:\/\/www.suno.com.br\/noticias\/wp-json\/wp\/v2\/tags?post=177000"},{"taxonomy":"suno_strategy","embeddable":true,"href":"https:\/\/www.suno.com.br\/noticias\/wp-json\/wp\/v2\/suno_strategy?post=177000"}],"curies":[{"name":"wp","href":"https:\/\/api.w.org\/{rel}","templated":true}]}}