{"id":176923,"date":"2021-08-26T07:40:40","date_gmt":"2021-08-26T10:40:40","guid":{"rendered":"https:\/\/www.suno.com.br\/noticias\/?p=176923"},"modified":"2021-08-26T07:40:40","modified_gmt":"2021-08-26T10:40:40","slug":"selic-prognostico-2022-taxa-juros-bc-bacen","status":"publish","type":"post","link":"https:\/\/www.suno.com.br\/noticias\/selic-prognostico-2022-taxa-juros-bc-bacen\/","title":{"rendered":"Selic em 2022: analistas divergem nas previs\u00f5es; mas elei\u00e7\u00f5es e teto de gastos preocupam todos"},"content":{"rendered":"<p>Com a escalada na <a class=\"suno-keyword\" href=\"https:\/\/www.suno.com.br\/artigos\/juros\/\" target=\"_blank\" rel=\"noopener\" data-force=\"no\" data-priority=\"2\">taxa de juros<\/a> e a alta de um ponto percentual na <strong>Selic<\/strong> na \u00faltima reuni\u00e3o do <a class=\"suno-keyword\" href=\"https:\/\/www.suno.com.br\/artigos\/copom\/\" target=\"_blank\" rel=\"noopener noreferrer\" data-force=\"no\" data-priority=\"2\">Comit\u00ea de Pol\u00edtica Monet\u00e1ria (Copom)<\/a>, para 5,25% ao ano, \u00e9 praticamente certo que o Banco Central manter\u00e1 uma postura cada vez mais austera na pol\u00edtica econ\u00f4mica neste segundo semestre de 2021. Ou seja, vai seguir uma abordagem <em>hawkish<\/em>. termo utilizado para descrever condu\u00e7\u00e3o mais r\u00edgida, pautada por juros mais altos, de controle da infla\u00e7\u00e3o e com sacrif\u00edcio na trajet\u00f3ria do crescimento econ\u00f4mico.<\/p>\t<div class=\"wrapper-featured-image\">\n\t\t<figure class=\"spotlightImg\">\n\n\t\t\t<picture>\n\t\t\t\t<source media=\"(max-width: 768px)\" srcset=\"https:\/\/files.sunoresearch.com.br\/n\/uploads\/2021\/08\/35aaeda8-presidente-do-banco-central-roberto-campos-neto-discursa-durante-cerimonia-de-sancao-da-lei-da-autonomia-do-banco-central-400x200.jpg\">\n\t\t\t\t<img loading=\"lazy\" decoding=\"async\" class=\"newsContent__article__imgCapa lazyloadDisabled \" src=\"https:\/\/files.sunoresearch.com.br\/n\/uploads\/2021\/08\/35aaeda8-presidente-do-banco-central-roberto-campos-neto-discursa-durante-cerimonia-de-sancao-da-lei-da-autonomia-do-banco-central-800x450.jpg\" width=\"800\" height=\"450\" alt=\"Selic em 2022: analistas divergem nas previs\u00f5es; mas elei\u00e7\u00f5es e teto de gastos preocupam todos\" fetchpriority=high \/>\n\t\t\t<\/picture>\n\n\t\t\t<figcaption class=\"wp-caption-text wp-caption-text--show\">Estimativas s\u00e3o de que os juros terminem o ano de 2021 acima de 8% ao ano - Foto: Fabio Rodrigues Pozzebom Ag\u00eancia Brasil <\/figcaption>\n\t\t<\/figure>\n\t<\/div>\n\n\n<p>O Copom sinalizou esse caminho <a href=\"https:\/\/www.suno.com.br\/noticias\/copom-eleva-selic-525\/\">no \u00faltimo comunicado<\/a> e na <a href=\"https:\/\/www.suno.com.br\/noticias\/ata-do-copom-retomada-economia-segundo-semestre\/\">ata do comit\u00ea<\/a>, divulgada em 10 de agosto. Mas e para 2022? Qual deve ser a orienta\u00e7\u00e3o do BC em rela\u00e7\u00e3o \u00e0 <strong>taxa Selic<\/strong>? Analistas preveem um cen\u00e1rio de indefini\u00e7\u00f5es, o que indica novas altas no pr\u00f3ximo ano.<\/p>\n\t<p>\n\t\t<a href=\"https:\/\/lp.suno.com.br\/planilha-controle-gastos\/\" target=\"_blank\" data-element=\"shortcode-suno-banner\" title=\"Banner SUNO, clique e saiba mais\">\n\t\t\t<picture>\n\t\t\t\t<source media=\"(max-width: 500px)\" srcset=\"https:\/\/files.sunoresearch.com.br\/n\/uploads\/2023\/03\/400x300-Planilha-controle-de-gastos.png\">\n\t\t\t\t<img class=\"newsContent__article__imgCapa newsContent__article__imgCapa--banner\"\n\t\t\t\t\tsrc=\"https:\/\/files.sunoresearch.com.br\/n\/uploads\/2023\/03\/1420x240-Planilha-controle-de-gastos.png\"\n\t\t\t\t\tdata-promo-id=\"101751\"\t\t\t\t\t\t\t\t\t\twidth='1420' height='240'\t\t\t\t\talt=\"https:\/\/files.sunoresearch.com.br\/n\/uploads\/2023\/03\/1420x240-Planilha-controle-de-gastos.png\"\n\t\t\t\t>\n\t\t\t<\/picture>\n\t\t<\/a>\n\t<\/p>\n\n\n<p>As incertezas em torno da <strong>Selic <\/strong>ao longo do pr\u00f3ximo ano incluem, al\u00e9m da infla\u00e7\u00e3o, elei\u00e7\u00f5es, risco fiscal e influ\u00eancia externa\u00a0 &#8212; tudo isso com perspectivas ainda nebulosas sobre o fim da pandemia, tendo a variante delta ainda no radar e retomada econ\u00f4mica imprevis\u00edvel.<\/p>\n<p>A expectativa \u00e9 de que a curva se mantenha apontando para cima, com <strong>taxa<\/strong> <strong>de<\/strong> <strong>juros<\/strong> de 7,5% ao ano at\u00e9 o fim de 2021. O Boletim Focus, divulgado pelo BC nesta segunda (23),\u00a0 <a class=\"suno-keyword\" href=\"https:\/\/www.suno.com.br\/artigos\/taxa-basica-de-juros\/\" target=\"_blank\" rel=\"noopener noreferrer\" data-force=\"no\" data-priority=\"1\">manteve a sua <strong>previs\u00e3o para Selic<\/strong><\/a> em 7,50% para 2021, embora h\u00e1 um m\u00eas a proje\u00e7\u00e3o estivesse em 7%.<\/p>\n<p>Ainda assim, em 2022, dizem os analistas, pode at\u00e9 ocorrer uma estabiliza\u00e7\u00e3o da taxa de juros, com poucas altas, a depender do cen\u00e1rio.<\/p>\n<h2>Cortes na taxa em 2022? Pouco prov\u00e1veis<\/h2>\n<p>Na vis\u00e3o de Igor Barenboim, s\u00f3cio e economista chefe da Reach Capital, os juros tendem a ficar no mesmo patamar no ano que vem, sem chances de cortes ou eleva\u00e7\u00f5es abruptas.<\/p>\n<p>&#8220;Temos muitas pe\u00e7as se movendo, deixando o leque de sa\u00eddas muito restrito e dif\u00edcil. Como o cen\u00e1rio tamb\u00e9m conta com elei\u00e7\u00e3o, as incertezas dominam o horizonte. Para complicar, h\u00e1 a <strong><a href=\"https:\/\/www.suno.com.br\/noticias\/crise-hidrica-pressionara-inflacao-diz-presidente-do-bc\/\">crise h\u00eddrica<\/a> <\/strong>pressionando a infla\u00e7\u00e3o, combina\u00e7\u00e3o que n\u00e3o deve sair do notici\u00e1rio t\u00e3o cedo. Depois que terminarmos o ciclo de alta este ano, acho que se tem pouco espa\u00e7o para corte de <strong>juros<\/strong> em 2022&#8243;, analisa.<\/p>\n\n\t<div data-element=\"shortcode-read-more\" class=\"readToo\">\n\t\t\t\t<span class=\"readToo__title\">Leia mais<\/span>\n\t\t\t\t<ul class=\"readToo__list\">\n\t\t\t<li><a href=\"https:\/\/www.suno.com.br\/noticias\/selic-pressionando-ifix\/\">Escalada da Selic ou uma poss\u00edvel volta da tributa\u00e7\u00e3o: o que vem derrubando o IFIX?<\/a><\/li><li><a href=\"https:\/\/www.suno.com.br\/noticias\/boletim-focus-eleva-projecao-do-ipca-para-705-e-selic-para-750\/\">Boletim Focus eleva proje\u00e7\u00e3o do IPCA para 7,05% e Selic para 7,50%<\/a><\/li>\t\t<\/ul>\n\t<\/div>\n\n\n<p>Na <strong>expectativa para a Selic<\/strong>, Yuri Cavalcante, s\u00f3cio e <a class=\"suno-keyword\" href=\"https:\/\/www.suno.com.br\/artigos\/assessor-de-investimentos\/\" target=\"_blank\" rel=\"noopener\" data-force=\"no\" data-priority=\"1\">assessor de investimentos<\/a> da Aplix, faz uma previs\u00e3o semelhante. Em um cen\u00e1rio com condi\u00e7\u00f5es normais de temperatura e press\u00e3o, a taxa deve se manter est\u00e1vel em 2022, mas qualquer adversidade pode colocar o cen\u00e1rio em cheque.<\/p>\n<p>&#8220;Tentar acertar o n\u00famero da taxa em um cen\u00e1rio turbulento \u00e9 praticamente imposs\u00edvel. Mas em um cen\u00e1rio complicado de <strong>elei\u00e7\u00f5es<\/strong>, por exemplo, ter\u00edamos um aumento da taxa de juros para tentar equilibrar esse vi\u00e9s de risco. O principal ponto \u00e9 a quest\u00e3o do <a class=\"suno-keyword\" href=\"https:\/\/www.suno.com.br\/artigos\/teto-de-gastos\/\" target=\"_blank\" rel=\"noopener\" data-force=\"no\" data-priority=\"1\">teto de gastos<\/a>. \u00c9 importante a discuss\u00e3o de como v\u00e3o ser financiados alguns programas sociais como o Aux\u00edlio Brasil [novo Bolsa Fam\u00edlia]. Isso deve ser a principal preocupa\u00e7\u00e3o&#8221;, afirma.<\/p>\n<h2>Escalada tamb\u00e9m \u00e9 fruto de baixa hist\u00f3rica da Selic<\/h2>\n<p>Em 2020, em decorr\u00eancia da pandemia, o <strong>Bacen<\/strong> reduziu a Selic para os menores n\u00edveis da hist\u00f3rica, a 2% ao ano, em uma postura <em>dovish<\/em> &#8211; respondendo \u00e0 crise sanit\u00e1ria e estimulando o consumo. Mas os movimentos da institui\u00e7\u00e3o foram, de acordo com os economistas, em algum n\u00edvel respons\u00e1veis pela infla\u00e7\u00e3o atual, considerada exorbitante.<\/p>\n<p>O \u00cdndice Nacional de Pre\u00e7os ao Consumidor Amplo 15 (IPCA-15), pr\u00e9via da <a class=\"suno-keyword\" href=\"https:\/\/www.suno.com.br\/artigos\/inflacao\/\" target=\"_blank\" rel=\"noopener\" data-force=\"no\" data-priority=\"2\"><strong>infla\u00e7\u00e3o<\/strong>\u00a0oficial<\/a>, registrou alta de pre\u00e7os de 0,89% em agosto. A taxa \u00e9 superior ao 0,72% de julho deste ano e a maior varia\u00e7\u00e3o para um m\u00eas<span id=\"OBJ_PREFIX_DWT2685_com_zimbra_date\" role=\"link\">\u00a0de agosto<\/span>\u00a0desde 2002 (1%).<img decoding=\"async\" class=\" lazyloaded\" src=\"https:\/\/agenciabrasil.ebc.com.br\/ebc.png?id=1419445&amp;o=rss\" data-src=\"https:\/\/agenciabrasil.ebc.com.br\/ebc.png?id=1419445&amp;o=rss\" \/><img decoding=\"async\" class=\" lazyloaded\" src=\"https:\/\/agenciabrasil.ebc.com.br\/ebc.gif?id=1419445&amp;o=rss\" data-src=\"https:\/\/agenciabrasil.ebc.com.br\/ebc.gif?id=1419445&amp;o=rss\" \/><\/p>\n<p align=\"left\">O\u00a0<strong>IPCA-15<\/strong>\u00a0acumula taxas de infla\u00e7\u00e3o de 5,81% no ano e de 9,30% em 12 meses, segundo dados divulgados\u00a0<span id=\"OBJ_PREFIX_DWT2686_com_zimbra_date\" role=\"link\">na quarta<\/span> (25) pelo Instituto Brasileiro de Geografia e Estat\u00edstica (IBGE). Ao menos quatro capitais est\u00e3o com alta em dois d\u00edgitos: Porto Alegre (10,37%), Goi\u00e2nia (10,67%), Fortaleza (11,37%) e Curitiba (11,43%)<\/p>\n<p>Alguns economistas preferem poupar cr\u00edticas ao <strong>BC<\/strong> em raz\u00e3o da total instabilidade do cen\u00e1rio. &#8220;Cavalo corrido \u00e9 f\u00e1cil de falar. Ningu\u00e9m tem d\u00favida que deu errado, j\u00e1 que agora a <strong>infla\u00e7\u00e3o<\/strong> se mostra cada vez mais elevada. Em 2020, eu dizia que n\u00e3o daria para baixar tanto a taxa&#8221;, afirma Barenboim, da Reach.<\/p>\n\t<p>\n\t\t<a href=\"https:\/\/lp.suno.com.br\/planilha-da-vida-financeira\/\" target=\"_blank\" data-element=\"shortcode-suno-banner\" title=\"Banner SUNO, clique e saiba mais\">\n\t\t\t<picture>\n\t\t\t\t<source media=\"(max-width: 500px)\" srcset=\"https:\/\/files.sunoresearch.com.br\/n\/uploads\/2023\/04\/400x300-Planilha-vida-financeira-true.png\">\n\t\t\t\t<img class=\"newsContent__article__imgCapa newsContent__article__imgCapa--banner\"\n\t\t\t\t\tsrc=\"https:\/\/files.sunoresearch.com.br\/n\/uploads\/2023\/04\/1420x240-Planilha-vida-financeira-true.png\"\n\t\t\t\t\tdata-promo-id=\"106682\"\t\t\t\t\t\t\t\t\t\twidth='1420' height='240'\t\t\t\t\talt=\"https:\/\/files.sunoresearch.com.br\/n\/uploads\/2023\/04\/1420x240-Planilha-vida-financeira-true.png\"\n\t\t\t\t>\n\t\t\t<\/picture>\n\t\t<\/a>\n\t<\/p>\n\n\n<p>A infla\u00e7\u00e3o, atualmente, segue em escalada. O <a href=\"https:\/\/www.suno.com.br\/artigos\/ipca\">\u00cdndice de Pre\u00e7os ao Consumidor Amplo (<strong>IPCA<\/strong><\/a>), teve varia\u00e7\u00e3o de 0,96% de alta no dado reportado em 10 de agosto e referente ao m\u00eas de julho, n\u00famero novamente mais alto das expectativas do mercado.<\/p>\n<p>A alta em quest\u00e3o foi a maior desde 2002, se considerarmos somente o m\u00eas de julho. Com isso, o anualizado do \u00edndice j\u00e1 apresenta um crescimento de 8,99% no anualizado.<\/p>\n<figure id=\"attachment_178089\" aria-describedby=\"caption-attachment-178089\" style=\"width: 1800px\" class=\"wp-caption aligncenter\"><img loading=\"lazy\" decoding=\"async\" class=\"size-full wp-image-178089\" src=\"https:\/\/storage.googleapis.com\/wp-noticias\/2021\/08\/7a5fa19c-ipca-ibge.png\" alt=\"Escalada do IPCA surpreendeu negativamente o mercado - Gr\u00e1fico: IBGE\" width=\"1800\" height=\"916\" srcset=\"https:\/\/files.sunoresearch.com.br\/n\/uploads\/2021\/08\/7a5fa19c-ipca-ibge.png 1800w, https:\/\/files.sunoresearch.com.br\/n\/uploads\/2021\/08\/7a5fa19c-ipca-ibge-300x153.png 300w, https:\/\/files.sunoresearch.com.br\/n\/uploads\/2021\/08\/7a5fa19c-ipca-ibge-1024x521.png 1024w, https:\/\/files.sunoresearch.com.br\/n\/uploads\/2021\/08\/7a5fa19c-ipca-ibge-768x391.png 768w, https:\/\/files.sunoresearch.com.br\/n\/uploads\/2021\/08\/7a5fa19c-ipca-ibge-1536x782.png 1536w, https:\/\/files.sunoresearch.com.br\/n\/uploads\/2021\/08\/7a5fa19c-ipca-ibge-150x76.png 150w\" sizes=\"(max-width: 1800px) 100vw, 1800px\" \/><figcaption id=\"caption-attachment-178089\" class=\"wp-caption-text\">Escalada do IPCA surpreendeu negativamente o mercado &#8211; Gr\u00e1fico: IBGE<\/figcaption><\/figure>\n<p>&#8220;Eu entendo que o melhor cen\u00e1rio, e poss\u00edvel, \u00e9 de alguma desacelera\u00e7\u00e3o. Esses choques tempor\u00e1rios n\u00e3o devem se materializar na mesma intensidade no ano que vem. A infla\u00e7\u00e3o, acima da <strong>meta<\/strong> <strong>do<\/strong> <strong>Banco<\/strong> <strong>Central<\/strong> e maior que a dos anos anteriores, pode retroceder em rela\u00e7\u00e3o a este ano, com o avan\u00e7o da vacina\u00e7\u00e3o e retomada da economia com o fim das medidas de restri\u00e7\u00e3o&#8221;, analisa Jos\u00e9 Mauro Delella, consultor da Alta Vista investimentos.<\/p>\n<h2>Santander v\u00ea 6,25% em setembro<\/h2>\n<p>Em relat\u00f3rio publicado no in\u00edcio de agosto, o <a class=\"suno-keyword\" href=\"https:\/\/www.suno.com.br\/acoes\/SANB11\/\" target=\"_blank\" rel=\"noopener\" data-force=\"yes\" data-priority=\"2\"><strong>Santander<\/strong> (SANB11) <\/a>mostra uma <strong>expectativa para os juros<\/strong> dentro do consenso, com Selic a 7,5% no final deste ano, caindo para 7% apenas em 2023, quando o banco prev\u00ea que o IPCA fique na meta intermedi\u00e1ria.<\/p>\n<p>&#8220;<a href=\"https:\/\/www.suno.com.br\/artigos\/politica-monetaria\">Ao nosso ver, uma resposta mais <strong><em>hawkish<\/em> <\/strong>do BCB<\/a>, principalmente o sinal de um maior ajuste total da taxa de juros neste ciclo (ou seja, alcan\u00e7ando um panorama contracionista agora), era garantido. Acreditamos que esta \u00e9 a melhor resposta para as crescentes press\u00f5es inflacion\u00e1rias. Continuamos esperando nova alta da Selic de 100 bps. <em>basic points<\/em> (para 6,25%), em setembro e consequente movimento de 75 bps em outubro&#8221;, diz o time de an\u00e1lise.<\/p>\n<figure id=\"attachment_178085\" aria-describedby=\"caption-attachment-178085\" style=\"width: 923px\" class=\"wp-caption aligncenter\"><img loading=\"lazy\" decoding=\"async\" class=\"size-full wp-image-178085\" src=\"https:\/\/storage.googleapis.com\/wp-noticias\/2021\/08\/763a1689-reunioes-selic-bc.png\" alt=\"Ajustes da Selic nas reuni\u00f5es mais recentes do Copom - Tabela: Banco Central do Brasil\" width=\"923\" height=\"456\" srcset=\"https:\/\/files.sunoresearch.com.br\/n\/uploads\/2021\/08\/763a1689-reunioes-selic-bc.png 923w, https:\/\/files.sunoresearch.com.br\/n\/uploads\/2021\/08\/763a1689-reunioes-selic-bc-300x148.png 300w, https:\/\/files.sunoresearch.com.br\/n\/uploads\/2021\/08\/763a1689-reunioes-selic-bc-768x379.png 768w, https:\/\/files.sunoresearch.com.br\/n\/uploads\/2021\/08\/763a1689-reunioes-selic-bc-150x74.png 150w\" sizes=\"(max-width: 923px) 100vw, 923px\" \/><figcaption id=\"caption-attachment-178085\" class=\"wp-caption-text\">Ajustes da Selic nas reuni\u00f5es mais recentes do Copom &#8211; Tabela: Banco Central do Brasil<\/figcaption><\/figure>\n<p>Al\u00e9m disso, os analistas ressaltam que incorporam aos estudos &#8220;um \u00faltimo movimento de 50 bps em dezembro na linha de base cen\u00e1rio&#8221;, o que eleva a previs\u00e3o da Selic ainda em 2021 de 7% para 7,5%.<\/p>\n<h2>Fed \u00e9 uma pe\u00e7a pesada no tabuleiro<\/h2>\n<p>No radar e nas discuss\u00f5es do mercado a cada reuni\u00e3o do Copom, as decis\u00f5es do <a class=\"suno-keyword\" href=\"https:\/\/www.suno.com.br\/artigos\/fed\/\" target=\"_blank\" rel=\"noopener\" data-force=\"no\" data-priority=\"2\">Federal Reserve (<strong>Fed<\/strong>)<\/a> tamb\u00e9m s\u00e3o um grande norte para os analistas. O banco americano encontra-se em situa\u00e7\u00e3o parecida com a do Brasil, guardadas as propor\u00e7\u00f5es, por causa do panorama p\u00f3s-covid, mas lida com um risco fiscal menor e um passado com juros mais est\u00e1veis &#8211; baixos, por\u00e9m seguindo a naturalidade.<\/p>\n<p>&#8220;Quando olhamos para bancos centrais exteriores, vemos BCs menos expansionistas. N\u00e3o vejo decis\u00f5es semelhantes \u00e0s que s\u00e3o tomadas pelo Bacen no Brasil. Aqui, nos antecipamos ao processo de crescimento inflacion\u00e1rios. O Brasil foi um dos primeiros a subir juros. O Fed ainda est\u00e1 dando sinais de que vai come\u00e7ar com o tappering&#8221;, cita Delella.<\/p>\n\t<p>\n\t\t<a href=\"https:\/\/lp.suno.com.br\/ebook-como-analisar-uma-acao\/\" target=\"_blank\" data-element=\"shortcode-suno-banner\" title=\"Banner SUNO, clique e saiba mais\">\n\t\t\t<picture>\n\t\t\t\t<source media=\"(max-width: 500px)\" srcset=\"https:\/\/files.sunoresearch.com.br\/n\/uploads\/2023\/03\/Ebook-Acoes-Mobile-1.jpg\">\n\t\t\t\t<img class=\"newsContent__article__imgCapa newsContent__article__imgCapa--banner\"\n\t\t\t\t\tsrc=\"https:\/\/files.sunoresearch.com.br\/n\/uploads\/2023\/03\/Ebook-Acoes-Desktop-1.jpg\"\n\t\t\t\t\tdata-promo-id=\"171998\"\t\t\t\t\t\t\t\t\t\twidth='1420' height='286'\t\t\t\t\talt=\"https:\/\/files.sunoresearch.com.br\/n\/uploads\/2023\/03\/Ebook-Acoes-Desktop-1.jpg\"\n\t\t\t\t>\n\t\t\t<\/picture>\n\t\t<\/a>\n\t<\/p>\n\n\n<p>Al\u00e9m do risco fiscal e das elei\u00e7\u00f5es, alguns analistas veem uma possibilidade de influ\u00eancia das decis\u00f5es em solo americano &#8212; considerando que a discuss\u00e3o da natureza da infla\u00e7\u00e3o \u00e9 praticamente igual \u00e0 que \u00e9 feita aqui. O grande ponto \u00e9 se a infla\u00e7\u00e3o vista \u00e9 <strong>tempor\u00e1ria<\/strong> ou <strong>permanente<\/strong>.<\/p>\n<p>&#8220;\u00c9 algo a se observar e acho que em geral o mercado tem dado muito pouco peso para isso. Assim como no Brasil, existe esse debate se a infla\u00e7\u00e3o tem car\u00e1ter permanente ou n\u00e3o. Os mercados n\u00e3o se estressaram em virtude da sinaliza\u00e7\u00e3o do Fed e a popula\u00e7\u00e3o ainda acredita no car\u00e1ter da infla\u00e7\u00e3o como fruto da pandemia. Por\u00e9m, h\u00e1 uma pequena probabilidade de essa infla\u00e7\u00e3o ser mais acentuada e at\u00e9 permanente &#8211; e esse foi o justamente o tom da \u00faltima <a href=\"https:\/\/www.suno.com.br\/noticias\/preco-commodities-desaba-fomc-incertas\/\">reuni\u00e3o do <strong>Fomc<\/strong><\/a>&#8220;, afirma Jo\u00e3o Beck, especialista em investimentos e s\u00f3cio da BRA, escrit\u00f3rio vinculado \u00e0 XP.<\/p>\n<h2>O investidor e a alta da Selic<\/h2>\n<p>Outro debate frequentemente levantado com a escalada dos juros \u00e9 a mudan\u00e7a na estrat\u00e9gia de investimentos, visando mais ativos de <a class=\"suno-keyword\" href=\"https:\/\/www.suno.com.br\/artigos\/investimento-renda-fixa\/\" target=\"_blank\" rel=\"noopener\" data-force=\"no\" data-priority=\"2\">renda fixa<\/a> &#8211; considerando que juros baixos tendem a estimular atratividade da <strong>bolsa<\/strong>.<\/p>\n<p>&#8220;Quando olhamos pre\u00e7os hist\u00f3ricos e estudamos mercados de a\u00e7\u00f5es, vemos que a Selic ainda est\u00e1 <strong>relativamente baixa<\/strong> em um contexto mais abrangente. Ainda teremos um segundo semestre n\u00e3o t\u00e3o f\u00e1cil. Aproveitamos a escalada dos juros para olhar com mais carinho para ativos vinculados ao IPCA&#8221;, ressalta Cavalcante, da Aplix.<\/p>\n<p>Por outro lado, a tend\u00eancia de o mercado se antecipar aos eventos da economia pode denotar uma precifica\u00e7\u00e3o j\u00e1 vista nos ativos. Apesar de a temporada de balan\u00e7os ter superado as expectativas das corretoras, o <strong>Ibovespa<\/strong> ainda segue em patamares abaixo dos vistos em junho, quanto atingiu sua m\u00e1xima hist\u00f3rica.<\/p>\n<p>Esse fen\u00f4meno \u00e9 um dos argumentos de quem acredita que a <strong>Selic em 2021<\/strong> j\u00e1 se encontra <strong>precificada<\/strong>.<\/p>\n<p>&#8220;Vejo mudan\u00e7as nos produtos de investimentos. Isso ocorre naturalmente, em decorr\u00eancia do <a class=\"suno-keyword\" href=\"https:\/\/www.suno.com.br\/artigos\/custo-oportunidade\/\" target=\"_blank\" rel=\"noopener\" data-force=\"no\" data-priority=\"1\">custo de oportunidade<\/a>. Contudo, os contratos de <a class=\"suno-keyword\" href=\"https:\/\/www.suno.com.br\/artigos\/di-futuro\/\" target=\"_blank\" rel=\"noopener\" data-force=\"no\" data-priority=\"1\">DI futuro<\/a> j\u00e1 precificam esse cen\u00e1rio de <strong>Selic<\/strong> alta &#8212; em alguns t\u00edtulos isso j\u00e1 est\u00e1 muito evidente. A poss\u00edvel debandada da bolsa j\u00e1 chegou a ocorrer. Independente da queda do Ibovespa, tem de se pensar que a bolsa fica na m\u00e9dia de 120 mil, mas os balan\u00e7os empregam um lucro relevantemente maior do que o per\u00edodo pr\u00e9-covid. Esse peso na bolsa j\u00e1 ocorre: era para estar na casa dos 150 mil, se n\u00e3o fosse a escalada dos juros&#8221;, ressalta Beck.<\/p>\n<p>A bolsa deve voltar a ganhar mais for\u00e7a com uma <strong>Selic<\/strong> est\u00e1vel em 2022. Esse \u00e9 o cen\u00e1rio mais prov\u00e1vel que o investidor pode aguardar, dizem os especialistas.<\/p>\n\t<p>\n\t\t<a href=\"https:\/\/lp.suno.com.br\/planilha-de-controle-de-investimentos\/\" target=\"_blank\" data-element=\"shortcode-suno-banner\" title=\"Banner SUNO, clique e saiba mais\">\n\t\t\t<picture>\n\t\t\t\t<source media=\"(max-width: 500px)\" srcset=\"https:\/\/files.sunoresearch.com.br\/n\/uploads\/2023\/03\/400x300-Controle-de-Investimentos.png\">\n\t\t\t\t<img class=\"newsContent__article__imgCapa newsContent__article__imgCapa--banner\"\n\t\t\t\t\tsrc=\"https:\/\/files.sunoresearch.com.br\/n\/uploads\/2023\/03\/1420x240-Controle-de-Investimentos.png\"\n\t\t\t\t\tdata-promo-id=\"75934\"\t\t\t\t\t\t\t\t\t\twidth='1420' height='240'\t\t\t\t\talt=\"https:\/\/files.sunoresearch.com.br\/n\/uploads\/2023\/03\/1420x240-Controle-de-Investimentos.png\"\n\t\t\t\t>\n\t\t\t<\/picture>\n\t\t<\/a>\n\t<\/p>\n\n\n","protected":false},"excerpt":{"rendered":"<p>Com a escalada na taxa de juros e a alta de um ponto percentual na Selic na \u00faltima reuni\u00e3o do Comit\u00ea de Pol\u00edtica Monet\u00e1ria (Copom), para 5,25% ao ano, \u00e9 praticamente certo que o Banco Central manter\u00e1 uma postura cada vez mais austera na pol\u00edtica econ\u00f4mica neste segundo semestre de 2021. Ou seja, vai seguir [&hellip;]<\/p>\n","protected":false},"author":73,"featured_media":176989,"comment_status":"closed","ping_status":"closed","sticky":false,"template":"","format":"standard","meta":[],"categories":[62],"tags":[1842,863,105815,776,721,850,966,2197,1113,1752,290],"suno_strategy":[],"class_list":["post-176923","post","type-post","status-publish","format-standard","has-post-thumbnail","hentry","category-economia","tag-banco-central-bc","tag-banco-central-europeu-bce","tag-especial","tag-federal-reseve-fed","tag-ibovespa","tag-inflacao","tag-ipca","tag-juros-futuros","tag-roberto-campos-neto","tag-taxa-de-juros","tag-taxa-selic"],"yoast_head":"<!-- This site is optimized with the Yoast SEO plugin v24.4 - https:\/\/yoast.com\/wordpress\/plugins\/seo\/ -->\n<title>Selic em 2022: Analistas divergem em previs\u00e3o e citam elei\u00e7\u00f5es e teto<\/title>\n<meta name=\"description\" content=\"Ap\u00f3s deixar a Selic no menor n\u00edvel da hist\u00f3ria, Banco Central demonstra escalada dos juros acima do esperado. Clique aqui e leia mais.\" \/>\n<meta name=\"robots\" content=\"index, follow, max-snippet:-1, max-image-preview:large, max-video-preview:-1\" \/>\n<link rel=\"canonical\" href=\"https:\/\/www.suno.com.br\/noticias\/selic-prognostico-2022-taxa-juros-bc-bacen\/\" \/>\n<meta property=\"og:locale\" content=\"pt_BR\" \/>\n<meta property=\"og:type\" content=\"article\" \/>\n<meta property=\"og:title\" content=\"Selic em 2022: Analistas divergem em previs\u00e3o e citam elei\u00e7\u00f5es e teto\" \/>\n<meta property=\"og:description\" content=\"Ap\u00f3s deixar a Selic no menor n\u00edvel da hist\u00f3ria, Banco Central demonstra escalada dos juros acima do esperado. Clique aqui e leia mais.\" \/>\n<meta property=\"og:url\" content=\"https:\/\/www.suno.com.br\/noticias\/selic-prognostico-2022-taxa-juros-bc-bacen\/\" \/>\n<meta property=\"og:site_name\" content=\"Suno Not\u00edcias\" \/>\n<meta property=\"article:publisher\" content=\"https:\/\/facebook.com\/sunoresearch\" \/>\n<meta property=\"og:image\" content=\"https:\/\/files.sunoresearch.com.br\/n\/uploads\/2021\/08\/35aaeda8-presidente-do-banco-central-roberto-campos-neto-discursa-durante-cerimonia-de-sancao-da-lei-da-autonomia-do-banco-central-scaled.jpg\" \/>\n\t<meta property=\"og:image:width\" content=\"2560\" \/>\n\t<meta property=\"og:image:height\" content=\"1707\" \/>\n\t<meta property=\"og:image:type\" content=\"image\/jpeg\" \/>\n<meta name=\"author\" content=\"Eduardo Vargas\" \/>\n<meta name=\"twitter:card\" content=\"summary_large_image\" \/>\n<meta name=\"twitter:creator\" content=\"@sunoresearch\" \/>\n<meta name=\"twitter:site\" content=\"@sunoresearch\" \/>\n<meta name=\"twitter:label1\" content=\"Escrito por\" \/>\n\t<meta name=\"twitter:data1\" content=\"Eduardo Vargas\" \/>\n\t<meta name=\"twitter:label2\" content=\"Est. tempo de leitura\" \/>\n\t<meta name=\"twitter:data2\" content=\"8 minutos\" \/>\n<script type=\"application\/ld+json\" class=\"yoast-schema-graph\">{\"@context\":\"https:\/\/schema.org\",\"@graph\":[{\"@type\":\"NewsArticle\",\"@id\":\"https:\/\/www.suno.com.br\/noticias\/selic-prognostico-2022-taxa-juros-bc-bacen\/#article\",\"isPartOf\":{\"@id\":\"https:\/\/www.suno.com.br\/noticias\/selic-prognostico-2022-taxa-juros-bc-bacen\/\"},\"author\":{\"name\":\"Eduardo Vargas\",\"@id\":\"https:\/\/www.suno.com.br\/noticias\/#\/schema\/person\/7f4d362bf3518e76090143ae77bb49a5\"},\"headline\":\"Selic em 2022: analistas divergem nas previs\u00f5es; mas elei\u00e7\u00f5es e teto de gastos preocupam todos\",\"datePublished\":\"2021-08-26T10:40:40+00:00\",\"mainEntityOfPage\":{\"@id\":\"https:\/\/www.suno.com.br\/noticias\/selic-prognostico-2022-taxa-juros-bc-bacen\/\"},\"wordCount\":1731,\"publisher\":{\"@id\":\"https:\/\/www.suno.com.br\/noticias\/#organization\"},\"image\":{\"@id\":\"https:\/\/www.suno.com.br\/noticias\/selic-prognostico-2022-taxa-juros-bc-bacen\/#primaryimage\"},\"thumbnailUrl\":\"https:\/\/files.sunoresearch.com.br\/n\/uploads\/2021\/08\/35aaeda8-presidente-do-banco-central-roberto-campos-neto-discursa-durante-cerimonia-de-sancao-da-lei-da-autonomia-do-banco-central-scaled.jpg\",\"keywords\":[\"Banco Central (BC)\",\"Banco Central Europeu (BCE)\",\"Especiais\",\"Federal Reserve (FED)\",\"Ibovespa\",\"infla\u00e7\u00e3o\",\"IPCA\",\"juros futuros\",\"Roberto Campos Neto\",\"taxa de juros\",\"Taxa Selic\"],\"articleSection\":[\"Economia\"],\"inLanguage\":\"pt-BR\"},{\"@type\":\"WebPage\",\"@id\":\"https:\/\/www.suno.com.br\/noticias\/selic-prognostico-2022-taxa-juros-bc-bacen\/\",\"url\":\"https:\/\/www.suno.com.br\/noticias\/selic-prognostico-2022-taxa-juros-bc-bacen\/\",\"name\":\"Selic em 2022: Analistas divergem em previs\u00e3o e citam elei\u00e7\u00f5es e teto\",\"isPartOf\":{\"@id\":\"https:\/\/www.suno.com.br\/noticias\/#website\"},\"primaryImageOfPage\":{\"@id\":\"https:\/\/www.suno.com.br\/noticias\/selic-prognostico-2022-taxa-juros-bc-bacen\/#primaryimage\"},\"image\":{\"@id\":\"https:\/\/www.suno.com.br\/noticias\/selic-prognostico-2022-taxa-juros-bc-bacen\/#primaryimage\"},\"thumbnailUrl\":\"https:\/\/files.sunoresearch.com.br\/n\/uploads\/2021\/08\/35aaeda8-presidente-do-banco-central-roberto-campos-neto-discursa-durante-cerimonia-de-sancao-da-lei-da-autonomia-do-banco-central-scaled.jpg\",\"datePublished\":\"2021-08-26T10:40:40+00:00\",\"description\":\"Ap\u00f3s deixar a Selic no menor n\u00edvel da hist\u00f3ria, Banco Central demonstra escalada dos juros acima do esperado. Clique aqui e leia mais.\",\"breadcrumb\":{\"@id\":\"https:\/\/www.suno.com.br\/noticias\/selic-prognostico-2022-taxa-juros-bc-bacen\/#breadcrumb\"},\"inLanguage\":\"pt-BR\",\"potentialAction\":[{\"@type\":\"ReadAction\",\"target\":[\"https:\/\/www.suno.com.br\/noticias\/selic-prognostico-2022-taxa-juros-bc-bacen\/\"]}]},{\"@type\":\"ImageObject\",\"inLanguage\":\"pt-BR\",\"@id\":\"https:\/\/www.suno.com.br\/noticias\/selic-prognostico-2022-taxa-juros-bc-bacen\/#primaryimage\",\"url\":\"https:\/\/files.sunoresearch.com.br\/n\/uploads\/2021\/08\/35aaeda8-presidente-do-banco-central-roberto-campos-neto-discursa-durante-cerimonia-de-sancao-da-lei-da-autonomia-do-banco-central-scaled.jpg\",\"contentUrl\":\"https:\/\/files.sunoresearch.com.br\/n\/uploads\/2021\/08\/35aaeda8-presidente-do-banco-central-roberto-campos-neto-discursa-durante-cerimonia-de-sancao-da-lei-da-autonomia-do-banco-central-scaled.jpg\",\"width\":2560,\"height\":1707,\"caption\":\"Estimativas s\u00e3o de que os juros terminem o ano de 2021 acima de 8% ao ano - Foto: Fabio Rodrigues Pozzebom Ag\u00eancia Brasil\"},{\"@type\":\"BreadcrumbList\",\"@id\":\"https:\/\/www.suno.com.br\/noticias\/selic-prognostico-2022-taxa-juros-bc-bacen\/#breadcrumb\",\"itemListElement\":[{\"@type\":\"ListItem\",\"position\":1,\"name\":\"Not\u00edcias\",\"item\":\"https:\/\/www.suno.com.br\/noticias\/\"},{\"@type\":\"ListItem\",\"position\":2,\"name\":\"Economia\",\"item\":\"https:\/\/www.suno.com.br\/noticias\/economia\/\"},{\"@type\":\"ListItem\",\"position\":3,\"name\":\"Selic em 2022: analistas divergem nas previs\u00f5es; mas elei\u00e7\u00f5es e teto de gastos preocupam todos\"}]},{\"@type\":\"WebSite\",\"@id\":\"https:\/\/www.suno.com.br\/noticias\/#website\",\"url\":\"https:\/\/www.suno.com.br\/noticias\/\",\"name\":\"Suno Not\u00edcias\",\"description\":\"Seu portal de informa\u00e7\u00e3o sobre o mundo dos investimentos\",\"publisher\":{\"@id\":\"https:\/\/www.suno.com.br\/noticias\/#organization\"},\"potentialAction\":[{\"@type\":\"SearchAction\",\"target\":{\"@type\":\"EntryPoint\",\"urlTemplate\":\"https:\/\/www.suno.com.br\/noticias\/?s={search_term_string}\"},\"query-input\":{\"@type\":\"PropertyValueSpecification\",\"valueRequired\":true,\"valueName\":\"search_term_string\"}}],\"inLanguage\":\"pt-BR\"},{\"@type\":\"Organization\",\"@id\":\"https:\/\/www.suno.com.br\/noticias\/#organization\",\"name\":\"Suno Not\u00edcias\",\"url\":\"https:\/\/www.suno.com.br\/noticias\/\",\"logo\":{\"@type\":\"ImageObject\",\"inLanguage\":\"pt-BR\",\"@id\":\"https:\/\/www.suno.com.br\/noticias\/#\/schema\/logo\/image\/\",\"url\":\"https:\/\/files.sunoresearch.com.br\/n\/uploads\/2021\/09\/suno-logo.png\",\"contentUrl\":\"https:\/\/files.sunoresearch.com.br\/n\/uploads\/2021\/09\/suno-logo.png\",\"width\":180,\"height\":180,\"caption\":\"Suno Not\u00edcias\"},\"image\":{\"@id\":\"https:\/\/www.suno.com.br\/noticias\/#\/schema\/logo\/image\/\"},\"sameAs\":[\"https:\/\/facebook.com\/sunoresearch\",\"https:\/\/x.com\/sunoresearch\",\"https:\/\/www.instagram.com\/suno\",\"https:\/\/www.linkedin.com\/company\/suno-research\/\",\"https:\/\/www.youtube.com\/c\/sunoresearch\"]},{\"@type\":\"Person\",\"@id\":\"https:\/\/www.suno.com.br\/noticias\/#\/schema\/person\/7f4d362bf3518e76090143ae77bb49a5\",\"name\":\"Eduardo Vargas\",\"image\":{\"@type\":\"ImageObject\",\"inLanguage\":\"pt-BR\",\"@id\":\"https:\/\/www.suno.com.br\/noticias\/#\/schema\/person\/image\/\",\"url\":\"https:\/\/secure.gravatar.com\/avatar\/dac340933427a22924c9f99d1eb2e3f2?s=96&r=g\",\"contentUrl\":\"https:\/\/secure.gravatar.com\/avatar\/dac340933427a22924c9f99d1eb2e3f2?s=96&r=g\",\"caption\":\"Eduardo Vargas\"},\"description\":\"Jornalista formado pela UFSC, cobre macroeconomia, neg\u00f3cios e startups para o Suno Not\u00edcias, escrevendo principalmente not\u00edcias sobre o mercado financeiro e a bolsa de valores. No YouTube e no Instagram, \u00e9 respons\u00e1vel pela produ\u00e7\u00e3o de Reels e Shorts do Suno Not\u00edcias. Anteriormente, trabalhou cobrindo economia e cotidiano no ND+ e para o ND, maior jornal impresso de Santa Catarina. Cursou um semestre letivo de Estudos de M\u00eddia na Universidad de Buenos Aires.\",\"url\":\"https:\/\/www.suno.com.br\/noticias\/author\/eduardo-vargas\/\"}]}<\/script>\n<!-- \/ Yoast SEO plugin. -->","yoast_head_json":{"title":"Selic em 2022: Analistas divergem em previs\u00e3o e citam elei\u00e7\u00f5es e teto","description":"Ap\u00f3s deixar a Selic no menor n\u00edvel da hist\u00f3ria, Banco Central demonstra escalada dos juros acima do esperado. Clique aqui e leia mais.","robots":{"index":"index","follow":"follow","max-snippet":"max-snippet:-1","max-image-preview":"max-image-preview:large","max-video-preview":"max-video-preview:-1"},"canonical":"https:\/\/www.suno.com.br\/noticias\/selic-prognostico-2022-taxa-juros-bc-bacen\/","og_locale":"pt_BR","og_type":"article","og_title":"Selic em 2022: Analistas divergem em previs\u00e3o e citam elei\u00e7\u00f5es e teto","og_description":"Ap\u00f3s deixar a Selic no menor n\u00edvel da hist\u00f3ria, Banco Central demonstra escalada dos juros acima do esperado. Clique aqui e leia mais.","og_url":"https:\/\/www.suno.com.br\/noticias\/selic-prognostico-2022-taxa-juros-bc-bacen\/","og_site_name":"Suno Not\u00edcias","article_publisher":"https:\/\/facebook.com\/sunoresearch","og_image":[{"width":2560,"height":1707,"url":"https:\/\/files.sunoresearch.com.br\/n\/uploads\/2021\/08\/35aaeda8-presidente-do-banco-central-roberto-campos-neto-discursa-durante-cerimonia-de-sancao-da-lei-da-autonomia-do-banco-central-scaled.jpg","type":"image\/jpeg"}],"author":"Eduardo Vargas","twitter_card":"summary_large_image","twitter_creator":"@sunoresearch","twitter_site":"@sunoresearch","twitter_misc":{"Escrito por":"Eduardo Vargas","Est. tempo de leitura":"8 minutos"},"schema":{"@context":"https:\/\/schema.org","@graph":[{"@type":"NewsArticle","@id":"https:\/\/www.suno.com.br\/noticias\/selic-prognostico-2022-taxa-juros-bc-bacen\/#article","isPartOf":{"@id":"https:\/\/www.suno.com.br\/noticias\/selic-prognostico-2022-taxa-juros-bc-bacen\/"},"author":{"name":"Eduardo Vargas","@id":"https:\/\/www.suno.com.br\/noticias\/#\/schema\/person\/7f4d362bf3518e76090143ae77bb49a5"},"headline":"Selic em 2022: analistas divergem nas previs\u00f5es; mas elei\u00e7\u00f5es e teto de gastos preocupam todos","datePublished":"2021-08-26T10:40:40+00:00","mainEntityOfPage":{"@id":"https:\/\/www.suno.com.br\/noticias\/selic-prognostico-2022-taxa-juros-bc-bacen\/"},"wordCount":1731,"publisher":{"@id":"https:\/\/www.suno.com.br\/noticias\/#organization"},"image":{"@id":"https:\/\/www.suno.com.br\/noticias\/selic-prognostico-2022-taxa-juros-bc-bacen\/#primaryimage"},"thumbnailUrl":"https:\/\/files.sunoresearch.com.br\/n\/uploads\/2021\/08\/35aaeda8-presidente-do-banco-central-roberto-campos-neto-discursa-durante-cerimonia-de-sancao-da-lei-da-autonomia-do-banco-central-scaled.jpg","keywords":["Banco Central (BC)","Banco Central Europeu (BCE)","Especiais","Federal Reserve (FED)","Ibovespa","infla\u00e7\u00e3o","IPCA","juros futuros","Roberto Campos Neto","taxa de juros","Taxa Selic"],"articleSection":["Economia"],"inLanguage":"pt-BR"},{"@type":"WebPage","@id":"https:\/\/www.suno.com.br\/noticias\/selic-prognostico-2022-taxa-juros-bc-bacen\/","url":"https:\/\/www.suno.com.br\/noticias\/selic-prognostico-2022-taxa-juros-bc-bacen\/","name":"Selic em 2022: Analistas divergem em previs\u00e3o e citam elei\u00e7\u00f5es e teto","isPartOf":{"@id":"https:\/\/www.suno.com.br\/noticias\/#website"},"primaryImageOfPage":{"@id":"https:\/\/www.suno.com.br\/noticias\/selic-prognostico-2022-taxa-juros-bc-bacen\/#primaryimage"},"image":{"@id":"https:\/\/www.suno.com.br\/noticias\/selic-prognostico-2022-taxa-juros-bc-bacen\/#primaryimage"},"thumbnailUrl":"https:\/\/files.sunoresearch.com.br\/n\/uploads\/2021\/08\/35aaeda8-presidente-do-banco-central-roberto-campos-neto-discursa-durante-cerimonia-de-sancao-da-lei-da-autonomia-do-banco-central-scaled.jpg","datePublished":"2021-08-26T10:40:40+00:00","description":"Ap\u00f3s deixar a Selic no menor n\u00edvel da hist\u00f3ria, Banco Central demonstra escalada dos juros acima do esperado. Clique aqui e leia mais.","breadcrumb":{"@id":"https:\/\/www.suno.com.br\/noticias\/selic-prognostico-2022-taxa-juros-bc-bacen\/#breadcrumb"},"inLanguage":"pt-BR","potentialAction":[{"@type":"ReadAction","target":["https:\/\/www.suno.com.br\/noticias\/selic-prognostico-2022-taxa-juros-bc-bacen\/"]}]},{"@type":"ImageObject","inLanguage":"pt-BR","@id":"https:\/\/www.suno.com.br\/noticias\/selic-prognostico-2022-taxa-juros-bc-bacen\/#primaryimage","url":"https:\/\/files.sunoresearch.com.br\/n\/uploads\/2021\/08\/35aaeda8-presidente-do-banco-central-roberto-campos-neto-discursa-durante-cerimonia-de-sancao-da-lei-da-autonomia-do-banco-central-scaled.jpg","contentUrl":"https:\/\/files.sunoresearch.com.br\/n\/uploads\/2021\/08\/35aaeda8-presidente-do-banco-central-roberto-campos-neto-discursa-durante-cerimonia-de-sancao-da-lei-da-autonomia-do-banco-central-scaled.jpg","width":2560,"height":1707,"caption":"Estimativas s\u00e3o de que os juros terminem o ano de 2021 acima de 8% ao ano - Foto: Fabio Rodrigues Pozzebom Ag\u00eancia Brasil"},{"@type":"BreadcrumbList","@id":"https:\/\/www.suno.com.br\/noticias\/selic-prognostico-2022-taxa-juros-bc-bacen\/#breadcrumb","itemListElement":[{"@type":"ListItem","position":1,"name":"Not\u00edcias","item":"https:\/\/www.suno.com.br\/noticias\/"},{"@type":"ListItem","position":2,"name":"Economia","item":"https:\/\/www.suno.com.br\/noticias\/economia\/"},{"@type":"ListItem","position":3,"name":"Selic em 2022: analistas divergem nas previs\u00f5es; mas elei\u00e7\u00f5es e teto de gastos preocupam todos"}]},{"@type":"WebSite","@id":"https:\/\/www.suno.com.br\/noticias\/#website","url":"https:\/\/www.suno.com.br\/noticias\/","name":"Suno Not\u00edcias","description":"Seu portal de informa\u00e7\u00e3o sobre o mundo dos investimentos","publisher":{"@id":"https:\/\/www.suno.com.br\/noticias\/#organization"},"potentialAction":[{"@type":"SearchAction","target":{"@type":"EntryPoint","urlTemplate":"https:\/\/www.suno.com.br\/noticias\/?s={search_term_string}"},"query-input":{"@type":"PropertyValueSpecification","valueRequired":true,"valueName":"search_term_string"}}],"inLanguage":"pt-BR"},{"@type":"Organization","@id":"https:\/\/www.suno.com.br\/noticias\/#organization","name":"Suno Not\u00edcias","url":"https:\/\/www.suno.com.br\/noticias\/","logo":{"@type":"ImageObject","inLanguage":"pt-BR","@id":"https:\/\/www.suno.com.br\/noticias\/#\/schema\/logo\/image\/","url":"https:\/\/files.sunoresearch.com.br\/n\/uploads\/2021\/09\/suno-logo.png","contentUrl":"https:\/\/files.sunoresearch.com.br\/n\/uploads\/2021\/09\/suno-logo.png","width":180,"height":180,"caption":"Suno Not\u00edcias"},"image":{"@id":"https:\/\/www.suno.com.br\/noticias\/#\/schema\/logo\/image\/"},"sameAs":["https:\/\/facebook.com\/sunoresearch","https:\/\/x.com\/sunoresearch","https:\/\/www.instagram.com\/suno","https:\/\/www.linkedin.com\/company\/suno-research\/","https:\/\/www.youtube.com\/c\/sunoresearch"]},{"@type":"Person","@id":"https:\/\/www.suno.com.br\/noticias\/#\/schema\/person\/7f4d362bf3518e76090143ae77bb49a5","name":"Eduardo Vargas","image":{"@type":"ImageObject","inLanguage":"pt-BR","@id":"https:\/\/www.suno.com.br\/noticias\/#\/schema\/person\/image\/","url":"https:\/\/secure.gravatar.com\/avatar\/dac340933427a22924c9f99d1eb2e3f2?s=96&r=g","contentUrl":"https:\/\/secure.gravatar.com\/avatar\/dac340933427a22924c9f99d1eb2e3f2?s=96&r=g","caption":"Eduardo Vargas"},"description":"Jornalista formado pela UFSC, cobre macroeconomia, neg\u00f3cios e startups para o Suno Not\u00edcias, escrevendo principalmente not\u00edcias sobre o mercado financeiro e a bolsa de valores. No YouTube e no Instagram, \u00e9 respons\u00e1vel pela produ\u00e7\u00e3o de Reels e Shorts do Suno Not\u00edcias. Anteriormente, trabalhou cobrindo economia e cotidiano no ND+ e para o ND, maior jornal impresso de Santa Catarina. Cursou um semestre letivo de Estudos de M\u00eddia na Universidad de Buenos Aires.","url":"https:\/\/www.suno.com.br\/noticias\/author\/eduardo-vargas\/"}]}},"default_loop_html":"<div class=\"cardsPage__listCard__boxs\"><div class=\"cardsPage__listCard__boxs__img\"><a href=\"https:\/\/www.suno.com.br\/noticias\/boletim-focus-eleva-projecao-do-ipca-para-705-e-selic-para-750\/\"><img class=\"mask\" src=\"https:\/\/www.suno.com.br\/noticias\/wp-content\/themes\/suno\/resources\/images\/spotlight\/spotlight1img\/bg-mask.png\" alt=\"Image Mask\"\/><img src=\"https:\/\/files.sunoresearch.com.br\/n\/uploads\/2021\/06\/eb18501c-banco_central_4_0-400x200.jpg\" alt=\"Boletim Focus eleva proje\u00e7\u00e3o do IPCA para 7,05% e Selic para 7,50%\"\/><\/a><span class=\"spotlightCategory\"><a href=\"https:\/\/www.suno.com.br\/noticias\/negocios\/\">Neg\u00f3cios<\/a><\/span><\/div><div class=\"cardsPage__listCard__boxs__content\"><a href=\"https:\/\/www.suno.com.br\/noticias\/boletim-focus-eleva-projecao-do-ipca-para-705-e-selic-para-750\/\"><h2 class=\"content__title\">Boletim Focus eleva proje\u00e7\u00e3o do IPCA para 7,05% e Selic para 7,50%<\/h2><\/a><div class=\"newsContent__article__meta\"><div class=\"newsContent__article__meta__authorBox\"><a href=\"https:\/\/www.suno.com.br\/noticias\/author\/poliana-santos\/\" class=\"authorBox__avatar noMobi\"><img src=\"https:\/\/files.sunoresearch.com.br\/n\/uploads\/2020\/08\/7ef34026-whatsapp-image-2020-08-03-at-12.37.57-150x150.webp\" alt=\"Poliana Santos\"><\/a><div class=\"authorBox__name\"><span>por\n\t\t\t<a href=\"https:\/\/www.suno.com.br\/noticias\/author\/poliana-santos\/\"><span itemprop=\"author\">Poliana Santos<\/span><\/a><\/span><time datetime=\"2021-08-16T08:41:23-03:00\" itemprop=\"datePublished\">16\/08\/2021 08:41<\/time><\/div><\/div><\/div><\/div><\/div>","single_layout":"posts","amp_enabled":true,"_links":{"self":[{"href":"https:\/\/www.suno.com.br\/noticias\/wp-json\/wp\/v2\/posts\/176923"}],"collection":[{"href":"https:\/\/www.suno.com.br\/noticias\/wp-json\/wp\/v2\/posts"}],"about":[{"href":"https:\/\/www.suno.com.br\/noticias\/wp-json\/wp\/v2\/types\/post"}],"author":[{"embeddable":true,"href":"https:\/\/www.suno.com.br\/noticias\/wp-json\/wp\/v2\/users\/73"}],"replies":[{"embeddable":true,"href":"https:\/\/www.suno.com.br\/noticias\/wp-json\/wp\/v2\/comments?post=176923"}],"version-history":[{"count":4,"href":"https:\/\/www.suno.com.br\/noticias\/wp-json\/wp\/v2\/posts\/176923\/revisions"}],"predecessor-version":[{"id":178454,"href":"https:\/\/www.suno.com.br\/noticias\/wp-json\/wp\/v2\/posts\/176923\/revisions\/178454"}],"wp:featuredmedia":[{"embeddable":true,"href":"https:\/\/www.suno.com.br\/noticias\/wp-json\/wp\/v2\/media\/176989"}],"wp:attachment":[{"href":"https:\/\/www.suno.com.br\/noticias\/wp-json\/wp\/v2\/media?parent=176923"}],"wp:term":[{"taxonomy":"category","embeddable":true,"href":"https:\/\/www.suno.com.br\/noticias\/wp-json\/wp\/v2\/categories?post=176923"},{"taxonomy":"post_tag","embeddable":true,"href":"https:\/\/www.suno.com.br\/noticias\/wp-json\/wp\/v2\/tags?post=176923"},{"taxonomy":"suno_strategy","embeddable":true,"href":"https:\/\/www.suno.com.br\/noticias\/wp-json\/wp\/v2\/suno_strategy?post=176923"}],"curies":[{"name":"wp","href":"https:\/\/api.w.org\/{rel}","templated":true}]}}