{"id":17685,"date":"2019-03-11T20:21:29","date_gmt":"2019-03-11T23:21:29","guid":{"rendered":"https:\/\/www.suno.com.br\/noticias\/?p=17685"},"modified":"2019-03-11T20:21:42","modified_gmt":"2019-03-11T23:21:42","slug":"azul-sobe-gol-desce-aereas-bolsa","status":"publish","type":"post","link":"https:\/\/www.suno.com.br\/noticias\/azul-sobe-gol-desce-aereas-bolsa\/","title":{"rendered":"Azul sobe e Gol desce: o dia marcado pelo antagonismo das a\u00e9reas na Bolsa"},"content":{"rendered":"<p>Esta segunda (11) foi um dia marcado por movimentos inversos de companhias a\u00e9reas brasileiras na Bolsa. Azul e Gol estiveram em lados antag\u00f4nicos da gangorra, movida por an\u00fancios de neg\u00f3cios e at\u00e9 um desastre do outro lado do mundo.<\/p>\t<div class=\"wrapper-featured-image\">\n\t\t<figure class=\"spotlightImg\">\n\n\t\t\t<picture>\n\t\t\t\t<source media=\"(max-width: 768px)\" srcset=\"https:\/\/files.sunoresearch.com.br\/n\/uploads\/2019\/01\/a4bbc194-avi\u00e3o-embraer-usado-pela-azul-400x200.webp\">\n\t\t\t\t<img loading=\"lazy\" decoding=\"async\" class=\"newsContent__article__imgCapa lazyloadDisabled newsContent__article__imgCapa--noCaption\" src=\"https:\/\/files.sunoresearch.com.br\/n\/uploads\/2019\/01\/a4bbc194-avi\u00e3o-embraer-usado-pela-azul-800x450.webp\" width=\"800\" height=\"450\" alt=\"Azul sobe e Gol desce: o dia marcado pelo antagonismo das a\u00e9reas na Bolsa\" fetchpriority=high \/>\n\t\t\t<\/picture>\n\n\t\t\t<figcaption class=\"wp-caption-text wp-caption-text--hide\">Azul (AZUL4). Foto: Divulga\u00e7\u00e3o.<\/figcaption>\n\t\t<\/figure>\n\t<\/div>\n\n\n<p>Quem acompanhou o <strong>\u00e2nimo<\/strong> da <strong>Bolsa,<\/strong> que teve seu <strong>melhor preg\u00e3o<\/strong> desde 2 de janeiro e fechou em alta de 2,79% &#8211; atingindo os <strong>98 mil pontos<\/strong>, foi a <strong>Azul.<\/strong> Os pap\u00e9is da <strong>companhia<\/strong> (AZUL4) subiram 6,31% com o an\u00fancio de que ela assinou um acordo n\u00e3o vinculante para <strong>adquirir ativos<\/strong> da <strong>Avianca Brasil<\/strong> por meio de uma <strong>Unidade Produtiva Isolada (UPI)<\/strong> no valor de US$ 105 milh\u00f5es (cerca de R$ 420 milh\u00f5es).<\/p>\n<p><a href=\"https:\/\/www.suno.com.br\/noticias\/ibovespa-alta-chega-pontos\/\">Saiba mais: Ibovespa tem alta de 2,79% e vai a 98.026 pontos<\/a><\/p>\n<p>Entre os ativos inclu\u00eddos na <strong>UPI<\/strong> est\u00e3o o certificado de operador a\u00e9reo da <strong>Avianca Brasil,<\/strong> 70 pares de direitos de pousos e decolagens <strong>(&#8220;slots&#8221;)<\/strong> e aproximadamente 30 <strong>aeronaves Airbus A320.<\/strong><\/p>\n<p>A <strong>Azul<\/strong> informou que o processo de <strong>aquisi\u00e7\u00e3o da UPI<\/strong> est\u00e1 sujeito a uma s\u00e9rie de condi\u00e7\u00f5es. Entre elas, est\u00e3o a conclus\u00e3o de um <strong>processo de dilig\u00eancia<\/strong>, a aprova\u00e7\u00e3o por parte de <strong>\u00f3rg\u00e3os reguladores<\/strong> e credores, e a conclus\u00e3o do processo de <a href=\"https:\/\/www.suno.com.br\/artigos\/recuperacao-judicial\/\"><strong>recupera\u00e7\u00e3o judicial<\/strong><\/a> da <strong>Avianca.<\/strong> Segundo a companhia, &#8220;a expectativa \u00e9 que esse processo dure at\u00e9 tr\u00eas meses&#8221;. Entretanto, a <strong>Azul<\/strong> n\u00e3o dever\u00e1 ser a \u00fanica companhia a\u00e9rea interessada em conquistar os ativos da concorrente. A <strong>UPI<\/strong> ser\u00e1 <strong>leiloada<\/strong> e outras empresas poder\u00e3o apresentar ofertas pelos ativos.<\/p>\n<p><a href=\"https:\/\/www.suno.com.br\/noticias\/azul-comprara-ativos-avianca-105\/\">Saiba mais: Azul manifesta interessa para compra de ativos da Avianca<\/a><\/p>\n<p>A <strong>Gol,<\/strong> por sua vez, sentiu os efeitos de um <strong>desastre<\/strong> no outro lado do Oceano Atl\u00e2ntico. As <strong>a\u00e7\u00f5es<\/strong> da companhia (GOLL4) ca\u00edram 2,59% com a repercuss\u00e3o da queda de um <strong>Boeing<\/strong> modelo <strong>737 Max 8<\/strong> na <strong>Eti\u00f3pia<\/strong> no \u00faltimo domingo (10). A <strong>trag\u00e9dia<\/strong> matou 157 pessoas &#8211; toda a tripula\u00e7\u00e3o que estava a bordo.<\/p>\n<p>Os pap\u00e9is da <strong>Boeing<\/strong> despencavam 13% no in\u00edcio da sess\u00e3o desta segunda nos <strong>Estados Unidos<\/strong> e tragaram os pap\u00e9is da empresa brasileira, que tem planos para adquirir 133 aeronaves do mesmo modelo que caiu na \u00c1frica. Atualmente, ela possui sete aeronaves <strong>Boeing 737 Max 8<\/strong>.<\/p>\n<p><a href=\"https:\/\/www.suno.com.br\/noticias\/boeing-acoes-queda-aviao-etiopia\/\">Saiba mais: Boeing: a\u00e7\u00f5es despencam 13% ap\u00f3s queda de avi\u00e3o na Eti\u00f3pia<\/a><\/p>\n<p>Al\u00e9m disso, o <a href=\"http:\/\/www.procon.sp.gov.br\/\"><strong>Procon<\/strong> <strong>de S\u00e3o Paulo<\/strong><\/a> determinou que a companhia a\u00e9rea <strong>Gol<\/strong> \u201csuspenda imediatamente\u201d as <strong>opera\u00e7\u00f5es<\/strong> de todos esses sete <strong>avi\u00f5es Boeing.<\/strong> De acordo com o \u00f3rg\u00e3o, o motivo da suspens\u00e3o \u00e9 a \u201cocorr\u00eancia de acidentes de perfil semelhantes em curto espa\u00e7o de tempo\u201d. Na noite desta segunda, a <strong>companhia a\u00e9rea<\/strong> atendeu \u00e0 determina\u00e7\u00e3o e anunciou que vai suspender temporariamente o uso do <strong>737 Max 8<\/strong>.<\/p>\n","protected":false},"excerpt":{"rendered":"<p>Esta segunda (11) foi um dia marcado por movimentos inversos de companhias a\u00e9reas brasileiras na Bolsa. Azul e Gol estiveram em lados antag\u00f4nicos da gangorra, movida por an\u00fancios de neg\u00f3cios e at\u00e9 um desastre do outro lado do mundo. Azul (AZUL4). Foto: Divulga\u00e7\u00e3o. Quem acompanhou o \u00e2nimo da Bolsa, que teve seu melhor preg\u00e3o desde [&hellip;]<\/p>\n","protected":false},"author":13,"featured_media":11416,"comment_status":"closed","ping_status":"closed","sticky":false,"template":"","format":"standard","meta":[],"categories":[60],"tags":[286,106932,828,489],"suno_strategy":[],"class_list":["post-17685","post","type-post","status-publish","format-standard","has-post-thumbnail","hentry","category-mercado","tag-acoes","tag-azul-azul4","tag-boeing-boei34","tag-gol-linhas-aereas-goll11-goll4"],"yoast_head":"<!-- This site is optimized with the Yoast SEO plugin v24.4 - https:\/\/yoast.com\/wordpress\/plugins\/seo\/ -->\n<title>Azul sobe e Gol cai: o dia marcado pelo antagonismo nas a\u00e9reas na Bolsa<\/title>\n<meta name=\"description\" content=\"Esta segunda foi marcada por movimentos inversos de companhias a\u00e9reas brasileiras na Bolsa: Azul saltou e Gol caiu. Clique e saiba mais.\" \/>\n<meta name=\"robots\" content=\"index, follow, max-snippet:-1, max-image-preview:large, max-video-preview:-1\" \/>\n<link rel=\"canonical\" href=\"https:\/\/www.suno.com.br\/noticias\/azul-sobe-gol-desce-aereas-bolsa\/\" \/>\n<meta property=\"og:locale\" content=\"pt_BR\" \/>\n<meta property=\"og:type\" content=\"article\" \/>\n<meta property=\"og:title\" content=\"Azul sobe e Gol cai: o dia marcado pelo antagonismo nas a\u00e9reas na Bolsa\" \/>\n<meta property=\"og:description\" content=\"Esta segunda foi marcada por movimentos inversos de companhias a\u00e9reas brasileiras na Bolsa: Azul saltou e Gol caiu. Clique e saiba mais.\" \/>\n<meta property=\"og:url\" content=\"https:\/\/www.suno.com.br\/noticias\/azul-sobe-gol-desce-aereas-bolsa\/\" \/>\n<meta property=\"og:site_name\" content=\"Suno Not\u00edcias\" \/>\n<meta property=\"article:publisher\" content=\"https:\/\/facebook.com\/sunoresearch\" \/>\n<meta property=\"og:image\" content=\"https:\/\/files.sunoresearch.com.br\/n\/uploads\/2019\/01\/a4bbc194-avi\u00e3o-embraer-usado-pela-azul-1024x728.jpg\" \/>\n\t<meta property=\"og:image:width\" content=\"1024\" \/>\n\t<meta property=\"og:image:height\" content=\"728\" \/>\n\t<meta property=\"og:image:type\" content=\"image\/jpeg\" \/>\n<meta name=\"author\" content=\"Guilherme Caetano\" \/>\n<meta name=\"twitter:card\" content=\"summary_large_image\" \/>\n<meta name=\"twitter:creator\" content=\"@sunoresearch\" \/>\n<meta name=\"twitter:site\" content=\"@sunoresearch\" \/>\n<meta name=\"twitter:label1\" content=\"Escrito por\" \/>\n\t<meta name=\"twitter:data1\" content=\"Guilherme Caetano\" \/>\n\t<meta name=\"twitter:label2\" content=\"Est. tempo de leitura\" \/>\n\t<meta name=\"twitter:data2\" content=\"2 minutos\" \/>\n<script type=\"application\/ld+json\" class=\"yoast-schema-graph\">{\"@context\":\"https:\/\/schema.org\",\"@graph\":[{\"@type\":\"NewsArticle\",\"@id\":\"https:\/\/www.suno.com.br\/noticias\/azul-sobe-gol-desce-aereas-bolsa\/#article\",\"isPartOf\":{\"@id\":\"https:\/\/www.suno.com.br\/noticias\/azul-sobe-gol-desce-aereas-bolsa\/\"},\"author\":{\"name\":\"Guilherme Caetano\",\"@id\":\"https:\/\/www.suno.com.br\/noticias\/#\/schema\/person\/0d0c9687cd2f600c564f25980c140de9\"},\"headline\":\"Azul sobe e Gol desce: o dia marcado pelo antagonismo das a\u00e9reas na Bolsa\",\"datePublished\":\"2019-03-11T23:21:29+00:00\",\"dateModified\":\"2019-03-11T23:21:42+00:00\",\"mainEntityOfPage\":{\"@id\":\"https:\/\/www.suno.com.br\/noticias\/azul-sobe-gol-desce-aereas-bolsa\/\"},\"wordCount\":474,\"publisher\":{\"@id\":\"https:\/\/www.suno.com.br\/noticias\/#organization\"},\"image\":{\"@id\":\"https:\/\/www.suno.com.br\/noticias\/azul-sobe-gol-desce-aereas-bolsa\/#primaryimage\"},\"thumbnailUrl\":\"https:\/\/files.sunoresearch.com.br\/n\/uploads\/2019\/01\/a4bbc194-avi\u00e3o-embraer-usado-pela-azul-scaled.webp\",\"keywords\":[\"A\u00e7\u00f5es\",\"Azul (AZUL4)\",\"Boeing (BOEI34)\",\"Gol Linhas A\u00e9reas (GOLL11\/GOLL4)\"],\"articleSection\":[\"Mercado\"],\"inLanguage\":\"pt-BR\"},{\"@type\":\"WebPage\",\"@id\":\"https:\/\/www.suno.com.br\/noticias\/azul-sobe-gol-desce-aereas-bolsa\/\",\"url\":\"https:\/\/www.suno.com.br\/noticias\/azul-sobe-gol-desce-aereas-bolsa\/\",\"name\":\"Azul sobe e Gol cai: o dia marcado pelo antagonismo nas a\u00e9reas na Bolsa\",\"isPartOf\":{\"@id\":\"https:\/\/www.suno.com.br\/noticias\/#website\"},\"primaryImageOfPage\":{\"@id\":\"https:\/\/www.suno.com.br\/noticias\/azul-sobe-gol-desce-aereas-bolsa\/#primaryimage\"},\"image\":{\"@id\":\"https:\/\/www.suno.com.br\/noticias\/azul-sobe-gol-desce-aereas-bolsa\/#primaryimage\"},\"thumbnailUrl\":\"https:\/\/files.sunoresearch.com.br\/n\/uploads\/2019\/01\/a4bbc194-avi\u00e3o-embraer-usado-pela-azul-scaled.webp\",\"datePublished\":\"2019-03-11T23:21:29+00:00\",\"dateModified\":\"2019-03-11T23:21:42+00:00\",\"description\":\"Esta segunda foi marcada por movimentos inversos de companhias a\u00e9reas brasileiras na Bolsa: Azul saltou e Gol caiu. Clique e saiba mais.\",\"breadcrumb\":{\"@id\":\"https:\/\/www.suno.com.br\/noticias\/azul-sobe-gol-desce-aereas-bolsa\/#breadcrumb\"},\"inLanguage\":\"pt-BR\",\"potentialAction\":[{\"@type\":\"ReadAction\",\"target\":[\"https:\/\/www.suno.com.br\/noticias\/azul-sobe-gol-desce-aereas-bolsa\/\"]}]},{\"@type\":\"ImageObject\",\"inLanguage\":\"pt-BR\",\"@id\":\"https:\/\/www.suno.com.br\/noticias\/azul-sobe-gol-desce-aereas-bolsa\/#primaryimage\",\"url\":\"https:\/\/files.sunoresearch.com.br\/n\/uploads\/2019\/01\/a4bbc194-avi\u00e3o-embraer-usado-pela-azul-scaled.webp\",\"contentUrl\":\"https:\/\/files.sunoresearch.com.br\/n\/uploads\/2019\/01\/a4bbc194-avi\u00e3o-embraer-usado-pela-azul-scaled.webp\",\"width\":2560,\"height\":1821,\"caption\":\"Azul (AZUL4). Foto: Divulga\u00e7\u00e3o.\"},{\"@type\":\"BreadcrumbList\",\"@id\":\"https:\/\/www.suno.com.br\/noticias\/azul-sobe-gol-desce-aereas-bolsa\/#breadcrumb\",\"itemListElement\":[{\"@type\":\"ListItem\",\"position\":1,\"name\":\"Not\u00edcias\",\"item\":\"https:\/\/www.suno.com.br\/noticias\/\"},{\"@type\":\"ListItem\",\"position\":2,\"name\":\"Mercado\",\"item\":\"https:\/\/www.suno.com.br\/noticias\/mercado\/\"},{\"@type\":\"ListItem\",\"position\":3,\"name\":\"Azul sobe e Gol desce: o dia marcado pelo antagonismo das a\u00e9reas na Bolsa\"}]},{\"@type\":\"WebSite\",\"@id\":\"https:\/\/www.suno.com.br\/noticias\/#website\",\"url\":\"https:\/\/www.suno.com.br\/noticias\/\",\"name\":\"Suno Not\u00edcias\",\"description\":\"Seu portal de informa\u00e7\u00e3o sobre o mundo dos investimentos\",\"publisher\":{\"@id\":\"https:\/\/www.suno.com.br\/noticias\/#organization\"},\"potentialAction\":[{\"@type\":\"SearchAction\",\"target\":{\"@type\":\"EntryPoint\",\"urlTemplate\":\"https:\/\/www.suno.com.br\/noticias\/?s={search_term_string}\"},\"query-input\":{\"@type\":\"PropertyValueSpecification\",\"valueRequired\":true,\"valueName\":\"search_term_string\"}}],\"inLanguage\":\"pt-BR\"},{\"@type\":\"Organization\",\"@id\":\"https:\/\/www.suno.com.br\/noticias\/#organization\",\"name\":\"Suno Not\u00edcias\",\"url\":\"https:\/\/www.suno.com.br\/noticias\/\",\"logo\":{\"@type\":\"ImageObject\",\"inLanguage\":\"pt-BR\",\"@id\":\"https:\/\/www.suno.com.br\/noticias\/#\/schema\/logo\/image\/\",\"url\":\"https:\/\/files.sunoresearch.com.br\/n\/uploads\/2021\/09\/suno-logo.png\",\"contentUrl\":\"https:\/\/files.sunoresearch.com.br\/n\/uploads\/2021\/09\/suno-logo.png\",\"width\":180,\"height\":180,\"caption\":\"Suno Not\u00edcias\"},\"image\":{\"@id\":\"https:\/\/www.suno.com.br\/noticias\/#\/schema\/logo\/image\/\"},\"sameAs\":[\"https:\/\/facebook.com\/sunoresearch\",\"https:\/\/x.com\/sunoresearch\",\"https:\/\/www.instagram.com\/suno\",\"https:\/\/www.linkedin.com\/company\/suno-research\/\",\"https:\/\/www.youtube.com\/c\/sunoresearch\"]},{\"@type\":\"Person\",\"@id\":\"https:\/\/www.suno.com.br\/noticias\/#\/schema\/person\/0d0c9687cd2f600c564f25980c140de9\",\"name\":\"Guilherme Caetano\",\"image\":{\"@type\":\"ImageObject\",\"inLanguage\":\"pt-BR\",\"@id\":\"https:\/\/www.suno.com.br\/noticias\/#\/schema\/person\/image\/\",\"url\":\"https:\/\/secure.gravatar.com\/avatar\/e48357351a01702a0d19307070e081bf?s=96&r=g\",\"contentUrl\":\"https:\/\/secure.gravatar.com\/avatar\/e48357351a01702a0d19307070e081bf?s=96&r=g\",\"caption\":\"Guilherme Caetano\"},\"description\":\"Formado em jornalismo pela Escola de Comunica\u00e7\u00f5es e Artes da USP, Guilherme Caetano escreve para o portal de not\u00edcias da Suno Research. Passou pelas reda\u00e7\u00f5es da Folha de S.Paulo e da revista \u00c9poca.\",\"url\":\"https:\/\/www.suno.com.br\/noticias\/author\/guilherme-caetano\/\"}]}<\/script>\n<!-- \/ Yoast SEO plugin. -->","yoast_head_json":{"title":"Azul sobe e Gol cai: o dia marcado pelo antagonismo nas a\u00e9reas na Bolsa","description":"Esta segunda foi marcada por movimentos inversos de companhias a\u00e9reas brasileiras na Bolsa: Azul saltou e Gol caiu. Clique e saiba mais.","robots":{"index":"index","follow":"follow","max-snippet":"max-snippet:-1","max-image-preview":"max-image-preview:large","max-video-preview":"max-video-preview:-1"},"canonical":"https:\/\/www.suno.com.br\/noticias\/azul-sobe-gol-desce-aereas-bolsa\/","og_locale":"pt_BR","og_type":"article","og_title":"Azul sobe e Gol cai: o dia marcado pelo antagonismo nas a\u00e9reas na Bolsa","og_description":"Esta segunda foi marcada por movimentos inversos de companhias a\u00e9reas brasileiras na Bolsa: Azul saltou e Gol caiu. Clique e saiba mais.","og_url":"https:\/\/www.suno.com.br\/noticias\/azul-sobe-gol-desce-aereas-bolsa\/","og_site_name":"Suno Not\u00edcias","article_publisher":"https:\/\/facebook.com\/sunoresearch","og_image":[{"width":1024,"height":728,"url":"https:\/\/files.sunoresearch.com.br\/n\/uploads\/2019\/01\/a4bbc194-avi\u00e3o-embraer-usado-pela-azul-1024x728.jpg","type":"image\/jpeg"}],"author":"Guilherme Caetano","twitter_card":"summary_large_image","twitter_creator":"@sunoresearch","twitter_site":"@sunoresearch","twitter_misc":{"Escrito por":"Guilherme Caetano","Est. tempo de leitura":"2 minutos"},"schema":{"@context":"https:\/\/schema.org","@graph":[{"@type":"NewsArticle","@id":"https:\/\/www.suno.com.br\/noticias\/azul-sobe-gol-desce-aereas-bolsa\/#article","isPartOf":{"@id":"https:\/\/www.suno.com.br\/noticias\/azul-sobe-gol-desce-aereas-bolsa\/"},"author":{"name":"Guilherme Caetano","@id":"https:\/\/www.suno.com.br\/noticias\/#\/schema\/person\/0d0c9687cd2f600c564f25980c140de9"},"headline":"Azul sobe e Gol desce: o dia marcado pelo antagonismo das a\u00e9reas na Bolsa","datePublished":"2019-03-11T23:21:29+00:00","dateModified":"2019-03-11T23:21:42+00:00","mainEntityOfPage":{"@id":"https:\/\/www.suno.com.br\/noticias\/azul-sobe-gol-desce-aereas-bolsa\/"},"wordCount":474,"publisher":{"@id":"https:\/\/www.suno.com.br\/noticias\/#organization"},"image":{"@id":"https:\/\/www.suno.com.br\/noticias\/azul-sobe-gol-desce-aereas-bolsa\/#primaryimage"},"thumbnailUrl":"https:\/\/files.sunoresearch.com.br\/n\/uploads\/2019\/01\/a4bbc194-avi\u00e3o-embraer-usado-pela-azul-scaled.webp","keywords":["A\u00e7\u00f5es","Azul (AZUL4)","Boeing (BOEI34)","Gol Linhas A\u00e9reas (GOLL11\/GOLL4)"],"articleSection":["Mercado"],"inLanguage":"pt-BR"},{"@type":"WebPage","@id":"https:\/\/www.suno.com.br\/noticias\/azul-sobe-gol-desce-aereas-bolsa\/","url":"https:\/\/www.suno.com.br\/noticias\/azul-sobe-gol-desce-aereas-bolsa\/","name":"Azul sobe e Gol cai: o dia marcado pelo antagonismo nas a\u00e9reas na Bolsa","isPartOf":{"@id":"https:\/\/www.suno.com.br\/noticias\/#website"},"primaryImageOfPage":{"@id":"https:\/\/www.suno.com.br\/noticias\/azul-sobe-gol-desce-aereas-bolsa\/#primaryimage"},"image":{"@id":"https:\/\/www.suno.com.br\/noticias\/azul-sobe-gol-desce-aereas-bolsa\/#primaryimage"},"thumbnailUrl":"https:\/\/files.sunoresearch.com.br\/n\/uploads\/2019\/01\/a4bbc194-avi\u00e3o-embraer-usado-pela-azul-scaled.webp","datePublished":"2019-03-11T23:21:29+00:00","dateModified":"2019-03-11T23:21:42+00:00","description":"Esta segunda foi marcada por movimentos inversos de companhias a\u00e9reas brasileiras na Bolsa: Azul saltou e Gol caiu. Clique e saiba mais.","breadcrumb":{"@id":"https:\/\/www.suno.com.br\/noticias\/azul-sobe-gol-desce-aereas-bolsa\/#breadcrumb"},"inLanguage":"pt-BR","potentialAction":[{"@type":"ReadAction","target":["https:\/\/www.suno.com.br\/noticias\/azul-sobe-gol-desce-aereas-bolsa\/"]}]},{"@type":"ImageObject","inLanguage":"pt-BR","@id":"https:\/\/www.suno.com.br\/noticias\/azul-sobe-gol-desce-aereas-bolsa\/#primaryimage","url":"https:\/\/files.sunoresearch.com.br\/n\/uploads\/2019\/01\/a4bbc194-avi\u00e3o-embraer-usado-pela-azul-scaled.webp","contentUrl":"https:\/\/files.sunoresearch.com.br\/n\/uploads\/2019\/01\/a4bbc194-avi\u00e3o-embraer-usado-pela-azul-scaled.webp","width":2560,"height":1821,"caption":"Azul (AZUL4). Foto: Divulga\u00e7\u00e3o."},{"@type":"BreadcrumbList","@id":"https:\/\/www.suno.com.br\/noticias\/azul-sobe-gol-desce-aereas-bolsa\/#breadcrumb","itemListElement":[{"@type":"ListItem","position":1,"name":"Not\u00edcias","item":"https:\/\/www.suno.com.br\/noticias\/"},{"@type":"ListItem","position":2,"name":"Mercado","item":"https:\/\/www.suno.com.br\/noticias\/mercado\/"},{"@type":"ListItem","position":3,"name":"Azul sobe e Gol desce: o dia marcado pelo antagonismo das a\u00e9reas na Bolsa"}]},{"@type":"WebSite","@id":"https:\/\/www.suno.com.br\/noticias\/#website","url":"https:\/\/www.suno.com.br\/noticias\/","name":"Suno Not\u00edcias","description":"Seu portal de informa\u00e7\u00e3o sobre o mundo dos investimentos","publisher":{"@id":"https:\/\/www.suno.com.br\/noticias\/#organization"},"potentialAction":[{"@type":"SearchAction","target":{"@type":"EntryPoint","urlTemplate":"https:\/\/www.suno.com.br\/noticias\/?s={search_term_string}"},"query-input":{"@type":"PropertyValueSpecification","valueRequired":true,"valueName":"search_term_string"}}],"inLanguage":"pt-BR"},{"@type":"Organization","@id":"https:\/\/www.suno.com.br\/noticias\/#organization","name":"Suno Not\u00edcias","url":"https:\/\/www.suno.com.br\/noticias\/","logo":{"@type":"ImageObject","inLanguage":"pt-BR","@id":"https:\/\/www.suno.com.br\/noticias\/#\/schema\/logo\/image\/","url":"https:\/\/files.sunoresearch.com.br\/n\/uploads\/2021\/09\/suno-logo.png","contentUrl":"https:\/\/files.sunoresearch.com.br\/n\/uploads\/2021\/09\/suno-logo.png","width":180,"height":180,"caption":"Suno Not\u00edcias"},"image":{"@id":"https:\/\/www.suno.com.br\/noticias\/#\/schema\/logo\/image\/"},"sameAs":["https:\/\/facebook.com\/sunoresearch","https:\/\/x.com\/sunoresearch","https:\/\/www.instagram.com\/suno","https:\/\/www.linkedin.com\/company\/suno-research\/","https:\/\/www.youtube.com\/c\/sunoresearch"]},{"@type":"Person","@id":"https:\/\/www.suno.com.br\/noticias\/#\/schema\/person\/0d0c9687cd2f600c564f25980c140de9","name":"Guilherme Caetano","image":{"@type":"ImageObject","inLanguage":"pt-BR","@id":"https:\/\/www.suno.com.br\/noticias\/#\/schema\/person\/image\/","url":"https:\/\/secure.gravatar.com\/avatar\/e48357351a01702a0d19307070e081bf?s=96&r=g","contentUrl":"https:\/\/secure.gravatar.com\/avatar\/e48357351a01702a0d19307070e081bf?s=96&r=g","caption":"Guilherme Caetano"},"description":"Formado em jornalismo pela Escola de Comunica\u00e7\u00f5es e Artes da USP, Guilherme Caetano escreve para o portal de not\u00edcias da Suno Research. Passou pelas reda\u00e7\u00f5es da Folha de S.Paulo e da revista \u00c9poca.","url":"https:\/\/www.suno.com.br\/noticias\/author\/guilherme-caetano\/"}]}},"default_loop_html":"<div class=\"cardsPage__listCard__boxs\"><div class=\"cardsPage__listCard__boxs__img\"><a href=\"https:\/\/www.suno.com.br\/noticias\/azul-sobe-gol-desce-aereas-bolsa\/\"><img class=\"mask\" src=\"https:\/\/www.suno.com.br\/noticias\/wp-content\/themes\/suno\/resources\/images\/spotlight\/spotlight1img\/bg-mask.png\" alt=\"Image Mask\"\/><img src=\"https:\/\/files.sunoresearch.com.br\/n\/uploads\/2019\/01\/a4bbc194-avi\u00e3o-embraer-usado-pela-azul-400x200.webp\" alt=\"Azul sobe e Gol desce: o dia marcado pelo antagonismo das a\u00e9reas na Bolsa\"\/><\/a><span class=\"spotlightCategory\"><a href=\"https:\/\/www.suno.com.br\/noticias\/mercado\/\">Mercado<\/a><\/span><\/div><div class=\"cardsPage__listCard__boxs__content\"><a href=\"https:\/\/www.suno.com.br\/noticias\/azul-sobe-gol-desce-aereas-bolsa\/\"><h2 class=\"content__title\">Azul sobe e Gol desce: o dia marcado pelo antagonismo das a\u00e9reas na Bolsa<\/h2><\/a><div class=\"newsContent__article__meta\"><div class=\"newsContent__article__meta__authorBox\"><a href=\"https:\/\/www.suno.com.br\/noticias\/author\/guilherme-caetano\/\" class=\"authorBox__avatar noMobi\"><img src=\"https:\/\/secure.gravatar.com\/avatar\/e48357351a01702a0d19307070e081bf?s=96&#038;r=g\" alt=\"Guilherme Caetano\"><\/a><div class=\"authorBox__name\"><span>por\n\t\t\t<a href=\"https:\/\/www.suno.com.br\/noticias\/author\/guilherme-caetano\/\"><span itemprop=\"author\">Guilherme Caetano<\/span><\/a><\/span><time datetime=\"2019-03-11T20:21:29-03:00\" itemprop=\"datePublished\">11\/03\/2019 20:21<\/time><\/div><\/div><\/div><\/div><\/div>","single_layout":"posts","amp_enabled":true,"_links":{"self":[{"href":"https:\/\/www.suno.com.br\/noticias\/wp-json\/wp\/v2\/posts\/17685"}],"collection":[{"href":"https:\/\/www.suno.com.br\/noticias\/wp-json\/wp\/v2\/posts"}],"about":[{"href":"https:\/\/www.suno.com.br\/noticias\/wp-json\/wp\/v2\/types\/post"}],"author":[{"embeddable":true,"href":"https:\/\/www.suno.com.br\/noticias\/wp-json\/wp\/v2\/users\/13"}],"replies":[{"embeddable":true,"href":"https:\/\/www.suno.com.br\/noticias\/wp-json\/wp\/v2\/comments?post=17685"}],"version-history":[{"count":0,"href":"https:\/\/www.suno.com.br\/noticias\/wp-json\/wp\/v2\/posts\/17685\/revisions"}],"wp:featuredmedia":[{"embeddable":true,"href":"https:\/\/www.suno.com.br\/noticias\/wp-json\/wp\/v2\/media\/11416"}],"wp:attachment":[{"href":"https:\/\/www.suno.com.br\/noticias\/wp-json\/wp\/v2\/media?parent=17685"}],"wp:term":[{"taxonomy":"category","embeddable":true,"href":"https:\/\/www.suno.com.br\/noticias\/wp-json\/wp\/v2\/categories?post=17685"},{"taxonomy":"post_tag","embeddable":true,"href":"https:\/\/www.suno.com.br\/noticias\/wp-json\/wp\/v2\/tags?post=17685"},{"taxonomy":"suno_strategy","embeddable":true,"href":"https:\/\/www.suno.com.br\/noticias\/wp-json\/wp\/v2\/suno_strategy?post=17685"}],"curies":[{"name":"wp","href":"https:\/\/api.w.org\/{rel}","templated":true}]}}