{"id":176783,"date":"2021-08-20T09:37:23","date_gmt":"2021-08-20T12:37:23","guid":{"rendered":"https:\/\/www.suno.com.br\/noticias\/?p=176783"},"modified":"2021-08-20T09:37:23","modified_gmt":"2021-08-20T12:37:23","slug":"com-tensao-de-greve-dos-caminhoneiros-bolsonaro-fala-em-zerar-pis-cofins-do-diesel","status":"publish","type":"post","link":"https:\/\/www.suno.com.br\/noticias\/com-tensao-de-greve-dos-caminhoneiros-bolsonaro-fala-em-zerar-pis-cofins-do-diesel\/","title":{"rendered":"Com tens\u00e3o de greve dos caminhoneiros, Bolsonaro fala em zerar PIS-Cofins do diesel"},"content":{"rendered":"<p>H\u00e1 possibilidade de o Governo Federal zerar o <a href=\"https:\/\/www.suno.com.br\/artigos\/cofins\/\">PIS-Cofins<\/a> que incide sobre o \u00f3leo <strong>diesel<\/strong> j\u00e1 em janeiro de 2022, segundo informado pelo presidente Jair Bolsonaro (sem partido), que discutiu a quest\u00e3o com o ministro da Economia, Paulo Guedes.<\/p>\t<div class=\"wrapper-featured-image\">\n\t\t<figure class=\"spotlightImg\">\n\n\t\t\t<picture>\n\t\t\t\t<source media=\"(max-width: 768px)\" srcset=\"https:\/\/files.sunoresearch.com.br\/n\/uploads\/2021\/03\/7417be8e-jair-bolsonaro-foto-isac-nobrega-pr-400x200.webp\">\n\t\t\t\t<img loading=\"lazy\" decoding=\"async\" class=\"newsContent__article__imgCapa lazyloadDisabled \" src=\"https:\/\/files.sunoresearch.com.br\/n\/uploads\/2021\/03\/7417be8e-jair-bolsonaro-foto-isac-nobrega-pr-800x450.webp\" width=\"800\" height=\"450\" alt=\"Com tens\u00e3o de greve dos caminhoneiros, Bolsonaro fala em zerar PIS-Cofins do diesel\" fetchpriority=high \/>\n\t\t\t<\/picture>\n\n\t\t\t<figcaption class=\"wp-caption-text wp-caption-text--show\">Medida sobre o diesel j\u00e1 havia sido aprovada previamente, mas foi formalizada somente hoje no DOU - Foto: Isac N\u00f3brega PR<\/figcaption>\n\t\t<\/figure>\n\t<\/div>\n\n\n\t<p>\n\t\t<a href=\"https:\/\/lp.suno.com.br\/planilha-controle-gastos\/\" target=\"_blank\" data-element=\"shortcode-suno-banner\" title=\"Banner SUNO, clique e saiba mais\">\n\t\t\t<picture>\n\t\t\t\t<source media=\"(max-width: 500px)\" srcset=\"https:\/\/files.sunoresearch.com.br\/n\/uploads\/2023\/03\/400x300-Planilha-controle-de-gastos.png\">\n\t\t\t\t<img class=\"newsContent__article__imgCapa newsContent__article__imgCapa--banner\"\n\t\t\t\t\tsrc=\"https:\/\/files.sunoresearch.com.br\/n\/uploads\/2023\/03\/1420x240-Planilha-controle-de-gastos.png\"\n\t\t\t\t\tdata-promo-id=\"101751\"\t\t\t\t\t\t\t\t\t\twidth='1420' height='240'\t\t\t\t\talt=\"https:\/\/files.sunoresearch.com.br\/n\/uploads\/2023\/03\/1420x240-Planilha-controle-de-gastos.png\"\n\t\t\t\t>\n\t\t\t<\/picture>\n\t\t<\/a>\n\t<\/p>\n\n\n<p>De acordo com o presidente, durante transmiss\u00e3o semanal ao vivo nesta quinta-feira (19), a medida sobre o diesel deve ter impacto de R$ 17 bilh\u00f5es nas <a href=\"https:\/\/www.suno.com.br\/artigos\/teto-de-gastos\/\"><strong>contas p\u00fablicas<\/strong><\/a>.<\/p>\n<p>Entre as op\u00e7\u00f5es para compensar a perda, <strong>Bolsonaro<\/strong> destacou a redu\u00e7\u00e3o de subs\u00eddios dados a outros setores.<\/p>\n<p>&#8220;Temos que reduzir 10% dos subs\u00eddios no corrente ano. E quando h\u00e1 redu\u00e7\u00e3o, h\u00e1 margem para se fazer isso chegar em outro local. Os 10% s\u00e3o da ordem de R$ 15 bilh\u00f5es. Devemos achar R$ 17 bilh\u00f5es para tapar um buraco. Faltam R$ 2 bilh\u00f5es, mas a gente vai se virar&#8221;, afirmou o presidente.<\/p>\n\t<div data-element=\"shortcode-read-more\" class=\"knowMore\">\n\t\t\t\t<span class=\"knowMore__title\">Leia mais<\/span>\n\t\t\t\t<a class=\"knowMore__link\" href=\"https:\/\/www.suno.com.br\/noticias\/alta-diesel-greve-dos-caminhoneiros\/\">\n\t\t\tAlta do diesel surpreende e greve dos caminhoneiros ganha for\u00e7a, diz CNTRC\t\t<\/a>\n\t<\/div>\n\n\n<p>Apesar do an\u00fancio, Bolsonaro refor\u00e7ou que a medida n\u00e3o \u00e9 certa ainda.<\/p>\n<p>&#8220;Pretendo! N\u00e3o vou dizer que vou conseguir, mas conversei com o <a href=\"https:\/\/www.suno.com.br\/artigos\/paulo-guedes\">Paulo Guedes<\/a> e existe uma chance &#8211; n\u00e3o me cobrem porque est\u00e1 em estudo ainda &#8211; de zerarmos o <strong>PIS-Cofins<\/strong> do diesel a partir de janeiro do ano que vem. Hoje em dia arrecadamos algo na ordem de R$ 17 bilh\u00f5es. Temos que achar algo compensador para isso, n\u00e3o basta dar uma canetada&#8221;, afirmou o presidente.<\/p>\n\t<p>\n\t\t<a href=\"https:\/\/lp.suno.com.br\/planilha-da-vida-financeira\/\" target=\"_blank\" data-element=\"shortcode-suno-banner\" title=\"Banner SUNO, clique e saiba mais\">\n\t\t\t<picture>\n\t\t\t\t<source media=\"(max-width: 500px)\" srcset=\"https:\/\/files.sunoresearch.com.br\/n\/uploads\/2023\/04\/400x300-Planilha-vida-financeira-true.png\">\n\t\t\t\t<img class=\"newsContent__article__imgCapa newsContent__article__imgCapa--banner\"\n\t\t\t\t\tsrc=\"https:\/\/files.sunoresearch.com.br\/n\/uploads\/2023\/04\/1420x240-Planilha-vida-financeira-true.png\"\n\t\t\t\t\tdata-promo-id=\"106682\"\t\t\t\t\t\t\t\t\t\twidth='1420' height='240'\t\t\t\t\talt=\"https:\/\/files.sunoresearch.com.br\/n\/uploads\/2023\/04\/1420x240-Planilha-vida-financeira-true.png\"\n\t\t\t\t>\n\t\t\t<\/picture>\n\t\t<\/a>\n\t<\/p>\n\n\n<p>Durante a transmiss\u00e3o, o presidente voltou a cobrar que governadores zerassem tamb\u00e9m a cobran\u00e7a do ICMS sobre combust\u00edveis e g\u00e1s de cozinha. Segundo Bolsonaro, ao menos, o <a href=\"https:\/\/www.suno.com.br\/artigos\/icms\/\">ICMS<\/a> deveria ter um valor nominal definido por cada Estado.<\/p>\n<h2>Diesel pode ser piv\u00f4 para greve dos caminhoneiros<\/h2>\n<p>O primeiro reajuste de combust\u00edveis da gest\u00e3o do general Joaquim Silva e Luna na <a class=\"suno-keyword\" href=\"https:\/\/www.suno.com.br\/acoes\/PETR4\/\" target=\"_blank\" rel=\"noopener noreferrer\" data-force=\"yes\" data-priority=\"2\">Petrobras (PETR4)<\/a> pegou os <strong>caminhoneiros<\/strong> de surpresa, j\u00e1 que os membros do Conselho Nacional do Transporte Rodovi\u00e1rio de Cargas (CNTRC) se reuniram com o presidente da estatal e pediram para que o pre\u00e7o do diesel n\u00e3o subisse.<\/p>\n\t<p>\n\t\t<a href=\"https:\/\/lp.suno.com.br\/ebook-como-analisar-uma-acao\/\" target=\"_blank\" data-element=\"shortcode-suno-banner\" title=\"Banner SUNO, clique e saiba mais\">\n\t\t\t<picture>\n\t\t\t\t<source media=\"(max-width: 500px)\" srcset=\"https:\/\/files.sunoresearch.com.br\/n\/uploads\/2023\/03\/Ebook-Acoes-Mobile-1.jpg\">\n\t\t\t\t<img class=\"newsContent__article__imgCapa newsContent__article__imgCapa--banner\"\n\t\t\t\t\tsrc=\"https:\/\/files.sunoresearch.com.br\/n\/uploads\/2023\/03\/Ebook-Acoes-Desktop-1.jpg\"\n\t\t\t\t\tdata-promo-id=\"171998\"\t\t\t\t\t\t\t\t\t\twidth='1420' height='286'\t\t\t\t\talt=\"https:\/\/files.sunoresearch.com.br\/n\/uploads\/2023\/03\/Ebook-Acoes-Desktop-1.jpg\"\n\t\t\t\t>\n\t\t\t<\/picture>\n\t\t<\/a>\n\t<\/p>\n\n\n<p>&#8220;Deixamos claro na reuni\u00e3o que se o diesel subisse ia afetar seriamente n\u00e3o s\u00f3 os caminhoneiros, mas a sociedade em geral, que j\u00e1 est\u00e1 muito pressionada&#8221;, disse Pl\u00ednio Nestor Dias, presidente do CNTRC.<\/p>\n<p>Apesar de ter baixo impacto na <a href=\"https:\/\/www.suno.com.br\/artigos\/inflacao\"><strong>infla\u00e7\u00e3o oficial (IPCA)<\/strong><\/a>, a alta do diesel afeta toda a cadeia produtiva, que depende do frete rodovi\u00e1rio para distribui\u00e7\u00e3o no Pa\u00eds.<\/p>\n<p>&#8220;Meu celular n\u00e3o parou o dia todo, s\u00e3o caminhoneiros querendo saber o que aconteceu. Vamos tra\u00e7ar nossa estrat\u00e9gia para ningu\u00e9m sair prejudicado, mas vai ter greve&#8221;, informou Dias.<\/p>\n<p>A revis\u00e3o da <a href=\"https:\/\/www.suno.com.br\/noticias\/petrobras-petr4-precos-internacionais-mourao\/\">pol\u00edtica de pre\u00e7os<\/a> do \u00f3leo <strong>diesel<\/strong> da Petrobras \u00e9 a principal pauta da agenda do movimento.<\/p>\n<p><em>Com informa\u00e7\u00f5es do Estad\u00e3o Conte\u00fado<\/em><\/p>\n\t<p>\n\t\t<a href=\"https:\/\/lp.suno.com.br\/planilha-de-controle-de-investimentos\/\" target=\"_blank\" data-element=\"shortcode-suno-banner\" title=\"Banner SUNO, clique e saiba mais\">\n\t\t\t<picture>\n\t\t\t\t<source media=\"(max-width: 500px)\" srcset=\"https:\/\/files.sunoresearch.com.br\/n\/uploads\/2023\/03\/400x300-Controle-de-Investimentos.png\">\n\t\t\t\t<img class=\"newsContent__article__imgCapa newsContent__article__imgCapa--banner\"\n\t\t\t\t\tsrc=\"https:\/\/files.sunoresearch.com.br\/n\/uploads\/2023\/03\/1420x240-Controle-de-Investimentos.png\"\n\t\t\t\t\tdata-promo-id=\"75934\"\t\t\t\t\t\t\t\t\t\twidth='1420' height='240'\t\t\t\t\talt=\"https:\/\/files.sunoresearch.com.br\/n\/uploads\/2023\/03\/1420x240-Controle-de-Investimentos.png\"\n\t\t\t\t>\n\t\t\t<\/picture>\n\t\t<\/a>\n\t<\/p>\n\n\n","protected":false},"excerpt":{"rendered":"<p>H\u00e1 possibilidade de o Governo Federal zerar o PIS-Cofins que incide sobre o \u00f3leo diesel j\u00e1 em janeiro de 2022, segundo informado pelo presidente Jair Bolsonaro (sem partido), que discutiu a quest\u00e3o com o ministro da Economia, Paulo Guedes. Medida sobre o diesel j\u00e1 havia sido aprovada previamente, mas foi formalizada somente hoje no DOU [&hellip;]<\/p>\n","protected":false},"author":73,"featured_media":137091,"comment_status":"closed","ping_status":"closed","sticky":false,"template":"","format":"standard","meta":[],"categories":[61],"tags":[106444,76283,1437,1192,704,719,595,835],"suno_strategy":[],"class_list":["post-176783","post","type-post","status-publish","format-standard","has-post-thumbnail","hentry","category-politica","tag-agencias","tag-cofins","tag-combustiveis","tag-diesel","tag-impostos","tag-jair-bolsonaro","tag-petrobras-petr4","tag-pis"],"yoast_head":"<!-- This site is optimized with the Yoast SEO plugin v24.4 - https:\/\/yoast.com\/wordpress\/plugins\/seo\/ -->\n<title>Bolsonaro fala em zerar PIS-Cofins do diesel em meio \u00e0 tens\u00e3o<\/title>\n<meta name=\"description\" content=\"Tens\u00e3o com greve dos caminhoneiros veio ap\u00f3s o primeiro reajuste no pre\u00e7o do diesel na gest\u00e3o Silva e Luna da Petrobras. Leia mais.\" \/>\n<meta name=\"robots\" content=\"index, follow, max-snippet:-1, max-image-preview:large, max-video-preview:-1\" \/>\n<link rel=\"canonical\" href=\"https:\/\/www.suno.com.br\/noticias\/com-tensao-de-greve-dos-caminhoneiros-bolsonaro-fala-em-zerar-pis-cofins-do-diesel\/\" \/>\n<meta property=\"og:locale\" content=\"pt_BR\" \/>\n<meta property=\"og:type\" content=\"article\" \/>\n<meta property=\"og:title\" content=\"Bolsonaro fala em zerar PIS-Cofins do diesel em meio \u00e0 tens\u00e3o\" \/>\n<meta property=\"og:description\" content=\"Tens\u00e3o com greve dos caminhoneiros veio ap\u00f3s o primeiro reajuste no pre\u00e7o do diesel na gest\u00e3o Silva e Luna da Petrobras. Leia mais.\" \/>\n<meta property=\"og:url\" content=\"https:\/\/www.suno.com.br\/noticias\/com-tensao-de-greve-dos-caminhoneiros-bolsonaro-fala-em-zerar-pis-cofins-do-diesel\/\" \/>\n<meta property=\"og:site_name\" content=\"Suno Not\u00edcias\" \/>\n<meta property=\"article:publisher\" content=\"https:\/\/facebook.com\/sunoresearch\" \/>\n<meta property=\"og:image\" content=\"https:\/\/files.sunoresearch.com.br\/n\/uploads\/2021\/03\/7417be8e-jair-bolsonaro-foto-isac-nobrega-pr.jpg\" \/>\n\t<meta property=\"og:image:width\" content=\"1200\" \/>\n\t<meta property=\"og:image:height\" content=\"800\" \/>\n\t<meta property=\"og:image:type\" content=\"image\/jpeg\" \/>\n<meta name=\"author\" content=\"Eduardo Vargas\" \/>\n<meta name=\"twitter:card\" content=\"summary_large_image\" \/>\n<meta name=\"twitter:creator\" content=\"@sunoresearch\" \/>\n<meta name=\"twitter:site\" content=\"@sunoresearch\" \/>\n<meta name=\"twitter:label1\" content=\"Escrito por\" \/>\n\t<meta name=\"twitter:data1\" content=\"Eduardo Vargas\" \/>\n\t<meta name=\"twitter:label2\" content=\"Est. tempo de leitura\" \/>\n\t<meta name=\"twitter:data2\" content=\"2 minutos\" \/>\n<script type=\"application\/ld+json\" class=\"yoast-schema-graph\">{\"@context\":\"https:\/\/schema.org\",\"@graph\":[{\"@type\":\"NewsArticle\",\"@id\":\"https:\/\/www.suno.com.br\/noticias\/com-tensao-de-greve-dos-caminhoneiros-bolsonaro-fala-em-zerar-pis-cofins-do-diesel\/#article\",\"isPartOf\":{\"@id\":\"https:\/\/www.suno.com.br\/noticias\/com-tensao-de-greve-dos-caminhoneiros-bolsonaro-fala-em-zerar-pis-cofins-do-diesel\/\"},\"author\":{\"name\":\"Eduardo Vargas\",\"@id\":\"https:\/\/www.suno.com.br\/noticias\/#\/schema\/person\/7f4d362bf3518e76090143ae77bb49a5\"},\"headline\":\"Com tens\u00e3o de greve dos caminhoneiros, Bolsonaro fala em zerar PIS-Cofins do diesel\",\"datePublished\":\"2021-08-20T12:37:23+00:00\",\"mainEntityOfPage\":{\"@id\":\"https:\/\/www.suno.com.br\/noticias\/com-tensao-de-greve-dos-caminhoneiros-bolsonaro-fala-em-zerar-pis-cofins-do-diesel\/\"},\"wordCount\":495,\"publisher\":{\"@id\":\"https:\/\/www.suno.com.br\/noticias\/#organization\"},\"image\":{\"@id\":\"https:\/\/www.suno.com.br\/noticias\/com-tensao-de-greve-dos-caminhoneiros-bolsonaro-fala-em-zerar-pis-cofins-do-diesel\/#primaryimage\"},\"thumbnailUrl\":\"https:\/\/files.sunoresearch.com.br\/n\/uploads\/2021\/03\/7417be8e-jair-bolsonaro-foto-isac-nobrega-pr-jpg.webp\",\"keywords\":[\"Ag\u00eancias\",\"COFINS\",\"combust\u00edveis\",\"diesel\",\"impostos\",\"Jair Bolsonaro\",\"Petrobras (PETR4)\",\"PIS\"],\"articleSection\":[\"Pol\u00edtica\"],\"inLanguage\":\"pt-BR\"},{\"@type\":\"WebPage\",\"@id\":\"https:\/\/www.suno.com.br\/noticias\/com-tensao-de-greve-dos-caminhoneiros-bolsonaro-fala-em-zerar-pis-cofins-do-diesel\/\",\"url\":\"https:\/\/www.suno.com.br\/noticias\/com-tensao-de-greve-dos-caminhoneiros-bolsonaro-fala-em-zerar-pis-cofins-do-diesel\/\",\"name\":\"Bolsonaro fala em zerar PIS-Cofins do diesel em meio \u00e0 tens\u00e3o\",\"isPartOf\":{\"@id\":\"https:\/\/www.suno.com.br\/noticias\/#website\"},\"primaryImageOfPage\":{\"@id\":\"https:\/\/www.suno.com.br\/noticias\/com-tensao-de-greve-dos-caminhoneiros-bolsonaro-fala-em-zerar-pis-cofins-do-diesel\/#primaryimage\"},\"image\":{\"@id\":\"https:\/\/www.suno.com.br\/noticias\/com-tensao-de-greve-dos-caminhoneiros-bolsonaro-fala-em-zerar-pis-cofins-do-diesel\/#primaryimage\"},\"thumbnailUrl\":\"https:\/\/files.sunoresearch.com.br\/n\/uploads\/2021\/03\/7417be8e-jair-bolsonaro-foto-isac-nobrega-pr-jpg.webp\",\"datePublished\":\"2021-08-20T12:37:23+00:00\",\"description\":\"Tens\u00e3o com greve dos caminhoneiros veio ap\u00f3s o primeiro reajuste no pre\u00e7o do diesel na gest\u00e3o Silva e Luna da Petrobras. Leia mais.\",\"breadcrumb\":{\"@id\":\"https:\/\/www.suno.com.br\/noticias\/com-tensao-de-greve-dos-caminhoneiros-bolsonaro-fala-em-zerar-pis-cofins-do-diesel\/#breadcrumb\"},\"inLanguage\":\"pt-BR\",\"potentialAction\":[{\"@type\":\"ReadAction\",\"target\":[\"https:\/\/www.suno.com.br\/noticias\/com-tensao-de-greve-dos-caminhoneiros-bolsonaro-fala-em-zerar-pis-cofins-do-diesel\/\"]}]},{\"@type\":\"ImageObject\",\"inLanguage\":\"pt-BR\",\"@id\":\"https:\/\/www.suno.com.br\/noticias\/com-tensao-de-greve-dos-caminhoneiros-bolsonaro-fala-em-zerar-pis-cofins-do-diesel\/#primaryimage\",\"url\":\"https:\/\/files.sunoresearch.com.br\/n\/uploads\/2021\/03\/7417be8e-jair-bolsonaro-foto-isac-nobrega-pr-jpg.webp\",\"contentUrl\":\"https:\/\/files.sunoresearch.com.br\/n\/uploads\/2021\/03\/7417be8e-jair-bolsonaro-foto-isac-nobrega-pr-jpg.webp\",\"width\":1200,\"height\":800,\"caption\":\"Medida sobre o diesel j\u00e1 havia sido aprovada previamente, mas foi formalizada somente hoje no DOU - Foto: Isac N\u00f3brega PR\"},{\"@type\":\"BreadcrumbList\",\"@id\":\"https:\/\/www.suno.com.br\/noticias\/com-tensao-de-greve-dos-caminhoneiros-bolsonaro-fala-em-zerar-pis-cofins-do-diesel\/#breadcrumb\",\"itemListElement\":[{\"@type\":\"ListItem\",\"position\":1,\"name\":\"Not\u00edcias\",\"item\":\"https:\/\/www.suno.com.br\/noticias\/\"},{\"@type\":\"ListItem\",\"position\":2,\"name\":\"Pol\u00edtica\",\"item\":\"https:\/\/www.suno.com.br\/noticias\/politica\/\"},{\"@type\":\"ListItem\",\"position\":3,\"name\":\"Com tens\u00e3o de greve dos caminhoneiros, Bolsonaro fala em zerar PIS-Cofins do diesel\"}]},{\"@type\":\"WebSite\",\"@id\":\"https:\/\/www.suno.com.br\/noticias\/#website\",\"url\":\"https:\/\/www.suno.com.br\/noticias\/\",\"name\":\"Suno Not\u00edcias\",\"description\":\"Seu portal de informa\u00e7\u00e3o sobre o mundo dos investimentos\",\"publisher\":{\"@id\":\"https:\/\/www.suno.com.br\/noticias\/#organization\"},\"potentialAction\":[{\"@type\":\"SearchAction\",\"target\":{\"@type\":\"EntryPoint\",\"urlTemplate\":\"https:\/\/www.suno.com.br\/noticias\/?s={search_term_string}\"},\"query-input\":{\"@type\":\"PropertyValueSpecification\",\"valueRequired\":true,\"valueName\":\"search_term_string\"}}],\"inLanguage\":\"pt-BR\"},{\"@type\":\"Organization\",\"@id\":\"https:\/\/www.suno.com.br\/noticias\/#organization\",\"name\":\"Suno Not\u00edcias\",\"url\":\"https:\/\/www.suno.com.br\/noticias\/\",\"logo\":{\"@type\":\"ImageObject\",\"inLanguage\":\"pt-BR\",\"@id\":\"https:\/\/www.suno.com.br\/noticias\/#\/schema\/logo\/image\/\",\"url\":\"https:\/\/files.sunoresearch.com.br\/n\/uploads\/2021\/09\/suno-logo.png\",\"contentUrl\":\"https:\/\/files.sunoresearch.com.br\/n\/uploads\/2021\/09\/suno-logo.png\",\"width\":180,\"height\":180,\"caption\":\"Suno Not\u00edcias\"},\"image\":{\"@id\":\"https:\/\/www.suno.com.br\/noticias\/#\/schema\/logo\/image\/\"},\"sameAs\":[\"https:\/\/facebook.com\/sunoresearch\",\"https:\/\/x.com\/sunoresearch\",\"https:\/\/www.instagram.com\/suno\",\"https:\/\/www.linkedin.com\/company\/suno-research\/\",\"https:\/\/www.youtube.com\/c\/sunoresearch\"]},{\"@type\":\"Person\",\"@id\":\"https:\/\/www.suno.com.br\/noticias\/#\/schema\/person\/7f4d362bf3518e76090143ae77bb49a5\",\"name\":\"Eduardo Vargas\",\"image\":{\"@type\":\"ImageObject\",\"inLanguage\":\"pt-BR\",\"@id\":\"https:\/\/www.suno.com.br\/noticias\/#\/schema\/person\/image\/\",\"url\":\"https:\/\/secure.gravatar.com\/avatar\/dac340933427a22924c9f99d1eb2e3f2?s=96&r=g\",\"contentUrl\":\"https:\/\/secure.gravatar.com\/avatar\/dac340933427a22924c9f99d1eb2e3f2?s=96&r=g\",\"caption\":\"Eduardo Vargas\"},\"description\":\"Jornalista formado pela UFSC, cobre macroeconomia, neg\u00f3cios e startups para o Suno Not\u00edcias, escrevendo principalmente not\u00edcias sobre o mercado financeiro e a bolsa de valores. No YouTube e no Instagram, \u00e9 respons\u00e1vel pela produ\u00e7\u00e3o de Reels e Shorts do Suno Not\u00edcias. Anteriormente, trabalhou cobrindo economia e cotidiano no ND+ e para o ND, maior jornal impresso de Santa Catarina. Cursou um semestre letivo de Estudos de M\u00eddia na Universidad de Buenos Aires.\",\"url\":\"https:\/\/www.suno.com.br\/noticias\/author\/eduardo-vargas\/\"}]}<\/script>\n<!-- \/ Yoast SEO plugin. -->","yoast_head_json":{"title":"Bolsonaro fala em zerar PIS-Cofins do diesel em meio \u00e0 tens\u00e3o","description":"Tens\u00e3o com greve dos caminhoneiros veio ap\u00f3s o primeiro reajuste no pre\u00e7o do diesel na gest\u00e3o Silva e Luna da Petrobras. Leia mais.","robots":{"index":"index","follow":"follow","max-snippet":"max-snippet:-1","max-image-preview":"max-image-preview:large","max-video-preview":"max-video-preview:-1"},"canonical":"https:\/\/www.suno.com.br\/noticias\/com-tensao-de-greve-dos-caminhoneiros-bolsonaro-fala-em-zerar-pis-cofins-do-diesel\/","og_locale":"pt_BR","og_type":"article","og_title":"Bolsonaro fala em zerar PIS-Cofins do diesel em meio \u00e0 tens\u00e3o","og_description":"Tens\u00e3o com greve dos caminhoneiros veio ap\u00f3s o primeiro reajuste no pre\u00e7o do diesel na gest\u00e3o Silva e Luna da Petrobras. Leia mais.","og_url":"https:\/\/www.suno.com.br\/noticias\/com-tensao-de-greve-dos-caminhoneiros-bolsonaro-fala-em-zerar-pis-cofins-do-diesel\/","og_site_name":"Suno Not\u00edcias","article_publisher":"https:\/\/facebook.com\/sunoresearch","og_image":[{"width":1200,"height":800,"url":"https:\/\/files.sunoresearch.com.br\/n\/uploads\/2021\/03\/7417be8e-jair-bolsonaro-foto-isac-nobrega-pr.jpg","type":"image\/jpeg"}],"author":"Eduardo Vargas","twitter_card":"summary_large_image","twitter_creator":"@sunoresearch","twitter_site":"@sunoresearch","twitter_misc":{"Escrito por":"Eduardo Vargas","Est. tempo de leitura":"2 minutos"},"schema":{"@context":"https:\/\/schema.org","@graph":[{"@type":"NewsArticle","@id":"https:\/\/www.suno.com.br\/noticias\/com-tensao-de-greve-dos-caminhoneiros-bolsonaro-fala-em-zerar-pis-cofins-do-diesel\/#article","isPartOf":{"@id":"https:\/\/www.suno.com.br\/noticias\/com-tensao-de-greve-dos-caminhoneiros-bolsonaro-fala-em-zerar-pis-cofins-do-diesel\/"},"author":{"name":"Eduardo Vargas","@id":"https:\/\/www.suno.com.br\/noticias\/#\/schema\/person\/7f4d362bf3518e76090143ae77bb49a5"},"headline":"Com tens\u00e3o de greve dos caminhoneiros, Bolsonaro fala em zerar PIS-Cofins do diesel","datePublished":"2021-08-20T12:37:23+00:00","mainEntityOfPage":{"@id":"https:\/\/www.suno.com.br\/noticias\/com-tensao-de-greve-dos-caminhoneiros-bolsonaro-fala-em-zerar-pis-cofins-do-diesel\/"},"wordCount":495,"publisher":{"@id":"https:\/\/www.suno.com.br\/noticias\/#organization"},"image":{"@id":"https:\/\/www.suno.com.br\/noticias\/com-tensao-de-greve-dos-caminhoneiros-bolsonaro-fala-em-zerar-pis-cofins-do-diesel\/#primaryimage"},"thumbnailUrl":"https:\/\/files.sunoresearch.com.br\/n\/uploads\/2021\/03\/7417be8e-jair-bolsonaro-foto-isac-nobrega-pr-jpg.webp","keywords":["Ag\u00eancias","COFINS","combust\u00edveis","diesel","impostos","Jair Bolsonaro","Petrobras (PETR4)","PIS"],"articleSection":["Pol\u00edtica"],"inLanguage":"pt-BR"},{"@type":"WebPage","@id":"https:\/\/www.suno.com.br\/noticias\/com-tensao-de-greve-dos-caminhoneiros-bolsonaro-fala-em-zerar-pis-cofins-do-diesel\/","url":"https:\/\/www.suno.com.br\/noticias\/com-tensao-de-greve-dos-caminhoneiros-bolsonaro-fala-em-zerar-pis-cofins-do-diesel\/","name":"Bolsonaro fala em zerar PIS-Cofins do diesel em meio \u00e0 tens\u00e3o","isPartOf":{"@id":"https:\/\/www.suno.com.br\/noticias\/#website"},"primaryImageOfPage":{"@id":"https:\/\/www.suno.com.br\/noticias\/com-tensao-de-greve-dos-caminhoneiros-bolsonaro-fala-em-zerar-pis-cofins-do-diesel\/#primaryimage"},"image":{"@id":"https:\/\/www.suno.com.br\/noticias\/com-tensao-de-greve-dos-caminhoneiros-bolsonaro-fala-em-zerar-pis-cofins-do-diesel\/#primaryimage"},"thumbnailUrl":"https:\/\/files.sunoresearch.com.br\/n\/uploads\/2021\/03\/7417be8e-jair-bolsonaro-foto-isac-nobrega-pr-jpg.webp","datePublished":"2021-08-20T12:37:23+00:00","description":"Tens\u00e3o com greve dos caminhoneiros veio ap\u00f3s o primeiro reajuste no pre\u00e7o do diesel na gest\u00e3o Silva e Luna da Petrobras. Leia mais.","breadcrumb":{"@id":"https:\/\/www.suno.com.br\/noticias\/com-tensao-de-greve-dos-caminhoneiros-bolsonaro-fala-em-zerar-pis-cofins-do-diesel\/#breadcrumb"},"inLanguage":"pt-BR","potentialAction":[{"@type":"ReadAction","target":["https:\/\/www.suno.com.br\/noticias\/com-tensao-de-greve-dos-caminhoneiros-bolsonaro-fala-em-zerar-pis-cofins-do-diesel\/"]}]},{"@type":"ImageObject","inLanguage":"pt-BR","@id":"https:\/\/www.suno.com.br\/noticias\/com-tensao-de-greve-dos-caminhoneiros-bolsonaro-fala-em-zerar-pis-cofins-do-diesel\/#primaryimage","url":"https:\/\/files.sunoresearch.com.br\/n\/uploads\/2021\/03\/7417be8e-jair-bolsonaro-foto-isac-nobrega-pr-jpg.webp","contentUrl":"https:\/\/files.sunoresearch.com.br\/n\/uploads\/2021\/03\/7417be8e-jair-bolsonaro-foto-isac-nobrega-pr-jpg.webp","width":1200,"height":800,"caption":"Medida sobre o diesel j\u00e1 havia sido aprovada previamente, mas foi formalizada somente hoje no DOU - Foto: Isac N\u00f3brega PR"},{"@type":"BreadcrumbList","@id":"https:\/\/www.suno.com.br\/noticias\/com-tensao-de-greve-dos-caminhoneiros-bolsonaro-fala-em-zerar-pis-cofins-do-diesel\/#breadcrumb","itemListElement":[{"@type":"ListItem","position":1,"name":"Not\u00edcias","item":"https:\/\/www.suno.com.br\/noticias\/"},{"@type":"ListItem","position":2,"name":"Pol\u00edtica","item":"https:\/\/www.suno.com.br\/noticias\/politica\/"},{"@type":"ListItem","position":3,"name":"Com tens\u00e3o de greve dos caminhoneiros, Bolsonaro fala em zerar PIS-Cofins do diesel"}]},{"@type":"WebSite","@id":"https:\/\/www.suno.com.br\/noticias\/#website","url":"https:\/\/www.suno.com.br\/noticias\/","name":"Suno Not\u00edcias","description":"Seu portal de informa\u00e7\u00e3o sobre o mundo dos investimentos","publisher":{"@id":"https:\/\/www.suno.com.br\/noticias\/#organization"},"potentialAction":[{"@type":"SearchAction","target":{"@type":"EntryPoint","urlTemplate":"https:\/\/www.suno.com.br\/noticias\/?s={search_term_string}"},"query-input":{"@type":"PropertyValueSpecification","valueRequired":true,"valueName":"search_term_string"}}],"inLanguage":"pt-BR"},{"@type":"Organization","@id":"https:\/\/www.suno.com.br\/noticias\/#organization","name":"Suno Not\u00edcias","url":"https:\/\/www.suno.com.br\/noticias\/","logo":{"@type":"ImageObject","inLanguage":"pt-BR","@id":"https:\/\/www.suno.com.br\/noticias\/#\/schema\/logo\/image\/","url":"https:\/\/files.sunoresearch.com.br\/n\/uploads\/2021\/09\/suno-logo.png","contentUrl":"https:\/\/files.sunoresearch.com.br\/n\/uploads\/2021\/09\/suno-logo.png","width":180,"height":180,"caption":"Suno Not\u00edcias"},"image":{"@id":"https:\/\/www.suno.com.br\/noticias\/#\/schema\/logo\/image\/"},"sameAs":["https:\/\/facebook.com\/sunoresearch","https:\/\/x.com\/sunoresearch","https:\/\/www.instagram.com\/suno","https:\/\/www.linkedin.com\/company\/suno-research\/","https:\/\/www.youtube.com\/c\/sunoresearch"]},{"@type":"Person","@id":"https:\/\/www.suno.com.br\/noticias\/#\/schema\/person\/7f4d362bf3518e76090143ae77bb49a5","name":"Eduardo Vargas","image":{"@type":"ImageObject","inLanguage":"pt-BR","@id":"https:\/\/www.suno.com.br\/noticias\/#\/schema\/person\/image\/","url":"https:\/\/secure.gravatar.com\/avatar\/dac340933427a22924c9f99d1eb2e3f2?s=96&r=g","contentUrl":"https:\/\/secure.gravatar.com\/avatar\/dac340933427a22924c9f99d1eb2e3f2?s=96&r=g","caption":"Eduardo Vargas"},"description":"Jornalista formado pela UFSC, cobre macroeconomia, neg\u00f3cios e startups para o Suno Not\u00edcias, escrevendo principalmente not\u00edcias sobre o mercado financeiro e a bolsa de valores. No YouTube e no Instagram, \u00e9 respons\u00e1vel pela produ\u00e7\u00e3o de Reels e Shorts do Suno Not\u00edcias. Anteriormente, trabalhou cobrindo economia e cotidiano no ND+ e para o ND, maior jornal impresso de Santa Catarina. Cursou um semestre letivo de Estudos de M\u00eddia na Universidad de Buenos Aires.","url":"https:\/\/www.suno.com.br\/noticias\/author\/eduardo-vargas\/"}]}},"default_loop_html":"<div class=\"cardsPage__listCard__boxs\"><div class=\"cardsPage__listCard__boxs__img\"><a href=\"https:\/\/www.suno.com.br\/noticias\/com-tensao-de-greve-dos-caminhoneiros-bolsonaro-fala-em-zerar-pis-cofins-do-diesel\/\"><img class=\"mask\" src=\"https:\/\/www.suno.com.br\/noticias\/wp-content\/themes\/suno\/resources\/images\/spotlight\/spotlight1img\/bg-mask.png\" alt=\"Image Mask\"\/><img src=\"https:\/\/files.sunoresearch.com.br\/n\/uploads\/2021\/03\/7417be8e-jair-bolsonaro-foto-isac-nobrega-pr-400x200.webp\" alt=\"Com tens\u00e3o de greve dos caminhoneiros, Bolsonaro fala em zerar PIS-Cofins do diesel\"\/><\/a><span class=\"spotlightCategory\"><a href=\"https:\/\/www.suno.com.br\/noticias\/politica\/\">Pol\u00edtica<\/a><\/span><\/div><div class=\"cardsPage__listCard__boxs__content\"><a href=\"https:\/\/www.suno.com.br\/noticias\/com-tensao-de-greve-dos-caminhoneiros-bolsonaro-fala-em-zerar-pis-cofins-do-diesel\/\"><h2 class=\"content__title\">Com tens\u00e3o de greve dos caminhoneiros, Bolsonaro fala em zerar PIS-Cofins do diesel<\/h2><\/a><div class=\"newsContent__article__meta\"><div class=\"newsContent__article__meta__authorBox\"><a href=\"https:\/\/www.suno.com.br\/noticias\/author\/eduardo-vargas\/\" class=\"authorBox__avatar noMobi\"><img src=\"https:\/\/secure.gravatar.com\/avatar\/dac340933427a22924c9f99d1eb2e3f2?s=96&#038;r=g\" alt=\"Eduardo Vargas\"><\/a><div class=\"authorBox__name\"><span>por\n\t\t\t<a href=\"https:\/\/www.suno.com.br\/noticias\/author\/eduardo-vargas\/\"><span itemprop=\"author\">Eduardo Vargas<\/span><\/a><\/span><time datetime=\"2021-08-20T09:37:23-03:00\" itemprop=\"datePublished\">20\/08\/2021 09:37<\/time><\/div><\/div><\/div><\/div><\/div>","single_layout":"posts","amp_enabled":true,"_links":{"self":[{"href":"https:\/\/www.suno.com.br\/noticias\/wp-json\/wp\/v2\/posts\/176783"}],"collection":[{"href":"https:\/\/www.suno.com.br\/noticias\/wp-json\/wp\/v2\/posts"}],"about":[{"href":"https:\/\/www.suno.com.br\/noticias\/wp-json\/wp\/v2\/types\/post"}],"author":[{"embeddable":true,"href":"https:\/\/www.suno.com.br\/noticias\/wp-json\/wp\/v2\/users\/73"}],"replies":[{"embeddable":true,"href":"https:\/\/www.suno.com.br\/noticias\/wp-json\/wp\/v2\/comments?post=176783"}],"version-history":[{"count":2,"href":"https:\/\/www.suno.com.br\/noticias\/wp-json\/wp\/v2\/posts\/176783\/revisions"}],"predecessor-version":[{"id":176855,"href":"https:\/\/www.suno.com.br\/noticias\/wp-json\/wp\/v2\/posts\/176783\/revisions\/176855"}],"wp:featuredmedia":[{"embeddable":true,"href":"https:\/\/www.suno.com.br\/noticias\/wp-json\/wp\/v2\/media\/137091"}],"wp:attachment":[{"href":"https:\/\/www.suno.com.br\/noticias\/wp-json\/wp\/v2\/media?parent=176783"}],"wp:term":[{"taxonomy":"category","embeddable":true,"href":"https:\/\/www.suno.com.br\/noticias\/wp-json\/wp\/v2\/categories?post=176783"},{"taxonomy":"post_tag","embeddable":true,"href":"https:\/\/www.suno.com.br\/noticias\/wp-json\/wp\/v2\/tags?post=176783"},{"taxonomy":"suno_strategy","embeddable":true,"href":"https:\/\/www.suno.com.br\/noticias\/wp-json\/wp\/v2\/suno_strategy?post=176783"}],"curies":[{"name":"wp","href":"https:\/\/api.w.org\/{rel}","templated":true}]}}