{"id":176600,"date":"2021-08-19T17:13:24","date_gmt":"2021-08-19T20:13:24","guid":{"rendered":"https:\/\/www.suno.com.br\/noticias\/?p=176600"},"modified":"2021-08-19T17:24:15","modified_gmt":"2021-08-19T20:24:15","slug":"preco-commodities-desaba-fomc-incertas","status":"publish","type":"post","link":"https:\/\/www.suno.com.br\/noticias\/preco-commodities-desaba-fomc-incertas\/","title":{"rendered":"Pre\u00e7os das commodities desabam com sinaliza\u00e7\u00f5es do Fed e incertezas globais"},"content":{"rendered":"<p>Os <a href=\"https:\/\/www.suno.com.br\/artigos\/o-que-commodities\/\">pre\u00e7os das <strong>commodities<\/strong><\/a> despencaram nesta quinta-feira (19) acompanhando uma conjun\u00e7\u00e3o de drivers negativos nos mercados internacionais. O min\u00e9rio de ferro caiu 13% na China, enquanto os futuros de petr\u00f3leo recuam quase 2% nas bolsas de Nova York e Londres.<\/p>\t<div class=\"wrapper-featured-image\">\n\t\t<figure class=\"spotlightImg\">\n\n\t\t\t<picture>\n\t\t\t\t<source media=\"(max-width: 768px)\" srcset=\"https:\/\/files.sunoresearch.com.br\/n\/uploads\/2021\/08\/19374d22-mining-856023_1920-400x200.jpg\">\n\t\t\t\t<img loading=\"lazy\" decoding=\"async\" class=\"newsContent__article__imgCapa lazyloadDisabled \" src=\"https:\/\/files.sunoresearch.com.br\/n\/uploads\/2021\/08\/19374d22-mining-856023_1920-800x450.jpg\" width=\"800\" height=\"450\" alt=\"Pre\u00e7os das commodities desabam com sinaliza\u00e7\u00f5es do Fed e incertezas globais\" fetchpriority=high \/>\n\t\t\t<\/picture>\n\n\t\t\t<figcaption class=\"wp-caption-text wp-caption-text--show\">Minera\u00e7\u00e3o. Foto: Pixabay<\/figcaption>\n\t\t<\/figure>\n\t<\/div>\n\n\n\t<p>\n\t\t<a href=\"https:\/\/lp.suno.com.br\/planilha-controle-gastos\/\" target=\"_blank\" data-element=\"shortcode-suno-banner\" title=\"Banner SUNO, clique e saiba mais\">\n\t\t\t<picture>\n\t\t\t\t<source media=\"(max-width: 500px)\" srcset=\"https:\/\/files.sunoresearch.com.br\/n\/uploads\/2023\/03\/400x300-Planilha-controle-de-gastos.png\">\n\t\t\t\t<img class=\"newsContent__article__imgCapa newsContent__article__imgCapa--banner\"\n\t\t\t\t\tsrc=\"https:\/\/files.sunoresearch.com.br\/n\/uploads\/2023\/03\/1420x240-Planilha-controle-de-gastos.png\"\n\t\t\t\t\tdata-promo-id=\"101751\"\t\t\t\t\t\t\t\t\t\twidth='1420' height='240'\t\t\t\t\talt=\"https:\/\/files.sunoresearch.com.br\/n\/uploads\/2023\/03\/1420x240-Planilha-controle-de-gastos.png\"\n\t\t\t\t>\n\t\t\t<\/picture>\n\t\t<\/a>\n\t<\/p>\n\n\n<p>A derrocada no pre\u00e7o das commodities reflete, principalmente, a rea\u00e7\u00e3o dos mercados \u00e0 ata do <strong>Comit\u00ea Federal de Mercado Aberto (Fomc<\/strong>, na sigla em ingl\u00eas) divulgada na quarta-feira (18). O documento exp\u00f4s o entendimento da maioria dos dirigentes do Federal Reserve (Fed, o banco central dos Estados Unidos) de que pode ser apropriado iniciar a redu\u00e7\u00e3o do programa de compra de ativos ainda neste ano e at\u00e9 aumentar os juros.<\/p>\n<p>O debate revelado na <strong>ata do Fomc<\/strong> n\u00e3o foi de todo uma surpresa. Segundo <strong>Daniel Miraglia<\/strong>, economista-chefe do Integral Group, o que pegou o mercado no contrap\u00e9 foi a indica\u00e7\u00e3o de uma redu\u00e7\u00e3o do volume de compra ao mesmo tempo dos seguros de hipotecas (MBS) e dos T\u00edtulos do Tesouro (Treasuries), e n\u00e3o apenas pelas MBS.<\/p>\n<p>Embora ainda n\u00e3o haja consenso entre os integrantes do comit\u00ea de <a class=\"suno-keyword\" href=\"https:\/\/www.suno.com.br\/artigos\/politica-monetaria\/\" target=\"_blank\" rel=\"noopener\" data-force=\"no\" data-priority=\"1\">pol\u00edtica monet\u00e1ria<\/a>, a sinaliza\u00e7\u00e3o foi o estopim para uma rea\u00e7\u00e3o em cadeia. A possibilidade de retirada dos est\u00edmulos misturou-se a um movimento de corre\u00e7\u00e3o. As commodities vinham de uma trajet\u00f3ria forte de alta conforme os mercados precificavam o crescimento econ\u00f4mico para o p\u00f3s-Covid.<\/p>\n\t<p>\n\t\t<a href=\"https:\/\/lp.suno.com.br\/planilha-da-vida-financeira\/\" target=\"_blank\" data-element=\"shortcode-suno-banner\" title=\"Banner SUNO, clique e saiba mais\">\n\t\t\t<picture>\n\t\t\t\t<source media=\"(max-width: 500px)\" srcset=\"https:\/\/files.sunoresearch.com.br\/n\/uploads\/2023\/04\/400x300-Planilha-vida-financeira-true.png\">\n\t\t\t\t<img class=\"newsContent__article__imgCapa newsContent__article__imgCapa--banner\"\n\t\t\t\t\tsrc=\"https:\/\/files.sunoresearch.com.br\/n\/uploads\/2023\/04\/1420x240-Planilha-vida-financeira-true.png\"\n\t\t\t\t\tdata-promo-id=\"106682\"\t\t\t\t\t\t\t\t\t\twidth='1420' height='240'\t\t\t\t\talt=\"https:\/\/files.sunoresearch.com.br\/n\/uploads\/2023\/04\/1420x240-Planilha-vida-financeira-true.png\"\n\t\t\t\t>\n\t\t\t<\/picture>\n\t\t<\/a>\n\t<\/p>\n\n\n<p>Depois da retomada em &#8220;V&#8221;, analistas co\u00e7am a cabe\u00e7a para compreender para onde ir\u00e1 a economia mundial, enquanto o avan\u00e7o na dissemina\u00e7\u00e3o da <strong>variante delta<\/strong> nos Estados Unidos e na <a href=\"https:\/\/www.suno.com.br\/artigos\/uniao-europeia\/\">Uni\u00e3o Europeia (UE)<\/a> aumenta o receio de menor crescimento. O impacto recai especialmente sobre commodities sens\u00edveis \u00e0 atividade econ\u00f4mica, como min\u00e9rio de ferro e petr\u00f3leo.<\/p>\n<p>Ao mesmo tempo, a <strong>China<\/strong> tem registrado uma desacelera\u00e7\u00e3o, de acordo com os \u00faltimos dados de ind\u00fastria e varejo. A situa\u00e7\u00e3o se agrava por causa da restri\u00e7\u00e3o do pa\u00eds asi\u00e1tico \u00e0 produ\u00e7\u00e3o de a\u00e7o, cuja mat\u00e9ria-prima \u00e9 o min\u00e9rio de ferro.<\/p>\n<p>Para o economista Daniel Miraglia, o produto passou por um movimento de corre\u00e7\u00e3o\u00a0e continuar\u00e1 a oscilar conforme as revis\u00f5es de crescimento econ\u00f4mico para, enfim, encontrar um ponto de equil\u00edbrio, talvez inferior ao patamar atual.<\/p>\n<h2>Petr\u00f3leo cai &#8211; e d\u00f3lar se fortalece<\/h2>\n<p>O petr\u00f3leo registrou forte recuo nesta quinta-feira, pressionado pelo sentimento de avers\u00e3o global ao risco, ap\u00f3s o Fed, indicar que pode come\u00e7ar a redu\u00e7\u00e3o dos est\u00edmulos monet\u00e1rios neste ano nos Estados Unidos, em ata divulgada ontem. O movimento ainda provocou um fortalecimento do d\u00f3lar no mercado cambial, pesando sobre a demanda por ativos cotados na moeda americana, como \u00e9 o caso da commodity energ\u00e9tica.<\/p>\n<p>Na New York Mercantile Exchange (Nymex), o barril do petr\u00f3leo WTI com entrega prevista para outubro encerrou a sess\u00e3o em baixa de 2,62% (-US$ 1,71), a US$ 63,50, e o do Brent para igual m\u00eas cedeu 2,68% (-US$ 1,78) na Intercontinental Exchange (ICE), a US$ 66,45.<\/p>\n<p>\u00c9 o mesmo movimento provocado pela ata da \u00faltima reuni\u00e3o de pol\u00edtica monet\u00e1ria do Fomc: a maioria dos dirigentes da entidade est\u00e1 disposta a come\u00e7ar o <i>tapering<\/i>, como \u00e9 chamado o processo de retirada gradual dos est\u00edmulos, j\u00e1 em 2021. A not\u00edcia provocou uma corrida por ativos mais seguros, pesando sobre os contratos de petr\u00f3leo.<\/p>\n<p>Segundo o Commerzbank, &#8220;para al\u00e9m das amplamente discutidas incertezas sobre a demanda&#8221;, o fraco apetite por metais b\u00e1sicos e o fortalecimento do d\u00f3lar tamb\u00e9m prejudicaram o pre\u00e7o do \u00f3leo. Hoje, a moeda americana apreciou ante todas as principais moedas de economias desenvolvidas e emergentes durante a maior parte da sess\u00e3o. O banco alem\u00e3o destaca que o Brent registrou hoje sua quinta queda consecutiva, algo que n\u00e3o ocorria desde h\u00e1 18 meses.<\/p>\n<h2>Fim do ciclo das commodities?<\/h2>\n<p>Apesar do banho de sangue nesta quinta-feira, <strong>Mauro Rochlin<\/strong>, professor da Funda\u00e7\u00e3o Get\u00falio Vargas (FGV), disse ter prematura a ideia de um fim do ciclo das commodities, porque a movimenta\u00e7\u00e3o n\u00e3o \u00e9 generalizada.<\/p>\n<p>A retirada dos est\u00edmulos nos Estados Unidos e a dissemina\u00e7\u00e3o da variante delta podem afetar negativamente os pre\u00e7os, em raz\u00e3o da perspectiva de crescimento econ\u00f4mico mais reduzida, ponderou Rochlin. Mas <strong>commodities<\/strong> agr\u00edcolas, que devem desfrutar de <a href=\"https:\/\/www.suno.com.br\/artigos\/oferta-demanda\/\">demanda chinesa sustent\u00e1vel<\/a>, n\u00e3o parecem sofrer do mesmo mal, pelo menos n\u00e3o agora. \u00c9 cedo ainda para decretar a morte do ciclo.<\/p>\n<p><em>(Com Estad\u00e3o Conte\u00fado)<\/em><\/p>\n\t<p>\n\t\t<a href=\"https:\/\/lp.suno.com.br\/ebook-como-analisar-uma-acao\/\" target=\"_blank\" data-element=\"shortcode-suno-banner\" title=\"Banner SUNO, clique e saiba mais\">\n\t\t\t<picture>\n\t\t\t\t<source media=\"(max-width: 500px)\" srcset=\"https:\/\/files.sunoresearch.com.br\/n\/uploads\/2023\/03\/Ebook-Acoes-Mobile-1.jpg\">\n\t\t\t\t<img class=\"newsContent__article__imgCapa newsContent__article__imgCapa--banner\"\n\t\t\t\t\tsrc=\"https:\/\/files.sunoresearch.com.br\/n\/uploads\/2023\/03\/Ebook-Acoes-Desktop-1.jpg\"\n\t\t\t\t\tdata-promo-id=\"171998\"\t\t\t\t\t\t\t\t\t\twidth='1420' height='286'\t\t\t\t\talt=\"https:\/\/files.sunoresearch.com.br\/n\/uploads\/2023\/03\/Ebook-Acoes-Desktop-1.jpg\"\n\t\t\t\t>\n\t\t\t<\/picture>\n\t\t<\/a>\n\t<\/p>\n\n\n","protected":false},"excerpt":{"rendered":"<p>Os pre\u00e7os das commodities despencaram nesta quinta-feira (19) acompanhando uma conjun\u00e7\u00e3o de drivers negativos nos mercados internacionais. O min\u00e9rio de ferro caiu 13% na China, enquanto os futuros de petr\u00f3leo recuam quase 2% nas bolsas de Nova York e Londres. Minera\u00e7\u00e3o. Foto: Pixabay A derrocada no pre\u00e7o das commodities reflete, principalmente, a rea\u00e7\u00e3o dos mercados [&hellip;]<\/p>\n","protected":false},"author":35,"featured_media":176668,"comment_status":"closed","ping_status":"closed","sticky":false,"template":"","format":"standard","meta":[],"categories":[60],"tags":[711,94403,105816,2177],"suno_strategy":[],"class_list":["post-176600","post","type-post","status-publish","format-standard","has-post-thumbnail","hentry","category-mercado","tag-china","tag-commodities","tag-especialistas","tag-fomc"],"yoast_head":"<!-- This site is optimized with the Yoast SEO plugin v24.4 - https:\/\/yoast.com\/wordpress\/plugins\/seo\/ -->\n<title>Pre\u00e7o das commodities desaba com ata do Fomc e incertas globais<\/title>\n<meta name=\"description\" content=\"Os pre\u00e7os das commodities despencaram nos mercados internacionais e impactaram o Ibovespa hoje. Clique aqui para saber mais sobre o por qu\u00ea.\" \/>\n<meta name=\"robots\" content=\"index, follow, max-snippet:-1, max-image-preview:large, max-video-preview:-1\" \/>\n<link rel=\"canonical\" href=\"https:\/\/www.suno.com.br\/noticias\/preco-commodities-desaba-fomc-incertas\/\" \/>\n<meta property=\"og:locale\" content=\"pt_BR\" \/>\n<meta property=\"og:type\" content=\"article\" \/>\n<meta property=\"og:title\" content=\"Pre\u00e7o das commodities desaba com ata do Fomc e incertas globais\" \/>\n<meta property=\"og:description\" content=\"Os pre\u00e7os das commodities despencaram nos mercados internacionais e impactaram o Ibovespa hoje. Clique aqui para saber mais sobre o por qu\u00ea.\" \/>\n<meta property=\"og:url\" content=\"https:\/\/www.suno.com.br\/noticias\/preco-commodities-desaba-fomc-incertas\/\" \/>\n<meta property=\"og:site_name\" content=\"Suno Not\u00edcias\" \/>\n<meta property=\"article:publisher\" content=\"https:\/\/facebook.com\/sunoresearch\" \/>\n<meta property=\"og:image\" content=\"https:\/\/files.sunoresearch.com.br\/n\/uploads\/2021\/08\/19374d22-mining-856023_1920.jpg\" \/>\n\t<meta property=\"og:image:width\" content=\"1920\" \/>\n\t<meta property=\"og:image:height\" content=\"1440\" \/>\n\t<meta property=\"og:image:type\" content=\"image\/jpeg\" \/>\n<meta name=\"author\" content=\"Arthur Guimar\u00e3es\" \/>\n<meta name=\"twitter:card\" content=\"summary_large_image\" \/>\n<meta name=\"twitter:creator\" content=\"@sunoresearch\" \/>\n<meta name=\"twitter:site\" content=\"@sunoresearch\" \/>\n<meta name=\"twitter:label1\" content=\"Escrito por\" \/>\n\t<meta name=\"twitter:data1\" content=\"Arthur Guimar\u00e3es\" \/>\n\t<meta name=\"twitter:label2\" content=\"Est. tempo de leitura\" \/>\n\t<meta name=\"twitter:data2\" content=\"4 minutos\" \/>\n<script type=\"application\/ld+json\" class=\"yoast-schema-graph\">{\"@context\":\"https:\/\/schema.org\",\"@graph\":[{\"@type\":\"NewsArticle\",\"@id\":\"https:\/\/www.suno.com.br\/noticias\/preco-commodities-desaba-fomc-incertas\/#article\",\"isPartOf\":{\"@id\":\"https:\/\/www.suno.com.br\/noticias\/preco-commodities-desaba-fomc-incertas\/\"},\"author\":{\"name\":\"Arthur Guimar\u00e3es\",\"@id\":\"https:\/\/www.suno.com.br\/noticias\/#\/schema\/person\/053a750a709a263919a20f976caae91c\"},\"headline\":\"Pre\u00e7os das commodities desabam com sinaliza\u00e7\u00f5es do Fed e incertezas globais\",\"datePublished\":\"2021-08-19T20:13:24+00:00\",\"dateModified\":\"2021-08-19T20:24:15+00:00\",\"mainEntityOfPage\":{\"@id\":\"https:\/\/www.suno.com.br\/noticias\/preco-commodities-desaba-fomc-incertas\/\"},\"wordCount\":785,\"publisher\":{\"@id\":\"https:\/\/www.suno.com.br\/noticias\/#organization\"},\"image\":{\"@id\":\"https:\/\/www.suno.com.br\/noticias\/preco-commodities-desaba-fomc-incertas\/#primaryimage\"},\"thumbnailUrl\":\"https:\/\/files.sunoresearch.com.br\/n\/uploads\/2021\/08\/19374d22-mining-856023_1920.jpg\",\"keywords\":[\"China\",\"commodities\",\"Especialistas\",\"Fomc\"],\"articleSection\":[\"Mercado\"],\"inLanguage\":\"pt-BR\"},{\"@type\":\"WebPage\",\"@id\":\"https:\/\/www.suno.com.br\/noticias\/preco-commodities-desaba-fomc-incertas\/\",\"url\":\"https:\/\/www.suno.com.br\/noticias\/preco-commodities-desaba-fomc-incertas\/\",\"name\":\"Pre\u00e7o das commodities desaba com ata do Fomc e incertas globais\",\"isPartOf\":{\"@id\":\"https:\/\/www.suno.com.br\/noticias\/#website\"},\"primaryImageOfPage\":{\"@id\":\"https:\/\/www.suno.com.br\/noticias\/preco-commodities-desaba-fomc-incertas\/#primaryimage\"},\"image\":{\"@id\":\"https:\/\/www.suno.com.br\/noticias\/preco-commodities-desaba-fomc-incertas\/#primaryimage\"},\"thumbnailUrl\":\"https:\/\/files.sunoresearch.com.br\/n\/uploads\/2021\/08\/19374d22-mining-856023_1920.jpg\",\"datePublished\":\"2021-08-19T20:13:24+00:00\",\"dateModified\":\"2021-08-19T20:24:15+00:00\",\"description\":\"Os pre\u00e7os das commodities despencaram nos mercados internacionais e impactaram o Ibovespa hoje. Clique aqui para saber mais sobre o por qu\u00ea.\",\"breadcrumb\":{\"@id\":\"https:\/\/www.suno.com.br\/noticias\/preco-commodities-desaba-fomc-incertas\/#breadcrumb\"},\"inLanguage\":\"pt-BR\",\"potentialAction\":[{\"@type\":\"ReadAction\",\"target\":[\"https:\/\/www.suno.com.br\/noticias\/preco-commodities-desaba-fomc-incertas\/\"]}]},{\"@type\":\"ImageObject\",\"inLanguage\":\"pt-BR\",\"@id\":\"https:\/\/www.suno.com.br\/noticias\/preco-commodities-desaba-fomc-incertas\/#primaryimage\",\"url\":\"https:\/\/files.sunoresearch.com.br\/n\/uploads\/2021\/08\/19374d22-mining-856023_1920.jpg\",\"contentUrl\":\"https:\/\/files.sunoresearch.com.br\/n\/uploads\/2021\/08\/19374d22-mining-856023_1920.jpg\",\"width\":1920,\"height\":1440,\"caption\":\"Minera\u00e7\u00e3o. Foto: Pixabay\"},{\"@type\":\"BreadcrumbList\",\"@id\":\"https:\/\/www.suno.com.br\/noticias\/preco-commodities-desaba-fomc-incertas\/#breadcrumb\",\"itemListElement\":[{\"@type\":\"ListItem\",\"position\":1,\"name\":\"Not\u00edcias\",\"item\":\"https:\/\/www.suno.com.br\/noticias\/\"},{\"@type\":\"ListItem\",\"position\":2,\"name\":\"Mercado\",\"item\":\"https:\/\/www.suno.com.br\/noticias\/mercado\/\"},{\"@type\":\"ListItem\",\"position\":3,\"name\":\"Pre\u00e7os das commodities desabam com sinaliza\u00e7\u00f5es do Fed e incertezas globais\"}]},{\"@type\":\"WebSite\",\"@id\":\"https:\/\/www.suno.com.br\/noticias\/#website\",\"url\":\"https:\/\/www.suno.com.br\/noticias\/\",\"name\":\"Suno Not\u00edcias\",\"description\":\"Seu portal de informa\u00e7\u00e3o sobre o mundo dos investimentos\",\"publisher\":{\"@id\":\"https:\/\/www.suno.com.br\/noticias\/#organization\"},\"potentialAction\":[{\"@type\":\"SearchAction\",\"target\":{\"@type\":\"EntryPoint\",\"urlTemplate\":\"https:\/\/www.suno.com.br\/noticias\/?s={search_term_string}\"},\"query-input\":{\"@type\":\"PropertyValueSpecification\",\"valueRequired\":true,\"valueName\":\"search_term_string\"}}],\"inLanguage\":\"pt-BR\"},{\"@type\":\"Organization\",\"@id\":\"https:\/\/www.suno.com.br\/noticias\/#organization\",\"name\":\"Suno Not\u00edcias\",\"url\":\"https:\/\/www.suno.com.br\/noticias\/\",\"logo\":{\"@type\":\"ImageObject\",\"inLanguage\":\"pt-BR\",\"@id\":\"https:\/\/www.suno.com.br\/noticias\/#\/schema\/logo\/image\/\",\"url\":\"https:\/\/files.sunoresearch.com.br\/n\/uploads\/2021\/09\/suno-logo.png\",\"contentUrl\":\"https:\/\/files.sunoresearch.com.br\/n\/uploads\/2021\/09\/suno-logo.png\",\"width\":180,\"height\":180,\"caption\":\"Suno Not\u00edcias\"},\"image\":{\"@id\":\"https:\/\/www.suno.com.br\/noticias\/#\/schema\/logo\/image\/\"},\"sameAs\":[\"https:\/\/facebook.com\/sunoresearch\",\"https:\/\/x.com\/sunoresearch\",\"https:\/\/www.instagram.com\/suno\",\"https:\/\/www.linkedin.com\/company\/suno-research\/\",\"https:\/\/www.youtube.com\/c\/sunoresearch\"]},{\"@type\":\"Person\",\"@id\":\"https:\/\/www.suno.com.br\/noticias\/#\/schema\/person\/053a750a709a263919a20f976caae91c\",\"name\":\"Arthur Guimar\u00e3es\",\"image\":{\"@type\":\"ImageObject\",\"inLanguage\":\"pt-BR\",\"@id\":\"https:\/\/www.suno.com.br\/noticias\/#\/schema\/person\/image\/\",\"url\":\"https:\/\/secure.gravatar.com\/avatar\/1affd86a11209ae09eb6dd3bcad3e96c?s=96&r=g\",\"contentUrl\":\"https:\/\/secure.gravatar.com\/avatar\/1affd86a11209ae09eb6dd3bcad3e96c?s=96&r=g\",\"caption\":\"Arthur Guimar\u00e3es\"},\"description\":\"Arthur Guimar\u00e3es escreve sobre pol\u00edtica, economia e neg\u00f3cios para o portal de not\u00edcias da Suno Research. Atualmente, \u00e9 estudante de jornalismo pela Faculdade C\u00e1sper L\u00edbero.\",\"url\":\"https:\/\/www.suno.com.br\/noticias\/author\/arthur-guimaraes\/\"}]}<\/script>\n<!-- \/ Yoast SEO plugin. -->","yoast_head_json":{"title":"Pre\u00e7o das commodities desaba com ata do Fomc e incertas globais","description":"Os pre\u00e7os das commodities despencaram nos mercados internacionais e impactaram o Ibovespa hoje. Clique aqui para saber mais sobre o por qu\u00ea.","robots":{"index":"index","follow":"follow","max-snippet":"max-snippet:-1","max-image-preview":"max-image-preview:large","max-video-preview":"max-video-preview:-1"},"canonical":"https:\/\/www.suno.com.br\/noticias\/preco-commodities-desaba-fomc-incertas\/","og_locale":"pt_BR","og_type":"article","og_title":"Pre\u00e7o das commodities desaba com ata do Fomc e incertas globais","og_description":"Os pre\u00e7os das commodities despencaram nos mercados internacionais e impactaram o Ibovespa hoje. Clique aqui para saber mais sobre o por qu\u00ea.","og_url":"https:\/\/www.suno.com.br\/noticias\/preco-commodities-desaba-fomc-incertas\/","og_site_name":"Suno Not\u00edcias","article_publisher":"https:\/\/facebook.com\/sunoresearch","og_image":[{"width":1920,"height":1440,"url":"https:\/\/files.sunoresearch.com.br\/n\/uploads\/2021\/08\/19374d22-mining-856023_1920.jpg","type":"image\/jpeg"}],"author":"Arthur Guimar\u00e3es","twitter_card":"summary_large_image","twitter_creator":"@sunoresearch","twitter_site":"@sunoresearch","twitter_misc":{"Escrito por":"Arthur Guimar\u00e3es","Est. tempo de leitura":"4 minutos"},"schema":{"@context":"https:\/\/schema.org","@graph":[{"@type":"NewsArticle","@id":"https:\/\/www.suno.com.br\/noticias\/preco-commodities-desaba-fomc-incertas\/#article","isPartOf":{"@id":"https:\/\/www.suno.com.br\/noticias\/preco-commodities-desaba-fomc-incertas\/"},"author":{"name":"Arthur Guimar\u00e3es","@id":"https:\/\/www.suno.com.br\/noticias\/#\/schema\/person\/053a750a709a263919a20f976caae91c"},"headline":"Pre\u00e7os das commodities desabam com sinaliza\u00e7\u00f5es do Fed e incertezas globais","datePublished":"2021-08-19T20:13:24+00:00","dateModified":"2021-08-19T20:24:15+00:00","mainEntityOfPage":{"@id":"https:\/\/www.suno.com.br\/noticias\/preco-commodities-desaba-fomc-incertas\/"},"wordCount":785,"publisher":{"@id":"https:\/\/www.suno.com.br\/noticias\/#organization"},"image":{"@id":"https:\/\/www.suno.com.br\/noticias\/preco-commodities-desaba-fomc-incertas\/#primaryimage"},"thumbnailUrl":"https:\/\/files.sunoresearch.com.br\/n\/uploads\/2021\/08\/19374d22-mining-856023_1920.jpg","keywords":["China","commodities","Especialistas","Fomc"],"articleSection":["Mercado"],"inLanguage":"pt-BR"},{"@type":"WebPage","@id":"https:\/\/www.suno.com.br\/noticias\/preco-commodities-desaba-fomc-incertas\/","url":"https:\/\/www.suno.com.br\/noticias\/preco-commodities-desaba-fomc-incertas\/","name":"Pre\u00e7o das commodities desaba com ata do Fomc e incertas globais","isPartOf":{"@id":"https:\/\/www.suno.com.br\/noticias\/#website"},"primaryImageOfPage":{"@id":"https:\/\/www.suno.com.br\/noticias\/preco-commodities-desaba-fomc-incertas\/#primaryimage"},"image":{"@id":"https:\/\/www.suno.com.br\/noticias\/preco-commodities-desaba-fomc-incertas\/#primaryimage"},"thumbnailUrl":"https:\/\/files.sunoresearch.com.br\/n\/uploads\/2021\/08\/19374d22-mining-856023_1920.jpg","datePublished":"2021-08-19T20:13:24+00:00","dateModified":"2021-08-19T20:24:15+00:00","description":"Os pre\u00e7os das commodities despencaram nos mercados internacionais e impactaram o Ibovespa hoje. Clique aqui para saber mais sobre o por qu\u00ea.","breadcrumb":{"@id":"https:\/\/www.suno.com.br\/noticias\/preco-commodities-desaba-fomc-incertas\/#breadcrumb"},"inLanguage":"pt-BR","potentialAction":[{"@type":"ReadAction","target":["https:\/\/www.suno.com.br\/noticias\/preco-commodities-desaba-fomc-incertas\/"]}]},{"@type":"ImageObject","inLanguage":"pt-BR","@id":"https:\/\/www.suno.com.br\/noticias\/preco-commodities-desaba-fomc-incertas\/#primaryimage","url":"https:\/\/files.sunoresearch.com.br\/n\/uploads\/2021\/08\/19374d22-mining-856023_1920.jpg","contentUrl":"https:\/\/files.sunoresearch.com.br\/n\/uploads\/2021\/08\/19374d22-mining-856023_1920.jpg","width":1920,"height":1440,"caption":"Minera\u00e7\u00e3o. Foto: Pixabay"},{"@type":"BreadcrumbList","@id":"https:\/\/www.suno.com.br\/noticias\/preco-commodities-desaba-fomc-incertas\/#breadcrumb","itemListElement":[{"@type":"ListItem","position":1,"name":"Not\u00edcias","item":"https:\/\/www.suno.com.br\/noticias\/"},{"@type":"ListItem","position":2,"name":"Mercado","item":"https:\/\/www.suno.com.br\/noticias\/mercado\/"},{"@type":"ListItem","position":3,"name":"Pre\u00e7os das commodities desabam com sinaliza\u00e7\u00f5es do Fed e incertezas globais"}]},{"@type":"WebSite","@id":"https:\/\/www.suno.com.br\/noticias\/#website","url":"https:\/\/www.suno.com.br\/noticias\/","name":"Suno Not\u00edcias","description":"Seu portal de informa\u00e7\u00e3o sobre o mundo dos investimentos","publisher":{"@id":"https:\/\/www.suno.com.br\/noticias\/#organization"},"potentialAction":[{"@type":"SearchAction","target":{"@type":"EntryPoint","urlTemplate":"https:\/\/www.suno.com.br\/noticias\/?s={search_term_string}"},"query-input":{"@type":"PropertyValueSpecification","valueRequired":true,"valueName":"search_term_string"}}],"inLanguage":"pt-BR"},{"@type":"Organization","@id":"https:\/\/www.suno.com.br\/noticias\/#organization","name":"Suno Not\u00edcias","url":"https:\/\/www.suno.com.br\/noticias\/","logo":{"@type":"ImageObject","inLanguage":"pt-BR","@id":"https:\/\/www.suno.com.br\/noticias\/#\/schema\/logo\/image\/","url":"https:\/\/files.sunoresearch.com.br\/n\/uploads\/2021\/09\/suno-logo.png","contentUrl":"https:\/\/files.sunoresearch.com.br\/n\/uploads\/2021\/09\/suno-logo.png","width":180,"height":180,"caption":"Suno Not\u00edcias"},"image":{"@id":"https:\/\/www.suno.com.br\/noticias\/#\/schema\/logo\/image\/"},"sameAs":["https:\/\/facebook.com\/sunoresearch","https:\/\/x.com\/sunoresearch","https:\/\/www.instagram.com\/suno","https:\/\/www.linkedin.com\/company\/suno-research\/","https:\/\/www.youtube.com\/c\/sunoresearch"]},{"@type":"Person","@id":"https:\/\/www.suno.com.br\/noticias\/#\/schema\/person\/053a750a709a263919a20f976caae91c","name":"Arthur Guimar\u00e3es","image":{"@type":"ImageObject","inLanguage":"pt-BR","@id":"https:\/\/www.suno.com.br\/noticias\/#\/schema\/person\/image\/","url":"https:\/\/secure.gravatar.com\/avatar\/1affd86a11209ae09eb6dd3bcad3e96c?s=96&r=g","contentUrl":"https:\/\/secure.gravatar.com\/avatar\/1affd86a11209ae09eb6dd3bcad3e96c?s=96&r=g","caption":"Arthur Guimar\u00e3es"},"description":"Arthur Guimar\u00e3es escreve sobre pol\u00edtica, economia e neg\u00f3cios para o portal de not\u00edcias da Suno Research. Atualmente, \u00e9 estudante de jornalismo pela Faculdade C\u00e1sper L\u00edbero.","url":"https:\/\/www.suno.com.br\/noticias\/author\/arthur-guimaraes\/"}]}},"default_loop_html":"<div class=\"cardsPage__listCard__boxs\"><div class=\"cardsPage__listCard__boxs__img\"><a href=\"https:\/\/www.suno.com.br\/noticias\/preco-commodities-desaba-fomc-incertas\/\"><img class=\"mask\" src=\"https:\/\/www.suno.com.br\/noticias\/wp-content\/themes\/suno\/resources\/images\/spotlight\/spotlight1img\/bg-mask.png\" alt=\"Image Mask\"\/><img src=\"https:\/\/files.sunoresearch.com.br\/n\/uploads\/2021\/08\/19374d22-mining-856023_1920-400x200.jpg\" alt=\"Pre\u00e7os das commodities desabam com sinaliza\u00e7\u00f5es do Fed e incertezas globais\"\/><\/a><span class=\"spotlightCategory\"><a href=\"https:\/\/www.suno.com.br\/noticias\/mercado\/\">Mercado<\/a><\/span><\/div><div class=\"cardsPage__listCard__boxs__content\"><a href=\"https:\/\/www.suno.com.br\/noticias\/preco-commodities-desaba-fomc-incertas\/\"><h2 class=\"content__title\">Pre\u00e7os das commodities desabam com sinaliza\u00e7\u00f5es do Fed e incertezas globais<\/h2><\/a><div class=\"newsContent__article__meta\"><div class=\"newsContent__article__meta__authorBox\"><a href=\"https:\/\/www.suno.com.br\/noticias\/author\/arthur-guimaraes\/\" class=\"authorBox__avatar noMobi\"><img src=\"https:\/\/files.sunoresearch.com.br\/n\/uploads\/2020\/02\/dfb40897-eu-150x150.webp\" alt=\"Arthur Guimar\u00e3es\"><\/a><div class=\"authorBox__name\"><span>por\n\t\t\t<a href=\"https:\/\/www.suno.com.br\/noticias\/author\/arthur-guimaraes\/\"><span itemprop=\"author\">Arthur Guimar\u00e3es<\/span><\/a><\/span><time datetime=\"2021-08-19T17:13:24-03:00\" itemprop=\"datePublished\">19\/08\/2021 17:13<\/time><\/div><\/div><\/div><\/div><\/div>","single_layout":"posts","amp_enabled":true,"_links":{"self":[{"href":"https:\/\/www.suno.com.br\/noticias\/wp-json\/wp\/v2\/posts\/176600"}],"collection":[{"href":"https:\/\/www.suno.com.br\/noticias\/wp-json\/wp\/v2\/posts"}],"about":[{"href":"https:\/\/www.suno.com.br\/noticias\/wp-json\/wp\/v2\/types\/post"}],"author":[{"embeddable":true,"href":"https:\/\/www.suno.com.br\/noticias\/wp-json\/wp\/v2\/users\/35"}],"replies":[{"embeddable":true,"href":"https:\/\/www.suno.com.br\/noticias\/wp-json\/wp\/v2\/comments?post=176600"}],"version-history":[{"count":4,"href":"https:\/\/www.suno.com.br\/noticias\/wp-json\/wp\/v2\/posts\/176600\/revisions"}],"predecessor-version":[{"id":176697,"href":"https:\/\/www.suno.com.br\/noticias\/wp-json\/wp\/v2\/posts\/176600\/revisions\/176697"}],"wp:featuredmedia":[{"embeddable":true,"href":"https:\/\/www.suno.com.br\/noticias\/wp-json\/wp\/v2\/media\/176668"}],"wp:attachment":[{"href":"https:\/\/www.suno.com.br\/noticias\/wp-json\/wp\/v2\/media?parent=176600"}],"wp:term":[{"taxonomy":"category","embeddable":true,"href":"https:\/\/www.suno.com.br\/noticias\/wp-json\/wp\/v2\/categories?post=176600"},{"taxonomy":"post_tag","embeddable":true,"href":"https:\/\/www.suno.com.br\/noticias\/wp-json\/wp\/v2\/tags?post=176600"},{"taxonomy":"suno_strategy","embeddable":true,"href":"https:\/\/www.suno.com.br\/noticias\/wp-json\/wp\/v2\/suno_strategy?post=176600"}],"curies":[{"name":"wp","href":"https:\/\/api.w.org\/{rel}","templated":true}]}}