{"id":17660,"date":"2019-03-11T18:18:12","date_gmt":"2019-03-11T21:18:12","guid":{"rendered":"https:\/\/www.suno.com.br\/noticias\/?p=17660"},"modified":"2019-03-11T18:18:12","modified_gmt":"2019-03-11T21:18:12","slug":"ibovespa-alta-chega-pontos","status":"publish","type":"post","link":"https:\/\/www.suno.com.br\/noticias\/ibovespa-alta-chega-pontos\/","title":{"rendered":"Ibovespa tem alta de 2,79% e vai a 98.026 pontos"},"content":{"rendered":"<p>O Ibovespa fechou esta segunda-feira (11) em alta de 2,79% com 98.026 pontos.<\/p>\t<div class=\"wrapper-featured-image\">\n\t\t<figure class=\"spotlightImg\">\n\n\t\t\t<picture>\n\t\t\t\t<source media=\"(max-width: 768px)\" srcset=\"https:\/\/files.sunoresearch.com.br\/n\/uploads\/2018\/09\/014fd217-ibovespa-dolar-400x200.webp\">\n\t\t\t\t<img loading=\"lazy\" decoding=\"async\" class=\"newsContent__article__imgCapa lazyloadDisabled newsContent__article__imgCapa--noCaption\" src=\"https:\/\/files.sunoresearch.com.br\/n\/uploads\/2018\/09\/014fd217-ibovespa-dolar-800x450.webp\" width=\"800\" height=\"450\" alt=\"Ibovespa tem alta de 2,79% e vai a 98.026 pontos\" fetchpriority=high \/>\n\t\t\t<\/picture>\n\n\t\t\t<figcaption class=\"wp-caption-text wp-caption-text--hide\">O Ibovespa futuro abriu em alta na manh\u00e3 desta quinta-feira (7), a exemplo das bolsas mundiais que operam no azul. <\/figcaption>\n\t\t<\/figure>\n\t<\/div>\n\n\n<p>Nesta sess\u00e3o, houve poucas oscila\u00e7\u00f5es. O <strong>Ibovespa<\/strong> operou com tend\u00eancia de alta por todo o dia. A m\u00ednima foi registrada na abertura, quando obteve 95.384,46 e a m\u00e1xima no fechamento.<\/p>\n<p>Por conta do hor\u00e1rio de ver\u00e3o nos <strong>Estados Unidos<\/strong>, o preg\u00e3o da B3, a Bolsa de Valores de S\u00e3o Paulo, vai fechar mais cedo. A partir desta segunda, o hor\u00e1rio de negocia\u00e7\u00f5es ser\u00e1 entre as 10h e as 17h.<\/p>\n<p><a href=\"https:\/\/www.suno.com.br\/noticias\/b3-horario-encerramento-funcionamento-pregao\/\">Saiba mais: B3 altera hor\u00e1rio de encerramento do preg\u00e3o a partir de segunda-feira<\/a><\/p>\n<h2>A\u00e7\u00f5es da Azul e da Gol<\/h2>\n<p>As a\u00e7\u00f5es <strong>Azul (AZUL4)<\/strong> subiram 6,45% ap\u00f3s a companhia manifestar o seu interesse em comprar parte dos ativos da <strong>Avianca Brasil<\/strong>. A empresa a\u00e9rea teria assinado uma proposta n\u00e3o-vinculante para aquisi\u00e7\u00e3o de parte dos ativos da Avianca por meio de uma <strong>Unidade Produtiva Isolada (UPI)<\/strong> no valor de US$ 105 milh\u00f5es (cerca de R$ 404 milh\u00f5es).<\/p>\n<p>Entre os ativos inclu\u00eddos na <strong>UPI<\/strong> est\u00e3o:<\/p>\n<ul>\n<li>certificado de operador a\u00e9reo da <strong>Avianca<\/strong> <strong>Brasil<\/strong>;<\/li>\n<li>70 pares de direitos de pousos e decolagens (\u201cslots\u201d);<\/li>\n<li>aproximadamente 30 <strong>aeronaves Airbus A320.<\/strong><\/li>\n<\/ul>\n<p><a href=\"https:\/\/www.suno.com.br\/noticias\/azul-comprara-ativos-avianca-105\/\">Saiba mais:\u00a0Azul manifesta interesse para compra de ativos da Avianca<\/a><\/p>\n<p>J\u00e1 as a\u00e7\u00f5es da<strong> Gol (GOLL4)<\/strong> ca\u00edram 2,59% ap\u00f3s a repercuss\u00e3o da queda de um <strong>Boeing modelo 737 Max 8<\/strong>\u00a0 na <strong>Eti\u00f3pia<\/strong> que matou 157 pessoas. A companhia brasileira possui sete aeronaves desde modelo em oito rotas internacionais. Al\u00e9m disso, a empresa pretende adquirir 133 Boeing 737 Max 8.<\/p>\n<p>Nesta segunda-feira, o\u00a0<strong>Procon de S\u00e3o Paulo<\/strong> determinou que a companhia a\u00e9rea <strong>Gol<\/strong> &#8220;suspenda imediatamente&#8221; as opera\u00e7\u00f5es de todos os sete avi\u00f5es Boeing do mesmo modelo que caiu no pa\u00eds africano.\u00a0\u00a0De acordo com o <strong>Procon<\/strong>, o motivo da suspens\u00e3o \u00e9 a &#8220;ocorr\u00eancia de <strong>acidentes de perfil semelhantes<\/strong> em curto espa\u00e7o de tempo&#8221;.<\/p>\n<p>Em outubro de 2018 outro acidente com o mesmo modelo de avi\u00e3o vitimou 189 pessoas. A aeronave pertencia \u00e0 empresa <strong>Lion Air<\/strong> e tinha tr\u00eas meses de uso. As investiga\u00e7\u00f5es ainda n\u00e3o conseguiram apurar a causa da trag\u00e9dia.<\/p>\n<p>&nbsp;<\/p>\n<p><a href=\"https:\/\/www.suno.com.br\/noticias\/gol-procon-aviao-boeing-acidente\/\">Saiba mais:\u00a0Gol: Procon pede suspens\u00e3o de avi\u00e3o da Boeing envolvido em acidente<\/a><\/p>\n<h2>Reforma da Previd\u00eancia<\/h2>\n<p>O presidente <strong>Jair Bolsonaro<\/strong> e o <strong>presidente da C\u00e2mara<\/strong>, <strong>Rodrigo Maia<\/strong>, se reuniram no \u00faltimo s\u00e1bado (09) no <strong>Pal\u00e1cio da Alvorada<\/strong> para conversar sobre as tratativas da <strong>reforma da Previd\u00eancia<\/strong>.<\/p>\n<p><a href=\"https:\/\/www.suno.com.br\/noticias\/bolsonaro-maia-reforma-previdencia\/\">Saiba mais:\u00a0Reforma da Previd\u00eancia: Bolsonaro e Maia se reuniram neste s\u00e1bado<\/a><\/p>\n<p><strong>Bolsonaro <\/strong>e<strong> Maia<\/strong> acertaram <strong>trabalhar em conjunto pela reforma<\/strong> e o presidente afirmou que atuar\u00e1 ativamente, principalmente nas pr\u00f3ximas duas semanas.<\/p>\n<p>Al\u00e9m disso, a l\u00edder do governo na <strong>C\u00e2mara<\/strong>, deputada <strong>Joice Hasselmann<\/strong> (PSL-SP), confirmou o deputado <strong>Felipe Francischini<\/strong> (PSL-PR) como presidente da <strong>CCJ<\/strong> <strong>(Comiss\u00e3o de Constitui\u00e7\u00e3o e Justi\u00e7a)<\/strong> da C\u00e2mara dos Deputados. A CCJ \u00e9 a primeira etapa para a aprova\u00e7\u00e3o da <strong>reforma da Previd\u00eancia.<\/strong><\/p>\n<h2>Bolsas internacionais<\/h2>\n<ul>\n<li>Nasdaq (Estados Unidos): alta de 2,02%<\/li>\n<li>FTSE 100 (Reino Unido): alta de 0,37%;<\/li>\n<li>Nikkei (Jap\u00e3o): alta de 0,47%;<\/li>\n<li>CAC40 (Fran\u00e7a): alta de 0,66%;<\/li>\n<\/ul>\n<h2>A\u00e7\u00f5es em destaque<\/h2>\n<ul>\n<li>PETR4: alta de 4,05% (R$ 27,75)<\/li>\n<li>VALE3: alta de 2,11%\u00a0(R$ 49,88)<\/li>\n<li>ITUB4: alta de 3,27% (R$ 36,92)<\/li>\n<li>BBDC4: alta de 4,06% (R$ 44,85)<\/li>\n<\/ul>\n<h2>Maiores altas do Ibovespa<\/h2>\n<ul>\n<li>CSNA3 alta de 5,81% (R$ 14,56)<\/li>\n<li>PETR3 alta de 5,66% (R$ 30,64)<\/li>\n<li>ELET6 alta de 5,52% (R$ 37,87)<\/li>\n<li>CSAN3 alta de 4,33% (R$ 43,88)<\/li>\n<\/ul>\n<h2>Maiores quedas do Ibovespa<\/h2>\n<ul>\n<li>BRDT3 queda de 2,81% (R$ 24,20)<\/li>\n<li>GOLL4 queda de 2,59% (R$ 26,35)<\/li>\n<li>EQTL3 queda de 1,33% (R$ 81,40)<\/li>\n<li>KLBN11 queda de 0,67% (R$ 17,89)<\/li>\n<\/ul>\n","protected":false},"excerpt":{"rendered":"<p>O Ibovespa fechou esta segunda-feira (11) em alta de 2,79% com 98.026 pontos. O Ibovespa futuro abriu em alta na manh\u00e3 desta quinta-feira (7), a exemplo das bolsas mundiais que operam no azul. Nesta sess\u00e3o, houve poucas oscila\u00e7\u00f5es. O Ibovespa operou com tend\u00eancia de alta por todo o dia. A m\u00ednima foi registrada na abertura, [&hellip;]<\/p>\n","protected":false},"author":14,"featured_media":3999,"comment_status":"closed","ping_status":"closed","sticky":false,"template":"","format":"standard","meta":[],"categories":[60],"tags":[286,106932,938,489,721,719,940,892],"suno_strategy":[],"class_list":["post-17660","post","type-post","status-publish","format-standard","has-post-thumbnail","hentry","category-mercado","tag-acoes","tag-azul-azul4","tag-camara-dos-deputados","tag-gol-linhas-aereas-goll11-goll4","tag-ibovespa","tag-jair-bolsonaro","tag-reforma-da-previdencia","tag-rodrigo-maia"],"yoast_head":"<!-- This site is optimized with the Yoast SEO plugin v24.4 - https:\/\/yoast.com\/wordpress\/plugins\/seo\/ -->\n<title>Ibovespa tem alta de 2,79% e chega a 98.026 pontos<\/title>\n<meta name=\"description\" content=\"Nesta sess\u00e3o, houve poucas oscila\u00e7\u00f5es. O Ibovespa operou com tend\u00eancia de alta por todo o dia. Clique para saber mais.\" \/>\n<meta name=\"robots\" content=\"index, follow, max-snippet:-1, max-image-preview:large, max-video-preview:-1\" \/>\n<link rel=\"canonical\" href=\"https:\/\/www.suno.com.br\/noticias\/ibovespa-alta-chega-pontos\/\" \/>\n<meta property=\"og:locale\" content=\"pt_BR\" \/>\n<meta property=\"og:type\" content=\"article\" \/>\n<meta property=\"og:title\" content=\"Ibovespa tem alta de 2,79% e chega a 98.026 pontos\" \/>\n<meta property=\"og:description\" content=\"Nesta sess\u00e3o, houve poucas oscila\u00e7\u00f5es. O Ibovespa operou com tend\u00eancia de alta por todo o dia. Clique para saber mais.\" \/>\n<meta property=\"og:url\" content=\"https:\/\/www.suno.com.br\/noticias\/ibovespa-alta-chega-pontos\/\" \/>\n<meta property=\"og:site_name\" content=\"Suno Not\u00edcias\" \/>\n<meta property=\"article:publisher\" content=\"https:\/\/facebook.com\/sunoresearch\" \/>\n<meta property=\"og:image\" content=\"https:\/\/files.sunoresearch.com.br\/n\/uploads\/2018\/09\/014fd217-ibovespa-dolar.jpg\" \/>\n\t<meta property=\"og:image:width\" content=\"1920\" \/>\n\t<meta property=\"og:image:height\" content=\"1280\" \/>\n\t<meta property=\"og:image:type\" content=\"image\/jpeg\" \/>\n<meta name=\"author\" content=\"Renan Dantas\" \/>\n<meta name=\"twitter:card\" content=\"summary_large_image\" \/>\n<meta name=\"twitter:creator\" content=\"@sunoresearch\" \/>\n<meta name=\"twitter:site\" content=\"@sunoresearch\" \/>\n<meta name=\"twitter:label1\" content=\"Escrito por\" \/>\n\t<meta name=\"twitter:data1\" content=\"Renan Dantas\" \/>\n\t<meta name=\"twitter:label2\" content=\"Est. tempo de leitura\" \/>\n\t<meta name=\"twitter:data2\" content=\"3 minutos\" \/>\n<script type=\"application\/ld+json\" class=\"yoast-schema-graph\">{\"@context\":\"https:\/\/schema.org\",\"@graph\":[{\"@type\":\"NewsArticle\",\"@id\":\"https:\/\/www.suno.com.br\/noticias\/ibovespa-alta-chega-pontos\/#article\",\"isPartOf\":{\"@id\":\"https:\/\/www.suno.com.br\/noticias\/ibovespa-alta-chega-pontos\/\"},\"author\":{\"name\":\"Renan Dantas\",\"@id\":\"https:\/\/www.suno.com.br\/noticias\/#\/schema\/person\/3f7693d5795a3f6d5ce15309ee785699\"},\"headline\":\"Ibovespa tem alta de 2,79% e vai a 98.026 pontos\",\"datePublished\":\"2019-03-11T21:18:12+00:00\",\"mainEntityOfPage\":{\"@id\":\"https:\/\/www.suno.com.br\/noticias\/ibovespa-alta-chega-pontos\/\"},\"wordCount\":590,\"publisher\":{\"@id\":\"https:\/\/www.suno.com.br\/noticias\/#organization\"},\"image\":{\"@id\":\"https:\/\/www.suno.com.br\/noticias\/ibovespa-alta-chega-pontos\/#primaryimage\"},\"thumbnailUrl\":\"https:\/\/files.sunoresearch.com.br\/n\/uploads\/2018\/09\/014fd217-ibovespa-dolar-jpg.webp\",\"keywords\":[\"A\u00e7\u00f5es\",\"Azul (AZUL4)\",\"C\u00e2mara dos Deputados\",\"Gol Linhas A\u00e9reas (GOLL11\/GOLL4)\",\"Ibovespa\",\"Jair Bolsonaro\",\"Reforma da Previd\u00eancia\",\"Rodrigo Maia\"],\"articleSection\":[\"Mercado\"],\"inLanguage\":\"pt-BR\"},{\"@type\":\"WebPage\",\"@id\":\"https:\/\/www.suno.com.br\/noticias\/ibovespa-alta-chega-pontos\/\",\"url\":\"https:\/\/www.suno.com.br\/noticias\/ibovespa-alta-chega-pontos\/\",\"name\":\"Ibovespa tem alta de 2,79% e chega a 98.026 pontos\",\"isPartOf\":{\"@id\":\"https:\/\/www.suno.com.br\/noticias\/#website\"},\"primaryImageOfPage\":{\"@id\":\"https:\/\/www.suno.com.br\/noticias\/ibovespa-alta-chega-pontos\/#primaryimage\"},\"image\":{\"@id\":\"https:\/\/www.suno.com.br\/noticias\/ibovespa-alta-chega-pontos\/#primaryimage\"},\"thumbnailUrl\":\"https:\/\/files.sunoresearch.com.br\/n\/uploads\/2018\/09\/014fd217-ibovespa-dolar-jpg.webp\",\"datePublished\":\"2019-03-11T21:18:12+00:00\",\"description\":\"Nesta sess\u00e3o, houve poucas oscila\u00e7\u00f5es. O Ibovespa operou com tend\u00eancia de alta por todo o dia. Clique para saber mais.\",\"breadcrumb\":{\"@id\":\"https:\/\/www.suno.com.br\/noticias\/ibovespa-alta-chega-pontos\/#breadcrumb\"},\"inLanguage\":\"pt-BR\",\"potentialAction\":[{\"@type\":\"ReadAction\",\"target\":[\"https:\/\/www.suno.com.br\/noticias\/ibovespa-alta-chega-pontos\/\"]}]},{\"@type\":\"ImageObject\",\"inLanguage\":\"pt-BR\",\"@id\":\"https:\/\/www.suno.com.br\/noticias\/ibovespa-alta-chega-pontos\/#primaryimage\",\"url\":\"https:\/\/files.sunoresearch.com.br\/n\/uploads\/2018\/09\/014fd217-ibovespa-dolar-jpg.webp\",\"contentUrl\":\"https:\/\/files.sunoresearch.com.br\/n\/uploads\/2018\/09\/014fd217-ibovespa-dolar-jpg.webp\",\"width\":1920,\"height\":1280,\"caption\":\"O Ibovespa futuro abriu em alta na manh\u00e3 desta quinta-feira (7), a exemplo das bolsas mundiais que operam no azul.\"},{\"@type\":\"BreadcrumbList\",\"@id\":\"https:\/\/www.suno.com.br\/noticias\/ibovespa-alta-chega-pontos\/#breadcrumb\",\"itemListElement\":[{\"@type\":\"ListItem\",\"position\":1,\"name\":\"Not\u00edcias\",\"item\":\"https:\/\/www.suno.com.br\/noticias\/\"},{\"@type\":\"ListItem\",\"position\":2,\"name\":\"Mercado\",\"item\":\"https:\/\/www.suno.com.br\/noticias\/mercado\/\"},{\"@type\":\"ListItem\",\"position\":3,\"name\":\"Ibovespa tem alta de 2,79% e vai a 98.026 pontos\"}]},{\"@type\":\"WebSite\",\"@id\":\"https:\/\/www.suno.com.br\/noticias\/#website\",\"url\":\"https:\/\/www.suno.com.br\/noticias\/\",\"name\":\"Suno Not\u00edcias\",\"description\":\"Seu portal de informa\u00e7\u00e3o sobre o mundo dos investimentos\",\"publisher\":{\"@id\":\"https:\/\/www.suno.com.br\/noticias\/#organization\"},\"potentialAction\":[{\"@type\":\"SearchAction\",\"target\":{\"@type\":\"EntryPoint\",\"urlTemplate\":\"https:\/\/www.suno.com.br\/noticias\/?s={search_term_string}\"},\"query-input\":{\"@type\":\"PropertyValueSpecification\",\"valueRequired\":true,\"valueName\":\"search_term_string\"}}],\"inLanguage\":\"pt-BR\"},{\"@type\":\"Organization\",\"@id\":\"https:\/\/www.suno.com.br\/noticias\/#organization\",\"name\":\"Suno Not\u00edcias\",\"url\":\"https:\/\/www.suno.com.br\/noticias\/\",\"logo\":{\"@type\":\"ImageObject\",\"inLanguage\":\"pt-BR\",\"@id\":\"https:\/\/www.suno.com.br\/noticias\/#\/schema\/logo\/image\/\",\"url\":\"https:\/\/files.sunoresearch.com.br\/n\/uploads\/2021\/09\/suno-logo.png\",\"contentUrl\":\"https:\/\/files.sunoresearch.com.br\/n\/uploads\/2021\/09\/suno-logo.png\",\"width\":180,\"height\":180,\"caption\":\"Suno Not\u00edcias\"},\"image\":{\"@id\":\"https:\/\/www.suno.com.br\/noticias\/#\/schema\/logo\/image\/\"},\"sameAs\":[\"https:\/\/facebook.com\/sunoresearch\",\"https:\/\/x.com\/sunoresearch\",\"https:\/\/www.instagram.com\/suno\",\"https:\/\/www.linkedin.com\/company\/suno-research\/\",\"https:\/\/www.youtube.com\/c\/sunoresearch\"]},{\"@type\":\"Person\",\"@id\":\"https:\/\/www.suno.com.br\/noticias\/#\/schema\/person\/3f7693d5795a3f6d5ce15309ee785699\",\"name\":\"Renan Dantas\",\"image\":{\"@type\":\"ImageObject\",\"inLanguage\":\"pt-BR\",\"@id\":\"https:\/\/www.suno.com.br\/noticias\/#\/schema\/person\/image\/\",\"url\":\"https:\/\/secure.gravatar.com\/avatar\/1787b83e7484a08e51d62ac8b41c8396?s=96&r=g\",\"contentUrl\":\"https:\/\/secure.gravatar.com\/avatar\/1787b83e7484a08e51d62ac8b41c8396?s=96&r=g\",\"caption\":\"Renan Dantas\"},\"description\":\"Escreve sobre pol\u00edtica e mercado financeiro para o portal Suno Not\u00edcias. Antes, atuou na assessoria de comunica\u00e7\u00e3o do Minist\u00e9rio P\u00fablico do Trabalho e na R\u00e1dio Mackenzie, onde apresentava e produzia um programa sobre artistas da m\u00fasica brasileira. \u00c9 estudante na Universidade Presbiteriana Mackenzie.\",\"url\":\"https:\/\/www.suno.com.br\/noticias\/author\/renan-dantas\/\"}]}<\/script>\n<!-- \/ Yoast SEO plugin. -->","yoast_head_json":{"title":"Ibovespa tem alta de 2,79% e chega a 98.026 pontos","description":"Nesta sess\u00e3o, houve poucas oscila\u00e7\u00f5es. O Ibovespa operou com tend\u00eancia de alta por todo o dia. Clique para saber mais.","robots":{"index":"index","follow":"follow","max-snippet":"max-snippet:-1","max-image-preview":"max-image-preview:large","max-video-preview":"max-video-preview:-1"},"canonical":"https:\/\/www.suno.com.br\/noticias\/ibovespa-alta-chega-pontos\/","og_locale":"pt_BR","og_type":"article","og_title":"Ibovespa tem alta de 2,79% e chega a 98.026 pontos","og_description":"Nesta sess\u00e3o, houve poucas oscila\u00e7\u00f5es. O Ibovespa operou com tend\u00eancia de alta por todo o dia. Clique para saber mais.","og_url":"https:\/\/www.suno.com.br\/noticias\/ibovespa-alta-chega-pontos\/","og_site_name":"Suno Not\u00edcias","article_publisher":"https:\/\/facebook.com\/sunoresearch","og_image":[{"width":1920,"height":1280,"url":"https:\/\/files.sunoresearch.com.br\/n\/uploads\/2018\/09\/014fd217-ibovespa-dolar.jpg","type":"image\/jpeg"}],"author":"Renan Dantas","twitter_card":"summary_large_image","twitter_creator":"@sunoresearch","twitter_site":"@sunoresearch","twitter_misc":{"Escrito por":"Renan Dantas","Est. tempo de leitura":"3 minutos"},"schema":{"@context":"https:\/\/schema.org","@graph":[{"@type":"NewsArticle","@id":"https:\/\/www.suno.com.br\/noticias\/ibovespa-alta-chega-pontos\/#article","isPartOf":{"@id":"https:\/\/www.suno.com.br\/noticias\/ibovespa-alta-chega-pontos\/"},"author":{"name":"Renan Dantas","@id":"https:\/\/www.suno.com.br\/noticias\/#\/schema\/person\/3f7693d5795a3f6d5ce15309ee785699"},"headline":"Ibovespa tem alta de 2,79% e vai a 98.026 pontos","datePublished":"2019-03-11T21:18:12+00:00","mainEntityOfPage":{"@id":"https:\/\/www.suno.com.br\/noticias\/ibovespa-alta-chega-pontos\/"},"wordCount":590,"publisher":{"@id":"https:\/\/www.suno.com.br\/noticias\/#organization"},"image":{"@id":"https:\/\/www.suno.com.br\/noticias\/ibovespa-alta-chega-pontos\/#primaryimage"},"thumbnailUrl":"https:\/\/files.sunoresearch.com.br\/n\/uploads\/2018\/09\/014fd217-ibovespa-dolar-jpg.webp","keywords":["A\u00e7\u00f5es","Azul (AZUL4)","C\u00e2mara dos Deputados","Gol Linhas A\u00e9reas (GOLL11\/GOLL4)","Ibovespa","Jair Bolsonaro","Reforma da Previd\u00eancia","Rodrigo Maia"],"articleSection":["Mercado"],"inLanguage":"pt-BR"},{"@type":"WebPage","@id":"https:\/\/www.suno.com.br\/noticias\/ibovespa-alta-chega-pontos\/","url":"https:\/\/www.suno.com.br\/noticias\/ibovespa-alta-chega-pontos\/","name":"Ibovespa tem alta de 2,79% e chega a 98.026 pontos","isPartOf":{"@id":"https:\/\/www.suno.com.br\/noticias\/#website"},"primaryImageOfPage":{"@id":"https:\/\/www.suno.com.br\/noticias\/ibovespa-alta-chega-pontos\/#primaryimage"},"image":{"@id":"https:\/\/www.suno.com.br\/noticias\/ibovespa-alta-chega-pontos\/#primaryimage"},"thumbnailUrl":"https:\/\/files.sunoresearch.com.br\/n\/uploads\/2018\/09\/014fd217-ibovespa-dolar-jpg.webp","datePublished":"2019-03-11T21:18:12+00:00","description":"Nesta sess\u00e3o, houve poucas oscila\u00e7\u00f5es. O Ibovespa operou com tend\u00eancia de alta por todo o dia. Clique para saber mais.","breadcrumb":{"@id":"https:\/\/www.suno.com.br\/noticias\/ibovespa-alta-chega-pontos\/#breadcrumb"},"inLanguage":"pt-BR","potentialAction":[{"@type":"ReadAction","target":["https:\/\/www.suno.com.br\/noticias\/ibovespa-alta-chega-pontos\/"]}]},{"@type":"ImageObject","inLanguage":"pt-BR","@id":"https:\/\/www.suno.com.br\/noticias\/ibovespa-alta-chega-pontos\/#primaryimage","url":"https:\/\/files.sunoresearch.com.br\/n\/uploads\/2018\/09\/014fd217-ibovespa-dolar-jpg.webp","contentUrl":"https:\/\/files.sunoresearch.com.br\/n\/uploads\/2018\/09\/014fd217-ibovespa-dolar-jpg.webp","width":1920,"height":1280,"caption":"O Ibovespa futuro abriu em alta na manh\u00e3 desta quinta-feira (7), a exemplo das bolsas mundiais que operam no azul."},{"@type":"BreadcrumbList","@id":"https:\/\/www.suno.com.br\/noticias\/ibovespa-alta-chega-pontos\/#breadcrumb","itemListElement":[{"@type":"ListItem","position":1,"name":"Not\u00edcias","item":"https:\/\/www.suno.com.br\/noticias\/"},{"@type":"ListItem","position":2,"name":"Mercado","item":"https:\/\/www.suno.com.br\/noticias\/mercado\/"},{"@type":"ListItem","position":3,"name":"Ibovespa tem alta de 2,79% e vai a 98.026 pontos"}]},{"@type":"WebSite","@id":"https:\/\/www.suno.com.br\/noticias\/#website","url":"https:\/\/www.suno.com.br\/noticias\/","name":"Suno Not\u00edcias","description":"Seu portal de informa\u00e7\u00e3o sobre o mundo dos investimentos","publisher":{"@id":"https:\/\/www.suno.com.br\/noticias\/#organization"},"potentialAction":[{"@type":"SearchAction","target":{"@type":"EntryPoint","urlTemplate":"https:\/\/www.suno.com.br\/noticias\/?s={search_term_string}"},"query-input":{"@type":"PropertyValueSpecification","valueRequired":true,"valueName":"search_term_string"}}],"inLanguage":"pt-BR"},{"@type":"Organization","@id":"https:\/\/www.suno.com.br\/noticias\/#organization","name":"Suno Not\u00edcias","url":"https:\/\/www.suno.com.br\/noticias\/","logo":{"@type":"ImageObject","inLanguage":"pt-BR","@id":"https:\/\/www.suno.com.br\/noticias\/#\/schema\/logo\/image\/","url":"https:\/\/files.sunoresearch.com.br\/n\/uploads\/2021\/09\/suno-logo.png","contentUrl":"https:\/\/files.sunoresearch.com.br\/n\/uploads\/2021\/09\/suno-logo.png","width":180,"height":180,"caption":"Suno Not\u00edcias"},"image":{"@id":"https:\/\/www.suno.com.br\/noticias\/#\/schema\/logo\/image\/"},"sameAs":["https:\/\/facebook.com\/sunoresearch","https:\/\/x.com\/sunoresearch","https:\/\/www.instagram.com\/suno","https:\/\/www.linkedin.com\/company\/suno-research\/","https:\/\/www.youtube.com\/c\/sunoresearch"]},{"@type":"Person","@id":"https:\/\/www.suno.com.br\/noticias\/#\/schema\/person\/3f7693d5795a3f6d5ce15309ee785699","name":"Renan Dantas","image":{"@type":"ImageObject","inLanguage":"pt-BR","@id":"https:\/\/www.suno.com.br\/noticias\/#\/schema\/person\/image\/","url":"https:\/\/secure.gravatar.com\/avatar\/1787b83e7484a08e51d62ac8b41c8396?s=96&r=g","contentUrl":"https:\/\/secure.gravatar.com\/avatar\/1787b83e7484a08e51d62ac8b41c8396?s=96&r=g","caption":"Renan Dantas"},"description":"Escreve sobre pol\u00edtica e mercado financeiro para o portal Suno Not\u00edcias. Antes, atuou na assessoria de comunica\u00e7\u00e3o do Minist\u00e9rio P\u00fablico do Trabalho e na R\u00e1dio Mackenzie, onde apresentava e produzia um programa sobre artistas da m\u00fasica brasileira. \u00c9 estudante na Universidade Presbiteriana Mackenzie.","url":"https:\/\/www.suno.com.br\/noticias\/author\/renan-dantas\/"}]}},"default_loop_html":"<div class=\"cardsPage__listCard__boxs\"><div class=\"cardsPage__listCard__boxs__img\"><a href=\"https:\/\/www.suno.com.br\/noticias\/ibovespa-alta-chega-pontos\/\"><img class=\"mask\" src=\"https:\/\/www.suno.com.br\/noticias\/wp-content\/themes\/suno\/resources\/images\/spotlight\/spotlight1img\/bg-mask.png\" alt=\"Image Mask\"\/><img src=\"https:\/\/files.sunoresearch.com.br\/n\/uploads\/2018\/09\/014fd217-ibovespa-dolar-400x200.webp\" alt=\"Ibovespa tem alta de 2,79% e vai a 98.026 pontos\"\/><\/a><span class=\"spotlightCategory\"><a href=\"https:\/\/www.suno.com.br\/noticias\/mercado\/\">Mercado<\/a><\/span><\/div><div class=\"cardsPage__listCard__boxs__content\"><a href=\"https:\/\/www.suno.com.br\/noticias\/ibovespa-alta-chega-pontos\/\"><h2 class=\"content__title\">Ibovespa tem alta de 2,79% e vai a 98.026 pontos<\/h2><\/a><div class=\"newsContent__article__meta\"><div class=\"newsContent__article__meta__authorBox\"><a href=\"https:\/\/www.suno.com.br\/noticias\/author\/renan-dantas\/\" class=\"authorBox__avatar noMobi\"><img src=\"https:\/\/secure.gravatar.com\/avatar\/1787b83e7484a08e51d62ac8b41c8396?s=96&#038;r=g\" alt=\"Renan Dantas\"><\/a><div class=\"authorBox__name\"><span>por\n\t\t\t<a href=\"https:\/\/www.suno.com.br\/noticias\/author\/renan-dantas\/\"><span itemprop=\"author\">Renan Dantas<\/span><\/a><\/span><time datetime=\"2019-03-11T18:18:12-03:00\" itemprop=\"datePublished\">11\/03\/2019 18:18<\/time><\/div><\/div><\/div><\/div><\/div>","single_layout":"posts","amp_enabled":true,"_links":{"self":[{"href":"https:\/\/www.suno.com.br\/noticias\/wp-json\/wp\/v2\/posts\/17660"}],"collection":[{"href":"https:\/\/www.suno.com.br\/noticias\/wp-json\/wp\/v2\/posts"}],"about":[{"href":"https:\/\/www.suno.com.br\/noticias\/wp-json\/wp\/v2\/types\/post"}],"author":[{"embeddable":true,"href":"https:\/\/www.suno.com.br\/noticias\/wp-json\/wp\/v2\/users\/14"}],"replies":[{"embeddable":true,"href":"https:\/\/www.suno.com.br\/noticias\/wp-json\/wp\/v2\/comments?post=17660"}],"version-history":[{"count":0,"href":"https:\/\/www.suno.com.br\/noticias\/wp-json\/wp\/v2\/posts\/17660\/revisions"}],"wp:featuredmedia":[{"embeddable":true,"href":"https:\/\/www.suno.com.br\/noticias\/wp-json\/wp\/v2\/media\/3999"}],"wp:attachment":[{"href":"https:\/\/www.suno.com.br\/noticias\/wp-json\/wp\/v2\/media?parent=17660"}],"wp:term":[{"taxonomy":"category","embeddable":true,"href":"https:\/\/www.suno.com.br\/noticias\/wp-json\/wp\/v2\/categories?post=17660"},{"taxonomy":"post_tag","embeddable":true,"href":"https:\/\/www.suno.com.br\/noticias\/wp-json\/wp\/v2\/tags?post=17660"},{"taxonomy":"suno_strategy","embeddable":true,"href":"https:\/\/www.suno.com.br\/noticias\/wp-json\/wp\/v2\/suno_strategy?post=17660"}],"curies":[{"name":"wp","href":"https:\/\/api.w.org\/{rel}","templated":true}]}}