{"id":176599,"date":"2021-08-19T15:26:13","date_gmt":"2021-08-19T18:26:13","guid":{"rendered":"https:\/\/www.suno.com.br\/noticias\/?p=176599"},"modified":"2021-08-19T15:26:13","modified_gmt":"2021-08-19T18:26:13","slug":"camara-aprova-pl-consumidores-energia-solar-isencao","status":"publish","type":"post","link":"https:\/\/www.suno.com.br\/noticias\/camara-aprova-pl-consumidores-energia-solar-isencao\/","title":{"rendered":"C\u00e2mara aprova PL que derruba isen\u00e7\u00e3o de impostos para consumidores de energia solar"},"content":{"rendered":"<p>A C\u00e2mara dos deputados aprovou Projeto de Lei (PL) que retira isen\u00e7\u00e3o de tributos para consumidores que utilizam <strong>energia solar<\/strong>. O PL mant\u00e9m a isen\u00e7\u00e3o at\u00e9 2045 para quem j\u00e1 possui as estruturas, mas prev\u00ea cobran\u00e7a entre os que aderiram recentemente \u00e0 tecnologia. O texto ainda precisa passar pelo Senado Federal.<\/p>\t<div class=\"wrapper-featured-image\">\n\t\t<figure class=\"spotlightImg\">\n\n\t\t\t<picture>\n\t\t\t\t<source media=\"(max-width: 768px)\" srcset=\"https:\/\/files.sunoresearch.com.br\/n\/uploads\/2021\/04\/9e2fade6-photovoltaic-2814504_1280-400x200.webp\">\n\t\t\t\t<img loading=\"lazy\" decoding=\"async\" class=\"newsContent__article__imgCapa lazyloadDisabled \" src=\"https:\/\/files.sunoresearch.com.br\/n\/uploads\/2021\/04\/9e2fade6-photovoltaic-2814504_1280-800x450.webp\" width=\"800\" height=\"450\" alt=\"C\u00e2mara aprova PL que derruba isen\u00e7\u00e3o de impostos para consumidores de energia solar\" fetchpriority=high \/>\n\t\t\t<\/picture>\n\n\t\t\t<figcaption class=\"wp-caption-text wp-caption-text--show\">Energia solar - Foto: Pixabay<\/figcaption>\n\t\t<\/figure>\n\t<\/div>\n\n\n\t<p>\n\t\t<a href=\"https:\/\/lp.suno.com.br\/planilha-controle-gastos\/\" target=\"_blank\" data-element=\"shortcode-suno-banner\" title=\"Banner SUNO, clique e saiba mais\">\n\t\t\t<picture>\n\t\t\t\t<source media=\"(max-width: 500px)\" srcset=\"https:\/\/files.sunoresearch.com.br\/n\/uploads\/2023\/03\/400x300-Planilha-controle-de-gastos.png\">\n\t\t\t\t<img class=\"newsContent__article__imgCapa newsContent__article__imgCapa--banner\"\n\t\t\t\t\tsrc=\"https:\/\/files.sunoresearch.com.br\/n\/uploads\/2023\/03\/1420x240-Planilha-controle-de-gastos.png\"\n\t\t\t\t\tdata-promo-id=\"101751\"\t\t\t\t\t\t\t\t\t\twidth='1420' height='240'\t\t\t\t\talt=\"https:\/\/files.sunoresearch.com.br\/n\/uploads\/2023\/03\/1420x240-Planilha-controle-de-gastos.png\"\n\t\t\t\t>\n\t\t\t<\/picture>\n\t\t<\/a>\n\t<\/p>\n\n\n<p>Haver\u00e1 <a href=\"https:\/\/www.suno.com.br\/artigos\/sistema-tributario\"><strong>cobran\u00e7a<\/strong> gradativa de <strong>impostos<\/strong><\/a> para quem instalar estruturas de energia solar a partir de 2023 &#8211; com eleva\u00e7\u00e3o at\u00e9 2029, quando os encargos dever\u00e3o ser integralmente pagos.<\/p>\n<p>Nesse per\u00edodo, os consumidores que s\u00e3o atendidos por <a href=\"https:\/\/www.suno.com.br\/noticias\/brookfield-maior-distribuidora-energia-solar-brasil\/\">distribuidoras de energia el\u00e9trica<\/a> ir\u00e3o bancar o custo de quem tem painel solar por meio das contas de luz.<\/p>\n<p>Por outro lado, grandes consumidores, como a ind\u00fastria, n\u00e3o ter\u00e3o de participar desse rateio.<\/p>\n\n\t<div data-element=\"shortcode-read-more\" class=\"readToo\">\n\t\t\t\t<span class=\"readToo__title\">Leia mais<\/span>\n\t\t\t\t<ul class=\"readToo__list\">\n\t\t\t<li><a href=\"https:\/\/www.suno.com.br\/noticias\/brookfield-maior-distribuidora-energia-solar-brasil\/\">Brookfield compra Aldo Solar, maior distribuidora de geradores de energia solar do Brasil<\/a><\/li><li><a href=\"https:\/\/www.suno.com.br\/noticias\/startup-energia-solar-aporte-venture-capital-setor\/\">Solf\u00e1cil, startup de financiamento de energia solar, recebe maior aporte do Brasil no setor<\/a><\/li>\t\t<\/ul>\n\t<\/div>\n\n\n<p>O relat\u00f3rio do deputado Lafayette de Andrada (Republicanos-MG) <a href=\"https:\/\/www.suno.com.br\/noticias\/tags\/setor-eletrico\/\">garante <strong>isen\u00e7\u00e3o<\/strong> de pagamentos<\/a> de todas as taxas para quem j\u00e1 gera a pr\u00f3pria energia at\u00e9 2045, o que permitiria mais &#8220;previsibilidade e seguran\u00e7a jur\u00eddica&#8221;.<\/p>\n<p>A regra atual prev\u00ea <a class=\"suno-keyword\" href=\"https:\/\/www.suno.com.br\/artigos\/incentivos-fiscais\/\" target=\"_blank\" rel=\"noopener\" data-force=\"no\" data-priority=\"1\">incentivos fiscais<\/a> para quem participa do sistema de gera\u00e7\u00e3o distribu\u00edda, incluindo isen\u00e7\u00e3o de tarifas e encargos setoriais. No fim, isso gera um &#8220;subs\u00eddio cruzado&#8221;, j\u00e1 que esses valores acabam recaindo sob os consumidores que n\u00e3o possuem sistemas de gera\u00e7\u00e3o distribu\u00edda.<\/p>\n<figure id=\"attachment_160606\" aria-describedby=\"caption-attachment-160606\" style=\"width: 1159px\" class=\"wp-caption aligncenter\"><img loading=\"lazy\" decoding=\"async\" class=\"size-full wp-image-160606\" src=\"https:\/\/storage.googleapis.com\/wp-noticias\/2021\/06\/a7d5cf2d-aneel.png\" alt=\"Em 2017, a Aneel (Ag\u00eancia Nacional de Energia El\u00e9trica) utilizou o hist\u00f3rico do ramo de energia solar para estimar a quantidade de brasileiros beneficiados pela tecnologia, segmentando os dados nas modalidades de rural, industrial e total, que inclui os dois anteriores juntamente com ilumina\u00e7\u00e3o p\u00fablica e servi\u00e7o p\u00fablico - Gr\u00e1fico: Reprodu\u00e7\u00e3o Aneel\" width=\"1159\" height=\"655\" \/><figcaption id=\"caption-attachment-160606\" class=\"wp-caption-text\">Em 2017, a Aneel (Ag\u00eancia Nacional de Energia El\u00e9trica) utilizou o hist\u00f3rico do ramo de energia solar para estimar a quantidade de brasileiros beneficiados pela tecnologia, segmentando os dados nas modalidades de rural, industrial e total, que inclui os dois anteriores com ilumina\u00e7\u00e3o p\u00fablica e servi\u00e7o p\u00fablico &#8211; Gr\u00e1fico: Reprodu\u00e7\u00e3o Aneel<\/figcaption><\/figure>\n<p><a href=\"https:\/\/www.suno.com.br\/noticias\/startup-energia-solar-aporte-venture-capital-setor\/\">A <strong>gera\u00e7\u00e3o<\/strong> distribu\u00edda<\/a> pode ser transmitida para uma rede e compensada posteriormente. Nesse caso, a rede da distribuidora acaba funcionando como uma bateria.<\/p>\n\t<p>\n\t\t<a href=\"https:\/\/lp.suno.com.br\/planilha-da-vida-financeira\/\" target=\"_blank\" data-element=\"shortcode-suno-banner\" title=\"Banner SUNO, clique e saiba mais\">\n\t\t\t<picture>\n\t\t\t\t<source media=\"(max-width: 500px)\" srcset=\"https:\/\/files.sunoresearch.com.br\/n\/uploads\/2023\/04\/400x300-Planilha-vida-financeira-true.png\">\n\t\t\t\t<img class=\"newsContent__article__imgCapa newsContent__article__imgCapa--banner\"\n\t\t\t\t\tsrc=\"https:\/\/files.sunoresearch.com.br\/n\/uploads\/2023\/04\/1420x240-Planilha-vida-financeira-true.png\"\n\t\t\t\t\tdata-promo-id=\"106682\"\t\t\t\t\t\t\t\t\t\twidth='1420' height='240'\t\t\t\t\talt=\"https:\/\/files.sunoresearch.com.br\/n\/uploads\/2023\/04\/1420x240-Planilha-vida-financeira-true.png\"\n\t\t\t\t>\n\t\t\t<\/picture>\n\t\t<\/a>\n\t<\/p>\n\n\n<p>Os custos devem ser repassados \u00e0 Conta de Desenvolvimento Energ\u00e9tico (CDE), fundo setorial usado para bancar subs\u00eddios para diversos segmentos.<\/p>\n<h2>Consumidores de energia solar ficaram de fora do debate, diz Idec<\/h2>\n<p>Segundo o coordenador do Programa de <strong>Energia<\/strong> e Sustentabilidade do Instituto Brasileiro de Defesa do Consumidor (Idec), Clauber Leite, os consumidores n\u00e3o foram ouvidos antes de o PL ser aprovado.<\/p>\n<p>\u201c<a href=\"https:\/\/www.suno.com.br\/artigos\/impostos-sobre-vendas\/\">Isso tudo ocorre num momento em que as <strong>tarifas<\/strong> j\u00e1 est\u00e3o extremamente<\/a> elevadas e ser\u00e3o ainda mais pressionadas pela crise h\u00eddrica. \u00c9 muito grave que as institui\u00e7\u00f5es participantes tenham tomado a decis\u00e3o sem qualquer sensibilidade e entendimento da realidade do povo brasileiro, mesmo comportamento que observamos agora no Parlamento\u201d, afirma Leite.<\/p>\n\t<p>\n\t\t<a href=\"https:\/\/lp.suno.com.br\/ebook-como-analisar-uma-acao\/\" target=\"_blank\" data-element=\"shortcode-suno-banner\" title=\"Banner SUNO, clique e saiba mais\">\n\t\t\t<picture>\n\t\t\t\t<source media=\"(max-width: 500px)\" srcset=\"https:\/\/files.sunoresearch.com.br\/n\/uploads\/2023\/03\/Ebook-Acoes-Mobile-1.jpg\">\n\t\t\t\t<img class=\"newsContent__article__imgCapa newsContent__article__imgCapa--banner\"\n\t\t\t\t\tsrc=\"https:\/\/files.sunoresearch.com.br\/n\/uploads\/2023\/03\/Ebook-Acoes-Desktop-1.jpg\"\n\t\t\t\t\tdata-promo-id=\"171998\"\t\t\t\t\t\t\t\t\t\twidth='1420' height='286'\t\t\t\t\talt=\"https:\/\/files.sunoresearch.com.br\/n\/uploads\/2023\/03\/Ebook-Acoes-Desktop-1.jpg\"\n\t\t\t\t>\n\t\t\t<\/picture>\n\t\t<\/a>\n\t<\/p>\n\n\n<p>&#8220;Pelo menos, agora temos o reconhecimento da exist\u00eancia do subs\u00eddio, o que vinha sendo negado pelo segmento de <strong>energia solar<\/strong>&#8220;, completa.<\/p>\n","protected":false},"excerpt":{"rendered":"<p>A C\u00e2mara dos deputados aprovou Projeto de Lei (PL) que retira isen\u00e7\u00e3o de tributos para consumidores que utilizam energia solar. O PL mant\u00e9m a isen\u00e7\u00e3o at\u00e9 2045 para quem j\u00e1 possui as estruturas, mas prev\u00ea cobran\u00e7a entre os que aderiram recentemente \u00e0 tecnologia. O texto ainda precisa passar pelo Senado Federal. Parque solar. Foto: Pixabay [&hellip;]<\/p>\n","protected":false},"author":73,"featured_media":141593,"comment_status":"closed","ping_status":"closed","sticky":false,"template":"","format":"standard","meta":[],"categories":[61],"tags":[938,106081,2153,750,1068,765],"suno_strategy":[],"class_list":["post-176599","post","type-post","status-publish","format-standard","has-post-thumbnail","hentry","category-politica","tag-camara-dos-deputados","tag-energia","tag-energia-eletrica","tag-energia-solar","tag-senado-federal","tag-subsidios"],"yoast_head":"<!-- This site is optimized with the Yoast SEO plugin v24.4 - https:\/\/yoast.com\/wordpress\/plugins\/seo\/ -->\n<title>C\u00e2mara aprova PL que derruba isen\u00e7\u00e3o de consumidores de energia solar<\/title>\n<meta name=\"description\" content=\"Com o PL, novos consumidores de energia solar j\u00e1 pagar\u00e3o tributos em 2023, com cobran\u00e7a gradativa at\u00e9 2029. Clique aqui e leia mais.\" \/>\n<meta name=\"robots\" content=\"index, follow, max-snippet:-1, max-image-preview:large, max-video-preview:-1\" \/>\n<link rel=\"canonical\" href=\"https:\/\/www.suno.com.br\/noticias\/camara-aprova-pl-consumidores-energia-solar-isencao\/\" \/>\n<meta property=\"og:locale\" content=\"pt_BR\" \/>\n<meta property=\"og:type\" content=\"article\" \/>\n<meta property=\"og:title\" content=\"C\u00e2mara aprova PL que derruba isen\u00e7\u00e3o de consumidores de energia solar\" \/>\n<meta property=\"og:description\" content=\"Com o PL, novos consumidores de energia solar j\u00e1 pagar\u00e3o tributos em 2023, com cobran\u00e7a gradativa at\u00e9 2029. Clique aqui e leia mais.\" \/>\n<meta property=\"og:url\" content=\"https:\/\/www.suno.com.br\/noticias\/camara-aprova-pl-consumidores-energia-solar-isencao\/\" \/>\n<meta property=\"og:site_name\" content=\"Suno Not\u00edcias\" \/>\n<meta property=\"article:publisher\" content=\"https:\/\/facebook.com\/sunoresearch\" \/>\n<meta property=\"og:image\" content=\"https:\/\/files.sunoresearch.com.br\/n\/uploads\/2021\/04\/9e2fade6-photovoltaic-2814504_1280.jpg\" \/>\n\t<meta property=\"og:image:width\" content=\"1280\" \/>\n\t<meta property=\"og:image:height\" content=\"853\" \/>\n\t<meta property=\"og:image:type\" content=\"image\/jpeg\" \/>\n<meta name=\"author\" content=\"Eduardo Vargas\" \/>\n<meta name=\"twitter:card\" content=\"summary_large_image\" \/>\n<meta name=\"twitter:creator\" content=\"@sunoresearch\" \/>\n<meta name=\"twitter:site\" content=\"@sunoresearch\" \/>\n<meta name=\"twitter:label1\" content=\"Escrito por\" \/>\n\t<meta name=\"twitter:data1\" content=\"Eduardo Vargas\" \/>\n\t<meta name=\"twitter:label2\" content=\"Est. tempo de leitura\" \/>\n\t<meta name=\"twitter:data2\" content=\"3 minutos\" \/>\n<script type=\"application\/ld+json\" class=\"yoast-schema-graph\">{\"@context\":\"https:\/\/schema.org\",\"@graph\":[{\"@type\":\"NewsArticle\",\"@id\":\"https:\/\/www.suno.com.br\/noticias\/camara-aprova-pl-consumidores-energia-solar-isencao\/#article\",\"isPartOf\":{\"@id\":\"https:\/\/www.suno.com.br\/noticias\/camara-aprova-pl-consumidores-energia-solar-isencao\/\"},\"author\":{\"name\":\"Eduardo Vargas\",\"@id\":\"https:\/\/www.suno.com.br\/noticias\/#\/schema\/person\/7f4d362bf3518e76090143ae77bb49a5\"},\"headline\":\"C\u00e2mara aprova PL que derruba isen\u00e7\u00e3o de impostos para consumidores de energia solar\",\"datePublished\":\"2021-08-19T18:26:13+00:00\",\"mainEntityOfPage\":{\"@id\":\"https:\/\/www.suno.com.br\/noticias\/camara-aprova-pl-consumidores-energia-solar-isencao\/\"},\"wordCount\":482,\"publisher\":{\"@id\":\"https:\/\/www.suno.com.br\/noticias\/#organization\"},\"image\":{\"@id\":\"https:\/\/www.suno.com.br\/noticias\/camara-aprova-pl-consumidores-energia-solar-isencao\/#primaryimage\"},\"thumbnailUrl\":\"https:\/\/files.sunoresearch.com.br\/n\/uploads\/2021\/04\/9e2fade6-photovoltaic-2814504_1280-jpg.webp\",\"keywords\":[\"C\u00e2mara dos Deputados\",\"energia\",\"energia el\u00e9trica\",\"energia solar\",\"Senado Federal\",\"Subs\u00eddios\"],\"articleSection\":[\"Pol\u00edtica\"],\"inLanguage\":\"pt-BR\"},{\"@type\":\"WebPage\",\"@id\":\"https:\/\/www.suno.com.br\/noticias\/camara-aprova-pl-consumidores-energia-solar-isencao\/\",\"url\":\"https:\/\/www.suno.com.br\/noticias\/camara-aprova-pl-consumidores-energia-solar-isencao\/\",\"name\":\"C\u00e2mara aprova PL que derruba isen\u00e7\u00e3o de consumidores de energia solar\",\"isPartOf\":{\"@id\":\"https:\/\/www.suno.com.br\/noticias\/#website\"},\"primaryImageOfPage\":{\"@id\":\"https:\/\/www.suno.com.br\/noticias\/camara-aprova-pl-consumidores-energia-solar-isencao\/#primaryimage\"},\"image\":{\"@id\":\"https:\/\/www.suno.com.br\/noticias\/camara-aprova-pl-consumidores-energia-solar-isencao\/#primaryimage\"},\"thumbnailUrl\":\"https:\/\/files.sunoresearch.com.br\/n\/uploads\/2021\/04\/9e2fade6-photovoltaic-2814504_1280-jpg.webp\",\"datePublished\":\"2021-08-19T18:26:13+00:00\",\"description\":\"Com o PL, novos consumidores de energia solar j\u00e1 pagar\u00e3o tributos em 2023, com cobran\u00e7a gradativa at\u00e9 2029. Clique aqui e leia mais.\",\"breadcrumb\":{\"@id\":\"https:\/\/www.suno.com.br\/noticias\/camara-aprova-pl-consumidores-energia-solar-isencao\/#breadcrumb\"},\"inLanguage\":\"pt-BR\",\"potentialAction\":[{\"@type\":\"ReadAction\",\"target\":[\"https:\/\/www.suno.com.br\/noticias\/camara-aprova-pl-consumidores-energia-solar-isencao\/\"]}]},{\"@type\":\"ImageObject\",\"inLanguage\":\"pt-BR\",\"@id\":\"https:\/\/www.suno.com.br\/noticias\/camara-aprova-pl-consumidores-energia-solar-isencao\/#primaryimage\",\"url\":\"https:\/\/files.sunoresearch.com.br\/n\/uploads\/2021\/04\/9e2fade6-photovoltaic-2814504_1280-jpg.webp\",\"contentUrl\":\"https:\/\/files.sunoresearch.com.br\/n\/uploads\/2021\/04\/9e2fade6-photovoltaic-2814504_1280-jpg.webp\",\"width\":1280,\"height\":853,\"caption\":\"Energia solar - Foto: Pixabay\"},{\"@type\":\"BreadcrumbList\",\"@id\":\"https:\/\/www.suno.com.br\/noticias\/camara-aprova-pl-consumidores-energia-solar-isencao\/#breadcrumb\",\"itemListElement\":[{\"@type\":\"ListItem\",\"position\":1,\"name\":\"Not\u00edcias\",\"item\":\"https:\/\/www.suno.com.br\/noticias\/\"},{\"@type\":\"ListItem\",\"position\":2,\"name\":\"Pol\u00edtica\",\"item\":\"https:\/\/www.suno.com.br\/noticias\/politica\/\"},{\"@type\":\"ListItem\",\"position\":3,\"name\":\"C\u00e2mara aprova PL que derruba isen\u00e7\u00e3o de impostos para consumidores de energia solar\"}]},{\"@type\":\"WebSite\",\"@id\":\"https:\/\/www.suno.com.br\/noticias\/#website\",\"url\":\"https:\/\/www.suno.com.br\/noticias\/\",\"name\":\"Suno Not\u00edcias\",\"description\":\"Seu portal de informa\u00e7\u00e3o sobre o mundo dos investimentos\",\"publisher\":{\"@id\":\"https:\/\/www.suno.com.br\/noticias\/#organization\"},\"potentialAction\":[{\"@type\":\"SearchAction\",\"target\":{\"@type\":\"EntryPoint\",\"urlTemplate\":\"https:\/\/www.suno.com.br\/noticias\/?s={search_term_string}\"},\"query-input\":{\"@type\":\"PropertyValueSpecification\",\"valueRequired\":true,\"valueName\":\"search_term_string\"}}],\"inLanguage\":\"pt-BR\"},{\"@type\":\"Organization\",\"@id\":\"https:\/\/www.suno.com.br\/noticias\/#organization\",\"name\":\"Suno Not\u00edcias\",\"url\":\"https:\/\/www.suno.com.br\/noticias\/\",\"logo\":{\"@type\":\"ImageObject\",\"inLanguage\":\"pt-BR\",\"@id\":\"https:\/\/www.suno.com.br\/noticias\/#\/schema\/logo\/image\/\",\"url\":\"https:\/\/files.sunoresearch.com.br\/n\/uploads\/2021\/09\/suno-logo.png\",\"contentUrl\":\"https:\/\/files.sunoresearch.com.br\/n\/uploads\/2021\/09\/suno-logo.png\",\"width\":180,\"height\":180,\"caption\":\"Suno Not\u00edcias\"},\"image\":{\"@id\":\"https:\/\/www.suno.com.br\/noticias\/#\/schema\/logo\/image\/\"},\"sameAs\":[\"https:\/\/facebook.com\/sunoresearch\",\"https:\/\/x.com\/sunoresearch\",\"https:\/\/www.instagram.com\/suno\",\"https:\/\/www.linkedin.com\/company\/suno-research\/\",\"https:\/\/www.youtube.com\/c\/sunoresearch\"]},{\"@type\":\"Person\",\"@id\":\"https:\/\/www.suno.com.br\/noticias\/#\/schema\/person\/7f4d362bf3518e76090143ae77bb49a5\",\"name\":\"Eduardo Vargas\",\"image\":{\"@type\":\"ImageObject\",\"inLanguage\":\"pt-BR\",\"@id\":\"https:\/\/www.suno.com.br\/noticias\/#\/schema\/person\/image\/\",\"url\":\"https:\/\/secure.gravatar.com\/avatar\/dac340933427a22924c9f99d1eb2e3f2?s=96&r=g\",\"contentUrl\":\"https:\/\/secure.gravatar.com\/avatar\/dac340933427a22924c9f99d1eb2e3f2?s=96&r=g\",\"caption\":\"Eduardo Vargas\"},\"description\":\"Jornalista formado pela UFSC, cobre macroeconomia, neg\u00f3cios e startups para o Suno Not\u00edcias, escrevendo principalmente not\u00edcias sobre o mercado financeiro e a bolsa de valores. No YouTube e no Instagram, \u00e9 respons\u00e1vel pela produ\u00e7\u00e3o de Reels e Shorts do Suno Not\u00edcias. Anteriormente, trabalhou cobrindo economia e cotidiano no ND+ e para o ND, maior jornal impresso de Santa Catarina. Cursou um semestre letivo de Estudos de M\u00eddia na Universidad de Buenos Aires.\",\"url\":\"https:\/\/www.suno.com.br\/noticias\/author\/eduardo-vargas\/\"}]}<\/script>\n<!-- \/ Yoast SEO plugin. -->","yoast_head_json":{"title":"C\u00e2mara aprova PL que derruba isen\u00e7\u00e3o de consumidores de energia solar","description":"Com o PL, novos consumidores de energia solar j\u00e1 pagar\u00e3o tributos em 2023, com cobran\u00e7a gradativa at\u00e9 2029. Clique aqui e leia mais.","robots":{"index":"index","follow":"follow","max-snippet":"max-snippet:-1","max-image-preview":"max-image-preview:large","max-video-preview":"max-video-preview:-1"},"canonical":"https:\/\/www.suno.com.br\/noticias\/camara-aprova-pl-consumidores-energia-solar-isencao\/","og_locale":"pt_BR","og_type":"article","og_title":"C\u00e2mara aprova PL que derruba isen\u00e7\u00e3o de consumidores de energia solar","og_description":"Com o PL, novos consumidores de energia solar j\u00e1 pagar\u00e3o tributos em 2023, com cobran\u00e7a gradativa at\u00e9 2029. Clique aqui e leia mais.","og_url":"https:\/\/www.suno.com.br\/noticias\/camara-aprova-pl-consumidores-energia-solar-isencao\/","og_site_name":"Suno Not\u00edcias","article_publisher":"https:\/\/facebook.com\/sunoresearch","og_image":[{"width":1280,"height":853,"url":"https:\/\/files.sunoresearch.com.br\/n\/uploads\/2021\/04\/9e2fade6-photovoltaic-2814504_1280.jpg","type":"image\/jpeg"}],"author":"Eduardo Vargas","twitter_card":"summary_large_image","twitter_creator":"@sunoresearch","twitter_site":"@sunoresearch","twitter_misc":{"Escrito por":"Eduardo Vargas","Est. tempo de leitura":"3 minutos"},"schema":{"@context":"https:\/\/schema.org","@graph":[{"@type":"NewsArticle","@id":"https:\/\/www.suno.com.br\/noticias\/camara-aprova-pl-consumidores-energia-solar-isencao\/#article","isPartOf":{"@id":"https:\/\/www.suno.com.br\/noticias\/camara-aprova-pl-consumidores-energia-solar-isencao\/"},"author":{"name":"Eduardo Vargas","@id":"https:\/\/www.suno.com.br\/noticias\/#\/schema\/person\/7f4d362bf3518e76090143ae77bb49a5"},"headline":"C\u00e2mara aprova PL que derruba isen\u00e7\u00e3o de impostos para consumidores de energia solar","datePublished":"2021-08-19T18:26:13+00:00","mainEntityOfPage":{"@id":"https:\/\/www.suno.com.br\/noticias\/camara-aprova-pl-consumidores-energia-solar-isencao\/"},"wordCount":482,"publisher":{"@id":"https:\/\/www.suno.com.br\/noticias\/#organization"},"image":{"@id":"https:\/\/www.suno.com.br\/noticias\/camara-aprova-pl-consumidores-energia-solar-isencao\/#primaryimage"},"thumbnailUrl":"https:\/\/files.sunoresearch.com.br\/n\/uploads\/2021\/04\/9e2fade6-photovoltaic-2814504_1280-jpg.webp","keywords":["C\u00e2mara dos Deputados","energia","energia el\u00e9trica","energia solar","Senado Federal","Subs\u00eddios"],"articleSection":["Pol\u00edtica"],"inLanguage":"pt-BR"},{"@type":"WebPage","@id":"https:\/\/www.suno.com.br\/noticias\/camara-aprova-pl-consumidores-energia-solar-isencao\/","url":"https:\/\/www.suno.com.br\/noticias\/camara-aprova-pl-consumidores-energia-solar-isencao\/","name":"C\u00e2mara aprova PL que derruba isen\u00e7\u00e3o de consumidores de energia solar","isPartOf":{"@id":"https:\/\/www.suno.com.br\/noticias\/#website"},"primaryImageOfPage":{"@id":"https:\/\/www.suno.com.br\/noticias\/camara-aprova-pl-consumidores-energia-solar-isencao\/#primaryimage"},"image":{"@id":"https:\/\/www.suno.com.br\/noticias\/camara-aprova-pl-consumidores-energia-solar-isencao\/#primaryimage"},"thumbnailUrl":"https:\/\/files.sunoresearch.com.br\/n\/uploads\/2021\/04\/9e2fade6-photovoltaic-2814504_1280-jpg.webp","datePublished":"2021-08-19T18:26:13+00:00","description":"Com o PL, novos consumidores de energia solar j\u00e1 pagar\u00e3o tributos em 2023, com cobran\u00e7a gradativa at\u00e9 2029. Clique aqui e leia mais.","breadcrumb":{"@id":"https:\/\/www.suno.com.br\/noticias\/camara-aprova-pl-consumidores-energia-solar-isencao\/#breadcrumb"},"inLanguage":"pt-BR","potentialAction":[{"@type":"ReadAction","target":["https:\/\/www.suno.com.br\/noticias\/camara-aprova-pl-consumidores-energia-solar-isencao\/"]}]},{"@type":"ImageObject","inLanguage":"pt-BR","@id":"https:\/\/www.suno.com.br\/noticias\/camara-aprova-pl-consumidores-energia-solar-isencao\/#primaryimage","url":"https:\/\/files.sunoresearch.com.br\/n\/uploads\/2021\/04\/9e2fade6-photovoltaic-2814504_1280-jpg.webp","contentUrl":"https:\/\/files.sunoresearch.com.br\/n\/uploads\/2021\/04\/9e2fade6-photovoltaic-2814504_1280-jpg.webp","width":1280,"height":853,"caption":"Energia solar - Foto: Pixabay"},{"@type":"BreadcrumbList","@id":"https:\/\/www.suno.com.br\/noticias\/camara-aprova-pl-consumidores-energia-solar-isencao\/#breadcrumb","itemListElement":[{"@type":"ListItem","position":1,"name":"Not\u00edcias","item":"https:\/\/www.suno.com.br\/noticias\/"},{"@type":"ListItem","position":2,"name":"Pol\u00edtica","item":"https:\/\/www.suno.com.br\/noticias\/politica\/"},{"@type":"ListItem","position":3,"name":"C\u00e2mara aprova PL que derruba isen\u00e7\u00e3o de impostos para consumidores de energia solar"}]},{"@type":"WebSite","@id":"https:\/\/www.suno.com.br\/noticias\/#website","url":"https:\/\/www.suno.com.br\/noticias\/","name":"Suno Not\u00edcias","description":"Seu portal de informa\u00e7\u00e3o sobre o mundo dos investimentos","publisher":{"@id":"https:\/\/www.suno.com.br\/noticias\/#organization"},"potentialAction":[{"@type":"SearchAction","target":{"@type":"EntryPoint","urlTemplate":"https:\/\/www.suno.com.br\/noticias\/?s={search_term_string}"},"query-input":{"@type":"PropertyValueSpecification","valueRequired":true,"valueName":"search_term_string"}}],"inLanguage":"pt-BR"},{"@type":"Organization","@id":"https:\/\/www.suno.com.br\/noticias\/#organization","name":"Suno Not\u00edcias","url":"https:\/\/www.suno.com.br\/noticias\/","logo":{"@type":"ImageObject","inLanguage":"pt-BR","@id":"https:\/\/www.suno.com.br\/noticias\/#\/schema\/logo\/image\/","url":"https:\/\/files.sunoresearch.com.br\/n\/uploads\/2021\/09\/suno-logo.png","contentUrl":"https:\/\/files.sunoresearch.com.br\/n\/uploads\/2021\/09\/suno-logo.png","width":180,"height":180,"caption":"Suno Not\u00edcias"},"image":{"@id":"https:\/\/www.suno.com.br\/noticias\/#\/schema\/logo\/image\/"},"sameAs":["https:\/\/facebook.com\/sunoresearch","https:\/\/x.com\/sunoresearch","https:\/\/www.instagram.com\/suno","https:\/\/www.linkedin.com\/company\/suno-research\/","https:\/\/www.youtube.com\/c\/sunoresearch"]},{"@type":"Person","@id":"https:\/\/www.suno.com.br\/noticias\/#\/schema\/person\/7f4d362bf3518e76090143ae77bb49a5","name":"Eduardo Vargas","image":{"@type":"ImageObject","inLanguage":"pt-BR","@id":"https:\/\/www.suno.com.br\/noticias\/#\/schema\/person\/image\/","url":"https:\/\/secure.gravatar.com\/avatar\/dac340933427a22924c9f99d1eb2e3f2?s=96&r=g","contentUrl":"https:\/\/secure.gravatar.com\/avatar\/dac340933427a22924c9f99d1eb2e3f2?s=96&r=g","caption":"Eduardo Vargas"},"description":"Jornalista formado pela UFSC, cobre macroeconomia, neg\u00f3cios e startups para o Suno Not\u00edcias, escrevendo principalmente not\u00edcias sobre o mercado financeiro e a bolsa de valores. No YouTube e no Instagram, \u00e9 respons\u00e1vel pela produ\u00e7\u00e3o de Reels e Shorts do Suno Not\u00edcias. Anteriormente, trabalhou cobrindo economia e cotidiano no ND+ e para o ND, maior jornal impresso de Santa Catarina. Cursou um semestre letivo de Estudos de M\u00eddia na Universidad de Buenos Aires.","url":"https:\/\/www.suno.com.br\/noticias\/author\/eduardo-vargas\/"}]}},"default_loop_html":"<div class=\"cardsPage__listCard__boxs\"><div class=\"cardsPage__listCard__boxs__img\"><a href=\"https:\/\/www.suno.com.br\/noticias\/startup-energia-solar-aporte-venture-capital-setor\/\"><img class=\"mask\" src=\"https:\/\/www.suno.com.br\/noticias\/wp-content\/themes\/suno\/resources\/images\/spotlight\/spotlight1img\/bg-mask.png\" alt=\"Image Mask\"\/><img src=\"https:\/\/files.sunoresearch.com.br\/n\/uploads\/2021\/06\/70caad96-photovoltaic-system-2742302_1920-400x200.webp\" alt=\"Solf\u00e1cil, startup de financiamento de energia solar, recebe maior aporte do Brasil no setor\"\/><\/a><span class=\"spotlightCategory\"><a href=\"https:\/\/www.suno.com.br\/noticias\/startups\/\">Startups<\/a><\/span><\/div><div class=\"cardsPage__listCard__boxs__content\"><a href=\"https:\/\/www.suno.com.br\/noticias\/startup-energia-solar-aporte-venture-capital-setor\/\"><h2 class=\"content__title\">Solf\u00e1cil, startup de financiamento de energia solar, recebe maior aporte do Brasil no setor<\/h2><\/a><div class=\"newsContent__article__meta\"><div class=\"newsContent__article__meta__authorBox\"><a href=\"https:\/\/www.suno.com.br\/noticias\/author\/eduardo-vargas\/\" class=\"authorBox__avatar noMobi\"><img src=\"https:\/\/secure.gravatar.com\/avatar\/dac340933427a22924c9f99d1eb2e3f2?s=96&#038;r=g\" alt=\"Eduardo Vargas\"><\/a><div class=\"authorBox__name\"><span>por\n\t\t\t<a href=\"https:\/\/www.suno.com.br\/noticias\/author\/eduardo-vargas\/\"><span itemprop=\"author\">Eduardo Vargas<\/span><\/a><\/span><time datetime=\"2021-06-23T15:07:20-03:00\" itemprop=\"datePublished\">23\/06\/2021 15:07<\/time><\/div><\/div><\/div><\/div><\/div>","single_layout":"posts","amp_enabled":true,"_links":{"self":[{"href":"https:\/\/www.suno.com.br\/noticias\/wp-json\/wp\/v2\/posts\/176599"}],"collection":[{"href":"https:\/\/www.suno.com.br\/noticias\/wp-json\/wp\/v2\/posts"}],"about":[{"href":"https:\/\/www.suno.com.br\/noticias\/wp-json\/wp\/v2\/types\/post"}],"author":[{"embeddable":true,"href":"https:\/\/www.suno.com.br\/noticias\/wp-json\/wp\/v2\/users\/73"}],"replies":[{"embeddable":true,"href":"https:\/\/www.suno.com.br\/noticias\/wp-json\/wp\/v2\/comments?post=176599"}],"version-history":[{"count":3,"href":"https:\/\/www.suno.com.br\/noticias\/wp-json\/wp\/v2\/posts\/176599\/revisions"}],"predecessor-version":[{"id":176634,"href":"https:\/\/www.suno.com.br\/noticias\/wp-json\/wp\/v2\/posts\/176599\/revisions\/176634"}],"wp:featuredmedia":[{"embeddable":true,"href":"https:\/\/www.suno.com.br\/noticias\/wp-json\/wp\/v2\/media\/141593"}],"wp:attachment":[{"href":"https:\/\/www.suno.com.br\/noticias\/wp-json\/wp\/v2\/media?parent=176599"}],"wp:term":[{"taxonomy":"category","embeddable":true,"href":"https:\/\/www.suno.com.br\/noticias\/wp-json\/wp\/v2\/categories?post=176599"},{"taxonomy":"post_tag","embeddable":true,"href":"https:\/\/www.suno.com.br\/noticias\/wp-json\/wp\/v2\/tags?post=176599"},{"taxonomy":"suno_strategy","embeddable":true,"href":"https:\/\/www.suno.com.br\/noticias\/wp-json\/wp\/v2\/suno_strategy?post=176599"}],"curies":[{"name":"wp","href":"https:\/\/api.w.org\/{rel}","templated":true}]}}