{"id":176530,"date":"2021-08-19T12:28:25","date_gmt":"2021-08-19T15:28:25","guid":{"rendered":"https:\/\/www.suno.com.br\/noticias\/?p=176530"},"modified":"2021-08-19T12:28:25","modified_gmt":"2021-08-19T15:28:25","slug":"dexco-dxco3-estreia-seu-novo-ticker-caindo-12-ibovespa-amarga-perdas","status":"publish","type":"post","link":"https:\/\/www.suno.com.br\/noticias\/dexco-dxco3-estreia-seu-novo-ticker-caindo-12-ibovespa-amarga-perdas\/","title":{"rendered":"Dexco (DXCO3) estreia seu novo ticker caindo 1,2%; Ibovespa amarga perdas"},"content":{"rendered":"<p>A <strong>Dexco<\/strong> <a href=\"https:\/\/statusinvest.com.br\/acoes\/dtex3\">(antiga Duratex)<\/a> parou de ser negociada na B3 sob o ticker de DTEX3 e agora, nesta quinta-feira (19) passa a ser a <a href=\"https:\/\/www.suno.com.br\/acoes\/dtex3\/\">DXCO3<\/a>. Com a mudan\u00e7a, a companhia estreia em queda de 1,21%, cotada a R$ 20,38 &#8211; frente a uma bolsa que amarga perdas por dias seguidos.<\/p>\t<div class=\"wrapper-featured-image\">\n\t\t<figure class=\"spotlightImg\">\n\n\t\t\t<picture>\n\t\t\t\t<source media=\"(max-width: 768px)\" srcset=\"https:\/\/files.sunoresearch.com.br\/n\/uploads\/2019\/10\/0c8a840b-duratex-400x200.webp\">\n\t\t\t\t<img loading=\"lazy\" decoding=\"async\" class=\"newsContent__article__imgCapa lazyloadDisabled \" src=\"https:\/\/files.sunoresearch.com.br\/n\/uploads\/2019\/10\/0c8a840b-duratex-800x450.webp\" width=\"800\" height=\"450\" alt=\"Dexco (DXCO3) estreia seu novo ticker caindo 1,2%; Ibovespa amarga perdas\" fetchpriority=high \/>\n\t\t\t<\/picture>\n\n\t\t\t<figcaption class=\"wp-caption-text wp-caption-text--show\">Dexco (DXCO3) vai pagar R$ 249 milh\u00f5es em JCP; Veja o valor por a\u00e7\u00e3o e a data de pagamento. Foto: Divulga\u00e7\u00e3o<\/figcaption>\n\t\t<\/figure>\n\t<\/div>\n\n\n\t<p>\n\t\t<a href=\"https:\/\/lp.suno.com.br\/planilha-controle-gastos\/\" target=\"_blank\" data-element=\"shortcode-suno-banner\" title=\"Banner SUNO, clique e saiba mais\">\n\t\t\t<picture>\n\t\t\t\t<source media=\"(max-width: 500px)\" srcset=\"https:\/\/files.sunoresearch.com.br\/n\/uploads\/2023\/03\/400x300-Planilha-controle-de-gastos.png\">\n\t\t\t\t<img class=\"newsContent__article__imgCapa newsContent__article__imgCapa--banner\"\n\t\t\t\t\tsrc=\"https:\/\/files.sunoresearch.com.br\/n\/uploads\/2023\/03\/1420x240-Planilha-controle-de-gastos.png\"\n\t\t\t\t\tdata-promo-id=\"101751\"\t\t\t\t\t\t\t\t\t\twidth='1420' height='240'\t\t\t\t\talt=\"https:\/\/files.sunoresearch.com.br\/n\/uploads\/2023\/03\/1420x240-Planilha-controle-de-gastos.png\"\n\t\t\t\t>\n\t\t\t<\/picture>\n\t\t<\/a>\n\t<\/p>\n\n\n<p>A mudan\u00e7a de nome para Dexco se deu em meados de julho, mas a altera\u00e7\u00e3o de nome foi aprovada pelos acionistas em <a href=\"https:\/\/www.suno.com.br\/artigos\/assembleia-geral-extraordinaria\/\">Assembleia Geral Extraordin\u00e1ria<\/a> no dia 18 de agosto..<\/p>\n<p>A ideia da companhia foi de criar um nome que faz jus ao conglomerado em que se tornou a companhia, com atua\u00e7\u00e3o em diversos segmentos.\u00a0O nome<strong> Duratex<\/strong> vem desde a funda\u00e7\u00e3o da empresa, h\u00e1 70 anos, e se confundia com sua linha de produtos de madeira.<\/p>\n<p>\u00c0 \u00e9poca, a companhia tamb\u00e9m anunciou um plano de investimentos de R$ 2,5 bilh\u00f5es.<\/p>\n\t<div data-element=\"shortcode-read-more\" class=\"knowMore\">\n\t\t\t\t<span class=\"knowMore__title\">Leia mais<\/span>\n\t\t\t\t<a class=\"knowMore__link\" href=\"https:\/\/www.suno.com.br\/noticias\/petz-petz3-duratex-dtex3-previa-ibovespa\/\">\n\t\t\tSegunda pr\u00e9via do Ibovespa inclui Petz (PETZ3) e Dexco (DTEX3)\t\t<\/a>\n\t<\/div>\n\n\n<p>\u201cDeste valor, R$ 90 milh\u00f5es ser\u00e3o em projetos de desgargalamento fabril, cujo potencial \u00e9 de aumentar em 10% a capacidade de produ\u00e7\u00e3o de pain\u00e9is de madeira. Outros R$ 180,0 milh\u00f5es ser\u00e3o destinados a aquisi\u00e7\u00e3o de tr\u00eas linhas de revestimentos de pain\u00e9is, os quais ir\u00e3o potencializar a estrat\u00e9gia de diferencia\u00e7\u00e3o com o aumento de 45% da capacidade de revestir pain\u00e9is de madeira&#8221;, <a href=\"https:\/\/www.suno.com.br\/artigos\/fato-relevante\">diz a companhia<\/a>.<\/p>\n<p>&#8220;Por fim, considerando a estrat\u00e9gia de crescimento de longo prazo, a companhia ir\u00e1 investir cerca de R$ 240,0 milh\u00f5es na expans\u00e3o de sua base florestal na regi\u00e3o Nordeste, atrav\u00e9s de sua subsidi\u00e1ria Caetex\u201d, disse a empresa em comunicado&#8221;, segue.<\/p>\n\t<p>\n\t\t<a href=\"https:\/\/lp.suno.com.br\/planilha-da-vida-financeira\/\" target=\"_blank\" data-element=\"shortcode-suno-banner\" title=\"Banner SUNO, clique e saiba mais\">\n\t\t\t<picture>\n\t\t\t\t<source media=\"(max-width: 500px)\" srcset=\"https:\/\/files.sunoresearch.com.br\/n\/uploads\/2023\/04\/400x300-Planilha-vida-financeira-true.png\">\n\t\t\t\t<img class=\"newsContent__article__imgCapa newsContent__article__imgCapa--banner\"\n\t\t\t\t\tsrc=\"https:\/\/files.sunoresearch.com.br\/n\/uploads\/2023\/04\/1420x240-Planilha-vida-financeira-true.png\"\n\t\t\t\t\tdata-promo-id=\"106682\"\t\t\t\t\t\t\t\t\t\twidth='1420' height='240'\t\t\t\t\talt=\"https:\/\/files.sunoresearch.com.br\/n\/uploads\/2023\/04\/1420x240-Planilha-vida-financeira-true.png\"\n\t\t\t\t>\n\t\t\t<\/picture>\n\t\t<\/a>\n\t<\/p>\n\n\n<p>Contudo, na divis\u00e3o Deca ser\u00e3o investidos pouco mais de R$ 1,1 bilh\u00e3o, dos quais cerca de R$ 600,0 milh\u00f5es ser\u00e3o investidos na expans\u00e3o das unidades de metais.<\/p>\n<p>Ou seja, a capacidade de produ\u00e7\u00e3o ser\u00e1 aumentada em 35%.<\/p>\n<p>Al\u00e9m disso, tamb\u00e9m ser\u00e3o investidos cerca de R$ 550,0 milh\u00f5es na expans\u00e3o e automa\u00e7\u00e3o da produ\u00e7\u00e3o de lou\u00e7as sanit\u00e1rias, elevando a capacidade em 30%.<\/p>\n\t<p>\n\t\t<a href=\"https:\/\/lp.suno.com.br\/ebook-como-analisar-uma-acao\/\" target=\"_blank\" data-element=\"shortcode-suno-banner\" title=\"Banner SUNO, clique e saiba mais\">\n\t\t\t<picture>\n\t\t\t\t<source media=\"(max-width: 500px)\" srcset=\"https:\/\/files.sunoresearch.com.br\/n\/uploads\/2023\/03\/Ebook-Acoes-Mobile-1.jpg\">\n\t\t\t\t<img class=\"newsContent__article__imgCapa newsContent__article__imgCapa--banner\"\n\t\t\t\t\tsrc=\"https:\/\/files.sunoresearch.com.br\/n\/uploads\/2023\/03\/Ebook-Acoes-Desktop-1.jpg\"\n\t\t\t\t\tdata-promo-id=\"171998\"\t\t\t\t\t\t\t\t\t\twidth='1420' height='286'\t\t\t\t\talt=\"https:\/\/files.sunoresearch.com.br\/n\/uploads\/2023\/03\/Ebook-Acoes-Desktop-1.jpg\"\n\t\t\t\t>\n\t\t\t<\/picture>\n\t\t<\/a>\n\t<\/p>\n\n\n<h2>DexCo vai ao Ibovespa<\/h2>\n<p>Ainda nesta semana, a\u00a0<a class=\"suno-keyword\" href=\"https:\/\/www.suno.com.br\/acoes\/B3SA3\/\" target=\"_blank\" rel=\"noopener noreferrer\" data-force=\"yes\" data-priority=\"2\">B3 (B3SA3)<\/a>\u00a0incluiu as a\u00e7\u00f5es da\u00a0<a class=\"suno-keyword\" href=\"https:\/\/www.suno.com.br\/acoes\/PETZ3\/\" target=\"_blank\" rel=\"noopener noreferrer\" data-force=\"yes\" data-priority=\"2\">Petz (PETZ3)<\/a>\u00a0e da <strong>Dexco <\/strong>na segunda pr\u00e9via da nova carteira do Ibovespa, v\u00e1lida para o per\u00edodo entre setembro a dezembro de 2021.\u00a0Ainda ser\u00e3o divulgadas mais pr\u00e9vias ao longo do m\u00eas, mas, se a entrada desses pap\u00e9is forem confirmados, o Ibovespa passar\u00e1 a ter 91 ativos.<\/p>\n\t<p>\n\t\t<a href=\"https:\/\/lp.suno.com.br\/planilha-de-controle-de-investimentos\/\" target=\"_blank\" data-element=\"shortcode-suno-banner\" title=\"Banner SUNO, clique e saiba mais\">\n\t\t\t<picture>\n\t\t\t\t<source media=\"(max-width: 500px)\" srcset=\"https:\/\/files.sunoresearch.com.br\/n\/uploads\/2023\/03\/400x300-Controle-de-Investimentos.png\">\n\t\t\t\t<img class=\"newsContent__article__imgCapa newsContent__article__imgCapa--banner\"\n\t\t\t\t\tsrc=\"https:\/\/files.sunoresearch.com.br\/n\/uploads\/2023\/03\/1420x240-Controle-de-Investimentos.png\"\n\t\t\t\t\tdata-promo-id=\"75934\"\t\t\t\t\t\t\t\t\t\twidth='1420' height='240'\t\t\t\t\talt=\"https:\/\/files.sunoresearch.com.br\/n\/uploads\/2023\/03\/1420x240-Controle-de-Investimentos.png\"\n\t\t\t\t>\n\t\t\t<\/picture>\n\t\t<\/a>\n\t<\/p>\n\n\n","protected":false},"excerpt":{"rendered":"<p>A Dexco (antiga Duratex) parou de ser negociada na B3 sob o ticker de DTEX3 e agora, nesta quinta-feira (19) passa a ser a DXCO3. Com a mudan\u00e7a, a companhia estreia em queda de 1,21%, cotada a R$ 20,38 &#8211; frente a uma bolsa que amarga perdas por dias seguidos. Dexco (DXCO3) vai pagar R$ [&hellip;]<\/p>\n","protected":false},"author":73,"featured_media":42910,"comment_status":"closed","ping_status":"closed","sticky":false,"template":"","format":"standard","meta":[],"categories":[64],"tags":[106758,721],"suno_strategy":[],"class_list":["post-176530","post","type-post","status-publish","format-standard","has-post-thumbnail","hentry","category-negocios","tag-dexco-dxco3","tag-ibovespa"],"yoast_head":"<!-- This site is optimized with the Yoast SEO plugin v24.4 - https:\/\/yoast.com\/wordpress\/plugins\/seo\/ -->\n<title>Dexco (DXCO3) estreia novo ticker caindo 1,2%; Ibovespa amarga perdas<\/title>\n<meta name=\"description\" content=\"A DexCo mudou seu nome e seu ticker, abandonando o nome &quot;Duratex&quot;, como forma de fazer jus ao conglomerado. Clique aqui e leia mais.\" \/>\n<meta name=\"robots\" content=\"index, follow, max-snippet:-1, max-image-preview:large, max-video-preview:-1\" \/>\n<link rel=\"canonical\" href=\"https:\/\/www.suno.com.br\/noticias\/dexco-dxco3-estreia-seu-novo-ticker-caindo-12-ibovespa-amarga-perdas\/\" \/>\n<meta property=\"og:locale\" content=\"pt_BR\" \/>\n<meta property=\"og:type\" content=\"article\" \/>\n<meta property=\"og:title\" content=\"Dexco (DXCO3) estreia novo ticker caindo 1,2%; Ibovespa amarga perdas\" \/>\n<meta property=\"og:description\" content=\"A DexCo mudou seu nome e seu ticker, abandonando o nome &quot;Duratex&quot;, como forma de fazer jus ao conglomerado. Clique aqui e leia mais.\" \/>\n<meta property=\"og:url\" content=\"https:\/\/www.suno.com.br\/noticias\/dexco-dxco3-estreia-seu-novo-ticker-caindo-12-ibovespa-amarga-perdas\/\" \/>\n<meta property=\"og:site_name\" content=\"Suno Not\u00edcias\" \/>\n<meta property=\"article:publisher\" content=\"https:\/\/facebook.com\/sunoresearch\" \/>\n<meta property=\"og:image\" content=\"https:\/\/files.sunoresearch.com.br\/n\/uploads\/2019\/10\/0c8a840b-duratex.jpg\" \/>\n\t<meta property=\"og:image:width\" content=\"2000\" \/>\n\t<meta property=\"og:image:height\" content=\"1345\" \/>\n\t<meta property=\"og:image:type\" content=\"image\/jpeg\" \/>\n<meta name=\"author\" content=\"Eduardo Vargas\" \/>\n<meta name=\"twitter:card\" content=\"summary_large_image\" \/>\n<meta name=\"twitter:creator\" content=\"@sunoresearch\" \/>\n<meta name=\"twitter:site\" content=\"@sunoresearch\" \/>\n<meta name=\"twitter:label1\" content=\"Escrito por\" \/>\n\t<meta name=\"twitter:data1\" content=\"Eduardo Vargas\" \/>\n\t<meta name=\"twitter:label2\" content=\"Est. tempo de leitura\" \/>\n\t<meta name=\"twitter:data2\" content=\"2 minutos\" \/>\n<script type=\"application\/ld+json\" class=\"yoast-schema-graph\">{\"@context\":\"https:\/\/schema.org\",\"@graph\":[{\"@type\":\"NewsArticle\",\"@id\":\"https:\/\/www.suno.com.br\/noticias\/dexco-dxco3-estreia-seu-novo-ticker-caindo-12-ibovespa-amarga-perdas\/#article\",\"isPartOf\":{\"@id\":\"https:\/\/www.suno.com.br\/noticias\/dexco-dxco3-estreia-seu-novo-ticker-caindo-12-ibovespa-amarga-perdas\/\"},\"author\":{\"name\":\"Eduardo Vargas\",\"@id\":\"https:\/\/www.suno.com.br\/noticias\/#\/schema\/person\/7f4d362bf3518e76090143ae77bb49a5\"},\"headline\":\"Dexco (DXCO3) estreia seu novo ticker caindo 1,2%; Ibovespa amarga perdas\",\"datePublished\":\"2021-08-19T15:28:25+00:00\",\"mainEntityOfPage\":{\"@id\":\"https:\/\/www.suno.com.br\/noticias\/dexco-dxco3-estreia-seu-novo-ticker-caindo-12-ibovespa-amarga-perdas\/\"},\"wordCount\":427,\"publisher\":{\"@id\":\"https:\/\/www.suno.com.br\/noticias\/#organization\"},\"image\":{\"@id\":\"https:\/\/www.suno.com.br\/noticias\/dexco-dxco3-estreia-seu-novo-ticker-caindo-12-ibovespa-amarga-perdas\/#primaryimage\"},\"thumbnailUrl\":\"https:\/\/files.sunoresearch.com.br\/n\/uploads\/2019\/10\/0c8a840b-duratex-jpg.webp\",\"keywords\":[\"Dexco (DXCO3)\",\"Ibovespa\"],\"articleSection\":[\"Neg\u00f3cios\"],\"inLanguage\":\"pt-BR\"},{\"@type\":\"WebPage\",\"@id\":\"https:\/\/www.suno.com.br\/noticias\/dexco-dxco3-estreia-seu-novo-ticker-caindo-12-ibovespa-amarga-perdas\/\",\"url\":\"https:\/\/www.suno.com.br\/noticias\/dexco-dxco3-estreia-seu-novo-ticker-caindo-12-ibovespa-amarga-perdas\/\",\"name\":\"Dexco (DXCO3) estreia novo ticker caindo 1,2%; Ibovespa amarga perdas\",\"isPartOf\":{\"@id\":\"https:\/\/www.suno.com.br\/noticias\/#website\"},\"primaryImageOfPage\":{\"@id\":\"https:\/\/www.suno.com.br\/noticias\/dexco-dxco3-estreia-seu-novo-ticker-caindo-12-ibovespa-amarga-perdas\/#primaryimage\"},\"image\":{\"@id\":\"https:\/\/www.suno.com.br\/noticias\/dexco-dxco3-estreia-seu-novo-ticker-caindo-12-ibovespa-amarga-perdas\/#primaryimage\"},\"thumbnailUrl\":\"https:\/\/files.sunoresearch.com.br\/n\/uploads\/2019\/10\/0c8a840b-duratex-jpg.webp\",\"datePublished\":\"2021-08-19T15:28:25+00:00\",\"description\":\"A DexCo mudou seu nome e seu ticker, abandonando o nome \\\"Duratex\\\", como forma de fazer jus ao conglomerado. Clique aqui e leia mais.\",\"breadcrumb\":{\"@id\":\"https:\/\/www.suno.com.br\/noticias\/dexco-dxco3-estreia-seu-novo-ticker-caindo-12-ibovespa-amarga-perdas\/#breadcrumb\"},\"inLanguage\":\"pt-BR\",\"potentialAction\":[{\"@type\":\"ReadAction\",\"target\":[\"https:\/\/www.suno.com.br\/noticias\/dexco-dxco3-estreia-seu-novo-ticker-caindo-12-ibovespa-amarga-perdas\/\"]}]},{\"@type\":\"ImageObject\",\"inLanguage\":\"pt-BR\",\"@id\":\"https:\/\/www.suno.com.br\/noticias\/dexco-dxco3-estreia-seu-novo-ticker-caindo-12-ibovespa-amarga-perdas\/#primaryimage\",\"url\":\"https:\/\/files.sunoresearch.com.br\/n\/uploads\/2019\/10\/0c8a840b-duratex-jpg.webp\",\"contentUrl\":\"https:\/\/files.sunoresearch.com.br\/n\/uploads\/2019\/10\/0c8a840b-duratex-jpg.webp\",\"width\":2000,\"height\":1345,\"caption\":\"Dexco (DXCO3) vai pagar R$ 249 milh\u00f5es em JCP; Veja o valor por a\u00e7\u00e3o e a data de pagamento. Foto: Divulga\u00e7\u00e3o\"},{\"@type\":\"BreadcrumbList\",\"@id\":\"https:\/\/www.suno.com.br\/noticias\/dexco-dxco3-estreia-seu-novo-ticker-caindo-12-ibovespa-amarga-perdas\/#breadcrumb\",\"itemListElement\":[{\"@type\":\"ListItem\",\"position\":1,\"name\":\"Not\u00edcias\",\"item\":\"https:\/\/www.suno.com.br\/noticias\/\"},{\"@type\":\"ListItem\",\"position\":2,\"name\":\"Neg\u00f3cios\",\"item\":\"https:\/\/www.suno.com.br\/noticias\/negocios\/\"},{\"@type\":\"ListItem\",\"position\":3,\"name\":\"Dexco (DXCO3) estreia seu novo ticker caindo 1,2%; Ibovespa amarga perdas\"}]},{\"@type\":\"WebSite\",\"@id\":\"https:\/\/www.suno.com.br\/noticias\/#website\",\"url\":\"https:\/\/www.suno.com.br\/noticias\/\",\"name\":\"Suno Not\u00edcias\",\"description\":\"Seu portal de informa\u00e7\u00e3o sobre o mundo dos investimentos\",\"publisher\":{\"@id\":\"https:\/\/www.suno.com.br\/noticias\/#organization\"},\"potentialAction\":[{\"@type\":\"SearchAction\",\"target\":{\"@type\":\"EntryPoint\",\"urlTemplate\":\"https:\/\/www.suno.com.br\/noticias\/?s={search_term_string}\"},\"query-input\":{\"@type\":\"PropertyValueSpecification\",\"valueRequired\":true,\"valueName\":\"search_term_string\"}}],\"inLanguage\":\"pt-BR\"},{\"@type\":\"Organization\",\"@id\":\"https:\/\/www.suno.com.br\/noticias\/#organization\",\"name\":\"Suno Not\u00edcias\",\"url\":\"https:\/\/www.suno.com.br\/noticias\/\",\"logo\":{\"@type\":\"ImageObject\",\"inLanguage\":\"pt-BR\",\"@id\":\"https:\/\/www.suno.com.br\/noticias\/#\/schema\/logo\/image\/\",\"url\":\"https:\/\/files.sunoresearch.com.br\/n\/uploads\/2021\/09\/suno-logo.png\",\"contentUrl\":\"https:\/\/files.sunoresearch.com.br\/n\/uploads\/2021\/09\/suno-logo.png\",\"width\":180,\"height\":180,\"caption\":\"Suno Not\u00edcias\"},\"image\":{\"@id\":\"https:\/\/www.suno.com.br\/noticias\/#\/schema\/logo\/image\/\"},\"sameAs\":[\"https:\/\/facebook.com\/sunoresearch\",\"https:\/\/x.com\/sunoresearch\",\"https:\/\/www.instagram.com\/suno\",\"https:\/\/www.linkedin.com\/company\/suno-research\/\",\"https:\/\/www.youtube.com\/c\/sunoresearch\"]},{\"@type\":\"Person\",\"@id\":\"https:\/\/www.suno.com.br\/noticias\/#\/schema\/person\/7f4d362bf3518e76090143ae77bb49a5\",\"name\":\"Eduardo Vargas\",\"image\":{\"@type\":\"ImageObject\",\"inLanguage\":\"pt-BR\",\"@id\":\"https:\/\/www.suno.com.br\/noticias\/#\/schema\/person\/image\/\",\"url\":\"https:\/\/secure.gravatar.com\/avatar\/dac340933427a22924c9f99d1eb2e3f2?s=96&r=g\",\"contentUrl\":\"https:\/\/secure.gravatar.com\/avatar\/dac340933427a22924c9f99d1eb2e3f2?s=96&r=g\",\"caption\":\"Eduardo Vargas\"},\"description\":\"Jornalista formado pela UFSC, cobre macroeconomia, neg\u00f3cios e startups para o Suno Not\u00edcias, escrevendo principalmente not\u00edcias sobre o mercado financeiro e a bolsa de valores. No YouTube e no Instagram, \u00e9 respons\u00e1vel pela produ\u00e7\u00e3o de Reels e Shorts do Suno Not\u00edcias. Anteriormente, trabalhou cobrindo economia e cotidiano no ND+ e para o ND, maior jornal impresso de Santa Catarina. Cursou um semestre letivo de Estudos de M\u00eddia na Universidad de Buenos Aires.\",\"url\":\"https:\/\/www.suno.com.br\/noticias\/author\/eduardo-vargas\/\"}]}<\/script>\n<!-- \/ Yoast SEO plugin. -->","yoast_head_json":{"title":"Dexco (DXCO3) estreia novo ticker caindo 1,2%; Ibovespa amarga perdas","description":"A DexCo mudou seu nome e seu ticker, abandonando o nome \"Duratex\", como forma de fazer jus ao conglomerado. Clique aqui e leia mais.","robots":{"index":"index","follow":"follow","max-snippet":"max-snippet:-1","max-image-preview":"max-image-preview:large","max-video-preview":"max-video-preview:-1"},"canonical":"https:\/\/www.suno.com.br\/noticias\/dexco-dxco3-estreia-seu-novo-ticker-caindo-12-ibovespa-amarga-perdas\/","og_locale":"pt_BR","og_type":"article","og_title":"Dexco (DXCO3) estreia novo ticker caindo 1,2%; Ibovespa amarga perdas","og_description":"A DexCo mudou seu nome e seu ticker, abandonando o nome \"Duratex\", como forma de fazer jus ao conglomerado. Clique aqui e leia mais.","og_url":"https:\/\/www.suno.com.br\/noticias\/dexco-dxco3-estreia-seu-novo-ticker-caindo-12-ibovespa-amarga-perdas\/","og_site_name":"Suno Not\u00edcias","article_publisher":"https:\/\/facebook.com\/sunoresearch","og_image":[{"width":2000,"height":1345,"url":"https:\/\/files.sunoresearch.com.br\/n\/uploads\/2019\/10\/0c8a840b-duratex.jpg","type":"image\/jpeg"}],"author":"Eduardo Vargas","twitter_card":"summary_large_image","twitter_creator":"@sunoresearch","twitter_site":"@sunoresearch","twitter_misc":{"Escrito por":"Eduardo Vargas","Est. tempo de leitura":"2 minutos"},"schema":{"@context":"https:\/\/schema.org","@graph":[{"@type":"NewsArticle","@id":"https:\/\/www.suno.com.br\/noticias\/dexco-dxco3-estreia-seu-novo-ticker-caindo-12-ibovespa-amarga-perdas\/#article","isPartOf":{"@id":"https:\/\/www.suno.com.br\/noticias\/dexco-dxco3-estreia-seu-novo-ticker-caindo-12-ibovespa-amarga-perdas\/"},"author":{"name":"Eduardo Vargas","@id":"https:\/\/www.suno.com.br\/noticias\/#\/schema\/person\/7f4d362bf3518e76090143ae77bb49a5"},"headline":"Dexco (DXCO3) estreia seu novo ticker caindo 1,2%; Ibovespa amarga perdas","datePublished":"2021-08-19T15:28:25+00:00","mainEntityOfPage":{"@id":"https:\/\/www.suno.com.br\/noticias\/dexco-dxco3-estreia-seu-novo-ticker-caindo-12-ibovespa-amarga-perdas\/"},"wordCount":427,"publisher":{"@id":"https:\/\/www.suno.com.br\/noticias\/#organization"},"image":{"@id":"https:\/\/www.suno.com.br\/noticias\/dexco-dxco3-estreia-seu-novo-ticker-caindo-12-ibovespa-amarga-perdas\/#primaryimage"},"thumbnailUrl":"https:\/\/files.sunoresearch.com.br\/n\/uploads\/2019\/10\/0c8a840b-duratex-jpg.webp","keywords":["Dexco (DXCO3)","Ibovespa"],"articleSection":["Neg\u00f3cios"],"inLanguage":"pt-BR"},{"@type":"WebPage","@id":"https:\/\/www.suno.com.br\/noticias\/dexco-dxco3-estreia-seu-novo-ticker-caindo-12-ibovespa-amarga-perdas\/","url":"https:\/\/www.suno.com.br\/noticias\/dexco-dxco3-estreia-seu-novo-ticker-caindo-12-ibovespa-amarga-perdas\/","name":"Dexco (DXCO3) estreia novo ticker caindo 1,2%; Ibovespa amarga perdas","isPartOf":{"@id":"https:\/\/www.suno.com.br\/noticias\/#website"},"primaryImageOfPage":{"@id":"https:\/\/www.suno.com.br\/noticias\/dexco-dxco3-estreia-seu-novo-ticker-caindo-12-ibovespa-amarga-perdas\/#primaryimage"},"image":{"@id":"https:\/\/www.suno.com.br\/noticias\/dexco-dxco3-estreia-seu-novo-ticker-caindo-12-ibovespa-amarga-perdas\/#primaryimage"},"thumbnailUrl":"https:\/\/files.sunoresearch.com.br\/n\/uploads\/2019\/10\/0c8a840b-duratex-jpg.webp","datePublished":"2021-08-19T15:28:25+00:00","description":"A DexCo mudou seu nome e seu ticker, abandonando o nome \"Duratex\", como forma de fazer jus ao conglomerado. Clique aqui e leia mais.","breadcrumb":{"@id":"https:\/\/www.suno.com.br\/noticias\/dexco-dxco3-estreia-seu-novo-ticker-caindo-12-ibovespa-amarga-perdas\/#breadcrumb"},"inLanguage":"pt-BR","potentialAction":[{"@type":"ReadAction","target":["https:\/\/www.suno.com.br\/noticias\/dexco-dxco3-estreia-seu-novo-ticker-caindo-12-ibovespa-amarga-perdas\/"]}]},{"@type":"ImageObject","inLanguage":"pt-BR","@id":"https:\/\/www.suno.com.br\/noticias\/dexco-dxco3-estreia-seu-novo-ticker-caindo-12-ibovespa-amarga-perdas\/#primaryimage","url":"https:\/\/files.sunoresearch.com.br\/n\/uploads\/2019\/10\/0c8a840b-duratex-jpg.webp","contentUrl":"https:\/\/files.sunoresearch.com.br\/n\/uploads\/2019\/10\/0c8a840b-duratex-jpg.webp","width":2000,"height":1345,"caption":"Dexco (DXCO3) vai pagar R$ 249 milh\u00f5es em JCP; Veja o valor por a\u00e7\u00e3o e a data de pagamento. Foto: Divulga\u00e7\u00e3o"},{"@type":"BreadcrumbList","@id":"https:\/\/www.suno.com.br\/noticias\/dexco-dxco3-estreia-seu-novo-ticker-caindo-12-ibovespa-amarga-perdas\/#breadcrumb","itemListElement":[{"@type":"ListItem","position":1,"name":"Not\u00edcias","item":"https:\/\/www.suno.com.br\/noticias\/"},{"@type":"ListItem","position":2,"name":"Neg\u00f3cios","item":"https:\/\/www.suno.com.br\/noticias\/negocios\/"},{"@type":"ListItem","position":3,"name":"Dexco (DXCO3) estreia seu novo ticker caindo 1,2%; Ibovespa amarga perdas"}]},{"@type":"WebSite","@id":"https:\/\/www.suno.com.br\/noticias\/#website","url":"https:\/\/www.suno.com.br\/noticias\/","name":"Suno Not\u00edcias","description":"Seu portal de informa\u00e7\u00e3o sobre o mundo dos investimentos","publisher":{"@id":"https:\/\/www.suno.com.br\/noticias\/#organization"},"potentialAction":[{"@type":"SearchAction","target":{"@type":"EntryPoint","urlTemplate":"https:\/\/www.suno.com.br\/noticias\/?s={search_term_string}"},"query-input":{"@type":"PropertyValueSpecification","valueRequired":true,"valueName":"search_term_string"}}],"inLanguage":"pt-BR"},{"@type":"Organization","@id":"https:\/\/www.suno.com.br\/noticias\/#organization","name":"Suno Not\u00edcias","url":"https:\/\/www.suno.com.br\/noticias\/","logo":{"@type":"ImageObject","inLanguage":"pt-BR","@id":"https:\/\/www.suno.com.br\/noticias\/#\/schema\/logo\/image\/","url":"https:\/\/files.sunoresearch.com.br\/n\/uploads\/2021\/09\/suno-logo.png","contentUrl":"https:\/\/files.sunoresearch.com.br\/n\/uploads\/2021\/09\/suno-logo.png","width":180,"height":180,"caption":"Suno Not\u00edcias"},"image":{"@id":"https:\/\/www.suno.com.br\/noticias\/#\/schema\/logo\/image\/"},"sameAs":["https:\/\/facebook.com\/sunoresearch","https:\/\/x.com\/sunoresearch","https:\/\/www.instagram.com\/suno","https:\/\/www.linkedin.com\/company\/suno-research\/","https:\/\/www.youtube.com\/c\/sunoresearch"]},{"@type":"Person","@id":"https:\/\/www.suno.com.br\/noticias\/#\/schema\/person\/7f4d362bf3518e76090143ae77bb49a5","name":"Eduardo Vargas","image":{"@type":"ImageObject","inLanguage":"pt-BR","@id":"https:\/\/www.suno.com.br\/noticias\/#\/schema\/person\/image\/","url":"https:\/\/secure.gravatar.com\/avatar\/dac340933427a22924c9f99d1eb2e3f2?s=96&r=g","contentUrl":"https:\/\/secure.gravatar.com\/avatar\/dac340933427a22924c9f99d1eb2e3f2?s=96&r=g","caption":"Eduardo Vargas"},"description":"Jornalista formado pela UFSC, cobre macroeconomia, neg\u00f3cios e startups para o Suno Not\u00edcias, escrevendo principalmente not\u00edcias sobre o mercado financeiro e a bolsa de valores. No YouTube e no Instagram, \u00e9 respons\u00e1vel pela produ\u00e7\u00e3o de Reels e Shorts do Suno Not\u00edcias. Anteriormente, trabalhou cobrindo economia e cotidiano no ND+ e para o ND, maior jornal impresso de Santa Catarina. Cursou um semestre letivo de Estudos de M\u00eddia na Universidad de Buenos Aires.","url":"https:\/\/www.suno.com.br\/noticias\/author\/eduardo-vargas\/"}]}},"default_loop_html":"<div class=\"cardsPage__listCard__boxs\"><div class=\"cardsPage__listCard__boxs__img\"><a href=\"https:\/\/www.suno.com.br\/noticias\/dexco-dxco3-estreia-seu-novo-ticker-caindo-12-ibovespa-amarga-perdas\/\"><img class=\"mask\" src=\"https:\/\/www.suno.com.br\/noticias\/wp-content\/themes\/suno\/resources\/images\/spotlight\/spotlight1img\/bg-mask.png\" alt=\"Image Mask\"\/><img src=\"https:\/\/files.sunoresearch.com.br\/n\/uploads\/2019\/10\/0c8a840b-duratex-400x200.webp\" alt=\"Dexco (DXCO3) estreia seu novo ticker caindo 1,2%; Ibovespa amarga perdas\"\/><\/a><span class=\"spotlightCategory\"><a href=\"https:\/\/www.suno.com.br\/noticias\/negocios\/\">Neg\u00f3cios<\/a><\/span><\/div><div class=\"cardsPage__listCard__boxs__content\"><a href=\"https:\/\/www.suno.com.br\/noticias\/dexco-dxco3-estreia-seu-novo-ticker-caindo-12-ibovespa-amarga-perdas\/\"><h2 class=\"content__title\">Dexco (DXCO3) estreia seu novo ticker caindo 1,2%; Ibovespa amarga perdas<\/h2><\/a><div class=\"newsContent__article__meta\"><div class=\"newsContent__article__meta__authorBox\"><a href=\"https:\/\/www.suno.com.br\/noticias\/author\/eduardo-vargas\/\" class=\"authorBox__avatar noMobi\"><img src=\"https:\/\/secure.gravatar.com\/avatar\/dac340933427a22924c9f99d1eb2e3f2?s=96&#038;r=g\" alt=\"Eduardo Vargas\"><\/a><div class=\"authorBox__name\"><span>por\n\t\t\t<a href=\"https:\/\/www.suno.com.br\/noticias\/author\/eduardo-vargas\/\"><span itemprop=\"author\">Eduardo Vargas<\/span><\/a><\/span><time datetime=\"2021-08-19T12:28:25-03:00\" itemprop=\"datePublished\">19\/08\/2021 12:28<\/time><\/div><\/div><\/div><\/div><\/div>","single_layout":"posts","amp_enabled":true,"_links":{"self":[{"href":"https:\/\/www.suno.com.br\/noticias\/wp-json\/wp\/v2\/posts\/176530"}],"collection":[{"href":"https:\/\/www.suno.com.br\/noticias\/wp-json\/wp\/v2\/posts"}],"about":[{"href":"https:\/\/www.suno.com.br\/noticias\/wp-json\/wp\/v2\/types\/post"}],"author":[{"embeddable":true,"href":"https:\/\/www.suno.com.br\/noticias\/wp-json\/wp\/v2\/users\/73"}],"replies":[{"embeddable":true,"href":"https:\/\/www.suno.com.br\/noticias\/wp-json\/wp\/v2\/comments?post=176530"}],"version-history":[{"count":3,"href":"https:\/\/www.suno.com.br\/noticias\/wp-json\/wp\/v2\/posts\/176530\/revisions"}],"predecessor-version":[{"id":176562,"href":"https:\/\/www.suno.com.br\/noticias\/wp-json\/wp\/v2\/posts\/176530\/revisions\/176562"}],"wp:featuredmedia":[{"embeddable":true,"href":"https:\/\/www.suno.com.br\/noticias\/wp-json\/wp\/v2\/media\/42910"}],"wp:attachment":[{"href":"https:\/\/www.suno.com.br\/noticias\/wp-json\/wp\/v2\/media?parent=176530"}],"wp:term":[{"taxonomy":"category","embeddable":true,"href":"https:\/\/www.suno.com.br\/noticias\/wp-json\/wp\/v2\/categories?post=176530"},{"taxonomy":"post_tag","embeddable":true,"href":"https:\/\/www.suno.com.br\/noticias\/wp-json\/wp\/v2\/tags?post=176530"},{"taxonomy":"suno_strategy","embeddable":true,"href":"https:\/\/www.suno.com.br\/noticias\/wp-json\/wp\/v2\/suno_strategy?post=176530"}],"curies":[{"name":"wp","href":"https:\/\/api.w.org\/{rel}","templated":true}]}}