{"id":176513,"date":"2021-08-19T11:09:50","date_gmt":"2021-08-19T14:09:50","guid":{"rendered":"https:\/\/www.suno.com.br\/noticias\/?p=176513"},"modified":"2021-08-19T11:09:50","modified_gmt":"2021-08-19T14:09:50","slug":"ibovespa-abre-baixa-vale-vale3-preco-commodities","status":"publish","type":"post","link":"https:\/\/www.suno.com.br\/noticias\/ibovespa-abre-baixa-vale-vale3-preco-commodities\/","title":{"rendered":"Ibovespa cai, com Vale (VALE3) puxando queda com pre\u00e7o dos commodities"},"content":{"rendered":"<p>Em uma semana de preg\u00f5es fechando no vermelho, o <strong>Ibovespa<\/strong> <a href=\"https:\/\/www.suno.com.br\/artigos\/pregao\">abre esta quinta (19) em queda de 1,28%<\/a> a 115.153 pontos, com queda de pre\u00e7o das commodities. O fen\u00f4meno ocasiona desvaloriza\u00e7\u00e3o das a\u00e7\u00f5es da <a href=\"https:\/\/www.suno.com.br\/acoes\/ciel3\/\">Vale (VALE3)<\/a>, que por sua vez puxa o mercado para baixo, sendo uma das companhias mais relevantes do \u00edndice.<\/p>\t<div class=\"wrapper-featured-image\">\n\t\t<figure class=\"spotlightImg\">\n\n\t\t\t<picture>\n\t\t\t\t<source media=\"(max-width: 768px)\" srcset=\"https:\/\/files.sunoresearch.com.br\/n\/uploads\/2020\/12\/82f18c39-vale-400x200.webp\">\n\t\t\t\t<img loading=\"lazy\" decoding=\"async\" class=\"newsContent__article__imgCapa lazyloadDisabled \" src=\"https:\/\/files.sunoresearch.com.br\/n\/uploads\/2020\/12\/82f18c39-vale-800x450.webp\" width=\"800\" height=\"450\" alt=\"Ibovespa cai, com Vale (VALE3) puxando queda com pre\u00e7o dos commodities\" fetchpriority=high \/>\n\t\t\t<\/picture>\n\n\t\t\t<figcaption class=\"wp-caption-text wp-caption-text--show\">Vale - Foto: Divulga\u00e7\u00e3o\/Vale<\/figcaption>\n\t\t<\/figure>\n\t<\/div>\n\n\n\t<p>\n\t\t<a href=\"https:\/\/lp.suno.com.br\/planilha-controle-gastos\/\" target=\"_blank\" data-element=\"shortcode-suno-banner\" title=\"Banner SUNO, clique e saiba mais\">\n\t\t\t<picture>\n\t\t\t\t<source media=\"(max-width: 500px)\" srcset=\"https:\/\/files.sunoresearch.com.br\/n\/uploads\/2023\/03\/400x300-Planilha-controle-de-gastos.png\">\n\t\t\t\t<img class=\"newsContent__article__imgCapa newsContent__article__imgCapa--banner\"\n\t\t\t\t\tsrc=\"https:\/\/files.sunoresearch.com.br\/n\/uploads\/2023\/03\/1420x240-Planilha-controle-de-gastos.png\"\n\t\t\t\t\tdata-promo-id=\"101751\"\t\t\t\t\t\t\t\t\t\twidth='1420' height='240'\t\t\t\t\talt=\"https:\/\/files.sunoresearch.com.br\/n\/uploads\/2023\/03\/1420x240-Planilha-controle-de-gastos.png\"\n\t\t\t\t>\n\t\t\t<\/picture>\n\t\t<\/a>\n\t<\/p>\n\n\n<p>O<strong> Ibovespa hoje<\/strong> conta com a influ\u00eancia da atua\u00e7\u00e3o chinesa no mercado de commodities, que joga o pre\u00e7o dos pap\u00e9is vinculados a petr\u00f3leo e min\u00e9rio de ferro para baixo.<\/p>\n<p>&#8220;Mercados de mau humor nesta quinta-feira \u00e0 medida que os temores de que o tapering da pol\u00edtica monet\u00e1ria global aconte\u00e7a mais cedo do que o esperado anteriormente, enquanto mais uma queda nos pre\u00e7os das commodities arrasta as a\u00e7\u00f5es de minera\u00e7\u00e3o e petr\u00f3leo para baixo&#8221;, ressalta a Ativa Investimentos.<\/p>\n<p>Em termos de indicadores, o Brasil n\u00e3o divulgar\u00e1 nenhum dado relevante ao longo do dia, contudo, os EUA reportaram seus n\u00fameros sobre o seguro-desemprego recentemente, com 348 mil pedido iniciais, melhor do que os 363 mil esperados.<\/p>\n<p>Na pauta pol\u00edtica, a agenda reformista segue em foco no Congresso, apesar de a C\u00e2mara ter adiado a vota\u00e7\u00e3o da reforma do imposto de renda.<\/p>\n<h2>Not\u00edcias que v\u00e3o movimentar o Ibovespa hoje<\/h2>\n<ul>\n<li><b>Vale<\/b> \u00e9 surpreendida pela justi\u00e7a<\/li>\n<li><b>Braskem <\/b>fecha parceria para expans\u00e3o internacional<\/li>\n<li><b>Petrobras<\/b> far\u00e1 arrendamento<\/li>\n<\/ul>\n<h3>Vale lida com solavanco do MPMG<\/h3>\n<p>A Vale informou que foi surpreendida pela not\u00edcia de que o Minist\u00e9rio P\u00fablico do Estado de Minas Gerais (MP-MG) prop\u00f4s um incidente de desconsidera\u00e7\u00e3o da personalidade jur\u00eddica da Samarco.<\/p>\n<p>Nesse \u00e2mbito, o MPMG solicitou que suas duas s\u00f3cias fossem integradas ao processo de recupera\u00e7\u00e3o judicial em curso.<\/p>\n<p>Considerando isso, a mineradora citou que n\u00e3o havia sido notificada desta a\u00e7\u00e3o e deve apresentar sua defesa ainda em breve, dentro do prazo legal.<\/p>\n<p>A companhia tamb\u00e9m sangra com a queda nos pre\u00e7os das commodities, j\u00e1 que o min\u00e9rio de ferro caiu de pre\u00e7o e fica no seu menor patamar em seis meses.<\/p>\n\t<p>\n\t\t<a href=\"https:\/\/lp.suno.com.br\/planilha-da-vida-financeira\/\" target=\"_blank\" data-element=\"shortcode-suno-banner\" title=\"Banner SUNO, clique e saiba mais\">\n\t\t\t<picture>\n\t\t\t\t<source media=\"(max-width: 500px)\" srcset=\"https:\/\/files.sunoresearch.com.br\/n\/uploads\/2023\/04\/400x300-Planilha-vida-financeira-true.png\">\n\t\t\t\t<img class=\"newsContent__article__imgCapa newsContent__article__imgCapa--banner\"\n\t\t\t\t\tsrc=\"https:\/\/files.sunoresearch.com.br\/n\/uploads\/2023\/04\/1420x240-Planilha-vida-financeira-true.png\"\n\t\t\t\t\tdata-promo-id=\"106682\"\t\t\t\t\t\t\t\t\t\twidth='1420' height='240'\t\t\t\t\talt=\"https:\/\/files.sunoresearch.com.br\/n\/uploads\/2023\/04\/1420x240-Planilha-vida-financeira-true.png\"\n\t\t\t\t>\n\t\t\t<\/picture>\n\t\t<\/a>\n\t<\/p>\n\n\n<p>Com o contexto, a Vale cai 4,57% no <strong>Ibovespa hoje<\/strong>.<\/p>\n<h3>Braskem faz parceria com a Nexeo Plastics<\/h3>\n<p>A\u00a0<a class=\"suno-keyword\" href=\"https:\/\/www.suno.com.br\/acoes\/BRKM5\/\" target=\"_blank\" rel=\"noopener\" data-force=\"yes\" data-priority=\"2\"><strong>Braskem<\/strong>\u00a0(BRKM5)<\/a> fechou parceria com a Nexeo Plastics para a distribui\u00e7\u00e3o de filamentos de polipropileno (PP) e pellets para fabrica\u00e7\u00e3o de aditivos. O acordo ir\u00e1 ampliar a distribui\u00e7\u00e3o internacional dos produtos da petroqu\u00edmica para a Am\u00e9rica do Norte e a Europa.<\/p>\n<p>\u201cNossa parceria ampliada com a Braskem fornecer\u00e1 \u00e0s impressoras 3D os materiais mais inovadores e de qualidade de que precisam\u201d, afirma Paul Tayler, presidente e CEO da <strong>Nexeo Plastics<\/strong>.<\/p>\n<p>Na mesma toada, Jason Vagnozzi, diretor comercial da Braskem, explica que a<strong>\u00a0nova parceria<\/strong>\u00a0marca um momento importante para o neg\u00f3cio de fabrica\u00e7\u00e3o de aditivos da petroqu\u00edmica, pois amplia o alcance internacional dos\u00a0<strong>produtos da Braskem<\/strong>\u00a0no mercado europeu.<\/p>\n<p>\u201cNosso polipropileno tem propriedades excepcionais em rela\u00e7\u00e3o a outros materiais, e nossa parceria com a Nexeo Plastics ajudar\u00e1 a fortalecer ainda mais o grande potencial que vemos para o mercado global de manufatura de aditivos\u201d, afirma.<\/p>\n\n\t<div data-element=\"shortcode-read-more\" class=\"readToo\">\n\t\t\t\t<span class=\"readToo__title\">Leia mais<\/span>\n\t\t\t\t<ul class=\"readToo__list\">\n\t\t\t<li><a href=\"https:\/\/www.suno.com.br\/noticias\/prefeitura-de-sp-justica-contra-sabesp-sbsp3\/\">Prefeitura de SP entra na Justi\u00e7a contra Sabesp (SBSP3) por cobran\u00e7a dupla<\/a><\/li><li><a href=\"https:\/\/www.suno.com.br\/noticias\/sp-500-nasdaq-bolsas-mundiais-economia-18082021\/\">S&#038;P 500 cai no mercado futuro antes de ata do Fomc; Nasdaq avan\u00e7a<\/a><\/li>\t\t<\/ul>\n\t<\/div>\n\n\n<p>Assim, o mercado digere o a not\u00edcia da companhia com 0,17% de alta na <strong>cota\u00e7\u00e3o do Ibovespa hoje<\/strong>.<\/p>\n<h3>Petrobras retoma o processo de arrendamento<\/h3>\n<p>A <a href=\"https:\/\/www.suno.com.br\/acoes\/petr4\/\">Petrobras (PETR4)<\/a> informou ao mercado que retomou o processo de arrendamento do Terminal de Regaseifica\u00e7\u00e3o de G\u00e1s Natural Liquefeito (GNL) na Bahia.<\/p>\n<p>O local deve ser arrendado pela petroleira \u00e0 americana Excelerate Energy, do Texas, e \u00fanica que fez uma proposta ainda em junho.<\/p>\n\t<p>\n\t\t<a href=\"https:\/\/lp.suno.com.br\/ebook-como-analisar-uma-acao\/\" target=\"_blank\" data-element=\"shortcode-suno-banner\" title=\"Banner SUNO, clique e saiba mais\">\n\t\t\t<picture>\n\t\t\t\t<source media=\"(max-width: 500px)\" srcset=\"https:\/\/files.sunoresearch.com.br\/n\/uploads\/2023\/03\/Ebook-Acoes-Mobile-1.jpg\">\n\t\t\t\t<img class=\"newsContent__article__imgCapa newsContent__article__imgCapa--banner\"\n\t\t\t\t\tsrc=\"https:\/\/files.sunoresearch.com.br\/n\/uploads\/2023\/03\/Ebook-Acoes-Desktop-1.jpg\"\n\t\t\t\t\tdata-promo-id=\"171998\"\t\t\t\t\t\t\t\t\t\twidth='1420' height='286'\t\t\t\t\talt=\"https:\/\/files.sunoresearch.com.br\/n\/uploads\/2023\/03\/Ebook-Acoes-Desktop-1.jpg\"\n\t\t\t\t>\n\t\t\t<\/picture>\n\t\t<\/a>\n\t<\/p>\n\n\n<p>Anteriormente esse processo j\u00e1 tinha sido interrompido pela desclassifica\u00e7\u00e3o da empresa norte-americana, que recorreu e retirou do contrato os \u201cv\u00edcios insan\u00e1veis\u201d apontados pela petroleira para sua desclassifica\u00e7\u00e3o.<\/p>\n<p>Contudo, assim como a Vale, a estatal sofre com a baixa nas commodities, dado que o petr\u00f3leo tamb\u00e9m enfrenta queda no seu pre\u00e7o.<\/p>\n<p>Com a isso, a petroleira cai 1,64%, no <strong>\u00cdndice Ib<\/strong><strong>ovespa<\/strong>.<\/p>\n<h2>Destaques do Ibovespa<\/h2>\n<p>As principais altas no Ibovespa, por volta das 10h15 s\u00e3o:<\/p>\n<ul>\n<li><a href=\"https:\/\/www.suno.com.br\/acoes\/CIEL3\/\"><strong>Embraer <\/strong>(EMBR3)<\/a>: +1,86%<\/li>\n<li><a href=\"https:\/\/www.suno.com.br\/acoes\/BRKM5\"><strong>Carrefour <\/strong>(CRFB3)<\/a>: +1,77%<\/li>\n<li><a href=\"https:\/\/www.suno.com.br\/acoes\/JHSF3\/\"><strong>Eneva <\/strong>(ENEV3)<\/a>: +1,44%<\/li>\n<li><a href=\"https:\/\/www.suno.com.br\/acoes\/BBSE3\/\"><strong>CPFL Energia <\/strong>(CPFE3)<\/a>: +1,29%<\/li>\n<li><a href=\"https:\/\/www.suno.com.br\/acoes\/BEEF3\/\"><strong>Assa\u00ed <\/strong>(ASAI3)<\/a>: +1,56%<\/li>\n<\/ul>\n<p>No mesmo hor\u00e1rio, as principais quedas no Ibovespa eram:<\/p>\n<ul>\n<li><a href=\"https:\/\/www.suno.com.br\/acoes\/CSNA3\/\"><strong>Companhia Sider\u00fargica Nacional <\/strong>(CSNA3)<\/a>: -4,69%<\/li>\n<li><a href=\"https:\/\/www.suno.com.br\/acoes\/BRAP4\/\"><strong>Bradespar <\/strong>(BRAP4)<\/a>: -4,60%<\/li>\n<li><a href=\"https:\/\/www.suno.com.br\/acoes\/VALE3\/\"><strong>Vale <\/strong>(VALE3)<\/a>: -4,57%<\/li>\n<li><a href=\"https:\/\/www.suno.com.br\/acoes\/HGTX3\/\"><strong>Banco Inter <\/strong>(BIDI11)<\/a>: -3,87%<\/li>\n<li><a href=\"https:\/\/www.suno.com.br\/acoes\/CSNA3\/\"><strong>Usiminas <\/strong>(USIM5)<\/a>: -3,42%<\/li>\n<\/ul>\n<h2>Principais \u00edndices<\/h2>\n<ul>\n<li><a href=\"https:\/\/www.suno.com.br\/artigos\/ifix\/\">IFIX<\/a>: -0,22%<\/li>\n<li><a href=\"https:\/\/www.suno.com.br\/artigos\/smll\/\">SMLL<\/a>: -1,72%<\/li>\n<li><a href=\"https:\/\/www.suno.com.br\/artigos\/idiv\/\">IDIV<\/a>: -0,71%<\/li>\n<li><a href=\"https:\/\/www.suno.com.br\/artigos\/ibrx\/\">IBRX 100<\/a>: -1,44%<\/li>\n<\/ul>\n<h2>Bolsas mundiais<\/h2>\n<p>Veja o desempenho dos principais \u00edndices acion\u00e1rios no exterior, al\u00e9m do \u00edndice Ibovespa<strong>:<\/strong><\/p>\n<ul>\n<li><a href=\"https:\/\/www.suno.com.br\/artigos\/futuro-de-sp-500\/\">Nova York (S&amp;P 500) futuro<\/a>: -0,45%<\/li>\n<li><a href=\"https:\/\/www.suno.com.br\/artigos\/indice-dow-jones-djia\/\">Nova York Dow Jones (DJIA) futuro<\/a>: -0,49%<\/li>\n<li><a href=\"https:\/\/www.suno.com.br\/artigos\/ftse-100\/\">Londres (FTSE 100)<\/a>: -1,52%<\/li>\n<li><a href=\"https:\/\/www.suno.com.br\/artigos\/dax-30\/\">Frankfurt (DAX 30)<\/a>: -1,61%<\/li>\n<li><a href=\"https:\/\/www.suno.com.br\/artigos\/cac-40\/\">Paris (CAC 40)<\/a>: -2,09%<\/li>\n<li><a href=\"https:\/\/www.suno.com.br\/artigos\/ftse-mib\/\">Mil\u00e3o (FTSE\/MIB)<\/a>: -1,42%<\/li>\n<li><a href=\"https:\/\/www.suno.com.br\/artigos\/hang-seng\/\">Hong Kong (Hang Seng)<\/a>: -2,13% (fechada)<\/li>\n<li><a href=\"https:\/\/www.suno.com.br\/artigos\/bolsa-de-xangai\/\">Xangai (SSE Composite)<\/a>: -0,57% (fechada)<\/li>\n<li><a href=\"https:\/\/www.suno.com.br\/artigos\/nikkei-225\/\">T\u00f3quio (Nikkei 225)<\/a>: -1,10% (fechada)<\/li>\n<\/ul>\n<h2>\u00daltima cota\u00e7\u00e3o do Ibovespa<\/h2>\n<p>O <strong>Ibovespa <\/strong>fechou o preg\u00e3o de quarta (18) em queda de 1,07%, aos 116.642 pontos.<\/p>\n\t<p>\n\t\t<a href=\"https:\/\/lp.suno.com.br\/planilha-de-controle-de-investimentos\/\" target=\"_blank\" data-element=\"shortcode-suno-banner\" title=\"Banner SUNO, clique e saiba mais\">\n\t\t\t<picture>\n\t\t\t\t<source media=\"(max-width: 500px)\" srcset=\"https:\/\/files.sunoresearch.com.br\/n\/uploads\/2023\/03\/400x300-Controle-de-Investimentos.png\">\n\t\t\t\t<img class=\"newsContent__article__imgCapa newsContent__article__imgCapa--banner\"\n\t\t\t\t\tsrc=\"https:\/\/files.sunoresearch.com.br\/n\/uploads\/2023\/03\/1420x240-Controle-de-Investimentos.png\"\n\t\t\t\t\tdata-promo-id=\"75934\"\t\t\t\t\t\t\t\t\t\twidth='1420' height='240'\t\t\t\t\talt=\"https:\/\/files.sunoresearch.com.br\/n\/uploads\/2023\/03\/1420x240-Controle-de-Investimentos.png\"\n\t\t\t\t>\n\t\t\t<\/picture>\n\t\t<\/a>\n\t<\/p>\n\n\n","protected":false},"excerpt":{"rendered":"<p>Em uma semana de preg\u00f5es fechando no vermelho, o Ibovespa abre esta quinta (19) em queda de 1,28% a 115.153 pontos, com queda de pre\u00e7o das commodities. O fen\u00f4meno ocasiona desvaloriza\u00e7\u00e3o das a\u00e7\u00f5es da Vale (VALE3), que por sua vez puxa o mercado para baixo, sendo uma das companhias mais relevantes do \u00edndice. S&amp;P 500. [&hellip;]<\/p>\n","protected":false},"author":73,"featured_media":108583,"comment_status":"closed","ping_status":"closed","sticky":false,"template":"","format":"standard","meta":[],"categories":[60],"tags":[104703,395,105816,721,595,676],"suno_strategy":[],"class_list":["post-176513","post","type-post","status-publish","format-standard","has-post-thumbnail","hentry","category-mercado","tag-bolsas-mundiais","tag-braskem-brkm3-brkm5-brkm6","tag-especialistas","tag-ibovespa","tag-petrobras-petr4","tag-vale-vale3"],"yoast_head":"<!-- This site is optimized with the Yoast SEO plugin v24.4 - https:\/\/yoast.com\/wordpress\/plugins\/seo\/ -->\n<title>Ibovespa em queda; Vale (VALE3) puxa baixa ap\u00f3s pre\u00e7o das commodities<\/title>\n<meta name=\"description\" content=\"Com menor pre\u00e7o do min\u00e9rio de ferro em seis meses, Vale cai mais de 4% e impulsiona queda do Ibovespa. Clique aqui e leia mais.\" \/>\n<meta name=\"robots\" content=\"index, follow, max-snippet:-1, max-image-preview:large, max-video-preview:-1\" \/>\n<link rel=\"canonical\" href=\"https:\/\/www.suno.com.br\/noticias\/ibovespa-abre-baixa-vale-vale3-preco-commodities\/\" \/>\n<meta property=\"og:locale\" content=\"pt_BR\" \/>\n<meta property=\"og:type\" content=\"article\" \/>\n<meta property=\"og:title\" content=\"Ibovespa em queda; Vale (VALE3) puxa baixa ap\u00f3s pre\u00e7o das commodities\" \/>\n<meta property=\"og:description\" content=\"Com menor pre\u00e7o do min\u00e9rio de ferro em seis meses, Vale cai mais de 4% e impulsiona queda do Ibovespa. Clique aqui e leia mais.\" \/>\n<meta property=\"og:url\" content=\"https:\/\/www.suno.com.br\/noticias\/ibovespa-abre-baixa-vale-vale3-preco-commodities\/\" \/>\n<meta property=\"og:site_name\" content=\"Suno Not\u00edcias\" \/>\n<meta property=\"article:publisher\" content=\"https:\/\/facebook.com\/sunoresearch\" \/>\n<meta property=\"og:image\" content=\"https:\/\/files.sunoresearch.com.br\/n\/uploads\/2020\/12\/82f18c39-vale.jpg\" \/>\n\t<meta property=\"og:image:width\" content=\"1920\" \/>\n\t<meta property=\"og:image:height\" content=\"1280\" \/>\n\t<meta property=\"og:image:type\" content=\"image\/jpeg\" \/>\n<meta name=\"author\" content=\"Eduardo Vargas\" \/>\n<meta name=\"twitter:card\" content=\"summary_large_image\" \/>\n<meta name=\"twitter:creator\" content=\"@sunoresearch\" \/>\n<meta name=\"twitter:site\" content=\"@sunoresearch\" \/>\n<meta name=\"twitter:label1\" content=\"Escrito por\" \/>\n\t<meta name=\"twitter:data1\" content=\"Eduardo Vargas\" \/>\n\t<meta name=\"twitter:label2\" content=\"Est. tempo de leitura\" \/>\n\t<meta name=\"twitter:data2\" content=\"4 minutos\" \/>\n<script type=\"application\/ld+json\" class=\"yoast-schema-graph\">{\"@context\":\"https:\/\/schema.org\",\"@graph\":[{\"@type\":\"NewsArticle\",\"@id\":\"https:\/\/www.suno.com.br\/noticias\/ibovespa-abre-baixa-vale-vale3-preco-commodities\/#article\",\"isPartOf\":{\"@id\":\"https:\/\/www.suno.com.br\/noticias\/ibovespa-abre-baixa-vale-vale3-preco-commodities\/\"},\"author\":{\"name\":\"Eduardo Vargas\",\"@id\":\"https:\/\/www.suno.com.br\/noticias\/#\/schema\/person\/7f4d362bf3518e76090143ae77bb49a5\"},\"headline\":\"Ibovespa cai, com Vale (VALE3) puxando queda com pre\u00e7o dos commodities\",\"datePublished\":\"2021-08-19T14:09:50+00:00\",\"mainEntityOfPage\":{\"@id\":\"https:\/\/www.suno.com.br\/noticias\/ibovespa-abre-baixa-vale-vale3-preco-commodities\/\"},\"wordCount\":836,\"publisher\":{\"@id\":\"https:\/\/www.suno.com.br\/noticias\/#organization\"},\"image\":{\"@id\":\"https:\/\/www.suno.com.br\/noticias\/ibovespa-abre-baixa-vale-vale3-preco-commodities\/#primaryimage\"},\"thumbnailUrl\":\"https:\/\/files.sunoresearch.com.br\/n\/uploads\/2020\/12\/82f18c39-vale-jpg.webp\",\"keywords\":[\"Bolsas mundiais\",\"Braskem (BRKM3\/BRKM5\/BRKM6)\",\"Especialistas\",\"Ibovespa\",\"Petrobras (PETR4)\",\"Vale (VALE3)\"],\"articleSection\":[\"Mercado\"],\"inLanguage\":\"pt-BR\"},{\"@type\":\"WebPage\",\"@id\":\"https:\/\/www.suno.com.br\/noticias\/ibovespa-abre-baixa-vale-vale3-preco-commodities\/\",\"url\":\"https:\/\/www.suno.com.br\/noticias\/ibovespa-abre-baixa-vale-vale3-preco-commodities\/\",\"name\":\"Ibovespa em queda; Vale (VALE3) puxa baixa ap\u00f3s pre\u00e7o das commodities\",\"isPartOf\":{\"@id\":\"https:\/\/www.suno.com.br\/noticias\/#website\"},\"primaryImageOfPage\":{\"@id\":\"https:\/\/www.suno.com.br\/noticias\/ibovespa-abre-baixa-vale-vale3-preco-commodities\/#primaryimage\"},\"image\":{\"@id\":\"https:\/\/www.suno.com.br\/noticias\/ibovespa-abre-baixa-vale-vale3-preco-commodities\/#primaryimage\"},\"thumbnailUrl\":\"https:\/\/files.sunoresearch.com.br\/n\/uploads\/2020\/12\/82f18c39-vale-jpg.webp\",\"datePublished\":\"2021-08-19T14:09:50+00:00\",\"description\":\"Com menor pre\u00e7o do min\u00e9rio de ferro em seis meses, Vale cai mais de 4% e impulsiona queda do Ibovespa. Clique aqui e leia mais.\",\"breadcrumb\":{\"@id\":\"https:\/\/www.suno.com.br\/noticias\/ibovespa-abre-baixa-vale-vale3-preco-commodities\/#breadcrumb\"},\"inLanguage\":\"pt-BR\",\"potentialAction\":[{\"@type\":\"ReadAction\",\"target\":[\"https:\/\/www.suno.com.br\/noticias\/ibovespa-abre-baixa-vale-vale3-preco-commodities\/\"]}]},{\"@type\":\"ImageObject\",\"inLanguage\":\"pt-BR\",\"@id\":\"https:\/\/www.suno.com.br\/noticias\/ibovespa-abre-baixa-vale-vale3-preco-commodities\/#primaryimage\",\"url\":\"https:\/\/files.sunoresearch.com.br\/n\/uploads\/2020\/12\/82f18c39-vale-jpg.webp\",\"contentUrl\":\"https:\/\/files.sunoresearch.com.br\/n\/uploads\/2020\/12\/82f18c39-vale-jpg.webp\",\"width\":1920,\"height\":1280,\"caption\":\"Vale - Foto: Divulga\u00e7\u00e3o\/Vale\"},{\"@type\":\"BreadcrumbList\",\"@id\":\"https:\/\/www.suno.com.br\/noticias\/ibovespa-abre-baixa-vale-vale3-preco-commodities\/#breadcrumb\",\"itemListElement\":[{\"@type\":\"ListItem\",\"position\":1,\"name\":\"Not\u00edcias\",\"item\":\"https:\/\/www.suno.com.br\/noticias\/\"},{\"@type\":\"ListItem\",\"position\":2,\"name\":\"Mercado\",\"item\":\"https:\/\/www.suno.com.br\/noticias\/mercado\/\"},{\"@type\":\"ListItem\",\"position\":3,\"name\":\"Ibovespa cai, com Vale (VALE3) puxando queda com pre\u00e7o dos commodities\"}]},{\"@type\":\"WebSite\",\"@id\":\"https:\/\/www.suno.com.br\/noticias\/#website\",\"url\":\"https:\/\/www.suno.com.br\/noticias\/\",\"name\":\"Suno Not\u00edcias\",\"description\":\"Seu portal de informa\u00e7\u00e3o sobre o mundo dos investimentos\",\"publisher\":{\"@id\":\"https:\/\/www.suno.com.br\/noticias\/#organization\"},\"potentialAction\":[{\"@type\":\"SearchAction\",\"target\":{\"@type\":\"EntryPoint\",\"urlTemplate\":\"https:\/\/www.suno.com.br\/noticias\/?s={search_term_string}\"},\"query-input\":{\"@type\":\"PropertyValueSpecification\",\"valueRequired\":true,\"valueName\":\"search_term_string\"}}],\"inLanguage\":\"pt-BR\"},{\"@type\":\"Organization\",\"@id\":\"https:\/\/www.suno.com.br\/noticias\/#organization\",\"name\":\"Suno Not\u00edcias\",\"url\":\"https:\/\/www.suno.com.br\/noticias\/\",\"logo\":{\"@type\":\"ImageObject\",\"inLanguage\":\"pt-BR\",\"@id\":\"https:\/\/www.suno.com.br\/noticias\/#\/schema\/logo\/image\/\",\"url\":\"https:\/\/files.sunoresearch.com.br\/n\/uploads\/2021\/09\/suno-logo.png\",\"contentUrl\":\"https:\/\/files.sunoresearch.com.br\/n\/uploads\/2021\/09\/suno-logo.png\",\"width\":180,\"height\":180,\"caption\":\"Suno Not\u00edcias\"},\"image\":{\"@id\":\"https:\/\/www.suno.com.br\/noticias\/#\/schema\/logo\/image\/\"},\"sameAs\":[\"https:\/\/facebook.com\/sunoresearch\",\"https:\/\/x.com\/sunoresearch\",\"https:\/\/www.instagram.com\/suno\",\"https:\/\/www.linkedin.com\/company\/suno-research\/\",\"https:\/\/www.youtube.com\/c\/sunoresearch\"]},{\"@type\":\"Person\",\"@id\":\"https:\/\/www.suno.com.br\/noticias\/#\/schema\/person\/7f4d362bf3518e76090143ae77bb49a5\",\"name\":\"Eduardo Vargas\",\"image\":{\"@type\":\"ImageObject\",\"inLanguage\":\"pt-BR\",\"@id\":\"https:\/\/www.suno.com.br\/noticias\/#\/schema\/person\/image\/\",\"url\":\"https:\/\/secure.gravatar.com\/avatar\/dac340933427a22924c9f99d1eb2e3f2?s=96&r=g\",\"contentUrl\":\"https:\/\/secure.gravatar.com\/avatar\/dac340933427a22924c9f99d1eb2e3f2?s=96&r=g\",\"caption\":\"Eduardo Vargas\"},\"description\":\"Jornalista formado pela UFSC, cobre macroeconomia, neg\u00f3cios e startups para o Suno Not\u00edcias, escrevendo principalmente not\u00edcias sobre o mercado financeiro e a bolsa de valores. No YouTube e no Instagram, \u00e9 respons\u00e1vel pela produ\u00e7\u00e3o de Reels e Shorts do Suno Not\u00edcias. Anteriormente, trabalhou cobrindo economia e cotidiano no ND+ e para o ND, maior jornal impresso de Santa Catarina. Cursou um semestre letivo de Estudos de M\u00eddia na Universidad de Buenos Aires.\",\"url\":\"https:\/\/www.suno.com.br\/noticias\/author\/eduardo-vargas\/\"}]}<\/script>\n<!-- \/ Yoast SEO plugin. -->","yoast_head_json":{"title":"Ibovespa em queda; Vale (VALE3) puxa baixa ap\u00f3s pre\u00e7o das commodities","description":"Com menor pre\u00e7o do min\u00e9rio de ferro em seis meses, Vale cai mais de 4% e impulsiona queda do Ibovespa. Clique aqui e leia mais.","robots":{"index":"index","follow":"follow","max-snippet":"max-snippet:-1","max-image-preview":"max-image-preview:large","max-video-preview":"max-video-preview:-1"},"canonical":"https:\/\/www.suno.com.br\/noticias\/ibovespa-abre-baixa-vale-vale3-preco-commodities\/","og_locale":"pt_BR","og_type":"article","og_title":"Ibovespa em queda; Vale (VALE3) puxa baixa ap\u00f3s pre\u00e7o das commodities","og_description":"Com menor pre\u00e7o do min\u00e9rio de ferro em seis meses, Vale cai mais de 4% e impulsiona queda do Ibovespa. Clique aqui e leia mais.","og_url":"https:\/\/www.suno.com.br\/noticias\/ibovespa-abre-baixa-vale-vale3-preco-commodities\/","og_site_name":"Suno Not\u00edcias","article_publisher":"https:\/\/facebook.com\/sunoresearch","og_image":[{"width":1920,"height":1280,"url":"https:\/\/files.sunoresearch.com.br\/n\/uploads\/2020\/12\/82f18c39-vale.jpg","type":"image\/jpeg"}],"author":"Eduardo Vargas","twitter_card":"summary_large_image","twitter_creator":"@sunoresearch","twitter_site":"@sunoresearch","twitter_misc":{"Escrito por":"Eduardo Vargas","Est. tempo de leitura":"4 minutos"},"schema":{"@context":"https:\/\/schema.org","@graph":[{"@type":"NewsArticle","@id":"https:\/\/www.suno.com.br\/noticias\/ibovespa-abre-baixa-vale-vale3-preco-commodities\/#article","isPartOf":{"@id":"https:\/\/www.suno.com.br\/noticias\/ibovespa-abre-baixa-vale-vale3-preco-commodities\/"},"author":{"name":"Eduardo Vargas","@id":"https:\/\/www.suno.com.br\/noticias\/#\/schema\/person\/7f4d362bf3518e76090143ae77bb49a5"},"headline":"Ibovespa cai, com Vale (VALE3) puxando queda com pre\u00e7o dos commodities","datePublished":"2021-08-19T14:09:50+00:00","mainEntityOfPage":{"@id":"https:\/\/www.suno.com.br\/noticias\/ibovespa-abre-baixa-vale-vale3-preco-commodities\/"},"wordCount":836,"publisher":{"@id":"https:\/\/www.suno.com.br\/noticias\/#organization"},"image":{"@id":"https:\/\/www.suno.com.br\/noticias\/ibovespa-abre-baixa-vale-vale3-preco-commodities\/#primaryimage"},"thumbnailUrl":"https:\/\/files.sunoresearch.com.br\/n\/uploads\/2020\/12\/82f18c39-vale-jpg.webp","keywords":["Bolsas mundiais","Braskem (BRKM3\/BRKM5\/BRKM6)","Especialistas","Ibovespa","Petrobras (PETR4)","Vale (VALE3)"],"articleSection":["Mercado"],"inLanguage":"pt-BR"},{"@type":"WebPage","@id":"https:\/\/www.suno.com.br\/noticias\/ibovespa-abre-baixa-vale-vale3-preco-commodities\/","url":"https:\/\/www.suno.com.br\/noticias\/ibovespa-abre-baixa-vale-vale3-preco-commodities\/","name":"Ibovespa em queda; Vale (VALE3) puxa baixa ap\u00f3s pre\u00e7o das commodities","isPartOf":{"@id":"https:\/\/www.suno.com.br\/noticias\/#website"},"primaryImageOfPage":{"@id":"https:\/\/www.suno.com.br\/noticias\/ibovespa-abre-baixa-vale-vale3-preco-commodities\/#primaryimage"},"image":{"@id":"https:\/\/www.suno.com.br\/noticias\/ibovespa-abre-baixa-vale-vale3-preco-commodities\/#primaryimage"},"thumbnailUrl":"https:\/\/files.sunoresearch.com.br\/n\/uploads\/2020\/12\/82f18c39-vale-jpg.webp","datePublished":"2021-08-19T14:09:50+00:00","description":"Com menor pre\u00e7o do min\u00e9rio de ferro em seis meses, Vale cai mais de 4% e impulsiona queda do Ibovespa. Clique aqui e leia mais.","breadcrumb":{"@id":"https:\/\/www.suno.com.br\/noticias\/ibovespa-abre-baixa-vale-vale3-preco-commodities\/#breadcrumb"},"inLanguage":"pt-BR","potentialAction":[{"@type":"ReadAction","target":["https:\/\/www.suno.com.br\/noticias\/ibovespa-abre-baixa-vale-vale3-preco-commodities\/"]}]},{"@type":"ImageObject","inLanguage":"pt-BR","@id":"https:\/\/www.suno.com.br\/noticias\/ibovespa-abre-baixa-vale-vale3-preco-commodities\/#primaryimage","url":"https:\/\/files.sunoresearch.com.br\/n\/uploads\/2020\/12\/82f18c39-vale-jpg.webp","contentUrl":"https:\/\/files.sunoresearch.com.br\/n\/uploads\/2020\/12\/82f18c39-vale-jpg.webp","width":1920,"height":1280,"caption":"Vale - Foto: Divulga\u00e7\u00e3o\/Vale"},{"@type":"BreadcrumbList","@id":"https:\/\/www.suno.com.br\/noticias\/ibovespa-abre-baixa-vale-vale3-preco-commodities\/#breadcrumb","itemListElement":[{"@type":"ListItem","position":1,"name":"Not\u00edcias","item":"https:\/\/www.suno.com.br\/noticias\/"},{"@type":"ListItem","position":2,"name":"Mercado","item":"https:\/\/www.suno.com.br\/noticias\/mercado\/"},{"@type":"ListItem","position":3,"name":"Ibovespa cai, com Vale (VALE3) puxando queda com pre\u00e7o dos commodities"}]},{"@type":"WebSite","@id":"https:\/\/www.suno.com.br\/noticias\/#website","url":"https:\/\/www.suno.com.br\/noticias\/","name":"Suno Not\u00edcias","description":"Seu portal de informa\u00e7\u00e3o sobre o mundo dos investimentos","publisher":{"@id":"https:\/\/www.suno.com.br\/noticias\/#organization"},"potentialAction":[{"@type":"SearchAction","target":{"@type":"EntryPoint","urlTemplate":"https:\/\/www.suno.com.br\/noticias\/?s={search_term_string}"},"query-input":{"@type":"PropertyValueSpecification","valueRequired":true,"valueName":"search_term_string"}}],"inLanguage":"pt-BR"},{"@type":"Organization","@id":"https:\/\/www.suno.com.br\/noticias\/#organization","name":"Suno Not\u00edcias","url":"https:\/\/www.suno.com.br\/noticias\/","logo":{"@type":"ImageObject","inLanguage":"pt-BR","@id":"https:\/\/www.suno.com.br\/noticias\/#\/schema\/logo\/image\/","url":"https:\/\/files.sunoresearch.com.br\/n\/uploads\/2021\/09\/suno-logo.png","contentUrl":"https:\/\/files.sunoresearch.com.br\/n\/uploads\/2021\/09\/suno-logo.png","width":180,"height":180,"caption":"Suno Not\u00edcias"},"image":{"@id":"https:\/\/www.suno.com.br\/noticias\/#\/schema\/logo\/image\/"},"sameAs":["https:\/\/facebook.com\/sunoresearch","https:\/\/x.com\/sunoresearch","https:\/\/www.instagram.com\/suno","https:\/\/www.linkedin.com\/company\/suno-research\/","https:\/\/www.youtube.com\/c\/sunoresearch"]},{"@type":"Person","@id":"https:\/\/www.suno.com.br\/noticias\/#\/schema\/person\/7f4d362bf3518e76090143ae77bb49a5","name":"Eduardo Vargas","image":{"@type":"ImageObject","inLanguage":"pt-BR","@id":"https:\/\/www.suno.com.br\/noticias\/#\/schema\/person\/image\/","url":"https:\/\/secure.gravatar.com\/avatar\/dac340933427a22924c9f99d1eb2e3f2?s=96&r=g","contentUrl":"https:\/\/secure.gravatar.com\/avatar\/dac340933427a22924c9f99d1eb2e3f2?s=96&r=g","caption":"Eduardo Vargas"},"description":"Jornalista formado pela UFSC, cobre macroeconomia, neg\u00f3cios e startups para o Suno Not\u00edcias, escrevendo principalmente not\u00edcias sobre o mercado financeiro e a bolsa de valores. No YouTube e no Instagram, \u00e9 respons\u00e1vel pela produ\u00e7\u00e3o de Reels e Shorts do Suno Not\u00edcias. Anteriormente, trabalhou cobrindo economia e cotidiano no ND+ e para o ND, maior jornal impresso de Santa Catarina. Cursou um semestre letivo de Estudos de M\u00eddia na Universidad de Buenos Aires.","url":"https:\/\/www.suno.com.br\/noticias\/author\/eduardo-vargas\/"}]}},"default_loop_html":"<div class=\"cardsPage__listCard__boxs\"><div class=\"cardsPage__listCard__boxs__img\"><a href=\"https:\/\/www.suno.com.br\/noticias\/sp-500-nasdaq-bolsas-mundiais-economia-18082021\/\"><img class=\"mask\" src=\"https:\/\/www.suno.com.br\/noticias\/wp-content\/themes\/suno\/resources\/images\/spotlight\/spotlight1img\/bg-mask.png\" alt=\"Image Mask\"\/><img src=\"https:\/\/files.sunoresearch.com.br\/n\/uploads\/2021\/08\/bb23978f-stock-6283760_1920-400x200.jpg\" alt=\"S&#038;P 500 cai no mercado futuro antes de ata do Fomc; Nasdaq avan\u00e7a\"\/><\/a><span class=\"spotlightCategory\"><a href=\"https:\/\/www.suno.com.br\/noticias\/mercado\/\">Mercado<\/a><\/span><\/div><div class=\"cardsPage__listCard__boxs__content\"><a href=\"https:\/\/www.suno.com.br\/noticias\/sp-500-nasdaq-bolsas-mundiais-economia-18082021\/\"><h2 class=\"content__title\">S&#038;P 500 cai no mercado futuro antes de ata do Fomc; Nasdaq avan\u00e7a<\/h2><\/a><div class=\"newsContent__article__meta\"><div class=\"newsContent__article__meta__authorBox\"><a href=\"https:\/\/www.suno.com.br\/noticias\/author\/jader-lazarini\/\" class=\"authorBox__avatar noMobi\"><img src=\"https:\/\/files.sunoresearch.com.br\/n\/uploads\/2021\/01\/178e6598-foto-perfil-2-150x150.jpg\" alt=\"Jader Lazarini\"><\/a><div class=\"authorBox__name\"><span>por\n\t\t\t<a href=\"https:\/\/www.suno.com.br\/noticias\/author\/jader-lazarini\/\"><span itemprop=\"author\">Jader Lazarini<\/span><\/a><\/span><time datetime=\"2021-08-18T09:11:46-03:00\" itemprop=\"datePublished\">18\/08\/2021 09:11<\/time><\/div><\/div><\/div><\/div><\/div>","single_layout":"posts","amp_enabled":true,"_links":{"self":[{"href":"https:\/\/www.suno.com.br\/noticias\/wp-json\/wp\/v2\/posts\/176513"}],"collection":[{"href":"https:\/\/www.suno.com.br\/noticias\/wp-json\/wp\/v2\/posts"}],"about":[{"href":"https:\/\/www.suno.com.br\/noticias\/wp-json\/wp\/v2\/types\/post"}],"author":[{"embeddable":true,"href":"https:\/\/www.suno.com.br\/noticias\/wp-json\/wp\/v2\/users\/73"}],"replies":[{"embeddable":true,"href":"https:\/\/www.suno.com.br\/noticias\/wp-json\/wp\/v2\/comments?post=176513"}],"version-history":[{"count":3,"href":"https:\/\/www.suno.com.br\/noticias\/wp-json\/wp\/v2\/posts\/176513\/revisions"}],"predecessor-version":[{"id":176532,"href":"https:\/\/www.suno.com.br\/noticias\/wp-json\/wp\/v2\/posts\/176513\/revisions\/176532"}],"wp:featuredmedia":[{"embeddable":true,"href":"https:\/\/www.suno.com.br\/noticias\/wp-json\/wp\/v2\/media\/108583"}],"wp:attachment":[{"href":"https:\/\/www.suno.com.br\/noticias\/wp-json\/wp\/v2\/media?parent=176513"}],"wp:term":[{"taxonomy":"category","embeddable":true,"href":"https:\/\/www.suno.com.br\/noticias\/wp-json\/wp\/v2\/categories?post=176513"},{"taxonomy":"post_tag","embeddable":true,"href":"https:\/\/www.suno.com.br\/noticias\/wp-json\/wp\/v2\/tags?post=176513"},{"taxonomy":"suno_strategy","embeddable":true,"href":"https:\/\/www.suno.com.br\/noticias\/wp-json\/wp\/v2\/suno_strategy?post=176513"}],"curies":[{"name":"wp","href":"https:\/\/api.w.org\/{rel}","templated":true}]}}