{"id":17651,"date":"2019-03-11T18:06:06","date_gmt":"2019-03-11T21:06:06","guid":{"rendered":"https:\/\/www.suno.com.br\/noticias\/?p=17651"},"modified":"2021-05-30T21:15:18","modified_gmt":"2021-05-31T00:15:18","slug":"braskem-embraer-azul-quem-balancos","status":"publish","type":"post","link":"https:\/\/www.suno.com.br\/noticias\/braskem-embraer-azul-quem-balancos\/","title":{"rendered":"Braskem, Embraer, Azul: veja quem divulga seus balan\u00e7os nesta semana"},"content":{"rendered":"<p>A temporada de divulga\u00e7\u00e3o de balan\u00e7os financeiros teve uma pausa para o carnaval, mas ser\u00e1 retomada nesta segunda (11). O an\u00fancio \u00e9 feito sempre ap\u00f3s o fechamento do mercado.<\/p>\t<div class=\"wrapper-featured-image\">\n\t\t<figure class=\"spotlightImg\">\n\n\t\t\t<picture>\n\t\t\t\t<source media=\"(max-width: 768px)\" srcset=\"https:\/\/files.sunoresearch.com.br\/n\/uploads\/2018\/10\/e2ebc370-temporada-de-balancos-400x200.webp\">\n\t\t\t\t<img loading=\"lazy\" decoding=\"async\" class=\"newsContent__article__imgCapa lazyloadDisabled newsContent__article__imgCapa--noCaption\" src=\"https:\/\/files.sunoresearch.com.br\/n\/uploads\/2018\/10\/e2ebc370-temporada-de-balancos-800x450.webp\" width=\"800\" height=\"450\" alt=\"Braskem, Embraer, Azul: veja quem divulga seus balan\u00e7os nesta semana\" fetchpriority=high \/>\n\t\t\t<\/picture>\n\n\t\t\t<figcaption class=\"wp-caption-text wp-caption-text--hide\">Balan\u00e7os financeiros<\/figcaption>\n\t\t<\/figure>\n\t<\/div>\n\n\n<p>O <strong>hor\u00e1rio de funcionamento<\/strong> do preg\u00e3o da <a href=\"https:\/\/www.suno.com.br\/artigos\/b3\/\">B3<\/a> (<a href=\"https:\/\/www.suno.com.br\/artigos\/bmf\/\">BM&amp;F<\/a> <a href=\"https:\/\/www.suno.com.br\/artigos\/bovespa-precedente-b3\/\">Bovespa<\/a>), a <strong>Bolsa de Valores<\/strong> de S\u00e3o Paulo, sofrer\u00e1 uma mudan\u00e7a a partir desta segunda. A abertura das <strong>negocia\u00e7\u00f5es<\/strong> permanecer\u00e1 a partir das <strong>10h<\/strong>, entretanto, o preg\u00e3o regular passar\u00e1 a ser fechado \u00e0s <strong>17h<\/strong>.<\/p>\n<p><a href=\"https:\/\/www.suno.com.br\/noticias\/b3-horario-encerramento-funcionamento-pregao\/\">Saiba mais: B3 altera hor\u00e1rio de encerramento do preg\u00e3o a partir de segunda-feira<\/a><\/p>\n<p>A mudan\u00e7a j\u00e1 havia sido comunicada pela <strong>B3<\/strong>\u00a0e se alinha ao in\u00edcio do <strong>hor\u00e1rio de ver\u00e3o nos Estados Unidos da Am\u00e9rica<\/strong> (EUA), no \u00faltimo domingo (10).\u00a0O hor\u00e1rio de ver\u00e3o no Brasil encerrou em 17 de fevereiro.<\/p>\n<p>A <strong>B3<\/strong> volta a ter negocia\u00e7\u00f5es dispon\u00edveis no<strong> &#8220;<a href=\"https:\/\/www.suno.com.br\/artigos\/after-market\/\">after market<\/a>&#8220;<\/strong>, cujo hor\u00e1rio de funcionamento \u00e9 entre 17h30 e 18h. At\u00e9 a \u00faltima sexta-feira (8), o preg\u00e3o funcionava at\u00e9 \u00e0s 18h.<\/p>\n<p><a href=\"https:\/\/www.suno.com.br\/noticias\/balanco-da-braskem-trimestre\/\">Saiba mais: Balan\u00e7o da Braskem aponta lucro de R$ 1,34 bilh\u00e3o no 3\u00ba trimestre<\/a><\/p>\n<p>Para esta semana, demonstrativos de 35 empresas devem ser publicados, entre elas <strong>Braskem, Embraer, CCR, Est\u00e1cio, Azul, Gafisa<\/strong> e outras.<\/p>\n<h2>Confira algumas empresas que v\u00e3o divulgar seus balan\u00e7os<\/h2>\n<p><strong>11 de mar\u00e7o:<\/strong><\/p>\n<ul>\n<li>Direcional<\/li>\n<li>JSL<\/li>\n<li><strong>M. Dias Branco<\/strong><\/li>\n<li><strong>Multiplus<\/strong><\/li>\n<li>Iochpe-Maxion<\/li>\n<li><strong>PetroRio<\/strong><\/li>\n<li>S\u00e3o Carlos<\/li>\n<li>Vulcabras<\/li>\n<\/ul>\n<p><strong>12 de mar\u00e7o:<\/strong><\/p>\n<ul>\n<li><strong>Minerva<\/strong><\/li>\n<li>Sonae Sierra<\/li>\n<li>Tenda<\/li>\n<li>Trisul<\/li>\n<li>Whirpool<\/li>\n<\/ul>\n<p><strong>13 de mar\u00e7o:<\/strong><\/p>\n<ul>\n<li><strong>Braskem<\/strong><\/li>\n<li>Hapvida<\/li>\n<li>SLC Agr\u00edcola<\/li>\n<\/ul>\n<p><strong>14 de mar\u00e7o:<\/strong><\/p>\n<ul>\n<li><strong>Lojas Marisa<\/strong><\/li>\n<li><strong>Azul<\/strong><\/li>\n<li>BrMalls<\/li>\n<li><strong>CCR<\/strong><\/li>\n<li>Ecorodovias<\/li>\n<li><strong>Embraer<\/strong><\/li>\n<li><strong>Est\u00e1cio<\/strong><\/li>\n<li>Fer Heringer<\/li>\n<li><strong>Gafisa<\/strong><\/li>\n<li>Guararapes<\/li>\n<li>Mills<\/li>\n<li>Rodobens<\/li>\n<li>Technos<\/li>\n<li>Tupy<\/li>\n<li>Unicasa<\/li>\n<li>Unipar<\/li>\n<li>Valid<\/li>\n<li>Wilson Sons<\/li>\n<\/ul>\n<p><strong>15 de mar\u00e7o<\/strong><\/p>\n<ul>\n<li>Hermes Pardini<\/li>\n<\/ul>\n<p><a href=\"https:\/\/www.suno.com.br\/noticias\/balancos-financeiros-destaques-semana\/\">Saiba mais: Balan\u00e7os financeiros: confira os destaques da \u00faltima semana<\/a><\/p>\n<h2>Balan\u00e7o financeiro<\/h2>\n<p>As demonstra\u00e7\u00f5es financeiras s\u00e3o os documentos padronizados obrigat\u00f3rios, enviados \u00e0 Comiss\u00e3o de Valores Mobili\u00e1rios (CVM) pelas companhias abertas, e que cont\u00e9m v\u00e1rias informa\u00e7\u00f5es financeiras importantes, como por exemplo, receitas, despesas, d\u00edvidas,contas a pagar e receber, movimenta\u00e7\u00f5es no caixa da empresa, entre outras. As demonstra\u00e7\u00f5es mais importantes para o investidor s\u00e3o a Demonstra\u00e7\u00e3o do Resultado do Exerc\u00edcio (DRE), o Balan\u00e7o Patrimonial e a Demonstra\u00e7\u00e3o do Fluxo de Caixa. Mas h\u00e1 outras demonstra\u00e7\u00f5es acess\u00f3rias, como:<\/p>\n<ul>\n<li>Demonstra\u00e7\u00e3o do Resultado Abrangente;<\/li>\n<li>Demonstra\u00e7\u00e3o das Muta\u00e7\u00f5es do Patrim\u00f4nio L\u00edquido;<\/li>\n<li>Demonstra\u00e7\u00e3o do Valor Adicionado;<\/li>\n<li>Notas Explicativas;<\/li>\n<li>Relat\u00f3rio da administra\u00e7\u00e3o.<\/li>\n<\/ul>\n","protected":false},"excerpt":{"rendered":"<p>A temporada de divulga\u00e7\u00e3o de balan\u00e7os financeiros teve uma pausa para o carnaval, mas ser\u00e1 retomada nesta segunda (11). O an\u00fancio \u00e9 feito sempre ap\u00f3s o fechamento do mercado. Balan\u00e7os financeiros O hor\u00e1rio de funcionamento do preg\u00e3o da B3 (BM&amp;F Bovespa), a Bolsa de Valores de S\u00e3o Paulo, sofrer\u00e1 uma mudan\u00e7a a partir desta segunda. [&hellip;]<\/p>\n","protected":false},"author":13,"featured_media":5570,"comment_status":"closed","ping_status":"closed","sticky":false,"template":"","format":"standard","meta":[],"categories":[60],"tags":[106932,1029,395,407,460,541,571,2363],"suno_strategy":[],"class_list":["post-17651","post","type-post","status-publish","format-standard","has-post-thumbnail","hentry","category-mercado","tag-azul-azul4","tag-balancos-trimestrais","tag-braskem-brkm3-brkm5-brkm6","tag-ccr-ccro3","tag-embraer-embr3","tag-lojas-marisa-amar3","tag-multiplus","tag-yduqs-yduq3"],"yoast_head":"<!-- This site is optimized with the Yoast SEO plugin v24.4 - https:\/\/yoast.com\/wordpress\/plugins\/seo\/ -->\n<title>Braskem, Embraer, Azul: veja quem divulga seus balan\u00e7os nesta semana<\/title>\n<meta name=\"description\" content=\"A temporada de divulga\u00e7\u00e3o de balan\u00e7os financeiros teve uma pausa para o carnaval, mas ser\u00e1 retomada nesta segunda. Clique e saiba mais\" \/>\n<meta name=\"robots\" content=\"index, follow, max-snippet:-1, max-image-preview:large, max-video-preview:-1\" \/>\n<link rel=\"canonical\" href=\"https:\/\/www.suno.com.br\/noticias\/braskem-embraer-azul-quem-balancos\/\" \/>\n<meta property=\"og:locale\" content=\"pt_BR\" \/>\n<meta property=\"og:type\" content=\"article\" \/>\n<meta property=\"og:title\" content=\"Braskem, Embraer, Azul: veja quem divulga seus balan\u00e7os nesta semana\" \/>\n<meta property=\"og:description\" content=\"A temporada de divulga\u00e7\u00e3o de balan\u00e7os financeiros teve uma pausa para o carnaval, mas ser\u00e1 retomada nesta segunda. Clique e saiba mais\" \/>\n<meta property=\"og:url\" content=\"https:\/\/www.suno.com.br\/noticias\/braskem-embraer-azul-quem-balancos\/\" \/>\n<meta property=\"og:site_name\" content=\"Suno Not\u00edcias\" \/>\n<meta property=\"article:publisher\" content=\"https:\/\/facebook.com\/sunoresearch\" \/>\n<meta property=\"og:image\" content=\"https:\/\/files.sunoresearch.com.br\/n\/uploads\/2018\/10\/e2ebc370-temporada-de-balancos.jpg\" \/>\n\t<meta property=\"og:image:width\" content=\"1920\" \/>\n\t<meta property=\"og:image:height\" content=\"1280\" \/>\n\t<meta property=\"og:image:type\" content=\"image\/jpeg\" \/>\n<meta name=\"author\" content=\"Guilherme Caetano\" \/>\n<meta name=\"twitter:card\" content=\"summary_large_image\" \/>\n<meta name=\"twitter:creator\" content=\"@sunoresearch\" \/>\n<meta name=\"twitter:site\" content=\"@sunoresearch\" \/>\n<meta name=\"twitter:label1\" content=\"Escrito por\" \/>\n\t<meta name=\"twitter:data1\" content=\"Guilherme Caetano\" \/>\n\t<meta name=\"twitter:label2\" content=\"Est. tempo de leitura\" \/>\n\t<meta name=\"twitter:data2\" content=\"2 minutos\" \/>\n<script type=\"application\/ld+json\" class=\"yoast-schema-graph\">{\"@context\":\"https:\/\/schema.org\",\"@graph\":[{\"@type\":\"NewsArticle\",\"@id\":\"https:\/\/www.suno.com.br\/noticias\/braskem-embraer-azul-quem-balancos\/#article\",\"isPartOf\":{\"@id\":\"https:\/\/www.suno.com.br\/noticias\/braskem-embraer-azul-quem-balancos\/\"},\"author\":{\"name\":\"Guilherme Caetano\",\"@id\":\"https:\/\/www.suno.com.br\/noticias\/#\/schema\/person\/0d0c9687cd2f600c564f25980c140de9\"},\"headline\":\"Braskem, Embraer, Azul: veja quem divulga seus balan\u00e7os nesta semana\",\"datePublished\":\"2019-03-11T21:06:06+00:00\",\"dateModified\":\"2021-05-31T00:15:18+00:00\",\"mainEntityOfPage\":{\"@id\":\"https:\/\/www.suno.com.br\/noticias\/braskem-embraer-azul-quem-balancos\/\"},\"wordCount\":421,\"publisher\":{\"@id\":\"https:\/\/www.suno.com.br\/noticias\/#organization\"},\"image\":{\"@id\":\"https:\/\/www.suno.com.br\/noticias\/braskem-embraer-azul-quem-balancos\/#primaryimage\"},\"thumbnailUrl\":\"https:\/\/files.sunoresearch.com.br\/n\/uploads\/2018\/10\/e2ebc370-temporada-de-balancos-jpg.webp\",\"keywords\":[\"Azul (AZUL4)\",\"balan\u00e7os trimestrais\",\"Braskem (BRKM3\/BRKM5\/BRKM6)\",\"CCR (CCRO3)\",\"Embraer (EMBR3)\",\"Lojas Marisa (AMAR3)\",\"Multiplus\",\"Yduqs (YDUQ3)\"],\"articleSection\":[\"Mercado\"],\"inLanguage\":\"pt-BR\"},{\"@type\":\"WebPage\",\"@id\":\"https:\/\/www.suno.com.br\/noticias\/braskem-embraer-azul-quem-balancos\/\",\"url\":\"https:\/\/www.suno.com.br\/noticias\/braskem-embraer-azul-quem-balancos\/\",\"name\":\"Braskem, Embraer, Azul: veja quem divulga seus balan\u00e7os nesta semana\",\"isPartOf\":{\"@id\":\"https:\/\/www.suno.com.br\/noticias\/#website\"},\"primaryImageOfPage\":{\"@id\":\"https:\/\/www.suno.com.br\/noticias\/braskem-embraer-azul-quem-balancos\/#primaryimage\"},\"image\":{\"@id\":\"https:\/\/www.suno.com.br\/noticias\/braskem-embraer-azul-quem-balancos\/#primaryimage\"},\"thumbnailUrl\":\"https:\/\/files.sunoresearch.com.br\/n\/uploads\/2018\/10\/e2ebc370-temporada-de-balancos-jpg.webp\",\"datePublished\":\"2019-03-11T21:06:06+00:00\",\"dateModified\":\"2021-05-31T00:15:18+00:00\",\"description\":\"A temporada de divulga\u00e7\u00e3o de balan\u00e7os financeiros teve uma pausa para o carnaval, mas ser\u00e1 retomada nesta segunda. Clique e saiba mais\",\"breadcrumb\":{\"@id\":\"https:\/\/www.suno.com.br\/noticias\/braskem-embraer-azul-quem-balancos\/#breadcrumb\"},\"inLanguage\":\"pt-BR\",\"potentialAction\":[{\"@type\":\"ReadAction\",\"target\":[\"https:\/\/www.suno.com.br\/noticias\/braskem-embraer-azul-quem-balancos\/\"]}]},{\"@type\":\"ImageObject\",\"inLanguage\":\"pt-BR\",\"@id\":\"https:\/\/www.suno.com.br\/noticias\/braskem-embraer-azul-quem-balancos\/#primaryimage\",\"url\":\"https:\/\/files.sunoresearch.com.br\/n\/uploads\/2018\/10\/e2ebc370-temporada-de-balancos-jpg.webp\",\"contentUrl\":\"https:\/\/files.sunoresearch.com.br\/n\/uploads\/2018\/10\/e2ebc370-temporada-de-balancos-jpg.webp\",\"width\":1920,\"height\":1280,\"caption\":\"Balan\u00e7os financeiros\"},{\"@type\":\"BreadcrumbList\",\"@id\":\"https:\/\/www.suno.com.br\/noticias\/braskem-embraer-azul-quem-balancos\/#breadcrumb\",\"itemListElement\":[{\"@type\":\"ListItem\",\"position\":1,\"name\":\"Not\u00edcias\",\"item\":\"https:\/\/www.suno.com.br\/noticias\/\"},{\"@type\":\"ListItem\",\"position\":2,\"name\":\"Mercado\",\"item\":\"https:\/\/www.suno.com.br\/noticias\/mercado\/\"},{\"@type\":\"ListItem\",\"position\":3,\"name\":\"Braskem, Embraer, Azul: veja quem divulga seus balan\u00e7os nesta semana\"}]},{\"@type\":\"WebSite\",\"@id\":\"https:\/\/www.suno.com.br\/noticias\/#website\",\"url\":\"https:\/\/www.suno.com.br\/noticias\/\",\"name\":\"Suno Not\u00edcias\",\"description\":\"Seu portal de informa\u00e7\u00e3o sobre o mundo dos investimentos\",\"publisher\":{\"@id\":\"https:\/\/www.suno.com.br\/noticias\/#organization\"},\"potentialAction\":[{\"@type\":\"SearchAction\",\"target\":{\"@type\":\"EntryPoint\",\"urlTemplate\":\"https:\/\/www.suno.com.br\/noticias\/?s={search_term_string}\"},\"query-input\":{\"@type\":\"PropertyValueSpecification\",\"valueRequired\":true,\"valueName\":\"search_term_string\"}}],\"inLanguage\":\"pt-BR\"},{\"@type\":\"Organization\",\"@id\":\"https:\/\/www.suno.com.br\/noticias\/#organization\",\"name\":\"Suno Not\u00edcias\",\"url\":\"https:\/\/www.suno.com.br\/noticias\/\",\"logo\":{\"@type\":\"ImageObject\",\"inLanguage\":\"pt-BR\",\"@id\":\"https:\/\/www.suno.com.br\/noticias\/#\/schema\/logo\/image\/\",\"url\":\"https:\/\/files.sunoresearch.com.br\/n\/uploads\/2021\/09\/suno-logo.png\",\"contentUrl\":\"https:\/\/files.sunoresearch.com.br\/n\/uploads\/2021\/09\/suno-logo.png\",\"width\":180,\"height\":180,\"caption\":\"Suno Not\u00edcias\"},\"image\":{\"@id\":\"https:\/\/www.suno.com.br\/noticias\/#\/schema\/logo\/image\/\"},\"sameAs\":[\"https:\/\/facebook.com\/sunoresearch\",\"https:\/\/x.com\/sunoresearch\",\"https:\/\/www.instagram.com\/suno\",\"https:\/\/www.linkedin.com\/company\/suno-research\/\",\"https:\/\/www.youtube.com\/c\/sunoresearch\"]},{\"@type\":\"Person\",\"@id\":\"https:\/\/www.suno.com.br\/noticias\/#\/schema\/person\/0d0c9687cd2f600c564f25980c140de9\",\"name\":\"Guilherme Caetano\",\"image\":{\"@type\":\"ImageObject\",\"inLanguage\":\"pt-BR\",\"@id\":\"https:\/\/www.suno.com.br\/noticias\/#\/schema\/person\/image\/\",\"url\":\"https:\/\/secure.gravatar.com\/avatar\/e48357351a01702a0d19307070e081bf?s=96&r=g\",\"contentUrl\":\"https:\/\/secure.gravatar.com\/avatar\/e48357351a01702a0d19307070e081bf?s=96&r=g\",\"caption\":\"Guilherme Caetano\"},\"description\":\"Formado em jornalismo pela Escola de Comunica\u00e7\u00f5es e Artes da USP, Guilherme Caetano escreve para o portal de not\u00edcias da Suno Research. Passou pelas reda\u00e7\u00f5es da Folha de S.Paulo e da revista \u00c9poca.\",\"url\":\"https:\/\/www.suno.com.br\/noticias\/author\/guilherme-caetano\/\"}]}<\/script>\n<!-- \/ Yoast SEO plugin. -->","yoast_head_json":{"title":"Braskem, Embraer, Azul: veja quem divulga seus balan\u00e7os nesta semana","description":"A temporada de divulga\u00e7\u00e3o de balan\u00e7os financeiros teve uma pausa para o carnaval, mas ser\u00e1 retomada nesta segunda. Clique e saiba mais","robots":{"index":"index","follow":"follow","max-snippet":"max-snippet:-1","max-image-preview":"max-image-preview:large","max-video-preview":"max-video-preview:-1"},"canonical":"https:\/\/www.suno.com.br\/noticias\/braskem-embraer-azul-quem-balancos\/","og_locale":"pt_BR","og_type":"article","og_title":"Braskem, Embraer, Azul: veja quem divulga seus balan\u00e7os nesta semana","og_description":"A temporada de divulga\u00e7\u00e3o de balan\u00e7os financeiros teve uma pausa para o carnaval, mas ser\u00e1 retomada nesta segunda. Clique e saiba mais","og_url":"https:\/\/www.suno.com.br\/noticias\/braskem-embraer-azul-quem-balancos\/","og_site_name":"Suno Not\u00edcias","article_publisher":"https:\/\/facebook.com\/sunoresearch","og_image":[{"width":1920,"height":1280,"url":"https:\/\/files.sunoresearch.com.br\/n\/uploads\/2018\/10\/e2ebc370-temporada-de-balancos.jpg","type":"image\/jpeg"}],"author":"Guilherme Caetano","twitter_card":"summary_large_image","twitter_creator":"@sunoresearch","twitter_site":"@sunoresearch","twitter_misc":{"Escrito por":"Guilherme Caetano","Est. tempo de leitura":"2 minutos"},"schema":{"@context":"https:\/\/schema.org","@graph":[{"@type":"NewsArticle","@id":"https:\/\/www.suno.com.br\/noticias\/braskem-embraer-azul-quem-balancos\/#article","isPartOf":{"@id":"https:\/\/www.suno.com.br\/noticias\/braskem-embraer-azul-quem-balancos\/"},"author":{"name":"Guilherme Caetano","@id":"https:\/\/www.suno.com.br\/noticias\/#\/schema\/person\/0d0c9687cd2f600c564f25980c140de9"},"headline":"Braskem, Embraer, Azul: veja quem divulga seus balan\u00e7os nesta semana","datePublished":"2019-03-11T21:06:06+00:00","dateModified":"2021-05-31T00:15:18+00:00","mainEntityOfPage":{"@id":"https:\/\/www.suno.com.br\/noticias\/braskem-embraer-azul-quem-balancos\/"},"wordCount":421,"publisher":{"@id":"https:\/\/www.suno.com.br\/noticias\/#organization"},"image":{"@id":"https:\/\/www.suno.com.br\/noticias\/braskem-embraer-azul-quem-balancos\/#primaryimage"},"thumbnailUrl":"https:\/\/files.sunoresearch.com.br\/n\/uploads\/2018\/10\/e2ebc370-temporada-de-balancos-jpg.webp","keywords":["Azul (AZUL4)","balan\u00e7os trimestrais","Braskem (BRKM3\/BRKM5\/BRKM6)","CCR (CCRO3)","Embraer (EMBR3)","Lojas Marisa (AMAR3)","Multiplus","Yduqs (YDUQ3)"],"articleSection":["Mercado"],"inLanguage":"pt-BR"},{"@type":"WebPage","@id":"https:\/\/www.suno.com.br\/noticias\/braskem-embraer-azul-quem-balancos\/","url":"https:\/\/www.suno.com.br\/noticias\/braskem-embraer-azul-quem-balancos\/","name":"Braskem, Embraer, Azul: veja quem divulga seus balan\u00e7os nesta semana","isPartOf":{"@id":"https:\/\/www.suno.com.br\/noticias\/#website"},"primaryImageOfPage":{"@id":"https:\/\/www.suno.com.br\/noticias\/braskem-embraer-azul-quem-balancos\/#primaryimage"},"image":{"@id":"https:\/\/www.suno.com.br\/noticias\/braskem-embraer-azul-quem-balancos\/#primaryimage"},"thumbnailUrl":"https:\/\/files.sunoresearch.com.br\/n\/uploads\/2018\/10\/e2ebc370-temporada-de-balancos-jpg.webp","datePublished":"2019-03-11T21:06:06+00:00","dateModified":"2021-05-31T00:15:18+00:00","description":"A temporada de divulga\u00e7\u00e3o de balan\u00e7os financeiros teve uma pausa para o carnaval, mas ser\u00e1 retomada nesta segunda. Clique e saiba mais","breadcrumb":{"@id":"https:\/\/www.suno.com.br\/noticias\/braskem-embraer-azul-quem-balancos\/#breadcrumb"},"inLanguage":"pt-BR","potentialAction":[{"@type":"ReadAction","target":["https:\/\/www.suno.com.br\/noticias\/braskem-embraer-azul-quem-balancos\/"]}]},{"@type":"ImageObject","inLanguage":"pt-BR","@id":"https:\/\/www.suno.com.br\/noticias\/braskem-embraer-azul-quem-balancos\/#primaryimage","url":"https:\/\/files.sunoresearch.com.br\/n\/uploads\/2018\/10\/e2ebc370-temporada-de-balancos-jpg.webp","contentUrl":"https:\/\/files.sunoresearch.com.br\/n\/uploads\/2018\/10\/e2ebc370-temporada-de-balancos-jpg.webp","width":1920,"height":1280,"caption":"Balan\u00e7os financeiros"},{"@type":"BreadcrumbList","@id":"https:\/\/www.suno.com.br\/noticias\/braskem-embraer-azul-quem-balancos\/#breadcrumb","itemListElement":[{"@type":"ListItem","position":1,"name":"Not\u00edcias","item":"https:\/\/www.suno.com.br\/noticias\/"},{"@type":"ListItem","position":2,"name":"Mercado","item":"https:\/\/www.suno.com.br\/noticias\/mercado\/"},{"@type":"ListItem","position":3,"name":"Braskem, Embraer, Azul: veja quem divulga seus balan\u00e7os nesta semana"}]},{"@type":"WebSite","@id":"https:\/\/www.suno.com.br\/noticias\/#website","url":"https:\/\/www.suno.com.br\/noticias\/","name":"Suno Not\u00edcias","description":"Seu portal de informa\u00e7\u00e3o sobre o mundo dos investimentos","publisher":{"@id":"https:\/\/www.suno.com.br\/noticias\/#organization"},"potentialAction":[{"@type":"SearchAction","target":{"@type":"EntryPoint","urlTemplate":"https:\/\/www.suno.com.br\/noticias\/?s={search_term_string}"},"query-input":{"@type":"PropertyValueSpecification","valueRequired":true,"valueName":"search_term_string"}}],"inLanguage":"pt-BR"},{"@type":"Organization","@id":"https:\/\/www.suno.com.br\/noticias\/#organization","name":"Suno Not\u00edcias","url":"https:\/\/www.suno.com.br\/noticias\/","logo":{"@type":"ImageObject","inLanguage":"pt-BR","@id":"https:\/\/www.suno.com.br\/noticias\/#\/schema\/logo\/image\/","url":"https:\/\/files.sunoresearch.com.br\/n\/uploads\/2021\/09\/suno-logo.png","contentUrl":"https:\/\/files.sunoresearch.com.br\/n\/uploads\/2021\/09\/suno-logo.png","width":180,"height":180,"caption":"Suno Not\u00edcias"},"image":{"@id":"https:\/\/www.suno.com.br\/noticias\/#\/schema\/logo\/image\/"},"sameAs":["https:\/\/facebook.com\/sunoresearch","https:\/\/x.com\/sunoresearch","https:\/\/www.instagram.com\/suno","https:\/\/www.linkedin.com\/company\/suno-research\/","https:\/\/www.youtube.com\/c\/sunoresearch"]},{"@type":"Person","@id":"https:\/\/www.suno.com.br\/noticias\/#\/schema\/person\/0d0c9687cd2f600c564f25980c140de9","name":"Guilherme Caetano","image":{"@type":"ImageObject","inLanguage":"pt-BR","@id":"https:\/\/www.suno.com.br\/noticias\/#\/schema\/person\/image\/","url":"https:\/\/secure.gravatar.com\/avatar\/e48357351a01702a0d19307070e081bf?s=96&r=g","contentUrl":"https:\/\/secure.gravatar.com\/avatar\/e48357351a01702a0d19307070e081bf?s=96&r=g","caption":"Guilherme Caetano"},"description":"Formado em jornalismo pela Escola de Comunica\u00e7\u00f5es e Artes da USP, Guilherme Caetano escreve para o portal de not\u00edcias da Suno Research. Passou pelas reda\u00e7\u00f5es da Folha de S.Paulo e da revista \u00c9poca.","url":"https:\/\/www.suno.com.br\/noticias\/author\/guilherme-caetano\/"}]}},"default_loop_html":"<div class=\"cardsPage__listCard__boxs\"><div class=\"cardsPage__listCard__boxs__img\"><a href=\"https:\/\/www.suno.com.br\/noticias\/braskem-embraer-azul-quem-balancos\/\"><img class=\"mask\" src=\"https:\/\/www.suno.com.br\/noticias\/wp-content\/themes\/suno\/resources\/images\/spotlight\/spotlight1img\/bg-mask.png\" alt=\"Image Mask\"\/><img src=\"https:\/\/files.sunoresearch.com.br\/n\/uploads\/2018\/10\/e2ebc370-temporada-de-balancos-400x200.webp\" alt=\"Braskem, Embraer, Azul: veja quem divulga seus balan\u00e7os nesta semana\"\/><\/a><span class=\"spotlightCategory\"><a href=\"https:\/\/www.suno.com.br\/noticias\/mercado\/\">Mercado<\/a><\/span><\/div><div class=\"cardsPage__listCard__boxs__content\"><a href=\"https:\/\/www.suno.com.br\/noticias\/braskem-embraer-azul-quem-balancos\/\"><h2 class=\"content__title\">Braskem, Embraer, Azul: veja quem divulga seus balan\u00e7os nesta semana<\/h2><\/a><div class=\"newsContent__article__meta\"><div class=\"newsContent__article__meta__authorBox\"><a href=\"https:\/\/www.suno.com.br\/noticias\/author\/guilherme-caetano\/\" class=\"authorBox__avatar noMobi\"><img src=\"https:\/\/secure.gravatar.com\/avatar\/e48357351a01702a0d19307070e081bf?s=96&#038;r=g\" alt=\"Guilherme Caetano\"><\/a><div class=\"authorBox__name\"><span>por\n\t\t\t<a href=\"https:\/\/www.suno.com.br\/noticias\/author\/guilherme-caetano\/\"><span itemprop=\"author\">Guilherme Caetano<\/span><\/a><\/span><time datetime=\"2019-03-11T18:06:06-03:00\" itemprop=\"datePublished\">11\/03\/2019 18:06<\/time><\/div><\/div><\/div><\/div><\/div>","single_layout":"posts","amp_enabled":true,"_links":{"self":[{"href":"https:\/\/www.suno.com.br\/noticias\/wp-json\/wp\/v2\/posts\/17651"}],"collection":[{"href":"https:\/\/www.suno.com.br\/noticias\/wp-json\/wp\/v2\/posts"}],"about":[{"href":"https:\/\/www.suno.com.br\/noticias\/wp-json\/wp\/v2\/types\/post"}],"author":[{"embeddable":true,"href":"https:\/\/www.suno.com.br\/noticias\/wp-json\/wp\/v2\/users\/13"}],"replies":[{"embeddable":true,"href":"https:\/\/www.suno.com.br\/noticias\/wp-json\/wp\/v2\/comments?post=17651"}],"version-history":[{"count":1,"href":"https:\/\/www.suno.com.br\/noticias\/wp-json\/wp\/v2\/posts\/17651\/revisions"}],"predecessor-version":[{"id":152637,"href":"https:\/\/www.suno.com.br\/noticias\/wp-json\/wp\/v2\/posts\/17651\/revisions\/152637"}],"wp:featuredmedia":[{"embeddable":true,"href":"https:\/\/www.suno.com.br\/noticias\/wp-json\/wp\/v2\/media\/5570"}],"wp:attachment":[{"href":"https:\/\/www.suno.com.br\/noticias\/wp-json\/wp\/v2\/media?parent=17651"}],"wp:term":[{"taxonomy":"category","embeddable":true,"href":"https:\/\/www.suno.com.br\/noticias\/wp-json\/wp\/v2\/categories?post=17651"},{"taxonomy":"post_tag","embeddable":true,"href":"https:\/\/www.suno.com.br\/noticias\/wp-json\/wp\/v2\/tags?post=17651"},{"taxonomy":"suno_strategy","embeddable":true,"href":"https:\/\/www.suno.com.br\/noticias\/wp-json\/wp\/v2\/suno_strategy?post=17651"}],"curies":[{"name":"wp","href":"https:\/\/api.w.org\/{rel}","templated":true}]}}