{"id":176467,"date":"2021-08-19T08:54:47","date_gmt":"2021-08-19T11:54:47","guid":{"rendered":"https:\/\/www.suno.com.br\/noticias\/?p=176467"},"modified":"2021-08-19T08:54:47","modified_gmt":"2021-08-19T11:54:47","slug":"sp-500-nasdaq-queda-estimulo-fed-pandemia-19082021","status":"publish","type":"post","link":"https:\/\/www.suno.com.br\/noticias\/sp-500-nasdaq-queda-estimulo-fed-pandemia-19082021\/","title":{"rendered":"S&#038;P 500 amplia queda com cautela do Fed e amea\u00e7a da Covid-19"},"content":{"rendered":"<p>O <strong>S&amp;P 500<\/strong> futuro estende a baixa de 1,07% no mercado \u00e0 vista na v\u00e9spera e opera em queda na manh\u00e3 desta quinta-feira (19). O mercado digere as informa\u00e7\u00f5es apresentadas pelo <a href=\"https:\/\/www.suno.com.br\/artigos\/fed\/\">Federal Reserve (Fed)<\/a> na ata da \u00faltima reuni\u00e3o.<\/p>\t<div class=\"wrapper-featured-image\">\n\t\t<figure class=\"spotlightImg\">\n\n\t\t\t<picture>\n\t\t\t\t<source media=\"(max-width: 768px)\" srcset=\"https:\/\/files.sunoresearch.com.br\/n\/uploads\/2021\/07\/29045bd8-pexels-karolina-grabowska-4386396-400x200.jpg\">\n\t\t\t\t<img loading=\"lazy\" decoding=\"async\" class=\"newsContent__article__imgCapa lazyloadDisabled \" src=\"https:\/\/files.sunoresearch.com.br\/n\/uploads\/2021\/07\/29045bd8-pexels-karolina-grabowska-4386396-800x450.jpg\" width=\"800\" height=\"450\" alt=\"S&#038;P 500 amplia queda com cautela do Fed e amea\u00e7a da Covid-19\" fetchpriority=high \/>\n\t\t\t<\/picture>\n\n\t\t\t<figcaption class=\"wp-caption-text wp-caption-text--show\">Suno Global FIC FIA: fundo obt\u00e9m retornos acima do S&amp;P 500 - Foto: Karolina Grabowska, por Pexels.<\/figcaption>\n\t\t<\/figure>\n\t<\/div>\n\n\n\t<p>\n\t\t<a href=\"https:\/\/lp.suno.com.br\/planilha-controle-gastos\/\" target=\"_blank\" data-element=\"shortcode-suno-banner\" title=\"Banner SUNO, clique e saiba mais\">\n\t\t\t<picture>\n\t\t\t\t<source media=\"(max-width: 500px)\" srcset=\"https:\/\/files.sunoresearch.com.br\/n\/uploads\/2023\/03\/400x300-Planilha-controle-de-gastos.png\">\n\t\t\t\t<img class=\"newsContent__article__imgCapa newsContent__article__imgCapa--banner\"\n\t\t\t\t\tsrc=\"https:\/\/files.sunoresearch.com.br\/n\/uploads\/2023\/03\/1420x240-Planilha-controle-de-gastos.png\"\n\t\t\t\t\tdata-promo-id=\"101751\"\t\t\t\t\t\t\t\t\t\twidth='1420' height='240'\t\t\t\t\talt=\"https:\/\/files.sunoresearch.com.br\/n\/uploads\/2023\/03\/1420x240-Planilha-controle-de-gastos.png\"\n\t\t\t\t>\n\t\t\t<\/picture>\n\t\t<\/a>\n\t<\/p>\n\n\n<p>Por volta das 8h28, o <a href=\"https:\/\/www.suno.com.br\/artigos\/sp-500\/\">S&amp;P 500<\/a> ca\u00eda 0,84%, para 4.363,50 pontos. A <a href=\"https:\/\/www.suno.com.br\/artigos\/nasdaq\/\"><strong>Nasdaq<\/strong>, por sua vez<\/a>, recuava 0,67%, para 14.759,00 pontos. O <strong>Vix<\/strong>, conhecido como \u00edndice do medo, avan\u00e7a 5%, se aproximando dos 23 pontos. Esse \u00e9 o maior patamar desde maio.<\/p>\n<p>As preocupa\u00e7\u00f5es dos investidores nos \u00faltimos dias, ap\u00f3s uma s\u00e9rie de m\u00e1ximas hist\u00f3ricas consecutivas, diz respeito \u00e0 expectativa de corte dos est\u00edmulos por parte do BC norte-americano e avan\u00e7o da <strong>Covid-19<\/strong> nos Estados Unidos.<\/p>\n<p>A maior parte dos integrantes do <strong>Fed<\/strong> julga ser apropriado iniciar a redu\u00e7\u00e3o do programa de compra de ativos ainda neste ano. Atualmente, o ritmo est\u00e1 em compras de US$ 120 bilh\u00f5es mensais, em Treasuries e hipotecas.<\/p>\n<p>Contudo, n\u00e3o existe consenso para o in\u00edcio do <em>tapering<\/em>, embora o colegiado entenda que o mercado imobili\u00e1rio, que fomenta e conomia e gera empregos, est\u00e1 aquecido e n\u00e3o precisa dos est\u00edmulos governamentais.<\/p>\n\n\t<div data-element=\"shortcode-read-more\" class=\"readToo\">\n\t\t\t\t<span class=\"readToo__title\">Saiba mais<\/span>\n\t\t\t\t<ul class=\"readToo__list\">\n\t\t\t<li><a href=\"https:\/\/www.suno.com.br\/noticias\/fed-requisito-alta-juro-difere-tapering\/\">Fed: condi\u00e7\u00f5es para alta de juros diferem de requisitos para a redu\u00e7\u00e3o de compras de t\u00edtulos<\/a><\/li><li><a href=\"https:\/\/www.suno.com.br\/noticias\/preco-frete-maritimo-logistica-comercio\/\">Pre\u00e7o do frete mar\u00edtimo dispara em &#8216;caos log\u00edstico&#8217; e amea\u00e7a ind\u00fastria<\/a><\/li>\t\t<\/ul>\n\t<\/div>\n\n\n<p>Do lado da pandemia, h\u00e1 uma preocupa\u00e7\u00e3o com a volta das infec\u00e7\u00f5es nos <strong>Estados Unidos<\/strong>. O governo estuda criar um programa de aplica\u00e7\u00e3o em massa da terceira dose para a popula\u00e7\u00e3o que j\u00e1 est\u00e1 completamente vacinada.<\/p>\n<p>O presidente Joe Biden pediu \u00e0s grandes empresas estadunidenses que exijam que seus funcion\u00e1rios sejam imunizados. \u201cOs empregadores t\u00eam mais poder hoje para acabar com a pandemia do que nunca\u201d, afirmou o mandat\u00e1rio.<\/p>\n<p>Com o temor de arrefecimento da retomada econ\u00f4mica global e, eventualmente, novas restri\u00e7\u00f5es \u00e0 mobilidade, o <strong>petr\u00f3leo<\/strong> tem forte queda. O barril do tipo Brent negocia com uma baixa de 3,15% no mercado futuro, a US$ 66,08.<\/p>\n<p>&#8220;A manh\u00e3 est\u00e1 est\u00e1 mostrando um vi\u00e9s de forte avers\u00e3o ao risco&#8221;, comentou o economista <strong>Roberto Padovani<\/strong>, do BV. &#8220;Al\u00e9m do Fed, a preocupa\u00e7\u00e3o tamb\u00e9m segue com a pandemia, o que demonstra uma tend\u00eancia de acomoda\u00e7\u00e3o global. Isso atrapalha as Bolsas.&#8221;<\/p>\n\t<p>\n\t\t<a href=\"\" target=\"_blank\" data-element=\"shortcode-suno-banner\" title=\"Banner SUNO, clique e saiba mais\">\n\t\t\t<picture>\n\t\t\t\t<source media=\"(max-width: 500px)\" srcset=\"\">\n\t\t\t\t<img class=\"newsContent__article__imgCapa newsContent__article__imgCapa--banner\"\n\t\t\t\t\tsrc=\"\"\n\t\t\t\t\tdata-promo-id=\"92668\"\t\t\t\t\t\t\t\t\t\t\t\t\t\t\talt=\"\"\n\t\t\t\t>\n\t\t\t<\/picture>\n\t\t<\/a>\n\t<\/p>\n\n\n<h2>S&amp;P 500 e as Bolsas mundiais<\/h2>\n<p>Confira o desempenho das principais bolsas mundiais por volta das 8h45:<\/p>\n<ul>\n<li>S&amp;P 500: -0,74%<\/li>\n<li>Nasdaq: -0,60%<\/li>\n<li><a href=\"https:\/\/www.suno.com.br\/artigos\/dax-30\/\">DAX 30<\/a> (Alemanha): -1,75%<\/li>\n<li><a href=\"https:\/\/www.suno.com.br\/artigos\/ftse-100\/\">FTSE 100<\/a> (Inglaterra): -1,95%<\/li>\n<li><a href=\"https:\/\/www.suno.com.br\/artigos\/euro-stoxx-50\/\">Euro Stoxx 50<\/a>: -2,02%<\/li>\n<li>SSE Composite (Xangai): -0,57% (fechada)<\/li>\n<li><a href=\"https:\/\/www.suno.com.br\/artigos\/nikkei-225\/\">Nikkei 225<\/a> (Jap\u00e3o): -1,10% (fechada)<\/li>\n<\/ul>\n<p>Ap\u00f3s iniciar com o p\u00e9 direito, agosto tem um cen\u00e1rio de cautela, com os mercados preocupados com a recupera\u00e7\u00e3o econ\u00f4mica mundial. Ademais, o <strong>S&amp;P 500<\/strong> e as Bolsas ainda digerem o desdobramento das press\u00f5es inflacion\u00e1rias norte-americanas e a retirada de est\u00edmulos mundo afora.<\/p>\n\t<p>\n\t\t<a href=\"https:\/\/lp.suno.com.br\/planilha-de-controle-de-investimentos\/\" target=\"_blank\" data-element=\"shortcode-suno-banner\" title=\"Banner SUNO, clique e saiba mais\">\n\t\t\t<picture>\n\t\t\t\t<source media=\"(max-width: 500px)\" srcset=\"https:\/\/files.sunoresearch.com.br\/n\/uploads\/2023\/03\/400x300-Controle-de-Investimentos.png\">\n\t\t\t\t<img class=\"newsContent__article__imgCapa newsContent__article__imgCapa--banner\"\n\t\t\t\t\tsrc=\"https:\/\/files.sunoresearch.com.br\/n\/uploads\/2023\/03\/1420x240-Controle-de-Investimentos.png\"\n\t\t\t\t\tdata-promo-id=\"75934\"\t\t\t\t\t\t\t\t\t\twidth='1420' height='240'\t\t\t\t\talt=\"https:\/\/files.sunoresearch.com.br\/n\/uploads\/2023\/03\/1420x240-Controle-de-Investimentos.png\"\n\t\t\t\t>\n\t\t\t<\/picture>\n\t\t<\/a>\n\t<\/p>\n\n\n","protected":false},"excerpt":{"rendered":"<p>O S&amp;P 500 futuro estende a baixa de 1,07% no mercado \u00e0 vista na v\u00e9spera e opera em queda na manh\u00e3 desta quinta-feira (19). O mercado digere as informa\u00e7\u00f5es apresentadas pelo Federal Reserve (Fed) na ata da \u00faltima reuni\u00e3o. Foto: Pixabay Por volta das 8h28, o S&amp;P 500 ca\u00eda 0,84%, para 4.363,50 pontos. A Nasdaq, [&hellip;]<\/p>\n","protected":false},"author":24,"featured_media":165731,"comment_status":"closed","ping_status":"closed","sticky":false,"template":"","format":"standard","meta":[],"categories":[60],"tags":[740,105816,776,964,2748,766,2667],"suno_strategy":[],"class_list":["post-176467","post","type-post","status-publish","format-standard","has-post-thumbnail","hentry","category-mercado","tag-economia","tag-especialistas","tag-federal-reseve-fed","tag-nasdaq","tag-pandemia","tag-petroleo","tag-sp-500"],"yoast_head":"<!-- This site is optimized with the Yoast SEO plugin v24.4 - https:\/\/yoast.com\/wordpress\/plugins\/seo\/ -->\n<title>S&amp;P 500 amplia queda com cautela do Fed e amea\u00e7a da Covid-19<\/title>\n<meta name=\"description\" content=\"O S&amp;P 500 futuro estende a baixa de 1,07% no mercado \u00e0 vista na v\u00e9spera e opera em queda na manh\u00e3 desta quinta-feira (19). Saiba mais.\" \/>\n<meta name=\"robots\" content=\"index, follow, max-snippet:-1, max-image-preview:large, max-video-preview:-1\" \/>\n<link rel=\"canonical\" href=\"https:\/\/www.suno.com.br\/noticias\/sp-500-nasdaq-queda-estimulo-fed-pandemia-19082021\/\" \/>\n<meta property=\"og:locale\" content=\"pt_BR\" \/>\n<meta property=\"og:type\" content=\"article\" \/>\n<meta property=\"og:title\" content=\"S&amp;P 500 amplia queda com cautela do Fed e amea\u00e7a da Covid-19\" \/>\n<meta property=\"og:description\" content=\"O S&amp;P 500 futuro estende a baixa de 1,07% no mercado \u00e0 vista na v\u00e9spera e opera em queda na manh\u00e3 desta quinta-feira (19). Saiba mais.\" \/>\n<meta property=\"og:url\" content=\"https:\/\/www.suno.com.br\/noticias\/sp-500-nasdaq-queda-estimulo-fed-pandemia-19082021\/\" \/>\n<meta property=\"og:site_name\" content=\"Suno Not\u00edcias\" \/>\n<meta property=\"article:publisher\" content=\"https:\/\/facebook.com\/sunoresearch\" \/>\n<meta property=\"og:image\" content=\"https:\/\/files.sunoresearch.com.br\/n\/uploads\/2021\/07\/29045bd8-pexels-karolina-grabowska-4386396.jpg\" \/>\n\t<meta property=\"og:image:width\" content=\"1280\" \/>\n\t<meta property=\"og:image:height\" content=\"853\" \/>\n\t<meta property=\"og:image:type\" content=\"image\/jpeg\" \/>\n<meta name=\"author\" content=\"Jader Lazarini\" \/>\n<meta name=\"twitter:card\" content=\"summary_large_image\" \/>\n<meta name=\"twitter:creator\" content=\"@sunoresearch\" \/>\n<meta name=\"twitter:site\" content=\"@sunoresearch\" \/>\n<meta name=\"twitter:label1\" content=\"Escrito por\" \/>\n\t<meta name=\"twitter:data1\" content=\"Jader Lazarini\" \/>\n\t<meta name=\"twitter:label2\" content=\"Est. tempo de leitura\" \/>\n\t<meta name=\"twitter:data2\" content=\"2 minutos\" \/>\n<script type=\"application\/ld+json\" class=\"yoast-schema-graph\">{\"@context\":\"https:\/\/schema.org\",\"@graph\":[{\"@type\":\"NewsArticle\",\"@id\":\"https:\/\/www.suno.com.br\/noticias\/sp-500-nasdaq-queda-estimulo-fed-pandemia-19082021\/#article\",\"isPartOf\":{\"@id\":\"https:\/\/www.suno.com.br\/noticias\/sp-500-nasdaq-queda-estimulo-fed-pandemia-19082021\/\"},\"author\":{\"name\":\"Jader Lazarini\",\"@id\":\"https:\/\/www.suno.com.br\/noticias\/#\/schema\/person\/918d79de1f0281f01599b93f9ea6e23f\"},\"headline\":\"S&#038;P 500 amplia queda com cautela do Fed e amea\u00e7a da Covid-19\",\"datePublished\":\"2021-08-19T11:54:47+00:00\",\"mainEntityOfPage\":{\"@id\":\"https:\/\/www.suno.com.br\/noticias\/sp-500-nasdaq-queda-estimulo-fed-pandemia-19082021\/\"},\"wordCount\":478,\"publisher\":{\"@id\":\"https:\/\/www.suno.com.br\/noticias\/#organization\"},\"image\":{\"@id\":\"https:\/\/www.suno.com.br\/noticias\/sp-500-nasdaq-queda-estimulo-fed-pandemia-19082021\/#primaryimage\"},\"thumbnailUrl\":\"https:\/\/files.sunoresearch.com.br\/n\/uploads\/2021\/07\/29045bd8-pexels-karolina-grabowska-4386396.jpg\",\"keywords\":[\"Economia\",\"Especialistas\",\"Federal Reserve (FED)\",\"Nasdaq\",\"pandemia\",\"Petr\u00f3leo\",\"S&amp;P 500\"],\"articleSection\":[\"Mercado\"],\"inLanguage\":\"pt-BR\"},{\"@type\":\"WebPage\",\"@id\":\"https:\/\/www.suno.com.br\/noticias\/sp-500-nasdaq-queda-estimulo-fed-pandemia-19082021\/\",\"url\":\"https:\/\/www.suno.com.br\/noticias\/sp-500-nasdaq-queda-estimulo-fed-pandemia-19082021\/\",\"name\":\"S&P 500 amplia queda com cautela do Fed e amea\u00e7a da Covid-19\",\"isPartOf\":{\"@id\":\"https:\/\/www.suno.com.br\/noticias\/#website\"},\"primaryImageOfPage\":{\"@id\":\"https:\/\/www.suno.com.br\/noticias\/sp-500-nasdaq-queda-estimulo-fed-pandemia-19082021\/#primaryimage\"},\"image\":{\"@id\":\"https:\/\/www.suno.com.br\/noticias\/sp-500-nasdaq-queda-estimulo-fed-pandemia-19082021\/#primaryimage\"},\"thumbnailUrl\":\"https:\/\/files.sunoresearch.com.br\/n\/uploads\/2021\/07\/29045bd8-pexels-karolina-grabowska-4386396.jpg\",\"datePublished\":\"2021-08-19T11:54:47+00:00\",\"description\":\"O S&P 500 futuro estende a baixa de 1,07% no mercado \u00e0 vista na v\u00e9spera e opera em queda na manh\u00e3 desta quinta-feira (19). Saiba mais.\",\"breadcrumb\":{\"@id\":\"https:\/\/www.suno.com.br\/noticias\/sp-500-nasdaq-queda-estimulo-fed-pandemia-19082021\/#breadcrumb\"},\"inLanguage\":\"pt-BR\",\"potentialAction\":[{\"@type\":\"ReadAction\",\"target\":[\"https:\/\/www.suno.com.br\/noticias\/sp-500-nasdaq-queda-estimulo-fed-pandemia-19082021\/\"]}]},{\"@type\":\"ImageObject\",\"inLanguage\":\"pt-BR\",\"@id\":\"https:\/\/www.suno.com.br\/noticias\/sp-500-nasdaq-queda-estimulo-fed-pandemia-19082021\/#primaryimage\",\"url\":\"https:\/\/files.sunoresearch.com.br\/n\/uploads\/2021\/07\/29045bd8-pexels-karolina-grabowska-4386396.jpg\",\"contentUrl\":\"https:\/\/files.sunoresearch.com.br\/n\/uploads\/2021\/07\/29045bd8-pexels-karolina-grabowska-4386396.jpg\",\"width\":1280,\"height\":853,\"caption\":\"Suno Global FIC FIA: fundo obt\u00e9m retornos acima do S&P 500 - Foto: Karolina Grabowska, por Pexels.\"},{\"@type\":\"BreadcrumbList\",\"@id\":\"https:\/\/www.suno.com.br\/noticias\/sp-500-nasdaq-queda-estimulo-fed-pandemia-19082021\/#breadcrumb\",\"itemListElement\":[{\"@type\":\"ListItem\",\"position\":1,\"name\":\"Not\u00edcias\",\"item\":\"https:\/\/www.suno.com.br\/noticias\/\"},{\"@type\":\"ListItem\",\"position\":2,\"name\":\"Mercado\",\"item\":\"https:\/\/www.suno.com.br\/noticias\/mercado\/\"},{\"@type\":\"ListItem\",\"position\":3,\"name\":\"S&#038;P 500 amplia queda com cautela do Fed e amea\u00e7a da Covid-19\"}]},{\"@type\":\"WebSite\",\"@id\":\"https:\/\/www.suno.com.br\/noticias\/#website\",\"url\":\"https:\/\/www.suno.com.br\/noticias\/\",\"name\":\"Suno Not\u00edcias\",\"description\":\"Seu portal de informa\u00e7\u00e3o sobre o mundo dos investimentos\",\"publisher\":{\"@id\":\"https:\/\/www.suno.com.br\/noticias\/#organization\"},\"potentialAction\":[{\"@type\":\"SearchAction\",\"target\":{\"@type\":\"EntryPoint\",\"urlTemplate\":\"https:\/\/www.suno.com.br\/noticias\/?s={search_term_string}\"},\"query-input\":{\"@type\":\"PropertyValueSpecification\",\"valueRequired\":true,\"valueName\":\"search_term_string\"}}],\"inLanguage\":\"pt-BR\"},{\"@type\":\"Organization\",\"@id\":\"https:\/\/www.suno.com.br\/noticias\/#organization\",\"name\":\"Suno Not\u00edcias\",\"url\":\"https:\/\/www.suno.com.br\/noticias\/\",\"logo\":{\"@type\":\"ImageObject\",\"inLanguage\":\"pt-BR\",\"@id\":\"https:\/\/www.suno.com.br\/noticias\/#\/schema\/logo\/image\/\",\"url\":\"https:\/\/files.sunoresearch.com.br\/n\/uploads\/2021\/09\/suno-logo.png\",\"contentUrl\":\"https:\/\/files.sunoresearch.com.br\/n\/uploads\/2021\/09\/suno-logo.png\",\"width\":180,\"height\":180,\"caption\":\"Suno Not\u00edcias\"},\"image\":{\"@id\":\"https:\/\/www.suno.com.br\/noticias\/#\/schema\/logo\/image\/\"},\"sameAs\":[\"https:\/\/facebook.com\/sunoresearch\",\"https:\/\/x.com\/sunoresearch\",\"https:\/\/www.instagram.com\/suno\",\"https:\/\/www.linkedin.com\/company\/suno-research\/\",\"https:\/\/www.youtube.com\/c\/sunoresearch\"]},{\"@type\":\"Person\",\"@id\":\"https:\/\/www.suno.com.br\/noticias\/#\/schema\/person\/918d79de1f0281f01599b93f9ea6e23f\",\"name\":\"Jader Lazarini\",\"image\":{\"@type\":\"ImageObject\",\"inLanguage\":\"pt-BR\",\"@id\":\"https:\/\/www.suno.com.br\/noticias\/#\/schema\/person\/image\/\",\"url\":\"https:\/\/secure.gravatar.com\/avatar\/3c1ad8caa51589841baeb923fcddea97?s=96&r=g\",\"contentUrl\":\"https:\/\/secure.gravatar.com\/avatar\/3c1ad8caa51589841baeb923fcddea97?s=96&r=g\",\"caption\":\"Jader Lazarini\"},\"description\":\"Jader Lazarini escreve sobre investimentos, finan\u00e7as, economia e neg\u00f3cios. \u00c9 bacharel em Rela\u00e7\u00f5es Internacionais e analista CNPI (2619).\",\"url\":\"https:\/\/www.suno.com.br\/noticias\/author\/jader-lazarini\/\"}]}<\/script>\n<!-- \/ Yoast SEO plugin. -->","yoast_head_json":{"title":"S&P 500 amplia queda com cautela do Fed e amea\u00e7a da Covid-19","description":"O S&P 500 futuro estende a baixa de 1,07% no mercado \u00e0 vista na v\u00e9spera e opera em queda na manh\u00e3 desta quinta-feira (19). Saiba mais.","robots":{"index":"index","follow":"follow","max-snippet":"max-snippet:-1","max-image-preview":"max-image-preview:large","max-video-preview":"max-video-preview:-1"},"canonical":"https:\/\/www.suno.com.br\/noticias\/sp-500-nasdaq-queda-estimulo-fed-pandemia-19082021\/","og_locale":"pt_BR","og_type":"article","og_title":"S&P 500 amplia queda com cautela do Fed e amea\u00e7a da Covid-19","og_description":"O S&P 500 futuro estende a baixa de 1,07% no mercado \u00e0 vista na v\u00e9spera e opera em queda na manh\u00e3 desta quinta-feira (19). Saiba mais.","og_url":"https:\/\/www.suno.com.br\/noticias\/sp-500-nasdaq-queda-estimulo-fed-pandemia-19082021\/","og_site_name":"Suno Not\u00edcias","article_publisher":"https:\/\/facebook.com\/sunoresearch","og_image":[{"width":1280,"height":853,"url":"https:\/\/files.sunoresearch.com.br\/n\/uploads\/2021\/07\/29045bd8-pexels-karolina-grabowska-4386396.jpg","type":"image\/jpeg"}],"author":"Jader Lazarini","twitter_card":"summary_large_image","twitter_creator":"@sunoresearch","twitter_site":"@sunoresearch","twitter_misc":{"Escrito por":"Jader Lazarini","Est. tempo de leitura":"2 minutos"},"schema":{"@context":"https:\/\/schema.org","@graph":[{"@type":"NewsArticle","@id":"https:\/\/www.suno.com.br\/noticias\/sp-500-nasdaq-queda-estimulo-fed-pandemia-19082021\/#article","isPartOf":{"@id":"https:\/\/www.suno.com.br\/noticias\/sp-500-nasdaq-queda-estimulo-fed-pandemia-19082021\/"},"author":{"name":"Jader Lazarini","@id":"https:\/\/www.suno.com.br\/noticias\/#\/schema\/person\/918d79de1f0281f01599b93f9ea6e23f"},"headline":"S&#038;P 500 amplia queda com cautela do Fed e amea\u00e7a da Covid-19","datePublished":"2021-08-19T11:54:47+00:00","mainEntityOfPage":{"@id":"https:\/\/www.suno.com.br\/noticias\/sp-500-nasdaq-queda-estimulo-fed-pandemia-19082021\/"},"wordCount":478,"publisher":{"@id":"https:\/\/www.suno.com.br\/noticias\/#organization"},"image":{"@id":"https:\/\/www.suno.com.br\/noticias\/sp-500-nasdaq-queda-estimulo-fed-pandemia-19082021\/#primaryimage"},"thumbnailUrl":"https:\/\/files.sunoresearch.com.br\/n\/uploads\/2021\/07\/29045bd8-pexels-karolina-grabowska-4386396.jpg","keywords":["Economia","Especialistas","Federal Reserve (FED)","Nasdaq","pandemia","Petr\u00f3leo","S&amp;P 500"],"articleSection":["Mercado"],"inLanguage":"pt-BR"},{"@type":"WebPage","@id":"https:\/\/www.suno.com.br\/noticias\/sp-500-nasdaq-queda-estimulo-fed-pandemia-19082021\/","url":"https:\/\/www.suno.com.br\/noticias\/sp-500-nasdaq-queda-estimulo-fed-pandemia-19082021\/","name":"S&P 500 amplia queda com cautela do Fed e amea\u00e7a da Covid-19","isPartOf":{"@id":"https:\/\/www.suno.com.br\/noticias\/#website"},"primaryImageOfPage":{"@id":"https:\/\/www.suno.com.br\/noticias\/sp-500-nasdaq-queda-estimulo-fed-pandemia-19082021\/#primaryimage"},"image":{"@id":"https:\/\/www.suno.com.br\/noticias\/sp-500-nasdaq-queda-estimulo-fed-pandemia-19082021\/#primaryimage"},"thumbnailUrl":"https:\/\/files.sunoresearch.com.br\/n\/uploads\/2021\/07\/29045bd8-pexels-karolina-grabowska-4386396.jpg","datePublished":"2021-08-19T11:54:47+00:00","description":"O S&P 500 futuro estende a baixa de 1,07% no mercado \u00e0 vista na v\u00e9spera e opera em queda na manh\u00e3 desta quinta-feira (19). Saiba mais.","breadcrumb":{"@id":"https:\/\/www.suno.com.br\/noticias\/sp-500-nasdaq-queda-estimulo-fed-pandemia-19082021\/#breadcrumb"},"inLanguage":"pt-BR","potentialAction":[{"@type":"ReadAction","target":["https:\/\/www.suno.com.br\/noticias\/sp-500-nasdaq-queda-estimulo-fed-pandemia-19082021\/"]}]},{"@type":"ImageObject","inLanguage":"pt-BR","@id":"https:\/\/www.suno.com.br\/noticias\/sp-500-nasdaq-queda-estimulo-fed-pandemia-19082021\/#primaryimage","url":"https:\/\/files.sunoresearch.com.br\/n\/uploads\/2021\/07\/29045bd8-pexels-karolina-grabowska-4386396.jpg","contentUrl":"https:\/\/files.sunoresearch.com.br\/n\/uploads\/2021\/07\/29045bd8-pexels-karolina-grabowska-4386396.jpg","width":1280,"height":853,"caption":"Suno Global FIC FIA: fundo obt\u00e9m retornos acima do S&P 500 - Foto: Karolina Grabowska, por Pexels."},{"@type":"BreadcrumbList","@id":"https:\/\/www.suno.com.br\/noticias\/sp-500-nasdaq-queda-estimulo-fed-pandemia-19082021\/#breadcrumb","itemListElement":[{"@type":"ListItem","position":1,"name":"Not\u00edcias","item":"https:\/\/www.suno.com.br\/noticias\/"},{"@type":"ListItem","position":2,"name":"Mercado","item":"https:\/\/www.suno.com.br\/noticias\/mercado\/"},{"@type":"ListItem","position":3,"name":"S&#038;P 500 amplia queda com cautela do Fed e amea\u00e7a da Covid-19"}]},{"@type":"WebSite","@id":"https:\/\/www.suno.com.br\/noticias\/#website","url":"https:\/\/www.suno.com.br\/noticias\/","name":"Suno Not\u00edcias","description":"Seu portal de informa\u00e7\u00e3o sobre o mundo dos investimentos","publisher":{"@id":"https:\/\/www.suno.com.br\/noticias\/#organization"},"potentialAction":[{"@type":"SearchAction","target":{"@type":"EntryPoint","urlTemplate":"https:\/\/www.suno.com.br\/noticias\/?s={search_term_string}"},"query-input":{"@type":"PropertyValueSpecification","valueRequired":true,"valueName":"search_term_string"}}],"inLanguage":"pt-BR"},{"@type":"Organization","@id":"https:\/\/www.suno.com.br\/noticias\/#organization","name":"Suno Not\u00edcias","url":"https:\/\/www.suno.com.br\/noticias\/","logo":{"@type":"ImageObject","inLanguage":"pt-BR","@id":"https:\/\/www.suno.com.br\/noticias\/#\/schema\/logo\/image\/","url":"https:\/\/files.sunoresearch.com.br\/n\/uploads\/2021\/09\/suno-logo.png","contentUrl":"https:\/\/files.sunoresearch.com.br\/n\/uploads\/2021\/09\/suno-logo.png","width":180,"height":180,"caption":"Suno Not\u00edcias"},"image":{"@id":"https:\/\/www.suno.com.br\/noticias\/#\/schema\/logo\/image\/"},"sameAs":["https:\/\/facebook.com\/sunoresearch","https:\/\/x.com\/sunoresearch","https:\/\/www.instagram.com\/suno","https:\/\/www.linkedin.com\/company\/suno-research\/","https:\/\/www.youtube.com\/c\/sunoresearch"]},{"@type":"Person","@id":"https:\/\/www.suno.com.br\/noticias\/#\/schema\/person\/918d79de1f0281f01599b93f9ea6e23f","name":"Jader Lazarini","image":{"@type":"ImageObject","inLanguage":"pt-BR","@id":"https:\/\/www.suno.com.br\/noticias\/#\/schema\/person\/image\/","url":"https:\/\/secure.gravatar.com\/avatar\/3c1ad8caa51589841baeb923fcddea97?s=96&r=g","contentUrl":"https:\/\/secure.gravatar.com\/avatar\/3c1ad8caa51589841baeb923fcddea97?s=96&r=g","caption":"Jader Lazarini"},"description":"Jader Lazarini escreve sobre investimentos, finan\u00e7as, economia e neg\u00f3cios. \u00c9 bacharel em Rela\u00e7\u00f5es Internacionais e analista CNPI (2619).","url":"https:\/\/www.suno.com.br\/noticias\/author\/jader-lazarini\/"}]}},"default_loop_html":"<div class=\"cardsPage__listCard__boxs\"><div class=\"cardsPage__listCard__boxs__img\"><a href=\"https:\/\/www.suno.com.br\/noticias\/preco-frete-maritimo-logistica-comercio\/\"><img class=\"mask\" src=\"https:\/\/www.suno.com.br\/noticias\/wp-content\/themes\/suno\/resources\/images\/spotlight\/spotlight1img\/bg-mask.png\" alt=\"Image Mask\"\/><img src=\"https:\/\/files.sunoresearch.com.br\/n\/uploads\/2021\/08\/0eabc810-container-4675851_1920-400x200.jpg\" alt=\"Pre\u00e7o do frete mar\u00edtimo dispara em &#8216;caos log\u00edstico&#8217; e amea\u00e7a ind\u00fastria\"\/><\/a><span class=\"spotlightCategory\"><a href=\"https:\/\/www.suno.com.br\/noticias\/internacional\/\">Internacional<\/a><\/span><\/div><div class=\"cardsPage__listCard__boxs__content\"><a href=\"https:\/\/www.suno.com.br\/noticias\/preco-frete-maritimo-logistica-comercio\/\"><h2 class=\"content__title\">Pre\u00e7o do frete mar\u00edtimo dispara em &#8216;caos log\u00edstico&#8217; e amea\u00e7a ind\u00fastria<\/h2><\/a><div class=\"newsContent__article__meta\"><div class=\"newsContent__article__meta__authorBox\"><a href=\"https:\/\/www.suno.com.br\/noticias\/author\/jader-lazarini\/\" class=\"authorBox__avatar noMobi\"><img src=\"https:\/\/files.sunoresearch.com.br\/n\/uploads\/2021\/01\/178e6598-foto-perfil-2-150x150.jpg\" alt=\"Jader Lazarini\"><\/a><div class=\"authorBox__name\"><span>por\n\t\t\t<a href=\"https:\/\/www.suno.com.br\/noticias\/author\/jader-lazarini\/\"><span itemprop=\"author\">Jader Lazarini<\/span><\/a><\/span><time datetime=\"2021-08-18T12:42:52-03:00\" itemprop=\"datePublished\">18\/08\/2021 12:42<\/time><\/div><\/div><\/div><\/div><\/div>","single_layout":"posts","amp_enabled":true,"_links":{"self":[{"href":"https:\/\/www.suno.com.br\/noticias\/wp-json\/wp\/v2\/posts\/176467"}],"collection":[{"href":"https:\/\/www.suno.com.br\/noticias\/wp-json\/wp\/v2\/posts"}],"about":[{"href":"https:\/\/www.suno.com.br\/noticias\/wp-json\/wp\/v2\/types\/post"}],"author":[{"embeddable":true,"href":"https:\/\/www.suno.com.br\/noticias\/wp-json\/wp\/v2\/users\/24"}],"replies":[{"embeddable":true,"href":"https:\/\/www.suno.com.br\/noticias\/wp-json\/wp\/v2\/comments?post=176467"}],"version-history":[{"count":2,"href":"https:\/\/www.suno.com.br\/noticias\/wp-json\/wp\/v2\/posts\/176467\/revisions"}],"predecessor-version":[{"id":176492,"href":"https:\/\/www.suno.com.br\/noticias\/wp-json\/wp\/v2\/posts\/176467\/revisions\/176492"}],"wp:featuredmedia":[{"embeddable":true,"href":"https:\/\/www.suno.com.br\/noticias\/wp-json\/wp\/v2\/media\/165731"}],"wp:attachment":[{"href":"https:\/\/www.suno.com.br\/noticias\/wp-json\/wp\/v2\/media?parent=176467"}],"wp:term":[{"taxonomy":"category","embeddable":true,"href":"https:\/\/www.suno.com.br\/noticias\/wp-json\/wp\/v2\/categories?post=176467"},{"taxonomy":"post_tag","embeddable":true,"href":"https:\/\/www.suno.com.br\/noticias\/wp-json\/wp\/v2\/tags?post=176467"},{"taxonomy":"suno_strategy","embeddable":true,"href":"https:\/\/www.suno.com.br\/noticias\/wp-json\/wp\/v2\/suno_strategy?post=176467"}],"curies":[{"name":"wp","href":"https:\/\/api.w.org\/{rel}","templated":true}]}}