{"id":17631,"date":"2019-03-11T15:50:15","date_gmt":"2019-03-11T18:50:15","guid":{"rendered":"https:\/\/www.suno.com.br\/noticias\/?p=17631"},"modified":"2019-03-11T15:50:15","modified_gmt":"2019-03-11T18:50:15","slug":"pgr-criminalizar-nao-recolhimento-icms","status":"publish","type":"post","link":"https:\/\/www.suno.com.br\/noticias\/pgr-criminalizar-nao-recolhimento-icms\/","title":{"rendered":"PGR quer criminalizar o n\u00e3o recolhimento do ICMS cobrado de clientes"},"content":{"rendered":"<p>A Procuradoria-Geral da Rep\u00fablica (PGR) enviou nesta segunda (11) uma manifesta\u00e7\u00e3o ao Supremo Tribunal Federal (STF) na qual defende tornar crime o n\u00e3o recolhimento do <a href=\"https:\/\/www.suno.com.br\/artigos\/icms\/\">Imposto Sobre Circula\u00e7\u00e3o de Mercadorias e Servi\u00e7os<\/a> (ICMS) na data correta.<\/p>\t<div class=\"wrapper-featured-image\">\n\t\t<figure class=\"spotlightImg\">\n\n\t\t\t<picture>\n\t\t\t\t<source media=\"(max-width: 768px)\" srcset=\"https:\/\/files.sunoresearch.com.br\/n\/uploads\/2019\/01\/7793f8c5-vale-400x200.webp\">\n\t\t\t\t<img loading=\"lazy\" decoding=\"async\" class=\"newsContent__article__imgCapa lazyloadDisabled newsContent__article__imgCapa--noCaption\" src=\"https:\/\/files.sunoresearch.com.br\/n\/uploads\/2019\/01\/7793f8c5-vale-800x450.webp\" width=\"800\" height=\"450\" alt=\"PGR quer criminalizar o n\u00e3o recolhimento do ICMS cobrado de clientes\" fetchpriority=high \/>\n\t\t\t<\/picture>\n\n\t\t\t<figcaption class=\"wp-caption-text wp-caption-text--hide\">A procuradora-geral da Rep\u00fablica, Raquel Dodge. (Ag\u00eancia Brasil)<\/figcaption>\n\t\t<\/figure>\n\t<\/div>\n\n\n<p>A pr\u00e1tica \u00e9 considerada atualmente apenas <strong>inadimpl\u00eancia fiscal.<\/strong> Ou seja, n\u00e3o acarreta <strong>condena\u00e7\u00f5es<\/strong> na esfera <strong>penal.<\/strong> Caso o pedido da <strong>PGR<\/strong> prossiga e o ato for <strong>criminalizado,<\/strong> n\u00e3o pagadores do <strong>ICMS<\/strong> poder\u00e3o ser <strong>condenados<\/strong> de seis meses a dois anos de pris\u00e3o, fora a multa.<\/p>\n<p><a href=\"https:\/\/www.suno.com.br\/noticias\/sergio-moro-policia-federal-coaf\/\">Saiba mais: Moro nomeia ex-delegada da Pol\u00edcia Federal como conselheira no Coaf<\/a><\/p>\n<p>Isto \u00e9, se o <strong>comerciante repassar<\/strong> o <strong>pre\u00e7o<\/strong> do <strong>ICMS<\/strong> ao <strong>consumidor,<\/strong> declar\u00e1-lo no <strong>Imposto de Renda<\/strong>, mas n\u00e3o recolher o dinheiro aos <strong>cofres p\u00fablicos,<\/strong> ele pode ser <strong>condenado penalmente.<\/strong><\/p>\n<p>A tese jur\u00eddica vai ser defendida pelo <a href=\"http:\/\/www.mpf.mp.br\/\"><strong>Minist\u00e9rio P\u00fablico Federal (MPF)<\/strong><\/a> em audi\u00eancia p\u00fablica nesta segunda. O entendimento foi enviado pela procuradora-geral da Rep\u00fablica, <strong>Raquel Dodge,<\/strong> ao ministro <strong>Lu\u00eds Roberto Barroso,<\/strong> que \u00e9 relator de um recurso de habeas corpus impetrado por duas pessoas que tentam reverter sua <strong>condena\u00e7\u00e3o<\/strong> pela pr\u00e1tica.<\/p>\n<p><a href=\"https:\/\/www.suno.com.br\/noticias\/envio-declaracao-ir-imposto-renda-madrugada\/\">Saiba mais: Envio da declara\u00e7\u00e3o do IR n\u00e3o estar\u00e1 dispon\u00edvel de madrugada<\/a><\/p>\n<p>Na manifesta\u00e7\u00e3o, <strong>Dodge<\/strong> rebate as alega\u00e7\u00f5es da defesa, argumentando que a <strong>legisla\u00e7\u00e3o<\/strong> prev\u00ea que a caracteriza\u00e7\u00e3o do <strong>crime<\/strong> se d\u00e1 &#8220;com a mera conduta do agente de receber o valor do contribuinte de fato e <strong>n\u00e3o repassar ao fisco<\/strong>&#8220;, n\u00e3o sendo exigido qualquer meio fraudulento burlar a lei. &#8220;Basta o reconhecimento do valor do contribuinte de fato e o seu <strong>n\u00e3o recolhimento<\/strong> aos cofres p\u00fablicos no prazo legal&#8221;, diz a <strong>PGR.<\/strong><\/p>\n<p><a href=\"https:\/\/www.suno.com.br\/noticias\/ir-campos-imoveis-veiculos-obrigatorios\/\">Saiba mais: IR: Campos adicionais sobre im\u00f3veis e ve\u00edculos podem se tornar obrigat\u00f3rios<\/a><\/p>\n<p><strong>Raquel Dodge<\/strong> tamb\u00e9m afirma que a pr\u00e1tica de cobrar o valor do <strong>ICMS<\/strong> do consumidor e n\u00e3o repass\u00e1-lo aos <strong>cofres p\u00fablicos<\/strong> se assemelha ao crime de <strong>apropria\u00e7\u00e3o ind\u00e9bita.<\/strong> &#8220;N\u00e3o h\u00e1 puni\u00e7\u00e3o pela mera inadimpl\u00eancia porque n\u00e3o se tem, na hip\u00f3tese, simples inadimpl\u00eancia, mas conduta dolosa do agente que cobra do <strong>contribuinte<\/strong> de fato o valor do <strong>tributo,<\/strong> inserindo-o no pre\u00e7o do <strong>produto<\/strong> ou <strong>servi\u00e7o,<\/strong> e se apropria do respectivo valor, sabendo que n\u00e3o lhe pertence, mas ao Estado\u201d, diz ela.<\/p>\n","protected":false},"excerpt":{"rendered":"<p>A Procuradoria-Geral da Rep\u00fablica (PGR) enviou nesta segunda (11) uma manifesta\u00e7\u00e3o ao Supremo Tribunal Federal (STF) na qual defende tornar crime o n\u00e3o recolhimento do Imposto Sobre Circula\u00e7\u00e3o de Mercadorias e Servi\u00e7os (ICMS) na data correta. A procuradora-geral da Rep\u00fablica, Raquel Dodge. (Ag\u00eancia Brasil) A pr\u00e1tica \u00e9 considerada atualmente apenas inadimpl\u00eancia fiscal. Ou seja, n\u00e3o [&hellip;]<\/p>\n","protected":false},"author":13,"featured_media":13137,"comment_status":"closed","ping_status":"closed","sticky":false,"template":"","format":"standard","meta":[],"categories":[61],"tags":[1086,704,1229,847,785],"suno_strategy":[],"class_list":["post-17631","post","type-post","status-publish","format-standard","has-post-thumbnail","hentry","category-politica","tag-icms","tag-impostos","tag-procuradoria-geral-republica-pgr","tag-receita-federal","tag-supremo-tribunal-federal-stf"],"yoast_head":"<!-- This site is optimized with the Yoast SEO plugin v24.4 - https:\/\/yoast.com\/wordpress\/plugins\/seo\/ -->\n<title>PGR quer criminalizar o n\u00e3o recolhimento do ICMS cobrado de clientes<\/title>\n<meta name=\"description\" content=\"A PGR enviou uma manifesta\u00e7\u00e3o ao STF pedindo a criminaliza\u00e7\u00e3o do n\u00e3o recolhimento do ICMS ap\u00f3s cobr\u00e1-lo dos clientes. Clique e saiba mais.\" \/>\n<meta name=\"robots\" content=\"index, follow, max-snippet:-1, max-image-preview:large, max-video-preview:-1\" \/>\n<link rel=\"canonical\" href=\"https:\/\/www.suno.com.br\/noticias\/pgr-criminalizar-nao-recolhimento-icms\/\" \/>\n<meta property=\"og:locale\" content=\"pt_BR\" \/>\n<meta property=\"og:type\" content=\"article\" \/>\n<meta property=\"og:title\" content=\"PGR quer criminalizar o n\u00e3o recolhimento do ICMS cobrado de clientes\" \/>\n<meta property=\"og:description\" content=\"A PGR enviou uma manifesta\u00e7\u00e3o ao STF pedindo a criminaliza\u00e7\u00e3o do n\u00e3o recolhimento do ICMS ap\u00f3s cobr\u00e1-lo dos clientes. Clique e saiba mais.\" \/>\n<meta property=\"og:url\" content=\"https:\/\/www.suno.com.br\/noticias\/pgr-criminalizar-nao-recolhimento-icms\/\" \/>\n<meta property=\"og:site_name\" content=\"Suno Not\u00edcias\" \/>\n<meta property=\"article:publisher\" content=\"https:\/\/facebook.com\/sunoresearch\" \/>\n<meta property=\"og:image\" content=\"https:\/\/files.sunoresearch.com.br\/n\/uploads\/2019\/01\/7793f8c5-vale.jpg\" \/>\n\t<meta property=\"og:image:width\" content=\"1140\" \/>\n\t<meta property=\"og:image:height\" content=\"760\" \/>\n\t<meta property=\"og:image:type\" content=\"image\/jpeg\" \/>\n<meta name=\"author\" content=\"Guilherme Caetano\" \/>\n<meta name=\"twitter:card\" content=\"summary_large_image\" \/>\n<meta name=\"twitter:creator\" content=\"@sunoresearch\" \/>\n<meta name=\"twitter:site\" content=\"@sunoresearch\" \/>\n<meta name=\"twitter:label1\" content=\"Escrito por\" \/>\n\t<meta name=\"twitter:data1\" content=\"Guilherme Caetano\" \/>\n\t<meta name=\"twitter:label2\" content=\"Est. tempo de leitura\" \/>\n\t<meta name=\"twitter:data2\" content=\"2 minutos\" \/>\n<script type=\"application\/ld+json\" class=\"yoast-schema-graph\">{\"@context\":\"https:\/\/schema.org\",\"@graph\":[{\"@type\":\"NewsArticle\",\"@id\":\"https:\/\/www.suno.com.br\/noticias\/pgr-criminalizar-nao-recolhimento-icms\/#article\",\"isPartOf\":{\"@id\":\"https:\/\/www.suno.com.br\/noticias\/pgr-criminalizar-nao-recolhimento-icms\/\"},\"author\":{\"name\":\"Guilherme Caetano\",\"@id\":\"https:\/\/www.suno.com.br\/noticias\/#\/schema\/person\/0d0c9687cd2f600c564f25980c140de9\"},\"headline\":\"PGR quer criminalizar o n\u00e3o recolhimento do ICMS cobrado de clientes\",\"datePublished\":\"2019-03-11T18:50:15+00:00\",\"mainEntityOfPage\":{\"@id\":\"https:\/\/www.suno.com.br\/noticias\/pgr-criminalizar-nao-recolhimento-icms\/\"},\"wordCount\":414,\"publisher\":{\"@id\":\"https:\/\/www.suno.com.br\/noticias\/#organization\"},\"image\":{\"@id\":\"https:\/\/www.suno.com.br\/noticias\/pgr-criminalizar-nao-recolhimento-icms\/#primaryimage\"},\"thumbnailUrl\":\"https:\/\/files.sunoresearch.com.br\/n\/uploads\/2019\/01\/7793f8c5-vale-jpg.webp\",\"keywords\":[\"ICMS\",\"impostos\",\"Procuradoria-Geral da Rep\u00fablica (PGR)\",\"Receita Federal\",\"Supremo Tribunal Federal (STF)\"],\"articleSection\":[\"Pol\u00edtica\"],\"inLanguage\":\"pt-BR\"},{\"@type\":\"WebPage\",\"@id\":\"https:\/\/www.suno.com.br\/noticias\/pgr-criminalizar-nao-recolhimento-icms\/\",\"url\":\"https:\/\/www.suno.com.br\/noticias\/pgr-criminalizar-nao-recolhimento-icms\/\",\"name\":\"PGR quer criminalizar o n\u00e3o recolhimento do ICMS cobrado de clientes\",\"isPartOf\":{\"@id\":\"https:\/\/www.suno.com.br\/noticias\/#website\"},\"primaryImageOfPage\":{\"@id\":\"https:\/\/www.suno.com.br\/noticias\/pgr-criminalizar-nao-recolhimento-icms\/#primaryimage\"},\"image\":{\"@id\":\"https:\/\/www.suno.com.br\/noticias\/pgr-criminalizar-nao-recolhimento-icms\/#primaryimage\"},\"thumbnailUrl\":\"https:\/\/files.sunoresearch.com.br\/n\/uploads\/2019\/01\/7793f8c5-vale-jpg.webp\",\"datePublished\":\"2019-03-11T18:50:15+00:00\",\"description\":\"A PGR enviou uma manifesta\u00e7\u00e3o ao STF pedindo a criminaliza\u00e7\u00e3o do n\u00e3o recolhimento do ICMS ap\u00f3s cobr\u00e1-lo dos clientes. Clique e saiba mais.\",\"breadcrumb\":{\"@id\":\"https:\/\/www.suno.com.br\/noticias\/pgr-criminalizar-nao-recolhimento-icms\/#breadcrumb\"},\"inLanguage\":\"pt-BR\",\"potentialAction\":[{\"@type\":\"ReadAction\",\"target\":[\"https:\/\/www.suno.com.br\/noticias\/pgr-criminalizar-nao-recolhimento-icms\/\"]}]},{\"@type\":\"ImageObject\",\"inLanguage\":\"pt-BR\",\"@id\":\"https:\/\/www.suno.com.br\/noticias\/pgr-criminalizar-nao-recolhimento-icms\/#primaryimage\",\"url\":\"https:\/\/files.sunoresearch.com.br\/n\/uploads\/2019\/01\/7793f8c5-vale-jpg.webp\",\"contentUrl\":\"https:\/\/files.sunoresearch.com.br\/n\/uploads\/2019\/01\/7793f8c5-vale-jpg.webp\",\"width\":1140,\"height\":760,\"caption\":\"A procuradora-geral da Rep\u00fablica, Raquel Dodge. (Ag\u00eancia Brasil)\"},{\"@type\":\"BreadcrumbList\",\"@id\":\"https:\/\/www.suno.com.br\/noticias\/pgr-criminalizar-nao-recolhimento-icms\/#breadcrumb\",\"itemListElement\":[{\"@type\":\"ListItem\",\"position\":1,\"name\":\"Not\u00edcias\",\"item\":\"https:\/\/www.suno.com.br\/noticias\/\"},{\"@type\":\"ListItem\",\"position\":2,\"name\":\"Pol\u00edtica\",\"item\":\"https:\/\/www.suno.com.br\/noticias\/politica\/\"},{\"@type\":\"ListItem\",\"position\":3,\"name\":\"PGR quer criminalizar o n\u00e3o recolhimento do ICMS cobrado de clientes\"}]},{\"@type\":\"WebSite\",\"@id\":\"https:\/\/www.suno.com.br\/noticias\/#website\",\"url\":\"https:\/\/www.suno.com.br\/noticias\/\",\"name\":\"Suno Not\u00edcias\",\"description\":\"Seu portal de informa\u00e7\u00e3o sobre o mundo dos investimentos\",\"publisher\":{\"@id\":\"https:\/\/www.suno.com.br\/noticias\/#organization\"},\"potentialAction\":[{\"@type\":\"SearchAction\",\"target\":{\"@type\":\"EntryPoint\",\"urlTemplate\":\"https:\/\/www.suno.com.br\/noticias\/?s={search_term_string}\"},\"query-input\":{\"@type\":\"PropertyValueSpecification\",\"valueRequired\":true,\"valueName\":\"search_term_string\"}}],\"inLanguage\":\"pt-BR\"},{\"@type\":\"Organization\",\"@id\":\"https:\/\/www.suno.com.br\/noticias\/#organization\",\"name\":\"Suno Not\u00edcias\",\"url\":\"https:\/\/www.suno.com.br\/noticias\/\",\"logo\":{\"@type\":\"ImageObject\",\"inLanguage\":\"pt-BR\",\"@id\":\"https:\/\/www.suno.com.br\/noticias\/#\/schema\/logo\/image\/\",\"url\":\"https:\/\/files.sunoresearch.com.br\/n\/uploads\/2021\/09\/suno-logo.png\",\"contentUrl\":\"https:\/\/files.sunoresearch.com.br\/n\/uploads\/2021\/09\/suno-logo.png\",\"width\":180,\"height\":180,\"caption\":\"Suno Not\u00edcias\"},\"image\":{\"@id\":\"https:\/\/www.suno.com.br\/noticias\/#\/schema\/logo\/image\/\"},\"sameAs\":[\"https:\/\/facebook.com\/sunoresearch\",\"https:\/\/x.com\/sunoresearch\",\"https:\/\/www.instagram.com\/suno\",\"https:\/\/www.linkedin.com\/company\/suno-research\/\",\"https:\/\/www.youtube.com\/c\/sunoresearch\"]},{\"@type\":\"Person\",\"@id\":\"https:\/\/www.suno.com.br\/noticias\/#\/schema\/person\/0d0c9687cd2f600c564f25980c140de9\",\"name\":\"Guilherme Caetano\",\"image\":{\"@type\":\"ImageObject\",\"inLanguage\":\"pt-BR\",\"@id\":\"https:\/\/www.suno.com.br\/noticias\/#\/schema\/person\/image\/\",\"url\":\"https:\/\/secure.gravatar.com\/avatar\/e48357351a01702a0d19307070e081bf?s=96&r=g\",\"contentUrl\":\"https:\/\/secure.gravatar.com\/avatar\/e48357351a01702a0d19307070e081bf?s=96&r=g\",\"caption\":\"Guilherme Caetano\"},\"description\":\"Formado em jornalismo pela Escola de Comunica\u00e7\u00f5es e Artes da USP, Guilherme Caetano escreve para o portal de not\u00edcias da Suno Research. Passou pelas reda\u00e7\u00f5es da Folha de S.Paulo e da revista \u00c9poca.\",\"url\":\"https:\/\/www.suno.com.br\/noticias\/author\/guilherme-caetano\/\"}]}<\/script>\n<!-- \/ Yoast SEO plugin. -->","yoast_head_json":{"title":"PGR quer criminalizar o n\u00e3o recolhimento do ICMS cobrado de clientes","description":"A PGR enviou uma manifesta\u00e7\u00e3o ao STF pedindo a criminaliza\u00e7\u00e3o do n\u00e3o recolhimento do ICMS ap\u00f3s cobr\u00e1-lo dos clientes. Clique e saiba mais.","robots":{"index":"index","follow":"follow","max-snippet":"max-snippet:-1","max-image-preview":"max-image-preview:large","max-video-preview":"max-video-preview:-1"},"canonical":"https:\/\/www.suno.com.br\/noticias\/pgr-criminalizar-nao-recolhimento-icms\/","og_locale":"pt_BR","og_type":"article","og_title":"PGR quer criminalizar o n\u00e3o recolhimento do ICMS cobrado de clientes","og_description":"A PGR enviou uma manifesta\u00e7\u00e3o ao STF pedindo a criminaliza\u00e7\u00e3o do n\u00e3o recolhimento do ICMS ap\u00f3s cobr\u00e1-lo dos clientes. Clique e saiba mais.","og_url":"https:\/\/www.suno.com.br\/noticias\/pgr-criminalizar-nao-recolhimento-icms\/","og_site_name":"Suno Not\u00edcias","article_publisher":"https:\/\/facebook.com\/sunoresearch","og_image":[{"width":1140,"height":760,"url":"https:\/\/files.sunoresearch.com.br\/n\/uploads\/2019\/01\/7793f8c5-vale.jpg","type":"image\/jpeg"}],"author":"Guilherme Caetano","twitter_card":"summary_large_image","twitter_creator":"@sunoresearch","twitter_site":"@sunoresearch","twitter_misc":{"Escrito por":"Guilherme Caetano","Est. tempo de leitura":"2 minutos"},"schema":{"@context":"https:\/\/schema.org","@graph":[{"@type":"NewsArticle","@id":"https:\/\/www.suno.com.br\/noticias\/pgr-criminalizar-nao-recolhimento-icms\/#article","isPartOf":{"@id":"https:\/\/www.suno.com.br\/noticias\/pgr-criminalizar-nao-recolhimento-icms\/"},"author":{"name":"Guilherme Caetano","@id":"https:\/\/www.suno.com.br\/noticias\/#\/schema\/person\/0d0c9687cd2f600c564f25980c140de9"},"headline":"PGR quer criminalizar o n\u00e3o recolhimento do ICMS cobrado de clientes","datePublished":"2019-03-11T18:50:15+00:00","mainEntityOfPage":{"@id":"https:\/\/www.suno.com.br\/noticias\/pgr-criminalizar-nao-recolhimento-icms\/"},"wordCount":414,"publisher":{"@id":"https:\/\/www.suno.com.br\/noticias\/#organization"},"image":{"@id":"https:\/\/www.suno.com.br\/noticias\/pgr-criminalizar-nao-recolhimento-icms\/#primaryimage"},"thumbnailUrl":"https:\/\/files.sunoresearch.com.br\/n\/uploads\/2019\/01\/7793f8c5-vale-jpg.webp","keywords":["ICMS","impostos","Procuradoria-Geral da Rep\u00fablica (PGR)","Receita Federal","Supremo Tribunal Federal (STF)"],"articleSection":["Pol\u00edtica"],"inLanguage":"pt-BR"},{"@type":"WebPage","@id":"https:\/\/www.suno.com.br\/noticias\/pgr-criminalizar-nao-recolhimento-icms\/","url":"https:\/\/www.suno.com.br\/noticias\/pgr-criminalizar-nao-recolhimento-icms\/","name":"PGR quer criminalizar o n\u00e3o recolhimento do ICMS cobrado de clientes","isPartOf":{"@id":"https:\/\/www.suno.com.br\/noticias\/#website"},"primaryImageOfPage":{"@id":"https:\/\/www.suno.com.br\/noticias\/pgr-criminalizar-nao-recolhimento-icms\/#primaryimage"},"image":{"@id":"https:\/\/www.suno.com.br\/noticias\/pgr-criminalizar-nao-recolhimento-icms\/#primaryimage"},"thumbnailUrl":"https:\/\/files.sunoresearch.com.br\/n\/uploads\/2019\/01\/7793f8c5-vale-jpg.webp","datePublished":"2019-03-11T18:50:15+00:00","description":"A PGR enviou uma manifesta\u00e7\u00e3o ao STF pedindo a criminaliza\u00e7\u00e3o do n\u00e3o recolhimento do ICMS ap\u00f3s cobr\u00e1-lo dos clientes. Clique e saiba mais.","breadcrumb":{"@id":"https:\/\/www.suno.com.br\/noticias\/pgr-criminalizar-nao-recolhimento-icms\/#breadcrumb"},"inLanguage":"pt-BR","potentialAction":[{"@type":"ReadAction","target":["https:\/\/www.suno.com.br\/noticias\/pgr-criminalizar-nao-recolhimento-icms\/"]}]},{"@type":"ImageObject","inLanguage":"pt-BR","@id":"https:\/\/www.suno.com.br\/noticias\/pgr-criminalizar-nao-recolhimento-icms\/#primaryimage","url":"https:\/\/files.sunoresearch.com.br\/n\/uploads\/2019\/01\/7793f8c5-vale-jpg.webp","contentUrl":"https:\/\/files.sunoresearch.com.br\/n\/uploads\/2019\/01\/7793f8c5-vale-jpg.webp","width":1140,"height":760,"caption":"A procuradora-geral da Rep\u00fablica, Raquel Dodge. (Ag\u00eancia Brasil)"},{"@type":"BreadcrumbList","@id":"https:\/\/www.suno.com.br\/noticias\/pgr-criminalizar-nao-recolhimento-icms\/#breadcrumb","itemListElement":[{"@type":"ListItem","position":1,"name":"Not\u00edcias","item":"https:\/\/www.suno.com.br\/noticias\/"},{"@type":"ListItem","position":2,"name":"Pol\u00edtica","item":"https:\/\/www.suno.com.br\/noticias\/politica\/"},{"@type":"ListItem","position":3,"name":"PGR quer criminalizar o n\u00e3o recolhimento do ICMS cobrado de clientes"}]},{"@type":"WebSite","@id":"https:\/\/www.suno.com.br\/noticias\/#website","url":"https:\/\/www.suno.com.br\/noticias\/","name":"Suno Not\u00edcias","description":"Seu portal de informa\u00e7\u00e3o sobre o mundo dos investimentos","publisher":{"@id":"https:\/\/www.suno.com.br\/noticias\/#organization"},"potentialAction":[{"@type":"SearchAction","target":{"@type":"EntryPoint","urlTemplate":"https:\/\/www.suno.com.br\/noticias\/?s={search_term_string}"},"query-input":{"@type":"PropertyValueSpecification","valueRequired":true,"valueName":"search_term_string"}}],"inLanguage":"pt-BR"},{"@type":"Organization","@id":"https:\/\/www.suno.com.br\/noticias\/#organization","name":"Suno Not\u00edcias","url":"https:\/\/www.suno.com.br\/noticias\/","logo":{"@type":"ImageObject","inLanguage":"pt-BR","@id":"https:\/\/www.suno.com.br\/noticias\/#\/schema\/logo\/image\/","url":"https:\/\/files.sunoresearch.com.br\/n\/uploads\/2021\/09\/suno-logo.png","contentUrl":"https:\/\/files.sunoresearch.com.br\/n\/uploads\/2021\/09\/suno-logo.png","width":180,"height":180,"caption":"Suno Not\u00edcias"},"image":{"@id":"https:\/\/www.suno.com.br\/noticias\/#\/schema\/logo\/image\/"},"sameAs":["https:\/\/facebook.com\/sunoresearch","https:\/\/x.com\/sunoresearch","https:\/\/www.instagram.com\/suno","https:\/\/www.linkedin.com\/company\/suno-research\/","https:\/\/www.youtube.com\/c\/sunoresearch"]},{"@type":"Person","@id":"https:\/\/www.suno.com.br\/noticias\/#\/schema\/person\/0d0c9687cd2f600c564f25980c140de9","name":"Guilherme Caetano","image":{"@type":"ImageObject","inLanguage":"pt-BR","@id":"https:\/\/www.suno.com.br\/noticias\/#\/schema\/person\/image\/","url":"https:\/\/secure.gravatar.com\/avatar\/e48357351a01702a0d19307070e081bf?s=96&r=g","contentUrl":"https:\/\/secure.gravatar.com\/avatar\/e48357351a01702a0d19307070e081bf?s=96&r=g","caption":"Guilherme Caetano"},"description":"Formado em jornalismo pela Escola de Comunica\u00e7\u00f5es e Artes da USP, Guilherme Caetano escreve para o portal de not\u00edcias da Suno Research. Passou pelas reda\u00e7\u00f5es da Folha de S.Paulo e da revista \u00c9poca.","url":"https:\/\/www.suno.com.br\/noticias\/author\/guilherme-caetano\/"}]}},"default_loop_html":"<div class=\"cardsPage__listCard__boxs\"><div class=\"cardsPage__listCard__boxs__img\"><a href=\"https:\/\/www.suno.com.br\/noticias\/pgr-criminalizar-nao-recolhimento-icms\/\"><img class=\"mask\" src=\"https:\/\/www.suno.com.br\/noticias\/wp-content\/themes\/suno\/resources\/images\/spotlight\/spotlight1img\/bg-mask.png\" alt=\"Image Mask\"\/><img src=\"https:\/\/files.sunoresearch.com.br\/n\/uploads\/2019\/01\/7793f8c5-vale-400x200.webp\" alt=\"PGR quer criminalizar o n\u00e3o recolhimento do ICMS cobrado de clientes\"\/><\/a><span class=\"spotlightCategory\"><a href=\"https:\/\/www.suno.com.br\/noticias\/politica\/\">Pol\u00edtica<\/a><\/span><\/div><div class=\"cardsPage__listCard__boxs__content\"><a href=\"https:\/\/www.suno.com.br\/noticias\/pgr-criminalizar-nao-recolhimento-icms\/\"><h2 class=\"content__title\">PGR quer criminalizar o n\u00e3o recolhimento do ICMS cobrado de clientes<\/h2><\/a><div class=\"newsContent__article__meta\"><div class=\"newsContent__article__meta__authorBox\"><a href=\"https:\/\/www.suno.com.br\/noticias\/author\/guilherme-caetano\/\" class=\"authorBox__avatar noMobi\"><img src=\"https:\/\/secure.gravatar.com\/avatar\/e48357351a01702a0d19307070e081bf?s=96&#038;r=g\" alt=\"Guilherme Caetano\"><\/a><div class=\"authorBox__name\"><span>por\n\t\t\t<a href=\"https:\/\/www.suno.com.br\/noticias\/author\/guilherme-caetano\/\"><span itemprop=\"author\">Guilherme Caetano<\/span><\/a><\/span><time datetime=\"2019-03-11T15:50:15-03:00\" itemprop=\"datePublished\">11\/03\/2019 15:50<\/time><\/div><\/div><\/div><\/div><\/div>","single_layout":"posts","amp_enabled":true,"_links":{"self":[{"href":"https:\/\/www.suno.com.br\/noticias\/wp-json\/wp\/v2\/posts\/17631"}],"collection":[{"href":"https:\/\/www.suno.com.br\/noticias\/wp-json\/wp\/v2\/posts"}],"about":[{"href":"https:\/\/www.suno.com.br\/noticias\/wp-json\/wp\/v2\/types\/post"}],"author":[{"embeddable":true,"href":"https:\/\/www.suno.com.br\/noticias\/wp-json\/wp\/v2\/users\/13"}],"replies":[{"embeddable":true,"href":"https:\/\/www.suno.com.br\/noticias\/wp-json\/wp\/v2\/comments?post=17631"}],"version-history":[{"count":0,"href":"https:\/\/www.suno.com.br\/noticias\/wp-json\/wp\/v2\/posts\/17631\/revisions"}],"wp:featuredmedia":[{"embeddable":true,"href":"https:\/\/www.suno.com.br\/noticias\/wp-json\/wp\/v2\/media\/13137"}],"wp:attachment":[{"href":"https:\/\/www.suno.com.br\/noticias\/wp-json\/wp\/v2\/media?parent=17631"}],"wp:term":[{"taxonomy":"category","embeddable":true,"href":"https:\/\/www.suno.com.br\/noticias\/wp-json\/wp\/v2\/categories?post=17631"},{"taxonomy":"post_tag","embeddable":true,"href":"https:\/\/www.suno.com.br\/noticias\/wp-json\/wp\/v2\/tags?post=17631"},{"taxonomy":"suno_strategy","embeddable":true,"href":"https:\/\/www.suno.com.br\/noticias\/wp-json\/wp\/v2\/suno_strategy?post=17631"}],"curies":[{"name":"wp","href":"https:\/\/api.w.org\/{rel}","templated":true}]}}