{"id":176255,"date":"2021-08-18T20:21:52","date_gmt":"2021-08-18T23:21:52","guid":{"rendered":"https:\/\/www.suno.com.br\/noticias\/?p=176255"},"modified":"2021-08-18T20:21:52","modified_gmt":"2021-08-18T23:21:52","slug":"paulo-guedes-desistiu-palacio-capanema-vender-leilao-rj","status":"publish","type":"post","link":"https:\/\/www.suno.com.br\/noticias\/paulo-guedes-desistiu-palacio-capanema-vender-leilao-rj\/","title":{"rendered":"Guedes desistiu de vender Pal\u00e1cio Capanema em leil\u00e3o, dizem governador e presidente da Assembleia do RJ"},"content":{"rendered":"<p>Na venda de im\u00f3veis anunciada pelo governo federal, o ministro da Economia, <strong>Paulo Guedes<\/strong>, <a href=\"https:\/\/www.suno.com.br\/artigos\/paulo-guedes\">n\u00e3o deve incljuir mais o Pal\u00e1cio Capanema<\/a>, segundo o governador Cl\u00e1udio Castro (PL) e o presidente da Assembleia Legislativa do Rio de Janeiro, Andr\u00e9 Ceciliano (PT). Os dois disseram na manh\u00e3 desta quarta (18) que o governo federal teria desistido da ideia.<\/p>\t<div class=\"wrapper-featured-image\">\n\t\t<figure class=\"spotlightImg\">\n\n\t\t\t<picture>\n\t\t\t\t<source media=\"(max-width: 768px)\" srcset=\"https:\/\/files.sunoresearch.com.br\/n\/uploads\/2021\/08\/1a88ba83-cpm-400x200.jpg\">\n\t\t\t\t<img loading=\"lazy\" decoding=\"async\" class=\"newsContent__article__imgCapa lazyloadDisabled \" src=\"https:\/\/files.sunoresearch.com.br\/n\/uploads\/2021\/08\/1a88ba83-cpm-800x450.jpg\" width=\"800\" height=\"450\" alt=\"Guedes desistiu de vender Pal\u00e1cio Capanema em leil\u00e3o, dizem governador e presidente da Assembleia do RJ\" fetchpriority=high \/>\n\t\t\t<\/picture>\n\n\t\t\t<figcaption class=\"wp-caption-text wp-caption-text--show\">O Pal\u00e1cio Gustavo Capanema, cogitado de venda pela equipe de Guedes, teve suas fachadas restauradas - Foto: Ag\u00eancia Brasil<\/figcaption>\n\t\t<\/figure>\n\t<\/div>\n\n\n\t<p>\n\t\t<a href=\"https:\/\/lp.suno.com.br\/planilha-controle-gastos\/\" target=\"_blank\" data-element=\"shortcode-suno-banner\" title=\"Banner SUNO, clique e saiba mais\">\n\t\t\t<picture>\n\t\t\t\t<source media=\"(max-width: 500px)\" srcset=\"https:\/\/files.sunoresearch.com.br\/n\/uploads\/2023\/03\/400x300-Planilha-controle-de-gastos.png\">\n\t\t\t\t<img class=\"newsContent__article__imgCapa newsContent__article__imgCapa--banner\"\n\t\t\t\t\tsrc=\"https:\/\/files.sunoresearch.com.br\/n\/uploads\/2023\/03\/1420x240-Planilha-controle-de-gastos.png\"\n\t\t\t\t\tdata-promo-id=\"101751\"\t\t\t\t\t\t\t\t\t\twidth='1420' height='240'\t\t\t\t\talt=\"https:\/\/files.sunoresearch.com.br\/n\/uploads\/2023\/03\/1420x240-Planilha-controle-de-gastos.png\"\n\t\t\t\t>\n\t\t\t<\/picture>\n\t\t<\/a>\n\t<\/p>\n\n\n<p><a href=\"https:\/\/www.suno.com.br\/artigos\/paulo-guedes\">A inten\u00e7\u00e3o de Guedes de leiloar o pr\u00e9dio para a <strong>iniciativa privada<\/strong><\/a> repercutiu negativamente e mobilizou pessoas e associa\u00e7\u00f5es ligadas \u00e0 Cultura, \u00e0 arquitetura e ao patrim\u00f4nio hist\u00f3rico.<\/p>\n<p>Castro e Ceciliano se reuniram com representantes desses setores para discutir a possibilidade de comprarem o pal\u00e1cio, dividindo os gastos pela metade.<\/p>\n<p>A proposta partiu do petista, incomodado com o que considerou um descaso do carioca Guedes com um dos edif\u00edcios mais importantes da ex-capital federal. S\u00edmbolo da arquitetura moderna brasileira, o Capanema j\u00e1 foi sede dos minist\u00e9rios da Educa\u00e7\u00e3o e da Sa\u00fade.<\/p>\n\n<p>&#8220;A boa not\u00edcia \u00e9 que, segundo interlocutores <a href=\"https:\/\/www.suno.com.br\/noticias\/tags\/governo-federal\/\">do governo do Estado com o governo federal<\/a>, a possibilidade da venda no leil\u00e3o est\u00e1 suspensa. A informa\u00e7\u00e3o \u00e9 de que o ministro Paulo Guedes vai tirar o pal\u00e1cio do leil\u00e3o&#8221;, anunciou Ceciliano ap\u00f3s sair da reuni\u00e3o.<\/p>\n<p>&#8220;\u00c9 fundamental a defesa do patrim\u00f4nio do Estado do Rio, em especial na \u00e1rea de Cultura. O governador est\u00e1 em parceria com a Assembleia para buscar uma solu\u00e7\u00e3o n\u00e3o s\u00f3 para o Capanema, como tamb\u00e9m para outros im\u00f3veis de relev\u00e2ncia cultural para o Rio de Janeiro.&#8221;<\/p>\n\t<p>\n\t\t<a href=\"https:\/\/lp.suno.com.br\/planilha-da-vida-financeira\/\" target=\"_blank\" data-element=\"shortcode-suno-banner\" title=\"Banner SUNO, clique e saiba mais\">\n\t\t\t<picture>\n\t\t\t\t<source media=\"(max-width: 500px)\" srcset=\"https:\/\/files.sunoresearch.com.br\/n\/uploads\/2023\/04\/400x300-Planilha-vida-financeira-true.png\">\n\t\t\t\t<img class=\"newsContent__article__imgCapa newsContent__article__imgCapa--banner\"\n\t\t\t\t\tsrc=\"https:\/\/files.sunoresearch.com.br\/n\/uploads\/2023\/04\/1420x240-Planilha-vida-financeira-true.png\"\n\t\t\t\t\tdata-promo-id=\"106682\"\t\t\t\t\t\t\t\t\t\twidth='1420' height='240'\t\t\t\t\talt=\"https:\/\/files.sunoresearch.com.br\/n\/uploads\/2023\/04\/1420x240-Planilha-vida-financeira-true.png\"\n\t\t\t\t>\n\t\t\t<\/picture>\n\t\t<\/a>\n\t<\/p>\n\n\n<p>Castro aproveitar\u00e1 uma ida a Bras\u00edlia na quinta-feira &#8211; planejada para tratar de outros assuntos &#8211; para abordar o Capanema. Ele disse que acolheu a reivindica\u00e7\u00e3o de Ceciliano de adquirir o pal\u00e1cio caso o governo federal insista em vend\u00ea-lo.<\/p>\n<p>&#8220;N\u00e3o adianta, por ideologia, a gente ou vender tudo ou deixar tudo como est\u00e1. Essa quest\u00e3o do equil\u00edbrio \u00e9 fundamental para darmos destina\u00e7\u00e3o a esses im\u00f3veis&#8221;, apontou.<\/p>\n<h2>Venda cogitada por Guedes gerou rea\u00e7\u00e3o<\/h2>\n<p><a href=\"https:\/\/www.suno.com.br\/noticias\/politica\/\">A concep\u00e7\u00e3o do pal\u00e1cio, feito sob consultoria do franc\u00eas Le Corbusier e inaugurado em 1945<\/a>, reuniu os nomes mais famosos da arquitetura, do paisagismo e da arte brasileira do s\u00e9culo XX.<\/p>\n<p>Assinaram o projeto do pr\u00e9dio de 16 andares os arquitetos Oscar Niemeyer e L\u00facio Costa, entre outros. Os jardins suspensos foram planejados por Burle Marx e os azulejos da fachada s\u00e3o de C\u00e2ndido Portinari.<\/p>\n\t<p>\n\t\t<a href=\"https:\/\/lp.suno.com.br\/ebook-como-analisar-uma-acao\/\" target=\"_blank\" data-element=\"shortcode-suno-banner\" title=\"Banner SUNO, clique e saiba mais\">\n\t\t\t<picture>\n\t\t\t\t<source media=\"(max-width: 500px)\" srcset=\"https:\/\/files.sunoresearch.com.br\/n\/uploads\/2023\/03\/Ebook-Acoes-Mobile-1.jpg\">\n\t\t\t\t<img class=\"newsContent__article__imgCapa newsContent__article__imgCapa--banner\"\n\t\t\t\t\tsrc=\"https:\/\/files.sunoresearch.com.br\/n\/uploads\/2023\/03\/Ebook-Acoes-Desktop-1.jpg\"\n\t\t\t\t\tdata-promo-id=\"171998\"\t\t\t\t\t\t\t\t\t\twidth='1420' height='286'\t\t\t\t\talt=\"https:\/\/files.sunoresearch.com.br\/n\/uploads\/2023\/03\/Ebook-Acoes-Desktop-1.jpg\"\n\t\t\t\t>\n\t\t\t<\/picture>\n\t\t<\/a>\n\t<\/p>\n\n\n<p>Apesar de ainda precisar passar por obras de reparo, o Capanema foi citado por Guedes como um dos mais de 2 mil im\u00f3veis que poderiam entrar num leil\u00e3o. Para fazer caixa, o governo se baseia na lei 14.011, de 2020, que facilita a concess\u00e3o de patrim\u00f4nios da Uni\u00e3o. A rea\u00e7\u00e3o de entidades da arquitetura e da Cultura foi imediata.<\/p>\n<p>Al\u00e9m da import\u00e2ncia hist\u00f3rica, o pal\u00e1cio re\u00fane hoje parte do acervo da Biblioteca Nacional e serve de casa para a Funarte. O contrato da fase atual do restauro do pal\u00e1cio \u00e9 de R$ 57,8 milh\u00f5es e se estende at\u00e9 o fim deste ano, no \u00e2mbito do programa PAC Cidades Hist\u00f3ricas.<\/p>\n<p>Numa carta assinada por dez associa\u00e7\u00f5es a <strong>Guedes<\/strong>, os profissionais da \u00e1rea destacam o reconhecimento mundial do Capanema, esp\u00e9cie de laborat\u00f3rio de ideias do su\u00ed\u00e7o Le Corbusier, o guru supremo da arquitetura modernista. Desse modo, brecaram a possibilidade de uma venda futura em um &#8220;feir\u00e3o&#8221; de im\u00f3veis do Planalto.<\/p>\n<p><em>Com informa\u00e7\u00f5es do Estad\u00e3o Conte\u00fado<\/em><\/p>\n\t<p>\n\t\t<a href=\"https:\/\/lp.suno.com.br\/planilha-de-controle-de-investimentos\/\" target=\"_blank\" data-element=\"shortcode-suno-banner\" title=\"Banner SUNO, clique e saiba mais\">\n\t\t\t<picture>\n\t\t\t\t<source media=\"(max-width: 500px)\" srcset=\"https:\/\/files.sunoresearch.com.br\/n\/uploads\/2023\/03\/400x300-Controle-de-Investimentos.png\">\n\t\t\t\t<img class=\"newsContent__article__imgCapa newsContent__article__imgCapa--banner\"\n\t\t\t\t\tsrc=\"https:\/\/files.sunoresearch.com.br\/n\/uploads\/2023\/03\/1420x240-Controle-de-Investimentos.png\"\n\t\t\t\t\tdata-promo-id=\"75934\"\t\t\t\t\t\t\t\t\t\twidth='1420' height='240'\t\t\t\t\talt=\"https:\/\/files.sunoresearch.com.br\/n\/uploads\/2023\/03\/1420x240-Controle-de-Investimentos.png\"\n\t\t\t\t>\n\t\t\t<\/picture>\n\t\t<\/a>\n\t<\/p>\n\n\n","protected":false},"excerpt":{"rendered":"<p>Na venda de im\u00f3veis anunciada pelo governo federal, o ministro da Economia, Paulo Guedes, n\u00e3o deve incljuir mais o Pal\u00e1cio Capanema, segundo o governador Cl\u00e1udio Castro (PL) e o presidente da Assembleia Legislativa do Rio de Janeiro, Andr\u00e9 Ceciliano (PT). Os dois disseram na manh\u00e3 desta quarta (18) que o governo federal teria desistido da [&hellip;]<\/p>\n","protected":false},"author":73,"featured_media":176276,"comment_status":"closed","ping_status":"closed","sticky":false,"template":"","format":"standard","meta":[],"categories":[61],"tags":[106444,1556,106467,1904,796,802],"suno_strategy":[],"class_list":["post-176255","post","type-post","status-publish","format-standard","has-post-thumbnail","hentry","category-politica","tag-agencias","tag-governo-federal","tag-guedes","tag-mercado-imobiliario","tag-paulo-guedes","tag-rio-de-janeiro"],"yoast_head":"<!-- This site is optimized with the Yoast SEO plugin v24.4 - https:\/\/yoast.com\/wordpress\/plugins\/seo\/ -->\n<title>Guedes desistiu de vender Pal\u00e1cio em leil\u00e3o, segundo autoridades do RJ<\/title>\n<meta name=\"description\" content=\"A repercuss\u00e3o da venda do im\u00f3vel pela equipe de Guedes em um &quot;feir\u00e3o&quot; foi em grande parte, negativa. Clique aqui e leia mais.\" \/>\n<meta name=\"robots\" content=\"index, follow, max-snippet:-1, max-image-preview:large, max-video-preview:-1\" \/>\n<link rel=\"canonical\" href=\"https:\/\/www.suno.com.br\/noticias\/paulo-guedes-desistiu-palacio-capanema-vender-leilao-rj\/\" \/>\n<meta property=\"og:locale\" content=\"pt_BR\" \/>\n<meta property=\"og:type\" content=\"article\" \/>\n<meta property=\"og:title\" content=\"Guedes desistiu de vender Pal\u00e1cio em leil\u00e3o, segundo autoridades do RJ\" \/>\n<meta property=\"og:description\" content=\"A repercuss\u00e3o da venda do im\u00f3vel pela equipe de Guedes em um &quot;feir\u00e3o&quot; foi em grande parte, negativa. Clique aqui e leia mais.\" \/>\n<meta property=\"og:url\" content=\"https:\/\/www.suno.com.br\/noticias\/paulo-guedes-desistiu-palacio-capanema-vender-leilao-rj\/\" \/>\n<meta property=\"og:site_name\" content=\"Suno Not\u00edcias\" \/>\n<meta property=\"article:publisher\" content=\"https:\/\/facebook.com\/sunoresearch\" \/>\n<meta property=\"og:image\" content=\"https:\/\/files.sunoresearch.com.br\/n\/uploads\/2021\/08\/1a88ba83-cpm-scaled.jpg\" \/>\n\t<meta property=\"og:image:width\" content=\"2560\" \/>\n\t<meta property=\"og:image:height\" content=\"1707\" \/>\n\t<meta property=\"og:image:type\" content=\"image\/jpeg\" \/>\n<meta name=\"author\" content=\"Eduardo Vargas\" \/>\n<meta name=\"twitter:card\" content=\"summary_large_image\" \/>\n<meta name=\"twitter:creator\" content=\"@sunoresearch\" \/>\n<meta name=\"twitter:site\" content=\"@sunoresearch\" \/>\n<meta name=\"twitter:label1\" content=\"Escrito por\" \/>\n\t<meta name=\"twitter:data1\" content=\"Eduardo Vargas\" \/>\n\t<meta name=\"twitter:label2\" content=\"Est. tempo de leitura\" \/>\n\t<meta name=\"twitter:data2\" content=\"3 minutos\" \/>\n<script type=\"application\/ld+json\" class=\"yoast-schema-graph\">{\"@context\":\"https:\/\/schema.org\",\"@graph\":[{\"@type\":\"NewsArticle\",\"@id\":\"https:\/\/www.suno.com.br\/noticias\/paulo-guedes-desistiu-palacio-capanema-vender-leilao-rj\/#article\",\"isPartOf\":{\"@id\":\"https:\/\/www.suno.com.br\/noticias\/paulo-guedes-desistiu-palacio-capanema-vender-leilao-rj\/\"},\"author\":{\"name\":\"Eduardo Vargas\",\"@id\":\"https:\/\/www.suno.com.br\/noticias\/#\/schema\/person\/7f4d362bf3518e76090143ae77bb49a5\"},\"headline\":\"Guedes desistiu de vender Pal\u00e1cio Capanema em leil\u00e3o, dizem governador e presidente da Assembleia do RJ\",\"datePublished\":\"2021-08-18T23:21:52+00:00\",\"mainEntityOfPage\":{\"@id\":\"https:\/\/www.suno.com.br\/noticias\/paulo-guedes-desistiu-palacio-capanema-vender-leilao-rj\/\"},\"wordCount\":629,\"publisher\":{\"@id\":\"https:\/\/www.suno.com.br\/noticias\/#organization\"},\"image\":{\"@id\":\"https:\/\/www.suno.com.br\/noticias\/paulo-guedes-desistiu-palacio-capanema-vender-leilao-rj\/#primaryimage\"},\"thumbnailUrl\":\"https:\/\/files.sunoresearch.com.br\/n\/uploads\/2021\/08\/1a88ba83-cpm-scaled.jpg\",\"keywords\":[\"Ag\u00eancias\",\"governo federal\",\"guedes\",\"mercado imobili\u00e1rio\",\"Paulo Guedes\",\"Rio de Janeiro\"],\"articleSection\":[\"Pol\u00edtica\"],\"inLanguage\":\"pt-BR\"},{\"@type\":\"WebPage\",\"@id\":\"https:\/\/www.suno.com.br\/noticias\/paulo-guedes-desistiu-palacio-capanema-vender-leilao-rj\/\",\"url\":\"https:\/\/www.suno.com.br\/noticias\/paulo-guedes-desistiu-palacio-capanema-vender-leilao-rj\/\",\"name\":\"Guedes desistiu de vender Pal\u00e1cio em leil\u00e3o, segundo autoridades do RJ\",\"isPartOf\":{\"@id\":\"https:\/\/www.suno.com.br\/noticias\/#website\"},\"primaryImageOfPage\":{\"@id\":\"https:\/\/www.suno.com.br\/noticias\/paulo-guedes-desistiu-palacio-capanema-vender-leilao-rj\/#primaryimage\"},\"image\":{\"@id\":\"https:\/\/www.suno.com.br\/noticias\/paulo-guedes-desistiu-palacio-capanema-vender-leilao-rj\/#primaryimage\"},\"thumbnailUrl\":\"https:\/\/files.sunoresearch.com.br\/n\/uploads\/2021\/08\/1a88ba83-cpm-scaled.jpg\",\"datePublished\":\"2021-08-18T23:21:52+00:00\",\"description\":\"A repercuss\u00e3o da venda do im\u00f3vel pela equipe de Guedes em um \\\"feir\u00e3o\\\" foi em grande parte, negativa. Clique aqui e leia mais.\",\"breadcrumb\":{\"@id\":\"https:\/\/www.suno.com.br\/noticias\/paulo-guedes-desistiu-palacio-capanema-vender-leilao-rj\/#breadcrumb\"},\"inLanguage\":\"pt-BR\",\"potentialAction\":[{\"@type\":\"ReadAction\",\"target\":[\"https:\/\/www.suno.com.br\/noticias\/paulo-guedes-desistiu-palacio-capanema-vender-leilao-rj\/\"]}]},{\"@type\":\"ImageObject\",\"inLanguage\":\"pt-BR\",\"@id\":\"https:\/\/www.suno.com.br\/noticias\/paulo-guedes-desistiu-palacio-capanema-vender-leilao-rj\/#primaryimage\",\"url\":\"https:\/\/files.sunoresearch.com.br\/n\/uploads\/2021\/08\/1a88ba83-cpm-scaled.jpg\",\"contentUrl\":\"https:\/\/files.sunoresearch.com.br\/n\/uploads\/2021\/08\/1a88ba83-cpm-scaled.jpg\",\"width\":2560,\"height\":1707,\"caption\":\"O Pal\u00e1cio Gustavo Capanema, cogitado de venda pela equipe de Guedes, teve suas fachadas restauradas - Foto: Ag\u00eancia Brasil\"},{\"@type\":\"BreadcrumbList\",\"@id\":\"https:\/\/www.suno.com.br\/noticias\/paulo-guedes-desistiu-palacio-capanema-vender-leilao-rj\/#breadcrumb\",\"itemListElement\":[{\"@type\":\"ListItem\",\"position\":1,\"name\":\"Not\u00edcias\",\"item\":\"https:\/\/www.suno.com.br\/noticias\/\"},{\"@type\":\"ListItem\",\"position\":2,\"name\":\"Pol\u00edtica\",\"item\":\"https:\/\/www.suno.com.br\/noticias\/politica\/\"},{\"@type\":\"ListItem\",\"position\":3,\"name\":\"Guedes desistiu de vender Pal\u00e1cio Capanema em leil\u00e3o, dizem governador e presidente da Assembleia do RJ\"}]},{\"@type\":\"WebSite\",\"@id\":\"https:\/\/www.suno.com.br\/noticias\/#website\",\"url\":\"https:\/\/www.suno.com.br\/noticias\/\",\"name\":\"Suno Not\u00edcias\",\"description\":\"Seu portal de informa\u00e7\u00e3o sobre o mundo dos investimentos\",\"publisher\":{\"@id\":\"https:\/\/www.suno.com.br\/noticias\/#organization\"},\"potentialAction\":[{\"@type\":\"SearchAction\",\"target\":{\"@type\":\"EntryPoint\",\"urlTemplate\":\"https:\/\/www.suno.com.br\/noticias\/?s={search_term_string}\"},\"query-input\":{\"@type\":\"PropertyValueSpecification\",\"valueRequired\":true,\"valueName\":\"search_term_string\"}}],\"inLanguage\":\"pt-BR\"},{\"@type\":\"Organization\",\"@id\":\"https:\/\/www.suno.com.br\/noticias\/#organization\",\"name\":\"Suno Not\u00edcias\",\"url\":\"https:\/\/www.suno.com.br\/noticias\/\",\"logo\":{\"@type\":\"ImageObject\",\"inLanguage\":\"pt-BR\",\"@id\":\"https:\/\/www.suno.com.br\/noticias\/#\/schema\/logo\/image\/\",\"url\":\"https:\/\/files.sunoresearch.com.br\/n\/uploads\/2021\/09\/suno-logo.png\",\"contentUrl\":\"https:\/\/files.sunoresearch.com.br\/n\/uploads\/2021\/09\/suno-logo.png\",\"width\":180,\"height\":180,\"caption\":\"Suno Not\u00edcias\"},\"image\":{\"@id\":\"https:\/\/www.suno.com.br\/noticias\/#\/schema\/logo\/image\/\"},\"sameAs\":[\"https:\/\/facebook.com\/sunoresearch\",\"https:\/\/x.com\/sunoresearch\",\"https:\/\/www.instagram.com\/suno\",\"https:\/\/www.linkedin.com\/company\/suno-research\/\",\"https:\/\/www.youtube.com\/c\/sunoresearch\"]},{\"@type\":\"Person\",\"@id\":\"https:\/\/www.suno.com.br\/noticias\/#\/schema\/person\/7f4d362bf3518e76090143ae77bb49a5\",\"name\":\"Eduardo Vargas\",\"image\":{\"@type\":\"ImageObject\",\"inLanguage\":\"pt-BR\",\"@id\":\"https:\/\/www.suno.com.br\/noticias\/#\/schema\/person\/image\/\",\"url\":\"https:\/\/secure.gravatar.com\/avatar\/dac340933427a22924c9f99d1eb2e3f2?s=96&r=g\",\"contentUrl\":\"https:\/\/secure.gravatar.com\/avatar\/dac340933427a22924c9f99d1eb2e3f2?s=96&r=g\",\"caption\":\"Eduardo Vargas\"},\"description\":\"Jornalista formado pela UFSC, cobre macroeconomia, neg\u00f3cios e startups para o Suno Not\u00edcias, escrevendo principalmente not\u00edcias sobre o mercado financeiro e a bolsa de valores. No YouTube e no Instagram, \u00e9 respons\u00e1vel pela produ\u00e7\u00e3o de Reels e Shorts do Suno Not\u00edcias. Anteriormente, trabalhou cobrindo economia e cotidiano no ND+ e para o ND, maior jornal impresso de Santa Catarina. Cursou um semestre letivo de Estudos de M\u00eddia na Universidad de Buenos Aires.\",\"url\":\"https:\/\/www.suno.com.br\/noticias\/author\/eduardo-vargas\/\"}]}<\/script>\n<!-- \/ Yoast SEO plugin. -->","yoast_head_json":{"title":"Guedes desistiu de vender Pal\u00e1cio em leil\u00e3o, segundo autoridades do RJ","description":"A repercuss\u00e3o da venda do im\u00f3vel pela equipe de Guedes em um \"feir\u00e3o\" foi em grande parte, negativa. Clique aqui e leia mais.","robots":{"index":"index","follow":"follow","max-snippet":"max-snippet:-1","max-image-preview":"max-image-preview:large","max-video-preview":"max-video-preview:-1"},"canonical":"https:\/\/www.suno.com.br\/noticias\/paulo-guedes-desistiu-palacio-capanema-vender-leilao-rj\/","og_locale":"pt_BR","og_type":"article","og_title":"Guedes desistiu de vender Pal\u00e1cio em leil\u00e3o, segundo autoridades do RJ","og_description":"A repercuss\u00e3o da venda do im\u00f3vel pela equipe de Guedes em um \"feir\u00e3o\" foi em grande parte, negativa. Clique aqui e leia mais.","og_url":"https:\/\/www.suno.com.br\/noticias\/paulo-guedes-desistiu-palacio-capanema-vender-leilao-rj\/","og_site_name":"Suno Not\u00edcias","article_publisher":"https:\/\/facebook.com\/sunoresearch","og_image":[{"width":2560,"height":1707,"url":"https:\/\/files.sunoresearch.com.br\/n\/uploads\/2021\/08\/1a88ba83-cpm-scaled.jpg","type":"image\/jpeg"}],"author":"Eduardo Vargas","twitter_card":"summary_large_image","twitter_creator":"@sunoresearch","twitter_site":"@sunoresearch","twitter_misc":{"Escrito por":"Eduardo Vargas","Est. tempo de leitura":"3 minutos"},"schema":{"@context":"https:\/\/schema.org","@graph":[{"@type":"NewsArticle","@id":"https:\/\/www.suno.com.br\/noticias\/paulo-guedes-desistiu-palacio-capanema-vender-leilao-rj\/#article","isPartOf":{"@id":"https:\/\/www.suno.com.br\/noticias\/paulo-guedes-desistiu-palacio-capanema-vender-leilao-rj\/"},"author":{"name":"Eduardo Vargas","@id":"https:\/\/www.suno.com.br\/noticias\/#\/schema\/person\/7f4d362bf3518e76090143ae77bb49a5"},"headline":"Guedes desistiu de vender Pal\u00e1cio Capanema em leil\u00e3o, dizem governador e presidente da Assembleia do RJ","datePublished":"2021-08-18T23:21:52+00:00","mainEntityOfPage":{"@id":"https:\/\/www.suno.com.br\/noticias\/paulo-guedes-desistiu-palacio-capanema-vender-leilao-rj\/"},"wordCount":629,"publisher":{"@id":"https:\/\/www.suno.com.br\/noticias\/#organization"},"image":{"@id":"https:\/\/www.suno.com.br\/noticias\/paulo-guedes-desistiu-palacio-capanema-vender-leilao-rj\/#primaryimage"},"thumbnailUrl":"https:\/\/files.sunoresearch.com.br\/n\/uploads\/2021\/08\/1a88ba83-cpm-scaled.jpg","keywords":["Ag\u00eancias","governo federal","guedes","mercado imobili\u00e1rio","Paulo Guedes","Rio de Janeiro"],"articleSection":["Pol\u00edtica"],"inLanguage":"pt-BR"},{"@type":"WebPage","@id":"https:\/\/www.suno.com.br\/noticias\/paulo-guedes-desistiu-palacio-capanema-vender-leilao-rj\/","url":"https:\/\/www.suno.com.br\/noticias\/paulo-guedes-desistiu-palacio-capanema-vender-leilao-rj\/","name":"Guedes desistiu de vender Pal\u00e1cio em leil\u00e3o, segundo autoridades do RJ","isPartOf":{"@id":"https:\/\/www.suno.com.br\/noticias\/#website"},"primaryImageOfPage":{"@id":"https:\/\/www.suno.com.br\/noticias\/paulo-guedes-desistiu-palacio-capanema-vender-leilao-rj\/#primaryimage"},"image":{"@id":"https:\/\/www.suno.com.br\/noticias\/paulo-guedes-desistiu-palacio-capanema-vender-leilao-rj\/#primaryimage"},"thumbnailUrl":"https:\/\/files.sunoresearch.com.br\/n\/uploads\/2021\/08\/1a88ba83-cpm-scaled.jpg","datePublished":"2021-08-18T23:21:52+00:00","description":"A repercuss\u00e3o da venda do im\u00f3vel pela equipe de Guedes em um \"feir\u00e3o\" foi em grande parte, negativa. Clique aqui e leia mais.","breadcrumb":{"@id":"https:\/\/www.suno.com.br\/noticias\/paulo-guedes-desistiu-palacio-capanema-vender-leilao-rj\/#breadcrumb"},"inLanguage":"pt-BR","potentialAction":[{"@type":"ReadAction","target":["https:\/\/www.suno.com.br\/noticias\/paulo-guedes-desistiu-palacio-capanema-vender-leilao-rj\/"]}]},{"@type":"ImageObject","inLanguage":"pt-BR","@id":"https:\/\/www.suno.com.br\/noticias\/paulo-guedes-desistiu-palacio-capanema-vender-leilao-rj\/#primaryimage","url":"https:\/\/files.sunoresearch.com.br\/n\/uploads\/2021\/08\/1a88ba83-cpm-scaled.jpg","contentUrl":"https:\/\/files.sunoresearch.com.br\/n\/uploads\/2021\/08\/1a88ba83-cpm-scaled.jpg","width":2560,"height":1707,"caption":"O Pal\u00e1cio Gustavo Capanema, cogitado de venda pela equipe de Guedes, teve suas fachadas restauradas - Foto: Ag\u00eancia Brasil"},{"@type":"BreadcrumbList","@id":"https:\/\/www.suno.com.br\/noticias\/paulo-guedes-desistiu-palacio-capanema-vender-leilao-rj\/#breadcrumb","itemListElement":[{"@type":"ListItem","position":1,"name":"Not\u00edcias","item":"https:\/\/www.suno.com.br\/noticias\/"},{"@type":"ListItem","position":2,"name":"Pol\u00edtica","item":"https:\/\/www.suno.com.br\/noticias\/politica\/"},{"@type":"ListItem","position":3,"name":"Guedes desistiu de vender Pal\u00e1cio Capanema em leil\u00e3o, dizem governador e presidente da Assembleia do RJ"}]},{"@type":"WebSite","@id":"https:\/\/www.suno.com.br\/noticias\/#website","url":"https:\/\/www.suno.com.br\/noticias\/","name":"Suno Not\u00edcias","description":"Seu portal de informa\u00e7\u00e3o sobre o mundo dos investimentos","publisher":{"@id":"https:\/\/www.suno.com.br\/noticias\/#organization"},"potentialAction":[{"@type":"SearchAction","target":{"@type":"EntryPoint","urlTemplate":"https:\/\/www.suno.com.br\/noticias\/?s={search_term_string}"},"query-input":{"@type":"PropertyValueSpecification","valueRequired":true,"valueName":"search_term_string"}}],"inLanguage":"pt-BR"},{"@type":"Organization","@id":"https:\/\/www.suno.com.br\/noticias\/#organization","name":"Suno Not\u00edcias","url":"https:\/\/www.suno.com.br\/noticias\/","logo":{"@type":"ImageObject","inLanguage":"pt-BR","@id":"https:\/\/www.suno.com.br\/noticias\/#\/schema\/logo\/image\/","url":"https:\/\/files.sunoresearch.com.br\/n\/uploads\/2021\/09\/suno-logo.png","contentUrl":"https:\/\/files.sunoresearch.com.br\/n\/uploads\/2021\/09\/suno-logo.png","width":180,"height":180,"caption":"Suno Not\u00edcias"},"image":{"@id":"https:\/\/www.suno.com.br\/noticias\/#\/schema\/logo\/image\/"},"sameAs":["https:\/\/facebook.com\/sunoresearch","https:\/\/x.com\/sunoresearch","https:\/\/www.instagram.com\/suno","https:\/\/www.linkedin.com\/company\/suno-research\/","https:\/\/www.youtube.com\/c\/sunoresearch"]},{"@type":"Person","@id":"https:\/\/www.suno.com.br\/noticias\/#\/schema\/person\/7f4d362bf3518e76090143ae77bb49a5","name":"Eduardo Vargas","image":{"@type":"ImageObject","inLanguage":"pt-BR","@id":"https:\/\/www.suno.com.br\/noticias\/#\/schema\/person\/image\/","url":"https:\/\/secure.gravatar.com\/avatar\/dac340933427a22924c9f99d1eb2e3f2?s=96&r=g","contentUrl":"https:\/\/secure.gravatar.com\/avatar\/dac340933427a22924c9f99d1eb2e3f2?s=96&r=g","caption":"Eduardo Vargas"},"description":"Jornalista formado pela UFSC, cobre macroeconomia, neg\u00f3cios e startups para o Suno Not\u00edcias, escrevendo principalmente not\u00edcias sobre o mercado financeiro e a bolsa de valores. No YouTube e no Instagram, \u00e9 respons\u00e1vel pela produ\u00e7\u00e3o de Reels e Shorts do Suno Not\u00edcias. Anteriormente, trabalhou cobrindo economia e cotidiano no ND+ e para o ND, maior jornal impresso de Santa Catarina. Cursou um semestre letivo de Estudos de M\u00eddia na Universidad de Buenos Aires.","url":"https:\/\/www.suno.com.br\/noticias\/author\/eduardo-vargas\/"}]}},"default_loop_html":"<div class=\"cardsPage__listCard__boxs\"><div class=\"cardsPage__listCard__boxs__img\"><a href=\"https:\/\/www.suno.com.br\/noticias\/paulo-guedes-desistiu-palacio-capanema-vender-leilao-rj\/\"><img class=\"mask\" src=\"https:\/\/www.suno.com.br\/noticias\/wp-content\/themes\/suno\/resources\/images\/spotlight\/spotlight1img\/bg-mask.png\" alt=\"Image Mask\"\/><img src=\"https:\/\/files.sunoresearch.com.br\/n\/uploads\/2021\/08\/1a88ba83-cpm-400x200.jpg\" alt=\"Guedes desistiu de vender Pal\u00e1cio Capanema em leil\u00e3o, dizem governador e presidente da Assembleia do RJ\"\/><\/a><span class=\"spotlightCategory\"><a href=\"https:\/\/www.suno.com.br\/noticias\/politica\/\">Pol\u00edtica<\/a><\/span><\/div><div class=\"cardsPage__listCard__boxs__content\"><a href=\"https:\/\/www.suno.com.br\/noticias\/paulo-guedes-desistiu-palacio-capanema-vender-leilao-rj\/\"><h2 class=\"content__title\">Guedes desistiu de vender Pal\u00e1cio Capanema em leil\u00e3o, dizem governador e presidente da Assembleia do RJ<\/h2><\/a><div class=\"newsContent__article__meta\"><div class=\"newsContent__article__meta__authorBox\"><a href=\"https:\/\/www.suno.com.br\/noticias\/author\/eduardo-vargas\/\" class=\"authorBox__avatar noMobi\"><img src=\"https:\/\/secure.gravatar.com\/avatar\/dac340933427a22924c9f99d1eb2e3f2?s=96&#038;r=g\" alt=\"Eduardo Vargas\"><\/a><div class=\"authorBox__name\"><span>por\n\t\t\t<a href=\"https:\/\/www.suno.com.br\/noticias\/author\/eduardo-vargas\/\"><span itemprop=\"author\">Eduardo Vargas<\/span><\/a><\/span><time datetime=\"2021-08-18T20:21:52-03:00\" itemprop=\"datePublished\">18\/08\/2021 20:21<\/time><\/div><\/div><\/div><\/div><\/div>","single_layout":"posts","amp_enabled":true,"_links":{"self":[{"href":"https:\/\/www.suno.com.br\/noticias\/wp-json\/wp\/v2\/posts\/176255"}],"collection":[{"href":"https:\/\/www.suno.com.br\/noticias\/wp-json\/wp\/v2\/posts"}],"about":[{"href":"https:\/\/www.suno.com.br\/noticias\/wp-json\/wp\/v2\/types\/post"}],"author":[{"embeddable":true,"href":"https:\/\/www.suno.com.br\/noticias\/wp-json\/wp\/v2\/users\/73"}],"replies":[{"embeddable":true,"href":"https:\/\/www.suno.com.br\/noticias\/wp-json\/wp\/v2\/comments?post=176255"}],"version-history":[{"count":4,"href":"https:\/\/www.suno.com.br\/noticias\/wp-json\/wp\/v2\/posts\/176255\/revisions"}],"predecessor-version":[{"id":176397,"href":"https:\/\/www.suno.com.br\/noticias\/wp-json\/wp\/v2\/posts\/176255\/revisions\/176397"}],"wp:featuredmedia":[{"embeddable":true,"href":"https:\/\/www.suno.com.br\/noticias\/wp-json\/wp\/v2\/media\/176276"}],"wp:attachment":[{"href":"https:\/\/www.suno.com.br\/noticias\/wp-json\/wp\/v2\/media?parent=176255"}],"wp:term":[{"taxonomy":"category","embeddable":true,"href":"https:\/\/www.suno.com.br\/noticias\/wp-json\/wp\/v2\/categories?post=176255"},{"taxonomy":"post_tag","embeddable":true,"href":"https:\/\/www.suno.com.br\/noticias\/wp-json\/wp\/v2\/tags?post=176255"},{"taxonomy":"suno_strategy","embeddable":true,"href":"https:\/\/www.suno.com.br\/noticias\/wp-json\/wp\/v2\/suno_strategy?post=176255"}],"curies":[{"name":"wp","href":"https:\/\/api.w.org\/{rel}","templated":true}]}}