{"id":176166,"date":"2021-08-18T12:42:52","date_gmt":"2021-08-18T15:42:52","guid":{"rendered":"https:\/\/www.suno.com.br\/noticias\/?p=176166"},"modified":"2021-08-18T15:07:40","modified_gmt":"2021-08-18T18:07:40","slug":"preco-frete-maritimo-logistica-comercio","status":"publish","type":"post","link":"https:\/\/www.suno.com.br\/noticias\/preco-frete-maritimo-logistica-comercio\/","title":{"rendered":"Pre\u00e7o do frete mar\u00edtimo dispara em &#8216;caos log\u00edstico&#8217; e amea\u00e7a ind\u00fastria"},"content":{"rendered":"<p>Os impactos da pandemia do <a href=\"https:\/\/www.suno.com.br\/noticias\/search\/Covid-19\">novo coronav\u00edrus (Covid-19)<\/a> chegaram a todas as camadas da sociedade e economia global. Um dos aspectos mais influenciados \u00e9 o custo do <strong>frete mar\u00edtimo<\/strong>, forma de <a class=\"suno-keyword\" href=\"https:\/\/www.suno.com.br\/artigos\/comercio-internacional\/\" target=\"_blank\" rel=\"noopener\" data-force=\"no\" data-priority=\"1\">com\u00e9rcio internacional<\/a> mais comum entre os pa\u00edses.<\/p>\t<div class=\"wrapper-featured-image\">\n\t\t<figure class=\"spotlightImg\">\n\n\t\t\t<picture>\n\t\t\t\t<source media=\"(max-width: 768px)\" srcset=\"https:\/\/files.sunoresearch.com.br\/n\/uploads\/2021\/08\/0eabc810-container-4675851_1920-400x200.jpg\">\n\t\t\t\t<img loading=\"lazy\" decoding=\"async\" class=\"newsContent__article__imgCapa lazyloadDisabled \" src=\"https:\/\/files.sunoresearch.com.br\/n\/uploads\/2021\/08\/0eabc810-container-4675851_1920-800x450.jpg\" width=\"800\" height=\"450\" alt=\"Pre\u00e7o do frete mar\u00edtimo dispara em &#8216;caos log\u00edstico&#8217; e amea\u00e7a ind\u00fastria\" fetchpriority=high \/>\n\t\t\t<\/picture>\n\n\t\t\t<figcaption class=\"wp-caption-text wp-caption-text--show\">Foto: Pixabay<\/figcaption>\n\t\t<\/figure>\n\t<\/div>\n\n\n\t<p>\n\t\t<a href=\"https:\/\/lp.suno.com.br\/planilha-controle-gastos\/\" target=\"_blank\" data-element=\"shortcode-suno-banner\" title=\"Banner SUNO, clique e saiba mais\">\n\t\t\t<picture>\n\t\t\t\t<source media=\"(max-width: 500px)\" srcset=\"https:\/\/files.sunoresearch.com.br\/n\/uploads\/2023\/03\/400x300-Planilha-controle-de-gastos.png\">\n\t\t\t\t<img class=\"newsContent__article__imgCapa newsContent__article__imgCapa--banner\"\n\t\t\t\t\tsrc=\"https:\/\/files.sunoresearch.com.br\/n\/uploads\/2023\/03\/1420x240-Planilha-controle-de-gastos.png\"\n\t\t\t\t\tdata-promo-id=\"101751\"\t\t\t\t\t\t\t\t\t\twidth='1420' height='240'\t\t\t\t\talt=\"https:\/\/files.sunoresearch.com.br\/n\/uploads\/2023\/03\/1420x240-Planilha-controle-de-gastos.png\"\n\t\t\t\t>\n\t\t\t<\/picture>\n\t\t<\/a>\n\t<\/p>\n\n\n<p>Nos \u00faltimos 13 meses, com a cont\u00ednua reabertura das atividades e <strong>retomada econ\u00f4mica<\/strong> global, o n\u00famero de encomendas por insumos e mercadorias do com\u00e9rcio exterior dispararam, acima da capacidade log\u00edstica dos armadores e terminais portu\u00e1rios, encarecendo o frete mar\u00edtimo.<\/p>\n<p>Gargalos na cadeia de insumos na produ\u00e7\u00e3o de produtos, com a <a href=\"https:\/\/www.suno.com.br\/artigos\/oferta-demanda\/\">demanda voltando mais r\u00e1pido que a oferta<\/a>, al\u00e9m da concentra\u00e7\u00e3o dos maiores <em>players<\/em> desse mercado s\u00e3o algumas das raz\u00f5es que explicam esse fen\u00f4meno.<\/p>\n<p>Enviar um <strong>cont\u00eainer<\/strong> de 40ft (40 p\u00e9s) da <strong>China<\/strong> custava US$ 1.500 antes da chegada da pandemia. Cerca de 30 dias atr\u00e1s, o custo estava em US$ 10.500. Nesta semana, o pre\u00e7o chegou a US$ 15.800.<\/p>\n<p>Segundo estimativas da Confedera\u00e7\u00e3o Nacional da Ind\u00fastria (<strong>CNI<\/strong>), a escalada dos <strong>pre\u00e7os de fretes<\/strong> para diferentes rotas deve permanecer vigente nos pr\u00f3ximos meses.<\/p>\n<p>O Brasil, inclusive, encontra-se em uma posi\u00e7\u00e3o vulner\u00e1vel neste contexto.<\/p>\n\t<p>\n\t\t<a href=\"https:\/\/lp.suno.com.br\/ebook-como-analisar-uma-acao\/\" target=\"_blank\" data-element=\"shortcode-suno-banner\" title=\"Banner SUNO, clique e saiba mais\">\n\t\t\t<picture>\n\t\t\t\t<source media=\"(max-width: 500px)\" srcset=\"https:\/\/files.sunoresearch.com.br\/n\/uploads\/2023\/03\/Ebook-Acoes-Mobile-1.jpg\">\n\t\t\t\t<img class=\"newsContent__article__imgCapa newsContent__article__imgCapa--banner\"\n\t\t\t\t\tsrc=\"https:\/\/files.sunoresearch.com.br\/n\/uploads\/2023\/03\/Ebook-Acoes-Desktop-1.jpg\"\n\t\t\t\t\tdata-promo-id=\"171998\"\t\t\t\t\t\t\t\t\t\twidth='1420' height='286'\t\t\t\t\talt=\"https:\/\/files.sunoresearch.com.br\/n\/uploads\/2023\/03\/Ebook-Acoes-Desktop-1.jpg\"\n\t\t\t\t>\n\t\t\t<\/picture>\n\t\t<\/a>\n\t<\/p>\n\n\n<h2>O que explica a disparada do frete mar\u00edtimo<\/h2>\n<p>Segundo <strong>Rafael Dantas<\/strong>, diretor comercial da Asia Shipping, a situa\u00e7\u00e3o do <strong>pre\u00e7o dos<\/strong> <strong>cont\u00eaineres<\/strong> pode ser explicada por uma rela\u00e7\u00e3o de fatores.<\/p>\n<p>Essas raz\u00f5es foram se acumulando ao longo do \u00faltimo ano e meio. \u201cO <strong>pre\u00e7o de frete<\/strong> de US$ 15.800 n\u00e3o foi atingido de uma hora para outra. Esse processo teve in\u00edcio ainda no ano passado, quando os importadores retomaram as compras ap\u00f3s o auge da <strong>pandemia<\/strong> no exterior.&#8221;<\/p>\n<p>De acordo com o especialista, um dos principais fatores \u00e9, de fato, a consolida\u00e7\u00e3o do segmento. &#8220;Os quatro maiores armadores do setor det\u00eam quase 60% do <em><a class=\"suno-keyword\" href=\"https:\/\/www.suno.com.br\/artigos\/market-share\/\" target=\"_blank\" rel=\"noopener\" data-force=\"no\" data-priority=\"2\">market share<\/a><\/em> global. Essa tend\u00eancia deve continuar acontecendo&#8221;, diz Dantas.<\/p>\n<p>O maior deles \u00e9 a dinamarquesa <strong>Maersk Line<\/strong>, que em 2018 contava com 630 navios e mais de 33 mil colaboradores, de acordo com informa\u00e7\u00f5es da pr\u00f3pria empresa.<\/p>\n<p>A companhia, que j\u00e1 tinha a maior frota do mundo, h\u00e1 alguns anos fundiu-se com a alem\u00e3 Hamburg S\u00fcd, que tamb\u00e9m estava entre as dez maiores.<\/p>\n<figure id=\"attachment_176211\" aria-describedby=\"caption-attachment-176211\" style=\"width: 887px\" class=\"wp-caption aligncenter\"><img loading=\"lazy\" decoding=\"async\" class=\"wp-image-176211 size-full\" src=\"https:\/\/storage.googleapis.com\/wp-noticias\/2021\/08\/13b78a7f-capturar.jpg\" alt=\"Maiores armadores mar\u00edtimos do mundo\" width=\"887\" height=\"594\" srcset=\"https:\/\/files.sunoresearch.com.br\/n\/uploads\/2021\/08\/13b78a7f-capturar.jpg 887w, https:\/\/files.sunoresearch.com.br\/n\/uploads\/2021\/08\/13b78a7f-capturar-300x201.jpg 300w, https:\/\/files.sunoresearch.com.br\/n\/uploads\/2021\/08\/13b78a7f-capturar-768x514.jpg 768w, https:\/\/files.sunoresearch.com.br\/n\/uploads\/2021\/08\/13b78a7f-capturar-150x100.jpg 150w\" sizes=\"(max-width: 887px) 100vw, 887px\" \/><figcaption id=\"caption-attachment-176211\" class=\"wp-caption-text\">Maiores empresas de frete mar\u00edtimo. Foto\/Fonte: Diario del Puerto<\/figcaption><\/figure>\n<p>Outro aspecto importante tamb\u00e9m diz respeito \u00e0s alian\u00e7as globais. Armadores que competiam ferozmente antes da <strong><a class=\"suno-keyword\" href=\"https:\/\/www.suno.com.br\/artigos\/crise-do-subprime\/\" target=\"_blank\" rel=\"noopener\" data-force=\"no\" data-priority=\"1\">crise do subprime<\/a><\/strong>, entre 2008 e 2009, passaram a operar os mesmos navios.<\/p>\n<p>Com isso, as empresas passaram a ajustar suas capacidade dos <em>trades<\/em> globais de forma mais eficiente, aumentando sua pr\u00f3pria barganha. Entretanto, a<strong> escalada do frete<\/strong> n\u00e3o pode ser atribu\u00edda apenas a esse fator.<\/p>\n<h2>Caos log\u00edstico com liquidez abundante<\/h2>\n<p>O<strong> mercado de frete mar\u00edtimo<\/strong> \u00e9 puxado essencialmente pela oferta e demanda dos agentes do mercado. Naturalmente, quando a procura \u00e9 maior que a capacidade de produ\u00e7\u00e3o, os pre\u00e7os aumentar\u00e3o.<\/p>\n<p>Isso tira um pouco do peso exclusivo \u00e0s alian\u00e7as globais e consolida\u00e7\u00f5es.<\/p>\n\n\t<div data-element=\"shortcode-read-more\" class=\"readToo\">\n\t\t\t\t<span class=\"readToo__title\">Leia tamb\u00e9m<\/span>\n\t\t\t\t<ul class=\"readToo__list\">\n\t\t\t<li><a href=\"https:\/\/www.suno.com.br\/noticias\/afeganistao-estados-unidos-geopolitica-mercados-dolar\/\">Afeganist\u00e3o: entenda o que est\u00e1 acontecendo e qual \u00e9 o impacto para os mercados<\/a><\/li><li><a href=\"https:\/\/www.suno.com.br\/noticias\/igp-10-inflacao-alta-agosto-fgv\/\">IGP-10 de agosto salta 1,18%; em 12 meses infla\u00e7\u00e3o j\u00e1 acumula 32,84%, revela FGV<\/a><\/li>\t\t<\/ul>\n\t<\/div>\n\n\n<p>&#8220;O que aconteceu especificamente para os pre\u00e7os de frete diz respeito muito mais a um <strong>caos log\u00edstico<\/strong>, que acabou gerando uma falta de equipamento e espa\u00e7o, al\u00e9m de outros eventos, como no <a href=\"https:\/\/www.suno.com.br\/noticias\/canal-suez-navegacao-retomada\/\">Canal de Suez<\/a>&#8220;, comentou Dantas.<\/p>\n<p>Somado a isso, o especialista diz que os incentivos monet\u00e1rios globais que ocorrem desde o ano passado, sobretudo nos Estados Unidos, tamb\u00e9m fomentaram o apetite das pessoas frente \u00e0s compras.<\/p>\n<p>&#8220;Isso tamb\u00e9m influenciou esse aquecimento global sem precedentes.&#8221;<\/p>\n<p>H\u00e1 cerca de dois anos, o tamanho do balan\u00e7o do <a href=\"https:\/\/www.suno.com.br\/artigos\/fed\/\">Federal Reserve (<strong>Fed<\/strong>)<\/a> era na ordem de US$ 4 trilh\u00f5es. A expectativa \u00e9 que no ano que vem esse montante aumente para US$ 9 trilh\u00f5es, ao passo que o BC norte-americano continua com as compras de ativos na ordem de US$ 120 bilh\u00f5es mensais.<\/p>\n<h2>O Brasil em meio ao com\u00e9rcio internacional<\/h2>\n<p>A posi\u00e7\u00e3o brasileira frente ao com\u00e9rcio internacional tem pouca relev\u00e2ncia entre os pares e observa uma grande vulnerabilidade em termos de oferta, de pre\u00e7o dos servi\u00e7os de transporte e de efici\u00eancia aduaneira-portu\u00e1ria, segundo a CNI.<\/p>\n<p>O Brasil corresponde a apenas 1% dos <strong>cont\u00eaineres<\/strong> movimentados em todo o mundo e est\u00e1 fora das principais rotas de navega\u00e7\u00e3o. Com o cen\u00e1rio conturbado, esses problemas s\u00e3o agravados. Diversas empresas locais n\u00e3o conseguem realizar opera\u00e7\u00f5es no com\u00e9rcio exterior.<\/p>\n\t<p>\n\t\t<a href=\"https:\/\/lp.suno.com.br\/planilha-da-vida-financeira\/\" target=\"_blank\" data-element=\"shortcode-suno-banner\" title=\"Banner SUNO, clique e saiba mais\">\n\t\t\t<picture>\n\t\t\t\t<source media=\"(max-width: 500px)\" srcset=\"https:\/\/files.sunoresearch.com.br\/n\/uploads\/2023\/04\/400x300-Planilha-vida-financeira-true.png\">\n\t\t\t\t<img class=\"newsContent__article__imgCapa newsContent__article__imgCapa--banner\"\n\t\t\t\t\tsrc=\"https:\/\/files.sunoresearch.com.br\/n\/uploads\/2023\/04\/1420x240-Planilha-vida-financeira-true.png\"\n\t\t\t\t\tdata-promo-id=\"106682\"\t\t\t\t\t\t\t\t\t\twidth='1420' height='240'\t\t\t\t\talt=\"https:\/\/files.sunoresearch.com.br\/n\/uploads\/2023\/04\/1420x240-Planilha-vida-financeira-true.png\"\n\t\t\t\t>\n\t\t\t<\/picture>\n\t\t<\/a>\n\t<\/p>\n\n\n<p>Uma agenda com 11 propostas para reorganizar o segmento e diminuir os custos foi enviada pela CNI ao governo federal na \u00faltima segunda-feira (16). O documento foi assinado por 33 empresas e entidades setoriais.<\/p>\n<p>Dentre as propostas dos envolvidos, est\u00e3o:<\/p>\n<ul>\n<li>Padroniza\u00e7\u00e3o de taxa cobradas pelos terminais portu\u00e1rios;<\/li>\n<li>Prioriza\u00e7\u00e3o da agenda de transfer\u00eancia ao setor privado das administra\u00e7\u00f5es portu\u00e1rios p\u00fablicas;<\/li>\n<li>Aprova\u00e7\u00e3o do projeto de lei conhecido como BR do Mar, para estimular a <strong>cabotagem<\/strong> no Pa\u00eds.<\/li>\n<\/ul>\n<p>Na pesquisa da CNI, 70% dos entrevistados dizem ter sofrido com a falta de cont\u00eaineres ou de navios nos \u00fatimos meses, e 96% reportaram aumento no valor do frete de importa\u00e7\u00e3o. Foram ouvidos 128 representantes do setor.<\/p>\n<h3>Frete mar\u00edtimo para commodities e ind\u00fastria<\/h3>\n<p>O especialista afirmou que o mercado de <strong>commodities<\/strong> &#8220;com certeza&#8221; est\u00e1 sendo impactado pelo pre\u00e7o dos fretes, mas, sobretudo, pela falta de equipamentos neste processo.<\/p>\n<p>Por outro lado, para a <strong>ind\u00fastria brasileira<\/strong>, o impacto \u00e9 mais doloroso.<\/p>\n<p>&#8220;O frete faz parte do custo de importa\u00e7\u00e3o, contemplando a base para pagamento de imposto. Isso influencia diretamente os pre\u00e7os para o consumidor final&#8221;, afirma.<\/p>\n<p>Segundo ele, o maior sinal disso \u00e9 o menor apetite de consumo por parte do mercado, diferentemente do observado no auge da pandemia neste ano.<\/p>\n<p>As <strong>vendas no varejo<\/strong> no Brasil em julho, segundo o \u00cdndice Cielo do Varejo Ampliado (ICVA), cresceram 7,2% frente ao mesmo per\u00edodo do ano passado. Os n\u00fameros mostram desacelera\u00e7\u00e3o na base mensal, ap\u00f3s avan\u00e7o real de 9,5% e alta nominal de 23,3% no m\u00eas anterior.<\/p>\n<p>Nos Estados Unidos, o resultado foi ainda mais negativo. As vendas no varejo norte-americanas recuaram 1,1% em julho, enquanto o mercado esperava uma queda de 0,3%. <a href=\"https:\/\/www.suno.com.br\/noticias\/vendas-no-varejo-eua-caem-julho\/\">Economistas preveem uma desacelera\u00e7\u00e3o<\/a>.<\/p>\n<p>&#8220;Isso tamb\u00e9m deve pressionar os mercados em termos de volume, embora no geral a ind\u00fastria permane\u00e7a aquecida.&#8221;<\/p>\n<h2>A perspectiva para o m\u00e9dio prazo<\/h2>\n<p>Segundo o especialista, a perspectiva dos pr\u00f3ximos meses \u00e9 que dificuldades dessa natureza<strong> log\u00edstica<\/strong> continuem sendo enfrentadas, principalmente enquanto a pandemia n\u00e3o for totalmente controlada.<\/p>\n<p>Na \u00faltima semana, por exemplo, o governo da China determinou o fechamento parcial do porto de <strong>Ningbo-Zhoushan<\/strong>, o terceiro mais movimentado do mundo, em fun\u00e7\u00e3o de um surto da doen\u00e7a. Cerca de 350 navios ficaram engarrafados.<\/p>\n<p>&#8220;Tamb\u00e9m h\u00e1 problemas no porto de <strong>Long Beach<\/strong>, na Calif\u00f3rnia, nos Estados Unidos, um dos mais movimentados do planeta. Todos esses fatores est\u00e3o prejudicando a normaliza\u00e7\u00e3o.&#8221;<\/p>\n<p>A expectativa \u00e9 que entre o final de 2022 e o in\u00edcio de 2023, o pre\u00e7o do <strong>frete mar\u00edtimo<\/strong> seja arrefecido com o aumento da capacidade log\u00edstica global, que hoje est\u00e1 em 17%. &#8220;Isso deve mudar a din\u00e2mica do com\u00e9rcio atual. Os pr\u00f3prios armadores n\u00e3o acham saud\u00e1vel o valor praticado hoje&#8221;, afirma Dantas.<\/p>\n\t<p>\n\t\t<a href=\"https:\/\/lp.suno.com.br\/planilha-de-controle-de-investimentos\/\" target=\"_blank\" data-element=\"shortcode-suno-banner\" title=\"Banner SUNO, clique e saiba mais\">\n\t\t\t<picture>\n\t\t\t\t<source media=\"(max-width: 500px)\" srcset=\"https:\/\/files.sunoresearch.com.br\/n\/uploads\/2023\/03\/400x300-Controle-de-Investimentos.png\">\n\t\t\t\t<img class=\"newsContent__article__imgCapa newsContent__article__imgCapa--banner\"\n\t\t\t\t\tsrc=\"https:\/\/files.sunoresearch.com.br\/n\/uploads\/2023\/03\/1420x240-Controle-de-Investimentos.png\"\n\t\t\t\t\tdata-promo-id=\"75934\"\t\t\t\t\t\t\t\t\t\twidth='1420' height='240'\t\t\t\t\talt=\"https:\/\/files.sunoresearch.com.br\/n\/uploads\/2023\/03\/1420x240-Controle-de-Investimentos.png\"\n\t\t\t\t>\n\t\t\t<\/picture>\n\t\t<\/a>\n\t<\/p>\n\n\n","protected":false},"excerpt":{"rendered":"<p>Os impactos da pandemia do novo coronav\u00edrus (Covid-19) chegaram a todas as camadas da sociedade e economia global. Um dos aspectos mais influenciados \u00e9 o custo do frete mar\u00edtimo, forma de com\u00e9rcio internacional mais comum entre os pa\u00edses. Como montar uma carteira equilibrada de FIIs? Veja dicas de especialistas. Foto: TheDigitalWay por Pixabay Nos \u00faltimos [&hellip;]<\/p>\n","protected":false},"author":24,"featured_media":176180,"comment_status":"closed","ping_status":"closed","sticky":false,"template":"","format":"standard","meta":[],"categories":[63],"tags":[711,878,923,94403,5255,105815,859],"suno_strategy":[],"class_list":["post-176166","post","type-post","status-publish","format-standard","has-post-thumbnail","hentry","category-internacional","tag-china","tag-cni","tag-comercio-exterior","tag-commodities","tag-covid-19","tag-especial","tag-fretes"],"yoast_head":"<!-- This site is optimized with the Yoast SEO plugin v24.4 - https:\/\/yoast.com\/wordpress\/plugins\/seo\/ -->\n<title>Pre\u00e7o do frete mar\u00edtimo dispara em &#039;caos log\u00edstico&#039; e amea\u00e7a ind\u00fastria<\/title>\n<meta name=\"description\" content=\"Os impactos da pandemia chegaram a todas as camadas da economia global, mudando a din\u00e2mica do frete mar\u00edtimo. Clique e saiba mais.\" \/>\n<meta name=\"robots\" content=\"index, follow, max-snippet:-1, max-image-preview:large, max-video-preview:-1\" \/>\n<link rel=\"canonical\" href=\"https:\/\/www.suno.com.br\/noticias\/preco-frete-maritimo-logistica-comercio\/\" \/>\n<meta property=\"og:locale\" content=\"pt_BR\" \/>\n<meta property=\"og:type\" content=\"article\" \/>\n<meta property=\"og:title\" content=\"Pre\u00e7o do frete mar\u00edtimo dispara em &#039;caos log\u00edstico&#039; e amea\u00e7a ind\u00fastria\" \/>\n<meta property=\"og:description\" content=\"Os impactos da pandemia chegaram a todas as camadas da economia global, mudando a din\u00e2mica do frete mar\u00edtimo. Clique e saiba mais.\" \/>\n<meta property=\"og:url\" content=\"https:\/\/www.suno.com.br\/noticias\/preco-frete-maritimo-logistica-comercio\/\" \/>\n<meta property=\"og:site_name\" content=\"Suno Not\u00edcias\" \/>\n<meta property=\"article:publisher\" content=\"https:\/\/facebook.com\/sunoresearch\" \/>\n<meta property=\"og:image\" content=\"https:\/\/files.sunoresearch.com.br\/n\/uploads\/2021\/08\/0eabc810-container-4675851_1920.jpg\" \/>\n\t<meta property=\"og:image:width\" content=\"1920\" \/>\n\t<meta property=\"og:image:height\" content=\"1280\" \/>\n\t<meta property=\"og:image:type\" content=\"image\/jpeg\" \/>\n<meta name=\"author\" content=\"Jader Lazarini\" \/>\n<meta name=\"twitter:card\" content=\"summary_large_image\" \/>\n<meta name=\"twitter:creator\" content=\"@sunoresearch\" \/>\n<meta name=\"twitter:site\" content=\"@sunoresearch\" \/>\n<meta name=\"twitter:label1\" content=\"Escrito por\" \/>\n\t<meta name=\"twitter:data1\" content=\"Jader Lazarini\" \/>\n\t<meta name=\"twitter:label2\" content=\"Est. tempo de leitura\" \/>\n\t<meta name=\"twitter:data2\" content=\"6 minutos\" \/>\n<script type=\"application\/ld+json\" class=\"yoast-schema-graph\">{\"@context\":\"https:\/\/schema.org\",\"@graph\":[{\"@type\":\"NewsArticle\",\"@id\":\"https:\/\/www.suno.com.br\/noticias\/preco-frete-maritimo-logistica-comercio\/#article\",\"isPartOf\":{\"@id\":\"https:\/\/www.suno.com.br\/noticias\/preco-frete-maritimo-logistica-comercio\/\"},\"author\":{\"name\":\"Jader Lazarini\",\"@id\":\"https:\/\/www.suno.com.br\/noticias\/#\/schema\/person\/918d79de1f0281f01599b93f9ea6e23f\"},\"headline\":\"Pre\u00e7o do frete mar\u00edtimo dispara em &#8216;caos log\u00edstico&#8217; e amea\u00e7a ind\u00fastria\",\"datePublished\":\"2021-08-18T15:42:52+00:00\",\"dateModified\":\"2021-08-18T18:07:40+00:00\",\"mainEntityOfPage\":{\"@id\":\"https:\/\/www.suno.com.br\/noticias\/preco-frete-maritimo-logistica-comercio\/\"},\"wordCount\":1251,\"publisher\":{\"@id\":\"https:\/\/www.suno.com.br\/noticias\/#organization\"},\"image\":{\"@id\":\"https:\/\/www.suno.com.br\/noticias\/preco-frete-maritimo-logistica-comercio\/#primaryimage\"},\"thumbnailUrl\":\"https:\/\/files.sunoresearch.com.br\/n\/uploads\/2021\/08\/0eabc810-container-4675851_1920.jpg\",\"keywords\":[\"China\",\"CNI\",\"comercio exterior\",\"commodities\",\"covid-19\",\"Especiais\",\"fretes\"],\"articleSection\":[\"Internacional\"],\"inLanguage\":\"pt-BR\"},{\"@type\":\"WebPage\",\"@id\":\"https:\/\/www.suno.com.br\/noticias\/preco-frete-maritimo-logistica-comercio\/\",\"url\":\"https:\/\/www.suno.com.br\/noticias\/preco-frete-maritimo-logistica-comercio\/\",\"name\":\"Pre\u00e7o do frete mar\u00edtimo dispara em 'caos log\u00edstico' e amea\u00e7a ind\u00fastria\",\"isPartOf\":{\"@id\":\"https:\/\/www.suno.com.br\/noticias\/#website\"},\"primaryImageOfPage\":{\"@id\":\"https:\/\/www.suno.com.br\/noticias\/preco-frete-maritimo-logistica-comercio\/#primaryimage\"},\"image\":{\"@id\":\"https:\/\/www.suno.com.br\/noticias\/preco-frete-maritimo-logistica-comercio\/#primaryimage\"},\"thumbnailUrl\":\"https:\/\/files.sunoresearch.com.br\/n\/uploads\/2021\/08\/0eabc810-container-4675851_1920.jpg\",\"datePublished\":\"2021-08-18T15:42:52+00:00\",\"dateModified\":\"2021-08-18T18:07:40+00:00\",\"description\":\"Os impactos da pandemia chegaram a todas as camadas da economia global, mudando a din\u00e2mica do frete mar\u00edtimo. Clique e saiba mais.\",\"breadcrumb\":{\"@id\":\"https:\/\/www.suno.com.br\/noticias\/preco-frete-maritimo-logistica-comercio\/#breadcrumb\"},\"inLanguage\":\"pt-BR\",\"potentialAction\":[{\"@type\":\"ReadAction\",\"target\":[\"https:\/\/www.suno.com.br\/noticias\/preco-frete-maritimo-logistica-comercio\/\"]}]},{\"@type\":\"ImageObject\",\"inLanguage\":\"pt-BR\",\"@id\":\"https:\/\/www.suno.com.br\/noticias\/preco-frete-maritimo-logistica-comercio\/#primaryimage\",\"url\":\"https:\/\/files.sunoresearch.com.br\/n\/uploads\/2021\/08\/0eabc810-container-4675851_1920.jpg\",\"contentUrl\":\"https:\/\/files.sunoresearch.com.br\/n\/uploads\/2021\/08\/0eabc810-container-4675851_1920.jpg\",\"width\":1920,\"height\":1280,\"caption\":\"Foto: Pixabay\"},{\"@type\":\"BreadcrumbList\",\"@id\":\"https:\/\/www.suno.com.br\/noticias\/preco-frete-maritimo-logistica-comercio\/#breadcrumb\",\"itemListElement\":[{\"@type\":\"ListItem\",\"position\":1,\"name\":\"Not\u00edcias\",\"item\":\"https:\/\/www.suno.com.br\/noticias\/\"},{\"@type\":\"ListItem\",\"position\":2,\"name\":\"Internacional\",\"item\":\"https:\/\/www.suno.com.br\/noticias\/internacional\/\"},{\"@type\":\"ListItem\",\"position\":3,\"name\":\"Pre\u00e7o do frete mar\u00edtimo dispara em &#8216;caos log\u00edstico&#8217; e amea\u00e7a ind\u00fastria\"}]},{\"@type\":\"WebSite\",\"@id\":\"https:\/\/www.suno.com.br\/noticias\/#website\",\"url\":\"https:\/\/www.suno.com.br\/noticias\/\",\"name\":\"Suno Not\u00edcias\",\"description\":\"Seu portal de informa\u00e7\u00e3o sobre o mundo dos investimentos\",\"publisher\":{\"@id\":\"https:\/\/www.suno.com.br\/noticias\/#organization\"},\"potentialAction\":[{\"@type\":\"SearchAction\",\"target\":{\"@type\":\"EntryPoint\",\"urlTemplate\":\"https:\/\/www.suno.com.br\/noticias\/?s={search_term_string}\"},\"query-input\":{\"@type\":\"PropertyValueSpecification\",\"valueRequired\":true,\"valueName\":\"search_term_string\"}}],\"inLanguage\":\"pt-BR\"},{\"@type\":\"Organization\",\"@id\":\"https:\/\/www.suno.com.br\/noticias\/#organization\",\"name\":\"Suno Not\u00edcias\",\"url\":\"https:\/\/www.suno.com.br\/noticias\/\",\"logo\":{\"@type\":\"ImageObject\",\"inLanguage\":\"pt-BR\",\"@id\":\"https:\/\/www.suno.com.br\/noticias\/#\/schema\/logo\/image\/\",\"url\":\"https:\/\/files.sunoresearch.com.br\/n\/uploads\/2021\/09\/suno-logo.png\",\"contentUrl\":\"https:\/\/files.sunoresearch.com.br\/n\/uploads\/2021\/09\/suno-logo.png\",\"width\":180,\"height\":180,\"caption\":\"Suno Not\u00edcias\"},\"image\":{\"@id\":\"https:\/\/www.suno.com.br\/noticias\/#\/schema\/logo\/image\/\"},\"sameAs\":[\"https:\/\/facebook.com\/sunoresearch\",\"https:\/\/x.com\/sunoresearch\",\"https:\/\/www.instagram.com\/suno\",\"https:\/\/www.linkedin.com\/company\/suno-research\/\",\"https:\/\/www.youtube.com\/c\/sunoresearch\"]},{\"@type\":\"Person\",\"@id\":\"https:\/\/www.suno.com.br\/noticias\/#\/schema\/person\/918d79de1f0281f01599b93f9ea6e23f\",\"name\":\"Jader Lazarini\",\"image\":{\"@type\":\"ImageObject\",\"inLanguage\":\"pt-BR\",\"@id\":\"https:\/\/www.suno.com.br\/noticias\/#\/schema\/person\/image\/\",\"url\":\"https:\/\/secure.gravatar.com\/avatar\/3c1ad8caa51589841baeb923fcddea97?s=96&r=g\",\"contentUrl\":\"https:\/\/secure.gravatar.com\/avatar\/3c1ad8caa51589841baeb923fcddea97?s=96&r=g\",\"caption\":\"Jader Lazarini\"},\"description\":\"Jader Lazarini escreve sobre investimentos, finan\u00e7as, economia e neg\u00f3cios. \u00c9 bacharel em Rela\u00e7\u00f5es Internacionais e analista CNPI (2619).\",\"url\":\"https:\/\/www.suno.com.br\/noticias\/author\/jader-lazarini\/\"}]}<\/script>\n<!-- \/ Yoast SEO plugin. -->","yoast_head_json":{"title":"Pre\u00e7o do frete mar\u00edtimo dispara em 'caos log\u00edstico' e amea\u00e7a ind\u00fastria","description":"Os impactos da pandemia chegaram a todas as camadas da economia global, mudando a din\u00e2mica do frete mar\u00edtimo. Clique e saiba mais.","robots":{"index":"index","follow":"follow","max-snippet":"max-snippet:-1","max-image-preview":"max-image-preview:large","max-video-preview":"max-video-preview:-1"},"canonical":"https:\/\/www.suno.com.br\/noticias\/preco-frete-maritimo-logistica-comercio\/","og_locale":"pt_BR","og_type":"article","og_title":"Pre\u00e7o do frete mar\u00edtimo dispara em 'caos log\u00edstico' e amea\u00e7a ind\u00fastria","og_description":"Os impactos da pandemia chegaram a todas as camadas da economia global, mudando a din\u00e2mica do frete mar\u00edtimo. Clique e saiba mais.","og_url":"https:\/\/www.suno.com.br\/noticias\/preco-frete-maritimo-logistica-comercio\/","og_site_name":"Suno Not\u00edcias","article_publisher":"https:\/\/facebook.com\/sunoresearch","og_image":[{"width":1920,"height":1280,"url":"https:\/\/files.sunoresearch.com.br\/n\/uploads\/2021\/08\/0eabc810-container-4675851_1920.jpg","type":"image\/jpeg"}],"author":"Jader Lazarini","twitter_card":"summary_large_image","twitter_creator":"@sunoresearch","twitter_site":"@sunoresearch","twitter_misc":{"Escrito por":"Jader Lazarini","Est. tempo de leitura":"6 minutos"},"schema":{"@context":"https:\/\/schema.org","@graph":[{"@type":"NewsArticle","@id":"https:\/\/www.suno.com.br\/noticias\/preco-frete-maritimo-logistica-comercio\/#article","isPartOf":{"@id":"https:\/\/www.suno.com.br\/noticias\/preco-frete-maritimo-logistica-comercio\/"},"author":{"name":"Jader Lazarini","@id":"https:\/\/www.suno.com.br\/noticias\/#\/schema\/person\/918d79de1f0281f01599b93f9ea6e23f"},"headline":"Pre\u00e7o do frete mar\u00edtimo dispara em &#8216;caos log\u00edstico&#8217; e amea\u00e7a ind\u00fastria","datePublished":"2021-08-18T15:42:52+00:00","dateModified":"2021-08-18T18:07:40+00:00","mainEntityOfPage":{"@id":"https:\/\/www.suno.com.br\/noticias\/preco-frete-maritimo-logistica-comercio\/"},"wordCount":1251,"publisher":{"@id":"https:\/\/www.suno.com.br\/noticias\/#organization"},"image":{"@id":"https:\/\/www.suno.com.br\/noticias\/preco-frete-maritimo-logistica-comercio\/#primaryimage"},"thumbnailUrl":"https:\/\/files.sunoresearch.com.br\/n\/uploads\/2021\/08\/0eabc810-container-4675851_1920.jpg","keywords":["China","CNI","comercio exterior","commodities","covid-19","Especiais","fretes"],"articleSection":["Internacional"],"inLanguage":"pt-BR"},{"@type":"WebPage","@id":"https:\/\/www.suno.com.br\/noticias\/preco-frete-maritimo-logistica-comercio\/","url":"https:\/\/www.suno.com.br\/noticias\/preco-frete-maritimo-logistica-comercio\/","name":"Pre\u00e7o do frete mar\u00edtimo dispara em 'caos log\u00edstico' e amea\u00e7a ind\u00fastria","isPartOf":{"@id":"https:\/\/www.suno.com.br\/noticias\/#website"},"primaryImageOfPage":{"@id":"https:\/\/www.suno.com.br\/noticias\/preco-frete-maritimo-logistica-comercio\/#primaryimage"},"image":{"@id":"https:\/\/www.suno.com.br\/noticias\/preco-frete-maritimo-logistica-comercio\/#primaryimage"},"thumbnailUrl":"https:\/\/files.sunoresearch.com.br\/n\/uploads\/2021\/08\/0eabc810-container-4675851_1920.jpg","datePublished":"2021-08-18T15:42:52+00:00","dateModified":"2021-08-18T18:07:40+00:00","description":"Os impactos da pandemia chegaram a todas as camadas da economia global, mudando a din\u00e2mica do frete mar\u00edtimo. Clique e saiba mais.","breadcrumb":{"@id":"https:\/\/www.suno.com.br\/noticias\/preco-frete-maritimo-logistica-comercio\/#breadcrumb"},"inLanguage":"pt-BR","potentialAction":[{"@type":"ReadAction","target":["https:\/\/www.suno.com.br\/noticias\/preco-frete-maritimo-logistica-comercio\/"]}]},{"@type":"ImageObject","inLanguage":"pt-BR","@id":"https:\/\/www.suno.com.br\/noticias\/preco-frete-maritimo-logistica-comercio\/#primaryimage","url":"https:\/\/files.sunoresearch.com.br\/n\/uploads\/2021\/08\/0eabc810-container-4675851_1920.jpg","contentUrl":"https:\/\/files.sunoresearch.com.br\/n\/uploads\/2021\/08\/0eabc810-container-4675851_1920.jpg","width":1920,"height":1280,"caption":"Foto: Pixabay"},{"@type":"BreadcrumbList","@id":"https:\/\/www.suno.com.br\/noticias\/preco-frete-maritimo-logistica-comercio\/#breadcrumb","itemListElement":[{"@type":"ListItem","position":1,"name":"Not\u00edcias","item":"https:\/\/www.suno.com.br\/noticias\/"},{"@type":"ListItem","position":2,"name":"Internacional","item":"https:\/\/www.suno.com.br\/noticias\/internacional\/"},{"@type":"ListItem","position":3,"name":"Pre\u00e7o do frete mar\u00edtimo dispara em &#8216;caos log\u00edstico&#8217; e amea\u00e7a ind\u00fastria"}]},{"@type":"WebSite","@id":"https:\/\/www.suno.com.br\/noticias\/#website","url":"https:\/\/www.suno.com.br\/noticias\/","name":"Suno Not\u00edcias","description":"Seu portal de informa\u00e7\u00e3o sobre o mundo dos investimentos","publisher":{"@id":"https:\/\/www.suno.com.br\/noticias\/#organization"},"potentialAction":[{"@type":"SearchAction","target":{"@type":"EntryPoint","urlTemplate":"https:\/\/www.suno.com.br\/noticias\/?s={search_term_string}"},"query-input":{"@type":"PropertyValueSpecification","valueRequired":true,"valueName":"search_term_string"}}],"inLanguage":"pt-BR"},{"@type":"Organization","@id":"https:\/\/www.suno.com.br\/noticias\/#organization","name":"Suno Not\u00edcias","url":"https:\/\/www.suno.com.br\/noticias\/","logo":{"@type":"ImageObject","inLanguage":"pt-BR","@id":"https:\/\/www.suno.com.br\/noticias\/#\/schema\/logo\/image\/","url":"https:\/\/files.sunoresearch.com.br\/n\/uploads\/2021\/09\/suno-logo.png","contentUrl":"https:\/\/files.sunoresearch.com.br\/n\/uploads\/2021\/09\/suno-logo.png","width":180,"height":180,"caption":"Suno Not\u00edcias"},"image":{"@id":"https:\/\/www.suno.com.br\/noticias\/#\/schema\/logo\/image\/"},"sameAs":["https:\/\/facebook.com\/sunoresearch","https:\/\/x.com\/sunoresearch","https:\/\/www.instagram.com\/suno","https:\/\/www.linkedin.com\/company\/suno-research\/","https:\/\/www.youtube.com\/c\/sunoresearch"]},{"@type":"Person","@id":"https:\/\/www.suno.com.br\/noticias\/#\/schema\/person\/918d79de1f0281f01599b93f9ea6e23f","name":"Jader Lazarini","image":{"@type":"ImageObject","inLanguage":"pt-BR","@id":"https:\/\/www.suno.com.br\/noticias\/#\/schema\/person\/image\/","url":"https:\/\/secure.gravatar.com\/avatar\/3c1ad8caa51589841baeb923fcddea97?s=96&r=g","contentUrl":"https:\/\/secure.gravatar.com\/avatar\/3c1ad8caa51589841baeb923fcddea97?s=96&r=g","caption":"Jader Lazarini"},"description":"Jader Lazarini escreve sobre investimentos, finan\u00e7as, economia e neg\u00f3cios. \u00c9 bacharel em Rela\u00e7\u00f5es Internacionais e analista CNPI (2619).","url":"https:\/\/www.suno.com.br\/noticias\/author\/jader-lazarini\/"}]}},"default_loop_html":"<div class=\"cardsPage__listCard__boxs\"><div class=\"cardsPage__listCard__boxs__img\"><a href=\"https:\/\/www.suno.com.br\/noticias\/igp-10-inflacao-alta-agosto-fgv\/\"><img class=\"mask\" src=\"https:\/\/www.suno.com.br\/noticias\/wp-content\/themes\/suno\/resources\/images\/spotlight\/spotlight1img\/bg-mask.png\" alt=\"Image Mask\"\/><img src=\"https:\/\/files.sunoresearch.com.br\/n\/uploads\/2021\/06\/87961c47-office-1574717_1280-400x200.webp\" alt=\"IGP-10 de agosto salta 1,18%; em 12 meses infla\u00e7\u00e3o j\u00e1 acumula 32,84%, revela FGV\"\/><\/a><span class=\"spotlightCategory\"><a href=\"https:\/\/www.suno.com.br\/noticias\/economia\/\">Economia<\/a><\/span><\/div><div class=\"cardsPage__listCard__boxs__content\"><a href=\"https:\/\/www.suno.com.br\/noticias\/igp-10-inflacao-alta-agosto-fgv\/\"><h2 class=\"content__title\">IGP-10 de agosto salta 1,18%; em 12 meses infla\u00e7\u00e3o j\u00e1 acumula 32,84%, revela FGV<\/h2><\/a><div class=\"newsContent__article__meta\"><div class=\"newsContent__article__meta__authorBox\"><a href=\"https:\/\/www.suno.com.br\/noticias\/author\/monique-lima\/\" class=\"authorBox__avatar noMobi\"><img src=\"https:\/\/secure.gravatar.com\/avatar\/daee7f16d906c2e9ffed236206ca2c30?s=96&#038;r=g\" alt=\"Monique Lima\"><\/a><div class=\"authorBox__name\"><span>por\n\t\t\t<a href=\"https:\/\/www.suno.com.br\/noticias\/author\/monique-lima\/\"><span itemprop=\"author\">Monique Lima<\/span><\/a><\/span><time datetime=\"2021-08-17T11:44:03-03:00\" itemprop=\"datePublished\">17\/08\/2021 11:44<\/time><\/div><\/div><\/div><\/div><\/div>","single_layout":"posts","amp_enabled":true,"_links":{"self":[{"href":"https:\/\/www.suno.com.br\/noticias\/wp-json\/wp\/v2\/posts\/176166"}],"collection":[{"href":"https:\/\/www.suno.com.br\/noticias\/wp-json\/wp\/v2\/posts"}],"about":[{"href":"https:\/\/www.suno.com.br\/noticias\/wp-json\/wp\/v2\/types\/post"}],"author":[{"embeddable":true,"href":"https:\/\/www.suno.com.br\/noticias\/wp-json\/wp\/v2\/users\/24"}],"replies":[{"embeddable":true,"href":"https:\/\/www.suno.com.br\/noticias\/wp-json\/wp\/v2\/comments?post=176166"}],"version-history":[{"count":4,"href":"https:\/\/www.suno.com.br\/noticias\/wp-json\/wp\/v2\/posts\/176166\/revisions"}],"predecessor-version":[{"id":176241,"href":"https:\/\/www.suno.com.br\/noticias\/wp-json\/wp\/v2\/posts\/176166\/revisions\/176241"}],"wp:featuredmedia":[{"embeddable":true,"href":"https:\/\/www.suno.com.br\/noticias\/wp-json\/wp\/v2\/media\/176180"}],"wp:attachment":[{"href":"https:\/\/www.suno.com.br\/noticias\/wp-json\/wp\/v2\/media?parent=176166"}],"wp:term":[{"taxonomy":"category","embeddable":true,"href":"https:\/\/www.suno.com.br\/noticias\/wp-json\/wp\/v2\/categories?post=176166"},{"taxonomy":"post_tag","embeddable":true,"href":"https:\/\/www.suno.com.br\/noticias\/wp-json\/wp\/v2\/tags?post=176166"},{"taxonomy":"suno_strategy","embeddable":true,"href":"https:\/\/www.suno.com.br\/noticias\/wp-json\/wp\/v2\/suno_strategy?post=176166"}],"curies":[{"name":"wp","href":"https:\/\/api.w.org\/{rel}","templated":true}]}}