{"id":175835,"date":"2021-08-17T10:45:40","date_gmt":"2021-08-17T13:45:40","guid":{"rendered":"https:\/\/www.suno.com.br\/noticias\/?p=175835"},"modified":"2021-08-17T10:45:40","modified_gmt":"2021-08-17T13:45:40","slug":"kora-saude-krsa3-tem-avanco-de-226-no-lucro-liquido-do-2t21","status":"publish","type":"post","link":"https:\/\/www.suno.com.br\/noticias\/kora-saude-krsa3-tem-avanco-de-226-no-lucro-liquido-do-2t21\/","title":{"rendered":"Kora Sa\u00fade (KRSA3) tem avan\u00e7o de 226% no lucro l\u00edquido do 2T21"},"content":{"rendered":"<p>A<strong> Kora Sa\u00fade<\/strong> (KRSA3), <a href=\"https:\/\/www.suno.com.br\/noticias\/kpra-krsa3-ipo-alta-estreia-bolsa\/\">novata na Bolsa<\/a>, obteve <a class=\"suno-keyword\" href=\"https:\/\/www.suno.com.br\/artigos\/lucro-liquido\/\" target=\"_blank\" rel=\"noopener noreferrer\" data-force=\"no\" data-priority=\"1\">lucro l\u00edquido<\/a> de R$ 20,5 milh\u00f5es no segundo trimestre de 2021. Esse valor representa crescimento de 226% na compara\u00e7\u00e3o com o mesmo per\u00edodo no ano passado, quando havia registrado R$ 6,6 milh\u00f5es.<\/p>\t<div class=\"wrapper-featured-image\">\n\t\t<figure class=\"spotlightImg\">\n\n\t\t\t<picture>\n\t\t\t\t<source media=\"(max-width: 768px)\" srcset=\"https:\/\/files.sunoresearch.com.br\/n\/uploads\/2021\/04\/705341f0-foto5-e1619570166315-400x200.webp\">\n\t\t\t\t<img loading=\"lazy\" decoding=\"async\" class=\"newsContent__article__imgCapa lazyloadDisabled \" src=\"https:\/\/files.sunoresearch.com.br\/n\/uploads\/2021\/04\/705341f0-foto5-e1619570166315-800x450.webp\" width=\"800\" height=\"450\" alt=\"Kora Sa\u00fade (KRSA3) tem avan\u00e7o de 226% no lucro l\u00edquido do 2T21\" fetchpriority=high \/>\n\t\t\t<\/picture>\n\n\t\t\t<figcaption class=\"wp-caption-text wp-caption-text--show\">Kora avan\u00e7a com mais aquisi\u00e7\u00f5es e expande cobertura - Foto: Reprodu\u00e7\u00e3o\/Site<\/figcaption>\n\t\t<\/figure>\n\t<\/div>\n\n\n\t<p>\n\t\t<a href=\"https:\/\/lp.suno.com.br\/planilha-controle-gastos\/\" target=\"_blank\" data-element=\"shortcode-suno-banner\" title=\"Banner SUNO, clique e saiba mais\">\n\t\t\t<picture>\n\t\t\t\t<source media=\"(max-width: 500px)\" srcset=\"https:\/\/files.sunoresearch.com.br\/n\/uploads\/2023\/03\/400x300-Planilha-controle-de-gastos.png\">\n\t\t\t\t<img class=\"newsContent__article__imgCapa newsContent__article__imgCapa--banner\"\n\t\t\t\t\tsrc=\"https:\/\/files.sunoresearch.com.br\/n\/uploads\/2023\/03\/1420x240-Planilha-controle-de-gastos.png\"\n\t\t\t\t\tdata-promo-id=\"101751\"\t\t\t\t\t\t\t\t\t\twidth='1420' height='240'\t\t\t\t\talt=\"https:\/\/files.sunoresearch.com.br\/n\/uploads\/2023\/03\/1420x240-Planilha-controle-de-gastos.png\"\n\t\t\t\t>\n\t\t\t<\/picture>\n\t\t<\/a>\n\t<\/p>\n\n\n<p>Segundo o release de <strong>resultado da Kora<\/strong>, o lucro foi impactado pelo controle dos custos fixos e <a class=\"suno-keyword\" href=\"https:\/\/www.suno.com.br\/artigos\/despesas-administrativas\/\" target=\"_blank\" rel=\"noopener noreferrer\" data-force=\"no\" data-priority=\"1\">despesas administrativas<\/a>, al\u00e9m do aumento nos principais indicadores de performance da Kora Sa\u00fade, tais como: n\u00famero de leitos operacionais, pacientes-dia, <a class=\"suno-keyword\" href=\"https:\/\/www.suno.com.br\/artigos\/ticket-medio\/\" target=\"_blank\" rel=\"noopener noreferrer\" data-force=\"no\" data-priority=\"1\">ticket m\u00e9dio<\/a> e taxa de ocupa\u00e7\u00e3o.<\/p>\n<p>J\u00e1 a <strong><a class=\"suno-keyword\" href=\"https:\/\/www.suno.com.br\/artigos\/o-que-receita-liquida\/\" target=\"_blank\" rel=\"noopener noreferrer\" data-force=\"no\" data-priority=\"1\">receita l\u00edquida<\/a> <\/strong>no per\u00edodo foi de R$ 306,8 milh\u00f5es, apresentando crescimento de 125,5% na compara\u00e7\u00e3o com o mesmo per\u00edodo do ano anterior e de 41,6% comparado com o primeiro trimestre deste ano.<\/p>\n<p>&#8220;Este resultado foi impactado positivamente pelo aumento do n\u00famero de pacientes-dia e do ticket m\u00e9dia. A evolu\u00e7\u00e3o da receita tamb\u00e9m contempla a aquisi\u00e7\u00e3o dos hospitais Santa Thereza e Palmas Medical, em Tocatins, em novembro de 2020, e do Hospital Anchieta em maio de 2021.&#8221;<\/p>\n\t<p>\n\t\t<a href=\"https:\/\/lp.suno.com.br\/planilha-da-vida-financeira\/\" target=\"_blank\" data-element=\"shortcode-suno-banner\" title=\"Banner SUNO, clique e saiba mais\">\n\t\t\t<picture>\n\t\t\t\t<source media=\"(max-width: 500px)\" srcset=\"https:\/\/files.sunoresearch.com.br\/n\/uploads\/2023\/04\/400x300-Planilha-vida-financeira-true.png\">\n\t\t\t\t<img class=\"newsContent__article__imgCapa newsContent__article__imgCapa--banner\"\n\t\t\t\t\tsrc=\"https:\/\/files.sunoresearch.com.br\/n\/uploads\/2023\/04\/1420x240-Planilha-vida-financeira-true.png\"\n\t\t\t\t\tdata-promo-id=\"106682\"\t\t\t\t\t\t\t\t\t\twidth='1420' height='240'\t\t\t\t\talt=\"https:\/\/files.sunoresearch.com.br\/n\/uploads\/2023\/04\/1420x240-Planilha-vida-financeira-true.png\"\n\t\t\t\t>\n\t\t\t<\/picture>\n\t\t<\/a>\n\t<\/p>\n\n\n<p>O <a class=\"suno-keyword\" href=\"https:\/\/www.suno.com.br\/artigos\/ebitda-ajustado\/\" target=\"_blank\" rel=\"noopener noreferrer\" data-force=\"no\" data-priority=\"1\">Ebitda ajustado<\/a> (lucro antes de juros, impostos, <a class=\"suno-keyword\" href=\"https:\/\/www.suno.com.br\/artigos\/depreciacao-amortizacao\/\" target=\"_blank\" rel=\"noopener noreferrer\" data-force=\"no\" data-priority=\"1\">deprecia\u00e7\u00e3o e amortiza\u00e7\u00e3o<\/a>) da companhia tamb\u00e9m apresentou um forte aumento, crescendo 226% quando comparado com o mesmo per\u00edodo no ano passado.<\/p>\n<h2>Volume de interna\u00e7\u00f5es cresceu por Covid-19 e aquisi\u00e7\u00f5es<\/h2>\n<p>O <strong>volume de interna\u00e7\u00f5es<\/strong> nos hospitais da Kora Sa\u00fade, medido pelo indicador \u2018paciente-dia\u2019, mostrou forte crescimento no segundo trimestre. A companhia atingiu 75.259 di\u00e1rias de interna\u00e7\u00e3o, volume 22,3% acima do trimestre anterior. &#8220;O aumento foi impactado pelas aquisi\u00e7\u00f5es recentes realizadas pela Companhia, pelo aumento de pacientes COVID-19e pelo crescimento de pacientes das demais patologias.&#8221;<\/p>\n<p>O<strong> ticket m\u00e9dio<\/strong> totalizou R$ 4.076 no segundo trimestre de 2021. Esse valor \u00e9 15,8% superior ao primeiro trimestre de 2021. O c\u00e1lculo do ticket m\u00e9dio leva em considera\u00e7\u00e3o o total de receita l\u00edquida e o volume de pacientes-dia.<\/p>\n<p>&#8220;Esse aumento foi impactado principalmente pela aquisi\u00e7\u00e3o do Hospital Anchieta, que possui um ticket superior \u00e0 m\u00e9dia dos demais hospitais da Companhia.&#8221;<\/p>\n<p>No final de junho, a Kora Sa\u00fade registrou uma d\u00edvida banc\u00e1ria de R$ 1,1 bilh\u00e3o e uma d\u00edvida com vendedores de R$ 678 milh\u00f5es, totalizando uma d\u00edvida de R$ 1,8 bilh\u00e3o obtida para as atividades de aquisi\u00e7\u00f5es e de expans\u00e3o. A <a class=\"suno-keyword\" href=\"https:\/\/www.suno.com.br\/artigos\/divida-liquida\/\" target=\"_blank\" rel=\"noopener noreferrer\" data-force=\"no\" data-priority=\"1\">d\u00edvida l\u00edquida<\/a> encerrou o per\u00edodo em R$ 1,6 bilh\u00e3o.<\/p>\n<h2>\u00daltima cota\u00e7\u00e3o da Kora Sa\u00fade<\/h2>\n<p>Na \u00faltima sess\u00e3o, segunda-feira (16), a <strong>Kora Sa\u00fade<\/strong> encerrou o preg\u00e3o em leve queda de 0,5%, negociada a R$ 8,00.<\/p>\n\t<p>\n\t\t<a href=\"https:\/\/lp.suno.com.br\/planilha-de-controle-de-investimentos\/\" target=\"_blank\" data-element=\"shortcode-suno-banner\" title=\"Banner SUNO, clique e saiba mais\">\n\t\t\t<picture>\n\t\t\t\t<source media=\"(max-width: 500px)\" srcset=\"https:\/\/files.sunoresearch.com.br\/n\/uploads\/2023\/03\/400x300-Controle-de-Investimentos.png\">\n\t\t\t\t<img class=\"newsContent__article__imgCapa newsContent__article__imgCapa--banner\"\n\t\t\t\t\tsrc=\"https:\/\/files.sunoresearch.com.br\/n\/uploads\/2023\/03\/1420x240-Controle-de-Investimentos.png\"\n\t\t\t\t\tdata-promo-id=\"75934\"\t\t\t\t\t\t\t\t\t\twidth='1420' height='240'\t\t\t\t\talt=\"https:\/\/files.sunoresearch.com.br\/n\/uploads\/2023\/03\/1420x240-Controle-de-Investimentos.png\"\n\t\t\t\t>\n\t\t\t<\/picture>\n\t\t<\/a>\n\t<\/p>\n\n\n","protected":false},"excerpt":{"rendered":"<p>A Kora Sa\u00fade (KRSA3), novata na Bolsa, obteve lucro l\u00edquido de R$ 20,5 milh\u00f5es no segundo trimestre de 2021. Esse valor representa crescimento de 226% na compara\u00e7\u00e3o com o mesmo per\u00edodo no ano passado, quando havia registrado R$ 6,6 milh\u00f5es. Kora avan\u00e7a com mais aquisi\u00e7\u00f5es e expande cobertura &#8211; Foto: Reprodu\u00e7\u00e3o\/Site Segundo o release de [&hellip;]<\/p>\n","protected":false},"author":15,"featured_media":142865,"comment_status":"closed","ping_status":"closed","sticky":false,"template":"","format":"standard","meta":[],"categories":[64],"tags":[105852],"suno_strategy":[],"class_list":["post-175835","post","type-post","status-publish","format-standard","has-post-thumbnail","hentry","category-negocios","tag-kora-saude-krsa3"],"yoast_head":"<!-- This site is optimized with the Yoast SEO plugin v24.4 - https:\/\/yoast.com\/wordpress\/plugins\/seo\/ -->\n<title>Kora Sa\u00fade (KRSA3) tem avan\u00e7o de 226% no lucro l\u00edquido do 2T21<\/title>\n<meta name=\"description\" content=\"A Kora Sa\u00fade (KRSA3), novata na Bolsa, obteve lucro l\u00edquido de R$ 20,5 milh\u00f5es no segundo trimestre de 2021. Clique aqui e saiba mais\" \/>\n<meta name=\"robots\" content=\"index, follow, max-snippet:-1, max-image-preview:large, max-video-preview:-1\" \/>\n<link rel=\"canonical\" href=\"https:\/\/www.suno.com.br\/noticias\/kora-saude-krsa3-tem-avanco-de-226-no-lucro-liquido-do-2t21\/\" \/>\n<meta property=\"og:locale\" content=\"pt_BR\" \/>\n<meta property=\"og:type\" content=\"article\" \/>\n<meta property=\"og:title\" content=\"Kora Sa\u00fade (KRSA3) tem avan\u00e7o de 226% no lucro l\u00edquido do 2T21\" \/>\n<meta property=\"og:description\" content=\"A Kora Sa\u00fade (KRSA3), novata na Bolsa, obteve lucro l\u00edquido de R$ 20,5 milh\u00f5es no segundo trimestre de 2021. Clique aqui e saiba mais\" \/>\n<meta property=\"og:url\" content=\"https:\/\/www.suno.com.br\/noticias\/kora-saude-krsa3-tem-avanco-de-226-no-lucro-liquido-do-2t21\/\" \/>\n<meta property=\"og:site_name\" content=\"Suno Not\u00edcias\" \/>\n<meta property=\"article:publisher\" content=\"https:\/\/facebook.com\/sunoresearch\" \/>\n<meta property=\"og:image\" content=\"https:\/\/files.sunoresearch.com.br\/n\/uploads\/2021\/04\/705341f0-foto5-e1619570166315.jpg\" \/>\n\t<meta property=\"og:image:width\" content=\"1280\" \/>\n\t<meta property=\"og:image:height\" content=\"854\" \/>\n\t<meta property=\"og:image:type\" content=\"image\/jpeg\" \/>\n<meta name=\"author\" content=\"Poliana Santos\" \/>\n<meta name=\"twitter:card\" content=\"summary_large_image\" \/>\n<meta name=\"twitter:creator\" content=\"@sunoresearch\" \/>\n<meta name=\"twitter:site\" content=\"@sunoresearch\" \/>\n<meta name=\"twitter:label1\" content=\"Escrito por\" \/>\n\t<meta name=\"twitter:data1\" content=\"Poliana Santos\" \/>\n\t<meta name=\"twitter:label2\" content=\"Est. tempo de leitura\" \/>\n\t<meta name=\"twitter:data2\" content=\"2 minutos\" \/>\n<script type=\"application\/ld+json\" class=\"yoast-schema-graph\">{\"@context\":\"https:\/\/schema.org\",\"@graph\":[{\"@type\":\"NewsArticle\",\"@id\":\"https:\/\/www.suno.com.br\/noticias\/kora-saude-krsa3-tem-avanco-de-226-no-lucro-liquido-do-2t21\/#article\",\"isPartOf\":{\"@id\":\"https:\/\/www.suno.com.br\/noticias\/kora-saude-krsa3-tem-avanco-de-226-no-lucro-liquido-do-2t21\/\"},\"author\":{\"name\":\"Poliana Santos\",\"@id\":\"https:\/\/www.suno.com.br\/noticias\/#\/schema\/person\/02ec1f752758247878a2bf4abee1aeda\"},\"headline\":\"Kora Sa\u00fade (KRSA3) tem avan\u00e7o de 226% no lucro l\u00edquido do 2T21\",\"datePublished\":\"2021-08-17T13:45:40+00:00\",\"mainEntityOfPage\":{\"@id\":\"https:\/\/www.suno.com.br\/noticias\/kora-saude-krsa3-tem-avanco-de-226-no-lucro-liquido-do-2t21\/\"},\"wordCount\":445,\"publisher\":{\"@id\":\"https:\/\/www.suno.com.br\/noticias\/#organization\"},\"image\":{\"@id\":\"https:\/\/www.suno.com.br\/noticias\/kora-saude-krsa3-tem-avanco-de-226-no-lucro-liquido-do-2t21\/#primaryimage\"},\"thumbnailUrl\":\"https:\/\/files.sunoresearch.com.br\/n\/uploads\/2021\/04\/705341f0-foto5-e1619570166315-jpg.webp\",\"keywords\":[\"Kora Sa\u00fade (KRSA3)\"],\"articleSection\":[\"Neg\u00f3cios\"],\"inLanguage\":\"pt-BR\"},{\"@type\":\"WebPage\",\"@id\":\"https:\/\/www.suno.com.br\/noticias\/kora-saude-krsa3-tem-avanco-de-226-no-lucro-liquido-do-2t21\/\",\"url\":\"https:\/\/www.suno.com.br\/noticias\/kora-saude-krsa3-tem-avanco-de-226-no-lucro-liquido-do-2t21\/\",\"name\":\"Kora Sa\u00fade (KRSA3) tem avan\u00e7o de 226% no lucro l\u00edquido do 2T21\",\"isPartOf\":{\"@id\":\"https:\/\/www.suno.com.br\/noticias\/#website\"},\"primaryImageOfPage\":{\"@id\":\"https:\/\/www.suno.com.br\/noticias\/kora-saude-krsa3-tem-avanco-de-226-no-lucro-liquido-do-2t21\/#primaryimage\"},\"image\":{\"@id\":\"https:\/\/www.suno.com.br\/noticias\/kora-saude-krsa3-tem-avanco-de-226-no-lucro-liquido-do-2t21\/#primaryimage\"},\"thumbnailUrl\":\"https:\/\/files.sunoresearch.com.br\/n\/uploads\/2021\/04\/705341f0-foto5-e1619570166315-jpg.webp\",\"datePublished\":\"2021-08-17T13:45:40+00:00\",\"description\":\"A Kora Sa\u00fade (KRSA3), novata na Bolsa, obteve lucro l\u00edquido de R$ 20,5 milh\u00f5es no segundo trimestre de 2021. Clique aqui e saiba mais\",\"breadcrumb\":{\"@id\":\"https:\/\/www.suno.com.br\/noticias\/kora-saude-krsa3-tem-avanco-de-226-no-lucro-liquido-do-2t21\/#breadcrumb\"},\"inLanguage\":\"pt-BR\",\"potentialAction\":[{\"@type\":\"ReadAction\",\"target\":[\"https:\/\/www.suno.com.br\/noticias\/kora-saude-krsa3-tem-avanco-de-226-no-lucro-liquido-do-2t21\/\"]}]},{\"@type\":\"ImageObject\",\"inLanguage\":\"pt-BR\",\"@id\":\"https:\/\/www.suno.com.br\/noticias\/kora-saude-krsa3-tem-avanco-de-226-no-lucro-liquido-do-2t21\/#primaryimage\",\"url\":\"https:\/\/files.sunoresearch.com.br\/n\/uploads\/2021\/04\/705341f0-foto5-e1619570166315-jpg.webp\",\"contentUrl\":\"https:\/\/files.sunoresearch.com.br\/n\/uploads\/2021\/04\/705341f0-foto5-e1619570166315-jpg.webp\",\"width\":1280,\"height\":854,\"caption\":\"Kora avan\u00e7a com mais aquisi\u00e7\u00f5es e expande cobertura - Foto: Reprodu\u00e7\u00e3o\/Site\"},{\"@type\":\"BreadcrumbList\",\"@id\":\"https:\/\/www.suno.com.br\/noticias\/kora-saude-krsa3-tem-avanco-de-226-no-lucro-liquido-do-2t21\/#breadcrumb\",\"itemListElement\":[{\"@type\":\"ListItem\",\"position\":1,\"name\":\"Not\u00edcias\",\"item\":\"https:\/\/www.suno.com.br\/noticias\/\"},{\"@type\":\"ListItem\",\"position\":2,\"name\":\"Neg\u00f3cios\",\"item\":\"https:\/\/www.suno.com.br\/noticias\/negocios\/\"},{\"@type\":\"ListItem\",\"position\":3,\"name\":\"Kora Sa\u00fade (KRSA3) tem avan\u00e7o de 226% no lucro l\u00edquido do 2T21\"}]},{\"@type\":\"WebSite\",\"@id\":\"https:\/\/www.suno.com.br\/noticias\/#website\",\"url\":\"https:\/\/www.suno.com.br\/noticias\/\",\"name\":\"Suno Not\u00edcias\",\"description\":\"Seu portal de informa\u00e7\u00e3o sobre o mundo dos investimentos\",\"publisher\":{\"@id\":\"https:\/\/www.suno.com.br\/noticias\/#organization\"},\"potentialAction\":[{\"@type\":\"SearchAction\",\"target\":{\"@type\":\"EntryPoint\",\"urlTemplate\":\"https:\/\/www.suno.com.br\/noticias\/?s={search_term_string}\"},\"query-input\":{\"@type\":\"PropertyValueSpecification\",\"valueRequired\":true,\"valueName\":\"search_term_string\"}}],\"inLanguage\":\"pt-BR\"},{\"@type\":\"Organization\",\"@id\":\"https:\/\/www.suno.com.br\/noticias\/#organization\",\"name\":\"Suno Not\u00edcias\",\"url\":\"https:\/\/www.suno.com.br\/noticias\/\",\"logo\":{\"@type\":\"ImageObject\",\"inLanguage\":\"pt-BR\",\"@id\":\"https:\/\/www.suno.com.br\/noticias\/#\/schema\/logo\/image\/\",\"url\":\"https:\/\/files.sunoresearch.com.br\/n\/uploads\/2021\/09\/suno-logo.png\",\"contentUrl\":\"https:\/\/files.sunoresearch.com.br\/n\/uploads\/2021\/09\/suno-logo.png\",\"width\":180,\"height\":180,\"caption\":\"Suno Not\u00edcias\"},\"image\":{\"@id\":\"https:\/\/www.suno.com.br\/noticias\/#\/schema\/logo\/image\/\"},\"sameAs\":[\"https:\/\/facebook.com\/sunoresearch\",\"https:\/\/x.com\/sunoresearch\",\"https:\/\/www.instagram.com\/suno\",\"https:\/\/www.linkedin.com\/company\/suno-research\/\",\"https:\/\/www.youtube.com\/c\/sunoresearch\"]},{\"@type\":\"Person\",\"@id\":\"https:\/\/www.suno.com.br\/noticias\/#\/schema\/person\/02ec1f752758247878a2bf4abee1aeda\",\"name\":\"Poliana Santos\",\"image\":{\"@type\":\"ImageObject\",\"inLanguage\":\"pt-BR\",\"@id\":\"https:\/\/www.suno.com.br\/noticias\/#\/schema\/person\/image\/\",\"url\":\"https:\/\/secure.gravatar.com\/avatar\/0645bd32f23d87b2130f2b2dff1d3f8d?s=96&r=g\",\"contentUrl\":\"https:\/\/secure.gravatar.com\/avatar\/0645bd32f23d87b2130f2b2dff1d3f8d?s=96&r=g\",\"caption\":\"Poliana Santos\"},\"description\":\"Rep\u00f3rter no Suno Not\u00edcias, com cobertura em mercado financeiro, economia, finan\u00e7as pessoais, renda fixa e varejo. Jornalista formada pela Faculdade C\u00e1sper L\u00edbero e possui passagem na R\u00e1dio Gazeta AM com a produ\u00e7\u00e3o de conte\u00fado sobre economia, pol\u00edtica, sa\u00fade, moda e m\u00fasica. Possui certificado de conclus\u00e3o do curso de An\u00e1lise de Balan\u00e7os pela Funda\u00e7\u00e3o Bradesco, Agenda Brasil pela FAAP, Educa\u00e7\u00e3o Pol\u00edtica por Alexandre Garcia e do Tesouro Direto e Mercado de A\u00e7\u00f5es pela B3.\",\"url\":\"https:\/\/www.suno.com.br\/noticias\/author\/poliana-santos\/\"}]}<\/script>\n<!-- \/ Yoast SEO plugin. -->","yoast_head_json":{"title":"Kora Sa\u00fade (KRSA3) tem avan\u00e7o de 226% no lucro l\u00edquido do 2T21","description":"A Kora Sa\u00fade (KRSA3), novata na Bolsa, obteve lucro l\u00edquido de R$ 20,5 milh\u00f5es no segundo trimestre de 2021. Clique aqui e saiba mais","robots":{"index":"index","follow":"follow","max-snippet":"max-snippet:-1","max-image-preview":"max-image-preview:large","max-video-preview":"max-video-preview:-1"},"canonical":"https:\/\/www.suno.com.br\/noticias\/kora-saude-krsa3-tem-avanco-de-226-no-lucro-liquido-do-2t21\/","og_locale":"pt_BR","og_type":"article","og_title":"Kora Sa\u00fade (KRSA3) tem avan\u00e7o de 226% no lucro l\u00edquido do 2T21","og_description":"A Kora Sa\u00fade (KRSA3), novata na Bolsa, obteve lucro l\u00edquido de R$ 20,5 milh\u00f5es no segundo trimestre de 2021. Clique aqui e saiba mais","og_url":"https:\/\/www.suno.com.br\/noticias\/kora-saude-krsa3-tem-avanco-de-226-no-lucro-liquido-do-2t21\/","og_site_name":"Suno Not\u00edcias","article_publisher":"https:\/\/facebook.com\/sunoresearch","og_image":[{"width":1280,"height":854,"url":"https:\/\/files.sunoresearch.com.br\/n\/uploads\/2021\/04\/705341f0-foto5-e1619570166315.jpg","type":"image\/jpeg"}],"author":"Poliana Santos","twitter_card":"summary_large_image","twitter_creator":"@sunoresearch","twitter_site":"@sunoresearch","twitter_misc":{"Escrito por":"Poliana Santos","Est. tempo de leitura":"2 minutos"},"schema":{"@context":"https:\/\/schema.org","@graph":[{"@type":"NewsArticle","@id":"https:\/\/www.suno.com.br\/noticias\/kora-saude-krsa3-tem-avanco-de-226-no-lucro-liquido-do-2t21\/#article","isPartOf":{"@id":"https:\/\/www.suno.com.br\/noticias\/kora-saude-krsa3-tem-avanco-de-226-no-lucro-liquido-do-2t21\/"},"author":{"name":"Poliana Santos","@id":"https:\/\/www.suno.com.br\/noticias\/#\/schema\/person\/02ec1f752758247878a2bf4abee1aeda"},"headline":"Kora Sa\u00fade (KRSA3) tem avan\u00e7o de 226% no lucro l\u00edquido do 2T21","datePublished":"2021-08-17T13:45:40+00:00","mainEntityOfPage":{"@id":"https:\/\/www.suno.com.br\/noticias\/kora-saude-krsa3-tem-avanco-de-226-no-lucro-liquido-do-2t21\/"},"wordCount":445,"publisher":{"@id":"https:\/\/www.suno.com.br\/noticias\/#organization"},"image":{"@id":"https:\/\/www.suno.com.br\/noticias\/kora-saude-krsa3-tem-avanco-de-226-no-lucro-liquido-do-2t21\/#primaryimage"},"thumbnailUrl":"https:\/\/files.sunoresearch.com.br\/n\/uploads\/2021\/04\/705341f0-foto5-e1619570166315-jpg.webp","keywords":["Kora Sa\u00fade (KRSA3)"],"articleSection":["Neg\u00f3cios"],"inLanguage":"pt-BR"},{"@type":"WebPage","@id":"https:\/\/www.suno.com.br\/noticias\/kora-saude-krsa3-tem-avanco-de-226-no-lucro-liquido-do-2t21\/","url":"https:\/\/www.suno.com.br\/noticias\/kora-saude-krsa3-tem-avanco-de-226-no-lucro-liquido-do-2t21\/","name":"Kora Sa\u00fade (KRSA3) tem avan\u00e7o de 226% no lucro l\u00edquido do 2T21","isPartOf":{"@id":"https:\/\/www.suno.com.br\/noticias\/#website"},"primaryImageOfPage":{"@id":"https:\/\/www.suno.com.br\/noticias\/kora-saude-krsa3-tem-avanco-de-226-no-lucro-liquido-do-2t21\/#primaryimage"},"image":{"@id":"https:\/\/www.suno.com.br\/noticias\/kora-saude-krsa3-tem-avanco-de-226-no-lucro-liquido-do-2t21\/#primaryimage"},"thumbnailUrl":"https:\/\/files.sunoresearch.com.br\/n\/uploads\/2021\/04\/705341f0-foto5-e1619570166315-jpg.webp","datePublished":"2021-08-17T13:45:40+00:00","description":"A Kora Sa\u00fade (KRSA3), novata na Bolsa, obteve lucro l\u00edquido de R$ 20,5 milh\u00f5es no segundo trimestre de 2021. Clique aqui e saiba mais","breadcrumb":{"@id":"https:\/\/www.suno.com.br\/noticias\/kora-saude-krsa3-tem-avanco-de-226-no-lucro-liquido-do-2t21\/#breadcrumb"},"inLanguage":"pt-BR","potentialAction":[{"@type":"ReadAction","target":["https:\/\/www.suno.com.br\/noticias\/kora-saude-krsa3-tem-avanco-de-226-no-lucro-liquido-do-2t21\/"]}]},{"@type":"ImageObject","inLanguage":"pt-BR","@id":"https:\/\/www.suno.com.br\/noticias\/kora-saude-krsa3-tem-avanco-de-226-no-lucro-liquido-do-2t21\/#primaryimage","url":"https:\/\/files.sunoresearch.com.br\/n\/uploads\/2021\/04\/705341f0-foto5-e1619570166315-jpg.webp","contentUrl":"https:\/\/files.sunoresearch.com.br\/n\/uploads\/2021\/04\/705341f0-foto5-e1619570166315-jpg.webp","width":1280,"height":854,"caption":"Kora avan\u00e7a com mais aquisi\u00e7\u00f5es e expande cobertura - Foto: Reprodu\u00e7\u00e3o\/Site"},{"@type":"BreadcrumbList","@id":"https:\/\/www.suno.com.br\/noticias\/kora-saude-krsa3-tem-avanco-de-226-no-lucro-liquido-do-2t21\/#breadcrumb","itemListElement":[{"@type":"ListItem","position":1,"name":"Not\u00edcias","item":"https:\/\/www.suno.com.br\/noticias\/"},{"@type":"ListItem","position":2,"name":"Neg\u00f3cios","item":"https:\/\/www.suno.com.br\/noticias\/negocios\/"},{"@type":"ListItem","position":3,"name":"Kora Sa\u00fade (KRSA3) tem avan\u00e7o de 226% no lucro l\u00edquido do 2T21"}]},{"@type":"WebSite","@id":"https:\/\/www.suno.com.br\/noticias\/#website","url":"https:\/\/www.suno.com.br\/noticias\/","name":"Suno Not\u00edcias","description":"Seu portal de informa\u00e7\u00e3o sobre o mundo dos investimentos","publisher":{"@id":"https:\/\/www.suno.com.br\/noticias\/#organization"},"potentialAction":[{"@type":"SearchAction","target":{"@type":"EntryPoint","urlTemplate":"https:\/\/www.suno.com.br\/noticias\/?s={search_term_string}"},"query-input":{"@type":"PropertyValueSpecification","valueRequired":true,"valueName":"search_term_string"}}],"inLanguage":"pt-BR"},{"@type":"Organization","@id":"https:\/\/www.suno.com.br\/noticias\/#organization","name":"Suno Not\u00edcias","url":"https:\/\/www.suno.com.br\/noticias\/","logo":{"@type":"ImageObject","inLanguage":"pt-BR","@id":"https:\/\/www.suno.com.br\/noticias\/#\/schema\/logo\/image\/","url":"https:\/\/files.sunoresearch.com.br\/n\/uploads\/2021\/09\/suno-logo.png","contentUrl":"https:\/\/files.sunoresearch.com.br\/n\/uploads\/2021\/09\/suno-logo.png","width":180,"height":180,"caption":"Suno Not\u00edcias"},"image":{"@id":"https:\/\/www.suno.com.br\/noticias\/#\/schema\/logo\/image\/"},"sameAs":["https:\/\/facebook.com\/sunoresearch","https:\/\/x.com\/sunoresearch","https:\/\/www.instagram.com\/suno","https:\/\/www.linkedin.com\/company\/suno-research\/","https:\/\/www.youtube.com\/c\/sunoresearch"]},{"@type":"Person","@id":"https:\/\/www.suno.com.br\/noticias\/#\/schema\/person\/02ec1f752758247878a2bf4abee1aeda","name":"Poliana Santos","image":{"@type":"ImageObject","inLanguage":"pt-BR","@id":"https:\/\/www.suno.com.br\/noticias\/#\/schema\/person\/image\/","url":"https:\/\/secure.gravatar.com\/avatar\/0645bd32f23d87b2130f2b2dff1d3f8d?s=96&r=g","contentUrl":"https:\/\/secure.gravatar.com\/avatar\/0645bd32f23d87b2130f2b2dff1d3f8d?s=96&r=g","caption":"Poliana Santos"},"description":"Rep\u00f3rter no Suno Not\u00edcias, com cobertura em mercado financeiro, economia, finan\u00e7as pessoais, renda fixa e varejo. Jornalista formada pela Faculdade C\u00e1sper L\u00edbero e possui passagem na R\u00e1dio Gazeta AM com a produ\u00e7\u00e3o de conte\u00fado sobre economia, pol\u00edtica, sa\u00fade, moda e m\u00fasica. Possui certificado de conclus\u00e3o do curso de An\u00e1lise de Balan\u00e7os pela Funda\u00e7\u00e3o Bradesco, Agenda Brasil pela FAAP, Educa\u00e7\u00e3o Pol\u00edtica por Alexandre Garcia e do Tesouro Direto e Mercado de A\u00e7\u00f5es pela B3.","url":"https:\/\/www.suno.com.br\/noticias\/author\/poliana-santos\/"}]}},"default_loop_html":"<div class=\"cardsPage__listCard__boxs\"><div class=\"cardsPage__listCard__boxs__img\"><a href=\"https:\/\/www.suno.com.br\/noticias\/kora-saude-krsa3-tem-avanco-de-226-no-lucro-liquido-do-2t21\/\"><img class=\"mask\" src=\"https:\/\/www.suno.com.br\/noticias\/wp-content\/themes\/suno\/resources\/images\/spotlight\/spotlight1img\/bg-mask.png\" alt=\"Image Mask\"\/><img src=\"https:\/\/files.sunoresearch.com.br\/n\/uploads\/2021\/04\/705341f0-foto5-e1619570166315-400x200.webp\" alt=\"Kora Sa\u00fade (KRSA3) tem avan\u00e7o de 226% no lucro l\u00edquido do 2T21\"\/><\/a><span class=\"spotlightCategory\"><a href=\"https:\/\/www.suno.com.br\/noticias\/negocios\/\">Neg\u00f3cios<\/a><\/span><\/div><div class=\"cardsPage__listCard__boxs__content\"><a href=\"https:\/\/www.suno.com.br\/noticias\/kora-saude-krsa3-tem-avanco-de-226-no-lucro-liquido-do-2t21\/\"><h2 class=\"content__title\">Kora Sa\u00fade (KRSA3) tem avan\u00e7o de 226% no lucro l\u00edquido do 2T21<\/h2><\/a><div class=\"newsContent__article__meta\"><div class=\"newsContent__article__meta__authorBox\"><a href=\"https:\/\/www.suno.com.br\/noticias\/author\/poliana-santos\/\" class=\"authorBox__avatar noMobi\"><img src=\"https:\/\/files.sunoresearch.com.br\/n\/uploads\/2020\/08\/7ef34026-whatsapp-image-2020-08-03-at-12.37.57-150x150.webp\" alt=\"Poliana Santos\"><\/a><div class=\"authorBox__name\"><span>por\n\t\t\t<a href=\"https:\/\/www.suno.com.br\/noticias\/author\/poliana-santos\/\"><span itemprop=\"author\">Poliana Santos<\/span><\/a><\/span><time datetime=\"2021-08-17T10:45:40-03:00\" itemprop=\"datePublished\">17\/08\/2021 10:45<\/time><\/div><\/div><\/div><\/div><\/div>","single_layout":"posts","amp_enabled":true,"_links":{"self":[{"href":"https:\/\/www.suno.com.br\/noticias\/wp-json\/wp\/v2\/posts\/175835"}],"collection":[{"href":"https:\/\/www.suno.com.br\/noticias\/wp-json\/wp\/v2\/posts"}],"about":[{"href":"https:\/\/www.suno.com.br\/noticias\/wp-json\/wp\/v2\/types\/post"}],"author":[{"embeddable":true,"href":"https:\/\/www.suno.com.br\/noticias\/wp-json\/wp\/v2\/users\/15"}],"replies":[{"embeddable":true,"href":"https:\/\/www.suno.com.br\/noticias\/wp-json\/wp\/v2\/comments?post=175835"}],"version-history":[{"count":3,"href":"https:\/\/www.suno.com.br\/noticias\/wp-json\/wp\/v2\/posts\/175835\/revisions"}],"predecessor-version":[{"id":175877,"href":"https:\/\/www.suno.com.br\/noticias\/wp-json\/wp\/v2\/posts\/175835\/revisions\/175877"}],"wp:featuredmedia":[{"embeddable":true,"href":"https:\/\/www.suno.com.br\/noticias\/wp-json\/wp\/v2\/media\/142865"}],"wp:attachment":[{"href":"https:\/\/www.suno.com.br\/noticias\/wp-json\/wp\/v2\/media?parent=175835"}],"wp:term":[{"taxonomy":"category","embeddable":true,"href":"https:\/\/www.suno.com.br\/noticias\/wp-json\/wp\/v2\/categories?post=175835"},{"taxonomy":"post_tag","embeddable":true,"href":"https:\/\/www.suno.com.br\/noticias\/wp-json\/wp\/v2\/tags?post=175835"},{"taxonomy":"suno_strategy","embeddable":true,"href":"https:\/\/www.suno.com.br\/noticias\/wp-json\/wp\/v2\/suno_strategy?post=175835"}],"curies":[{"name":"wp","href":"https:\/\/api.w.org\/{rel}","templated":true}]}}