{"id":17583,"date":"2019-03-11T09:57:05","date_gmt":"2019-03-11T12:57:05","guid":{"rendered":"https:\/\/www.suno.com.br\/noticias\/?p=17583"},"modified":"2021-02-17T22:49:45","modified_gmt":"2021-02-18T01:49:45","slug":"bc-boletim-focus-preve-nova-reducao-pib-2019","status":"publish","type":"post","link":"https:\/\/www.suno.com.br\/noticias\/bc-boletim-focus-preve-nova-reducao-pib-2019\/","title":{"rendered":"BC: Boletim Focus prev\u00ea nova redu\u00e7\u00e3o do PIB em 2019"},"content":{"rendered":"<p>A previs\u00e3o de crescimento do <strong>Produto Interno Bruto (PIB)<\/strong> de 2019 do <a href=\"https:\/\/www.suno.com.br\/artigos\/relatorio-focus\/\">Boletim Focus<\/a> apresenta uma nova redu\u00e7\u00e3o. Na semana passada, a estimativa era de que a economia brasileira crescesse 2,30% neste ano. Mas o Boletim divulgado nesta segunda-feira (11) aponta para um crescimento de apenas 2,28%.<\/p>\t<div class=\"wrapper-featured-image\">\n\t\t<figure class=\"spotlightImg\">\n\n\t\t\t<picture>\n\t\t\t\t<source media=\"(max-width: 768px)\" srcset=\"https:\/\/files.sunoresearch.com.br\/n\/uploads\/2018\/12\/2c1e4757-bolsonaro-400x200.webp\">\n\t\t\t\t<img loading=\"lazy\" decoding=\"async\" class=\"newsContent__article__imgCapa lazyloadDisabled newsContent__article__imgCapa--noCaption\" src=\"https:\/\/files.sunoresearch.com.br\/n\/uploads\/2018\/12\/2c1e4757-bolsonaro-800x450.webp\" width=\"800\" height=\"450\" alt=\"BC: Boletim Focus prev\u00ea nova redu\u00e7\u00e3o do PIB em 2019\" fetchpriority=high \/>\n\t\t\t<\/picture>\n\n\t\t\t<figcaption class=\"wp-caption-text wp-caption-text--hide\">BC: uso de instrumentos cambiais ajudou mercados, diz diretor<\/figcaption>\n\t\t<\/figure>\n\t<\/div>\n\n\n<p>A redu\u00e7\u00e3o da previs\u00e3o do crescimento do <strong>PIB<\/strong> no <strong>Boletim Focus<\/strong> segue a tend\u00eancia iniciada na semana passada, ap\u00f3s a divulga\u00e7\u00e3o dos dados de 2018.\u00a0No dia 1\u00ba de mar\u00e7o, o <strong>Instituto Brasileiro de Geografia e Estat\u00edstica (IBGE)<\/strong> informou que o <strong>crescimento<\/strong> do <strong>PIB<\/strong> em 2018 foi de 1,1%, repetindo o <strong>desempenho<\/strong> de 2017. Um resultado considerado fraco, e que reduziu as expectativas para este ano.<\/p>\n<p><a href=\"https:\/\/www.suno.com.br\/noticias\/ibge-pib-do-brasil-cresce-2018\/\">Saiba mais: IBGE: PIB do Brasil cresce 1,1% em 2018<\/a><\/p>\n<p style=\"text-align: left;\">A <strong>previs\u00e3o<\/strong> para o <strong>crescimento<\/strong> do <strong>PIB<\/strong> em 2020, entretanto, teve mais uma melhora. A <strong>expectativa<\/strong> subiu de 2,70% para 2,80%. H\u00e1 um m\u00eas essa previs\u00e3o era de 2,50%. Os c\u00e1lculos para 2021 e 2022 seguem a mesma, de 2,5% para os dois anos.<\/p>\n<p style=\"text-align: center;\"><iframe loading=\"lazy\" src=\"https:\/\/www.youtube.com\/embed\/C2CKEmkT0c8\" width=\"560\" height=\"315\" frameborder=\"0\" allowfullscreen=\"allowfullscreen\"><\/iframe><\/p>\n<h2>Infla\u00e7\u00e3o est\u00e1vel<\/h2>\n<p>A previs\u00e3o para o\u00a0<strong>\u00cdndice de Pre\u00e7os ao Consumidor Amplo (IPCA)<\/strong> de 2019 aumentou, passando de 3,85% para 3,87%.<\/p>\n<p>Esse resultado continua abaixo da meta de <strong>infla\u00e7\u00e3o<\/strong> fixada para pelo <strong><a href=\"https:\/\/www.suno.com.br\/artigos\/cmn-conselho-monetario-nacional\/\">Conselho Monet\u00e1rio Nacional<\/a> (CMN)<\/strong> para este ano, de 4,25%. A meta tem uma toler\u00e2ncia de 1,5 ponto percentual, podendo ir de 2,75% at\u00e9 5,75%.<\/p>\n<p><a href=\"https:\/\/www.suno.com.br\/noticias\/ocde-reduz-projecao-crescimento-pib-brasileiro\/\">Saiba mais: OCDE reduz proje\u00e7\u00e3o para crescimento do PIB brasileiro<\/a><\/p>\n<p>Para 2020, a previs\u00e3o do mercado financeiro para o IPCA continua em 4%. Um resultado alinhado com a meta fixada pelo BC, tamb\u00e9m de 4%.<\/p>\n<p>O <strong>IPCA<\/strong> \u00e9 o indicador oficial da <strong>infla\u00e7\u00e3o<\/strong> no <strong>Brasil,<\/strong> e \u00e9 divulgado pelo <strong>Instituto Brasileiro de Geografia e Estat\u00edstica (IBGE)<\/strong> mensalmente. H\u00e1 ainda o <strong>IPCA-15,<\/strong> a pr\u00e9via mensal do indicador.<\/p>\n<p>Confira as previs\u00f5es do <strong>mercado financeiro<\/strong> para os indicadores de 2019 e 2020:<\/p>\n<h2>2019<\/h2>\n<ul>\n<li><strong><a href=\"https:\/\/www.suno.com.br\/artigos\/pib-produto-interno-bruto\/\">Produto Interno Bruto<\/a> (PIB):<\/strong>\u00a0previs\u00e3o de crescimento reduzida para 2,28%.<\/li>\n<li><strong><a href=\"https:\/\/www.suno.com.br\/artigos\/ipca\/\">\u00cdndice Nacional de Pre\u00e7os ao Consumidor Amplo<\/a> (IPCA)<\/strong>: previs\u00e3o de aumento para 3,87%.<\/li>\n<li><strong><a href=\"https:\/\/www.suno.com.br\/artigos\/taxa-selic\/\">Taxa Selic<\/a>:<\/strong>\u00a0mercado manteve a previs\u00e3o em 6,5%.<\/li>\n<li><strong><a href=\"https:\/\/www.suno.com.br\/artigos\/dolar\/\">D\u00f3lar<\/a>:<\/strong>\u00a0a previs\u00e3o confirmada em R$ 3,70.<\/li>\n<li><strong><a href=\"https:\/\/www.suno.com.br\/artigos\/balanca-comercial\/\">Balan\u00e7a Comercial<\/a>:<\/strong> o mercado manteve a previs\u00e3o de\u00a0<a href=\"https:\/\/www.suno.com.br\/artigos\/superavit-comercial\/\">super\u00e1vit\u00a0<\/a> em US$ 51 bilh\u00f5es.<\/li>\n<li><strong>Investimento estrangeiro direto:\u00a0<\/strong>as expectativas s\u00e3o de US$ 80 bilh\u00f5es.<\/li>\n<\/ul>\n<h2>2020<\/h2>\n<ul>\n<li><strong>PIB:<\/strong> proje\u00e7\u00e3o para o PIB passou de 2,7% para 2,8%.<\/li>\n<li><strong>IPCA: <\/strong>mais uma vez, o\u00a0mercado manteve a proje\u00e7\u00e3o em 4%. A meta central para 2020 ser\u00e1 tamb\u00e9m de 4%, com intervalo de toler\u00e2ncia entre 2,5% e 5,5%.<\/li>\n<li><strong>Taxa Selic:<\/strong>\u00a0previs\u00e3o mantida em 8%.<\/li>\n<li><strong>D\u00f3lar:<\/strong>\u00a0investidores confirmaram a previs\u00e3o de c\u00e2mbio em R$ 3,75.<\/li>\n<li><strong>Balan\u00e7a Comercial:<\/strong> a expectativa para o super\u00e1vit subiu para US$ 48,94 bilh\u00f5es.<\/li>\n<li><strong>Investimento estrangeiro direto:\u00a0<\/strong>economistas projetam investimentos de US$ 82,52 bilh\u00f5es.<\/li>\n<\/ul>\n<p>O <strong>Boletim Focus<\/strong> \u00e9 elaborado semanalmente pelo <a href=\"https:\/\/www.bcb.gov.br\/\"><strong>Banco Central<\/strong><\/a> na base das previs\u00f5es dos analistas de\u00a0mais de 100 institui\u00e7\u00f5es financeiras.<\/p>\n","protected":false},"excerpt":{"rendered":"<p>A previs\u00e3o de crescimento do Produto Interno Bruto (PIB) de 2019 do Boletim Focus apresenta uma nova redu\u00e7\u00e3o. Na semana passada, a estimativa era de que a economia brasileira crescesse 2,30% neste ano. Mas o Boletim divulgado nesta segunda-feira (11) aponta para um crescimento de apenas 2,28%. BC: uso de instrumentos cambiais ajudou mercados, diz [&hellip;]<\/p>\n","protected":false},"author":9,"featured_media":8835,"comment_status":"closed","ping_status":"closed","sticky":false,"template":"","format":"standard","meta":[],"categories":[62],"tags":[1842,834,807],"suno_strategy":[],"class_list":["post-17583","post","type-post","status-publish","format-standard","has-post-thumbnail","hentry","category-economia","tag-banco-central-bc","tag-boletim-focus","tag-produto-interno-bruto-pib"],"yoast_head":"<!-- This site is optimized with the Yoast SEO plugin v24.4 - https:\/\/yoast.com\/wordpress\/plugins\/seo\/ -->\n<title>BC: Boletim Focus prev\u00ea nova redu\u00e7\u00e3o do PIB de 2019<\/title>\n<meta name=\"description\" content=\"A previs\u00e3o de crescimento do Produto Interno Bruto (PIB) de 2019 do Boletim Focus apresenta uma nova redu\u00e7\u00e3o. Clique aqui para saber mais.\" \/>\n<meta name=\"robots\" content=\"index, follow, max-snippet:-1, max-image-preview:large, max-video-preview:-1\" \/>\n<link rel=\"canonical\" href=\"https:\/\/www.suno.com.br\/noticias\/bc-boletim-focus-preve-nova-reducao-pib-2019\/\" \/>\n<meta property=\"og:locale\" content=\"pt_BR\" \/>\n<meta property=\"og:type\" content=\"article\" \/>\n<meta property=\"og:title\" content=\"BC: Boletim Focus prev\u00ea nova redu\u00e7\u00e3o do PIB de 2019\" \/>\n<meta property=\"og:description\" content=\"A previs\u00e3o de crescimento do Produto Interno Bruto (PIB) de 2019 do Boletim Focus apresenta uma nova redu\u00e7\u00e3o. Clique aqui para saber mais.\" \/>\n<meta property=\"og:url\" content=\"https:\/\/www.suno.com.br\/noticias\/bc-boletim-focus-preve-nova-reducao-pib-2019\/\" \/>\n<meta property=\"og:site_name\" content=\"Suno Not\u00edcias\" \/>\n<meta property=\"article:publisher\" content=\"https:\/\/facebook.com\/sunoresearch\" \/>\n<meta property=\"og:image\" content=\"https:\/\/files.sunoresearch.com.br\/n\/uploads\/2018\/12\/2c1e4757-bolsonaro.jpg\" \/>\n\t<meta property=\"og:image:width\" content=\"2051\" \/>\n\t<meta property=\"og:image:height\" content=\"3081\" \/>\n\t<meta property=\"og:image:type\" content=\"image\/jpeg\" \/>\n<meta name=\"author\" content=\"Carlo Cauti\" \/>\n<meta name=\"twitter:card\" content=\"summary_large_image\" \/>\n<meta name=\"twitter:creator\" content=\"@sunoresearch\" \/>\n<meta name=\"twitter:site\" content=\"@sunoresearch\" \/>\n<meta name=\"twitter:label1\" content=\"Escrito por\" \/>\n\t<meta name=\"twitter:data1\" content=\"Carlo Cauti\" \/>\n\t<meta name=\"twitter:label2\" content=\"Est. tempo de leitura\" \/>\n\t<meta name=\"twitter:data2\" content=\"2 minutos\" \/>\n<script type=\"application\/ld+json\" class=\"yoast-schema-graph\">{\"@context\":\"https:\/\/schema.org\",\"@graph\":[{\"@type\":\"NewsArticle\",\"@id\":\"https:\/\/www.suno.com.br\/noticias\/bc-boletim-focus-preve-nova-reducao-pib-2019\/#article\",\"isPartOf\":{\"@id\":\"https:\/\/www.suno.com.br\/noticias\/bc-boletim-focus-preve-nova-reducao-pib-2019\/\"},\"author\":{\"name\":\"Carlo Cauti\",\"@id\":\"https:\/\/www.suno.com.br\/noticias\/#\/schema\/person\/e6e0f723cc177805027f4566c1d5e0c8\"},\"headline\":\"BC: Boletim Focus prev\u00ea nova redu\u00e7\u00e3o do PIB em 2019\",\"datePublished\":\"2019-03-11T12:57:05+00:00\",\"dateModified\":\"2021-02-18T01:49:45+00:00\",\"mainEntityOfPage\":{\"@id\":\"https:\/\/www.suno.com.br\/noticias\/bc-boletim-focus-preve-nova-reducao-pib-2019\/\"},\"wordCount\":472,\"publisher\":{\"@id\":\"https:\/\/www.suno.com.br\/noticias\/#organization\"},\"image\":{\"@id\":\"https:\/\/www.suno.com.br\/noticias\/bc-boletim-focus-preve-nova-reducao-pib-2019\/#primaryimage\"},\"thumbnailUrl\":\"https:\/\/files.sunoresearch.com.br\/n\/uploads\/2018\/12\/2c1e4757-bolsonaro-scaled.webp\",\"keywords\":[\"Banco Central (BC)\",\"Boletim Focus\",\"Produto Interno Bruto (PIB)\"],\"articleSection\":[\"Economia\"],\"inLanguage\":\"pt-BR\"},{\"@type\":\"WebPage\",\"@id\":\"https:\/\/www.suno.com.br\/noticias\/bc-boletim-focus-preve-nova-reducao-pib-2019\/\",\"url\":\"https:\/\/www.suno.com.br\/noticias\/bc-boletim-focus-preve-nova-reducao-pib-2019\/\",\"name\":\"BC: Boletim Focus prev\u00ea nova redu\u00e7\u00e3o do PIB de 2019\",\"isPartOf\":{\"@id\":\"https:\/\/www.suno.com.br\/noticias\/#website\"},\"primaryImageOfPage\":{\"@id\":\"https:\/\/www.suno.com.br\/noticias\/bc-boletim-focus-preve-nova-reducao-pib-2019\/#primaryimage\"},\"image\":{\"@id\":\"https:\/\/www.suno.com.br\/noticias\/bc-boletim-focus-preve-nova-reducao-pib-2019\/#primaryimage\"},\"thumbnailUrl\":\"https:\/\/files.sunoresearch.com.br\/n\/uploads\/2018\/12\/2c1e4757-bolsonaro-scaled.webp\",\"datePublished\":\"2019-03-11T12:57:05+00:00\",\"dateModified\":\"2021-02-18T01:49:45+00:00\",\"description\":\"A previs\u00e3o de crescimento do Produto Interno Bruto (PIB) de 2019 do Boletim Focus apresenta uma nova redu\u00e7\u00e3o. Clique aqui para saber mais.\",\"breadcrumb\":{\"@id\":\"https:\/\/www.suno.com.br\/noticias\/bc-boletim-focus-preve-nova-reducao-pib-2019\/#breadcrumb\"},\"inLanguage\":\"pt-BR\",\"potentialAction\":[{\"@type\":\"ReadAction\",\"target\":[\"https:\/\/www.suno.com.br\/noticias\/bc-boletim-focus-preve-nova-reducao-pib-2019\/\"]}]},{\"@type\":\"ImageObject\",\"inLanguage\":\"pt-BR\",\"@id\":\"https:\/\/www.suno.com.br\/noticias\/bc-boletim-focus-preve-nova-reducao-pib-2019\/#primaryimage\",\"url\":\"https:\/\/files.sunoresearch.com.br\/n\/uploads\/2018\/12\/2c1e4757-bolsonaro-scaled.webp\",\"contentUrl\":\"https:\/\/files.sunoresearch.com.br\/n\/uploads\/2018\/12\/2c1e4757-bolsonaro-scaled.webp\",\"width\":1704,\"height\":2560,\"caption\":\"BC: uso de instrumentos cambiais ajudou mercados, diz diretor\"},{\"@type\":\"BreadcrumbList\",\"@id\":\"https:\/\/www.suno.com.br\/noticias\/bc-boletim-focus-preve-nova-reducao-pib-2019\/#breadcrumb\",\"itemListElement\":[{\"@type\":\"ListItem\",\"position\":1,\"name\":\"Not\u00edcias\",\"item\":\"https:\/\/www.suno.com.br\/noticias\/\"},{\"@type\":\"ListItem\",\"position\":2,\"name\":\"Economia\",\"item\":\"https:\/\/www.suno.com.br\/noticias\/economia\/\"},{\"@type\":\"ListItem\",\"position\":3,\"name\":\"BC: Boletim Focus prev\u00ea nova redu\u00e7\u00e3o do PIB em 2019\"}]},{\"@type\":\"WebSite\",\"@id\":\"https:\/\/www.suno.com.br\/noticias\/#website\",\"url\":\"https:\/\/www.suno.com.br\/noticias\/\",\"name\":\"Suno Not\u00edcias\",\"description\":\"Seu portal de informa\u00e7\u00e3o sobre o mundo dos investimentos\",\"publisher\":{\"@id\":\"https:\/\/www.suno.com.br\/noticias\/#organization\"},\"potentialAction\":[{\"@type\":\"SearchAction\",\"target\":{\"@type\":\"EntryPoint\",\"urlTemplate\":\"https:\/\/www.suno.com.br\/noticias\/?s={search_term_string}\"},\"query-input\":{\"@type\":\"PropertyValueSpecification\",\"valueRequired\":true,\"valueName\":\"search_term_string\"}}],\"inLanguage\":\"pt-BR\"},{\"@type\":\"Organization\",\"@id\":\"https:\/\/www.suno.com.br\/noticias\/#organization\",\"name\":\"Suno Not\u00edcias\",\"url\":\"https:\/\/www.suno.com.br\/noticias\/\",\"logo\":{\"@type\":\"ImageObject\",\"inLanguage\":\"pt-BR\",\"@id\":\"https:\/\/www.suno.com.br\/noticias\/#\/schema\/logo\/image\/\",\"url\":\"https:\/\/files.sunoresearch.com.br\/n\/uploads\/2021\/09\/suno-logo.png\",\"contentUrl\":\"https:\/\/files.sunoresearch.com.br\/n\/uploads\/2021\/09\/suno-logo.png\",\"width\":180,\"height\":180,\"caption\":\"Suno Not\u00edcias\"},\"image\":{\"@id\":\"https:\/\/www.suno.com.br\/noticias\/#\/schema\/logo\/image\/\"},\"sameAs\":[\"https:\/\/facebook.com\/sunoresearch\",\"https:\/\/x.com\/sunoresearch\",\"https:\/\/www.instagram.com\/suno\",\"https:\/\/www.linkedin.com\/company\/suno-research\/\",\"https:\/\/www.youtube.com\/c\/sunoresearch\"]},{\"@type\":\"Person\",\"@id\":\"https:\/\/www.suno.com.br\/noticias\/#\/schema\/person\/e6e0f723cc177805027f4566c1d5e0c8\",\"name\":\"Carlo Cauti\",\"image\":{\"@type\":\"ImageObject\",\"inLanguage\":\"pt-BR\",\"@id\":\"https:\/\/www.suno.com.br\/noticias\/#\/schema\/person\/image\/\",\"url\":\"https:\/\/secure.gravatar.com\/avatar\/3ada9e0bd164c23abd4792a9606d583c?s=96&r=g\",\"contentUrl\":\"https:\/\/secure.gravatar.com\/avatar\/3ada9e0bd164c23abd4792a9606d583c?s=96&r=g\",\"caption\":\"Carlo Cauti\"},\"description\":\"Editor multim\u00eddia do SUNO Not\u00edcias. Italiano, formado em Ci\u00eancias Pol\u00edticas pela universidade LUISS G. Carli de Roma e mestre cum laude em Rela\u00e7\u00f5es Internacionais, Jornalismo Internacional e de Guerra e em Economia Internacional. Concluiu tamb\u00e9m um MBA em Finan\u00e7as na B3. No Brasil, teve passagem por ve\u00edculos como Estad\u00e3o, Globo, Veja e EXAME. e nas ag\u00eancias de not\u00edcias italianas ANSA e NOVA.\",\"url\":\"https:\/\/www.suno.com.br\/noticias\/author\/carlo-cauti\/\"}]}<\/script>\n<!-- \/ Yoast SEO plugin. -->","yoast_head_json":{"title":"BC: Boletim Focus prev\u00ea nova redu\u00e7\u00e3o do PIB de 2019","description":"A previs\u00e3o de crescimento do Produto Interno Bruto (PIB) de 2019 do Boletim Focus apresenta uma nova redu\u00e7\u00e3o. Clique aqui para saber mais.","robots":{"index":"index","follow":"follow","max-snippet":"max-snippet:-1","max-image-preview":"max-image-preview:large","max-video-preview":"max-video-preview:-1"},"canonical":"https:\/\/www.suno.com.br\/noticias\/bc-boletim-focus-preve-nova-reducao-pib-2019\/","og_locale":"pt_BR","og_type":"article","og_title":"BC: Boletim Focus prev\u00ea nova redu\u00e7\u00e3o do PIB de 2019","og_description":"A previs\u00e3o de crescimento do Produto Interno Bruto (PIB) de 2019 do Boletim Focus apresenta uma nova redu\u00e7\u00e3o. Clique aqui para saber mais.","og_url":"https:\/\/www.suno.com.br\/noticias\/bc-boletim-focus-preve-nova-reducao-pib-2019\/","og_site_name":"Suno Not\u00edcias","article_publisher":"https:\/\/facebook.com\/sunoresearch","og_image":[{"width":2051,"height":3081,"url":"https:\/\/files.sunoresearch.com.br\/n\/uploads\/2018\/12\/2c1e4757-bolsonaro.jpg","type":"image\/jpeg"}],"author":"Carlo Cauti","twitter_card":"summary_large_image","twitter_creator":"@sunoresearch","twitter_site":"@sunoresearch","twitter_misc":{"Escrito por":"Carlo Cauti","Est. tempo de leitura":"2 minutos"},"schema":{"@context":"https:\/\/schema.org","@graph":[{"@type":"NewsArticle","@id":"https:\/\/www.suno.com.br\/noticias\/bc-boletim-focus-preve-nova-reducao-pib-2019\/#article","isPartOf":{"@id":"https:\/\/www.suno.com.br\/noticias\/bc-boletim-focus-preve-nova-reducao-pib-2019\/"},"author":{"name":"Carlo Cauti","@id":"https:\/\/www.suno.com.br\/noticias\/#\/schema\/person\/e6e0f723cc177805027f4566c1d5e0c8"},"headline":"BC: Boletim Focus prev\u00ea nova redu\u00e7\u00e3o do PIB em 2019","datePublished":"2019-03-11T12:57:05+00:00","dateModified":"2021-02-18T01:49:45+00:00","mainEntityOfPage":{"@id":"https:\/\/www.suno.com.br\/noticias\/bc-boletim-focus-preve-nova-reducao-pib-2019\/"},"wordCount":472,"publisher":{"@id":"https:\/\/www.suno.com.br\/noticias\/#organization"},"image":{"@id":"https:\/\/www.suno.com.br\/noticias\/bc-boletim-focus-preve-nova-reducao-pib-2019\/#primaryimage"},"thumbnailUrl":"https:\/\/files.sunoresearch.com.br\/n\/uploads\/2018\/12\/2c1e4757-bolsonaro-scaled.webp","keywords":["Banco Central (BC)","Boletim Focus","Produto Interno Bruto (PIB)"],"articleSection":["Economia"],"inLanguage":"pt-BR"},{"@type":"WebPage","@id":"https:\/\/www.suno.com.br\/noticias\/bc-boletim-focus-preve-nova-reducao-pib-2019\/","url":"https:\/\/www.suno.com.br\/noticias\/bc-boletim-focus-preve-nova-reducao-pib-2019\/","name":"BC: Boletim Focus prev\u00ea nova redu\u00e7\u00e3o do PIB de 2019","isPartOf":{"@id":"https:\/\/www.suno.com.br\/noticias\/#website"},"primaryImageOfPage":{"@id":"https:\/\/www.suno.com.br\/noticias\/bc-boletim-focus-preve-nova-reducao-pib-2019\/#primaryimage"},"image":{"@id":"https:\/\/www.suno.com.br\/noticias\/bc-boletim-focus-preve-nova-reducao-pib-2019\/#primaryimage"},"thumbnailUrl":"https:\/\/files.sunoresearch.com.br\/n\/uploads\/2018\/12\/2c1e4757-bolsonaro-scaled.webp","datePublished":"2019-03-11T12:57:05+00:00","dateModified":"2021-02-18T01:49:45+00:00","description":"A previs\u00e3o de crescimento do Produto Interno Bruto (PIB) de 2019 do Boletim Focus apresenta uma nova redu\u00e7\u00e3o. Clique aqui para saber mais.","breadcrumb":{"@id":"https:\/\/www.suno.com.br\/noticias\/bc-boletim-focus-preve-nova-reducao-pib-2019\/#breadcrumb"},"inLanguage":"pt-BR","potentialAction":[{"@type":"ReadAction","target":["https:\/\/www.suno.com.br\/noticias\/bc-boletim-focus-preve-nova-reducao-pib-2019\/"]}]},{"@type":"ImageObject","inLanguage":"pt-BR","@id":"https:\/\/www.suno.com.br\/noticias\/bc-boletim-focus-preve-nova-reducao-pib-2019\/#primaryimage","url":"https:\/\/files.sunoresearch.com.br\/n\/uploads\/2018\/12\/2c1e4757-bolsonaro-scaled.webp","contentUrl":"https:\/\/files.sunoresearch.com.br\/n\/uploads\/2018\/12\/2c1e4757-bolsonaro-scaled.webp","width":1704,"height":2560,"caption":"BC: uso de instrumentos cambiais ajudou mercados, diz diretor"},{"@type":"BreadcrumbList","@id":"https:\/\/www.suno.com.br\/noticias\/bc-boletim-focus-preve-nova-reducao-pib-2019\/#breadcrumb","itemListElement":[{"@type":"ListItem","position":1,"name":"Not\u00edcias","item":"https:\/\/www.suno.com.br\/noticias\/"},{"@type":"ListItem","position":2,"name":"Economia","item":"https:\/\/www.suno.com.br\/noticias\/economia\/"},{"@type":"ListItem","position":3,"name":"BC: Boletim Focus prev\u00ea nova redu\u00e7\u00e3o do PIB em 2019"}]},{"@type":"WebSite","@id":"https:\/\/www.suno.com.br\/noticias\/#website","url":"https:\/\/www.suno.com.br\/noticias\/","name":"Suno Not\u00edcias","description":"Seu portal de informa\u00e7\u00e3o sobre o mundo dos investimentos","publisher":{"@id":"https:\/\/www.suno.com.br\/noticias\/#organization"},"potentialAction":[{"@type":"SearchAction","target":{"@type":"EntryPoint","urlTemplate":"https:\/\/www.suno.com.br\/noticias\/?s={search_term_string}"},"query-input":{"@type":"PropertyValueSpecification","valueRequired":true,"valueName":"search_term_string"}}],"inLanguage":"pt-BR"},{"@type":"Organization","@id":"https:\/\/www.suno.com.br\/noticias\/#organization","name":"Suno Not\u00edcias","url":"https:\/\/www.suno.com.br\/noticias\/","logo":{"@type":"ImageObject","inLanguage":"pt-BR","@id":"https:\/\/www.suno.com.br\/noticias\/#\/schema\/logo\/image\/","url":"https:\/\/files.sunoresearch.com.br\/n\/uploads\/2021\/09\/suno-logo.png","contentUrl":"https:\/\/files.sunoresearch.com.br\/n\/uploads\/2021\/09\/suno-logo.png","width":180,"height":180,"caption":"Suno Not\u00edcias"},"image":{"@id":"https:\/\/www.suno.com.br\/noticias\/#\/schema\/logo\/image\/"},"sameAs":["https:\/\/facebook.com\/sunoresearch","https:\/\/x.com\/sunoresearch","https:\/\/www.instagram.com\/suno","https:\/\/www.linkedin.com\/company\/suno-research\/","https:\/\/www.youtube.com\/c\/sunoresearch"]},{"@type":"Person","@id":"https:\/\/www.suno.com.br\/noticias\/#\/schema\/person\/e6e0f723cc177805027f4566c1d5e0c8","name":"Carlo Cauti","image":{"@type":"ImageObject","inLanguage":"pt-BR","@id":"https:\/\/www.suno.com.br\/noticias\/#\/schema\/person\/image\/","url":"https:\/\/secure.gravatar.com\/avatar\/3ada9e0bd164c23abd4792a9606d583c?s=96&r=g","contentUrl":"https:\/\/secure.gravatar.com\/avatar\/3ada9e0bd164c23abd4792a9606d583c?s=96&r=g","caption":"Carlo Cauti"},"description":"Editor multim\u00eddia do SUNO Not\u00edcias. Italiano, formado em Ci\u00eancias Pol\u00edticas pela universidade LUISS G. Carli de Roma e mestre cum laude em Rela\u00e7\u00f5es Internacionais, Jornalismo Internacional e de Guerra e em Economia Internacional. Concluiu tamb\u00e9m um MBA em Finan\u00e7as na B3. No Brasil, teve passagem por ve\u00edculos como Estad\u00e3o, Globo, Veja e EXAME. e nas ag\u00eancias de not\u00edcias italianas ANSA e NOVA.","url":"https:\/\/www.suno.com.br\/noticias\/author\/carlo-cauti\/"}]}},"default_loop_html":"<div class=\"cardsPage__listCard__boxs\"><div class=\"cardsPage__listCard__boxs__img\"><a href=\"https:\/\/www.suno.com.br\/noticias\/bc-boletim-focus-preve-nova-reducao-pib-2019\/\"><img class=\"mask\" src=\"https:\/\/www.suno.com.br\/noticias\/wp-content\/themes\/suno\/resources\/images\/spotlight\/spotlight1img\/bg-mask.png\" alt=\"Image Mask\"\/><img src=\"https:\/\/files.sunoresearch.com.br\/n\/uploads\/2018\/12\/2c1e4757-bolsonaro-400x200.webp\" alt=\"BC: Boletim Focus prev\u00ea nova redu\u00e7\u00e3o do PIB em 2019\"\/><\/a><span class=\"spotlightCategory\"><a href=\"https:\/\/www.suno.com.br\/noticias\/economia\/\">Economia<\/a><\/span><\/div><div class=\"cardsPage__listCard__boxs__content\"><a href=\"https:\/\/www.suno.com.br\/noticias\/bc-boletim-focus-preve-nova-reducao-pib-2019\/\"><h2 class=\"content__title\">BC: Boletim Focus prev\u00ea nova redu\u00e7\u00e3o do PIB em 2019<\/h2><\/a><div class=\"newsContent__article__meta\"><div class=\"newsContent__article__meta__authorBox\"><a href=\"https:\/\/www.suno.com.br\/noticias\/author\/carlo-cauti\/\" class=\"authorBox__avatar noMobi\"><img src=\"https:\/\/files.sunoresearch.com.br\/n\/uploads\/2020\/08\/e3745f9a-perfil-carlo-cauti-150x150.webp\" alt=\"Carlo Cauti\"><\/a><div class=\"authorBox__name\"><span>por\n\t\t\t<a href=\"https:\/\/www.suno.com.br\/noticias\/author\/carlo-cauti\/\"><span itemprop=\"author\">Carlo Cauti<\/span><\/a><\/span><time datetime=\"2019-03-11T09:57:05-03:00\" itemprop=\"datePublished\">11\/03\/2019 09:57<\/time><\/div><\/div><\/div><\/div><\/div>","single_layout":"posts","amp_enabled":true,"_links":{"self":[{"href":"https:\/\/www.suno.com.br\/noticias\/wp-json\/wp\/v2\/posts\/17583"}],"collection":[{"href":"https:\/\/www.suno.com.br\/noticias\/wp-json\/wp\/v2\/posts"}],"about":[{"href":"https:\/\/www.suno.com.br\/noticias\/wp-json\/wp\/v2\/types\/post"}],"author":[{"embeddable":true,"href":"https:\/\/www.suno.com.br\/noticias\/wp-json\/wp\/v2\/users\/9"}],"replies":[{"embeddable":true,"href":"https:\/\/www.suno.com.br\/noticias\/wp-json\/wp\/v2\/comments?post=17583"}],"version-history":[{"count":0,"href":"https:\/\/www.suno.com.br\/noticias\/wp-json\/wp\/v2\/posts\/17583\/revisions"}],"wp:featuredmedia":[{"embeddable":true,"href":"https:\/\/www.suno.com.br\/noticias\/wp-json\/wp\/v2\/media\/8835"}],"wp:attachment":[{"href":"https:\/\/www.suno.com.br\/noticias\/wp-json\/wp\/v2\/media?parent=17583"}],"wp:term":[{"taxonomy":"category","embeddable":true,"href":"https:\/\/www.suno.com.br\/noticias\/wp-json\/wp\/v2\/categories?post=17583"},{"taxonomy":"post_tag","embeddable":true,"href":"https:\/\/www.suno.com.br\/noticias\/wp-json\/wp\/v2\/tags?post=17583"},{"taxonomy":"suno_strategy","embeddable":true,"href":"https:\/\/www.suno.com.br\/noticias\/wp-json\/wp\/v2\/suno_strategy?post=17583"}],"curies":[{"name":"wp","href":"https:\/\/api.w.org\/{rel}","templated":true}]}}