{"id":17560,"date":"2019-03-10T16:01:15","date_gmt":"2019-03-10T19:01:15","guid":{"rendered":"https:\/\/www.suno.com.br\/noticias\/?p=17560"},"modified":"2021-06-13T23:47:32","modified_gmt":"2021-06-14T02:47:32","slug":"a-seguir-reforma-da-previdencia-desaceleracao-global-e-recorde-de-investidores","status":"publish","type":"post","link":"https:\/\/www.suno.com.br\/noticias\/a-seguir-reforma-da-previdencia-desaceleracao-global-e-recorde-de-investidores\/","title":{"rendered":"A Seguir: Reforma da Previd\u00eancia, Desacelera\u00e7\u00e3o Global e Recorde de Investidores"},"content":{"rendered":"<h2>O que deve movimentar a semana no Brasil<\/h2>\n<p>Com o fim das festividades de carnaval teremos uma semana \u201cnormal\u201d a frente, ao menos do ponto de vista da quantidade de dias \u00fateis de negocia\u00e7\u00e3o na Bolsa, com potencial aumento de volume, que deve agora voltar ao normal, ap\u00f3s a baixa durante o carnaval.<\/p>\t<div class=\"wrapper-featured-image\">\n\t\t<figure class=\"spotlightImg\">\n\n\t\t\t<picture>\n\t\t\t\t<source media=\"(max-width: 768px)\" srcset=\"https:\/\/files.sunoresearch.com.br\/n\/uploads\/2019\/03\/6d2f3312-rawpixel-653767-unsplash-1-400x200.webp\">\n\t\t\t\t<img loading=\"lazy\" decoding=\"async\" class=\"newsContent__article__imgCapa lazyloadDisabled newsContent__article__imgCapa--noCaption\" src=\"https:\/\/files.sunoresearch.com.br\/n\/uploads\/2019\/03\/6d2f3312-rawpixel-653767-unsplash-1-800x450.webp\" width=\"800\" height=\"450\" alt=\"A Seguir: Reforma da Previd\u00eancia, Desacelera\u00e7\u00e3o Global e Recorde de Investidores\" fetchpriority=high \/>\n\t\t\t<\/picture>\n\n\t\t\t<figcaption class=\"wp-caption-text wp-caption-text--hide\"><\/figcaption>\n\t\t<\/figure>\n\t<\/div>\n\n<h2>O que deve movimentar a semana no Brasil<\/h2>\n\n<p>Do ponto de vista pol\u00edtico, existem grandes expectativas para os avan\u00e7os das negocia\u00e7\u00f5es para aprova\u00e7\u00e3o das reformas necess\u00e1rias para o pa\u00eds.<\/p>\n<hr \/>\n<p><strong>Reforma de previd\u00eancia avan\u00e7a<\/strong><\/p>\n<p>Ontem (s\u00e1bado) Bolsonaro e Rodrigo Maia se reuniram para discutir o avan\u00e7o das reformas.<\/p>\n<p><a href=\"https:\/\/www.suno.com.br\/noticias\/bolsonaro-maia-reforma-previdencia\/\">Veja mais:\u00a0Reforma da Previd\u00eancia: Bolsonaro e Maia se reuniram neste s\u00e1bado\u00a0<\/a><\/p>\n<p>No encontro Bolsonaro se comprometeu a atuar ativamente para acelerar o processo de tramita\u00e7\u00e3o da proposta, conversando com l\u00edderes da base de apoio e oposi\u00e7\u00e3o para garantir que a aprova\u00e7\u00e3o ocorra no menor tempo poss\u00edvel.<\/p>\n<hr \/>\n<p><strong>Paulo Guedes apresenta novas medidas<\/strong><\/p>\n<p>J\u00e1 Paulo Guedes, tamb\u00e9m deu declara\u00e7\u00f5es de que pretende enviar para aprova\u00e7\u00e3o diversos outros projetos chaves, como uma nova proposta de Pacto Federativo, e em breve simplifica\u00e7\u00e3o do modelo tribut\u00e1rio nacional.<\/p>\n<p>O movimento como um todo \u00e9 positivo, agora, resta acompanhar se os mesmos render\u00e3o frutos reais com o avan\u00e7o das medidas necess\u00e1rias.<\/p>\n<hr \/>\n<p><strong>Calend\u00e1rio econ\u00f4mico tamb\u00e9m \u00e9 movimentado<\/strong><\/p>\n<p>No calend\u00e1rio econ\u00f4mico o movimento tamb\u00e9m \u00e9 relevante ao longo dos pr\u00f3ximos dias.<\/p>\n<p>Al\u00e9m do tradicional Boletim Focus, dados sobre a Infla\u00e7\u00e3o, produ\u00e7\u00e3o industrial, e vendas do varejo ser\u00e3o liberados nos pr\u00f3ximos dias.<\/p>\n<p>A come\u00e7ar pela infla\u00e7\u00e3o mensal e anual referente a janeiro que ser\u00e1 anunciada na ter\u00e7a-feira (12). A expectativa \u00e9 de uma alta de 0,2% na base mensal e um acumulado de 3.8% na base anual.<\/p>\n<p>J\u00e1 o \u00edndice de produ\u00e7\u00e3o industrial que reflete o uso da capacidade produtiva nacional ser\u00e1 liberado na quarta-feira (13) enquanto que o \u00edndice de vendas do varejo ser\u00e1 anunciado na quinta-feira (14).<\/p>\n<p>Ambos os \u00edndices refletem a situa\u00e7\u00e3o da economia do ponto de vista mais puro, sendo conectados a produ\u00e7\u00e3o e consumo reais, assim, a import\u00e2ncia desses indicadores \u00e9 alta, pois refletem o impacto real das medidas econ\u00f4micas e suas consequ\u00eancias no pa\u00eds.<\/p>\n<hr \/>\n<h2>O que deve movimentar o mundo essa semana<\/h2>\n<p>Em nossa vis\u00e3o global os principais destaques continuam sendo divididos entre EUA e China.<\/p>\n<hr \/>\n<p><strong>Economia dos EUA gera expectativa<\/strong><\/p>\n<p>Ap\u00f3s o an\u00fancio do maior d\u00e9ficit comercial em um \u00fanico m\u00eas desde 2008, os temores de uma desacelera\u00e7\u00e3o da economia americana seguem crescentes, assim a libera\u00e7\u00e3o de dados sobre Infla\u00e7\u00e3o e varejo s\u00e3o aguardados com ansiedade pelo mercado.<\/p>\n<p><a href=\"https:\/\/www.suno.com.br\/noticias\/eua-registram-maior-deficit-comercial\/\">Veja mais:\u00a0EUA registram maior d\u00e9ficit comercial em 10 anos\u00a0<\/a><\/p>\n<p>No que se refere as vendas do varejo a expectativa \u00e9 de que o resultado seja flat (varia\u00e7\u00e3o muito baixa) em rela\u00e7\u00e3o ao per\u00edodo anterior, por\u00e9m, quando exclu\u00eddo o impacto do setor automotivo a expectativa \u00e9 de uma alta de 0,4% contra uma queda de -1,8% no m\u00eas anterior.<\/p>\n<p>A confirma\u00e7\u00e3o da alta nas vendas \u00e9 importante, pois significa que a economia americana ainda tem for\u00e7a e segue o ritmo de crescimento cont\u00ednuo.<\/p>\n<p>J\u00e1 a expectativa da infla\u00e7\u00e3o \u00e9 de um aumento de 0,2% no m\u00eas, enquanto que na base anual a alta seja de 1,6%, em linha com o per\u00edodo anterior.<\/p>\n<hr \/>\n<p><strong>Dados da China tamb\u00e9m s\u00e3o aguardados<\/strong><\/p>\n<p>J\u00e1 na China a expectativa fica com os dados sobre a produ\u00e7\u00e3o industrial do pa\u00eds.<\/p>\n<p>A expectativa \u00e9 de uma alta de 5,5% o que significa uma desacelera\u00e7\u00e3o quando comparado com o per\u00edodo anterior onde a produ\u00e7\u00e3o pa\u00eds cresceu 5,7%.<\/p>\n<p>Tamb\u00e9m devem ser liberados dados sobre as vendas do varejo e investimentos em renda fixa no pa\u00eds ao longo dessa semana.<\/p>\n<p>Os dados da China tamb\u00e9m s\u00e3o importantes, visto que recentes estudos mostram que o crescimento do pa\u00eds que tem sido um dos grandes motores do crescimento global nos \u00faltimos anos tem desacelerado, em parte pelo impacto da guerra comercial com os EUA.<\/p>\n<p><a href=\"https:\/\/www.suno.com.br\/noticias\/china-confiante-acordo-comercial\/\">Veja mais:\u00a0China segue confiante em rela\u00e7\u00e3o ao acordo comercial com os EUA\u00a0<\/a><\/p>\n","protected":false},"excerpt":{"rendered":"<p>O que deve movimentar a semana no Brasil Com o fim das festividades de carnaval teremos uma semana \u201cnormal\u201d a frente, ao menos do ponto de vista da quantidade de dias \u00fateis de negocia\u00e7\u00e3o na Bolsa, com potencial aumento de volume, que deve agora voltar ao normal, ap\u00f3s a baixa durante o carnaval. O que [&hellip;]<\/p>\n","protected":false},"author":2,"featured_media":17561,"comment_status":"closed","ping_status":"closed","sticky":false,"template":"","format":"standard","meta":[],"categories":[60],"tags":[309,711,724,740,793,719,940],"suno_strategy":[],"class_list":["post-17560","post","type-post","status-publish","format-standard","has-post-thumbnail","hentry","category-mercado","tag-bolsa-de-valores","tag-china","tag-donald-trump","tag-economia","tag-estados-unidos-eua","tag-jair-bolsonaro","tag-reforma-da-previdencia"],"yoast_head":"<!-- This site is optimized with the Yoast SEO plugin v24.4 - https:\/\/yoast.com\/wordpress\/plugins\/seo\/ -->\n<title>A Seguir: Reforma da Previd\u00eancia, Desacelera\u00e7\u00e3o Global e Recorde de Investidores<\/title>\n<meta name=\"robots\" content=\"index, follow, max-snippet:-1, max-image-preview:large, max-video-preview:-1\" \/>\n<link rel=\"canonical\" href=\"https:\/\/www.suno.com.br\/noticias\/a-seguir-reforma-da-previdencia-desaceleracao-global-e-recorde-de-investidores\/\" \/>\n<meta property=\"og:locale\" content=\"pt_BR\" \/>\n<meta property=\"og:type\" content=\"article\" \/>\n<meta property=\"og:title\" content=\"A Seguir: Reforma da Previd\u00eancia, Desacelera\u00e7\u00e3o Global e Recorde de Investidores\" \/>\n<meta property=\"og:description\" content=\"O que deve movimentar a semana no Brasil Com o fim das festividades de carnaval teremos uma semana \u201cnormal\u201d a frente, ao menos do ponto de vista da quantidade de dias \u00fateis de negocia\u00e7\u00e3o na Bolsa, com potencial aumento de volume, que deve agora voltar ao normal, ap\u00f3s a baixa durante o carnaval. O que [&hellip;]\" \/>\n<meta property=\"og:url\" content=\"https:\/\/www.suno.com.br\/noticias\/a-seguir-reforma-da-previdencia-desaceleracao-global-e-recorde-de-investidores\/\" \/>\n<meta property=\"og:site_name\" content=\"Suno Not\u00edcias\" \/>\n<meta property=\"article:publisher\" content=\"https:\/\/facebook.com\/sunoresearch\" \/>\n<meta property=\"article:author\" content=\"https:\/\/www.facebook.com\/joaovitor2763\" \/>\n<meta property=\"og:image\" content=\"https:\/\/files.sunoresearch.com.br\/n\/uploads\/2019\/03\/6d2f3312-rawpixel-653767-unsplash-1.jpg\" \/>\n\t<meta property=\"og:image:width\" content=\"1200\" \/>\n\t<meta property=\"og:image:height\" content=\"634\" \/>\n\t<meta property=\"og:image:type\" content=\"image\/jpeg\" \/>\n<meta name=\"author\" content=\"Jo\u00e3o Vitor Chaves Silva\" \/>\n<meta name=\"twitter:card\" content=\"summary_large_image\" \/>\n<meta name=\"twitter:creator\" content=\"@https:\/\/twitter.com\/joaovitor2763\" \/>\n<meta name=\"twitter:site\" content=\"@sunoresearch\" \/>\n<meta name=\"twitter:label1\" content=\"Escrito por\" \/>\n\t<meta name=\"twitter:data1\" content=\"Jo\u00e3o Vitor Chaves Silva\" \/>\n\t<meta name=\"twitter:label2\" content=\"Est. tempo de leitura\" \/>\n\t<meta name=\"twitter:data2\" content=\"4 minutos\" \/>\n<script type=\"application\/ld+json\" class=\"yoast-schema-graph\">{\"@context\":\"https:\/\/schema.org\",\"@graph\":[{\"@type\":\"NewsArticle\",\"@id\":\"https:\/\/www.suno.com.br\/noticias\/a-seguir-reforma-da-previdencia-desaceleracao-global-e-recorde-de-investidores\/#article\",\"isPartOf\":{\"@id\":\"https:\/\/www.suno.com.br\/noticias\/a-seguir-reforma-da-previdencia-desaceleracao-global-e-recorde-de-investidores\/\"},\"author\":{\"name\":\"Jo\u00e3o Vitor Chaves Silva\",\"@id\":\"https:\/\/www.suno.com.br\/noticias\/#\/schema\/person\/962c5e214a16b408badbd2e3e889decc\"},\"headline\":\"A Seguir: Reforma da Previd\u00eancia, Desacelera\u00e7\u00e3o Global e Recorde de Investidores\",\"datePublished\":\"2019-03-10T19:01:15+00:00\",\"dateModified\":\"2021-06-14T02:47:32+00:00\",\"mainEntityOfPage\":{\"@id\":\"https:\/\/www.suno.com.br\/noticias\/a-seguir-reforma-da-previdencia-desaceleracao-global-e-recorde-de-investidores\/\"},\"wordCount\":718,\"publisher\":{\"@id\":\"https:\/\/www.suno.com.br\/noticias\/#organization\"},\"image\":{\"@id\":\"https:\/\/www.suno.com.br\/noticias\/a-seguir-reforma-da-previdencia-desaceleracao-global-e-recorde-de-investidores\/#primaryimage\"},\"thumbnailUrl\":\"https:\/\/files.sunoresearch.com.br\/n\/uploads\/2019\/03\/6d2f3312-rawpixel-653767-unsplash-1-jpg.webp\",\"keywords\":[\"Bolsa de Valores\",\"China\",\"Donald Trump\",\"Economia\",\"Estados Unidos (EUA)\",\"Jair Bolsonaro\",\"Reforma da Previd\u00eancia\"],\"articleSection\":[\"Mercado\"],\"inLanguage\":\"pt-BR\"},{\"@type\":\"WebPage\",\"@id\":\"https:\/\/www.suno.com.br\/noticias\/a-seguir-reforma-da-previdencia-desaceleracao-global-e-recorde-de-investidores\/\",\"url\":\"https:\/\/www.suno.com.br\/noticias\/a-seguir-reforma-da-previdencia-desaceleracao-global-e-recorde-de-investidores\/\",\"name\":\"A Seguir: Reforma da Previd\u00eancia, Desacelera\u00e7\u00e3o Global e Recorde de Investidores\",\"isPartOf\":{\"@id\":\"https:\/\/www.suno.com.br\/noticias\/#website\"},\"primaryImageOfPage\":{\"@id\":\"https:\/\/www.suno.com.br\/noticias\/a-seguir-reforma-da-previdencia-desaceleracao-global-e-recorde-de-investidores\/#primaryimage\"},\"image\":{\"@id\":\"https:\/\/www.suno.com.br\/noticias\/a-seguir-reforma-da-previdencia-desaceleracao-global-e-recorde-de-investidores\/#primaryimage\"},\"thumbnailUrl\":\"https:\/\/files.sunoresearch.com.br\/n\/uploads\/2019\/03\/6d2f3312-rawpixel-653767-unsplash-1-jpg.webp\",\"datePublished\":\"2019-03-10T19:01:15+00:00\",\"dateModified\":\"2021-06-14T02:47:32+00:00\",\"breadcrumb\":{\"@id\":\"https:\/\/www.suno.com.br\/noticias\/a-seguir-reforma-da-previdencia-desaceleracao-global-e-recorde-de-investidores\/#breadcrumb\"},\"inLanguage\":\"pt-BR\",\"potentialAction\":[{\"@type\":\"ReadAction\",\"target\":[\"https:\/\/www.suno.com.br\/noticias\/a-seguir-reforma-da-previdencia-desaceleracao-global-e-recorde-de-investidores\/\"]}]},{\"@type\":\"ImageObject\",\"inLanguage\":\"pt-BR\",\"@id\":\"https:\/\/www.suno.com.br\/noticias\/a-seguir-reforma-da-previdencia-desaceleracao-global-e-recorde-de-investidores\/#primaryimage\",\"url\":\"https:\/\/files.sunoresearch.com.br\/n\/uploads\/2019\/03\/6d2f3312-rawpixel-653767-unsplash-1-jpg.webp\",\"contentUrl\":\"https:\/\/files.sunoresearch.com.br\/n\/uploads\/2019\/03\/6d2f3312-rawpixel-653767-unsplash-1-jpg.webp\",\"width\":1200,\"height\":634},{\"@type\":\"BreadcrumbList\",\"@id\":\"https:\/\/www.suno.com.br\/noticias\/a-seguir-reforma-da-previdencia-desaceleracao-global-e-recorde-de-investidores\/#breadcrumb\",\"itemListElement\":[{\"@type\":\"ListItem\",\"position\":1,\"name\":\"Not\u00edcias\",\"item\":\"https:\/\/www.suno.com.br\/noticias\/\"},{\"@type\":\"ListItem\",\"position\":2,\"name\":\"Mercado\",\"item\":\"https:\/\/www.suno.com.br\/noticias\/mercado\/\"},{\"@type\":\"ListItem\",\"position\":3,\"name\":\"A Seguir: Reforma da Previd\u00eancia, Desacelera\u00e7\u00e3o Global e Recorde de Investidores\"}]},{\"@type\":\"WebSite\",\"@id\":\"https:\/\/www.suno.com.br\/noticias\/#website\",\"url\":\"https:\/\/www.suno.com.br\/noticias\/\",\"name\":\"Suno Not\u00edcias\",\"description\":\"Seu portal de informa\u00e7\u00e3o sobre o mundo dos investimentos\",\"publisher\":{\"@id\":\"https:\/\/www.suno.com.br\/noticias\/#organization\"},\"potentialAction\":[{\"@type\":\"SearchAction\",\"target\":{\"@type\":\"EntryPoint\",\"urlTemplate\":\"https:\/\/www.suno.com.br\/noticias\/?s={search_term_string}\"},\"query-input\":{\"@type\":\"PropertyValueSpecification\",\"valueRequired\":true,\"valueName\":\"search_term_string\"}}],\"inLanguage\":\"pt-BR\"},{\"@type\":\"Organization\",\"@id\":\"https:\/\/www.suno.com.br\/noticias\/#organization\",\"name\":\"Suno Not\u00edcias\",\"url\":\"https:\/\/www.suno.com.br\/noticias\/\",\"logo\":{\"@type\":\"ImageObject\",\"inLanguage\":\"pt-BR\",\"@id\":\"https:\/\/www.suno.com.br\/noticias\/#\/schema\/logo\/image\/\",\"url\":\"https:\/\/files.sunoresearch.com.br\/n\/uploads\/2021\/09\/suno-logo.png\",\"contentUrl\":\"https:\/\/files.sunoresearch.com.br\/n\/uploads\/2021\/09\/suno-logo.png\",\"width\":180,\"height\":180,\"caption\":\"Suno Not\u00edcias\"},\"image\":{\"@id\":\"https:\/\/www.suno.com.br\/noticias\/#\/schema\/logo\/image\/\"},\"sameAs\":[\"https:\/\/facebook.com\/sunoresearch\",\"https:\/\/x.com\/sunoresearch\",\"https:\/\/www.instagram.com\/suno\",\"https:\/\/www.linkedin.com\/company\/suno-research\/\",\"https:\/\/www.youtube.com\/c\/sunoresearch\"]},{\"@type\":\"Person\",\"@id\":\"https:\/\/www.suno.com.br\/noticias\/#\/schema\/person\/962c5e214a16b408badbd2e3e889decc\",\"name\":\"Jo\u00e3o Vitor Chaves Silva\",\"image\":{\"@type\":\"ImageObject\",\"inLanguage\":\"pt-BR\",\"@id\":\"https:\/\/www.suno.com.br\/noticias\/#\/schema\/person\/image\/\",\"url\":\"https:\/\/secure.gravatar.com\/avatar\/e2e62d3d83007a9c98150149e35d1c78?s=96&r=g\",\"contentUrl\":\"https:\/\/secure.gravatar.com\/avatar\/e2e62d3d83007a9c98150149e35d1c78?s=96&r=g\",\"caption\":\"Jo\u00e3o Vitor Chaves Silva\"},\"description\":\"Fundador do Empreenda Junto, 2\u00ba\u00a0Maior comunidade online de empreendedores do Brasil, 1\u00ba\u00a0Brasileiro e Pessoa mais jovem a receber o t\u00edtulo de Teacher Of New Ventures And Leadership pelo MIT GEB, COO da Suno Research.\",\"sameAs\":[\"https:\/\/www.suno.com.br\",\"https:\/\/www.facebook.com\/joaovitor2763\",\"https:\/\/x.com\/https:\/\/twitter.com\/joaovitor2763\"],\"url\":\"https:\/\/www.suno.com.br\/noticias\/author\/joao-vitor\/\"}]}<\/script>\n<!-- \/ Yoast SEO plugin. -->","yoast_head_json":{"title":"A Seguir: Reforma da Previd\u00eancia, Desacelera\u00e7\u00e3o Global e Recorde de Investidores","robots":{"index":"index","follow":"follow","max-snippet":"max-snippet:-1","max-image-preview":"max-image-preview:large","max-video-preview":"max-video-preview:-1"},"canonical":"https:\/\/www.suno.com.br\/noticias\/a-seguir-reforma-da-previdencia-desaceleracao-global-e-recorde-de-investidores\/","og_locale":"pt_BR","og_type":"article","og_title":"A Seguir: Reforma da Previd\u00eancia, Desacelera\u00e7\u00e3o Global e Recorde de Investidores","og_description":"O que deve movimentar a semana no Brasil Com o fim das festividades de carnaval teremos uma semana \u201cnormal\u201d a frente, ao menos do ponto de vista da quantidade de dias \u00fateis de negocia\u00e7\u00e3o na Bolsa, com potencial aumento de volume, que deve agora voltar ao normal, ap\u00f3s a baixa durante o carnaval. O que [&hellip;]","og_url":"https:\/\/www.suno.com.br\/noticias\/a-seguir-reforma-da-previdencia-desaceleracao-global-e-recorde-de-investidores\/","og_site_name":"Suno Not\u00edcias","article_publisher":"https:\/\/facebook.com\/sunoresearch","article_author":"https:\/\/www.facebook.com\/joaovitor2763","og_image":[{"width":1200,"height":634,"url":"https:\/\/files.sunoresearch.com.br\/n\/uploads\/2019\/03\/6d2f3312-rawpixel-653767-unsplash-1.jpg","type":"image\/jpeg"}],"author":"Jo\u00e3o Vitor Chaves Silva","twitter_card":"summary_large_image","twitter_creator":"@https:\/\/twitter.com\/joaovitor2763","twitter_site":"@sunoresearch","twitter_misc":{"Escrito por":"Jo\u00e3o Vitor Chaves Silva","Est. tempo de leitura":"4 minutos"},"schema":{"@context":"https:\/\/schema.org","@graph":[{"@type":"NewsArticle","@id":"https:\/\/www.suno.com.br\/noticias\/a-seguir-reforma-da-previdencia-desaceleracao-global-e-recorde-de-investidores\/#article","isPartOf":{"@id":"https:\/\/www.suno.com.br\/noticias\/a-seguir-reforma-da-previdencia-desaceleracao-global-e-recorde-de-investidores\/"},"author":{"name":"Jo\u00e3o Vitor Chaves Silva","@id":"https:\/\/www.suno.com.br\/noticias\/#\/schema\/person\/962c5e214a16b408badbd2e3e889decc"},"headline":"A Seguir: Reforma da Previd\u00eancia, Desacelera\u00e7\u00e3o Global e Recorde de Investidores","datePublished":"2019-03-10T19:01:15+00:00","dateModified":"2021-06-14T02:47:32+00:00","mainEntityOfPage":{"@id":"https:\/\/www.suno.com.br\/noticias\/a-seguir-reforma-da-previdencia-desaceleracao-global-e-recorde-de-investidores\/"},"wordCount":718,"publisher":{"@id":"https:\/\/www.suno.com.br\/noticias\/#organization"},"image":{"@id":"https:\/\/www.suno.com.br\/noticias\/a-seguir-reforma-da-previdencia-desaceleracao-global-e-recorde-de-investidores\/#primaryimage"},"thumbnailUrl":"https:\/\/files.sunoresearch.com.br\/n\/uploads\/2019\/03\/6d2f3312-rawpixel-653767-unsplash-1-jpg.webp","keywords":["Bolsa de Valores","China","Donald Trump","Economia","Estados Unidos (EUA)","Jair Bolsonaro","Reforma da Previd\u00eancia"],"articleSection":["Mercado"],"inLanguage":"pt-BR"},{"@type":"WebPage","@id":"https:\/\/www.suno.com.br\/noticias\/a-seguir-reforma-da-previdencia-desaceleracao-global-e-recorde-de-investidores\/","url":"https:\/\/www.suno.com.br\/noticias\/a-seguir-reforma-da-previdencia-desaceleracao-global-e-recorde-de-investidores\/","name":"A Seguir: Reforma da Previd\u00eancia, Desacelera\u00e7\u00e3o Global e Recorde de Investidores","isPartOf":{"@id":"https:\/\/www.suno.com.br\/noticias\/#website"},"primaryImageOfPage":{"@id":"https:\/\/www.suno.com.br\/noticias\/a-seguir-reforma-da-previdencia-desaceleracao-global-e-recorde-de-investidores\/#primaryimage"},"image":{"@id":"https:\/\/www.suno.com.br\/noticias\/a-seguir-reforma-da-previdencia-desaceleracao-global-e-recorde-de-investidores\/#primaryimage"},"thumbnailUrl":"https:\/\/files.sunoresearch.com.br\/n\/uploads\/2019\/03\/6d2f3312-rawpixel-653767-unsplash-1-jpg.webp","datePublished":"2019-03-10T19:01:15+00:00","dateModified":"2021-06-14T02:47:32+00:00","breadcrumb":{"@id":"https:\/\/www.suno.com.br\/noticias\/a-seguir-reforma-da-previdencia-desaceleracao-global-e-recorde-de-investidores\/#breadcrumb"},"inLanguage":"pt-BR","potentialAction":[{"@type":"ReadAction","target":["https:\/\/www.suno.com.br\/noticias\/a-seguir-reforma-da-previdencia-desaceleracao-global-e-recorde-de-investidores\/"]}]},{"@type":"ImageObject","inLanguage":"pt-BR","@id":"https:\/\/www.suno.com.br\/noticias\/a-seguir-reforma-da-previdencia-desaceleracao-global-e-recorde-de-investidores\/#primaryimage","url":"https:\/\/files.sunoresearch.com.br\/n\/uploads\/2019\/03\/6d2f3312-rawpixel-653767-unsplash-1-jpg.webp","contentUrl":"https:\/\/files.sunoresearch.com.br\/n\/uploads\/2019\/03\/6d2f3312-rawpixel-653767-unsplash-1-jpg.webp","width":1200,"height":634},{"@type":"BreadcrumbList","@id":"https:\/\/www.suno.com.br\/noticias\/a-seguir-reforma-da-previdencia-desaceleracao-global-e-recorde-de-investidores\/#breadcrumb","itemListElement":[{"@type":"ListItem","position":1,"name":"Not\u00edcias","item":"https:\/\/www.suno.com.br\/noticias\/"},{"@type":"ListItem","position":2,"name":"Mercado","item":"https:\/\/www.suno.com.br\/noticias\/mercado\/"},{"@type":"ListItem","position":3,"name":"A Seguir: Reforma da Previd\u00eancia, Desacelera\u00e7\u00e3o Global e Recorde de Investidores"}]},{"@type":"WebSite","@id":"https:\/\/www.suno.com.br\/noticias\/#website","url":"https:\/\/www.suno.com.br\/noticias\/","name":"Suno Not\u00edcias","description":"Seu portal de informa\u00e7\u00e3o sobre o mundo dos investimentos","publisher":{"@id":"https:\/\/www.suno.com.br\/noticias\/#organization"},"potentialAction":[{"@type":"SearchAction","target":{"@type":"EntryPoint","urlTemplate":"https:\/\/www.suno.com.br\/noticias\/?s={search_term_string}"},"query-input":{"@type":"PropertyValueSpecification","valueRequired":true,"valueName":"search_term_string"}}],"inLanguage":"pt-BR"},{"@type":"Organization","@id":"https:\/\/www.suno.com.br\/noticias\/#organization","name":"Suno Not\u00edcias","url":"https:\/\/www.suno.com.br\/noticias\/","logo":{"@type":"ImageObject","inLanguage":"pt-BR","@id":"https:\/\/www.suno.com.br\/noticias\/#\/schema\/logo\/image\/","url":"https:\/\/files.sunoresearch.com.br\/n\/uploads\/2021\/09\/suno-logo.png","contentUrl":"https:\/\/files.sunoresearch.com.br\/n\/uploads\/2021\/09\/suno-logo.png","width":180,"height":180,"caption":"Suno Not\u00edcias"},"image":{"@id":"https:\/\/www.suno.com.br\/noticias\/#\/schema\/logo\/image\/"},"sameAs":["https:\/\/facebook.com\/sunoresearch","https:\/\/x.com\/sunoresearch","https:\/\/www.instagram.com\/suno","https:\/\/www.linkedin.com\/company\/suno-research\/","https:\/\/www.youtube.com\/c\/sunoresearch"]},{"@type":"Person","@id":"https:\/\/www.suno.com.br\/noticias\/#\/schema\/person\/962c5e214a16b408badbd2e3e889decc","name":"Jo\u00e3o Vitor Chaves Silva","image":{"@type":"ImageObject","inLanguage":"pt-BR","@id":"https:\/\/www.suno.com.br\/noticias\/#\/schema\/person\/image\/","url":"https:\/\/secure.gravatar.com\/avatar\/e2e62d3d83007a9c98150149e35d1c78?s=96&r=g","contentUrl":"https:\/\/secure.gravatar.com\/avatar\/e2e62d3d83007a9c98150149e35d1c78?s=96&r=g","caption":"Jo\u00e3o Vitor Chaves Silva"},"description":"Fundador do Empreenda Junto, 2\u00ba\u00a0Maior comunidade online de empreendedores do Brasil, 1\u00ba\u00a0Brasileiro e Pessoa mais jovem a receber o t\u00edtulo de Teacher Of New Ventures And Leadership pelo MIT GEB, COO da Suno Research.","sameAs":["https:\/\/www.suno.com.br","https:\/\/www.facebook.com\/joaovitor2763","https:\/\/x.com\/https:\/\/twitter.com\/joaovitor2763"],"url":"https:\/\/www.suno.com.br\/noticias\/author\/joao-vitor\/"}]}},"default_loop_html":"<div class=\"cardsPage__listCard__boxs\"><div class=\"cardsPage__listCard__boxs__img\"><a href=\"https:\/\/www.suno.com.br\/noticias\/a-seguir-reforma-da-previdencia-desaceleracao-global-e-recorde-de-investidores\/\"><img class=\"mask\" src=\"https:\/\/www.suno.com.br\/noticias\/wp-content\/themes\/suno\/resources\/images\/spotlight\/spotlight1img\/bg-mask.png\" alt=\"Image Mask\"\/><img src=\"https:\/\/files.sunoresearch.com.br\/n\/uploads\/2019\/03\/6d2f3312-rawpixel-653767-unsplash-1-400x200.webp\" alt=\"A Seguir: Reforma da Previd\u00eancia, Desacelera\u00e7\u00e3o Global e Recorde de Investidores\"\/><\/a><span class=\"spotlightCategory\"><a href=\"https:\/\/www.suno.com.br\/noticias\/mercado\/\">Mercado<\/a><\/span><\/div><div class=\"cardsPage__listCard__boxs__content\"><a href=\"https:\/\/www.suno.com.br\/noticias\/a-seguir-reforma-da-previdencia-desaceleracao-global-e-recorde-de-investidores\/\"><h2 class=\"content__title\">A Seguir: Reforma da Previd\u00eancia, Desacelera\u00e7\u00e3o Global e Recorde de Investidores<\/h2><\/a><div class=\"newsContent__article__meta\"><div class=\"newsContent__article__meta__authorBox\"><a href=\"https:\/\/www.suno.com.br\/noticias\/author\/joao-vitor\/\" class=\"authorBox__avatar noMobi\"><img src=\"https:\/\/secure.gravatar.com\/avatar\/e2e62d3d83007a9c98150149e35d1c78?s=96&#038;r=g\" alt=\"Jo\u00e3o Vitor Chaves Silva\"><\/a><div class=\"authorBox__name\"><span>por\n\t\t\t<a href=\"https:\/\/www.suno.com.br\/noticias\/author\/joao-vitor\/\"><span itemprop=\"author\">Jo\u00e3o Vitor Chaves Silva<\/span><\/a><\/span><time datetime=\"2019-03-10T16:01:15-03:00\" itemprop=\"datePublished\">10\/03\/2019 16:01<\/time><\/div><\/div><\/div><\/div><\/div>","single_layout":"posts","amp_enabled":true,"_links":{"self":[{"href":"https:\/\/www.suno.com.br\/noticias\/wp-json\/wp\/v2\/posts\/17560"}],"collection":[{"href":"https:\/\/www.suno.com.br\/noticias\/wp-json\/wp\/v2\/posts"}],"about":[{"href":"https:\/\/www.suno.com.br\/noticias\/wp-json\/wp\/v2\/types\/post"}],"author":[{"embeddable":true,"href":"https:\/\/www.suno.com.br\/noticias\/wp-json\/wp\/v2\/users\/2"}],"replies":[{"embeddable":true,"href":"https:\/\/www.suno.com.br\/noticias\/wp-json\/wp\/v2\/comments?post=17560"}],"version-history":[{"count":1,"href":"https:\/\/www.suno.com.br\/noticias\/wp-json\/wp\/v2\/posts\/17560\/revisions"}],"predecessor-version":[{"id":157449,"href":"https:\/\/www.suno.com.br\/noticias\/wp-json\/wp\/v2\/posts\/17560\/revisions\/157449"}],"wp:featuredmedia":[{"embeddable":true,"href":"https:\/\/www.suno.com.br\/noticias\/wp-json\/wp\/v2\/media\/17561"}],"wp:attachment":[{"href":"https:\/\/www.suno.com.br\/noticias\/wp-json\/wp\/v2\/media?parent=17560"}],"wp:term":[{"taxonomy":"category","embeddable":true,"href":"https:\/\/www.suno.com.br\/noticias\/wp-json\/wp\/v2\/categories?post=17560"},{"taxonomy":"post_tag","embeddable":true,"href":"https:\/\/www.suno.com.br\/noticias\/wp-json\/wp\/v2\/tags?post=17560"},{"taxonomy":"suno_strategy","embeddable":true,"href":"https:\/\/www.suno.com.br\/noticias\/wp-json\/wp\/v2\/suno_strategy?post=17560"}],"curies":[{"name":"wp","href":"https:\/\/api.w.org\/{rel}","templated":true}]}}