{"id":17547,"date":"2019-03-10T13:37:06","date_gmt":"2019-03-10T16:37:06","guid":{"rendered":"https:\/\/www.suno.com.br\/noticias\/?p=17547"},"modified":"2019-03-11T17:01:27","modified_gmt":"2019-03-11T20:01:27","slug":"b3-horario-encerramento-funcionamento-pregao","status":"publish","type":"post","link":"https:\/\/www.suno.com.br\/noticias\/b3-horario-encerramento-funcionamento-pregao\/","title":{"rendered":"B3 altera hor\u00e1rio de encerramento do preg\u00e3o a partir de segunda-feira"},"content":{"rendered":"<p>O <strong>hor\u00e1rio de funcionamento<\/strong> do preg\u00e3o da <a href=\"https:\/\/www.suno.com.br\/artigos\/b3\/\">B3<\/a> (<a href=\"https:\/\/www.suno.com.br\/artigos\/bmf\/\">BM&amp;F<\/a> <a href=\"https:\/\/www.suno.com.br\/artigos\/bovespa-precedente-b3\/\">Bovespa<\/a>), a <strong>Bolsa de Valores<\/strong> de S\u00e3o Paulo, sofrer\u00e1 uma mudan\u00e7a a partir da pr\u00f3xima segunda-feira (11). A abertura das <strong>negocia\u00e7\u00f5es<\/strong> permanecer\u00e1 a partir das <strong>10h<\/strong>, entretanto, o preg\u00e3o regular passar\u00e1 a ser fechado \u00e0s <strong>17h<\/strong>.<\/p>\t<div class=\"wrapper-featured-image\">\n\t\t<figure class=\"spotlightImg\">\n\n\t\t\t<picture>\n\t\t\t\t<source media=\"(max-width: 768px)\" srcset=\"https:\/\/files.sunoresearch.com.br\/n\/uploads\/2019\/01\/b1a3793d-b3-400x200.webp\">\n\t\t\t\t<img loading=\"lazy\" decoding=\"async\" class=\"newsContent__article__imgCapa lazyloadDisabled newsContent__article__imgCapa--noCaption\" src=\"https:\/\/files.sunoresearch.com.br\/n\/uploads\/2019\/01\/b1a3793d-b3-800x450.webp\" width=\"800\" height=\"450\" alt=\"B3 altera hor\u00e1rio de encerramento do preg\u00e3o a partir de segunda-feira\" fetchpriority=high \/>\n\t\t\t<\/picture>\n\n\t\t\t<figcaption class=\"wp-caption-text wp-caption-text--hide\">Preg\u00e3o da B3 passa a fechar \u00e0s 17h a partir de segunda-feira. (divulga\u00e7\u00e3o)<\/figcaption>\n\t\t<\/figure>\n\t<\/div>\n\n\n<p>A mudan\u00e7a j\u00e1 havia sido comunicada pela <strong>B3<\/strong>, e alinha-se ao in\u00edcio do <strong>hor\u00e1rio de ver\u00e3o nos Estados Unidos da Am\u00e9rica<\/strong> (EUA), neste domingo (10).\u00a0O hor\u00e1rio de ver\u00e3o no Brasil encerrou em 17 de fevereiro.<\/p>\n<p>A <strong>B3<\/strong> volta a ter negocia\u00e7\u00f5es dispon\u00edveis no<strong> &#8220;<a href=\"https:\/\/www.suno.com.br\/artigos\/after-market\/\">after market<\/a>&#8220;<\/strong>, cujo hor\u00e1rio de funcionamento \u00e9 entre 17h30 e 18h.<\/p>\n<p>At\u00e9 a \u00faltima sexta-feira (8), o preg\u00e3o funcionava at\u00e9 \u00e0s 18h.<\/p>\n<p><a href=\"https:\/\/www.suno.com.br\/noticias\/b3-conclui-aquisicao-blk\/\">Saiba mais &#8211;\u00a0B3 conclui aquisi\u00e7\u00e3o de 75% da BLK Sistemas Financeiros<\/a><\/p>\n<h2>Quantidade de investidores na Bolsa de Valores bate recorde em fevereiro<\/h2>\n<p>O <strong>n\u00famero<\/strong> de brasileiros investindo na <strong>B3<\/strong> bateu recorde em fevereiro. H\u00e1, atualmente, cerca de 919 mil pessoas f\u00edsicas, segundo a <strong>Bolsa de Valores<\/strong> de S\u00e3o Paulo.<\/p>\n<p>Somente em fevereiro, a <strong>B3<\/strong> ganhou 61 mil novos <strong>investidores<\/strong> &#8211; mais do que os 45 mil registrados em janeiro, quando a quantidade chegou a um total de 858 mil pessoas f\u00edsicas investindo na <strong>Bolsa.<\/strong><\/p>\n<p>Homens ainda s\u00e3o a maioria entre os <strong>investidores,<\/strong> representando 78,04% (717.530) do total. Mulheres correspondem a 21,96% (201.873). As mulheres, no entanto, j\u00e1 chegaram a representar 25,30% do total de investidores em 2012, mas a taxa vem caindo desde ent\u00e3o.<\/p>\n<p>A quantidade de <strong>pessoas f\u00edsicas investindo<\/strong> na <strong>Bolsa<\/strong> se manteve relativamente est\u00e1vel entre 2008 e 2016, oscilando dos 500 mil a 600 mil. Mas a partir de 2017 houve uma r\u00e1pida expans\u00e3o. Passou de\u00a0564 mil em 2016 para\u00a0619 mil em 2017, ent\u00e3o\u00a0813 mil em 2018 e os 919 mil atuais.<\/p>\n<p><a href=\"https:\/\/www.suno.com.br\/noticias\/bradesco-bbi-ibovespa-116-mil-pontos\/\">Saiba mais &#8211;\u00a0Bradesco BBI projeta Ibovespa batendo os 116 mil pontos no fim de 2019\u00a0<\/a><\/p>\n<h2>Lucro da B3 em 2018 \u00e9 70% maior que em 2017<\/h2>\n<p>A <strong>B3<\/strong> anunciou em fevereiro que registrou um <strong>lucro l\u00edquido<\/strong> de R$ 2,087 bilh\u00f5es em 2018, alta de 70,4% em rela\u00e7\u00e3o a 2017. O <strong>balan\u00e7o<\/strong> foi divulgado pela empresa em seu primeiro ano completo ap\u00f3s a <strong>fus\u00e3o<\/strong> da antiga <strong>BM&amp;FBovespa<\/strong> e a <strong>Cetip.<\/strong><\/p>\n<p>O <strong>faturamento<\/strong> da <strong>B3<\/strong> avan\u00e7ou 27,3% e atingiu R$ 1,458 bilh\u00e3o no quarto trimestre de 2018, no comparativo do mesmo per\u00edodo do ano anterior. Contando os 12 meses de 2018, a <strong>receita total<\/strong> somou R$ 5,351 bilh\u00f5es, um crescimento de 20,6% em rela\u00e7\u00e3o a 2017.<\/p>\n<p>O <strong>lucro l\u00edquido recorrente,<\/strong> sem contar os itens n\u00e3o recorrentes, seria de R$ 2,6 bilh\u00f5es em 2018, um crescimento de 26,4% ante o ano anterior. O <strong>resultado financeiro,<\/strong> por outro lado, ficou negativo em R$ 53,7 bilh\u00f5es no ano. As <strong>receitas financeiras<\/strong> totalizaram R$ 488,8 milh\u00f5es, registrando uma queda de 46,8% em rela\u00e7\u00e3o a 2017. As <strong>despesas financeiras<\/strong> tamb\u00e9m tiveram queda (30,9%) e somaram R$ 542,5 milh\u00f5es.<\/p>\n<p>&#8220;Em rela\u00e7\u00e3o ao <strong>desempenho operacional,<\/strong> o ano de 2018 foi marcado pelo crescimento dos neg\u00f3cios dos <strong>clientes<\/strong> da <strong>B3,<\/strong> o que motiva a Companhia a seguir apoiando suas iniciativas de <strong>neg\u00f3cios<\/strong> com plataformas seguras e um rol de produtos cada vez mais completo&#8221;, informou a <strong>B3<\/strong> em seu relat\u00f3rio.<\/p>\n","protected":false},"excerpt":{"rendered":"<p>O hor\u00e1rio de funcionamento do preg\u00e3o da B3 (BM&amp;F Bovespa), a Bolsa de Valores de S\u00e3o Paulo, sofrer\u00e1 uma mudan\u00e7a a partir da pr\u00f3xima segunda-feira (11). A abertura das negocia\u00e7\u00f5es permanecer\u00e1 a partir das 10h, entretanto, o preg\u00e3o regular passar\u00e1 a ser fechado \u00e0s 17h. Preg\u00e3o da B3 passa a fechar \u00e0s 17h a partir [&hellip;]<\/p>\n","protected":false},"author":12,"featured_media":10104,"comment_status":"closed","ping_status":"closed","sticky":false,"template":"","format":"standard","meta":[],"categories":[60],"tags":[367],"suno_strategy":[],"class_list":["post-17547","post","type-post","status-publish","format-standard","has-post-thumbnail","hentry","category-mercado","tag-b3-b3sa3"],"yoast_head":"<!-- This site is optimized with the Yoast SEO plugin v24.4 - https:\/\/yoast.com\/wordpress\/plugins\/seo\/ -->\n<title>B3 altera hor\u00e1rio de encerramento do preg\u00e3o a partir de segunda-feira<\/title>\n<meta name=\"description\" content=\"O hor\u00e1rio de funcionamento do preg\u00e3o da B3 sofrer\u00e1 uma mudan\u00e7a a partir da pr\u00f3xima segunda-feira (11). Clique para saber mais.\" \/>\n<meta name=\"robots\" content=\"index, follow, max-snippet:-1, max-image-preview:large, max-video-preview:-1\" \/>\n<link rel=\"canonical\" href=\"https:\/\/www.suno.com.br\/noticias\/b3-horario-encerramento-funcionamento-pregao\/\" \/>\n<meta property=\"og:locale\" content=\"pt_BR\" \/>\n<meta property=\"og:type\" content=\"article\" \/>\n<meta property=\"og:title\" content=\"B3 altera hor\u00e1rio de encerramento do preg\u00e3o a partir de segunda-feira\" \/>\n<meta property=\"og:description\" content=\"O hor\u00e1rio de funcionamento do preg\u00e3o da B3 sofrer\u00e1 uma mudan\u00e7a a partir da pr\u00f3xima segunda-feira (11). Clique para saber mais.\" \/>\n<meta property=\"og:url\" content=\"https:\/\/www.suno.com.br\/noticias\/b3-horario-encerramento-funcionamento-pregao\/\" \/>\n<meta property=\"og:site_name\" content=\"Suno Not\u00edcias\" \/>\n<meta property=\"article:publisher\" content=\"https:\/\/facebook.com\/sunoresearch\" \/>\n<meta property=\"og:image\" content=\"https:\/\/files.sunoresearch.com.br\/n\/uploads\/2019\/01\/b1a3793d-b3.jpg\" \/>\n\t<meta property=\"og:image:width\" content=\"1200\" \/>\n\t<meta property=\"og:image:height\" content=\"800\" \/>\n\t<meta property=\"og:image:type\" content=\"image\/jpeg\" \/>\n<meta name=\"author\" content=\"Amanda Gushiken\" \/>\n<meta name=\"twitter:card\" content=\"summary_large_image\" \/>\n<meta name=\"twitter:creator\" content=\"@sunoresearch\" \/>\n<meta name=\"twitter:site\" content=\"@sunoresearch\" \/>\n<meta name=\"twitter:label1\" content=\"Escrito por\" \/>\n\t<meta name=\"twitter:data1\" content=\"Amanda Gushiken\" \/>\n\t<meta name=\"twitter:label2\" content=\"Est. tempo de leitura\" \/>\n\t<meta name=\"twitter:data2\" content=\"3 minutos\" \/>\n<script type=\"application\/ld+json\" class=\"yoast-schema-graph\">{\"@context\":\"https:\/\/schema.org\",\"@graph\":[{\"@type\":\"NewsArticle\",\"@id\":\"https:\/\/www.suno.com.br\/noticias\/b3-horario-encerramento-funcionamento-pregao\/#article\",\"isPartOf\":{\"@id\":\"https:\/\/www.suno.com.br\/noticias\/b3-horario-encerramento-funcionamento-pregao\/\"},\"author\":{\"name\":\"Amanda Gushiken\",\"@id\":\"https:\/\/www.suno.com.br\/noticias\/#\/schema\/person\/a5b06fa4e879d8e8e119c6ed3cd630d1\"},\"headline\":\"B3 altera hor\u00e1rio de encerramento do preg\u00e3o a partir de segunda-feira\",\"datePublished\":\"2019-03-10T16:37:06+00:00\",\"dateModified\":\"2019-03-11T20:01:27+00:00\",\"mainEntityOfPage\":{\"@id\":\"https:\/\/www.suno.com.br\/noticias\/b3-horario-encerramento-funcionamento-pregao\/\"},\"wordCount\":534,\"publisher\":{\"@id\":\"https:\/\/www.suno.com.br\/noticias\/#organization\"},\"image\":{\"@id\":\"https:\/\/www.suno.com.br\/noticias\/b3-horario-encerramento-funcionamento-pregao\/#primaryimage\"},\"thumbnailUrl\":\"https:\/\/files.sunoresearch.com.br\/n\/uploads\/2019\/01\/b1a3793d-b3-jpg.webp\",\"keywords\":[\"B3 (B3SA3)\"],\"articleSection\":[\"Mercado\"],\"inLanguage\":\"pt-BR\"},{\"@type\":\"WebPage\",\"@id\":\"https:\/\/www.suno.com.br\/noticias\/b3-horario-encerramento-funcionamento-pregao\/\",\"url\":\"https:\/\/www.suno.com.br\/noticias\/b3-horario-encerramento-funcionamento-pregao\/\",\"name\":\"B3 altera hor\u00e1rio de encerramento do preg\u00e3o a partir de segunda-feira\",\"isPartOf\":{\"@id\":\"https:\/\/www.suno.com.br\/noticias\/#website\"},\"primaryImageOfPage\":{\"@id\":\"https:\/\/www.suno.com.br\/noticias\/b3-horario-encerramento-funcionamento-pregao\/#primaryimage\"},\"image\":{\"@id\":\"https:\/\/www.suno.com.br\/noticias\/b3-horario-encerramento-funcionamento-pregao\/#primaryimage\"},\"thumbnailUrl\":\"https:\/\/files.sunoresearch.com.br\/n\/uploads\/2019\/01\/b1a3793d-b3-jpg.webp\",\"datePublished\":\"2019-03-10T16:37:06+00:00\",\"dateModified\":\"2019-03-11T20:01:27+00:00\",\"description\":\"O hor\u00e1rio de funcionamento do preg\u00e3o da B3 sofrer\u00e1 uma mudan\u00e7a a partir da pr\u00f3xima segunda-feira (11). Clique para saber mais.\",\"breadcrumb\":{\"@id\":\"https:\/\/www.suno.com.br\/noticias\/b3-horario-encerramento-funcionamento-pregao\/#breadcrumb\"},\"inLanguage\":\"pt-BR\",\"potentialAction\":[{\"@type\":\"ReadAction\",\"target\":[\"https:\/\/www.suno.com.br\/noticias\/b3-horario-encerramento-funcionamento-pregao\/\"]}]},{\"@type\":\"ImageObject\",\"inLanguage\":\"pt-BR\",\"@id\":\"https:\/\/www.suno.com.br\/noticias\/b3-horario-encerramento-funcionamento-pregao\/#primaryimage\",\"url\":\"https:\/\/files.sunoresearch.com.br\/n\/uploads\/2019\/01\/b1a3793d-b3-jpg.webp\",\"contentUrl\":\"https:\/\/files.sunoresearch.com.br\/n\/uploads\/2019\/01\/b1a3793d-b3-jpg.webp\",\"width\":1200,\"height\":800,\"caption\":\"Preg\u00e3o da B3 passa a fechar \u00e0s 17h a partir de segunda-feira. (divulga\u00e7\u00e3o)\"},{\"@type\":\"BreadcrumbList\",\"@id\":\"https:\/\/www.suno.com.br\/noticias\/b3-horario-encerramento-funcionamento-pregao\/#breadcrumb\",\"itemListElement\":[{\"@type\":\"ListItem\",\"position\":1,\"name\":\"Not\u00edcias\",\"item\":\"https:\/\/www.suno.com.br\/noticias\/\"},{\"@type\":\"ListItem\",\"position\":2,\"name\":\"Mercado\",\"item\":\"https:\/\/www.suno.com.br\/noticias\/mercado\/\"},{\"@type\":\"ListItem\",\"position\":3,\"name\":\"B3 altera hor\u00e1rio de encerramento do preg\u00e3o a partir de segunda-feira\"}]},{\"@type\":\"WebSite\",\"@id\":\"https:\/\/www.suno.com.br\/noticias\/#website\",\"url\":\"https:\/\/www.suno.com.br\/noticias\/\",\"name\":\"Suno Not\u00edcias\",\"description\":\"Seu portal de informa\u00e7\u00e3o sobre o mundo dos investimentos\",\"publisher\":{\"@id\":\"https:\/\/www.suno.com.br\/noticias\/#organization\"},\"potentialAction\":[{\"@type\":\"SearchAction\",\"target\":{\"@type\":\"EntryPoint\",\"urlTemplate\":\"https:\/\/www.suno.com.br\/noticias\/?s={search_term_string}\"},\"query-input\":{\"@type\":\"PropertyValueSpecification\",\"valueRequired\":true,\"valueName\":\"search_term_string\"}}],\"inLanguage\":\"pt-BR\"},{\"@type\":\"Organization\",\"@id\":\"https:\/\/www.suno.com.br\/noticias\/#organization\",\"name\":\"Suno Not\u00edcias\",\"url\":\"https:\/\/www.suno.com.br\/noticias\/\",\"logo\":{\"@type\":\"ImageObject\",\"inLanguage\":\"pt-BR\",\"@id\":\"https:\/\/www.suno.com.br\/noticias\/#\/schema\/logo\/image\/\",\"url\":\"https:\/\/files.sunoresearch.com.br\/n\/uploads\/2021\/09\/suno-logo.png\",\"contentUrl\":\"https:\/\/files.sunoresearch.com.br\/n\/uploads\/2021\/09\/suno-logo.png\",\"width\":180,\"height\":180,\"caption\":\"Suno Not\u00edcias\"},\"image\":{\"@id\":\"https:\/\/www.suno.com.br\/noticias\/#\/schema\/logo\/image\/\"},\"sameAs\":[\"https:\/\/facebook.com\/sunoresearch\",\"https:\/\/x.com\/sunoresearch\",\"https:\/\/www.instagram.com\/suno\",\"https:\/\/www.linkedin.com\/company\/suno-research\/\",\"https:\/\/www.youtube.com\/c\/sunoresearch\"]},{\"@type\":\"Person\",\"@id\":\"https:\/\/www.suno.com.br\/noticias\/#\/schema\/person\/a5b06fa4e879d8e8e119c6ed3cd630d1\",\"name\":\"Amanda Gushiken\",\"image\":{\"@type\":\"ImageObject\",\"inLanguage\":\"pt-BR\",\"@id\":\"https:\/\/www.suno.com.br\/noticias\/#\/schema\/person\/image\/\",\"url\":\"https:\/\/secure.gravatar.com\/avatar\/ecd84705e6b65e3685ae80d725501fbe?s=96&r=g\",\"contentUrl\":\"https:\/\/secure.gravatar.com\/avatar\/ecd84705e6b65e3685ae80d725501fbe?s=96&r=g\",\"caption\":\"Amanda Gushiken\"},\"description\":\"Amanda Sayuri Gushiken escreve sobre finan\u00e7as e neg\u00f3cios para o portal Suno Not\u00edcias. Antes, trabalhou selecionando not\u00edcias da imprensa para clientes do mercado financeiro. Tamb\u00e9m desenvolveu pesquisa acad\u00eamica pela Universidade Anhembi Morumbi na \u00e1rea de Teorias da Comunica\u00e7\u00e3o e \u00e9 fot\u00f3grafa nas horas vagas.\",\"url\":\"https:\/\/www.suno.com.br\/noticias\/author\/amanda\/\"}]}<\/script>\n<!-- \/ Yoast SEO plugin. -->","yoast_head_json":{"title":"B3 altera hor\u00e1rio de encerramento do preg\u00e3o a partir de segunda-feira","description":"O hor\u00e1rio de funcionamento do preg\u00e3o da B3 sofrer\u00e1 uma mudan\u00e7a a partir da pr\u00f3xima segunda-feira (11). Clique para saber mais.","robots":{"index":"index","follow":"follow","max-snippet":"max-snippet:-1","max-image-preview":"max-image-preview:large","max-video-preview":"max-video-preview:-1"},"canonical":"https:\/\/www.suno.com.br\/noticias\/b3-horario-encerramento-funcionamento-pregao\/","og_locale":"pt_BR","og_type":"article","og_title":"B3 altera hor\u00e1rio de encerramento do preg\u00e3o a partir de segunda-feira","og_description":"O hor\u00e1rio de funcionamento do preg\u00e3o da B3 sofrer\u00e1 uma mudan\u00e7a a partir da pr\u00f3xima segunda-feira (11). Clique para saber mais.","og_url":"https:\/\/www.suno.com.br\/noticias\/b3-horario-encerramento-funcionamento-pregao\/","og_site_name":"Suno Not\u00edcias","article_publisher":"https:\/\/facebook.com\/sunoresearch","og_image":[{"width":1200,"height":800,"url":"https:\/\/files.sunoresearch.com.br\/n\/uploads\/2019\/01\/b1a3793d-b3.jpg","type":"image\/jpeg"}],"author":"Amanda Gushiken","twitter_card":"summary_large_image","twitter_creator":"@sunoresearch","twitter_site":"@sunoresearch","twitter_misc":{"Escrito por":"Amanda Gushiken","Est. tempo de leitura":"3 minutos"},"schema":{"@context":"https:\/\/schema.org","@graph":[{"@type":"NewsArticle","@id":"https:\/\/www.suno.com.br\/noticias\/b3-horario-encerramento-funcionamento-pregao\/#article","isPartOf":{"@id":"https:\/\/www.suno.com.br\/noticias\/b3-horario-encerramento-funcionamento-pregao\/"},"author":{"name":"Amanda Gushiken","@id":"https:\/\/www.suno.com.br\/noticias\/#\/schema\/person\/a5b06fa4e879d8e8e119c6ed3cd630d1"},"headline":"B3 altera hor\u00e1rio de encerramento do preg\u00e3o a partir de segunda-feira","datePublished":"2019-03-10T16:37:06+00:00","dateModified":"2019-03-11T20:01:27+00:00","mainEntityOfPage":{"@id":"https:\/\/www.suno.com.br\/noticias\/b3-horario-encerramento-funcionamento-pregao\/"},"wordCount":534,"publisher":{"@id":"https:\/\/www.suno.com.br\/noticias\/#organization"},"image":{"@id":"https:\/\/www.suno.com.br\/noticias\/b3-horario-encerramento-funcionamento-pregao\/#primaryimage"},"thumbnailUrl":"https:\/\/files.sunoresearch.com.br\/n\/uploads\/2019\/01\/b1a3793d-b3-jpg.webp","keywords":["B3 (B3SA3)"],"articleSection":["Mercado"],"inLanguage":"pt-BR"},{"@type":"WebPage","@id":"https:\/\/www.suno.com.br\/noticias\/b3-horario-encerramento-funcionamento-pregao\/","url":"https:\/\/www.suno.com.br\/noticias\/b3-horario-encerramento-funcionamento-pregao\/","name":"B3 altera hor\u00e1rio de encerramento do preg\u00e3o a partir de segunda-feira","isPartOf":{"@id":"https:\/\/www.suno.com.br\/noticias\/#website"},"primaryImageOfPage":{"@id":"https:\/\/www.suno.com.br\/noticias\/b3-horario-encerramento-funcionamento-pregao\/#primaryimage"},"image":{"@id":"https:\/\/www.suno.com.br\/noticias\/b3-horario-encerramento-funcionamento-pregao\/#primaryimage"},"thumbnailUrl":"https:\/\/files.sunoresearch.com.br\/n\/uploads\/2019\/01\/b1a3793d-b3-jpg.webp","datePublished":"2019-03-10T16:37:06+00:00","dateModified":"2019-03-11T20:01:27+00:00","description":"O hor\u00e1rio de funcionamento do preg\u00e3o da B3 sofrer\u00e1 uma mudan\u00e7a a partir da pr\u00f3xima segunda-feira (11). Clique para saber mais.","breadcrumb":{"@id":"https:\/\/www.suno.com.br\/noticias\/b3-horario-encerramento-funcionamento-pregao\/#breadcrumb"},"inLanguage":"pt-BR","potentialAction":[{"@type":"ReadAction","target":["https:\/\/www.suno.com.br\/noticias\/b3-horario-encerramento-funcionamento-pregao\/"]}]},{"@type":"ImageObject","inLanguage":"pt-BR","@id":"https:\/\/www.suno.com.br\/noticias\/b3-horario-encerramento-funcionamento-pregao\/#primaryimage","url":"https:\/\/files.sunoresearch.com.br\/n\/uploads\/2019\/01\/b1a3793d-b3-jpg.webp","contentUrl":"https:\/\/files.sunoresearch.com.br\/n\/uploads\/2019\/01\/b1a3793d-b3-jpg.webp","width":1200,"height":800,"caption":"Preg\u00e3o da B3 passa a fechar \u00e0s 17h a partir de segunda-feira. (divulga\u00e7\u00e3o)"},{"@type":"BreadcrumbList","@id":"https:\/\/www.suno.com.br\/noticias\/b3-horario-encerramento-funcionamento-pregao\/#breadcrumb","itemListElement":[{"@type":"ListItem","position":1,"name":"Not\u00edcias","item":"https:\/\/www.suno.com.br\/noticias\/"},{"@type":"ListItem","position":2,"name":"Mercado","item":"https:\/\/www.suno.com.br\/noticias\/mercado\/"},{"@type":"ListItem","position":3,"name":"B3 altera hor\u00e1rio de encerramento do preg\u00e3o a partir de segunda-feira"}]},{"@type":"WebSite","@id":"https:\/\/www.suno.com.br\/noticias\/#website","url":"https:\/\/www.suno.com.br\/noticias\/","name":"Suno Not\u00edcias","description":"Seu portal de informa\u00e7\u00e3o sobre o mundo dos investimentos","publisher":{"@id":"https:\/\/www.suno.com.br\/noticias\/#organization"},"potentialAction":[{"@type":"SearchAction","target":{"@type":"EntryPoint","urlTemplate":"https:\/\/www.suno.com.br\/noticias\/?s={search_term_string}"},"query-input":{"@type":"PropertyValueSpecification","valueRequired":true,"valueName":"search_term_string"}}],"inLanguage":"pt-BR"},{"@type":"Organization","@id":"https:\/\/www.suno.com.br\/noticias\/#organization","name":"Suno Not\u00edcias","url":"https:\/\/www.suno.com.br\/noticias\/","logo":{"@type":"ImageObject","inLanguage":"pt-BR","@id":"https:\/\/www.suno.com.br\/noticias\/#\/schema\/logo\/image\/","url":"https:\/\/files.sunoresearch.com.br\/n\/uploads\/2021\/09\/suno-logo.png","contentUrl":"https:\/\/files.sunoresearch.com.br\/n\/uploads\/2021\/09\/suno-logo.png","width":180,"height":180,"caption":"Suno Not\u00edcias"},"image":{"@id":"https:\/\/www.suno.com.br\/noticias\/#\/schema\/logo\/image\/"},"sameAs":["https:\/\/facebook.com\/sunoresearch","https:\/\/x.com\/sunoresearch","https:\/\/www.instagram.com\/suno","https:\/\/www.linkedin.com\/company\/suno-research\/","https:\/\/www.youtube.com\/c\/sunoresearch"]},{"@type":"Person","@id":"https:\/\/www.suno.com.br\/noticias\/#\/schema\/person\/a5b06fa4e879d8e8e119c6ed3cd630d1","name":"Amanda Gushiken","image":{"@type":"ImageObject","inLanguage":"pt-BR","@id":"https:\/\/www.suno.com.br\/noticias\/#\/schema\/person\/image\/","url":"https:\/\/secure.gravatar.com\/avatar\/ecd84705e6b65e3685ae80d725501fbe?s=96&r=g","contentUrl":"https:\/\/secure.gravatar.com\/avatar\/ecd84705e6b65e3685ae80d725501fbe?s=96&r=g","caption":"Amanda Gushiken"},"description":"Amanda Sayuri Gushiken escreve sobre finan\u00e7as e neg\u00f3cios para o portal Suno Not\u00edcias. Antes, trabalhou selecionando not\u00edcias da imprensa para clientes do mercado financeiro. Tamb\u00e9m desenvolveu pesquisa acad\u00eamica pela Universidade Anhembi Morumbi na \u00e1rea de Teorias da Comunica\u00e7\u00e3o e \u00e9 fot\u00f3grafa nas horas vagas.","url":"https:\/\/www.suno.com.br\/noticias\/author\/amanda\/"}]}},"default_loop_html":"<div class=\"cardsPage__listCard__boxs\"><div class=\"cardsPage__listCard__boxs__img\"><a href=\"https:\/\/www.suno.com.br\/noticias\/b3-horario-encerramento-funcionamento-pregao\/\"><img class=\"mask\" src=\"https:\/\/www.suno.com.br\/noticias\/wp-content\/themes\/suno\/resources\/images\/spotlight\/spotlight1img\/bg-mask.png\" alt=\"Image Mask\"\/><img src=\"https:\/\/files.sunoresearch.com.br\/n\/uploads\/2019\/01\/b1a3793d-b3-400x200.webp\" alt=\"B3 altera hor\u00e1rio de encerramento do preg\u00e3o a partir de segunda-feira\"\/><\/a><span class=\"spotlightCategory\"><a href=\"https:\/\/www.suno.com.br\/noticias\/mercado\/\">Mercado<\/a><\/span><\/div><div class=\"cardsPage__listCard__boxs__content\"><a href=\"https:\/\/www.suno.com.br\/noticias\/b3-horario-encerramento-funcionamento-pregao\/\"><h2 class=\"content__title\">B3 altera hor\u00e1rio de encerramento do preg\u00e3o a partir de segunda-feira<\/h2><\/a><div class=\"newsContent__article__meta\"><div class=\"newsContent__article__meta__authorBox\"><a href=\"https:\/\/www.suno.com.br\/noticias\/author\/amanda\/\" class=\"authorBox__avatar noMobi\"><img src=\"https:\/\/files.sunoresearch.com.br\/n\/uploads\/2018\/11\/c6ad30be-amanda-150x150.webp\" alt=\"Amanda Gushiken\"><\/a><div class=\"authorBox__name\"><span>por\n\t\t\t<a href=\"https:\/\/www.suno.com.br\/noticias\/author\/amanda\/\"><span itemprop=\"author\">Amanda Gushiken<\/span><\/a><\/span><time datetime=\"2019-03-10T13:37:06-03:00\" itemprop=\"datePublished\">10\/03\/2019 13:37<\/time><\/div><\/div><\/div><\/div><\/div>","single_layout":"posts","amp_enabled":true,"_links":{"self":[{"href":"https:\/\/www.suno.com.br\/noticias\/wp-json\/wp\/v2\/posts\/17547"}],"collection":[{"href":"https:\/\/www.suno.com.br\/noticias\/wp-json\/wp\/v2\/posts"}],"about":[{"href":"https:\/\/www.suno.com.br\/noticias\/wp-json\/wp\/v2\/types\/post"}],"author":[{"embeddable":true,"href":"https:\/\/www.suno.com.br\/noticias\/wp-json\/wp\/v2\/users\/12"}],"replies":[{"embeddable":true,"href":"https:\/\/www.suno.com.br\/noticias\/wp-json\/wp\/v2\/comments?post=17547"}],"version-history":[{"count":0,"href":"https:\/\/www.suno.com.br\/noticias\/wp-json\/wp\/v2\/posts\/17547\/revisions"}],"wp:featuredmedia":[{"embeddable":true,"href":"https:\/\/www.suno.com.br\/noticias\/wp-json\/wp\/v2\/media\/10104"}],"wp:attachment":[{"href":"https:\/\/www.suno.com.br\/noticias\/wp-json\/wp\/v2\/media?parent=17547"}],"wp:term":[{"taxonomy":"category","embeddable":true,"href":"https:\/\/www.suno.com.br\/noticias\/wp-json\/wp\/v2\/categories?post=17547"},{"taxonomy":"post_tag","embeddable":true,"href":"https:\/\/www.suno.com.br\/noticias\/wp-json\/wp\/v2\/tags?post=17547"},{"taxonomy":"suno_strategy","embeddable":true,"href":"https:\/\/www.suno.com.br\/noticias\/wp-json\/wp\/v2\/suno_strategy?post=17547"}],"curies":[{"name":"wp","href":"https:\/\/api.w.org\/{rel}","templated":true}]}}