{"id":17541,"date":"2019-03-09T18:00:07","date_gmt":"2019-03-09T21:00:07","guid":{"rendered":"https:\/\/www.suno.com.br\/noticias\/?p=17541"},"modified":"2019-03-09T18:01:50","modified_gmt":"2019-03-09T21:01:50","slug":"bolsonaro-maia-reforma-previdencia","status":"publish","type":"post","link":"https:\/\/www.suno.com.br\/noticias\/bolsonaro-maia-reforma-previdencia\/","title":{"rendered":"Reforma da Previd\u00eancia: Bolsonaro e Maia se reuniram neste s\u00e1bado"},"content":{"rendered":"<p>O presidente Jair Bolsonaro e o presidente da C\u00e2mara, Rodrigo Maia, conversaram pela primeira vez sobre a reforma da Previd\u00eancia, neste s\u00e1bado (9), no Pal\u00e1cio da Alvorada.<\/p>\t<div class=\"wrapper-featured-image\">\n\t\t<figure class=\"spotlightImg\">\n\n\t\t\t<picture>\n\t\t\t\t<source media=\"(max-width: 768px)\" srcset=\"https:\/\/files.sunoresearch.com.br\/n\/uploads\/2019\/02\/bc2557db-jair-bolsonaro-apresenta-a-reforma-da-previd\u00eancia-400x200.webp\">\n\t\t\t\t<img loading=\"lazy\" decoding=\"async\" class=\"newsContent__article__imgCapa lazyloadDisabled newsContent__article__imgCapa--noCaption\" src=\"https:\/\/files.sunoresearch.com.br\/n\/uploads\/2019\/02\/bc2557db-jair-bolsonaro-apresenta-a-reforma-da-previd\u00eancia-800x450.webp\" width=\"800\" height=\"450\" alt=\"Reforma da Previd\u00eancia: Bolsonaro e Maia se reuniram neste s\u00e1bado\" fetchpriority=high \/>\n\t\t\t<\/picture>\n\n\t\t\t<figcaption class=\"wp-caption-text wp-caption-text--hide\">Reforma da Previd\u00eancia \u00e9 discutida por Bolsonaro e Maia neste domingo<\/figcaption>\n\t\t<\/figure>\n\t<\/div>\n\n\n<p>Maia \u00e9 o respons\u00e1vel pela tramita\u00e7\u00e3o da <strong>reforma da Previd\u00eancia<\/strong> iniciada na C\u00e2mara dos Deputados. O presidente da <strong>C\u00e2mara<\/strong>, que deixou o pal\u00e1cio sem falar com a imprensa, havia anunciado na \u00faltima sexta-feira (8) que na pr\u00f3xima quarta-feira (13) ser\u00e3o instaladas 12 comiss\u00f5es permanentes na Casa.<\/p>\n<p>Entre elas, a <strong>Comiss\u00e3o de Constitui\u00e7\u00e3o e Justi\u00e7a e Cidadania (CCJ)<\/strong> que \u00e9 o primeiro passo da tramita\u00e7\u00e3o da proposto porque nela que \u00e9 feita a primeira an\u00e1lise da <strong>Proposta de Emenda \u00e0 Constitui\u00e7\u00e3o (PEC) 6\/2019<\/strong>, enviado ao Congresso pelo governo em 20 de fevereiro.<\/p>\n<p><a href=\"https:\/\/www.suno.com.br\/noticias\/bolsonaro-reforma-previdencia-nao-pode-um-ano\/\">Saiba mais:\u00a0\u201cN\u00e3o pode levar um ano para aprovar uma reforma\u201d, diz Bolsonaro<\/a><\/p>\n<p>Bolsonaro e Maia acertaram <strong>trabalhar em conjunto pela reforma<\/strong> e o presidente afirmou que atuar\u00e1 ativamente, principalmente nas pr\u00f3ximas duas semanas. O <strong>presidente da Rep\u00fablica<\/strong>\u00a0pretende receber no Planalto os l\u00edderes aliados que n\u00e3o pertencem a base, mas que est\u00e3o comprometidos com a reforma.<\/p>\n<h2>Militares na reforma<\/h2>\n<p>Na \u00faltima sexta-feira (8), Maia havia ressaltado que o envio do projeto com mudan\u00e7as no <strong>sistema previdenci\u00e1rio dos militares<\/strong> pode ajudar o governo a destravar a PEC. &#8220;O projeto de lei tramita muito mais r\u00e1pido do que a PEC, mas ele precisa ser enviado para a C\u00e2mara&#8221;.<\/p>\n<p><a href=\"https:\/\/www.suno.com.br\/noticias\/bolsonaro-militares-reforma-da-previdencia\/\">Saiba mais:\u00a0Bolsonaro volta a dizer que militares ser\u00e3o inclusos na reforma da Previd\u00eancia<\/a><\/p>\n<p>Al\u00e9m disso, <strong>Rodrigo Maia<\/strong> afirmou que existe um compromisso com o ministro da Defesa, Fernando Azevedo e Silva, para que o projeto de lei n\u00e3o seja votado antes da aprova\u00e7\u00e3o da PEC, nos dois turnos.<\/p>\n<p>&#8220;Ontem recebi o ministro da Defesa e disse a ele que os miliares podem ter toda tranquilidade que o projeto deles ser\u00e1 votado apenas depois da emenda constitucional [da reforma da Previd\u00eancia] ser aprovada em dois turnos e encaminhada ao Senado Federal&#8221;, afirmou Maia.<\/p>\n<h2>Benef\u00edcio de Presta\u00e7\u00e3o Continuada<\/h2>\n<p>O presidente da C\u00e2mara ainda falou sobre os <strong>Benef\u00edcios de Presta\u00e7\u00e3o Continuada (BPC)<\/strong>. Segundo ele, as mudan\u00e7as no benef\u00edcio devem ficar de fora da reforma da Previd\u00eancia.<\/p>\n<p><a href=\"https:\/\/www.suno.com.br\/noticias\/previdencia-bpc-fique-eforma\/\">Saiba mais:\u00a0Previd\u00eancia: Maia defende que BPC fique fora da reforma<\/a><\/p>\n<p>De acordo com Maia, a f\u00f3rmula do BPC enviada ao <strong>Congresso<\/strong> &#8220;<span style=\"font-size: 1.21429rem;\">parece uma proposta razo\u00e1vel, interessante. S\u00f3 que n\u00e3o \u00e9 isso que a sociedade que est\u00e1 interpretando&#8221;. O presidente da C\u00e2mara completou dizendo que quando o tema &#8220;gera dificuldade na comunica\u00e7\u00e3o \u00e9 melhor que n\u00e3o seja tratado&#8221;.\u00a0<\/span><\/p>\n<p>No entanto, o BPC equivale a um sal\u00e1rio m\u00ednimo. O <strong>benef\u00edcio<\/strong> \u00e9 pago para pessoas com defici\u00eancia ou aposentados que n\u00e3o conseguem se manter.<\/p>\n<h2>Reforma da Previd\u00eancia<\/h2>\n<p>A proposta deve gerar economia de R$ 189 bilh\u00f5es em quatro anos e R$ 1,164 trilh\u00e3o em dez anos. <strong>Paulo Guedes<\/strong> j\u00e1 havia sinalizado que a reforma poderia gerar economia de at\u00e9 R$ 1 trilh\u00e3o em dez anos.<\/p>\n<h3>Idade m\u00ednima<\/h3>\n<p>A <strong>regra geral<\/strong>\u00a0para aposentadoria por idade, na nova proposta, definiu a idade m\u00ednima de <strong>62 anos para mulheres e 65 para homens<\/strong>. A contribui\u00e7\u00e3o m\u00ednima \u00e9 de 20 anos.\u00a0O <a href=\"https:\/\/www.suno.com.br\/noticias\/reforma-previdencia-idades-minimas\/\">presidente j\u00e1 havia sinalizado<\/a> esses pontos.<\/p>\n<p>N\u00e3o h\u00e1 mais a possibilidade de se aposentar por tempo de contribui\u00e7\u00e3o m\u00ednima.<\/p>\n<p>Nas demais categorias, as regras s\u00e3o:<\/p>\n<ul>\n<li><strong>Aposentadoria rural:<\/strong> a idade m\u00ednima \u00e9 de 60 anos para homens e mulheres, com contribui\u00e7\u00e3o m\u00ednima de 20 anos.<\/li>\n<li><strong>Aposentadoria de professores:<\/strong> a idade m\u00ednima \u00e9 de 60 anos para homens e mulheres, com contribui\u00e7\u00e3o m\u00ednima de 30 anos.<\/li>\n<li><strong>Aposentadoria de policiais civis e federais:<\/strong> a idade m\u00ednima \u00e9 de 55 anos para homens e mulheres, com contribui\u00e7\u00e3o m\u00ednima de 30 anos para homens, e 25 anos para as mulheres. Deve haver tempo de exerc\u00edcio de 20 anos para a categoria masculina, e 15 anos para a feminina.<\/li>\n<li><strong>Agentes penitenci\u00e1rios e socioeducativos:<\/strong> a idade m\u00ednima \u00e9 de 55 anos para homens e mulheres, com contribui\u00e7\u00e3o m\u00ednima de 30 anos para homens, e 25 anos para as mulheres. O tempo de exerc\u00edcio, de 20 anos, \u00e9 igual para ambos os g\u00eaneros.<\/li>\n<\/ul>\n<h4>For\u00e7as Armadas<\/h4>\n<p>Uma reforma espec\u00edfica para as<strong> For\u00e7as Armadas<\/strong> ficaram de fora da proposta da reforma da Previd\u00eancia do governo de\u00a0<strong>Jair Bolsonaro.<\/strong><\/p>\n<p>O secret\u00e1rio de Previd\u00eancia e Trabalho, <strong>Rog\u00e9rio Marinho<\/strong>, afirmou que uma segunda proposta abordando os <strong>militares<\/strong> ser\u00e1 enviada ao Congresso em 30 dias.<\/p>\n<p>Entretanto, a proposta atual j\u00e1 prev\u00ea que os militares da Reserva passar\u00e3o a poder trabalhar em atividade civil. Al\u00e9m disso, pela atual proposta de <strong>reforma da Previd\u00eancia,<\/strong> policiais e bombeiros militares ter\u00e3o as mesmas regras das For\u00e7as Armadas.<\/p>\n<p>As duas regras de transi\u00e7\u00e3o ocorrer\u00e3o atingir\u00e3o a popula\u00e7\u00e3o conforme o seguinte:<\/p>\n<ul>\n<li>12 anos de transi\u00e7\u00e3o (at\u00e9 2031): para aqueles que se aposentar\u00e3o pelo tempo de contribui\u00e7\u00e3o + idade m\u00ednima.<\/li>\n<li>14 anos de transi\u00e7\u00e3o (at\u00e9 2033): para aqueles que se aposentar\u00e3o somente pelo tempo de contribui\u00e7\u00e3o e os pontos (idade + tempo de contribui\u00e7\u00e3o).<\/li>\n<\/ul>\n<p>&#8220;Quem est\u00e1 a <strong>dois anos de cumprir o tempo de contribui\u00e7\u00e3o m\u00ednimo<\/strong> para aposentadoria \u2013 30 anos, se mulher, e 35, se homem \u2013 poder\u00e1 optar pela<br \/>\naposentadoria<strong> sem idade m\u00ednima<\/strong>, aplicando-se o Fator Previdenci\u00e1rio, ap\u00f3s cumprir ped\u00e1gio de 50% sobre o tempo faltante&#8221;, diz o documento apresentado aos <strong>parlamentares<\/strong>.<\/p>\n<p><a href=\"https:\/\/www.suno.com.br\/noticias\/reforma-previdencia-entregue-congresso-nacional\/\">Saiba mais &#8211;\u00a0Reforma da Previd\u00eancia \u00e9 entregue ao Congresso Nacional\u00a0<\/a><\/p>\n<h3>Regra de transi\u00e7\u00e3o<\/h3>\n<p>A aposentadoria por tempo de contribui\u00e7\u00e3o para o setor privado (INSS). Ser\u00e3o tr\u00eas\u00a0regras de transi\u00e7\u00e3o e o trabalhador poder\u00e1 optar pela forma mais vantajosa.<\/p>\n<h4><strong>Tempo de contribui\u00e7\u00e3o + idade<\/strong><\/h4>\n<p>A regra \u00e9 semelhante \u00e0 formula atual para a aposentadoria integral, com a f\u00f3rmula 86\/96. O trabalhador dever\u00e1 alcan\u00e7ar uma pontua\u00e7\u00e3o que resulta da soma de sua idade mais o tempo de contribui\u00e7\u00e3o.<\/p>\n<p>Hoje, a pontua\u00e7\u00e3o dos trabalhadores do g\u00eanero masculino \u00e9 de 96 pontos ao passo que, para as trabalhadoras, \u00e9 de 86 pontos, respeitando um m\u00ednimo de 35 anos de contribui\u00e7\u00e3o para eles, e 30 anos para elas.<\/p>\n<p>A transi\u00e7\u00e3o prev\u00ea um aumento de um ponto a cada ano. Para homens, deve alcan\u00e7ar 105 pontos em 2028. Enquanto para mulheres, deve chegar a 100 pontos em 2033.<\/p>\n<h4><strong>Tempo de contribui\u00e7\u00e3o + idade m\u00ednima<\/strong><\/h4>\n<p>A idade m\u00ednima para se aposentar chegar\u00e1 a 65 anos para homens, e 62 anos para mulheres, ap\u00f3s um per\u00edodo de transi\u00e7\u00e3o. Ele vai durar 10 anos para o g\u00eanero masculino e 12 anos para o g\u00eanero feminino, come\u00e7ando em 60 anos (homens) e 56 anos (mulheres).<\/p>\n<h4>Tempo de contribui\u00e7\u00e3o<\/h4>\n<p>Poder\u00e1 pedir a aposentadoria por esta regra quem estiver a dois anos de completar o tempo m\u00ednimo de contribui\u00e7\u00e3o, de 35 anos para homens e 30 anos para mulheres.<\/p>\n<p>O valor do benef\u00edcio ser\u00e1 reduzido pelo fator previdenci\u00e1rio (c\u00e1lculo que considera a expectativa de sobrevida do segurado medida pelo IBGE), que vem aumentando ano a ano. Por isso, no total, ficariam tr\u00eas anos de contribui\u00e7\u00e3o. Quanto maior esta expectativa, maior a redu\u00e7\u00e3o do benef\u00edcio.<\/p>\n<p>Haver\u00e1 um ped\u00e1gio de 50% sobre o tempo que falta para se aposentar. Assim, se faltarem dois anos para pedir o benef\u00edcio, o trabalhador dever\u00e1 contribuir por mais um ano.<\/p>\n<p><a href=\"https:\/\/www.suno.com.br\/noticias\/6-pontos-reforma-previdencia\/\">Saiba mais:\u00a0Confira 6 pontos da reforma da Previd\u00eancia pouco comentados<\/a><\/p>\n<h3>Sistema de Capitaliza\u00e7\u00e3o<\/h3>\n<p>A estrutura do sistema de capitaliza\u00e7\u00e3o da nova PEC da<strong> reforma da Previd\u00eancia<\/strong> n\u00e3o tem especificados os seus par\u00e2metros. A apresenta\u00e7\u00e3o apenas informa que:<\/p>\n<ul>\n<li>Alternativo ao sistema atual;<\/li>\n<li><strong>Capitaliza\u00e7\u00e3o<\/strong> em regime de contribui\u00e7\u00e3o definida;<\/li>\n<li>Garantia do sal\u00e1rio m\u00ednimo, mediante <strong>fundo solid\u00e1rio<\/strong>;<\/li>\n<li>Livre escolha, pelo trabalhador, da entidade ou modalidade de gest\u00e3o das<br \/>\nreservas, com portabilidade;<\/li>\n<li>Gest\u00e3o das reservas por entidades de <strong>previd\u00eancia p\u00fablicas e privadas<\/strong>, habilitadas por \u00f3rg\u00e3o regulador, assegurada a ampla transpar\u00eancia;<\/li>\n<li>Possibilidade de camada nocional, com maior prote\u00e7\u00e3o ao trabalhador e menor custo de <strong>transi\u00e7\u00e3o<\/strong>.<\/li>\n<\/ul>\n<h3>Al\u00edquotas<\/h3>\n<p>As <strong>al\u00edquotas<\/strong> pagas pelos trabalhadores tamb\u00e9m sofrer\u00e3o altera\u00e7\u00f5es, de acordo com o texto apresentado ao <strong>Congresso Nacional<\/strong> na manh\u00e3 desta quarta-feira.<\/p>\n<p>Confira abaixo o regime geral atual, de acordo com os ganhos do trabalhador:<\/p>\n<ul>\n<li>At\u00e9 R$1.751,81: al\u00edquota de 8%<\/li>\n<li>De R$ 1.751,82 at\u00e9 R$ 2.919,72: al\u00edquota de 9%<\/li>\n<li>De R$ 2.919,73 at\u00e9 R$ 5.839,45: al\u00edquota de 11%<\/li>\n<\/ul>\n<p>Confira abaixo as novas regras da <b>reforma da Previd\u00eancia\u00a0<\/b>formulada pelo governo <strong>Bolsonaro<\/strong>, de acordo com os ganhos do trabalhador:<\/p>\n<ul>\n<li>At\u00e9 1 sal\u00e1rio m\u00ednimo (R$ 998): al\u00edquota efetiva de 7,5%<\/li>\n<li>De R$ 998,01 a R$ 2 mil: al\u00edquota efetiva de 7,5% a 8,25%<\/li>\n<li>De R$ 2.001 a R$ 3 mil: al\u00edquota efetiva de 8,25% a 9,5%<\/li>\n<\/ul>\n","protected":false},"excerpt":{"rendered":"<p>O presidente Jair Bolsonaro e o presidente da C\u00e2mara, Rodrigo Maia, conversaram pela primeira vez sobre a reforma da Previd\u00eancia, neste s\u00e1bado (9), no Pal\u00e1cio da Alvorada. Reforma da Previd\u00eancia \u00e9 discutida por Bolsonaro e Maia neste domingo Maia \u00e9 o respons\u00e1vel pela tramita\u00e7\u00e3o da reforma da Previd\u00eancia iniciada na C\u00e2mara dos Deputados. O presidente [&hellip;]<\/p>\n","protected":false},"author":11,"featured_media":16024,"comment_status":"closed","ping_status":"closed","sticky":false,"template":"","format":"standard","meta":[],"categories":[61],"tags":[940],"suno_strategy":[],"class_list":["post-17541","post","type-post","status-publish","format-standard","has-post-thumbnail","hentry","category-politica","tag-reforma-da-previdencia"],"yoast_head":"<!-- This site is optimized with the Yoast SEO plugin v24.4 - https:\/\/yoast.com\/wordpress\/plugins\/seo\/ -->\n<title>Reforma da Previd\u00eancia: Bolsonaro e Maia se reuniram neste s\u00e1bado<\/title>\n<meta name=\"description\" content=\"Reforma da Previd\u00eancia foi entregue ao Congresso Nacional em 20 de fevereiro e tramita na C\u00e2mara dos Deputados. Clique e saiba mais.\" \/>\n<meta name=\"robots\" content=\"index, follow, max-snippet:-1, max-image-preview:large, max-video-preview:-1\" \/>\n<link rel=\"canonical\" href=\"https:\/\/www.suno.com.br\/noticias\/bolsonaro-maia-reforma-previdencia\/\" \/>\n<meta property=\"og:locale\" content=\"pt_BR\" \/>\n<meta property=\"og:type\" content=\"article\" \/>\n<meta property=\"og:title\" content=\"Reforma da Previd\u00eancia: Bolsonaro e Maia se reuniram neste s\u00e1bado\" \/>\n<meta property=\"og:description\" content=\"Reforma da Previd\u00eancia foi entregue ao Congresso Nacional em 20 de fevereiro e tramita na C\u00e2mara dos Deputados. Clique e saiba mais.\" \/>\n<meta property=\"og:url\" content=\"https:\/\/www.suno.com.br\/noticias\/bolsonaro-maia-reforma-previdencia\/\" \/>\n<meta property=\"og:site_name\" content=\"Suno Not\u00edcias\" \/>\n<meta property=\"article:publisher\" content=\"https:\/\/facebook.com\/sunoresearch\" \/>\n<meta property=\"og:image\" content=\"https:\/\/files.sunoresearch.com.br\/n\/uploads\/2019\/02\/bc2557db-jair-bolsonaro-apresenta-a-reforma-da-previd\u00eancia.jpg\" \/>\n\t<meta property=\"og:image:width\" content=\"1140\" \/>\n\t<meta property=\"og:image:height\" content=\"760\" \/>\n\t<meta property=\"og:image:type\" content=\"image\/jpeg\" \/>\n<meta name=\"author\" content=\"Renan Bandeira\" \/>\n<meta name=\"twitter:card\" content=\"summary_large_image\" \/>\n<meta name=\"twitter:creator\" content=\"@sunoresearch\" \/>\n<meta name=\"twitter:site\" content=\"@sunoresearch\" \/>\n<meta name=\"twitter:label1\" content=\"Escrito por\" \/>\n\t<meta name=\"twitter:data1\" content=\"Renan Bandeira\" \/>\n\t<meta name=\"twitter:label2\" content=\"Est. tempo de leitura\" \/>\n\t<meta name=\"twitter:data2\" content=\"7 minutos\" \/>\n<script type=\"application\/ld+json\" class=\"yoast-schema-graph\">{\"@context\":\"https:\/\/schema.org\",\"@graph\":[{\"@type\":\"NewsArticle\",\"@id\":\"https:\/\/www.suno.com.br\/noticias\/bolsonaro-maia-reforma-previdencia\/#article\",\"isPartOf\":{\"@id\":\"https:\/\/www.suno.com.br\/noticias\/bolsonaro-maia-reforma-previdencia\/\"},\"author\":{\"name\":\"Renan Bandeira\",\"@id\":\"https:\/\/www.suno.com.br\/noticias\/#\/schema\/person\/fc144a1c6108bd1dcd43784e88a3c138\"},\"headline\":\"Reforma da Previd\u00eancia: Bolsonaro e Maia se reuniram neste s\u00e1bado\",\"datePublished\":\"2019-03-09T21:00:07+00:00\",\"dateModified\":\"2019-03-09T21:01:50+00:00\",\"mainEntityOfPage\":{\"@id\":\"https:\/\/www.suno.com.br\/noticias\/bolsonaro-maia-reforma-previdencia\/\"},\"wordCount\":1468,\"publisher\":{\"@id\":\"https:\/\/www.suno.com.br\/noticias\/#organization\"},\"image\":{\"@id\":\"https:\/\/www.suno.com.br\/noticias\/bolsonaro-maia-reforma-previdencia\/#primaryimage\"},\"thumbnailUrl\":\"https:\/\/files.sunoresearch.com.br\/n\/uploads\/2019\/02\/bc2557db-jair-bolsonaro-apresenta-a-reforma-da-previd\u00eancia-jpg.webp\",\"keywords\":[\"Reforma da Previd\u00eancia\"],\"articleSection\":[\"Pol\u00edtica\"],\"inLanguage\":\"pt-BR\"},{\"@type\":\"WebPage\",\"@id\":\"https:\/\/www.suno.com.br\/noticias\/bolsonaro-maia-reforma-previdencia\/\",\"url\":\"https:\/\/www.suno.com.br\/noticias\/bolsonaro-maia-reforma-previdencia\/\",\"name\":\"Reforma da Previd\u00eancia: Bolsonaro e Maia se reuniram neste s\u00e1bado\",\"isPartOf\":{\"@id\":\"https:\/\/www.suno.com.br\/noticias\/#website\"},\"primaryImageOfPage\":{\"@id\":\"https:\/\/www.suno.com.br\/noticias\/bolsonaro-maia-reforma-previdencia\/#primaryimage\"},\"image\":{\"@id\":\"https:\/\/www.suno.com.br\/noticias\/bolsonaro-maia-reforma-previdencia\/#primaryimage\"},\"thumbnailUrl\":\"https:\/\/files.sunoresearch.com.br\/n\/uploads\/2019\/02\/bc2557db-jair-bolsonaro-apresenta-a-reforma-da-previd\u00eancia-jpg.webp\",\"datePublished\":\"2019-03-09T21:00:07+00:00\",\"dateModified\":\"2019-03-09T21:01:50+00:00\",\"description\":\"Reforma da Previd\u00eancia foi entregue ao Congresso Nacional em 20 de fevereiro e tramita na C\u00e2mara dos Deputados. Clique e saiba mais.\",\"breadcrumb\":{\"@id\":\"https:\/\/www.suno.com.br\/noticias\/bolsonaro-maia-reforma-previdencia\/#breadcrumb\"},\"inLanguage\":\"pt-BR\",\"potentialAction\":[{\"@type\":\"ReadAction\",\"target\":[\"https:\/\/www.suno.com.br\/noticias\/bolsonaro-maia-reforma-previdencia\/\"]}]},{\"@type\":\"ImageObject\",\"inLanguage\":\"pt-BR\",\"@id\":\"https:\/\/www.suno.com.br\/noticias\/bolsonaro-maia-reforma-previdencia\/#primaryimage\",\"url\":\"https:\/\/files.sunoresearch.com.br\/n\/uploads\/2019\/02\/bc2557db-jair-bolsonaro-apresenta-a-reforma-da-previd\u00eancia-jpg.webp\",\"contentUrl\":\"https:\/\/files.sunoresearch.com.br\/n\/uploads\/2019\/02\/bc2557db-jair-bolsonaro-apresenta-a-reforma-da-previd\u00eancia-jpg.webp\",\"width\":1140,\"height\":760,\"caption\":\"Reforma da Previd\u00eancia \u00e9 discutida por Bolsonaro e Maia neste domingo\"},{\"@type\":\"BreadcrumbList\",\"@id\":\"https:\/\/www.suno.com.br\/noticias\/bolsonaro-maia-reforma-previdencia\/#breadcrumb\",\"itemListElement\":[{\"@type\":\"ListItem\",\"position\":1,\"name\":\"Not\u00edcias\",\"item\":\"https:\/\/www.suno.com.br\/noticias\/\"},{\"@type\":\"ListItem\",\"position\":2,\"name\":\"Pol\u00edtica\",\"item\":\"https:\/\/www.suno.com.br\/noticias\/politica\/\"},{\"@type\":\"ListItem\",\"position\":3,\"name\":\"Reforma da Previd\u00eancia: Bolsonaro e Maia se reuniram neste s\u00e1bado\"}]},{\"@type\":\"WebSite\",\"@id\":\"https:\/\/www.suno.com.br\/noticias\/#website\",\"url\":\"https:\/\/www.suno.com.br\/noticias\/\",\"name\":\"Suno Not\u00edcias\",\"description\":\"Seu portal de informa\u00e7\u00e3o sobre o mundo dos investimentos\",\"publisher\":{\"@id\":\"https:\/\/www.suno.com.br\/noticias\/#organization\"},\"potentialAction\":[{\"@type\":\"SearchAction\",\"target\":{\"@type\":\"EntryPoint\",\"urlTemplate\":\"https:\/\/www.suno.com.br\/noticias\/?s={search_term_string}\"},\"query-input\":{\"@type\":\"PropertyValueSpecification\",\"valueRequired\":true,\"valueName\":\"search_term_string\"}}],\"inLanguage\":\"pt-BR\"},{\"@type\":\"Organization\",\"@id\":\"https:\/\/www.suno.com.br\/noticias\/#organization\",\"name\":\"Suno Not\u00edcias\",\"url\":\"https:\/\/www.suno.com.br\/noticias\/\",\"logo\":{\"@type\":\"ImageObject\",\"inLanguage\":\"pt-BR\",\"@id\":\"https:\/\/www.suno.com.br\/noticias\/#\/schema\/logo\/image\/\",\"url\":\"https:\/\/files.sunoresearch.com.br\/n\/uploads\/2021\/09\/suno-logo.png\",\"contentUrl\":\"https:\/\/files.sunoresearch.com.br\/n\/uploads\/2021\/09\/suno-logo.png\",\"width\":180,\"height\":180,\"caption\":\"Suno Not\u00edcias\"},\"image\":{\"@id\":\"https:\/\/www.suno.com.br\/noticias\/#\/schema\/logo\/image\/\"},\"sameAs\":[\"https:\/\/facebook.com\/sunoresearch\",\"https:\/\/x.com\/sunoresearch\",\"https:\/\/www.instagram.com\/suno\",\"https:\/\/www.linkedin.com\/company\/suno-research\/\",\"https:\/\/www.youtube.com\/c\/sunoresearch\"]},{\"@type\":\"Person\",\"@id\":\"https:\/\/www.suno.com.br\/noticias\/#\/schema\/person\/fc144a1c6108bd1dcd43784e88a3c138\",\"name\":\"Renan Bandeira\",\"image\":{\"@type\":\"ImageObject\",\"inLanguage\":\"pt-BR\",\"@id\":\"https:\/\/www.suno.com.br\/noticias\/#\/schema\/person\/image\/\",\"url\":\"https:\/\/secure.gravatar.com\/avatar\/68359cdb608f14f11bbefcb78f3fc747?s=96&r=g\",\"contentUrl\":\"https:\/\/secure.gravatar.com\/avatar\/68359cdb608f14f11bbefcb78f3fc747?s=96&r=g\",\"caption\":\"Renan Bandeira\"},\"description\":\"Renan Bandeira escreve sobre pol\u00edtica e economia para o portal da Suno Research. Antes da Suno, trabalhou em uma rede de televis\u00e3o, onde fazia reportagens sobre os mesmos temas. Estuda na Universidade Metodista de S\u00e3o Paulo.\",\"url\":\"https:\/\/www.suno.com.br\/noticias\/author\/renan-bandeira\/\"}]}<\/script>\n<!-- \/ Yoast SEO plugin. -->","yoast_head_json":{"title":"Reforma da Previd\u00eancia: Bolsonaro e Maia se reuniram neste s\u00e1bado","description":"Reforma da Previd\u00eancia foi entregue ao Congresso Nacional em 20 de fevereiro e tramita na C\u00e2mara dos Deputados. Clique e saiba mais.","robots":{"index":"index","follow":"follow","max-snippet":"max-snippet:-1","max-image-preview":"max-image-preview:large","max-video-preview":"max-video-preview:-1"},"canonical":"https:\/\/www.suno.com.br\/noticias\/bolsonaro-maia-reforma-previdencia\/","og_locale":"pt_BR","og_type":"article","og_title":"Reforma da Previd\u00eancia: Bolsonaro e Maia se reuniram neste s\u00e1bado","og_description":"Reforma da Previd\u00eancia foi entregue ao Congresso Nacional em 20 de fevereiro e tramita na C\u00e2mara dos Deputados. Clique e saiba mais.","og_url":"https:\/\/www.suno.com.br\/noticias\/bolsonaro-maia-reforma-previdencia\/","og_site_name":"Suno Not\u00edcias","article_publisher":"https:\/\/facebook.com\/sunoresearch","og_image":[{"width":1140,"height":760,"url":"https:\/\/files.sunoresearch.com.br\/n\/uploads\/2019\/02\/bc2557db-jair-bolsonaro-apresenta-a-reforma-da-previd\u00eancia.jpg","type":"image\/jpeg"}],"author":"Renan Bandeira","twitter_card":"summary_large_image","twitter_creator":"@sunoresearch","twitter_site":"@sunoresearch","twitter_misc":{"Escrito por":"Renan Bandeira","Est. tempo de leitura":"7 minutos"},"schema":{"@context":"https:\/\/schema.org","@graph":[{"@type":"NewsArticle","@id":"https:\/\/www.suno.com.br\/noticias\/bolsonaro-maia-reforma-previdencia\/#article","isPartOf":{"@id":"https:\/\/www.suno.com.br\/noticias\/bolsonaro-maia-reforma-previdencia\/"},"author":{"name":"Renan Bandeira","@id":"https:\/\/www.suno.com.br\/noticias\/#\/schema\/person\/fc144a1c6108bd1dcd43784e88a3c138"},"headline":"Reforma da Previd\u00eancia: Bolsonaro e Maia se reuniram neste s\u00e1bado","datePublished":"2019-03-09T21:00:07+00:00","dateModified":"2019-03-09T21:01:50+00:00","mainEntityOfPage":{"@id":"https:\/\/www.suno.com.br\/noticias\/bolsonaro-maia-reforma-previdencia\/"},"wordCount":1468,"publisher":{"@id":"https:\/\/www.suno.com.br\/noticias\/#organization"},"image":{"@id":"https:\/\/www.suno.com.br\/noticias\/bolsonaro-maia-reforma-previdencia\/#primaryimage"},"thumbnailUrl":"https:\/\/files.sunoresearch.com.br\/n\/uploads\/2019\/02\/bc2557db-jair-bolsonaro-apresenta-a-reforma-da-previd\u00eancia-jpg.webp","keywords":["Reforma da Previd\u00eancia"],"articleSection":["Pol\u00edtica"],"inLanguage":"pt-BR"},{"@type":"WebPage","@id":"https:\/\/www.suno.com.br\/noticias\/bolsonaro-maia-reforma-previdencia\/","url":"https:\/\/www.suno.com.br\/noticias\/bolsonaro-maia-reforma-previdencia\/","name":"Reforma da Previd\u00eancia: Bolsonaro e Maia se reuniram neste s\u00e1bado","isPartOf":{"@id":"https:\/\/www.suno.com.br\/noticias\/#website"},"primaryImageOfPage":{"@id":"https:\/\/www.suno.com.br\/noticias\/bolsonaro-maia-reforma-previdencia\/#primaryimage"},"image":{"@id":"https:\/\/www.suno.com.br\/noticias\/bolsonaro-maia-reforma-previdencia\/#primaryimage"},"thumbnailUrl":"https:\/\/files.sunoresearch.com.br\/n\/uploads\/2019\/02\/bc2557db-jair-bolsonaro-apresenta-a-reforma-da-previd\u00eancia-jpg.webp","datePublished":"2019-03-09T21:00:07+00:00","dateModified":"2019-03-09T21:01:50+00:00","description":"Reforma da Previd\u00eancia foi entregue ao Congresso Nacional em 20 de fevereiro e tramita na C\u00e2mara dos Deputados. Clique e saiba mais.","breadcrumb":{"@id":"https:\/\/www.suno.com.br\/noticias\/bolsonaro-maia-reforma-previdencia\/#breadcrumb"},"inLanguage":"pt-BR","potentialAction":[{"@type":"ReadAction","target":["https:\/\/www.suno.com.br\/noticias\/bolsonaro-maia-reforma-previdencia\/"]}]},{"@type":"ImageObject","inLanguage":"pt-BR","@id":"https:\/\/www.suno.com.br\/noticias\/bolsonaro-maia-reforma-previdencia\/#primaryimage","url":"https:\/\/files.sunoresearch.com.br\/n\/uploads\/2019\/02\/bc2557db-jair-bolsonaro-apresenta-a-reforma-da-previd\u00eancia-jpg.webp","contentUrl":"https:\/\/files.sunoresearch.com.br\/n\/uploads\/2019\/02\/bc2557db-jair-bolsonaro-apresenta-a-reforma-da-previd\u00eancia-jpg.webp","width":1140,"height":760,"caption":"Reforma da Previd\u00eancia \u00e9 discutida por Bolsonaro e Maia neste domingo"},{"@type":"BreadcrumbList","@id":"https:\/\/www.suno.com.br\/noticias\/bolsonaro-maia-reforma-previdencia\/#breadcrumb","itemListElement":[{"@type":"ListItem","position":1,"name":"Not\u00edcias","item":"https:\/\/www.suno.com.br\/noticias\/"},{"@type":"ListItem","position":2,"name":"Pol\u00edtica","item":"https:\/\/www.suno.com.br\/noticias\/politica\/"},{"@type":"ListItem","position":3,"name":"Reforma da Previd\u00eancia: Bolsonaro e Maia se reuniram neste s\u00e1bado"}]},{"@type":"WebSite","@id":"https:\/\/www.suno.com.br\/noticias\/#website","url":"https:\/\/www.suno.com.br\/noticias\/","name":"Suno Not\u00edcias","description":"Seu portal de informa\u00e7\u00e3o sobre o mundo dos investimentos","publisher":{"@id":"https:\/\/www.suno.com.br\/noticias\/#organization"},"potentialAction":[{"@type":"SearchAction","target":{"@type":"EntryPoint","urlTemplate":"https:\/\/www.suno.com.br\/noticias\/?s={search_term_string}"},"query-input":{"@type":"PropertyValueSpecification","valueRequired":true,"valueName":"search_term_string"}}],"inLanguage":"pt-BR"},{"@type":"Organization","@id":"https:\/\/www.suno.com.br\/noticias\/#organization","name":"Suno Not\u00edcias","url":"https:\/\/www.suno.com.br\/noticias\/","logo":{"@type":"ImageObject","inLanguage":"pt-BR","@id":"https:\/\/www.suno.com.br\/noticias\/#\/schema\/logo\/image\/","url":"https:\/\/files.sunoresearch.com.br\/n\/uploads\/2021\/09\/suno-logo.png","contentUrl":"https:\/\/files.sunoresearch.com.br\/n\/uploads\/2021\/09\/suno-logo.png","width":180,"height":180,"caption":"Suno Not\u00edcias"},"image":{"@id":"https:\/\/www.suno.com.br\/noticias\/#\/schema\/logo\/image\/"},"sameAs":["https:\/\/facebook.com\/sunoresearch","https:\/\/x.com\/sunoresearch","https:\/\/www.instagram.com\/suno","https:\/\/www.linkedin.com\/company\/suno-research\/","https:\/\/www.youtube.com\/c\/sunoresearch"]},{"@type":"Person","@id":"https:\/\/www.suno.com.br\/noticias\/#\/schema\/person\/fc144a1c6108bd1dcd43784e88a3c138","name":"Renan Bandeira","image":{"@type":"ImageObject","inLanguage":"pt-BR","@id":"https:\/\/www.suno.com.br\/noticias\/#\/schema\/person\/image\/","url":"https:\/\/secure.gravatar.com\/avatar\/68359cdb608f14f11bbefcb78f3fc747?s=96&r=g","contentUrl":"https:\/\/secure.gravatar.com\/avatar\/68359cdb608f14f11bbefcb78f3fc747?s=96&r=g","caption":"Renan Bandeira"},"description":"Renan Bandeira escreve sobre pol\u00edtica e economia para o portal da Suno Research. Antes da Suno, trabalhou em uma rede de televis\u00e3o, onde fazia reportagens sobre os mesmos temas. Estuda na Universidade Metodista de S\u00e3o Paulo.","url":"https:\/\/www.suno.com.br\/noticias\/author\/renan-bandeira\/"}]}},"default_loop_html":"<div class=\"cardsPage__listCard__boxs\"><div class=\"cardsPage__listCard__boxs__img\"><a href=\"https:\/\/www.suno.com.br\/noticias\/bolsonaro-maia-reforma-previdencia\/\"><img class=\"mask\" src=\"https:\/\/www.suno.com.br\/noticias\/wp-content\/themes\/suno\/resources\/images\/spotlight\/spotlight1img\/bg-mask.png\" alt=\"Image Mask\"\/><img src=\"https:\/\/files.sunoresearch.com.br\/n\/uploads\/2019\/02\/bc2557db-jair-bolsonaro-apresenta-a-reforma-da-previd\u00eancia-400x200.webp\" alt=\"Reforma da Previd\u00eancia: Bolsonaro e Maia se reuniram neste s\u00e1bado\"\/><\/a><span class=\"spotlightCategory\"><a href=\"https:\/\/www.suno.com.br\/noticias\/politica\/\">Pol\u00edtica<\/a><\/span><\/div><div class=\"cardsPage__listCard__boxs__content\"><a href=\"https:\/\/www.suno.com.br\/noticias\/bolsonaro-maia-reforma-previdencia\/\"><h2 class=\"content__title\">Reforma da Previd\u00eancia: Bolsonaro e Maia se reuniram neste s\u00e1bado<\/h2><\/a><div class=\"newsContent__article__meta\"><div class=\"newsContent__article__meta__authorBox\"><a href=\"https:\/\/www.suno.com.br\/noticias\/author\/renan-bandeira\/\" class=\"authorBox__avatar noMobi\"><img src=\"https:\/\/secure.gravatar.com\/avatar\/68359cdb608f14f11bbefcb78f3fc747?s=96&#038;r=g\" alt=\"Renan Bandeira\"><\/a><div class=\"authorBox__name\"><span>por\n\t\t\t<a href=\"https:\/\/www.suno.com.br\/noticias\/author\/renan-bandeira\/\"><span itemprop=\"author\">Renan Bandeira<\/span><\/a><\/span><time datetime=\"2019-03-09T18:00:07-03:00\" itemprop=\"datePublished\">09\/03\/2019 18:00<\/time><\/div><\/div><\/div><\/div><\/div>","single_layout":"posts","amp_enabled":true,"_links":{"self":[{"href":"https:\/\/www.suno.com.br\/noticias\/wp-json\/wp\/v2\/posts\/17541"}],"collection":[{"href":"https:\/\/www.suno.com.br\/noticias\/wp-json\/wp\/v2\/posts"}],"about":[{"href":"https:\/\/www.suno.com.br\/noticias\/wp-json\/wp\/v2\/types\/post"}],"author":[{"embeddable":true,"href":"https:\/\/www.suno.com.br\/noticias\/wp-json\/wp\/v2\/users\/11"}],"replies":[{"embeddable":true,"href":"https:\/\/www.suno.com.br\/noticias\/wp-json\/wp\/v2\/comments?post=17541"}],"version-history":[{"count":0,"href":"https:\/\/www.suno.com.br\/noticias\/wp-json\/wp\/v2\/posts\/17541\/revisions"}],"wp:featuredmedia":[{"embeddable":true,"href":"https:\/\/www.suno.com.br\/noticias\/wp-json\/wp\/v2\/media\/16024"}],"wp:attachment":[{"href":"https:\/\/www.suno.com.br\/noticias\/wp-json\/wp\/v2\/media?parent=17541"}],"wp:term":[{"taxonomy":"category","embeddable":true,"href":"https:\/\/www.suno.com.br\/noticias\/wp-json\/wp\/v2\/categories?post=17541"},{"taxonomy":"post_tag","embeddable":true,"href":"https:\/\/www.suno.com.br\/noticias\/wp-json\/wp\/v2\/tags?post=17541"},{"taxonomy":"suno_strategy","embeddable":true,"href":"https:\/\/www.suno.com.br\/noticias\/wp-json\/wp\/v2\/suno_strategy?post=17541"}],"curies":[{"name":"wp","href":"https:\/\/api.w.org\/{rel}","templated":true}]}}