{"id":17532,"date":"2019-03-09T15:37:05","date_gmt":"2019-03-09T18:37:05","guid":{"rendered":"https:\/\/www.suno.com.br\/noticias\/?p=17532"},"modified":"2019-03-09T15:37:05","modified_gmt":"2019-03-09T18:37:05","slug":"bolsonaro-trump-reuniao","status":"publish","type":"post","link":"https:\/\/www.suno.com.br\/noticias\/bolsonaro-trump-reuniao\/","title":{"rendered":"Bolsonaro e Trump far\u00e3o reuni\u00e3o em 19 de mar\u00e7o nos Estados Unidos"},"content":{"rendered":"<p>O presidente Jair Bolsonaro se reunir\u00e1 com o presidente dos Estados Unidos, Donald Trump, no pr\u00f3ximo dia 19, segundo comunicado da Casa Branca.<\/p>\t<div class=\"wrapper-featured-image\">\n\t\t<figure class=\"spotlightImg\">\n\n\t\t\t<picture>\n\t\t\t\t<source media=\"(max-width: 768px)\" srcset=\"https:\/\/files.sunoresearch.com.br\/n\/uploads\/2019\/03\/96932eaa-bolsonaro-400x200.webp\">\n\t\t\t\t<img loading=\"lazy\" decoding=\"async\" class=\"newsContent__article__imgCapa lazyloadDisabled newsContent__article__imgCapa--noCaption\" src=\"https:\/\/files.sunoresearch.com.br\/n\/uploads\/2019\/03\/96932eaa-bolsonaro-800x450.webp\" width=\"800\" height=\"450\" alt=\"Bolsonaro e Trump far\u00e3o reuni\u00e3o em 19 de mar\u00e7o nos Estados Unidos\" fetchpriority=high \/>\n\t\t\t<\/picture>\n\n\t\t\t<figcaption class=\"wp-caption-text wp-caption-text--hide\">Bolsonaro e Trump far\u00e3o reuni\u00e3o em 19 de mar\u00e7o nos Estados Unidos<\/figcaption>\n\t\t<\/figure>\n\t<\/div>\n\n\n<p>No entanto, a reuni\u00e3o entre <strong>Bolsonaro<\/strong> e <strong>Trump<\/strong> servir\u00e1 para debater os temas:<\/p>\n<ul>\n<li><strong>Coopera\u00e7\u00e3o na \u00e1rea da defesa;<\/strong><\/li>\n<li><strong>Pol\u00edticas comerciais;<\/strong><\/li>\n<li><strong>Combate ao crime transnacional;<\/strong><\/li>\n<li><strong>Crise na Venezuela.<\/strong><\/li>\n<\/ul>\n<p>De acordo com a <strong>Casa Branca<\/strong>, os dois l\u00edderes v\u00e3o discutir sobre os esfor\u00e7os para oferecer <strong>ajuda humanit\u00e1ria \u00e0 Venezuela<\/strong>.<\/p>\n<p>Brasil, <strong>Estados Unidos<\/strong> e Col\u00f4mbia realizaram doa\u00e7\u00f5es a venezuelanos a partir da cidade colombiana de C\u00facuta e da brasileira de Boa Vista, capital de Roraima.<\/p>\n<h2>Ajuda humanit\u00e1ria brasileira<\/h2>\n<p>A ajuda humanit\u00e1ria brasileira passou a prestar ajuda na Venezuela em 23 de fevereiro. A mobiliza\u00e7\u00e3o atende aos pedidos do presidente autoproclamado <strong>Juan Guaid\u00f3<\/strong>.<\/p>\n<p><a href=\"https:\/\/www.suno.com.br\/noticias\/14626-2\/\">Saiba mais:\u00a0Grupo apoiado pela UE pede elei\u00e7\u00f5es presidenciais na Venezuela<\/a><\/p>\n<p><a href=\"https:\/\/www.suno.com.br\/noticias\/brasil-ajuda-humanitaria-venezuela\/\">Saiba mais:\u00a0Brasil anuncia for\u00e7a tarefa de ajuda humanit\u00e1ria para a Venezuela<\/a><\/p>\n<p>De acordo com\u00a0porta-voz da Presid\u00eancia, Ot\u00e1vio de R\u00eago Barros general a opera\u00e7\u00e3o dever\u00e1 ser realizada em conjunto com o governo dos <strong>Estados Unidos<\/strong> e coordenada pelo <strong>Minist\u00e9rio das Rela\u00e7\u00f5es Exteriores<\/strong>. Participar\u00e3o tamb\u00e9m da for\u00e7a tarefa os representantes do:<\/p>\n<ul>\n<li>Minist\u00e9rio da Defesa,<\/li>\n<li>Minist\u00e9rio da Agricultura,<\/li>\n<li>Minist\u00e9rio da Cidadania, da Sa\u00fade<\/li>\n<li>Gabinete de Seguran\u00e7a Institucional<\/li>\n<li>Casa Civil<\/li>\n<\/ul>\n<p>Ser\u00e3o enviados alimentos e medicamentos, distribu\u00eddos no territ\u00f3rio brasileiro, como em <strong>Boa Vista<\/strong> e <strong>Pacaraima<\/strong>, na fronteira de <strong>Roraima<\/strong> com a <strong>Venezuela<\/strong>. Dessa forma, os mantimentos dever\u00e3o ser transportados por caminh\u00f5es venezuelanos conduzidos por venezuelanos.<\/p>\n<h2>Guaid\u00f3 e Maduro<\/h2>\n<p>Al\u00e9m de Brasil e Estados Unidos, outras 50 na\u00e7\u00f5es reconheceram Juan Guaid\u00f3, presidente da Assembleia Nacional da Venezuela, como presidente leg\u00edtimo do pa\u00eds.<\/p>\n<p>No entanto, <strong>Nicol\u00e1s Maduro<\/strong> afirmou que seguir\u00e1 no poder. O l\u00edder venezuelano tem apoio da <strong>China<\/strong>, R\u00fassia e Turquia, do M\u00e9xico e Uruguai.<\/p>\n<p><strong>Bolsonaro<\/strong> deve viajar para os <strong>Estados Unidos<\/strong> entre os dias 18 e 22 deste m\u00eas. No entanto, o ministro das Rela\u00e7\u00f5es Exteriores, Ernesto Ara\u00fajo, e o deputado Eduardo Bolsonaro, viajaram ao pa\u00eds para preparar a visita do <strong>presidente<\/strong>.<\/p>\n","protected":false},"excerpt":{"rendered":"<p>O presidente Jair Bolsonaro se reunir\u00e1 com o presidente dos Estados Unidos, Donald Trump, no pr\u00f3ximo dia 19, segundo comunicado da Casa Branca. Bolsonaro e Trump far\u00e3o reuni\u00e3o em 19 de mar\u00e7o nos Estados Unidos No entanto, a reuni\u00e3o entre Bolsonaro e Trump servir\u00e1 para debater os temas: Coopera\u00e7\u00e3o na \u00e1rea da defesa; Pol\u00edticas comerciais; [&hellip;]<\/p>\n","protected":false},"author":11,"featured_media":17534,"comment_status":"closed","ping_status":"closed","sticky":false,"template":"","format":"standard","meta":[],"categories":[61],"tags":[724,719],"suno_strategy":[],"class_list":["post-17532","post","type-post","status-publish","format-standard","has-post-thumbnail","hentry","category-politica","tag-donald-trump","tag-jair-bolsonaro"],"yoast_head":"<!-- This site is optimized with the Yoast SEO plugin v24.4 - https:\/\/yoast.com\/wordpress\/plugins\/seo\/ -->\n<title>Bolsonaro e Trump far\u00e3o reuni\u00e3o em 19 de mar\u00e7o nos Estados Unidos<\/title>\n<meta name=\"description\" content=\"Bolsonaro ficar\u00e1 cinco dias nos Estados Unidos; Reuni\u00e3o dos l\u00edderes deve discutir principalmente o tema: Venezuela. Clique para saber mais.\" \/>\n<meta name=\"robots\" content=\"index, follow, max-snippet:-1, max-image-preview:large, max-video-preview:-1\" \/>\n<link rel=\"canonical\" href=\"https:\/\/www.suno.com.br\/noticias\/bolsonaro-trump-reuniao\/\" \/>\n<meta property=\"og:locale\" content=\"pt_BR\" \/>\n<meta property=\"og:type\" content=\"article\" \/>\n<meta property=\"og:title\" content=\"Bolsonaro e Trump far\u00e3o reuni\u00e3o em 19 de mar\u00e7o nos Estados Unidos\" \/>\n<meta property=\"og:description\" content=\"Bolsonaro ficar\u00e1 cinco dias nos Estados Unidos; Reuni\u00e3o dos l\u00edderes deve discutir principalmente o tema: Venezuela. Clique para saber mais.\" \/>\n<meta property=\"og:url\" content=\"https:\/\/www.suno.com.br\/noticias\/bolsonaro-trump-reuniao\/\" \/>\n<meta property=\"og:site_name\" content=\"Suno Not\u00edcias\" \/>\n<meta property=\"article:publisher\" content=\"https:\/\/facebook.com\/sunoresearch\" \/>\n<meta property=\"og:image\" content=\"https:\/\/files.sunoresearch.com.br\/n\/uploads\/2019\/03\/96932eaa-bolsonaro.jpg\" \/>\n\t<meta property=\"og:image:width\" content=\"1140\" \/>\n\t<meta property=\"og:image:height\" content=\"760\" \/>\n\t<meta property=\"og:image:type\" content=\"image\/jpeg\" \/>\n<meta name=\"author\" content=\"Renan Bandeira\" \/>\n<meta name=\"twitter:card\" content=\"summary_large_image\" \/>\n<meta name=\"twitter:creator\" content=\"@sunoresearch\" \/>\n<meta name=\"twitter:site\" content=\"@sunoresearch\" \/>\n<meta name=\"twitter:label1\" content=\"Escrito por\" \/>\n\t<meta name=\"twitter:data1\" content=\"Renan Bandeira\" \/>\n\t<meta name=\"twitter:label2\" content=\"Est. tempo de leitura\" \/>\n\t<meta name=\"twitter:data2\" content=\"2 minutos\" \/>\n<script type=\"application\/ld+json\" class=\"yoast-schema-graph\">{\"@context\":\"https:\/\/schema.org\",\"@graph\":[{\"@type\":\"NewsArticle\",\"@id\":\"https:\/\/www.suno.com.br\/noticias\/bolsonaro-trump-reuniao\/#article\",\"isPartOf\":{\"@id\":\"https:\/\/www.suno.com.br\/noticias\/bolsonaro-trump-reuniao\/\"},\"author\":{\"name\":\"Renan Bandeira\",\"@id\":\"https:\/\/www.suno.com.br\/noticias\/#\/schema\/person\/fc144a1c6108bd1dcd43784e88a3c138\"},\"headline\":\"Bolsonaro e Trump far\u00e3o reuni\u00e3o em 19 de mar\u00e7o nos Estados Unidos\",\"datePublished\":\"2019-03-09T18:37:05+00:00\",\"mainEntityOfPage\":{\"@id\":\"https:\/\/www.suno.com.br\/noticias\/bolsonaro-trump-reuniao\/\"},\"wordCount\":379,\"publisher\":{\"@id\":\"https:\/\/www.suno.com.br\/noticias\/#organization\"},\"image\":{\"@id\":\"https:\/\/www.suno.com.br\/noticias\/bolsonaro-trump-reuniao\/#primaryimage\"},\"thumbnailUrl\":\"https:\/\/files.sunoresearch.com.br\/n\/uploads\/2019\/03\/96932eaa-bolsonaro-jpg.webp\",\"keywords\":[\"Donald Trump\",\"Jair Bolsonaro\"],\"articleSection\":[\"Pol\u00edtica\"],\"inLanguage\":\"pt-BR\"},{\"@type\":\"WebPage\",\"@id\":\"https:\/\/www.suno.com.br\/noticias\/bolsonaro-trump-reuniao\/\",\"url\":\"https:\/\/www.suno.com.br\/noticias\/bolsonaro-trump-reuniao\/\",\"name\":\"Bolsonaro e Trump far\u00e3o reuni\u00e3o em 19 de mar\u00e7o nos Estados Unidos\",\"isPartOf\":{\"@id\":\"https:\/\/www.suno.com.br\/noticias\/#website\"},\"primaryImageOfPage\":{\"@id\":\"https:\/\/www.suno.com.br\/noticias\/bolsonaro-trump-reuniao\/#primaryimage\"},\"image\":{\"@id\":\"https:\/\/www.suno.com.br\/noticias\/bolsonaro-trump-reuniao\/#primaryimage\"},\"thumbnailUrl\":\"https:\/\/files.sunoresearch.com.br\/n\/uploads\/2019\/03\/96932eaa-bolsonaro-jpg.webp\",\"datePublished\":\"2019-03-09T18:37:05+00:00\",\"description\":\"Bolsonaro ficar\u00e1 cinco dias nos Estados Unidos; Reuni\u00e3o dos l\u00edderes deve discutir principalmente o tema: Venezuela. Clique para saber mais.\",\"breadcrumb\":{\"@id\":\"https:\/\/www.suno.com.br\/noticias\/bolsonaro-trump-reuniao\/#breadcrumb\"},\"inLanguage\":\"pt-BR\",\"potentialAction\":[{\"@type\":\"ReadAction\",\"target\":[\"https:\/\/www.suno.com.br\/noticias\/bolsonaro-trump-reuniao\/\"]}]},{\"@type\":\"ImageObject\",\"inLanguage\":\"pt-BR\",\"@id\":\"https:\/\/www.suno.com.br\/noticias\/bolsonaro-trump-reuniao\/#primaryimage\",\"url\":\"https:\/\/files.sunoresearch.com.br\/n\/uploads\/2019\/03\/96932eaa-bolsonaro-jpg.webp\",\"contentUrl\":\"https:\/\/files.sunoresearch.com.br\/n\/uploads\/2019\/03\/96932eaa-bolsonaro-jpg.webp\",\"width\":1140,\"height\":760,\"caption\":\"Bolsonaro e Trump far\u00e3o reuni\u00e3o em 19 de mar\u00e7o nos Estados Unidos\"},{\"@type\":\"BreadcrumbList\",\"@id\":\"https:\/\/www.suno.com.br\/noticias\/bolsonaro-trump-reuniao\/#breadcrumb\",\"itemListElement\":[{\"@type\":\"ListItem\",\"position\":1,\"name\":\"Not\u00edcias\",\"item\":\"https:\/\/www.suno.com.br\/noticias\/\"},{\"@type\":\"ListItem\",\"position\":2,\"name\":\"Pol\u00edtica\",\"item\":\"https:\/\/www.suno.com.br\/noticias\/politica\/\"},{\"@type\":\"ListItem\",\"position\":3,\"name\":\"Bolsonaro e Trump far\u00e3o reuni\u00e3o em 19 de mar\u00e7o nos Estados Unidos\"}]},{\"@type\":\"WebSite\",\"@id\":\"https:\/\/www.suno.com.br\/noticias\/#website\",\"url\":\"https:\/\/www.suno.com.br\/noticias\/\",\"name\":\"Suno Not\u00edcias\",\"description\":\"Seu portal de informa\u00e7\u00e3o sobre o mundo dos investimentos\",\"publisher\":{\"@id\":\"https:\/\/www.suno.com.br\/noticias\/#organization\"},\"potentialAction\":[{\"@type\":\"SearchAction\",\"target\":{\"@type\":\"EntryPoint\",\"urlTemplate\":\"https:\/\/www.suno.com.br\/noticias\/?s={search_term_string}\"},\"query-input\":{\"@type\":\"PropertyValueSpecification\",\"valueRequired\":true,\"valueName\":\"search_term_string\"}}],\"inLanguage\":\"pt-BR\"},{\"@type\":\"Organization\",\"@id\":\"https:\/\/www.suno.com.br\/noticias\/#organization\",\"name\":\"Suno Not\u00edcias\",\"url\":\"https:\/\/www.suno.com.br\/noticias\/\",\"logo\":{\"@type\":\"ImageObject\",\"inLanguage\":\"pt-BR\",\"@id\":\"https:\/\/www.suno.com.br\/noticias\/#\/schema\/logo\/image\/\",\"url\":\"https:\/\/files.sunoresearch.com.br\/n\/uploads\/2021\/09\/suno-logo.png\",\"contentUrl\":\"https:\/\/files.sunoresearch.com.br\/n\/uploads\/2021\/09\/suno-logo.png\",\"width\":180,\"height\":180,\"caption\":\"Suno Not\u00edcias\"},\"image\":{\"@id\":\"https:\/\/www.suno.com.br\/noticias\/#\/schema\/logo\/image\/\"},\"sameAs\":[\"https:\/\/facebook.com\/sunoresearch\",\"https:\/\/x.com\/sunoresearch\",\"https:\/\/www.instagram.com\/suno\",\"https:\/\/www.linkedin.com\/company\/suno-research\/\",\"https:\/\/www.youtube.com\/c\/sunoresearch\"]},{\"@type\":\"Person\",\"@id\":\"https:\/\/www.suno.com.br\/noticias\/#\/schema\/person\/fc144a1c6108bd1dcd43784e88a3c138\",\"name\":\"Renan Bandeira\",\"image\":{\"@type\":\"ImageObject\",\"inLanguage\":\"pt-BR\",\"@id\":\"https:\/\/www.suno.com.br\/noticias\/#\/schema\/person\/image\/\",\"url\":\"https:\/\/secure.gravatar.com\/avatar\/68359cdb608f14f11bbefcb78f3fc747?s=96&r=g\",\"contentUrl\":\"https:\/\/secure.gravatar.com\/avatar\/68359cdb608f14f11bbefcb78f3fc747?s=96&r=g\",\"caption\":\"Renan Bandeira\"},\"description\":\"Renan Bandeira escreve sobre pol\u00edtica e economia para o portal da Suno Research. Antes da Suno, trabalhou em uma rede de televis\u00e3o, onde fazia reportagens sobre os mesmos temas. Estuda na Universidade Metodista de S\u00e3o Paulo.\",\"url\":\"https:\/\/www.suno.com.br\/noticias\/author\/renan-bandeira\/\"}]}<\/script>\n<!-- \/ Yoast SEO plugin. -->","yoast_head_json":{"title":"Bolsonaro e Trump far\u00e3o reuni\u00e3o em 19 de mar\u00e7o nos Estados Unidos","description":"Bolsonaro ficar\u00e1 cinco dias nos Estados Unidos; Reuni\u00e3o dos l\u00edderes deve discutir principalmente o tema: Venezuela. Clique para saber mais.","robots":{"index":"index","follow":"follow","max-snippet":"max-snippet:-1","max-image-preview":"max-image-preview:large","max-video-preview":"max-video-preview:-1"},"canonical":"https:\/\/www.suno.com.br\/noticias\/bolsonaro-trump-reuniao\/","og_locale":"pt_BR","og_type":"article","og_title":"Bolsonaro e Trump far\u00e3o reuni\u00e3o em 19 de mar\u00e7o nos Estados Unidos","og_description":"Bolsonaro ficar\u00e1 cinco dias nos Estados Unidos; Reuni\u00e3o dos l\u00edderes deve discutir principalmente o tema: Venezuela. Clique para saber mais.","og_url":"https:\/\/www.suno.com.br\/noticias\/bolsonaro-trump-reuniao\/","og_site_name":"Suno Not\u00edcias","article_publisher":"https:\/\/facebook.com\/sunoresearch","og_image":[{"width":1140,"height":760,"url":"https:\/\/files.sunoresearch.com.br\/n\/uploads\/2019\/03\/96932eaa-bolsonaro.jpg","type":"image\/jpeg"}],"author":"Renan Bandeira","twitter_card":"summary_large_image","twitter_creator":"@sunoresearch","twitter_site":"@sunoresearch","twitter_misc":{"Escrito por":"Renan Bandeira","Est. tempo de leitura":"2 minutos"},"schema":{"@context":"https:\/\/schema.org","@graph":[{"@type":"NewsArticle","@id":"https:\/\/www.suno.com.br\/noticias\/bolsonaro-trump-reuniao\/#article","isPartOf":{"@id":"https:\/\/www.suno.com.br\/noticias\/bolsonaro-trump-reuniao\/"},"author":{"name":"Renan Bandeira","@id":"https:\/\/www.suno.com.br\/noticias\/#\/schema\/person\/fc144a1c6108bd1dcd43784e88a3c138"},"headline":"Bolsonaro e Trump far\u00e3o reuni\u00e3o em 19 de mar\u00e7o nos Estados Unidos","datePublished":"2019-03-09T18:37:05+00:00","mainEntityOfPage":{"@id":"https:\/\/www.suno.com.br\/noticias\/bolsonaro-trump-reuniao\/"},"wordCount":379,"publisher":{"@id":"https:\/\/www.suno.com.br\/noticias\/#organization"},"image":{"@id":"https:\/\/www.suno.com.br\/noticias\/bolsonaro-trump-reuniao\/#primaryimage"},"thumbnailUrl":"https:\/\/files.sunoresearch.com.br\/n\/uploads\/2019\/03\/96932eaa-bolsonaro-jpg.webp","keywords":["Donald Trump","Jair Bolsonaro"],"articleSection":["Pol\u00edtica"],"inLanguage":"pt-BR"},{"@type":"WebPage","@id":"https:\/\/www.suno.com.br\/noticias\/bolsonaro-trump-reuniao\/","url":"https:\/\/www.suno.com.br\/noticias\/bolsonaro-trump-reuniao\/","name":"Bolsonaro e Trump far\u00e3o reuni\u00e3o em 19 de mar\u00e7o nos Estados Unidos","isPartOf":{"@id":"https:\/\/www.suno.com.br\/noticias\/#website"},"primaryImageOfPage":{"@id":"https:\/\/www.suno.com.br\/noticias\/bolsonaro-trump-reuniao\/#primaryimage"},"image":{"@id":"https:\/\/www.suno.com.br\/noticias\/bolsonaro-trump-reuniao\/#primaryimage"},"thumbnailUrl":"https:\/\/files.sunoresearch.com.br\/n\/uploads\/2019\/03\/96932eaa-bolsonaro-jpg.webp","datePublished":"2019-03-09T18:37:05+00:00","description":"Bolsonaro ficar\u00e1 cinco dias nos Estados Unidos; Reuni\u00e3o dos l\u00edderes deve discutir principalmente o tema: Venezuela. Clique para saber mais.","breadcrumb":{"@id":"https:\/\/www.suno.com.br\/noticias\/bolsonaro-trump-reuniao\/#breadcrumb"},"inLanguage":"pt-BR","potentialAction":[{"@type":"ReadAction","target":["https:\/\/www.suno.com.br\/noticias\/bolsonaro-trump-reuniao\/"]}]},{"@type":"ImageObject","inLanguage":"pt-BR","@id":"https:\/\/www.suno.com.br\/noticias\/bolsonaro-trump-reuniao\/#primaryimage","url":"https:\/\/files.sunoresearch.com.br\/n\/uploads\/2019\/03\/96932eaa-bolsonaro-jpg.webp","contentUrl":"https:\/\/files.sunoresearch.com.br\/n\/uploads\/2019\/03\/96932eaa-bolsonaro-jpg.webp","width":1140,"height":760,"caption":"Bolsonaro e Trump far\u00e3o reuni\u00e3o em 19 de mar\u00e7o nos Estados Unidos"},{"@type":"BreadcrumbList","@id":"https:\/\/www.suno.com.br\/noticias\/bolsonaro-trump-reuniao\/#breadcrumb","itemListElement":[{"@type":"ListItem","position":1,"name":"Not\u00edcias","item":"https:\/\/www.suno.com.br\/noticias\/"},{"@type":"ListItem","position":2,"name":"Pol\u00edtica","item":"https:\/\/www.suno.com.br\/noticias\/politica\/"},{"@type":"ListItem","position":3,"name":"Bolsonaro e Trump far\u00e3o reuni\u00e3o em 19 de mar\u00e7o nos Estados Unidos"}]},{"@type":"WebSite","@id":"https:\/\/www.suno.com.br\/noticias\/#website","url":"https:\/\/www.suno.com.br\/noticias\/","name":"Suno Not\u00edcias","description":"Seu portal de informa\u00e7\u00e3o sobre o mundo dos investimentos","publisher":{"@id":"https:\/\/www.suno.com.br\/noticias\/#organization"},"potentialAction":[{"@type":"SearchAction","target":{"@type":"EntryPoint","urlTemplate":"https:\/\/www.suno.com.br\/noticias\/?s={search_term_string}"},"query-input":{"@type":"PropertyValueSpecification","valueRequired":true,"valueName":"search_term_string"}}],"inLanguage":"pt-BR"},{"@type":"Organization","@id":"https:\/\/www.suno.com.br\/noticias\/#organization","name":"Suno Not\u00edcias","url":"https:\/\/www.suno.com.br\/noticias\/","logo":{"@type":"ImageObject","inLanguage":"pt-BR","@id":"https:\/\/www.suno.com.br\/noticias\/#\/schema\/logo\/image\/","url":"https:\/\/files.sunoresearch.com.br\/n\/uploads\/2021\/09\/suno-logo.png","contentUrl":"https:\/\/files.sunoresearch.com.br\/n\/uploads\/2021\/09\/suno-logo.png","width":180,"height":180,"caption":"Suno Not\u00edcias"},"image":{"@id":"https:\/\/www.suno.com.br\/noticias\/#\/schema\/logo\/image\/"},"sameAs":["https:\/\/facebook.com\/sunoresearch","https:\/\/x.com\/sunoresearch","https:\/\/www.instagram.com\/suno","https:\/\/www.linkedin.com\/company\/suno-research\/","https:\/\/www.youtube.com\/c\/sunoresearch"]},{"@type":"Person","@id":"https:\/\/www.suno.com.br\/noticias\/#\/schema\/person\/fc144a1c6108bd1dcd43784e88a3c138","name":"Renan Bandeira","image":{"@type":"ImageObject","inLanguage":"pt-BR","@id":"https:\/\/www.suno.com.br\/noticias\/#\/schema\/person\/image\/","url":"https:\/\/secure.gravatar.com\/avatar\/68359cdb608f14f11bbefcb78f3fc747?s=96&r=g","contentUrl":"https:\/\/secure.gravatar.com\/avatar\/68359cdb608f14f11bbefcb78f3fc747?s=96&r=g","caption":"Renan Bandeira"},"description":"Renan Bandeira escreve sobre pol\u00edtica e economia para o portal da Suno Research. Antes da Suno, trabalhou em uma rede de televis\u00e3o, onde fazia reportagens sobre os mesmos temas. Estuda na Universidade Metodista de S\u00e3o Paulo.","url":"https:\/\/www.suno.com.br\/noticias\/author\/renan-bandeira\/"}]}},"default_loop_html":"<div class=\"cardsPage__listCard__boxs\"><div class=\"cardsPage__listCard__boxs__img\"><a href=\"https:\/\/www.suno.com.br\/noticias\/bolsonaro-trump-reuniao\/\"><img class=\"mask\" src=\"https:\/\/www.suno.com.br\/noticias\/wp-content\/themes\/suno\/resources\/images\/spotlight\/spotlight1img\/bg-mask.png\" alt=\"Image Mask\"\/><img src=\"https:\/\/files.sunoresearch.com.br\/n\/uploads\/2019\/03\/96932eaa-bolsonaro-400x200.webp\" alt=\"Bolsonaro e Trump far\u00e3o reuni\u00e3o em 19 de mar\u00e7o nos Estados Unidos\"\/><\/a><span class=\"spotlightCategory\"><a href=\"https:\/\/www.suno.com.br\/noticias\/politica\/\">Pol\u00edtica<\/a><\/span><\/div><div class=\"cardsPage__listCard__boxs__content\"><a href=\"https:\/\/www.suno.com.br\/noticias\/bolsonaro-trump-reuniao\/\"><h2 class=\"content__title\">Bolsonaro e Trump far\u00e3o reuni\u00e3o em 19 de mar\u00e7o nos Estados Unidos<\/h2><\/a><div class=\"newsContent__article__meta\"><div class=\"newsContent__article__meta__authorBox\"><a href=\"https:\/\/www.suno.com.br\/noticias\/author\/renan-bandeira\/\" class=\"authorBox__avatar noMobi\"><img src=\"https:\/\/secure.gravatar.com\/avatar\/68359cdb608f14f11bbefcb78f3fc747?s=96&#038;r=g\" alt=\"Renan Bandeira\"><\/a><div class=\"authorBox__name\"><span>por\n\t\t\t<a href=\"https:\/\/www.suno.com.br\/noticias\/author\/renan-bandeira\/\"><span itemprop=\"author\">Renan Bandeira<\/span><\/a><\/span><time datetime=\"2019-03-09T15:37:05-03:00\" itemprop=\"datePublished\">09\/03\/2019 15:37<\/time><\/div><\/div><\/div><\/div><\/div>","single_layout":"posts","amp_enabled":true,"_links":{"self":[{"href":"https:\/\/www.suno.com.br\/noticias\/wp-json\/wp\/v2\/posts\/17532"}],"collection":[{"href":"https:\/\/www.suno.com.br\/noticias\/wp-json\/wp\/v2\/posts"}],"about":[{"href":"https:\/\/www.suno.com.br\/noticias\/wp-json\/wp\/v2\/types\/post"}],"author":[{"embeddable":true,"href":"https:\/\/www.suno.com.br\/noticias\/wp-json\/wp\/v2\/users\/11"}],"replies":[{"embeddable":true,"href":"https:\/\/www.suno.com.br\/noticias\/wp-json\/wp\/v2\/comments?post=17532"}],"version-history":[{"count":0,"href":"https:\/\/www.suno.com.br\/noticias\/wp-json\/wp\/v2\/posts\/17532\/revisions"}],"wp:featuredmedia":[{"embeddable":true,"href":"https:\/\/www.suno.com.br\/noticias\/wp-json\/wp\/v2\/media\/17534"}],"wp:attachment":[{"href":"https:\/\/www.suno.com.br\/noticias\/wp-json\/wp\/v2\/media?parent=17532"}],"wp:term":[{"taxonomy":"category","embeddable":true,"href":"https:\/\/www.suno.com.br\/noticias\/wp-json\/wp\/v2\/categories?post=17532"},{"taxonomy":"post_tag","embeddable":true,"href":"https:\/\/www.suno.com.br\/noticias\/wp-json\/wp\/v2\/tags?post=17532"},{"taxonomy":"suno_strategy","embeddable":true,"href":"https:\/\/www.suno.com.br\/noticias\/wp-json\/wp\/v2\/suno_strategy?post=17532"}],"curies":[{"name":"wp","href":"https:\/\/api.w.org\/{rel}","templated":true}]}}