{"id":17522,"date":"2019-03-09T12:19:16","date_gmt":"2019-03-09T15:19:16","guid":{"rendered":"https:\/\/www.suno.com.br\/noticias\/?p=17522"},"modified":"2021-02-17T22:32:32","modified_gmt":"2021-02-18T01:32:32","slug":"caixa-arrecadar-abertura-capital","status":"publish","type":"post","link":"https:\/\/www.suno.com.br\/noticias\/caixa-arrecadar-abertura-capital\/","title":{"rendered":"Caixa quer arrecadar R$ 15 bi com abertura de capital das subsidi\u00e1rias"},"content":{"rendered":"<p>A Caixa Econ\u00f4mica Federal pretende arrecadar pelo menos R$ 15 bilh\u00f5es abrindo o capital de quatro de suas subsidi\u00e1rias, segundo o presidente do banco, Pedro Guimar\u00e3es ao jornal &#8220;O Globo&#8217;.<\/p>\t<div class=\"wrapper-featured-image\">\n\t\t<figure class=\"spotlightImg\">\n\n\t\t\t<picture>\n\t\t\t\t<source media=\"(max-width: 768px)\" srcset=\"https:\/\/files.sunoresearch.com.br\/n\/uploads\/2019\/01\/c33a3efd-caixa-400x200.webp\">\n\t\t\t\t<img loading=\"lazy\" decoding=\"async\" class=\"newsContent__article__imgCapa lazyloadDisabled newsContent__article__imgCapa--noCaption\" src=\"https:\/\/files.sunoresearch.com.br\/n\/uploads\/2019\/01\/c33a3efd-caixa-800x450.webp\" width=\"800\" height=\"450\" alt=\"Caixa quer arrecadar R$ 15 bi com abertura de capital das subsidi\u00e1rias\" fetchpriority=high \/>\n\t\t\t<\/picture>\n\n\t\t\t<figcaption class=\"wp-caption-text wp-caption-text--hide\">Caixa: recursos do FGTS beneficiar\u00e3o 30 milh\u00f5es de pessoas <\/figcaption>\n\t\t<\/figure>\n\t<\/div>\n\n\n<p>As subsidi\u00e1rias da <strong>Caixa<\/strong> s\u00e3o da \u00e1rea de cart\u00f5es, seguros, loterias e gest\u00e3o de ativos. De acordo com <strong>Pedro Guimar\u00e3es<\/strong>, as opera\u00e7\u00f5es de abertura de capital ir\u00e3o acontecer entre o segundo semestre de 2019 e primeiro semestre de 2020<\/p>\n<p>A primeira etapa da opera\u00e7\u00e3o, que dever\u00e1 ocorrer entre setembro e dezembro deste ano, envolver\u00e1 a <strong>Caixa Seguradora<\/strong> e a <strong>Caixa Cart\u00f5es<\/strong>. No entanto, a segunda etapa que acontecer\u00e1 entre janeiro e abril do pr\u00f3ximo ano, ter\u00e1 a <strong>Caixa Loterias<\/strong> e a <strong>Caixa Asset<\/strong> (gest\u00e3o de ativos).<\/p>\n<p><a href=\"https:\/\/www.suno.com.br\/noticias\/banco-brasil-venda-participacao-irb\/\">Saiba mais:\u00a0Banco do Brasil nega venda de sua participa\u00e7\u00e3o no IRB<\/a><\/p>\n<p><a href=\"https:\/\/www.suno.com.br\/noticias\/bradesco-bbi-ibovespa-116-mil-pontos\/\">Saiba mais:\u00a0Bradesco BBI projeta Ibovespa batendo os 116 mil pontos no fim de 2019<\/a><\/p>\n<h2>Empr\u00e9stimos para estados<\/h2>\n<p>Segundo o presidente do banco, a Caixa est\u00e1 disposta a emprestar recursos aos estados que estiverem com dificuldades financeiras. No entanto, os mesmos devem ter o Tesouro Nacional como avalista da opera\u00e7\u00e3o.<\/p>\n<p>&#8220;Se voc\u00ea tiver o aval do <strong>Tesouro Nacional<\/strong>, n\u00e3o tem problema nenhum. Se n\u00e3o tiver o aval do Tesouro, (o empr\u00e9stimo) vai ser analisado pelos canais de risco de cr\u00e9dito da Caixa. Mas a gente nunca vai emprestar se (o pedido) n\u00e3o passar pelos crivos do banco&#8221; afirmou o presidente.<\/p>\n<p>Al\u00e9m disso, Guimar\u00e3es afirmou que n\u00e3o foi procurado por nenhum governador e ressaltou a import\u00e2ncia da disputa com <strong>bancos internacionais<\/strong> no programa. &#8220;Nesse programa espec\u00edfico, ainda n\u00e3o. Mas vi que bancos estrangeiros tamb\u00e9m querem entrar nessa din\u00e2mica. Acho \u00f3timo. Competi\u00e7\u00e3o \u00e9 bom&#8221;,<\/p>\n<p>Quando questionado sobre a venda dos ativos do <strong>IRB Brasil<\/strong>, o presidente disse &#8220;as pessoas est\u00e3o satisfeitas&#8221; e que a oferta de a\u00e7\u00f5es foi feita em um fundo no qual o banco \u00e9 gestor. A demanda chegou a R$ 2,5 bilh\u00f5es.<\/p>\n<h2>Corte de custos<\/h2>\n<p>Al\u00e9m disso, Guimar\u00e3es falou sobre a economia de &#8220;R$ 3,5 bilh\u00f5es e dois anos&#8221; com cortes despesas. Segundo o presidente, alguns <strong>contratos<\/strong> atuais geram muitas despesas e quando eles chegarem ao fim &#8220;ser\u00e3o renegociados em outras bases&#8221;.<\/p>\n<p>O executivo da <strong>Caixa<\/strong> ainda falou sobre a cria\u00e7\u00e3o de um grupo para a redu\u00e7\u00e3o de despesas. Segundo ele ser\u00e1 buscada uma &#8220;racionaliza\u00e7\u00e3o&#8221;.<\/p>\n","protected":false},"excerpt":{"rendered":"<p>A Caixa Econ\u00f4mica Federal pretende arrecadar pelo menos R$ 15 bilh\u00f5es abrindo o capital de quatro de suas subsidi\u00e1rias, segundo o presidente do banco, Pedro Guimar\u00e3es ao jornal &#8220;O Globo&#8217;. Caixa: recursos do FGTS beneficiar\u00e3o 30 milh\u00f5es de pessoas As subsidi\u00e1rias da Caixa s\u00e3o da \u00e1rea de cart\u00f5es, seguros, loterias e gest\u00e3o de ativos. De [&hellip;]<\/p>\n","protected":false},"author":11,"featured_media":10784,"comment_status":"closed","ping_status":"closed","sticky":false,"template":"","format":"standard","meta":[],"categories":[61],"tags":[1199],"suno_strategy":[],"class_list":["post-17522","post","type-post","status-publish","format-standard","has-post-thumbnail","hentry","category-politica","tag-caixa-economica-federal-cef"],"yoast_head":"<!-- This site is optimized with the Yoast SEO plugin v24.4 - https:\/\/yoast.com\/wordpress\/plugins\/seo\/ -->\n<title>Caixa quer arrecadar R$ 15 bi com abertura de capital das subsidi\u00e1rias<\/title>\n<meta name=\"description\" content=\"A Caixa ainda pretende ecomizar R$ 3,5 bi em dois anos com corte de despesas; Guimar\u00e3es falou sobre empr\u00e9stimos \u00e0 estados. Clique e saiba mais.\" \/>\n<meta name=\"robots\" content=\"index, follow, max-snippet:-1, max-image-preview:large, max-video-preview:-1\" \/>\n<link rel=\"canonical\" href=\"https:\/\/www.suno.com.br\/noticias\/caixa-arrecadar-abertura-capital\/\" \/>\n<meta property=\"og:locale\" content=\"pt_BR\" \/>\n<meta property=\"og:type\" content=\"article\" \/>\n<meta property=\"og:title\" content=\"Caixa quer arrecadar R$ 15 bi com abertura de capital das subsidi\u00e1rias\" \/>\n<meta property=\"og:description\" content=\"A Caixa ainda pretende ecomizar R$ 3,5 bi em dois anos com corte de despesas; Guimar\u00e3es falou sobre empr\u00e9stimos \u00e0 estados. Clique e saiba mais.\" \/>\n<meta property=\"og:url\" content=\"https:\/\/www.suno.com.br\/noticias\/caixa-arrecadar-abertura-capital\/\" \/>\n<meta property=\"og:site_name\" content=\"Suno Not\u00edcias\" \/>\n<meta property=\"article:publisher\" content=\"https:\/\/facebook.com\/sunoresearch\" \/>\n<meta property=\"og:image\" content=\"https:\/\/files.sunoresearch.com.br\/n\/uploads\/2019\/01\/c33a3efd-caixa.jpg\" \/>\n\t<meta property=\"og:image:width\" content=\"1140\" \/>\n\t<meta property=\"og:image:height\" content=\"760\" \/>\n\t<meta property=\"og:image:type\" content=\"image\/jpeg\" \/>\n<meta name=\"author\" content=\"Renan Bandeira\" \/>\n<meta name=\"twitter:card\" content=\"summary_large_image\" \/>\n<meta name=\"twitter:creator\" content=\"@sunoresearch\" \/>\n<meta name=\"twitter:site\" content=\"@sunoresearch\" \/>\n<meta name=\"twitter:label1\" content=\"Escrito por\" \/>\n\t<meta name=\"twitter:data1\" content=\"Renan Bandeira\" \/>\n\t<meta name=\"twitter:label2\" content=\"Est. tempo de leitura\" \/>\n\t<meta name=\"twitter:data2\" content=\"2 minutos\" \/>\n<script type=\"application\/ld+json\" class=\"yoast-schema-graph\">{\"@context\":\"https:\/\/schema.org\",\"@graph\":[{\"@type\":\"NewsArticle\",\"@id\":\"https:\/\/www.suno.com.br\/noticias\/caixa-arrecadar-abertura-capital\/#article\",\"isPartOf\":{\"@id\":\"https:\/\/www.suno.com.br\/noticias\/caixa-arrecadar-abertura-capital\/\"},\"author\":{\"name\":\"Renan Bandeira\",\"@id\":\"https:\/\/www.suno.com.br\/noticias\/#\/schema\/person\/fc144a1c6108bd1dcd43784e88a3c138\"},\"headline\":\"Caixa quer arrecadar R$ 15 bi com abertura de capital das subsidi\u00e1rias\",\"datePublished\":\"2019-03-09T15:19:16+00:00\",\"dateModified\":\"2021-02-18T01:32:32+00:00\",\"mainEntityOfPage\":{\"@id\":\"https:\/\/www.suno.com.br\/noticias\/caixa-arrecadar-abertura-capital\/\"},\"wordCount\":419,\"publisher\":{\"@id\":\"https:\/\/www.suno.com.br\/noticias\/#organization\"},\"image\":{\"@id\":\"https:\/\/www.suno.com.br\/noticias\/caixa-arrecadar-abertura-capital\/#primaryimage\"},\"thumbnailUrl\":\"https:\/\/files.sunoresearch.com.br\/n\/uploads\/2019\/01\/c33a3efd-caixa.jpg\",\"keywords\":[\"Caixa Econ\u00f4mica Federal (CEF)\"],\"articleSection\":[\"Pol\u00edtica\"],\"inLanguage\":\"pt-BR\"},{\"@type\":\"WebPage\",\"@id\":\"https:\/\/www.suno.com.br\/noticias\/caixa-arrecadar-abertura-capital\/\",\"url\":\"https:\/\/www.suno.com.br\/noticias\/caixa-arrecadar-abertura-capital\/\",\"name\":\"Caixa quer arrecadar R$ 15 bi com abertura de capital das subsidi\u00e1rias\",\"isPartOf\":{\"@id\":\"https:\/\/www.suno.com.br\/noticias\/#website\"},\"primaryImageOfPage\":{\"@id\":\"https:\/\/www.suno.com.br\/noticias\/caixa-arrecadar-abertura-capital\/#primaryimage\"},\"image\":{\"@id\":\"https:\/\/www.suno.com.br\/noticias\/caixa-arrecadar-abertura-capital\/#primaryimage\"},\"thumbnailUrl\":\"https:\/\/files.sunoresearch.com.br\/n\/uploads\/2019\/01\/c33a3efd-caixa.jpg\",\"datePublished\":\"2019-03-09T15:19:16+00:00\",\"dateModified\":\"2021-02-18T01:32:32+00:00\",\"description\":\"A Caixa ainda pretende ecomizar R$ 3,5 bi em dois anos com corte de despesas; Guimar\u00e3es falou sobre empr\u00e9stimos \u00e0 estados. Clique e saiba mais.\",\"breadcrumb\":{\"@id\":\"https:\/\/www.suno.com.br\/noticias\/caixa-arrecadar-abertura-capital\/#breadcrumb\"},\"inLanguage\":\"pt-BR\",\"potentialAction\":[{\"@type\":\"ReadAction\",\"target\":[\"https:\/\/www.suno.com.br\/noticias\/caixa-arrecadar-abertura-capital\/\"]}]},{\"@type\":\"ImageObject\",\"inLanguage\":\"pt-BR\",\"@id\":\"https:\/\/www.suno.com.br\/noticias\/caixa-arrecadar-abertura-capital\/#primaryimage\",\"url\":\"https:\/\/files.sunoresearch.com.br\/n\/uploads\/2019\/01\/c33a3efd-caixa.jpg\",\"contentUrl\":\"https:\/\/files.sunoresearch.com.br\/n\/uploads\/2019\/01\/c33a3efd-caixa.jpg\",\"width\":1140,\"height\":760,\"caption\":\"Caixa: recursos do FGTS beneficiar\u00e3o 30 milh\u00f5es de pessoas\"},{\"@type\":\"BreadcrumbList\",\"@id\":\"https:\/\/www.suno.com.br\/noticias\/caixa-arrecadar-abertura-capital\/#breadcrumb\",\"itemListElement\":[{\"@type\":\"ListItem\",\"position\":1,\"name\":\"Not\u00edcias\",\"item\":\"https:\/\/www.suno.com.br\/noticias\/\"},{\"@type\":\"ListItem\",\"position\":2,\"name\":\"Pol\u00edtica\",\"item\":\"https:\/\/www.suno.com.br\/noticias\/politica\/\"},{\"@type\":\"ListItem\",\"position\":3,\"name\":\"Caixa quer arrecadar R$ 15 bi com abertura de capital das subsidi\u00e1rias\"}]},{\"@type\":\"WebSite\",\"@id\":\"https:\/\/www.suno.com.br\/noticias\/#website\",\"url\":\"https:\/\/www.suno.com.br\/noticias\/\",\"name\":\"Suno Not\u00edcias\",\"description\":\"Seu portal de informa\u00e7\u00e3o sobre o mundo dos investimentos\",\"publisher\":{\"@id\":\"https:\/\/www.suno.com.br\/noticias\/#organization\"},\"potentialAction\":[{\"@type\":\"SearchAction\",\"target\":{\"@type\":\"EntryPoint\",\"urlTemplate\":\"https:\/\/www.suno.com.br\/noticias\/?s={search_term_string}\"},\"query-input\":{\"@type\":\"PropertyValueSpecification\",\"valueRequired\":true,\"valueName\":\"search_term_string\"}}],\"inLanguage\":\"pt-BR\"},{\"@type\":\"Organization\",\"@id\":\"https:\/\/www.suno.com.br\/noticias\/#organization\",\"name\":\"Suno Not\u00edcias\",\"url\":\"https:\/\/www.suno.com.br\/noticias\/\",\"logo\":{\"@type\":\"ImageObject\",\"inLanguage\":\"pt-BR\",\"@id\":\"https:\/\/www.suno.com.br\/noticias\/#\/schema\/logo\/image\/\",\"url\":\"https:\/\/files.sunoresearch.com.br\/n\/uploads\/2021\/09\/suno-logo.png\",\"contentUrl\":\"https:\/\/files.sunoresearch.com.br\/n\/uploads\/2021\/09\/suno-logo.png\",\"width\":180,\"height\":180,\"caption\":\"Suno Not\u00edcias\"},\"image\":{\"@id\":\"https:\/\/www.suno.com.br\/noticias\/#\/schema\/logo\/image\/\"},\"sameAs\":[\"https:\/\/facebook.com\/sunoresearch\",\"https:\/\/x.com\/sunoresearch\",\"https:\/\/www.instagram.com\/suno\",\"https:\/\/www.linkedin.com\/company\/suno-research\/\",\"https:\/\/www.youtube.com\/c\/sunoresearch\"]},{\"@type\":\"Person\",\"@id\":\"https:\/\/www.suno.com.br\/noticias\/#\/schema\/person\/fc144a1c6108bd1dcd43784e88a3c138\",\"name\":\"Renan Bandeira\",\"image\":{\"@type\":\"ImageObject\",\"inLanguage\":\"pt-BR\",\"@id\":\"https:\/\/www.suno.com.br\/noticias\/#\/schema\/person\/image\/\",\"url\":\"https:\/\/secure.gravatar.com\/avatar\/68359cdb608f14f11bbefcb78f3fc747?s=96&r=g\",\"contentUrl\":\"https:\/\/secure.gravatar.com\/avatar\/68359cdb608f14f11bbefcb78f3fc747?s=96&r=g\",\"caption\":\"Renan Bandeira\"},\"description\":\"Renan Bandeira escreve sobre pol\u00edtica e economia para o portal da Suno Research. Antes da Suno, trabalhou em uma rede de televis\u00e3o, onde fazia reportagens sobre os mesmos temas. Estuda na Universidade Metodista de S\u00e3o Paulo.\",\"url\":\"https:\/\/www.suno.com.br\/noticias\/author\/renan-bandeira\/\"}]}<\/script>\n<!-- \/ Yoast SEO plugin. -->","yoast_head_json":{"title":"Caixa quer arrecadar R$ 15 bi com abertura de capital das subsidi\u00e1rias","description":"A Caixa ainda pretende ecomizar R$ 3,5 bi em dois anos com corte de despesas; Guimar\u00e3es falou sobre empr\u00e9stimos \u00e0 estados. Clique e saiba mais.","robots":{"index":"index","follow":"follow","max-snippet":"max-snippet:-1","max-image-preview":"max-image-preview:large","max-video-preview":"max-video-preview:-1"},"canonical":"https:\/\/www.suno.com.br\/noticias\/caixa-arrecadar-abertura-capital\/","og_locale":"pt_BR","og_type":"article","og_title":"Caixa quer arrecadar R$ 15 bi com abertura de capital das subsidi\u00e1rias","og_description":"A Caixa ainda pretende ecomizar R$ 3,5 bi em dois anos com corte de despesas; Guimar\u00e3es falou sobre empr\u00e9stimos \u00e0 estados. Clique e saiba mais.","og_url":"https:\/\/www.suno.com.br\/noticias\/caixa-arrecadar-abertura-capital\/","og_site_name":"Suno Not\u00edcias","article_publisher":"https:\/\/facebook.com\/sunoresearch","og_image":[{"width":1140,"height":760,"url":"https:\/\/files.sunoresearch.com.br\/n\/uploads\/2019\/01\/c33a3efd-caixa.jpg","type":"image\/jpeg"}],"author":"Renan Bandeira","twitter_card":"summary_large_image","twitter_creator":"@sunoresearch","twitter_site":"@sunoresearch","twitter_misc":{"Escrito por":"Renan Bandeira","Est. tempo de leitura":"2 minutos"},"schema":{"@context":"https:\/\/schema.org","@graph":[{"@type":"NewsArticle","@id":"https:\/\/www.suno.com.br\/noticias\/caixa-arrecadar-abertura-capital\/#article","isPartOf":{"@id":"https:\/\/www.suno.com.br\/noticias\/caixa-arrecadar-abertura-capital\/"},"author":{"name":"Renan Bandeira","@id":"https:\/\/www.suno.com.br\/noticias\/#\/schema\/person\/fc144a1c6108bd1dcd43784e88a3c138"},"headline":"Caixa quer arrecadar R$ 15 bi com abertura de capital das subsidi\u00e1rias","datePublished":"2019-03-09T15:19:16+00:00","dateModified":"2021-02-18T01:32:32+00:00","mainEntityOfPage":{"@id":"https:\/\/www.suno.com.br\/noticias\/caixa-arrecadar-abertura-capital\/"},"wordCount":419,"publisher":{"@id":"https:\/\/www.suno.com.br\/noticias\/#organization"},"image":{"@id":"https:\/\/www.suno.com.br\/noticias\/caixa-arrecadar-abertura-capital\/#primaryimage"},"thumbnailUrl":"https:\/\/files.sunoresearch.com.br\/n\/uploads\/2019\/01\/c33a3efd-caixa.jpg","keywords":["Caixa Econ\u00f4mica Federal (CEF)"],"articleSection":["Pol\u00edtica"],"inLanguage":"pt-BR"},{"@type":"WebPage","@id":"https:\/\/www.suno.com.br\/noticias\/caixa-arrecadar-abertura-capital\/","url":"https:\/\/www.suno.com.br\/noticias\/caixa-arrecadar-abertura-capital\/","name":"Caixa quer arrecadar R$ 15 bi com abertura de capital das subsidi\u00e1rias","isPartOf":{"@id":"https:\/\/www.suno.com.br\/noticias\/#website"},"primaryImageOfPage":{"@id":"https:\/\/www.suno.com.br\/noticias\/caixa-arrecadar-abertura-capital\/#primaryimage"},"image":{"@id":"https:\/\/www.suno.com.br\/noticias\/caixa-arrecadar-abertura-capital\/#primaryimage"},"thumbnailUrl":"https:\/\/files.sunoresearch.com.br\/n\/uploads\/2019\/01\/c33a3efd-caixa.jpg","datePublished":"2019-03-09T15:19:16+00:00","dateModified":"2021-02-18T01:32:32+00:00","description":"A Caixa ainda pretende ecomizar R$ 3,5 bi em dois anos com corte de despesas; Guimar\u00e3es falou sobre empr\u00e9stimos \u00e0 estados. Clique e saiba mais.","breadcrumb":{"@id":"https:\/\/www.suno.com.br\/noticias\/caixa-arrecadar-abertura-capital\/#breadcrumb"},"inLanguage":"pt-BR","potentialAction":[{"@type":"ReadAction","target":["https:\/\/www.suno.com.br\/noticias\/caixa-arrecadar-abertura-capital\/"]}]},{"@type":"ImageObject","inLanguage":"pt-BR","@id":"https:\/\/www.suno.com.br\/noticias\/caixa-arrecadar-abertura-capital\/#primaryimage","url":"https:\/\/files.sunoresearch.com.br\/n\/uploads\/2019\/01\/c33a3efd-caixa.jpg","contentUrl":"https:\/\/files.sunoresearch.com.br\/n\/uploads\/2019\/01\/c33a3efd-caixa.jpg","width":1140,"height":760,"caption":"Caixa: recursos do FGTS beneficiar\u00e3o 30 milh\u00f5es de pessoas"},{"@type":"BreadcrumbList","@id":"https:\/\/www.suno.com.br\/noticias\/caixa-arrecadar-abertura-capital\/#breadcrumb","itemListElement":[{"@type":"ListItem","position":1,"name":"Not\u00edcias","item":"https:\/\/www.suno.com.br\/noticias\/"},{"@type":"ListItem","position":2,"name":"Pol\u00edtica","item":"https:\/\/www.suno.com.br\/noticias\/politica\/"},{"@type":"ListItem","position":3,"name":"Caixa quer arrecadar R$ 15 bi com abertura de capital das subsidi\u00e1rias"}]},{"@type":"WebSite","@id":"https:\/\/www.suno.com.br\/noticias\/#website","url":"https:\/\/www.suno.com.br\/noticias\/","name":"Suno Not\u00edcias","description":"Seu portal de informa\u00e7\u00e3o sobre o mundo dos investimentos","publisher":{"@id":"https:\/\/www.suno.com.br\/noticias\/#organization"},"potentialAction":[{"@type":"SearchAction","target":{"@type":"EntryPoint","urlTemplate":"https:\/\/www.suno.com.br\/noticias\/?s={search_term_string}"},"query-input":{"@type":"PropertyValueSpecification","valueRequired":true,"valueName":"search_term_string"}}],"inLanguage":"pt-BR"},{"@type":"Organization","@id":"https:\/\/www.suno.com.br\/noticias\/#organization","name":"Suno Not\u00edcias","url":"https:\/\/www.suno.com.br\/noticias\/","logo":{"@type":"ImageObject","inLanguage":"pt-BR","@id":"https:\/\/www.suno.com.br\/noticias\/#\/schema\/logo\/image\/","url":"https:\/\/files.sunoresearch.com.br\/n\/uploads\/2021\/09\/suno-logo.png","contentUrl":"https:\/\/files.sunoresearch.com.br\/n\/uploads\/2021\/09\/suno-logo.png","width":180,"height":180,"caption":"Suno Not\u00edcias"},"image":{"@id":"https:\/\/www.suno.com.br\/noticias\/#\/schema\/logo\/image\/"},"sameAs":["https:\/\/facebook.com\/sunoresearch","https:\/\/x.com\/sunoresearch","https:\/\/www.instagram.com\/suno","https:\/\/www.linkedin.com\/company\/suno-research\/","https:\/\/www.youtube.com\/c\/sunoresearch"]},{"@type":"Person","@id":"https:\/\/www.suno.com.br\/noticias\/#\/schema\/person\/fc144a1c6108bd1dcd43784e88a3c138","name":"Renan Bandeira","image":{"@type":"ImageObject","inLanguage":"pt-BR","@id":"https:\/\/www.suno.com.br\/noticias\/#\/schema\/person\/image\/","url":"https:\/\/secure.gravatar.com\/avatar\/68359cdb608f14f11bbefcb78f3fc747?s=96&r=g","contentUrl":"https:\/\/secure.gravatar.com\/avatar\/68359cdb608f14f11bbefcb78f3fc747?s=96&r=g","caption":"Renan Bandeira"},"description":"Renan Bandeira escreve sobre pol\u00edtica e economia para o portal da Suno Research. Antes da Suno, trabalhou em uma rede de televis\u00e3o, onde fazia reportagens sobre os mesmos temas. Estuda na Universidade Metodista de S\u00e3o Paulo.","url":"https:\/\/www.suno.com.br\/noticias\/author\/renan-bandeira\/"}]}},"default_loop_html":"<div class=\"cardsPage__listCard__boxs\"><div class=\"cardsPage__listCard__boxs__img\"><a href=\"https:\/\/www.suno.com.br\/noticias\/caixa-arrecadar-abertura-capital\/\"><img class=\"mask\" src=\"https:\/\/www.suno.com.br\/noticias\/wp-content\/themes\/suno\/resources\/images\/spotlight\/spotlight1img\/bg-mask.png\" alt=\"Image Mask\"\/><img src=\"https:\/\/files.sunoresearch.com.br\/n\/uploads\/2019\/01\/c33a3efd-caixa-400x200.webp\" alt=\"Caixa quer arrecadar R$ 15 bi com abertura de capital das subsidi\u00e1rias\"\/><\/a><span class=\"spotlightCategory\"><a href=\"https:\/\/www.suno.com.br\/noticias\/politica\/\">Pol\u00edtica<\/a><\/span><\/div><div class=\"cardsPage__listCard__boxs__content\"><a href=\"https:\/\/www.suno.com.br\/noticias\/caixa-arrecadar-abertura-capital\/\"><h2 class=\"content__title\">Caixa quer arrecadar R$ 15 bi com abertura de capital das subsidi\u00e1rias<\/h2><\/a><div class=\"newsContent__article__meta\"><div class=\"newsContent__article__meta__authorBox\"><a href=\"https:\/\/www.suno.com.br\/noticias\/author\/renan-bandeira\/\" class=\"authorBox__avatar noMobi\"><img src=\"https:\/\/secure.gravatar.com\/avatar\/68359cdb608f14f11bbefcb78f3fc747?s=96&#038;r=g\" alt=\"Renan Bandeira\"><\/a><div class=\"authorBox__name\"><span>por\n\t\t\t<a href=\"https:\/\/www.suno.com.br\/noticias\/author\/renan-bandeira\/\"><span itemprop=\"author\">Renan Bandeira<\/span><\/a><\/span><time datetime=\"2019-03-09T12:19:16-03:00\" itemprop=\"datePublished\">09\/03\/2019 12:19<\/time><\/div><\/div><\/div><\/div><\/div>","single_layout":"posts","amp_enabled":true,"_links":{"self":[{"href":"https:\/\/www.suno.com.br\/noticias\/wp-json\/wp\/v2\/posts\/17522"}],"collection":[{"href":"https:\/\/www.suno.com.br\/noticias\/wp-json\/wp\/v2\/posts"}],"about":[{"href":"https:\/\/www.suno.com.br\/noticias\/wp-json\/wp\/v2\/types\/post"}],"author":[{"embeddable":true,"href":"https:\/\/www.suno.com.br\/noticias\/wp-json\/wp\/v2\/users\/11"}],"replies":[{"embeddable":true,"href":"https:\/\/www.suno.com.br\/noticias\/wp-json\/wp\/v2\/comments?post=17522"}],"version-history":[{"count":0,"href":"https:\/\/www.suno.com.br\/noticias\/wp-json\/wp\/v2\/posts\/17522\/revisions"}],"wp:featuredmedia":[{"embeddable":true,"href":"https:\/\/www.suno.com.br\/noticias\/wp-json\/wp\/v2\/media\/10784"}],"wp:attachment":[{"href":"https:\/\/www.suno.com.br\/noticias\/wp-json\/wp\/v2\/media?parent=17522"}],"wp:term":[{"taxonomy":"category","embeddable":true,"href":"https:\/\/www.suno.com.br\/noticias\/wp-json\/wp\/v2\/categories?post=17522"},{"taxonomy":"post_tag","embeddable":true,"href":"https:\/\/www.suno.com.br\/noticias\/wp-json\/wp\/v2\/tags?post=17522"},{"taxonomy":"suno_strategy","embeddable":true,"href":"https:\/\/www.suno.com.br\/noticias\/wp-json\/wp\/v2\/suno_strategy?post=17522"}],"curies":[{"name":"wp","href":"https:\/\/api.w.org\/{rel}","templated":true}]}}