{"id":175131,"date":"2021-08-13T11:51:57","date_gmt":"2021-08-13T14:51:57","guid":{"rendered":"https:\/\/www.suno.com.br\/noticias\/?p=175131"},"modified":"2021-08-13T11:51:57","modified_gmt":"2021-08-13T14:51:57","slug":"kpra-krsa3-ipo-alta-estreia-bolsa","status":"publish","type":"post","link":"https:\/\/www.suno.com.br\/noticias\/kpra-krsa3-ipo-alta-estreia-bolsa\/","title":{"rendered":"Kora Sa\u00fade (KRSA3) estreia na bolsa em alta de 13%"},"content":{"rendered":"<p>Seguindo na temporada de ofertas iniciais de a\u00e7\u00f5es (IPOs, do ingl\u00eas), a <a href=\"https:\/\/www.suno.com.br\/acoes\/krsa3\"><strong>Kora<\/strong> Sa\u00fade (KRSA3)<\/a> figura como destaque positivo em seu primeiro dia de bolsa, com alta de 13,75% por volta das 11h30 desta sexta-feira (13), cotada a R$ 8,19.<\/p>\t<div class=\"wrapper-featured-image\">\n\t\t<figure class=\"spotlightImg\">\n\n\t\t\t<picture>\n\t\t\t\t<source media=\"(max-width: 768px)\" srcset=\"https:\/\/files.sunoresearch.com.br\/n\/uploads\/2021\/04\/2e166c88-foto4-400x200.webp\">\n\t\t\t\t<img loading=\"lazy\" decoding=\"async\" class=\"newsContent__article__imgCapa lazyloadDisabled \" src=\"https:\/\/files.sunoresearch.com.br\/n\/uploads\/2021\/04\/2e166c88-foto4-800x450.webp\" width=\"800\" height=\"450\" alt=\"Kora Sa\u00fade (KRSA3) estreia na bolsa em alta de 13%\" fetchpriority=high \/>\n\t\t\t<\/picture>\n\n\t\t\t<figcaption class=\"wp-caption-text wp-caption-text--show\">Kora Sa\u00fade: Hospital S\u00e3o Mateus conta com 150 leitos e \u00e9 reconhecido por servi\u00e7os de alta complexidade e refer\u00eancia no tratamento cl\u00ednico e na especialidade de neurologia. - Foto: Reprodu\u00e7\u00e3o\/Kora<\/figcaption>\n\t\t<\/figure>\n\t<\/div>\n\n\n\t<p>\n\t\t<a href=\"https:\/\/lp.suno.com.br\/planilha-controle-gastos\/\" target=\"_blank\" data-element=\"shortcode-suno-banner\" title=\"Banner SUNO, clique e saiba mais\">\n\t\t\t<picture>\n\t\t\t\t<source media=\"(max-width: 500px)\" srcset=\"https:\/\/files.sunoresearch.com.br\/n\/uploads\/2023\/03\/400x300-Planilha-controle-de-gastos.png\">\n\t\t\t\t<img class=\"newsContent__article__imgCapa newsContent__article__imgCapa--banner\"\n\t\t\t\t\tsrc=\"https:\/\/files.sunoresearch.com.br\/n\/uploads\/2023\/03\/1420x240-Planilha-controle-de-gastos.png\"\n\t\t\t\t\tdata-promo-id=\"101751\"\t\t\t\t\t\t\t\t\t\twidth='1420' height='240'\t\t\t\t\talt=\"https:\/\/files.sunoresearch.com.br\/n\/uploads\/2023\/03\/1420x240-Planilha-controle-de-gastos.png\"\n\t\t\t\t>\n\t\t\t<\/picture>\n\t\t<\/a>\n\t<\/p>\n\n\n<p>Contudo, a companhia j\u00e1 chegou a registrar <a href=\"https:\/\/www.suno.com.br\/noticias\/kora-saude-krsa3-precifica-acao-ipo\/\">alta de 18,89% no in\u00edcio das <strong>negocia\u00e7\u00f5es<\/strong><\/a>. Vale frisar que a Kora saiu do <strong>leil\u00e3o<\/strong> por volta das 10h45, e\u00a0levanta quase R$ 770 milh\u00f5es em sua <a class=\"suno-keyword\" href=\"https:\/\/www.suno.com.br\/artigos\/oferta-restrita\/\" target=\"_blank\" rel=\"noopener noreferrer\" data-force=\"no\" data-priority=\"1\">oferta restrita<\/a>.<\/p>\n<p>A defini\u00e7\u00e3o da sua faixa de pre\u00e7o em R$ 7,20 ocorreu na quinta (12), um dia antes estrear na <strong><a href=\"https:\/\/www.suno.com.br\/artigos\/b3\/\">Bolsa de Valores de S\u00e3o Paulo (B3)<\/a><\/strong>.<\/p>\n\t<div data-element=\"shortcode-read-more\" class=\"knowMore\">\n\t\t\t\t<span class=\"knowMore__title\">Leia mais<\/span>\n\t\t\t\t<a class=\"knowMore__link\" href=\"https:\/\/www.suno.com.br\/noticias\/kora-saude-krsa3-precifica-acao-ipo\/\">\n\t\t\tKora Sa\u00fade (KRSA3) precifica a\u00e7\u00e3o no piso e IPO movimenta R$ 769,6 milh\u00f5es\t\t<\/a>\n\t<\/div>\n\n\n<p>Segundo a companhia de sa\u00fade, os recursos obtidos com a oferta <a href=\"https:\/\/www.suno.com.br\/noticias\/kora-saude-krsa3-precifica-acao-ipo\/\">devem potencializar a <strong>compra<\/strong> <strong>de ativos<\/strong><\/a> (que incluem o pagamento de uma parcela da compra de um hospital) e tamb\u00e9m para inaugura\u00e7\u00e3o de novas unidades de sa\u00fade.<\/p>\n<p>Vale frisar que o IPO foi anunciado em abril, e a empresa visava <a href=\"https:\/\/www.suno.com.br\/noticias\/kora-saude-krsa3-oferta-restrita-ipo-levantar-15-bilhao\/\">levantar um capital de R$ 1,68 bilh\u00f5es com a <strong>venda<\/strong> <strong>dos<\/strong> <strong>pap\u00e9is<\/strong><\/a>. No in\u00edcio do ano, a Kora tamb\u00e9m havia interrompido o processo de IPO \u201cem raz\u00e3o da atual conjuntura dos mercados financeiro e de capitais.\u201d<\/p>\n<p>Agora, sendo uma companhia de capital aberto, a Kora tamb\u00e9m mira uma <strong>diversifica\u00e7\u00e3o<\/strong> de segmentos, com entrada na oncologia, imagem e diagn\u00f3sticos.<\/p>\n<h2>Quem \u00e9 a Kora?<\/h2>\n<p>A companhia \u00e9 &#8220;natural&#8221; do <strong>Esp\u00edrito<\/strong> <strong>Santo<\/strong>, mas tamb\u00e9m opera no\u00a0Tocantins e Mato Grosso, al\u00e9m do Distrito Federal. Nas suas planilhas, constam 11 hospitais e 5,5 mil funcion\u00e1rios.<\/p>\n\t<p>\n\t\t<a href=\"https:\/\/lp.suno.com.br\/planilha-da-vida-financeira\/\" target=\"_blank\" data-element=\"shortcode-suno-banner\" title=\"Banner SUNO, clique e saiba mais\">\n\t\t\t<picture>\n\t\t\t\t<source media=\"(max-width: 500px)\" srcset=\"https:\/\/files.sunoresearch.com.br\/n\/uploads\/2023\/04\/400x300-Planilha-vida-financeira-true.png\">\n\t\t\t\t<img class=\"newsContent__article__imgCapa newsContent__article__imgCapa--banner\"\n\t\t\t\t\tsrc=\"https:\/\/files.sunoresearch.com.br\/n\/uploads\/2023\/04\/1420x240-Planilha-vida-financeira-true.png\"\n\t\t\t\t\tdata-promo-id=\"106682\"\t\t\t\t\t\t\t\t\t\twidth='1420' height='240'\t\t\t\t\talt=\"https:\/\/files.sunoresearch.com.br\/n\/uploads\/2023\/04\/1420x240-Planilha-vida-financeira-true.png\"\n\t\t\t\t>\n\t\t\t<\/picture>\n\t\t<\/a>\n\t<\/p>\n\n\n<p>A empresa \u00e9 uma rede independente de hospitais privados no Brasil. <a href=\"https:\/\/www.suno.com.br\/noticias\/kora-saude-krsa3-suspende-ipo\/\">Em 2020, ela possu\u00eda 1.272 leitos, dos quais 293 s\u00e3o Unidade de Tratamento Intensivo (<strong>UTI<\/strong>)<\/a>.<\/p>\n<p>O grupo tamb\u00e9m fornece servi\u00e7os de oncologia ambulatorial, assim como apoio <strong>diagn\u00f3stico<\/strong> a pacientes particulares ou atrav\u00e9s de empresas conveniadas, companhia<\/p>\n<p>No seu <strong>balan\u00e7o<\/strong> anual de 2020, a empresa teve <a class=\"suno-keyword\" href=\"https:\/\/www.suno.com.br\/artigos\/lucro-liquido\/\" target=\"_blank\" rel=\"noopener noreferrer\" data-force=\"no\" data-priority=\"1\">lucro l\u00edquido<\/a> de R$ 17,54 milh\u00f5es, revertendo preju\u00edzo de R$ 2,327 milh\u00f5es no ano anterior.<\/p>\n<p>O Ebitda (lucro antes de juros, impostos, <a class=\"suno-keyword\" href=\"https:\/\/www.suno.com.br\/artigos\/depreciacao-amortizacao\/\" target=\"_blank\" rel=\"noopener noreferrer\" data-force=\"no\" data-priority=\"1\">deprecia\u00e7\u00e3o e amortiza\u00e7\u00e3o<\/a>) da\u00a0<strong>Kora<\/strong> cresceu de R$ 62,151 milh\u00f5es para R$ 107,123 milh\u00f5es na mesma compara\u00e7\u00e3o. A <a class=\"suno-keyword\" href=\"https:\/\/www.suno.com.br\/artigos\/o-que-receita-liquida\/\" target=\"_blank\" rel=\"noopener noreferrer\" data-force=\"no\" data-priority=\"1\">receita l\u00edquida<\/a> de contratos saiu de R$ 442,035 milh\u00f5es, em 2019, para R$ 612,287.<\/p>\n\t<p>\n\t\t<a href=\"https:\/\/lp.suno.com.br\/ebook-como-analisar-uma-acao\/\" target=\"_blank\" data-element=\"shortcode-suno-banner\" title=\"Banner SUNO, clique e saiba mais\">\n\t\t\t<picture>\n\t\t\t\t<source media=\"(max-width: 500px)\" srcset=\"https:\/\/files.sunoresearch.com.br\/n\/uploads\/2023\/03\/Ebook-Acoes-Mobile-1.jpg\">\n\t\t\t\t<img class=\"newsContent__article__imgCapa newsContent__article__imgCapa--banner\"\n\t\t\t\t\tsrc=\"https:\/\/files.sunoresearch.com.br\/n\/uploads\/2023\/03\/Ebook-Acoes-Desktop-1.jpg\"\n\t\t\t\t\tdata-promo-id=\"171998\"\t\t\t\t\t\t\t\t\t\twidth='1420' height='286'\t\t\t\t\talt=\"https:\/\/files.sunoresearch.com.br\/n\/uploads\/2023\/03\/Ebook-Acoes-Desktop-1.jpg\"\n\t\t\t\t>\n\t\t\t<\/picture>\n\t\t<\/a>\n\t<\/p>\n\n\n","protected":false},"excerpt":{"rendered":"<p>Seguindo na temporada de ofertas iniciais de a\u00e7\u00f5es (IPOs, do ingl\u00eas), a Kora Sa\u00fade (KRSA3) figura como destaque positivo em seu primeiro dia de bolsa, com alta de 13,75% por volta das 11h30 desta sexta-feira (13), cotada a R$ 8,19. Kora Sa\u00fade: Hospital S\u00e3o Mateus conta com 150 leitos e \u00e9 reconhecido por servi\u00e7os de [&hellip;]<\/p>\n","protected":false},"author":73,"featured_media":139265,"comment_status":"closed","ping_status":"closed","sticky":false,"template":"","format":"standard","meta":[],"categories":[64],"tags":[1937,319,105852],"suno_strategy":[],"class_list":["post-175131","post","type-post","status-publish","format-standard","has-post-thumbnail","hentry","category-negocios","tag-bolsa-de-valores-de-sao-paulo-b3","tag-ipo-oferta-inicial-de-acoes","tag-kora-saude-krsa3"],"yoast_head":"<!-- This site is optimized with the Yoast SEO plugin v24.4 - https:\/\/yoast.com\/wordpress\/plugins\/seo\/ -->\n<title>Kora SA\u00fade (KRSA3) estreia na bolsa com alta de 13,7%<\/title>\n<meta name=\"description\" content=\"Ap\u00f3s fechar sua precifica\u00e7\u00e3o em oferta restrira, Kora vai \u00e0 bolsa abrindo em alta de 13% acima da faixa. Clique aqui e leia mais.\" \/>\n<meta name=\"robots\" content=\"index, follow, max-snippet:-1, max-image-preview:large, max-video-preview:-1\" \/>\n<link rel=\"canonical\" href=\"https:\/\/www.suno.com.br\/noticias\/kpra-krsa3-ipo-alta-estreia-bolsa\/\" \/>\n<meta property=\"og:locale\" content=\"pt_BR\" \/>\n<meta property=\"og:type\" content=\"article\" \/>\n<meta property=\"og:title\" content=\"Kora SA\u00fade (KRSA3) estreia na bolsa com alta de 13,7%\" \/>\n<meta property=\"og:description\" content=\"Ap\u00f3s fechar sua precifica\u00e7\u00e3o em oferta restrira, Kora vai \u00e0 bolsa abrindo em alta de 13% acima da faixa. Clique aqui e leia mais.\" \/>\n<meta property=\"og:url\" content=\"https:\/\/www.suno.com.br\/noticias\/kpra-krsa3-ipo-alta-estreia-bolsa\/\" \/>\n<meta property=\"og:site_name\" content=\"Suno Not\u00edcias\" \/>\n<meta property=\"article:publisher\" content=\"https:\/\/facebook.com\/sunoresearch\" \/>\n<meta property=\"og:image\" content=\"https:\/\/files.sunoresearch.com.br\/n\/uploads\/2021\/04\/2e166c88-foto4.jpg\" \/>\n\t<meta property=\"og:image:width\" content=\"1200\" \/>\n\t<meta property=\"og:image:height\" content=\"800\" \/>\n\t<meta property=\"og:image:type\" content=\"image\/jpeg\" \/>\n<meta name=\"author\" content=\"Eduardo Vargas\" \/>\n<meta name=\"twitter:card\" content=\"summary_large_image\" \/>\n<meta name=\"twitter:creator\" content=\"@sunoresearch\" \/>\n<meta name=\"twitter:site\" content=\"@sunoresearch\" \/>\n<meta name=\"twitter:label1\" content=\"Escrito por\" \/>\n\t<meta name=\"twitter:data1\" content=\"Eduardo Vargas\" \/>\n\t<meta name=\"twitter:label2\" content=\"Est. tempo de leitura\" \/>\n\t<meta name=\"twitter:data2\" content=\"2 minutos\" \/>\n<script type=\"application\/ld+json\" class=\"yoast-schema-graph\">{\"@context\":\"https:\/\/schema.org\",\"@graph\":[{\"@type\":\"NewsArticle\",\"@id\":\"https:\/\/www.suno.com.br\/noticias\/kpra-krsa3-ipo-alta-estreia-bolsa\/#article\",\"isPartOf\":{\"@id\":\"https:\/\/www.suno.com.br\/noticias\/kpra-krsa3-ipo-alta-estreia-bolsa\/\"},\"author\":{\"name\":\"Eduardo Vargas\",\"@id\":\"https:\/\/www.suno.com.br\/noticias\/#\/schema\/person\/7f4d362bf3518e76090143ae77bb49a5\"},\"headline\":\"Kora Sa\u00fade (KRSA3) estreia na bolsa em alta de 13%\",\"datePublished\":\"2021-08-13T14:51:57+00:00\",\"mainEntityOfPage\":{\"@id\":\"https:\/\/www.suno.com.br\/noticias\/kpra-krsa3-ipo-alta-estreia-bolsa\/\"},\"wordCount\":400,\"publisher\":{\"@id\":\"https:\/\/www.suno.com.br\/noticias\/#organization\"},\"image\":{\"@id\":\"https:\/\/www.suno.com.br\/noticias\/kpra-krsa3-ipo-alta-estreia-bolsa\/#primaryimage\"},\"thumbnailUrl\":\"https:\/\/files.sunoresearch.com.br\/n\/uploads\/2021\/04\/2e166c88-foto4-jpg.webp\",\"keywords\":[\"Bolsa de Valores de S\u00e3o Paulo (B3)\",\"IPO (Oferta Inicial de A\u00e7\u00f5es)\",\"Kora Sa\u00fade (KRSA3)\"],\"articleSection\":[\"Neg\u00f3cios\"],\"inLanguage\":\"pt-BR\"},{\"@type\":\"WebPage\",\"@id\":\"https:\/\/www.suno.com.br\/noticias\/kpra-krsa3-ipo-alta-estreia-bolsa\/\",\"url\":\"https:\/\/www.suno.com.br\/noticias\/kpra-krsa3-ipo-alta-estreia-bolsa\/\",\"name\":\"Kora SA\u00fade (KRSA3) estreia na bolsa com alta de 13,7%\",\"isPartOf\":{\"@id\":\"https:\/\/www.suno.com.br\/noticias\/#website\"},\"primaryImageOfPage\":{\"@id\":\"https:\/\/www.suno.com.br\/noticias\/kpra-krsa3-ipo-alta-estreia-bolsa\/#primaryimage\"},\"image\":{\"@id\":\"https:\/\/www.suno.com.br\/noticias\/kpra-krsa3-ipo-alta-estreia-bolsa\/#primaryimage\"},\"thumbnailUrl\":\"https:\/\/files.sunoresearch.com.br\/n\/uploads\/2021\/04\/2e166c88-foto4-jpg.webp\",\"datePublished\":\"2021-08-13T14:51:57+00:00\",\"description\":\"Ap\u00f3s fechar sua precifica\u00e7\u00e3o em oferta restrira, Kora vai \u00e0 bolsa abrindo em alta de 13% acima da faixa. Clique aqui e leia mais.\",\"breadcrumb\":{\"@id\":\"https:\/\/www.suno.com.br\/noticias\/kpra-krsa3-ipo-alta-estreia-bolsa\/#breadcrumb\"},\"inLanguage\":\"pt-BR\",\"potentialAction\":[{\"@type\":\"ReadAction\",\"target\":[\"https:\/\/www.suno.com.br\/noticias\/kpra-krsa3-ipo-alta-estreia-bolsa\/\"]}]},{\"@type\":\"ImageObject\",\"inLanguage\":\"pt-BR\",\"@id\":\"https:\/\/www.suno.com.br\/noticias\/kpra-krsa3-ipo-alta-estreia-bolsa\/#primaryimage\",\"url\":\"https:\/\/files.sunoresearch.com.br\/n\/uploads\/2021\/04\/2e166c88-foto4-jpg.webp\",\"contentUrl\":\"https:\/\/files.sunoresearch.com.br\/n\/uploads\/2021\/04\/2e166c88-foto4-jpg.webp\",\"width\":1200,\"height\":800,\"caption\":\"Kora Sa\u00fade: Hospital S\u00e3o Mateus conta com 150 leitos e \u00e9 reconhecido por servi\u00e7os de alta complexidade e refer\u00eancia no tratamento cl\u00ednico e na especialidade de neurologia. - Foto: Reprodu\u00e7\u00e3o\/Kora\"},{\"@type\":\"BreadcrumbList\",\"@id\":\"https:\/\/www.suno.com.br\/noticias\/kpra-krsa3-ipo-alta-estreia-bolsa\/#breadcrumb\",\"itemListElement\":[{\"@type\":\"ListItem\",\"position\":1,\"name\":\"Not\u00edcias\",\"item\":\"https:\/\/www.suno.com.br\/noticias\/\"},{\"@type\":\"ListItem\",\"position\":2,\"name\":\"Neg\u00f3cios\",\"item\":\"https:\/\/www.suno.com.br\/noticias\/negocios\/\"},{\"@type\":\"ListItem\",\"position\":3,\"name\":\"Kora Sa\u00fade (KRSA3) estreia na bolsa em alta de 13%\"}]},{\"@type\":\"WebSite\",\"@id\":\"https:\/\/www.suno.com.br\/noticias\/#website\",\"url\":\"https:\/\/www.suno.com.br\/noticias\/\",\"name\":\"Suno Not\u00edcias\",\"description\":\"Seu portal de informa\u00e7\u00e3o sobre o mundo dos investimentos\",\"publisher\":{\"@id\":\"https:\/\/www.suno.com.br\/noticias\/#organization\"},\"potentialAction\":[{\"@type\":\"SearchAction\",\"target\":{\"@type\":\"EntryPoint\",\"urlTemplate\":\"https:\/\/www.suno.com.br\/noticias\/?s={search_term_string}\"},\"query-input\":{\"@type\":\"PropertyValueSpecification\",\"valueRequired\":true,\"valueName\":\"search_term_string\"}}],\"inLanguage\":\"pt-BR\"},{\"@type\":\"Organization\",\"@id\":\"https:\/\/www.suno.com.br\/noticias\/#organization\",\"name\":\"Suno Not\u00edcias\",\"url\":\"https:\/\/www.suno.com.br\/noticias\/\",\"logo\":{\"@type\":\"ImageObject\",\"inLanguage\":\"pt-BR\",\"@id\":\"https:\/\/www.suno.com.br\/noticias\/#\/schema\/logo\/image\/\",\"url\":\"https:\/\/files.sunoresearch.com.br\/n\/uploads\/2021\/09\/suno-logo.png\",\"contentUrl\":\"https:\/\/files.sunoresearch.com.br\/n\/uploads\/2021\/09\/suno-logo.png\",\"width\":180,\"height\":180,\"caption\":\"Suno Not\u00edcias\"},\"image\":{\"@id\":\"https:\/\/www.suno.com.br\/noticias\/#\/schema\/logo\/image\/\"},\"sameAs\":[\"https:\/\/facebook.com\/sunoresearch\",\"https:\/\/x.com\/sunoresearch\",\"https:\/\/www.instagram.com\/suno\",\"https:\/\/www.linkedin.com\/company\/suno-research\/\",\"https:\/\/www.youtube.com\/c\/sunoresearch\"]},{\"@type\":\"Person\",\"@id\":\"https:\/\/www.suno.com.br\/noticias\/#\/schema\/person\/7f4d362bf3518e76090143ae77bb49a5\",\"name\":\"Eduardo Vargas\",\"image\":{\"@type\":\"ImageObject\",\"inLanguage\":\"pt-BR\",\"@id\":\"https:\/\/www.suno.com.br\/noticias\/#\/schema\/person\/image\/\",\"url\":\"https:\/\/secure.gravatar.com\/avatar\/dac340933427a22924c9f99d1eb2e3f2?s=96&r=g\",\"contentUrl\":\"https:\/\/secure.gravatar.com\/avatar\/dac340933427a22924c9f99d1eb2e3f2?s=96&r=g\",\"caption\":\"Eduardo Vargas\"},\"description\":\"Jornalista formado pela UFSC, cobre macroeconomia, neg\u00f3cios e startups para o Suno Not\u00edcias, escrevendo principalmente not\u00edcias sobre o mercado financeiro e a bolsa de valores. No YouTube e no Instagram, \u00e9 respons\u00e1vel pela produ\u00e7\u00e3o de Reels e Shorts do Suno Not\u00edcias. Anteriormente, trabalhou cobrindo economia e cotidiano no ND+ e para o ND, maior jornal impresso de Santa Catarina. Cursou um semestre letivo de Estudos de M\u00eddia na Universidad de Buenos Aires.\",\"url\":\"https:\/\/www.suno.com.br\/noticias\/author\/eduardo-vargas\/\"}]}<\/script>\n<!-- \/ Yoast SEO plugin. -->","yoast_head_json":{"title":"Kora SA\u00fade (KRSA3) estreia na bolsa com alta de 13,7%","description":"Ap\u00f3s fechar sua precifica\u00e7\u00e3o em oferta restrira, Kora vai \u00e0 bolsa abrindo em alta de 13% acima da faixa. Clique aqui e leia mais.","robots":{"index":"index","follow":"follow","max-snippet":"max-snippet:-1","max-image-preview":"max-image-preview:large","max-video-preview":"max-video-preview:-1"},"canonical":"https:\/\/www.suno.com.br\/noticias\/kpra-krsa3-ipo-alta-estreia-bolsa\/","og_locale":"pt_BR","og_type":"article","og_title":"Kora SA\u00fade (KRSA3) estreia na bolsa com alta de 13,7%","og_description":"Ap\u00f3s fechar sua precifica\u00e7\u00e3o em oferta restrira, Kora vai \u00e0 bolsa abrindo em alta de 13% acima da faixa. Clique aqui e leia mais.","og_url":"https:\/\/www.suno.com.br\/noticias\/kpra-krsa3-ipo-alta-estreia-bolsa\/","og_site_name":"Suno Not\u00edcias","article_publisher":"https:\/\/facebook.com\/sunoresearch","og_image":[{"width":1200,"height":800,"url":"https:\/\/files.sunoresearch.com.br\/n\/uploads\/2021\/04\/2e166c88-foto4.jpg","type":"image\/jpeg"}],"author":"Eduardo Vargas","twitter_card":"summary_large_image","twitter_creator":"@sunoresearch","twitter_site":"@sunoresearch","twitter_misc":{"Escrito por":"Eduardo Vargas","Est. tempo de leitura":"2 minutos"},"schema":{"@context":"https:\/\/schema.org","@graph":[{"@type":"NewsArticle","@id":"https:\/\/www.suno.com.br\/noticias\/kpra-krsa3-ipo-alta-estreia-bolsa\/#article","isPartOf":{"@id":"https:\/\/www.suno.com.br\/noticias\/kpra-krsa3-ipo-alta-estreia-bolsa\/"},"author":{"name":"Eduardo Vargas","@id":"https:\/\/www.suno.com.br\/noticias\/#\/schema\/person\/7f4d362bf3518e76090143ae77bb49a5"},"headline":"Kora Sa\u00fade (KRSA3) estreia na bolsa em alta de 13%","datePublished":"2021-08-13T14:51:57+00:00","mainEntityOfPage":{"@id":"https:\/\/www.suno.com.br\/noticias\/kpra-krsa3-ipo-alta-estreia-bolsa\/"},"wordCount":400,"publisher":{"@id":"https:\/\/www.suno.com.br\/noticias\/#organization"},"image":{"@id":"https:\/\/www.suno.com.br\/noticias\/kpra-krsa3-ipo-alta-estreia-bolsa\/#primaryimage"},"thumbnailUrl":"https:\/\/files.sunoresearch.com.br\/n\/uploads\/2021\/04\/2e166c88-foto4-jpg.webp","keywords":["Bolsa de Valores de S\u00e3o Paulo (B3)","IPO (Oferta Inicial de A\u00e7\u00f5es)","Kora Sa\u00fade (KRSA3)"],"articleSection":["Neg\u00f3cios"],"inLanguage":"pt-BR"},{"@type":"WebPage","@id":"https:\/\/www.suno.com.br\/noticias\/kpra-krsa3-ipo-alta-estreia-bolsa\/","url":"https:\/\/www.suno.com.br\/noticias\/kpra-krsa3-ipo-alta-estreia-bolsa\/","name":"Kora SA\u00fade (KRSA3) estreia na bolsa com alta de 13,7%","isPartOf":{"@id":"https:\/\/www.suno.com.br\/noticias\/#website"},"primaryImageOfPage":{"@id":"https:\/\/www.suno.com.br\/noticias\/kpra-krsa3-ipo-alta-estreia-bolsa\/#primaryimage"},"image":{"@id":"https:\/\/www.suno.com.br\/noticias\/kpra-krsa3-ipo-alta-estreia-bolsa\/#primaryimage"},"thumbnailUrl":"https:\/\/files.sunoresearch.com.br\/n\/uploads\/2021\/04\/2e166c88-foto4-jpg.webp","datePublished":"2021-08-13T14:51:57+00:00","description":"Ap\u00f3s fechar sua precifica\u00e7\u00e3o em oferta restrira, Kora vai \u00e0 bolsa abrindo em alta de 13% acima da faixa. Clique aqui e leia mais.","breadcrumb":{"@id":"https:\/\/www.suno.com.br\/noticias\/kpra-krsa3-ipo-alta-estreia-bolsa\/#breadcrumb"},"inLanguage":"pt-BR","potentialAction":[{"@type":"ReadAction","target":["https:\/\/www.suno.com.br\/noticias\/kpra-krsa3-ipo-alta-estreia-bolsa\/"]}]},{"@type":"ImageObject","inLanguage":"pt-BR","@id":"https:\/\/www.suno.com.br\/noticias\/kpra-krsa3-ipo-alta-estreia-bolsa\/#primaryimage","url":"https:\/\/files.sunoresearch.com.br\/n\/uploads\/2021\/04\/2e166c88-foto4-jpg.webp","contentUrl":"https:\/\/files.sunoresearch.com.br\/n\/uploads\/2021\/04\/2e166c88-foto4-jpg.webp","width":1200,"height":800,"caption":"Kora Sa\u00fade: Hospital S\u00e3o Mateus conta com 150 leitos e \u00e9 reconhecido por servi\u00e7os de alta complexidade e refer\u00eancia no tratamento cl\u00ednico e na especialidade de neurologia. - Foto: Reprodu\u00e7\u00e3o\/Kora"},{"@type":"BreadcrumbList","@id":"https:\/\/www.suno.com.br\/noticias\/kpra-krsa3-ipo-alta-estreia-bolsa\/#breadcrumb","itemListElement":[{"@type":"ListItem","position":1,"name":"Not\u00edcias","item":"https:\/\/www.suno.com.br\/noticias\/"},{"@type":"ListItem","position":2,"name":"Neg\u00f3cios","item":"https:\/\/www.suno.com.br\/noticias\/negocios\/"},{"@type":"ListItem","position":3,"name":"Kora Sa\u00fade (KRSA3) estreia na bolsa em alta de 13%"}]},{"@type":"WebSite","@id":"https:\/\/www.suno.com.br\/noticias\/#website","url":"https:\/\/www.suno.com.br\/noticias\/","name":"Suno Not\u00edcias","description":"Seu portal de informa\u00e7\u00e3o sobre o mundo dos investimentos","publisher":{"@id":"https:\/\/www.suno.com.br\/noticias\/#organization"},"potentialAction":[{"@type":"SearchAction","target":{"@type":"EntryPoint","urlTemplate":"https:\/\/www.suno.com.br\/noticias\/?s={search_term_string}"},"query-input":{"@type":"PropertyValueSpecification","valueRequired":true,"valueName":"search_term_string"}}],"inLanguage":"pt-BR"},{"@type":"Organization","@id":"https:\/\/www.suno.com.br\/noticias\/#organization","name":"Suno Not\u00edcias","url":"https:\/\/www.suno.com.br\/noticias\/","logo":{"@type":"ImageObject","inLanguage":"pt-BR","@id":"https:\/\/www.suno.com.br\/noticias\/#\/schema\/logo\/image\/","url":"https:\/\/files.sunoresearch.com.br\/n\/uploads\/2021\/09\/suno-logo.png","contentUrl":"https:\/\/files.sunoresearch.com.br\/n\/uploads\/2021\/09\/suno-logo.png","width":180,"height":180,"caption":"Suno Not\u00edcias"},"image":{"@id":"https:\/\/www.suno.com.br\/noticias\/#\/schema\/logo\/image\/"},"sameAs":["https:\/\/facebook.com\/sunoresearch","https:\/\/x.com\/sunoresearch","https:\/\/www.instagram.com\/suno","https:\/\/www.linkedin.com\/company\/suno-research\/","https:\/\/www.youtube.com\/c\/sunoresearch"]},{"@type":"Person","@id":"https:\/\/www.suno.com.br\/noticias\/#\/schema\/person\/7f4d362bf3518e76090143ae77bb49a5","name":"Eduardo Vargas","image":{"@type":"ImageObject","inLanguage":"pt-BR","@id":"https:\/\/www.suno.com.br\/noticias\/#\/schema\/person\/image\/","url":"https:\/\/secure.gravatar.com\/avatar\/dac340933427a22924c9f99d1eb2e3f2?s=96&r=g","contentUrl":"https:\/\/secure.gravatar.com\/avatar\/dac340933427a22924c9f99d1eb2e3f2?s=96&r=g","caption":"Eduardo Vargas"},"description":"Jornalista formado pela UFSC, cobre macroeconomia, neg\u00f3cios e startups para o Suno Not\u00edcias, escrevendo principalmente not\u00edcias sobre o mercado financeiro e a bolsa de valores. No YouTube e no Instagram, \u00e9 respons\u00e1vel pela produ\u00e7\u00e3o de Reels e Shorts do Suno Not\u00edcias. Anteriormente, trabalhou cobrindo economia e cotidiano no ND+ e para o ND, maior jornal impresso de Santa Catarina. Cursou um semestre letivo de Estudos de M\u00eddia na Universidad de Buenos Aires.","url":"https:\/\/www.suno.com.br\/noticias\/author\/eduardo-vargas\/"}]}},"default_loop_html":"<div class=\"cardsPage__listCard__boxs\"><div class=\"cardsPage__listCard__boxs__img\"><a href=\"https:\/\/www.suno.com.br\/noticias\/kpra-krsa3-ipo-alta-estreia-bolsa\/\"><img class=\"mask\" src=\"https:\/\/www.suno.com.br\/noticias\/wp-content\/themes\/suno\/resources\/images\/spotlight\/spotlight1img\/bg-mask.png\" alt=\"Image Mask\"\/><img src=\"https:\/\/files.sunoresearch.com.br\/n\/uploads\/2021\/04\/2e166c88-foto4-400x200.webp\" alt=\"Kora Sa\u00fade (KRSA3) estreia na bolsa em alta de 13%\"\/><\/a><span class=\"spotlightCategory\"><a href=\"https:\/\/www.suno.com.br\/noticias\/negocios\/\">Neg\u00f3cios<\/a><\/span><\/div><div class=\"cardsPage__listCard__boxs__content\"><a href=\"https:\/\/www.suno.com.br\/noticias\/kpra-krsa3-ipo-alta-estreia-bolsa\/\"><h2 class=\"content__title\">Kora Sa\u00fade (KRSA3) estreia na bolsa em alta de 13%<\/h2><\/a><div class=\"newsContent__article__meta\"><div class=\"newsContent__article__meta__authorBox\"><a href=\"https:\/\/www.suno.com.br\/noticias\/author\/eduardo-vargas\/\" class=\"authorBox__avatar noMobi\"><img src=\"https:\/\/secure.gravatar.com\/avatar\/dac340933427a22924c9f99d1eb2e3f2?s=96&#038;r=g\" alt=\"Eduardo Vargas\"><\/a><div class=\"authorBox__name\"><span>por\n\t\t\t<a href=\"https:\/\/www.suno.com.br\/noticias\/author\/eduardo-vargas\/\"><span itemprop=\"author\">Eduardo Vargas<\/span><\/a><\/span><time datetime=\"2021-08-13T11:51:57-03:00\" itemprop=\"datePublished\">13\/08\/2021 11:51<\/time><\/div><\/div><\/div><\/div><\/div>","single_layout":"posts","amp_enabled":true,"_links":{"self":[{"href":"https:\/\/www.suno.com.br\/noticias\/wp-json\/wp\/v2\/posts\/175131"}],"collection":[{"href":"https:\/\/www.suno.com.br\/noticias\/wp-json\/wp\/v2\/posts"}],"about":[{"href":"https:\/\/www.suno.com.br\/noticias\/wp-json\/wp\/v2\/types\/post"}],"author":[{"embeddable":true,"href":"https:\/\/www.suno.com.br\/noticias\/wp-json\/wp\/v2\/users\/73"}],"replies":[{"embeddable":true,"href":"https:\/\/www.suno.com.br\/noticias\/wp-json\/wp\/v2\/comments?post=175131"}],"version-history":[{"count":3,"href":"https:\/\/www.suno.com.br\/noticias\/wp-json\/wp\/v2\/posts\/175131\/revisions"}],"predecessor-version":[{"id":175141,"href":"https:\/\/www.suno.com.br\/noticias\/wp-json\/wp\/v2\/posts\/175131\/revisions\/175141"}],"wp:featuredmedia":[{"embeddable":true,"href":"https:\/\/www.suno.com.br\/noticias\/wp-json\/wp\/v2\/media\/139265"}],"wp:attachment":[{"href":"https:\/\/www.suno.com.br\/noticias\/wp-json\/wp\/v2\/media?parent=175131"}],"wp:term":[{"taxonomy":"category","embeddable":true,"href":"https:\/\/www.suno.com.br\/noticias\/wp-json\/wp\/v2\/categories?post=175131"},{"taxonomy":"post_tag","embeddable":true,"href":"https:\/\/www.suno.com.br\/noticias\/wp-json\/wp\/v2\/tags?post=175131"},{"taxonomy":"suno_strategy","embeddable":true,"href":"https:\/\/www.suno.com.br\/noticias\/wp-json\/wp\/v2\/suno_strategy?post=175131"}],"curies":[{"name":"wp","href":"https:\/\/api.w.org\/{rel}","templated":true}]}}