{"id":174857,"date":"2021-08-12T18:20:32","date_gmt":"2021-08-12T21:20:32","guid":{"rendered":"https:\/\/www.suno.com.br\/noticias\/?p=174857"},"modified":"2021-08-13T03:00:48","modified_gmt":"2021-08-13T06:00:48","slug":"minerva-beef3-opa-capital","status":"publish","type":"post","link":"https:\/\/www.suno.com.br\/noticias\/minerva-beef3-opa-capital\/","title":{"rendered":"Minerva (BEEF3) diz que se compromete a n\u00e3o fazer OPA &#8220;pelo per\u00edodo de ao menos 6 meses&#8221;"},"content":{"rendered":"<p>A <a href=\"https:\/\/www.suno.com.br\/acoes\/beef3\/\"><strong>Minerva<\/strong>\u00a0(BEEF3)<\/a>) se pronunciou na tarde desta quinta (12) sobre as not\u00edcias de que estaria avaliando fechar seu capital. Reportagem do site Pipeline, do Valor Econ\u00f4mico, publicada ontem, dizia que essa possibilidade<a href=\"https:\/\/www.suno.com.br\/noticias\/minerva-beef3-avalia-fechar-capital\/\"> estava sendo analisada pelos controladores da companhia<\/a>.<\/p>\t<div class=\"wrapper-featured-image\">\n\t\t<figure class=\"spotlightImg\">\n\n\t\t\t<picture>\n\t\t\t\t<source media=\"(max-width: 768px)\" srcset=\"https:\/\/files.sunoresearch.com.br\/n\/uploads\/2020\/07\/315b6261-whatsapp-image-2020-07-15-at-15.30.23-400x200.webp\">\n\t\t\t\t<img loading=\"lazy\" decoding=\"async\" class=\"newsContent__article__imgCapa lazyloadDisabled \" src=\"https:\/\/files.sunoresearch.com.br\/n\/uploads\/2020\/07\/315b6261-whatsapp-image-2020-07-15-at-15.30.23-800x450.webp\" width=\"800\" height=\"450\" alt=\"Minerva (BEEF3) diz que se compromete a n\u00e3o fazer OPA &#8220;pelo per\u00edodo de ao menos 6 meses&#8221;\" fetchpriority=high \/>\n\t\t\t<\/picture>\n\n\t\t\t<figcaption class=\"wp-caption-text wp-caption-text--show\">Minerva volta a negar fechamento de capital. Foto: Divulga\u00e7\u00e3o<\/figcaption>\n\t\t<\/figure>\n\t<\/div>\n\n\n<p>Em<a href=\"https:\/\/www.suno.com.br\/artigos\/fato-relevante\/\"> fato relevante<\/a>, publicado hoje, no final da tarde, a Minerva afirma &#8220;que pelo per\u00edodo de ao menos seis meses n\u00e3o pretende realizar oferta p\u00fablica para aquisi\u00e7\u00e3o de a\u00e7\u00f5es <strong>(OPA)<\/strong> para cancelamento de registro.&#8221;<\/p>\n<p>Na ter\u00e7a, antes de o site publicar a reportagem, o diretor de <a class=\"suno-keyword\" href=\"https:\/\/www.suno.com.br\/artigos\/relacoes-com-investidores\/\" target=\"_blank\" rel=\"noopener noreferrer\" data-force=\"no\" data-priority=\"1\">rela\u00e7\u00f5es com investidores<\/a> da companhia, Edison Ticle tinha revelado, diante de um grupo de investidores que assistiam a uma live no Instagram, conduzida por <a href=\"https:\/\/www.suno.com.br\/tudo-sobre\/rafael-ferri\/\">Rafael Ferri<\/a>, informa\u00e7\u00e3o privilegiada: a companhia estudava fazer uma OPA.<\/p>\n<p>As <strong><a href=\"https:\/\/www.suno.com.br\/noticias\/diretor-ri-minerva-beef3-redes-sociais-edison-ticle\/\">declara\u00e7\u00f5es do executivo<\/a><\/strong> circularam pela internet e foram comentadas em redes sociais, refor\u00e7ando o impacto da not\u00edcia do site Pipeline, de que os controladores da Minerva Foods haviam come\u00e7ado a discutir a possibilidade <strong>fechar o capital<\/strong>\u00a0da companhia.<\/p>\n\t<p>\n\t\t<a href=\"https:\/\/lp.suno.com.br\/planilha-de-controle-de-investimentos\/\" target=\"_blank\" data-element=\"shortcode-suno-banner\" title=\"Banner SUNO, clique e saiba mais\">\n\t\t\t<picture>\n\t\t\t\t<source media=\"(max-width: 500px)\" srcset=\"https:\/\/files.sunoresearch.com.br\/n\/uploads\/2023\/03\/400x300-Controle-de-Investimentos.png\">\n\t\t\t\t<img class=\"newsContent__article__imgCapa newsContent__article__imgCapa--banner\"\n\t\t\t\t\tsrc=\"https:\/\/files.sunoresearch.com.br\/n\/uploads\/2023\/03\/1420x240-Controle-de-Investimentos.png\"\n\t\t\t\t\tdata-promo-id=\"75934\"\t\t\t\t\t\t\t\t\t\twidth='1420' height='240'\t\t\t\t\talt=\"https:\/\/files.sunoresearch.com.br\/n\/uploads\/2023\/03\/1420x240-Controle-de-Investimentos.png\"\n\t\t\t\t>\n\t\t\t<\/picture>\n\t\t<\/a>\n\t<\/p>\n\n\n<p>A Minerva diz no comunicado de hoje que &#8220;n\u00e3o h\u00e1 inten\u00e7\u00e3o de promover o fechamento de capital da companhia e que n\u00e3o h\u00e1 qualquer informa\u00e7\u00e3o em concreto pass\u00edvel de divulga\u00e7\u00e3o sobre o assunto.&#8221;<\/p>\n<p>A nota da Minerva menciona tamb\u00e9m o diretor de rela\u00e7\u00f5es com investidore<a class=\"suno-keyword\" href=\"https:\/\/www.suno.com.br\/artigos\/relacoes-com-investidores\/\" target=\"_blank\" rel=\"noopener noreferrer\" data-force=\"no\" data-priority=\"1\">s<\/a> da companhia: &#8220;Embora n\u00e3o tenha participado do evento como apresentador tampouco como representante de Minerva, o sr. Edison foi questionado, de forma espont\u00e2nea e n\u00e3o esperada, sobre eventuais planos para utiliza\u00e7\u00e3o de caixa excedente. &#8221;<\/p>\n\t<p>\n\t\t<a href=\"https:\/\/lp.suno.com.br\/planilha-controle-gastos\/\" target=\"_blank\" data-element=\"shortcode-suno-banner\" title=\"Banner SUNO, clique e saiba mais\">\n\t\t\t<picture>\n\t\t\t\t<source media=\"(max-width: 500px)\" srcset=\"https:\/\/files.sunoresearch.com.br\/n\/uploads\/2023\/03\/400x300-Planilha-controle-de-gastos.png\">\n\t\t\t\t<img class=\"newsContent__article__imgCapa newsContent__article__imgCapa--banner\"\n\t\t\t\t\tsrc=\"https:\/\/files.sunoresearch.com.br\/n\/uploads\/2023\/03\/1420x240-Planilha-controle-de-gastos.png\"\n\t\t\t\t\tdata-promo-id=\"101751\"\t\t\t\t\t\t\t\t\t\twidth='1420' height='240'\t\t\t\t\talt=\"https:\/\/files.sunoresearch.com.br\/n\/uploads\/2023\/03\/1420x240-Planilha-controle-de-gastos.png\"\n\t\t\t\t>\n\t\t\t<\/picture>\n\t\t<\/a>\n\t<\/p>\n\n\n<h2>&#8220;Avalia\u00e7\u00e3o de todas as alternativas&#8221;<\/h2>\n<p>O texto acrescenta: &#8220;Na ocasi\u00e3o, o Sr. Edison explicou que, em tese, em cen\u00e1rios dessa natureza, \u00e9 de se esperar avalia\u00e7\u00e3o de todas as alternativas, que, exemplificativamente, passam por <strong>distribui\u00e7\u00e3o de dividendos<\/strong>, recompra, aquisi\u00e7\u00f5es, investimento em <strong>CAPEX<\/strong> e, at\u00e9 mesmo, um eventual <strong>fechamento de capital<\/strong>.&#8221;<\/p>\n\n\t<div data-element=\"shortcode-read-more\" class=\"readToo\">\n\t\t\t\t<span class=\"readToo__title\">Leia mais<\/span>\n\t\t\t\t<ul class=\"readToo__list\">\n\t\t\t<li><a href=\"https:\/\/www.suno.com.br\/noticias\/minerva-beef3-nega-rumores-e-diz-que-nao-pretende-fechar-capital\/\">Minerva (BEEF3) nega rumores e diz que n\u00e3o pretende fechar capital<\/a><\/li><li><a href=\"https:\/\/www.suno.com.br\/noticias\/minerva-beef3-balanco-2t21\/\">Minerva (BEEF3) registra lucro l\u00edquido de R$ 116,7 mi no 2T21, queda de 54%<\/a><\/li>\t\t<\/ul>\n\t<\/div>\n\n\n<p>A Minerva comenta ainda que &#8220;os boatos identificados envolvem interpreta\u00e7\u00f5es de falas do Sr. Edison retiradas de contexto, ignorando o car\u00e1ter hipot\u00e9tico das declara\u00e7\u00f5es, que n\u00e3o se referiram a opera\u00e7\u00f5es em concreto. Tanto que, nos termos do Comunicado de 11 de agosto de 2021, a companhia esclareceu que n\u00e3o pretende realizar o <strong>cancelamento de registro<\/strong> como companhia aberta.&#8221;<\/p>\n\t<p>\n\t\t<a href=\"\" target=\"_blank\" data-element=\"shortcode-suno-banner\" title=\"Banner SUNO, clique e saiba mais\">\n\t\t\t<picture>\n\t\t\t\t<source media=\"(max-width: 500px)\" srcset=\"\">\n\t\t\t\t<img class=\"newsContent__article__imgCapa newsContent__article__imgCapa--banner\"\n\t\t\t\t\tsrc=\"\"\n\t\t\t\t\tdata-promo-id=\"89005\"\t\t\t\t\t\t\t\t\t\t\t\t\t\t\talt=\"\"\n\t\t\t\t>\n\t\t\t<\/picture>\n\t\t<\/a>\n\t<\/p>\n\n\n<p>Em seguida, a empresa traz a informa\u00e7\u00e3o nova sobre a opera\u00e7\u00e3o de OPA: &#8220;A companhia e seu acionista controlador reiteram que pelo per\u00edodo de ao menos seis meses n\u00e3o pretendem realizar oferta p\u00fablica para aquisi\u00e7\u00e3o de a\u00e7\u00f5es para cancelamento de registro.&#8221;<\/p>\n<h2>Minerva confirmou declara\u00e7\u00f5es de seu diretor de RI<\/h2>\n<p>Mais cedo. ao ser procurada pelo <strong>Suno<\/strong> Not\u00edcias, a Minerva confirmou as declara\u00e7\u00f5es do diretor de RI. Veja a \u00edntegra do posicionamento da empresa:<\/p>\n<p><em>&#8220;Com rela\u00e7\u00e3o aos rumores de mercado verificados sobre um poss\u00edvel fechamento de capital da Minerva Foods, a Companhia refor\u00e7a que os esclarecimentos pertinentes j\u00e1 foram prestados por meio do comunicado ao mercado divulgado em 11 de agosto de 2021, quando n\u00e3o apenas salientou que n\u00e3o h\u00e1 qualquer informa\u00e7\u00e3o pass\u00edvel de divulga\u00e7\u00e3o sobre os rumores, como frisou que a empresa n\u00e3o pretende realizar esse movimento.<\/em><\/p>\n<p><em>Quanto aos coment\u00e1rios feitos durante live no perfil do Instagram @cafecomferri, por sua vez, a Minerva Foods esclarece que o CFO e DRI da Companhia, Edison Ticle, n\u00e3o participou do evento como apresentador tampouco como representante da Companhia. O executivo, na qualidade de assinante do TC, estava assistindo ao evento, quando, questionado, de forma espont\u00e2nea e n\u00e3o esperada, sobre eventuais planos da Minerva com o caixa excedente que vem sendo gerado, procurou esclarecer que, em cen\u00e1rios dessa natureza, a Companhia, como era de se esperar, pode avaliar todas as alternativas, que passam por\u00a0<a class=\"suno-keyword\" href=\"https:\/\/www.suno.com.br\/artigos\/dividendos\/\" target=\"_blank\" rel=\"noopener noreferrer\" data-force=\"no\" data-priority=\"2\">distribui\u00e7\u00e3o de dividendos<\/a>, recompra, aquisi\u00e7\u00f5es, investimento em CAPEX e, at\u00e9 mesmo, um eventual fechamento de capital.<\/em><\/p>\n<p><em>Cabe ressaltar que, pelo contexto e circunst\u00e2ncias, a resposta foi dada em tese e jamais na qualidade de representante da Minerva. Qualquer leitura descontextualizada e diferente deste posicionamento, distorcer\u00e1 o verdadeiro entendimento dos fatos.<\/em><\/p>\n<p><em>Tanto que no \u00e2mbito de not\u00edcia veiculada com especula\u00e7\u00f5es sobre o assunto (que inclusive deixava claro que o tema n\u00e3o chegara na administra\u00e7\u00e3o da Minerva), o pr\u00f3prio Edison comentou que n\u00e3o haveria essa inten\u00e7\u00e3o por parte da Companhia \u2013 o que foi corroborado oportunamente por meio do comunicado ao mercado, que esclareceu oficialmente a quest\u00e3o.<\/em><\/p>\n<p><em><strong>Minerva<\/strong>\u00a0Foods\u201d<\/em><\/p>\n\t<p>\n\t\t<a href=\"\" target=\"_blank\" data-element=\"shortcode-suno-banner\" title=\"Banner SUNO, clique e saiba mais\">\n\t\t\t<picture>\n\t\t\t\t<source media=\"(max-width: 500px)\" srcset=\"\">\n\t\t\t\t<img class=\"newsContent__article__imgCapa newsContent__article__imgCapa--banner\"\n\t\t\t\t\tsrc=\"\"\n\t\t\t\t\tdata-promo-id=\"77053\"\t\t\t\t\t\t\t\t\t\t\t\t\t\t\talt=\"\"\n\t\t\t\t>\n\t\t\t<\/picture>\n\t\t<\/a>\n\t<\/p>\n\n\n<p>&nbsp;<\/p>\n","protected":false},"excerpt":{"rendered":"<p>A Minerva\u00a0(BEEF3)) se pronunciou na tarde desta quinta (12) sobre as not\u00edcias de que estaria avaliando fechar seu capital. Reportagem do site Pipeline, do Valor Econ\u00f4mico, publicada ontem, dizia que essa possibilidade estava sendo analisada pelos controladores da companhia. Minerva (BEEF3) Foto: Reprodu\u00e7\u00e3o Facebook Em fato relevante, publicado hoje, no final da tarde, a Minerva [&hellip;]<\/p>\n","protected":false},"author":98,"featured_media":73284,"comment_status":"closed","ping_status":"closed","sticky":false,"template":"","format":"standard","meta":[],"categories":[64],"tags":[563],"suno_strategy":[],"class_list":["post-174857","post","type-post","status-publish","format-standard","has-post-thumbnail","hentry","category-negocios","tag-minerva-beef11-beef3"],"yoast_head":"<!-- This site is optimized with the Yoast SEO plugin v24.4 - https:\/\/yoast.com\/wordpress\/plugins\/seo\/ -->\n<title>Minerva (BEEF3) diz que n\u00e3o far\u00e1 OPA &quot;em ao menos 6 meses&quot;<\/title>\n<meta name=\"description\" content=\"A Minerva diz &quot;n\u00e3o pretender realizar oferta p\u00fablica para aquisi\u00e7\u00e3o de a\u00e7\u00f5es para cancelamento de registro.&quot;. Saiba mais sobre a Minerva\" \/>\n<meta name=\"robots\" content=\"index, follow, max-snippet:-1, max-image-preview:large, max-video-preview:-1\" \/>\n<link rel=\"canonical\" href=\"https:\/\/www.suno.com.br\/noticias\/minerva-beef3-opa-capital\/\" \/>\n<meta property=\"og:locale\" content=\"pt_BR\" \/>\n<meta property=\"og:type\" content=\"article\" \/>\n<meta property=\"og:title\" content=\"Minerva (BEEF3) diz que n\u00e3o far\u00e1 OPA &quot;em ao menos 6 meses&quot;\" \/>\n<meta property=\"og:description\" content=\"A Minerva diz &quot;n\u00e3o pretender realizar oferta p\u00fablica para aquisi\u00e7\u00e3o de a\u00e7\u00f5es para cancelamento de registro.&quot;. Saiba mais sobre a Minerva\" \/>\n<meta property=\"og:url\" content=\"https:\/\/www.suno.com.br\/noticias\/minerva-beef3-opa-capital\/\" \/>\n<meta property=\"og:site_name\" content=\"Suno Not\u00edcias\" \/>\n<meta property=\"article:publisher\" content=\"https:\/\/facebook.com\/sunoresearch\" \/>\n<meta property=\"og:image\" content=\"https:\/\/files.sunoresearch.com.br\/n\/uploads\/2020\/07\/315b6261-whatsapp-image-2020-07-15-at-15.30.23.jpeg\" \/>\n\t<meta property=\"og:image:width\" content=\"1280\" \/>\n\t<meta property=\"og:image:height\" content=\"853\" \/>\n\t<meta property=\"og:image:type\" content=\"image\/jpeg\" \/>\n<meta name=\"author\" content=\"Marco Ant\u00f4nio Lopes\" \/>\n<meta name=\"twitter:card\" content=\"summary_large_image\" \/>\n<meta name=\"twitter:creator\" content=\"@sunoresearch\" \/>\n<meta name=\"twitter:site\" content=\"@sunoresearch\" \/>\n<meta name=\"twitter:label1\" content=\"Escrito por\" \/>\n\t<meta name=\"twitter:data1\" content=\"Marco Ant\u00f4nio Lopes\" \/>\n\t<meta name=\"twitter:label2\" content=\"Est. tempo de leitura\" \/>\n\t<meta name=\"twitter:data2\" content=\"4 minutos\" \/>\n<script type=\"application\/ld+json\" class=\"yoast-schema-graph\">{\"@context\":\"https:\/\/schema.org\",\"@graph\":[{\"@type\":\"NewsArticle\",\"@id\":\"https:\/\/www.suno.com.br\/noticias\/minerva-beef3-opa-capital\/#article\",\"isPartOf\":{\"@id\":\"https:\/\/www.suno.com.br\/noticias\/minerva-beef3-opa-capital\/\"},\"author\":{\"name\":\"Marco Ant\u00f4nio Lopes\",\"@id\":\"https:\/\/www.suno.com.br\/noticias\/#\/schema\/person\/829bbe8d57f84333b966b96229c6bf5f\"},\"headline\":\"Minerva (BEEF3) diz que se compromete a n\u00e3o fazer OPA &#8220;pelo per\u00edodo de ao menos 6 meses&#8221;\",\"datePublished\":\"2021-08-12T21:20:32+00:00\",\"dateModified\":\"2021-08-13T06:00:48+00:00\",\"mainEntityOfPage\":{\"@id\":\"https:\/\/www.suno.com.br\/noticias\/minerva-beef3-opa-capital\/\"},\"wordCount\":788,\"publisher\":{\"@id\":\"https:\/\/www.suno.com.br\/noticias\/#organization\"},\"image\":{\"@id\":\"https:\/\/www.suno.com.br\/noticias\/minerva-beef3-opa-capital\/#primaryimage\"},\"thumbnailUrl\":\"https:\/\/files.sunoresearch.com.br\/n\/uploads\/2020\/07\/315b6261-whatsapp-image-2020-07-15-at-15.30.23-jpeg.webp\",\"keywords\":[\"Minerva (BEEF11\/BEEF3)\"],\"articleSection\":[\"Neg\u00f3cios\"],\"inLanguage\":\"pt-BR\"},{\"@type\":\"WebPage\",\"@id\":\"https:\/\/www.suno.com.br\/noticias\/minerva-beef3-opa-capital\/\",\"url\":\"https:\/\/www.suno.com.br\/noticias\/minerva-beef3-opa-capital\/\",\"name\":\"Minerva (BEEF3) diz que n\u00e3o far\u00e1 OPA \\\"em ao menos 6 meses\\\"\",\"isPartOf\":{\"@id\":\"https:\/\/www.suno.com.br\/noticias\/#website\"},\"primaryImageOfPage\":{\"@id\":\"https:\/\/www.suno.com.br\/noticias\/minerva-beef3-opa-capital\/#primaryimage\"},\"image\":{\"@id\":\"https:\/\/www.suno.com.br\/noticias\/minerva-beef3-opa-capital\/#primaryimage\"},\"thumbnailUrl\":\"https:\/\/files.sunoresearch.com.br\/n\/uploads\/2020\/07\/315b6261-whatsapp-image-2020-07-15-at-15.30.23-jpeg.webp\",\"datePublished\":\"2021-08-12T21:20:32+00:00\",\"dateModified\":\"2021-08-13T06:00:48+00:00\",\"description\":\"A Minerva diz \\\"n\u00e3o pretender realizar oferta p\u00fablica para aquisi\u00e7\u00e3o de a\u00e7\u00f5es para cancelamento de registro.\\\". Saiba mais sobre a Minerva\",\"breadcrumb\":{\"@id\":\"https:\/\/www.suno.com.br\/noticias\/minerva-beef3-opa-capital\/#breadcrumb\"},\"inLanguage\":\"pt-BR\",\"potentialAction\":[{\"@type\":\"ReadAction\",\"target\":[\"https:\/\/www.suno.com.br\/noticias\/minerva-beef3-opa-capital\/\"]}]},{\"@type\":\"ImageObject\",\"inLanguage\":\"pt-BR\",\"@id\":\"https:\/\/www.suno.com.br\/noticias\/minerva-beef3-opa-capital\/#primaryimage\",\"url\":\"https:\/\/files.sunoresearch.com.br\/n\/uploads\/2020\/07\/315b6261-whatsapp-image-2020-07-15-at-15.30.23-jpeg.webp\",\"contentUrl\":\"https:\/\/files.sunoresearch.com.br\/n\/uploads\/2020\/07\/315b6261-whatsapp-image-2020-07-15-at-15.30.23-jpeg.webp\",\"width\":1280,\"height\":853,\"caption\":\"Minerva volta a negar fechamento de capital. Foto: Divulga\u00e7\u00e3o\"},{\"@type\":\"BreadcrumbList\",\"@id\":\"https:\/\/www.suno.com.br\/noticias\/minerva-beef3-opa-capital\/#breadcrumb\",\"itemListElement\":[{\"@type\":\"ListItem\",\"position\":1,\"name\":\"Not\u00edcias\",\"item\":\"https:\/\/www.suno.com.br\/noticias\/\"},{\"@type\":\"ListItem\",\"position\":2,\"name\":\"Neg\u00f3cios\",\"item\":\"https:\/\/www.suno.com.br\/noticias\/negocios\/\"},{\"@type\":\"ListItem\",\"position\":3,\"name\":\"Minerva (BEEF3) diz que se compromete a n\u00e3o fazer OPA &#8220;pelo per\u00edodo de ao menos 6 meses&#8221;\"}]},{\"@type\":\"WebSite\",\"@id\":\"https:\/\/www.suno.com.br\/noticias\/#website\",\"url\":\"https:\/\/www.suno.com.br\/noticias\/\",\"name\":\"Suno Not\u00edcias\",\"description\":\"Seu portal de informa\u00e7\u00e3o sobre o mundo dos investimentos\",\"publisher\":{\"@id\":\"https:\/\/www.suno.com.br\/noticias\/#organization\"},\"potentialAction\":[{\"@type\":\"SearchAction\",\"target\":{\"@type\":\"EntryPoint\",\"urlTemplate\":\"https:\/\/www.suno.com.br\/noticias\/?s={search_term_string}\"},\"query-input\":{\"@type\":\"PropertyValueSpecification\",\"valueRequired\":true,\"valueName\":\"search_term_string\"}}],\"inLanguage\":\"pt-BR\"},{\"@type\":\"Organization\",\"@id\":\"https:\/\/www.suno.com.br\/noticias\/#organization\",\"name\":\"Suno Not\u00edcias\",\"url\":\"https:\/\/www.suno.com.br\/noticias\/\",\"logo\":{\"@type\":\"ImageObject\",\"inLanguage\":\"pt-BR\",\"@id\":\"https:\/\/www.suno.com.br\/noticias\/#\/schema\/logo\/image\/\",\"url\":\"https:\/\/files.sunoresearch.com.br\/n\/uploads\/2021\/09\/suno-logo.png\",\"contentUrl\":\"https:\/\/files.sunoresearch.com.br\/n\/uploads\/2021\/09\/suno-logo.png\",\"width\":180,\"height\":180,\"caption\":\"Suno Not\u00edcias\"},\"image\":{\"@id\":\"https:\/\/www.suno.com.br\/noticias\/#\/schema\/logo\/image\/\"},\"sameAs\":[\"https:\/\/facebook.com\/sunoresearch\",\"https:\/\/x.com\/sunoresearch\",\"https:\/\/www.instagram.com\/suno\",\"https:\/\/www.linkedin.com\/company\/suno-research\/\",\"https:\/\/www.youtube.com\/c\/sunoresearch\"]},{\"@type\":\"Person\",\"@id\":\"https:\/\/www.suno.com.br\/noticias\/#\/schema\/person\/829bbe8d57f84333b966b96229c6bf5f\",\"name\":\"Marco Ant\u00f4nio Lopes\",\"image\":{\"@type\":\"ImageObject\",\"inLanguage\":\"pt-BR\",\"@id\":\"https:\/\/www.suno.com.br\/noticias\/#\/schema\/person\/image\/\",\"url\":\"https:\/\/secure.gravatar.com\/avatar\/385167b012fbc1cde32c5446ee253313?s=96&r=g\",\"contentUrl\":\"https:\/\/secure.gravatar.com\/avatar\/385167b012fbc1cde32c5446ee253313?s=96&r=g\",\"caption\":\"Marco Ant\u00f4nio Lopes\"},\"description\":\"Jornalista, \u00e9 editor no Suno Not\u00edcias. Trabalhou nas revistas Playboy, Super, Veja Comer &amp; Beber, Homem Vogue e Universo Masculino, al\u00e9m dos portais Abril.com, R7, nas editorias de Home, Esportes, Hora 7, Entretenimento e Geral, e Eu Quero Investir. Autor do livro Bruce Lee: Definitivo (Editora Conrad). Colaborou nas revistas Nova, Veja SP, Grandes Guerras, Placar, Bizz, Casa Claudia e Quatro Rodas.\",\"url\":\"https:\/\/www.suno.com.br\/noticias\/author\/marco-lopes\/\"}]}<\/script>\n<!-- \/ Yoast SEO plugin. -->","yoast_head_json":{"title":"Minerva (BEEF3) diz que n\u00e3o far\u00e1 OPA \"em ao menos 6 meses\"","description":"A Minerva diz \"n\u00e3o pretender realizar oferta p\u00fablica para aquisi\u00e7\u00e3o de a\u00e7\u00f5es para cancelamento de registro.\". Saiba mais sobre a Minerva","robots":{"index":"index","follow":"follow","max-snippet":"max-snippet:-1","max-image-preview":"max-image-preview:large","max-video-preview":"max-video-preview:-1"},"canonical":"https:\/\/www.suno.com.br\/noticias\/minerva-beef3-opa-capital\/","og_locale":"pt_BR","og_type":"article","og_title":"Minerva (BEEF3) diz que n\u00e3o far\u00e1 OPA \"em ao menos 6 meses\"","og_description":"A Minerva diz \"n\u00e3o pretender realizar oferta p\u00fablica para aquisi\u00e7\u00e3o de a\u00e7\u00f5es para cancelamento de registro.\". Saiba mais sobre a Minerva","og_url":"https:\/\/www.suno.com.br\/noticias\/minerva-beef3-opa-capital\/","og_site_name":"Suno Not\u00edcias","article_publisher":"https:\/\/facebook.com\/sunoresearch","og_image":[{"width":1280,"height":853,"url":"https:\/\/files.sunoresearch.com.br\/n\/uploads\/2020\/07\/315b6261-whatsapp-image-2020-07-15-at-15.30.23.jpeg","type":"image\/jpeg"}],"author":"Marco Ant\u00f4nio Lopes","twitter_card":"summary_large_image","twitter_creator":"@sunoresearch","twitter_site":"@sunoresearch","twitter_misc":{"Escrito por":"Marco Ant\u00f4nio Lopes","Est. tempo de leitura":"4 minutos"},"schema":{"@context":"https:\/\/schema.org","@graph":[{"@type":"NewsArticle","@id":"https:\/\/www.suno.com.br\/noticias\/minerva-beef3-opa-capital\/#article","isPartOf":{"@id":"https:\/\/www.suno.com.br\/noticias\/minerva-beef3-opa-capital\/"},"author":{"name":"Marco Ant\u00f4nio Lopes","@id":"https:\/\/www.suno.com.br\/noticias\/#\/schema\/person\/829bbe8d57f84333b966b96229c6bf5f"},"headline":"Minerva (BEEF3) diz que se compromete a n\u00e3o fazer OPA &#8220;pelo per\u00edodo de ao menos 6 meses&#8221;","datePublished":"2021-08-12T21:20:32+00:00","dateModified":"2021-08-13T06:00:48+00:00","mainEntityOfPage":{"@id":"https:\/\/www.suno.com.br\/noticias\/minerva-beef3-opa-capital\/"},"wordCount":788,"publisher":{"@id":"https:\/\/www.suno.com.br\/noticias\/#organization"},"image":{"@id":"https:\/\/www.suno.com.br\/noticias\/minerva-beef3-opa-capital\/#primaryimage"},"thumbnailUrl":"https:\/\/files.sunoresearch.com.br\/n\/uploads\/2020\/07\/315b6261-whatsapp-image-2020-07-15-at-15.30.23-jpeg.webp","keywords":["Minerva (BEEF11\/BEEF3)"],"articleSection":["Neg\u00f3cios"],"inLanguage":"pt-BR"},{"@type":"WebPage","@id":"https:\/\/www.suno.com.br\/noticias\/minerva-beef3-opa-capital\/","url":"https:\/\/www.suno.com.br\/noticias\/minerva-beef3-opa-capital\/","name":"Minerva (BEEF3) diz que n\u00e3o far\u00e1 OPA \"em ao menos 6 meses\"","isPartOf":{"@id":"https:\/\/www.suno.com.br\/noticias\/#website"},"primaryImageOfPage":{"@id":"https:\/\/www.suno.com.br\/noticias\/minerva-beef3-opa-capital\/#primaryimage"},"image":{"@id":"https:\/\/www.suno.com.br\/noticias\/minerva-beef3-opa-capital\/#primaryimage"},"thumbnailUrl":"https:\/\/files.sunoresearch.com.br\/n\/uploads\/2020\/07\/315b6261-whatsapp-image-2020-07-15-at-15.30.23-jpeg.webp","datePublished":"2021-08-12T21:20:32+00:00","dateModified":"2021-08-13T06:00:48+00:00","description":"A Minerva diz \"n\u00e3o pretender realizar oferta p\u00fablica para aquisi\u00e7\u00e3o de a\u00e7\u00f5es para cancelamento de registro.\". Saiba mais sobre a Minerva","breadcrumb":{"@id":"https:\/\/www.suno.com.br\/noticias\/minerva-beef3-opa-capital\/#breadcrumb"},"inLanguage":"pt-BR","potentialAction":[{"@type":"ReadAction","target":["https:\/\/www.suno.com.br\/noticias\/minerva-beef3-opa-capital\/"]}]},{"@type":"ImageObject","inLanguage":"pt-BR","@id":"https:\/\/www.suno.com.br\/noticias\/minerva-beef3-opa-capital\/#primaryimage","url":"https:\/\/files.sunoresearch.com.br\/n\/uploads\/2020\/07\/315b6261-whatsapp-image-2020-07-15-at-15.30.23-jpeg.webp","contentUrl":"https:\/\/files.sunoresearch.com.br\/n\/uploads\/2020\/07\/315b6261-whatsapp-image-2020-07-15-at-15.30.23-jpeg.webp","width":1280,"height":853,"caption":"Minerva volta a negar fechamento de capital. Foto: Divulga\u00e7\u00e3o"},{"@type":"BreadcrumbList","@id":"https:\/\/www.suno.com.br\/noticias\/minerva-beef3-opa-capital\/#breadcrumb","itemListElement":[{"@type":"ListItem","position":1,"name":"Not\u00edcias","item":"https:\/\/www.suno.com.br\/noticias\/"},{"@type":"ListItem","position":2,"name":"Neg\u00f3cios","item":"https:\/\/www.suno.com.br\/noticias\/negocios\/"},{"@type":"ListItem","position":3,"name":"Minerva (BEEF3) diz que se compromete a n\u00e3o fazer OPA &#8220;pelo per\u00edodo de ao menos 6 meses&#8221;"}]},{"@type":"WebSite","@id":"https:\/\/www.suno.com.br\/noticias\/#website","url":"https:\/\/www.suno.com.br\/noticias\/","name":"Suno Not\u00edcias","description":"Seu portal de informa\u00e7\u00e3o sobre o mundo dos investimentos","publisher":{"@id":"https:\/\/www.suno.com.br\/noticias\/#organization"},"potentialAction":[{"@type":"SearchAction","target":{"@type":"EntryPoint","urlTemplate":"https:\/\/www.suno.com.br\/noticias\/?s={search_term_string}"},"query-input":{"@type":"PropertyValueSpecification","valueRequired":true,"valueName":"search_term_string"}}],"inLanguage":"pt-BR"},{"@type":"Organization","@id":"https:\/\/www.suno.com.br\/noticias\/#organization","name":"Suno Not\u00edcias","url":"https:\/\/www.suno.com.br\/noticias\/","logo":{"@type":"ImageObject","inLanguage":"pt-BR","@id":"https:\/\/www.suno.com.br\/noticias\/#\/schema\/logo\/image\/","url":"https:\/\/files.sunoresearch.com.br\/n\/uploads\/2021\/09\/suno-logo.png","contentUrl":"https:\/\/files.sunoresearch.com.br\/n\/uploads\/2021\/09\/suno-logo.png","width":180,"height":180,"caption":"Suno Not\u00edcias"},"image":{"@id":"https:\/\/www.suno.com.br\/noticias\/#\/schema\/logo\/image\/"},"sameAs":["https:\/\/facebook.com\/sunoresearch","https:\/\/x.com\/sunoresearch","https:\/\/www.instagram.com\/suno","https:\/\/www.linkedin.com\/company\/suno-research\/","https:\/\/www.youtube.com\/c\/sunoresearch"]},{"@type":"Person","@id":"https:\/\/www.suno.com.br\/noticias\/#\/schema\/person\/829bbe8d57f84333b966b96229c6bf5f","name":"Marco Ant\u00f4nio Lopes","image":{"@type":"ImageObject","inLanguage":"pt-BR","@id":"https:\/\/www.suno.com.br\/noticias\/#\/schema\/person\/image\/","url":"https:\/\/secure.gravatar.com\/avatar\/385167b012fbc1cde32c5446ee253313?s=96&r=g","contentUrl":"https:\/\/secure.gravatar.com\/avatar\/385167b012fbc1cde32c5446ee253313?s=96&r=g","caption":"Marco Ant\u00f4nio Lopes"},"description":"Jornalista, \u00e9 editor no Suno Not\u00edcias. Trabalhou nas revistas Playboy, Super, Veja Comer &amp; Beber, Homem Vogue e Universo Masculino, al\u00e9m dos portais Abril.com, R7, nas editorias de Home, Esportes, Hora 7, Entretenimento e Geral, e Eu Quero Investir. Autor do livro Bruce Lee: Definitivo (Editora Conrad). Colaborou nas revistas Nova, Veja SP, Grandes Guerras, Placar, Bizz, Casa Claudia e Quatro Rodas.","url":"https:\/\/www.suno.com.br\/noticias\/author\/marco-lopes\/"}]}},"default_loop_html":"<div class=\"cardsPage__listCard__boxs\"><div class=\"cardsPage__listCard__boxs__img\"><a href=\"https:\/\/www.suno.com.br\/noticias\/minerva-beef3-balanco-2t21\/\"><img class=\"mask\" src=\"https:\/\/www.suno.com.br\/noticias\/wp-content\/themes\/suno\/resources\/images\/spotlight\/spotlight1img\/bg-mask.png\" alt=\"Image Mask\"\/><img src=\"https:\/\/files.sunoresearch.com.br\/n\/uploads\/2021\/06\/3c0ef391-minerva-e1623847534431-400x200.webp\" alt=\"Minerva (BEEF3) registra lucro l\u00edquido de R$ 116,7 mi no 2T21, queda de 54%\"\/><\/a><span class=\"spotlightCategory\"><a href=\"https:\/\/www.suno.com.br\/noticias\/negocios\/\">Neg\u00f3cios<\/a><\/span><\/div><div class=\"cardsPage__listCard__boxs__content\"><a href=\"https:\/\/www.suno.com.br\/noticias\/minerva-beef3-balanco-2t21\/\"><h2 class=\"content__title\">Minerva (BEEF3) registra lucro l\u00edquido de R$ 116,7 mi no 2T21, queda de 54%<\/h2><\/a><div class=\"newsContent__article__meta\"><div class=\"newsContent__article__meta__authorBox\"><a href=\"https:\/\/www.suno.com.br\/noticias\/author\/laura-moutinho\/\" class=\"authorBox__avatar noMobi\"><img src=\"https:\/\/files.sunoresearch.com.br\/n\/uploads\/2020\/08\/531ff69d-whatsapp-image-2020-08-03-at-14.54.38-150x150.webp\" alt=\"Laura Moutinho\"><\/a><div class=\"authorBox__name\"><span>por\n\t\t\t<a href=\"https:\/\/www.suno.com.br\/noticias\/author\/laura-moutinho\/\"><span itemprop=\"author\">Laura Moutinho<\/span><\/a><\/span><time datetime=\"2021-08-09T20:32:29-03:00\" itemprop=\"datePublished\">09\/08\/2021 20:32<\/time><\/div><\/div><\/div><\/div><\/div>","single_layout":"posts","amp_enabled":true,"_links":{"self":[{"href":"https:\/\/www.suno.com.br\/noticias\/wp-json\/wp\/v2\/posts\/174857"}],"collection":[{"href":"https:\/\/www.suno.com.br\/noticias\/wp-json\/wp\/v2\/posts"}],"about":[{"href":"https:\/\/www.suno.com.br\/noticias\/wp-json\/wp\/v2\/types\/post"}],"author":[{"embeddable":true,"href":"https:\/\/www.suno.com.br\/noticias\/wp-json\/wp\/v2\/users\/98"}],"replies":[{"embeddable":true,"href":"https:\/\/www.suno.com.br\/noticias\/wp-json\/wp\/v2\/comments?post=174857"}],"version-history":[{"count":3,"href":"https:\/\/www.suno.com.br\/noticias\/wp-json\/wp\/v2\/posts\/174857\/revisions"}],"predecessor-version":[{"id":175013,"href":"https:\/\/www.suno.com.br\/noticias\/wp-json\/wp\/v2\/posts\/174857\/revisions\/175013"}],"wp:featuredmedia":[{"embeddable":true,"href":"https:\/\/www.suno.com.br\/noticias\/wp-json\/wp\/v2\/media\/73284"}],"wp:attachment":[{"href":"https:\/\/www.suno.com.br\/noticias\/wp-json\/wp\/v2\/media?parent=174857"}],"wp:term":[{"taxonomy":"category","embeddable":true,"href":"https:\/\/www.suno.com.br\/noticias\/wp-json\/wp\/v2\/categories?post=174857"},{"taxonomy":"post_tag","embeddable":true,"href":"https:\/\/www.suno.com.br\/noticias\/wp-json\/wp\/v2\/tags?post=174857"},{"taxonomy":"suno_strategy","embeddable":true,"href":"https:\/\/www.suno.com.br\/noticias\/wp-json\/wp\/v2\/suno_strategy?post=174857"}],"curies":[{"name":"wp","href":"https:\/\/api.w.org\/{rel}","templated":true}]}}