{"id":174578,"date":"2021-08-12T08:35:32","date_gmt":"2021-08-12T11:35:32","guid":{"rendered":"https:\/\/www.suno.com.br\/noticias\/?p=174578"},"modified":"2021-08-12T08:35:32","modified_gmt":"2021-08-12T11:35:32","slug":"kora-saude-krsa3-precifica-acao-ipo","status":"publish","type":"post","link":"https:\/\/www.suno.com.br\/noticias\/kora-saude-krsa3-precifica-acao-ipo\/","title":{"rendered":"Kora Sa\u00fade (KRSA3) precifica a\u00e7\u00e3o no piso e IPO movimenta R$ 769,6 milh\u00f5es"},"content":{"rendered":"<p>A <strong>Kora Sa\u00fade<\/strong> (KRSA3) precificou a sua oferta p\u00fablica inicial de a\u00e7\u00f5es (IPO, em ingl\u00eas) em R$ 7,20 por a\u00e7\u00e3o, no piso da faixa indicativa que ia at\u00e9 R$ 9,96. Com isso, a oferta restrita, ou seja, destinada apenas para os investidores profissionais, movimentou R$ 769,6 milh\u00f5es.<\/p>\t<div class=\"wrapper-featured-image\">\n\t\t<figure class=\"spotlightImg\">\n\n\t\t\t<picture>\n\t\t\t\t<source media=\"(max-width: 768px)\" srcset=\"https:\/\/files.sunoresearch.com.br\/n\/uploads\/2021\/04\/705341f0-foto5-e1619570166315-400x200.webp\">\n\t\t\t\t<img loading=\"lazy\" decoding=\"async\" class=\"newsContent__article__imgCapa lazyloadDisabled \" src=\"https:\/\/files.sunoresearch.com.br\/n\/uploads\/2021\/04\/705341f0-foto5-e1619570166315-800x450.webp\" width=\"800\" height=\"450\" alt=\"Kora Sa\u00fade (KRSA3) precifica a\u00e7\u00e3o no piso e IPO movimenta R$ 769,6 milh\u00f5es\" fetchpriority=high \/>\n\t\t\t<\/picture>\n\n\t\t\t<figcaption class=\"wp-caption-text wp-caption-text--show\">Kora avan\u00e7a com mais aquisi\u00e7\u00f5es e expande cobertura - Foto: Reprodu\u00e7\u00e3o\/Site<\/figcaption>\n\t\t<\/figure>\n\t<\/div>\n\n\n\t<p>\n\t\t<a href=\"https:\/\/lp.suno.com.br\/planilha-controle-gastos\/\" target=\"_blank\" data-element=\"shortcode-suno-banner\" title=\"Banner SUNO, clique e saiba mais\">\n\t\t\t<picture>\n\t\t\t\t<source media=\"(max-width: 500px)\" srcset=\"https:\/\/files.sunoresearch.com.br\/n\/uploads\/2023\/03\/400x300-Planilha-controle-de-gastos.png\">\n\t\t\t\t<img class=\"newsContent__article__imgCapa newsContent__article__imgCapa--banner\"\n\t\t\t\t\tsrc=\"https:\/\/files.sunoresearch.com.br\/n\/uploads\/2023\/03\/1420x240-Planilha-controle-de-gastos.png\"\n\t\t\t\t\tdata-promo-id=\"101751\"\t\t\t\t\t\t\t\t\t\twidth='1420' height='240'\t\t\t\t\talt=\"https:\/\/files.sunoresearch.com.br\/n\/uploads\/2023\/03\/1420x240-Planilha-controle-de-gastos.png\"\n\t\t\t\t>\n\t\t\t<\/picture>\n\t\t<\/a>\n\t<\/p>\n\n\n<p>A<strong> estreia da Kora Sa\u00fade na B3<\/strong> ocorrer\u00e1 no segmento Novo Mercado, no dia 13 de agosto deste ano. O<strong> IPO da Kora<\/strong> aconteceu sob a coordena\u00e7\u00e3o do l\u00edder <a href=\"https:\/\/www.suno.com.br\/acoes\/itub4\/\">Banco Ita\u00fa BBA (ITUB4)<\/a>,\u00a0<a href=\"https:\/\/www.suno.com.br\/acoes\/bbdc4\/\">Banco Bradesco BBI (BBDC4)<\/a>, XP Investimentos, Banco\u00a0<a class=\"suno-keyword\" href=\"https:\/\/www.suno.com.br\/acoes\/SANB11\/\" target=\"_blank\" rel=\"noopener noreferrer\" data-force=\"yes\" data-priority=\"2\">Santander (SANB11)<\/a>, Banco J.P. Morgan, Banco Safra e do UBS Brasil.<\/p>\n<p>A companhia pretende utilizar os recursos l\u00edquidos provenientes da <strong>oferta prim\u00e1ria<\/strong> para:<\/p>\n<ul>\n<li>expans\u00e3o inorg\u00e2nica atrav\u00e9s de aquisi\u00e7\u00e3o de ativos (incluindo o pagamento de parcela do pre\u00e7o de aquisi\u00e7\u00e3o do Hospital Anchieta);<\/li>\n<li>amplia\u00e7\u00e3o dos ativos j\u00e1 existentes;<\/li>\n<li>inaugura\u00e7\u00e3o de novos hospitais;<\/li>\n<li>expans\u00e3o de outros segmentos hospitalares (oncologia, imagem, diagn\u00f3stico).<\/li>\n<\/ul>\n<p>\u00c9 v\u00e1lido lembrar que no in\u00edcio do ano, a Kora Sa\u00fade havia interrompido o processo de <strong>IPO<\/strong> &#8220;em raz\u00e3o da atual conjuntura dos mercados financeiro e de capitais.&#8221;<\/p>\n<h2>Sobre Kora Sa\u00fade<\/h2>\n<p>A Kora Sa\u00fade \u00e9 uma<strong> rede independente de hospitais privados<\/strong> no Brasil. Em 2020, a companhia possu\u00eda 11 hospitais pr\u00f3prios, somando 1.272 leitos, dos quais 293 de Unidade de Tratamento Intensivo (UTI). As unidades est\u00e3o espalhadas pelos Estados do Esp\u00edrito Santo, do Mato Grosso e do Tocantins, al\u00e9m do Distrito Federal.<\/p>\n<p>O grupo tamb\u00e9m fornece servi\u00e7os de oncologia ambulatorial, bem como apoio diagn\u00f3stico a pacientes particulares ou atrav\u00e9s de empresas conveniadas, companhias seguradoras, entidades de assist\u00eancia m\u00e9dico-hospitalar e cooperativas de sa\u00fade.<\/p>\n\t<p>\n\t\t<a href=\"https:\/\/lp.suno.com.br\/planilha-da-vida-financeira\/\" target=\"_blank\" data-element=\"shortcode-suno-banner\" title=\"Banner SUNO, clique e saiba mais\">\n\t\t\t<picture>\n\t\t\t\t<source media=\"(max-width: 500px)\" srcset=\"https:\/\/files.sunoresearch.com.br\/n\/uploads\/2023\/04\/400x300-Planilha-vida-financeira-true.png\">\n\t\t\t\t<img class=\"newsContent__article__imgCapa newsContent__article__imgCapa--banner\"\n\t\t\t\t\tsrc=\"https:\/\/files.sunoresearch.com.br\/n\/uploads\/2023\/04\/1420x240-Planilha-vida-financeira-true.png\"\n\t\t\t\t\tdata-promo-id=\"106682\"\t\t\t\t\t\t\t\t\t\twidth='1420' height='240'\t\t\t\t\talt=\"https:\/\/files.sunoresearch.com.br\/n\/uploads\/2023\/04\/1420x240-Planilha-vida-financeira-true.png\"\n\t\t\t\t>\n\t\t\t<\/picture>\n\t\t<\/a>\n\t<\/p>\n\n\n<p>No acumulado de 2020, a <strong>Kora Sa\u00fade<\/strong> registrou um <a href=\"https:\/\/www.suno.com.br\/artigos\/lucro-liquido\/\">lucro l\u00edquido<\/a> de R$ 17,54 milh\u00f5es, revertendo preju\u00edzo de R$ 2,327 milh\u00f5es no ano anterior. O Ebitda (lucro antes de juros, impostos, <a class=\"suno-keyword\" href=\"https:\/\/www.suno.com.br\/artigos\/depreciacao-amortizacao\/\" target=\"_blank\" rel=\"noopener noreferrer\" data-force=\"no\" data-priority=\"1\">deprecia\u00e7\u00e3o e amortiza\u00e7\u00e3o<\/a>) cresceu de R$ 62,151 milh\u00f5es para R$ 107,123 milh\u00f5es na mesma compara\u00e7\u00e3o. A <a class=\"suno-keyword\" href=\"https:\/\/www.suno.com.br\/artigos\/o-que-receita-liquida\/\" target=\"_blank\" rel=\"noopener noreferrer\" data-force=\"no\" data-priority=\"1\">receita l\u00edquida<\/a> de contratos com clientes saiu de R$ 442,035 milh\u00f5es, em 2019, para R$ 612,287 milh\u00f5es no ano passado.<\/p>\n\t<p>\n\t\t<a href=\"https:\/\/lp.suno.com.br\/planilha-de-controle-de-investimentos\/\" target=\"_blank\" data-element=\"shortcode-suno-banner\" title=\"Banner SUNO, clique e saiba mais\">\n\t\t\t<picture>\n\t\t\t\t<source media=\"(max-width: 500px)\" srcset=\"https:\/\/files.sunoresearch.com.br\/n\/uploads\/2023\/03\/400x300-Controle-de-Investimentos.png\">\n\t\t\t\t<img class=\"newsContent__article__imgCapa newsContent__article__imgCapa--banner\"\n\t\t\t\t\tsrc=\"https:\/\/files.sunoresearch.com.br\/n\/uploads\/2023\/03\/1420x240-Controle-de-Investimentos.png\"\n\t\t\t\t\tdata-promo-id=\"75934\"\t\t\t\t\t\t\t\t\t\twidth='1420' height='240'\t\t\t\t\talt=\"https:\/\/files.sunoresearch.com.br\/n\/uploads\/2023\/03\/1420x240-Controle-de-Investimentos.png\"\n\t\t\t\t>\n\t\t\t<\/picture>\n\t\t<\/a>\n\t<\/p>\n\n\n","protected":false},"excerpt":{"rendered":"<p>A Kora Sa\u00fade (KRSA3) precificou a sua oferta p\u00fablica inicial de a\u00e7\u00f5es (IPO, em ingl\u00eas) em R$ 7,20 por a\u00e7\u00e3o, no piso da faixa indicativa que ia at\u00e9 R$ 9,96. Com isso, a oferta restrita, ou seja, destinada apenas para os investidores profissionais, movimentou R$ 769,6 milh\u00f5es. Kora avan\u00e7a com mais aquisi\u00e7\u00f5es e expande cobertura [&hellip;]<\/p>\n","protected":false},"author":15,"featured_media":142865,"comment_status":"closed","ping_status":"closed","sticky":false,"template":"","format":"standard","meta":[],"categories":[64],"tags":[319,105852],"suno_strategy":[],"class_list":["post-174578","post","type-post","status-publish","format-standard","has-post-thumbnail","hentry","category-negocios","tag-ipo-oferta-inicial-de-acoes","tag-kora-saude-krsa3"],"yoast_head":"<!-- This site is optimized with the Yoast SEO plugin v24.4 - https:\/\/yoast.com\/wordpress\/plugins\/seo\/ -->\n<title>Kora Sa\u00fade (KRSA3) precifica a\u00e7\u00e3o no piso e IPO movimenta R$ 769,6 mi<\/title>\n<meta name=\"description\" content=\"A Kora Sa\u00fade (KRSA3) precificou a seu IPO em R$ 7,20 por a\u00e7\u00e3o, no piso da faixa indicativa que ia at\u00e9 R$ 9,96. Para saber mais clique aqui\" \/>\n<meta name=\"robots\" content=\"index, follow, max-snippet:-1, max-image-preview:large, max-video-preview:-1\" \/>\n<link rel=\"canonical\" href=\"https:\/\/www.suno.com.br\/noticias\/kora-saude-krsa3-precifica-acao-ipo\/\" \/>\n<meta property=\"og:locale\" content=\"pt_BR\" \/>\n<meta property=\"og:type\" content=\"article\" \/>\n<meta property=\"og:title\" content=\"Kora Sa\u00fade (KRSA3) precifica a\u00e7\u00e3o no piso e IPO movimenta R$ 769,6 mi\" \/>\n<meta property=\"og:description\" content=\"A Kora Sa\u00fade (KRSA3) precificou a seu IPO em R$ 7,20 por a\u00e7\u00e3o, no piso da faixa indicativa que ia at\u00e9 R$ 9,96. Para saber mais clique aqui\" \/>\n<meta property=\"og:url\" content=\"https:\/\/www.suno.com.br\/noticias\/kora-saude-krsa3-precifica-acao-ipo\/\" \/>\n<meta property=\"og:site_name\" content=\"Suno Not\u00edcias\" \/>\n<meta property=\"article:publisher\" content=\"https:\/\/facebook.com\/sunoresearch\" \/>\n<meta property=\"og:image\" content=\"https:\/\/files.sunoresearch.com.br\/n\/uploads\/2021\/04\/705341f0-foto5-e1619570166315.jpg\" \/>\n\t<meta property=\"og:image:width\" content=\"1280\" \/>\n\t<meta property=\"og:image:height\" content=\"854\" \/>\n\t<meta property=\"og:image:type\" content=\"image\/jpeg\" \/>\n<meta name=\"author\" content=\"Poliana Santos\" \/>\n<meta name=\"twitter:card\" content=\"summary_large_image\" \/>\n<meta name=\"twitter:creator\" content=\"@sunoresearch\" \/>\n<meta name=\"twitter:site\" content=\"@sunoresearch\" \/>\n<meta name=\"twitter:label1\" content=\"Escrito por\" \/>\n\t<meta name=\"twitter:data1\" content=\"Poliana Santos\" \/>\n\t<meta name=\"twitter:label2\" content=\"Est. tempo de leitura\" \/>\n\t<meta name=\"twitter:data2\" content=\"2 minutos\" \/>\n<script type=\"application\/ld+json\" class=\"yoast-schema-graph\">{\"@context\":\"https:\/\/schema.org\",\"@graph\":[{\"@type\":\"NewsArticle\",\"@id\":\"https:\/\/www.suno.com.br\/noticias\/kora-saude-krsa3-precifica-acao-ipo\/#article\",\"isPartOf\":{\"@id\":\"https:\/\/www.suno.com.br\/noticias\/kora-saude-krsa3-precifica-acao-ipo\/\"},\"author\":{\"name\":\"Poliana Santos\",\"@id\":\"https:\/\/www.suno.com.br\/noticias\/#\/schema\/person\/02ec1f752758247878a2bf4abee1aeda\"},\"headline\":\"Kora Sa\u00fade (KRSA3) precifica a\u00e7\u00e3o no piso e IPO movimenta R$ 769,6 milh\u00f5es\",\"datePublished\":\"2021-08-12T11:35:32+00:00\",\"mainEntityOfPage\":{\"@id\":\"https:\/\/www.suno.com.br\/noticias\/kora-saude-krsa3-precifica-acao-ipo\/\"},\"wordCount\":384,\"publisher\":{\"@id\":\"https:\/\/www.suno.com.br\/noticias\/#organization\"},\"image\":{\"@id\":\"https:\/\/www.suno.com.br\/noticias\/kora-saude-krsa3-precifica-acao-ipo\/#primaryimage\"},\"thumbnailUrl\":\"https:\/\/files.sunoresearch.com.br\/n\/uploads\/2021\/04\/705341f0-foto5-e1619570166315-jpg.webp\",\"keywords\":[\"IPO (Oferta Inicial de A\u00e7\u00f5es)\",\"Kora Sa\u00fade (KRSA3)\"],\"articleSection\":[\"Neg\u00f3cios\"],\"inLanguage\":\"pt-BR\"},{\"@type\":\"WebPage\",\"@id\":\"https:\/\/www.suno.com.br\/noticias\/kora-saude-krsa3-precifica-acao-ipo\/\",\"url\":\"https:\/\/www.suno.com.br\/noticias\/kora-saude-krsa3-precifica-acao-ipo\/\",\"name\":\"Kora Sa\u00fade (KRSA3) precifica a\u00e7\u00e3o no piso e IPO movimenta R$ 769,6 mi\",\"isPartOf\":{\"@id\":\"https:\/\/www.suno.com.br\/noticias\/#website\"},\"primaryImageOfPage\":{\"@id\":\"https:\/\/www.suno.com.br\/noticias\/kora-saude-krsa3-precifica-acao-ipo\/#primaryimage\"},\"image\":{\"@id\":\"https:\/\/www.suno.com.br\/noticias\/kora-saude-krsa3-precifica-acao-ipo\/#primaryimage\"},\"thumbnailUrl\":\"https:\/\/files.sunoresearch.com.br\/n\/uploads\/2021\/04\/705341f0-foto5-e1619570166315-jpg.webp\",\"datePublished\":\"2021-08-12T11:35:32+00:00\",\"description\":\"A Kora Sa\u00fade (KRSA3) precificou a seu IPO em R$ 7,20 por a\u00e7\u00e3o, no piso da faixa indicativa que ia at\u00e9 R$ 9,96. Para saber mais clique aqui\",\"breadcrumb\":{\"@id\":\"https:\/\/www.suno.com.br\/noticias\/kora-saude-krsa3-precifica-acao-ipo\/#breadcrumb\"},\"inLanguage\":\"pt-BR\",\"potentialAction\":[{\"@type\":\"ReadAction\",\"target\":[\"https:\/\/www.suno.com.br\/noticias\/kora-saude-krsa3-precifica-acao-ipo\/\"]}]},{\"@type\":\"ImageObject\",\"inLanguage\":\"pt-BR\",\"@id\":\"https:\/\/www.suno.com.br\/noticias\/kora-saude-krsa3-precifica-acao-ipo\/#primaryimage\",\"url\":\"https:\/\/files.sunoresearch.com.br\/n\/uploads\/2021\/04\/705341f0-foto5-e1619570166315-jpg.webp\",\"contentUrl\":\"https:\/\/files.sunoresearch.com.br\/n\/uploads\/2021\/04\/705341f0-foto5-e1619570166315-jpg.webp\",\"width\":1280,\"height\":854,\"caption\":\"Kora avan\u00e7a com mais aquisi\u00e7\u00f5es e expande cobertura - Foto: Reprodu\u00e7\u00e3o\/Site\"},{\"@type\":\"BreadcrumbList\",\"@id\":\"https:\/\/www.suno.com.br\/noticias\/kora-saude-krsa3-precifica-acao-ipo\/#breadcrumb\",\"itemListElement\":[{\"@type\":\"ListItem\",\"position\":1,\"name\":\"Not\u00edcias\",\"item\":\"https:\/\/www.suno.com.br\/noticias\/\"},{\"@type\":\"ListItem\",\"position\":2,\"name\":\"Neg\u00f3cios\",\"item\":\"https:\/\/www.suno.com.br\/noticias\/negocios\/\"},{\"@type\":\"ListItem\",\"position\":3,\"name\":\"Kora Sa\u00fade (KRSA3) precifica a\u00e7\u00e3o no piso e IPO movimenta R$ 769,6 milh\u00f5es\"}]},{\"@type\":\"WebSite\",\"@id\":\"https:\/\/www.suno.com.br\/noticias\/#website\",\"url\":\"https:\/\/www.suno.com.br\/noticias\/\",\"name\":\"Suno Not\u00edcias\",\"description\":\"Seu portal de informa\u00e7\u00e3o sobre o mundo dos investimentos\",\"publisher\":{\"@id\":\"https:\/\/www.suno.com.br\/noticias\/#organization\"},\"potentialAction\":[{\"@type\":\"SearchAction\",\"target\":{\"@type\":\"EntryPoint\",\"urlTemplate\":\"https:\/\/www.suno.com.br\/noticias\/?s={search_term_string}\"},\"query-input\":{\"@type\":\"PropertyValueSpecification\",\"valueRequired\":true,\"valueName\":\"search_term_string\"}}],\"inLanguage\":\"pt-BR\"},{\"@type\":\"Organization\",\"@id\":\"https:\/\/www.suno.com.br\/noticias\/#organization\",\"name\":\"Suno Not\u00edcias\",\"url\":\"https:\/\/www.suno.com.br\/noticias\/\",\"logo\":{\"@type\":\"ImageObject\",\"inLanguage\":\"pt-BR\",\"@id\":\"https:\/\/www.suno.com.br\/noticias\/#\/schema\/logo\/image\/\",\"url\":\"https:\/\/files.sunoresearch.com.br\/n\/uploads\/2021\/09\/suno-logo.png\",\"contentUrl\":\"https:\/\/files.sunoresearch.com.br\/n\/uploads\/2021\/09\/suno-logo.png\",\"width\":180,\"height\":180,\"caption\":\"Suno Not\u00edcias\"},\"image\":{\"@id\":\"https:\/\/www.suno.com.br\/noticias\/#\/schema\/logo\/image\/\"},\"sameAs\":[\"https:\/\/facebook.com\/sunoresearch\",\"https:\/\/x.com\/sunoresearch\",\"https:\/\/www.instagram.com\/suno\",\"https:\/\/www.linkedin.com\/company\/suno-research\/\",\"https:\/\/www.youtube.com\/c\/sunoresearch\"]},{\"@type\":\"Person\",\"@id\":\"https:\/\/www.suno.com.br\/noticias\/#\/schema\/person\/02ec1f752758247878a2bf4abee1aeda\",\"name\":\"Poliana Santos\",\"image\":{\"@type\":\"ImageObject\",\"inLanguage\":\"pt-BR\",\"@id\":\"https:\/\/www.suno.com.br\/noticias\/#\/schema\/person\/image\/\",\"url\":\"https:\/\/secure.gravatar.com\/avatar\/0645bd32f23d87b2130f2b2dff1d3f8d?s=96&r=g\",\"contentUrl\":\"https:\/\/secure.gravatar.com\/avatar\/0645bd32f23d87b2130f2b2dff1d3f8d?s=96&r=g\",\"caption\":\"Poliana Santos\"},\"description\":\"Rep\u00f3rter no Suno Not\u00edcias, com cobertura em mercado financeiro, economia, finan\u00e7as pessoais, renda fixa e varejo. Jornalista formada pela Faculdade C\u00e1sper L\u00edbero e possui passagem na R\u00e1dio Gazeta AM com a produ\u00e7\u00e3o de conte\u00fado sobre economia, pol\u00edtica, sa\u00fade, moda e m\u00fasica. Possui certificado de conclus\u00e3o do curso de An\u00e1lise de Balan\u00e7os pela Funda\u00e7\u00e3o Bradesco, Agenda Brasil pela FAAP, Educa\u00e7\u00e3o Pol\u00edtica por Alexandre Garcia e do Tesouro Direto e Mercado de A\u00e7\u00f5es pela B3.\",\"url\":\"https:\/\/www.suno.com.br\/noticias\/author\/poliana-santos\/\"}]}<\/script>\n<!-- \/ Yoast SEO plugin. -->","yoast_head_json":{"title":"Kora Sa\u00fade (KRSA3) precifica a\u00e7\u00e3o no piso e IPO movimenta R$ 769,6 mi","description":"A Kora Sa\u00fade (KRSA3) precificou a seu IPO em R$ 7,20 por a\u00e7\u00e3o, no piso da faixa indicativa que ia at\u00e9 R$ 9,96. Para saber mais clique aqui","robots":{"index":"index","follow":"follow","max-snippet":"max-snippet:-1","max-image-preview":"max-image-preview:large","max-video-preview":"max-video-preview:-1"},"canonical":"https:\/\/www.suno.com.br\/noticias\/kora-saude-krsa3-precifica-acao-ipo\/","og_locale":"pt_BR","og_type":"article","og_title":"Kora Sa\u00fade (KRSA3) precifica a\u00e7\u00e3o no piso e IPO movimenta R$ 769,6 mi","og_description":"A Kora Sa\u00fade (KRSA3) precificou a seu IPO em R$ 7,20 por a\u00e7\u00e3o, no piso da faixa indicativa que ia at\u00e9 R$ 9,96. Para saber mais clique aqui","og_url":"https:\/\/www.suno.com.br\/noticias\/kora-saude-krsa3-precifica-acao-ipo\/","og_site_name":"Suno Not\u00edcias","article_publisher":"https:\/\/facebook.com\/sunoresearch","og_image":[{"width":1280,"height":854,"url":"https:\/\/files.sunoresearch.com.br\/n\/uploads\/2021\/04\/705341f0-foto5-e1619570166315.jpg","type":"image\/jpeg"}],"author":"Poliana Santos","twitter_card":"summary_large_image","twitter_creator":"@sunoresearch","twitter_site":"@sunoresearch","twitter_misc":{"Escrito por":"Poliana Santos","Est. tempo de leitura":"2 minutos"},"schema":{"@context":"https:\/\/schema.org","@graph":[{"@type":"NewsArticle","@id":"https:\/\/www.suno.com.br\/noticias\/kora-saude-krsa3-precifica-acao-ipo\/#article","isPartOf":{"@id":"https:\/\/www.suno.com.br\/noticias\/kora-saude-krsa3-precifica-acao-ipo\/"},"author":{"name":"Poliana Santos","@id":"https:\/\/www.suno.com.br\/noticias\/#\/schema\/person\/02ec1f752758247878a2bf4abee1aeda"},"headline":"Kora Sa\u00fade (KRSA3) precifica a\u00e7\u00e3o no piso e IPO movimenta R$ 769,6 milh\u00f5es","datePublished":"2021-08-12T11:35:32+00:00","mainEntityOfPage":{"@id":"https:\/\/www.suno.com.br\/noticias\/kora-saude-krsa3-precifica-acao-ipo\/"},"wordCount":384,"publisher":{"@id":"https:\/\/www.suno.com.br\/noticias\/#organization"},"image":{"@id":"https:\/\/www.suno.com.br\/noticias\/kora-saude-krsa3-precifica-acao-ipo\/#primaryimage"},"thumbnailUrl":"https:\/\/files.sunoresearch.com.br\/n\/uploads\/2021\/04\/705341f0-foto5-e1619570166315-jpg.webp","keywords":["IPO (Oferta Inicial de A\u00e7\u00f5es)","Kora Sa\u00fade (KRSA3)"],"articleSection":["Neg\u00f3cios"],"inLanguage":"pt-BR"},{"@type":"WebPage","@id":"https:\/\/www.suno.com.br\/noticias\/kora-saude-krsa3-precifica-acao-ipo\/","url":"https:\/\/www.suno.com.br\/noticias\/kora-saude-krsa3-precifica-acao-ipo\/","name":"Kora Sa\u00fade (KRSA3) precifica a\u00e7\u00e3o no piso e IPO movimenta R$ 769,6 mi","isPartOf":{"@id":"https:\/\/www.suno.com.br\/noticias\/#website"},"primaryImageOfPage":{"@id":"https:\/\/www.suno.com.br\/noticias\/kora-saude-krsa3-precifica-acao-ipo\/#primaryimage"},"image":{"@id":"https:\/\/www.suno.com.br\/noticias\/kora-saude-krsa3-precifica-acao-ipo\/#primaryimage"},"thumbnailUrl":"https:\/\/files.sunoresearch.com.br\/n\/uploads\/2021\/04\/705341f0-foto5-e1619570166315-jpg.webp","datePublished":"2021-08-12T11:35:32+00:00","description":"A Kora Sa\u00fade (KRSA3) precificou a seu IPO em R$ 7,20 por a\u00e7\u00e3o, no piso da faixa indicativa que ia at\u00e9 R$ 9,96. Para saber mais clique aqui","breadcrumb":{"@id":"https:\/\/www.suno.com.br\/noticias\/kora-saude-krsa3-precifica-acao-ipo\/#breadcrumb"},"inLanguage":"pt-BR","potentialAction":[{"@type":"ReadAction","target":["https:\/\/www.suno.com.br\/noticias\/kora-saude-krsa3-precifica-acao-ipo\/"]}]},{"@type":"ImageObject","inLanguage":"pt-BR","@id":"https:\/\/www.suno.com.br\/noticias\/kora-saude-krsa3-precifica-acao-ipo\/#primaryimage","url":"https:\/\/files.sunoresearch.com.br\/n\/uploads\/2021\/04\/705341f0-foto5-e1619570166315-jpg.webp","contentUrl":"https:\/\/files.sunoresearch.com.br\/n\/uploads\/2021\/04\/705341f0-foto5-e1619570166315-jpg.webp","width":1280,"height":854,"caption":"Kora avan\u00e7a com mais aquisi\u00e7\u00f5es e expande cobertura - Foto: Reprodu\u00e7\u00e3o\/Site"},{"@type":"BreadcrumbList","@id":"https:\/\/www.suno.com.br\/noticias\/kora-saude-krsa3-precifica-acao-ipo\/#breadcrumb","itemListElement":[{"@type":"ListItem","position":1,"name":"Not\u00edcias","item":"https:\/\/www.suno.com.br\/noticias\/"},{"@type":"ListItem","position":2,"name":"Neg\u00f3cios","item":"https:\/\/www.suno.com.br\/noticias\/negocios\/"},{"@type":"ListItem","position":3,"name":"Kora Sa\u00fade (KRSA3) precifica a\u00e7\u00e3o no piso e IPO movimenta R$ 769,6 milh\u00f5es"}]},{"@type":"WebSite","@id":"https:\/\/www.suno.com.br\/noticias\/#website","url":"https:\/\/www.suno.com.br\/noticias\/","name":"Suno Not\u00edcias","description":"Seu portal de informa\u00e7\u00e3o sobre o mundo dos investimentos","publisher":{"@id":"https:\/\/www.suno.com.br\/noticias\/#organization"},"potentialAction":[{"@type":"SearchAction","target":{"@type":"EntryPoint","urlTemplate":"https:\/\/www.suno.com.br\/noticias\/?s={search_term_string}"},"query-input":{"@type":"PropertyValueSpecification","valueRequired":true,"valueName":"search_term_string"}}],"inLanguage":"pt-BR"},{"@type":"Organization","@id":"https:\/\/www.suno.com.br\/noticias\/#organization","name":"Suno Not\u00edcias","url":"https:\/\/www.suno.com.br\/noticias\/","logo":{"@type":"ImageObject","inLanguage":"pt-BR","@id":"https:\/\/www.suno.com.br\/noticias\/#\/schema\/logo\/image\/","url":"https:\/\/files.sunoresearch.com.br\/n\/uploads\/2021\/09\/suno-logo.png","contentUrl":"https:\/\/files.sunoresearch.com.br\/n\/uploads\/2021\/09\/suno-logo.png","width":180,"height":180,"caption":"Suno Not\u00edcias"},"image":{"@id":"https:\/\/www.suno.com.br\/noticias\/#\/schema\/logo\/image\/"},"sameAs":["https:\/\/facebook.com\/sunoresearch","https:\/\/x.com\/sunoresearch","https:\/\/www.instagram.com\/suno","https:\/\/www.linkedin.com\/company\/suno-research\/","https:\/\/www.youtube.com\/c\/sunoresearch"]},{"@type":"Person","@id":"https:\/\/www.suno.com.br\/noticias\/#\/schema\/person\/02ec1f752758247878a2bf4abee1aeda","name":"Poliana Santos","image":{"@type":"ImageObject","inLanguage":"pt-BR","@id":"https:\/\/www.suno.com.br\/noticias\/#\/schema\/person\/image\/","url":"https:\/\/secure.gravatar.com\/avatar\/0645bd32f23d87b2130f2b2dff1d3f8d?s=96&r=g","contentUrl":"https:\/\/secure.gravatar.com\/avatar\/0645bd32f23d87b2130f2b2dff1d3f8d?s=96&r=g","caption":"Poliana Santos"},"description":"Rep\u00f3rter no Suno Not\u00edcias, com cobertura em mercado financeiro, economia, finan\u00e7as pessoais, renda fixa e varejo. Jornalista formada pela Faculdade C\u00e1sper L\u00edbero e possui passagem na R\u00e1dio Gazeta AM com a produ\u00e7\u00e3o de conte\u00fado sobre economia, pol\u00edtica, sa\u00fade, moda e m\u00fasica. Possui certificado de conclus\u00e3o do curso de An\u00e1lise de Balan\u00e7os pela Funda\u00e7\u00e3o Bradesco, Agenda Brasil pela FAAP, Educa\u00e7\u00e3o Pol\u00edtica por Alexandre Garcia e do Tesouro Direto e Mercado de A\u00e7\u00f5es pela B3.","url":"https:\/\/www.suno.com.br\/noticias\/author\/poliana-santos\/"}]}},"default_loop_html":"<div class=\"cardsPage__listCard__boxs\"><div class=\"cardsPage__listCard__boxs__img\"><a href=\"https:\/\/www.suno.com.br\/noticias\/kora-saude-krsa3-precifica-acao-ipo\/\"><img class=\"mask\" src=\"https:\/\/www.suno.com.br\/noticias\/wp-content\/themes\/suno\/resources\/images\/spotlight\/spotlight1img\/bg-mask.png\" alt=\"Image Mask\"\/><img src=\"https:\/\/files.sunoresearch.com.br\/n\/uploads\/2021\/04\/705341f0-foto5-e1619570166315-400x200.webp\" alt=\"Kora Sa\u00fade (KRSA3) precifica a\u00e7\u00e3o no piso e IPO movimenta R$ 769,6 milh\u00f5es\"\/><\/a><span class=\"spotlightCategory\"><a href=\"https:\/\/www.suno.com.br\/noticias\/negocios\/\">Neg\u00f3cios<\/a><\/span><\/div><div class=\"cardsPage__listCard__boxs__content\"><a href=\"https:\/\/www.suno.com.br\/noticias\/kora-saude-krsa3-precifica-acao-ipo\/\"><h2 class=\"content__title\">Kora Sa\u00fade (KRSA3) precifica a\u00e7\u00e3o no piso e IPO movimenta R$ 769,6 milh\u00f5es<\/h2><\/a><div class=\"newsContent__article__meta\"><div class=\"newsContent__article__meta__authorBox\"><a href=\"https:\/\/www.suno.com.br\/noticias\/author\/poliana-santos\/\" class=\"authorBox__avatar noMobi\"><img src=\"https:\/\/files.sunoresearch.com.br\/n\/uploads\/2020\/08\/7ef34026-whatsapp-image-2020-08-03-at-12.37.57-150x150.webp\" alt=\"Poliana Santos\"><\/a><div class=\"authorBox__name\"><span>por\n\t\t\t<a href=\"https:\/\/www.suno.com.br\/noticias\/author\/poliana-santos\/\"><span itemprop=\"author\">Poliana Santos<\/span><\/a><\/span><time datetime=\"2021-08-12T08:35:32-03:00\" itemprop=\"datePublished\">12\/08\/2021 08:35<\/time><\/div><\/div><\/div><\/div><\/div>","single_layout":"posts","amp_enabled":true,"_links":{"self":[{"href":"https:\/\/www.suno.com.br\/noticias\/wp-json\/wp\/v2\/posts\/174578"}],"collection":[{"href":"https:\/\/www.suno.com.br\/noticias\/wp-json\/wp\/v2\/posts"}],"about":[{"href":"https:\/\/www.suno.com.br\/noticias\/wp-json\/wp\/v2\/types\/post"}],"author":[{"embeddable":true,"href":"https:\/\/www.suno.com.br\/noticias\/wp-json\/wp\/v2\/users\/15"}],"replies":[{"embeddable":true,"href":"https:\/\/www.suno.com.br\/noticias\/wp-json\/wp\/v2\/comments?post=174578"}],"version-history":[{"count":3,"href":"https:\/\/www.suno.com.br\/noticias\/wp-json\/wp\/v2\/posts\/174578\/revisions"}],"predecessor-version":[{"id":174598,"href":"https:\/\/www.suno.com.br\/noticias\/wp-json\/wp\/v2\/posts\/174578\/revisions\/174598"}],"wp:featuredmedia":[{"embeddable":true,"href":"https:\/\/www.suno.com.br\/noticias\/wp-json\/wp\/v2\/media\/142865"}],"wp:attachment":[{"href":"https:\/\/www.suno.com.br\/noticias\/wp-json\/wp\/v2\/media?parent=174578"}],"wp:term":[{"taxonomy":"category","embeddable":true,"href":"https:\/\/www.suno.com.br\/noticias\/wp-json\/wp\/v2\/categories?post=174578"},{"taxonomy":"post_tag","embeddable":true,"href":"https:\/\/www.suno.com.br\/noticias\/wp-json\/wp\/v2\/tags?post=174578"},{"taxonomy":"suno_strategy","embeddable":true,"href":"https:\/\/www.suno.com.br\/noticias\/wp-json\/wp\/v2\/suno_strategy?post=174578"}],"curies":[{"name":"wp","href":"https:\/\/api.w.org\/{rel}","templated":true}]}}