{"id":174448,"date":"2021-08-11T20:03:35","date_gmt":"2021-08-11T23:03:35","guid":{"rendered":"https:\/\/www.suno.com.br\/noticias\/?p=174448"},"modified":"2021-08-12T02:31:08","modified_gmt":"2021-08-12T05:31:08","slug":"nubank-david-velez-doar-fortuna","status":"publish","type":"post","link":"https:\/\/www.suno.com.br\/noticias\/nubank-david-velez-doar-fortuna\/","title":{"rendered":"Nubank: cofundador David V\u00e9lez se compromete a doar parte da fortuna de R$ 5,2 bi em vida"},"content":{"rendered":"<p>O cofundador do <strong>Nubank\u00a0<a href=\"https:\/\/www.suno.com.br\/tudo-sobre\/david-velez\/\">David V\u00e9lez<\/a><\/strong> e sua mulher Mariel Reyes aderiram ao <em>The<\/em>\u00a0<em>Giving<\/em> <em>Pledge<\/em>, movimento de filantropia para bilion\u00e1rios que se comprometeram a doar a maior parte da riqueza a causas sociais, em vida ou em testamento.<\/p>\t<div class=\"wrapper-featured-image\">\n\t\t<figure class=\"spotlightImg\">\n\n\t\t\t<picture>\n\t\t\t\t<source media=\"(max-width: 768px)\" srcset=\"https:\/\/files.sunoresearch.com.br\/n\/uploads\/2021\/08\/c9d2f6bc-david-velez-1-1024x683-1-400x200.jpg\">\n\t\t\t\t<img loading=\"lazy\" decoding=\"async\" class=\"newsContent__article__imgCapa lazyloadDisabled \" src=\"https:\/\/files.sunoresearch.com.br\/n\/uploads\/2021\/08\/c9d2f6bc-david-velez-1-1024x683-1-800x450.jpg\" width=\"800\" height=\"450\" alt=\"Nubank: cofundador David V\u00e9lez se compromete a doar parte da fortuna de R$ 5,2 bi em vida\" fetchpriority=high \/>\n\t\t\t<\/picture>\n\n\t\t\t<figcaption class=\"wp-caption-text wp-caption-text--show\">Nubank: CEO V\u00e9lez. Foto: Divulga\u00e7\u00e3o<\/figcaption>\n\t\t<\/figure>\n\t<\/div>\n\n\n\t<p>\n\t\t<a href=\"https:\/\/lp.suno.com.br\/planilha-controle-gastos\/\" target=\"_blank\" data-element=\"shortcode-suno-banner\" title=\"Banner SUNO, clique e saiba mais\">\n\t\t\t<picture>\n\t\t\t\t<source media=\"(max-width: 500px)\" srcset=\"https:\/\/files.sunoresearch.com.br\/n\/uploads\/2023\/03\/400x300-Planilha-controle-de-gastos.png\">\n\t\t\t\t<img class=\"newsContent__article__imgCapa newsContent__article__imgCapa--banner\"\n\t\t\t\t\tsrc=\"https:\/\/files.sunoresearch.com.br\/n\/uploads\/2023\/03\/1420x240-Planilha-controle-de-gastos.png\"\n\t\t\t\t\tdata-promo-id=\"101751\"\t\t\t\t\t\t\t\t\t\twidth='1420' height='240'\t\t\t\t\talt=\"https:\/\/files.sunoresearch.com.br\/n\/uploads\/2023\/03\/1420x240-Planilha-controle-de-gastos.png\"\n\t\t\t\t>\n\t\t\t<\/picture>\n\t\t<\/a>\n\t<\/p>\n\n\n<p>Segundo dados vers\u00e3o online da da <em>Forbes<\/em>, o <strong>patrim\u00f4nio<\/strong> do empres\u00e1rio colombiano, cofundador do Nubank, \u00e9 estimada em R$ 5,2 bilh\u00f5es.<\/p>\n<p>O <em>The<\/em>\u00a0<em>Giving Pledge <\/em>conta com mais de 200 dos indiv\u00edduos mais ricos do mundo, que representam 27 pa\u00edses.<\/p>\n<p>No Brasil, al\u00e9m de V\u00e9lez e Reyes, apenas <strong>Elie Horn<\/strong>, da <a class=\"suno-keyword\" href=\"https:\/\/www.suno.com.br\/acoes\/CYRE3\/\" target=\"_blank\" rel=\"noopener noreferrer\" data-force=\"yes\" data-priority=\"2\">Cyrela (CYRE3)<\/a>, assinou o pacto criado por <strong>Bill e Melinda Gates<\/strong> e <strong>Warren Buffett.<\/strong><\/p>\n\n\t<div data-element=\"shortcode-read-more\" class=\"readToo\">\n\t\t\t\t<span class=\"readToo__title\">Leia mais<\/span>\n\t\t\t\t<ul class=\"readToo__list\">\n\t\t\t<li><a href=\"https:\/\/www.suno.com.br\/noticias\/nubank-ipo-bancos-contratados\/\">Nubank pode fazer o maior IPO dos \u00faltimos anos e j\u00e1 tem bancos contratados, diz site<\/a><\/li><li><a href=\"https:\/\/www.suno.com.br\/noticias\/nubank-lidera-rodada-investimentos-jupiter\/\">Nubank lidera rodada de investimentos de US$ 44 mi na fintech Jupiter<\/a><\/li>\t\t<\/ul>\n\t<\/div>\n\n\n<p>&#8220;Sempre fomos motivados por investir nosso tempo e energia na resolu\u00e7\u00e3o de problemas grandes e impactantes. Talvez essa necessidade venha de n\u00f3s dois termos crescido na Am\u00e9rica Latina, uma regi\u00e3o com tanto potencial, mas onde muitos milh\u00f5es ainda vivem na pobreza e t\u00eam poucas oportunidades na vida de crescer e se desenvolver plenamente,&#8221; destacou o casal em carta.<\/p>\n\t<p>\n\t\t<a href=\"https:\/\/lp.suno.com.br\/planilha-da-vida-financeira\/\" target=\"_blank\" data-element=\"shortcode-suno-banner\" title=\"Banner SUNO, clique e saiba mais\">\n\t\t\t<picture>\n\t\t\t\t<source media=\"(max-width: 500px)\" srcset=\"https:\/\/files.sunoresearch.com.br\/n\/uploads\/2023\/04\/400x300-Planilha-vida-financeira-true.png\">\n\t\t\t\t<img class=\"newsContent__article__imgCapa newsContent__article__imgCapa--banner\"\n\t\t\t\t\tsrc=\"https:\/\/files.sunoresearch.com.br\/n\/uploads\/2023\/04\/1420x240-Planilha-vida-financeira-true.png\"\n\t\t\t\t\tdata-promo-id=\"106682\"\t\t\t\t\t\t\t\t\t\twidth='1420' height='240'\t\t\t\t\talt=\"https:\/\/files.sunoresearch.com.br\/n\/uploads\/2023\/04\/1420x240-Planilha-vida-financeira-true.png\"\n\t\t\t\t>\n\t\t\t<\/picture>\n\t\t<\/a>\n\t<\/p>\n\n\n<p>&#8220;Decidimos ingressar no <em>The<\/em> Giving Pledge e nos comprometer a doar a maior parte de nossa riqueza para a filantropia. Faremos isso estabelecendo uma nova plataforma filantr\u00f3pica familiar que se concentrar\u00e1 em melhorar as oportunidades criadas para as crian\u00e7as e jovens adultos mais vulner\u00e1veis \u200b\u200be desfavorecidos da Am\u00e9rica Latina.&#8221;<\/p>\n<h2>Cofundador do Nubank construir\u00e1 plataforma filantr\u00f3pica<\/h2>\n<p>V\u00e9lez e Reyes esperam desenvolver uma plataforma filantr\u00f3pica \u00fanica na Am\u00e9rica Latina e disseram j\u00e1 ter come\u00e7ado a recrutar uma equipe para ajud\u00e1-los.<\/p>\n<p>Paralelamente, a filantropa continuar\u00e1 o trabalho na {reprograma}, <strong>startup brasileira<\/strong> sem fins lucrativos de treinamento de mulheres carentes para programa\u00e7\u00e3o.<\/p>\n<p>O empres\u00e1rio seguir\u00e1 no <strong>Nubank<\/strong>. &#8220;Esperamos dedicar as pr\u00f3ximas cinco d\u00e9cadas de nossas vidas (e esperan\u00e7osamente mais!), bem como a maior parte de nossa riqueza, foco e energia, a essas miss\u00f5es dignas e envolventes, e convidar nossos filhos, fam\u00edlia e amigos para se juntarem a n\u00f3s esta excitante nova jornada,&#8221; completaram V\u00e9lez e Reyes.<\/p>\n\t<p>\n\t\t<a href=\"https:\/\/lp.suno.com.br\/planilha-de-controle-de-investimentos\/\" target=\"_blank\" data-element=\"shortcode-suno-banner\" title=\"Banner SUNO, clique e saiba mais\">\n\t\t\t<picture>\n\t\t\t\t<source media=\"(max-width: 500px)\" srcset=\"https:\/\/files.sunoresearch.com.br\/n\/uploads\/2023\/03\/400x300-Controle-de-Investimentos.png\">\n\t\t\t\t<img class=\"newsContent__article__imgCapa newsContent__article__imgCapa--banner\"\n\t\t\t\t\tsrc=\"https:\/\/files.sunoresearch.com.br\/n\/uploads\/2023\/03\/1420x240-Controle-de-Investimentos.png\"\n\t\t\t\t\tdata-promo-id=\"75934\"\t\t\t\t\t\t\t\t\t\twidth='1420' height='240'\t\t\t\t\talt=\"https:\/\/files.sunoresearch.com.br\/n\/uploads\/2023\/03\/1420x240-Controle-de-Investimentos.png\"\n\t\t\t\t>\n\t\t\t<\/picture>\n\t\t<\/a>\n\t<\/p>\n\n\n","protected":false},"excerpt":{"rendered":"<p>O cofundador do Nubank\u00a0David V\u00e9lez e sua mulher Mariel Reyes aderiram ao The\u00a0Giving Pledge, movimento de filantropia para bilion\u00e1rios que se comprometeram a doar a maior parte da riqueza a causas sociais, em vida ou em testamento. Nubank. Foto: Reprodu\u00e7\u00e3o Facebook Segundo dados vers\u00e3o online da da Forbes, o patrim\u00f4nio do empres\u00e1rio colombiano, cofundador do [&hellip;]<\/p>\n","protected":false},"author":35,"featured_media":174472,"comment_status":"closed","ping_status":"closed","sticky":false,"template":"","format":"standard","meta":[],"categories":[65],"tags":[848],"suno_strategy":[],"class_list":["post-174448","post","type-post","status-publish","format-standard","has-post-thumbnail","hentry","category-financas-pessoais","tag-nubank"],"yoast_head":"<!-- This site is optimized with the Yoast SEO plugin v24.4 - https:\/\/yoast.com\/wordpress\/plugins\/seo\/ -->\n<title>Nubank: cofundador David V\u00e9lez se compromete a doar parte da fortuna<\/title>\n<meta name=\"description\" content=\"O cofundador do Nubank\u00a0David V\u00e9lez e sua esposa Mariel Reyes aderiram ao The\u00a0Giving Pledge. Clique para saber mais sobre o movimento.\" \/>\n<meta name=\"robots\" content=\"index, follow, max-snippet:-1, max-image-preview:large, max-video-preview:-1\" \/>\n<link rel=\"canonical\" href=\"https:\/\/www.suno.com.br\/noticias\/nubank-david-velez-doar-fortuna\/\" \/>\n<meta property=\"og:locale\" content=\"pt_BR\" \/>\n<meta property=\"og:type\" content=\"article\" \/>\n<meta property=\"og:title\" content=\"Nubank: cofundador David V\u00e9lez se compromete a doar parte da fortuna\" \/>\n<meta property=\"og:description\" content=\"O cofundador do Nubank\u00a0David V\u00e9lez e sua esposa Mariel Reyes aderiram ao The\u00a0Giving Pledge. Clique para saber mais sobre o movimento.\" \/>\n<meta property=\"og:url\" content=\"https:\/\/www.suno.com.br\/noticias\/nubank-david-velez-doar-fortuna\/\" \/>\n<meta property=\"og:site_name\" content=\"Suno Not\u00edcias\" \/>\n<meta property=\"article:publisher\" content=\"https:\/\/facebook.com\/sunoresearch\" \/>\n<meta property=\"og:image\" content=\"https:\/\/files.sunoresearch.com.br\/n\/uploads\/2021\/08\/c9d2f6bc-david-velez-1-1024x683-1.jpg\" \/>\n\t<meta property=\"og:image:width\" content=\"1200\" \/>\n\t<meta property=\"og:image:height\" content=\"800\" \/>\n\t<meta property=\"og:image:type\" content=\"image\/jpeg\" \/>\n<meta name=\"author\" content=\"Arthur Guimar\u00e3es\" \/>\n<meta name=\"twitter:card\" content=\"summary_large_image\" \/>\n<meta name=\"twitter:creator\" content=\"@sunoresearch\" \/>\n<meta name=\"twitter:site\" content=\"@sunoresearch\" \/>\n<meta name=\"twitter:label1\" content=\"Escrito por\" \/>\n\t<meta name=\"twitter:data1\" content=\"Arthur Guimar\u00e3es\" \/>\n\t<meta name=\"twitter:label2\" content=\"Est. tempo de leitura\" \/>\n\t<meta name=\"twitter:data2\" content=\"2 minutos\" \/>\n<script type=\"application\/ld+json\" class=\"yoast-schema-graph\">{\"@context\":\"https:\/\/schema.org\",\"@graph\":[{\"@type\":\"NewsArticle\",\"@id\":\"https:\/\/www.suno.com.br\/noticias\/nubank-david-velez-doar-fortuna\/#article\",\"isPartOf\":{\"@id\":\"https:\/\/www.suno.com.br\/noticias\/nubank-david-velez-doar-fortuna\/\"},\"author\":{\"name\":\"Arthur Guimar\u00e3es\",\"@id\":\"https:\/\/www.suno.com.br\/noticias\/#\/schema\/person\/053a750a709a263919a20f976caae91c\"},\"headline\":\"Nubank: cofundador David V\u00e9lez se compromete a doar parte da fortuna de R$ 5,2 bi em vida\",\"datePublished\":\"2021-08-11T23:03:35+00:00\",\"dateModified\":\"2021-08-12T05:31:08+00:00\",\"mainEntityOfPage\":{\"@id\":\"https:\/\/www.suno.com.br\/noticias\/nubank-david-velez-doar-fortuna\/\"},\"wordCount\":378,\"publisher\":{\"@id\":\"https:\/\/www.suno.com.br\/noticias\/#organization\"},\"image\":{\"@id\":\"https:\/\/www.suno.com.br\/noticias\/nubank-david-velez-doar-fortuna\/#primaryimage\"},\"thumbnailUrl\":\"https:\/\/files.sunoresearch.com.br\/n\/uploads\/2021\/08\/c9d2f6bc-david-velez-1-1024x683-1.jpg\",\"keywords\":[\"Nubank (NUBR33)\"],\"articleSection\":[\"Finan\u00e7as Pessoais\"],\"inLanguage\":\"pt-BR\"},{\"@type\":\"WebPage\",\"@id\":\"https:\/\/www.suno.com.br\/noticias\/nubank-david-velez-doar-fortuna\/\",\"url\":\"https:\/\/www.suno.com.br\/noticias\/nubank-david-velez-doar-fortuna\/\",\"name\":\"Nubank: cofundador David V\u00e9lez se compromete a doar parte da fortuna\",\"isPartOf\":{\"@id\":\"https:\/\/www.suno.com.br\/noticias\/#website\"},\"primaryImageOfPage\":{\"@id\":\"https:\/\/www.suno.com.br\/noticias\/nubank-david-velez-doar-fortuna\/#primaryimage\"},\"image\":{\"@id\":\"https:\/\/www.suno.com.br\/noticias\/nubank-david-velez-doar-fortuna\/#primaryimage\"},\"thumbnailUrl\":\"https:\/\/files.sunoresearch.com.br\/n\/uploads\/2021\/08\/c9d2f6bc-david-velez-1-1024x683-1.jpg\",\"datePublished\":\"2021-08-11T23:03:35+00:00\",\"dateModified\":\"2021-08-12T05:31:08+00:00\",\"description\":\"O cofundador do Nubank\u00a0David V\u00e9lez e sua esposa Mariel Reyes aderiram ao The\u00a0Giving Pledge. Clique para saber mais sobre o movimento.\",\"breadcrumb\":{\"@id\":\"https:\/\/www.suno.com.br\/noticias\/nubank-david-velez-doar-fortuna\/#breadcrumb\"},\"inLanguage\":\"pt-BR\",\"potentialAction\":[{\"@type\":\"ReadAction\",\"target\":[\"https:\/\/www.suno.com.br\/noticias\/nubank-david-velez-doar-fortuna\/\"]}]},{\"@type\":\"ImageObject\",\"inLanguage\":\"pt-BR\",\"@id\":\"https:\/\/www.suno.com.br\/noticias\/nubank-david-velez-doar-fortuna\/#primaryimage\",\"url\":\"https:\/\/files.sunoresearch.com.br\/n\/uploads\/2021\/08\/c9d2f6bc-david-velez-1-1024x683-1.jpg\",\"contentUrl\":\"https:\/\/files.sunoresearch.com.br\/n\/uploads\/2021\/08\/c9d2f6bc-david-velez-1-1024x683-1.jpg\",\"width\":1200,\"height\":800,\"caption\":\"Nubank: CEO V\u00e9lez. Foto: Divulga\u00e7\u00e3o\"},{\"@type\":\"BreadcrumbList\",\"@id\":\"https:\/\/www.suno.com.br\/noticias\/nubank-david-velez-doar-fortuna\/#breadcrumb\",\"itemListElement\":[{\"@type\":\"ListItem\",\"position\":1,\"name\":\"Not\u00edcias\",\"item\":\"https:\/\/www.suno.com.br\/noticias\/\"},{\"@type\":\"ListItem\",\"position\":2,\"name\":\"Finan\u00e7as Pessoais\",\"item\":\"https:\/\/www.suno.com.br\/noticias\/financas-pessoais\/\"},{\"@type\":\"ListItem\",\"position\":3,\"name\":\"Nubank: cofundador David V\u00e9lez se compromete a doar parte da fortuna de R$ 5,2 bi em vida\"}]},{\"@type\":\"WebSite\",\"@id\":\"https:\/\/www.suno.com.br\/noticias\/#website\",\"url\":\"https:\/\/www.suno.com.br\/noticias\/\",\"name\":\"Suno Not\u00edcias\",\"description\":\"Seu portal de informa\u00e7\u00e3o sobre o mundo dos investimentos\",\"publisher\":{\"@id\":\"https:\/\/www.suno.com.br\/noticias\/#organization\"},\"potentialAction\":[{\"@type\":\"SearchAction\",\"target\":{\"@type\":\"EntryPoint\",\"urlTemplate\":\"https:\/\/www.suno.com.br\/noticias\/?s={search_term_string}\"},\"query-input\":{\"@type\":\"PropertyValueSpecification\",\"valueRequired\":true,\"valueName\":\"search_term_string\"}}],\"inLanguage\":\"pt-BR\"},{\"@type\":\"Organization\",\"@id\":\"https:\/\/www.suno.com.br\/noticias\/#organization\",\"name\":\"Suno Not\u00edcias\",\"url\":\"https:\/\/www.suno.com.br\/noticias\/\",\"logo\":{\"@type\":\"ImageObject\",\"inLanguage\":\"pt-BR\",\"@id\":\"https:\/\/www.suno.com.br\/noticias\/#\/schema\/logo\/image\/\",\"url\":\"https:\/\/files.sunoresearch.com.br\/n\/uploads\/2021\/09\/suno-logo.png\",\"contentUrl\":\"https:\/\/files.sunoresearch.com.br\/n\/uploads\/2021\/09\/suno-logo.png\",\"width\":180,\"height\":180,\"caption\":\"Suno Not\u00edcias\"},\"image\":{\"@id\":\"https:\/\/www.suno.com.br\/noticias\/#\/schema\/logo\/image\/\"},\"sameAs\":[\"https:\/\/facebook.com\/sunoresearch\",\"https:\/\/x.com\/sunoresearch\",\"https:\/\/www.instagram.com\/suno\",\"https:\/\/www.linkedin.com\/company\/suno-research\/\",\"https:\/\/www.youtube.com\/c\/sunoresearch\"]},{\"@type\":\"Person\",\"@id\":\"https:\/\/www.suno.com.br\/noticias\/#\/schema\/person\/053a750a709a263919a20f976caae91c\",\"name\":\"Arthur Guimar\u00e3es\",\"image\":{\"@type\":\"ImageObject\",\"inLanguage\":\"pt-BR\",\"@id\":\"https:\/\/www.suno.com.br\/noticias\/#\/schema\/person\/image\/\",\"url\":\"https:\/\/secure.gravatar.com\/avatar\/1affd86a11209ae09eb6dd3bcad3e96c?s=96&r=g\",\"contentUrl\":\"https:\/\/secure.gravatar.com\/avatar\/1affd86a11209ae09eb6dd3bcad3e96c?s=96&r=g\",\"caption\":\"Arthur Guimar\u00e3es\"},\"description\":\"Arthur Guimar\u00e3es escreve sobre pol\u00edtica, economia e neg\u00f3cios para o portal de not\u00edcias da Suno Research. Atualmente, \u00e9 estudante de jornalismo pela Faculdade C\u00e1sper L\u00edbero.\",\"url\":\"https:\/\/www.suno.com.br\/noticias\/author\/arthur-guimaraes\/\"}]}<\/script>\n<!-- \/ Yoast SEO plugin. -->","yoast_head_json":{"title":"Nubank: cofundador David V\u00e9lez se compromete a doar parte da fortuna","description":"O cofundador do Nubank\u00a0David V\u00e9lez e sua esposa Mariel Reyes aderiram ao The\u00a0Giving Pledge. Clique para saber mais sobre o movimento.","robots":{"index":"index","follow":"follow","max-snippet":"max-snippet:-1","max-image-preview":"max-image-preview:large","max-video-preview":"max-video-preview:-1"},"canonical":"https:\/\/www.suno.com.br\/noticias\/nubank-david-velez-doar-fortuna\/","og_locale":"pt_BR","og_type":"article","og_title":"Nubank: cofundador David V\u00e9lez se compromete a doar parte da fortuna","og_description":"O cofundador do Nubank\u00a0David V\u00e9lez e sua esposa Mariel Reyes aderiram ao The\u00a0Giving Pledge. Clique para saber mais sobre o movimento.","og_url":"https:\/\/www.suno.com.br\/noticias\/nubank-david-velez-doar-fortuna\/","og_site_name":"Suno Not\u00edcias","article_publisher":"https:\/\/facebook.com\/sunoresearch","og_image":[{"width":1200,"height":800,"url":"https:\/\/files.sunoresearch.com.br\/n\/uploads\/2021\/08\/c9d2f6bc-david-velez-1-1024x683-1.jpg","type":"image\/jpeg"}],"author":"Arthur Guimar\u00e3es","twitter_card":"summary_large_image","twitter_creator":"@sunoresearch","twitter_site":"@sunoresearch","twitter_misc":{"Escrito por":"Arthur Guimar\u00e3es","Est. tempo de leitura":"2 minutos"},"schema":{"@context":"https:\/\/schema.org","@graph":[{"@type":"NewsArticle","@id":"https:\/\/www.suno.com.br\/noticias\/nubank-david-velez-doar-fortuna\/#article","isPartOf":{"@id":"https:\/\/www.suno.com.br\/noticias\/nubank-david-velez-doar-fortuna\/"},"author":{"name":"Arthur Guimar\u00e3es","@id":"https:\/\/www.suno.com.br\/noticias\/#\/schema\/person\/053a750a709a263919a20f976caae91c"},"headline":"Nubank: cofundador David V\u00e9lez se compromete a doar parte da fortuna de R$ 5,2 bi em vida","datePublished":"2021-08-11T23:03:35+00:00","dateModified":"2021-08-12T05:31:08+00:00","mainEntityOfPage":{"@id":"https:\/\/www.suno.com.br\/noticias\/nubank-david-velez-doar-fortuna\/"},"wordCount":378,"publisher":{"@id":"https:\/\/www.suno.com.br\/noticias\/#organization"},"image":{"@id":"https:\/\/www.suno.com.br\/noticias\/nubank-david-velez-doar-fortuna\/#primaryimage"},"thumbnailUrl":"https:\/\/files.sunoresearch.com.br\/n\/uploads\/2021\/08\/c9d2f6bc-david-velez-1-1024x683-1.jpg","keywords":["Nubank (NUBR33)"],"articleSection":["Finan\u00e7as Pessoais"],"inLanguage":"pt-BR"},{"@type":"WebPage","@id":"https:\/\/www.suno.com.br\/noticias\/nubank-david-velez-doar-fortuna\/","url":"https:\/\/www.suno.com.br\/noticias\/nubank-david-velez-doar-fortuna\/","name":"Nubank: cofundador David V\u00e9lez se compromete a doar parte da fortuna","isPartOf":{"@id":"https:\/\/www.suno.com.br\/noticias\/#website"},"primaryImageOfPage":{"@id":"https:\/\/www.suno.com.br\/noticias\/nubank-david-velez-doar-fortuna\/#primaryimage"},"image":{"@id":"https:\/\/www.suno.com.br\/noticias\/nubank-david-velez-doar-fortuna\/#primaryimage"},"thumbnailUrl":"https:\/\/files.sunoresearch.com.br\/n\/uploads\/2021\/08\/c9d2f6bc-david-velez-1-1024x683-1.jpg","datePublished":"2021-08-11T23:03:35+00:00","dateModified":"2021-08-12T05:31:08+00:00","description":"O cofundador do Nubank\u00a0David V\u00e9lez e sua esposa Mariel Reyes aderiram ao The\u00a0Giving Pledge. Clique para saber mais sobre o movimento.","breadcrumb":{"@id":"https:\/\/www.suno.com.br\/noticias\/nubank-david-velez-doar-fortuna\/#breadcrumb"},"inLanguage":"pt-BR","potentialAction":[{"@type":"ReadAction","target":["https:\/\/www.suno.com.br\/noticias\/nubank-david-velez-doar-fortuna\/"]}]},{"@type":"ImageObject","inLanguage":"pt-BR","@id":"https:\/\/www.suno.com.br\/noticias\/nubank-david-velez-doar-fortuna\/#primaryimage","url":"https:\/\/files.sunoresearch.com.br\/n\/uploads\/2021\/08\/c9d2f6bc-david-velez-1-1024x683-1.jpg","contentUrl":"https:\/\/files.sunoresearch.com.br\/n\/uploads\/2021\/08\/c9d2f6bc-david-velez-1-1024x683-1.jpg","width":1200,"height":800,"caption":"Nubank: CEO V\u00e9lez. Foto: Divulga\u00e7\u00e3o"},{"@type":"BreadcrumbList","@id":"https:\/\/www.suno.com.br\/noticias\/nubank-david-velez-doar-fortuna\/#breadcrumb","itemListElement":[{"@type":"ListItem","position":1,"name":"Not\u00edcias","item":"https:\/\/www.suno.com.br\/noticias\/"},{"@type":"ListItem","position":2,"name":"Finan\u00e7as Pessoais","item":"https:\/\/www.suno.com.br\/noticias\/financas-pessoais\/"},{"@type":"ListItem","position":3,"name":"Nubank: cofundador David V\u00e9lez se compromete a doar parte da fortuna de R$ 5,2 bi em vida"}]},{"@type":"WebSite","@id":"https:\/\/www.suno.com.br\/noticias\/#website","url":"https:\/\/www.suno.com.br\/noticias\/","name":"Suno Not\u00edcias","description":"Seu portal de informa\u00e7\u00e3o sobre o mundo dos investimentos","publisher":{"@id":"https:\/\/www.suno.com.br\/noticias\/#organization"},"potentialAction":[{"@type":"SearchAction","target":{"@type":"EntryPoint","urlTemplate":"https:\/\/www.suno.com.br\/noticias\/?s={search_term_string}"},"query-input":{"@type":"PropertyValueSpecification","valueRequired":true,"valueName":"search_term_string"}}],"inLanguage":"pt-BR"},{"@type":"Organization","@id":"https:\/\/www.suno.com.br\/noticias\/#organization","name":"Suno Not\u00edcias","url":"https:\/\/www.suno.com.br\/noticias\/","logo":{"@type":"ImageObject","inLanguage":"pt-BR","@id":"https:\/\/www.suno.com.br\/noticias\/#\/schema\/logo\/image\/","url":"https:\/\/files.sunoresearch.com.br\/n\/uploads\/2021\/09\/suno-logo.png","contentUrl":"https:\/\/files.sunoresearch.com.br\/n\/uploads\/2021\/09\/suno-logo.png","width":180,"height":180,"caption":"Suno Not\u00edcias"},"image":{"@id":"https:\/\/www.suno.com.br\/noticias\/#\/schema\/logo\/image\/"},"sameAs":["https:\/\/facebook.com\/sunoresearch","https:\/\/x.com\/sunoresearch","https:\/\/www.instagram.com\/suno","https:\/\/www.linkedin.com\/company\/suno-research\/","https:\/\/www.youtube.com\/c\/sunoresearch"]},{"@type":"Person","@id":"https:\/\/www.suno.com.br\/noticias\/#\/schema\/person\/053a750a709a263919a20f976caae91c","name":"Arthur Guimar\u00e3es","image":{"@type":"ImageObject","inLanguage":"pt-BR","@id":"https:\/\/www.suno.com.br\/noticias\/#\/schema\/person\/image\/","url":"https:\/\/secure.gravatar.com\/avatar\/1affd86a11209ae09eb6dd3bcad3e96c?s=96&r=g","contentUrl":"https:\/\/secure.gravatar.com\/avatar\/1affd86a11209ae09eb6dd3bcad3e96c?s=96&r=g","caption":"Arthur Guimar\u00e3es"},"description":"Arthur Guimar\u00e3es escreve sobre pol\u00edtica, economia e neg\u00f3cios para o portal de not\u00edcias da Suno Research. Atualmente, \u00e9 estudante de jornalismo pela Faculdade C\u00e1sper L\u00edbero.","url":"https:\/\/www.suno.com.br\/noticias\/author\/arthur-guimaraes\/"}]}},"default_loop_html":"<div class=\"cardsPage__listCard__boxs\"><div class=\"cardsPage__listCard__boxs__img\"><a href=\"https:\/\/www.suno.com.br\/noticias\/nubank-lidera-rodada-investimentos-jupiter\/\"><img class=\"mask\" src=\"https:\/\/www.suno.com.br\/noticias\/wp-content\/themes\/suno\/resources\/images\/spotlight\/spotlight1img\/bg-mask.png\" alt=\"Image Mask\"\/><img src=\"https:\/\/files.sunoresearch.com.br\/n\/uploads\/2021\/04\/cd56470c-121668110_3554247724613861_8268621916409393931_n-400x200.webp\" alt=\"Nubank lidera rodada de investimentos de US$ 44 mi na fintech Jupiter\"\/><\/a><span class=\"spotlightCategory\"><a href=\"https:\/\/www.suno.com.br\/noticias\/negocios\/\">Neg\u00f3cios<\/a><\/span><\/div><div class=\"cardsPage__listCard__boxs__content\"><a href=\"https:\/\/www.suno.com.br\/noticias\/nubank-lidera-rodada-investimentos-jupiter\/\"><h2 class=\"content__title\">Nubank lidera rodada de investimentos de US$ 44 mi na fintech Jupiter<\/h2><\/a><div class=\"newsContent__article__meta\"><div class=\"newsContent__article__meta__authorBox\"><a href=\"https:\/\/www.suno.com.br\/noticias\/author\/laura-moutinho\/\" class=\"authorBox__avatar noMobi\"><img src=\"https:\/\/files.sunoresearch.com.br\/n\/uploads\/2020\/08\/531ff69d-whatsapp-image-2020-08-03-at-14.54.38-150x150.webp\" alt=\"Laura Moutinho\"><\/a><div class=\"authorBox__name\"><span>por\n\t\t\t<a href=\"https:\/\/www.suno.com.br\/noticias\/author\/laura-moutinho\/\"><span itemprop=\"author\">Laura Moutinho<\/span><\/a><\/span><time datetime=\"2021-08-05T18:52:02-03:00\" itemprop=\"datePublished\">05\/08\/2021 18:52<\/time><\/div><\/div><\/div><\/div><\/div>","single_layout":"posts","amp_enabled":true,"_links":{"self":[{"href":"https:\/\/www.suno.com.br\/noticias\/wp-json\/wp\/v2\/posts\/174448"}],"collection":[{"href":"https:\/\/www.suno.com.br\/noticias\/wp-json\/wp\/v2\/posts"}],"about":[{"href":"https:\/\/www.suno.com.br\/noticias\/wp-json\/wp\/v2\/types\/post"}],"author":[{"embeddable":true,"href":"https:\/\/www.suno.com.br\/noticias\/wp-json\/wp\/v2\/users\/35"}],"replies":[{"embeddable":true,"href":"https:\/\/www.suno.com.br\/noticias\/wp-json\/wp\/v2\/comments?post=174448"}],"version-history":[{"count":3,"href":"https:\/\/www.suno.com.br\/noticias\/wp-json\/wp\/v2\/posts\/174448\/revisions"}],"predecessor-version":[{"id":174556,"href":"https:\/\/www.suno.com.br\/noticias\/wp-json\/wp\/v2\/posts\/174448\/revisions\/174556"}],"wp:featuredmedia":[{"embeddable":true,"href":"https:\/\/www.suno.com.br\/noticias\/wp-json\/wp\/v2\/media\/174472"}],"wp:attachment":[{"href":"https:\/\/www.suno.com.br\/noticias\/wp-json\/wp\/v2\/media?parent=174448"}],"wp:term":[{"taxonomy":"category","embeddable":true,"href":"https:\/\/www.suno.com.br\/noticias\/wp-json\/wp\/v2\/categories?post=174448"},{"taxonomy":"post_tag","embeddable":true,"href":"https:\/\/www.suno.com.br\/noticias\/wp-json\/wp\/v2\/tags?post=174448"},{"taxonomy":"suno_strategy","embeddable":true,"href":"https:\/\/www.suno.com.br\/noticias\/wp-json\/wp\/v2\/suno_strategy?post=174448"}],"curies":[{"name":"wp","href":"https:\/\/api.w.org\/{rel}","templated":true}]}}