{"id":174350,"date":"2021-08-11T19:11:08","date_gmt":"2021-08-11T22:11:08","guid":{"rendered":"https:\/\/www.suno.com.br\/noticias\/?p=174350"},"modified":"2021-08-12T02:29:40","modified_gmt":"2021-08-12T05:29:40","slug":"fed-condicoes-economicas-fim-compras-ativos","status":"publish","type":"post","link":"https:\/\/www.suno.com.br\/noticias\/fed-condicoes-economicas-fim-compras-ativos\/","title":{"rendered":"Fed: condi\u00e7\u00f5es econ\u00f4micas justificam fim de compras de ativos, diz dirigente"},"content":{"rendered":"<p>A presidente da distrital do Federal Reserve (<strong>Fed<\/strong>, o banco central norte-americano) em Kansas, Esther George, disse nesta quarta-feira (11) que identifica sinais de que a economia dos Estados Unidos atingiu os requisitos de &#8220;progressos substanciais adicionais&#8221; estabelecidos pela autoridade monet\u00e1ria.<\/p>\t<div class=\"wrapper-featured-image\">\n\t\t<figure class=\"spotlightImg\">\n\n\t\t\t<picture>\n\t\t\t\t<source media=\"(max-width: 768px)\" srcset=\"https:\/\/files.sunoresearch.com.br\/n\/uploads\/2021\/04\/0b8dacdf-flag-3368374_1280-400x200.webp\">\n\t\t\t\t<img loading=\"lazy\" decoding=\"async\" class=\"newsContent__article__imgCapa lazyloadDisabled \" src=\"https:\/\/files.sunoresearch.com.br\/n\/uploads\/2021\/04\/0b8dacdf-flag-3368374_1280-800x450.webp\" width=\"800\" height=\"450\" alt=\"Fed: condi\u00e7\u00f5es econ\u00f4micas justificam fim de compras de ativos, diz dirigente\" fetchpriority=high \/>\n\t\t\t<\/picture>\n\n\t\t\t<figcaption class=\"wp-caption-text wp-caption-text--show\">a\u00e7\u00f5es para investir. Foto: Pixabay <\/figcaption>\n\t\t<\/figure>\n\t<\/div>\n\n\n\t<p>\n\t\t<a href=\"https:\/\/lp.suno.com.br\/planilha-controle-gastos\/\" target=\"_blank\" data-element=\"shortcode-suno-banner\" title=\"Banner SUNO, clique e saiba mais\">\n\t\t\t<picture>\n\t\t\t\t<source media=\"(max-width: 500px)\" srcset=\"https:\/\/files.sunoresearch.com.br\/n\/uploads\/2023\/03\/400x300-Planilha-controle-de-gastos.png\">\n\t\t\t\t<img class=\"newsContent__article__imgCapa newsContent__article__imgCapa--banner\"\n\t\t\t\t\tsrc=\"https:\/\/files.sunoresearch.com.br\/n\/uploads\/2023\/03\/1420x240-Planilha-controle-de-gastos.png\"\n\t\t\t\t\tdata-promo-id=\"101751\"\t\t\t\t\t\t\t\t\t\twidth='1420' height='240'\t\t\t\t\talt=\"https:\/\/files.sunoresearch.com.br\/n\/uploads\/2023\/03\/1420x240-Planilha-controle-de-gastos.png\"\n\t\t\t\t>\n\t\t\t<\/picture>\n\t\t<\/a>\n\t<\/p>\n\n\n<p>&#8220;Eu apoio o fim das <strong>compras de ativos<\/strong> sob essas condi\u00e7\u00f5es&#8221;, afirmou, durante evento virtual, a presidente do Fed de Kansas.<\/p>\n<p>Como evid\u00eancia da for\u00e7a da <strong>economia norte-americana<\/strong>, a dirigente citou o fortalecimento da demanda, a recupera\u00e7\u00e3o do <a class=\"suno-keyword\" href=\"https:\/\/www.suno.com.br\/artigos\/mercado-de-trabalho\/\" target=\"_blank\" rel=\"noopener noreferrer\" data-force=\"no\" data-priority=\"2\">mercado de trabalho<\/a> e o avan\u00e7o das expectativas de infla\u00e7\u00e3o. Para ela, com a retomada em curso, \u00e9 preciso fazer a transi\u00e7\u00e3o para configura\u00e7\u00f5es pol\u00edticas &#8220;mais neutras&#8221;.<\/p>\n<p>George, contudo, esclareceu que ainda h\u00e1 uma s\u00e9rie de incertezas, sobretudo com desequil\u00edbrios entre <a class=\"suno-keyword\" href=\"https:\/\/www.suno.com.br\/artigos\/oferta-demanda\/\" target=\"_blank\" rel=\"noopener noreferrer\" data-force=\"no\" data-priority=\"1\">oferta e demanda<\/a>, que elevam os pre\u00e7os. &#8220;A economia apertada de hoje certamente n\u00e3o pede uma <a class=\"suno-keyword\" href=\"https:\/\/www.suno.com.br\/artigos\/politica-monetaria\/\" target=\"_blank\" rel=\"noopener noreferrer\" data-force=\"no\" data-priority=\"1\">pol\u00edtica monet\u00e1ria<\/a> apertada, mas sinaliza que o tempo chegou para reduzir os instrumentos&#8221;, destacou.<\/p>\n<p><span class=\"suno-field-post-id\">\t<div data-element=\"shortcode-read-more\" class=\"knowMore\">\n\t\t\t\t<span class=\"knowMore__title\">Saiba mais<\/span>\n\t\t\t\t<a class=\"knowMore__link\" href=\"https:\/\/www.suno.com.br\/noticias\/fed-recessao-politica-monetaria\/\">\n\t\t\tDecis\u00f5es equivocadas do Fed levar\u00e3o EUA \u00e0 recess\u00e3o, diz economista do grupo Allianz\t\t<\/a>\n\t<\/div>\n\n<\/span><\/p>\n<p>Segundo a l\u00edder do Fed de Kansas, a discuss\u00e3o sobre a redu\u00e7\u00e3o do relaxamento quantitativo (QE, na sigla em ingl\u00eas) &#8220;n\u00e3o est\u00e1 mecanicamente conectada&#8221; com os ajustes na taxa de juros. Na vis\u00e3o dela, o caminho para a normaliza\u00e7\u00e3o monet\u00e1ria ser\u00e1 &#8220;longo e acidentado&#8221;.<\/p>\n<p>George acrescentou que pode demorar algum tempo at\u00e9 que haja uma recupera\u00e7\u00e3o plena do emprego nos <strong>EUA<\/strong>. &#8220;Este n\u00e3o \u00e9 um argumento para manter as taxas de juros inalteradas, mas garantir acomoda\u00e7\u00e3o se ajusta \u00e0 medida que a economia se expande, evitando desequil\u00edbrios e instabilidades que podem descarrilar tais ganhos&#8221;, explicou.<\/p>\n<h2>Fed reconhece perigo da variante Delta<\/h2>\n<p>A presidente da distrital do Federal Reserve em Kansas reconheceu que as incertezas decorrentes da dissemina\u00e7\u00e3o da variante Delta do coronav\u00edrus podem atrasar a recupera\u00e7\u00e3o da economia dos Estados Unidos. No evento virtual, a dirigente citou o risco de que a muta\u00e7\u00e3o &#8220;complique&#8221; o cronograma do Fed para normaliza\u00e7\u00e3o da <strong>pol\u00edtica monet\u00e1ria<\/strong>. &#8220;Os efeitos poderiam ser t\u00e3o pronunciados do lado da oferta quanto do lado da demanda, prolongando o aperto da economia e mantendo a press\u00e3o de alta sobre os pre\u00e7os&#8221;, alertou.<\/p>\n\t<p>\n\t\t<a href=\"https:\/\/lp.suno.com.br\/planilha-da-vida-financeira\/\" target=\"_blank\" data-element=\"shortcode-suno-banner\" title=\"Banner SUNO, clique e saiba mais\">\n\t\t\t<picture>\n\t\t\t\t<source media=\"(max-width: 500px)\" srcset=\"https:\/\/files.sunoresearch.com.br\/n\/uploads\/2023\/04\/400x300-Planilha-vida-financeira-true.png\">\n\t\t\t\t<img class=\"newsContent__article__imgCapa newsContent__article__imgCapa--banner\"\n\t\t\t\t\tsrc=\"https:\/\/files.sunoresearch.com.br\/n\/uploads\/2023\/04\/1420x240-Planilha-vida-financeira-true.png\"\n\t\t\t\t\tdata-promo-id=\"106682\"\t\t\t\t\t\t\t\t\t\twidth='1420' height='240'\t\t\t\t\talt=\"https:\/\/files.sunoresearch.com.br\/n\/uploads\/2023\/04\/1420x240-Planilha-vida-financeira-true.png\"\n\t\t\t\t>\n\t\t\t<\/picture>\n\t\t<\/a>\n\t<\/p>\n\n\n<p>Esther George projetou uma desacelera\u00e7\u00e3o do crescimento econ\u00f4mico nos pr\u00f3ximos meses, embora acredite que o ritmo continuar\u00e1 &#8220;robusto&#8221;. Segundo ela, a expectativa \u00e9 de que a demanda comece a arrefecer, \u00e0 medida que as a\u00e7\u00f5es de apoio do governo diminuam.<\/p>\n<p>&#8220;Algumas estimativas mostram que a <a class=\"suno-keyword\" href=\"https:\/\/www.suno.com.br\/artigos\/politica-fiscal\/\" target=\"_blank\" rel=\"noopener noreferrer\" data-force=\"no\" data-priority=\"1\">pol\u00edtica fiscal<\/a>, ap\u00f3s somar quase 4 pontos porcentuais do crescimento no ano passado, subtrair\u00e1 cerca de 2 pontos porcentuais do crescimento ao longo dos pr\u00f3ximos anos&#8221;, destacou.<\/p>\n<h2>Infla\u00e7\u00e3o seria causada por desequil\u00edbrio entre oferta e demanda<\/h2>\n<p>A presidente da distrital do Federal Reserve atribuiu o recente avan\u00e7o da <strong>infla\u00e7\u00e3o nos Estados Unidos<\/strong> a uma s\u00e9rie de desequil\u00edbrios entre oferta e demanda. &#8220;Costumo ouvir anedotas que sugerem uma economia que se deparou com gargalos, incluindo relatos de dificuldades na busca trabalhadores e de ter que pagar pre\u00e7os muito mais altos pelos materiais e transporte&#8221;, afirmou.<\/p>\n\t<p>\n\t\t<a href=\"https:\/\/lp.suno.com.br\/ebook-como-analisar-uma-acao\/\" target=\"_blank\" data-element=\"shortcode-suno-banner\" title=\"Banner SUNO, clique e saiba mais\">\n\t\t\t<picture>\n\t\t\t\t<source media=\"(max-width: 500px)\" srcset=\"https:\/\/files.sunoresearch.com.br\/n\/uploads\/2023\/03\/Ebook-Acoes-Mobile-1.jpg\">\n\t\t\t\t<img class=\"newsContent__article__imgCapa newsContent__article__imgCapa--banner\"\n\t\t\t\t\tsrc=\"https:\/\/files.sunoresearch.com.br\/n\/uploads\/2023\/03\/Ebook-Acoes-Desktop-1.jpg\"\n\t\t\t\t\tdata-promo-id=\"171998\"\t\t\t\t\t\t\t\t\t\twidth='1420' height='286'\t\t\t\t\talt=\"https:\/\/files.sunoresearch.com.br\/n\/uploads\/2023\/03\/Ebook-Acoes-Desktop-1.jpg\"\n\t\t\t\t>\n\t\t\t<\/picture>\n\t\t<\/a>\n\t<\/p>\n\n\n<p>A dirigente acrescentou que &#8220;h\u00e1 boas raz\u00f5es para crer&#8221; que a maior parte desses fatores \u00e9 tempor\u00e1ria. Segundo ela, o esgotamento de estoques de empresas confirma os desequil\u00edbrios das din\u00e2micas de oferta. George comentou ainda que uma parcela dos aumentos de pre\u00e7os reflete uma revers\u00e3o a padr\u00f5es pr\u00e9-coronav\u00edrus.<\/p>\n<p>A l\u00edder do Fed de Kansas comentou que o setor de servi\u00e7os nos EUA segue &#8220;deprimido&#8221; em rela\u00e7\u00e3o aos n\u00edveis pr\u00e9-pandemia, o que sugere que h\u00e1 espa\u00e7o para crescimento. No entendimento dela, deve continuar havendo uma rota\u00e7\u00e3o dos padr\u00f5es de consumo, de bens para servi\u00e7os.<\/p>\n<p>A dirigente da distrital do <strong>Fed<\/strong> em Kansas evitou fazer previs\u00f5es sobre o impacto do debate sobre o teto fiscal no Congresso na economia, mas disse que, baseado nas experi\u00eancias anteriores, pode haver algum efeito.<\/p>\n<p><em>(Com Estad\u00e3o Conte\u00fado)<\/em><\/p>\n\t<p>\n\t\t<a href=\"https:\/\/lp.suno.com.br\/planilha-de-controle-de-investimentos\/\" target=\"_blank\" data-element=\"shortcode-suno-banner\" title=\"Banner SUNO, clique e saiba mais\">\n\t\t\t<picture>\n\t\t\t\t<source media=\"(max-width: 500px)\" srcset=\"https:\/\/files.sunoresearch.com.br\/n\/uploads\/2023\/03\/400x300-Controle-de-Investimentos.png\">\n\t\t\t\t<img class=\"newsContent__article__imgCapa newsContent__article__imgCapa--banner\"\n\t\t\t\t\tsrc=\"https:\/\/files.sunoresearch.com.br\/n\/uploads\/2023\/03\/1420x240-Controle-de-Investimentos.png\"\n\t\t\t\t\tdata-promo-id=\"75934\"\t\t\t\t\t\t\t\t\t\twidth='1420' height='240'\t\t\t\t\talt=\"https:\/\/files.sunoresearch.com.br\/n\/uploads\/2023\/03\/1420x240-Controle-de-Investimentos.png\"\n\t\t\t\t>\n\t\t\t<\/picture>\n\t\t<\/a>\n\t<\/p>\n\n\n","protected":false},"excerpt":{"rendered":"<p>A presidente da distrital do Federal Reserve (Fed, o banco central norte-americano) em Kansas, Esther George, disse nesta quarta-feira (11) que identifica sinais de que a economia dos Estados Unidos atingiu os requisitos de &#8220;progressos substanciais adicionais&#8221; estabelecidos pela autoridade monet\u00e1ria. a\u00e7\u00f5es para investir. Foto: Pixabay &#8220;Eu apoio o fim das compras de ativos sob [&hellip;]<\/p>\n","protected":false},"author":35,"featured_media":136609,"comment_status":"closed","ping_status":"closed","sticky":false,"template":"","format":"standard","meta":[],"categories":[63],"tags":[793,776],"suno_strategy":[],"class_list":["post-174350","post","type-post","status-publish","format-standard","has-post-thumbnail","hentry","category-internacional","tag-estados-unidos-eua","tag-federal-reseve-fed"],"yoast_head":"<!-- This site is optimized with the Yoast SEO plugin v24.4 - https:\/\/yoast.com\/wordpress\/plugins\/seo\/ -->\n<title>Fed: condi\u00e7\u00f5es econ\u00f4micas justificam fim de compras de ativos<\/title>\n<meta name=\"description\" content=\"&quot;Apoio o fim das compras de ativos sob essas condi\u00e7\u00f5es&quot;, afirmou a presidente do Fed de Kansas. Clique para saber mais a posi\u00e7\u00e3o da dirigente\" \/>\n<meta name=\"robots\" content=\"index, follow, max-snippet:-1, max-image-preview:large, max-video-preview:-1\" \/>\n<link rel=\"canonical\" href=\"https:\/\/www.suno.com.br\/noticias\/fed-condicoes-economicas-fim-compras-ativos\/\" \/>\n<meta property=\"og:locale\" content=\"pt_BR\" \/>\n<meta property=\"og:type\" content=\"article\" \/>\n<meta property=\"og:title\" content=\"Fed: condi\u00e7\u00f5es econ\u00f4micas justificam fim de compras de ativos\" \/>\n<meta property=\"og:description\" content=\"&quot;Apoio o fim das compras de ativos sob essas condi\u00e7\u00f5es&quot;, afirmou a presidente do Fed de Kansas. Clique para saber mais a posi\u00e7\u00e3o da dirigente\" \/>\n<meta property=\"og:url\" content=\"https:\/\/www.suno.com.br\/noticias\/fed-condicoes-economicas-fim-compras-ativos\/\" \/>\n<meta property=\"og:site_name\" content=\"Suno Not\u00edcias\" \/>\n<meta property=\"article:publisher\" content=\"https:\/\/facebook.com\/sunoresearch\" \/>\n<meta property=\"og:image\" content=\"https:\/\/files.sunoresearch.com.br\/n\/uploads\/2021\/04\/0b8dacdf-flag-3368374_1280.jpg\" \/>\n\t<meta property=\"og:image:width\" content=\"1280\" \/>\n\t<meta property=\"og:image:height\" content=\"845\" \/>\n\t<meta property=\"og:image:type\" content=\"image\/jpeg\" \/>\n<meta name=\"author\" content=\"Arthur Guimar\u00e3es\" \/>\n<meta name=\"twitter:card\" content=\"summary_large_image\" \/>\n<meta name=\"twitter:creator\" content=\"@sunoresearch\" \/>\n<meta name=\"twitter:site\" content=\"@sunoresearch\" \/>\n<meta name=\"twitter:label1\" content=\"Escrito por\" \/>\n\t<meta name=\"twitter:data1\" content=\"Arthur Guimar\u00e3es\" \/>\n\t<meta name=\"twitter:label2\" content=\"Est. tempo de leitura\" \/>\n\t<meta name=\"twitter:data2\" content=\"3 minutos\" \/>\n<script type=\"application\/ld+json\" class=\"yoast-schema-graph\">{\"@context\":\"https:\/\/schema.org\",\"@graph\":[{\"@type\":\"NewsArticle\",\"@id\":\"https:\/\/www.suno.com.br\/noticias\/fed-condicoes-economicas-fim-compras-ativos\/#article\",\"isPartOf\":{\"@id\":\"https:\/\/www.suno.com.br\/noticias\/fed-condicoes-economicas-fim-compras-ativos\/\"},\"author\":{\"name\":\"Arthur Guimar\u00e3es\",\"@id\":\"https:\/\/www.suno.com.br\/noticias\/#\/schema\/person\/053a750a709a263919a20f976caae91c\"},\"headline\":\"Fed: condi\u00e7\u00f5es econ\u00f4micas justificam fim de compras de ativos, diz dirigente\",\"datePublished\":\"2021-08-11T22:11:08+00:00\",\"dateModified\":\"2021-08-12T05:29:40+00:00\",\"mainEntityOfPage\":{\"@id\":\"https:\/\/www.suno.com.br\/noticias\/fed-condicoes-economicas-fim-compras-ativos\/\"},\"wordCount\":700,\"publisher\":{\"@id\":\"https:\/\/www.suno.com.br\/noticias\/#organization\"},\"image\":{\"@id\":\"https:\/\/www.suno.com.br\/noticias\/fed-condicoes-economicas-fim-compras-ativos\/#primaryimage\"},\"thumbnailUrl\":\"https:\/\/files.sunoresearch.com.br\/n\/uploads\/2021\/04\/0b8dacdf-flag-3368374_1280-jpg.webp\",\"keywords\":[\"Estados Unidos (EUA)\",\"Federal Reserve (FED)\"],\"articleSection\":[\"Internacional\"],\"inLanguage\":\"pt-BR\"},{\"@type\":\"WebPage\",\"@id\":\"https:\/\/www.suno.com.br\/noticias\/fed-condicoes-economicas-fim-compras-ativos\/\",\"url\":\"https:\/\/www.suno.com.br\/noticias\/fed-condicoes-economicas-fim-compras-ativos\/\",\"name\":\"Fed: condi\u00e7\u00f5es econ\u00f4micas justificam fim de compras de ativos\",\"isPartOf\":{\"@id\":\"https:\/\/www.suno.com.br\/noticias\/#website\"},\"primaryImageOfPage\":{\"@id\":\"https:\/\/www.suno.com.br\/noticias\/fed-condicoes-economicas-fim-compras-ativos\/#primaryimage\"},\"image\":{\"@id\":\"https:\/\/www.suno.com.br\/noticias\/fed-condicoes-economicas-fim-compras-ativos\/#primaryimage\"},\"thumbnailUrl\":\"https:\/\/files.sunoresearch.com.br\/n\/uploads\/2021\/04\/0b8dacdf-flag-3368374_1280-jpg.webp\",\"datePublished\":\"2021-08-11T22:11:08+00:00\",\"dateModified\":\"2021-08-12T05:29:40+00:00\",\"description\":\"\\\"Apoio o fim das compras de ativos sob essas condi\u00e7\u00f5es\\\", afirmou a presidente do Fed de Kansas. Clique para saber mais a posi\u00e7\u00e3o da dirigente\",\"breadcrumb\":{\"@id\":\"https:\/\/www.suno.com.br\/noticias\/fed-condicoes-economicas-fim-compras-ativos\/#breadcrumb\"},\"inLanguage\":\"pt-BR\",\"potentialAction\":[{\"@type\":\"ReadAction\",\"target\":[\"https:\/\/www.suno.com.br\/noticias\/fed-condicoes-economicas-fim-compras-ativos\/\"]}]},{\"@type\":\"ImageObject\",\"inLanguage\":\"pt-BR\",\"@id\":\"https:\/\/www.suno.com.br\/noticias\/fed-condicoes-economicas-fim-compras-ativos\/#primaryimage\",\"url\":\"https:\/\/files.sunoresearch.com.br\/n\/uploads\/2021\/04\/0b8dacdf-flag-3368374_1280-jpg.webp\",\"contentUrl\":\"https:\/\/files.sunoresearch.com.br\/n\/uploads\/2021\/04\/0b8dacdf-flag-3368374_1280-jpg.webp\",\"width\":1280,\"height\":845,\"caption\":\"a\u00e7\u00f5es para investir. Foto: Pixabay\"},{\"@type\":\"BreadcrumbList\",\"@id\":\"https:\/\/www.suno.com.br\/noticias\/fed-condicoes-economicas-fim-compras-ativos\/#breadcrumb\",\"itemListElement\":[{\"@type\":\"ListItem\",\"position\":1,\"name\":\"Not\u00edcias\",\"item\":\"https:\/\/www.suno.com.br\/noticias\/\"},{\"@type\":\"ListItem\",\"position\":2,\"name\":\"Internacional\",\"item\":\"https:\/\/www.suno.com.br\/noticias\/internacional\/\"},{\"@type\":\"ListItem\",\"position\":3,\"name\":\"Fed: condi\u00e7\u00f5es econ\u00f4micas justificam fim de compras de ativos, diz dirigente\"}]},{\"@type\":\"WebSite\",\"@id\":\"https:\/\/www.suno.com.br\/noticias\/#website\",\"url\":\"https:\/\/www.suno.com.br\/noticias\/\",\"name\":\"Suno Not\u00edcias\",\"description\":\"Seu portal de informa\u00e7\u00e3o sobre o mundo dos investimentos\",\"publisher\":{\"@id\":\"https:\/\/www.suno.com.br\/noticias\/#organization\"},\"potentialAction\":[{\"@type\":\"SearchAction\",\"target\":{\"@type\":\"EntryPoint\",\"urlTemplate\":\"https:\/\/www.suno.com.br\/noticias\/?s={search_term_string}\"},\"query-input\":{\"@type\":\"PropertyValueSpecification\",\"valueRequired\":true,\"valueName\":\"search_term_string\"}}],\"inLanguage\":\"pt-BR\"},{\"@type\":\"Organization\",\"@id\":\"https:\/\/www.suno.com.br\/noticias\/#organization\",\"name\":\"Suno Not\u00edcias\",\"url\":\"https:\/\/www.suno.com.br\/noticias\/\",\"logo\":{\"@type\":\"ImageObject\",\"inLanguage\":\"pt-BR\",\"@id\":\"https:\/\/www.suno.com.br\/noticias\/#\/schema\/logo\/image\/\",\"url\":\"https:\/\/files.sunoresearch.com.br\/n\/uploads\/2021\/09\/suno-logo.png\",\"contentUrl\":\"https:\/\/files.sunoresearch.com.br\/n\/uploads\/2021\/09\/suno-logo.png\",\"width\":180,\"height\":180,\"caption\":\"Suno Not\u00edcias\"},\"image\":{\"@id\":\"https:\/\/www.suno.com.br\/noticias\/#\/schema\/logo\/image\/\"},\"sameAs\":[\"https:\/\/facebook.com\/sunoresearch\",\"https:\/\/x.com\/sunoresearch\",\"https:\/\/www.instagram.com\/suno\",\"https:\/\/www.linkedin.com\/company\/suno-research\/\",\"https:\/\/www.youtube.com\/c\/sunoresearch\"]},{\"@type\":\"Person\",\"@id\":\"https:\/\/www.suno.com.br\/noticias\/#\/schema\/person\/053a750a709a263919a20f976caae91c\",\"name\":\"Arthur Guimar\u00e3es\",\"image\":{\"@type\":\"ImageObject\",\"inLanguage\":\"pt-BR\",\"@id\":\"https:\/\/www.suno.com.br\/noticias\/#\/schema\/person\/image\/\",\"url\":\"https:\/\/secure.gravatar.com\/avatar\/1affd86a11209ae09eb6dd3bcad3e96c?s=96&r=g\",\"contentUrl\":\"https:\/\/secure.gravatar.com\/avatar\/1affd86a11209ae09eb6dd3bcad3e96c?s=96&r=g\",\"caption\":\"Arthur Guimar\u00e3es\"},\"description\":\"Arthur Guimar\u00e3es escreve sobre pol\u00edtica, economia e neg\u00f3cios para o portal de not\u00edcias da Suno Research. Atualmente, \u00e9 estudante de jornalismo pela Faculdade C\u00e1sper L\u00edbero.\",\"url\":\"https:\/\/www.suno.com.br\/noticias\/author\/arthur-guimaraes\/\"}]}<\/script>\n<!-- \/ Yoast SEO plugin. -->","yoast_head_json":{"title":"Fed: condi\u00e7\u00f5es econ\u00f4micas justificam fim de compras de ativos","description":"\"Apoio o fim das compras de ativos sob essas condi\u00e7\u00f5es\", afirmou a presidente do Fed de Kansas. Clique para saber mais a posi\u00e7\u00e3o da dirigente","robots":{"index":"index","follow":"follow","max-snippet":"max-snippet:-1","max-image-preview":"max-image-preview:large","max-video-preview":"max-video-preview:-1"},"canonical":"https:\/\/www.suno.com.br\/noticias\/fed-condicoes-economicas-fim-compras-ativos\/","og_locale":"pt_BR","og_type":"article","og_title":"Fed: condi\u00e7\u00f5es econ\u00f4micas justificam fim de compras de ativos","og_description":"\"Apoio o fim das compras de ativos sob essas condi\u00e7\u00f5es\", afirmou a presidente do Fed de Kansas. Clique para saber mais a posi\u00e7\u00e3o da dirigente","og_url":"https:\/\/www.suno.com.br\/noticias\/fed-condicoes-economicas-fim-compras-ativos\/","og_site_name":"Suno Not\u00edcias","article_publisher":"https:\/\/facebook.com\/sunoresearch","og_image":[{"width":1280,"height":845,"url":"https:\/\/files.sunoresearch.com.br\/n\/uploads\/2021\/04\/0b8dacdf-flag-3368374_1280.jpg","type":"image\/jpeg"}],"author":"Arthur Guimar\u00e3es","twitter_card":"summary_large_image","twitter_creator":"@sunoresearch","twitter_site":"@sunoresearch","twitter_misc":{"Escrito por":"Arthur Guimar\u00e3es","Est. tempo de leitura":"3 minutos"},"schema":{"@context":"https:\/\/schema.org","@graph":[{"@type":"NewsArticle","@id":"https:\/\/www.suno.com.br\/noticias\/fed-condicoes-economicas-fim-compras-ativos\/#article","isPartOf":{"@id":"https:\/\/www.suno.com.br\/noticias\/fed-condicoes-economicas-fim-compras-ativos\/"},"author":{"name":"Arthur Guimar\u00e3es","@id":"https:\/\/www.suno.com.br\/noticias\/#\/schema\/person\/053a750a709a263919a20f976caae91c"},"headline":"Fed: condi\u00e7\u00f5es econ\u00f4micas justificam fim de compras de ativos, diz dirigente","datePublished":"2021-08-11T22:11:08+00:00","dateModified":"2021-08-12T05:29:40+00:00","mainEntityOfPage":{"@id":"https:\/\/www.suno.com.br\/noticias\/fed-condicoes-economicas-fim-compras-ativos\/"},"wordCount":700,"publisher":{"@id":"https:\/\/www.suno.com.br\/noticias\/#organization"},"image":{"@id":"https:\/\/www.suno.com.br\/noticias\/fed-condicoes-economicas-fim-compras-ativos\/#primaryimage"},"thumbnailUrl":"https:\/\/files.sunoresearch.com.br\/n\/uploads\/2021\/04\/0b8dacdf-flag-3368374_1280-jpg.webp","keywords":["Estados Unidos (EUA)","Federal Reserve (FED)"],"articleSection":["Internacional"],"inLanguage":"pt-BR"},{"@type":"WebPage","@id":"https:\/\/www.suno.com.br\/noticias\/fed-condicoes-economicas-fim-compras-ativos\/","url":"https:\/\/www.suno.com.br\/noticias\/fed-condicoes-economicas-fim-compras-ativos\/","name":"Fed: condi\u00e7\u00f5es econ\u00f4micas justificam fim de compras de ativos","isPartOf":{"@id":"https:\/\/www.suno.com.br\/noticias\/#website"},"primaryImageOfPage":{"@id":"https:\/\/www.suno.com.br\/noticias\/fed-condicoes-economicas-fim-compras-ativos\/#primaryimage"},"image":{"@id":"https:\/\/www.suno.com.br\/noticias\/fed-condicoes-economicas-fim-compras-ativos\/#primaryimage"},"thumbnailUrl":"https:\/\/files.sunoresearch.com.br\/n\/uploads\/2021\/04\/0b8dacdf-flag-3368374_1280-jpg.webp","datePublished":"2021-08-11T22:11:08+00:00","dateModified":"2021-08-12T05:29:40+00:00","description":"\"Apoio o fim das compras de ativos sob essas condi\u00e7\u00f5es\", afirmou a presidente do Fed de Kansas. Clique para saber mais a posi\u00e7\u00e3o da dirigente","breadcrumb":{"@id":"https:\/\/www.suno.com.br\/noticias\/fed-condicoes-economicas-fim-compras-ativos\/#breadcrumb"},"inLanguage":"pt-BR","potentialAction":[{"@type":"ReadAction","target":["https:\/\/www.suno.com.br\/noticias\/fed-condicoes-economicas-fim-compras-ativos\/"]}]},{"@type":"ImageObject","inLanguage":"pt-BR","@id":"https:\/\/www.suno.com.br\/noticias\/fed-condicoes-economicas-fim-compras-ativos\/#primaryimage","url":"https:\/\/files.sunoresearch.com.br\/n\/uploads\/2021\/04\/0b8dacdf-flag-3368374_1280-jpg.webp","contentUrl":"https:\/\/files.sunoresearch.com.br\/n\/uploads\/2021\/04\/0b8dacdf-flag-3368374_1280-jpg.webp","width":1280,"height":845,"caption":"a\u00e7\u00f5es para investir. Foto: Pixabay"},{"@type":"BreadcrumbList","@id":"https:\/\/www.suno.com.br\/noticias\/fed-condicoes-economicas-fim-compras-ativos\/#breadcrumb","itemListElement":[{"@type":"ListItem","position":1,"name":"Not\u00edcias","item":"https:\/\/www.suno.com.br\/noticias\/"},{"@type":"ListItem","position":2,"name":"Internacional","item":"https:\/\/www.suno.com.br\/noticias\/internacional\/"},{"@type":"ListItem","position":3,"name":"Fed: condi\u00e7\u00f5es econ\u00f4micas justificam fim de compras de ativos, diz dirigente"}]},{"@type":"WebSite","@id":"https:\/\/www.suno.com.br\/noticias\/#website","url":"https:\/\/www.suno.com.br\/noticias\/","name":"Suno Not\u00edcias","description":"Seu portal de informa\u00e7\u00e3o sobre o mundo dos investimentos","publisher":{"@id":"https:\/\/www.suno.com.br\/noticias\/#organization"},"potentialAction":[{"@type":"SearchAction","target":{"@type":"EntryPoint","urlTemplate":"https:\/\/www.suno.com.br\/noticias\/?s={search_term_string}"},"query-input":{"@type":"PropertyValueSpecification","valueRequired":true,"valueName":"search_term_string"}}],"inLanguage":"pt-BR"},{"@type":"Organization","@id":"https:\/\/www.suno.com.br\/noticias\/#organization","name":"Suno Not\u00edcias","url":"https:\/\/www.suno.com.br\/noticias\/","logo":{"@type":"ImageObject","inLanguage":"pt-BR","@id":"https:\/\/www.suno.com.br\/noticias\/#\/schema\/logo\/image\/","url":"https:\/\/files.sunoresearch.com.br\/n\/uploads\/2021\/09\/suno-logo.png","contentUrl":"https:\/\/files.sunoresearch.com.br\/n\/uploads\/2021\/09\/suno-logo.png","width":180,"height":180,"caption":"Suno Not\u00edcias"},"image":{"@id":"https:\/\/www.suno.com.br\/noticias\/#\/schema\/logo\/image\/"},"sameAs":["https:\/\/facebook.com\/sunoresearch","https:\/\/x.com\/sunoresearch","https:\/\/www.instagram.com\/suno","https:\/\/www.linkedin.com\/company\/suno-research\/","https:\/\/www.youtube.com\/c\/sunoresearch"]},{"@type":"Person","@id":"https:\/\/www.suno.com.br\/noticias\/#\/schema\/person\/053a750a709a263919a20f976caae91c","name":"Arthur Guimar\u00e3es","image":{"@type":"ImageObject","inLanguage":"pt-BR","@id":"https:\/\/www.suno.com.br\/noticias\/#\/schema\/person\/image\/","url":"https:\/\/secure.gravatar.com\/avatar\/1affd86a11209ae09eb6dd3bcad3e96c?s=96&r=g","contentUrl":"https:\/\/secure.gravatar.com\/avatar\/1affd86a11209ae09eb6dd3bcad3e96c?s=96&r=g","caption":"Arthur Guimar\u00e3es"},"description":"Arthur Guimar\u00e3es escreve sobre pol\u00edtica, economia e neg\u00f3cios para o portal de not\u00edcias da Suno Research. Atualmente, \u00e9 estudante de jornalismo pela Faculdade C\u00e1sper L\u00edbero.","url":"https:\/\/www.suno.com.br\/noticias\/author\/arthur-guimaraes\/"}]}},"default_loop_html":"<div class=\"cardsPage__listCard__boxs\"><div class=\"cardsPage__listCard__boxs__img\"><a href=\"https:\/\/www.suno.com.br\/noticias\/fed-condicoes-economicas-fim-compras-ativos\/\"><img class=\"mask\" src=\"https:\/\/www.suno.com.br\/noticias\/wp-content\/themes\/suno\/resources\/images\/spotlight\/spotlight1img\/bg-mask.png\" alt=\"Image Mask\"\/><img src=\"https:\/\/files.sunoresearch.com.br\/n\/uploads\/2021\/04\/0b8dacdf-flag-3368374_1280-400x200.webp\" alt=\"Fed: condi\u00e7\u00f5es econ\u00f4micas justificam fim de compras de ativos, diz dirigente\"\/><\/a><span class=\"spotlightCategory\"><a href=\"https:\/\/www.suno.com.br\/noticias\/internacional\/\">Internacional<\/a><\/span><\/div><div class=\"cardsPage__listCard__boxs__content\"><a href=\"https:\/\/www.suno.com.br\/noticias\/fed-condicoes-economicas-fim-compras-ativos\/\"><h2 class=\"content__title\">Fed: condi\u00e7\u00f5es econ\u00f4micas justificam fim de compras de ativos, diz dirigente<\/h2><\/a><div class=\"newsContent__article__meta\"><div class=\"newsContent__article__meta__authorBox\"><a href=\"https:\/\/www.suno.com.br\/noticias\/author\/arthur-guimaraes\/\" class=\"authorBox__avatar noMobi\"><img src=\"https:\/\/files.sunoresearch.com.br\/n\/uploads\/2020\/02\/dfb40897-eu-150x150.webp\" alt=\"Arthur Guimar\u00e3es\"><\/a><div class=\"authorBox__name\"><span>por\n\t\t\t<a href=\"https:\/\/www.suno.com.br\/noticias\/author\/arthur-guimaraes\/\"><span itemprop=\"author\">Arthur Guimar\u00e3es<\/span><\/a><\/span><time datetime=\"2021-08-11T19:11:08-03:00\" itemprop=\"datePublished\">11\/08\/2021 19:11<\/time><\/div><\/div><\/div><\/div><\/div>","single_layout":"posts","amp_enabled":true,"_links":{"self":[{"href":"https:\/\/www.suno.com.br\/noticias\/wp-json\/wp\/v2\/posts\/174350"}],"collection":[{"href":"https:\/\/www.suno.com.br\/noticias\/wp-json\/wp\/v2\/posts"}],"about":[{"href":"https:\/\/www.suno.com.br\/noticias\/wp-json\/wp\/v2\/types\/post"}],"author":[{"embeddable":true,"href":"https:\/\/www.suno.com.br\/noticias\/wp-json\/wp\/v2\/users\/35"}],"replies":[{"embeddable":true,"href":"https:\/\/www.suno.com.br\/noticias\/wp-json\/wp\/v2\/comments?post=174350"}],"version-history":[{"count":2,"href":"https:\/\/www.suno.com.br\/noticias\/wp-json\/wp\/v2\/posts\/174350\/revisions"}],"predecessor-version":[{"id":174373,"href":"https:\/\/www.suno.com.br\/noticias\/wp-json\/wp\/v2\/posts\/174350\/revisions\/174373"}],"wp:featuredmedia":[{"embeddable":true,"href":"https:\/\/www.suno.com.br\/noticias\/wp-json\/wp\/v2\/media\/136609"}],"wp:attachment":[{"href":"https:\/\/www.suno.com.br\/noticias\/wp-json\/wp\/v2\/media?parent=174350"}],"wp:term":[{"taxonomy":"category","embeddable":true,"href":"https:\/\/www.suno.com.br\/noticias\/wp-json\/wp\/v2\/categories?post=174350"},{"taxonomy":"post_tag","embeddable":true,"href":"https:\/\/www.suno.com.br\/noticias\/wp-json\/wp\/v2\/tags?post=174350"},{"taxonomy":"suno_strategy","embeddable":true,"href":"https:\/\/www.suno.com.br\/noticias\/wp-json\/wp\/v2\/suno_strategy?post=174350"}],"curies":[{"name":"wp","href":"https:\/\/api.w.org\/{rel}","templated":true}]}}