{"id":174244,"date":"2021-08-11T12:28:50","date_gmt":"2021-08-11T15:28:50","guid":{"rendered":"https:\/\/www.suno.com.br\/noticias\/?p=174244"},"modified":"2021-08-11T12:28:50","modified_gmt":"2021-08-11T15:28:50","slug":"petrobras-petr4-acao-trabalhista-2018","status":"publish","type":"post","link":"https:\/\/www.suno.com.br\/noticias\/petrobras-petr4-acao-trabalhista-2018\/","title":{"rendered":"Petrobras (PETR4): sindicatos recorrem ao STF em a\u00e7\u00e3o trabalhista bilion\u00e1ria de 2018"},"content":{"rendered":"<p>At\u00e9 a \u00faltima quarta-feira, dia 10, o Supremo Tribunal Federal (STF) recebeu cerca de cinco recursos em nome de 15 sindicatos contra a decis\u00e3o do ministro Alexandre de Moraes, de 28 de julho, que anulou a maior condena\u00e7\u00e3o trabalhista da hist\u00f3ria da <a class=\"suno-keyword\" href=\"https:\/\/www.suno.com.br\/acoes\/PETR4\/\" target=\"_blank\" rel=\"noopener noreferrer\" data-force=\"yes\" data-priority=\"2\"><strong>Petrobras<\/strong> (PETR4)<\/a>, imposta pelo Tribunal Superior do Trabalho (TST), em 2018.<\/p>\t<div class=\"wrapper-featured-image\">\n\t\t<figure class=\"spotlightImg\">\n\n\t\t\t<picture>\n\t\t\t\t<source media=\"(max-width: 768px)\" srcset=\"https:\/\/files.sunoresearch.com.br\/n\/uploads\/2021\/04\/3feb74e0-petrobras4-400x200.webp\">\n\t\t\t\t<img loading=\"lazy\" decoding=\"async\" class=\"newsContent__article__imgCapa lazyloadDisabled \" src=\"https:\/\/files.sunoresearch.com.br\/n\/uploads\/2021\/04\/3feb74e0-petrobras4-800x450.webp\" width=\"800\" height=\"450\" alt=\"Petrobras (PETR4): sindicatos recorrem ao STF em a\u00e7\u00e3o trabalhista bilion\u00e1ria de 2018\" fetchpriority=high \/>\n\t\t\t<\/picture>\n\n\t\t\t<figcaption class=\"wp-caption-text wp-caption-text--show\">Decis\u00e3o de reduzir dividendos da Petrobras (PETR4) pode ser repentina, diz BTG Pactual. Foto: Divulga\u00e7\u00e3o<\/figcaption>\n\t\t<\/figure>\n\t<\/div>\n\n\n\t<p>\n\t\t<a href=\"https:\/\/lp.suno.com.br\/planilha-controle-gastos\/\" target=\"_blank\" data-element=\"shortcode-suno-banner\" title=\"Banner SUNO, clique e saiba mais\">\n\t\t\t<picture>\n\t\t\t\t<source media=\"(max-width: 500px)\" srcset=\"https:\/\/files.sunoresearch.com.br\/n\/uploads\/2023\/03\/400x300-Planilha-controle-de-gastos.png\">\n\t\t\t\t<img class=\"newsContent__article__imgCapa newsContent__article__imgCapa--banner\"\n\t\t\t\t\tsrc=\"https:\/\/files.sunoresearch.com.br\/n\/uploads\/2023\/03\/1420x240-Planilha-controle-de-gastos.png\"\n\t\t\t\t\tdata-promo-id=\"101751\"\t\t\t\t\t\t\t\t\t\twidth='1420' height='240'\t\t\t\t\talt=\"https:\/\/files.sunoresearch.com.br\/n\/uploads\/2023\/03\/1420x240-Planilha-controle-de-gastos.png\"\n\t\t\t\t>\n\t\t\t<\/picture>\n\t\t<\/a>\n\t<\/p>\n\n\n<p>De acordo com o Valor Econ\u00f4mico, os trabalhadores afirmam que Moraes foi induzido a erro pela Petrobras, pois, diferentemente do que a estatal afirmou, os servidores n\u00e3o concordaram com a negocia\u00e7\u00e3o em torno dos valores firmados entre sindicado e <strong>petrol\u00edfera<\/strong>.<\/p>\n<p>Al\u00e9m disso, os <strong>sindicatos<\/strong> tamb\u00e9m alegam que o ministro n\u00e3o poderia ter anulado a decis\u00e3o judicial individualmente, mas sim levado a quest\u00e3o ao plen\u00e1rio.<\/p>\n<p>&#8220;A Constitui\u00e7\u00e3o pressup\u00f5e que a admiss\u00e3o do recurso ocorra pelo Tribunal (e n\u00e3o por apenas um de seus integrantes)&#8221;, argumenta o <strong>Sindicato dos Petroleiros<\/strong> do Norte Fluminense.<\/p>\n<p>Embora a <strong>condena\u00e7\u00e3o<\/strong> seja de 2018, at\u00e9 a anula\u00e7\u00e3o do <strong>ministro Alexandre de Moraes<\/strong> &#8211; ao final de julho deste ano -, nenhum dos funcion\u00e1rio tinha recebido qualquer valor da Petrobras. Isso porque o pr\u00f3prio STF concedeu uma s\u00e9rie de liminares que paralisaram os processos de an\u00e1lise pela estatal.<\/p>\n<h2>Entenda o caso trabalhista contra a Petrobras<\/h2>\n<p>O caso teve origem em 2007, quando a Petrobras criou a complementa\u00e7\u00e3o da Remunera\u00e7\u00e3o M\u00ednima por N\u00edvel e Regime (<strong>RNMR<\/strong>), que era uma esp\u00e9cie de piso de adicionais.<\/p>\n\t<p>\n\t\t<a href=\"https:\/\/lp.suno.com.br\/planilha-da-vida-financeira\/\" target=\"_blank\" data-element=\"shortcode-suno-banner\" title=\"Banner SUNO, clique e saiba mais\">\n\t\t\t<picture>\n\t\t\t\t<source media=\"(max-width: 500px)\" srcset=\"https:\/\/files.sunoresearch.com.br\/n\/uploads\/2023\/04\/400x300-Planilha-vida-financeira-true.png\">\n\t\t\t\t<img class=\"newsContent__article__imgCapa newsContent__article__imgCapa--banner\"\n\t\t\t\t\tsrc=\"https:\/\/files.sunoresearch.com.br\/n\/uploads\/2023\/04\/1420x240-Planilha-vida-financeira-true.png\"\n\t\t\t\t\tdata-promo-id=\"106682\"\t\t\t\t\t\t\t\t\t\twidth='1420' height='240'\t\t\t\t\talt=\"https:\/\/files.sunoresearch.com.br\/n\/uploads\/2023\/04\/1420x240-Planilha-vida-financeira-true.png\"\n\t\t\t\t>\n\t\t\t<\/picture>\n\t\t<\/a>\n\t<\/p>\n\n\n<p>Pelos termos do acordo com o sindicato da categoria, adicionais constitucionais (como trabalho noturno, regime de sobreaviso ou de periculosidade) fazem parte do c\u00e1lculo da RNMR, mas os <strong>funcion\u00e1rios da petrol\u00edfera<\/strong> exigiam na Justi\u00e7a que esses valores fossem pagos em separado.<\/p>\n<p>Os <strong>processos judiciais contra a Petrobras<\/strong> come\u00e7aram em 2010, quando os sindicatos envolvidos criaram a tese de que, como a RNMR dava margem a mais de uma interpreta\u00e7\u00e3o, deveria prevalecer a mais ben\u00e9fica aos trabalhadores.<\/p>\n<p>O julgamento da <strong>a\u00e7\u00e3o trabalhista<\/strong> de 2018 reuniu 7 mil a\u00e7\u00f5es individuais e 47 coletivas, envolvendo cerca de 20 entidades sindicais. Por 13 votos a 12, o tribunal deu raz\u00e3o \u00e0 demanda dos trabalhadores.<\/p>\n<p>Com isso, definiu-se que os adicionais trabalhistas de origem constitucional e legal n\u00e3o poderiam ser inclu\u00eddos na base de c\u00e1lculo do RMNR. \u00c0 \u00e9poca, O TST determinou que a Petrobras corrigisse os sal\u00e1rios de 51 mil funcion\u00e1rios, entre ativos e aposentados &#8211; um impacto de R$ 17 bilh\u00f5es.<\/p>\n\t<p>\n\t\t<a href=\"https:\/\/lp.suno.com.br\/ebook-como-analisar-uma-acao\/\" target=\"_blank\" data-element=\"shortcode-suno-banner\" title=\"Banner SUNO, clique e saiba mais\">\n\t\t\t<picture>\n\t\t\t\t<source media=\"(max-width: 500px)\" srcset=\"https:\/\/files.sunoresearch.com.br\/n\/uploads\/2023\/03\/Ebook-Acoes-Mobile-1.jpg\">\n\t\t\t\t<img class=\"newsContent__article__imgCapa newsContent__article__imgCapa--banner\"\n\t\t\t\t\tsrc=\"https:\/\/files.sunoresearch.com.br\/n\/uploads\/2023\/03\/Ebook-Acoes-Desktop-1.jpg\"\n\t\t\t\t\tdata-promo-id=\"171998\"\t\t\t\t\t\t\t\t\t\twidth='1420' height='286'\t\t\t\t\talt=\"https:\/\/files.sunoresearch.com.br\/n\/uploads\/2023\/03\/Ebook-Acoes-Desktop-1.jpg\"\n\t\t\t\t>\n\t\t\t<\/picture>\n\t\t<\/a>\n\t<\/p>\n\n\n<p>Com as corre\u00e7\u00f5es monet\u00e1rias atuais, no balan\u00e7o do primeiro trimestre de 2021, a Petrobras indicou que o custo seria de R$ 46 bilh\u00f5es.<\/p>\n<h2>Anula\u00e7\u00e3o do ministro Alexandre de Moraes<\/h2>\n<p>A decis\u00e3o do ministro restaurou senten\u00e7as de inst\u00e2ncias inferiores ao TST, que haviam sido favor\u00e1veis \u00e0 Petrobras. Segundo essas decis\u00f5es, os adicionais constitucionais devem ser inclu\u00eddos no RNMR e n\u00e3o pagos \u00e0 parte.<\/p>\n<p>Moraes afirmou que a decis\u00e3o do TST \u201cmerece reforma, n\u00e3o se vislumbrando inconstitucionalidade nos termos do acordo livremente firmado entre as empresas recorrentes e o sindicato\u201d. Para ele, a inclus\u00e3o dos adicionais no c\u00e1lculo n\u00e3o reduziu <strong>direitos trabalhistas<\/strong>.<\/p>\n<p>Os recursos dos funcion\u00e1rios da<strong> Petrobras<\/strong> come\u00e7aram a chegar ao STF no dia 4 de agosto, de acordo com o Valor Econ\u00f4mico. At\u00e9 agora, cinco peti\u00e7\u00f5es foram protocoladas em nome de 15 entidades, entre elas a Federa\u00e7\u00e3o \u00danica dos Petroleiros (FUP) e diversos outros sindicatos estaduais ou regionais.<\/p>\n\t<p>\n\t\t<a href=\"https:\/\/lp.suno.com.br\/planilha-de-controle-de-investimentos\/\" target=\"_blank\" data-element=\"shortcode-suno-banner\" title=\"Banner SUNO, clique e saiba mais\">\n\t\t\t<picture>\n\t\t\t\t<source media=\"(max-width: 500px)\" srcset=\"https:\/\/files.sunoresearch.com.br\/n\/uploads\/2023\/03\/400x300-Controle-de-Investimentos.png\">\n\t\t\t\t<img class=\"newsContent__article__imgCapa newsContent__article__imgCapa--banner\"\n\t\t\t\t\tsrc=\"https:\/\/files.sunoresearch.com.br\/n\/uploads\/2023\/03\/1420x240-Controle-de-Investimentos.png\"\n\t\t\t\t\tdata-promo-id=\"75934\"\t\t\t\t\t\t\t\t\t\twidth='1420' height='240'\t\t\t\t\talt=\"https:\/\/files.sunoresearch.com.br\/n\/uploads\/2023\/03\/1420x240-Controle-de-Investimentos.png\"\n\t\t\t\t>\n\t\t\t<\/picture>\n\t\t<\/a>\n\t<\/p>\n\n\n","protected":false},"excerpt":{"rendered":"<p>At\u00e9 a \u00faltima quarta-feira, dia 10, o Supremo Tribunal Federal (STF) recebeu cerca de cinco recursos em nome de 15 sindicatos contra a decis\u00e3o do ministro Alexandre de Moraes, de 28 de julho, que anulou a maior condena\u00e7\u00e3o trabalhista da hist\u00f3ria da Petrobras (PETR4), imposta pelo Tribunal Superior do Trabalho (TST), em 2018. Decis\u00e3o de [&hellip;]<\/p>\n","protected":false},"author":102,"featured_media":137029,"comment_status":"closed","ping_status":"closed","sticky":false,"template":"","format":"standard","meta":[],"categories":[64],"tags":[595,785,1480],"suno_strategy":[],"class_list":["post-174244","post","type-post","status-publish","format-standard","has-post-thumbnail","hentry","category-negocios","tag-petrobras-petr4","tag-supremo-tribunal-federal-stf","tag-tst"],"yoast_head":"<!-- This site is optimized with the Yoast SEO plugin v24.4 - https:\/\/yoast.com\/wordpress\/plugins\/seo\/ -->\n<title>Petrobras (PETR4): Sindicatos v\u00e3o ao STF em a\u00e7\u00e3o trabalhista bilion\u00e1ria<\/title>\n<meta name=\"description\" content=\"Ap\u00f3s anula\u00e7\u00e3o do ministro Alexandre de Moraes, sindicatos recorrem ao STF em a\u00e7\u00e3o trabalhista bilion\u00e1ria contra a Petrobras. Entenda o caso\" \/>\n<meta name=\"robots\" content=\"index, follow, max-snippet:-1, max-image-preview:large, max-video-preview:-1\" \/>\n<link rel=\"canonical\" href=\"https:\/\/www.suno.com.br\/noticias\/petrobras-petr4-acao-trabalhista-2018\/\" \/>\n<meta property=\"og:locale\" content=\"pt_BR\" \/>\n<meta property=\"og:type\" content=\"article\" \/>\n<meta property=\"og:title\" content=\"Petrobras (PETR4): Sindicatos v\u00e3o ao STF em a\u00e7\u00e3o trabalhista bilion\u00e1ria\" \/>\n<meta property=\"og:description\" content=\"Ap\u00f3s anula\u00e7\u00e3o do ministro Alexandre de Moraes, sindicatos recorrem ao STF em a\u00e7\u00e3o trabalhista bilion\u00e1ria contra a Petrobras. Entenda o caso\" \/>\n<meta property=\"og:url\" content=\"https:\/\/www.suno.com.br\/noticias\/petrobras-petr4-acao-trabalhista-2018\/\" \/>\n<meta property=\"og:site_name\" content=\"Suno Not\u00edcias\" \/>\n<meta property=\"article:publisher\" content=\"https:\/\/facebook.com\/sunoresearch\" \/>\n<meta property=\"og:image\" content=\"https:\/\/files.sunoresearch.com.br\/n\/uploads\/2021\/04\/3feb74e0-petrobras4.jpg\" \/>\n\t<meta property=\"og:image:width\" content=\"1200\" \/>\n\t<meta property=\"og:image:height\" content=\"800\" \/>\n\t<meta property=\"og:image:type\" content=\"image\/jpeg\" \/>\n<meta name=\"author\" content=\"Monique Lima\" \/>\n<meta name=\"twitter:card\" content=\"summary_large_image\" \/>\n<meta name=\"twitter:creator\" content=\"@sunoresearch\" \/>\n<meta name=\"twitter:site\" content=\"@sunoresearch\" \/>\n<meta name=\"twitter:label1\" content=\"Escrito por\" \/>\n\t<meta name=\"twitter:data1\" content=\"Monique Lima\" \/>\n\t<meta name=\"twitter:label2\" content=\"Est. tempo de leitura\" \/>\n\t<meta name=\"twitter:data2\" content=\"3 minutos\" \/>\n<script type=\"application\/ld+json\" class=\"yoast-schema-graph\">{\"@context\":\"https:\/\/schema.org\",\"@graph\":[{\"@type\":\"NewsArticle\",\"@id\":\"https:\/\/www.suno.com.br\/noticias\/petrobras-petr4-acao-trabalhista-2018\/#article\",\"isPartOf\":{\"@id\":\"https:\/\/www.suno.com.br\/noticias\/petrobras-petr4-acao-trabalhista-2018\/\"},\"author\":{\"name\":\"Monique Lima\",\"@id\":\"https:\/\/www.suno.com.br\/noticias\/#\/schema\/person\/d712329319cc9b10f254d02d654cb36a\"},\"headline\":\"Petrobras (PETR4): sindicatos recorrem ao STF em a\u00e7\u00e3o trabalhista bilion\u00e1ria de 2018\",\"datePublished\":\"2021-08-11T15:28:50+00:00\",\"mainEntityOfPage\":{\"@id\":\"https:\/\/www.suno.com.br\/noticias\/petrobras-petr4-acao-trabalhista-2018\/\"},\"wordCount\":602,\"publisher\":{\"@id\":\"https:\/\/www.suno.com.br\/noticias\/#organization\"},\"image\":{\"@id\":\"https:\/\/www.suno.com.br\/noticias\/petrobras-petr4-acao-trabalhista-2018\/#primaryimage\"},\"thumbnailUrl\":\"https:\/\/files.sunoresearch.com.br\/n\/uploads\/2021\/04\/3feb74e0-petrobras4-jpg.webp\",\"keywords\":[\"Petrobras (PETR4)\",\"Supremo Tribunal Federal (STF)\",\"TST\"],\"articleSection\":[\"Neg\u00f3cios\"],\"inLanguage\":\"pt-BR\"},{\"@type\":\"WebPage\",\"@id\":\"https:\/\/www.suno.com.br\/noticias\/petrobras-petr4-acao-trabalhista-2018\/\",\"url\":\"https:\/\/www.suno.com.br\/noticias\/petrobras-petr4-acao-trabalhista-2018\/\",\"name\":\"Petrobras (PETR4): Sindicatos v\u00e3o ao STF em a\u00e7\u00e3o trabalhista bilion\u00e1ria\",\"isPartOf\":{\"@id\":\"https:\/\/www.suno.com.br\/noticias\/#website\"},\"primaryImageOfPage\":{\"@id\":\"https:\/\/www.suno.com.br\/noticias\/petrobras-petr4-acao-trabalhista-2018\/#primaryimage\"},\"image\":{\"@id\":\"https:\/\/www.suno.com.br\/noticias\/petrobras-petr4-acao-trabalhista-2018\/#primaryimage\"},\"thumbnailUrl\":\"https:\/\/files.sunoresearch.com.br\/n\/uploads\/2021\/04\/3feb74e0-petrobras4-jpg.webp\",\"datePublished\":\"2021-08-11T15:28:50+00:00\",\"description\":\"Ap\u00f3s anula\u00e7\u00e3o do ministro Alexandre de Moraes, sindicatos recorrem ao STF em a\u00e7\u00e3o trabalhista bilion\u00e1ria contra a Petrobras. Entenda o caso\",\"breadcrumb\":{\"@id\":\"https:\/\/www.suno.com.br\/noticias\/petrobras-petr4-acao-trabalhista-2018\/#breadcrumb\"},\"inLanguage\":\"pt-BR\",\"potentialAction\":[{\"@type\":\"ReadAction\",\"target\":[\"https:\/\/www.suno.com.br\/noticias\/petrobras-petr4-acao-trabalhista-2018\/\"]}]},{\"@type\":\"ImageObject\",\"inLanguage\":\"pt-BR\",\"@id\":\"https:\/\/www.suno.com.br\/noticias\/petrobras-petr4-acao-trabalhista-2018\/#primaryimage\",\"url\":\"https:\/\/files.sunoresearch.com.br\/n\/uploads\/2021\/04\/3feb74e0-petrobras4-jpg.webp\",\"contentUrl\":\"https:\/\/files.sunoresearch.com.br\/n\/uploads\/2021\/04\/3feb74e0-petrobras4-jpg.webp\",\"width\":1200,\"height\":800,\"caption\":\"Decis\u00e3o de reduzir dividendos da Petrobras (PETR4) pode ser repentina, diz BTG Pactual. Foto: Divulga\u00e7\u00e3o\"},{\"@type\":\"BreadcrumbList\",\"@id\":\"https:\/\/www.suno.com.br\/noticias\/petrobras-petr4-acao-trabalhista-2018\/#breadcrumb\",\"itemListElement\":[{\"@type\":\"ListItem\",\"position\":1,\"name\":\"Not\u00edcias\",\"item\":\"https:\/\/www.suno.com.br\/noticias\/\"},{\"@type\":\"ListItem\",\"position\":2,\"name\":\"Neg\u00f3cios\",\"item\":\"https:\/\/www.suno.com.br\/noticias\/negocios\/\"},{\"@type\":\"ListItem\",\"position\":3,\"name\":\"Petrobras (PETR4): sindicatos recorrem ao STF em a\u00e7\u00e3o trabalhista bilion\u00e1ria de 2018\"}]},{\"@type\":\"WebSite\",\"@id\":\"https:\/\/www.suno.com.br\/noticias\/#website\",\"url\":\"https:\/\/www.suno.com.br\/noticias\/\",\"name\":\"Suno Not\u00edcias\",\"description\":\"Seu portal de informa\u00e7\u00e3o sobre o mundo dos investimentos\",\"publisher\":{\"@id\":\"https:\/\/www.suno.com.br\/noticias\/#organization\"},\"potentialAction\":[{\"@type\":\"SearchAction\",\"target\":{\"@type\":\"EntryPoint\",\"urlTemplate\":\"https:\/\/www.suno.com.br\/noticias\/?s={search_term_string}\"},\"query-input\":{\"@type\":\"PropertyValueSpecification\",\"valueRequired\":true,\"valueName\":\"search_term_string\"}}],\"inLanguage\":\"pt-BR\"},{\"@type\":\"Organization\",\"@id\":\"https:\/\/www.suno.com.br\/noticias\/#organization\",\"name\":\"Suno Not\u00edcias\",\"url\":\"https:\/\/www.suno.com.br\/noticias\/\",\"logo\":{\"@type\":\"ImageObject\",\"inLanguage\":\"pt-BR\",\"@id\":\"https:\/\/www.suno.com.br\/noticias\/#\/schema\/logo\/image\/\",\"url\":\"https:\/\/files.sunoresearch.com.br\/n\/uploads\/2021\/09\/suno-logo.png\",\"contentUrl\":\"https:\/\/files.sunoresearch.com.br\/n\/uploads\/2021\/09\/suno-logo.png\",\"width\":180,\"height\":180,\"caption\":\"Suno Not\u00edcias\"},\"image\":{\"@id\":\"https:\/\/www.suno.com.br\/noticias\/#\/schema\/logo\/image\/\"},\"sameAs\":[\"https:\/\/facebook.com\/sunoresearch\",\"https:\/\/x.com\/sunoresearch\",\"https:\/\/www.instagram.com\/suno\",\"https:\/\/www.linkedin.com\/company\/suno-research\/\",\"https:\/\/www.youtube.com\/c\/sunoresearch\"]},{\"@type\":\"Person\",\"@id\":\"https:\/\/www.suno.com.br\/noticias\/#\/schema\/person\/d712329319cc9b10f254d02d654cb36a\",\"name\":\"Monique Lima\",\"image\":{\"@type\":\"ImageObject\",\"inLanguage\":\"pt-BR\",\"@id\":\"https:\/\/www.suno.com.br\/noticias\/#\/schema\/person\/image\/\",\"url\":\"https:\/\/secure.gravatar.com\/avatar\/daee7f16d906c2e9ffed236206ca2c30?s=96&r=g\",\"contentUrl\":\"https:\/\/secure.gravatar.com\/avatar\/daee7f16d906c2e9ffed236206ca2c30?s=96&r=g\",\"caption\":\"Monique Lima\"},\"description\":\"Rep\u00f3rter de Mercado no Suno Not\u00edcias, \u00e9 jornalista com experi\u00eancia na cobertura de economia, empreendedorismo, finan\u00e7as pessoais, mercado financeiro, carreira e recursos humanos. Formada em Jornalismo pela Universidade Paulista, teve experi\u00eancias em ve\u00edculos de comunica\u00e7\u00e3o como a Ag\u00eancia TradeMap, Revista Voc\u00ea S\/A e Revista Voc\u00ea RH, as duas \u00faltimas publica\u00e7\u00f5es da Editora Abril. No Suno Not\u00edcias, fala sobre as principais not\u00edcias de Fundos Imobili\u00e1rios, Fiagro, Startups e empresas listadas na Bolsa.\",\"url\":\"https:\/\/www.suno.com.br\/noticias\/author\/monique-lima\/\"}]}<\/script>\n<!-- \/ Yoast SEO plugin. -->","yoast_head_json":{"title":"Petrobras (PETR4): Sindicatos v\u00e3o ao STF em a\u00e7\u00e3o trabalhista bilion\u00e1ria","description":"Ap\u00f3s anula\u00e7\u00e3o do ministro Alexandre de Moraes, sindicatos recorrem ao STF em a\u00e7\u00e3o trabalhista bilion\u00e1ria contra a Petrobras. Entenda o caso","robots":{"index":"index","follow":"follow","max-snippet":"max-snippet:-1","max-image-preview":"max-image-preview:large","max-video-preview":"max-video-preview:-1"},"canonical":"https:\/\/www.suno.com.br\/noticias\/petrobras-petr4-acao-trabalhista-2018\/","og_locale":"pt_BR","og_type":"article","og_title":"Petrobras (PETR4): Sindicatos v\u00e3o ao STF em a\u00e7\u00e3o trabalhista bilion\u00e1ria","og_description":"Ap\u00f3s anula\u00e7\u00e3o do ministro Alexandre de Moraes, sindicatos recorrem ao STF em a\u00e7\u00e3o trabalhista bilion\u00e1ria contra a Petrobras. Entenda o caso","og_url":"https:\/\/www.suno.com.br\/noticias\/petrobras-petr4-acao-trabalhista-2018\/","og_site_name":"Suno Not\u00edcias","article_publisher":"https:\/\/facebook.com\/sunoresearch","og_image":[{"width":1200,"height":800,"url":"https:\/\/files.sunoresearch.com.br\/n\/uploads\/2021\/04\/3feb74e0-petrobras4.jpg","type":"image\/jpeg"}],"author":"Monique Lima","twitter_card":"summary_large_image","twitter_creator":"@sunoresearch","twitter_site":"@sunoresearch","twitter_misc":{"Escrito por":"Monique Lima","Est. tempo de leitura":"3 minutos"},"schema":{"@context":"https:\/\/schema.org","@graph":[{"@type":"NewsArticle","@id":"https:\/\/www.suno.com.br\/noticias\/petrobras-petr4-acao-trabalhista-2018\/#article","isPartOf":{"@id":"https:\/\/www.suno.com.br\/noticias\/petrobras-petr4-acao-trabalhista-2018\/"},"author":{"name":"Monique Lima","@id":"https:\/\/www.suno.com.br\/noticias\/#\/schema\/person\/d712329319cc9b10f254d02d654cb36a"},"headline":"Petrobras (PETR4): sindicatos recorrem ao STF em a\u00e7\u00e3o trabalhista bilion\u00e1ria de 2018","datePublished":"2021-08-11T15:28:50+00:00","mainEntityOfPage":{"@id":"https:\/\/www.suno.com.br\/noticias\/petrobras-petr4-acao-trabalhista-2018\/"},"wordCount":602,"publisher":{"@id":"https:\/\/www.suno.com.br\/noticias\/#organization"},"image":{"@id":"https:\/\/www.suno.com.br\/noticias\/petrobras-petr4-acao-trabalhista-2018\/#primaryimage"},"thumbnailUrl":"https:\/\/files.sunoresearch.com.br\/n\/uploads\/2021\/04\/3feb74e0-petrobras4-jpg.webp","keywords":["Petrobras (PETR4)","Supremo Tribunal Federal (STF)","TST"],"articleSection":["Neg\u00f3cios"],"inLanguage":"pt-BR"},{"@type":"WebPage","@id":"https:\/\/www.suno.com.br\/noticias\/petrobras-petr4-acao-trabalhista-2018\/","url":"https:\/\/www.suno.com.br\/noticias\/petrobras-petr4-acao-trabalhista-2018\/","name":"Petrobras (PETR4): Sindicatos v\u00e3o ao STF em a\u00e7\u00e3o trabalhista bilion\u00e1ria","isPartOf":{"@id":"https:\/\/www.suno.com.br\/noticias\/#website"},"primaryImageOfPage":{"@id":"https:\/\/www.suno.com.br\/noticias\/petrobras-petr4-acao-trabalhista-2018\/#primaryimage"},"image":{"@id":"https:\/\/www.suno.com.br\/noticias\/petrobras-petr4-acao-trabalhista-2018\/#primaryimage"},"thumbnailUrl":"https:\/\/files.sunoresearch.com.br\/n\/uploads\/2021\/04\/3feb74e0-petrobras4-jpg.webp","datePublished":"2021-08-11T15:28:50+00:00","description":"Ap\u00f3s anula\u00e7\u00e3o do ministro Alexandre de Moraes, sindicatos recorrem ao STF em a\u00e7\u00e3o trabalhista bilion\u00e1ria contra a Petrobras. Entenda o caso","breadcrumb":{"@id":"https:\/\/www.suno.com.br\/noticias\/petrobras-petr4-acao-trabalhista-2018\/#breadcrumb"},"inLanguage":"pt-BR","potentialAction":[{"@type":"ReadAction","target":["https:\/\/www.suno.com.br\/noticias\/petrobras-petr4-acao-trabalhista-2018\/"]}]},{"@type":"ImageObject","inLanguage":"pt-BR","@id":"https:\/\/www.suno.com.br\/noticias\/petrobras-petr4-acao-trabalhista-2018\/#primaryimage","url":"https:\/\/files.sunoresearch.com.br\/n\/uploads\/2021\/04\/3feb74e0-petrobras4-jpg.webp","contentUrl":"https:\/\/files.sunoresearch.com.br\/n\/uploads\/2021\/04\/3feb74e0-petrobras4-jpg.webp","width":1200,"height":800,"caption":"Decis\u00e3o de reduzir dividendos da Petrobras (PETR4) pode ser repentina, diz BTG Pactual. Foto: Divulga\u00e7\u00e3o"},{"@type":"BreadcrumbList","@id":"https:\/\/www.suno.com.br\/noticias\/petrobras-petr4-acao-trabalhista-2018\/#breadcrumb","itemListElement":[{"@type":"ListItem","position":1,"name":"Not\u00edcias","item":"https:\/\/www.suno.com.br\/noticias\/"},{"@type":"ListItem","position":2,"name":"Neg\u00f3cios","item":"https:\/\/www.suno.com.br\/noticias\/negocios\/"},{"@type":"ListItem","position":3,"name":"Petrobras (PETR4): sindicatos recorrem ao STF em a\u00e7\u00e3o trabalhista bilion\u00e1ria de 2018"}]},{"@type":"WebSite","@id":"https:\/\/www.suno.com.br\/noticias\/#website","url":"https:\/\/www.suno.com.br\/noticias\/","name":"Suno Not\u00edcias","description":"Seu portal de informa\u00e7\u00e3o sobre o mundo dos investimentos","publisher":{"@id":"https:\/\/www.suno.com.br\/noticias\/#organization"},"potentialAction":[{"@type":"SearchAction","target":{"@type":"EntryPoint","urlTemplate":"https:\/\/www.suno.com.br\/noticias\/?s={search_term_string}"},"query-input":{"@type":"PropertyValueSpecification","valueRequired":true,"valueName":"search_term_string"}}],"inLanguage":"pt-BR"},{"@type":"Organization","@id":"https:\/\/www.suno.com.br\/noticias\/#organization","name":"Suno Not\u00edcias","url":"https:\/\/www.suno.com.br\/noticias\/","logo":{"@type":"ImageObject","inLanguage":"pt-BR","@id":"https:\/\/www.suno.com.br\/noticias\/#\/schema\/logo\/image\/","url":"https:\/\/files.sunoresearch.com.br\/n\/uploads\/2021\/09\/suno-logo.png","contentUrl":"https:\/\/files.sunoresearch.com.br\/n\/uploads\/2021\/09\/suno-logo.png","width":180,"height":180,"caption":"Suno Not\u00edcias"},"image":{"@id":"https:\/\/www.suno.com.br\/noticias\/#\/schema\/logo\/image\/"},"sameAs":["https:\/\/facebook.com\/sunoresearch","https:\/\/x.com\/sunoresearch","https:\/\/www.instagram.com\/suno","https:\/\/www.linkedin.com\/company\/suno-research\/","https:\/\/www.youtube.com\/c\/sunoresearch"]},{"@type":"Person","@id":"https:\/\/www.suno.com.br\/noticias\/#\/schema\/person\/d712329319cc9b10f254d02d654cb36a","name":"Monique Lima","image":{"@type":"ImageObject","inLanguage":"pt-BR","@id":"https:\/\/www.suno.com.br\/noticias\/#\/schema\/person\/image\/","url":"https:\/\/secure.gravatar.com\/avatar\/daee7f16d906c2e9ffed236206ca2c30?s=96&r=g","contentUrl":"https:\/\/secure.gravatar.com\/avatar\/daee7f16d906c2e9ffed236206ca2c30?s=96&r=g","caption":"Monique Lima"},"description":"Rep\u00f3rter de Mercado no Suno Not\u00edcias, \u00e9 jornalista com experi\u00eancia na cobertura de economia, empreendedorismo, finan\u00e7as pessoais, mercado financeiro, carreira e recursos humanos. Formada em Jornalismo pela Universidade Paulista, teve experi\u00eancias em ve\u00edculos de comunica\u00e7\u00e3o como a Ag\u00eancia TradeMap, Revista Voc\u00ea S\/A e Revista Voc\u00ea RH, as duas \u00faltimas publica\u00e7\u00f5es da Editora Abril. No Suno Not\u00edcias, fala sobre as principais not\u00edcias de Fundos Imobili\u00e1rios, Fiagro, Startups e empresas listadas na Bolsa.","url":"https:\/\/www.suno.com.br\/noticias\/author\/monique-lima\/"}]}},"default_loop_html":"<div class=\"cardsPage__listCard__boxs\"><div class=\"cardsPage__listCard__boxs__img\"><a href=\"https:\/\/www.suno.com.br\/noticias\/petrobras-petr4-acao-trabalhista-2018\/\"><img class=\"mask\" src=\"https:\/\/www.suno.com.br\/noticias\/wp-content\/themes\/suno\/resources\/images\/spotlight\/spotlight1img\/bg-mask.png\" alt=\"Image Mask\"\/><img src=\"https:\/\/files.sunoresearch.com.br\/n\/uploads\/2021\/04\/3feb74e0-petrobras4-400x200.webp\" alt=\"Petrobras (PETR4): sindicatos recorrem ao STF em a\u00e7\u00e3o trabalhista bilion\u00e1ria de 2018\"\/><\/a><span class=\"spotlightCategory\"><a href=\"https:\/\/www.suno.com.br\/noticias\/negocios\/\">Neg\u00f3cios<\/a><\/span><\/div><div class=\"cardsPage__listCard__boxs__content\"><a href=\"https:\/\/www.suno.com.br\/noticias\/petrobras-petr4-acao-trabalhista-2018\/\"><h2 class=\"content__title\">Petrobras (PETR4): sindicatos recorrem ao STF em a\u00e7\u00e3o trabalhista bilion\u00e1ria de 2018<\/h2><\/a><div class=\"newsContent__article__meta\"><div class=\"newsContent__article__meta__authorBox\"><a href=\"https:\/\/www.suno.com.br\/noticias\/author\/monique-lima\/\" class=\"authorBox__avatar noMobi\"><img src=\"https:\/\/secure.gravatar.com\/avatar\/daee7f16d906c2e9ffed236206ca2c30?s=96&#038;r=g\" alt=\"Monique Lima\"><\/a><div class=\"authorBox__name\"><span>por\n\t\t\t<a href=\"https:\/\/www.suno.com.br\/noticias\/author\/monique-lima\/\"><span itemprop=\"author\">Monique Lima<\/span><\/a><\/span><time datetime=\"2021-08-11T12:28:50-03:00\" itemprop=\"datePublished\">11\/08\/2021 12:28<\/time><\/div><\/div><\/div><\/div><\/div>","single_layout":"posts","amp_enabled":true,"_links":{"self":[{"href":"https:\/\/www.suno.com.br\/noticias\/wp-json\/wp\/v2\/posts\/174244"}],"collection":[{"href":"https:\/\/www.suno.com.br\/noticias\/wp-json\/wp\/v2\/posts"}],"about":[{"href":"https:\/\/www.suno.com.br\/noticias\/wp-json\/wp\/v2\/types\/post"}],"author":[{"embeddable":true,"href":"https:\/\/www.suno.com.br\/noticias\/wp-json\/wp\/v2\/users\/102"}],"replies":[{"embeddable":true,"href":"https:\/\/www.suno.com.br\/noticias\/wp-json\/wp\/v2\/comments?post=174244"}],"version-history":[{"count":3,"href":"https:\/\/www.suno.com.br\/noticias\/wp-json\/wp\/v2\/posts\/174244\/revisions"}],"predecessor-version":[{"id":174299,"href":"https:\/\/www.suno.com.br\/noticias\/wp-json\/wp\/v2\/posts\/174244\/revisions\/174299"}],"wp:featuredmedia":[{"embeddable":true,"href":"https:\/\/www.suno.com.br\/noticias\/wp-json\/wp\/v2\/media\/137029"}],"wp:attachment":[{"href":"https:\/\/www.suno.com.br\/noticias\/wp-json\/wp\/v2\/media?parent=174244"}],"wp:term":[{"taxonomy":"category","embeddable":true,"href":"https:\/\/www.suno.com.br\/noticias\/wp-json\/wp\/v2\/categories?post=174244"},{"taxonomy":"post_tag","embeddable":true,"href":"https:\/\/www.suno.com.br\/noticias\/wp-json\/wp\/v2\/tags?post=174244"},{"taxonomy":"suno_strategy","embeddable":true,"href":"https:\/\/www.suno.com.br\/noticias\/wp-json\/wp\/v2\/suno_strategy?post=174244"}],"curies":[{"name":"wp","href":"https:\/\/api.w.org\/{rel}","templated":true}]}}