{"id":17350,"date":"2019-03-07T17:49:12","date_gmt":"2019-03-07T20:49:12","guid":{"rendered":"https:\/\/www.suno.com.br\/noticias\/?p=17350"},"modified":"2019-03-08T09:20:10","modified_gmt":"2019-03-08T12:20:10","slug":"dolar-03072019","status":"publish","type":"post","link":"https:\/\/www.suno.com.br\/noticias\/dolar-03072019\/","title":{"rendered":"D\u00f3lar fecha a R$ 3,885, na quarta alta consecutiva"},"content":{"rendered":"<p>O d\u00f3lar encerrou em alta nesta quinta-feira (7) na <a href=\"https:\/\/www.suno.com.br\/artigos\/b3\/\">B3<\/a> (<a href=\"https:\/\/www.suno.com.br\/artigos\/bmf\/\">BM&amp;F<\/a> <a href=\"https:\/\/www.suno.com.br\/artigos\/bovespa-precedente-b3\/\">Bovespa<\/a>).<\/p>\t<div class=\"wrapper-featured-image\">\n\t\t<figure class=\"spotlightImg\">\n\n\t\t\t<picture>\n\t\t\t\t<source media=\"(max-width: 768px)\" srcset=\"https:\/\/files.sunoresearch.com.br\/n\/uploads\/2019\/01\/ae3d8e13-d\u00f3lar-400x200.webp\">\n\t\t\t\t<img loading=\"lazy\" decoding=\"async\" class=\"newsContent__article__imgCapa lazyloadDisabled newsContent__article__imgCapa--noCaption\" src=\"https:\/\/files.sunoresearch.com.br\/n\/uploads\/2019\/01\/ae3d8e13-d\u00f3lar-800x450.webp\" width=\"800\" height=\"450\" alt=\"D\u00f3lar fecha a R$ 3,885, na quarta alta consecutiva\" fetchpriority=high \/>\n\t\t\t<\/picture>\n\n\t\t\t<figcaption class=\"wp-caption-text wp-caption-text--hide\">D\u00f3lar abre em queda atento ao coronav\u00edrus e a reuni\u00e3o do Fomc<\/figcaption>\n\t\t<\/figure>\n\t<\/div>\n\n\n<p>Afetado tanto pelo cen\u00e1rio interno, como o externo, o <strong>d\u00f3lar<\/strong> fechou a sess\u00e3o com a <strong>cota\u00e7\u00e3o<\/strong> de\u00a0R$ 3,885 na venda. Esta \u00e9 a <strong>quarta ascens\u00e3o consecutiva<\/strong>, e o maior fechamento desde 27 dezembro (R$ 3,894).<\/p>\n<p>Sem progresso na vota\u00e7\u00e3o da <strong>Proposta de Emenda Constitucional<\/strong> (PEC) <strong>da reforma da Previd\u00eancia<\/strong>, al\u00e9m da decis\u00e3o do\u00a0Banco Central Europeu, de adiar para 2020 a primeira alta de juros p\u00f3s-crise, o <strong>d\u00f3lar<\/strong> obteve valoriza\u00e7\u00e3o.<\/p>\n<p>Confira abaixo o fechamento do euro e da libra esterlina:<\/p>\n<ul>\n<li><strong><a href=\"https:\/\/www.suno.com.br\/artigos\/euro\/\">Euro<\/a>:<\/strong> alta de\u00a00,053% a R$\u00a04,3452<\/li>\n<li><strong>Libra esterlina:<\/strong> alta de\u00a00,393% a R$\u00a05,0783<\/li>\n<\/ul>\n<p>O <a href=\"https:\/\/www.suno.com.br\/artigos\/bacen\/\">Banco Central<\/a> (BC) vendeu 14,5 mil <a href=\"https:\/\/www.suno.com.br\/artigos\/swap-cambial\/\">swaps cambiais<\/a> tradicionais, equivalente \u00e0 venda futura de d\u00f3lares. Assim, rolou US$ 1,450 bilh\u00e3o dos US$ 12,321 bilh\u00f5es que vencem em abril.<\/p>\n<p><a href=\"https:\/\/www.suno.com.br\/noticias\/previdencia-ccj-camara-carnaval\/\">Saiba mais &#8211;\u00a0Previd\u00eancia: Instala\u00e7\u00e3o da CCJ na C\u00e2mara deve ocorrer ap\u00f3s carnaval<\/a><\/p>\n<p><a href=\"https:\/\/www.suno.com.br\/noticias\/bolsonaro-militares-reforma-da-previdencia\/\">Saiba mais &#8211;\u00a0Bolsonaro volta a dizer que militares ser\u00e3o inclusos na reforma da Previd\u00eancia\u00a0<\/a><\/p>\n<h2>Reforma da Previd\u00eancia precisa de CCJ<\/h2>\n<p>A <strong>PEC<\/strong> da <strong>reforma da Previd\u00eancia<\/strong> precisa que uma<strong>\u00a0Comiss\u00e3o de Constitui\u00e7\u00e3o e Justi\u00e7a<\/strong> (CCJ) seja estabelecida para, ent\u00e3o, seguir ao plen\u00e1rio da <strong>C\u00e2mara dos Deputados<\/strong>.<\/p>\n<p>Apesar do <strong>PSL<\/strong> j\u00e1 ter indicado\u00a0<strong>Felipe Francischini<\/strong> para presidir a CCJ, n\u00e3o h\u00e1 sess\u00e3o convocada para a instala\u00e7\u00e3o da <strong>CCJ<\/strong>, pois ainda n\u00e3o foram indicados todos os componentes do colegiado.<\/p>\n<p>O presidente da <strong>C\u00e2mara Federal<\/strong>, <strong>Rodrigo Maia<\/strong> (DEM), havia afirmado em 25 de fevereiro que a <strong>instala\u00e7\u00e3o da CCJ<\/strong> ficaria para depois do <strong>Carnaval<\/strong>.<\/p>\n<p>Na v\u00e9spera,\u00a0<strong>Felipe Francischini<\/strong> afirmou ao &#8220;G1&#8221; que caso a CCJ n\u00e3o seja instalada na pr\u00f3xima semana, a vota\u00e7\u00e3o da PEC da <strong>reforma da Previd\u00eancia<\/strong> ficar\u00e1 para o <strong>pr\u00f3ximo semestre<\/strong>.<\/p>\n<p><span style=\"font-size: 1.21429rem;\">&#8220;O presidente Rodrigo Maia me disse que instala\u00e7\u00e3o [da CCJ] deve ser entre ter\u00e7a [12] e quarta [13]. Ainda estamos esperando as <strong>indica\u00e7\u00f5es dos l\u00edderes para<\/strong> <strong>a comiss\u00e3o<\/strong>. Se n\u00e3o instalar na semana que vem, acho <strong>dif\u00edcil<\/strong> que o <strong>texto<\/strong> final da reforma seja <strong>votado<\/strong> no plen\u00e1rio ainda no <strong>primeiro semestre<\/strong>. A <strong>CCJ<\/strong> vai ser o grande <strong>term\u00f4metro<\/strong>&#8220;, afirmou o futuro presidente da comiss\u00e3o.<\/span><\/p>\n<p>Assim que instalada a CCJ da C\u00e2mara, e a <strong>PEC<\/strong> for aprovada pela <strong>comiss\u00e3o<\/strong>, a <strong>proposta<\/strong> ser\u00e1 votada pelos deputados. Ser\u00e3o necess\u00e1rios<strong>\u00a0308 de 513 votos<\/strong> para que a <strong>PEC<\/strong> siga ao <strong>Senado<\/strong>.<\/p>\n<p><a href=\"https:\/\/www.suno.com.br\/noticias\/reforma-previdencia-impactos-economia\/\">Saiba mais &#8211;\u00a0Previd\u00eancia: 3 impactos da n\u00e3o aprova\u00e7\u00e3o da reforma para a economia\u00a0<\/a><\/p>\n<p>Ap\u00f3s aprovada pela CCJ do <strong>Senado<\/strong>, o texto \u00e9 votado pelos senadores, dos quais s\u00e3o necess\u00e1rios<strong> 49 de 81 votos<\/strong> para a Casa aprovar a <strong>PEC<\/strong>.<\/p>\n<p>O <strong>mercado<\/strong> est\u00e1 desanimado com o andamento da <strong>vota\u00e7\u00e3o da PEC<\/strong>. Para somar ao <strong>des\u00e2nimo<\/strong>, declara\u00e7\u00f5es do presidente da Rep\u00fablica,<strong> Jair Bolsonaro<\/strong>, acerca de poss\u00edveis mudan\u00e7as no texto, antes mesmo de ser votado, tamb\u00e9m deixam os <strong>investidores<\/strong> em estado de alerta.<\/p>\n<p><strong>Jair Bolsonaro<\/strong> afirmou, em 28 de fevereiro, que pode negociar alguns pontos da <strong>reforma da Previd\u00eancia<\/strong>.<\/p>\n<p>A declara\u00e7\u00e3o foi feita em uma reuni\u00e3o com jornalistas. No entanto, entre os pontos negoci\u00e1veis est\u00e1 a<strong> idade m\u00ednima<\/strong> para aposentadoria de <strong>mulheres<\/strong> que passaria de <strong>62 para 60 anos<\/strong>.<\/p>\n<p>Al\u00e9m disso, o presidente ainda afirmou que poder\u00e3o ser realizadas concess\u00f5es no <strong>Benef\u00edcio de Presta\u00e7\u00e3o Continuada<\/strong> (BPC).<\/p>\n<p>Dessa forma, o <strong>benef\u00edcio<\/strong> que \u00e9 pago aos idosos, deficientes de baixa renda e no percentual de pens\u00e3o por morte, passaria de 60% para 70%.<\/p>\n<p>\u201cEu acho que d\u00e1 para cortar um pouco de <strong>gordura<\/strong> e chegar a um bom termo\u201d, disse o presidente.<\/p>\n<h2>Banco Central Europeu<\/h2>\n<p>O<strong> Banco Central Europeu<\/strong> adiou, nesta quinta, para 2020 a primeira alta de juros p\u00f3s-crise. Al\u00e9m disso,\u00a0ofereceu aos bancos novas rodadas de empr\u00e9stimos.<\/p>\n<p>O BCE disse que as taxas de juros permanecer\u00e3o nas m\u00ednimas recordes ao menos at\u00e9 o final deste ano.<\/p>\n<h2>\u00daltima cota\u00e7\u00e3o<\/h2>\n<p>O <strong>d\u00f3lar<\/strong> encerrou na quarta-feira (06) em alta de 1,47%, negociado a R$ 3,836.<\/p>\n","protected":false},"excerpt":{"rendered":"<p>O d\u00f3lar encerrou em alta nesta quinta-feira (7) na B3 (BM&amp;F Bovespa). D\u00f3lar abre em queda atento ao coronav\u00edrus e a reuni\u00e3o do Fomc Afetado tanto pelo cen\u00e1rio interno, como o externo, o d\u00f3lar fechou a sess\u00e3o com a cota\u00e7\u00e3o de\u00a0R$ 3,885 na venda. Esta \u00e9 a quarta ascens\u00e3o consecutiva, e o maior fechamento desde [&hellip;]<\/p>\n","protected":false},"author":12,"featured_media":13447,"comment_status":"closed","ping_status":"closed","sticky":false,"template":"","format":"standard","meta":[],"categories":[60],"tags":[863,326,719,940],"suno_strategy":[],"class_list":["post-17350","post","type-post","status-publish","format-standard","has-post-thumbnail","hentry","category-mercado","tag-banco-central-europeu-bce","tag-dolar","tag-jair-bolsonaro","tag-reforma-da-previdencia"],"yoast_head":"<!-- This site is optimized with the Yoast SEO plugin v24.4 - https:\/\/yoast.com\/wordpress\/plugins\/seo\/ -->\n<title>D\u00f3lar fecha a R$ 3,885, na quinta alta consecutiva<\/title>\n<meta name=\"description\" content=\"O d\u00f3lar fechou o dia com a cota\u00e7\u00e3o de\u00a0R$ 3,885 na venda, influenciado pela reforma da Previd\u00eancia e a decis\u00e3o do BCE. Clique para saber mais.\" \/>\n<meta name=\"robots\" content=\"index, follow, max-snippet:-1, max-image-preview:large, max-video-preview:-1\" \/>\n<link rel=\"canonical\" href=\"https:\/\/www.suno.com.br\/noticias\/dolar-03072019\/\" \/>\n<meta property=\"og:locale\" content=\"pt_BR\" \/>\n<meta property=\"og:type\" content=\"article\" \/>\n<meta property=\"og:title\" content=\"D\u00f3lar fecha a R$ 3,885, na quinta alta consecutiva\" \/>\n<meta property=\"og:description\" content=\"O d\u00f3lar fechou o dia com a cota\u00e7\u00e3o de\u00a0R$ 3,885 na venda, influenciado pela reforma da Previd\u00eancia e a decis\u00e3o do BCE. Clique para saber mais.\" \/>\n<meta property=\"og:url\" content=\"https:\/\/www.suno.com.br\/noticias\/dolar-03072019\/\" \/>\n<meta property=\"og:site_name\" content=\"Suno Not\u00edcias\" \/>\n<meta property=\"article:publisher\" content=\"https:\/\/facebook.com\/sunoresearch\" \/>\n<meta property=\"og:image\" content=\"https:\/\/files.sunoresearch.com.br\/n\/uploads\/2019\/01\/ae3d8e13-d\u00f3lar.jpg\" \/>\n\t<meta property=\"og:image:width\" content=\"1024\" \/>\n\t<meta property=\"og:image:height\" content=\"660\" \/>\n\t<meta property=\"og:image:type\" content=\"image\/jpeg\" \/>\n<meta name=\"author\" content=\"Amanda Gushiken\" \/>\n<meta name=\"twitter:card\" content=\"summary_large_image\" \/>\n<meta name=\"twitter:creator\" content=\"@sunoresearch\" \/>\n<meta name=\"twitter:site\" content=\"@sunoresearch\" \/>\n<meta name=\"twitter:label1\" content=\"Escrito por\" \/>\n\t<meta name=\"twitter:data1\" content=\"Amanda Gushiken\" \/>\n\t<meta name=\"twitter:label2\" content=\"Est. tempo de leitura\" \/>\n\t<meta name=\"twitter:data2\" content=\"3 minutos\" \/>\n<script type=\"application\/ld+json\" class=\"yoast-schema-graph\">{\"@context\":\"https:\/\/schema.org\",\"@graph\":[{\"@type\":\"NewsArticle\",\"@id\":\"https:\/\/www.suno.com.br\/noticias\/dolar-03072019\/#article\",\"isPartOf\":{\"@id\":\"https:\/\/www.suno.com.br\/noticias\/dolar-03072019\/\"},\"author\":{\"name\":\"Amanda Gushiken\",\"@id\":\"https:\/\/www.suno.com.br\/noticias\/#\/schema\/person\/a5b06fa4e879d8e8e119c6ed3cd630d1\"},\"headline\":\"D\u00f3lar fecha a R$ 3,885, na quarta alta consecutiva\",\"datePublished\":\"2019-03-07T20:49:12+00:00\",\"dateModified\":\"2019-03-08T12:20:10+00:00\",\"mainEntityOfPage\":{\"@id\":\"https:\/\/www.suno.com.br\/noticias\/dolar-03072019\/\"},\"wordCount\":695,\"publisher\":{\"@id\":\"https:\/\/www.suno.com.br\/noticias\/#organization\"},\"image\":{\"@id\":\"https:\/\/www.suno.com.br\/noticias\/dolar-03072019\/#primaryimage\"},\"thumbnailUrl\":\"https:\/\/files.sunoresearch.com.br\/n\/uploads\/2019\/01\/ae3d8e13-d\u00f3lar-jpg.webp\",\"keywords\":[\"Banco Central Europeu (BCE)\",\"d\u00f3lar\",\"Jair Bolsonaro\",\"Reforma da Previd\u00eancia\"],\"articleSection\":[\"Mercado\"],\"inLanguage\":\"pt-BR\"},{\"@type\":\"WebPage\",\"@id\":\"https:\/\/www.suno.com.br\/noticias\/dolar-03072019\/\",\"url\":\"https:\/\/www.suno.com.br\/noticias\/dolar-03072019\/\",\"name\":\"D\u00f3lar fecha a R$ 3,885, na quinta alta consecutiva\",\"isPartOf\":{\"@id\":\"https:\/\/www.suno.com.br\/noticias\/#website\"},\"primaryImageOfPage\":{\"@id\":\"https:\/\/www.suno.com.br\/noticias\/dolar-03072019\/#primaryimage\"},\"image\":{\"@id\":\"https:\/\/www.suno.com.br\/noticias\/dolar-03072019\/#primaryimage\"},\"thumbnailUrl\":\"https:\/\/files.sunoresearch.com.br\/n\/uploads\/2019\/01\/ae3d8e13-d\u00f3lar-jpg.webp\",\"datePublished\":\"2019-03-07T20:49:12+00:00\",\"dateModified\":\"2019-03-08T12:20:10+00:00\",\"description\":\"O d\u00f3lar fechou o dia com a cota\u00e7\u00e3o de\u00a0R$ 3,885 na venda, influenciado pela reforma da Previd\u00eancia e a decis\u00e3o do BCE. Clique para saber mais.\",\"breadcrumb\":{\"@id\":\"https:\/\/www.suno.com.br\/noticias\/dolar-03072019\/#breadcrumb\"},\"inLanguage\":\"pt-BR\",\"potentialAction\":[{\"@type\":\"ReadAction\",\"target\":[\"https:\/\/www.suno.com.br\/noticias\/dolar-03072019\/\"]}]},{\"@type\":\"ImageObject\",\"inLanguage\":\"pt-BR\",\"@id\":\"https:\/\/www.suno.com.br\/noticias\/dolar-03072019\/#primaryimage\",\"url\":\"https:\/\/files.sunoresearch.com.br\/n\/uploads\/2019\/01\/ae3d8e13-d\u00f3lar-jpg.webp\",\"contentUrl\":\"https:\/\/files.sunoresearch.com.br\/n\/uploads\/2019\/01\/ae3d8e13-d\u00f3lar-jpg.webp\",\"width\":1024,\"height\":660,\"caption\":\"D\u00f3lar abre em queda atento ao coronav\u00edrus e a reuni\u00e3o do Fomc\"},{\"@type\":\"BreadcrumbList\",\"@id\":\"https:\/\/www.suno.com.br\/noticias\/dolar-03072019\/#breadcrumb\",\"itemListElement\":[{\"@type\":\"ListItem\",\"position\":1,\"name\":\"Not\u00edcias\",\"item\":\"https:\/\/www.suno.com.br\/noticias\/\"},{\"@type\":\"ListItem\",\"position\":2,\"name\":\"Mercado\",\"item\":\"https:\/\/www.suno.com.br\/noticias\/mercado\/\"},{\"@type\":\"ListItem\",\"position\":3,\"name\":\"D\u00f3lar fecha a R$ 3,885, na quarta alta consecutiva\"}]},{\"@type\":\"WebSite\",\"@id\":\"https:\/\/www.suno.com.br\/noticias\/#website\",\"url\":\"https:\/\/www.suno.com.br\/noticias\/\",\"name\":\"Suno Not\u00edcias\",\"description\":\"Seu portal de informa\u00e7\u00e3o sobre o mundo dos investimentos\",\"publisher\":{\"@id\":\"https:\/\/www.suno.com.br\/noticias\/#organization\"},\"potentialAction\":[{\"@type\":\"SearchAction\",\"target\":{\"@type\":\"EntryPoint\",\"urlTemplate\":\"https:\/\/www.suno.com.br\/noticias\/?s={search_term_string}\"},\"query-input\":{\"@type\":\"PropertyValueSpecification\",\"valueRequired\":true,\"valueName\":\"search_term_string\"}}],\"inLanguage\":\"pt-BR\"},{\"@type\":\"Organization\",\"@id\":\"https:\/\/www.suno.com.br\/noticias\/#organization\",\"name\":\"Suno Not\u00edcias\",\"url\":\"https:\/\/www.suno.com.br\/noticias\/\",\"logo\":{\"@type\":\"ImageObject\",\"inLanguage\":\"pt-BR\",\"@id\":\"https:\/\/www.suno.com.br\/noticias\/#\/schema\/logo\/image\/\",\"url\":\"https:\/\/files.sunoresearch.com.br\/n\/uploads\/2021\/09\/suno-logo.png\",\"contentUrl\":\"https:\/\/files.sunoresearch.com.br\/n\/uploads\/2021\/09\/suno-logo.png\",\"width\":180,\"height\":180,\"caption\":\"Suno Not\u00edcias\"},\"image\":{\"@id\":\"https:\/\/www.suno.com.br\/noticias\/#\/schema\/logo\/image\/\"},\"sameAs\":[\"https:\/\/facebook.com\/sunoresearch\",\"https:\/\/x.com\/sunoresearch\",\"https:\/\/www.instagram.com\/suno\",\"https:\/\/www.linkedin.com\/company\/suno-research\/\",\"https:\/\/www.youtube.com\/c\/sunoresearch\"]},{\"@type\":\"Person\",\"@id\":\"https:\/\/www.suno.com.br\/noticias\/#\/schema\/person\/a5b06fa4e879d8e8e119c6ed3cd630d1\",\"name\":\"Amanda Gushiken\",\"image\":{\"@type\":\"ImageObject\",\"inLanguage\":\"pt-BR\",\"@id\":\"https:\/\/www.suno.com.br\/noticias\/#\/schema\/person\/image\/\",\"url\":\"https:\/\/secure.gravatar.com\/avatar\/ecd84705e6b65e3685ae80d725501fbe?s=96&r=g\",\"contentUrl\":\"https:\/\/secure.gravatar.com\/avatar\/ecd84705e6b65e3685ae80d725501fbe?s=96&r=g\",\"caption\":\"Amanda Gushiken\"},\"description\":\"Amanda Sayuri Gushiken escreve sobre finan\u00e7as e neg\u00f3cios para o portal Suno Not\u00edcias. Antes, trabalhou selecionando not\u00edcias da imprensa para clientes do mercado financeiro. Tamb\u00e9m desenvolveu pesquisa acad\u00eamica pela Universidade Anhembi Morumbi na \u00e1rea de Teorias da Comunica\u00e7\u00e3o e \u00e9 fot\u00f3grafa nas horas vagas.\",\"url\":\"https:\/\/www.suno.com.br\/noticias\/author\/amanda\/\"}]}<\/script>\n<!-- \/ Yoast SEO plugin. -->","yoast_head_json":{"title":"D\u00f3lar fecha a R$ 3,885, na quinta alta consecutiva","description":"O d\u00f3lar fechou o dia com a cota\u00e7\u00e3o de\u00a0R$ 3,885 na venda, influenciado pela reforma da Previd\u00eancia e a decis\u00e3o do BCE. Clique para saber mais.","robots":{"index":"index","follow":"follow","max-snippet":"max-snippet:-1","max-image-preview":"max-image-preview:large","max-video-preview":"max-video-preview:-1"},"canonical":"https:\/\/www.suno.com.br\/noticias\/dolar-03072019\/","og_locale":"pt_BR","og_type":"article","og_title":"D\u00f3lar fecha a R$ 3,885, na quinta alta consecutiva","og_description":"O d\u00f3lar fechou o dia com a cota\u00e7\u00e3o de\u00a0R$ 3,885 na venda, influenciado pela reforma da Previd\u00eancia e a decis\u00e3o do BCE. Clique para saber mais.","og_url":"https:\/\/www.suno.com.br\/noticias\/dolar-03072019\/","og_site_name":"Suno Not\u00edcias","article_publisher":"https:\/\/facebook.com\/sunoresearch","og_image":[{"width":1024,"height":660,"url":"https:\/\/files.sunoresearch.com.br\/n\/uploads\/2019\/01\/ae3d8e13-d\u00f3lar.jpg","type":"image\/jpeg"}],"author":"Amanda Gushiken","twitter_card":"summary_large_image","twitter_creator":"@sunoresearch","twitter_site":"@sunoresearch","twitter_misc":{"Escrito por":"Amanda Gushiken","Est. tempo de leitura":"3 minutos"},"schema":{"@context":"https:\/\/schema.org","@graph":[{"@type":"NewsArticle","@id":"https:\/\/www.suno.com.br\/noticias\/dolar-03072019\/#article","isPartOf":{"@id":"https:\/\/www.suno.com.br\/noticias\/dolar-03072019\/"},"author":{"name":"Amanda Gushiken","@id":"https:\/\/www.suno.com.br\/noticias\/#\/schema\/person\/a5b06fa4e879d8e8e119c6ed3cd630d1"},"headline":"D\u00f3lar fecha a R$ 3,885, na quarta alta consecutiva","datePublished":"2019-03-07T20:49:12+00:00","dateModified":"2019-03-08T12:20:10+00:00","mainEntityOfPage":{"@id":"https:\/\/www.suno.com.br\/noticias\/dolar-03072019\/"},"wordCount":695,"publisher":{"@id":"https:\/\/www.suno.com.br\/noticias\/#organization"},"image":{"@id":"https:\/\/www.suno.com.br\/noticias\/dolar-03072019\/#primaryimage"},"thumbnailUrl":"https:\/\/files.sunoresearch.com.br\/n\/uploads\/2019\/01\/ae3d8e13-d\u00f3lar-jpg.webp","keywords":["Banco Central Europeu (BCE)","d\u00f3lar","Jair Bolsonaro","Reforma da Previd\u00eancia"],"articleSection":["Mercado"],"inLanguage":"pt-BR"},{"@type":"WebPage","@id":"https:\/\/www.suno.com.br\/noticias\/dolar-03072019\/","url":"https:\/\/www.suno.com.br\/noticias\/dolar-03072019\/","name":"D\u00f3lar fecha a R$ 3,885, na quinta alta consecutiva","isPartOf":{"@id":"https:\/\/www.suno.com.br\/noticias\/#website"},"primaryImageOfPage":{"@id":"https:\/\/www.suno.com.br\/noticias\/dolar-03072019\/#primaryimage"},"image":{"@id":"https:\/\/www.suno.com.br\/noticias\/dolar-03072019\/#primaryimage"},"thumbnailUrl":"https:\/\/files.sunoresearch.com.br\/n\/uploads\/2019\/01\/ae3d8e13-d\u00f3lar-jpg.webp","datePublished":"2019-03-07T20:49:12+00:00","dateModified":"2019-03-08T12:20:10+00:00","description":"O d\u00f3lar fechou o dia com a cota\u00e7\u00e3o de\u00a0R$ 3,885 na venda, influenciado pela reforma da Previd\u00eancia e a decis\u00e3o do BCE. Clique para saber mais.","breadcrumb":{"@id":"https:\/\/www.suno.com.br\/noticias\/dolar-03072019\/#breadcrumb"},"inLanguage":"pt-BR","potentialAction":[{"@type":"ReadAction","target":["https:\/\/www.suno.com.br\/noticias\/dolar-03072019\/"]}]},{"@type":"ImageObject","inLanguage":"pt-BR","@id":"https:\/\/www.suno.com.br\/noticias\/dolar-03072019\/#primaryimage","url":"https:\/\/files.sunoresearch.com.br\/n\/uploads\/2019\/01\/ae3d8e13-d\u00f3lar-jpg.webp","contentUrl":"https:\/\/files.sunoresearch.com.br\/n\/uploads\/2019\/01\/ae3d8e13-d\u00f3lar-jpg.webp","width":1024,"height":660,"caption":"D\u00f3lar abre em queda atento ao coronav\u00edrus e a reuni\u00e3o do Fomc"},{"@type":"BreadcrumbList","@id":"https:\/\/www.suno.com.br\/noticias\/dolar-03072019\/#breadcrumb","itemListElement":[{"@type":"ListItem","position":1,"name":"Not\u00edcias","item":"https:\/\/www.suno.com.br\/noticias\/"},{"@type":"ListItem","position":2,"name":"Mercado","item":"https:\/\/www.suno.com.br\/noticias\/mercado\/"},{"@type":"ListItem","position":3,"name":"D\u00f3lar fecha a R$ 3,885, na quarta alta consecutiva"}]},{"@type":"WebSite","@id":"https:\/\/www.suno.com.br\/noticias\/#website","url":"https:\/\/www.suno.com.br\/noticias\/","name":"Suno Not\u00edcias","description":"Seu portal de informa\u00e7\u00e3o sobre o mundo dos investimentos","publisher":{"@id":"https:\/\/www.suno.com.br\/noticias\/#organization"},"potentialAction":[{"@type":"SearchAction","target":{"@type":"EntryPoint","urlTemplate":"https:\/\/www.suno.com.br\/noticias\/?s={search_term_string}"},"query-input":{"@type":"PropertyValueSpecification","valueRequired":true,"valueName":"search_term_string"}}],"inLanguage":"pt-BR"},{"@type":"Organization","@id":"https:\/\/www.suno.com.br\/noticias\/#organization","name":"Suno Not\u00edcias","url":"https:\/\/www.suno.com.br\/noticias\/","logo":{"@type":"ImageObject","inLanguage":"pt-BR","@id":"https:\/\/www.suno.com.br\/noticias\/#\/schema\/logo\/image\/","url":"https:\/\/files.sunoresearch.com.br\/n\/uploads\/2021\/09\/suno-logo.png","contentUrl":"https:\/\/files.sunoresearch.com.br\/n\/uploads\/2021\/09\/suno-logo.png","width":180,"height":180,"caption":"Suno Not\u00edcias"},"image":{"@id":"https:\/\/www.suno.com.br\/noticias\/#\/schema\/logo\/image\/"},"sameAs":["https:\/\/facebook.com\/sunoresearch","https:\/\/x.com\/sunoresearch","https:\/\/www.instagram.com\/suno","https:\/\/www.linkedin.com\/company\/suno-research\/","https:\/\/www.youtube.com\/c\/sunoresearch"]},{"@type":"Person","@id":"https:\/\/www.suno.com.br\/noticias\/#\/schema\/person\/a5b06fa4e879d8e8e119c6ed3cd630d1","name":"Amanda Gushiken","image":{"@type":"ImageObject","inLanguage":"pt-BR","@id":"https:\/\/www.suno.com.br\/noticias\/#\/schema\/person\/image\/","url":"https:\/\/secure.gravatar.com\/avatar\/ecd84705e6b65e3685ae80d725501fbe?s=96&r=g","contentUrl":"https:\/\/secure.gravatar.com\/avatar\/ecd84705e6b65e3685ae80d725501fbe?s=96&r=g","caption":"Amanda Gushiken"},"description":"Amanda Sayuri Gushiken escreve sobre finan\u00e7as e neg\u00f3cios para o portal Suno Not\u00edcias. Antes, trabalhou selecionando not\u00edcias da imprensa para clientes do mercado financeiro. Tamb\u00e9m desenvolveu pesquisa acad\u00eamica pela Universidade Anhembi Morumbi na \u00e1rea de Teorias da Comunica\u00e7\u00e3o e \u00e9 fot\u00f3grafa nas horas vagas.","url":"https:\/\/www.suno.com.br\/noticias\/author\/amanda\/"}]}},"default_loop_html":"<div class=\"cardsPage__listCard__boxs\"><div class=\"cardsPage__listCard__boxs__img\"><a href=\"https:\/\/www.suno.com.br\/noticias\/dolar-03072019\/\"><img class=\"mask\" src=\"https:\/\/www.suno.com.br\/noticias\/wp-content\/themes\/suno\/resources\/images\/spotlight\/spotlight1img\/bg-mask.png\" alt=\"Image Mask\"\/><img src=\"https:\/\/files.sunoresearch.com.br\/n\/uploads\/2019\/01\/ae3d8e13-d\u00f3lar-400x200.webp\" alt=\"D\u00f3lar fecha a R$ 3,885, na quarta alta consecutiva\"\/><\/a><span class=\"spotlightCategory\"><a href=\"https:\/\/www.suno.com.br\/noticias\/mercado\/\">Mercado<\/a><\/span><\/div><div class=\"cardsPage__listCard__boxs__content\"><a href=\"https:\/\/www.suno.com.br\/noticias\/dolar-03072019\/\"><h2 class=\"content__title\">D\u00f3lar fecha a R$ 3,885, na quarta alta consecutiva<\/h2><\/a><div class=\"newsContent__article__meta\"><div class=\"newsContent__article__meta__authorBox\"><a href=\"https:\/\/www.suno.com.br\/noticias\/author\/amanda\/\" class=\"authorBox__avatar noMobi\"><img src=\"https:\/\/files.sunoresearch.com.br\/n\/uploads\/2018\/11\/c6ad30be-amanda-150x150.webp\" alt=\"Amanda Gushiken\"><\/a><div class=\"authorBox__name\"><span>por\n\t\t\t<a href=\"https:\/\/www.suno.com.br\/noticias\/author\/amanda\/\"><span itemprop=\"author\">Amanda Gushiken<\/span><\/a><\/span><time datetime=\"2019-03-07T17:49:12-03:00\" itemprop=\"datePublished\">07\/03\/2019 17:49<\/time><\/div><\/div><\/div><\/div><\/div>","single_layout":"posts","amp_enabled":true,"_links":{"self":[{"href":"https:\/\/www.suno.com.br\/noticias\/wp-json\/wp\/v2\/posts\/17350"}],"collection":[{"href":"https:\/\/www.suno.com.br\/noticias\/wp-json\/wp\/v2\/posts"}],"about":[{"href":"https:\/\/www.suno.com.br\/noticias\/wp-json\/wp\/v2\/types\/post"}],"author":[{"embeddable":true,"href":"https:\/\/www.suno.com.br\/noticias\/wp-json\/wp\/v2\/users\/12"}],"replies":[{"embeddable":true,"href":"https:\/\/www.suno.com.br\/noticias\/wp-json\/wp\/v2\/comments?post=17350"}],"version-history":[{"count":0,"href":"https:\/\/www.suno.com.br\/noticias\/wp-json\/wp\/v2\/posts\/17350\/revisions"}],"wp:featuredmedia":[{"embeddable":true,"href":"https:\/\/www.suno.com.br\/noticias\/wp-json\/wp\/v2\/media\/13447"}],"wp:attachment":[{"href":"https:\/\/www.suno.com.br\/noticias\/wp-json\/wp\/v2\/media?parent=17350"}],"wp:term":[{"taxonomy":"category","embeddable":true,"href":"https:\/\/www.suno.com.br\/noticias\/wp-json\/wp\/v2\/categories?post=17350"},{"taxonomy":"post_tag","embeddable":true,"href":"https:\/\/www.suno.com.br\/noticias\/wp-json\/wp\/v2\/tags?post=17350"},{"taxonomy":"suno_strategy","embeddable":true,"href":"https:\/\/www.suno.com.br\/noticias\/wp-json\/wp\/v2\/suno_strategy?post=17350"}],"curies":[{"name":"wp","href":"https:\/\/api.w.org\/{rel}","templated":true}]}}