{"id":173463,"date":"2021-08-09T17:01:18","date_gmt":"2021-08-09T20:01:18","guid":{"rendered":"https:\/\/www.suno.com.br\/noticias\/?p=173463"},"modified":"2021-08-09T22:32:21","modified_gmt":"2021-08-10T01:32:21","slug":"guedes-entrega-pec-precatorios-previsibilidade-gastos","status":"publish","type":"post","link":"https:\/\/www.suno.com.br\/noticias\/guedes-entrega-pec-precatorios-previsibilidade-gastos\/","title":{"rendered":"Guedes entrega PEC dos precat\u00f3rios e cita &#8216;previsibilidade dos gastos&#8217;"},"content":{"rendered":"<p>O ministro da Economia, <a class=\"suno-keyword\" href=\"https:\/\/www.suno.com.br\/tudo-sobre\/paulo-guedes\/\" target=\"_blank\" rel=\"noopener noreferrer\" data-force=\"no\" data-priority=\"2\">Paulo <strong>Guedes<\/strong><\/a>, disse que a Proposta de Emenda Constitucional (PEC) dos Precat\u00f3rios \u00e9 decisiva para o Brasil e d\u00e1 &#8220;previsibilidade para os gastos&#8221; ao entreg\u00e1-la \u00e0 C\u00e2mara dos Deputados na manh\u00e3 desta segunda-feira (9).<\/p>\t<div class=\"wrapper-featured-image\">\n\t\t<figure class=\"spotlightImg\">\n\n\t\t\t<picture>\n\t\t\t\t<source media=\"(max-width: 768px)\" srcset=\"https:\/\/files.sunoresearch.com.br\/n\/uploads\/2021\/05\/7976d96a-paulo-guedes-400x200.webp\">\n\t\t\t\t<img loading=\"lazy\" decoding=\"async\" class=\"newsContent__article__imgCapa lazyloadDisabled \" src=\"https:\/\/files.sunoresearch.com.br\/n\/uploads\/2021\/05\/7976d96a-paulo-guedes-800x450.webp\" width=\"800\" height=\"450\" alt=\"Guedes entrega PEC dos precat\u00f3rios e cita &#8216;previsibilidade dos gastos&#8217;\" fetchpriority=high \/>\n\t\t\t<\/picture>\n\n\t\t\t<figcaption class=\"wp-caption-text wp-caption-text--show\">Pelas contas da SPE, aproximadamente R$ 110 bilh\u00f5es desse aumento s\u00e3o estruturais. A Secretaria calcula que R$ 87,4 bilh\u00f5es s\u00e3o do Imposto de Renda. Desse valor, R$ 58,5 bilh\u00f5es s\u00e3o estruturais (66%) - Foto: Wilson Dias\/Ag\u00eancia Brasil<\/figcaption>\n\t\t<\/figure>\n\t<\/div>\n\n\n\t<p>\n\t\t<a href=\"https:\/\/lp.suno.com.br\/planilha-controle-gastos\/\" target=\"_blank\" data-element=\"shortcode-suno-banner\" title=\"Banner SUNO, clique e saiba mais\">\n\t\t\t<picture>\n\t\t\t\t<source media=\"(max-width: 500px)\" srcset=\"https:\/\/files.sunoresearch.com.br\/n\/uploads\/2023\/03\/400x300-Planilha-controle-de-gastos.png\">\n\t\t\t\t<img class=\"newsContent__article__imgCapa newsContent__article__imgCapa--banner\"\n\t\t\t\t\tsrc=\"https:\/\/files.sunoresearch.com.br\/n\/uploads\/2023\/03\/1420x240-Planilha-controle-de-gastos.png\"\n\t\t\t\t\tdata-promo-id=\"101751\"\t\t\t\t\t\t\t\t\t\twidth='1420' height='240'\t\t\t\t\talt=\"https:\/\/files.sunoresearch.com.br\/n\/uploads\/2023\/03\/1420x240-Planilha-controle-de-gastos.png\"\n\t\t\t\t>\n\t\t\t<\/picture>\n\t\t<\/a>\n\t<\/p>\n\n\n<p>Al\u00e9m disso, Guedes tamb\u00e9m entregou em m\u00e3os a Medida Provis\u00f3ria (MP) do <strong>Aux\u00edlio<\/strong> <strong>Brasil<\/strong> &#8211; programa social que deve substituir o <strong>Bolsa<\/strong> <strong>Fam\u00edlia<\/strong>.<\/p>\n<p><a href=\"https:\/\/www.suno.com.br\/artigos\/precatorios\/\">A PEC dos <strong>Precat\u00f3rios<\/strong><\/a> prop\u00f5e mudan\u00e7as \u00e0 Constitui\u00e7\u00e3o para permitir o <a class=\"suno-keyword\" href=\"https:\/\/www.suno.com.br\/artigos\/parcelamento-de-dividas\/\" target=\"_blank\" rel=\"noopener noreferrer\" data-force=\"no\" data-priority=\"1\">parcelamento de d\u00edvidas<\/a> de precat\u00f3rios a partir do pr\u00f3ximo ano, e a Medida Provis\u00f3ria do Aux\u00edlio Brasil, que busca ampliar o Bolsa Fam\u00edlia.<\/p>\n<p>&#8220;A PEC dos precat\u00f3rios cria a <strong>previsibilidade<\/strong> <strong>dos gastos<\/strong>. Os poderes s\u00e3o independentes, nunca vamos entrar no m\u00e9rito das decis\u00f5es de outros poderes, mas a capacidade de pagamento e a press\u00e3o que isso exerce sobre o governo precisa ser disciplinada&#8221;, disse Guedes.<\/p>\n\n\t<div data-element=\"shortcode-read-more\" class=\"readToo\">\n\t\t\t\t<span class=\"readToo__title\">Leia mais<\/span>\n\t\t\t\t<ul class=\"readToo__list\">\n\t\t\t<li><a href=\"https:\/\/www.suno.com.br\/noticias\/petrobras-petr4-venda-petroquimica-deten\/\">Petrobras (PETR4) mira a venda de outras petroqu\u00edmicas, como a Deten Qu\u00edmica<\/a><\/li><li><a href=\"https:\/\/www.suno.com.br\/noticias\/dolar-alta-03082021\/\">D\u00f3lar permanece em alta com falas de Guedes sobre precat\u00f3rios no radar<\/a><\/li>\t\t<\/ul>\n\t<\/div>\n\n\n<p>O ministro voltou a reclamar que o custo dos precat\u00f3rios<a href=\"https:\/\/www.suno.com.br\/artigos\/divida-liquida\"> envolvem <strong>d\u00edvidas<\/strong> de muitos anos<\/a>, de v\u00e1rios governos, que &#8220;desaba&#8221; sobre um governo em um ano.<\/p>\n<p>Por isso, segundo ele, o governo Bolsonaro decidiu atacar o problema frontalmente. &#8220;Isso inviabilizaria n\u00e3o s\u00f3 os programas sociais como o funcionamento da esplanada&#8221;, completou.<\/p>\n<p>Guedes mais uma vez citou que a PEC dos Precat\u00f3rios assegura a implementa\u00e7\u00e3o dos <strong>programas<\/strong> <strong>sociais<\/strong> e a transforma\u00e7\u00e3o do Estado.<\/p>\n\t<p>\n\t\t<a href=\"https:\/\/lp.suno.com.br\/planilha-da-vida-financeira\/\" target=\"_blank\" data-element=\"shortcode-suno-banner\" title=\"Banner SUNO, clique e saiba mais\">\n\t\t\t<picture>\n\t\t\t\t<source media=\"(max-width: 500px)\" srcset=\"https:\/\/files.sunoresearch.com.br\/n\/uploads\/2023\/04\/400x300-Planilha-vida-financeira-true.png\">\n\t\t\t\t<img class=\"newsContent__article__imgCapa newsContent__article__imgCapa--banner\"\n\t\t\t\t\tsrc=\"https:\/\/files.sunoresearch.com.br\/n\/uploads\/2023\/04\/1420x240-Planilha-vida-financeira-true.png\"\n\t\t\t\t\tdata-promo-id=\"106682\"\t\t\t\t\t\t\t\t\t\twidth='1420' height='240'\t\t\t\t\talt=\"https:\/\/files.sunoresearch.com.br\/n\/uploads\/2023\/04\/1420x240-Planilha-vida-financeira-true.png\"\n\t\t\t\t>\n\t\t\t<\/picture>\n\t\t<\/a>\n\t<\/p>\n\n\n<p>Para convencer os parlamentares a autorizar a medida, a equipe econ\u00f4mica prop\u00f5e que parte dos recursos levantados com privatiza\u00e7\u00f5es seja usada para pagar esses d\u00e9bitos e tamb\u00e9m para turbinar os benef\u00edcios sociais da popula\u00e7\u00e3o mais pobre &#8211; tudo fora do <a class=\"suno-keyword\" href=\"https:\/\/www.suno.com.br\/artigos\/teto-de-gastos\/\" target=\"_blank\" rel=\"noopener noreferrer\" data-force=\"no\" data-priority=\"1\"><strong>teto<\/strong> <strong>de gastos<\/strong><\/a>.<\/p>\n<p>&#8220;A PEC visa dar um ordenamento \u00e0 uma quest\u00e3o que nos preocupa muito&#8221;, acrescentou Lira.<\/p>\n<h2>&#8220;Devo, n\u00e3o nego, pago quando puder&#8221;, diz Guedes<\/h2>\n<p>O ministro, ainda na semana passada, disse que que o Estado brasileiro n\u00e3o possui <strong>capacidade<\/strong> <strong>financeira<\/strong> para pagar todos os precat\u00f3rios. <a href=\"https:\/\/www.suno.com.br\/noticias\/paulo-guedes-precatorios-devo-nao-nego\/\">&#8220;Devo, n\u00e3o nego; pagarei assim que puder&#8221;, afirmou<\/a>.<\/p>\n<p>Na ocasi\u00e3o, \u00a0defendeu a proposta desenhada pelo governo, de em 2022 honrar de imediato apenas os precat\u00f3rios de at\u00e9 R$ 66 mil. O restante seria parcelado ou utilizado como <strong>cr\u00e9dito<\/strong> pelos detentores dos direitos. Para precat\u00f3rios acima desse valor, haver\u00e1 um regime especial de parcelamento em dez anos.<\/p>\n\t<p>\n\t\t<a href=\"https:\/\/lp.suno.com.br\/ebook-como-analisar-uma-acao\/\" target=\"_blank\" data-element=\"shortcode-suno-banner\" title=\"Banner SUNO, clique e saiba mais\">\n\t\t\t<picture>\n\t\t\t\t<source media=\"(max-width: 500px)\" srcset=\"https:\/\/files.sunoresearch.com.br\/n\/uploads\/2023\/03\/Ebook-Acoes-Mobile-1.jpg\">\n\t\t\t\t<img class=\"newsContent__article__imgCapa newsContent__article__imgCapa--banner\"\n\t\t\t\t\tsrc=\"https:\/\/files.sunoresearch.com.br\/n\/uploads\/2023\/03\/Ebook-Acoes-Desktop-1.jpg\"\n\t\t\t\t\tdata-promo-id=\"171998\"\t\t\t\t\t\t\t\t\t\twidth='1420' height='286'\t\t\t\t\talt=\"https:\/\/files.sunoresearch.com.br\/n\/uploads\/2023\/03\/Ebook-Acoes-Desktop-1.jpg\"\n\t\t\t\t>\n\t\t\t<\/picture>\n\t\t<\/a>\n\t<\/p>\n\n\n<p>Em v\u00e1rios momentos, tamb\u00e9m qualificou a quest\u00e3o dos precat\u00f3rios como um &#8220;meteoro&#8221; que surgiu e amea\u00e7a a economia. Segundo ele, causas judiciais grandes t\u00eam pressionado a <a class=\"suno-keyword\" href=\"https:\/\/www.suno.com.br\/artigos\/capacidade-de-pagamento\/\" target=\"_blank\" rel=\"noopener noreferrer\" data-force=\"no\" data-priority=\"1\">capacidade de pagamento<\/a> do <strong>governo<\/strong> <strong>federal<\/strong>.<\/p>\n<p>&#8220;Por um lado, voc\u00ea tem que fazer programa social, dando renda decente. Por outro, tem que respeitar o teto (de gastos)&#8221;, disse <strong>Guedes<\/strong>.<\/p>\n<p><em>Com informa\u00e7\u00f5es do Estad\u00e3o Conte\u00fado<\/em><\/p>\n\t<p>\n\t\t<a href=\"https:\/\/lp.suno.com.br\/planilha-de-controle-de-investimentos\/\" target=\"_blank\" data-element=\"shortcode-suno-banner\" title=\"Banner SUNO, clique e saiba mais\">\n\t\t\t<picture>\n\t\t\t\t<source media=\"(max-width: 500px)\" srcset=\"https:\/\/files.sunoresearch.com.br\/n\/uploads\/2023\/03\/400x300-Controle-de-Investimentos.png\">\n\t\t\t\t<img class=\"newsContent__article__imgCapa newsContent__article__imgCapa--banner\"\n\t\t\t\t\tsrc=\"https:\/\/files.sunoresearch.com.br\/n\/uploads\/2023\/03\/1420x240-Controle-de-Investimentos.png\"\n\t\t\t\t\tdata-promo-id=\"75934\"\t\t\t\t\t\t\t\t\t\twidth='1420' height='240'\t\t\t\t\talt=\"https:\/\/files.sunoresearch.com.br\/n\/uploads\/2023\/03\/1420x240-Controle-de-Investimentos.png\"\n\t\t\t\t>\n\t\t\t<\/picture>\n\t\t<\/a>\n\t<\/p>\n\n\n","protected":false},"excerpt":{"rendered":"<p>O ministro da Economia, Paulo Guedes, disse que a Proposta de Emenda Constitucional (PEC) dos Precat\u00f3rios \u00e9 decisiva para o Brasil e d\u00e1 &#8220;previsibilidade para os gastos&#8221; ao entreg\u00e1-la \u00e0 C\u00e2mara dos Deputados na manh\u00e3 desta segunda-feira (9). D\u00f3lar &#8211; Foto: Pixabay Al\u00e9m disso, Guedes tamb\u00e9m entregou em m\u00e3os a Medida Provis\u00f3ria (MP) do Aux\u00edlio [&hellip;]<\/p>\n","protected":false},"author":73,"featured_media":151498,"comment_status":"closed","ping_status":"closed","sticky":false,"template":"","format":"standard","meta":[],"categories":[62],"tags":[106444,17139,774,1556,106467,909,796,104591,83329],"suno_strategy":[],"class_list":["post-173463","post","type-post","status-publish","format-standard","has-post-thumbnail","hentry","category-economia","tag-agencias","tag-auxilio-emergencial","tag-bolsa-familia","tag-governo-federal","tag-guedes","tag-ministerio-da-economia","tag-paulo-guedes","tag-precatorios","tag-teto-de-gastos"],"yoast_head":"<!-- This site is optimized with the Yoast SEO plugin v24.4 - https:\/\/yoast.com\/wordpress\/plugins\/seo\/ -->\n<title>Guedes entrega PEC dos precat\u00f3rios cita &#039;previsibilidade dos gastos&#039;<\/title>\n<meta name=\"description\" content=\"Guedes tamb\u00e9m entregou ao Congresso a MP do Aux\u00edlio Brasil, programa do governo que deve substituir o Bolsa Fam\u00edlia. Clique aqui e leia mais.\" \/>\n<meta name=\"robots\" content=\"index, follow, max-snippet:-1, max-image-preview:large, max-video-preview:-1\" \/>\n<link rel=\"canonical\" href=\"https:\/\/www.suno.com.br\/noticias\/guedes-entrega-pec-precatorios-previsibilidade-gastos\/\" \/>\n<meta property=\"og:locale\" content=\"pt_BR\" \/>\n<meta property=\"og:type\" content=\"article\" \/>\n<meta property=\"og:title\" content=\"Guedes entrega PEC dos precat\u00f3rios cita &#039;previsibilidade dos gastos&#039;\" \/>\n<meta property=\"og:description\" content=\"Guedes tamb\u00e9m entregou ao Congresso a MP do Aux\u00edlio Brasil, programa do governo que deve substituir o Bolsa Fam\u00edlia. Clique aqui e leia mais.\" \/>\n<meta property=\"og:url\" content=\"https:\/\/www.suno.com.br\/noticias\/guedes-entrega-pec-precatorios-previsibilidade-gastos\/\" \/>\n<meta property=\"og:site_name\" content=\"Suno Not\u00edcias\" \/>\n<meta property=\"article:publisher\" content=\"https:\/\/facebook.com\/sunoresearch\" \/>\n<meta property=\"og:image\" content=\"https:\/\/files.sunoresearch.com.br\/n\/uploads\/2021\/05\/7976d96a-paulo-guedes.jpg\" \/>\n\t<meta property=\"og:image:width\" content=\"1200\" \/>\n\t<meta property=\"og:image:height\" content=\"720\" \/>\n\t<meta property=\"og:image:type\" content=\"image\/jpeg\" \/>\n<meta name=\"author\" content=\"Eduardo Vargas\" \/>\n<meta name=\"twitter:card\" content=\"summary_large_image\" \/>\n<meta name=\"twitter:creator\" content=\"@sunoresearch\" \/>\n<meta name=\"twitter:site\" content=\"@sunoresearch\" \/>\n<meta name=\"twitter:label1\" content=\"Escrito por\" \/>\n\t<meta name=\"twitter:data1\" content=\"Eduardo Vargas\" \/>\n\t<meta name=\"twitter:label2\" content=\"Est. tempo de leitura\" \/>\n\t<meta name=\"twitter:data2\" content=\"2 minutos\" \/>\n<script type=\"application\/ld+json\" class=\"yoast-schema-graph\">{\"@context\":\"https:\/\/schema.org\",\"@graph\":[{\"@type\":\"NewsArticle\",\"@id\":\"https:\/\/www.suno.com.br\/noticias\/guedes-entrega-pec-precatorios-previsibilidade-gastos\/#article\",\"isPartOf\":{\"@id\":\"https:\/\/www.suno.com.br\/noticias\/guedes-entrega-pec-precatorios-previsibilidade-gastos\/\"},\"author\":{\"name\":\"Eduardo Vargas\",\"@id\":\"https:\/\/www.suno.com.br\/noticias\/#\/schema\/person\/7f4d362bf3518e76090143ae77bb49a5\"},\"headline\":\"Guedes entrega PEC dos precat\u00f3rios e cita &#8216;previsibilidade dos gastos&#8217;\",\"datePublished\":\"2021-08-09T20:01:18+00:00\",\"dateModified\":\"2021-08-10T01:32:21+00:00\",\"mainEntityOfPage\":{\"@id\":\"https:\/\/www.suno.com.br\/noticias\/guedes-entrega-pec-precatorios-previsibilidade-gastos\/\"},\"wordCount\":491,\"publisher\":{\"@id\":\"https:\/\/www.suno.com.br\/noticias\/#organization\"},\"image\":{\"@id\":\"https:\/\/www.suno.com.br\/noticias\/guedes-entrega-pec-precatorios-previsibilidade-gastos\/#primaryimage\"},\"thumbnailUrl\":\"https:\/\/files.sunoresearch.com.br\/n\/uploads\/2021\/05\/7976d96a-paulo-guedes-jpg.webp\",\"keywords\":[\"Ag\u00eancias\",\"aux\u00edlio emergencial\",\"Bolsa Fam\u00edlia\",\"governo federal\",\"guedes\",\"Minist\u00e9rio da Economia\",\"Paulo Guedes\",\"precat\u00f3rios\",\"teto de gastos\"],\"articleSection\":[\"Economia\"],\"inLanguage\":\"pt-BR\"},{\"@type\":\"WebPage\",\"@id\":\"https:\/\/www.suno.com.br\/noticias\/guedes-entrega-pec-precatorios-previsibilidade-gastos\/\",\"url\":\"https:\/\/www.suno.com.br\/noticias\/guedes-entrega-pec-precatorios-previsibilidade-gastos\/\",\"name\":\"Guedes entrega PEC dos precat\u00f3rios cita 'previsibilidade dos gastos'\",\"isPartOf\":{\"@id\":\"https:\/\/www.suno.com.br\/noticias\/#website\"},\"primaryImageOfPage\":{\"@id\":\"https:\/\/www.suno.com.br\/noticias\/guedes-entrega-pec-precatorios-previsibilidade-gastos\/#primaryimage\"},\"image\":{\"@id\":\"https:\/\/www.suno.com.br\/noticias\/guedes-entrega-pec-precatorios-previsibilidade-gastos\/#primaryimage\"},\"thumbnailUrl\":\"https:\/\/files.sunoresearch.com.br\/n\/uploads\/2021\/05\/7976d96a-paulo-guedes-jpg.webp\",\"datePublished\":\"2021-08-09T20:01:18+00:00\",\"dateModified\":\"2021-08-10T01:32:21+00:00\",\"description\":\"Guedes tamb\u00e9m entregou ao Congresso a MP do Aux\u00edlio Brasil, programa do governo que deve substituir o Bolsa Fam\u00edlia. Clique aqui e leia mais.\",\"breadcrumb\":{\"@id\":\"https:\/\/www.suno.com.br\/noticias\/guedes-entrega-pec-precatorios-previsibilidade-gastos\/#breadcrumb\"},\"inLanguage\":\"pt-BR\",\"potentialAction\":[{\"@type\":\"ReadAction\",\"target\":[\"https:\/\/www.suno.com.br\/noticias\/guedes-entrega-pec-precatorios-previsibilidade-gastos\/\"]}]},{\"@type\":\"ImageObject\",\"inLanguage\":\"pt-BR\",\"@id\":\"https:\/\/www.suno.com.br\/noticias\/guedes-entrega-pec-precatorios-previsibilidade-gastos\/#primaryimage\",\"url\":\"https:\/\/files.sunoresearch.com.br\/n\/uploads\/2021\/05\/7976d96a-paulo-guedes-jpg.webp\",\"contentUrl\":\"https:\/\/files.sunoresearch.com.br\/n\/uploads\/2021\/05\/7976d96a-paulo-guedes-jpg.webp\",\"width\":1200,\"height\":720,\"caption\":\"Pelas contas da SPE, aproximadamente R$ 110 bilh\u00f5es desse aumento s\u00e3o estruturais. A Secretaria calcula que R$ 87,4 bilh\u00f5es s\u00e3o do Imposto de Renda. Desse valor, R$ 58,5 bilh\u00f5es s\u00e3o estruturais (66%) - Foto: Wilson Dias\/Ag\u00eancia Brasil\"},{\"@type\":\"BreadcrumbList\",\"@id\":\"https:\/\/www.suno.com.br\/noticias\/guedes-entrega-pec-precatorios-previsibilidade-gastos\/#breadcrumb\",\"itemListElement\":[{\"@type\":\"ListItem\",\"position\":1,\"name\":\"Not\u00edcias\",\"item\":\"https:\/\/www.suno.com.br\/noticias\/\"},{\"@type\":\"ListItem\",\"position\":2,\"name\":\"Economia\",\"item\":\"https:\/\/www.suno.com.br\/noticias\/economia\/\"},{\"@type\":\"ListItem\",\"position\":3,\"name\":\"Guedes entrega PEC dos precat\u00f3rios e cita &#8216;previsibilidade dos gastos&#8217;\"}]},{\"@type\":\"WebSite\",\"@id\":\"https:\/\/www.suno.com.br\/noticias\/#website\",\"url\":\"https:\/\/www.suno.com.br\/noticias\/\",\"name\":\"Suno Not\u00edcias\",\"description\":\"Seu portal de informa\u00e7\u00e3o sobre o mundo dos investimentos\",\"publisher\":{\"@id\":\"https:\/\/www.suno.com.br\/noticias\/#organization\"},\"potentialAction\":[{\"@type\":\"SearchAction\",\"target\":{\"@type\":\"EntryPoint\",\"urlTemplate\":\"https:\/\/www.suno.com.br\/noticias\/?s={search_term_string}\"},\"query-input\":{\"@type\":\"PropertyValueSpecification\",\"valueRequired\":true,\"valueName\":\"search_term_string\"}}],\"inLanguage\":\"pt-BR\"},{\"@type\":\"Organization\",\"@id\":\"https:\/\/www.suno.com.br\/noticias\/#organization\",\"name\":\"Suno Not\u00edcias\",\"url\":\"https:\/\/www.suno.com.br\/noticias\/\",\"logo\":{\"@type\":\"ImageObject\",\"inLanguage\":\"pt-BR\",\"@id\":\"https:\/\/www.suno.com.br\/noticias\/#\/schema\/logo\/image\/\",\"url\":\"https:\/\/files.sunoresearch.com.br\/n\/uploads\/2021\/09\/suno-logo.png\",\"contentUrl\":\"https:\/\/files.sunoresearch.com.br\/n\/uploads\/2021\/09\/suno-logo.png\",\"width\":180,\"height\":180,\"caption\":\"Suno Not\u00edcias\"},\"image\":{\"@id\":\"https:\/\/www.suno.com.br\/noticias\/#\/schema\/logo\/image\/\"},\"sameAs\":[\"https:\/\/facebook.com\/sunoresearch\",\"https:\/\/x.com\/sunoresearch\",\"https:\/\/www.instagram.com\/suno\",\"https:\/\/www.linkedin.com\/company\/suno-research\/\",\"https:\/\/www.youtube.com\/c\/sunoresearch\"]},{\"@type\":\"Person\",\"@id\":\"https:\/\/www.suno.com.br\/noticias\/#\/schema\/person\/7f4d362bf3518e76090143ae77bb49a5\",\"name\":\"Eduardo Vargas\",\"image\":{\"@type\":\"ImageObject\",\"inLanguage\":\"pt-BR\",\"@id\":\"https:\/\/www.suno.com.br\/noticias\/#\/schema\/person\/image\/\",\"url\":\"https:\/\/secure.gravatar.com\/avatar\/dac340933427a22924c9f99d1eb2e3f2?s=96&r=g\",\"contentUrl\":\"https:\/\/secure.gravatar.com\/avatar\/dac340933427a22924c9f99d1eb2e3f2?s=96&r=g\",\"caption\":\"Eduardo Vargas\"},\"description\":\"Jornalista formado pela UFSC, cobre macroeconomia, neg\u00f3cios e startups para o Suno Not\u00edcias, escrevendo principalmente not\u00edcias sobre o mercado financeiro e a bolsa de valores. No YouTube e no Instagram, \u00e9 respons\u00e1vel pela produ\u00e7\u00e3o de Reels e Shorts do Suno Not\u00edcias. Anteriormente, trabalhou cobrindo economia e cotidiano no ND+ e para o ND, maior jornal impresso de Santa Catarina. Cursou um semestre letivo de Estudos de M\u00eddia na Universidad de Buenos Aires.\",\"url\":\"https:\/\/www.suno.com.br\/noticias\/author\/eduardo-vargas\/\"}]}<\/script>\n<!-- \/ Yoast SEO plugin. -->","yoast_head_json":{"title":"Guedes entrega PEC dos precat\u00f3rios cita 'previsibilidade dos gastos'","description":"Guedes tamb\u00e9m entregou ao Congresso a MP do Aux\u00edlio Brasil, programa do governo que deve substituir o Bolsa Fam\u00edlia. Clique aqui e leia mais.","robots":{"index":"index","follow":"follow","max-snippet":"max-snippet:-1","max-image-preview":"max-image-preview:large","max-video-preview":"max-video-preview:-1"},"canonical":"https:\/\/www.suno.com.br\/noticias\/guedes-entrega-pec-precatorios-previsibilidade-gastos\/","og_locale":"pt_BR","og_type":"article","og_title":"Guedes entrega PEC dos precat\u00f3rios cita 'previsibilidade dos gastos'","og_description":"Guedes tamb\u00e9m entregou ao Congresso a MP do Aux\u00edlio Brasil, programa do governo que deve substituir o Bolsa Fam\u00edlia. Clique aqui e leia mais.","og_url":"https:\/\/www.suno.com.br\/noticias\/guedes-entrega-pec-precatorios-previsibilidade-gastos\/","og_site_name":"Suno Not\u00edcias","article_publisher":"https:\/\/facebook.com\/sunoresearch","og_image":[{"width":1200,"height":720,"url":"https:\/\/files.sunoresearch.com.br\/n\/uploads\/2021\/05\/7976d96a-paulo-guedes.jpg","type":"image\/jpeg"}],"author":"Eduardo Vargas","twitter_card":"summary_large_image","twitter_creator":"@sunoresearch","twitter_site":"@sunoresearch","twitter_misc":{"Escrito por":"Eduardo Vargas","Est. tempo de leitura":"2 minutos"},"schema":{"@context":"https:\/\/schema.org","@graph":[{"@type":"NewsArticle","@id":"https:\/\/www.suno.com.br\/noticias\/guedes-entrega-pec-precatorios-previsibilidade-gastos\/#article","isPartOf":{"@id":"https:\/\/www.suno.com.br\/noticias\/guedes-entrega-pec-precatorios-previsibilidade-gastos\/"},"author":{"name":"Eduardo Vargas","@id":"https:\/\/www.suno.com.br\/noticias\/#\/schema\/person\/7f4d362bf3518e76090143ae77bb49a5"},"headline":"Guedes entrega PEC dos precat\u00f3rios e cita &#8216;previsibilidade dos gastos&#8217;","datePublished":"2021-08-09T20:01:18+00:00","dateModified":"2021-08-10T01:32:21+00:00","mainEntityOfPage":{"@id":"https:\/\/www.suno.com.br\/noticias\/guedes-entrega-pec-precatorios-previsibilidade-gastos\/"},"wordCount":491,"publisher":{"@id":"https:\/\/www.suno.com.br\/noticias\/#organization"},"image":{"@id":"https:\/\/www.suno.com.br\/noticias\/guedes-entrega-pec-precatorios-previsibilidade-gastos\/#primaryimage"},"thumbnailUrl":"https:\/\/files.sunoresearch.com.br\/n\/uploads\/2021\/05\/7976d96a-paulo-guedes-jpg.webp","keywords":["Ag\u00eancias","aux\u00edlio emergencial","Bolsa Fam\u00edlia","governo federal","guedes","Minist\u00e9rio da Economia","Paulo Guedes","precat\u00f3rios","teto de gastos"],"articleSection":["Economia"],"inLanguage":"pt-BR"},{"@type":"WebPage","@id":"https:\/\/www.suno.com.br\/noticias\/guedes-entrega-pec-precatorios-previsibilidade-gastos\/","url":"https:\/\/www.suno.com.br\/noticias\/guedes-entrega-pec-precatorios-previsibilidade-gastos\/","name":"Guedes entrega PEC dos precat\u00f3rios cita 'previsibilidade dos gastos'","isPartOf":{"@id":"https:\/\/www.suno.com.br\/noticias\/#website"},"primaryImageOfPage":{"@id":"https:\/\/www.suno.com.br\/noticias\/guedes-entrega-pec-precatorios-previsibilidade-gastos\/#primaryimage"},"image":{"@id":"https:\/\/www.suno.com.br\/noticias\/guedes-entrega-pec-precatorios-previsibilidade-gastos\/#primaryimage"},"thumbnailUrl":"https:\/\/files.sunoresearch.com.br\/n\/uploads\/2021\/05\/7976d96a-paulo-guedes-jpg.webp","datePublished":"2021-08-09T20:01:18+00:00","dateModified":"2021-08-10T01:32:21+00:00","description":"Guedes tamb\u00e9m entregou ao Congresso a MP do Aux\u00edlio Brasil, programa do governo que deve substituir o Bolsa Fam\u00edlia. Clique aqui e leia mais.","breadcrumb":{"@id":"https:\/\/www.suno.com.br\/noticias\/guedes-entrega-pec-precatorios-previsibilidade-gastos\/#breadcrumb"},"inLanguage":"pt-BR","potentialAction":[{"@type":"ReadAction","target":["https:\/\/www.suno.com.br\/noticias\/guedes-entrega-pec-precatorios-previsibilidade-gastos\/"]}]},{"@type":"ImageObject","inLanguage":"pt-BR","@id":"https:\/\/www.suno.com.br\/noticias\/guedes-entrega-pec-precatorios-previsibilidade-gastos\/#primaryimage","url":"https:\/\/files.sunoresearch.com.br\/n\/uploads\/2021\/05\/7976d96a-paulo-guedes-jpg.webp","contentUrl":"https:\/\/files.sunoresearch.com.br\/n\/uploads\/2021\/05\/7976d96a-paulo-guedes-jpg.webp","width":1200,"height":720,"caption":"Pelas contas da SPE, aproximadamente R$ 110 bilh\u00f5es desse aumento s\u00e3o estruturais. A Secretaria calcula que R$ 87,4 bilh\u00f5es s\u00e3o do Imposto de Renda. Desse valor, R$ 58,5 bilh\u00f5es s\u00e3o estruturais (66%) - Foto: Wilson Dias\/Ag\u00eancia Brasil"},{"@type":"BreadcrumbList","@id":"https:\/\/www.suno.com.br\/noticias\/guedes-entrega-pec-precatorios-previsibilidade-gastos\/#breadcrumb","itemListElement":[{"@type":"ListItem","position":1,"name":"Not\u00edcias","item":"https:\/\/www.suno.com.br\/noticias\/"},{"@type":"ListItem","position":2,"name":"Economia","item":"https:\/\/www.suno.com.br\/noticias\/economia\/"},{"@type":"ListItem","position":3,"name":"Guedes entrega PEC dos precat\u00f3rios e cita &#8216;previsibilidade dos gastos&#8217;"}]},{"@type":"WebSite","@id":"https:\/\/www.suno.com.br\/noticias\/#website","url":"https:\/\/www.suno.com.br\/noticias\/","name":"Suno Not\u00edcias","description":"Seu portal de informa\u00e7\u00e3o sobre o mundo dos investimentos","publisher":{"@id":"https:\/\/www.suno.com.br\/noticias\/#organization"},"potentialAction":[{"@type":"SearchAction","target":{"@type":"EntryPoint","urlTemplate":"https:\/\/www.suno.com.br\/noticias\/?s={search_term_string}"},"query-input":{"@type":"PropertyValueSpecification","valueRequired":true,"valueName":"search_term_string"}}],"inLanguage":"pt-BR"},{"@type":"Organization","@id":"https:\/\/www.suno.com.br\/noticias\/#organization","name":"Suno Not\u00edcias","url":"https:\/\/www.suno.com.br\/noticias\/","logo":{"@type":"ImageObject","inLanguage":"pt-BR","@id":"https:\/\/www.suno.com.br\/noticias\/#\/schema\/logo\/image\/","url":"https:\/\/files.sunoresearch.com.br\/n\/uploads\/2021\/09\/suno-logo.png","contentUrl":"https:\/\/files.sunoresearch.com.br\/n\/uploads\/2021\/09\/suno-logo.png","width":180,"height":180,"caption":"Suno Not\u00edcias"},"image":{"@id":"https:\/\/www.suno.com.br\/noticias\/#\/schema\/logo\/image\/"},"sameAs":["https:\/\/facebook.com\/sunoresearch","https:\/\/x.com\/sunoresearch","https:\/\/www.instagram.com\/suno","https:\/\/www.linkedin.com\/company\/suno-research\/","https:\/\/www.youtube.com\/c\/sunoresearch"]},{"@type":"Person","@id":"https:\/\/www.suno.com.br\/noticias\/#\/schema\/person\/7f4d362bf3518e76090143ae77bb49a5","name":"Eduardo Vargas","image":{"@type":"ImageObject","inLanguage":"pt-BR","@id":"https:\/\/www.suno.com.br\/noticias\/#\/schema\/person\/image\/","url":"https:\/\/secure.gravatar.com\/avatar\/dac340933427a22924c9f99d1eb2e3f2?s=96&r=g","contentUrl":"https:\/\/secure.gravatar.com\/avatar\/dac340933427a22924c9f99d1eb2e3f2?s=96&r=g","caption":"Eduardo Vargas"},"description":"Jornalista formado pela UFSC, cobre macroeconomia, neg\u00f3cios e startups para o Suno Not\u00edcias, escrevendo principalmente not\u00edcias sobre o mercado financeiro e a bolsa de valores. No YouTube e no Instagram, \u00e9 respons\u00e1vel pela produ\u00e7\u00e3o de Reels e Shorts do Suno Not\u00edcias. Anteriormente, trabalhou cobrindo economia e cotidiano no ND+ e para o ND, maior jornal impresso de Santa Catarina. Cursou um semestre letivo de Estudos de M\u00eddia na Universidad de Buenos Aires.","url":"https:\/\/www.suno.com.br\/noticias\/author\/eduardo-vargas\/"}]}},"default_loop_html":"<div class=\"cardsPage__listCard__boxs\"><div class=\"cardsPage__listCard__boxs__img\"><a href=\"https:\/\/www.suno.com.br\/noticias\/dolar-alta-03082021\/\"><img class=\"mask\" src=\"https:\/\/www.suno.com.br\/noticias\/wp-content\/themes\/suno\/resources\/images\/spotlight\/spotlight1img\/bg-mask.png\" alt=\"Image Mask\"\/><img src=\"https:\/\/files.sunoresearch.com.br\/n\/uploads\/2021\/04\/e5e794c1-dollar-4418320_1280-400x200.webp\" alt=\"D\u00f3lar permanece em alta com falas de Guedes sobre precat\u00f3rios no radar\"\/><\/a><span class=\"spotlightCategory\"><a href=\"https:\/\/www.suno.com.br\/noticias\/negocios\/\">Neg\u00f3cios<\/a><\/span><\/div><div class=\"cardsPage__listCard__boxs__content\"><a href=\"https:\/\/www.suno.com.br\/noticias\/dolar-alta-03082021\/\"><h2 class=\"content__title\">D\u00f3lar permanece em alta com falas de Guedes sobre precat\u00f3rios no radar<\/h2><\/a><div class=\"newsContent__article__meta\"><div class=\"newsContent__article__meta__authorBox\"><a href=\"https:\/\/www.suno.com.br\/noticias\/author\/poliana-santos\/\" class=\"authorBox__avatar noMobi\"><img src=\"https:\/\/files.sunoresearch.com.br\/n\/uploads\/2020\/08\/7ef34026-whatsapp-image-2020-08-03-at-12.37.57-150x150.webp\" alt=\"Poliana Santos\"><\/a><div class=\"authorBox__name\"><span>por\n\t\t\t<a href=\"https:\/\/www.suno.com.br\/noticias\/author\/poliana-santos\/\"><span itemprop=\"author\">Poliana Santos<\/span><\/a><\/span><time datetime=\"2021-08-03T15:03:57-03:00\" itemprop=\"datePublished\">03\/08\/2021 15:03<\/time><\/div><\/div><\/div><\/div><\/div>","single_layout":"posts","amp_enabled":true,"_links":{"self":[{"href":"https:\/\/www.suno.com.br\/noticias\/wp-json\/wp\/v2\/posts\/173463"}],"collection":[{"href":"https:\/\/www.suno.com.br\/noticias\/wp-json\/wp\/v2\/posts"}],"about":[{"href":"https:\/\/www.suno.com.br\/noticias\/wp-json\/wp\/v2\/types\/post"}],"author":[{"embeddable":true,"href":"https:\/\/www.suno.com.br\/noticias\/wp-json\/wp\/v2\/users\/73"}],"replies":[{"embeddable":true,"href":"https:\/\/www.suno.com.br\/noticias\/wp-json\/wp\/v2\/comments?post=173463"}],"version-history":[{"count":4,"href":"https:\/\/www.suno.com.br\/noticias\/wp-json\/wp\/v2\/posts\/173463\/revisions"}],"predecessor-version":[{"id":173749,"href":"https:\/\/www.suno.com.br\/noticias\/wp-json\/wp\/v2\/posts\/173463\/revisions\/173749"}],"wp:featuredmedia":[{"embeddable":true,"href":"https:\/\/www.suno.com.br\/noticias\/wp-json\/wp\/v2\/media\/151498"}],"wp:attachment":[{"href":"https:\/\/www.suno.com.br\/noticias\/wp-json\/wp\/v2\/media?parent=173463"}],"wp:term":[{"taxonomy":"category","embeddable":true,"href":"https:\/\/www.suno.com.br\/noticias\/wp-json\/wp\/v2\/categories?post=173463"},{"taxonomy":"post_tag","embeddable":true,"href":"https:\/\/www.suno.com.br\/noticias\/wp-json\/wp\/v2\/tags?post=173463"},{"taxonomy":"suno_strategy","embeddable":true,"href":"https:\/\/www.suno.com.br\/noticias\/wp-json\/wp\/v2\/suno_strategy?post=173463"}],"curies":[{"name":"wp","href":"https:\/\/api.w.org\/{rel}","templated":true}]}}