{"id":17342,"date":"2019-03-07T16:48:45","date_gmt":"2019-03-07T19:48:45","guid":{"rendered":"https:\/\/www.suno.com.br\/noticias\/?p=17342"},"modified":"2019-03-07T16:50:24","modified_gmt":"2019-03-07T19:50:24","slug":"fipe-ipc-alta-precos-alimentos","status":"publish","type":"post","link":"https:\/\/www.suno.com.br\/noticias\/fipe-ipc-alta-precos-alimentos\/","title":{"rendered":"Fipe eleva proje\u00e7\u00e3o do IPC do ano; motivo principal \u00e9 alta dos alimentos"},"content":{"rendered":"<p>A <strong>Funda\u00e7\u00e3o Instituto de Pesquisas Econ\u00f4micas<\/strong> (Fipe) aumentou as expectativas para o\u00a0<a href=\"https:\/\/www.suno.com.br\/artigos\/ipc-fipe\/\">\u00cdndice de Pre\u00e7os ao Consumidor<\/a> (IPC) de 2019, principalmente pela alta dos pre\u00e7os dos alimentos. A <strong>proje\u00e7\u00e3o<\/strong> do \u00edndice, que mede a <strong><a href=\"https:\/\/www.suno.com.br\/artigos\/inflacao\/\">infla\u00e7\u00e3o<\/a> na cidade de S\u00e3o Paulo<\/strong>, subiu de\u00a03,58% a 3,98%.<\/p>\t<div class=\"wrapper-featured-image\">\n\t\t<figure class=\"spotlightImg\">\n\n\t\t\t<picture>\n\t\t\t\t<source media=\"(max-width: 768px)\" srcset=\"https:\/\/files.sunoresearch.com.br\/n\/uploads\/2019\/03\/36b36cf7-infla\u00e7\u00e3o-400x200.webp\">\n\t\t\t\t<img loading=\"lazy\" decoding=\"async\" class=\"newsContent__article__imgCapa lazyloadDisabled newsContent__article__imgCapa--noCaption\" src=\"https:\/\/files.sunoresearch.com.br\/n\/uploads\/2019\/03\/36b36cf7-infla\u00e7\u00e3o-800x450.webp\" width=\"800\" height=\"450\" alt=\"Fipe eleva proje\u00e7\u00e3o do IPC do ano; motivo principal \u00e9 alta dos alimentos\" fetchpriority=high \/>\n\t\t\t<\/picture>\n\n\t\t\t<figcaption class=\"wp-caption-text wp-caption-text--hide\">Alimentos fazem Fipe elevar proje\u00e7\u00e3o do IPC, indicador da infla\u00e7\u00e3o da cidade de S\u00e3o Paulo. (divulga\u00e7\u00e3o)<\/figcaption>\n\t\t<\/figure>\n\t<\/div>\n\n\n<p>A expans\u00e3o da <strong>proje\u00e7\u00e3o<\/strong> ocorreu ap\u00f3s a divulga\u00e7\u00e3o do resultado de\u00a0<strong>fevereiro<\/strong>. Confira abaixo a alta do <strong>IPC-Fipe<\/strong>, indicador da <strong>infla\u00e7\u00e3o<\/strong>, de janeiro e fevereiro:<\/p>\n<ul>\n<li>janeiro: 0,58%<\/li>\n<li>fevereiro: 0,54%<\/li>\n<\/ul>\n<p>O <strong>coordenador do \u00edndice<\/strong>, Guilherme Moreira, explicou ao &#8220;Estado de S. Paulo&#8221; que a revis\u00e3o das expectativas do <strong>IPC-Fipe\u00a0<\/strong>para 2019 \u00e9 devida principalmente ao pre\u00e7o dos <strong>alimentos<\/strong>.<\/p>\n<p>Por conta de <strong>problemas de oferta<\/strong>, houve uma subida significativa nos pre\u00e7os dos <strong>alimentos<\/strong>. Segundo Moreira, apenas o <strong>feij\u00e3o<\/strong> obteve acr\u00e9scimo de 79,47% neste ano, por conta da quebra de <strong>safra<\/strong>.<\/p>\n<p>As <strong>chuvas<\/strong> deste in\u00edcio de ano tamb\u00e9m prejudicaram as <strong>lavouras<\/strong>, e consequentemente, encareceram os pre\u00e7os dos seguintes <strong>alimentos<\/strong>:<\/p>\n<ul>\n<li>batata;<\/li>\n<li>beterraba;<\/li>\n<li>cenoura;<\/li>\n<li>piment\u00e3o;<\/li>\n<li>e quiabo.<\/li>\n<\/ul>\n<p>Deste modo, a <strong>Fipe<\/strong> elevou a estimativa de <strong>infla\u00e7\u00e3o<\/strong> nos pre\u00e7os de <strong>Alimenta\u00e7\u00e3o<\/strong>, de 5,07% a 6,22%.<\/p>\n<p>Contudo, Moreira destaca que o aumento na<strong> proje\u00e7\u00e3o de infla\u00e7\u00e3o<\/strong> da <strong>Alimenta\u00e7\u00e3o<\/strong> neste ano, n\u00e3o altera o cen\u00e1rio <strong>comportado<\/strong> de infla\u00e7\u00e3o geral para o ano.<\/p>\n<p>O coordenador atribui a<strong> alta dos pre\u00e7os<\/strong> ao <strong>problema<\/strong> de <strong>oferta pontual<\/strong>. Assim, segundo Moreira, apesar de afetar o IPC-Fipe do ano, os <strong>pre\u00e7os<\/strong> da <strong>Alimenta\u00e7\u00e3o<\/strong> devem ser <strong>normalizados<\/strong> parcialmente at\u00e9 o<strong> fim do ano<\/strong>.<\/p>\n<p>&#8220;A alta dos <strong>alimentos<\/strong> \u00e9 por conta do <strong>clima<\/strong>. A <strong>infla\u00e7\u00e3o<\/strong> est\u00e1 comportada e n\u00e3o vemos nenhuma fonte de press\u00e3o esse ano&#8221;, disse o coordenador ao &#8220;Estado de S. Paulo&#8221;.<\/p>\n<p><a href=\"https:\/\/www.suno.com.br\/noticias\/indicador-mercado-imobiliario-lancado\/\">Saiba mais &#8211;\u00a0Indicador do mercado imobili\u00e1rio \u00e9 lan\u00e7ado pelo Minist\u00e9rio da Economia<\/a><\/p>\n<h2>C\u00e1lculo do IPC-Fipe<\/h2>\n<p>O c\u00e1lculo<strong> IPC-Fipe<\/strong> \u00e9 feito a partir da varia\u00e7\u00e3o de <strong>pre\u00e7os<\/strong> de <strong>produtos<\/strong> de sete categorias diferentes:<\/p>\n<ul>\n<li>Habita\u00e7\u00e3o;<\/li>\n<li>alimenta\u00e7\u00e3o;<\/li>\n<li>transportes;<\/li>\n<li>despesas pessoais;<\/li>\n<li>sa\u00fade;<\/li>\n<li>vestu\u00e1rio;<\/li>\n<li>e educa\u00e7\u00e3o.<\/li>\n<\/ul>\n<p>Os <strong>produtos<\/strong> e <strong>servi\u00e7os<\/strong> que t\u00eam pre\u00e7os analisados pelo <strong>IPC-Fipe<\/strong>\u00a0s\u00e3o definidos pela POF (<strong>Pesquisa de Or\u00e7amentos Familiares<\/strong>). Essa rela\u00e7\u00e3o indica quais s\u00e3o os gastos m\u00e9dios de cada <strong>fam\u00edlia<\/strong>, e quais os itens mais importantes.<\/p>\n","protected":false},"excerpt":{"rendered":"<p>A Funda\u00e7\u00e3o Instituto de Pesquisas Econ\u00f4micas (Fipe) aumentou as expectativas para o\u00a0\u00cdndice de Pre\u00e7os ao Consumidor (IPC) de 2019, principalmente pela alta dos pre\u00e7os dos alimentos. A proje\u00e7\u00e3o do \u00edndice, que mede a infla\u00e7\u00e3o na cidade de S\u00e3o Paulo, subiu de\u00a03,58% a 3,98%. Alimentos fazem Fipe elevar proje\u00e7\u00e3o do IPC, indicador da infla\u00e7\u00e3o da cidade [&hellip;]<\/p>\n","protected":false},"author":12,"featured_media":17346,"comment_status":"closed","ping_status":"closed","sticky":false,"template":"","format":"standard","meta":[],"categories":[62],"tags":[1223],"suno_strategy":[],"class_list":["post-17342","post","type-post","status-publish","format-standard","has-post-thumbnail","hentry","category-economia","tag-ipc-fipe"],"yoast_head":"<!-- This site is optimized with the Yoast SEO plugin v24.4 - https:\/\/yoast.com\/wordpress\/plugins\/seo\/ -->\n<title>Fipe eleva proje\u00e7\u00e3o do IPC do ano; motivo principal \u00e9 alta dos alimentos<\/title>\n<meta name=\"description\" content=\"A Fipe aumentou as expectativas para o IPC de 2019, principalmente pela alta dos pre\u00e7os dos alimentos. Clique para saber mais.\" \/>\n<meta name=\"robots\" content=\"index, follow, max-snippet:-1, max-image-preview:large, max-video-preview:-1\" \/>\n<link rel=\"canonical\" href=\"https:\/\/www.suno.com.br\/noticias\/fipe-ipc-alta-precos-alimentos\/\" \/>\n<meta property=\"og:locale\" content=\"pt_BR\" \/>\n<meta property=\"og:type\" content=\"article\" \/>\n<meta property=\"og:title\" content=\"Fipe eleva proje\u00e7\u00e3o do IPC do ano; motivo principal \u00e9 alta dos alimentos\" \/>\n<meta property=\"og:description\" content=\"A Fipe aumentou as expectativas para o IPC de 2019, principalmente pela alta dos pre\u00e7os dos alimentos. Clique para saber mais.\" \/>\n<meta property=\"og:url\" content=\"https:\/\/www.suno.com.br\/noticias\/fipe-ipc-alta-precos-alimentos\/\" \/>\n<meta property=\"og:site_name\" content=\"Suno Not\u00edcias\" \/>\n<meta property=\"article:publisher\" content=\"https:\/\/facebook.com\/sunoresearch\" \/>\n<meta property=\"og:image\" content=\"https:\/\/files.sunoresearch.com.br\/n\/uploads\/2019\/03\/36b36cf7-infla\u00e7\u00e3o.jpg\" \/>\n\t<meta property=\"og:image:width\" content=\"960\" \/>\n\t<meta property=\"og:image:height\" content=\"640\" \/>\n\t<meta property=\"og:image:type\" content=\"image\/jpeg\" \/>\n<meta name=\"author\" content=\"Amanda Gushiken\" \/>\n<meta name=\"twitter:card\" content=\"summary_large_image\" \/>\n<meta name=\"twitter:creator\" content=\"@sunoresearch\" \/>\n<meta name=\"twitter:site\" content=\"@sunoresearch\" \/>\n<meta name=\"twitter:label1\" content=\"Escrito por\" \/>\n\t<meta name=\"twitter:data1\" content=\"Amanda Gushiken\" \/>\n\t<meta name=\"twitter:label2\" content=\"Est. tempo de leitura\" \/>\n\t<meta name=\"twitter:data2\" content=\"2 minutos\" \/>\n<script type=\"application\/ld+json\" class=\"yoast-schema-graph\">{\"@context\":\"https:\/\/schema.org\",\"@graph\":[{\"@type\":\"NewsArticle\",\"@id\":\"https:\/\/www.suno.com.br\/noticias\/fipe-ipc-alta-precos-alimentos\/#article\",\"isPartOf\":{\"@id\":\"https:\/\/www.suno.com.br\/noticias\/fipe-ipc-alta-precos-alimentos\/\"},\"author\":{\"name\":\"Amanda Gushiken\",\"@id\":\"https:\/\/www.suno.com.br\/noticias\/#\/schema\/person\/a5b06fa4e879d8e8e119c6ed3cd630d1\"},\"headline\":\"Fipe eleva proje\u00e7\u00e3o do IPC do ano; motivo principal \u00e9 alta dos alimentos\",\"datePublished\":\"2019-03-07T19:48:45+00:00\",\"dateModified\":\"2019-03-07T19:50:24+00:00\",\"mainEntityOfPage\":{\"@id\":\"https:\/\/www.suno.com.br\/noticias\/fipe-ipc-alta-precos-alimentos\/\"},\"wordCount\":398,\"publisher\":{\"@id\":\"https:\/\/www.suno.com.br\/noticias\/#organization\"},\"image\":{\"@id\":\"https:\/\/www.suno.com.br\/noticias\/fipe-ipc-alta-precos-alimentos\/#primaryimage\"},\"thumbnailUrl\":\"https:\/\/files.sunoresearch.com.br\/n\/uploads\/2019\/03\/36b36cf7-infla\u00e7\u00e3o-jpg.webp\",\"keywords\":[\"IPC-Fipe\"],\"articleSection\":[\"Economia\"],\"inLanguage\":\"pt-BR\"},{\"@type\":\"WebPage\",\"@id\":\"https:\/\/www.suno.com.br\/noticias\/fipe-ipc-alta-precos-alimentos\/\",\"url\":\"https:\/\/www.suno.com.br\/noticias\/fipe-ipc-alta-precos-alimentos\/\",\"name\":\"Fipe eleva proje\u00e7\u00e3o do IPC do ano; motivo principal \u00e9 alta dos alimentos\",\"isPartOf\":{\"@id\":\"https:\/\/www.suno.com.br\/noticias\/#website\"},\"primaryImageOfPage\":{\"@id\":\"https:\/\/www.suno.com.br\/noticias\/fipe-ipc-alta-precos-alimentos\/#primaryimage\"},\"image\":{\"@id\":\"https:\/\/www.suno.com.br\/noticias\/fipe-ipc-alta-precos-alimentos\/#primaryimage\"},\"thumbnailUrl\":\"https:\/\/files.sunoresearch.com.br\/n\/uploads\/2019\/03\/36b36cf7-infla\u00e7\u00e3o-jpg.webp\",\"datePublished\":\"2019-03-07T19:48:45+00:00\",\"dateModified\":\"2019-03-07T19:50:24+00:00\",\"description\":\"A Fipe aumentou as expectativas para o IPC de 2019, principalmente pela alta dos pre\u00e7os dos alimentos. Clique para saber mais.\",\"breadcrumb\":{\"@id\":\"https:\/\/www.suno.com.br\/noticias\/fipe-ipc-alta-precos-alimentos\/#breadcrumb\"},\"inLanguage\":\"pt-BR\",\"potentialAction\":[{\"@type\":\"ReadAction\",\"target\":[\"https:\/\/www.suno.com.br\/noticias\/fipe-ipc-alta-precos-alimentos\/\"]}]},{\"@type\":\"ImageObject\",\"inLanguage\":\"pt-BR\",\"@id\":\"https:\/\/www.suno.com.br\/noticias\/fipe-ipc-alta-precos-alimentos\/#primaryimage\",\"url\":\"https:\/\/files.sunoresearch.com.br\/n\/uploads\/2019\/03\/36b36cf7-infla\u00e7\u00e3o-jpg.webp\",\"contentUrl\":\"https:\/\/files.sunoresearch.com.br\/n\/uploads\/2019\/03\/36b36cf7-infla\u00e7\u00e3o-jpg.webp\",\"width\":960,\"height\":640,\"caption\":\"Alimentos fazem Fipe elevar proje\u00e7\u00e3o do IPC, indicador da infla\u00e7\u00e3o da cidade de S\u00e3o Paulo. (divulga\u00e7\u00e3o)\"},{\"@type\":\"BreadcrumbList\",\"@id\":\"https:\/\/www.suno.com.br\/noticias\/fipe-ipc-alta-precos-alimentos\/#breadcrumb\",\"itemListElement\":[{\"@type\":\"ListItem\",\"position\":1,\"name\":\"Not\u00edcias\",\"item\":\"https:\/\/www.suno.com.br\/noticias\/\"},{\"@type\":\"ListItem\",\"position\":2,\"name\":\"Economia\",\"item\":\"https:\/\/www.suno.com.br\/noticias\/economia\/\"},{\"@type\":\"ListItem\",\"position\":3,\"name\":\"Fipe eleva proje\u00e7\u00e3o do IPC do ano; motivo principal \u00e9 alta dos alimentos\"}]},{\"@type\":\"WebSite\",\"@id\":\"https:\/\/www.suno.com.br\/noticias\/#website\",\"url\":\"https:\/\/www.suno.com.br\/noticias\/\",\"name\":\"Suno Not\u00edcias\",\"description\":\"Seu portal de informa\u00e7\u00e3o sobre o mundo dos investimentos\",\"publisher\":{\"@id\":\"https:\/\/www.suno.com.br\/noticias\/#organization\"},\"potentialAction\":[{\"@type\":\"SearchAction\",\"target\":{\"@type\":\"EntryPoint\",\"urlTemplate\":\"https:\/\/www.suno.com.br\/noticias\/?s={search_term_string}\"},\"query-input\":{\"@type\":\"PropertyValueSpecification\",\"valueRequired\":true,\"valueName\":\"search_term_string\"}}],\"inLanguage\":\"pt-BR\"},{\"@type\":\"Organization\",\"@id\":\"https:\/\/www.suno.com.br\/noticias\/#organization\",\"name\":\"Suno Not\u00edcias\",\"url\":\"https:\/\/www.suno.com.br\/noticias\/\",\"logo\":{\"@type\":\"ImageObject\",\"inLanguage\":\"pt-BR\",\"@id\":\"https:\/\/www.suno.com.br\/noticias\/#\/schema\/logo\/image\/\",\"url\":\"https:\/\/files.sunoresearch.com.br\/n\/uploads\/2021\/09\/suno-logo.png\",\"contentUrl\":\"https:\/\/files.sunoresearch.com.br\/n\/uploads\/2021\/09\/suno-logo.png\",\"width\":180,\"height\":180,\"caption\":\"Suno Not\u00edcias\"},\"image\":{\"@id\":\"https:\/\/www.suno.com.br\/noticias\/#\/schema\/logo\/image\/\"},\"sameAs\":[\"https:\/\/facebook.com\/sunoresearch\",\"https:\/\/x.com\/sunoresearch\",\"https:\/\/www.instagram.com\/suno\",\"https:\/\/www.linkedin.com\/company\/suno-research\/\",\"https:\/\/www.youtube.com\/c\/sunoresearch\"]},{\"@type\":\"Person\",\"@id\":\"https:\/\/www.suno.com.br\/noticias\/#\/schema\/person\/a5b06fa4e879d8e8e119c6ed3cd630d1\",\"name\":\"Amanda Gushiken\",\"image\":{\"@type\":\"ImageObject\",\"inLanguage\":\"pt-BR\",\"@id\":\"https:\/\/www.suno.com.br\/noticias\/#\/schema\/person\/image\/\",\"url\":\"https:\/\/secure.gravatar.com\/avatar\/ecd84705e6b65e3685ae80d725501fbe?s=96&r=g\",\"contentUrl\":\"https:\/\/secure.gravatar.com\/avatar\/ecd84705e6b65e3685ae80d725501fbe?s=96&r=g\",\"caption\":\"Amanda Gushiken\"},\"description\":\"Amanda Sayuri Gushiken escreve sobre finan\u00e7as e neg\u00f3cios para o portal Suno Not\u00edcias. Antes, trabalhou selecionando not\u00edcias da imprensa para clientes do mercado financeiro. Tamb\u00e9m desenvolveu pesquisa acad\u00eamica pela Universidade Anhembi Morumbi na \u00e1rea de Teorias da Comunica\u00e7\u00e3o e \u00e9 fot\u00f3grafa nas horas vagas.\",\"url\":\"https:\/\/www.suno.com.br\/noticias\/author\/amanda\/\"}]}<\/script>\n<!-- \/ Yoast SEO plugin. -->","yoast_head_json":{"title":"Fipe eleva proje\u00e7\u00e3o do IPC do ano; motivo principal \u00e9 alta dos alimentos","description":"A Fipe aumentou as expectativas para o IPC de 2019, principalmente pela alta dos pre\u00e7os dos alimentos. Clique para saber mais.","robots":{"index":"index","follow":"follow","max-snippet":"max-snippet:-1","max-image-preview":"max-image-preview:large","max-video-preview":"max-video-preview:-1"},"canonical":"https:\/\/www.suno.com.br\/noticias\/fipe-ipc-alta-precos-alimentos\/","og_locale":"pt_BR","og_type":"article","og_title":"Fipe eleva proje\u00e7\u00e3o do IPC do ano; motivo principal \u00e9 alta dos alimentos","og_description":"A Fipe aumentou as expectativas para o IPC de 2019, principalmente pela alta dos pre\u00e7os dos alimentos. Clique para saber mais.","og_url":"https:\/\/www.suno.com.br\/noticias\/fipe-ipc-alta-precos-alimentos\/","og_site_name":"Suno Not\u00edcias","article_publisher":"https:\/\/facebook.com\/sunoresearch","og_image":[{"width":960,"height":640,"url":"https:\/\/files.sunoresearch.com.br\/n\/uploads\/2019\/03\/36b36cf7-infla\u00e7\u00e3o.jpg","type":"image\/jpeg"}],"author":"Amanda Gushiken","twitter_card":"summary_large_image","twitter_creator":"@sunoresearch","twitter_site":"@sunoresearch","twitter_misc":{"Escrito por":"Amanda Gushiken","Est. tempo de leitura":"2 minutos"},"schema":{"@context":"https:\/\/schema.org","@graph":[{"@type":"NewsArticle","@id":"https:\/\/www.suno.com.br\/noticias\/fipe-ipc-alta-precos-alimentos\/#article","isPartOf":{"@id":"https:\/\/www.suno.com.br\/noticias\/fipe-ipc-alta-precos-alimentos\/"},"author":{"name":"Amanda Gushiken","@id":"https:\/\/www.suno.com.br\/noticias\/#\/schema\/person\/a5b06fa4e879d8e8e119c6ed3cd630d1"},"headline":"Fipe eleva proje\u00e7\u00e3o do IPC do ano; motivo principal \u00e9 alta dos alimentos","datePublished":"2019-03-07T19:48:45+00:00","dateModified":"2019-03-07T19:50:24+00:00","mainEntityOfPage":{"@id":"https:\/\/www.suno.com.br\/noticias\/fipe-ipc-alta-precos-alimentos\/"},"wordCount":398,"publisher":{"@id":"https:\/\/www.suno.com.br\/noticias\/#organization"},"image":{"@id":"https:\/\/www.suno.com.br\/noticias\/fipe-ipc-alta-precos-alimentos\/#primaryimage"},"thumbnailUrl":"https:\/\/files.sunoresearch.com.br\/n\/uploads\/2019\/03\/36b36cf7-infla\u00e7\u00e3o-jpg.webp","keywords":["IPC-Fipe"],"articleSection":["Economia"],"inLanguage":"pt-BR"},{"@type":"WebPage","@id":"https:\/\/www.suno.com.br\/noticias\/fipe-ipc-alta-precos-alimentos\/","url":"https:\/\/www.suno.com.br\/noticias\/fipe-ipc-alta-precos-alimentos\/","name":"Fipe eleva proje\u00e7\u00e3o do IPC do ano; motivo principal \u00e9 alta dos alimentos","isPartOf":{"@id":"https:\/\/www.suno.com.br\/noticias\/#website"},"primaryImageOfPage":{"@id":"https:\/\/www.suno.com.br\/noticias\/fipe-ipc-alta-precos-alimentos\/#primaryimage"},"image":{"@id":"https:\/\/www.suno.com.br\/noticias\/fipe-ipc-alta-precos-alimentos\/#primaryimage"},"thumbnailUrl":"https:\/\/files.sunoresearch.com.br\/n\/uploads\/2019\/03\/36b36cf7-infla\u00e7\u00e3o-jpg.webp","datePublished":"2019-03-07T19:48:45+00:00","dateModified":"2019-03-07T19:50:24+00:00","description":"A Fipe aumentou as expectativas para o IPC de 2019, principalmente pela alta dos pre\u00e7os dos alimentos. Clique para saber mais.","breadcrumb":{"@id":"https:\/\/www.suno.com.br\/noticias\/fipe-ipc-alta-precos-alimentos\/#breadcrumb"},"inLanguage":"pt-BR","potentialAction":[{"@type":"ReadAction","target":["https:\/\/www.suno.com.br\/noticias\/fipe-ipc-alta-precos-alimentos\/"]}]},{"@type":"ImageObject","inLanguage":"pt-BR","@id":"https:\/\/www.suno.com.br\/noticias\/fipe-ipc-alta-precos-alimentos\/#primaryimage","url":"https:\/\/files.sunoresearch.com.br\/n\/uploads\/2019\/03\/36b36cf7-infla\u00e7\u00e3o-jpg.webp","contentUrl":"https:\/\/files.sunoresearch.com.br\/n\/uploads\/2019\/03\/36b36cf7-infla\u00e7\u00e3o-jpg.webp","width":960,"height":640,"caption":"Alimentos fazem Fipe elevar proje\u00e7\u00e3o do IPC, indicador da infla\u00e7\u00e3o da cidade de S\u00e3o Paulo. (divulga\u00e7\u00e3o)"},{"@type":"BreadcrumbList","@id":"https:\/\/www.suno.com.br\/noticias\/fipe-ipc-alta-precos-alimentos\/#breadcrumb","itemListElement":[{"@type":"ListItem","position":1,"name":"Not\u00edcias","item":"https:\/\/www.suno.com.br\/noticias\/"},{"@type":"ListItem","position":2,"name":"Economia","item":"https:\/\/www.suno.com.br\/noticias\/economia\/"},{"@type":"ListItem","position":3,"name":"Fipe eleva proje\u00e7\u00e3o do IPC do ano; motivo principal \u00e9 alta dos alimentos"}]},{"@type":"WebSite","@id":"https:\/\/www.suno.com.br\/noticias\/#website","url":"https:\/\/www.suno.com.br\/noticias\/","name":"Suno Not\u00edcias","description":"Seu portal de informa\u00e7\u00e3o sobre o mundo dos investimentos","publisher":{"@id":"https:\/\/www.suno.com.br\/noticias\/#organization"},"potentialAction":[{"@type":"SearchAction","target":{"@type":"EntryPoint","urlTemplate":"https:\/\/www.suno.com.br\/noticias\/?s={search_term_string}"},"query-input":{"@type":"PropertyValueSpecification","valueRequired":true,"valueName":"search_term_string"}}],"inLanguage":"pt-BR"},{"@type":"Organization","@id":"https:\/\/www.suno.com.br\/noticias\/#organization","name":"Suno Not\u00edcias","url":"https:\/\/www.suno.com.br\/noticias\/","logo":{"@type":"ImageObject","inLanguage":"pt-BR","@id":"https:\/\/www.suno.com.br\/noticias\/#\/schema\/logo\/image\/","url":"https:\/\/files.sunoresearch.com.br\/n\/uploads\/2021\/09\/suno-logo.png","contentUrl":"https:\/\/files.sunoresearch.com.br\/n\/uploads\/2021\/09\/suno-logo.png","width":180,"height":180,"caption":"Suno Not\u00edcias"},"image":{"@id":"https:\/\/www.suno.com.br\/noticias\/#\/schema\/logo\/image\/"},"sameAs":["https:\/\/facebook.com\/sunoresearch","https:\/\/x.com\/sunoresearch","https:\/\/www.instagram.com\/suno","https:\/\/www.linkedin.com\/company\/suno-research\/","https:\/\/www.youtube.com\/c\/sunoresearch"]},{"@type":"Person","@id":"https:\/\/www.suno.com.br\/noticias\/#\/schema\/person\/a5b06fa4e879d8e8e119c6ed3cd630d1","name":"Amanda Gushiken","image":{"@type":"ImageObject","inLanguage":"pt-BR","@id":"https:\/\/www.suno.com.br\/noticias\/#\/schema\/person\/image\/","url":"https:\/\/secure.gravatar.com\/avatar\/ecd84705e6b65e3685ae80d725501fbe?s=96&r=g","contentUrl":"https:\/\/secure.gravatar.com\/avatar\/ecd84705e6b65e3685ae80d725501fbe?s=96&r=g","caption":"Amanda Gushiken"},"description":"Amanda Sayuri Gushiken escreve sobre finan\u00e7as e neg\u00f3cios para o portal Suno Not\u00edcias. Antes, trabalhou selecionando not\u00edcias da imprensa para clientes do mercado financeiro. Tamb\u00e9m desenvolveu pesquisa acad\u00eamica pela Universidade Anhembi Morumbi na \u00e1rea de Teorias da Comunica\u00e7\u00e3o e \u00e9 fot\u00f3grafa nas horas vagas.","url":"https:\/\/www.suno.com.br\/noticias\/author\/amanda\/"}]}},"default_loop_html":"<div class=\"cardsPage__listCard__boxs\"><div class=\"cardsPage__listCard__boxs__img\"><a href=\"https:\/\/www.suno.com.br\/noticias\/fipe-ipc-alta-precos-alimentos\/\"><img class=\"mask\" src=\"https:\/\/www.suno.com.br\/noticias\/wp-content\/themes\/suno\/resources\/images\/spotlight\/spotlight1img\/bg-mask.png\" alt=\"Image Mask\"\/><img src=\"https:\/\/files.sunoresearch.com.br\/n\/uploads\/2019\/03\/36b36cf7-infla\u00e7\u00e3o-400x200.webp\" alt=\"Fipe eleva proje\u00e7\u00e3o do IPC do ano; motivo principal \u00e9 alta dos alimentos\"\/><\/a><span class=\"spotlightCategory\"><a href=\"https:\/\/www.suno.com.br\/noticias\/economia\/\">Economia<\/a><\/span><\/div><div class=\"cardsPage__listCard__boxs__content\"><a href=\"https:\/\/www.suno.com.br\/noticias\/fipe-ipc-alta-precos-alimentos\/\"><h2 class=\"content__title\">Fipe eleva proje\u00e7\u00e3o do IPC do ano; motivo principal \u00e9 alta dos alimentos<\/h2><\/a><div class=\"newsContent__article__meta\"><div class=\"newsContent__article__meta__authorBox\"><a href=\"https:\/\/www.suno.com.br\/noticias\/author\/amanda\/\" class=\"authorBox__avatar noMobi\"><img src=\"https:\/\/files.sunoresearch.com.br\/n\/uploads\/2018\/11\/c6ad30be-amanda-150x150.webp\" alt=\"Amanda Gushiken\"><\/a><div class=\"authorBox__name\"><span>por\n\t\t\t<a href=\"https:\/\/www.suno.com.br\/noticias\/author\/amanda\/\"><span itemprop=\"author\">Amanda Gushiken<\/span><\/a><\/span><time datetime=\"2019-03-07T16:48:45-03:00\" itemprop=\"datePublished\">07\/03\/2019 16:48<\/time><\/div><\/div><\/div><\/div><\/div>","single_layout":"posts","amp_enabled":true,"_links":{"self":[{"href":"https:\/\/www.suno.com.br\/noticias\/wp-json\/wp\/v2\/posts\/17342"}],"collection":[{"href":"https:\/\/www.suno.com.br\/noticias\/wp-json\/wp\/v2\/posts"}],"about":[{"href":"https:\/\/www.suno.com.br\/noticias\/wp-json\/wp\/v2\/types\/post"}],"author":[{"embeddable":true,"href":"https:\/\/www.suno.com.br\/noticias\/wp-json\/wp\/v2\/users\/12"}],"replies":[{"embeddable":true,"href":"https:\/\/www.suno.com.br\/noticias\/wp-json\/wp\/v2\/comments?post=17342"}],"version-history":[{"count":0,"href":"https:\/\/www.suno.com.br\/noticias\/wp-json\/wp\/v2\/posts\/17342\/revisions"}],"wp:featuredmedia":[{"embeddable":true,"href":"https:\/\/www.suno.com.br\/noticias\/wp-json\/wp\/v2\/media\/17346"}],"wp:attachment":[{"href":"https:\/\/www.suno.com.br\/noticias\/wp-json\/wp\/v2\/media?parent=17342"}],"wp:term":[{"taxonomy":"category","embeddable":true,"href":"https:\/\/www.suno.com.br\/noticias\/wp-json\/wp\/v2\/categories?post=17342"},{"taxonomy":"post_tag","embeddable":true,"href":"https:\/\/www.suno.com.br\/noticias\/wp-json\/wp\/v2\/tags?post=17342"},{"taxonomy":"suno_strategy","embeddable":true,"href":"https:\/\/www.suno.com.br\/noticias\/wp-json\/wp\/v2\/suno_strategy?post=17342"}],"curies":[{"name":"wp","href":"https:\/\/api.w.org\/{rel}","templated":true}]}}