{"id":173390,"date":"2021-08-09T10:26:53","date_gmt":"2021-08-09T13:26:53","guid":{"rendered":"https:\/\/www.suno.com.br\/noticias\/?p=173390"},"modified":"2021-08-09T10:26:53","modified_gmt":"2021-08-09T13:26:53","slug":"viveo-vveo3-estreia-ipo-b3","status":"publish","type":"post","link":"https:\/\/www.suno.com.br\/noticias\/viveo-vveo3-estreia-ipo-b3\/","title":{"rendered":"Viveo (VVEO3) estreia em alta de 12% na B3; IPO levanta R$ 2 bilh\u00f5es"},"content":{"rendered":"<p>A <strong>Viveo<\/strong> (VVEO3) estreou em forte alta na B3 nesta segunda-feira (9). Em sua <a href=\"https:\/\/www.suno.com.br\/artigos\/ipo\/\">oferta p\u00fablica inicial de a\u00e7\u00f5es (IPO<\/a>, na sigla em ingl\u00eas), as a\u00e7\u00f5es da empresa operavam com um avan\u00e7o de 12,50%, negociadas a R$ 22,41, por volta das 10h25.<\/p>\t<div class=\"wrapper-featured-image\">\n\t\t<figure class=\"spotlightImg\">\n\n\t\t\t<picture>\n\t\t\t\t<source media=\"(max-width: 768px)\" srcset=\"https:\/\/files.sunoresearch.com.br\/n\/uploads\/2021\/03\/50bfa20a-face-mask-4986596_1280-400x200.webp\">\n\t\t\t\t<img loading=\"lazy\" decoding=\"async\" class=\"newsContent__article__imgCapa lazyloadDisabled \" src=\"https:\/\/files.sunoresearch.com.br\/n\/uploads\/2021\/03\/50bfa20a-face-mask-4986596_1280-800x450.webp\" width=\"800\" height=\"450\" alt=\"Viveo (VVEO3) estreia em alta de 12% na B3; IPO levanta R$ 2 bilh\u00f5es\" fetchpriority=high \/>\n\t\t\t<\/picture>\n\n\t\t\t<figcaption class=\"wp-caption-text wp-caption-text--show\"> Viveo - Foto: Pixabay<\/figcaption>\n\t\t<\/figure>\n\t<\/div>\n\n\n\t<p>\n\t\t<a href=\"https:\/\/lp.suno.com.br\/planilha-controle-gastos\/\" target=\"_blank\" data-element=\"shortcode-suno-banner\" title=\"Banner SUNO, clique e saiba mais\">\n\t\t\t<picture>\n\t\t\t\t<source media=\"(max-width: 500px)\" srcset=\"https:\/\/files.sunoresearch.com.br\/n\/uploads\/2023\/03\/400x300-Planilha-controle-de-gastos.png\">\n\t\t\t\t<img class=\"newsContent__article__imgCapa newsContent__article__imgCapa--banner\"\n\t\t\t\t\tsrc=\"https:\/\/files.sunoresearch.com.br\/n\/uploads\/2023\/03\/1420x240-Planilha-controle-de-gastos.png\"\n\t\t\t\t\tdata-promo-id=\"101751\"\t\t\t\t\t\t\t\t\t\twidth='1420' height='240'\t\t\t\t\talt=\"https:\/\/files.sunoresearch.com.br\/n\/uploads\/2023\/03\/1420x240-Planilha-controle-de-gastos.png\"\n\t\t\t\t>\n\t\t\t<\/picture>\n\t\t<\/a>\n\t<\/p>\n\n\n<p>Na \u00faltima sexta-feira (6), a Viveo precificou suas a\u00e7\u00f5es em R$ 19,92 cada, no piso da faixa indicativa. Com isso, a <strong>abertura de capital<\/strong> da companhia movimentou cerca de R$ 2 bilh\u00f5es.<\/p>\n<p>A opera\u00e7\u00e3o foi realizada com base na Instru\u00e7\u00e3o 476 da <a href=\"https:\/\/www.suno.com.br\/artigos\/cvm\/\">Comiss\u00e3o de Valores Mobili\u00e1rios (<strong>CVM<\/strong>)<\/a>. Ou seja, foi restrita a investidores profissionais. Grandes fundos como Dynamo, Equitas, Brasil Capital e estrangeiros aderiram ao processo e levaram fatias da empresa ligada ao setor de sa\u00fade.<\/p>\n<p>Esse foi o caminho encontrado pela empresa para a listagem das a\u00e7\u00f5es na Bolsa. <a href=\"https:\/\/www.suno.com.br\/noticias\/viveo-vveo3-cancela-ipo-por-condicoes-de-mercado-diz-jornal\/\">Em abril, na primeira tentativa<\/a>, a empresa cancelou o IPO por conta das condi\u00e7\u00f5es do mercado \u00e0 \u00e9poca. Agora, a demanda superou a oferta do IPO em 11 vezes.<\/p>\n\t<div data-element=\"shortcode-read-more\" class=\"knowMore\">\n\t\t\t\t<span class=\"knowMore__title\">Leia mais<\/span>\n\t\t\t\t<a class=\"knowMore__link\" href=\"https:\/\/www.suno.com.br\/noticias\/lupo-contratou-xp-itau-pedido-ipo\/\">\n\t\t\tLupo contratou XP e Ita\u00fa BBA e deve protocolar pedido de IPO, diz jornal\t\t<\/a>\n\t<\/div>\n\n\n<p>A Viveo vendeu os lotes suplementar e adicional, no montante de R$ 450 milh\u00f5es. Com isso, a empresa chega ao mercado avaliada em R$ 5,7 bilh\u00f5es.<\/p>\n<p>A empresa ser\u00e1 listada no <strong>Novo Mercado<\/strong>, mais alto n\u00edvel de governan\u00e7a corporativa da B3. Os coordenadores do IPO foram JP Morgan (l\u00edder), Ita\u00fa BBA, <a href=\"https:\/\/www.suno.com.br\/acoes\/bpac11\/\">BTG Pactual (BPAC11)<\/a>, UBS BB, Bank of America, Bradesco BBI e Safra.<\/p>\n<h2>Hist\u00f3rico da Viveo<\/h2>\n<p>Fundada h\u00e1 25 anos pela fam\u00edlia Mafra, a Viveo (a qual o nome oficial \u00e9 <strong>CM Hospitalar<\/strong>) surgiu com suas atividades voltadas \u00e0 exporta\u00e7\u00e3o e importa\u00e7\u00e3o de medicamentos.<\/p>\n<p>Desde 2017, a Viveo tem acelerado seu crescimento atrav\u00e9s de <strong>aquisi\u00e7\u00f5es<\/strong>, incluindo o grupo de higiene pessoal Flexicotton, e empresas como Biogenetix, Vitalab, Byogene, de produtos hospitalares. A lista ainda inclui a fabricante de vacinas Tecnocold e a de fraldas e descart\u00e1veis Cremer.<\/p>\n\t<p>\n\t\t<a href=\"https:\/\/lp.suno.com.br\/planilha-da-vida-financeira\/\" target=\"_blank\" data-element=\"shortcode-suno-banner\" title=\"Banner SUNO, clique e saiba mais\">\n\t\t\t<picture>\n\t\t\t\t<source media=\"(max-width: 500px)\" srcset=\"https:\/\/files.sunoresearch.com.br\/n\/uploads\/2023\/04\/400x300-Planilha-vida-financeira-true.png\">\n\t\t\t\t<img class=\"newsContent__article__imgCapa newsContent__article__imgCapa--banner\"\n\t\t\t\t\tsrc=\"https:\/\/files.sunoresearch.com.br\/n\/uploads\/2023\/04\/1420x240-Planilha-vida-financeira-true.png\"\n\t\t\t\t\tdata-promo-id=\"106682\"\t\t\t\t\t\t\t\t\t\twidth='1420' height='240'\t\t\t\t\talt=\"https:\/\/files.sunoresearch.com.br\/n\/uploads\/2023\/04\/1420x240-Planilha-vida-financeira-true.png\"\n\t\t\t\t>\n\t\t\t<\/picture>\n\t\t<\/a>\n\t<\/p>\n\n\n<p>Hoje, a companhia atua na distribui\u00e7\u00e3o de <strong>materiais m\u00e9dico-hospitalares<\/strong> e <strong>medicamentos<\/strong>, em um ecossistema de servi\u00e7os e produtos desde a fabrica\u00e7\u00e3o at\u00e9 a entrega.<\/p>\n<p>A empresa tamb\u00e9m oferece servi\u00e7os para facilitar a gest\u00e3o de materiais e medicamentos e atua em canais de venda como hospitais, cl\u00ednicas, laborat\u00f3rios, farm\u00e1cias e atendimento direto ao paciente.<\/p>\n<p>&#8220;A companhia acredita ser uma das \u00fanicas empresas do setor a investir em frota pr\u00f3pria de caminh\u00f5es para garantir o controle, confiabilidade e a qualidade das entregas&#8221;, diz o prospecto da Viveo.<\/p>\n<p>No ano passado, a empresa registrou um <a href=\"https:\/\/www.suno.com.br\/artigos\/lucro-liquido\/\">lucro l\u00edquido<\/a> de R$ 121,76 milh\u00f5es, crescimento de 240,6% ante os R$ 35,74 milh\u00f5es apurados em 2019.<\/p>\n<p>Na mesma base comparativa, o Ebitda (lucro antes de juros, impostos, deprecia\u00e7\u00e3o e amortiza\u00e7\u00e3o) e a <a class=\"suno-keyword\" href=\"https:\/\/www.suno.com.br\/artigos\/o-que-receita-liquida\/\" target=\"_blank\" rel=\"noopener noreferrer\" data-force=\"no\" data-priority=\"1\">receita l\u00edquida<\/a> da <strong>Viveo<\/strong> cresceram 138,9% e 47%, atingindo R$ 279,28 milh\u00f5es e R$ 4,41 bilh\u00f5es, respectivamente.<\/p>\n\t<p>\n\t\t<a href=\"https:\/\/lp.suno.com.br\/planilha-de-controle-de-investimentos\/\" target=\"_blank\" data-element=\"shortcode-suno-banner\" title=\"Banner SUNO, clique e saiba mais\">\n\t\t\t<picture>\n\t\t\t\t<source media=\"(max-width: 500px)\" srcset=\"https:\/\/files.sunoresearch.com.br\/n\/uploads\/2023\/03\/400x300-Controle-de-Investimentos.png\">\n\t\t\t\t<img class=\"newsContent__article__imgCapa newsContent__article__imgCapa--banner\"\n\t\t\t\t\tsrc=\"https:\/\/files.sunoresearch.com.br\/n\/uploads\/2023\/03\/1420x240-Controle-de-Investimentos.png\"\n\t\t\t\t\tdata-promo-id=\"75934\"\t\t\t\t\t\t\t\t\t\twidth='1420' height='240'\t\t\t\t\talt=\"https:\/\/files.sunoresearch.com.br\/n\/uploads\/2023\/03\/1420x240-Controle-de-Investimentos.png\"\n\t\t\t\t>\n\t\t\t<\/picture>\n\t\t<\/a>\n\t<\/p>\n\n\n","protected":false},"excerpt":{"rendered":"<p>A Viveo (VVEO3) estreou em forte alta na B3 nesta segunda-feira (9). Em sua oferta p\u00fablica inicial de a\u00e7\u00f5es (IPO, na sigla em ingl\u00eas), as a\u00e7\u00f5es da empresa operavam com um avan\u00e7o de 12,50%, negociadas a R$ 22,41, por volta das 10h25. Viveo &#8211; Foto: Pixabay Na \u00faltima sexta-feira (6), a Viveo precificou suas a\u00e7\u00f5es [&hellip;]<\/p>\n","protected":false},"author":24,"featured_media":140810,"comment_status":"closed","ping_status":"closed","sticky":false,"template":"","format":"standard","meta":[],"categories":[64],"tags":[1937,319,105927,106068],"suno_strategy":[],"class_list":["post-173390","post","type-post","status-publish","format-standard","has-post-thumbnail","hentry","category-negocios","tag-bolsa-de-valores-de-sao-paulo-b3","tag-ipo-oferta-inicial-de-acoes","tag-setor-de-saude","tag-viveo-vveo3"],"yoast_head":"<!-- This site is optimized with the Yoast SEO plugin v24.4 - https:\/\/yoast.com\/wordpress\/plugins\/seo\/ -->\n<title>Viveo (VVEO3) estreia em alta de 12% na B3; IPO levanta R$ 2 bilh\u00f5es<\/title>\n<meta name=\"description\" content=\"A Viveo (VVEO3) estreou em forte alta na B3 nesta segunda-feira (9). O IPO da empresa movimentou R$ 2 bilh\u00f5es. Clique aqui e saiba mais.\" \/>\n<meta name=\"robots\" content=\"index, follow, max-snippet:-1, max-image-preview:large, max-video-preview:-1\" \/>\n<link rel=\"canonical\" href=\"https:\/\/www.suno.com.br\/noticias\/viveo-vveo3-estreia-ipo-b3\/\" \/>\n<meta property=\"og:locale\" content=\"pt_BR\" \/>\n<meta property=\"og:type\" content=\"article\" \/>\n<meta property=\"og:title\" content=\"Viveo (VVEO3) estreia em alta de 12% na B3; IPO levanta R$ 2 bilh\u00f5es\" \/>\n<meta property=\"og:description\" content=\"A Viveo (VVEO3) estreou em forte alta na B3 nesta segunda-feira (9). O IPO da empresa movimentou R$ 2 bilh\u00f5es. Clique aqui e saiba mais.\" \/>\n<meta property=\"og:url\" content=\"https:\/\/www.suno.com.br\/noticias\/viveo-vveo3-estreia-ipo-b3\/\" \/>\n<meta property=\"og:site_name\" content=\"Suno Not\u00edcias\" \/>\n<meta property=\"article:publisher\" content=\"https:\/\/facebook.com\/sunoresearch\" \/>\n<meta property=\"og:image\" content=\"https:\/\/files.sunoresearch.com.br\/n\/uploads\/2021\/03\/50bfa20a-face-mask-4986596_1280.jpg\" \/>\n\t<meta property=\"og:image:width\" content=\"1280\" \/>\n\t<meta property=\"og:image:height\" content=\"853\" \/>\n\t<meta property=\"og:image:type\" content=\"image\/jpeg\" \/>\n<meta name=\"author\" content=\"Jader Lazarini\" \/>\n<meta name=\"twitter:card\" content=\"summary_large_image\" \/>\n<meta name=\"twitter:creator\" content=\"@sunoresearch\" \/>\n<meta name=\"twitter:site\" content=\"@sunoresearch\" \/>\n<meta name=\"twitter:label1\" content=\"Escrito por\" \/>\n\t<meta name=\"twitter:data1\" content=\"Jader Lazarini\" \/>\n\t<meta name=\"twitter:label2\" content=\"Est. tempo de leitura\" \/>\n\t<meta name=\"twitter:data2\" content=\"2 minutos\" \/>\n<script type=\"application\/ld+json\" class=\"yoast-schema-graph\">{\"@context\":\"https:\/\/schema.org\",\"@graph\":[{\"@type\":\"NewsArticle\",\"@id\":\"https:\/\/www.suno.com.br\/noticias\/viveo-vveo3-estreia-ipo-b3\/#article\",\"isPartOf\":{\"@id\":\"https:\/\/www.suno.com.br\/noticias\/viveo-vveo3-estreia-ipo-b3\/\"},\"author\":{\"name\":\"Jader Lazarini\",\"@id\":\"https:\/\/www.suno.com.br\/noticias\/#\/schema\/person\/918d79de1f0281f01599b93f9ea6e23f\"},\"headline\":\"Viveo (VVEO3) estreia em alta de 12% na B3; IPO levanta R$ 2 bilh\u00f5es\",\"datePublished\":\"2021-08-09T13:26:53+00:00\",\"mainEntityOfPage\":{\"@id\":\"https:\/\/www.suno.com.br\/noticias\/viveo-vveo3-estreia-ipo-b3\/\"},\"wordCount\":492,\"publisher\":{\"@id\":\"https:\/\/www.suno.com.br\/noticias\/#organization\"},\"image\":{\"@id\":\"https:\/\/www.suno.com.br\/noticias\/viveo-vveo3-estreia-ipo-b3\/#primaryimage\"},\"thumbnailUrl\":\"https:\/\/files.sunoresearch.com.br\/n\/uploads\/2021\/03\/50bfa20a-face-mask-4986596_1280-jpg.webp\",\"keywords\":[\"Bolsa de Valores de S\u00e3o Paulo (B3)\",\"IPO (Oferta Inicial de A\u00e7\u00f5es)\",\"setor de sa\u00fade\",\"Viveo (VVEO3)\"],\"articleSection\":[\"Neg\u00f3cios\"],\"inLanguage\":\"pt-BR\"},{\"@type\":\"WebPage\",\"@id\":\"https:\/\/www.suno.com.br\/noticias\/viveo-vveo3-estreia-ipo-b3\/\",\"url\":\"https:\/\/www.suno.com.br\/noticias\/viveo-vveo3-estreia-ipo-b3\/\",\"name\":\"Viveo (VVEO3) estreia em alta de 12% na B3; IPO levanta R$ 2 bilh\u00f5es\",\"isPartOf\":{\"@id\":\"https:\/\/www.suno.com.br\/noticias\/#website\"},\"primaryImageOfPage\":{\"@id\":\"https:\/\/www.suno.com.br\/noticias\/viveo-vveo3-estreia-ipo-b3\/#primaryimage\"},\"image\":{\"@id\":\"https:\/\/www.suno.com.br\/noticias\/viveo-vveo3-estreia-ipo-b3\/#primaryimage\"},\"thumbnailUrl\":\"https:\/\/files.sunoresearch.com.br\/n\/uploads\/2021\/03\/50bfa20a-face-mask-4986596_1280-jpg.webp\",\"datePublished\":\"2021-08-09T13:26:53+00:00\",\"description\":\"A Viveo (VVEO3) estreou em forte alta na B3 nesta segunda-feira (9). O IPO da empresa movimentou R$ 2 bilh\u00f5es. Clique aqui e saiba mais.\",\"breadcrumb\":{\"@id\":\"https:\/\/www.suno.com.br\/noticias\/viveo-vveo3-estreia-ipo-b3\/#breadcrumb\"},\"inLanguage\":\"pt-BR\",\"potentialAction\":[{\"@type\":\"ReadAction\",\"target\":[\"https:\/\/www.suno.com.br\/noticias\/viveo-vveo3-estreia-ipo-b3\/\"]}]},{\"@type\":\"ImageObject\",\"inLanguage\":\"pt-BR\",\"@id\":\"https:\/\/www.suno.com.br\/noticias\/viveo-vveo3-estreia-ipo-b3\/#primaryimage\",\"url\":\"https:\/\/files.sunoresearch.com.br\/n\/uploads\/2021\/03\/50bfa20a-face-mask-4986596_1280-jpg.webp\",\"contentUrl\":\"https:\/\/files.sunoresearch.com.br\/n\/uploads\/2021\/03\/50bfa20a-face-mask-4986596_1280-jpg.webp\",\"width\":1280,\"height\":853,\"caption\":\"Viveo - Foto: Pixabay\"},{\"@type\":\"BreadcrumbList\",\"@id\":\"https:\/\/www.suno.com.br\/noticias\/viveo-vveo3-estreia-ipo-b3\/#breadcrumb\",\"itemListElement\":[{\"@type\":\"ListItem\",\"position\":1,\"name\":\"Not\u00edcias\",\"item\":\"https:\/\/www.suno.com.br\/noticias\/\"},{\"@type\":\"ListItem\",\"position\":2,\"name\":\"Neg\u00f3cios\",\"item\":\"https:\/\/www.suno.com.br\/noticias\/negocios\/\"},{\"@type\":\"ListItem\",\"position\":3,\"name\":\"Viveo (VVEO3) estreia em alta de 12% na B3; IPO levanta R$ 2 bilh\u00f5es\"}]},{\"@type\":\"WebSite\",\"@id\":\"https:\/\/www.suno.com.br\/noticias\/#website\",\"url\":\"https:\/\/www.suno.com.br\/noticias\/\",\"name\":\"Suno Not\u00edcias\",\"description\":\"Seu portal de informa\u00e7\u00e3o sobre o mundo dos investimentos\",\"publisher\":{\"@id\":\"https:\/\/www.suno.com.br\/noticias\/#organization\"},\"potentialAction\":[{\"@type\":\"SearchAction\",\"target\":{\"@type\":\"EntryPoint\",\"urlTemplate\":\"https:\/\/www.suno.com.br\/noticias\/?s={search_term_string}\"},\"query-input\":{\"@type\":\"PropertyValueSpecification\",\"valueRequired\":true,\"valueName\":\"search_term_string\"}}],\"inLanguage\":\"pt-BR\"},{\"@type\":\"Organization\",\"@id\":\"https:\/\/www.suno.com.br\/noticias\/#organization\",\"name\":\"Suno Not\u00edcias\",\"url\":\"https:\/\/www.suno.com.br\/noticias\/\",\"logo\":{\"@type\":\"ImageObject\",\"inLanguage\":\"pt-BR\",\"@id\":\"https:\/\/www.suno.com.br\/noticias\/#\/schema\/logo\/image\/\",\"url\":\"https:\/\/files.sunoresearch.com.br\/n\/uploads\/2021\/09\/suno-logo.png\",\"contentUrl\":\"https:\/\/files.sunoresearch.com.br\/n\/uploads\/2021\/09\/suno-logo.png\",\"width\":180,\"height\":180,\"caption\":\"Suno Not\u00edcias\"},\"image\":{\"@id\":\"https:\/\/www.suno.com.br\/noticias\/#\/schema\/logo\/image\/\"},\"sameAs\":[\"https:\/\/facebook.com\/sunoresearch\",\"https:\/\/x.com\/sunoresearch\",\"https:\/\/www.instagram.com\/suno\",\"https:\/\/www.linkedin.com\/company\/suno-research\/\",\"https:\/\/www.youtube.com\/c\/sunoresearch\"]},{\"@type\":\"Person\",\"@id\":\"https:\/\/www.suno.com.br\/noticias\/#\/schema\/person\/918d79de1f0281f01599b93f9ea6e23f\",\"name\":\"Jader Lazarini\",\"image\":{\"@type\":\"ImageObject\",\"inLanguage\":\"pt-BR\",\"@id\":\"https:\/\/www.suno.com.br\/noticias\/#\/schema\/person\/image\/\",\"url\":\"https:\/\/secure.gravatar.com\/avatar\/3c1ad8caa51589841baeb923fcddea97?s=96&r=g\",\"contentUrl\":\"https:\/\/secure.gravatar.com\/avatar\/3c1ad8caa51589841baeb923fcddea97?s=96&r=g\",\"caption\":\"Jader Lazarini\"},\"description\":\"Jader Lazarini escreve sobre investimentos, finan\u00e7as, economia e neg\u00f3cios. \u00c9 bacharel em Rela\u00e7\u00f5es Internacionais e analista CNPI (2619).\",\"url\":\"https:\/\/www.suno.com.br\/noticias\/author\/jader-lazarini\/\"}]}<\/script>\n<!-- \/ Yoast SEO plugin. -->","yoast_head_json":{"title":"Viveo (VVEO3) estreia em alta de 12% na B3; IPO levanta R$ 2 bilh\u00f5es","description":"A Viveo (VVEO3) estreou em forte alta na B3 nesta segunda-feira (9). O IPO da empresa movimentou R$ 2 bilh\u00f5es. Clique aqui e saiba mais.","robots":{"index":"index","follow":"follow","max-snippet":"max-snippet:-1","max-image-preview":"max-image-preview:large","max-video-preview":"max-video-preview:-1"},"canonical":"https:\/\/www.suno.com.br\/noticias\/viveo-vveo3-estreia-ipo-b3\/","og_locale":"pt_BR","og_type":"article","og_title":"Viveo (VVEO3) estreia em alta de 12% na B3; IPO levanta R$ 2 bilh\u00f5es","og_description":"A Viveo (VVEO3) estreou em forte alta na B3 nesta segunda-feira (9). O IPO da empresa movimentou R$ 2 bilh\u00f5es. Clique aqui e saiba mais.","og_url":"https:\/\/www.suno.com.br\/noticias\/viveo-vveo3-estreia-ipo-b3\/","og_site_name":"Suno Not\u00edcias","article_publisher":"https:\/\/facebook.com\/sunoresearch","og_image":[{"width":1280,"height":853,"url":"https:\/\/files.sunoresearch.com.br\/n\/uploads\/2021\/03\/50bfa20a-face-mask-4986596_1280.jpg","type":"image\/jpeg"}],"author":"Jader Lazarini","twitter_card":"summary_large_image","twitter_creator":"@sunoresearch","twitter_site":"@sunoresearch","twitter_misc":{"Escrito por":"Jader Lazarini","Est. tempo de leitura":"2 minutos"},"schema":{"@context":"https:\/\/schema.org","@graph":[{"@type":"NewsArticle","@id":"https:\/\/www.suno.com.br\/noticias\/viveo-vveo3-estreia-ipo-b3\/#article","isPartOf":{"@id":"https:\/\/www.suno.com.br\/noticias\/viveo-vveo3-estreia-ipo-b3\/"},"author":{"name":"Jader Lazarini","@id":"https:\/\/www.suno.com.br\/noticias\/#\/schema\/person\/918d79de1f0281f01599b93f9ea6e23f"},"headline":"Viveo (VVEO3) estreia em alta de 12% na B3; IPO levanta R$ 2 bilh\u00f5es","datePublished":"2021-08-09T13:26:53+00:00","mainEntityOfPage":{"@id":"https:\/\/www.suno.com.br\/noticias\/viveo-vveo3-estreia-ipo-b3\/"},"wordCount":492,"publisher":{"@id":"https:\/\/www.suno.com.br\/noticias\/#organization"},"image":{"@id":"https:\/\/www.suno.com.br\/noticias\/viveo-vveo3-estreia-ipo-b3\/#primaryimage"},"thumbnailUrl":"https:\/\/files.sunoresearch.com.br\/n\/uploads\/2021\/03\/50bfa20a-face-mask-4986596_1280-jpg.webp","keywords":["Bolsa de Valores de S\u00e3o Paulo (B3)","IPO (Oferta Inicial de A\u00e7\u00f5es)","setor de sa\u00fade","Viveo (VVEO3)"],"articleSection":["Neg\u00f3cios"],"inLanguage":"pt-BR"},{"@type":"WebPage","@id":"https:\/\/www.suno.com.br\/noticias\/viveo-vveo3-estreia-ipo-b3\/","url":"https:\/\/www.suno.com.br\/noticias\/viveo-vveo3-estreia-ipo-b3\/","name":"Viveo (VVEO3) estreia em alta de 12% na B3; IPO levanta R$ 2 bilh\u00f5es","isPartOf":{"@id":"https:\/\/www.suno.com.br\/noticias\/#website"},"primaryImageOfPage":{"@id":"https:\/\/www.suno.com.br\/noticias\/viveo-vveo3-estreia-ipo-b3\/#primaryimage"},"image":{"@id":"https:\/\/www.suno.com.br\/noticias\/viveo-vveo3-estreia-ipo-b3\/#primaryimage"},"thumbnailUrl":"https:\/\/files.sunoresearch.com.br\/n\/uploads\/2021\/03\/50bfa20a-face-mask-4986596_1280-jpg.webp","datePublished":"2021-08-09T13:26:53+00:00","description":"A Viveo (VVEO3) estreou em forte alta na B3 nesta segunda-feira (9). O IPO da empresa movimentou R$ 2 bilh\u00f5es. Clique aqui e saiba mais.","breadcrumb":{"@id":"https:\/\/www.suno.com.br\/noticias\/viveo-vveo3-estreia-ipo-b3\/#breadcrumb"},"inLanguage":"pt-BR","potentialAction":[{"@type":"ReadAction","target":["https:\/\/www.suno.com.br\/noticias\/viveo-vveo3-estreia-ipo-b3\/"]}]},{"@type":"ImageObject","inLanguage":"pt-BR","@id":"https:\/\/www.suno.com.br\/noticias\/viveo-vveo3-estreia-ipo-b3\/#primaryimage","url":"https:\/\/files.sunoresearch.com.br\/n\/uploads\/2021\/03\/50bfa20a-face-mask-4986596_1280-jpg.webp","contentUrl":"https:\/\/files.sunoresearch.com.br\/n\/uploads\/2021\/03\/50bfa20a-face-mask-4986596_1280-jpg.webp","width":1280,"height":853,"caption":"Viveo - Foto: Pixabay"},{"@type":"BreadcrumbList","@id":"https:\/\/www.suno.com.br\/noticias\/viveo-vveo3-estreia-ipo-b3\/#breadcrumb","itemListElement":[{"@type":"ListItem","position":1,"name":"Not\u00edcias","item":"https:\/\/www.suno.com.br\/noticias\/"},{"@type":"ListItem","position":2,"name":"Neg\u00f3cios","item":"https:\/\/www.suno.com.br\/noticias\/negocios\/"},{"@type":"ListItem","position":3,"name":"Viveo (VVEO3) estreia em alta de 12% na B3; IPO levanta R$ 2 bilh\u00f5es"}]},{"@type":"WebSite","@id":"https:\/\/www.suno.com.br\/noticias\/#website","url":"https:\/\/www.suno.com.br\/noticias\/","name":"Suno Not\u00edcias","description":"Seu portal de informa\u00e7\u00e3o sobre o mundo dos investimentos","publisher":{"@id":"https:\/\/www.suno.com.br\/noticias\/#organization"},"potentialAction":[{"@type":"SearchAction","target":{"@type":"EntryPoint","urlTemplate":"https:\/\/www.suno.com.br\/noticias\/?s={search_term_string}"},"query-input":{"@type":"PropertyValueSpecification","valueRequired":true,"valueName":"search_term_string"}}],"inLanguage":"pt-BR"},{"@type":"Organization","@id":"https:\/\/www.suno.com.br\/noticias\/#organization","name":"Suno Not\u00edcias","url":"https:\/\/www.suno.com.br\/noticias\/","logo":{"@type":"ImageObject","inLanguage":"pt-BR","@id":"https:\/\/www.suno.com.br\/noticias\/#\/schema\/logo\/image\/","url":"https:\/\/files.sunoresearch.com.br\/n\/uploads\/2021\/09\/suno-logo.png","contentUrl":"https:\/\/files.sunoresearch.com.br\/n\/uploads\/2021\/09\/suno-logo.png","width":180,"height":180,"caption":"Suno Not\u00edcias"},"image":{"@id":"https:\/\/www.suno.com.br\/noticias\/#\/schema\/logo\/image\/"},"sameAs":["https:\/\/facebook.com\/sunoresearch","https:\/\/x.com\/sunoresearch","https:\/\/www.instagram.com\/suno","https:\/\/www.linkedin.com\/company\/suno-research\/","https:\/\/www.youtube.com\/c\/sunoresearch"]},{"@type":"Person","@id":"https:\/\/www.suno.com.br\/noticias\/#\/schema\/person\/918d79de1f0281f01599b93f9ea6e23f","name":"Jader Lazarini","image":{"@type":"ImageObject","inLanguage":"pt-BR","@id":"https:\/\/www.suno.com.br\/noticias\/#\/schema\/person\/image\/","url":"https:\/\/secure.gravatar.com\/avatar\/3c1ad8caa51589841baeb923fcddea97?s=96&r=g","contentUrl":"https:\/\/secure.gravatar.com\/avatar\/3c1ad8caa51589841baeb923fcddea97?s=96&r=g","caption":"Jader Lazarini"},"description":"Jader Lazarini escreve sobre investimentos, finan\u00e7as, economia e neg\u00f3cios. \u00c9 bacharel em Rela\u00e7\u00f5es Internacionais e analista CNPI (2619).","url":"https:\/\/www.suno.com.br\/noticias\/author\/jader-lazarini\/"}]}},"default_loop_html":"<div class=\"cardsPage__listCard__boxs\"><div class=\"cardsPage__listCard__boxs__img\"><a href=\"https:\/\/www.suno.com.br\/noticias\/viveo-vveo3-estreia-ipo-b3\/\"><img class=\"mask\" src=\"https:\/\/www.suno.com.br\/noticias\/wp-content\/themes\/suno\/resources\/images\/spotlight\/spotlight1img\/bg-mask.png\" alt=\"Image Mask\"\/><img src=\"https:\/\/files.sunoresearch.com.br\/n\/uploads\/2021\/03\/50bfa20a-face-mask-4986596_1280-400x200.webp\" alt=\"Viveo (VVEO3) estreia em alta de 12% na B3; IPO levanta R$ 2 bilh\u00f5es\"\/><\/a><span class=\"spotlightCategory\"><a href=\"https:\/\/www.suno.com.br\/noticias\/negocios\/\">Neg\u00f3cios<\/a><\/span><\/div><div class=\"cardsPage__listCard__boxs__content\"><a href=\"https:\/\/www.suno.com.br\/noticias\/viveo-vveo3-estreia-ipo-b3\/\"><h2 class=\"content__title\">Viveo (VVEO3) estreia em alta de 12% na B3; IPO levanta R$ 2 bilh\u00f5es<\/h2><\/a><div class=\"newsContent__article__meta\"><div class=\"newsContent__article__meta__authorBox\"><a href=\"https:\/\/www.suno.com.br\/noticias\/author\/jader-lazarini\/\" class=\"authorBox__avatar noMobi\"><img src=\"https:\/\/files.sunoresearch.com.br\/n\/uploads\/2021\/01\/178e6598-foto-perfil-2-150x150.jpg\" alt=\"Jader Lazarini\"><\/a><div class=\"authorBox__name\"><span>por\n\t\t\t<a href=\"https:\/\/www.suno.com.br\/noticias\/author\/jader-lazarini\/\"><span itemprop=\"author\">Jader Lazarini<\/span><\/a><\/span><time datetime=\"2021-08-09T10:26:53-03:00\" itemprop=\"datePublished\">09\/08\/2021 10:26<\/time><\/div><\/div><\/div><\/div><\/div>","single_layout":"posts","amp_enabled":true,"_links":{"self":[{"href":"https:\/\/www.suno.com.br\/noticias\/wp-json\/wp\/v2\/posts\/173390"}],"collection":[{"href":"https:\/\/www.suno.com.br\/noticias\/wp-json\/wp\/v2\/posts"}],"about":[{"href":"https:\/\/www.suno.com.br\/noticias\/wp-json\/wp\/v2\/types\/post"}],"author":[{"embeddable":true,"href":"https:\/\/www.suno.com.br\/noticias\/wp-json\/wp\/v2\/users\/24"}],"replies":[{"embeddable":true,"href":"https:\/\/www.suno.com.br\/noticias\/wp-json\/wp\/v2\/comments?post=173390"}],"version-history":[{"count":3,"href":"https:\/\/www.suno.com.br\/noticias\/wp-json\/wp\/v2\/posts\/173390\/revisions"}],"predecessor-version":[{"id":173420,"href":"https:\/\/www.suno.com.br\/noticias\/wp-json\/wp\/v2\/posts\/173390\/revisions\/173420"}],"wp:featuredmedia":[{"embeddable":true,"href":"https:\/\/www.suno.com.br\/noticias\/wp-json\/wp\/v2\/media\/140810"}],"wp:attachment":[{"href":"https:\/\/www.suno.com.br\/noticias\/wp-json\/wp\/v2\/media?parent=173390"}],"wp:term":[{"taxonomy":"category","embeddable":true,"href":"https:\/\/www.suno.com.br\/noticias\/wp-json\/wp\/v2\/categories?post=173390"},{"taxonomy":"post_tag","embeddable":true,"href":"https:\/\/www.suno.com.br\/noticias\/wp-json\/wp\/v2\/tags?post=173390"},{"taxonomy":"suno_strategy","embeddable":true,"href":"https:\/\/www.suno.com.br\/noticias\/wp-json\/wp\/v2\/suno_strategy?post=173390"}],"curies":[{"name":"wp","href":"https:\/\/api.w.org\/{rel}","templated":true}]}}