{"id":173218,"date":"2021-08-07T14:33:33","date_gmt":"2021-08-07T17:33:33","guid":{"rendered":"https:\/\/www.suno.com.br\/noticias\/?p=173218"},"modified":"2021-08-07T14:35:58","modified_gmt":"2021-08-07T17:35:58","slug":"cvc-cai-7-ibovespa-baixas-semana","status":"publish","type":"post","link":"https:\/\/www.suno.com.br\/noticias\/cvc-cai-7-ibovespa-baixas-semana\/","title":{"rendered":"CVC cai 7%: Veja as maiores baixas do Ibovespa na semana"},"content":{"rendered":"<p>Ap\u00f3s manter-se em patamares pr\u00f3ximos \u00e0 m\u00e1xima hist\u00f3rica em julho, o <strong>Ibovespa<\/strong> iniciou o m\u00eas de agosto com estabilidade. Apesar do clima de tens\u00e3o pol\u00edtica e infla\u00e7\u00e3o no radar, o \u00cdndice Bovespa apresentou uma varia\u00e7\u00e3o de 0,83% de ponta a ponta, em saldo positivo.<\/p>\t<div class=\"wrapper-featured-image\">\n\t\t<figure class=\"spotlightImg\">\n\n\t\t\t<picture>\n\t\t\t\t<source media=\"(max-width: 768px)\" srcset=\"https:\/\/files.sunoresearch.com.br\/n\/uploads\/2021\/04\/670355a7-13116510_501948066681646_6688735972555901156_o-400x200.webp\">\n\t\t\t\t<img loading=\"lazy\" decoding=\"async\" class=\"newsContent__article__imgCapa lazyloadDisabled \" src=\"https:\/\/files.sunoresearch.com.br\/n\/uploads\/2021\/04\/670355a7-13116510_501948066681646_6688735972555901156_o-800x450.webp\" width=\"800\" height=\"450\" alt=\"CVC cai 7%: Veja as maiores baixas do Ibovespa na semana\" fetchpriority=high \/>\n\t\t\t<\/picture>\n\n\t\t\t<figcaption class=\"wp-caption-text wp-caption-text--show\">Ag\u00eancia da CVC. Foto: Reprodu\u00e7\u00e3o Facebook<\/figcaption>\n\t\t<\/figure>\n\t<\/div>\n\n\n\t<p>\n\t\t<a href=\"https:\/\/lp.suno.com.br\/planilha-controle-gastos\/\" target=\"_blank\" data-element=\"shortcode-suno-banner\" title=\"Banner SUNO, clique e saiba mais\">\n\t\t\t<picture>\n\t\t\t\t<source media=\"(max-width: 500px)\" srcset=\"https:\/\/files.sunoresearch.com.br\/n\/uploads\/2023\/03\/400x300-Planilha-controle-de-gastos.png\">\n\t\t\t\t<img class=\"newsContent__article__imgCapa newsContent__article__imgCapa--banner\"\n\t\t\t\t\tsrc=\"https:\/\/files.sunoresearch.com.br\/n\/uploads\/2023\/03\/1420x240-Planilha-controle-de-gastos.png\"\n\t\t\t\t\tdata-promo-id=\"101751\"\t\t\t\t\t\t\t\t\t\twidth='1420' height='240'\t\t\t\t\talt=\"https:\/\/files.sunoresearch.com.br\/n\/uploads\/2023\/03\/1420x240-Planilha-controle-de-gastos.png\"\n\t\t\t\t>\n\t\t\t<\/picture>\n\t\t<\/a>\n\t<\/p>\n\n\n<p>Com o <strong>payroll<\/strong> americano vindo acima do esperado, a sexta (6) foi de saldo positivo, com os n\u00fameros puxando os <strong>mercados<\/strong> <strong>internacionais<\/strong> para cima, e tamb\u00e9m mantendo o Ibovespa no verde.<\/p>\n<p>Apesar disso, alguns pap\u00e9is apresentaram <strong>quedas<\/strong> expressivas no acumulado semanal, com desvaloriza\u00e7\u00e3o entre 5% e 7%.<\/p>\n<h2>Veja as a\u00e7\u00f5es do Ibovespa que mais ca\u00edram na primeira semana de agosto<\/h2>\n<ul>\n<li><a class=\"suno-keyword\" href=\"https:\/\/www.suno.com.br\/acoes\/CVCB3\/\" target=\"_blank\" rel=\"noopener noreferrer\" data-force=\"yes\" data-priority=\"2\"><strong>CVC<\/strong> (CVCB3)<\/a>: -7,76%<\/li>\n<li><a class=\"suno-keyword\" href=\"https:\/\/www.suno.com.br\/acoes\/CSNA3\/\" target=\"_blank\" rel=\"noopener noreferrer\" data-force=\"yes\" data-priority=\"2\"><strong>Companhia Sider\u00fargica Nacional<\/strong> (CSNA3)<\/a>: -7,12%<\/li>\n<li><a class=\"suno-keyword\" href=\"https:\/\/www.suno.com.br\/acoes\/ECOR3\/\" target=\"_blank\" rel=\"noopener noreferrer\" data-force=\"yes\" data-priority=\"2\"><strong>Ecorodovias<\/strong> (ECOR3)<\/a>: -6,51%<\/li>\n<li><a href=\"https:\/\/www.suno.com.br\/acoes\/RENT3\/\" target=\"_blank\" rel=\"noopener noreferrer\"><strong>Localiza<\/strong> (RENT3)<\/a>: -6,28%<\/li>\n<li><a class=\"suno-keyword\" href=\"https:\/\/www.suno.com.br\/acoes\/CSAN3\/\" target=\"_blank\" rel=\"noopener noreferrer\" data-force=\"yes\" data-priority=\"2\"><strong>Cosan<\/strong> (CSAN3)<\/a>: -5,28%<\/li>\n<\/ul>\n<h3>CVC<\/h3>\n<p>Desde meados de julho a companhia apresenta desvaloriza\u00e7\u00e3o, com press\u00e3o no setor de viagens &#8211; que ainda patina na recupera\u00e7\u00e3o mesmo com um aumento de brasileiros vacinados nos \u00faltimos meses.<\/p>\n<p>Isso, pois a variante Delta, que influencia bolsas mundo afora, ainda preocupa os investidores.\u00a0Al\u00e9m disso, a companhia sofre com a valoriza\u00e7\u00e3o cambial recente, dado que o d\u00f3lar \u00e9 negociado na faixa de R$ 5,236 atualmente.<\/p>\n\t<p>\n\t\t<a href=\"https:\/\/lp.suno.com.br\/planilha-da-vida-financeira\/\" target=\"_blank\" data-element=\"shortcode-suno-banner\" title=\"Banner SUNO, clique e saiba mais\">\n\t\t\t<picture>\n\t\t\t\t<source media=\"(max-width: 500px)\" srcset=\"https:\/\/files.sunoresearch.com.br\/n\/uploads\/2023\/04\/400x300-Planilha-vida-financeira-true.png\">\n\t\t\t\t<img class=\"newsContent__article__imgCapa newsContent__article__imgCapa--banner\"\n\t\t\t\t\tsrc=\"https:\/\/files.sunoresearch.com.br\/n\/uploads\/2023\/04\/1420x240-Planilha-vida-financeira-true.png\"\n\t\t\t\t\tdata-promo-id=\"106682\"\t\t\t\t\t\t\t\t\t\twidth='1420' height='240'\t\t\t\t\talt=\"https:\/\/files.sunoresearch.com.br\/n\/uploads\/2023\/04\/1420x240-Planilha-vida-financeira-true.png\"\n\t\t\t\t>\n\t\t\t<\/picture>\n\t\t<\/a>\n\t<\/p>\n\n\n<h3>Companhia Sider\u00fargica Nacional<\/h3>\n<p>Apesar da <a href=\"https:\/\/www.suno.com.br\/noticias\/csn-csna3-resultado-2t21\/\">alta de 1.136% no lucro da companhia<\/a>, houve uma queda de mais de 7% na cota\u00e7\u00e3o das a\u00e7\u00f5es da sider\u00fargica no Ibovespa.<\/p>\n<p>Somado a isso, ainda recentemente a empresa anunciou que adiou a oferta p\u00fablica inicial de a\u00e7\u00f5es (IPO, na sigla em ingl\u00eas), da\u00a0<strong>CSN Cimentos<\/strong>, sua subsidi\u00e1ria.<\/p>\n<h3>Ecorodovias<\/h3>\n<p>No seu balan\u00e7o, a Ecorodovias teve alta de 260,8% no seu lucro l\u00edquido, e a <a href=\"https:\/\/www.suno.com.br\/artigos\/receita\">receita l\u00edquida pro forma<\/a> foi de R$ 856,6 milh\u00f5es no 2T21, alta de 32,3%.<\/p>\n<p>Apesar da queda recente na cota\u00e7\u00e3o, as corretoras veem um potencial de alta expressiva nos pap\u00e9is da companhia.<\/p>\n<p>O <a href=\"https:\/\/www.suno.com.br\/acoes\/bpac11\/\"><strong>BTG Pactual<\/strong> (BPAC11)<\/a> refor\u00e7ou a sua recomenda\u00e7\u00e3o de compra, com potencial de <a href=\"https:\/\/www.suno.com.br\/noticias\/ecorodovias-ecor3-potencial-alta-btg-pactual\/\">valoriza\u00e7\u00e3o de 56% para os pap\u00e9is da companhia<\/a>, vislumbrando um pre\u00e7o de R$ 17.<\/p>\n<h3>Localiza<\/h3>\n<p>Tamb\u00e9m com seu balan\u00e7o sendo divulgado recentemente, a Localiza teve <a href=\"https:\/\/www.suno.com.br\/artigos\/lucro-liquido\">lucro l\u00edquido de R$ 447,9 milh\u00f5es<\/a> no segundo trimestre deste ano, com alta de 398% em rela\u00e7\u00e3o ao mesmo per\u00edodo do ano passado.<\/p>\n<p>Um dos pontos que prejudicou o desempenho ao longo da semana, contudo, foi as d\u00favidas com rela\u00e7\u00e3o ao poss\u00edvel processo de fus\u00e3o com a Unidas , deixando os pap\u00e9is em R$ 58,25.<\/p>\n<h3>Cosan<\/h3>\n<p>Apesar de n\u00e3o ter grandes movimentos, a Cosan teve sua joint-venture estreando na bolsa durante esta semana &#8211; <a href=\"https:\/\/www.suno.com.br\/noticias\/raizen-raiz4-maior-ipo-2021\/\">com IPO da <strong>Ra\u00edzen<\/strong> (RAIZ4) sendo o maior do ano<\/a>, levantando R$ 6,9 bilh\u00f5es.<\/p>\n<p>Com a queda e a estreia recente, o <strong>Goldman<\/strong> <strong>Sachs<\/strong> recomendou compra dos pap\u00e9is da companhia.<\/p>\n<p>Na sexta (6), a Cosan fechou o preg\u00e3o cotada a R$ 24,20 no <strong>Ibovespa<\/strong>.<\/p>\n\t<p>\n\t\t<a href=\"https:\/\/lp.suno.com.br\/planilha-de-controle-de-investimentos\/\" target=\"_blank\" data-element=\"shortcode-suno-banner\" title=\"Banner SUNO, clique e saiba mais\">\n\t\t\t<picture>\n\t\t\t\t<source media=\"(max-width: 500px)\" srcset=\"https:\/\/files.sunoresearch.com.br\/n\/uploads\/2023\/03\/400x300-Controle-de-Investimentos.png\">\n\t\t\t\t<img class=\"newsContent__article__imgCapa newsContent__article__imgCapa--banner\"\n\t\t\t\t\tsrc=\"https:\/\/files.sunoresearch.com.br\/n\/uploads\/2023\/03\/1420x240-Controle-de-Investimentos.png\"\n\t\t\t\t\tdata-promo-id=\"75934\"\t\t\t\t\t\t\t\t\t\twidth='1420' height='240'\t\t\t\t\talt=\"https:\/\/files.sunoresearch.com.br\/n\/uploads\/2023\/03\/1420x240-Controle-de-Investimentos.png\"\n\t\t\t\t>\n\t\t\t<\/picture>\n\t\t<\/a>\n\t<\/p>\n\n\n","protected":false},"excerpt":{"rendered":"<p>Ap\u00f3s manter-se em patamares pr\u00f3ximos \u00e0 m\u00e1xima hist\u00f3rica em julho, o Ibovespa iniciou o m\u00eas de agosto com estabilidade. Apesar do clima de tens\u00e3o pol\u00edtica e infla\u00e7\u00e3o no radar, o \u00cdndice Bovespa apresentou uma varia\u00e7\u00e3o de 0,83% de ponta a ponta, em saldo positivo. Ag\u00eancia da CVC. Foto: Reprodu\u00e7\u00e3o Facebook Com o payroll americano vindo [&hellip;]<\/p>\n","protected":false},"author":73,"featured_media":142360,"comment_status":"closed","ping_status":"closed","sticky":false,"template":"","format":"standard","meta":[],"categories":[64],"tags":[433,1388,442,452,4065],"suno_strategy":[],"class_list":["post-173218","post","type-post","status-publish","format-standard","has-post-thumbnail","hentry","category-negocios","tag-cosan-csan3","tag-csn-csna3","tag-cvc-cvcb3","tag-ecorodovias-ecor3","tag-localiza-rent3"],"yoast_head":"<!-- This site is optimized with the Yoast SEO plugin v24.4 - https:\/\/yoast.com\/wordpress\/plugins\/seo\/ -->\n<title>CVC cai 7%: Veja as maiores baixas do Ibovespa na semana<\/title>\n<meta name=\"description\" content=\"Com variante delta no radar, companhia lidera as quedas da primeira semana de agosto no Ibovespa. Clique aqui e leia mais.\" \/>\n<meta name=\"robots\" content=\"index, follow, max-snippet:-1, max-image-preview:large, max-video-preview:-1\" \/>\n<link rel=\"canonical\" href=\"https:\/\/www.suno.com.br\/noticias\/cvc-cai-7-ibovespa-baixas-semana\/\" \/>\n<meta property=\"og:locale\" content=\"pt_BR\" \/>\n<meta property=\"og:type\" content=\"article\" \/>\n<meta property=\"og:title\" content=\"CVC cai 7%: Veja as maiores baixas do Ibovespa na semana\" \/>\n<meta property=\"og:description\" content=\"Com variante delta no radar, companhia lidera as quedas da primeira semana de agosto no Ibovespa. Clique aqui e leia mais.\" \/>\n<meta property=\"og:url\" content=\"https:\/\/www.suno.com.br\/noticias\/cvc-cai-7-ibovespa-baixas-semana\/\" \/>\n<meta property=\"og:site_name\" content=\"Suno Not\u00edcias\" \/>\n<meta property=\"article:publisher\" content=\"https:\/\/facebook.com\/sunoresearch\" \/>\n<meta property=\"og:image\" content=\"https:\/\/files.sunoresearch.com.br\/n\/uploads\/2021\/04\/670355a7-13116510_501948066681646_6688735972555901156_o.jpg\" \/>\n\t<meta property=\"og:image:width\" content=\"2048\" \/>\n\t<meta property=\"og:image:height\" content=\"1536\" \/>\n\t<meta property=\"og:image:type\" content=\"image\/jpeg\" \/>\n<meta name=\"author\" content=\"Eduardo Vargas\" \/>\n<meta name=\"twitter:card\" content=\"summary_large_image\" \/>\n<meta name=\"twitter:creator\" content=\"@sunoresearch\" \/>\n<meta name=\"twitter:site\" content=\"@sunoresearch\" \/>\n<meta name=\"twitter:label1\" content=\"Escrito por\" \/>\n\t<meta name=\"twitter:data1\" content=\"Eduardo Vargas\" \/>\n\t<meta name=\"twitter:label2\" content=\"Est. tempo de leitura\" \/>\n\t<meta name=\"twitter:data2\" content=\"2 minutos\" \/>\n<script type=\"application\/ld+json\" class=\"yoast-schema-graph\">{\"@context\":\"https:\/\/schema.org\",\"@graph\":[{\"@type\":\"NewsArticle\",\"@id\":\"https:\/\/www.suno.com.br\/noticias\/cvc-cai-7-ibovespa-baixas-semana\/#article\",\"isPartOf\":{\"@id\":\"https:\/\/www.suno.com.br\/noticias\/cvc-cai-7-ibovespa-baixas-semana\/\"},\"author\":{\"name\":\"Eduardo Vargas\",\"@id\":\"https:\/\/www.suno.com.br\/noticias\/#\/schema\/person\/7f4d362bf3518e76090143ae77bb49a5\"},\"headline\":\"CVC cai 7%: Veja as maiores baixas do Ibovespa na semana\",\"datePublished\":\"2021-08-07T17:33:33+00:00\",\"dateModified\":\"2021-08-07T17:35:58+00:00\",\"mainEntityOfPage\":{\"@id\":\"https:\/\/www.suno.com.br\/noticias\/cvc-cai-7-ibovespa-baixas-semana\/\"},\"wordCount\":500,\"publisher\":{\"@id\":\"https:\/\/www.suno.com.br\/noticias\/#organization\"},\"image\":{\"@id\":\"https:\/\/www.suno.com.br\/noticias\/cvc-cai-7-ibovespa-baixas-semana\/#primaryimage\"},\"thumbnailUrl\":\"https:\/\/files.sunoresearch.com.br\/n\/uploads\/2021\/04\/670355a7-13116510_501948066681646_6688735972555901156_o-jpg.webp\",\"keywords\":[\"Cosan (CSAN3)\",\"CSN (CSNA3)\",\"CVC (CVCB3)\",\"Ecorodovias (ECOR3)\",\"Localiza (RENT3)\"],\"articleSection\":[\"Neg\u00f3cios\"],\"inLanguage\":\"pt-BR\"},{\"@type\":\"WebPage\",\"@id\":\"https:\/\/www.suno.com.br\/noticias\/cvc-cai-7-ibovespa-baixas-semana\/\",\"url\":\"https:\/\/www.suno.com.br\/noticias\/cvc-cai-7-ibovespa-baixas-semana\/\",\"name\":\"CVC cai 7%: Veja as maiores baixas do Ibovespa na semana\",\"isPartOf\":{\"@id\":\"https:\/\/www.suno.com.br\/noticias\/#website\"},\"primaryImageOfPage\":{\"@id\":\"https:\/\/www.suno.com.br\/noticias\/cvc-cai-7-ibovespa-baixas-semana\/#primaryimage\"},\"image\":{\"@id\":\"https:\/\/www.suno.com.br\/noticias\/cvc-cai-7-ibovespa-baixas-semana\/#primaryimage\"},\"thumbnailUrl\":\"https:\/\/files.sunoresearch.com.br\/n\/uploads\/2021\/04\/670355a7-13116510_501948066681646_6688735972555901156_o-jpg.webp\",\"datePublished\":\"2021-08-07T17:33:33+00:00\",\"dateModified\":\"2021-08-07T17:35:58+00:00\",\"description\":\"Com variante delta no radar, companhia lidera as quedas da primeira semana de agosto no Ibovespa. Clique aqui e leia mais.\",\"breadcrumb\":{\"@id\":\"https:\/\/www.suno.com.br\/noticias\/cvc-cai-7-ibovespa-baixas-semana\/#breadcrumb\"},\"inLanguage\":\"pt-BR\",\"potentialAction\":[{\"@type\":\"ReadAction\",\"target\":[\"https:\/\/www.suno.com.br\/noticias\/cvc-cai-7-ibovespa-baixas-semana\/\"]}]},{\"@type\":\"ImageObject\",\"inLanguage\":\"pt-BR\",\"@id\":\"https:\/\/www.suno.com.br\/noticias\/cvc-cai-7-ibovespa-baixas-semana\/#primaryimage\",\"url\":\"https:\/\/files.sunoresearch.com.br\/n\/uploads\/2021\/04\/670355a7-13116510_501948066681646_6688735972555901156_o-jpg.webp\",\"contentUrl\":\"https:\/\/files.sunoresearch.com.br\/n\/uploads\/2021\/04\/670355a7-13116510_501948066681646_6688735972555901156_o-jpg.webp\",\"width\":2048,\"height\":1536,\"caption\":\"Ag\u00eancia da CVC. Foto: Reprodu\u00e7\u00e3o Facebook\"},{\"@type\":\"BreadcrumbList\",\"@id\":\"https:\/\/www.suno.com.br\/noticias\/cvc-cai-7-ibovespa-baixas-semana\/#breadcrumb\",\"itemListElement\":[{\"@type\":\"ListItem\",\"position\":1,\"name\":\"Not\u00edcias\",\"item\":\"https:\/\/www.suno.com.br\/noticias\/\"},{\"@type\":\"ListItem\",\"position\":2,\"name\":\"Neg\u00f3cios\",\"item\":\"https:\/\/www.suno.com.br\/noticias\/negocios\/\"},{\"@type\":\"ListItem\",\"position\":3,\"name\":\"CVC cai 7%: Veja as maiores baixas do Ibovespa na semana\"}]},{\"@type\":\"WebSite\",\"@id\":\"https:\/\/www.suno.com.br\/noticias\/#website\",\"url\":\"https:\/\/www.suno.com.br\/noticias\/\",\"name\":\"Suno Not\u00edcias\",\"description\":\"Seu portal de informa\u00e7\u00e3o sobre o mundo dos investimentos\",\"publisher\":{\"@id\":\"https:\/\/www.suno.com.br\/noticias\/#organization\"},\"potentialAction\":[{\"@type\":\"SearchAction\",\"target\":{\"@type\":\"EntryPoint\",\"urlTemplate\":\"https:\/\/www.suno.com.br\/noticias\/?s={search_term_string}\"},\"query-input\":{\"@type\":\"PropertyValueSpecification\",\"valueRequired\":true,\"valueName\":\"search_term_string\"}}],\"inLanguage\":\"pt-BR\"},{\"@type\":\"Organization\",\"@id\":\"https:\/\/www.suno.com.br\/noticias\/#organization\",\"name\":\"Suno Not\u00edcias\",\"url\":\"https:\/\/www.suno.com.br\/noticias\/\",\"logo\":{\"@type\":\"ImageObject\",\"inLanguage\":\"pt-BR\",\"@id\":\"https:\/\/www.suno.com.br\/noticias\/#\/schema\/logo\/image\/\",\"url\":\"https:\/\/files.sunoresearch.com.br\/n\/uploads\/2021\/09\/suno-logo.png\",\"contentUrl\":\"https:\/\/files.sunoresearch.com.br\/n\/uploads\/2021\/09\/suno-logo.png\",\"width\":180,\"height\":180,\"caption\":\"Suno Not\u00edcias\"},\"image\":{\"@id\":\"https:\/\/www.suno.com.br\/noticias\/#\/schema\/logo\/image\/\"},\"sameAs\":[\"https:\/\/facebook.com\/sunoresearch\",\"https:\/\/x.com\/sunoresearch\",\"https:\/\/www.instagram.com\/suno\",\"https:\/\/www.linkedin.com\/company\/suno-research\/\",\"https:\/\/www.youtube.com\/c\/sunoresearch\"]},{\"@type\":\"Person\",\"@id\":\"https:\/\/www.suno.com.br\/noticias\/#\/schema\/person\/7f4d362bf3518e76090143ae77bb49a5\",\"name\":\"Eduardo Vargas\",\"image\":{\"@type\":\"ImageObject\",\"inLanguage\":\"pt-BR\",\"@id\":\"https:\/\/www.suno.com.br\/noticias\/#\/schema\/person\/image\/\",\"url\":\"https:\/\/secure.gravatar.com\/avatar\/dac340933427a22924c9f99d1eb2e3f2?s=96&r=g\",\"contentUrl\":\"https:\/\/secure.gravatar.com\/avatar\/dac340933427a22924c9f99d1eb2e3f2?s=96&r=g\",\"caption\":\"Eduardo Vargas\"},\"description\":\"Jornalista formado pela UFSC, cobre macroeconomia, neg\u00f3cios e startups para o Suno Not\u00edcias, escrevendo principalmente not\u00edcias sobre o mercado financeiro e a bolsa de valores. No YouTube e no Instagram, \u00e9 respons\u00e1vel pela produ\u00e7\u00e3o de Reels e Shorts do Suno Not\u00edcias. Anteriormente, trabalhou cobrindo economia e cotidiano no ND+ e para o ND, maior jornal impresso de Santa Catarina. Cursou um semestre letivo de Estudos de M\u00eddia na Universidad de Buenos Aires.\",\"url\":\"https:\/\/www.suno.com.br\/noticias\/author\/eduardo-vargas\/\"}]}<\/script>\n<!-- \/ Yoast SEO plugin. -->","yoast_head_json":{"title":"CVC cai 7%: Veja as maiores baixas do Ibovespa na semana","description":"Com variante delta no radar, companhia lidera as quedas da primeira semana de agosto no Ibovespa. Clique aqui e leia mais.","robots":{"index":"index","follow":"follow","max-snippet":"max-snippet:-1","max-image-preview":"max-image-preview:large","max-video-preview":"max-video-preview:-1"},"canonical":"https:\/\/www.suno.com.br\/noticias\/cvc-cai-7-ibovespa-baixas-semana\/","og_locale":"pt_BR","og_type":"article","og_title":"CVC cai 7%: Veja as maiores baixas do Ibovespa na semana","og_description":"Com variante delta no radar, companhia lidera as quedas da primeira semana de agosto no Ibovespa. Clique aqui e leia mais.","og_url":"https:\/\/www.suno.com.br\/noticias\/cvc-cai-7-ibovespa-baixas-semana\/","og_site_name":"Suno Not\u00edcias","article_publisher":"https:\/\/facebook.com\/sunoresearch","og_image":[{"width":2048,"height":1536,"url":"https:\/\/files.sunoresearch.com.br\/n\/uploads\/2021\/04\/670355a7-13116510_501948066681646_6688735972555901156_o.jpg","type":"image\/jpeg"}],"author":"Eduardo Vargas","twitter_card":"summary_large_image","twitter_creator":"@sunoresearch","twitter_site":"@sunoresearch","twitter_misc":{"Escrito por":"Eduardo Vargas","Est. tempo de leitura":"2 minutos"},"schema":{"@context":"https:\/\/schema.org","@graph":[{"@type":"NewsArticle","@id":"https:\/\/www.suno.com.br\/noticias\/cvc-cai-7-ibovespa-baixas-semana\/#article","isPartOf":{"@id":"https:\/\/www.suno.com.br\/noticias\/cvc-cai-7-ibovespa-baixas-semana\/"},"author":{"name":"Eduardo Vargas","@id":"https:\/\/www.suno.com.br\/noticias\/#\/schema\/person\/7f4d362bf3518e76090143ae77bb49a5"},"headline":"CVC cai 7%: Veja as maiores baixas do Ibovespa na semana","datePublished":"2021-08-07T17:33:33+00:00","dateModified":"2021-08-07T17:35:58+00:00","mainEntityOfPage":{"@id":"https:\/\/www.suno.com.br\/noticias\/cvc-cai-7-ibovespa-baixas-semana\/"},"wordCount":500,"publisher":{"@id":"https:\/\/www.suno.com.br\/noticias\/#organization"},"image":{"@id":"https:\/\/www.suno.com.br\/noticias\/cvc-cai-7-ibovespa-baixas-semana\/#primaryimage"},"thumbnailUrl":"https:\/\/files.sunoresearch.com.br\/n\/uploads\/2021\/04\/670355a7-13116510_501948066681646_6688735972555901156_o-jpg.webp","keywords":["Cosan (CSAN3)","CSN (CSNA3)","CVC (CVCB3)","Ecorodovias (ECOR3)","Localiza (RENT3)"],"articleSection":["Neg\u00f3cios"],"inLanguage":"pt-BR"},{"@type":"WebPage","@id":"https:\/\/www.suno.com.br\/noticias\/cvc-cai-7-ibovespa-baixas-semana\/","url":"https:\/\/www.suno.com.br\/noticias\/cvc-cai-7-ibovespa-baixas-semana\/","name":"CVC cai 7%: Veja as maiores baixas do Ibovespa na semana","isPartOf":{"@id":"https:\/\/www.suno.com.br\/noticias\/#website"},"primaryImageOfPage":{"@id":"https:\/\/www.suno.com.br\/noticias\/cvc-cai-7-ibovespa-baixas-semana\/#primaryimage"},"image":{"@id":"https:\/\/www.suno.com.br\/noticias\/cvc-cai-7-ibovespa-baixas-semana\/#primaryimage"},"thumbnailUrl":"https:\/\/files.sunoresearch.com.br\/n\/uploads\/2021\/04\/670355a7-13116510_501948066681646_6688735972555901156_o-jpg.webp","datePublished":"2021-08-07T17:33:33+00:00","dateModified":"2021-08-07T17:35:58+00:00","description":"Com variante delta no radar, companhia lidera as quedas da primeira semana de agosto no Ibovespa. Clique aqui e leia mais.","breadcrumb":{"@id":"https:\/\/www.suno.com.br\/noticias\/cvc-cai-7-ibovespa-baixas-semana\/#breadcrumb"},"inLanguage":"pt-BR","potentialAction":[{"@type":"ReadAction","target":["https:\/\/www.suno.com.br\/noticias\/cvc-cai-7-ibovespa-baixas-semana\/"]}]},{"@type":"ImageObject","inLanguage":"pt-BR","@id":"https:\/\/www.suno.com.br\/noticias\/cvc-cai-7-ibovespa-baixas-semana\/#primaryimage","url":"https:\/\/files.sunoresearch.com.br\/n\/uploads\/2021\/04\/670355a7-13116510_501948066681646_6688735972555901156_o-jpg.webp","contentUrl":"https:\/\/files.sunoresearch.com.br\/n\/uploads\/2021\/04\/670355a7-13116510_501948066681646_6688735972555901156_o-jpg.webp","width":2048,"height":1536,"caption":"Ag\u00eancia da CVC. Foto: Reprodu\u00e7\u00e3o Facebook"},{"@type":"BreadcrumbList","@id":"https:\/\/www.suno.com.br\/noticias\/cvc-cai-7-ibovespa-baixas-semana\/#breadcrumb","itemListElement":[{"@type":"ListItem","position":1,"name":"Not\u00edcias","item":"https:\/\/www.suno.com.br\/noticias\/"},{"@type":"ListItem","position":2,"name":"Neg\u00f3cios","item":"https:\/\/www.suno.com.br\/noticias\/negocios\/"},{"@type":"ListItem","position":3,"name":"CVC cai 7%: Veja as maiores baixas do Ibovespa na semana"}]},{"@type":"WebSite","@id":"https:\/\/www.suno.com.br\/noticias\/#website","url":"https:\/\/www.suno.com.br\/noticias\/","name":"Suno Not\u00edcias","description":"Seu portal de informa\u00e7\u00e3o sobre o mundo dos investimentos","publisher":{"@id":"https:\/\/www.suno.com.br\/noticias\/#organization"},"potentialAction":[{"@type":"SearchAction","target":{"@type":"EntryPoint","urlTemplate":"https:\/\/www.suno.com.br\/noticias\/?s={search_term_string}"},"query-input":{"@type":"PropertyValueSpecification","valueRequired":true,"valueName":"search_term_string"}}],"inLanguage":"pt-BR"},{"@type":"Organization","@id":"https:\/\/www.suno.com.br\/noticias\/#organization","name":"Suno Not\u00edcias","url":"https:\/\/www.suno.com.br\/noticias\/","logo":{"@type":"ImageObject","inLanguage":"pt-BR","@id":"https:\/\/www.suno.com.br\/noticias\/#\/schema\/logo\/image\/","url":"https:\/\/files.sunoresearch.com.br\/n\/uploads\/2021\/09\/suno-logo.png","contentUrl":"https:\/\/files.sunoresearch.com.br\/n\/uploads\/2021\/09\/suno-logo.png","width":180,"height":180,"caption":"Suno Not\u00edcias"},"image":{"@id":"https:\/\/www.suno.com.br\/noticias\/#\/schema\/logo\/image\/"},"sameAs":["https:\/\/facebook.com\/sunoresearch","https:\/\/x.com\/sunoresearch","https:\/\/www.instagram.com\/suno","https:\/\/www.linkedin.com\/company\/suno-research\/","https:\/\/www.youtube.com\/c\/sunoresearch"]},{"@type":"Person","@id":"https:\/\/www.suno.com.br\/noticias\/#\/schema\/person\/7f4d362bf3518e76090143ae77bb49a5","name":"Eduardo Vargas","image":{"@type":"ImageObject","inLanguage":"pt-BR","@id":"https:\/\/www.suno.com.br\/noticias\/#\/schema\/person\/image\/","url":"https:\/\/secure.gravatar.com\/avatar\/dac340933427a22924c9f99d1eb2e3f2?s=96&r=g","contentUrl":"https:\/\/secure.gravatar.com\/avatar\/dac340933427a22924c9f99d1eb2e3f2?s=96&r=g","caption":"Eduardo Vargas"},"description":"Jornalista formado pela UFSC, cobre macroeconomia, neg\u00f3cios e startups para o Suno Not\u00edcias, escrevendo principalmente not\u00edcias sobre o mercado financeiro e a bolsa de valores. No YouTube e no Instagram, \u00e9 respons\u00e1vel pela produ\u00e7\u00e3o de Reels e Shorts do Suno Not\u00edcias. Anteriormente, trabalhou cobrindo economia e cotidiano no ND+ e para o ND, maior jornal impresso de Santa Catarina. Cursou um semestre letivo de Estudos de M\u00eddia na Universidad de Buenos Aires.","url":"https:\/\/www.suno.com.br\/noticias\/author\/eduardo-vargas\/"}]}},"default_loop_html":"<div class=\"cardsPage__listCard__boxs\"><div class=\"cardsPage__listCard__boxs__img\"><a href=\"https:\/\/www.suno.com.br\/noticias\/cvc-cai-7-ibovespa-baixas-semana\/\"><img class=\"mask\" src=\"https:\/\/www.suno.com.br\/noticias\/wp-content\/themes\/suno\/resources\/images\/spotlight\/spotlight1img\/bg-mask.png\" alt=\"Image Mask\"\/><img src=\"https:\/\/files.sunoresearch.com.br\/n\/uploads\/2021\/04\/670355a7-13116510_501948066681646_6688735972555901156_o-400x200.webp\" alt=\"CVC cai 7%: Veja as maiores baixas do Ibovespa na semana\"\/><\/a><span class=\"spotlightCategory\"><a href=\"https:\/\/www.suno.com.br\/noticias\/negocios\/\">Neg\u00f3cios<\/a><\/span><\/div><div class=\"cardsPage__listCard__boxs__content\"><a href=\"https:\/\/www.suno.com.br\/noticias\/cvc-cai-7-ibovespa-baixas-semana\/\"><h2 class=\"content__title\">CVC cai 7%: Veja as maiores baixas do Ibovespa na semana<\/h2><\/a><div class=\"newsContent__article__meta\"><div class=\"newsContent__article__meta__authorBox\"><a href=\"https:\/\/www.suno.com.br\/noticias\/author\/eduardo-vargas\/\" class=\"authorBox__avatar noMobi\"><img src=\"https:\/\/secure.gravatar.com\/avatar\/dac340933427a22924c9f99d1eb2e3f2?s=96&#038;r=g\" alt=\"Eduardo Vargas\"><\/a><div class=\"authorBox__name\"><span>por\n\t\t\t<a href=\"https:\/\/www.suno.com.br\/noticias\/author\/eduardo-vargas\/\"><span itemprop=\"author\">Eduardo Vargas<\/span><\/a><\/span><time datetime=\"2021-08-07T14:33:33-03:00\" itemprop=\"datePublished\">07\/08\/2021 14:33<\/time><\/div><\/div><\/div><\/div><\/div>","single_layout":"posts","amp_enabled":true,"_links":{"self":[{"href":"https:\/\/www.suno.com.br\/noticias\/wp-json\/wp\/v2\/posts\/173218"}],"collection":[{"href":"https:\/\/www.suno.com.br\/noticias\/wp-json\/wp\/v2\/posts"}],"about":[{"href":"https:\/\/www.suno.com.br\/noticias\/wp-json\/wp\/v2\/types\/post"}],"author":[{"embeddable":true,"href":"https:\/\/www.suno.com.br\/noticias\/wp-json\/wp\/v2\/users\/73"}],"replies":[{"embeddable":true,"href":"https:\/\/www.suno.com.br\/noticias\/wp-json\/wp\/v2\/comments?post=173218"}],"version-history":[{"count":3,"href":"https:\/\/www.suno.com.br\/noticias\/wp-json\/wp\/v2\/posts\/173218\/revisions"}],"predecessor-version":[{"id":177166,"href":"https:\/\/www.suno.com.br\/noticias\/wp-json\/wp\/v2\/posts\/173218\/revisions\/177166"}],"wp:featuredmedia":[{"embeddable":true,"href":"https:\/\/www.suno.com.br\/noticias\/wp-json\/wp\/v2\/media\/142360"}],"wp:attachment":[{"href":"https:\/\/www.suno.com.br\/noticias\/wp-json\/wp\/v2\/media?parent=173218"}],"wp:term":[{"taxonomy":"category","embeddable":true,"href":"https:\/\/www.suno.com.br\/noticias\/wp-json\/wp\/v2\/categories?post=173218"},{"taxonomy":"post_tag","embeddable":true,"href":"https:\/\/www.suno.com.br\/noticias\/wp-json\/wp\/v2\/tags?post=173218"},{"taxonomy":"suno_strategy","embeddable":true,"href":"https:\/\/www.suno.com.br\/noticias\/wp-json\/wp\/v2\/suno_strategy?post=173218"}],"curies":[{"name":"wp","href":"https:\/\/api.w.org\/{rel}","templated":true}]}}