{"id":173195,"date":"2021-08-07T15:00:58","date_gmt":"2021-08-07T18:00:58","guid":{"rendered":"https:\/\/www.suno.com.br\/noticias\/?p=173195"},"modified":"2021-08-07T15:12:06","modified_gmt":"2021-08-07T18:12:06","slug":"weg-wege3-btg-pactual-bpac11-agenda-dividendos-jcp-78","status":"publish","type":"post","link":"https:\/\/www.suno.com.br\/noticias\/weg-wege3-btg-pactual-bpac11-agenda-dividendos-jcp-78\/","title":{"rendered":"Weg (WEGE3), BTG Pactual (BPAC11): Veja as datas de corte e quem vai pagar dividendos na semana"},"content":{"rendered":"<p>Os investidores com foco na gera\u00e7\u00e3o de <strong>dividendos<\/strong> ficar\u00e3o de olho em mais sete empresas que ir\u00e3o distribuir seus proventos. O destaque da semana em termos de rendimento ser\u00e1 o pagamento da CSN Minera\u00e7\u00e3o (CMIN3), que repassar\u00e1 a seus acionistas R$ 0,38 por papel em dois pagamentos, <a class=\"suno-keyword\" href=\"https:\/\/www.suno.com.br\/artigos\/dividend-yield-como-calcular\/\" target=\"_blank\" rel=\"noopener noreferrer\" data-force=\"no\" data-priority=\"2\">dividend yield<\/a> somado de cerca de 4,01%.<\/p>\t<div class=\"wrapper-featured-image\">\n\t\t<figure class=\"spotlightImg\">\n\n\t\t\t<picture>\n\t\t\t\t<source media=\"(max-width: 768px)\" srcset=\"https:\/\/files.sunoresearch.com.br\/n\/uploads\/2021\/03\/9065a6a0-money-2387280_1280-400x200.webp\">\n\t\t\t\t<img loading=\"lazy\" decoding=\"async\" class=\"newsContent__article__imgCapa lazyloadDisabled \" src=\"https:\/\/files.sunoresearch.com.br\/n\/uploads\/2021\/03\/9065a6a0-money-2387280_1280-800x450.webp\" width=\"800\" height=\"450\" alt=\"Weg (WEGE3), BTG Pactual (BPAC11): Veja as datas de corte e quem vai pagar dividendos na semana\" fetchpriority=high \/>\n\t\t\t<\/picture>\n\n\t\t\t<figcaption class=\"wp-caption-text wp-caption-text--show\">Notas de real. Foto: Pixabay<\/figcaption>\n\t\t<\/figure>\n\t<\/div>\n\n\n\t<p>\n\t\t<a href=\"https:\/\/lp.suno.com.br\/planilha-controle-gastos\/\" target=\"_blank\" data-element=\"shortcode-suno-banner\" title=\"Banner SUNO, clique e saiba mais\">\n\t\t\t<picture>\n\t\t\t\t<source media=\"(max-width: 500px)\" srcset=\"https:\/\/files.sunoresearch.com.br\/n\/uploads\/2023\/03\/400x300-Planilha-controle-de-gastos.png\">\n\t\t\t\t<img class=\"newsContent__article__imgCapa newsContent__article__imgCapa--banner\"\n\t\t\t\t\tsrc=\"https:\/\/files.sunoresearch.com.br\/n\/uploads\/2023\/03\/1420x240-Planilha-controle-de-gastos.png\"\n\t\t\t\t\tdata-promo-id=\"101751\"\t\t\t\t\t\t\t\t\t\twidth='1420' height='240'\t\t\t\t\talt=\"https:\/\/files.sunoresearch.com.br\/n\/uploads\/2023\/03\/1420x240-Planilha-controle-de-gastos.png\"\n\t\t\t\t>\n\t\t\t<\/picture>\n\t\t<\/a>\n\t<\/p>\n\n\n<p>A sua empresa m\u00e3e <a href=\"https:\/\/www.suno.com.br\/noticias\/tags\/csn-csna3\/\"><strong>CSN<\/strong> (CSNA3)<\/a> tamb\u00e9m<a href=\"https:\/\/www.suno.com.br\/artigos\/acionista\"> pagar\u00e1 dividendos aos acionistas<\/a> no valor de R$ 1,27, rendimento correspondente a 2,70% do valor da a\u00e7\u00e3o na data de corte.<\/p>\n<p>Os acionistas de <a href=\"https:\/\/www.suno.com.br\/noticias\/tags\/weg-wege3\/\"><strong>Weg<\/strong> (WEGE3)<\/a>, <a href=\"https:\/\/www.suno.com.br\/noticias\/tags\/btg-pactual-bpac11-bpac3-bpac5\/\"><strong>BTG<\/strong> <strong>Pactual<\/strong> (BPAC11)<\/a> e <a href=\"https:\/\/www.suno.com.br\/noticias\/tags\/copel-cple3-cple5-cple6\/\"><strong>Copel<\/strong> (CPLE6)<\/a> tamb\u00e9m ver\u00e3o o pinga-pinga dos proventos caindo na conta de sua corretora.<\/p>\n<p>Vale lembrar que os investidores que t\u00eam direito aos proventos e <strong><a class=\"suno-keyword\" href=\"https:\/\/www.suno.com.br\/artigos\/entenda-o-jcp\/\" target=\"_blank\" rel=\"noopener noreferrer\" data-force=\"no\" data-priority=\"1\">juros sobre capital pr\u00f3prio (JCP)<\/a><\/strong>\u00a0n\u00e3o precisam fazer nenhuma a\u00e7\u00e3o. O valor dos\u00a0<strong>proventos<\/strong>\u00a0ser\u00e1 depositado automaticamente na conta da corretora.<\/p>\n<p>Veja mais abaixo os detalhes de cada pagamento e as datas de corte:<\/p>\n<h2>Agenda de dividendos da semana<\/h2>\n<ul>\n<li>Ter\u00e7a-feira (10\/8): <a class=\"suno-keyword\" href=\"https:\/\/www.suno.com.br\/acoes\/CSNA3\/\" target=\"_blank\" rel=\"noopener noreferrer\" data-force=\"yes\" data-priority=\"2\">CSN (CSNA3)<\/a>, <a class=\"suno-keyword\" href=\"https:\/\/www.suno.com.br\/acoes\/cmin3\/\" target=\"_blank\" rel=\"noopener noreferrer\" data-force=\"yes\" data-priority=\"1\">CSN Minera\u00e7\u00e3o (CMIN3)<\/a>, <a class=\"suno-keyword\" href=\"https:\/\/www.suno.com.br\/acoes\/intb3\/\" target=\"_blank\" rel=\"noopener noreferrer\" data-force=\"yes\" data-priority=\"2\">Intelbras (INTB3)<\/a> e <a class=\"suno-keyword\" href=\"https:\/\/www.suno.com.br\/acoes\/jopa3\/\" target=\"_blank\" rel=\"noopener noreferrer\" data-force=\"yes\" data-priority=\"2\">Josapar (JOPA3)<\/a><\/li>\n<li>Quarta-feira (11\/7): <a class=\"suno-keyword\" href=\"https:\/\/www.suno.com.br\/acoes\/CPLE6\/\" target=\"_blank\" rel=\"noopener noreferrer\" data-force=\"yes\" data-priority=\"2\">Copel (CPLE6)<\/a> e <a class=\"suno-keyword\" href=\"https:\/\/www.suno.com.br\/acoes\/WEGE3\/\" target=\"_blank\" rel=\"noopener noreferrer\" data-force=\"yes\" data-priority=\"2\">Weg (WEGE3)<\/a><\/li>\n<li>Quinta-feira (12\/7): <a class=\"suno-keyword\" href=\"https:\/\/www.suno.com.br\/acoes\/BPAC11\/\" target=\"_blank\" rel=\"noopener noreferrer\" data-force=\"yes\" data-priority=\"2\">BTG Pactual (BPAC11)<\/a><\/li>\n<\/ul>\n\t<p>\n\t\t<a href=\"\" target=\"_blank\" data-element=\"shortcode-suno-banner\" title=\"Banner SUNO, clique e saiba mais\">\n\t\t\t<picture>\n\t\t\t\t<source media=\"(max-width: 500px)\" srcset=\"\">\n\t\t\t\t<img class=\"newsContent__article__imgCapa newsContent__article__imgCapa--banner\"\n\t\t\t\t\tsrc=\"\"\n\t\t\t\t\tdata-promo-id=\"89005\"\t\t\t\t\t\t\t\t\t\t\t\t\t\t\talt=\"\"\n\t\t\t\t>\n\t\t\t<\/picture>\n\t\t<\/a>\n\t<\/p>\n\n\n<h2>Proventos da semana<\/h2>\n<h3>Ter\u00e7a-feira, 10\/8<\/h3>\n<p><strong>CSN (CSNA3)<\/strong><\/p>\n<ul>\n<li><strong>Tipo:\u00a0<\/strong>Dividendos<\/li>\n<li><strong>Valor:\u00a0<\/strong>R$ 1,26801069<\/li>\n<li><strong>Data de corte<\/strong>: 30 de julho de 2021<\/li>\n<li><strong>Data de pagamento<\/strong>: 10 de agosto de 2021<\/li>\n<li><strong>Rendimento (yield)<\/strong>: 2,70%<\/li>\n<\/ul>\n<p><strong>CSN Minera\u00e7\u00e3o (CMIN3)<\/strong><\/p>\n<ul>\n<li><strong>Tipo:\u00a0<\/strong>Dividendos<\/li>\n<li><strong>Valor:\u00a0<\/strong>R$ 0,05158158 e R$ 0,33052636<\/li>\n<li><strong>Data de corte<\/strong>: 39 de abril de 2021 e 30 de julho de 2021<\/li>\n<li><strong>Data de pagamento<\/strong>: 10 de agosto de 2021<\/li>\n<li><strong>Rendimento (yield)<\/strong>: 0,49% e 3,52%<\/li>\n<\/ul>\n<p><strong>Intelbras (INTB3)<\/strong><\/p>\n<ul>\n<li><strong>Tipo:\u00a0<\/strong>Dividendos e juros sobre capital pr\u00f3prio<\/li>\n<li><strong>Valor:\u00a0<\/strong>R$ 0,13453506 (dividendos) e R$ 0,03002969 (JCP)<\/li>\n<li><strong>Data de corte<\/strong>: 3 de agosto de 2021<\/li>\n<li><strong>Data de pagamento<\/strong>: 10 de agosto de 2021<\/li>\n<li><strong>Rendimento (yield)<\/strong>: 0,55%<\/li>\n<\/ul>\n<p><strong>Josapar (JOPA3)<\/strong><\/p>\n<ul>\n<li><strong>Tipo:\u00a0<\/strong>Dividendos<\/li>\n<li><strong>Valor:\u00a0<\/strong>R$ 0,28538352 (JOPA3) e R$ 0,31392187 (JOPA4)<\/li>\n<li><strong>Data de corte<\/strong>: 29 de abril de 2021<\/li>\n<li><strong>Data de pagamento<\/strong>: 10 de agosto de 2021<\/li>\n<li><strong>Rendimento (yield)<\/strong>: 0,86%<\/li>\n<\/ul>\n<h3>Quarta-feira, 11\/8<\/h3>\n<p><strong>Copel (CPLE6)<\/strong><\/p>\n<ul>\n<li><strong>Tipo:\u00a0<\/strong>Dividendos e juros sobre capital pr\u00f3prio<\/li>\n<li><strong>Valor:\u00a0<\/strong>R$ 0,05151910 (JCP), R$ 0,04732072 (dividendos), R$ 0,31001564 (JCP) e R$ 0,07955175 (dividendos)<\/li>\n<li><strong>Data de corte<\/strong>: 31 de mar\u00e7o de 2021, 31 de mar\u00e7o de 2021, 28 de dezembro de 2020, 29 de abril de 2021<\/li>\n<li><strong>Data de pagamento<\/strong>: 11 de agosto de 2021<\/li>\n<li><strong>Rendimento (yield)<\/strong>: 0,72%, 0,73%, 0,42% e 1,26%<\/li>\n<\/ul>\n<p><strong>Weg (WEGE3)<\/strong><\/p>\n<ul>\n<li><strong>Tipo:\u00a0<\/strong>Dividendos e juros sobre capital pr\u00f3prio<\/li>\n<li><strong>Valor:\u00a0<\/strong>R$ 0,01691176 (JCP), R$ 0,02052941 (JCP) e R$ 0,158175 (dividendos)<\/li>\n<li><strong>Data de corte<\/strong>: 26 de mar\u00e7o de 2021, 25 de junho de 2021 e 30 de julho de 2021<\/li>\n<li><strong>Data de pagamento<\/strong>: 11 de agosto de 2021<\/li>\n<li><strong>Rendimento (yield)<\/strong>: 0,02%, 0,06% e 0,44%<\/li>\n<\/ul>\n<h3>Quinta-feira, 12\/8<\/h3>\n<p><strong>BTG Pactual (BPAC11)<\/strong><\/p>\n<ul>\n<li><strong>Tipo:\u00a0<\/strong>Juros sobre capital pr\u00f3prio<\/li>\n<li><strong>Valor:\u00a0<\/strong>R$ 0,05663508 (BPAC3 e BPAC5) e R$ 0,16990525 (BPAC11)<\/li>\n<li><strong>Data de corte<\/strong>: 5 de agosto de 2021<\/li>\n<li><strong>Data de pagamento<\/strong>: 12 de agosto de 2021<\/li>\n<li><strong>Rendimento (yield)<\/strong>: 0,31% (BPAC3), 0,84% (BPAC5) e 0,56% (BPAC11)<\/li>\n<\/ul>\n\t<p>\n\t\t<a href=\"\" target=\"_blank\" data-element=\"shortcode-suno-banner\" title=\"Banner SUNO, clique e saiba mais\">\n\t\t\t<picture>\n\t\t\t\t<source media=\"(max-width: 500px)\" srcset=\"\">\n\t\t\t\t<img class=\"newsContent__article__imgCapa newsContent__article__imgCapa--banner\"\n\t\t\t\t\tsrc=\"\"\n\t\t\t\t\tdata-promo-id=\"77053\"\t\t\t\t\t\t\t\t\t\t\t\t\t\t\talt=\"\"\n\t\t\t\t>\n\t\t\t<\/picture>\n\t\t<\/a>\n\t<\/p>\n\n\n<h2>Data de corte para proventos do Ita\u00fa, BB Seguridade e AES Brasil<\/h2>\n<p>Al\u00e9m do pinga-pinga de proventos, a pr\u00f3xima semana ser\u00e1 importante para <a href=\"https:\/\/www.suno.com.br\/artigos\/proventos\">garantir proventos de cinco empresas<\/a>. Os destaques s\u00e3o as datas de corte para pagamento de proventos da el\u00e9trica <a href=\"https:\/\/www.suno.com.br\/noticias\/tags\/aes-brasil-aesb3\/\"><strong>AES Brasil<\/strong> (AESB3)<\/a>, <a href=\"https:\/\/www.suno.com.br\/noticias\/tags\/bb-seguridade-bbse3\/\"><strong>BB<\/strong> <strong>Seguridade<\/strong> (BBSE3)<\/a> e do <a href=\"https:\/\/www.suno.com.br\/noticias\/tags\/itau-unibanco-itub3-itub4\/\"><strong>Ita\u00fa<\/strong> (ITUB4)<\/a>.<\/p>\n<p>Veja a agenda:<\/p>\n<ul>\n<li>Segunda-feira (9\/8): <a href=\"https:\/\/www.suno.com.br\/acoes\/aesb3\/\">AES Brasil (AESB3)<\/a> \u2014 Dividendos de R$ 0,06052081, com pagamento em 22 de setembro; <a class=\"suno-keyword\" href=\"https:\/\/www.suno.com.br\/acoes\/TGMA3\/\" target=\"_blank\" rel=\"noopener noreferrer\" data-force=\"yes\" data-priority=\"2\">Tegma (TGMA3)<\/a> \u2014 Dividendos de R$ 0,25202111 e JCP de R$ 0,08400704, com pagamento em 19 de agosto<\/li>\n<li>Ter\u00e7a-feira (10\/8): <a class=\"suno-keyword\" href=\"https:\/\/www.suno.com.br\/acoes\/RANI3\/\" target=\"_blank\" rel=\"noopener noreferrer\" data-force=\"yes\" data-priority=\"2\">Irani (RANI3)<\/a> \u2014 Dividendos de R$ 0,064642 com pagamento em 30 de agosto<\/li>\n<li>Quarta-feira (11\/8): <a class=\"suno-keyword\" href=\"https:\/\/www.suno.com.br\/acoes\/BBSE3\/\" target=\"_blank\" rel=\"noopener noreferrer\" data-force=\"yes\" data-priority=\"2\">BB Seguridade (BBSE3)<\/a> \u2014 Dividendos de R$ 0,520875 com pagamento em 23 de agosto<\/li>\n<li>Sexta-feira (13\/8): <a class=\"suno-keyword\" href=\"https:\/\/www.suno.com.br\/acoes\/ITUB4\/\" target=\"_blank\" rel=\"noopener noreferrer\" data-force=\"yes\" data-priority=\"2\">Ita\u00fa (ITUB4)<\/a> \u2014 JCP de R$ 0,10384 com pagamento em 26 de agosto<\/li>\n<\/ul>\n<article class=\"newsContent__article\">Lembrando que essa mat\u00e9ria de agenda de\u00a0<strong>dividendos<\/strong> n\u00e3o \u00e9 uma recomenda\u00e7\u00e3o de compra ou venda de ativos.\t<p>\n\t\t<a href=\"https:\/\/lp.suno.com.br\/planilha-de-controle-de-investimentos\/\" target=\"_blank\" data-element=\"shortcode-suno-banner\" title=\"Banner SUNO, clique e saiba mais\">\n\t\t\t<picture>\n\t\t\t\t<source media=\"(max-width: 500px)\" srcset=\"https:\/\/files.sunoresearch.com.br\/n\/uploads\/2023\/03\/400x300-Controle-de-Investimentos.png\">\n\t\t\t\t<img class=\"newsContent__article__imgCapa newsContent__article__imgCapa--banner\"\n\t\t\t\t\tsrc=\"https:\/\/files.sunoresearch.com.br\/n\/uploads\/2023\/03\/1420x240-Controle-de-Investimentos.png\"\n\t\t\t\t\tdata-promo-id=\"75934\"\t\t\t\t\t\t\t\t\t\twidth='1420' height='240'\t\t\t\t\talt=\"https:\/\/files.sunoresearch.com.br\/n\/uploads\/2023\/03\/1420x240-Controle-de-Investimentos.png\"\n\t\t\t\t>\n\t\t\t<\/picture>\n\t\t<\/a>\n\t<\/p>\n\n<\/article>\n","protected":false},"excerpt":{"rendered":"<p>Saiba quais s\u00e3o as empresas que pagar\u00e3o dividendos na semana e qual a data de corte para receber proventos<\/p>\n","protected":false},"author":43,"featured_media":135067,"comment_status":"closed","ping_status":"closed","sticky":false,"template":"","format":"standard","meta":[],"categories":[64],"tags":[106075,399,431,1388,104899,295,105281,519,1957,104804,681],"suno_strategy":[],"class_list":["post-173195","post","type-post","status-publish","format-standard","has-post-thumbnail","hentry","category-negocios","tag-aes-brasil-aesb3","tag-btg-pactual-bpac11-bpac3-bpac5","tag-copel-cple3-cple5-cple6","tag-csn-csna3","tag-csn-mineracao-cmin3","tag-dividendos","tag-intelbras-intb3","tag-itau-unibanco-itub3-itub4","tag-juros-sobre-capital-proprio-jcp","tag-proventos","tag-weg-wege3"],"yoast_head":"<!-- This site is optimized with the Yoast SEO plugin v24.4 - https:\/\/yoast.com\/wordpress\/plugins\/seo\/ -->\n<title>Veja as datas de corte e quem vai pagar dividendos na semana<\/title>\n<meta name=\"description\" content=\"Semana de dividendos para acionistas da Weg (WEGE3), BTG Pactual (BPAC11), CSN (CSNA3) e mais quatro empresas. Veja tamb\u00e9m a agenda das datas de corte\" \/>\n<meta name=\"robots\" content=\"index, follow, max-snippet:-1, max-image-preview:large, max-video-preview:-1\" \/>\n<link rel=\"canonical\" href=\"https:\/\/www.suno.com.br\/noticias\/weg-wege3-btg-pactual-bpac11-agenda-dividendos-jcp-78\/\" \/>\n<meta property=\"og:locale\" content=\"pt_BR\" \/>\n<meta property=\"og:type\" content=\"article\" \/>\n<meta property=\"og:title\" content=\"Veja as datas de corte e quem vai pagar dividendos na semana\" \/>\n<meta property=\"og:description\" content=\"Semana de dividendos para acionistas da Weg (WEGE3), BTG Pactual (BPAC11), CSN (CSNA3) e mais quatro empresas. Veja tamb\u00e9m a agenda das datas de corte\" \/>\n<meta property=\"og:url\" content=\"https:\/\/www.suno.com.br\/noticias\/weg-wege3-btg-pactual-bpac11-agenda-dividendos-jcp-78\/\" \/>\n<meta property=\"og:site_name\" content=\"Suno Not\u00edcias\" \/>\n<meta property=\"article:publisher\" content=\"https:\/\/facebook.com\/sunoresearch\" \/>\n<meta property=\"article:author\" content=\"https:\/\/www.facebook.com\/sunonoticias\/\" \/>\n<meta property=\"og:image\" content=\"https:\/\/files.sunoresearch.com.br\/n\/uploads\/2021\/03\/9065a6a0-money-2387280_1280.jpg\" \/>\n\t<meta property=\"og:image:width\" content=\"1280\" \/>\n\t<meta property=\"og:image:height\" content=\"721\" \/>\n\t<meta property=\"og:image:type\" content=\"image\/jpeg\" \/>\n<meta name=\"author\" content=\"Reda\u00e7\u00e3o Suno Not\u00edcias\" \/>\n<meta name=\"twitter:card\" content=\"summary_large_image\" \/>\n<meta name=\"twitter:creator\" content=\"@https:\/\/twitter.com\/sunoresearch\" \/>\n<meta name=\"twitter:site\" content=\"@sunoresearch\" \/>\n<meta name=\"twitter:label1\" content=\"Escrito por\" \/>\n\t<meta name=\"twitter:data1\" content=\"Reda\u00e7\u00e3o Suno Not\u00edcias\" \/>\n\t<meta name=\"twitter:label2\" content=\"Est. tempo de leitura\" \/>\n\t<meta name=\"twitter:data2\" content=\"3 minutos\" \/>\n<script type=\"application\/ld+json\" class=\"yoast-schema-graph\">{\"@context\":\"https:\/\/schema.org\",\"@graph\":[{\"@type\":\"NewsArticle\",\"@id\":\"https:\/\/www.suno.com.br\/noticias\/weg-wege3-btg-pactual-bpac11-agenda-dividendos-jcp-78\/#article\",\"isPartOf\":{\"@id\":\"https:\/\/www.suno.com.br\/noticias\/weg-wege3-btg-pactual-bpac11-agenda-dividendos-jcp-78\/\"},\"author\":{\"name\":\"Reda\u00e7\u00e3o Suno Not\u00edcias\",\"@id\":\"https:\/\/www.suno.com.br\/noticias\/#\/schema\/person\/c1b1bd3727fa852bd045e9dbff3673ea\"},\"headline\":\"Weg (WEGE3), BTG Pactual (BPAC11): Veja as datas de corte e quem vai pagar dividendos na semana\",\"datePublished\":\"2021-08-07T18:00:58+00:00\",\"dateModified\":\"2021-08-07T18:12:06+00:00\",\"mainEntityOfPage\":{\"@id\":\"https:\/\/www.suno.com.br\/noticias\/weg-wege3-btg-pactual-bpac11-agenda-dividendos-jcp-78\/\"},\"wordCount\":587,\"publisher\":{\"@id\":\"https:\/\/www.suno.com.br\/noticias\/#organization\"},\"image\":{\"@id\":\"https:\/\/www.suno.com.br\/noticias\/weg-wege3-btg-pactual-bpac11-agenda-dividendos-jcp-78\/#primaryimage\"},\"thumbnailUrl\":\"https:\/\/files.sunoresearch.com.br\/n\/uploads\/2021\/03\/9065a6a0-money-2387280_1280-jpg.webp\",\"keywords\":[\"AES Brasil (AESB3)\",\"BTG Pactual (BPAC11\/BPAC3\/BPAC5)\",\"Copel (CPLE3\/CPLE5\/CPLE6)\",\"CSN (CSNA3)\",\"CSN Minera\u00e7\u00e3o (CMIN3)\",\"dividendos\",\"Intelbras (INTB3)\",\"Ita\u00fa Unibanco (ITUB3\/ITUB4)\",\"juros sobre capital pr\u00f3prio (JCP)\",\"proventos\",\"Weg (WEGE3)\"],\"articleSection\":[\"Neg\u00f3cios\"],\"inLanguage\":\"pt-BR\"},{\"@type\":\"WebPage\",\"@id\":\"https:\/\/www.suno.com.br\/noticias\/weg-wege3-btg-pactual-bpac11-agenda-dividendos-jcp-78\/\",\"url\":\"https:\/\/www.suno.com.br\/noticias\/weg-wege3-btg-pactual-bpac11-agenda-dividendos-jcp-78\/\",\"name\":\"Veja as datas de corte e quem vai pagar dividendos na semana\",\"isPartOf\":{\"@id\":\"https:\/\/www.suno.com.br\/noticias\/#website\"},\"primaryImageOfPage\":{\"@id\":\"https:\/\/www.suno.com.br\/noticias\/weg-wege3-btg-pactual-bpac11-agenda-dividendos-jcp-78\/#primaryimage\"},\"image\":{\"@id\":\"https:\/\/www.suno.com.br\/noticias\/weg-wege3-btg-pactual-bpac11-agenda-dividendos-jcp-78\/#primaryimage\"},\"thumbnailUrl\":\"https:\/\/files.sunoresearch.com.br\/n\/uploads\/2021\/03\/9065a6a0-money-2387280_1280-jpg.webp\",\"datePublished\":\"2021-08-07T18:00:58+00:00\",\"dateModified\":\"2021-08-07T18:12:06+00:00\",\"description\":\"Semana de dividendos para acionistas da Weg (WEGE3), BTG Pactual (BPAC11), CSN (CSNA3) e mais quatro empresas. Veja tamb\u00e9m a agenda das datas de corte\",\"breadcrumb\":{\"@id\":\"https:\/\/www.suno.com.br\/noticias\/weg-wege3-btg-pactual-bpac11-agenda-dividendos-jcp-78\/#breadcrumb\"},\"inLanguage\":\"pt-BR\",\"potentialAction\":[{\"@type\":\"ReadAction\",\"target\":[\"https:\/\/www.suno.com.br\/noticias\/weg-wege3-btg-pactual-bpac11-agenda-dividendos-jcp-78\/\"]}]},{\"@type\":\"ImageObject\",\"inLanguage\":\"pt-BR\",\"@id\":\"https:\/\/www.suno.com.br\/noticias\/weg-wege3-btg-pactual-bpac11-agenda-dividendos-jcp-78\/#primaryimage\",\"url\":\"https:\/\/files.sunoresearch.com.br\/n\/uploads\/2021\/03\/9065a6a0-money-2387280_1280-jpg.webp\",\"contentUrl\":\"https:\/\/files.sunoresearch.com.br\/n\/uploads\/2021\/03\/9065a6a0-money-2387280_1280-jpg.webp\",\"width\":1280,\"height\":721,\"caption\":\"Notas de real. Foto: Pixabay\"},{\"@type\":\"BreadcrumbList\",\"@id\":\"https:\/\/www.suno.com.br\/noticias\/weg-wege3-btg-pactual-bpac11-agenda-dividendos-jcp-78\/#breadcrumb\",\"itemListElement\":[{\"@type\":\"ListItem\",\"position\":1,\"name\":\"Not\u00edcias\",\"item\":\"https:\/\/www.suno.com.br\/noticias\/\"},{\"@type\":\"ListItem\",\"position\":2,\"name\":\"Neg\u00f3cios\",\"item\":\"https:\/\/www.suno.com.br\/noticias\/negocios\/\"},{\"@type\":\"ListItem\",\"position\":3,\"name\":\"Weg (WEGE3), BTG Pactual (BPAC11): Veja as datas de corte e quem vai pagar dividendos na semana\"}]},{\"@type\":\"WebSite\",\"@id\":\"https:\/\/www.suno.com.br\/noticias\/#website\",\"url\":\"https:\/\/www.suno.com.br\/noticias\/\",\"name\":\"Suno Not\u00edcias\",\"description\":\"Seu portal de informa\u00e7\u00e3o sobre o mundo dos investimentos\",\"publisher\":{\"@id\":\"https:\/\/www.suno.com.br\/noticias\/#organization\"},\"potentialAction\":[{\"@type\":\"SearchAction\",\"target\":{\"@type\":\"EntryPoint\",\"urlTemplate\":\"https:\/\/www.suno.com.br\/noticias\/?s={search_term_string}\"},\"query-input\":{\"@type\":\"PropertyValueSpecification\",\"valueRequired\":true,\"valueName\":\"search_term_string\"}}],\"inLanguage\":\"pt-BR\"},{\"@type\":\"Organization\",\"@id\":\"https:\/\/www.suno.com.br\/noticias\/#organization\",\"name\":\"Suno Not\u00edcias\",\"url\":\"https:\/\/www.suno.com.br\/noticias\/\",\"logo\":{\"@type\":\"ImageObject\",\"inLanguage\":\"pt-BR\",\"@id\":\"https:\/\/www.suno.com.br\/noticias\/#\/schema\/logo\/image\/\",\"url\":\"https:\/\/files.sunoresearch.com.br\/n\/uploads\/2021\/09\/suno-logo.png\",\"contentUrl\":\"https:\/\/files.sunoresearch.com.br\/n\/uploads\/2021\/09\/suno-logo.png\",\"width\":180,\"height\":180,\"caption\":\"Suno Not\u00edcias\"},\"image\":{\"@id\":\"https:\/\/www.suno.com.br\/noticias\/#\/schema\/logo\/image\/\"},\"sameAs\":[\"https:\/\/facebook.com\/sunoresearch\",\"https:\/\/x.com\/sunoresearch\",\"https:\/\/www.instagram.com\/suno\",\"https:\/\/www.linkedin.com\/company\/suno-research\/\",\"https:\/\/www.youtube.com\/c\/sunoresearch\"]},{\"@type\":\"Person\",\"@id\":\"https:\/\/www.suno.com.br\/noticias\/#\/schema\/person\/c1b1bd3727fa852bd045e9dbff3673ea\",\"name\":\"Reda\u00e7\u00e3o Suno Not\u00edcias\",\"image\":{\"@type\":\"ImageObject\",\"inLanguage\":\"pt-BR\",\"@id\":\"https:\/\/www.suno.com.br\/noticias\/#\/schema\/person\/image\/\",\"url\":\"https:\/\/secure.gravatar.com\/avatar\/b8104b9b5a71985d5238ee59fbe418af?s=96&r=g\",\"contentUrl\":\"https:\/\/secure.gravatar.com\/avatar\/b8104b9b5a71985d5238ee59fbe418af?s=96&r=g\",\"caption\":\"Reda\u00e7\u00e3o Suno Not\u00edcias\"},\"description\":\"O Suno Not\u00edcias \u00e9 um portal de informa\u00e7\u00f5es sobre Mercado Financeiro, Pol\u00edtica, Neg\u00f3cios, Economia e Finan\u00e7as Pessoais.\",\"sameAs\":[\"https:\/\/www.suno.com.br\/noticias\",\"https:\/\/www.facebook.com\/sunonoticias\/\",\"https:\/\/www.instagram.com\/sunonoticias\/\",\"https:\/\/x.com\/https:\/\/twitter.com\/sunoresearch\",\"https:\/\/www.youtube.com\/sunonoticias\"],\"url\":\"https:\/\/www.suno.com.br\/noticias\/author\/redacao-suno\/\"}]}<\/script>\n<!-- \/ Yoast SEO plugin. -->","yoast_head_json":{"title":"Veja as datas de corte e quem vai pagar dividendos na semana","description":"Semana de dividendos para acionistas da Weg (WEGE3), BTG Pactual (BPAC11), CSN (CSNA3) e mais quatro empresas. Veja tamb\u00e9m a agenda das datas de corte","robots":{"index":"index","follow":"follow","max-snippet":"max-snippet:-1","max-image-preview":"max-image-preview:large","max-video-preview":"max-video-preview:-1"},"canonical":"https:\/\/www.suno.com.br\/noticias\/weg-wege3-btg-pactual-bpac11-agenda-dividendos-jcp-78\/","og_locale":"pt_BR","og_type":"article","og_title":"Veja as datas de corte e quem vai pagar dividendos na semana","og_description":"Semana de dividendos para acionistas da Weg (WEGE3), BTG Pactual (BPAC11), CSN (CSNA3) e mais quatro empresas. Veja tamb\u00e9m a agenda das datas de corte","og_url":"https:\/\/www.suno.com.br\/noticias\/weg-wege3-btg-pactual-bpac11-agenda-dividendos-jcp-78\/","og_site_name":"Suno Not\u00edcias","article_publisher":"https:\/\/facebook.com\/sunoresearch","article_author":"https:\/\/www.facebook.com\/sunonoticias\/","og_image":[{"width":1280,"height":721,"url":"https:\/\/files.sunoresearch.com.br\/n\/uploads\/2021\/03\/9065a6a0-money-2387280_1280.jpg","type":"image\/jpeg"}],"author":"Reda\u00e7\u00e3o Suno Not\u00edcias","twitter_card":"summary_large_image","twitter_creator":"@https:\/\/twitter.com\/sunoresearch","twitter_site":"@sunoresearch","twitter_misc":{"Escrito por":"Reda\u00e7\u00e3o Suno Not\u00edcias","Est. tempo de leitura":"3 minutos"},"schema":{"@context":"https:\/\/schema.org","@graph":[{"@type":"NewsArticle","@id":"https:\/\/www.suno.com.br\/noticias\/weg-wege3-btg-pactual-bpac11-agenda-dividendos-jcp-78\/#article","isPartOf":{"@id":"https:\/\/www.suno.com.br\/noticias\/weg-wege3-btg-pactual-bpac11-agenda-dividendos-jcp-78\/"},"author":{"name":"Reda\u00e7\u00e3o Suno Not\u00edcias","@id":"https:\/\/www.suno.com.br\/noticias\/#\/schema\/person\/c1b1bd3727fa852bd045e9dbff3673ea"},"headline":"Weg (WEGE3), BTG Pactual (BPAC11): Veja as datas de corte e quem vai pagar dividendos na semana","datePublished":"2021-08-07T18:00:58+00:00","dateModified":"2021-08-07T18:12:06+00:00","mainEntityOfPage":{"@id":"https:\/\/www.suno.com.br\/noticias\/weg-wege3-btg-pactual-bpac11-agenda-dividendos-jcp-78\/"},"wordCount":587,"publisher":{"@id":"https:\/\/www.suno.com.br\/noticias\/#organization"},"image":{"@id":"https:\/\/www.suno.com.br\/noticias\/weg-wege3-btg-pactual-bpac11-agenda-dividendos-jcp-78\/#primaryimage"},"thumbnailUrl":"https:\/\/files.sunoresearch.com.br\/n\/uploads\/2021\/03\/9065a6a0-money-2387280_1280-jpg.webp","keywords":["AES Brasil (AESB3)","BTG Pactual (BPAC11\/BPAC3\/BPAC5)","Copel (CPLE3\/CPLE5\/CPLE6)","CSN (CSNA3)","CSN Minera\u00e7\u00e3o (CMIN3)","dividendos","Intelbras (INTB3)","Ita\u00fa Unibanco (ITUB3\/ITUB4)","juros sobre capital pr\u00f3prio (JCP)","proventos","Weg (WEGE3)"],"articleSection":["Neg\u00f3cios"],"inLanguage":"pt-BR"},{"@type":"WebPage","@id":"https:\/\/www.suno.com.br\/noticias\/weg-wege3-btg-pactual-bpac11-agenda-dividendos-jcp-78\/","url":"https:\/\/www.suno.com.br\/noticias\/weg-wege3-btg-pactual-bpac11-agenda-dividendos-jcp-78\/","name":"Veja as datas de corte e quem vai pagar dividendos na semana","isPartOf":{"@id":"https:\/\/www.suno.com.br\/noticias\/#website"},"primaryImageOfPage":{"@id":"https:\/\/www.suno.com.br\/noticias\/weg-wege3-btg-pactual-bpac11-agenda-dividendos-jcp-78\/#primaryimage"},"image":{"@id":"https:\/\/www.suno.com.br\/noticias\/weg-wege3-btg-pactual-bpac11-agenda-dividendos-jcp-78\/#primaryimage"},"thumbnailUrl":"https:\/\/files.sunoresearch.com.br\/n\/uploads\/2021\/03\/9065a6a0-money-2387280_1280-jpg.webp","datePublished":"2021-08-07T18:00:58+00:00","dateModified":"2021-08-07T18:12:06+00:00","description":"Semana de dividendos para acionistas da Weg (WEGE3), BTG Pactual (BPAC11), CSN (CSNA3) e mais quatro empresas. Veja tamb\u00e9m a agenda das datas de corte","breadcrumb":{"@id":"https:\/\/www.suno.com.br\/noticias\/weg-wege3-btg-pactual-bpac11-agenda-dividendos-jcp-78\/#breadcrumb"},"inLanguage":"pt-BR","potentialAction":[{"@type":"ReadAction","target":["https:\/\/www.suno.com.br\/noticias\/weg-wege3-btg-pactual-bpac11-agenda-dividendos-jcp-78\/"]}]},{"@type":"ImageObject","inLanguage":"pt-BR","@id":"https:\/\/www.suno.com.br\/noticias\/weg-wege3-btg-pactual-bpac11-agenda-dividendos-jcp-78\/#primaryimage","url":"https:\/\/files.sunoresearch.com.br\/n\/uploads\/2021\/03\/9065a6a0-money-2387280_1280-jpg.webp","contentUrl":"https:\/\/files.sunoresearch.com.br\/n\/uploads\/2021\/03\/9065a6a0-money-2387280_1280-jpg.webp","width":1280,"height":721,"caption":"Notas de real. Foto: Pixabay"},{"@type":"BreadcrumbList","@id":"https:\/\/www.suno.com.br\/noticias\/weg-wege3-btg-pactual-bpac11-agenda-dividendos-jcp-78\/#breadcrumb","itemListElement":[{"@type":"ListItem","position":1,"name":"Not\u00edcias","item":"https:\/\/www.suno.com.br\/noticias\/"},{"@type":"ListItem","position":2,"name":"Neg\u00f3cios","item":"https:\/\/www.suno.com.br\/noticias\/negocios\/"},{"@type":"ListItem","position":3,"name":"Weg (WEGE3), BTG Pactual (BPAC11): Veja as datas de corte e quem vai pagar dividendos na semana"}]},{"@type":"WebSite","@id":"https:\/\/www.suno.com.br\/noticias\/#website","url":"https:\/\/www.suno.com.br\/noticias\/","name":"Suno Not\u00edcias","description":"Seu portal de informa\u00e7\u00e3o sobre o mundo dos investimentos","publisher":{"@id":"https:\/\/www.suno.com.br\/noticias\/#organization"},"potentialAction":[{"@type":"SearchAction","target":{"@type":"EntryPoint","urlTemplate":"https:\/\/www.suno.com.br\/noticias\/?s={search_term_string}"},"query-input":{"@type":"PropertyValueSpecification","valueRequired":true,"valueName":"search_term_string"}}],"inLanguage":"pt-BR"},{"@type":"Organization","@id":"https:\/\/www.suno.com.br\/noticias\/#organization","name":"Suno Not\u00edcias","url":"https:\/\/www.suno.com.br\/noticias\/","logo":{"@type":"ImageObject","inLanguage":"pt-BR","@id":"https:\/\/www.suno.com.br\/noticias\/#\/schema\/logo\/image\/","url":"https:\/\/files.sunoresearch.com.br\/n\/uploads\/2021\/09\/suno-logo.png","contentUrl":"https:\/\/files.sunoresearch.com.br\/n\/uploads\/2021\/09\/suno-logo.png","width":180,"height":180,"caption":"Suno Not\u00edcias"},"image":{"@id":"https:\/\/www.suno.com.br\/noticias\/#\/schema\/logo\/image\/"},"sameAs":["https:\/\/facebook.com\/sunoresearch","https:\/\/x.com\/sunoresearch","https:\/\/www.instagram.com\/suno","https:\/\/www.linkedin.com\/company\/suno-research\/","https:\/\/www.youtube.com\/c\/sunoresearch"]},{"@type":"Person","@id":"https:\/\/www.suno.com.br\/noticias\/#\/schema\/person\/c1b1bd3727fa852bd045e9dbff3673ea","name":"Reda\u00e7\u00e3o Suno Not\u00edcias","image":{"@type":"ImageObject","inLanguage":"pt-BR","@id":"https:\/\/www.suno.com.br\/noticias\/#\/schema\/person\/image\/","url":"https:\/\/secure.gravatar.com\/avatar\/b8104b9b5a71985d5238ee59fbe418af?s=96&r=g","contentUrl":"https:\/\/secure.gravatar.com\/avatar\/b8104b9b5a71985d5238ee59fbe418af?s=96&r=g","caption":"Reda\u00e7\u00e3o Suno Not\u00edcias"},"description":"O Suno Not\u00edcias \u00e9 um portal de informa\u00e7\u00f5es sobre Mercado Financeiro, Pol\u00edtica, Neg\u00f3cios, Economia e Finan\u00e7as Pessoais.","sameAs":["https:\/\/www.suno.com.br\/noticias","https:\/\/www.facebook.com\/sunonoticias\/","https:\/\/www.instagram.com\/sunonoticias\/","https:\/\/x.com\/https:\/\/twitter.com\/sunoresearch","https:\/\/www.youtube.com\/sunonoticias"],"url":"https:\/\/www.suno.com.br\/noticias\/author\/redacao-suno\/"}]}},"default_loop_html":"<div class=\"cardsPage__listCard__boxs\"><div class=\"cardsPage__listCard__boxs__img\"><a href=\"https:\/\/www.suno.com.br\/noticias\/weg-wege3-btg-pactual-bpac11-agenda-dividendos-jcp-78\/\"><img class=\"mask\" src=\"https:\/\/www.suno.com.br\/noticias\/wp-content\/themes\/suno\/resources\/images\/spotlight\/spotlight1img\/bg-mask.png\" alt=\"Image Mask\"\/><img src=\"https:\/\/files.sunoresearch.com.br\/n\/uploads\/2021\/03\/9065a6a0-money-2387280_1280-400x200.webp\" alt=\"Weg (WEGE3), BTG Pactual (BPAC11): Veja as datas de corte e quem vai pagar dividendos na semana\"\/><\/a><span class=\"spotlightCategory\"><a href=\"https:\/\/www.suno.com.br\/noticias\/negocios\/\">Neg\u00f3cios<\/a><\/span><\/div><div class=\"cardsPage__listCard__boxs__content\"><a href=\"https:\/\/www.suno.com.br\/noticias\/weg-wege3-btg-pactual-bpac11-agenda-dividendos-jcp-78\/\"><h2 class=\"content__title\">Weg (WEGE3), BTG Pactual (BPAC11): Veja as datas de corte e quem vai pagar dividendos na semana<\/h2><\/a><div class=\"newsContent__article__meta\"><div class=\"newsContent__article__meta__authorBox\"><a href=\"https:\/\/www.suno.com.br\/noticias\/author\/redacao-suno\/\" class=\"authorBox__avatar noMobi\"><img src=\"https:\/\/files.sunoresearch.com.br\/n\/uploads\/2020\/08\/0ace682d-redacao-1-150x150.webp\" alt=\"Reda\u00e7\u00e3o Suno Not\u00edcias\"><\/a><div class=\"authorBox__name\"><span>por\n\t\t\t<a href=\"https:\/\/www.suno.com.br\/noticias\/author\/redacao-suno\/\"><span itemprop=\"author\">Reda\u00e7\u00e3o Suno Not\u00edcias<\/span><\/a><\/span><time datetime=\"2021-08-07T15:00:58-03:00\" itemprop=\"datePublished\">07\/08\/2021 15:00<\/time><\/div><\/div><\/div><\/div><\/div>","single_layout":"posts","amp_enabled":true,"_links":{"self":[{"href":"https:\/\/www.suno.com.br\/noticias\/wp-json\/wp\/v2\/posts\/173195"}],"collection":[{"href":"https:\/\/www.suno.com.br\/noticias\/wp-json\/wp\/v2\/posts"}],"about":[{"href":"https:\/\/www.suno.com.br\/noticias\/wp-json\/wp\/v2\/types\/post"}],"author":[{"embeddable":true,"href":"https:\/\/www.suno.com.br\/noticias\/wp-json\/wp\/v2\/users\/43"}],"replies":[{"embeddable":true,"href":"https:\/\/www.suno.com.br\/noticias\/wp-json\/wp\/v2\/comments?post=173195"}],"version-history":[{"count":4,"href":"https:\/\/www.suno.com.br\/noticias\/wp-json\/wp\/v2\/posts\/173195\/revisions"}],"predecessor-version":[{"id":173225,"href":"https:\/\/www.suno.com.br\/noticias\/wp-json\/wp\/v2\/posts\/173195\/revisions\/173225"}],"wp:featuredmedia":[{"embeddable":true,"href":"https:\/\/www.suno.com.br\/noticias\/wp-json\/wp\/v2\/media\/135067"}],"wp:attachment":[{"href":"https:\/\/www.suno.com.br\/noticias\/wp-json\/wp\/v2\/media?parent=173195"}],"wp:term":[{"taxonomy":"category","embeddable":true,"href":"https:\/\/www.suno.com.br\/noticias\/wp-json\/wp\/v2\/categories?post=173195"},{"taxonomy":"post_tag","embeddable":true,"href":"https:\/\/www.suno.com.br\/noticias\/wp-json\/wp\/v2\/tags?post=173195"},{"taxonomy":"suno_strategy","embeddable":true,"href":"https:\/\/www.suno.com.br\/noticias\/wp-json\/wp\/v2\/suno_strategy?post=173195"}],"curies":[{"name":"wp","href":"https:\/\/api.w.org\/{rel}","templated":true}]}}