{"id":173114,"date":"2021-08-06T18:43:36","date_gmt":"2021-08-06T21:43:36","guid":{"rendered":"https:\/\/www.suno.com.br\/noticias\/?p=173114"},"modified":"2021-08-06T23:25:48","modified_gmt":"2021-08-07T02:25:48","slug":"m-dias-branco-mdia3-ve-lucro-subir-8487-na-comparacao-trimestral","status":"publish","type":"post","link":"https:\/\/www.suno.com.br\/noticias\/m-dias-branco-mdia3-ve-lucro-subir-8487-na-comparacao-trimestral\/","title":{"rendered":"M. Dias Branco (MDIA3) v\u00ea lucro subir 848,7% na compara\u00e7\u00e3o trimestral"},"content":{"rendered":"<p>A <a href=\"https:\/\/www.suno.com.br\/acoes\/mdia3\/\"><strong>M. Dias Branco<\/strong> (MDIA3)<\/a> divulgou nessa sexta-feira (6) seus resultados no segundo trimestre deste ano. A fabricante de alimentos apresentou um <a class=\"suno-keyword\" href=\"https:\/\/www.suno.com.br\/artigos\/lucro-liquido\/\" target=\"_blank\" rel=\"noopener noreferrer\" data-force=\"no\" data-priority=\"1\">lucro l\u00edquido<\/a> de R$ 142,3 milh\u00f5es no per\u00edodo, queda de 6,6% em compara\u00e7\u00e3o com o lucro apurado um ano antes.<\/p>\t<div class=\"wrapper-featured-image\">\n\t\t<figure class=\"spotlightImg\">\n\n\t\t\t<picture>\n\t\t\t\t<source media=\"(max-width: 768px)\" srcset=\"https:\/\/files.sunoresearch.com.br\/n\/uploads\/2021\/04\/ca82b015-m-dias-branco-aeea9e57-5d93-434b-a919-cb5bcecb9d8d-400x200.webp\">\n\t\t\t\t<img loading=\"lazy\" decoding=\"async\" class=\"newsContent__article__imgCapa lazyloadDisabled \" src=\"https:\/\/files.sunoresearch.com.br\/n\/uploads\/2021\/04\/ca82b015-m-dias-branco-aeea9e57-5d93-434b-a919-cb5bcecb9d8d-800x450.webp\" width=\"800\" height=\"450\" alt=\"M. Dias Branco (MDIA3) v\u00ea lucro subir 848,7% na compara\u00e7\u00e3o trimestral\" fetchpriority=high \/>\n\t\t\t<\/picture>\n\n\t\t\t<figcaption class=\"wp-caption-text wp-caption-text--show\">M. Dias Branco. Foto: Reprodu\u00e7\u00e3o Site<\/figcaption>\n\t\t<\/figure>\n\t<\/div>\n\n\n\t<p>\n\t\t<a href=\"https:\/\/lp.suno.com.br\/planilha-controle-gastos\/\" target=\"_blank\" data-element=\"shortcode-suno-banner\" title=\"Banner SUNO, clique e saiba mais\">\n\t\t\t<picture>\n\t\t\t\t<source media=\"(max-width: 500px)\" srcset=\"https:\/\/files.sunoresearch.com.br\/n\/uploads\/2023\/03\/400x300-Planilha-controle-de-gastos.png\">\n\t\t\t\t<img class=\"newsContent__article__imgCapa newsContent__article__imgCapa--banner\"\n\t\t\t\t\tsrc=\"https:\/\/files.sunoresearch.com.br\/n\/uploads\/2023\/03\/1420x240-Planilha-controle-de-gastos.png\"\n\t\t\t\t\tdata-promo-id=\"101751\"\t\t\t\t\t\t\t\t\t\twidth='1420' height='240'\t\t\t\t\talt=\"https:\/\/files.sunoresearch.com.br\/n\/uploads\/2023\/03\/1420x240-Planilha-controle-de-gastos.png\"\n\t\t\t\t>\n\t\t\t<\/picture>\n\t\t<\/a>\n\t<\/p>\n\n\n<p>J\u00e1 em rela\u00e7\u00e3o ao primeiro trimestre desse ano, o <strong>lucro l\u00edquido da M. Dias Branco<\/strong> saltou 848,7%.<\/p>\n<p>Segundo a companhia, a queda no lucro na compara\u00e7\u00e3o anual aconteceu, principalmente, pela varia\u00e7\u00e3o do <a href=\"https:\/\/www.suno.com.br\/artigos\/ebitda\/\"><strong>Ebitda<\/strong> (lucro antes de juros, impostos, deprecia\u00e7\u00f5es e amortiza\u00e7\u00f5es).<\/a><\/p>\n<p>Entre abril e junho desse ano, o Ebitda da<strong> fabricante de alimentos<\/strong> somou R$ 167,2 milh\u00f5es, o que equivale a uma queda de 25,9% em compara\u00e7\u00e3o com o resultado apurado ao final do segundo trimestre de 2020.<\/p>\n\t<p>\n\t\t<a href=\"https:\/\/lp.suno.com.br\/planilha-da-vida-financeira\/\" target=\"_blank\" data-element=\"shortcode-suno-banner\" title=\"Banner SUNO, clique e saiba mais\">\n\t\t\t<picture>\n\t\t\t\t<source media=\"(max-width: 500px)\" srcset=\"https:\/\/files.sunoresearch.com.br\/n\/uploads\/2023\/04\/400x300-Planilha-vida-financeira-true.png\">\n\t\t\t\t<img class=\"newsContent__article__imgCapa newsContent__article__imgCapa--banner\"\n\t\t\t\t\tsrc=\"https:\/\/files.sunoresearch.com.br\/n\/uploads\/2023\/04\/1420x240-Planilha-vida-financeira-true.png\"\n\t\t\t\t\tdata-promo-id=\"106682\"\t\t\t\t\t\t\t\t\t\twidth='1420' height='240'\t\t\t\t\talt=\"https:\/\/files.sunoresearch.com.br\/n\/uploads\/2023\/04\/1420x240-Planilha-vida-financeira-true.png\"\n\t\t\t\t>\n\t\t\t<\/picture>\n\t\t<\/a>\n\t<\/p>\n\n\n<p>A empresa atribuiu o desempenho negativo ao aumento das <strong>commodities<\/strong> em d\u00f3lares, \u00e0s quedas dos volumes e ao impacto desfavor\u00e1vel do c\u00e2mbio.<\/p>\n<p>J\u00e1 a <a class=\"suno-keyword\" href=\"https:\/\/www.suno.com.br\/artigos\/margem-ebitda\/\" target=\"_blank\" rel=\"noopener noreferrer\" data-force=\"no\" data-priority=\"1\"><strong>margem Ebitda<\/strong><\/a> passou de 12% ao final de junho do ano passado, para 8,5% este ano.<\/p>\n<p>J\u00e1 a receita da M. Dias Branco somou R$ 1,9 bilh\u00e3o ao final de junho, o que representa um salto de 5% ante o segundo trimestre do ano passado. De acordo com a companhia, os pre\u00e7os foram 25% maiores que os registrados no ano passado e os volumes retra\u00edram 16%.<\/p>\n<h2>Receita de biscoitos sobe, mas a de massas cai<\/h2>\n<p>A <a class=\"suno-keyword\" href=\"https:\/\/www.suno.com.br\/artigos\/o-que-receita-liquida\/\" target=\"_blank\" rel=\"noopener noreferrer\" data-force=\"no\" data-priority=\"1\">receita l\u00edquida<\/a> de biscoitos subiu 3,9% na compara\u00e7\u00e3o anual, para R$ 1,010 bilh\u00e3o. O desempenho foi explicado pela redu\u00e7\u00e3o dos volumes de 9,7% e aumento de 15% no <a class=\"suno-keyword\" href=\"https:\/\/www.suno.com.br\/artigos\/preco-medio\/\" target=\"_blank\" rel=\"noopener noreferrer\" data-force=\"no\" data-priority=\"1\">pre\u00e7o m\u00e9dio<\/a>.<\/p>\n\t<p>\n\t\t<a href=\"https:\/\/lp.suno.com.br\/ebook-como-analisar-uma-acao\/\" target=\"_blank\" data-element=\"shortcode-suno-banner\" title=\"Banner SUNO, clique e saiba mais\">\n\t\t\t<picture>\n\t\t\t\t<source media=\"(max-width: 500px)\" srcset=\"https:\/\/files.sunoresearch.com.br\/n\/uploads\/2023\/03\/Ebook-Acoes-Mobile-1.jpg\">\n\t\t\t\t<img class=\"newsContent__article__imgCapa newsContent__article__imgCapa--banner\"\n\t\t\t\t\tsrc=\"https:\/\/files.sunoresearch.com.br\/n\/uploads\/2023\/03\/Ebook-Acoes-Desktop-1.jpg\"\n\t\t\t\t\tdata-promo-id=\"171998\"\t\t\t\t\t\t\t\t\t\twidth='1420' height='286'\t\t\t\t\talt=\"https:\/\/files.sunoresearch.com.br\/n\/uploads\/2023\/03\/Ebook-Acoes-Desktop-1.jpg\"\n\t\t\t\t>\n\t\t\t<\/picture>\n\t\t<\/a>\n\t<\/p>\n\n\n<p>Ao mesmo tempo, a receita de massas caiu 2%, para R$ 458,8 milh\u00f5es, com redu\u00e7\u00e3o dos volumes de 20,3% e aumento do pre\u00e7o m\u00e9dio de 23%. &#8220;A queda nos volumes foi observada em todas as regi\u00f5es com destaque para as exporta\u00e7\u00f5es, que foram impactadas positivamente no 2T20 por vendas pontuais para pa\u00edses da Am\u00e9rica Latina atrav\u00e9s de programas de ajuda humanit\u00e1ria, fato influenciado pela pandemia&#8221;, explica a empresa.<\/p>\n\t<div data-element=\"shortcode-read-more\" class=\"knowMore\">\n\t\t\t\t<span class=\"knowMore__title\">Veja tamb\u00e9m<\/span>\n\t\t\t\t<a class=\"knowMore__link\" href=\"https:\/\/www.suno.com.br\/noticias\/m-dias-branco-mdia3-balanco-1t21\/\">\n\t\t\tM. Dias Branco (MDIA3) tem queda de 89,1% no lucro no 1T21\t\t<\/a>\n\t<\/div>\n\n\n<p>As receitas de farinha e farelo de trigo , por sua vez, somaram R$ 357,2 milh\u00f5es ao final de junho, avan\u00e7ando 11,00% na compara\u00e7\u00e3o anualizada. J\u00e1 a receita de margarinas e gorduras\u00a0 saltaram 25,9%, na mesma base comparativa, para R$ 111,4 milh\u00f5es.<\/p>\n<h2>\u00daltima cota\u00e7\u00e3o da <strong>M. Dias Branco<\/strong><\/h2>\n<p>A a\u00e7\u00e3o da <strong>M. Dias Branco<\/strong> (MDIA3) encerrou o preg\u00e3o de hoje em alta de 5,24%, valendo R$ 33,35, enquanto o mercado aguardava a divulga\u00e7\u00e3o dos resultados.<\/p>\n\t<p>\n\t\t<a href=\"https:\/\/lp.suno.com.br\/planilha-de-controle-de-investimentos\/\" target=\"_blank\" data-element=\"shortcode-suno-banner\" title=\"Banner SUNO, clique e saiba mais\">\n\t\t\t<picture>\n\t\t\t\t<source media=\"(max-width: 500px)\" srcset=\"https:\/\/files.sunoresearch.com.br\/n\/uploads\/2023\/03\/400x300-Controle-de-Investimentos.png\">\n\t\t\t\t<img class=\"newsContent__article__imgCapa newsContent__article__imgCapa--banner\"\n\t\t\t\t\tsrc=\"https:\/\/files.sunoresearch.com.br\/n\/uploads\/2023\/03\/1420x240-Controle-de-Investimentos.png\"\n\t\t\t\t\tdata-promo-id=\"75934\"\t\t\t\t\t\t\t\t\t\twidth='1420' height='240'\t\t\t\t\talt=\"https:\/\/files.sunoresearch.com.br\/n\/uploads\/2023\/03\/1420x240-Controle-de-Investimentos.png\"\n\t\t\t\t>\n\t\t\t<\/picture>\n\t\t<\/a>\n\t<\/p>\n\n\n","protected":false},"excerpt":{"rendered":"<p>A M. Dias Branco (MDIA3) divulgou nessa sexta-feira (6) seus resultados no segundo trimestre deste ano. A fabricante de alimentos apresentou um lucro l\u00edquido de R$ 142,3 milh\u00f5es no per\u00edodo, queda de 6,6% em compara\u00e7\u00e3o com o lucro apurado um ano antes. M. Dias Branco. Foto: Reprodu\u00e7\u00e3o Site J\u00e1 em rela\u00e7\u00e3o ao primeiro trimestre desse [&hellip;]<\/p>\n","protected":false},"author":39,"featured_media":136566,"comment_status":"closed","ping_status":"closed","sticky":false,"template":"","format":"standard","meta":[],"categories":[64],"tags":[1029,546],"suno_strategy":[],"class_list":["post-173114","post","type-post","status-publish","format-standard","has-post-thumbnail","hentry","category-negocios","tag-balancos-trimestrais","tag-m-dias-branco-mdia3"],"yoast_head":"<!-- This site is optimized with the Yoast SEO plugin v24.4 - https:\/\/yoast.com\/wordpress\/plugins\/seo\/ -->\n<title>M. Dias Branco (MDIA3) v\u00ea lucro subir 848,7% na compara\u00e7\u00e3o trimestral<\/title>\n<meta name=\"description\" content=\"A M. Dias Branco (MDIA3) divulgou nessa sexta-feira (6) seus resultados no segundo trimestre desse ano. Clique aqui para saber mais!\" \/>\n<meta name=\"robots\" content=\"index, follow, max-snippet:-1, max-image-preview:large, max-video-preview:-1\" \/>\n<link rel=\"canonical\" href=\"https:\/\/www.suno.com.br\/noticias\/m-dias-branco-mdia3-ve-lucro-subir-8487-na-comparacao-trimestral\/\" \/>\n<meta property=\"og:locale\" content=\"pt_BR\" \/>\n<meta property=\"og:type\" content=\"article\" \/>\n<meta property=\"og:title\" content=\"M. Dias Branco (MDIA3) v\u00ea lucro subir 848,7% na compara\u00e7\u00e3o trimestral\" \/>\n<meta property=\"og:description\" content=\"A M. Dias Branco (MDIA3) divulgou nessa sexta-feira (6) seus resultados no segundo trimestre desse ano. Clique aqui para saber mais!\" \/>\n<meta property=\"og:url\" content=\"https:\/\/www.suno.com.br\/noticias\/m-dias-branco-mdia3-ve-lucro-subir-8487-na-comparacao-trimestral\/\" \/>\n<meta property=\"og:site_name\" content=\"Suno Not\u00edcias\" \/>\n<meta property=\"article:publisher\" content=\"https:\/\/facebook.com\/sunoresearch\" \/>\n<meta property=\"og:image\" content=\"https:\/\/files.sunoresearch.com.br\/n\/uploads\/2021\/04\/ca82b015-m-dias-branco-aeea9e57-5d93-434b-a919-cb5bcecb9d8d.jpeg\" \/>\n\t<meta property=\"og:image:width\" content=\"1280\" \/>\n\t<meta property=\"og:image:height\" content=\"720\" \/>\n\t<meta property=\"og:image:type\" content=\"image\/jpeg\" \/>\n<meta name=\"author\" content=\"Laura Moutinho\" \/>\n<meta name=\"twitter:card\" content=\"summary_large_image\" \/>\n<meta name=\"twitter:creator\" content=\"@sunoresearch\" \/>\n<meta name=\"twitter:site\" content=\"@sunoresearch\" \/>\n<meta name=\"twitter:label1\" content=\"Escrito por\" \/>\n\t<meta name=\"twitter:data1\" content=\"Laura Moutinho\" \/>\n\t<meta name=\"twitter:label2\" content=\"Est. tempo de leitura\" \/>\n\t<meta name=\"twitter:data2\" content=\"2 minutos\" \/>\n<script type=\"application\/ld+json\" class=\"yoast-schema-graph\">{\"@context\":\"https:\/\/schema.org\",\"@graph\":[{\"@type\":\"NewsArticle\",\"@id\":\"https:\/\/www.suno.com.br\/noticias\/m-dias-branco-mdia3-ve-lucro-subir-8487-na-comparacao-trimestral\/#article\",\"isPartOf\":{\"@id\":\"https:\/\/www.suno.com.br\/noticias\/m-dias-branco-mdia3-ve-lucro-subir-8487-na-comparacao-trimestral\/\"},\"author\":{\"name\":\"Laura Moutinho\",\"@id\":\"https:\/\/www.suno.com.br\/noticias\/#\/schema\/person\/3df0d2808748b74496efe5dbeaef2c72\"},\"headline\":\"M. Dias Branco (MDIA3) v\u00ea lucro subir 848,7% na compara\u00e7\u00e3o trimestral\",\"datePublished\":\"2021-08-06T21:43:36+00:00\",\"dateModified\":\"2021-08-07T02:25:48+00:00\",\"mainEntityOfPage\":{\"@id\":\"https:\/\/www.suno.com.br\/noticias\/m-dias-branco-mdia3-ve-lucro-subir-8487-na-comparacao-trimestral\/\"},\"wordCount\":438,\"publisher\":{\"@id\":\"https:\/\/www.suno.com.br\/noticias\/#organization\"},\"image\":{\"@id\":\"https:\/\/www.suno.com.br\/noticias\/m-dias-branco-mdia3-ve-lucro-subir-8487-na-comparacao-trimestral\/#primaryimage\"},\"thumbnailUrl\":\"https:\/\/files.sunoresearch.com.br\/n\/uploads\/2021\/04\/ca82b015-m-dias-branco-aeea9e57-5d93-434b-a919-cb5bcecb9d8d-jpeg.webp\",\"keywords\":[\"balan\u00e7os trimestrais\",\"M.Dias Branco (MDIA3)\"],\"articleSection\":[\"Neg\u00f3cios\"],\"inLanguage\":\"pt-BR\"},{\"@type\":\"WebPage\",\"@id\":\"https:\/\/www.suno.com.br\/noticias\/m-dias-branco-mdia3-ve-lucro-subir-8487-na-comparacao-trimestral\/\",\"url\":\"https:\/\/www.suno.com.br\/noticias\/m-dias-branco-mdia3-ve-lucro-subir-8487-na-comparacao-trimestral\/\",\"name\":\"M. Dias Branco (MDIA3) v\u00ea lucro subir 848,7% na compara\u00e7\u00e3o trimestral\",\"isPartOf\":{\"@id\":\"https:\/\/www.suno.com.br\/noticias\/#website\"},\"primaryImageOfPage\":{\"@id\":\"https:\/\/www.suno.com.br\/noticias\/m-dias-branco-mdia3-ve-lucro-subir-8487-na-comparacao-trimestral\/#primaryimage\"},\"image\":{\"@id\":\"https:\/\/www.suno.com.br\/noticias\/m-dias-branco-mdia3-ve-lucro-subir-8487-na-comparacao-trimestral\/#primaryimage\"},\"thumbnailUrl\":\"https:\/\/files.sunoresearch.com.br\/n\/uploads\/2021\/04\/ca82b015-m-dias-branco-aeea9e57-5d93-434b-a919-cb5bcecb9d8d-jpeg.webp\",\"datePublished\":\"2021-08-06T21:43:36+00:00\",\"dateModified\":\"2021-08-07T02:25:48+00:00\",\"description\":\"A M. Dias Branco (MDIA3) divulgou nessa sexta-feira (6) seus resultados no segundo trimestre desse ano. Clique aqui para saber mais!\",\"breadcrumb\":{\"@id\":\"https:\/\/www.suno.com.br\/noticias\/m-dias-branco-mdia3-ve-lucro-subir-8487-na-comparacao-trimestral\/#breadcrumb\"},\"inLanguage\":\"pt-BR\",\"potentialAction\":[{\"@type\":\"ReadAction\",\"target\":[\"https:\/\/www.suno.com.br\/noticias\/m-dias-branco-mdia3-ve-lucro-subir-8487-na-comparacao-trimestral\/\"]}]},{\"@type\":\"ImageObject\",\"inLanguage\":\"pt-BR\",\"@id\":\"https:\/\/www.suno.com.br\/noticias\/m-dias-branco-mdia3-ve-lucro-subir-8487-na-comparacao-trimestral\/#primaryimage\",\"url\":\"https:\/\/files.sunoresearch.com.br\/n\/uploads\/2021\/04\/ca82b015-m-dias-branco-aeea9e57-5d93-434b-a919-cb5bcecb9d8d-jpeg.webp\",\"contentUrl\":\"https:\/\/files.sunoresearch.com.br\/n\/uploads\/2021\/04\/ca82b015-m-dias-branco-aeea9e57-5d93-434b-a919-cb5bcecb9d8d-jpeg.webp\",\"width\":1280,\"height\":720,\"caption\":\"M. Dias Branco. Foto: Reprodu\u00e7\u00e3o Site\"},{\"@type\":\"BreadcrumbList\",\"@id\":\"https:\/\/www.suno.com.br\/noticias\/m-dias-branco-mdia3-ve-lucro-subir-8487-na-comparacao-trimestral\/#breadcrumb\",\"itemListElement\":[{\"@type\":\"ListItem\",\"position\":1,\"name\":\"Not\u00edcias\",\"item\":\"https:\/\/www.suno.com.br\/noticias\/\"},{\"@type\":\"ListItem\",\"position\":2,\"name\":\"Neg\u00f3cios\",\"item\":\"https:\/\/www.suno.com.br\/noticias\/negocios\/\"},{\"@type\":\"ListItem\",\"position\":3,\"name\":\"M. Dias Branco (MDIA3) v\u00ea lucro subir 848,7% na compara\u00e7\u00e3o trimestral\"}]},{\"@type\":\"WebSite\",\"@id\":\"https:\/\/www.suno.com.br\/noticias\/#website\",\"url\":\"https:\/\/www.suno.com.br\/noticias\/\",\"name\":\"Suno Not\u00edcias\",\"description\":\"Seu portal de informa\u00e7\u00e3o sobre o mundo dos investimentos\",\"publisher\":{\"@id\":\"https:\/\/www.suno.com.br\/noticias\/#organization\"},\"potentialAction\":[{\"@type\":\"SearchAction\",\"target\":{\"@type\":\"EntryPoint\",\"urlTemplate\":\"https:\/\/www.suno.com.br\/noticias\/?s={search_term_string}\"},\"query-input\":{\"@type\":\"PropertyValueSpecification\",\"valueRequired\":true,\"valueName\":\"search_term_string\"}}],\"inLanguage\":\"pt-BR\"},{\"@type\":\"Organization\",\"@id\":\"https:\/\/www.suno.com.br\/noticias\/#organization\",\"name\":\"Suno Not\u00edcias\",\"url\":\"https:\/\/www.suno.com.br\/noticias\/\",\"logo\":{\"@type\":\"ImageObject\",\"inLanguage\":\"pt-BR\",\"@id\":\"https:\/\/www.suno.com.br\/noticias\/#\/schema\/logo\/image\/\",\"url\":\"https:\/\/files.sunoresearch.com.br\/n\/uploads\/2021\/09\/suno-logo.png\",\"contentUrl\":\"https:\/\/files.sunoresearch.com.br\/n\/uploads\/2021\/09\/suno-logo.png\",\"width\":180,\"height\":180,\"caption\":\"Suno Not\u00edcias\"},\"image\":{\"@id\":\"https:\/\/www.suno.com.br\/noticias\/#\/schema\/logo\/image\/\"},\"sameAs\":[\"https:\/\/facebook.com\/sunoresearch\",\"https:\/\/x.com\/sunoresearch\",\"https:\/\/www.instagram.com\/suno\",\"https:\/\/www.linkedin.com\/company\/suno-research\/\",\"https:\/\/www.youtube.com\/c\/sunoresearch\"]},{\"@type\":\"Person\",\"@id\":\"https:\/\/www.suno.com.br\/noticias\/#\/schema\/person\/3df0d2808748b74496efe5dbeaef2c72\",\"name\":\"Laura Moutinho\",\"image\":{\"@type\":\"ImageObject\",\"inLanguage\":\"pt-BR\",\"@id\":\"https:\/\/www.suno.com.br\/noticias\/#\/schema\/person\/image\/\",\"url\":\"https:\/\/secure.gravatar.com\/avatar\/7571c7c8ca3a6fca5e41384ece5557ff?s=96&r=g\",\"contentUrl\":\"https:\/\/secure.gravatar.com\/avatar\/7571c7c8ca3a6fca5e41384ece5557ff?s=96&r=g\",\"caption\":\"Laura Moutinho\"},\"description\":\"Estagi\u00e1ria na Suno Not\u00edcias, escreve not\u00edcias que afetam o mercado financeiro. Estuda administra\u00e7\u00e3o na Universidade Presbiteriana Mackenzie.\",\"url\":\"https:\/\/www.suno.com.br\/noticias\/author\/laura-moutinho\/\"}]}<\/script>\n<!-- \/ Yoast SEO plugin. -->","yoast_head_json":{"title":"M. Dias Branco (MDIA3) v\u00ea lucro subir 848,7% na compara\u00e7\u00e3o trimestral","description":"A M. Dias Branco (MDIA3) divulgou nessa sexta-feira (6) seus resultados no segundo trimestre desse ano. Clique aqui para saber mais!","robots":{"index":"index","follow":"follow","max-snippet":"max-snippet:-1","max-image-preview":"max-image-preview:large","max-video-preview":"max-video-preview:-1"},"canonical":"https:\/\/www.suno.com.br\/noticias\/m-dias-branco-mdia3-ve-lucro-subir-8487-na-comparacao-trimestral\/","og_locale":"pt_BR","og_type":"article","og_title":"M. Dias Branco (MDIA3) v\u00ea lucro subir 848,7% na compara\u00e7\u00e3o trimestral","og_description":"A M. Dias Branco (MDIA3) divulgou nessa sexta-feira (6) seus resultados no segundo trimestre desse ano. Clique aqui para saber mais!","og_url":"https:\/\/www.suno.com.br\/noticias\/m-dias-branco-mdia3-ve-lucro-subir-8487-na-comparacao-trimestral\/","og_site_name":"Suno Not\u00edcias","article_publisher":"https:\/\/facebook.com\/sunoresearch","og_image":[{"width":1280,"height":720,"url":"https:\/\/files.sunoresearch.com.br\/n\/uploads\/2021\/04\/ca82b015-m-dias-branco-aeea9e57-5d93-434b-a919-cb5bcecb9d8d.jpeg","type":"image\/jpeg"}],"author":"Laura Moutinho","twitter_card":"summary_large_image","twitter_creator":"@sunoresearch","twitter_site":"@sunoresearch","twitter_misc":{"Escrito por":"Laura Moutinho","Est. tempo de leitura":"2 minutos"},"schema":{"@context":"https:\/\/schema.org","@graph":[{"@type":"NewsArticle","@id":"https:\/\/www.suno.com.br\/noticias\/m-dias-branco-mdia3-ve-lucro-subir-8487-na-comparacao-trimestral\/#article","isPartOf":{"@id":"https:\/\/www.suno.com.br\/noticias\/m-dias-branco-mdia3-ve-lucro-subir-8487-na-comparacao-trimestral\/"},"author":{"name":"Laura Moutinho","@id":"https:\/\/www.suno.com.br\/noticias\/#\/schema\/person\/3df0d2808748b74496efe5dbeaef2c72"},"headline":"M. Dias Branco (MDIA3) v\u00ea lucro subir 848,7% na compara\u00e7\u00e3o trimestral","datePublished":"2021-08-06T21:43:36+00:00","dateModified":"2021-08-07T02:25:48+00:00","mainEntityOfPage":{"@id":"https:\/\/www.suno.com.br\/noticias\/m-dias-branco-mdia3-ve-lucro-subir-8487-na-comparacao-trimestral\/"},"wordCount":438,"publisher":{"@id":"https:\/\/www.suno.com.br\/noticias\/#organization"},"image":{"@id":"https:\/\/www.suno.com.br\/noticias\/m-dias-branco-mdia3-ve-lucro-subir-8487-na-comparacao-trimestral\/#primaryimage"},"thumbnailUrl":"https:\/\/files.sunoresearch.com.br\/n\/uploads\/2021\/04\/ca82b015-m-dias-branco-aeea9e57-5d93-434b-a919-cb5bcecb9d8d-jpeg.webp","keywords":["balan\u00e7os trimestrais","M.Dias Branco (MDIA3)"],"articleSection":["Neg\u00f3cios"],"inLanguage":"pt-BR"},{"@type":"WebPage","@id":"https:\/\/www.suno.com.br\/noticias\/m-dias-branco-mdia3-ve-lucro-subir-8487-na-comparacao-trimestral\/","url":"https:\/\/www.suno.com.br\/noticias\/m-dias-branco-mdia3-ve-lucro-subir-8487-na-comparacao-trimestral\/","name":"M. Dias Branco (MDIA3) v\u00ea lucro subir 848,7% na compara\u00e7\u00e3o trimestral","isPartOf":{"@id":"https:\/\/www.suno.com.br\/noticias\/#website"},"primaryImageOfPage":{"@id":"https:\/\/www.suno.com.br\/noticias\/m-dias-branco-mdia3-ve-lucro-subir-8487-na-comparacao-trimestral\/#primaryimage"},"image":{"@id":"https:\/\/www.suno.com.br\/noticias\/m-dias-branco-mdia3-ve-lucro-subir-8487-na-comparacao-trimestral\/#primaryimage"},"thumbnailUrl":"https:\/\/files.sunoresearch.com.br\/n\/uploads\/2021\/04\/ca82b015-m-dias-branco-aeea9e57-5d93-434b-a919-cb5bcecb9d8d-jpeg.webp","datePublished":"2021-08-06T21:43:36+00:00","dateModified":"2021-08-07T02:25:48+00:00","description":"A M. Dias Branco (MDIA3) divulgou nessa sexta-feira (6) seus resultados no segundo trimestre desse ano. Clique aqui para saber mais!","breadcrumb":{"@id":"https:\/\/www.suno.com.br\/noticias\/m-dias-branco-mdia3-ve-lucro-subir-8487-na-comparacao-trimestral\/#breadcrumb"},"inLanguage":"pt-BR","potentialAction":[{"@type":"ReadAction","target":["https:\/\/www.suno.com.br\/noticias\/m-dias-branco-mdia3-ve-lucro-subir-8487-na-comparacao-trimestral\/"]}]},{"@type":"ImageObject","inLanguage":"pt-BR","@id":"https:\/\/www.suno.com.br\/noticias\/m-dias-branco-mdia3-ve-lucro-subir-8487-na-comparacao-trimestral\/#primaryimage","url":"https:\/\/files.sunoresearch.com.br\/n\/uploads\/2021\/04\/ca82b015-m-dias-branco-aeea9e57-5d93-434b-a919-cb5bcecb9d8d-jpeg.webp","contentUrl":"https:\/\/files.sunoresearch.com.br\/n\/uploads\/2021\/04\/ca82b015-m-dias-branco-aeea9e57-5d93-434b-a919-cb5bcecb9d8d-jpeg.webp","width":1280,"height":720,"caption":"M. Dias Branco. Foto: Reprodu\u00e7\u00e3o Site"},{"@type":"BreadcrumbList","@id":"https:\/\/www.suno.com.br\/noticias\/m-dias-branco-mdia3-ve-lucro-subir-8487-na-comparacao-trimestral\/#breadcrumb","itemListElement":[{"@type":"ListItem","position":1,"name":"Not\u00edcias","item":"https:\/\/www.suno.com.br\/noticias\/"},{"@type":"ListItem","position":2,"name":"Neg\u00f3cios","item":"https:\/\/www.suno.com.br\/noticias\/negocios\/"},{"@type":"ListItem","position":3,"name":"M. Dias Branco (MDIA3) v\u00ea lucro subir 848,7% na compara\u00e7\u00e3o trimestral"}]},{"@type":"WebSite","@id":"https:\/\/www.suno.com.br\/noticias\/#website","url":"https:\/\/www.suno.com.br\/noticias\/","name":"Suno Not\u00edcias","description":"Seu portal de informa\u00e7\u00e3o sobre o mundo dos investimentos","publisher":{"@id":"https:\/\/www.suno.com.br\/noticias\/#organization"},"potentialAction":[{"@type":"SearchAction","target":{"@type":"EntryPoint","urlTemplate":"https:\/\/www.suno.com.br\/noticias\/?s={search_term_string}"},"query-input":{"@type":"PropertyValueSpecification","valueRequired":true,"valueName":"search_term_string"}}],"inLanguage":"pt-BR"},{"@type":"Organization","@id":"https:\/\/www.suno.com.br\/noticias\/#organization","name":"Suno Not\u00edcias","url":"https:\/\/www.suno.com.br\/noticias\/","logo":{"@type":"ImageObject","inLanguage":"pt-BR","@id":"https:\/\/www.suno.com.br\/noticias\/#\/schema\/logo\/image\/","url":"https:\/\/files.sunoresearch.com.br\/n\/uploads\/2021\/09\/suno-logo.png","contentUrl":"https:\/\/files.sunoresearch.com.br\/n\/uploads\/2021\/09\/suno-logo.png","width":180,"height":180,"caption":"Suno Not\u00edcias"},"image":{"@id":"https:\/\/www.suno.com.br\/noticias\/#\/schema\/logo\/image\/"},"sameAs":["https:\/\/facebook.com\/sunoresearch","https:\/\/x.com\/sunoresearch","https:\/\/www.instagram.com\/suno","https:\/\/www.linkedin.com\/company\/suno-research\/","https:\/\/www.youtube.com\/c\/sunoresearch"]},{"@type":"Person","@id":"https:\/\/www.suno.com.br\/noticias\/#\/schema\/person\/3df0d2808748b74496efe5dbeaef2c72","name":"Laura Moutinho","image":{"@type":"ImageObject","inLanguage":"pt-BR","@id":"https:\/\/www.suno.com.br\/noticias\/#\/schema\/person\/image\/","url":"https:\/\/secure.gravatar.com\/avatar\/7571c7c8ca3a6fca5e41384ece5557ff?s=96&r=g","contentUrl":"https:\/\/secure.gravatar.com\/avatar\/7571c7c8ca3a6fca5e41384ece5557ff?s=96&r=g","caption":"Laura Moutinho"},"description":"Estagi\u00e1ria na Suno Not\u00edcias, escreve not\u00edcias que afetam o mercado financeiro. Estuda administra\u00e7\u00e3o na Universidade Presbiteriana Mackenzie.","url":"https:\/\/www.suno.com.br\/noticias\/author\/laura-moutinho\/"}]}},"default_loop_html":"<div class=\"cardsPage__listCard__boxs\"><div class=\"cardsPage__listCard__boxs__img\"><a href=\"https:\/\/www.suno.com.br\/noticias\/m-dias-branco-mdia3-ve-lucro-subir-8487-na-comparacao-trimestral\/\"><img class=\"mask\" src=\"https:\/\/www.suno.com.br\/noticias\/wp-content\/themes\/suno\/resources\/images\/spotlight\/spotlight1img\/bg-mask.png\" alt=\"Image Mask\"\/><img src=\"https:\/\/files.sunoresearch.com.br\/n\/uploads\/2021\/04\/ca82b015-m-dias-branco-aeea9e57-5d93-434b-a919-cb5bcecb9d8d-400x200.webp\" alt=\"M. Dias Branco (MDIA3) v\u00ea lucro subir 848,7% na compara\u00e7\u00e3o trimestral\"\/><\/a><span class=\"spotlightCategory\"><a href=\"https:\/\/www.suno.com.br\/noticias\/negocios\/\">Neg\u00f3cios<\/a><\/span><\/div><div class=\"cardsPage__listCard__boxs__content\"><a href=\"https:\/\/www.suno.com.br\/noticias\/m-dias-branco-mdia3-ve-lucro-subir-8487-na-comparacao-trimestral\/\"><h2 class=\"content__title\">M. Dias Branco (MDIA3) v\u00ea lucro subir 848,7% na compara\u00e7\u00e3o trimestral<\/h2><\/a><div class=\"newsContent__article__meta\"><div class=\"newsContent__article__meta__authorBox\"><a href=\"https:\/\/www.suno.com.br\/noticias\/author\/laura-moutinho\/\" class=\"authorBox__avatar noMobi\"><img src=\"https:\/\/files.sunoresearch.com.br\/n\/uploads\/2020\/08\/531ff69d-whatsapp-image-2020-08-03-at-14.54.38-150x150.webp\" alt=\"Laura Moutinho\"><\/a><div class=\"authorBox__name\"><span>por\n\t\t\t<a href=\"https:\/\/www.suno.com.br\/noticias\/author\/laura-moutinho\/\"><span itemprop=\"author\">Laura Moutinho<\/span><\/a><\/span><time datetime=\"2021-08-06T18:43:36-03:00\" itemprop=\"datePublished\">06\/08\/2021 18:43<\/time><\/div><\/div><\/div><\/div><\/div>","single_layout":"posts","amp_enabled":true,"_links":{"self":[{"href":"https:\/\/www.suno.com.br\/noticias\/wp-json\/wp\/v2\/posts\/173114"}],"collection":[{"href":"https:\/\/www.suno.com.br\/noticias\/wp-json\/wp\/v2\/posts"}],"about":[{"href":"https:\/\/www.suno.com.br\/noticias\/wp-json\/wp\/v2\/types\/post"}],"author":[{"embeddable":true,"href":"https:\/\/www.suno.com.br\/noticias\/wp-json\/wp\/v2\/users\/39"}],"replies":[{"embeddable":true,"href":"https:\/\/www.suno.com.br\/noticias\/wp-json\/wp\/v2\/comments?post=173114"}],"version-history":[{"count":3,"href":"https:\/\/www.suno.com.br\/noticias\/wp-json\/wp\/v2\/posts\/173114\/revisions"}],"predecessor-version":[{"id":173191,"href":"https:\/\/www.suno.com.br\/noticias\/wp-json\/wp\/v2\/posts\/173114\/revisions\/173191"}],"wp:featuredmedia":[{"embeddable":true,"href":"https:\/\/www.suno.com.br\/noticias\/wp-json\/wp\/v2\/media\/136566"}],"wp:attachment":[{"href":"https:\/\/www.suno.com.br\/noticias\/wp-json\/wp\/v2\/media?parent=173114"}],"wp:term":[{"taxonomy":"category","embeddable":true,"href":"https:\/\/www.suno.com.br\/noticias\/wp-json\/wp\/v2\/categories?post=173114"},{"taxonomy":"post_tag","embeddable":true,"href":"https:\/\/www.suno.com.br\/noticias\/wp-json\/wp\/v2\/tags?post=173114"},{"taxonomy":"suno_strategy","embeddable":true,"href":"https:\/\/www.suno.com.br\/noticias\/wp-json\/wp\/v2\/suno_strategy?post=173114"}],"curies":[{"name":"wp","href":"https:\/\/api.w.org\/{rel}","templated":true}]}}