{"id":17309,"date":"2019-03-07T14:27:41","date_gmt":"2019-03-07T17:27:41","guid":{"rendered":"https:\/\/www.suno.com.br\/noticias\/?p=17309"},"modified":"2019-03-07T14:43:13","modified_gmt":"2019-03-07T17:43:13","slug":"governo-brasil-sancoes-decreto-maduro-venezuela","status":"publish","type":"post","link":"https:\/\/www.suno.com.br\/noticias\/governo-brasil-sancoes-decreto-maduro-venezuela\/","title":{"rendered":"Governo Bolsonaro elabora decreto a fim de impor san\u00e7\u00f5es a Maduro"},"content":{"rendered":"<p>O <strong>governo<\/strong> do presidente da Rep\u00fablica, <strong>Jair Bolsonaro<\/strong>, trabalha na elabora\u00e7\u00e3o de um <strong>decreto<\/strong> ou <strong>projeto de lei<\/strong> que torne autom\u00e1tica a aplica\u00e7\u00e3o de<strong> san\u00e7\u00f5es<\/strong> ao atual governo da <strong>Venezuela<\/strong>, de Nicol\u00e1s Maduro. As informa\u00e7\u00f5es s\u00e3o do jornal &#8220;O Globo&#8221;.<\/p>\t<div class=\"wrapper-featured-image\">\n\t\t<figure class=\"spotlightImg\">\n\n\t\t\t<picture>\n\t\t\t\t<source media=\"(max-width: 768px)\" srcset=\"https:\/\/files.sunoresearch.com.br\/n\/uploads\/2018\/12\/3e42a83f-bolsonaro-400x200.webp\">\n\t\t\t\t<img loading=\"lazy\" decoding=\"async\" class=\"newsContent__article__imgCapa lazyloadDisabled newsContent__article__imgCapa--noCaption\" src=\"https:\/\/files.sunoresearch.com.br\/n\/uploads\/2018\/12\/3e42a83f-bolsonaro-800x450.webp\" width=\"800\" height=\"450\" alt=\"Governo Bolsonaro elabora decreto a fim de impor san\u00e7\u00f5es a Maduro\" fetchpriority=high \/>\n\t\t\t<\/picture>\n\n\t\t\t<figcaption class=\"wp-caption-text wp-caption-text--hide\">Governo Bolsonaro<\/figcaption>\n\t\t<\/figure>\n\t<\/div>\n\n\n<p>A exemplo das <strong>san\u00e7\u00f5es<\/strong> ao governo\u00a0<strong>Maduro<\/strong>, est\u00e3o o bloqueio de bens de pessoas f\u00edsicas e empresas que mant\u00e9m rela\u00e7\u00f5es com o atual regime da <strong>Venezuela<\/strong>.<\/p>\n<p>Segundo fontes da \u00e1rea diplom\u00e1tica ao &#8220;O Globo&#8221;, a medida \u00e9 necess\u00e1ria devido \u00e0<strong> legisla\u00e7\u00e3o nacional<\/strong>. Na atualidade, <strong>medidas punitivas<\/strong> decorrem somente de decis\u00f5es tomadas pelo <strong>Conselho de Seguran\u00e7a das Na\u00e7\u00f5es Unidas<\/strong>.<\/p>\n<p>Existem<strong> tratados internacionais<\/strong> que permitem punir casos de <strong>corrup\u00e7\u00e3o<\/strong>, <strong>lavagem de dinheiro<\/strong>, <strong>narcotr\u00e1fico<\/strong>, dentre outras <strong>pr\u00e1ticas il\u00edcitas<\/strong>. Isto ocorre por meio de <strong>coopera\u00e7\u00e3o jur\u00eddica<\/strong> entre pa\u00edses.<\/p>\n<p>H\u00e1 a possibilidade de um<strong> tratado internacional<\/strong>, em par\u00e2metro similar, entre o <strong>Brasil<\/strong> e a <strong>Venezuela<\/strong>. A ideia vem sendo discutida pelos ju\u00edzes do Tribunal Supremo de Justi\u00e7a venezuelano, no ex\u00edlio.<\/p>\n<p>Tal tribunal \u00e9 controlado pela <strong>oposi\u00e7\u00e3o<\/strong> do l\u00edder <strong>Nicol\u00e1s Maduro<\/strong>, e <strong>n\u00e3o \u00e9 reconhecido<\/strong> pelo governo do ditador.<\/p>\n<p>Quanto \u00e0s medidas de curto prazo, o<strong> governo Bolsonaro\u00a0<\/strong>poder\u00e1 adotar <strong>uma lista de cidad\u00e3os proibidos<\/strong> de entrar no Brasil. A proibi\u00e7\u00e3o ser\u00e1 devida ao v\u00ednculo com o governo de <strong>Nicol\u00e1s Maduro<\/strong>.<\/p>\n<p>A medida j\u00e1 foi adotada por outros pa\u00edses, e a<strong> rela\u00e7\u00e3o de pessoas<\/strong> est\u00e1 em <strong>fase de elabora\u00e7\u00e3o<\/strong> pelo governo brasileiro.<\/p>\n<p><a href=\"https:\/\/www.suno.com.br\/noticias\/bolsonar-democracia-forcas-armadas\/\">Saiba mais &#8211;\u00a0Bolsonaro diz que \u2018democracia s\u00f3 existe se For\u00e7as Armadas quiserem\u2019<\/a><\/p>\n<h2>Juan Guaid\u00f3<\/h2>\n<p>O l\u00edder da oposi\u00e7\u00e3o, <strong>Juan Guaid\u00f3<\/strong>, autodeclarou-se <strong>presidente interino da Venezuela<\/strong> em 23 de janeiro de 2019.<\/p>\n<p><strong>Juan Guaid\u00f3<\/strong> \u00e9 deputado pelo <strong>Partido Vontade Popular<\/strong>, e\u00a0\u00e9 l\u00edder\u00a0da <strong>Assembleia Nacional da Venezuela.<\/strong><\/p>\n<p>Na pr\u00e1tica, a <strong>autodeclara\u00e7\u00e3o<\/strong> de Guaid\u00f3, enquanto l\u00edder do Parlamento, assume que o \u00f3rg\u00e3o julga como \u201cjuridicamente ineficaz\u201d a Presid\u00eancia exercida por<strong> Nicol\u00e1s Maduro<\/strong>.<\/p>\n<p><a href=\"https:\/\/www.suno.com.br\/noticias\/guaido-china-russia\/\">Saiba mais &#8211;\u00a0Guaid\u00f3 diz que troca de governo na Venezuela favorecer\u00e1 China e R\u00fassia<\/a><\/p>\n<p>Mandante do <strong>Partido Socialista Unido de Venezuela<\/strong> (PSUV), <strong>Maduro<\/strong> assumiu como presidente da <strong>Venezuela<\/strong> em 10 de janeiro.<\/p>\n<p>Com a <strong>autodeclara\u00e7\u00e3o<\/strong> de <strong>Guaid\u00f3<\/strong>, as portas abrem-se para que funcion\u00e1rios, policiais e integrantes das <strong>For\u00e7as Armadas<\/strong> possuam respaldo legal para desobedecer o regime de <strong>Maduro<\/strong>.<\/p>\n<p>Mais de 50 pa\u00edses, incluindo o <strong>Brasil<\/strong>, n\u00e3o legitimam a vit\u00f3ria de <strong>Maduro<\/strong> nas<strong> elei\u00e7\u00f5es presidenciais<\/strong>.<\/p>\n<p><a href=\"https:\/\/www.suno.com.br\/noticias\/guaido-volta-venezuela-liderar-protestos-maduro\/\">Saiba mais &#8211;\u00a0Guaid\u00f3 volta \u00e0 Venezuela par liderar protestos contra Maduro<\/a><\/p>\n<h2>Brics<\/h2>\n<p>Haver\u00e1 um encontro entre representantes dos <strong>Brics (Brasil, R\u00fassia, India e China e \u00c1frica do Sul)<\/strong> na pr\u00f3xima semana, em <strong>Curitiba<\/strong>.<\/p>\n<p>O <strong>ministro das Rela\u00e7\u00f5es Exteriores<\/strong>, Ernesto Ara\u00fajo, aproveitar\u00e1 a reuni\u00e3o para tentar <strong>convencer<\/strong> os integrantes do bloco a <strong>retirarem<\/strong>\u00a0o apoio a <strong>Maduro<\/strong>.<\/p>\n<p>O\u00a0<strong>Brasil<\/strong> \u00e9 contra o governo bolivariano de <strong>Nicol\u00e1s Maduro<\/strong>. Contudo\u00a0os demais pa\u00edses, \u00e0 exce\u00e7\u00e3o da \u00cdndia, recusam-se a reconhecer <strong>Juan Guaid\u00f3<\/strong> como<strong> presidente interino<\/strong> da Venezuela.\u00a0A <strong>R\u00fassia<\/strong> e a <strong>China<\/strong> s\u00e3o os principais credores do pa\u00eds.<\/p>\n<p><a href=\"https:\/\/www.suno.com.br\/noticias\/exercito-venezuela-confronto-brasil\/\">Saiba mais &#8211;\u00a0Ex\u00e9rcito e venezuelanos entram em confronto na fronteira do Brasil<\/a><\/p>\n<p>A <strong>\u00cdndia<\/strong>, que \u00e9 cliente do <strong>petr\u00f3leo venezuelano<\/strong>, n\u00e3o assumiu uma posi\u00e7\u00e3o no conflito.<\/p>\n<p>De acordo com a apura\u00e7\u00e3o do jornal &#8220;O Globo&#8221;, o <strong>governo brasileiro<\/strong> demonstra <strong>otimismo<\/strong> quanto \u00e0 possibilidade de uma <strong>mudan\u00e7a de posi\u00e7\u00e3o<\/strong> da <strong>China<\/strong> e da <strong>R\u00fassia<\/strong>.<\/p>\n<p>Afinal, os chineses tem cobrado respostas relativas ao cumprimento de contratos firmados com<strong> Nicol\u00e1s Maduro<\/strong>. Por sua vez, o chanceler da R\u00fassia,\u00a0Sergei Lavrov, sinalizou que gostaria de dialogar com o\u00a0vice-presidente dos Estados Unidos, Mike Pence, acerca da situa\u00e7\u00e3o na Venezuela.<\/p>\n","protected":false},"excerpt":{"rendered":"<p>O governo do presidente da Rep\u00fablica, Jair Bolsonaro, trabalha na elabora\u00e7\u00e3o de um decreto ou projeto de lei que torne autom\u00e1tica a aplica\u00e7\u00e3o de san\u00e7\u00f5es ao atual governo da Venezuela, de Nicol\u00e1s Maduro. As informa\u00e7\u00f5es s\u00e3o do jornal &#8220;O Globo&#8221;. Governo Bolsonaro A exemplo das san\u00e7\u00f5es ao governo\u00a0Maduro, est\u00e3o o bloqueio de bens de pessoas [&hellip;]<\/p>\n","protected":false},"author":12,"featured_media":9066,"comment_status":"closed","ping_status":"closed","sticky":false,"template":"","format":"standard","meta":[],"categories":[61],"tags":[711,719,1125,805,866,804],"suno_strategy":[],"class_list":["post-17309","post","type-post","status-publish","format-standard","has-post-thumbnail","hentry","category-politica","tag-china","tag-jair-bolsonaro","tag-juan-guaido","tag-nicolas-maduro","tag-russia","tag-venezuela"],"yoast_head":"<!-- This site is optimized with the Yoast SEO plugin v24.4 - https:\/\/yoast.com\/wordpress\/plugins\/seo\/ -->\n<title>Governo Bolsonaro elabora decreto a fim de impor san\u00e7\u00f5es a Maduro<\/title>\n<meta name=\"description\" content=\"O governo trabalha na elabora\u00e7\u00e3o de um decreto que torne autom\u00e1tica a aplica\u00e7\u00e3o de san\u00e7\u00f5es ao governo Maduro. Clique para saber mais.\" \/>\n<meta name=\"robots\" content=\"index, follow, max-snippet:-1, max-image-preview:large, max-video-preview:-1\" \/>\n<link rel=\"canonical\" href=\"https:\/\/www.suno.com.br\/noticias\/governo-brasil-sancoes-decreto-maduro-venezuela\/\" \/>\n<meta property=\"og:locale\" content=\"pt_BR\" \/>\n<meta property=\"og:type\" content=\"article\" \/>\n<meta property=\"og:title\" content=\"Governo Bolsonaro elabora decreto a fim de impor san\u00e7\u00f5es a Maduro\" \/>\n<meta property=\"og:description\" content=\"O governo trabalha na elabora\u00e7\u00e3o de um decreto que torne autom\u00e1tica a aplica\u00e7\u00e3o de san\u00e7\u00f5es ao governo Maduro. Clique para saber mais.\" \/>\n<meta property=\"og:url\" content=\"https:\/\/www.suno.com.br\/noticias\/governo-brasil-sancoes-decreto-maduro-venezuela\/\" \/>\n<meta property=\"og:site_name\" content=\"Suno Not\u00edcias\" \/>\n<meta property=\"article:publisher\" content=\"https:\/\/facebook.com\/sunoresearch\" \/>\n<meta property=\"og:image\" content=\"https:\/\/files.sunoresearch.com.br\/n\/uploads\/2018\/12\/3e42a83f-bolsonaro.jpg\" \/>\n\t<meta property=\"og:image:width\" content=\"1140\" \/>\n\t<meta property=\"og:image:height\" content=\"760\" \/>\n\t<meta property=\"og:image:type\" content=\"image\/jpeg\" \/>\n<meta name=\"author\" content=\"Amanda Gushiken\" \/>\n<meta name=\"twitter:card\" content=\"summary_large_image\" \/>\n<meta name=\"twitter:creator\" content=\"@sunoresearch\" \/>\n<meta name=\"twitter:site\" content=\"@sunoresearch\" \/>\n<meta name=\"twitter:label1\" content=\"Escrito por\" \/>\n\t<meta name=\"twitter:data1\" content=\"Amanda Gushiken\" \/>\n\t<meta name=\"twitter:label2\" content=\"Est. tempo de leitura\" \/>\n\t<meta name=\"twitter:data2\" content=\"3 minutos\" \/>\n<script type=\"application\/ld+json\" class=\"yoast-schema-graph\">{\"@context\":\"https:\/\/schema.org\",\"@graph\":[{\"@type\":\"NewsArticle\",\"@id\":\"https:\/\/www.suno.com.br\/noticias\/governo-brasil-sancoes-decreto-maduro-venezuela\/#article\",\"isPartOf\":{\"@id\":\"https:\/\/www.suno.com.br\/noticias\/governo-brasil-sancoes-decreto-maduro-venezuela\/\"},\"author\":{\"name\":\"Amanda Gushiken\",\"@id\":\"https:\/\/www.suno.com.br\/noticias\/#\/schema\/person\/a5b06fa4e879d8e8e119c6ed3cd630d1\"},\"headline\":\"Governo Bolsonaro elabora decreto a fim de impor san\u00e7\u00f5es a Maduro\",\"datePublished\":\"2019-03-07T17:27:41+00:00\",\"dateModified\":\"2019-03-07T17:43:13+00:00\",\"mainEntityOfPage\":{\"@id\":\"https:\/\/www.suno.com.br\/noticias\/governo-brasil-sancoes-decreto-maduro-venezuela\/\"},\"wordCount\":643,\"publisher\":{\"@id\":\"https:\/\/www.suno.com.br\/noticias\/#organization\"},\"image\":{\"@id\":\"https:\/\/www.suno.com.br\/noticias\/governo-brasil-sancoes-decreto-maduro-venezuela\/#primaryimage\"},\"thumbnailUrl\":\"https:\/\/files.sunoresearch.com.br\/n\/uploads\/2018\/12\/3e42a83f-bolsonaro-jpg.webp\",\"keywords\":[\"China\",\"Jair Bolsonaro\",\"Juan Guaid\u00f3\",\"Nicol\u00e1s Maduro\",\"R\u00fassia\",\"Venezuela\"],\"articleSection\":[\"Pol\u00edtica\"],\"inLanguage\":\"pt-BR\"},{\"@type\":\"WebPage\",\"@id\":\"https:\/\/www.suno.com.br\/noticias\/governo-brasil-sancoes-decreto-maduro-venezuela\/\",\"url\":\"https:\/\/www.suno.com.br\/noticias\/governo-brasil-sancoes-decreto-maduro-venezuela\/\",\"name\":\"Governo Bolsonaro elabora decreto a fim de impor san\u00e7\u00f5es a Maduro\",\"isPartOf\":{\"@id\":\"https:\/\/www.suno.com.br\/noticias\/#website\"},\"primaryImageOfPage\":{\"@id\":\"https:\/\/www.suno.com.br\/noticias\/governo-brasil-sancoes-decreto-maduro-venezuela\/#primaryimage\"},\"image\":{\"@id\":\"https:\/\/www.suno.com.br\/noticias\/governo-brasil-sancoes-decreto-maduro-venezuela\/#primaryimage\"},\"thumbnailUrl\":\"https:\/\/files.sunoresearch.com.br\/n\/uploads\/2018\/12\/3e42a83f-bolsonaro-jpg.webp\",\"datePublished\":\"2019-03-07T17:27:41+00:00\",\"dateModified\":\"2019-03-07T17:43:13+00:00\",\"description\":\"O governo trabalha na elabora\u00e7\u00e3o de um decreto que torne autom\u00e1tica a aplica\u00e7\u00e3o de san\u00e7\u00f5es ao governo Maduro. Clique para saber mais.\",\"breadcrumb\":{\"@id\":\"https:\/\/www.suno.com.br\/noticias\/governo-brasil-sancoes-decreto-maduro-venezuela\/#breadcrumb\"},\"inLanguage\":\"pt-BR\",\"potentialAction\":[{\"@type\":\"ReadAction\",\"target\":[\"https:\/\/www.suno.com.br\/noticias\/governo-brasil-sancoes-decreto-maduro-venezuela\/\"]}]},{\"@type\":\"ImageObject\",\"inLanguage\":\"pt-BR\",\"@id\":\"https:\/\/www.suno.com.br\/noticias\/governo-brasil-sancoes-decreto-maduro-venezuela\/#primaryimage\",\"url\":\"https:\/\/files.sunoresearch.com.br\/n\/uploads\/2018\/12\/3e42a83f-bolsonaro-jpg.webp\",\"contentUrl\":\"https:\/\/files.sunoresearch.com.br\/n\/uploads\/2018\/12\/3e42a83f-bolsonaro-jpg.webp\",\"width\":1140,\"height\":760,\"caption\":\"Governo Bolsonaro\"},{\"@type\":\"BreadcrumbList\",\"@id\":\"https:\/\/www.suno.com.br\/noticias\/governo-brasil-sancoes-decreto-maduro-venezuela\/#breadcrumb\",\"itemListElement\":[{\"@type\":\"ListItem\",\"position\":1,\"name\":\"Not\u00edcias\",\"item\":\"https:\/\/www.suno.com.br\/noticias\/\"},{\"@type\":\"ListItem\",\"position\":2,\"name\":\"Pol\u00edtica\",\"item\":\"https:\/\/www.suno.com.br\/noticias\/politica\/\"},{\"@type\":\"ListItem\",\"position\":3,\"name\":\"Governo Bolsonaro elabora decreto a fim de impor san\u00e7\u00f5es a Maduro\"}]},{\"@type\":\"WebSite\",\"@id\":\"https:\/\/www.suno.com.br\/noticias\/#website\",\"url\":\"https:\/\/www.suno.com.br\/noticias\/\",\"name\":\"Suno Not\u00edcias\",\"description\":\"Seu portal de informa\u00e7\u00e3o sobre o mundo dos investimentos\",\"publisher\":{\"@id\":\"https:\/\/www.suno.com.br\/noticias\/#organization\"},\"potentialAction\":[{\"@type\":\"SearchAction\",\"target\":{\"@type\":\"EntryPoint\",\"urlTemplate\":\"https:\/\/www.suno.com.br\/noticias\/?s={search_term_string}\"},\"query-input\":{\"@type\":\"PropertyValueSpecification\",\"valueRequired\":true,\"valueName\":\"search_term_string\"}}],\"inLanguage\":\"pt-BR\"},{\"@type\":\"Organization\",\"@id\":\"https:\/\/www.suno.com.br\/noticias\/#organization\",\"name\":\"Suno Not\u00edcias\",\"url\":\"https:\/\/www.suno.com.br\/noticias\/\",\"logo\":{\"@type\":\"ImageObject\",\"inLanguage\":\"pt-BR\",\"@id\":\"https:\/\/www.suno.com.br\/noticias\/#\/schema\/logo\/image\/\",\"url\":\"https:\/\/files.sunoresearch.com.br\/n\/uploads\/2021\/09\/suno-logo.png\",\"contentUrl\":\"https:\/\/files.sunoresearch.com.br\/n\/uploads\/2021\/09\/suno-logo.png\",\"width\":180,\"height\":180,\"caption\":\"Suno Not\u00edcias\"},\"image\":{\"@id\":\"https:\/\/www.suno.com.br\/noticias\/#\/schema\/logo\/image\/\"},\"sameAs\":[\"https:\/\/facebook.com\/sunoresearch\",\"https:\/\/x.com\/sunoresearch\",\"https:\/\/www.instagram.com\/suno\",\"https:\/\/www.linkedin.com\/company\/suno-research\/\",\"https:\/\/www.youtube.com\/c\/sunoresearch\"]},{\"@type\":\"Person\",\"@id\":\"https:\/\/www.suno.com.br\/noticias\/#\/schema\/person\/a5b06fa4e879d8e8e119c6ed3cd630d1\",\"name\":\"Amanda Gushiken\",\"image\":{\"@type\":\"ImageObject\",\"inLanguage\":\"pt-BR\",\"@id\":\"https:\/\/www.suno.com.br\/noticias\/#\/schema\/person\/image\/\",\"url\":\"https:\/\/secure.gravatar.com\/avatar\/ecd84705e6b65e3685ae80d725501fbe?s=96&r=g\",\"contentUrl\":\"https:\/\/secure.gravatar.com\/avatar\/ecd84705e6b65e3685ae80d725501fbe?s=96&r=g\",\"caption\":\"Amanda Gushiken\"},\"description\":\"Amanda Sayuri Gushiken escreve sobre finan\u00e7as e neg\u00f3cios para o portal Suno Not\u00edcias. Antes, trabalhou selecionando not\u00edcias da imprensa para clientes do mercado financeiro. Tamb\u00e9m desenvolveu pesquisa acad\u00eamica pela Universidade Anhembi Morumbi na \u00e1rea de Teorias da Comunica\u00e7\u00e3o e \u00e9 fot\u00f3grafa nas horas vagas.\",\"url\":\"https:\/\/www.suno.com.br\/noticias\/author\/amanda\/\"}]}<\/script>\n<!-- \/ Yoast SEO plugin. -->","yoast_head_json":{"title":"Governo Bolsonaro elabora decreto a fim de impor san\u00e7\u00f5es a Maduro","description":"O governo trabalha na elabora\u00e7\u00e3o de um decreto que torne autom\u00e1tica a aplica\u00e7\u00e3o de san\u00e7\u00f5es ao governo Maduro. Clique para saber mais.","robots":{"index":"index","follow":"follow","max-snippet":"max-snippet:-1","max-image-preview":"max-image-preview:large","max-video-preview":"max-video-preview:-1"},"canonical":"https:\/\/www.suno.com.br\/noticias\/governo-brasil-sancoes-decreto-maduro-venezuela\/","og_locale":"pt_BR","og_type":"article","og_title":"Governo Bolsonaro elabora decreto a fim de impor san\u00e7\u00f5es a Maduro","og_description":"O governo trabalha na elabora\u00e7\u00e3o de um decreto que torne autom\u00e1tica a aplica\u00e7\u00e3o de san\u00e7\u00f5es ao governo Maduro. Clique para saber mais.","og_url":"https:\/\/www.suno.com.br\/noticias\/governo-brasil-sancoes-decreto-maduro-venezuela\/","og_site_name":"Suno Not\u00edcias","article_publisher":"https:\/\/facebook.com\/sunoresearch","og_image":[{"width":1140,"height":760,"url":"https:\/\/files.sunoresearch.com.br\/n\/uploads\/2018\/12\/3e42a83f-bolsonaro.jpg","type":"image\/jpeg"}],"author":"Amanda Gushiken","twitter_card":"summary_large_image","twitter_creator":"@sunoresearch","twitter_site":"@sunoresearch","twitter_misc":{"Escrito por":"Amanda Gushiken","Est. tempo de leitura":"3 minutos"},"schema":{"@context":"https:\/\/schema.org","@graph":[{"@type":"NewsArticle","@id":"https:\/\/www.suno.com.br\/noticias\/governo-brasil-sancoes-decreto-maduro-venezuela\/#article","isPartOf":{"@id":"https:\/\/www.suno.com.br\/noticias\/governo-brasil-sancoes-decreto-maduro-venezuela\/"},"author":{"name":"Amanda Gushiken","@id":"https:\/\/www.suno.com.br\/noticias\/#\/schema\/person\/a5b06fa4e879d8e8e119c6ed3cd630d1"},"headline":"Governo Bolsonaro elabora decreto a fim de impor san\u00e7\u00f5es a Maduro","datePublished":"2019-03-07T17:27:41+00:00","dateModified":"2019-03-07T17:43:13+00:00","mainEntityOfPage":{"@id":"https:\/\/www.suno.com.br\/noticias\/governo-brasil-sancoes-decreto-maduro-venezuela\/"},"wordCount":643,"publisher":{"@id":"https:\/\/www.suno.com.br\/noticias\/#organization"},"image":{"@id":"https:\/\/www.suno.com.br\/noticias\/governo-brasil-sancoes-decreto-maduro-venezuela\/#primaryimage"},"thumbnailUrl":"https:\/\/files.sunoresearch.com.br\/n\/uploads\/2018\/12\/3e42a83f-bolsonaro-jpg.webp","keywords":["China","Jair Bolsonaro","Juan Guaid\u00f3","Nicol\u00e1s Maduro","R\u00fassia","Venezuela"],"articleSection":["Pol\u00edtica"],"inLanguage":"pt-BR"},{"@type":"WebPage","@id":"https:\/\/www.suno.com.br\/noticias\/governo-brasil-sancoes-decreto-maduro-venezuela\/","url":"https:\/\/www.suno.com.br\/noticias\/governo-brasil-sancoes-decreto-maduro-venezuela\/","name":"Governo Bolsonaro elabora decreto a fim de impor san\u00e7\u00f5es a Maduro","isPartOf":{"@id":"https:\/\/www.suno.com.br\/noticias\/#website"},"primaryImageOfPage":{"@id":"https:\/\/www.suno.com.br\/noticias\/governo-brasil-sancoes-decreto-maduro-venezuela\/#primaryimage"},"image":{"@id":"https:\/\/www.suno.com.br\/noticias\/governo-brasil-sancoes-decreto-maduro-venezuela\/#primaryimage"},"thumbnailUrl":"https:\/\/files.sunoresearch.com.br\/n\/uploads\/2018\/12\/3e42a83f-bolsonaro-jpg.webp","datePublished":"2019-03-07T17:27:41+00:00","dateModified":"2019-03-07T17:43:13+00:00","description":"O governo trabalha na elabora\u00e7\u00e3o de um decreto que torne autom\u00e1tica a aplica\u00e7\u00e3o de san\u00e7\u00f5es ao governo Maduro. Clique para saber mais.","breadcrumb":{"@id":"https:\/\/www.suno.com.br\/noticias\/governo-brasil-sancoes-decreto-maduro-venezuela\/#breadcrumb"},"inLanguage":"pt-BR","potentialAction":[{"@type":"ReadAction","target":["https:\/\/www.suno.com.br\/noticias\/governo-brasil-sancoes-decreto-maduro-venezuela\/"]}]},{"@type":"ImageObject","inLanguage":"pt-BR","@id":"https:\/\/www.suno.com.br\/noticias\/governo-brasil-sancoes-decreto-maduro-venezuela\/#primaryimage","url":"https:\/\/files.sunoresearch.com.br\/n\/uploads\/2018\/12\/3e42a83f-bolsonaro-jpg.webp","contentUrl":"https:\/\/files.sunoresearch.com.br\/n\/uploads\/2018\/12\/3e42a83f-bolsonaro-jpg.webp","width":1140,"height":760,"caption":"Governo Bolsonaro"},{"@type":"BreadcrumbList","@id":"https:\/\/www.suno.com.br\/noticias\/governo-brasil-sancoes-decreto-maduro-venezuela\/#breadcrumb","itemListElement":[{"@type":"ListItem","position":1,"name":"Not\u00edcias","item":"https:\/\/www.suno.com.br\/noticias\/"},{"@type":"ListItem","position":2,"name":"Pol\u00edtica","item":"https:\/\/www.suno.com.br\/noticias\/politica\/"},{"@type":"ListItem","position":3,"name":"Governo Bolsonaro elabora decreto a fim de impor san\u00e7\u00f5es a Maduro"}]},{"@type":"WebSite","@id":"https:\/\/www.suno.com.br\/noticias\/#website","url":"https:\/\/www.suno.com.br\/noticias\/","name":"Suno Not\u00edcias","description":"Seu portal de informa\u00e7\u00e3o sobre o mundo dos investimentos","publisher":{"@id":"https:\/\/www.suno.com.br\/noticias\/#organization"},"potentialAction":[{"@type":"SearchAction","target":{"@type":"EntryPoint","urlTemplate":"https:\/\/www.suno.com.br\/noticias\/?s={search_term_string}"},"query-input":{"@type":"PropertyValueSpecification","valueRequired":true,"valueName":"search_term_string"}}],"inLanguage":"pt-BR"},{"@type":"Organization","@id":"https:\/\/www.suno.com.br\/noticias\/#organization","name":"Suno Not\u00edcias","url":"https:\/\/www.suno.com.br\/noticias\/","logo":{"@type":"ImageObject","inLanguage":"pt-BR","@id":"https:\/\/www.suno.com.br\/noticias\/#\/schema\/logo\/image\/","url":"https:\/\/files.sunoresearch.com.br\/n\/uploads\/2021\/09\/suno-logo.png","contentUrl":"https:\/\/files.sunoresearch.com.br\/n\/uploads\/2021\/09\/suno-logo.png","width":180,"height":180,"caption":"Suno Not\u00edcias"},"image":{"@id":"https:\/\/www.suno.com.br\/noticias\/#\/schema\/logo\/image\/"},"sameAs":["https:\/\/facebook.com\/sunoresearch","https:\/\/x.com\/sunoresearch","https:\/\/www.instagram.com\/suno","https:\/\/www.linkedin.com\/company\/suno-research\/","https:\/\/www.youtube.com\/c\/sunoresearch"]},{"@type":"Person","@id":"https:\/\/www.suno.com.br\/noticias\/#\/schema\/person\/a5b06fa4e879d8e8e119c6ed3cd630d1","name":"Amanda Gushiken","image":{"@type":"ImageObject","inLanguage":"pt-BR","@id":"https:\/\/www.suno.com.br\/noticias\/#\/schema\/person\/image\/","url":"https:\/\/secure.gravatar.com\/avatar\/ecd84705e6b65e3685ae80d725501fbe?s=96&r=g","contentUrl":"https:\/\/secure.gravatar.com\/avatar\/ecd84705e6b65e3685ae80d725501fbe?s=96&r=g","caption":"Amanda Gushiken"},"description":"Amanda Sayuri Gushiken escreve sobre finan\u00e7as e neg\u00f3cios para o portal Suno Not\u00edcias. Antes, trabalhou selecionando not\u00edcias da imprensa para clientes do mercado financeiro. Tamb\u00e9m desenvolveu pesquisa acad\u00eamica pela Universidade Anhembi Morumbi na \u00e1rea de Teorias da Comunica\u00e7\u00e3o e \u00e9 fot\u00f3grafa nas horas vagas.","url":"https:\/\/www.suno.com.br\/noticias\/author\/amanda\/"}]}},"default_loop_html":"<div class=\"cardsPage__listCard__boxs\"><div class=\"cardsPage__listCard__boxs__img\"><a href=\"https:\/\/www.suno.com.br\/noticias\/governo-brasil-sancoes-decreto-maduro-venezuela\/\"><img class=\"mask\" src=\"https:\/\/www.suno.com.br\/noticias\/wp-content\/themes\/suno\/resources\/images\/spotlight\/spotlight1img\/bg-mask.png\" alt=\"Image Mask\"\/><img src=\"https:\/\/files.sunoresearch.com.br\/n\/uploads\/2018\/12\/3e42a83f-bolsonaro-400x200.webp\" alt=\"Governo Bolsonaro elabora decreto a fim de impor san\u00e7\u00f5es a Maduro\"\/><\/a><span class=\"spotlightCategory\"><a href=\"https:\/\/www.suno.com.br\/noticias\/politica\/\">Pol\u00edtica<\/a><\/span><\/div><div class=\"cardsPage__listCard__boxs__content\"><a href=\"https:\/\/www.suno.com.br\/noticias\/governo-brasil-sancoes-decreto-maduro-venezuela\/\"><h2 class=\"content__title\">Governo Bolsonaro elabora decreto a fim de impor san\u00e7\u00f5es a Maduro<\/h2><\/a><div class=\"newsContent__article__meta\"><div class=\"newsContent__article__meta__authorBox\"><a href=\"https:\/\/www.suno.com.br\/noticias\/author\/amanda\/\" class=\"authorBox__avatar noMobi\"><img src=\"https:\/\/files.sunoresearch.com.br\/n\/uploads\/2018\/11\/c6ad30be-amanda-150x150.webp\" alt=\"Amanda Gushiken\"><\/a><div class=\"authorBox__name\"><span>por\n\t\t\t<a href=\"https:\/\/www.suno.com.br\/noticias\/author\/amanda\/\"><span itemprop=\"author\">Amanda Gushiken<\/span><\/a><\/span><time datetime=\"2019-03-07T14:27:41-03:00\" itemprop=\"datePublished\">07\/03\/2019 14:27<\/time><\/div><\/div><\/div><\/div><\/div>","single_layout":"posts","amp_enabled":true,"_links":{"self":[{"href":"https:\/\/www.suno.com.br\/noticias\/wp-json\/wp\/v2\/posts\/17309"}],"collection":[{"href":"https:\/\/www.suno.com.br\/noticias\/wp-json\/wp\/v2\/posts"}],"about":[{"href":"https:\/\/www.suno.com.br\/noticias\/wp-json\/wp\/v2\/types\/post"}],"author":[{"embeddable":true,"href":"https:\/\/www.suno.com.br\/noticias\/wp-json\/wp\/v2\/users\/12"}],"replies":[{"embeddable":true,"href":"https:\/\/www.suno.com.br\/noticias\/wp-json\/wp\/v2\/comments?post=17309"}],"version-history":[{"count":0,"href":"https:\/\/www.suno.com.br\/noticias\/wp-json\/wp\/v2\/posts\/17309\/revisions"}],"wp:featuredmedia":[{"embeddable":true,"href":"https:\/\/www.suno.com.br\/noticias\/wp-json\/wp\/v2\/media\/9066"}],"wp:attachment":[{"href":"https:\/\/www.suno.com.br\/noticias\/wp-json\/wp\/v2\/media?parent=17309"}],"wp:term":[{"taxonomy":"category","embeddable":true,"href":"https:\/\/www.suno.com.br\/noticias\/wp-json\/wp\/v2\/categories?post=17309"},{"taxonomy":"post_tag","embeddable":true,"href":"https:\/\/www.suno.com.br\/noticias\/wp-json\/wp\/v2\/tags?post=17309"},{"taxonomy":"suno_strategy","embeddable":true,"href":"https:\/\/www.suno.com.br\/noticias\/wp-json\/wp\/v2\/suno_strategy?post=17309"}],"curies":[{"name":"wp","href":"https:\/\/api.w.org\/{rel}","templated":true}]}}