{"id":17266,"date":"2019-03-06T19:23:18","date_gmt":"2019-03-06T22:23:18","guid":{"rendered":"https:\/\/www.suno.com.br\/noticias\/?p=17266"},"modified":"2019-03-06T19:23:18","modified_gmt":"2019-03-06T22:23:18","slug":"supermercados-alta-vendas-janeiro","status":"publish","type":"post","link":"https:\/\/www.suno.com.br\/noticias\/supermercados-alta-vendas-janeiro\/","title":{"rendered":"Supermercados registram alta de 2,95% nas vendas em janeiro"},"content":{"rendered":"<p>As vendas nos supermercados do Brasil aumentaram 2,95% em janeiro, na compara\u00e7\u00e3o com o mesmo m\u00eas de 2018. Em rela\u00e7\u00e3o a dezembro, no entanto, houve queda de 22%. A informa\u00e7\u00e3o \u00e9 da Associa\u00e7\u00e3o Brasileira de Supermercados (Abras), divulgada nesta quarta (6).<\/p>\t<div class=\"wrapper-featured-image\">\n\t\t<figure class=\"spotlightImg\">\n\n\t\t\t<picture>\n\t\t\t\t<source media=\"(max-width: 768px)\" srcset=\"https:\/\/files.sunoresearch.com.br\/n\/uploads\/2018\/11\/aed24a9f-supermercados-400x200.webp\">\n\t\t\t\t<img loading=\"lazy\" decoding=\"async\" class=\"newsContent__article__imgCapa lazyloadDisabled newsContent__article__imgCapa--noCaption\" src=\"https:\/\/files.sunoresearch.com.br\/n\/uploads\/2018\/11\/aed24a9f-supermercados-jpg.webp\" width=\"800\" height=\"450\" alt=\"Supermercados registram alta de 2,95% nas vendas em janeiro\" fetchpriority=high \/>\n\t\t\t<\/picture>\n\n\t\t\t<figcaption class=\"wp-caption-text wp-caption-text--hide\">Supermercados<\/figcaption>\n\t\t<\/figure>\n\t<\/div>\n\n\n<p>Ao longo de 2018, houve uma expans\u00e3o de 2,07% no setor de <strong>supermercados<\/strong> no Pa\u00eds. A estimativa para o <strong>crescimento<\/strong> das <strong>vendas<\/strong> em 2019 \u00e9 de 3%.<\/p>\n<p><a href=\"https:\/\/www.suno.com.br\/noticias\/setor-publico-superavit-primario-janeiro\/\">Saiba mais: Setor p\u00fablico registra super\u00e1vit prim\u00e1rio de R$ 46,9 bi em janeiro<\/a><\/p>\n<p>&#8220;Sabemos que a volta do <strong>consumo<\/strong> ser\u00e1 gradativa, mas estamos confiantes para os pr\u00f3ximos meses, e o resultado de <strong>janeiro<\/strong> \u00e9 um bom sinal e nos d\u00e1 um \u00e2nimo a mais para acreditar que 2019 ser\u00e1 um ano promissor para o <strong>setor&#8221;,<\/strong> afirmou o presidente da <strong>Abras,<\/strong> <strong>Jo\u00e3o Sanzovo Neto<\/strong>.<\/p>\n<p>Segundo a <strong>associa\u00e7\u00e3o,<\/strong> o <strong>pre\u00e7o<\/strong> da <strong>cesta<\/strong> dos 35 <strong>produtos mais consumidos<\/strong> nos <strong>supermercados<\/strong> em <strong>janeiro<\/strong> aumentou 3,2% no comparativo anual, chegando a R$ 465,57 em m\u00e9dia. A cesta inclui produtos como alimentos, cerveja, refrigerante, higiene, beleza e limpeza dom\u00e9stica.<\/p>\n<p><a href=\"https:\/\/www.suno.com.br\/noticias\/ibge-pib-do-brasil-cresce-2018\/\">Saiba mais: IBGE: PIB do Brasil cresce 1,1% em 2018<\/a><\/p>\n<h2>Infla\u00e7\u00e3o em janeiro<\/h2>\n<p>De acordo com o <strong>Instituto de Pesquisa Econ\u00f4mica Aplicada<\/strong> <strong>(Ipea)<\/strong>, o indicador de <strong>Infla\u00e7\u00e3o por Faixa de Renda<\/strong> mostrou que a infla\u00e7\u00e3o de janeiro para fam\u00edlias com <strong>renda mais baixa<\/strong> foi de 0,41% em janeiro. J\u00e1 o custo de vida das fam\u00edlias de <strong>alta renda<\/strong> aumentou 0,25%.<\/p>\n<p><a href=\"https:\/\/www.suno.com.br\/noticias\/copon-inflacao-confortavel\/\">Saiba mais: Copon: infla\u00e7\u00e3o est\u00e1 em n\u00edvel \u201cconfort\u00e1vel\u201d e proje\u00e7\u00f5es em linha com meta<\/a><\/p>\n<p>&#8220;Observa-se que a <strong>infla\u00e7\u00e3o<\/strong> das fam\u00edlias de menor poder aquisitivo (0,41%) foi 0,16 p.p. (ponto porcentual) maior que a observada nas classes mais ricas, influenciada, sobretudo, pelos aumentos dos pre\u00e7os dos alimentos, em especial cereais (4,4%), frutas (5,5%) e leites e derivados (1,1%), al\u00e9m dos reajustes das tarifas de \u00f4nibus urbano (2,7%), trem (2,7%) e metr\u00f4 (3,0%)&#8221; enumerou o Ipea, na Carta de Conjuntura que trata do indicador.<\/p>\n<p>No indicador, o <strong>Ipea<\/strong> divide em faixas de renda familiar as varia\u00e7\u00f5es de pre\u00e7os medidas pelo <strong>IPCA<\/strong>. Os grupos variam de R$ 1.566,24 por m\u00eas, no caso de fam\u00edlias de<strong> renda muito baixa<\/strong>, at\u00e9 acima de 15.662,44, que englobam fam\u00edlias com <strong>rendas mais altas<\/strong>.<\/p>\n<p><a href=\"https:\/\/www.suno.com.br\/noticias\/aluguel-residenciais-sobe-acima-inflacao\/\">Saiba mais:\u00a0Aluguel de im\u00f3veis residenciais sobe 0,41%; alta \u00e9 superior a infla\u00e7\u00e3o<\/a><\/p>\n<p>No acumulado de 12 meses, a <strong>taxa de infla\u00e7\u00e3o<\/strong> de janeiro deste ano ficou em 3,72% para fam\u00edlias de <strong>renda mais baixa<\/strong>. J\u00e1 a faixa de renda maior fechou em 3,81%. No total, o\u00a0<strong>IPCA<\/strong> foi de 3,78% durante o per\u00edodo.<\/p>\n","protected":false},"excerpt":{"rendered":"<p>As vendas nos supermercados do Brasil aumentaram 2,95% em janeiro, na compara\u00e7\u00e3o com o mesmo m\u00eas de 2018. Em rela\u00e7\u00e3o a dezembro, no entanto, houve queda de 22%. A informa\u00e7\u00e3o \u00e9 da Associa\u00e7\u00e3o Brasileira de Supermercados (Abras), divulgada nesta quarta (6). Supermercados Ao longo de 2018, houve uma expans\u00e3o de 2,07% no setor de supermercados [&hellip;]<\/p>\n","protected":false},"author":13,"featured_media":7628,"comment_status":"closed","ping_status":"closed","sticky":false,"template":"","format":"standard","meta":[],"categories":[62],"tags":[740,803],"suno_strategy":[],"class_list":["post-17266","post","type-post","status-publish","format-standard","has-post-thumbnail","hentry","category-economia","tag-economia","tag-varejo"],"yoast_head":"<!-- This site is optimized with the Yoast SEO plugin v24.4 - https:\/\/yoast.com\/wordpress\/plugins\/seo\/ -->\n<title>Supermercados registram alta de 2,95% nas vendas em janeiro<\/title>\n<meta name=\"description\" content=\"As vendas nos supermercados do Brasil aumentaram 2,95% em janeiro, na compara\u00e7\u00e3o com o mesmo m\u00eas de 2018. Clique para saber mais.\" \/>\n<meta name=\"robots\" content=\"index, follow, max-snippet:-1, max-image-preview:large, max-video-preview:-1\" \/>\n<link rel=\"canonical\" href=\"https:\/\/www.suno.com.br\/noticias\/supermercados-alta-vendas-janeiro\/\" \/>\n<meta property=\"og:locale\" content=\"pt_BR\" \/>\n<meta property=\"og:type\" content=\"article\" \/>\n<meta property=\"og:title\" content=\"Supermercados registram alta de 2,95% nas vendas em janeiro\" \/>\n<meta property=\"og:description\" content=\"As vendas nos supermercados do Brasil aumentaram 2,95% em janeiro, na compara\u00e7\u00e3o com o mesmo m\u00eas de 2018. Clique para saber mais.\" \/>\n<meta property=\"og:url\" content=\"https:\/\/www.suno.com.br\/noticias\/supermercados-alta-vendas-janeiro\/\" \/>\n<meta property=\"og:site_name\" content=\"Suno Not\u00edcias\" \/>\n<meta property=\"article:publisher\" content=\"https:\/\/facebook.com\/sunoresearch\" \/>\n<meta property=\"og:image\" content=\"https:\/\/files.sunoresearch.com.br\/n\/uploads\/2018\/11\/aed24a9f-supermercados.jpg\" \/>\n\t<meta property=\"og:image:width\" content=\"860\" \/>\n\t<meta property=\"og:image:height\" content=\"449\" \/>\n\t<meta property=\"og:image:type\" content=\"image\/jpeg\" \/>\n<meta name=\"author\" content=\"Guilherme Caetano\" \/>\n<meta name=\"twitter:card\" content=\"summary_large_image\" \/>\n<meta name=\"twitter:creator\" content=\"@sunoresearch\" \/>\n<meta name=\"twitter:site\" content=\"@sunoresearch\" \/>\n<meta name=\"twitter:label1\" content=\"Escrito por\" \/>\n\t<meta name=\"twitter:data1\" content=\"Guilherme Caetano\" \/>\n\t<meta name=\"twitter:label2\" content=\"Est. tempo de leitura\" \/>\n\t<meta name=\"twitter:data2\" content=\"2 minutos\" \/>\n<script type=\"application\/ld+json\" class=\"yoast-schema-graph\">{\"@context\":\"https:\/\/schema.org\",\"@graph\":[{\"@type\":\"NewsArticle\",\"@id\":\"https:\/\/www.suno.com.br\/noticias\/supermercados-alta-vendas-janeiro\/#article\",\"isPartOf\":{\"@id\":\"https:\/\/www.suno.com.br\/noticias\/supermercados-alta-vendas-janeiro\/\"},\"author\":{\"name\":\"Guilherme Caetano\",\"@id\":\"https:\/\/www.suno.com.br\/noticias\/#\/schema\/person\/0d0c9687cd2f600c564f25980c140de9\"},\"headline\":\"Supermercados registram alta de 2,95% nas vendas em janeiro\",\"datePublished\":\"2019-03-06T22:23:18+00:00\",\"mainEntityOfPage\":{\"@id\":\"https:\/\/www.suno.com.br\/noticias\/supermercados-alta-vendas-janeiro\/\"},\"wordCount\":424,\"publisher\":{\"@id\":\"https:\/\/www.suno.com.br\/noticias\/#organization\"},\"image\":{\"@id\":\"https:\/\/www.suno.com.br\/noticias\/supermercados-alta-vendas-janeiro\/#primaryimage\"},\"thumbnailUrl\":\"https:\/\/files.sunoresearch.com.br\/n\/uploads\/2018\/11\/aed24a9f-supermercados-jpg.webp\",\"keywords\":[\"Economia\",\"varejo\"],\"articleSection\":[\"Economia\"],\"inLanguage\":\"pt-BR\"},{\"@type\":\"WebPage\",\"@id\":\"https:\/\/www.suno.com.br\/noticias\/supermercados-alta-vendas-janeiro\/\",\"url\":\"https:\/\/www.suno.com.br\/noticias\/supermercados-alta-vendas-janeiro\/\",\"name\":\"Supermercados registram alta de 2,95% nas vendas em janeiro\",\"isPartOf\":{\"@id\":\"https:\/\/www.suno.com.br\/noticias\/#website\"},\"primaryImageOfPage\":{\"@id\":\"https:\/\/www.suno.com.br\/noticias\/supermercados-alta-vendas-janeiro\/#primaryimage\"},\"image\":{\"@id\":\"https:\/\/www.suno.com.br\/noticias\/supermercados-alta-vendas-janeiro\/#primaryimage\"},\"thumbnailUrl\":\"https:\/\/files.sunoresearch.com.br\/n\/uploads\/2018\/11\/aed24a9f-supermercados-jpg.webp\",\"datePublished\":\"2019-03-06T22:23:18+00:00\",\"description\":\"As vendas nos supermercados do Brasil aumentaram 2,95% em janeiro, na compara\u00e7\u00e3o com o mesmo m\u00eas de 2018. Clique para saber mais.\",\"breadcrumb\":{\"@id\":\"https:\/\/www.suno.com.br\/noticias\/supermercados-alta-vendas-janeiro\/#breadcrumb\"},\"inLanguage\":\"pt-BR\",\"potentialAction\":[{\"@type\":\"ReadAction\",\"target\":[\"https:\/\/www.suno.com.br\/noticias\/supermercados-alta-vendas-janeiro\/\"]}]},{\"@type\":\"ImageObject\",\"inLanguage\":\"pt-BR\",\"@id\":\"https:\/\/www.suno.com.br\/noticias\/supermercados-alta-vendas-janeiro\/#primaryimage\",\"url\":\"https:\/\/files.sunoresearch.com.br\/n\/uploads\/2018\/11\/aed24a9f-supermercados-jpg.webp\",\"contentUrl\":\"https:\/\/files.sunoresearch.com.br\/n\/uploads\/2018\/11\/aed24a9f-supermercados-jpg.webp\",\"width\":860,\"height\":449,\"caption\":\"Supermercados\"},{\"@type\":\"BreadcrumbList\",\"@id\":\"https:\/\/www.suno.com.br\/noticias\/supermercados-alta-vendas-janeiro\/#breadcrumb\",\"itemListElement\":[{\"@type\":\"ListItem\",\"position\":1,\"name\":\"Not\u00edcias\",\"item\":\"https:\/\/www.suno.com.br\/noticias\/\"},{\"@type\":\"ListItem\",\"position\":2,\"name\":\"Economia\",\"item\":\"https:\/\/www.suno.com.br\/noticias\/economia\/\"},{\"@type\":\"ListItem\",\"position\":3,\"name\":\"Supermercados registram alta de 2,95% nas vendas em janeiro\"}]},{\"@type\":\"WebSite\",\"@id\":\"https:\/\/www.suno.com.br\/noticias\/#website\",\"url\":\"https:\/\/www.suno.com.br\/noticias\/\",\"name\":\"Suno Not\u00edcias\",\"description\":\"Seu portal de informa\u00e7\u00e3o sobre o mundo dos investimentos\",\"publisher\":{\"@id\":\"https:\/\/www.suno.com.br\/noticias\/#organization\"},\"potentialAction\":[{\"@type\":\"SearchAction\",\"target\":{\"@type\":\"EntryPoint\",\"urlTemplate\":\"https:\/\/www.suno.com.br\/noticias\/?s={search_term_string}\"},\"query-input\":{\"@type\":\"PropertyValueSpecification\",\"valueRequired\":true,\"valueName\":\"search_term_string\"}}],\"inLanguage\":\"pt-BR\"},{\"@type\":\"Organization\",\"@id\":\"https:\/\/www.suno.com.br\/noticias\/#organization\",\"name\":\"Suno Not\u00edcias\",\"url\":\"https:\/\/www.suno.com.br\/noticias\/\",\"logo\":{\"@type\":\"ImageObject\",\"inLanguage\":\"pt-BR\",\"@id\":\"https:\/\/www.suno.com.br\/noticias\/#\/schema\/logo\/image\/\",\"url\":\"https:\/\/files.sunoresearch.com.br\/n\/uploads\/2021\/09\/suno-logo.png\",\"contentUrl\":\"https:\/\/files.sunoresearch.com.br\/n\/uploads\/2021\/09\/suno-logo.png\",\"width\":180,\"height\":180,\"caption\":\"Suno Not\u00edcias\"},\"image\":{\"@id\":\"https:\/\/www.suno.com.br\/noticias\/#\/schema\/logo\/image\/\"},\"sameAs\":[\"https:\/\/facebook.com\/sunoresearch\",\"https:\/\/x.com\/sunoresearch\",\"https:\/\/www.instagram.com\/suno\",\"https:\/\/www.linkedin.com\/company\/suno-research\/\",\"https:\/\/www.youtube.com\/c\/sunoresearch\"]},{\"@type\":\"Person\",\"@id\":\"https:\/\/www.suno.com.br\/noticias\/#\/schema\/person\/0d0c9687cd2f600c564f25980c140de9\",\"name\":\"Guilherme Caetano\",\"image\":{\"@type\":\"ImageObject\",\"inLanguage\":\"pt-BR\",\"@id\":\"https:\/\/www.suno.com.br\/noticias\/#\/schema\/person\/image\/\",\"url\":\"https:\/\/secure.gravatar.com\/avatar\/e48357351a01702a0d19307070e081bf?s=96&r=g\",\"contentUrl\":\"https:\/\/secure.gravatar.com\/avatar\/e48357351a01702a0d19307070e081bf?s=96&r=g\",\"caption\":\"Guilherme Caetano\"},\"description\":\"Formado em jornalismo pela Escola de Comunica\u00e7\u00f5es e Artes da USP, Guilherme Caetano escreve para o portal de not\u00edcias da Suno Research. Passou pelas reda\u00e7\u00f5es da Folha de S.Paulo e da revista \u00c9poca.\",\"url\":\"https:\/\/www.suno.com.br\/noticias\/author\/guilherme-caetano\/\"}]}<\/script>\n<!-- \/ Yoast SEO plugin. -->","yoast_head_json":{"title":"Supermercados registram alta de 2,95% nas vendas em janeiro","description":"As vendas nos supermercados do Brasil aumentaram 2,95% em janeiro, na compara\u00e7\u00e3o com o mesmo m\u00eas de 2018. Clique para saber mais.","robots":{"index":"index","follow":"follow","max-snippet":"max-snippet:-1","max-image-preview":"max-image-preview:large","max-video-preview":"max-video-preview:-1"},"canonical":"https:\/\/www.suno.com.br\/noticias\/supermercados-alta-vendas-janeiro\/","og_locale":"pt_BR","og_type":"article","og_title":"Supermercados registram alta de 2,95% nas vendas em janeiro","og_description":"As vendas nos supermercados do Brasil aumentaram 2,95% em janeiro, na compara\u00e7\u00e3o com o mesmo m\u00eas de 2018. Clique para saber mais.","og_url":"https:\/\/www.suno.com.br\/noticias\/supermercados-alta-vendas-janeiro\/","og_site_name":"Suno Not\u00edcias","article_publisher":"https:\/\/facebook.com\/sunoresearch","og_image":[{"width":860,"height":449,"url":"https:\/\/files.sunoresearch.com.br\/n\/uploads\/2018\/11\/aed24a9f-supermercados.jpg","type":"image\/jpeg"}],"author":"Guilherme Caetano","twitter_card":"summary_large_image","twitter_creator":"@sunoresearch","twitter_site":"@sunoresearch","twitter_misc":{"Escrito por":"Guilherme Caetano","Est. tempo de leitura":"2 minutos"},"schema":{"@context":"https:\/\/schema.org","@graph":[{"@type":"NewsArticle","@id":"https:\/\/www.suno.com.br\/noticias\/supermercados-alta-vendas-janeiro\/#article","isPartOf":{"@id":"https:\/\/www.suno.com.br\/noticias\/supermercados-alta-vendas-janeiro\/"},"author":{"name":"Guilherme Caetano","@id":"https:\/\/www.suno.com.br\/noticias\/#\/schema\/person\/0d0c9687cd2f600c564f25980c140de9"},"headline":"Supermercados registram alta de 2,95% nas vendas em janeiro","datePublished":"2019-03-06T22:23:18+00:00","mainEntityOfPage":{"@id":"https:\/\/www.suno.com.br\/noticias\/supermercados-alta-vendas-janeiro\/"},"wordCount":424,"publisher":{"@id":"https:\/\/www.suno.com.br\/noticias\/#organization"},"image":{"@id":"https:\/\/www.suno.com.br\/noticias\/supermercados-alta-vendas-janeiro\/#primaryimage"},"thumbnailUrl":"https:\/\/files.sunoresearch.com.br\/n\/uploads\/2018\/11\/aed24a9f-supermercados-jpg.webp","keywords":["Economia","varejo"],"articleSection":["Economia"],"inLanguage":"pt-BR"},{"@type":"WebPage","@id":"https:\/\/www.suno.com.br\/noticias\/supermercados-alta-vendas-janeiro\/","url":"https:\/\/www.suno.com.br\/noticias\/supermercados-alta-vendas-janeiro\/","name":"Supermercados registram alta de 2,95% nas vendas em janeiro","isPartOf":{"@id":"https:\/\/www.suno.com.br\/noticias\/#website"},"primaryImageOfPage":{"@id":"https:\/\/www.suno.com.br\/noticias\/supermercados-alta-vendas-janeiro\/#primaryimage"},"image":{"@id":"https:\/\/www.suno.com.br\/noticias\/supermercados-alta-vendas-janeiro\/#primaryimage"},"thumbnailUrl":"https:\/\/files.sunoresearch.com.br\/n\/uploads\/2018\/11\/aed24a9f-supermercados-jpg.webp","datePublished":"2019-03-06T22:23:18+00:00","description":"As vendas nos supermercados do Brasil aumentaram 2,95% em janeiro, na compara\u00e7\u00e3o com o mesmo m\u00eas de 2018. Clique para saber mais.","breadcrumb":{"@id":"https:\/\/www.suno.com.br\/noticias\/supermercados-alta-vendas-janeiro\/#breadcrumb"},"inLanguage":"pt-BR","potentialAction":[{"@type":"ReadAction","target":["https:\/\/www.suno.com.br\/noticias\/supermercados-alta-vendas-janeiro\/"]}]},{"@type":"ImageObject","inLanguage":"pt-BR","@id":"https:\/\/www.suno.com.br\/noticias\/supermercados-alta-vendas-janeiro\/#primaryimage","url":"https:\/\/files.sunoresearch.com.br\/n\/uploads\/2018\/11\/aed24a9f-supermercados-jpg.webp","contentUrl":"https:\/\/files.sunoresearch.com.br\/n\/uploads\/2018\/11\/aed24a9f-supermercados-jpg.webp","width":860,"height":449,"caption":"Supermercados"},{"@type":"BreadcrumbList","@id":"https:\/\/www.suno.com.br\/noticias\/supermercados-alta-vendas-janeiro\/#breadcrumb","itemListElement":[{"@type":"ListItem","position":1,"name":"Not\u00edcias","item":"https:\/\/www.suno.com.br\/noticias\/"},{"@type":"ListItem","position":2,"name":"Economia","item":"https:\/\/www.suno.com.br\/noticias\/economia\/"},{"@type":"ListItem","position":3,"name":"Supermercados registram alta de 2,95% nas vendas em janeiro"}]},{"@type":"WebSite","@id":"https:\/\/www.suno.com.br\/noticias\/#website","url":"https:\/\/www.suno.com.br\/noticias\/","name":"Suno Not\u00edcias","description":"Seu portal de informa\u00e7\u00e3o sobre o mundo dos investimentos","publisher":{"@id":"https:\/\/www.suno.com.br\/noticias\/#organization"},"potentialAction":[{"@type":"SearchAction","target":{"@type":"EntryPoint","urlTemplate":"https:\/\/www.suno.com.br\/noticias\/?s={search_term_string}"},"query-input":{"@type":"PropertyValueSpecification","valueRequired":true,"valueName":"search_term_string"}}],"inLanguage":"pt-BR"},{"@type":"Organization","@id":"https:\/\/www.suno.com.br\/noticias\/#organization","name":"Suno Not\u00edcias","url":"https:\/\/www.suno.com.br\/noticias\/","logo":{"@type":"ImageObject","inLanguage":"pt-BR","@id":"https:\/\/www.suno.com.br\/noticias\/#\/schema\/logo\/image\/","url":"https:\/\/files.sunoresearch.com.br\/n\/uploads\/2021\/09\/suno-logo.png","contentUrl":"https:\/\/files.sunoresearch.com.br\/n\/uploads\/2021\/09\/suno-logo.png","width":180,"height":180,"caption":"Suno Not\u00edcias"},"image":{"@id":"https:\/\/www.suno.com.br\/noticias\/#\/schema\/logo\/image\/"},"sameAs":["https:\/\/facebook.com\/sunoresearch","https:\/\/x.com\/sunoresearch","https:\/\/www.instagram.com\/suno","https:\/\/www.linkedin.com\/company\/suno-research\/","https:\/\/www.youtube.com\/c\/sunoresearch"]},{"@type":"Person","@id":"https:\/\/www.suno.com.br\/noticias\/#\/schema\/person\/0d0c9687cd2f600c564f25980c140de9","name":"Guilherme Caetano","image":{"@type":"ImageObject","inLanguage":"pt-BR","@id":"https:\/\/www.suno.com.br\/noticias\/#\/schema\/person\/image\/","url":"https:\/\/secure.gravatar.com\/avatar\/e48357351a01702a0d19307070e081bf?s=96&r=g","contentUrl":"https:\/\/secure.gravatar.com\/avatar\/e48357351a01702a0d19307070e081bf?s=96&r=g","caption":"Guilherme Caetano"},"description":"Formado em jornalismo pela Escola de Comunica\u00e7\u00f5es e Artes da USP, Guilherme Caetano escreve para o portal de not\u00edcias da Suno Research. Passou pelas reda\u00e7\u00f5es da Folha de S.Paulo e da revista \u00c9poca.","url":"https:\/\/www.suno.com.br\/noticias\/author\/guilherme-caetano\/"}]}},"default_loop_html":"<div class=\"cardsPage__listCard__boxs\"><div class=\"cardsPage__listCard__boxs__img\"><a href=\"https:\/\/www.suno.com.br\/noticias\/supermercados-alta-vendas-janeiro\/\"><img class=\"mask\" src=\"https:\/\/www.suno.com.br\/noticias\/wp-content\/themes\/suno\/resources\/images\/spotlight\/spotlight1img\/bg-mask.png\" alt=\"Image Mask\"\/><img src=\"https:\/\/files.sunoresearch.com.br\/n\/uploads\/2018\/11\/aed24a9f-supermercados-400x200.webp\" alt=\"Supermercados registram alta de 2,95% nas vendas em janeiro\"\/><\/a><span class=\"spotlightCategory\"><a href=\"https:\/\/www.suno.com.br\/noticias\/economia\/\">Economia<\/a><\/span><\/div><div class=\"cardsPage__listCard__boxs__content\"><a href=\"https:\/\/www.suno.com.br\/noticias\/supermercados-alta-vendas-janeiro\/\"><h2 class=\"content__title\">Supermercados registram alta de 2,95% nas vendas em janeiro<\/h2><\/a><div class=\"newsContent__article__meta\"><div class=\"newsContent__article__meta__authorBox\"><a href=\"https:\/\/www.suno.com.br\/noticias\/author\/guilherme-caetano\/\" class=\"authorBox__avatar noMobi\"><img src=\"https:\/\/secure.gravatar.com\/avatar\/e48357351a01702a0d19307070e081bf?s=96&#038;r=g\" alt=\"Guilherme Caetano\"><\/a><div class=\"authorBox__name\"><span>por\n\t\t\t<a href=\"https:\/\/www.suno.com.br\/noticias\/author\/guilherme-caetano\/\"><span itemprop=\"author\">Guilherme Caetano<\/span><\/a><\/span><time datetime=\"2019-03-06T19:23:18-03:00\" itemprop=\"datePublished\">06\/03\/2019 19:23<\/time><\/div><\/div><\/div><\/div><\/div>","single_layout":"posts","amp_enabled":true,"_links":{"self":[{"href":"https:\/\/www.suno.com.br\/noticias\/wp-json\/wp\/v2\/posts\/17266"}],"collection":[{"href":"https:\/\/www.suno.com.br\/noticias\/wp-json\/wp\/v2\/posts"}],"about":[{"href":"https:\/\/www.suno.com.br\/noticias\/wp-json\/wp\/v2\/types\/post"}],"author":[{"embeddable":true,"href":"https:\/\/www.suno.com.br\/noticias\/wp-json\/wp\/v2\/users\/13"}],"replies":[{"embeddable":true,"href":"https:\/\/www.suno.com.br\/noticias\/wp-json\/wp\/v2\/comments?post=17266"}],"version-history":[{"count":0,"href":"https:\/\/www.suno.com.br\/noticias\/wp-json\/wp\/v2\/posts\/17266\/revisions"}],"wp:featuredmedia":[{"embeddable":true,"href":"https:\/\/www.suno.com.br\/noticias\/wp-json\/wp\/v2\/media\/7628"}],"wp:attachment":[{"href":"https:\/\/www.suno.com.br\/noticias\/wp-json\/wp\/v2\/media?parent=17266"}],"wp:term":[{"taxonomy":"category","embeddable":true,"href":"https:\/\/www.suno.com.br\/noticias\/wp-json\/wp\/v2\/categories?post=17266"},{"taxonomy":"post_tag","embeddable":true,"href":"https:\/\/www.suno.com.br\/noticias\/wp-json\/wp\/v2\/tags?post=17266"},{"taxonomy":"suno_strategy","embeddable":true,"href":"https:\/\/www.suno.com.br\/noticias\/wp-json\/wp\/v2\/suno_strategy?post=17266"}],"curies":[{"name":"wp","href":"https:\/\/api.w.org\/{rel}","templated":true}]}}