{"id":17251,"date":"2019-03-06T18:50:09","date_gmt":"2019-03-06T21:50:09","guid":{"rendered":"https:\/\/www.suno.com.br\/noticias\/?p=17251"},"modified":"2021-02-17T22:49:47","modified_gmt":"2021-02-18T01:49:47","slug":"ibovespa-queda-volta-carnaval","status":"publish","type":"post","link":"https:\/\/www.suno.com.br\/noticias\/ibovespa-queda-volta-carnaval\/","title":{"rendered":"Ibovespa fecha em queda de 0,41% ap\u00f3s volta de carnaval"},"content":{"rendered":"<p>Com uma sess\u00e3o mais curta devido o feriado de Quarta-Feira de Cinzas, o Ibovespa encerrou esta quarta-feira (06) em queda de 0,41%, com\u00a094.216,87 pontos.<\/p>\t<div class=\"wrapper-featured-image\">\n\t\t<figure class=\"spotlightImg\">\n\n\t\t\t<picture>\n\t\t\t\t<source media=\"(max-width: 768px)\" srcset=\"https:\/\/files.sunoresearch.com.br\/n\/uploads\/2018\/12\/90955461-ibovespa-400x200.webp\">\n\t\t\t\t<img loading=\"lazy\" decoding=\"async\" class=\"newsContent__article__imgCapa lazyloadDisabled newsContent__article__imgCapa--noCaption\" src=\"https:\/\/files.sunoresearch.com.br\/n\/uploads\/2018\/12\/90955461-ibovespa-jpg.webp\" width=\"800\" height=\"450\" alt=\"Ibovespa fecha em queda de 0,41% ap\u00f3s volta de carnaval\" fetchpriority=high \/>\n\t\t\t<\/picture>\n\n\t\t\t<figcaption class=\"wp-caption-text wp-caption-text--hide\">O Ibovespa iniciou essa quinta-feira (6) em leve alta com as assuntos nacionais no radar.<\/figcaption>\n\t\t<\/figure>\n\t<\/div>\n\n\n<p>O \u00edndice abriu o preg\u00e3o em alta. \u00c0s 13h16 atingiu o seu pico, com 94.889,38 pontos. Contudo, por volta das 14 horas, o <strong>Ibovespa<\/strong> despencou. \u00c0s 14h47 registrou a m\u00ednima de 93.945,46 pontos.<\/p>\n<p><a href=\"https:\/\/www.suno.com.br\/noticias\/dolar-alta-sobe-terceiro\/\">Saiba mais: D\u00f3lar tem alta de 1,47% e sobe pelo terceiro dia seguido<\/a><\/p>\n<h2>A\u00e7\u00f5es da Vale<\/h2>\n<p>As a\u00e7\u00f5es da <a href=\"https:\/\/lp.suno.com.br\/vale-brumadinho-noticias\/\">Vale (VALE3)<\/a> subiram 2,8% nesta quarta-feira (06) ap\u00f3s o conselho da empresa trocar o comando da mineradora.\u00a0No \u00faltimo s\u00e1bado (02), a companhia anunciou que <strong><a href=\"https:\/\/www.suno.com.br\/tudo-sobre\/fabio-schvartsman\/\">Fabio Schvartsman<\/a><\/strong> n\u00e3o era mais o diretor-presidente da empresa.<\/p>\n<p>O presidente da mineradora estava em dificuldades desde o rompimento da <strong>barragem<\/strong> de <strong>Brumadinho,<\/strong>\u00a0ocorrida no dia 25 de janeiro.\u00a0<strong>Eduardo Bartolomeo\u00a0<\/strong>assumiu o comanda da Vale interinamente.<\/p>\n<p><a href=\"https:\/\/www.suno.com.br\/noticias\/vale-sobem-troca-presidente\/\">Saiba mais:\u00a0A\u00e7\u00f5es da Vale sobem ap\u00f3s troca de presidente<\/a><\/p>\n<p>O afastamento de <strong>Schvartsman<\/strong> tinha sido recomendado \u00e0 <strong>Vale<\/strong> pela\u00a0<strong>for\u00e7a-tarefa<\/strong> que investiga a trag\u00e9dia de <strong>Brumadinho<\/strong> (MG).<\/p>\n<h2>Boletim Focus<\/h2>\n<p>Nesta quarta-feira (06), o <strong>Banco Central<\/strong> divulgou o <strong>Boletim Focus<\/strong>. O relat\u00f3rio tra\u00e7a as principais perspectivas para economia brasileira.<\/p>\n<p>Os analistas do mercado financeiro entrevistados pelo <strong><a href=\"https:\/\/www.suno.com.br\/artigos\/bacen\/\">Banco Central<\/a>\u00a0(BC)<\/strong> baixaram a previs\u00e3o para o\u00a0<strong>Produto Interno Bruto (PIB), <\/strong>que passou\u00a0de 2,48% para 2,3%.<\/p>\n<p><a href=\"https:\/\/www.suno.com.br\/noticias\/boletim-focus-estimativa-pib-2019-cai\/\">Saiba mais &#8211; Boletim Focus: estimativa do crescimento do PIB em 2019 cai para 2,3%<\/a><\/p>\n<p>Por\u00e9m, a previs\u00e3o do <strong>PIB<\/strong> em 2020 teve uma melhora. Segundo o relat\u00f3rio, no ano que vem o Brasil deve ter um crescimento de 2,7% ante os 2,65% divulgados na semana passada.<\/p>\n<h2>D\u00e9ficit comercial nos EUA<\/h2>\n<p>Os <strong>Estados Unidos<\/strong> divulgaram nesta quarta-feira (06) os n\u00fameros da balan\u00e7a comercial de 2018. De acordo com os dados,\u00a0\u00a0a <a href=\"https:\/\/www.suno.com.br\/artigos\/balanca-comercial\/\">balan\u00e7a de bens e servi\u00e7os<\/a> dos <strong>EUA<\/strong> foi negativa por US$ 621 bilh\u00f5es (cerca de R$ 2.347,38 bilh\u00f5es). Um resultado muito pior do que os US$ 552,3 bilh\u00f5es (cerca de R$ 2.087,69 bilh\u00f5es) de <strong>d\u00e9ficit<\/strong> registrado em 2017.<\/p>\n<p><a href=\"https:\/\/www.suno.com.br\/noticias\/eua-registram-maior-deficit-comercial\/\">Saiba mais:\u00a0EUA registram maior d\u00e9ficit comercial em 10 anos<\/a><\/p>\n<p>Somente com a a <strong>China,<\/strong> os <strong>EUA<\/strong>\u00a0obtiveram um\u00a0<strong>d\u00e9ficit comercial<\/strong> de US$ 38,7 bilh\u00f5es em dezembro. Por outro lado, no mesmo m\u00eas foi registrado um <strong>super\u00e1vit comercial<\/strong> com o Brasil de US$ 800 milh\u00f5es.<\/p>\n<h2>Bolsas internacionais<\/h2>\n<ul>\n<li>Nasdaq (Estados Unidos): queda de 0,93%<\/li>\n<li>FTSE 100 (Reino Unido): alta de 0,17%;<\/li>\n<li>Nikkei (Jap\u00e3o): queda de 0,60%;<\/li>\n<li>CAC40 (Fran\u00e7a): queda de 0,16%;<\/li>\n<\/ul>\n<h2>A\u00e7\u00f5es em destaque<\/h2>\n<ul>\n<li>PETR4: alta de 0,22% (R$ 26,76)<\/li>\n<li>VALE3: alta de 2,8%\u00a0(R$ 48,05)<\/li>\n<li>ITUB4: alta de 0,03% (R$ 34,85)<\/li>\n<li>BBDC4: queda de 0,75% (R$ 42,21)<\/li>\n<\/ul>\n<h2>Maiores altas do Ibovespa<\/h2>\n<ul>\n<li>CSNA3 alta de 9,39% (R$ 15,15)<\/li>\n<li>BRAP4 alta de 2,83% (R$ 29,47)<\/li>\n<li>VALE3 alta de 2,8% (R$ 48,05)<\/li>\n<li>BRDT3 alta de 1,83% (R$ 24,54)<\/li>\n<\/ul>\n<h2>Maiores quedas do Ibovespa<\/h2>\n<ul>\n<li>JBSS3 queda de 5,1% (R$ 13,40)<\/li>\n<li>ECOR3 queda de 4,77% (R$ 10,57)<\/li>\n<li>BRFS3 queda de 4% (R$ 19,70)<\/li>\n<li>ESTC3 queda de 3,76% (R$ 26,39)<\/li>\n<\/ul>\n","protected":false},"excerpt":{"rendered":"<p>Com uma sess\u00e3o mais curta devido o feriado de Quarta-Feira de Cinzas, o Ibovespa encerrou esta quarta-feira (06) em queda de 0,41%, com\u00a094.216,87 pontos. O Ibovespa iniciou essa quinta-feira (6) em leve alta com as assuntos nacionais no radar. O \u00edndice abriu o preg\u00e3o em alta. \u00c0s 13h16 atingiu o seu pico, com 94.889,38 pontos. [&hellip;]<\/p>\n","protected":false},"author":14,"featured_media":8393,"comment_status":"closed","ping_status":"closed","sticky":false,"template":"","format":"standard","meta":[],"categories":[60],"tags":[1842,834,1032,711,326,793,721,807,676],"suno_strategy":[],"class_list":["post-17251","post","type-post","status-publish","format-standard","has-post-thumbnail","hentry","category-mercado","tag-banco-central-bc","tag-boletim-focus","tag-brumadinho","tag-china","tag-dolar","tag-estados-unidos-eua","tag-ibovespa","tag-produto-interno-bruto-pib","tag-vale-vale3"],"yoast_head":"<!-- This site is optimized with the Yoast SEO plugin v24.4 - https:\/\/yoast.com\/wordpress\/plugins\/seo\/ -->\n<title>Ibovespa fecha em queda de 0,41% ap\u00f3s volta de Carnaval<\/title>\n<meta name=\"description\" content=\"O destaque do Ibovespa \u00e9 as a\u00e7\u00f5es da mineradora Vale, que subiram ap\u00f3s a demis\u00e3o do presidente-diretor Fabio Schvartsman. Clique para ler mais\" \/>\n<meta name=\"robots\" content=\"index, follow, max-snippet:-1, max-image-preview:large, max-video-preview:-1\" \/>\n<link rel=\"canonical\" href=\"https:\/\/www.suno.com.br\/noticias\/ibovespa-queda-volta-carnaval\/\" \/>\n<meta property=\"og:locale\" content=\"pt_BR\" \/>\n<meta property=\"og:type\" content=\"article\" \/>\n<meta property=\"og:title\" content=\"Ibovespa fecha em queda de 0,41% ap\u00f3s volta de Carnaval\" \/>\n<meta property=\"og:description\" content=\"O destaque do Ibovespa \u00e9 as a\u00e7\u00f5es da mineradora Vale, que subiram ap\u00f3s a demis\u00e3o do presidente-diretor Fabio Schvartsman. Clique para ler mais\" \/>\n<meta property=\"og:url\" content=\"https:\/\/www.suno.com.br\/noticias\/ibovespa-queda-volta-carnaval\/\" \/>\n<meta property=\"og:site_name\" content=\"Suno Not\u00edcias\" \/>\n<meta property=\"article:publisher\" content=\"https:\/\/facebook.com\/sunoresearch\" \/>\n<meta property=\"og:image\" content=\"https:\/\/files.sunoresearch.com.br\/n\/uploads\/2018\/12\/90955461-ibovespa.jpg\" \/>\n\t<meta property=\"og:image:width\" content=\"960\" \/>\n\t<meta property=\"og:image:height\" content=\"400\" \/>\n\t<meta property=\"og:image:type\" content=\"image\/jpeg\" \/>\n<meta name=\"author\" content=\"Renan Dantas\" \/>\n<meta name=\"twitter:card\" content=\"summary_large_image\" \/>\n<meta name=\"twitter:creator\" content=\"@sunoresearch\" \/>\n<meta name=\"twitter:site\" content=\"@sunoresearch\" \/>\n<meta name=\"twitter:label1\" content=\"Escrito por\" \/>\n\t<meta name=\"twitter:data1\" content=\"Renan Dantas\" \/>\n\t<meta name=\"twitter:label2\" content=\"Est. tempo de leitura\" \/>\n\t<meta name=\"twitter:data2\" content=\"2 minutos\" \/>\n<script type=\"application\/ld+json\" class=\"yoast-schema-graph\">{\"@context\":\"https:\/\/schema.org\",\"@graph\":[{\"@type\":\"NewsArticle\",\"@id\":\"https:\/\/www.suno.com.br\/noticias\/ibovespa-queda-volta-carnaval\/#article\",\"isPartOf\":{\"@id\":\"https:\/\/www.suno.com.br\/noticias\/ibovespa-queda-volta-carnaval\/\"},\"author\":{\"name\":\"Renan Dantas\",\"@id\":\"https:\/\/www.suno.com.br\/noticias\/#\/schema\/person\/3f7693d5795a3f6d5ce15309ee785699\"},\"headline\":\"Ibovespa fecha em queda de 0,41% ap\u00f3s volta de carnaval\",\"datePublished\":\"2019-03-06T21:50:09+00:00\",\"dateModified\":\"2021-02-18T01:49:47+00:00\",\"mainEntityOfPage\":{\"@id\":\"https:\/\/www.suno.com.br\/noticias\/ibovespa-queda-volta-carnaval\/\"},\"wordCount\":464,\"publisher\":{\"@id\":\"https:\/\/www.suno.com.br\/noticias\/#organization\"},\"image\":{\"@id\":\"https:\/\/www.suno.com.br\/noticias\/ibovespa-queda-volta-carnaval\/#primaryimage\"},\"thumbnailUrl\":\"https:\/\/files.sunoresearch.com.br\/n\/uploads\/2018\/12\/90955461-ibovespa-jpg.webp\",\"keywords\":[\"Banco Central (BC)\",\"Boletim Focus\",\"Brumadinho\",\"China\",\"d\u00f3lar\",\"Estados Unidos (EUA)\",\"Ibovespa\",\"Produto Interno Bruto (PIB)\",\"Vale (VALE3)\"],\"articleSection\":[\"Mercado\"],\"inLanguage\":\"pt-BR\"},{\"@type\":\"WebPage\",\"@id\":\"https:\/\/www.suno.com.br\/noticias\/ibovespa-queda-volta-carnaval\/\",\"url\":\"https:\/\/www.suno.com.br\/noticias\/ibovespa-queda-volta-carnaval\/\",\"name\":\"Ibovespa fecha em queda de 0,41% ap\u00f3s volta de Carnaval\",\"isPartOf\":{\"@id\":\"https:\/\/www.suno.com.br\/noticias\/#website\"},\"primaryImageOfPage\":{\"@id\":\"https:\/\/www.suno.com.br\/noticias\/ibovespa-queda-volta-carnaval\/#primaryimage\"},\"image\":{\"@id\":\"https:\/\/www.suno.com.br\/noticias\/ibovespa-queda-volta-carnaval\/#primaryimage\"},\"thumbnailUrl\":\"https:\/\/files.sunoresearch.com.br\/n\/uploads\/2018\/12\/90955461-ibovespa-jpg.webp\",\"datePublished\":\"2019-03-06T21:50:09+00:00\",\"dateModified\":\"2021-02-18T01:49:47+00:00\",\"description\":\"O destaque do Ibovespa \u00e9 as a\u00e7\u00f5es da mineradora Vale, que subiram ap\u00f3s a demis\u00e3o do presidente-diretor Fabio Schvartsman. Clique para ler mais\",\"breadcrumb\":{\"@id\":\"https:\/\/www.suno.com.br\/noticias\/ibovespa-queda-volta-carnaval\/#breadcrumb\"},\"inLanguage\":\"pt-BR\",\"potentialAction\":[{\"@type\":\"ReadAction\",\"target\":[\"https:\/\/www.suno.com.br\/noticias\/ibovespa-queda-volta-carnaval\/\"]}]},{\"@type\":\"ImageObject\",\"inLanguage\":\"pt-BR\",\"@id\":\"https:\/\/www.suno.com.br\/noticias\/ibovespa-queda-volta-carnaval\/#primaryimage\",\"url\":\"https:\/\/files.sunoresearch.com.br\/n\/uploads\/2018\/12\/90955461-ibovespa-jpg.webp\",\"contentUrl\":\"https:\/\/files.sunoresearch.com.br\/n\/uploads\/2018\/12\/90955461-ibovespa-jpg.webp\",\"width\":960,\"height\":400,\"caption\":\"O Ibovespa iniciou essa quinta-feira (6) em leve alta com as assuntos nacionais no radar.\"},{\"@type\":\"BreadcrumbList\",\"@id\":\"https:\/\/www.suno.com.br\/noticias\/ibovespa-queda-volta-carnaval\/#breadcrumb\",\"itemListElement\":[{\"@type\":\"ListItem\",\"position\":1,\"name\":\"Not\u00edcias\",\"item\":\"https:\/\/www.suno.com.br\/noticias\/\"},{\"@type\":\"ListItem\",\"position\":2,\"name\":\"Mercado\",\"item\":\"https:\/\/www.suno.com.br\/noticias\/mercado\/\"},{\"@type\":\"ListItem\",\"position\":3,\"name\":\"Ibovespa fecha em queda de 0,41% ap\u00f3s volta de carnaval\"}]},{\"@type\":\"WebSite\",\"@id\":\"https:\/\/www.suno.com.br\/noticias\/#website\",\"url\":\"https:\/\/www.suno.com.br\/noticias\/\",\"name\":\"Suno Not\u00edcias\",\"description\":\"Seu portal de informa\u00e7\u00e3o sobre o mundo dos investimentos\",\"publisher\":{\"@id\":\"https:\/\/www.suno.com.br\/noticias\/#organization\"},\"potentialAction\":[{\"@type\":\"SearchAction\",\"target\":{\"@type\":\"EntryPoint\",\"urlTemplate\":\"https:\/\/www.suno.com.br\/noticias\/?s={search_term_string}\"},\"query-input\":{\"@type\":\"PropertyValueSpecification\",\"valueRequired\":true,\"valueName\":\"search_term_string\"}}],\"inLanguage\":\"pt-BR\"},{\"@type\":\"Organization\",\"@id\":\"https:\/\/www.suno.com.br\/noticias\/#organization\",\"name\":\"Suno Not\u00edcias\",\"url\":\"https:\/\/www.suno.com.br\/noticias\/\",\"logo\":{\"@type\":\"ImageObject\",\"inLanguage\":\"pt-BR\",\"@id\":\"https:\/\/www.suno.com.br\/noticias\/#\/schema\/logo\/image\/\",\"url\":\"https:\/\/files.sunoresearch.com.br\/n\/uploads\/2021\/09\/suno-logo.png\",\"contentUrl\":\"https:\/\/files.sunoresearch.com.br\/n\/uploads\/2021\/09\/suno-logo.png\",\"width\":180,\"height\":180,\"caption\":\"Suno Not\u00edcias\"},\"image\":{\"@id\":\"https:\/\/www.suno.com.br\/noticias\/#\/schema\/logo\/image\/\"},\"sameAs\":[\"https:\/\/facebook.com\/sunoresearch\",\"https:\/\/x.com\/sunoresearch\",\"https:\/\/www.instagram.com\/suno\",\"https:\/\/www.linkedin.com\/company\/suno-research\/\",\"https:\/\/www.youtube.com\/c\/sunoresearch\"]},{\"@type\":\"Person\",\"@id\":\"https:\/\/www.suno.com.br\/noticias\/#\/schema\/person\/3f7693d5795a3f6d5ce15309ee785699\",\"name\":\"Renan Dantas\",\"image\":{\"@type\":\"ImageObject\",\"inLanguage\":\"pt-BR\",\"@id\":\"https:\/\/www.suno.com.br\/noticias\/#\/schema\/person\/image\/\",\"url\":\"https:\/\/secure.gravatar.com\/avatar\/1787b83e7484a08e51d62ac8b41c8396?s=96&r=g\",\"contentUrl\":\"https:\/\/secure.gravatar.com\/avatar\/1787b83e7484a08e51d62ac8b41c8396?s=96&r=g\",\"caption\":\"Renan Dantas\"},\"description\":\"Escreve sobre pol\u00edtica e mercado financeiro para o portal Suno Not\u00edcias. Antes, atuou na assessoria de comunica\u00e7\u00e3o do Minist\u00e9rio P\u00fablico do Trabalho e na R\u00e1dio Mackenzie, onde apresentava e produzia um programa sobre artistas da m\u00fasica brasileira. \u00c9 estudante na Universidade Presbiteriana Mackenzie.\",\"url\":\"https:\/\/www.suno.com.br\/noticias\/author\/renan-dantas\/\"}]}<\/script>\n<!-- \/ Yoast SEO plugin. -->","yoast_head_json":{"title":"Ibovespa fecha em queda de 0,41% ap\u00f3s volta de Carnaval","description":"O destaque do Ibovespa \u00e9 as a\u00e7\u00f5es da mineradora Vale, que subiram ap\u00f3s a demis\u00e3o do presidente-diretor Fabio Schvartsman. Clique para ler mais","robots":{"index":"index","follow":"follow","max-snippet":"max-snippet:-1","max-image-preview":"max-image-preview:large","max-video-preview":"max-video-preview:-1"},"canonical":"https:\/\/www.suno.com.br\/noticias\/ibovespa-queda-volta-carnaval\/","og_locale":"pt_BR","og_type":"article","og_title":"Ibovespa fecha em queda de 0,41% ap\u00f3s volta de Carnaval","og_description":"O destaque do Ibovespa \u00e9 as a\u00e7\u00f5es da mineradora Vale, que subiram ap\u00f3s a demis\u00e3o do presidente-diretor Fabio Schvartsman. Clique para ler mais","og_url":"https:\/\/www.suno.com.br\/noticias\/ibovespa-queda-volta-carnaval\/","og_site_name":"Suno Not\u00edcias","article_publisher":"https:\/\/facebook.com\/sunoresearch","og_image":[{"width":960,"height":400,"url":"https:\/\/files.sunoresearch.com.br\/n\/uploads\/2018\/12\/90955461-ibovespa.jpg","type":"image\/jpeg"}],"author":"Renan Dantas","twitter_card":"summary_large_image","twitter_creator":"@sunoresearch","twitter_site":"@sunoresearch","twitter_misc":{"Escrito por":"Renan Dantas","Est. tempo de leitura":"2 minutos"},"schema":{"@context":"https:\/\/schema.org","@graph":[{"@type":"NewsArticle","@id":"https:\/\/www.suno.com.br\/noticias\/ibovespa-queda-volta-carnaval\/#article","isPartOf":{"@id":"https:\/\/www.suno.com.br\/noticias\/ibovespa-queda-volta-carnaval\/"},"author":{"name":"Renan Dantas","@id":"https:\/\/www.suno.com.br\/noticias\/#\/schema\/person\/3f7693d5795a3f6d5ce15309ee785699"},"headline":"Ibovespa fecha em queda de 0,41% ap\u00f3s volta de carnaval","datePublished":"2019-03-06T21:50:09+00:00","dateModified":"2021-02-18T01:49:47+00:00","mainEntityOfPage":{"@id":"https:\/\/www.suno.com.br\/noticias\/ibovespa-queda-volta-carnaval\/"},"wordCount":464,"publisher":{"@id":"https:\/\/www.suno.com.br\/noticias\/#organization"},"image":{"@id":"https:\/\/www.suno.com.br\/noticias\/ibovespa-queda-volta-carnaval\/#primaryimage"},"thumbnailUrl":"https:\/\/files.sunoresearch.com.br\/n\/uploads\/2018\/12\/90955461-ibovespa-jpg.webp","keywords":["Banco Central (BC)","Boletim Focus","Brumadinho","China","d\u00f3lar","Estados Unidos (EUA)","Ibovespa","Produto Interno Bruto (PIB)","Vale (VALE3)"],"articleSection":["Mercado"],"inLanguage":"pt-BR"},{"@type":"WebPage","@id":"https:\/\/www.suno.com.br\/noticias\/ibovespa-queda-volta-carnaval\/","url":"https:\/\/www.suno.com.br\/noticias\/ibovespa-queda-volta-carnaval\/","name":"Ibovespa fecha em queda de 0,41% ap\u00f3s volta de Carnaval","isPartOf":{"@id":"https:\/\/www.suno.com.br\/noticias\/#website"},"primaryImageOfPage":{"@id":"https:\/\/www.suno.com.br\/noticias\/ibovespa-queda-volta-carnaval\/#primaryimage"},"image":{"@id":"https:\/\/www.suno.com.br\/noticias\/ibovespa-queda-volta-carnaval\/#primaryimage"},"thumbnailUrl":"https:\/\/files.sunoresearch.com.br\/n\/uploads\/2018\/12\/90955461-ibovespa-jpg.webp","datePublished":"2019-03-06T21:50:09+00:00","dateModified":"2021-02-18T01:49:47+00:00","description":"O destaque do Ibovespa \u00e9 as a\u00e7\u00f5es da mineradora Vale, que subiram ap\u00f3s a demis\u00e3o do presidente-diretor Fabio Schvartsman. Clique para ler mais","breadcrumb":{"@id":"https:\/\/www.suno.com.br\/noticias\/ibovespa-queda-volta-carnaval\/#breadcrumb"},"inLanguage":"pt-BR","potentialAction":[{"@type":"ReadAction","target":["https:\/\/www.suno.com.br\/noticias\/ibovespa-queda-volta-carnaval\/"]}]},{"@type":"ImageObject","inLanguage":"pt-BR","@id":"https:\/\/www.suno.com.br\/noticias\/ibovespa-queda-volta-carnaval\/#primaryimage","url":"https:\/\/files.sunoresearch.com.br\/n\/uploads\/2018\/12\/90955461-ibovespa-jpg.webp","contentUrl":"https:\/\/files.sunoresearch.com.br\/n\/uploads\/2018\/12\/90955461-ibovespa-jpg.webp","width":960,"height":400,"caption":"O Ibovespa iniciou essa quinta-feira (6) em leve alta com as assuntos nacionais no radar."},{"@type":"BreadcrumbList","@id":"https:\/\/www.suno.com.br\/noticias\/ibovespa-queda-volta-carnaval\/#breadcrumb","itemListElement":[{"@type":"ListItem","position":1,"name":"Not\u00edcias","item":"https:\/\/www.suno.com.br\/noticias\/"},{"@type":"ListItem","position":2,"name":"Mercado","item":"https:\/\/www.suno.com.br\/noticias\/mercado\/"},{"@type":"ListItem","position":3,"name":"Ibovespa fecha em queda de 0,41% ap\u00f3s volta de carnaval"}]},{"@type":"WebSite","@id":"https:\/\/www.suno.com.br\/noticias\/#website","url":"https:\/\/www.suno.com.br\/noticias\/","name":"Suno Not\u00edcias","description":"Seu portal de informa\u00e7\u00e3o sobre o mundo dos investimentos","publisher":{"@id":"https:\/\/www.suno.com.br\/noticias\/#organization"},"potentialAction":[{"@type":"SearchAction","target":{"@type":"EntryPoint","urlTemplate":"https:\/\/www.suno.com.br\/noticias\/?s={search_term_string}"},"query-input":{"@type":"PropertyValueSpecification","valueRequired":true,"valueName":"search_term_string"}}],"inLanguage":"pt-BR"},{"@type":"Organization","@id":"https:\/\/www.suno.com.br\/noticias\/#organization","name":"Suno Not\u00edcias","url":"https:\/\/www.suno.com.br\/noticias\/","logo":{"@type":"ImageObject","inLanguage":"pt-BR","@id":"https:\/\/www.suno.com.br\/noticias\/#\/schema\/logo\/image\/","url":"https:\/\/files.sunoresearch.com.br\/n\/uploads\/2021\/09\/suno-logo.png","contentUrl":"https:\/\/files.sunoresearch.com.br\/n\/uploads\/2021\/09\/suno-logo.png","width":180,"height":180,"caption":"Suno Not\u00edcias"},"image":{"@id":"https:\/\/www.suno.com.br\/noticias\/#\/schema\/logo\/image\/"},"sameAs":["https:\/\/facebook.com\/sunoresearch","https:\/\/x.com\/sunoresearch","https:\/\/www.instagram.com\/suno","https:\/\/www.linkedin.com\/company\/suno-research\/","https:\/\/www.youtube.com\/c\/sunoresearch"]},{"@type":"Person","@id":"https:\/\/www.suno.com.br\/noticias\/#\/schema\/person\/3f7693d5795a3f6d5ce15309ee785699","name":"Renan Dantas","image":{"@type":"ImageObject","inLanguage":"pt-BR","@id":"https:\/\/www.suno.com.br\/noticias\/#\/schema\/person\/image\/","url":"https:\/\/secure.gravatar.com\/avatar\/1787b83e7484a08e51d62ac8b41c8396?s=96&r=g","contentUrl":"https:\/\/secure.gravatar.com\/avatar\/1787b83e7484a08e51d62ac8b41c8396?s=96&r=g","caption":"Renan Dantas"},"description":"Escreve sobre pol\u00edtica e mercado financeiro para o portal Suno Not\u00edcias. Antes, atuou na assessoria de comunica\u00e7\u00e3o do Minist\u00e9rio P\u00fablico do Trabalho e na R\u00e1dio Mackenzie, onde apresentava e produzia um programa sobre artistas da m\u00fasica brasileira. \u00c9 estudante na Universidade Presbiteriana Mackenzie.","url":"https:\/\/www.suno.com.br\/noticias\/author\/renan-dantas\/"}]}},"default_loop_html":"<div class=\"cardsPage__listCard__boxs\"><div class=\"cardsPage__listCard__boxs__img\"><a href=\"https:\/\/www.suno.com.br\/noticias\/ibovespa-queda-volta-carnaval\/\"><img class=\"mask\" src=\"https:\/\/www.suno.com.br\/noticias\/wp-content\/themes\/suno\/resources\/images\/spotlight\/spotlight1img\/bg-mask.png\" alt=\"Image Mask\"\/><img src=\"https:\/\/files.sunoresearch.com.br\/n\/uploads\/2018\/12\/90955461-ibovespa-400x200.webp\" alt=\"Ibovespa fecha em queda de 0,41% ap\u00f3s volta de carnaval\"\/><\/a><span class=\"spotlightCategory\"><a href=\"https:\/\/www.suno.com.br\/noticias\/mercado\/\">Mercado<\/a><\/span><\/div><div class=\"cardsPage__listCard__boxs__content\"><a href=\"https:\/\/www.suno.com.br\/noticias\/ibovespa-queda-volta-carnaval\/\"><h2 class=\"content__title\">Ibovespa fecha em queda de 0,41% ap\u00f3s volta de carnaval<\/h2><\/a><div class=\"newsContent__article__meta\"><div class=\"newsContent__article__meta__authorBox\"><a href=\"https:\/\/www.suno.com.br\/noticias\/author\/renan-dantas\/\" class=\"authorBox__avatar noMobi\"><img src=\"https:\/\/secure.gravatar.com\/avatar\/1787b83e7484a08e51d62ac8b41c8396?s=96&#038;r=g\" alt=\"Renan Dantas\"><\/a><div class=\"authorBox__name\"><span>por\n\t\t\t<a href=\"https:\/\/www.suno.com.br\/noticias\/author\/renan-dantas\/\"><span itemprop=\"author\">Renan Dantas<\/span><\/a><\/span><time datetime=\"2019-03-06T18:50:09-03:00\" itemprop=\"datePublished\">06\/03\/2019 18:50<\/time><\/div><\/div><\/div><\/div><\/div>","single_layout":"posts","amp_enabled":true,"_links":{"self":[{"href":"https:\/\/www.suno.com.br\/noticias\/wp-json\/wp\/v2\/posts\/17251"}],"collection":[{"href":"https:\/\/www.suno.com.br\/noticias\/wp-json\/wp\/v2\/posts"}],"about":[{"href":"https:\/\/www.suno.com.br\/noticias\/wp-json\/wp\/v2\/types\/post"}],"author":[{"embeddable":true,"href":"https:\/\/www.suno.com.br\/noticias\/wp-json\/wp\/v2\/users\/14"}],"replies":[{"embeddable":true,"href":"https:\/\/www.suno.com.br\/noticias\/wp-json\/wp\/v2\/comments?post=17251"}],"version-history":[{"count":0,"href":"https:\/\/www.suno.com.br\/noticias\/wp-json\/wp\/v2\/posts\/17251\/revisions"}],"wp:featuredmedia":[{"embeddable":true,"href":"https:\/\/www.suno.com.br\/noticias\/wp-json\/wp\/v2\/media\/8393"}],"wp:attachment":[{"href":"https:\/\/www.suno.com.br\/noticias\/wp-json\/wp\/v2\/media?parent=17251"}],"wp:term":[{"taxonomy":"category","embeddable":true,"href":"https:\/\/www.suno.com.br\/noticias\/wp-json\/wp\/v2\/categories?post=17251"},{"taxonomy":"post_tag","embeddable":true,"href":"https:\/\/www.suno.com.br\/noticias\/wp-json\/wp\/v2\/tags?post=17251"},{"taxonomy":"suno_strategy","embeddable":true,"href":"https:\/\/www.suno.com.br\/noticias\/wp-json\/wp\/v2\/suno_strategy?post=17251"}],"curies":[{"name":"wp","href":"https:\/\/api.w.org\/{rel}","templated":true}]}}