{"id":172465,"date":"2021-08-04T20:33:11","date_gmt":"2021-08-04T23:33:11","guid":{"rendered":"https:\/\/www.suno.com.br\/noticias\/?p=172465"},"modified":"2021-08-05T00:43:51","modified_gmt":"2021-08-05T03:43:51","slug":"stf-noticia-crime-bolsonaro","status":"publish","type":"post","link":"https:\/\/www.suno.com.br\/noticias\/stf-noticia-crime-bolsonaro\/","title":{"rendered":"Ministro do STF aceita not\u00edcia-crime contra Bolsonaro em investiga\u00e7\u00e3o sobre fake news de urnas eletr\u00f4nicas"},"content":{"rendered":"<p>O ministro do <a href=\"https:\/\/www.suno.com.br\/noticias\/bolsonaro-indicacao-andre-mendonca-stf\/\">Supremo Tribunal Federal (STF)<\/a> Alexandre de Moraes determinou a instaura\u00e7\u00e3o imediata de investiga\u00e7\u00e3o sobre a conduta do presidente <strong><a href=\"https:\/\/www.suno.com.br\/noticias\/bolsonaro-volta-vale-gas-petrobras-petr4\/\">Jair Bolsonaro<\/a><\/strong> durante a live transmitida na semana passada pelas redes sociais.<\/p>\t<div class=\"wrapper-featured-image\">\n\t\t<figure class=\"spotlightImg\">\n\n\t\t\t<picture>\n\t\t\t\t<source media=\"(max-width: 768px)\" srcset=\"https:\/\/files.sunoresearch.com.br\/n\/uploads\/2021\/03\/17f59e1d-jair-bolsonaro-foto-marcos-correa-pr-2-400x200.webp\">\n\t\t\t\t<img loading=\"lazy\" decoding=\"async\" class=\"newsContent__article__imgCapa lazyloadDisabled \" src=\"https:\/\/files.sunoresearch.com.br\/n\/uploads\/2021\/03\/17f59e1d-jair-bolsonaro-foto-marcos-correa-pr-2-800x450.webp\" width=\"800\" height=\"450\" alt=\"Ministro do STF aceita not\u00edcia-crime contra Bolsonaro em investiga\u00e7\u00e3o sobre fake news de urnas eletr\u00f4nicas\" fetchpriority=high \/>\n\t\t\t<\/picture>\n\n\t\t\t<figcaption class=\"wp-caption-text wp-caption-text--show\">Presidente Jair Bolsonaro Bolsonaro comenta sobre a variante omicron. Foto: Marcos Corr\u00eaa PR<\/figcaption>\n\t\t<\/figure>\n\t<\/div>\n\n\n<p>Na transmiss\u00e3o, foram apresentados v\u00eddeos de eleitores que foram \u00e0s urnas em elei\u00e7\u00f5es anteriores apontando supostos ind\u00edcios de fraudes na utiliza\u00e7\u00e3o da urna eletr\u00f4nica.<\/p>\n<p>Moraes aceitou hoje (4) a not\u00edcia-crime encaminhada \u00e0 Corte pelo <strong><a href=\"https:\/\/www.suno.com.br\/noticias\/dolar-salta-15-a-r-525-com-cautela-politica-e-fiscal\/\">Tribunal Superior Eleitoral<\/a> (TSE)<\/strong> contra o presidente.<\/p>\n<p>A investiga\u00e7\u00e3o tramitar\u00e1 em conjunto com o inqu\u00e9rito que apura divulga\u00e7\u00e3o de informa\u00e7\u00f5es falsas e ataques ao STF, cujo relator \u00e9 Alexandre de Moraes.<\/p>\n\t<p>\n\t\t<a href=\"https:\/\/lp.suno.com.br\/planilha-controle-gastos\/\" target=\"_blank\" data-element=\"shortcode-suno-banner\" title=\"Banner SUNO, clique e saiba mais\">\n\t\t\t<picture>\n\t\t\t\t<source media=\"(max-width: 500px)\" srcset=\"https:\/\/files.sunoresearch.com.br\/n\/uploads\/2023\/03\/400x300-Planilha-controle-de-gastos.png\">\n\t\t\t\t<img class=\"newsContent__article__imgCapa newsContent__article__imgCapa--banner\"\n\t\t\t\t\tsrc=\"https:\/\/files.sunoresearch.com.br\/n\/uploads\/2023\/03\/1420x240-Planilha-controle-de-gastos.png\"\n\t\t\t\t\tdata-promo-id=\"101751\"\t\t\t\t\t\t\t\t\t\twidth='1420' height='240'\t\t\t\t\talt=\"https:\/\/files.sunoresearch.com.br\/n\/uploads\/2023\/03\/1420x240-Planilha-controle-de-gastos.png\"\n\t\t\t\t>\n\t\t\t<\/picture>\n\t\t<\/a>\n\t<\/p>\n\n\n<h2>Presidente do TSE: nunca houve fraude em elei\u00e7\u00f5es, como diz Bolsonaro<\/h2>\n<p>O envio da not\u00edcia-crime foi feito ap\u00f3s o presidente do TSE, ministro <strong><a href=\"https:\/\/www.suno.com.br\/noticias\/stf-obriga-senado-a-implementar-cpi-da-covid\/\">Lu\u00eds Roberto Barroso<\/a><\/strong>, reafirmar que, desde implanta\u00e7\u00e3o das urnas eletr\u00f4nicas, nenhuma fraude foi registrada no sistema de vota\u00e7\u00e3o.<\/p>\n<p>Em entrevista \u00e0 r\u00e1dio Jovem Pan, transmitida pelo pr\u00f3prio presidente em seus canais nas redes sociais, Bolsonaro comentou a decis\u00e3o do STF.<\/p>\n\t<p>\n\t\t<a href=\"https:\/\/lp.suno.com.br\/ebook-como-analisar-uma-acao\/\" target=\"_blank\" data-element=\"shortcode-suno-banner\" title=\"Banner SUNO, clique e saiba mais\">\n\t\t\t<picture>\n\t\t\t\t<source media=\"(max-width: 500px)\" srcset=\"https:\/\/files.sunoresearch.com.br\/n\/uploads\/2023\/03\/Ebook-Acoes-Mobile-1.jpg\">\n\t\t\t\t<img class=\"newsContent__article__imgCapa newsContent__article__imgCapa--banner\"\n\t\t\t\t\tsrc=\"https:\/\/files.sunoresearch.com.br\/n\/uploads\/2023\/03\/Ebook-Acoes-Desktop-1.jpg\"\n\t\t\t\t\tdata-promo-id=\"171998\"\t\t\t\t\t\t\t\t\t\twidth='1420' height='286'\t\t\t\t\talt=\"https:\/\/files.sunoresearch.com.br\/n\/uploads\/2023\/03\/Ebook-Acoes-Desktop-1.jpg\"\n\t\t\t\t>\n\t\t\t<\/picture>\n\t\t<\/a>\n\t<\/p>\n\n\n<p>\u201cQueremos elei\u00e7\u00f5es limpas. Lamento o pr\u00f3prio TSE tomar certas medidas para investigar, me acusar de atos antidemocr\u00e1ticos. Eu posso errar, tenho direito a criticar, mas n\u00e3o estamos errados\u201d, disse Bolsonaro.<\/p>\n<p>Bolsonaro disse ainda que a abertura de investiga\u00e7\u00e3o sobre suas declara\u00e7\u00f5es contra as urnas eletr\u00f4nicas e o acolhimento de den\u00fancia pelo STF s\u00e3o uma tentativa de intimida\u00e7\u00e3o.<\/p>\n<p>&#8220;N\u00e3o vai ser um inqu\u00e9rito, agora na m\u00e3o do querido senhor (ministro do STF) Alexandre de Moraes, para tentar intimidar&#8221;. N\u00e3o estamos errados. N\u00e3o erramos!&#8221;, acrescentou.<\/p>\n\t<p>\n\t\t<a href=\"https:\/\/lp.suno.com.br\/planilha-da-vida-financeira\/\" target=\"_blank\" data-element=\"shortcode-suno-banner\" title=\"Banner SUNO, clique e saiba mais\">\n\t\t\t<picture>\n\t\t\t\t<source media=\"(max-width: 500px)\" srcset=\"https:\/\/files.sunoresearch.com.br\/n\/uploads\/2023\/04\/400x300-Planilha-vida-financeira-true.png\">\n\t\t\t\t<img class=\"newsContent__article__imgCapa newsContent__article__imgCapa--banner\"\n\t\t\t\t\tsrc=\"https:\/\/files.sunoresearch.com.br\/n\/uploads\/2023\/04\/1420x240-Planilha-vida-financeira-true.png\"\n\t\t\t\t\tdata-promo-id=\"106682\"\t\t\t\t\t\t\t\t\t\twidth='1420' height='240'\t\t\t\t\talt=\"https:\/\/files.sunoresearch.com.br\/n\/uploads\/2023\/04\/1420x240-Planilha-vida-financeira-true.png\"\n\t\t\t\t>\n\t\t\t<\/picture>\n\t\t<\/a>\n\t<\/p>\n\n\n<p>Bolsonaro afirmou que viu irregularidade porque as investiga\u00e7\u00f5es n\u00e3o foram iniciadas pelo Minist\u00e9rio P\u00fablico Federal (MPF).<\/p>\n<p>&#8220;Um presidente da Rep\u00fablica pode ser investigado? Pode. Em um inqu\u00e9rito que comece no Minist\u00e9rio P\u00fablico e n\u00e3o diretamente de algu\u00e9m interessado&#8221;. declarou. <strong>Bolsonaro<\/strong> contou ainda que conseguiu novas informa\u00e7\u00f5es para confirmar que as urnas poderiam ser violadas\u00a0 &#8212; o que j\u00e1 foi contestado pelo TSE.<\/p>\n\t<p>\n\t\t<a href=\"https:\/\/lp.suno.com.br\/planilha-de-controle-de-investimentos\/\" target=\"_blank\" data-element=\"shortcode-suno-banner\" title=\"Banner SUNO, clique e saiba mais\">\n\t\t\t<picture>\n\t\t\t\t<source media=\"(max-width: 500px)\" srcset=\"https:\/\/files.sunoresearch.com.br\/n\/uploads\/2023\/03\/400x300-Controle-de-Investimentos.png\">\n\t\t\t\t<img class=\"newsContent__article__imgCapa newsContent__article__imgCapa--banner\"\n\t\t\t\t\tsrc=\"https:\/\/files.sunoresearch.com.br\/n\/uploads\/2023\/03\/1420x240-Controle-de-Investimentos.png\"\n\t\t\t\t\tdata-promo-id=\"75934\"\t\t\t\t\t\t\t\t\t\twidth='1420' height='240'\t\t\t\t\talt=\"https:\/\/files.sunoresearch.com.br\/n\/uploads\/2023\/03\/1420x240-Controle-de-Investimentos.png\"\n\t\t\t\t>\n\t\t\t<\/picture>\n\t\t<\/a>\n\t<\/p>\n\n\n<p><strong>Com informa\u00e7\u00f5es da Ag\u00eancia Brasil\u00a0<\/strong><\/p>\n","protected":false},"excerpt":{"rendered":"<p>O ministro do Supremo Tribunal Federal (STF) Alexandre de Moraes determinou a instaura\u00e7\u00e3o imediata de investiga\u00e7\u00e3o sobre a conduta do presidente Jair Bolsonaro durante a live transmitida na semana passada pelas redes sociais. Presidente Jair Bolsonaro Bolsonaro comenta sobre a variante omicron. Foto: Marcos Corr\u00eaa PR Na transmiss\u00e3o, foram apresentados v\u00eddeos de eleitores que foram [&hellip;]<\/p>\n","protected":false},"author":98,"featured_media":130359,"comment_status":"closed","ping_status":"closed","sticky":false,"template":"","format":"standard","meta":[],"categories":[61],"tags":[48323,719,785],"suno_strategy":[],"class_list":["post-172465","post","type-post","status-publish","format-standard","has-post-thumbnail","hentry","category-politica","tag-fake-news","tag-jair-bolsonaro","tag-supremo-tribunal-federal-stf"],"yoast_head":"<!-- This site is optimized with the Yoast SEO plugin v24.4 - https:\/\/yoast.com\/wordpress\/plugins\/seo\/ -->\n<title>STF aceita not\u00edcia-crime contra Bolsonaro em investiga\u00e7\u00e3o de fake news<\/title>\n<meta name=\"description\" content=\"Moraes aceitou hoje (4) a not\u00edcia-crime encaminhada \u00e0 Corte pelo Tribunal Superior Eleitoral (TSE) contra Bolsonaro. Leia mais sobre Bolsonaro\" \/>\n<meta name=\"robots\" content=\"index, follow, max-snippet:-1, max-image-preview:large, max-video-preview:-1\" \/>\n<link rel=\"canonical\" href=\"https:\/\/www.suno.com.br\/noticias\/stf-noticia-crime-bolsonaro\/\" \/>\n<meta property=\"og:locale\" content=\"pt_BR\" \/>\n<meta property=\"og:type\" content=\"article\" \/>\n<meta property=\"og:title\" content=\"STF aceita not\u00edcia-crime contra Bolsonaro em investiga\u00e7\u00e3o de fake news\" \/>\n<meta property=\"og:description\" content=\"Moraes aceitou hoje (4) a not\u00edcia-crime encaminhada \u00e0 Corte pelo Tribunal Superior Eleitoral (TSE) contra Bolsonaro. Leia mais sobre Bolsonaro\" \/>\n<meta property=\"og:url\" content=\"https:\/\/www.suno.com.br\/noticias\/stf-noticia-crime-bolsonaro\/\" \/>\n<meta property=\"og:site_name\" content=\"Suno Not\u00edcias\" \/>\n<meta property=\"article:publisher\" content=\"https:\/\/facebook.com\/sunoresearch\" \/>\n<meta property=\"og:image\" content=\"https:\/\/files.sunoresearch.com.br\/n\/uploads\/2021\/03\/17f59e1d-jair-bolsonaro-foto-marcos-correa-pr-2.jpg\" \/>\n\t<meta property=\"og:image:width\" content=\"1200\" \/>\n\t<meta property=\"og:image:height\" content=\"800\" \/>\n\t<meta property=\"og:image:type\" content=\"image\/jpeg\" \/>\n<meta name=\"author\" content=\"Marco Ant\u00f4nio Lopes\" \/>\n<meta name=\"twitter:card\" content=\"summary_large_image\" \/>\n<meta name=\"twitter:creator\" content=\"@sunoresearch\" \/>\n<meta name=\"twitter:site\" content=\"@sunoresearch\" \/>\n<meta name=\"twitter:label1\" content=\"Escrito por\" \/>\n\t<meta name=\"twitter:data1\" content=\"Marco Ant\u00f4nio Lopes\" \/>\n\t<meta name=\"twitter:label2\" content=\"Est. tempo de leitura\" \/>\n\t<meta name=\"twitter:data2\" content=\"2 minutos\" \/>\n<script type=\"application\/ld+json\" class=\"yoast-schema-graph\">{\"@context\":\"https:\/\/schema.org\",\"@graph\":[{\"@type\":\"NewsArticle\",\"@id\":\"https:\/\/www.suno.com.br\/noticias\/stf-noticia-crime-bolsonaro\/#article\",\"isPartOf\":{\"@id\":\"https:\/\/www.suno.com.br\/noticias\/stf-noticia-crime-bolsonaro\/\"},\"author\":{\"name\":\"Marco Ant\u00f4nio Lopes\",\"@id\":\"https:\/\/www.suno.com.br\/noticias\/#\/schema\/person\/829bbe8d57f84333b966b96229c6bf5f\"},\"headline\":\"Ministro do STF aceita not\u00edcia-crime contra Bolsonaro em investiga\u00e7\u00e3o sobre fake news de urnas eletr\u00f4nicas\",\"datePublished\":\"2021-08-04T23:33:11+00:00\",\"dateModified\":\"2021-08-05T03:43:51+00:00\",\"mainEntityOfPage\":{\"@id\":\"https:\/\/www.suno.com.br\/noticias\/stf-noticia-crime-bolsonaro\/\"},\"wordCount\":388,\"publisher\":{\"@id\":\"https:\/\/www.suno.com.br\/noticias\/#organization\"},\"image\":{\"@id\":\"https:\/\/www.suno.com.br\/noticias\/stf-noticia-crime-bolsonaro\/#primaryimage\"},\"thumbnailUrl\":\"https:\/\/files.sunoresearch.com.br\/n\/uploads\/2021\/03\/17f59e1d-jair-bolsonaro-foto-marcos-correa-pr-2-jpg.webp\",\"keywords\":[\"fake news\",\"Jair Bolsonaro\",\"Supremo Tribunal Federal (STF)\"],\"articleSection\":[\"Pol\u00edtica\"],\"inLanguage\":\"pt-BR\"},{\"@type\":\"WebPage\",\"@id\":\"https:\/\/www.suno.com.br\/noticias\/stf-noticia-crime-bolsonaro\/\",\"url\":\"https:\/\/www.suno.com.br\/noticias\/stf-noticia-crime-bolsonaro\/\",\"name\":\"STF aceita not\u00edcia-crime contra Bolsonaro em investiga\u00e7\u00e3o de fake news\",\"isPartOf\":{\"@id\":\"https:\/\/www.suno.com.br\/noticias\/#website\"},\"primaryImageOfPage\":{\"@id\":\"https:\/\/www.suno.com.br\/noticias\/stf-noticia-crime-bolsonaro\/#primaryimage\"},\"image\":{\"@id\":\"https:\/\/www.suno.com.br\/noticias\/stf-noticia-crime-bolsonaro\/#primaryimage\"},\"thumbnailUrl\":\"https:\/\/files.sunoresearch.com.br\/n\/uploads\/2021\/03\/17f59e1d-jair-bolsonaro-foto-marcos-correa-pr-2-jpg.webp\",\"datePublished\":\"2021-08-04T23:33:11+00:00\",\"dateModified\":\"2021-08-05T03:43:51+00:00\",\"description\":\"Moraes aceitou hoje (4) a not\u00edcia-crime encaminhada \u00e0 Corte pelo Tribunal Superior Eleitoral (TSE) contra Bolsonaro. Leia mais sobre Bolsonaro\",\"breadcrumb\":{\"@id\":\"https:\/\/www.suno.com.br\/noticias\/stf-noticia-crime-bolsonaro\/#breadcrumb\"},\"inLanguage\":\"pt-BR\",\"potentialAction\":[{\"@type\":\"ReadAction\",\"target\":[\"https:\/\/www.suno.com.br\/noticias\/stf-noticia-crime-bolsonaro\/\"]}]},{\"@type\":\"ImageObject\",\"inLanguage\":\"pt-BR\",\"@id\":\"https:\/\/www.suno.com.br\/noticias\/stf-noticia-crime-bolsonaro\/#primaryimage\",\"url\":\"https:\/\/files.sunoresearch.com.br\/n\/uploads\/2021\/03\/17f59e1d-jair-bolsonaro-foto-marcos-correa-pr-2-jpg.webp\",\"contentUrl\":\"https:\/\/files.sunoresearch.com.br\/n\/uploads\/2021\/03\/17f59e1d-jair-bolsonaro-foto-marcos-correa-pr-2-jpg.webp\",\"width\":1200,\"height\":800,\"caption\":\"Presidente Jair Bolsonaro Bolsonaro comenta sobre a variante omicron. Foto: Marcos Corr\u00eaa PR\"},{\"@type\":\"BreadcrumbList\",\"@id\":\"https:\/\/www.suno.com.br\/noticias\/stf-noticia-crime-bolsonaro\/#breadcrumb\",\"itemListElement\":[{\"@type\":\"ListItem\",\"position\":1,\"name\":\"Not\u00edcias\",\"item\":\"https:\/\/www.suno.com.br\/noticias\/\"},{\"@type\":\"ListItem\",\"position\":2,\"name\":\"Pol\u00edtica\",\"item\":\"https:\/\/www.suno.com.br\/noticias\/politica\/\"},{\"@type\":\"ListItem\",\"position\":3,\"name\":\"Ministro do STF aceita not\u00edcia-crime contra Bolsonaro em investiga\u00e7\u00e3o sobre fake news de urnas eletr\u00f4nicas\"}]},{\"@type\":\"WebSite\",\"@id\":\"https:\/\/www.suno.com.br\/noticias\/#website\",\"url\":\"https:\/\/www.suno.com.br\/noticias\/\",\"name\":\"Suno Not\u00edcias\",\"description\":\"Seu portal de informa\u00e7\u00e3o sobre o mundo dos investimentos\",\"publisher\":{\"@id\":\"https:\/\/www.suno.com.br\/noticias\/#organization\"},\"potentialAction\":[{\"@type\":\"SearchAction\",\"target\":{\"@type\":\"EntryPoint\",\"urlTemplate\":\"https:\/\/www.suno.com.br\/noticias\/?s={search_term_string}\"},\"query-input\":{\"@type\":\"PropertyValueSpecification\",\"valueRequired\":true,\"valueName\":\"search_term_string\"}}],\"inLanguage\":\"pt-BR\"},{\"@type\":\"Organization\",\"@id\":\"https:\/\/www.suno.com.br\/noticias\/#organization\",\"name\":\"Suno Not\u00edcias\",\"url\":\"https:\/\/www.suno.com.br\/noticias\/\",\"logo\":{\"@type\":\"ImageObject\",\"inLanguage\":\"pt-BR\",\"@id\":\"https:\/\/www.suno.com.br\/noticias\/#\/schema\/logo\/image\/\",\"url\":\"https:\/\/files.sunoresearch.com.br\/n\/uploads\/2021\/09\/suno-logo.png\",\"contentUrl\":\"https:\/\/files.sunoresearch.com.br\/n\/uploads\/2021\/09\/suno-logo.png\",\"width\":180,\"height\":180,\"caption\":\"Suno Not\u00edcias\"},\"image\":{\"@id\":\"https:\/\/www.suno.com.br\/noticias\/#\/schema\/logo\/image\/\"},\"sameAs\":[\"https:\/\/facebook.com\/sunoresearch\",\"https:\/\/x.com\/sunoresearch\",\"https:\/\/www.instagram.com\/suno\",\"https:\/\/www.linkedin.com\/company\/suno-research\/\",\"https:\/\/www.youtube.com\/c\/sunoresearch\"]},{\"@type\":\"Person\",\"@id\":\"https:\/\/www.suno.com.br\/noticias\/#\/schema\/person\/829bbe8d57f84333b966b96229c6bf5f\",\"name\":\"Marco Ant\u00f4nio Lopes\",\"image\":{\"@type\":\"ImageObject\",\"inLanguage\":\"pt-BR\",\"@id\":\"https:\/\/www.suno.com.br\/noticias\/#\/schema\/person\/image\/\",\"url\":\"https:\/\/secure.gravatar.com\/avatar\/385167b012fbc1cde32c5446ee253313?s=96&r=g\",\"contentUrl\":\"https:\/\/secure.gravatar.com\/avatar\/385167b012fbc1cde32c5446ee253313?s=96&r=g\",\"caption\":\"Marco Ant\u00f4nio Lopes\"},\"description\":\"Jornalista, \u00e9 editor no Suno Not\u00edcias. Trabalhou nas revistas Playboy, Super, Veja Comer &amp; Beber, Homem Vogue e Universo Masculino, al\u00e9m dos portais Abril.com, R7, nas editorias de Home, Esportes, Hora 7, Entretenimento e Geral, e Eu Quero Investir. Autor do livro Bruce Lee: Definitivo (Editora Conrad). Colaborou nas revistas Nova, Veja SP, Grandes Guerras, Placar, Bizz, Casa Claudia e Quatro Rodas.\",\"url\":\"https:\/\/www.suno.com.br\/noticias\/author\/marco-lopes\/\"}]}<\/script>\n<!-- \/ Yoast SEO plugin. -->","yoast_head_json":{"title":"STF aceita not\u00edcia-crime contra Bolsonaro em investiga\u00e7\u00e3o de fake news","description":"Moraes aceitou hoje (4) a not\u00edcia-crime encaminhada \u00e0 Corte pelo Tribunal Superior Eleitoral (TSE) contra Bolsonaro. Leia mais sobre Bolsonaro","robots":{"index":"index","follow":"follow","max-snippet":"max-snippet:-1","max-image-preview":"max-image-preview:large","max-video-preview":"max-video-preview:-1"},"canonical":"https:\/\/www.suno.com.br\/noticias\/stf-noticia-crime-bolsonaro\/","og_locale":"pt_BR","og_type":"article","og_title":"STF aceita not\u00edcia-crime contra Bolsonaro em investiga\u00e7\u00e3o de fake news","og_description":"Moraes aceitou hoje (4) a not\u00edcia-crime encaminhada \u00e0 Corte pelo Tribunal Superior Eleitoral (TSE) contra Bolsonaro. Leia mais sobre Bolsonaro","og_url":"https:\/\/www.suno.com.br\/noticias\/stf-noticia-crime-bolsonaro\/","og_site_name":"Suno Not\u00edcias","article_publisher":"https:\/\/facebook.com\/sunoresearch","og_image":[{"width":1200,"height":800,"url":"https:\/\/files.sunoresearch.com.br\/n\/uploads\/2021\/03\/17f59e1d-jair-bolsonaro-foto-marcos-correa-pr-2.jpg","type":"image\/jpeg"}],"author":"Marco Ant\u00f4nio Lopes","twitter_card":"summary_large_image","twitter_creator":"@sunoresearch","twitter_site":"@sunoresearch","twitter_misc":{"Escrito por":"Marco Ant\u00f4nio Lopes","Est. tempo de leitura":"2 minutos"},"schema":{"@context":"https:\/\/schema.org","@graph":[{"@type":"NewsArticle","@id":"https:\/\/www.suno.com.br\/noticias\/stf-noticia-crime-bolsonaro\/#article","isPartOf":{"@id":"https:\/\/www.suno.com.br\/noticias\/stf-noticia-crime-bolsonaro\/"},"author":{"name":"Marco Ant\u00f4nio Lopes","@id":"https:\/\/www.suno.com.br\/noticias\/#\/schema\/person\/829bbe8d57f84333b966b96229c6bf5f"},"headline":"Ministro do STF aceita not\u00edcia-crime contra Bolsonaro em investiga\u00e7\u00e3o sobre fake news de urnas eletr\u00f4nicas","datePublished":"2021-08-04T23:33:11+00:00","dateModified":"2021-08-05T03:43:51+00:00","mainEntityOfPage":{"@id":"https:\/\/www.suno.com.br\/noticias\/stf-noticia-crime-bolsonaro\/"},"wordCount":388,"publisher":{"@id":"https:\/\/www.suno.com.br\/noticias\/#organization"},"image":{"@id":"https:\/\/www.suno.com.br\/noticias\/stf-noticia-crime-bolsonaro\/#primaryimage"},"thumbnailUrl":"https:\/\/files.sunoresearch.com.br\/n\/uploads\/2021\/03\/17f59e1d-jair-bolsonaro-foto-marcos-correa-pr-2-jpg.webp","keywords":["fake news","Jair Bolsonaro","Supremo Tribunal Federal (STF)"],"articleSection":["Pol\u00edtica"],"inLanguage":"pt-BR"},{"@type":"WebPage","@id":"https:\/\/www.suno.com.br\/noticias\/stf-noticia-crime-bolsonaro\/","url":"https:\/\/www.suno.com.br\/noticias\/stf-noticia-crime-bolsonaro\/","name":"STF aceita not\u00edcia-crime contra Bolsonaro em investiga\u00e7\u00e3o de fake news","isPartOf":{"@id":"https:\/\/www.suno.com.br\/noticias\/#website"},"primaryImageOfPage":{"@id":"https:\/\/www.suno.com.br\/noticias\/stf-noticia-crime-bolsonaro\/#primaryimage"},"image":{"@id":"https:\/\/www.suno.com.br\/noticias\/stf-noticia-crime-bolsonaro\/#primaryimage"},"thumbnailUrl":"https:\/\/files.sunoresearch.com.br\/n\/uploads\/2021\/03\/17f59e1d-jair-bolsonaro-foto-marcos-correa-pr-2-jpg.webp","datePublished":"2021-08-04T23:33:11+00:00","dateModified":"2021-08-05T03:43:51+00:00","description":"Moraes aceitou hoje (4) a not\u00edcia-crime encaminhada \u00e0 Corte pelo Tribunal Superior Eleitoral (TSE) contra Bolsonaro. Leia mais sobre Bolsonaro","breadcrumb":{"@id":"https:\/\/www.suno.com.br\/noticias\/stf-noticia-crime-bolsonaro\/#breadcrumb"},"inLanguage":"pt-BR","potentialAction":[{"@type":"ReadAction","target":["https:\/\/www.suno.com.br\/noticias\/stf-noticia-crime-bolsonaro\/"]}]},{"@type":"ImageObject","inLanguage":"pt-BR","@id":"https:\/\/www.suno.com.br\/noticias\/stf-noticia-crime-bolsonaro\/#primaryimage","url":"https:\/\/files.sunoresearch.com.br\/n\/uploads\/2021\/03\/17f59e1d-jair-bolsonaro-foto-marcos-correa-pr-2-jpg.webp","contentUrl":"https:\/\/files.sunoresearch.com.br\/n\/uploads\/2021\/03\/17f59e1d-jair-bolsonaro-foto-marcos-correa-pr-2-jpg.webp","width":1200,"height":800,"caption":"Presidente Jair Bolsonaro Bolsonaro comenta sobre a variante omicron. Foto: Marcos Corr\u00eaa PR"},{"@type":"BreadcrumbList","@id":"https:\/\/www.suno.com.br\/noticias\/stf-noticia-crime-bolsonaro\/#breadcrumb","itemListElement":[{"@type":"ListItem","position":1,"name":"Not\u00edcias","item":"https:\/\/www.suno.com.br\/noticias\/"},{"@type":"ListItem","position":2,"name":"Pol\u00edtica","item":"https:\/\/www.suno.com.br\/noticias\/politica\/"},{"@type":"ListItem","position":3,"name":"Ministro do STF aceita not\u00edcia-crime contra Bolsonaro em investiga\u00e7\u00e3o sobre fake news de urnas eletr\u00f4nicas"}]},{"@type":"WebSite","@id":"https:\/\/www.suno.com.br\/noticias\/#website","url":"https:\/\/www.suno.com.br\/noticias\/","name":"Suno Not\u00edcias","description":"Seu portal de informa\u00e7\u00e3o sobre o mundo dos investimentos","publisher":{"@id":"https:\/\/www.suno.com.br\/noticias\/#organization"},"potentialAction":[{"@type":"SearchAction","target":{"@type":"EntryPoint","urlTemplate":"https:\/\/www.suno.com.br\/noticias\/?s={search_term_string}"},"query-input":{"@type":"PropertyValueSpecification","valueRequired":true,"valueName":"search_term_string"}}],"inLanguage":"pt-BR"},{"@type":"Organization","@id":"https:\/\/www.suno.com.br\/noticias\/#organization","name":"Suno Not\u00edcias","url":"https:\/\/www.suno.com.br\/noticias\/","logo":{"@type":"ImageObject","inLanguage":"pt-BR","@id":"https:\/\/www.suno.com.br\/noticias\/#\/schema\/logo\/image\/","url":"https:\/\/files.sunoresearch.com.br\/n\/uploads\/2021\/09\/suno-logo.png","contentUrl":"https:\/\/files.sunoresearch.com.br\/n\/uploads\/2021\/09\/suno-logo.png","width":180,"height":180,"caption":"Suno Not\u00edcias"},"image":{"@id":"https:\/\/www.suno.com.br\/noticias\/#\/schema\/logo\/image\/"},"sameAs":["https:\/\/facebook.com\/sunoresearch","https:\/\/x.com\/sunoresearch","https:\/\/www.instagram.com\/suno","https:\/\/www.linkedin.com\/company\/suno-research\/","https:\/\/www.youtube.com\/c\/sunoresearch"]},{"@type":"Person","@id":"https:\/\/www.suno.com.br\/noticias\/#\/schema\/person\/829bbe8d57f84333b966b96229c6bf5f","name":"Marco Ant\u00f4nio Lopes","image":{"@type":"ImageObject","inLanguage":"pt-BR","@id":"https:\/\/www.suno.com.br\/noticias\/#\/schema\/person\/image\/","url":"https:\/\/secure.gravatar.com\/avatar\/385167b012fbc1cde32c5446ee253313?s=96&r=g","contentUrl":"https:\/\/secure.gravatar.com\/avatar\/385167b012fbc1cde32c5446ee253313?s=96&r=g","caption":"Marco Ant\u00f4nio Lopes"},"description":"Jornalista, \u00e9 editor no Suno Not\u00edcias. Trabalhou nas revistas Playboy, Super, Veja Comer &amp; Beber, Homem Vogue e Universo Masculino, al\u00e9m dos portais Abril.com, R7, nas editorias de Home, Esportes, Hora 7, Entretenimento e Geral, e Eu Quero Investir. Autor do livro Bruce Lee: Definitivo (Editora Conrad). Colaborou nas revistas Nova, Veja SP, Grandes Guerras, Placar, Bizz, Casa Claudia e Quatro Rodas.","url":"https:\/\/www.suno.com.br\/noticias\/author\/marco-lopes\/"}]}},"default_loop_html":"<div class=\"cardsPage__listCard__boxs\"><div class=\"cardsPage__listCard__boxs__img\"><a href=\"https:\/\/www.suno.com.br\/noticias\/stf-noticia-crime-bolsonaro\/\"><img class=\"mask\" src=\"https:\/\/www.suno.com.br\/noticias\/wp-content\/themes\/suno\/resources\/images\/spotlight\/spotlight1img\/bg-mask.png\" alt=\"Image Mask\"\/><img src=\"https:\/\/files.sunoresearch.com.br\/n\/uploads\/2021\/03\/17f59e1d-jair-bolsonaro-foto-marcos-correa-pr-2-400x200.webp\" alt=\"Ministro do STF aceita not\u00edcia-crime contra Bolsonaro em investiga\u00e7\u00e3o sobre fake news de urnas eletr\u00f4nicas\"\/><\/a><span class=\"spotlightCategory\"><a href=\"https:\/\/www.suno.com.br\/noticias\/politica\/\">Pol\u00edtica<\/a><\/span><\/div><div class=\"cardsPage__listCard__boxs__content\"><a href=\"https:\/\/www.suno.com.br\/noticias\/stf-noticia-crime-bolsonaro\/\"><h2 class=\"content__title\">Ministro do STF aceita not\u00edcia-crime contra Bolsonaro em investiga\u00e7\u00e3o sobre fake news de urnas eletr\u00f4nicas<\/h2><\/a><div class=\"newsContent__article__meta\"><div class=\"newsContent__article__meta__authorBox\"><a href=\"https:\/\/www.suno.com.br\/noticias\/author\/marco-lopes\/\" class=\"authorBox__avatar noMobi\"><img src=\"https:\/\/secure.gravatar.com\/avatar\/385167b012fbc1cde32c5446ee253313?s=96&#038;r=g\" alt=\"Marco Ant\u00f4nio Lopes\"><\/a><div class=\"authorBox__name\"><span>por\n\t\t\t<a href=\"https:\/\/www.suno.com.br\/noticias\/author\/marco-lopes\/\"><span itemprop=\"author\">Marco Ant\u00f4nio Lopes<\/span><\/a><\/span><time datetime=\"2021-08-04T20:33:11-03:00\" itemprop=\"datePublished\">04\/08\/2021 20:33<\/time><\/div><\/div><\/div><\/div><\/div>","single_layout":"posts","amp_enabled":true,"_links":{"self":[{"href":"https:\/\/www.suno.com.br\/noticias\/wp-json\/wp\/v2\/posts\/172465"}],"collection":[{"href":"https:\/\/www.suno.com.br\/noticias\/wp-json\/wp\/v2\/posts"}],"about":[{"href":"https:\/\/www.suno.com.br\/noticias\/wp-json\/wp\/v2\/types\/post"}],"author":[{"embeddable":true,"href":"https:\/\/www.suno.com.br\/noticias\/wp-json\/wp\/v2\/users\/98"}],"replies":[{"embeddable":true,"href":"https:\/\/www.suno.com.br\/noticias\/wp-json\/wp\/v2\/comments?post=172465"}],"version-history":[{"count":3,"href":"https:\/\/www.suno.com.br\/noticias\/wp-json\/wp\/v2\/posts\/172465\/revisions"}],"predecessor-version":[{"id":172472,"href":"https:\/\/www.suno.com.br\/noticias\/wp-json\/wp\/v2\/posts\/172465\/revisions\/172472"}],"wp:featuredmedia":[{"embeddable":true,"href":"https:\/\/www.suno.com.br\/noticias\/wp-json\/wp\/v2\/media\/130359"}],"wp:attachment":[{"href":"https:\/\/www.suno.com.br\/noticias\/wp-json\/wp\/v2\/media?parent=172465"}],"wp:term":[{"taxonomy":"category","embeddable":true,"href":"https:\/\/www.suno.com.br\/noticias\/wp-json\/wp\/v2\/categories?post=172465"},{"taxonomy":"post_tag","embeddable":true,"href":"https:\/\/www.suno.com.br\/noticias\/wp-json\/wp\/v2\/tags?post=172465"},{"taxonomy":"suno_strategy","embeddable":true,"href":"https:\/\/www.suno.com.br\/noticias\/wp-json\/wp\/v2\/suno_strategy?post=172465"}],"curies":[{"name":"wp","href":"https:\/\/api.w.org\/{rel}","templated":true}]}}