{"id":17244,"date":"2019-03-06T18:00:59","date_gmt":"2019-03-06T21:00:59","guid":{"rendered":"https:\/\/www.suno.com.br\/noticias\/?p=17244"},"modified":"2019-03-06T18:02:16","modified_gmt":"2019-03-06T21:02:16","slug":"dolar-alta-sobe-terceiro","status":"publish","type":"post","link":"https:\/\/www.suno.com.br\/noticias\/dolar-alta-sobe-terceiro\/","title":{"rendered":"D\u00f3lar tem alta de 1,47% e sobe pelo terceiro dia seguido"},"content":{"rendered":"<p>O d\u00f3lar fechou esta quarta-feira (06) em alta de 1,47%, negociado a R$ 3,836. Devido o feriado de Quarta-Feira de Cinzas, a sess\u00e3o foi aberta ap\u00f3s \u00e0s 13 horas da tarde.<\/p>\t<div class=\"wrapper-featured-image\">\n\t\t<figure class=\"spotlightImg\">\n\n\t\t\t<picture>\n\t\t\t\t<source media=\"(max-width: 768px)\" srcset=\"https:\/\/files.sunoresearch.com.br\/n\/uploads\/2018\/12\/4c245b01-d\u00f3lar-400x200.webp\">\n\t\t\t\t<img loading=\"lazy\" decoding=\"async\" class=\"newsContent__article__imgCapa lazyloadDisabled newsContent__article__imgCapa--noCaption\" src=\"https:\/\/files.sunoresearch.com.br\/n\/uploads\/2018\/12\/4c245b01-d\u00f3lar-800x450.webp\" width=\"800\" height=\"450\" alt=\"D\u00f3lar tem alta de 1,47% e sobe pelo terceiro dia seguido\" fetchpriority=high \/>\n\t\t\t<\/picture>\n\n\t\t\t<figcaption class=\"wp-caption-text wp-caption-text--hide\">D\u00f3lar encerra em alta de 0,58%, cotado em R$ 4,24<\/figcaption>\n\t\t<\/figure>\n\t<\/div>\n\n\n<p>Confira como ficaram as\u00a0<strong>moedas<\/strong> nesta quarta-feira:<\/p>\n<ul>\n<li><strong>Euro: <\/strong>alta\u00a0de\u00a0 1,10% (R$ 4,338);<\/li>\n<li><strong>D\u00f3lar:\u00a0<\/strong>alta de\u00a0 1,47% (R$ 3,836);<\/li>\n<li><strong>Libra:<\/strong>\u00a0 alta de 1,00 % (R$ 5,032);<\/li>\n<\/ul>\n<h2>PIB do Brasil<\/h2>\n<p>A <strong>Organiza\u00e7\u00e3o para a Coopera\u00e7\u00e3o e Desenvolvimento Econ\u00f4mico<\/strong> (OCDE, sigla em ingl\u00eas) revisou para baixo a proje\u00e7\u00e3o do <strong>Produto Interno Bruto<\/strong> (PIB) do Brasil em 2019. De acordo com o organismo, o<strong> PIB<\/strong> do Pa\u00eds deve crescer 1,9% ante os 2,1% projetados em novembro do ano passado.<\/p>\n<p><a href=\"https:\/\/www.suno.com.br\/noticias\/ocde-reduz-projecao-crescimento-pib-brasileiro\/\">Saiba mais: OCDE reduz proje\u00e7\u00e3o para crescimento do PIB brasileiro<\/a><\/p>\n<p>Segundo a <strong>OCDE,<\/strong> a redu\u00e7\u00e3o do <strong>PIB<\/strong> ocorreu por causa do <strong>modesto<\/strong>\u00a0<strong>crescimento econ\u00f4mico<\/strong> brasileiro registrado em\u00a02018, que ficou em 1,1%. Al\u00e9m disso, a institui\u00e7\u00e3o destacou que a piora dos n\u00fameros n\u00e3o tem rela\u00e7\u00e3o com as expectativas sobre os efeitos da <strong>reforma da Previd\u00eancia<\/strong>.<\/p>\n<h2>Boletim Focus<\/h2>\n<p>O <strong>Boletim Focus<\/strong> divulgado nesta quarta-feira (06) diminuiu a estimativa de crescimento do <strong>PIB<\/strong> em 2019 de 2,48% para 2,3%. Por\u00e9m, a previs\u00e3o do PIB em 2020 teve uma melhora. Segundo o relat\u00f3rio, no ano que vem o Brasil deve ter um crescimento de 2,7% ante os 2,65% divulgados na semana passada.<\/p>\n<p><a href=\"https:\/\/www.suno.com.br\/noticias\/boletim-focus-estimativa-pib-2019-cai\/\">Saiba mais &#8211; Boletim Focus: estimativa do crescimento do PIB em 2019 cai para 2,3%<\/a><\/p>\n<p>J\u00e1 a previs\u00e3o para o\u00a0<strong>\u00cdndice de Pre\u00e7os ao Consumidor Amplo (IPCA)<\/strong> de 2019 ficou est\u00e1vel em 3,85%. O resultado est\u00e1 abaixo da meta de infla\u00e7\u00e3o tra\u00e7ada pelo <strong><a href=\"https:\/\/www.suno.com.br\/artigos\/cmn-conselho-monetario-nacional\/\">Conselho Monet\u00e1rio Nacional (CMN)<\/a>\u00a0<\/strong>que \u00e9 de 4,25%.<\/p>\n<h2>Emprego e d\u00e9ficit comercial nos EUA<\/h2>\n<p>Os <strong>Estados Unidos<\/strong> criaram 183 mil\u00a0vagas de emprego no setor privado durante fevereiro. Os dados s\u00e3o da ag\u00eancia <strong>ADP<\/strong> e foram divulgados nesta quarta-feira (06). Os n\u00fameros est\u00e3o dentro das expectativas.\u00a0De acordo com o relat\u00f3rio, a gera\u00e7\u00e3o de empregos no pa\u00eds atingiu o ponto mais elevado do atual ciclo de crescimento, que atuava em baixa.<\/p>\n<p><a href=\"https:\/\/www.suno.com.br\/noticias\/estados-unidos-vagas-empregos\/\">Saiba mais:\u00a0Estados Unidos criam 183 mil vagas de emprego em fevereiro<\/a><\/p>\n<p><a href=\"https:\/\/www.suno.com.br\/noticias\/eua-registram-maior-deficit-comercial\/\">Saiba mais: EUA registram maior d\u00e9ficit comercial em 10 anos<\/a><\/p>\n<p>Al\u00e9m disso, os <strong>EUA<\/strong> tamb\u00e9m divulgaram os dados da <strong>balan\u00e7a comercial<\/strong> em 2018. De acordo com os <strong>n\u00fameros<\/strong>,\u00a0\u00a0a <a href=\"https:\/\/www.suno.com.br\/artigos\/balanca-comercial\/\">balan\u00e7a de bens e servi\u00e7os<\/a> dos <strong>EUA<\/strong> foi negativa por US$ 621 bilh\u00f5es (cerca de R$ 2.347,38 bilh\u00f5es). Um resultado muito pior do que os US$ 552,3 bilh\u00f5es (cerca de R$ 2.087,69 bilh\u00f5es) de d\u00e9ficit registrado em 2017.<\/p>\n<h2>\u00daltima cota\u00e7\u00e3o<\/h2>\n<p>Na sexta-feira (01), o <strong>d\u00f3lar<\/strong> fechou em alta de 0,725% negociado a R$ 3,7796.<\/p>\n","protected":false},"excerpt":{"rendered":"<p>O d\u00f3lar fechou esta quarta-feira (06) em alta de 1,47%, negociado a R$ 3,836. Devido o feriado de Quarta-Feira de Cinzas, a sess\u00e3o foi aberta ap\u00f3s \u00e0s 13 horas da tarde. D\u00f3lar encerra em alta de 0,58%, cotado em R$ 4,24 Confira como ficaram as\u00a0moedas nesta quarta-feira: Euro: alta\u00a0de\u00a0 1,10% (R$ 4,338); D\u00f3lar:\u00a0alta de\u00a0 1,47% [&hellip;]<\/p>\n","protected":false},"author":14,"featured_media":7933,"comment_status":"closed","ping_status":"closed","sticky":false,"template":"","format":"standard","meta":[],"categories":[60],"tags":[834,326,793,807,940],"suno_strategy":[],"class_list":["post-17244","post","type-post","status-publish","format-standard","has-post-thumbnail","hentry","category-mercado","tag-boletim-focus","tag-dolar","tag-estados-unidos-eua","tag-produto-interno-bruto-pib","tag-reforma-da-previdencia"],"yoast_head":"<!-- This site is optimized with the Yoast SEO plugin v24.4 - https:\/\/yoast.com\/wordpress\/plugins\/seo\/ -->\n<title>D\u00f3lar tem alta de 1,47% e sobe pelo terceiro dia seguido<\/title>\n<meta name=\"description\" content=\"\u00c9 a maior alta em tr\u00eas meses do d\u00f3lar desde 26 de novembro (2,47%), e o maior valor de fechamento no ano. Clique para saber mais.\" \/>\n<meta name=\"robots\" content=\"index, follow, max-snippet:-1, max-image-preview:large, max-video-preview:-1\" \/>\n<link rel=\"canonical\" href=\"https:\/\/www.suno.com.br\/noticias\/dolar-alta-sobe-terceiro\/\" \/>\n<meta property=\"og:locale\" content=\"pt_BR\" \/>\n<meta property=\"og:type\" content=\"article\" \/>\n<meta property=\"og:title\" content=\"D\u00f3lar tem alta de 1,47% e sobe pelo terceiro dia seguido\" \/>\n<meta property=\"og:description\" content=\"\u00c9 a maior alta em tr\u00eas meses do d\u00f3lar desde 26 de novembro (2,47%), e o maior valor de fechamento no ano. Clique para saber mais.\" \/>\n<meta property=\"og:url\" content=\"https:\/\/www.suno.com.br\/noticias\/dolar-alta-sobe-terceiro\/\" \/>\n<meta property=\"og:site_name\" content=\"Suno Not\u00edcias\" \/>\n<meta property=\"article:publisher\" content=\"https:\/\/facebook.com\/sunoresearch\" \/>\n<meta property=\"og:image\" content=\"https:\/\/files.sunoresearch.com.br\/n\/uploads\/2018\/12\/4c245b01-d\u00f3lar.jpg\" \/>\n\t<meta property=\"og:image:width\" content=\"1140\" \/>\n\t<meta property=\"og:image:height\" content=\"760\" \/>\n\t<meta property=\"og:image:type\" content=\"image\/jpeg\" \/>\n<meta name=\"author\" content=\"Renan Dantas\" \/>\n<meta name=\"twitter:card\" content=\"summary_large_image\" \/>\n<meta name=\"twitter:creator\" content=\"@sunoresearch\" \/>\n<meta name=\"twitter:site\" content=\"@sunoresearch\" \/>\n<meta name=\"twitter:label1\" content=\"Escrito por\" \/>\n\t<meta name=\"twitter:data1\" content=\"Renan Dantas\" \/>\n\t<meta name=\"twitter:label2\" content=\"Est. tempo de leitura\" \/>\n\t<meta name=\"twitter:data2\" content=\"2 minutos\" \/>\n<script type=\"application\/ld+json\" class=\"yoast-schema-graph\">{\"@context\":\"https:\/\/schema.org\",\"@graph\":[{\"@type\":\"NewsArticle\",\"@id\":\"https:\/\/www.suno.com.br\/noticias\/dolar-alta-sobe-terceiro\/#article\",\"isPartOf\":{\"@id\":\"https:\/\/www.suno.com.br\/noticias\/dolar-alta-sobe-terceiro\/\"},\"author\":{\"name\":\"Renan Dantas\",\"@id\":\"https:\/\/www.suno.com.br\/noticias\/#\/schema\/person\/3f7693d5795a3f6d5ce15309ee785699\"},\"headline\":\"D\u00f3lar tem alta de 1,47% e sobe pelo terceiro dia seguido\",\"datePublished\":\"2019-03-06T21:00:59+00:00\",\"dateModified\":\"2019-03-06T21:02:16+00:00\",\"mainEntityOfPage\":{\"@id\":\"https:\/\/www.suno.com.br\/noticias\/dolar-alta-sobe-terceiro\/\"},\"wordCount\":444,\"publisher\":{\"@id\":\"https:\/\/www.suno.com.br\/noticias\/#organization\"},\"image\":{\"@id\":\"https:\/\/www.suno.com.br\/noticias\/dolar-alta-sobe-terceiro\/#primaryimage\"},\"thumbnailUrl\":\"https:\/\/files.sunoresearch.com.br\/n\/uploads\/2018\/12\/4c245b01-d\u00f3lar-jpg.webp\",\"keywords\":[\"Boletim Focus\",\"d\u00f3lar\",\"Estados Unidos (EUA)\",\"Produto Interno Bruto (PIB)\",\"Reforma da Previd\u00eancia\"],\"articleSection\":[\"Mercado\"],\"inLanguage\":\"pt-BR\"},{\"@type\":\"WebPage\",\"@id\":\"https:\/\/www.suno.com.br\/noticias\/dolar-alta-sobe-terceiro\/\",\"url\":\"https:\/\/www.suno.com.br\/noticias\/dolar-alta-sobe-terceiro\/\",\"name\":\"D\u00f3lar tem alta de 1,47% e sobe pelo terceiro dia seguido\",\"isPartOf\":{\"@id\":\"https:\/\/www.suno.com.br\/noticias\/#website\"},\"primaryImageOfPage\":{\"@id\":\"https:\/\/www.suno.com.br\/noticias\/dolar-alta-sobe-terceiro\/#primaryimage\"},\"image\":{\"@id\":\"https:\/\/www.suno.com.br\/noticias\/dolar-alta-sobe-terceiro\/#primaryimage\"},\"thumbnailUrl\":\"https:\/\/files.sunoresearch.com.br\/n\/uploads\/2018\/12\/4c245b01-d\u00f3lar-jpg.webp\",\"datePublished\":\"2019-03-06T21:00:59+00:00\",\"dateModified\":\"2019-03-06T21:02:16+00:00\",\"description\":\"\u00c9 a maior alta em tr\u00eas meses do d\u00f3lar desde 26 de novembro (2,47%), e o maior valor de fechamento no ano. Clique para saber mais.\",\"breadcrumb\":{\"@id\":\"https:\/\/www.suno.com.br\/noticias\/dolar-alta-sobe-terceiro\/#breadcrumb\"},\"inLanguage\":\"pt-BR\",\"potentialAction\":[{\"@type\":\"ReadAction\",\"target\":[\"https:\/\/www.suno.com.br\/noticias\/dolar-alta-sobe-terceiro\/\"]}]},{\"@type\":\"ImageObject\",\"inLanguage\":\"pt-BR\",\"@id\":\"https:\/\/www.suno.com.br\/noticias\/dolar-alta-sobe-terceiro\/#primaryimage\",\"url\":\"https:\/\/files.sunoresearch.com.br\/n\/uploads\/2018\/12\/4c245b01-d\u00f3lar-jpg.webp\",\"contentUrl\":\"https:\/\/files.sunoresearch.com.br\/n\/uploads\/2018\/12\/4c245b01-d\u00f3lar-jpg.webp\",\"width\":1140,\"height\":760,\"caption\":\"D\u00f3lar encerra em alta de 0,58%, cotado em R$ 4,24\"},{\"@type\":\"BreadcrumbList\",\"@id\":\"https:\/\/www.suno.com.br\/noticias\/dolar-alta-sobe-terceiro\/#breadcrumb\",\"itemListElement\":[{\"@type\":\"ListItem\",\"position\":1,\"name\":\"Not\u00edcias\",\"item\":\"https:\/\/www.suno.com.br\/noticias\/\"},{\"@type\":\"ListItem\",\"position\":2,\"name\":\"Mercado\",\"item\":\"https:\/\/www.suno.com.br\/noticias\/mercado\/\"},{\"@type\":\"ListItem\",\"position\":3,\"name\":\"D\u00f3lar tem alta de 1,47% e sobe pelo terceiro dia seguido\"}]},{\"@type\":\"WebSite\",\"@id\":\"https:\/\/www.suno.com.br\/noticias\/#website\",\"url\":\"https:\/\/www.suno.com.br\/noticias\/\",\"name\":\"Suno Not\u00edcias\",\"description\":\"Seu portal de informa\u00e7\u00e3o sobre o mundo dos investimentos\",\"publisher\":{\"@id\":\"https:\/\/www.suno.com.br\/noticias\/#organization\"},\"potentialAction\":[{\"@type\":\"SearchAction\",\"target\":{\"@type\":\"EntryPoint\",\"urlTemplate\":\"https:\/\/www.suno.com.br\/noticias\/?s={search_term_string}\"},\"query-input\":{\"@type\":\"PropertyValueSpecification\",\"valueRequired\":true,\"valueName\":\"search_term_string\"}}],\"inLanguage\":\"pt-BR\"},{\"@type\":\"Organization\",\"@id\":\"https:\/\/www.suno.com.br\/noticias\/#organization\",\"name\":\"Suno Not\u00edcias\",\"url\":\"https:\/\/www.suno.com.br\/noticias\/\",\"logo\":{\"@type\":\"ImageObject\",\"inLanguage\":\"pt-BR\",\"@id\":\"https:\/\/www.suno.com.br\/noticias\/#\/schema\/logo\/image\/\",\"url\":\"https:\/\/files.sunoresearch.com.br\/n\/uploads\/2021\/09\/suno-logo.png\",\"contentUrl\":\"https:\/\/files.sunoresearch.com.br\/n\/uploads\/2021\/09\/suno-logo.png\",\"width\":180,\"height\":180,\"caption\":\"Suno Not\u00edcias\"},\"image\":{\"@id\":\"https:\/\/www.suno.com.br\/noticias\/#\/schema\/logo\/image\/\"},\"sameAs\":[\"https:\/\/facebook.com\/sunoresearch\",\"https:\/\/x.com\/sunoresearch\",\"https:\/\/www.instagram.com\/suno\",\"https:\/\/www.linkedin.com\/company\/suno-research\/\",\"https:\/\/www.youtube.com\/c\/sunoresearch\"]},{\"@type\":\"Person\",\"@id\":\"https:\/\/www.suno.com.br\/noticias\/#\/schema\/person\/3f7693d5795a3f6d5ce15309ee785699\",\"name\":\"Renan Dantas\",\"image\":{\"@type\":\"ImageObject\",\"inLanguage\":\"pt-BR\",\"@id\":\"https:\/\/www.suno.com.br\/noticias\/#\/schema\/person\/image\/\",\"url\":\"https:\/\/secure.gravatar.com\/avatar\/1787b83e7484a08e51d62ac8b41c8396?s=96&r=g\",\"contentUrl\":\"https:\/\/secure.gravatar.com\/avatar\/1787b83e7484a08e51d62ac8b41c8396?s=96&r=g\",\"caption\":\"Renan Dantas\"},\"description\":\"Escreve sobre pol\u00edtica e mercado financeiro para o portal Suno Not\u00edcias. Antes, atuou na assessoria de comunica\u00e7\u00e3o do Minist\u00e9rio P\u00fablico do Trabalho e na R\u00e1dio Mackenzie, onde apresentava e produzia um programa sobre artistas da m\u00fasica brasileira. \u00c9 estudante na Universidade Presbiteriana Mackenzie.\",\"url\":\"https:\/\/www.suno.com.br\/noticias\/author\/renan-dantas\/\"}]}<\/script>\n<!-- \/ Yoast SEO plugin. -->","yoast_head_json":{"title":"D\u00f3lar tem alta de 1,47% e sobe pelo terceiro dia seguido","description":"\u00c9 a maior alta em tr\u00eas meses do d\u00f3lar desde 26 de novembro (2,47%), e o maior valor de fechamento no ano. Clique para saber mais.","robots":{"index":"index","follow":"follow","max-snippet":"max-snippet:-1","max-image-preview":"max-image-preview:large","max-video-preview":"max-video-preview:-1"},"canonical":"https:\/\/www.suno.com.br\/noticias\/dolar-alta-sobe-terceiro\/","og_locale":"pt_BR","og_type":"article","og_title":"D\u00f3lar tem alta de 1,47% e sobe pelo terceiro dia seguido","og_description":"\u00c9 a maior alta em tr\u00eas meses do d\u00f3lar desde 26 de novembro (2,47%), e o maior valor de fechamento no ano. Clique para saber mais.","og_url":"https:\/\/www.suno.com.br\/noticias\/dolar-alta-sobe-terceiro\/","og_site_name":"Suno Not\u00edcias","article_publisher":"https:\/\/facebook.com\/sunoresearch","og_image":[{"width":1140,"height":760,"url":"https:\/\/files.sunoresearch.com.br\/n\/uploads\/2018\/12\/4c245b01-d\u00f3lar.jpg","type":"image\/jpeg"}],"author":"Renan Dantas","twitter_card":"summary_large_image","twitter_creator":"@sunoresearch","twitter_site":"@sunoresearch","twitter_misc":{"Escrito por":"Renan Dantas","Est. tempo de leitura":"2 minutos"},"schema":{"@context":"https:\/\/schema.org","@graph":[{"@type":"NewsArticle","@id":"https:\/\/www.suno.com.br\/noticias\/dolar-alta-sobe-terceiro\/#article","isPartOf":{"@id":"https:\/\/www.suno.com.br\/noticias\/dolar-alta-sobe-terceiro\/"},"author":{"name":"Renan Dantas","@id":"https:\/\/www.suno.com.br\/noticias\/#\/schema\/person\/3f7693d5795a3f6d5ce15309ee785699"},"headline":"D\u00f3lar tem alta de 1,47% e sobe pelo terceiro dia seguido","datePublished":"2019-03-06T21:00:59+00:00","dateModified":"2019-03-06T21:02:16+00:00","mainEntityOfPage":{"@id":"https:\/\/www.suno.com.br\/noticias\/dolar-alta-sobe-terceiro\/"},"wordCount":444,"publisher":{"@id":"https:\/\/www.suno.com.br\/noticias\/#organization"},"image":{"@id":"https:\/\/www.suno.com.br\/noticias\/dolar-alta-sobe-terceiro\/#primaryimage"},"thumbnailUrl":"https:\/\/files.sunoresearch.com.br\/n\/uploads\/2018\/12\/4c245b01-d\u00f3lar-jpg.webp","keywords":["Boletim Focus","d\u00f3lar","Estados Unidos (EUA)","Produto Interno Bruto (PIB)","Reforma da Previd\u00eancia"],"articleSection":["Mercado"],"inLanguage":"pt-BR"},{"@type":"WebPage","@id":"https:\/\/www.suno.com.br\/noticias\/dolar-alta-sobe-terceiro\/","url":"https:\/\/www.suno.com.br\/noticias\/dolar-alta-sobe-terceiro\/","name":"D\u00f3lar tem alta de 1,47% e sobe pelo terceiro dia seguido","isPartOf":{"@id":"https:\/\/www.suno.com.br\/noticias\/#website"},"primaryImageOfPage":{"@id":"https:\/\/www.suno.com.br\/noticias\/dolar-alta-sobe-terceiro\/#primaryimage"},"image":{"@id":"https:\/\/www.suno.com.br\/noticias\/dolar-alta-sobe-terceiro\/#primaryimage"},"thumbnailUrl":"https:\/\/files.sunoresearch.com.br\/n\/uploads\/2018\/12\/4c245b01-d\u00f3lar-jpg.webp","datePublished":"2019-03-06T21:00:59+00:00","dateModified":"2019-03-06T21:02:16+00:00","description":"\u00c9 a maior alta em tr\u00eas meses do d\u00f3lar desde 26 de novembro (2,47%), e o maior valor de fechamento no ano. Clique para saber mais.","breadcrumb":{"@id":"https:\/\/www.suno.com.br\/noticias\/dolar-alta-sobe-terceiro\/#breadcrumb"},"inLanguage":"pt-BR","potentialAction":[{"@type":"ReadAction","target":["https:\/\/www.suno.com.br\/noticias\/dolar-alta-sobe-terceiro\/"]}]},{"@type":"ImageObject","inLanguage":"pt-BR","@id":"https:\/\/www.suno.com.br\/noticias\/dolar-alta-sobe-terceiro\/#primaryimage","url":"https:\/\/files.sunoresearch.com.br\/n\/uploads\/2018\/12\/4c245b01-d\u00f3lar-jpg.webp","contentUrl":"https:\/\/files.sunoresearch.com.br\/n\/uploads\/2018\/12\/4c245b01-d\u00f3lar-jpg.webp","width":1140,"height":760,"caption":"D\u00f3lar encerra em alta de 0,58%, cotado em R$ 4,24"},{"@type":"BreadcrumbList","@id":"https:\/\/www.suno.com.br\/noticias\/dolar-alta-sobe-terceiro\/#breadcrumb","itemListElement":[{"@type":"ListItem","position":1,"name":"Not\u00edcias","item":"https:\/\/www.suno.com.br\/noticias\/"},{"@type":"ListItem","position":2,"name":"Mercado","item":"https:\/\/www.suno.com.br\/noticias\/mercado\/"},{"@type":"ListItem","position":3,"name":"D\u00f3lar tem alta de 1,47% e sobe pelo terceiro dia seguido"}]},{"@type":"WebSite","@id":"https:\/\/www.suno.com.br\/noticias\/#website","url":"https:\/\/www.suno.com.br\/noticias\/","name":"Suno Not\u00edcias","description":"Seu portal de informa\u00e7\u00e3o sobre o mundo dos investimentos","publisher":{"@id":"https:\/\/www.suno.com.br\/noticias\/#organization"},"potentialAction":[{"@type":"SearchAction","target":{"@type":"EntryPoint","urlTemplate":"https:\/\/www.suno.com.br\/noticias\/?s={search_term_string}"},"query-input":{"@type":"PropertyValueSpecification","valueRequired":true,"valueName":"search_term_string"}}],"inLanguage":"pt-BR"},{"@type":"Organization","@id":"https:\/\/www.suno.com.br\/noticias\/#organization","name":"Suno Not\u00edcias","url":"https:\/\/www.suno.com.br\/noticias\/","logo":{"@type":"ImageObject","inLanguage":"pt-BR","@id":"https:\/\/www.suno.com.br\/noticias\/#\/schema\/logo\/image\/","url":"https:\/\/files.sunoresearch.com.br\/n\/uploads\/2021\/09\/suno-logo.png","contentUrl":"https:\/\/files.sunoresearch.com.br\/n\/uploads\/2021\/09\/suno-logo.png","width":180,"height":180,"caption":"Suno Not\u00edcias"},"image":{"@id":"https:\/\/www.suno.com.br\/noticias\/#\/schema\/logo\/image\/"},"sameAs":["https:\/\/facebook.com\/sunoresearch","https:\/\/x.com\/sunoresearch","https:\/\/www.instagram.com\/suno","https:\/\/www.linkedin.com\/company\/suno-research\/","https:\/\/www.youtube.com\/c\/sunoresearch"]},{"@type":"Person","@id":"https:\/\/www.suno.com.br\/noticias\/#\/schema\/person\/3f7693d5795a3f6d5ce15309ee785699","name":"Renan Dantas","image":{"@type":"ImageObject","inLanguage":"pt-BR","@id":"https:\/\/www.suno.com.br\/noticias\/#\/schema\/person\/image\/","url":"https:\/\/secure.gravatar.com\/avatar\/1787b83e7484a08e51d62ac8b41c8396?s=96&r=g","contentUrl":"https:\/\/secure.gravatar.com\/avatar\/1787b83e7484a08e51d62ac8b41c8396?s=96&r=g","caption":"Renan Dantas"},"description":"Escreve sobre pol\u00edtica e mercado financeiro para o portal Suno Not\u00edcias. Antes, atuou na assessoria de comunica\u00e7\u00e3o do Minist\u00e9rio P\u00fablico do Trabalho e na R\u00e1dio Mackenzie, onde apresentava e produzia um programa sobre artistas da m\u00fasica brasileira. \u00c9 estudante na Universidade Presbiteriana Mackenzie.","url":"https:\/\/www.suno.com.br\/noticias\/author\/renan-dantas\/"}]}},"default_loop_html":"<div class=\"cardsPage__listCard__boxs\"><div class=\"cardsPage__listCard__boxs__img\"><a href=\"https:\/\/www.suno.com.br\/noticias\/dolar-alta-sobe-terceiro\/\"><img class=\"mask\" src=\"https:\/\/www.suno.com.br\/noticias\/wp-content\/themes\/suno\/resources\/images\/spotlight\/spotlight1img\/bg-mask.png\" alt=\"Image Mask\"\/><img src=\"https:\/\/files.sunoresearch.com.br\/n\/uploads\/2018\/12\/4c245b01-d\u00f3lar-400x200.webp\" alt=\"D\u00f3lar tem alta de 1,47% e sobe pelo terceiro dia seguido\"\/><\/a><span class=\"spotlightCategory\"><a href=\"https:\/\/www.suno.com.br\/noticias\/mercado\/\">Mercado<\/a><\/span><\/div><div class=\"cardsPage__listCard__boxs__content\"><a href=\"https:\/\/www.suno.com.br\/noticias\/dolar-alta-sobe-terceiro\/\"><h2 class=\"content__title\">D\u00f3lar tem alta de 1,47% e sobe pelo terceiro dia seguido<\/h2><\/a><div class=\"newsContent__article__meta\"><div class=\"newsContent__article__meta__authorBox\"><a href=\"https:\/\/www.suno.com.br\/noticias\/author\/renan-dantas\/\" class=\"authorBox__avatar noMobi\"><img src=\"https:\/\/secure.gravatar.com\/avatar\/1787b83e7484a08e51d62ac8b41c8396?s=96&#038;r=g\" alt=\"Renan Dantas\"><\/a><div class=\"authorBox__name\"><span>por\n\t\t\t<a href=\"https:\/\/www.suno.com.br\/noticias\/author\/renan-dantas\/\"><span itemprop=\"author\">Renan Dantas<\/span><\/a><\/span><time datetime=\"2019-03-06T18:00:59-03:00\" itemprop=\"datePublished\">06\/03\/2019 18:00<\/time><\/div><\/div><\/div><\/div><\/div>","single_layout":"posts","amp_enabled":true,"_links":{"self":[{"href":"https:\/\/www.suno.com.br\/noticias\/wp-json\/wp\/v2\/posts\/17244"}],"collection":[{"href":"https:\/\/www.suno.com.br\/noticias\/wp-json\/wp\/v2\/posts"}],"about":[{"href":"https:\/\/www.suno.com.br\/noticias\/wp-json\/wp\/v2\/types\/post"}],"author":[{"embeddable":true,"href":"https:\/\/www.suno.com.br\/noticias\/wp-json\/wp\/v2\/users\/14"}],"replies":[{"embeddable":true,"href":"https:\/\/www.suno.com.br\/noticias\/wp-json\/wp\/v2\/comments?post=17244"}],"version-history":[{"count":0,"href":"https:\/\/www.suno.com.br\/noticias\/wp-json\/wp\/v2\/posts\/17244\/revisions"}],"wp:featuredmedia":[{"embeddable":true,"href":"https:\/\/www.suno.com.br\/noticias\/wp-json\/wp\/v2\/media\/7933"}],"wp:attachment":[{"href":"https:\/\/www.suno.com.br\/noticias\/wp-json\/wp\/v2\/media?parent=17244"}],"wp:term":[{"taxonomy":"category","embeddable":true,"href":"https:\/\/www.suno.com.br\/noticias\/wp-json\/wp\/v2\/categories?post=17244"},{"taxonomy":"post_tag","embeddable":true,"href":"https:\/\/www.suno.com.br\/noticias\/wp-json\/wp\/v2\/tags?post=17244"},{"taxonomy":"suno_strategy","embeddable":true,"href":"https:\/\/www.suno.com.br\/noticias\/wp-json\/wp\/v2\/suno_strategy?post=17244"}],"curies":[{"name":"wp","href":"https:\/\/api.w.org\/{rel}","templated":true}]}}