{"id":17230,"date":"2019-03-06T16:41:03","date_gmt":"2019-03-06T19:41:03","guid":{"rendered":"https:\/\/www.suno.com.br\/noticias\/?p=17230"},"modified":"2019-03-06T16:41:03","modified_gmt":"2019-03-06T19:41:03","slug":"vale-sobem-troca-presidente","status":"publish","type":"post","link":"https:\/\/www.suno.com.br\/noticias\/vale-sobem-troca-presidente\/","title":{"rendered":"A\u00e7\u00f5es da Vale sobem ap\u00f3s troca de presidente"},"content":{"rendered":"<p>As a\u00e7\u00f5es da <a href=\"https:\/\/lp.suno.com.br\/vale-brumadinho-noticias\/\">Vale (VALE3)<\/a> subiram nesta quarta-feira (06) ap\u00f3s o conselho da empresa trocar o comando da mineradora.<\/p>\t<div class=\"wrapper-featured-image\">\n\t\t<figure class=\"spotlightImg\">\n\n\t\t\t<picture>\n\t\t\t\t<source media=\"(max-width: 768px)\" srcset=\"https:\/\/files.sunoresearch.com.br\/n\/uploads\/2019\/03\/e3df4c27-vale-3-400x200.webp\">\n\t\t\t\t<img loading=\"lazy\" decoding=\"async\" class=\"newsContent__article__imgCapa lazyloadDisabled newsContent__article__imgCapa--noCaption\" src=\"https:\/\/files.sunoresearch.com.br\/n\/uploads\/2019\/03\/e3df4c27-vale-3-800x450.webp\" width=\"800\" height=\"450\" alt=\"A\u00e7\u00f5es da Vale sobem ap\u00f3s troca de presidente\" fetchpriority=high \/>\n\t\t\t<\/picture>\n\n\t\t\t<figcaption class=\"wp-caption-text wp-caption-text--hide\">Vale<\/figcaption>\n\t\t<\/figure>\n\t<\/div>\n\n\n<p>\u00c0s 16h16, os pap\u00e9is da <strong>Vale<\/strong> subiam 1,86%, vendido a R$ 47,61. No \u00faltimo s\u00e1bado (02), a companhia anunciou que <strong><a href=\"https:\/\/www.suno.com.br\/tudo-sobre\/fabio-schvartsman\/\">Fabio Schvartsman<\/a><\/strong> n\u00e3o era mais o diretor-presidente da empresa.\u00a0O presidente da mineradora estava em dificuldades desde o rompimento da <strong>barragem<\/strong> de <strong>Brumadinho,<\/strong> no dia 25 de janeiro. Em seu lugar foi colocado <strong>Eduardo Bartolomeo<\/strong>.<\/p>\n<p><a href=\"https:\/\/www.suno.com.br\/noticias\/suica-dupla-tributacao-bitributacao-brasil\/\">Saiba mais:\u00a0Eduardo Bartolomeo assume presid\u00eancia interina da Vale<\/a><\/p>\n<p>O afastamento de <strong>Schvartsman<\/strong> tinha sido recomendado \u00e0 <strong>Vale<\/strong> pela\u00a0<strong>for\u00e7a-tarefa<\/strong> que investiga a trag\u00e9dia de <strong>Brumadinho<\/strong> (MG). Al\u00e9m do diretor-presidente, tinha sido\u00a0recomendado o afastamento de outros tr\u00eas executivos da <strong>mineradora.<\/strong><\/p>\n<p>Em uma carta endere\u00e7ada ao <strong>Conselho de Administra\u00e7\u00e3o<\/strong> da <strong>Vale,<\/strong> o diretor-presidente pediu o afastamento tempor\u00e1rio das fun\u00e7\u00f5es &#8220;em benef\u00edcio da continuidade das opera\u00e7\u00f5es da companhia e do apoio \u00e0s v\u00edtimas e a suas fam\u00edlias&#8221;. Na carta, <strong>Schvartsman<\/strong> defendeu sua gest\u00e3o, e salientou que levou adiante uma &#8220;apura\u00e7\u00e3o independente&#8221; do desastre de <strong>Brumadinho<\/strong> (MG).<\/p>\n<p><a href=\"https:\/\/www.suno.com.br\/noticias\/forca-tarefa-recomenda-afastamento-presidente-vale\/\">Saiba mais: For\u00e7a-tarefa recomenda afastamento de presidente da Vale\u00a0<\/a><\/p>\n<p>O executivo disse que fez quest\u00e3o de atender a todas as demandas da imprensa e das autoridades e que procurou transmitir diretamente as v\u00edtimas, as suas fam\u00edlias, \u00e0 opini\u00e3o p\u00fablica, aos acionistas e todos os interlocutores da <strong>Vale<\/strong> o compromisso &#8220;com a atua\u00e7\u00e3o mais adequada e de alto n\u00edvel poss\u00edvel da companhia, no momento mais grave de sua hist\u00f3ria&#8221;.<\/p>\n<p><a href=\"https:\/\/www.suno.com.br\/noticias\/moodys-riscos-elevados-vale-brumadinho\/\">Saiba mais &#8211; Moody&#8217;s: riscos elevados para a Vale por Brumadinho<\/a><\/p>\n<p>&#8220;Estou absolutamente convicto de que minha atua\u00e7\u00e3o pessoal e a dos demais membros de nossa Diretoria, cujo afastamento \u00e9 agora solicitado, foi absolutamente adequada, correta e, principalmente, fiel aos nossos valores inegoci\u00e1veis de prote\u00e7\u00e3o \u00e0 seguran\u00e7a das opera\u00e7\u00f5es da companhia, e \u00e0s diretrizes nesse sentido emanadas desse Conselho&#8221;, disse o ex-presidente da <strong>Vale<\/strong>,\u00a0 <strong>Fabio Schvartsman<\/strong> em sua carta de afastamento.<\/p>\n<p>&nbsp;<\/p>\n","protected":false},"excerpt":{"rendered":"<p>As a\u00e7\u00f5es da Vale (VALE3) subiram nesta quarta-feira (06) ap\u00f3s o conselho da empresa trocar o comando da mineradora. Vale \u00c0s 16h16, os pap\u00e9is da Vale subiam 1,86%, vendido a R$ 47,61. No \u00faltimo s\u00e1bado (02), a companhia anunciou que Fabio Schvartsman n\u00e3o era mais o diretor-presidente da empresa.\u00a0O presidente da mineradora estava em dificuldades [&hellip;]<\/p>\n","protected":false},"author":14,"featured_media":17236,"comment_status":"closed","ping_status":"closed","sticky":false,"template":"","format":"standard","meta":[],"categories":[60],"tags":[286,1032,676],"suno_strategy":[],"class_list":["post-17230","post","type-post","status-publish","format-standard","has-post-thumbnail","hentry","category-mercado","tag-acoes","tag-brumadinho","tag-vale-vale3"],"yoast_head":"<!-- This site is optimized with the Yoast SEO plugin v24.4 - https:\/\/yoast.com\/wordpress\/plugins\/seo\/ -->\n<title>A\u00e7\u00f5es da Vale sobem ap\u00f3s troca de presidente<\/title>\n<meta name=\"description\" content=\"\u00c0s 16h16, os pap\u00e9is da Vale subiam 1,86%, vendido a R$ 47,61. No s\u00e1bado, a companhia anunciou a demis\u00e3o de Fabio Schvartsman. Leia mais.\" \/>\n<meta name=\"robots\" content=\"index, follow, max-snippet:-1, max-image-preview:large, max-video-preview:-1\" \/>\n<link rel=\"canonical\" href=\"https:\/\/www.suno.com.br\/noticias\/vale-sobem-troca-presidente\/\" \/>\n<meta property=\"og:locale\" content=\"pt_BR\" \/>\n<meta property=\"og:type\" content=\"article\" \/>\n<meta property=\"og:title\" content=\"A\u00e7\u00f5es da Vale sobem ap\u00f3s troca de presidente\" \/>\n<meta property=\"og:description\" content=\"\u00c0s 16h16, os pap\u00e9is da Vale subiam 1,86%, vendido a R$ 47,61. No s\u00e1bado, a companhia anunciou a demis\u00e3o de Fabio Schvartsman. Leia mais.\" \/>\n<meta property=\"og:url\" content=\"https:\/\/www.suno.com.br\/noticias\/vale-sobem-troca-presidente\/\" \/>\n<meta property=\"og:site_name\" content=\"Suno Not\u00edcias\" \/>\n<meta property=\"article:publisher\" content=\"https:\/\/facebook.com\/sunoresearch\" \/>\n<meta property=\"og:image\" content=\"https:\/\/files.sunoresearch.com.br\/n\/uploads\/2019\/03\/e3df4c27-vale-3.jpg\" \/>\n\t<meta property=\"og:image:width\" content=\"1920\" \/>\n\t<meta property=\"og:image:height\" content=\"1078\" \/>\n\t<meta property=\"og:image:type\" content=\"image\/jpeg\" \/>\n<meta name=\"author\" content=\"Renan Dantas\" \/>\n<meta name=\"twitter:card\" content=\"summary_large_image\" \/>\n<meta name=\"twitter:creator\" content=\"@sunoresearch\" \/>\n<meta name=\"twitter:site\" content=\"@sunoresearch\" \/>\n<meta name=\"twitter:label1\" content=\"Escrito por\" \/>\n\t<meta name=\"twitter:data1\" content=\"Renan Dantas\" \/>\n\t<meta name=\"twitter:label2\" content=\"Est. tempo de leitura\" \/>\n\t<meta name=\"twitter:data2\" content=\"2 minutos\" \/>\n<script type=\"application\/ld+json\" class=\"yoast-schema-graph\">{\"@context\":\"https:\/\/schema.org\",\"@graph\":[{\"@type\":\"NewsArticle\",\"@id\":\"https:\/\/www.suno.com.br\/noticias\/vale-sobem-troca-presidente\/#article\",\"isPartOf\":{\"@id\":\"https:\/\/www.suno.com.br\/noticias\/vale-sobem-troca-presidente\/\"},\"author\":{\"name\":\"Renan Dantas\",\"@id\":\"https:\/\/www.suno.com.br\/noticias\/#\/schema\/person\/3f7693d5795a3f6d5ce15309ee785699\"},\"headline\":\"A\u00e7\u00f5es da Vale sobem ap\u00f3s troca de presidente\",\"datePublished\":\"2019-03-06T19:41:03+00:00\",\"mainEntityOfPage\":{\"@id\":\"https:\/\/www.suno.com.br\/noticias\/vale-sobem-troca-presidente\/\"},\"wordCount\":346,\"publisher\":{\"@id\":\"https:\/\/www.suno.com.br\/noticias\/#organization\"},\"image\":{\"@id\":\"https:\/\/www.suno.com.br\/noticias\/vale-sobem-troca-presidente\/#primaryimage\"},\"thumbnailUrl\":\"https:\/\/files.sunoresearch.com.br\/n\/uploads\/2019\/03\/e3df4c27-vale-3-jpg.webp\",\"keywords\":[\"A\u00e7\u00f5es\",\"Brumadinho\",\"Vale (VALE3)\"],\"articleSection\":[\"Mercado\"],\"inLanguage\":\"pt-BR\"},{\"@type\":\"WebPage\",\"@id\":\"https:\/\/www.suno.com.br\/noticias\/vale-sobem-troca-presidente\/\",\"url\":\"https:\/\/www.suno.com.br\/noticias\/vale-sobem-troca-presidente\/\",\"name\":\"A\u00e7\u00f5es da Vale sobem ap\u00f3s troca de presidente\",\"isPartOf\":{\"@id\":\"https:\/\/www.suno.com.br\/noticias\/#website\"},\"primaryImageOfPage\":{\"@id\":\"https:\/\/www.suno.com.br\/noticias\/vale-sobem-troca-presidente\/#primaryimage\"},\"image\":{\"@id\":\"https:\/\/www.suno.com.br\/noticias\/vale-sobem-troca-presidente\/#primaryimage\"},\"thumbnailUrl\":\"https:\/\/files.sunoresearch.com.br\/n\/uploads\/2019\/03\/e3df4c27-vale-3-jpg.webp\",\"datePublished\":\"2019-03-06T19:41:03+00:00\",\"description\":\"\u00c0s 16h16, os pap\u00e9is da Vale subiam 1,86%, vendido a R$ 47,61. No s\u00e1bado, a companhia anunciou a demis\u00e3o de Fabio Schvartsman. Leia mais.\",\"breadcrumb\":{\"@id\":\"https:\/\/www.suno.com.br\/noticias\/vale-sobem-troca-presidente\/#breadcrumb\"},\"inLanguage\":\"pt-BR\",\"potentialAction\":[{\"@type\":\"ReadAction\",\"target\":[\"https:\/\/www.suno.com.br\/noticias\/vale-sobem-troca-presidente\/\"]}]},{\"@type\":\"ImageObject\",\"inLanguage\":\"pt-BR\",\"@id\":\"https:\/\/www.suno.com.br\/noticias\/vale-sobem-troca-presidente\/#primaryimage\",\"url\":\"https:\/\/files.sunoresearch.com.br\/n\/uploads\/2019\/03\/e3df4c27-vale-3-jpg.webp\",\"contentUrl\":\"https:\/\/files.sunoresearch.com.br\/n\/uploads\/2019\/03\/e3df4c27-vale-3-jpg.webp\",\"width\":1920,\"height\":1078,\"caption\":\"Vale\"},{\"@type\":\"BreadcrumbList\",\"@id\":\"https:\/\/www.suno.com.br\/noticias\/vale-sobem-troca-presidente\/#breadcrumb\",\"itemListElement\":[{\"@type\":\"ListItem\",\"position\":1,\"name\":\"Not\u00edcias\",\"item\":\"https:\/\/www.suno.com.br\/noticias\/\"},{\"@type\":\"ListItem\",\"position\":2,\"name\":\"Mercado\",\"item\":\"https:\/\/www.suno.com.br\/noticias\/mercado\/\"},{\"@type\":\"ListItem\",\"position\":3,\"name\":\"A\u00e7\u00f5es da Vale sobem ap\u00f3s troca de presidente\"}]},{\"@type\":\"WebSite\",\"@id\":\"https:\/\/www.suno.com.br\/noticias\/#website\",\"url\":\"https:\/\/www.suno.com.br\/noticias\/\",\"name\":\"Suno Not\u00edcias\",\"description\":\"Seu portal de informa\u00e7\u00e3o sobre o mundo dos investimentos\",\"publisher\":{\"@id\":\"https:\/\/www.suno.com.br\/noticias\/#organization\"},\"potentialAction\":[{\"@type\":\"SearchAction\",\"target\":{\"@type\":\"EntryPoint\",\"urlTemplate\":\"https:\/\/www.suno.com.br\/noticias\/?s={search_term_string}\"},\"query-input\":{\"@type\":\"PropertyValueSpecification\",\"valueRequired\":true,\"valueName\":\"search_term_string\"}}],\"inLanguage\":\"pt-BR\"},{\"@type\":\"Organization\",\"@id\":\"https:\/\/www.suno.com.br\/noticias\/#organization\",\"name\":\"Suno Not\u00edcias\",\"url\":\"https:\/\/www.suno.com.br\/noticias\/\",\"logo\":{\"@type\":\"ImageObject\",\"inLanguage\":\"pt-BR\",\"@id\":\"https:\/\/www.suno.com.br\/noticias\/#\/schema\/logo\/image\/\",\"url\":\"https:\/\/files.sunoresearch.com.br\/n\/uploads\/2021\/09\/suno-logo.png\",\"contentUrl\":\"https:\/\/files.sunoresearch.com.br\/n\/uploads\/2021\/09\/suno-logo.png\",\"width\":180,\"height\":180,\"caption\":\"Suno Not\u00edcias\"},\"image\":{\"@id\":\"https:\/\/www.suno.com.br\/noticias\/#\/schema\/logo\/image\/\"},\"sameAs\":[\"https:\/\/facebook.com\/sunoresearch\",\"https:\/\/x.com\/sunoresearch\",\"https:\/\/www.instagram.com\/suno\",\"https:\/\/www.linkedin.com\/company\/suno-research\/\",\"https:\/\/www.youtube.com\/c\/sunoresearch\"]},{\"@type\":\"Person\",\"@id\":\"https:\/\/www.suno.com.br\/noticias\/#\/schema\/person\/3f7693d5795a3f6d5ce15309ee785699\",\"name\":\"Renan Dantas\",\"image\":{\"@type\":\"ImageObject\",\"inLanguage\":\"pt-BR\",\"@id\":\"https:\/\/www.suno.com.br\/noticias\/#\/schema\/person\/image\/\",\"url\":\"https:\/\/secure.gravatar.com\/avatar\/1787b83e7484a08e51d62ac8b41c8396?s=96&r=g\",\"contentUrl\":\"https:\/\/secure.gravatar.com\/avatar\/1787b83e7484a08e51d62ac8b41c8396?s=96&r=g\",\"caption\":\"Renan Dantas\"},\"description\":\"Escreve sobre pol\u00edtica e mercado financeiro para o portal Suno Not\u00edcias. Antes, atuou na assessoria de comunica\u00e7\u00e3o do Minist\u00e9rio P\u00fablico do Trabalho e na R\u00e1dio Mackenzie, onde apresentava e produzia um programa sobre artistas da m\u00fasica brasileira. \u00c9 estudante na Universidade Presbiteriana Mackenzie.\",\"url\":\"https:\/\/www.suno.com.br\/noticias\/author\/renan-dantas\/\"}]}<\/script>\n<!-- \/ Yoast SEO plugin. -->","yoast_head_json":{"title":"A\u00e7\u00f5es da Vale sobem ap\u00f3s troca de presidente","description":"\u00c0s 16h16, os pap\u00e9is da Vale subiam 1,86%, vendido a R$ 47,61. No s\u00e1bado, a companhia anunciou a demis\u00e3o de Fabio Schvartsman. Leia mais.","robots":{"index":"index","follow":"follow","max-snippet":"max-snippet:-1","max-image-preview":"max-image-preview:large","max-video-preview":"max-video-preview:-1"},"canonical":"https:\/\/www.suno.com.br\/noticias\/vale-sobem-troca-presidente\/","og_locale":"pt_BR","og_type":"article","og_title":"A\u00e7\u00f5es da Vale sobem ap\u00f3s troca de presidente","og_description":"\u00c0s 16h16, os pap\u00e9is da Vale subiam 1,86%, vendido a R$ 47,61. No s\u00e1bado, a companhia anunciou a demis\u00e3o de Fabio Schvartsman. Leia mais.","og_url":"https:\/\/www.suno.com.br\/noticias\/vale-sobem-troca-presidente\/","og_site_name":"Suno Not\u00edcias","article_publisher":"https:\/\/facebook.com\/sunoresearch","og_image":[{"width":1920,"height":1078,"url":"https:\/\/files.sunoresearch.com.br\/n\/uploads\/2019\/03\/e3df4c27-vale-3.jpg","type":"image\/jpeg"}],"author":"Renan Dantas","twitter_card":"summary_large_image","twitter_creator":"@sunoresearch","twitter_site":"@sunoresearch","twitter_misc":{"Escrito por":"Renan Dantas","Est. tempo de leitura":"2 minutos"},"schema":{"@context":"https:\/\/schema.org","@graph":[{"@type":"NewsArticle","@id":"https:\/\/www.suno.com.br\/noticias\/vale-sobem-troca-presidente\/#article","isPartOf":{"@id":"https:\/\/www.suno.com.br\/noticias\/vale-sobem-troca-presidente\/"},"author":{"name":"Renan Dantas","@id":"https:\/\/www.suno.com.br\/noticias\/#\/schema\/person\/3f7693d5795a3f6d5ce15309ee785699"},"headline":"A\u00e7\u00f5es da Vale sobem ap\u00f3s troca de presidente","datePublished":"2019-03-06T19:41:03+00:00","mainEntityOfPage":{"@id":"https:\/\/www.suno.com.br\/noticias\/vale-sobem-troca-presidente\/"},"wordCount":346,"publisher":{"@id":"https:\/\/www.suno.com.br\/noticias\/#organization"},"image":{"@id":"https:\/\/www.suno.com.br\/noticias\/vale-sobem-troca-presidente\/#primaryimage"},"thumbnailUrl":"https:\/\/files.sunoresearch.com.br\/n\/uploads\/2019\/03\/e3df4c27-vale-3-jpg.webp","keywords":["A\u00e7\u00f5es","Brumadinho","Vale (VALE3)"],"articleSection":["Mercado"],"inLanguage":"pt-BR"},{"@type":"WebPage","@id":"https:\/\/www.suno.com.br\/noticias\/vale-sobem-troca-presidente\/","url":"https:\/\/www.suno.com.br\/noticias\/vale-sobem-troca-presidente\/","name":"A\u00e7\u00f5es da Vale sobem ap\u00f3s troca de presidente","isPartOf":{"@id":"https:\/\/www.suno.com.br\/noticias\/#website"},"primaryImageOfPage":{"@id":"https:\/\/www.suno.com.br\/noticias\/vale-sobem-troca-presidente\/#primaryimage"},"image":{"@id":"https:\/\/www.suno.com.br\/noticias\/vale-sobem-troca-presidente\/#primaryimage"},"thumbnailUrl":"https:\/\/files.sunoresearch.com.br\/n\/uploads\/2019\/03\/e3df4c27-vale-3-jpg.webp","datePublished":"2019-03-06T19:41:03+00:00","description":"\u00c0s 16h16, os pap\u00e9is da Vale subiam 1,86%, vendido a R$ 47,61. No s\u00e1bado, a companhia anunciou a demis\u00e3o de Fabio Schvartsman. Leia mais.","breadcrumb":{"@id":"https:\/\/www.suno.com.br\/noticias\/vale-sobem-troca-presidente\/#breadcrumb"},"inLanguage":"pt-BR","potentialAction":[{"@type":"ReadAction","target":["https:\/\/www.suno.com.br\/noticias\/vale-sobem-troca-presidente\/"]}]},{"@type":"ImageObject","inLanguage":"pt-BR","@id":"https:\/\/www.suno.com.br\/noticias\/vale-sobem-troca-presidente\/#primaryimage","url":"https:\/\/files.sunoresearch.com.br\/n\/uploads\/2019\/03\/e3df4c27-vale-3-jpg.webp","contentUrl":"https:\/\/files.sunoresearch.com.br\/n\/uploads\/2019\/03\/e3df4c27-vale-3-jpg.webp","width":1920,"height":1078,"caption":"Vale"},{"@type":"BreadcrumbList","@id":"https:\/\/www.suno.com.br\/noticias\/vale-sobem-troca-presidente\/#breadcrumb","itemListElement":[{"@type":"ListItem","position":1,"name":"Not\u00edcias","item":"https:\/\/www.suno.com.br\/noticias\/"},{"@type":"ListItem","position":2,"name":"Mercado","item":"https:\/\/www.suno.com.br\/noticias\/mercado\/"},{"@type":"ListItem","position":3,"name":"A\u00e7\u00f5es da Vale sobem ap\u00f3s troca de presidente"}]},{"@type":"WebSite","@id":"https:\/\/www.suno.com.br\/noticias\/#website","url":"https:\/\/www.suno.com.br\/noticias\/","name":"Suno Not\u00edcias","description":"Seu portal de informa\u00e7\u00e3o sobre o mundo dos investimentos","publisher":{"@id":"https:\/\/www.suno.com.br\/noticias\/#organization"},"potentialAction":[{"@type":"SearchAction","target":{"@type":"EntryPoint","urlTemplate":"https:\/\/www.suno.com.br\/noticias\/?s={search_term_string}"},"query-input":{"@type":"PropertyValueSpecification","valueRequired":true,"valueName":"search_term_string"}}],"inLanguage":"pt-BR"},{"@type":"Organization","@id":"https:\/\/www.suno.com.br\/noticias\/#organization","name":"Suno Not\u00edcias","url":"https:\/\/www.suno.com.br\/noticias\/","logo":{"@type":"ImageObject","inLanguage":"pt-BR","@id":"https:\/\/www.suno.com.br\/noticias\/#\/schema\/logo\/image\/","url":"https:\/\/files.sunoresearch.com.br\/n\/uploads\/2021\/09\/suno-logo.png","contentUrl":"https:\/\/files.sunoresearch.com.br\/n\/uploads\/2021\/09\/suno-logo.png","width":180,"height":180,"caption":"Suno Not\u00edcias"},"image":{"@id":"https:\/\/www.suno.com.br\/noticias\/#\/schema\/logo\/image\/"},"sameAs":["https:\/\/facebook.com\/sunoresearch","https:\/\/x.com\/sunoresearch","https:\/\/www.instagram.com\/suno","https:\/\/www.linkedin.com\/company\/suno-research\/","https:\/\/www.youtube.com\/c\/sunoresearch"]},{"@type":"Person","@id":"https:\/\/www.suno.com.br\/noticias\/#\/schema\/person\/3f7693d5795a3f6d5ce15309ee785699","name":"Renan Dantas","image":{"@type":"ImageObject","inLanguage":"pt-BR","@id":"https:\/\/www.suno.com.br\/noticias\/#\/schema\/person\/image\/","url":"https:\/\/secure.gravatar.com\/avatar\/1787b83e7484a08e51d62ac8b41c8396?s=96&r=g","contentUrl":"https:\/\/secure.gravatar.com\/avatar\/1787b83e7484a08e51d62ac8b41c8396?s=96&r=g","caption":"Renan Dantas"},"description":"Escreve sobre pol\u00edtica e mercado financeiro para o portal Suno Not\u00edcias. Antes, atuou na assessoria de comunica\u00e7\u00e3o do Minist\u00e9rio P\u00fablico do Trabalho e na R\u00e1dio Mackenzie, onde apresentava e produzia um programa sobre artistas da m\u00fasica brasileira. \u00c9 estudante na Universidade Presbiteriana Mackenzie.","url":"https:\/\/www.suno.com.br\/noticias\/author\/renan-dantas\/"}]}},"default_loop_html":"<div class=\"cardsPage__listCard__boxs\"><div class=\"cardsPage__listCard__boxs__img\"><a href=\"https:\/\/www.suno.com.br\/noticias\/vale-sobem-troca-presidente\/\"><img class=\"mask\" src=\"https:\/\/www.suno.com.br\/noticias\/wp-content\/themes\/suno\/resources\/images\/spotlight\/spotlight1img\/bg-mask.png\" alt=\"Image Mask\"\/><img src=\"https:\/\/files.sunoresearch.com.br\/n\/uploads\/2019\/03\/e3df4c27-vale-3-400x200.webp\" alt=\"A\u00e7\u00f5es da Vale sobem ap\u00f3s troca de presidente\"\/><\/a><span class=\"spotlightCategory\"><a href=\"https:\/\/www.suno.com.br\/noticias\/mercado\/\">Mercado<\/a><\/span><\/div><div class=\"cardsPage__listCard__boxs__content\"><a href=\"https:\/\/www.suno.com.br\/noticias\/vale-sobem-troca-presidente\/\"><h2 class=\"content__title\">A\u00e7\u00f5es da Vale sobem ap\u00f3s troca de presidente<\/h2><\/a><div class=\"newsContent__article__meta\"><div class=\"newsContent__article__meta__authorBox\"><a href=\"https:\/\/www.suno.com.br\/noticias\/author\/renan-dantas\/\" class=\"authorBox__avatar noMobi\"><img src=\"https:\/\/secure.gravatar.com\/avatar\/1787b83e7484a08e51d62ac8b41c8396?s=96&#038;r=g\" alt=\"Renan Dantas\"><\/a><div class=\"authorBox__name\"><span>por\n\t\t\t<a href=\"https:\/\/www.suno.com.br\/noticias\/author\/renan-dantas\/\"><span itemprop=\"author\">Renan Dantas<\/span><\/a><\/span><time datetime=\"2019-03-06T16:41:03-03:00\" itemprop=\"datePublished\">06\/03\/2019 16:41<\/time><\/div><\/div><\/div><\/div><\/div>","single_layout":"posts","amp_enabled":true,"_links":{"self":[{"href":"https:\/\/www.suno.com.br\/noticias\/wp-json\/wp\/v2\/posts\/17230"}],"collection":[{"href":"https:\/\/www.suno.com.br\/noticias\/wp-json\/wp\/v2\/posts"}],"about":[{"href":"https:\/\/www.suno.com.br\/noticias\/wp-json\/wp\/v2\/types\/post"}],"author":[{"embeddable":true,"href":"https:\/\/www.suno.com.br\/noticias\/wp-json\/wp\/v2\/users\/14"}],"replies":[{"embeddable":true,"href":"https:\/\/www.suno.com.br\/noticias\/wp-json\/wp\/v2\/comments?post=17230"}],"version-history":[{"count":0,"href":"https:\/\/www.suno.com.br\/noticias\/wp-json\/wp\/v2\/posts\/17230\/revisions"}],"wp:featuredmedia":[{"embeddable":true,"href":"https:\/\/www.suno.com.br\/noticias\/wp-json\/wp\/v2\/media\/17236"}],"wp:attachment":[{"href":"https:\/\/www.suno.com.br\/noticias\/wp-json\/wp\/v2\/media?parent=17230"}],"wp:term":[{"taxonomy":"category","embeddable":true,"href":"https:\/\/www.suno.com.br\/noticias\/wp-json\/wp\/v2\/categories?post=17230"},{"taxonomy":"post_tag","embeddable":true,"href":"https:\/\/www.suno.com.br\/noticias\/wp-json\/wp\/v2\/tags?post=17230"},{"taxonomy":"suno_strategy","embeddable":true,"href":"https:\/\/www.suno.com.br\/noticias\/wp-json\/wp\/v2\/suno_strategy?post=17230"}],"curies":[{"name":"wp","href":"https:\/\/api.w.org\/{rel}","templated":true}]}}