{"id":172224,"date":"2021-08-04T15:57:53","date_gmt":"2021-08-04T18:57:53","guid":{"rendered":"https:\/\/www.suno.com.br\/noticias\/?p=172224"},"modified":"2021-08-04T15:57:53","modified_gmt":"2021-08-04T18:57:53","slug":"bolsonaro-volta-vale-gas-petrobras-petr4","status":"publish","type":"post","link":"https:\/\/www.suno.com.br\/noticias\/bolsonaro-volta-vale-gas-petrobras-petr4\/","title":{"rendered":"Bolsonaro volta a falar em vale-g\u00e1s da Petrobras (PETR4)"},"content":{"rendered":"<p>Mesmo ap\u00f3s pronunciamento da companhia, o presidente da Rep\u00fablica, Jair Bolsonaro (sem partido), voltou a afirmar que a <a href=\"https:\/\/www.suno.com.br\/acoes\/petr4\/\"><strong>Petrobras<\/strong> (PETR4)<\/a> possui um fundo de cerca de R$ 3 bilh\u00f5es para fazer um programa nos moldes do vale-g\u00e1s e subsidiar a compra do botij\u00e3o de g\u00e1s de cozinha para a popula\u00e7\u00e3o de baixa renda.<\/p>\t<div class=\"wrapper-featured-image\">\n\t\t<figure class=\"spotlightImg\">\n\n\t\t\t<picture>\n\t\t\t\t<source media=\"(max-width: 768px)\" srcset=\"https:\/\/files.sunoresearch.com.br\/n\/uploads\/2021\/04\/75565352-jair-bolsonaro-foto-isac-nobrega-pr-1-400x200.webp\">\n\t\t\t\t<img loading=\"lazy\" decoding=\"async\" class=\"newsContent__article__imgCapa lazyloadDisabled \" src=\"https:\/\/files.sunoresearch.com.br\/n\/uploads\/2021\/04\/75565352-jair-bolsonaro-foto-isac-nobrega-pr-1-800x450.webp\" width=\"800\" height=\"450\" alt=\"Bolsonaro volta a falar em vale-g\u00e1s da Petrobras (PETR4)\" fetchpriority=high \/>\n\t\t\t<\/picture>\n\n\t\t\t<figcaption class=\"wp-caption-text wp-caption-text--show\">Afirma\u00e7\u00f5es sobre vale g\u00e1s da Petrobras ocasionaram comunicado da companhia - Foto: Marcelo Camargo - Ag\u00eancia Brasil<\/figcaption>\n\t\t<\/figure>\n\t<\/div>\n\n\n\t<p>\n\t\t<a href=\"https:\/\/lp.suno.com.br\/planilha-controle-gastos\/\" target=\"_blank\" data-element=\"shortcode-suno-banner\" title=\"Banner SUNO, clique e saiba mais\">\n\t\t\t<picture>\n\t\t\t\t<source media=\"(max-width: 500px)\" srcset=\"https:\/\/files.sunoresearch.com.br\/n\/uploads\/2023\/03\/400x300-Planilha-controle-de-gastos.png\">\n\t\t\t\t<img class=\"newsContent__article__imgCapa newsContent__article__imgCapa--banner\"\n\t\t\t\t\tsrc=\"https:\/\/files.sunoresearch.com.br\/n\/uploads\/2023\/03\/1420x240-Planilha-controle-de-gastos.png\"\n\t\t\t\t\tdata-promo-id=\"101751\"\t\t\t\t\t\t\t\t\t\twidth='1420' height='240'\t\t\t\t\talt=\"https:\/\/files.sunoresearch.com.br\/n\/uploads\/2023\/03\/1420x240-Planilha-controle-de-gastos.png\"\n\t\t\t\t>\n\t\t\t<\/picture>\n\t\t<\/a>\n\t<\/p>\n\n\n<p>&#8220;<a href=\"https:\/\/www.suno.com.br\/noticias\/petrobras-petr4-pronuncia-fala-vale-gas-bolsonaro\/\">Est\u00e1 bastante avan\u00e7ada essa proposta<\/a>. Depende de pequenos acertos porque a Petrobras n\u00e3o \u00e9 minha. Ela tem a participa\u00e7\u00e3o do privado tamb\u00e9m. Estamos negociando isso a\u00ed&#8221;, afirmou o <strong>presidente<\/strong> durante entrevista \u00e0 <i>R\u00e1dio 96 FM<\/i>, de Natal (RN), no per\u00edodo da manh\u00e3 desta quarta (4).<\/p>\n<p>&#8220;A ideia \u00e9 dar um <strong>buj\u00e3o de g\u00e1s<\/strong> a cada dois meses para o pessoal do <a href=\"https:\/\/www.suno.com.br\/noticias\/bolsa-familia-300-media-nao-esta-garantido\/\">Bolsa Fam\u00edlia<\/a>. Essa que \u00e9 a ideia do governo&#8221;, completou.<\/p>\n\t<div data-element=\"shortcode-read-more\" class=\"knowMore\">\n\t\t\t\t<span class=\"knowMore__title\">Leia mais<\/span>\n\t\t\t\t<a class=\"knowMore__link\" href=\"https:\/\/www.suno.com.br\/noticias\/bolsonaro-recria-ministerio-do-trabalho\/\">\n\t\t\tBolsonaro recria Minist\u00e9rio do Trabalho e avan\u00e7a na reforma ministerial\t\t<\/a>\n\t<\/div>\n\n\n<p><a href=\"https:\/\/www.suno.com.br\/noticias\/petrobras-petr4-pronuncia-fala-vale-gas-bolsonaro\/\">A Petrobras, no entanto, j\u00e1 havia descartado no \u00faltimo s\u00e1bado, 31 de julho<\/a>, a possibilidade de o governo utilizar recursos da companhia para o <strong>vale-<\/strong><strong>g\u00e1s<\/strong>. Bolsonaro falou, em entrevista ao Programa do Ratinho, no SBT, que a estatal teria uma reserva para custear o programa.<\/p>\n<p>&#8220;O (Joaquim) Silva e Luna, est\u00e1 com uma <strong>reserva<\/strong> de R$ 3 bilh\u00f5es para atender realmente esses mais necessitados. Seria o equivalente &#8211; o que est\u00e1 sendo estudado at\u00e9 agora &#8211; a um botij\u00e3o de g\u00e1s a cada dois meses&#8221;, disse na entrevista que foi ao ar na \u00faltima sexta-feira, 30.<\/p>\n<p>Logo ap\u00f3s a fala do presidente, a Petrobras esclareceu que &#8220;n\u00e3o h\u00e1 defini\u00e7\u00e3o&#8221; quanto \u00e0 implementa\u00e7\u00e3o e o montante de participa\u00e7\u00e3o em eventuais programas e que qualquer decis\u00e3o estar\u00e1 &#8220;sujeita \u00e0 governan\u00e7a de aprova\u00e7\u00e3o e em conformidade com as pol\u00edticas internas da Companhia&#8221;.<\/p>\n\t<p>\n\t\t<a href=\"https:\/\/lp.suno.com.br\/planilha-da-vida-financeira\/\" target=\"_blank\" data-element=\"shortcode-suno-banner\" title=\"Banner SUNO, clique e saiba mais\">\n\t\t\t<picture>\n\t\t\t\t<source media=\"(max-width: 500px)\" srcset=\"https:\/\/files.sunoresearch.com.br\/n\/uploads\/2023\/04\/400x300-Planilha-vida-financeira-true.png\">\n\t\t\t\t<img class=\"newsContent__article__imgCapa newsContent__article__imgCapa--banner\"\n\t\t\t\t\tsrc=\"https:\/\/files.sunoresearch.com.br\/n\/uploads\/2023\/04\/1420x240-Planilha-vida-financeira-true.png\"\n\t\t\t\t\tdata-promo-id=\"106682\"\t\t\t\t\t\t\t\t\t\twidth='1420' height='240'\t\t\t\t\talt=\"https:\/\/files.sunoresearch.com.br\/n\/uploads\/2023\/04\/1420x240-Planilha-vida-financeira-true.png\"\n\t\t\t\t>\n\t\t\t<\/picture>\n\t\t<\/a>\n\t<\/p>\n\n\n<h2>Redu\u00e7\u00e3o do pre\u00e7o do g\u00e1s \u00e9 promessa de campanha<\/h2>\n<p>A <strong>redu\u00e7\u00e3o do pre\u00e7o<\/strong> do g\u00e1s de cozinha \u00e9 uma promessa de campanha de Bolsonaro que ainda n\u00e3o foi cumprida. Em agosto de 2019, o governo <a href=\"https:\/\/www.suno.com.br\/artigos\/subsidios\/\">acabou com o subs\u00eddio do botij\u00e3o de 13 quilos<\/a> &#8211; havia desconto apenas para o envase, compensado por todos os outros tamanhos, que eram vendidos a pre\u00e7os mais altos.<\/p>\n<p>Por outro lado, neste ano, o governo decidiu zerar a cobran\u00e7a de impostos sobre o botij\u00e3o de forma permanente. Por meio de uma Medida Provis\u00f3ria j\u00e1 aprovada no Congresso e sancionada pela Presid\u00eancia, o Executivo zerou as al\u00edquotas de <a href=\"https:\/\/www.suno.com.br\/artigos\/cofins\/\"><strong>PIS<\/strong> e <strong>Cofins<\/strong><\/a>, que representavam 3% do pre\u00e7o final do botij\u00e3o.<\/p>\n<p>Para compensar a perda na arrecada\u00e7\u00e3o com essa medida, o governo aumentou o tributo sobre os bancos, colocou fim a um programa de incentivo \u00e0 ind\u00fastria petroqu\u00edmica e limitou a compra de carros com <strong>isen\u00e7\u00e3o<\/strong> para pessoas com defici\u00eancia.<\/p>\n\t<p>\n\t\t<a href=\"https:\/\/lp.suno.com.br\/ebook-como-analisar-uma-acao\/\" target=\"_blank\" data-element=\"shortcode-suno-banner\" title=\"Banner SUNO, clique e saiba mais\">\n\t\t\t<picture>\n\t\t\t\t<source media=\"(max-width: 500px)\" srcset=\"https:\/\/files.sunoresearch.com.br\/n\/uploads\/2023\/03\/Ebook-Acoes-Mobile-1.jpg\">\n\t\t\t\t<img class=\"newsContent__article__imgCapa newsContent__article__imgCapa--banner\"\n\t\t\t\t\tsrc=\"https:\/\/files.sunoresearch.com.br\/n\/uploads\/2023\/03\/Ebook-Acoes-Desktop-1.jpg\"\n\t\t\t\t\tdata-promo-id=\"171998\"\t\t\t\t\t\t\t\t\t\twidth='1420' height='286'\t\t\t\t\talt=\"https:\/\/files.sunoresearch.com.br\/n\/uploads\/2023\/03\/Ebook-Acoes-Desktop-1.jpg\"\n\t\t\t\t>\n\t\t\t<\/picture>\n\t\t<\/a>\n\t<\/p>\n\n\n<p>Na entrevista desta quarta \u00e0 r\u00e1dio de Natal, o presidente voltou a dizer que a alta no <a href=\"https:\/\/www.suno.com.br\/artigos\/icms\/\">pre\u00e7o do g\u00e1s de cozinha ocorre em raz\u00e3o do <strong>ICMS<\/strong><\/a>, que \u00e9 um imposto estadual, do frete e da <a class=\"suno-keyword\" href=\"https:\/\/www.suno.com.br\/artigos\/margem-de-lucro\/\" target=\"_blank\" rel=\"noopener noreferrer\" data-force=\"no\" data-priority=\"1\">margem de lucro<\/a> de quem est\u00e1 vendendo. &#8220;Eu fiz a minha parte, zerar o imposto do g\u00e1s de cozinha&#8221;, afirmou.<\/p>\n<p>Segundo o presidente, o g\u00e1s de cozinha custa R$ 45,00 no lugar onde \u00e9 engarrafado. &#8220;O que passa de R$ 45 voc\u00ea, no seu Estado a\u00ed, que tem que pressionar as autoridades respons\u00e1veis por essa majora\u00e7\u00e3o bastante alta do g\u00e1s&#8221;, disse.<\/p>\n<h2>Balan\u00e7o e cota\u00e7\u00e3o de Petrobras<\/h2>\n<p>Atualmente, \u00e0s 15h do preg\u00e3o desta quarta-feira (4), <a href=\"https:\/\/www.suno.com.br\/artigos\/acoes-ordinarias\">as a\u00e7\u00f5es da <strong>Petrobras<\/strong> est\u00e3o cotadas a R$ 26,47<\/a>, representando uma alta de 1,42% no intradia. A estatal divulga seu balan\u00e7o trimestral ainda hoje, ap\u00f3s o preg\u00e3o.<\/p>\n<p><em><strong>Com informa\u00e7\u00f5es do Estad\u00e3o Conte\u00fado<\/strong><\/em><\/p>\n\t<p>\n\t\t<a href=\"https:\/\/lp.suno.com.br\/planilha-de-controle-de-investimentos\/\" target=\"_blank\" data-element=\"shortcode-suno-banner\" title=\"Banner SUNO, clique e saiba mais\">\n\t\t\t<picture>\n\t\t\t\t<source media=\"(max-width: 500px)\" srcset=\"https:\/\/files.sunoresearch.com.br\/n\/uploads\/2023\/03\/400x300-Controle-de-Investimentos.png\">\n\t\t\t\t<img class=\"newsContent__article__imgCapa newsContent__article__imgCapa--banner\"\n\t\t\t\t\tsrc=\"https:\/\/files.sunoresearch.com.br\/n\/uploads\/2023\/03\/1420x240-Controle-de-Investimentos.png\"\n\t\t\t\t\tdata-promo-id=\"75934\"\t\t\t\t\t\t\t\t\t\twidth='1420' height='240'\t\t\t\t\talt=\"https:\/\/files.sunoresearch.com.br\/n\/uploads\/2023\/03\/1420x240-Controle-de-Investimentos.png\"\n\t\t\t\t>\n\t\t\t<\/picture>\n\t\t<\/a>\n\t<\/p>\n\n\n","protected":false},"excerpt":{"rendered":"<p>Mesmo ap\u00f3s pronunciamento da companhia, o presidente da Rep\u00fablica, Jair Bolsonaro (sem partido), voltou a afirmar que a Petrobras (PETR4) possui um fundo de cerca de R$ 3 bilh\u00f5es para fazer um programa nos moldes do vale-g\u00e1s e subsidiar a compra do botij\u00e3o de g\u00e1s de cozinha para a popula\u00e7\u00e3o de baixa renda. Afirma\u00e7\u00f5es sobre [&hellip;]<\/p>\n","protected":false},"author":73,"featured_media":137729,"comment_status":"closed","ping_status":"closed","sticky":false,"template":"","format":"standard","meta":[],"categories":[64],"tags":[106444,105822,719,595],"suno_strategy":[],"class_list":["post-172224","post","type-post","status-publish","format-standard","has-post-thumbnail","hentry","category-negocios","tag-agencias","tag-gas","tag-jair-bolsonaro","tag-petrobras-petr4"],"yoast_head":"<!-- This site is optimized with the Yoast SEO plugin v24.4 - https:\/\/yoast.com\/wordpress\/plugins\/seo\/ -->\n<title>Bolsonaro volta a falar em vale g\u00e1s da Petrobras (PETR4)<\/title>\n<meta name=\"description\" content=\"Mesmo ap\u00f3s comunicado da Petrobras, o Presidente Jair Bolsonaro cita proposta de benef\u00edcio custeado pela estatal. Clique aqui e leia mais.\" \/>\n<meta name=\"robots\" content=\"index, follow, max-snippet:-1, max-image-preview:large, max-video-preview:-1\" \/>\n<link rel=\"canonical\" href=\"https:\/\/www.suno.com.br\/noticias\/bolsonaro-volta-vale-gas-petrobras-petr4\/\" \/>\n<meta property=\"og:locale\" content=\"pt_BR\" \/>\n<meta property=\"og:type\" content=\"article\" \/>\n<meta property=\"og:title\" content=\"Bolsonaro volta a falar em vale g\u00e1s da Petrobras (PETR4)\" \/>\n<meta property=\"og:description\" content=\"Mesmo ap\u00f3s comunicado da Petrobras, o Presidente Jair Bolsonaro cita proposta de benef\u00edcio custeado pela estatal. Clique aqui e leia mais.\" \/>\n<meta property=\"og:url\" content=\"https:\/\/www.suno.com.br\/noticias\/bolsonaro-volta-vale-gas-petrobras-petr4\/\" \/>\n<meta property=\"og:site_name\" content=\"Suno Not\u00edcias\" \/>\n<meta property=\"article:publisher\" content=\"https:\/\/facebook.com\/sunoresearch\" \/>\n<meta property=\"og:image\" content=\"https:\/\/files.sunoresearch.com.br\/n\/uploads\/2021\/04\/75565352-jair-bolsonaro-foto-isac-nobrega-pr-1.jpg\" \/>\n\t<meta property=\"og:image:width\" content=\"1200\" \/>\n\t<meta property=\"og:image:height\" content=\"800\" \/>\n\t<meta property=\"og:image:type\" content=\"image\/jpeg\" \/>\n<meta name=\"author\" content=\"Eduardo Vargas\" \/>\n<meta name=\"twitter:card\" content=\"summary_large_image\" \/>\n<meta name=\"twitter:creator\" content=\"@sunoresearch\" \/>\n<meta name=\"twitter:site\" content=\"@sunoresearch\" \/>\n<meta name=\"twitter:label1\" content=\"Escrito por\" \/>\n\t<meta name=\"twitter:data1\" content=\"Eduardo Vargas\" \/>\n\t<meta name=\"twitter:label2\" content=\"Est. tempo de leitura\" \/>\n\t<meta name=\"twitter:data2\" content=\"3 minutos\" \/>\n<script type=\"application\/ld+json\" class=\"yoast-schema-graph\">{\"@context\":\"https:\/\/schema.org\",\"@graph\":[{\"@type\":\"NewsArticle\",\"@id\":\"https:\/\/www.suno.com.br\/noticias\/bolsonaro-volta-vale-gas-petrobras-petr4\/#article\",\"isPartOf\":{\"@id\":\"https:\/\/www.suno.com.br\/noticias\/bolsonaro-volta-vale-gas-petrobras-petr4\/\"},\"author\":{\"name\":\"Eduardo Vargas\",\"@id\":\"https:\/\/www.suno.com.br\/noticias\/#\/schema\/person\/7f4d362bf3518e76090143ae77bb49a5\"},\"headline\":\"Bolsonaro volta a falar em vale-g\u00e1s da Petrobras (PETR4)\",\"datePublished\":\"2021-08-04T18:57:53+00:00\",\"mainEntityOfPage\":{\"@id\":\"https:\/\/www.suno.com.br\/noticias\/bolsonaro-volta-vale-gas-petrobras-petr4\/\"},\"wordCount\":634,\"publisher\":{\"@id\":\"https:\/\/www.suno.com.br\/noticias\/#organization\"},\"image\":{\"@id\":\"https:\/\/www.suno.com.br\/noticias\/bolsonaro-volta-vale-gas-petrobras-petr4\/#primaryimage\"},\"thumbnailUrl\":\"https:\/\/files.sunoresearch.com.br\/n\/uploads\/2021\/04\/75565352-jair-bolsonaro-foto-isac-nobrega-pr-1-jpg.webp\",\"keywords\":[\"Ag\u00eancias\",\"g\u00e1s\",\"Jair Bolsonaro\",\"Petrobras (PETR4)\"],\"articleSection\":[\"Neg\u00f3cios\"],\"inLanguage\":\"pt-BR\"},{\"@type\":\"WebPage\",\"@id\":\"https:\/\/www.suno.com.br\/noticias\/bolsonaro-volta-vale-gas-petrobras-petr4\/\",\"url\":\"https:\/\/www.suno.com.br\/noticias\/bolsonaro-volta-vale-gas-petrobras-petr4\/\",\"name\":\"Bolsonaro volta a falar em vale g\u00e1s da Petrobras (PETR4)\",\"isPartOf\":{\"@id\":\"https:\/\/www.suno.com.br\/noticias\/#website\"},\"primaryImageOfPage\":{\"@id\":\"https:\/\/www.suno.com.br\/noticias\/bolsonaro-volta-vale-gas-petrobras-petr4\/#primaryimage\"},\"image\":{\"@id\":\"https:\/\/www.suno.com.br\/noticias\/bolsonaro-volta-vale-gas-petrobras-petr4\/#primaryimage\"},\"thumbnailUrl\":\"https:\/\/files.sunoresearch.com.br\/n\/uploads\/2021\/04\/75565352-jair-bolsonaro-foto-isac-nobrega-pr-1-jpg.webp\",\"datePublished\":\"2021-08-04T18:57:53+00:00\",\"description\":\"Mesmo ap\u00f3s comunicado da Petrobras, o Presidente Jair Bolsonaro cita proposta de benef\u00edcio custeado pela estatal. Clique aqui e leia mais.\",\"breadcrumb\":{\"@id\":\"https:\/\/www.suno.com.br\/noticias\/bolsonaro-volta-vale-gas-petrobras-petr4\/#breadcrumb\"},\"inLanguage\":\"pt-BR\",\"potentialAction\":[{\"@type\":\"ReadAction\",\"target\":[\"https:\/\/www.suno.com.br\/noticias\/bolsonaro-volta-vale-gas-petrobras-petr4\/\"]}]},{\"@type\":\"ImageObject\",\"inLanguage\":\"pt-BR\",\"@id\":\"https:\/\/www.suno.com.br\/noticias\/bolsonaro-volta-vale-gas-petrobras-petr4\/#primaryimage\",\"url\":\"https:\/\/files.sunoresearch.com.br\/n\/uploads\/2021\/04\/75565352-jair-bolsonaro-foto-isac-nobrega-pr-1-jpg.webp\",\"contentUrl\":\"https:\/\/files.sunoresearch.com.br\/n\/uploads\/2021\/04\/75565352-jair-bolsonaro-foto-isac-nobrega-pr-1-jpg.webp\",\"width\":1200,\"height\":800,\"caption\":\"Afirma\u00e7\u00f5es sobre vale g\u00e1s da Petrobras ocasionaram comunicado da companhia - Foto: Marcelo Camargo - Ag\u00eancia Brasil\"},{\"@type\":\"BreadcrumbList\",\"@id\":\"https:\/\/www.suno.com.br\/noticias\/bolsonaro-volta-vale-gas-petrobras-petr4\/#breadcrumb\",\"itemListElement\":[{\"@type\":\"ListItem\",\"position\":1,\"name\":\"Not\u00edcias\",\"item\":\"https:\/\/www.suno.com.br\/noticias\/\"},{\"@type\":\"ListItem\",\"position\":2,\"name\":\"Neg\u00f3cios\",\"item\":\"https:\/\/www.suno.com.br\/noticias\/negocios\/\"},{\"@type\":\"ListItem\",\"position\":3,\"name\":\"Bolsonaro volta a falar em vale-g\u00e1s da Petrobras (PETR4)\"}]},{\"@type\":\"WebSite\",\"@id\":\"https:\/\/www.suno.com.br\/noticias\/#website\",\"url\":\"https:\/\/www.suno.com.br\/noticias\/\",\"name\":\"Suno Not\u00edcias\",\"description\":\"Seu portal de informa\u00e7\u00e3o sobre o mundo dos investimentos\",\"publisher\":{\"@id\":\"https:\/\/www.suno.com.br\/noticias\/#organization\"},\"potentialAction\":[{\"@type\":\"SearchAction\",\"target\":{\"@type\":\"EntryPoint\",\"urlTemplate\":\"https:\/\/www.suno.com.br\/noticias\/?s={search_term_string}\"},\"query-input\":{\"@type\":\"PropertyValueSpecification\",\"valueRequired\":true,\"valueName\":\"search_term_string\"}}],\"inLanguage\":\"pt-BR\"},{\"@type\":\"Organization\",\"@id\":\"https:\/\/www.suno.com.br\/noticias\/#organization\",\"name\":\"Suno Not\u00edcias\",\"url\":\"https:\/\/www.suno.com.br\/noticias\/\",\"logo\":{\"@type\":\"ImageObject\",\"inLanguage\":\"pt-BR\",\"@id\":\"https:\/\/www.suno.com.br\/noticias\/#\/schema\/logo\/image\/\",\"url\":\"https:\/\/files.sunoresearch.com.br\/n\/uploads\/2021\/09\/suno-logo.png\",\"contentUrl\":\"https:\/\/files.sunoresearch.com.br\/n\/uploads\/2021\/09\/suno-logo.png\",\"width\":180,\"height\":180,\"caption\":\"Suno Not\u00edcias\"},\"image\":{\"@id\":\"https:\/\/www.suno.com.br\/noticias\/#\/schema\/logo\/image\/\"},\"sameAs\":[\"https:\/\/facebook.com\/sunoresearch\",\"https:\/\/x.com\/sunoresearch\",\"https:\/\/www.instagram.com\/suno\",\"https:\/\/www.linkedin.com\/company\/suno-research\/\",\"https:\/\/www.youtube.com\/c\/sunoresearch\"]},{\"@type\":\"Person\",\"@id\":\"https:\/\/www.suno.com.br\/noticias\/#\/schema\/person\/7f4d362bf3518e76090143ae77bb49a5\",\"name\":\"Eduardo Vargas\",\"image\":{\"@type\":\"ImageObject\",\"inLanguage\":\"pt-BR\",\"@id\":\"https:\/\/www.suno.com.br\/noticias\/#\/schema\/person\/image\/\",\"url\":\"https:\/\/secure.gravatar.com\/avatar\/dac340933427a22924c9f99d1eb2e3f2?s=96&r=g\",\"contentUrl\":\"https:\/\/secure.gravatar.com\/avatar\/dac340933427a22924c9f99d1eb2e3f2?s=96&r=g\",\"caption\":\"Eduardo Vargas\"},\"description\":\"Jornalista formado pela UFSC, cobre macroeconomia, neg\u00f3cios e startups para o Suno Not\u00edcias, escrevendo principalmente not\u00edcias sobre o mercado financeiro e a bolsa de valores. No YouTube e no Instagram, \u00e9 respons\u00e1vel pela produ\u00e7\u00e3o de Reels e Shorts do Suno Not\u00edcias. Anteriormente, trabalhou cobrindo economia e cotidiano no ND+ e para o ND, maior jornal impresso de Santa Catarina. Cursou um semestre letivo de Estudos de M\u00eddia na Universidad de Buenos Aires.\",\"url\":\"https:\/\/www.suno.com.br\/noticias\/author\/eduardo-vargas\/\"}]}<\/script>\n<!-- \/ Yoast SEO plugin. -->","yoast_head_json":{"title":"Bolsonaro volta a falar em vale g\u00e1s da Petrobras (PETR4)","description":"Mesmo ap\u00f3s comunicado da Petrobras, o Presidente Jair Bolsonaro cita proposta de benef\u00edcio custeado pela estatal. Clique aqui e leia mais.","robots":{"index":"index","follow":"follow","max-snippet":"max-snippet:-1","max-image-preview":"max-image-preview:large","max-video-preview":"max-video-preview:-1"},"canonical":"https:\/\/www.suno.com.br\/noticias\/bolsonaro-volta-vale-gas-petrobras-petr4\/","og_locale":"pt_BR","og_type":"article","og_title":"Bolsonaro volta a falar em vale g\u00e1s da Petrobras (PETR4)","og_description":"Mesmo ap\u00f3s comunicado da Petrobras, o Presidente Jair Bolsonaro cita proposta de benef\u00edcio custeado pela estatal. Clique aqui e leia mais.","og_url":"https:\/\/www.suno.com.br\/noticias\/bolsonaro-volta-vale-gas-petrobras-petr4\/","og_site_name":"Suno Not\u00edcias","article_publisher":"https:\/\/facebook.com\/sunoresearch","og_image":[{"width":1200,"height":800,"url":"https:\/\/files.sunoresearch.com.br\/n\/uploads\/2021\/04\/75565352-jair-bolsonaro-foto-isac-nobrega-pr-1.jpg","type":"image\/jpeg"}],"author":"Eduardo Vargas","twitter_card":"summary_large_image","twitter_creator":"@sunoresearch","twitter_site":"@sunoresearch","twitter_misc":{"Escrito por":"Eduardo Vargas","Est. tempo de leitura":"3 minutos"},"schema":{"@context":"https:\/\/schema.org","@graph":[{"@type":"NewsArticle","@id":"https:\/\/www.suno.com.br\/noticias\/bolsonaro-volta-vale-gas-petrobras-petr4\/#article","isPartOf":{"@id":"https:\/\/www.suno.com.br\/noticias\/bolsonaro-volta-vale-gas-petrobras-petr4\/"},"author":{"name":"Eduardo Vargas","@id":"https:\/\/www.suno.com.br\/noticias\/#\/schema\/person\/7f4d362bf3518e76090143ae77bb49a5"},"headline":"Bolsonaro volta a falar em vale-g\u00e1s da Petrobras (PETR4)","datePublished":"2021-08-04T18:57:53+00:00","mainEntityOfPage":{"@id":"https:\/\/www.suno.com.br\/noticias\/bolsonaro-volta-vale-gas-petrobras-petr4\/"},"wordCount":634,"publisher":{"@id":"https:\/\/www.suno.com.br\/noticias\/#organization"},"image":{"@id":"https:\/\/www.suno.com.br\/noticias\/bolsonaro-volta-vale-gas-petrobras-petr4\/#primaryimage"},"thumbnailUrl":"https:\/\/files.sunoresearch.com.br\/n\/uploads\/2021\/04\/75565352-jair-bolsonaro-foto-isac-nobrega-pr-1-jpg.webp","keywords":["Ag\u00eancias","g\u00e1s","Jair Bolsonaro","Petrobras (PETR4)"],"articleSection":["Neg\u00f3cios"],"inLanguage":"pt-BR"},{"@type":"WebPage","@id":"https:\/\/www.suno.com.br\/noticias\/bolsonaro-volta-vale-gas-petrobras-petr4\/","url":"https:\/\/www.suno.com.br\/noticias\/bolsonaro-volta-vale-gas-petrobras-petr4\/","name":"Bolsonaro volta a falar em vale g\u00e1s da Petrobras (PETR4)","isPartOf":{"@id":"https:\/\/www.suno.com.br\/noticias\/#website"},"primaryImageOfPage":{"@id":"https:\/\/www.suno.com.br\/noticias\/bolsonaro-volta-vale-gas-petrobras-petr4\/#primaryimage"},"image":{"@id":"https:\/\/www.suno.com.br\/noticias\/bolsonaro-volta-vale-gas-petrobras-petr4\/#primaryimage"},"thumbnailUrl":"https:\/\/files.sunoresearch.com.br\/n\/uploads\/2021\/04\/75565352-jair-bolsonaro-foto-isac-nobrega-pr-1-jpg.webp","datePublished":"2021-08-04T18:57:53+00:00","description":"Mesmo ap\u00f3s comunicado da Petrobras, o Presidente Jair Bolsonaro cita proposta de benef\u00edcio custeado pela estatal. Clique aqui e leia mais.","breadcrumb":{"@id":"https:\/\/www.suno.com.br\/noticias\/bolsonaro-volta-vale-gas-petrobras-petr4\/#breadcrumb"},"inLanguage":"pt-BR","potentialAction":[{"@type":"ReadAction","target":["https:\/\/www.suno.com.br\/noticias\/bolsonaro-volta-vale-gas-petrobras-petr4\/"]}]},{"@type":"ImageObject","inLanguage":"pt-BR","@id":"https:\/\/www.suno.com.br\/noticias\/bolsonaro-volta-vale-gas-petrobras-petr4\/#primaryimage","url":"https:\/\/files.sunoresearch.com.br\/n\/uploads\/2021\/04\/75565352-jair-bolsonaro-foto-isac-nobrega-pr-1-jpg.webp","contentUrl":"https:\/\/files.sunoresearch.com.br\/n\/uploads\/2021\/04\/75565352-jair-bolsonaro-foto-isac-nobrega-pr-1-jpg.webp","width":1200,"height":800,"caption":"Afirma\u00e7\u00f5es sobre vale g\u00e1s da Petrobras ocasionaram comunicado da companhia - Foto: Marcelo Camargo - Ag\u00eancia Brasil"},{"@type":"BreadcrumbList","@id":"https:\/\/www.suno.com.br\/noticias\/bolsonaro-volta-vale-gas-petrobras-petr4\/#breadcrumb","itemListElement":[{"@type":"ListItem","position":1,"name":"Not\u00edcias","item":"https:\/\/www.suno.com.br\/noticias\/"},{"@type":"ListItem","position":2,"name":"Neg\u00f3cios","item":"https:\/\/www.suno.com.br\/noticias\/negocios\/"},{"@type":"ListItem","position":3,"name":"Bolsonaro volta a falar em vale-g\u00e1s da Petrobras (PETR4)"}]},{"@type":"WebSite","@id":"https:\/\/www.suno.com.br\/noticias\/#website","url":"https:\/\/www.suno.com.br\/noticias\/","name":"Suno Not\u00edcias","description":"Seu portal de informa\u00e7\u00e3o sobre o mundo dos investimentos","publisher":{"@id":"https:\/\/www.suno.com.br\/noticias\/#organization"},"potentialAction":[{"@type":"SearchAction","target":{"@type":"EntryPoint","urlTemplate":"https:\/\/www.suno.com.br\/noticias\/?s={search_term_string}"},"query-input":{"@type":"PropertyValueSpecification","valueRequired":true,"valueName":"search_term_string"}}],"inLanguage":"pt-BR"},{"@type":"Organization","@id":"https:\/\/www.suno.com.br\/noticias\/#organization","name":"Suno Not\u00edcias","url":"https:\/\/www.suno.com.br\/noticias\/","logo":{"@type":"ImageObject","inLanguage":"pt-BR","@id":"https:\/\/www.suno.com.br\/noticias\/#\/schema\/logo\/image\/","url":"https:\/\/files.sunoresearch.com.br\/n\/uploads\/2021\/09\/suno-logo.png","contentUrl":"https:\/\/files.sunoresearch.com.br\/n\/uploads\/2021\/09\/suno-logo.png","width":180,"height":180,"caption":"Suno Not\u00edcias"},"image":{"@id":"https:\/\/www.suno.com.br\/noticias\/#\/schema\/logo\/image\/"},"sameAs":["https:\/\/facebook.com\/sunoresearch","https:\/\/x.com\/sunoresearch","https:\/\/www.instagram.com\/suno","https:\/\/www.linkedin.com\/company\/suno-research\/","https:\/\/www.youtube.com\/c\/sunoresearch"]},{"@type":"Person","@id":"https:\/\/www.suno.com.br\/noticias\/#\/schema\/person\/7f4d362bf3518e76090143ae77bb49a5","name":"Eduardo Vargas","image":{"@type":"ImageObject","inLanguage":"pt-BR","@id":"https:\/\/www.suno.com.br\/noticias\/#\/schema\/person\/image\/","url":"https:\/\/secure.gravatar.com\/avatar\/dac340933427a22924c9f99d1eb2e3f2?s=96&r=g","contentUrl":"https:\/\/secure.gravatar.com\/avatar\/dac340933427a22924c9f99d1eb2e3f2?s=96&r=g","caption":"Eduardo Vargas"},"description":"Jornalista formado pela UFSC, cobre macroeconomia, neg\u00f3cios e startups para o Suno Not\u00edcias, escrevendo principalmente not\u00edcias sobre o mercado financeiro e a bolsa de valores. No YouTube e no Instagram, \u00e9 respons\u00e1vel pela produ\u00e7\u00e3o de Reels e Shorts do Suno Not\u00edcias. Anteriormente, trabalhou cobrindo economia e cotidiano no ND+ e para o ND, maior jornal impresso de Santa Catarina. Cursou um semestre letivo de Estudos de M\u00eddia na Universidad de Buenos Aires.","url":"https:\/\/www.suno.com.br\/noticias\/author\/eduardo-vargas\/"}]}},"default_loop_html":"<div class=\"cardsPage__listCard__boxs\"><div class=\"cardsPage__listCard__boxs__img\"><a href=\"https:\/\/www.suno.com.br\/noticias\/bolsonaro-volta-vale-gas-petrobras-petr4\/\"><img class=\"mask\" src=\"https:\/\/www.suno.com.br\/noticias\/wp-content\/themes\/suno\/resources\/images\/spotlight\/spotlight1img\/bg-mask.png\" alt=\"Image Mask\"\/><img src=\"https:\/\/files.sunoresearch.com.br\/n\/uploads\/2021\/04\/75565352-jair-bolsonaro-foto-isac-nobrega-pr-1-400x200.webp\" alt=\"Bolsonaro volta a falar em vale-g\u00e1s da Petrobras (PETR4)\"\/><\/a><span class=\"spotlightCategory\"><a href=\"https:\/\/www.suno.com.br\/noticias\/negocios\/\">Neg\u00f3cios<\/a><\/span><\/div><div class=\"cardsPage__listCard__boxs__content\"><a href=\"https:\/\/www.suno.com.br\/noticias\/bolsonaro-volta-vale-gas-petrobras-petr4\/\"><h2 class=\"content__title\">Bolsonaro volta a falar em vale-g\u00e1s da Petrobras (PETR4)<\/h2><\/a><div class=\"newsContent__article__meta\"><div class=\"newsContent__article__meta__authorBox\"><a href=\"https:\/\/www.suno.com.br\/noticias\/author\/eduardo-vargas\/\" class=\"authorBox__avatar noMobi\"><img src=\"https:\/\/secure.gravatar.com\/avatar\/dac340933427a22924c9f99d1eb2e3f2?s=96&#038;r=g\" alt=\"Eduardo Vargas\"><\/a><div class=\"authorBox__name\"><span>por\n\t\t\t<a href=\"https:\/\/www.suno.com.br\/noticias\/author\/eduardo-vargas\/\"><span itemprop=\"author\">Eduardo Vargas<\/span><\/a><\/span><time datetime=\"2021-08-04T15:57:53-03:00\" itemprop=\"datePublished\">04\/08\/2021 15:57<\/time><\/div><\/div><\/div><\/div><\/div>","single_layout":"posts","amp_enabled":true,"_links":{"self":[{"href":"https:\/\/www.suno.com.br\/noticias\/wp-json\/wp\/v2\/posts\/172224"}],"collection":[{"href":"https:\/\/www.suno.com.br\/noticias\/wp-json\/wp\/v2\/posts"}],"about":[{"href":"https:\/\/www.suno.com.br\/noticias\/wp-json\/wp\/v2\/types\/post"}],"author":[{"embeddable":true,"href":"https:\/\/www.suno.com.br\/noticias\/wp-json\/wp\/v2\/users\/73"}],"replies":[{"embeddable":true,"href":"https:\/\/www.suno.com.br\/noticias\/wp-json\/wp\/v2\/comments?post=172224"}],"version-history":[{"count":3,"href":"https:\/\/www.suno.com.br\/noticias\/wp-json\/wp\/v2\/posts\/172224\/revisions"}],"predecessor-version":[{"id":172246,"href":"https:\/\/www.suno.com.br\/noticias\/wp-json\/wp\/v2\/posts\/172224\/revisions\/172246"}],"wp:featuredmedia":[{"embeddable":true,"href":"https:\/\/www.suno.com.br\/noticias\/wp-json\/wp\/v2\/media\/137729"}],"wp:attachment":[{"href":"https:\/\/www.suno.com.br\/noticias\/wp-json\/wp\/v2\/media?parent=172224"}],"wp:term":[{"taxonomy":"category","embeddable":true,"href":"https:\/\/www.suno.com.br\/noticias\/wp-json\/wp\/v2\/categories?post=172224"},{"taxonomy":"post_tag","embeddable":true,"href":"https:\/\/www.suno.com.br\/noticias\/wp-json\/wp\/v2\/tags?post=172224"},{"taxonomy":"suno_strategy","embeddable":true,"href":"https:\/\/www.suno.com.br\/noticias\/wp-json\/wp\/v2\/suno_strategy?post=172224"}],"curies":[{"name":"wp","href":"https:\/\/api.w.org\/{rel}","templated":true}]}}