{"id":172166,"date":"2021-08-04T18:48:46","date_gmt":"2021-08-04T21:48:46","guid":{"rendered":"https:\/\/www.suno.com.br\/noticias\/?p=172166"},"modified":"2021-08-05T01:58:06","modified_gmt":"2021-08-05T04:58:06","slug":"copom-eleva-selic-525","status":"publish","type":"post","link":"https:\/\/www.suno.com.br\/noticias\/copom-eleva-selic-525\/","title":{"rendered":"Copom eleva taxa Selic para 5,25% e indica aumento na pr\u00f3xima reuni\u00e3o"},"content":{"rendered":"<p>O <a class=\"suno-keyword\" href=\"https:\/\/www.suno.com.br\/artigos\/copom\/\" target=\"_blank\" rel=\"noopener noreferrer\" data-force=\"no\" data-priority=\"2\">Comit\u00ea de Pol\u00edtica Monet\u00e1ria (Copom)<\/a> do Banco Central (BC), em Bras\u00edlia, decidiu nesta quarta (4) elevar a <a class=\"suno-keyword\" href=\"https:\/\/www.suno.com.br\/artigos\/taxa-basica-de-juros\/\" target=\"_blank\" rel=\"noopener noreferrer\" data-force=\"no\" data-priority=\"1\">taxa b\u00e1sica de juros,<\/a> a Selic, em 1 ponto porcentual, para 5,25% ao ano. A justificativa do comit\u00ea para determinar o aumento foi conter a alta da infla\u00e7\u00e3o. Os diretores do BC avisaram ainda que est\u00e1 previsto novo aumento de 1 p.p para a pr\u00f3xima reuni\u00e3o.<\/p>\t<div class=\"wrapper-featured-image\">\n\t\t<figure class=\"spotlightImg\">\n\n\t\t\t<picture>\n\t\t\t\t<source media=\"(max-width: 768px)\" srcset=\"https:\/\/files.sunoresearch.com.br\/n\/uploads\/2021\/08\/9dd9a852-banco-central-determina-fechamento-das-atividades-do-banco-neon-400x200.jpg\">\n\t\t\t\t<img loading=\"lazy\" decoding=\"async\" class=\"newsContent__article__imgCapa lazyloadDisabled \" src=\"https:\/\/files.sunoresearch.com.br\/n\/uploads\/2021\/08\/9dd9a852-banco-central-determina-fechamento-das-atividades-do-banco-neon-800x450.jpg\" width=\"800\" height=\"450\" alt=\"Copom eleva taxa Selic para 5,25% e indica aumento na pr\u00f3xima reuni\u00e3o\" fetchpriority=high \/>\n\t\t\t<\/picture>\n\n\t\t\t<figcaption class=\"wp-caption-text wp-caption-text--show\">No relat\u00f3rio, a OCDE projeta um crescimento econ\u00f4mico de 5,2% par ao Brasil em 2021 - Foto Flickr.\/Ag\u00eancia Brasil<\/figcaption>\n\t\t<\/figure>\n\t<\/div>\n\n\n<p>Nesta quarta a decis\u00e3o final do BC, tomada por unanimidade, era aguardada pelo mercado. Foi o quarto aumento consecutivo da Selic. <strong><a href=\"https:\/\/www.suno.com.br\/noticias\/copom-sem-grandes-surpresas-amanha-fed\/\">Na decis\u00e3o anterior de junho<\/a><\/strong>, a taxa subiu 0,75 ponto porcentual, para 4,25% ao ano.<\/p>\n<p>Com o avan\u00e7o inflacion\u00e1rio registrado nos \u00faltimos meses, a previs\u00e3o das <a class=\"suno-keyword\" href=\"https:\/\/www.suno.com.br\/artigos\/instituicoes-financeiras\/\" target=\"_blank\" rel=\"noopener noreferrer\" data-force=\"no\" data-priority=\"1\">institui\u00e7\u00f5es financeiras<\/a> era de que a Selic anunciada em agosto subisse em um patamar maior. O \u00faltimo <strong>boletim Focus<\/strong>, pesquisa divulgada toda semana pelo BC, j\u00e1 projeta para o final de 2021<a href=\"https:\/\/www.suno.com.br\/noticias\/boletim-focus-eleva-projecao-ipca-para-679\/\"> taxa de 7% ao ano<\/a>.<\/p>\n<p>A decis\u00e3o de hoje representou o maior avan\u00e7o numa reuni\u00e3o do comit\u00ea do BC desde a eleva\u00e7\u00e3o da Selic de 25,5% para 26,5% em fevereiro de 2003. O aumento anunciado nesta quarta leva tamb\u00e9m a taxa ao maior patamar desde outubro de 2019.<\/p>\n<h2>Piora no cen\u00e1rio de infla\u00e7\u00e3o: Selic vai subir mais, diz BC<\/h2>\n<p>Ao aumentar o ritmo de ciclo de alta da Selic, o Copom disse hoje que pretende manter o p\u00e9 no acelerador. Sinalizou, no comunicado, que os juros v\u00e3o subir ainda mais. &#8220;Neste momento, o cen\u00e1rio b\u00e1sico e o <strong>balan\u00e7o de riscos<\/strong> do Copom indicam ser apropriado um ciclo de eleva\u00e7\u00e3o da <a class=\"suno-keyword\" href=\"https:\/\/www.suno.com.br\/artigos\/juros\/\" target=\"_blank\" rel=\"noopener noreferrer\" data-force=\"no\" data-priority=\"2\">taxa de juros<\/a> para patamar acima do neutro&#8221;, argumenta.<\/p>\n<p>A pr\u00f3xima reuni\u00e3o deve elevar a Selic em mais 1 p.p. <em>&#8220;<\/em>O Comit\u00ea antev\u00ea outro ajuste da mesma magnitude. O Copom enfatiza que os passos futuros da pol\u00edtica monet\u00e1ria poder\u00e3o ser ajustados para assegurar o cumprimento da <strong>meta de infla\u00e7\u00e3o<\/strong> e depender\u00e3o da evolu\u00e7\u00e3o da atividade econ\u00f4mica, do balan\u00e7o de riscos e das proje\u00e7\u00f5es e expectativas de infla\u00e7\u00e3o para o horizonte relevante da pol\u00edtica monet\u00e1ria&#8221;, refor\u00e7am os diretores do BC.<\/p>\n<p>&#8220;No cen\u00e1rio externo, a evolu\u00e7\u00e3o da variante Delta da Covid-19 adiciona risco \u00e0 recupera\u00e7\u00e3o da economia global. O Comit\u00ea avalia que, a despeito dos movimentos recentes nas <strong>curvas de juros,<\/strong> ainda h\u00e1 risco relevante de aumento da infla\u00e7\u00e3o nas economias centrais&#8221;, complementa o documento do Copom.<\/p>\n<p>No \u00faltimo encontro, em junho, os diretores do Banco Central previam subir os juros em apenas 0,75 p.p.. A alta da infla\u00e7\u00e3o, por\u00e9m, mudou a abordagem do comit\u00ea. &#8220;Esse ajuste tamb\u00e9m reflete a percep\u00e7\u00e3o do comit\u00ea de que a piora recente em componentes inerciais dos \u00edndices de pre\u00e7os, em meio \u00e0 reabertura do <strong>setor de servi\u00e7os<\/strong>, poderia provocar uma deteriora\u00e7\u00e3o adicional das expectativas de infla\u00e7\u00e3o&#8221;, diz o comunicado desta quarta.<\/p>\n<p>&#8220;O ajuste no juro reflete percep\u00e7\u00e3o de piora recente em componentes inerciais de pre\u00e7os&#8221;, acrescenta o comunicado. &#8220;O cen\u00e1rio prospectivo contempla recupera\u00e7\u00e3o robusta do crescimento no segundo semestre&#8221;, pondera o comit\u00ea.<\/p>\n\t<p>\n\t\t<a href=\"https:\/\/lp.suno.com.br\/planilha-controle-gastos\/\" target=\"_blank\" data-element=\"shortcode-suno-banner\" title=\"Banner SUNO, clique e saiba mais\">\n\t\t\t<picture>\n\t\t\t\t<source media=\"(max-width: 500px)\" srcset=\"https:\/\/files.sunoresearch.com.br\/n\/uploads\/2023\/03\/400x300-Planilha-controle-de-gastos.png\">\n\t\t\t\t<img class=\"newsContent__article__imgCapa newsContent__article__imgCapa--banner\"\n\t\t\t\t\tsrc=\"https:\/\/files.sunoresearch.com.br\/n\/uploads\/2023\/03\/1420x240-Planilha-controle-de-gastos.png\"\n\t\t\t\t\tdata-promo-id=\"101751\"\t\t\t\t\t\t\t\t\t\twidth='1420' height='240'\t\t\t\t\talt=\"https:\/\/files.sunoresearch.com.br\/n\/uploads\/2023\/03\/1420x240-Planilha-controle-de-gastos.png\"\n\t\t\t\t>\n\t\t\t<\/picture>\n\t\t<\/a>\n\t<\/p>\n\n\n<h2>Press\u00e3o da alta de pre\u00e7os<\/h2>\n<p>Por que o Copom teme a press\u00e3o inflacion\u00e1ria no curto prazo? Em junho, a infla\u00e7\u00e3o <a href=\"https:\/\/www.suno.com.br\/noticias\/ipca-avanca-junho-2021-ibge\/\">desacelerou para 0,53%<\/a>, depois de chegar a 0,83% em maio. Ainda assim, com o resultado, o <a href=\"https:\/\/www.suno.com.br\/artigos\/ipca\/\">\u00cdndice Nacional de Pre\u00e7os ao Consumidor Amplo (<strong>IPCA<\/strong>)<\/a> acumula alta de 3,77% no ano, e 8,35% nos \u00faltimos 12 meses.<\/p>\n<p>Os dados de julho devem ser divulgados pelo <strong>Instituto Brasileiro de Geografia e Estat\u00edstica (IBGE)<\/strong> na pr\u00f3xima semana, mas o \u00cdndice Nacional de Pre\u00e7os ao Consumidor Amplo &#8211; 15 (IPCA-15), que mede a pr\u00e9via da infla\u00e7\u00e3o oficial, <strong><a href=\"https:\/\/www.suno.com.br\/noticias\/ipca-15-sobe-julho-ibge\/\">registrou infla\u00e7\u00e3o de 0,72%<\/a><\/strong> no m\u00eas passado, a maior varia\u00e7\u00e3o do IPCA-15 para um m\u00eas de julho desde 2004 (0,93%).<\/p>\n<p>Faltava conhecer qual seria a abordagem do comit\u00ea em rela\u00e7\u00e3o <a href=\"https:\/\/www.suno.com.br\/noticias\/copom-banco-central-inflacao-selic\/\">ao quadro brasileiro de alta de pre\u00e7os<\/a> no comunicado que acompanha a decis\u00e3o do comit\u00ea do Banco Central. Relat\u00f3rio do BTG Pactual e da XP indicavam exatamente esse aumento de 1 p,p para a Selic.<\/p>\n<p>O economista Gustavo Sung,\u00a0 do Time de An\u00e1lise da Suno, respons\u00e1vel pelo Relat\u00f3rio de Macroeconomia, explicou: &#8220;Com a piora dos <a class=\"suno-keyword\" href=\"https:\/\/www.suno.com.br\/artigos\/indices-de-inflacao\/\" target=\"_blank\" rel=\"noopener noreferrer\" data-force=\"no\" data-priority=\"1\">\u00edndices de infla\u00e7\u00e3o<\/a> e poss\u00edvel desancoragem das expectativas, acreditamos que o Banco Central deve ser mais ativo e elevar a taxa de juros de forma mais significativa. Esse comportamento evitaria uma perda de credibilidade e reduziria uma contamina\u00e7\u00e3o dos pre\u00e7os deste para o pr\u00f3ximo ano.&#8221;<\/p>\n<h2>Commodities e juros<\/h2>\n<p>Sung argumenta: &#8220;O cen\u00e1rio de <strong>alta dos juros<\/strong> tem por base o controle da infla\u00e7\u00e3o de 2021-22. Os pre\u00e7os internacionais das commodities, o c\u00e2mbio desvalorizado, a escassez de insumos na cadeia produtiva e o aumento do pre\u00e7o da energia \u2013 atualmente bandeira vermelha 2 \u2013 t\u00eam pressionado a infla\u00e7\u00e3o.&#8221;<\/p>\n<p>&#8220;No acumulado de 12 meses, o IPCA (8,35%) j\u00e1 superou o teto da meta estipulado pelo governo, de 5,25%. O IGP-M \u2013 muito utilizado para reajustes de <strong>contratos de alugu\u00e9is<\/strong> \u2013 registra 33,83%. Os \u00faltimos dados mostram que os n\u00facleos de infla\u00e7\u00e3o j\u00e1 est\u00e3o no limite superior da meta e o IPCA-15 gerou certa apreens\u00e3o no mercado, o que vinha corroborando a vis\u00e3o de alta de 1 p.p.&#8221;. lembra Gustavo.<\/p>\n<p>Mauro Orefice, diretor de investimentos da BS2 Asset, comenta: &#8220;O comunicado menciona a variante delta do coronav\u00edrus como um fator preocupante para a recupera\u00e7\u00e3o econ\u00f4mica. Diz que as expectativas de infla\u00e7\u00e3o do curto prazo est\u00e3o altas, mas, para 2022 e 2023, sob premissas de c\u00e2mbio a R$ 5,15, considera que a infla\u00e7\u00e3o est\u00e1 no <strong>intervalo da meta<\/strong> &#8212; a 3,5% e 3,2%, respectivamente. Deixa ainda a porta aberta em rela\u00e7\u00e3o \u00e0 trajet\u00f3ria de juros &#8212; que podem mudar, dependendo da trajet\u00f3ria da economia.&#8221;<\/p>\n<p>Andressa Bergamo, s\u00f3cia-fundadora da AVG Capital, lembra: &#8220;Com os investimentos em <a class=\"suno-keyword\" href=\"https:\/\/www.suno.com.br\/artigos\/investimento-renda-fixa\/\" target=\"_blank\" rel=\"noopener noreferrer\" data-force=\"no\" data-priority=\"2\">renda fixa<\/a> tornando-se mais atraentes em fun\u00e7\u00e3o da eleva\u00e7\u00e3o da taxa Selic, os investimentos em <strong>renda vari\u00e1vel<\/strong> podem ser impactados. Mas a estabiliza\u00e7\u00e3o do ciclo de aperto monet\u00e1rio em uma taxa nominal de 7,50% a.a. n\u00e3o deve ter impacto suficiente para retirar a atratividade do mercado de a\u00e7\u00f5es, que permanece promissor em 2021.&#8221;<\/p>\n<p>Adauto Lima, economista-chefe da Western Asset, acrescenta: &#8220;O BC se mant\u00e9m atento \u00e0 <strong>din\u00e2mica inflacion\u00e1ria<\/strong>, mencionando fatores que podem agravar o quadro, como uma temporada de frio com geadas no sul, ou a infla\u00e7\u00e3o subjacente do setor de servi\u00e7os. O Copom est\u00e1 em linha com a an\u00e1lise do mercado sobre o cen\u00e1rio macro.&#8221;<\/p>\n\t<p>\n\t\t<a href=\"https:\/\/lp.suno.com.br\/planilha-da-vida-financeira\/\" target=\"_blank\" data-element=\"shortcode-suno-banner\" title=\"Banner SUNO, clique e saiba mais\">\n\t\t\t<picture>\n\t\t\t\t<source media=\"(max-width: 500px)\" srcset=\"https:\/\/files.sunoresearch.com.br\/n\/uploads\/2023\/04\/400x300-Planilha-vida-financeira-true.png\">\n\t\t\t\t<img class=\"newsContent__article__imgCapa newsContent__article__imgCapa--banner\"\n\t\t\t\t\tsrc=\"https:\/\/files.sunoresearch.com.br\/n\/uploads\/2023\/04\/1420x240-Planilha-vida-financeira-true.png\"\n\t\t\t\t\tdata-promo-id=\"106682\"\t\t\t\t\t\t\t\t\t\twidth='1420' height='240'\t\t\t\t\talt=\"https:\/\/files.sunoresearch.com.br\/n\/uploads\/2023\/04\/1420x240-Planilha-vida-financeira-true.png\"\n\t\t\t\t>\n\t\t\t<\/picture>\n\t\t<\/a>\n\t<\/p>\n\n\n<h2>Copom: ciclo de alta da taxa de juros<\/h2>\n<p>O Copom come\u00e7ou ontem (3), em Bras\u00edlia, a quinta reuni\u00e3o do ano que definiu a <a class=\"suno-keyword\" href=\"https:\/\/www.suno.com.br\/artigos\/taxa-selic\/\" target=\"_blank\" rel=\"noopener noreferrer\" data-force=\"no\" data-priority=\"3\">taxa Selic<\/a>.<\/p>\n<p>Os membros do Copom sinalizaram <a href=\"https:\/\/www.suno.com.br\/noticias\/projecao-para-ipca-2021-ata-do-copom\/\">na ata da reuni\u00e3o anterior, em junho,<\/a> que deveriam manter a eleva\u00e7\u00e3o da Selic no mesmo patamar de 0,75 ponto percentual. O avan\u00e7o da infla\u00e7\u00e3o nas \u00faltimas semanas fez aumentar essa proje\u00e7\u00e3o.<\/p>\n<p>&#8220;No \u00faltimo comunicado, o BC subiu o tom e retirou a express\u00e3o &#8216;normaliza\u00e7\u00e3o parcial dos juros&#8217;, que basicamente \u00e9 o aumento da taxa de juros com certo grau de est\u00edmulo econ\u00f4mico, e indicou um movimento mais r\u00e1pido \u00e0 taxa neutra (torno de 6,5% a.a.) \u2013 que nem estimula e nem contrai a<strong> atividade econ\u00f4mica<\/strong> \u2013 para cumprir a <a class=\"suno-keyword\" href=\"https:\/\/www.suno.com.br\/artigos\/meta-de-inflacao\/\" target=\"_blank\" rel=\"noopener noreferrer\" data-force=\"no\" data-priority=\"1\">meta de infla\u00e7\u00e3o<\/a> do ano que vem&#8221;, analisa Gustavo Sung, da Suno.<\/p>\n<p>&#8220;E deixou claro que, se houver deteriora\u00e7\u00e3o das expectativas de infla\u00e7\u00e3o para o horizonte relevante, o Copom pode reduzir de forma mais tempestiva os est\u00edmulos monet\u00e1rios. Logo, uma alta mais forte neste momento pode trazer tranquilidade aos agentes econ\u00f4micos.&#8221;<\/p>\n\n\t<div data-element=\"shortcode-read-more\" class=\"readToo\">\n\t\t\t\t<span class=\"readToo__title\">Leia mais<\/span>\n\t\t\t\t<ul class=\"readToo__list\">\n\t\t\t<li><a href=\"https:\/\/www.suno.com.br\/noticias\/bc-calendario-reunioes-copom-2022\/\">BC publica calend\u00e1rio de reuni\u00f5es do Copom em 2022; Confira<\/a><\/li><li><a href=\"https:\/\/www.suno.com.br\/noticias\/copom-normalizacao-parcial-xp\/\">Copom: 78% dos investidores esperam fim da &#8216;normaliza\u00e7\u00e3o parcial&#8217;, diz XP<\/a><\/li>\t\t<\/ul>\n\t<\/div>\n\n\n<p>A Selic continuou em um ciclo de alta, depois de passar seis anos sem ser elevada. De julho de 2015 a outubro de 2016, a taxa permaneceu em 14,25% ao ano. Depois disso, o Copom voltou a reduzir os juros b\u00e1sicos da economia at\u00e9 que a taxa chegou a 6,5% ao ano, em mar\u00e7o de 2018.<\/p>\n<p>Em julho de 2019, a Selic voltou a ser reduzida at\u00e9 chegar ao menor n\u00edvel da hist\u00f3ria em agosto de 2020, em 2% ao ano. Come\u00e7ou a subir novamente em mar\u00e7o deste ano, quando avan\u00e7ou para 2,75% ao ano e, no in\u00edcio de maio, foi elevada para 3,5% ao ano. Em junho, subiu para 4,25% ao ano.<\/p>\n<h2>Selic: o que vem por a\u00ed?<\/h2>\n<p>At\u00e9 onde o BC ir\u00e1 elevar a taxa de juros sem comprometer a <strong>retomada da economia<\/strong>?, pergunta o economista da Suno.<\/p>\n<p>&#8220;Apesar das boas perspectivas, o pa\u00eds ainda sofre com os efeitos negativos da pandemia, como a alta <strong>taxa de desemprego<\/strong>. Caso a autoridade monet\u00e1ria eleve a taxa de juros de forma mais abrupta, pode comprometer a retomada mais sustent\u00e1vel da economia a m\u00e9dio e longo prazos&#8221;, pondera.<\/p>\n<p>&#8220;Mas, se n\u00e3o for incisivo com a infla\u00e7\u00e3o, o descontrole de pre\u00e7os trar\u00e1 preju\u00edzos s\u00e9rios \u00e0 atividade e \u00e0 renda dos brasileiros, principalmente nas classes mais vulner\u00e1veis \u2013 que j\u00e1 sofrem com a pandemia&#8221;, complementa.<\/p>\n<p>Com mais tr\u00eas reuni\u00f5es at\u00e9 o fim do ano e com a tend\u00eancia de alta dos juros, o comportamento da infla\u00e7\u00e3o e os dados de atividade dos pr\u00f3ximos meses ser\u00e3o fatores importantes para determinar o patamar da Selic at\u00e9 acabar 2021.<\/p>\n<p>&#8220;Fatores positivos, que podem atenuar a infla\u00e7\u00e3o no <a class=\"suno-keyword\" href=\"https:\/\/www.suno.com.br\/artigos\/curto-prazo\/\" target=\"_blank\" rel=\"noopener noreferrer\" data-force=\"no\" data-priority=\"1\">curto prazo<\/a>, s\u00e3o: a recente <strong>valoriza\u00e7\u00e3o cambial<\/strong>, que diminui impacto sobre os pre\u00e7os das mat\u00e9rias-primas, e os dados acima do esperado para a atividade econ\u00f4mica, que reduzem o <a class=\"suno-keyword\" href=\"https:\/\/www.suno.com.br\/artigos\/premio-de-risco\/\" target=\"_blank\" rel=\"noopener noreferrer\" data-force=\"no\" data-priority=\"1\">pr\u00eamio de risco<\/a> sobre os ativos brasileiros&#8221;, diz Sung.<\/p>\n<p>Ele argumenta: &#8220;O maior acionamento das termel\u00e9tricas, frente \u00e0 poss\u00edvel crise de abastecimento de energia, e a perspectiva de retomada do com\u00e9rcio e dos servi\u00e7os podem pressionar a infla\u00e7\u00e3o no segundo semestre. O prolongamento de <strong>est\u00edmulos fiscais<\/strong> \u2013 que melhoram a atividade, mas, ao mesmo tempo, aumentam o risco fiscal \u2013 pode ser um fator que eleva a infla\u00e7\u00e3o a curto e m\u00e9dio prazos. Adicionalmente, a lentid\u00e3o da normaliza\u00e7\u00e3o nas condi\u00e7\u00f5es de oferta pode pressionar os pre\u00e7os dos produtos.&#8221;<\/p>\n<h2>Ativos brasileiros mais atrativos<\/h2>\n<p>A eleva\u00e7\u00e3o da taxa de juros aumenta o diferencial entre os juros internos e externos, tornando os ativos brasileiros mais atrativos para o <a class=\"suno-keyword\" href=\"https:\/\/www.suno.com.br\/artigos\/investidor-estrangeiro\/\" target=\"_blank\" rel=\"noopener noreferrer\" data-force=\"no\" data-priority=\"1\">investidor estrangeiro<\/a>. Frente \u00e0s taxas pr\u00f3ximas de zero em muitos pa\u00edses, h\u00e1 maior <strong>entrada de d\u00f3lares<\/strong>, sustentando a valoriza\u00e7\u00e3o do c\u00e2mbio, observa o economista do time da Suno.<\/p>\n<p>H\u00e1 outros fatores que devem ficar sob aten\u00e7\u00e3o dos investidores, de acordo com Sung. &#8220;Com a maior entrada de d\u00f3lares na economia, a tend\u00eancia \u00e9 de <strong>valoriza\u00e7\u00e3o do real<\/strong> e, portanto, os pre\u00e7os dos bens importados em moeda local ser\u00e3o menores \u2013 diminuindo a press\u00e3o sobre a infla\u00e7\u00e3o.&#8221;<\/p>\n<p>Al\u00e9m disso, diz ele, &#8220;com rela\u00e7\u00e3o ao <strong>mercado financeiro<\/strong> brasileiro, acreditamos que n\u00e3o h\u00e1 ainda grandes incentivos para uma guinada \u00e0 renda fixa. Se levarmos em conta a infla\u00e7\u00e3o, alguns investimentos apresentam retorno reais negativos.&#8221;<\/p>\n<p>&#8220;Por outro lado, a tend\u00eancia de alta tem efeitos negativos sobre a <strong><a class=\"suno-keyword\" href=\"https:\/\/www.suno.com.br\/artigos\/divida-publica\/\" target=\"_blank\" rel=\"noopener noreferrer\" data-force=\"no\" data-priority=\"1\">d\u00edvida p\u00fablica<\/a><\/strong> da Uni\u00e3o, pois parte dela est\u00e1 indexada \u00e0 Selic. Assim, mudan\u00e7as nos juros impactam o custo de carregamento. Como o pa\u00eds apresenta uma situa\u00e7\u00e3o fiscal dif\u00edcil, o risco pode aumentar marginalmente&#8221;, complementa Sung.<\/p>\n<p>&#8220;Por fim, uma mudan\u00e7a na <strong><a class=\"suno-keyword\" href=\"https:\/\/www.suno.com.br\/artigos\/politica-monetaria\/\" target=\"_blank\" rel=\"noopener noreferrer\" data-force=\"no\" data-priority=\"1\">pol\u00edtica monet\u00e1ria<\/a><\/strong> nos Estados Unidos levaria \u00e0 sa\u00edda de capital dos pa\u00edses emergentes. Logo, a desvaloriza\u00e7\u00e3o cambial pressionaria a infla\u00e7\u00e3o. O rem\u00e9dio seria o aumento maior da taxa de juros&#8221;, conclui.<\/p>\n\t<p>\n\t\t<a href=\"https:\/\/lp.suno.com.br\/ebook-como-analisar-uma-acao\/\" target=\"_blank\" data-element=\"shortcode-suno-banner\" title=\"Banner SUNO, clique e saiba mais\">\n\t\t\t<picture>\n\t\t\t\t<source media=\"(max-width: 500px)\" srcset=\"https:\/\/files.sunoresearch.com.br\/n\/uploads\/2023\/03\/Ebook-Acoes-Mobile-1.jpg\">\n\t\t\t\t<img class=\"newsContent__article__imgCapa newsContent__article__imgCapa--banner\"\n\t\t\t\t\tsrc=\"https:\/\/files.sunoresearch.com.br\/n\/uploads\/2023\/03\/Ebook-Acoes-Desktop-1.jpg\"\n\t\t\t\t\tdata-promo-id=\"171998\"\t\t\t\t\t\t\t\t\t\twidth='1420' height='286'\t\t\t\t\talt=\"https:\/\/files.sunoresearch.com.br\/n\/uploads\/2023\/03\/Ebook-Acoes-Desktop-1.jpg\"\n\t\t\t\t>\n\t\t\t<\/picture>\n\t\t<\/a>\n\t<\/p>\n\n\n<h2>&#8220;Tom que o mercado sinalizava&#8221;<\/h2>\n<p>&#8220;O comunicado do Copom traduziu no exato tom o que o mercado j\u00e1 sinalizava. E mostra alinhamento com o compromisso da meta em tom ainda mais r\u00edgido que o \u00faltimo comunicado, principalmente quando sinaliza juros para patamar acima do neutro&#8221;, comentou o economista Jo\u00e3o Beck, s\u00f3cio da BRA.<\/p>\n<p>&#8220;Conceitualmente, se temos um Banco Central respons\u00e1vel podemos esperar que ele vai subir a taxa de juros para compensar os efeitos da infla\u00e7\u00e3o para o investidor. Sendo assim, n\u00e3o precisar\u00edamos remanejar <strong>carteiras de investimentos<\/strong> com foco nesse \u00edndice&#8221;, acrescentou. &#8220;O Banco Central est\u00e1 atento e tem um term\u00f4metro acurado da infla\u00e7\u00e3o. Por isso, os aumentos da Taxa Selic aceleraram.&#8221;<\/p>\n<p>Jansen Costa, s\u00f3cio da Fatorial Investimentos, observou: &#8220;O BC mostra-se preocupado com a Infla\u00e7\u00e3o. Mudou o comunicado endurecendo os ajustes. Se mostra preocupado e se v\u00ea &#8216;correndo&#8217; atr\u00e1s da <a class=\"suno-keyword\" href=\"https:\/\/www.suno.com.br\/artigos\/curva-de-juros\/\" target=\"_blank\" rel=\"noopener noreferrer\" data-force=\"no\" data-priority=\"1\">curva de juros<\/a>. O mercado de juros antecipou a alta e est\u00e1 ditando o ajuste do Copom. O comunicado deixa claro um novo aumento de 1% de juros com mais um novo aumento de 1%. As expectativas de juros para dezembro aumentam ap\u00f3s essa ata.&#8221;<\/p>\n<p>Complementa: &#8220;O mercado teme que a infla\u00e7\u00e3o n\u00e3o seja transit\u00f3ria e sim mais recorrente. E que isso traga uma alta significativa de pre\u00e7os em servi\u00e7os e consumo. \u00c9 importante destacar que, se o BC n\u00e3o continuar subindo os juros, a infla\u00e7\u00e3o pode virar mais permanente, o que n\u00e3o \u00e9 bom para a economia brasileira.&#8221;<\/p>\n<h2>Entidades criticam Copom<\/h2>\n<p>A decis\u00e3o do Copom foi &#8220;equivocada&#8221; na avalia\u00e7\u00e3o da Confedera\u00e7\u00e3o Nacional da Ind\u00fastria (CNI). Para a entidade, as condi\u00e7\u00f5es de cr\u00e9dito para consumidores e empresas deveriam continuar sendo estimuladas e a medida, ao contr\u00e1rio, desestimula a economia e aumenta o custo do financiamento.<\/p>\n<p>&#8220;O controle da infla\u00e7\u00e3o de oferta via juros \u00e9 menos eficaz e requer um forte desest\u00edmulo \u00e0 atividade econ\u00f4mica em um momento em que a recupera\u00e7\u00e3o da economia ainda se mostra fr\u00e1gil. A taxa de desemprego ainda est\u00e1 pr\u00f3xima do pico hist\u00f3rico e a produ\u00e7\u00e3o da <a class=\"suno-keyword\" href=\"https:\/\/www.suno.com.br\/artigos\/industria-de-transformacao\/\" target=\"_blank\" rel=\"noopener noreferrer\" data-force=\"no\" data-priority=\"1\">ind\u00fastria de transforma\u00e7\u00e3o<\/a> perdeu for\u00e7a ao longo deste ano apresentando queda em cinco meses no primeiro semestre&#8221;, avalia o presidente da CNI, Robson Andrade, em nota.<\/p>\n<p>A Federa\u00e7\u00e3o das Ind\u00fastrias de S\u00e3o Paulo (Fiesp) tamb\u00e9m considerou a decis\u00e3o do Copom um &#8220;equ\u00edvoco&#8221;. &#8220;Pode-se dizer que \u00e9 um equ\u00edvoco do Banco Central n\u00e3o apenas elevar a <a class=\"suno-keyword\" href=\"https:\/\/www.suno.com.br\/artigos\/taxa-basica-de-juros\/\" target=\"_blank\" rel=\"noopener noreferrer\" data-force=\"no\" data-priority=\"1\">taxa b\u00e1sica de juros<\/a>, mas acelerar o ritmo de alta, colocando em risco a fr\u00e1gil recupera\u00e7\u00e3o da economia brasileira&#8221;, diz a federa\u00e7\u00e3o em nota.<\/p>\n<h2>Taxa Selic: arma do Copom contra a infla\u00e7\u00e3o<\/h2>\n<p>A taxa b\u00e1sica de juros \u00e9 usada nas negocia\u00e7\u00f5es de\u00a0<strong><a class=\"suno-keyword\" href=\"https:\/\/www.suno.com.br\/artigos\/titulos-publicos\/\" target=\"_blank\" rel=\"noopener noreferrer\" data-force=\"no\" data-priority=\"1\">t\u00edtulos p\u00fablicos<\/a><\/strong>\u00a0emitidos pelo Tesouro Nacional no\u00a0<a class=\"suno-keyword\" href=\"https:\/\/www.suno.com.br\/artigos\/sistema-especial-liquidacao-custodia\/\" target=\"_blank\" rel=\"noopener noreferrer\" data-force=\"no\" data-priority=\"1\">Sistema Especial de Liquida\u00e7\u00e3o e Cust\u00f3dia<\/a>\u00a0(Selic) e serve de refer\u00eancia para as demais taxas da economia. Ela tamb\u00e9m \u00e9 o principal instrumento do\u00a0<strong>Banco Central para manter a infla\u00e7\u00e3o sob controle<\/strong>.<\/p>\n<p>O BC atua diariamente por meio de opera\u00e7\u00f5es de mercado aberto \u2013 comprando e vendendo t\u00edtulos p\u00fablicos federais \u2013 para manter a taxa de juros pr\u00f3xima ao valor definido na reuni\u00e3o.<\/p>\n<p>Quando o Copom aumenta a taxa b\u00e1sica de juros, a finalidade \u00e9 conter a demanda aquecida, e isso causa reflexos nos pre\u00e7os porque os\u00a0<strong>juros mais altos encarecem o cr\u00e9dit<\/strong>o e estimulam a poupan\u00e7a. Desse modo, taxas mais altas podem<strong>\u00a0conter a atividade econ\u00f4mica<\/strong>. Ao reduzir a Selic, a tend\u00eancia \u00e9 de que o cr\u00e9dito fique mais barato, com incentivo \u00e0 produ\u00e7\u00e3o e ao consumo, reduzindo o controle da infla\u00e7\u00e3o e estimulando a atividade econ\u00f4mica.<\/p>\n<p>Entretanto, as t<strong>axas de juros do cr\u00e9dito<\/strong>\u00a0n\u00e3o variam na mesma propor\u00e7\u00e3o da Selic, pois a Selic \u00e9 apenas uma parte do custo do cr\u00e9dito. Os bancos tamb\u00e9m consideram outros fatores na hora de definir os juros cobrados dos consumidores, como risco de inadimpl\u00eancia, lucro e\u00a0<a class=\"suno-keyword\" href=\"https:\/\/www.suno.com.br\/artigos\/despesas-administrativas\/\" target=\"_blank\" rel=\"noopener noreferrer\" data-force=\"no\" data-priority=\"1\">despesas administrativas<\/a>.<\/p>\n<p>O Copom re\u00fane-se a cada 45 dias. No primeiro dia do encontro, s\u00e3o feitas apresenta\u00e7\u00f5es t\u00e9cnicas sobre a evolu\u00e7\u00e3o e as perspectivas das economias brasileira e mundial e o comportamento do mercado financeiro. No segundo dia, os membros do Copom, formado pela diretoria do BC, analisam as possibilidades e definem a Selic.<\/p>\n<p>Seguindo orienta\u00e7\u00e3o da \u00e1rea de gest\u00e3o de pessoas do BC, na semana passada, todos os membros do Copom foram testados para\u00a0<strong>covid-19<\/strong>. O diretor Bruno Serra testou positivo e, portanto, n\u00e3o participar\u00e1 das sess\u00f5es presenciais nesta ter\u00e7a e quarta-feira. \u201cO diretor segue assintom\u00e1tico e desempenhando normalmente suas fun\u00e7\u00f5es de maneira remota\u201d, informou o BC.<\/p>\n\t<p>\n\t\t<a href=\"https:\/\/lp.suno.com.br\/planilha-de-controle-de-investimentos\/\" target=\"_blank\" data-element=\"shortcode-suno-banner\" title=\"Banner SUNO, clique e saiba mais\">\n\t\t\t<picture>\n\t\t\t\t<source media=\"(max-width: 500px)\" srcset=\"https:\/\/files.sunoresearch.com.br\/n\/uploads\/2023\/03\/400x300-Controle-de-Investimentos.png\">\n\t\t\t\t<img class=\"newsContent__article__imgCapa newsContent__article__imgCapa--banner\"\n\t\t\t\t\tsrc=\"https:\/\/files.sunoresearch.com.br\/n\/uploads\/2023\/03\/1420x240-Controle-de-Investimentos.png\"\n\t\t\t\t\tdata-promo-id=\"75934\"\t\t\t\t\t\t\t\t\t\twidth='1420' height='240'\t\t\t\t\talt=\"https:\/\/files.sunoresearch.com.br\/n\/uploads\/2023\/03\/1420x240-Controle-de-Investimentos.png\"\n\t\t\t\t>\n\t\t\t<\/picture>\n\t\t<\/a>\n\t<\/p>\n\n\n<h2>Infla\u00e7\u00e3o em alta<\/h2>\n<p>Para 2021, a meta de infla\u00e7\u00e3o que deve ser perseguida pelo BC, definida pelo <strong>Conselho Monet\u00e1rio Nacional<\/strong>, \u00e9 de 3,75% para este ano, com intervalo de toler\u00e2ncia de 1,5 ponto percentual para cima ou para baixo. Ou seja, o limite inferior \u00e9 2,25% e o superior \u00e9 5,25%.<\/p>\n<p>No \u00faltimo <strong>Relat\u00f3rio de Infla\u00e7\u00e3o<\/strong>, divulgado no fim de junho pelo Banco Central, a <strong>autoridade monet\u00e1ria<\/strong> estimava que, em 2021, o \u00cdndice Nacional de Pre\u00e7os ao Consumidor Amplo (IPCA), que \u00e9 a infla\u00e7\u00e3o oficial do pa\u00eds, fecharia o ano em 5,82% no cen\u00e1rio base, com Selic em 6,25% ao ano e c\u00e2mbio partindo de R$ 5,05.<\/p>\n<p>J\u00e1 a proje\u00e7\u00e3o do mercado \u00e9 de uma infla\u00e7\u00e3o ainda maior, fechando o ano em 6,79%, de acordo com o \u00faltimo boletim Focus. \u00c9 a 17\u00aa alta consecutiva da previs\u00e3o das institui\u00e7\u00f5es financeiras.<\/p>\n<p>Esses dados influenciaram na decis\u00e3o sobre a taxa Selic nesta quarta do <strong>Copom<\/strong>.<\/p>\n<h2>\u00cdntegra do comunicado do Copom desta quarta (4)<\/h2>\n<p>Veja a \u00edntegra do comunicado desta quarta do BC sobre a defini\u00e7\u00e3o da Selic, com uma an\u00e1lise da atividade econ\u00f4mica do pa\u00eds e as justificativas para a decis\u00e3o do comit\u00ea:<\/p>\n<p><em>&#8220;Em sua 240\u00aa reuni\u00e3o, o Comit\u00ea de Pol\u00edtica Monet\u00e1ria (Copom) decidiu, por unanimidade, elevar a taxa Selic para 5,25% a.a.<\/em><\/p>\n<p><em>A atualiza\u00e7\u00e3o do cen\u00e1rio b\u00e1sico do Copom pode ser descrita com as seguintes observa\u00e7\u00f5es:<\/em><\/p>\n<p><em>No cen\u00e1rio externo, a evolu\u00e7\u00e3o da variante Delta da Covid-19 adiciona risco \u00e0 recupera\u00e7\u00e3o da economia global. O Comit\u00ea avalia que, a despeito dos movimentos recentes nas curvas de juros, ainda h\u00e1 risco relevante de aumento da infla\u00e7\u00e3o nas economias centrais. Ainda assim, o ambiente para pa\u00edses emergentes segue favor\u00e1vel com os est\u00edmulos monet\u00e1rios de longa dura\u00e7\u00e3o, os programas fiscais e a reabertura das principais economias;<\/em><\/p>\n<p><em>Em rela\u00e7\u00e3o \u00e0 atividade econ\u00f4mica brasileira, os indicadores recentes continuam mostrando evolu\u00e7\u00e3o positiva e n\u00e3o ensejam mudan\u00e7a relevante para o cen\u00e1rio prospectivo, o qual contempla recupera\u00e7\u00e3o robusta do crescimento econ\u00f4mico ao longo do segundo semestre;<\/em><\/p>\n<p><em>A infla\u00e7\u00e3o ao consumidor continua se revelando persistente. Os \u00faltimos indicadores divulgados mostram composi\u00e7\u00e3o mais desfavor\u00e1vel. Destacam-se a surpresa com o componente subjacente da infla\u00e7\u00e3o de servi\u00e7os e a continuidade da press\u00e3o sobre bens industriais, causando eleva\u00e7\u00e3o dos n\u00facleos. Al\u00e9m disso, h\u00e1 novas press\u00f5es em componentes vol\u00e1teis, como a poss\u00edvel eleva\u00e7\u00e3o do adicional da bandeira tarif\u00e1ria e os novos aumentos nos pre\u00e7os de alimentos, ambos decorrentes de condi\u00e7\u00f5es clim\u00e1ticas adversas. Em conjunto, esses fatores acarretam revis\u00e3o significativa das proje\u00e7\u00f5es de curto prazo;<\/em><\/p>\n<p><em>As diversas medidas de infla\u00e7\u00e3o subjacente apresentam-se acima do intervalo compat\u00edvel com o cumprimento da meta para a infla\u00e7\u00e3o;<\/em><\/p>\n<p><em>As expectativas de infla\u00e7\u00e3o para 2021, 2022 e 2023 apuradas pela pesquisa Focus encontram-se em torno de 6,8%, 3,8% e 3,25%, respectivamente;\u00a0<\/em><\/p>\n<p><em>No cen\u00e1rio b\u00e1sico, com trajet\u00f3ria para a taxa de juros extra\u00edda da pesquisa Focus e taxa de c\u00e2mbio partindo de USD\/BRL 5,15*, e evoluindo segundo a <a class=\"suno-keyword\" href=\"https:\/\/www.suno.com.br\/artigos\/paridade-de-poder-de-compra-ppc\/\" target=\"_blank\" rel=\"noopener noreferrer\" data-force=\"no\" data-priority=\"1\">paridade do poder de compra<\/a> (PPC), as proje\u00e7\u00f5es de infla\u00e7\u00e3o do Copom situam-se em torno de 6,5% para 2021, 3,5% para 2022 e 3,2% para 2023. Esse cen\u00e1rio sup\u00f5e trajet\u00f3ria de juros que se eleva para 7,00% a.a. neste ano, mant\u00e9m-se nesse valor durante 2022 e reduz-se para 6,50% a.a. em 2023. Nesse cen\u00e1rio, as proje\u00e7\u00f5es para a infla\u00e7\u00e3o de <a class=\"suno-keyword\" href=\"https:\/\/www.suno.com.br\/artigos\/precos-administrados\/\" target=\"_blank\" rel=\"noopener noreferrer\" data-force=\"no\" data-priority=\"1\">pre\u00e7os administrados<\/a> s\u00e3o de 10,0% para 2021 e 4,6% para 2022 e 2023. Adota-se uma hip\u00f3tese neutra para a bandeira tarif\u00e1ria de energia el\u00e9trica, que se mant\u00e9m em &#8220;vermelha patamar 1&#8221; em dezembro de cada ano-calend\u00e1rio.<\/em><\/p>\n<p><em>O Comit\u00ea ressalta que, em seu cen\u00e1rio b\u00e1sico para a infla\u00e7\u00e3o, permanecem fatores de risco em ambas as dire\u00e7\u00f5es.<\/em><\/p>\n<p><em>Por um lado, uma poss\u00edvel revers\u00e3o, ainda que parcial, do aumento recente nos pre\u00e7os das commodities internacionais em moeda local produziria trajet\u00f3ria de infla\u00e7\u00e3o abaixo do cen\u00e1rio b\u00e1sico.<\/em><\/p>\n<p><em>Por outro lado, novos prolongamentos das pol\u00edticas fiscais de resposta \u00e0 pandemia que pressionem a <a class=\"suno-keyword\" href=\"https:\/\/www.suno.com.br\/artigos\/demanda-agregada\/\" target=\"_blank\" rel=\"noopener noreferrer\" data-force=\"no\" data-priority=\"1\">demanda agregada<\/a> e piorem a trajet\u00f3ria fiscal podem elevar os pr\u00eamios de risco do pa\u00eds. Apesar da melhora recente nos indicadores de sustentabilidade da d\u00edvida p\u00fablica, o risco fiscal elevado segue criando uma assimetria altista no balan\u00e7o de riscos, ou seja, com trajet\u00f3rias para a infla\u00e7\u00e3o acima do projetado no horizonte relevante para a pol\u00edtica monet\u00e1ria.<\/em><\/p>\n<p><em>O Copom reitera que perseverar no processo de reformas e ajustes necess\u00e1rios na economia brasileira \u00e9 essencial para permitir a recupera\u00e7\u00e3o sustent\u00e1vel da economia. O Comit\u00ea ressalta, ainda, que questionamentos sobre a continuidade das reformas e altera\u00e7\u00f5es de car\u00e1ter permanente no processo de ajuste das contas p\u00fablicas podem elevar a taxa de juros estrutural da economia.<\/em><\/p>\n<p><em>Considerando o cen\u00e1rio b\u00e1sico, o balan\u00e7o de riscos e o amplo conjunto de informa\u00e7\u00f5es dispon\u00edveis, o Copom decidiu, por unanimidade, elevar a taxa b\u00e1sica de juros em 1,00 ponto percentual, para 5,25% a.a. O Comit\u00ea entende que essa decis\u00e3o reflete seu cen\u00e1rio b\u00e1sico e um balan\u00e7o de riscos de vari\u00e2ncia maior do que a usual para a infla\u00e7\u00e3o prospectiva e \u00e9 compat\u00edvel com a converg\u00eancia da infla\u00e7\u00e3o para as metas no horizonte relevante, que inclui o ano-calend\u00e1rio de 2022 e, em grau menor, o de 2023. Esse ajuste tamb\u00e9m reflete a percep\u00e7\u00e3o do Comit\u00ea de que a piora recente em componentes inerciais dos \u00edndices de pre\u00e7os, em meio \u00e0 reabertura do setor de servi\u00e7os, poderia provocar uma deteriora\u00e7\u00e3o adicional das expectativas de infla\u00e7\u00e3o. <\/em><\/p>\n<p><em>O Copom considera que, neste momento, a estrat\u00e9gia de ser mais tempestivo no ajuste da pol\u00edtica monet\u00e1ria \u00e9 a mais apropriada para garantir a ancoragem das expectativas de infla\u00e7\u00e3o. Sem preju\u00edzo de seu objetivo fundamental de assegurar a estabilidade de pre\u00e7os, essa decis\u00e3o tamb\u00e9m implica suaviza\u00e7\u00e3o das flutua\u00e7\u00f5es do n\u00edvel de atividade econ\u00f4mica e fomento do <a class=\"suno-keyword\" href=\"https:\/\/www.suno.com.br\/artigos\/pleno-emprego\/\" target=\"_blank\" rel=\"noopener noreferrer\" data-force=\"no\" data-priority=\"1\">pleno emprego<\/a>.<\/em><\/p>\n<p><em>Neste momento, o cen\u00e1rio b\u00e1sico e o balan\u00e7o de riscos do Copom indicam ser apropriado um ciclo de eleva\u00e7\u00e3o da taxa de juros para patamar acima do neutro.<\/em><\/p>\n<p><em>Para a pr\u00f3xima reuni\u00e3o, o Comit\u00ea antev\u00ea outro ajuste da mesma magnitude. O Copom enfatiza que os passos futuros da pol\u00edtica monet\u00e1ria poder\u00e3o ser ajustados para assegurar o cumprimento da meta de infla\u00e7\u00e3o e depender\u00e3o da evolu\u00e7\u00e3o da atividade econ\u00f4mica, do balan\u00e7o de riscos e das proje\u00e7\u00f5es e expectativas de infla\u00e7\u00e3o para o horizonte relevante da pol\u00edtica monet\u00e1ria.<\/em><\/p>\n<p><em>Votaram por essa decis\u00e3o os seguintes membros do Comit\u00ea: Roberto Oliveira Campos Neto (presidente), Carolina de Assis Barros, Fabio Kanczuk, Fernanda Magalh\u00e3es Rumenos Guardado, Jo\u00e3o Manoel Pinho de Mello, Maur\u00edcio Costa de Moura, Ot\u00e1vio Ribeiro Damaso e Paulo S\u00e9rgio Neves de Souza.<\/em><\/p>\n<p><em>*Valor obtido pelo procedimento usual de arredondar a cota\u00e7\u00e3o m\u00e9dia da taxa de c\u00e2mbio USD\/BRL observada nos cinco dias \u00fateis encerrados no \u00faltimo dia da semana anterior \u00e0 da reuni\u00e3o do <strong>Copom<\/strong>.&#8221;<\/em><\/p>\n<p><em><strong>(Com informa\u00e7\u00f5es da Ag\u00eancia Brasil e Estad\u00e3o Conte\u00fado)<\/strong><\/em><\/p>\n","protected":false},"excerpt":{"rendered":"<p>O Comit\u00ea de Pol\u00edtica Monet\u00e1ria (Copom) do Banco Central (BC), em Bras\u00edlia, decidiu nesta quarta (4) elevar a taxa b\u00e1sica de juros, a Selic, em 1 ponto porcentual, para 5,25% ao ano. A justificativa do comit\u00ea para determinar o aumento foi conter a alta da infla\u00e7\u00e3o. Os diretores do BC avisaram ainda que est\u00e1 previsto [&hellip;]<\/p>\n","protected":false},"author":98,"featured_media":172180,"comment_status":"closed","ping_status":"closed","sticky":false,"template":"","format":"standard","meta":[],"categories":[62],"tags":[1842,1104,290],"suno_strategy":[],"class_list":["post-172166","post","type-post","status-publish","format-standard","has-post-thumbnail","hentry","category-economia","tag-banco-central-bc","tag-copom","tag-taxa-selic"],"yoast_head":"<!-- This site is optimized with the Yoast SEO plugin v24.4 - https:\/\/yoast.com\/wordpress\/plugins\/seo\/ -->\n<title>Copom eleva taxa Selic para 5,25% e indica aumento na pr\u00f3xima reuni\u00e3o<\/title>\n<meta name=\"description\" content=\"O Copom decidiu elevar a taxa b\u00e1sica de juros, a Selic, em 1 ponto porcentual, para 5,25% ao ano. Saiba mais sobre o Copom e a taxa Selic\" \/>\n<meta name=\"robots\" content=\"index, follow, max-snippet:-1, max-image-preview:large, max-video-preview:-1\" \/>\n<link rel=\"canonical\" href=\"https:\/\/www.suno.com.br\/noticias\/copom-eleva-selic-525\/\" \/>\n<meta property=\"og:locale\" content=\"pt_BR\" \/>\n<meta property=\"og:type\" content=\"article\" \/>\n<meta property=\"og:title\" content=\"Copom eleva taxa Selic para 5,25% e indica aumento na pr\u00f3xima reuni\u00e3o\" \/>\n<meta property=\"og:description\" content=\"O Copom decidiu elevar a taxa b\u00e1sica de juros, a Selic, em 1 ponto porcentual, para 5,25% ao ano. Saiba mais sobre o Copom e a taxa Selic\" \/>\n<meta property=\"og:url\" content=\"https:\/\/www.suno.com.br\/noticias\/copom-eleva-selic-525\/\" \/>\n<meta property=\"og:site_name\" content=\"Suno Not\u00edcias\" \/>\n<meta property=\"article:publisher\" content=\"https:\/\/facebook.com\/sunoresearch\" \/>\n<meta property=\"og:image\" content=\"https:\/\/files.sunoresearch.com.br\/n\/uploads\/2021\/08\/9dd9a852-banco-central-determina-fechamento-das-atividades-do-banco-neon.jpg\" \/>\n\t<meta property=\"og:image:width\" content=\"1200\" \/>\n\t<meta property=\"og:image:height\" content=\"800\" \/>\n\t<meta property=\"og:image:type\" content=\"image\/jpeg\" \/>\n<meta name=\"author\" content=\"Marco Ant\u00f4nio Lopes\" \/>\n<meta name=\"twitter:card\" content=\"summary_large_image\" \/>\n<meta name=\"twitter:creator\" content=\"@sunoresearch\" \/>\n<meta name=\"twitter:site\" content=\"@sunoresearch\" \/>\n<meta name=\"twitter:label1\" content=\"Escrito por\" \/>\n\t<meta name=\"twitter:data1\" content=\"Marco Ant\u00f4nio Lopes\" \/>\n\t<meta name=\"twitter:label2\" content=\"Est. tempo de leitura\" \/>\n\t<meta name=\"twitter:data2\" content=\"20 minutos\" \/>\n<script type=\"application\/ld+json\" class=\"yoast-schema-graph\">{\"@context\":\"https:\/\/schema.org\",\"@graph\":[{\"@type\":\"NewsArticle\",\"@id\":\"https:\/\/www.suno.com.br\/noticias\/copom-eleva-selic-525\/#article\",\"isPartOf\":{\"@id\":\"https:\/\/www.suno.com.br\/noticias\/copom-eleva-selic-525\/\"},\"author\":{\"name\":\"Marco Ant\u00f4nio Lopes\",\"@id\":\"https:\/\/www.suno.com.br\/noticias\/#\/schema\/person\/829bbe8d57f84333b966b96229c6bf5f\"},\"headline\":\"Copom eleva taxa Selic para 5,25% e indica aumento na pr\u00f3xima reuni\u00e3o\",\"datePublished\":\"2021-08-04T21:48:46+00:00\",\"dateModified\":\"2021-08-05T04:58:06+00:00\",\"mainEntityOfPage\":{\"@id\":\"https:\/\/www.suno.com.br\/noticias\/copom-eleva-selic-525\/\"},\"wordCount\":4020,\"publisher\":{\"@id\":\"https:\/\/www.suno.com.br\/noticias\/#organization\"},\"image\":{\"@id\":\"https:\/\/www.suno.com.br\/noticias\/copom-eleva-selic-525\/#primaryimage\"},\"thumbnailUrl\":\"https:\/\/files.sunoresearch.com.br\/n\/uploads\/2021\/08\/9dd9a852-banco-central-determina-fechamento-das-atividades-do-banco-neon.jpg\",\"keywords\":[\"Banco Central (BC)\",\"Copom\",\"Taxa Selic\"],\"articleSection\":[\"Economia\"],\"inLanguage\":\"pt-BR\"},{\"@type\":\"WebPage\",\"@id\":\"https:\/\/www.suno.com.br\/noticias\/copom-eleva-selic-525\/\",\"url\":\"https:\/\/www.suno.com.br\/noticias\/copom-eleva-selic-525\/\",\"name\":\"Copom eleva taxa Selic para 5,25% e indica aumento na pr\u00f3xima reuni\u00e3o\",\"isPartOf\":{\"@id\":\"https:\/\/www.suno.com.br\/noticias\/#website\"},\"primaryImageOfPage\":{\"@id\":\"https:\/\/www.suno.com.br\/noticias\/copom-eleva-selic-525\/#primaryimage\"},\"image\":{\"@id\":\"https:\/\/www.suno.com.br\/noticias\/copom-eleva-selic-525\/#primaryimage\"},\"thumbnailUrl\":\"https:\/\/files.sunoresearch.com.br\/n\/uploads\/2021\/08\/9dd9a852-banco-central-determina-fechamento-das-atividades-do-banco-neon.jpg\",\"datePublished\":\"2021-08-04T21:48:46+00:00\",\"dateModified\":\"2021-08-05T04:58:06+00:00\",\"description\":\"O Copom decidiu elevar a taxa b\u00e1sica de juros, a Selic, em 1 ponto porcentual, para 5,25% ao ano. Saiba mais sobre o Copom e a taxa Selic\",\"breadcrumb\":{\"@id\":\"https:\/\/www.suno.com.br\/noticias\/copom-eleva-selic-525\/#breadcrumb\"},\"inLanguage\":\"pt-BR\",\"potentialAction\":[{\"@type\":\"ReadAction\",\"target\":[\"https:\/\/www.suno.com.br\/noticias\/copom-eleva-selic-525\/\"]}]},{\"@type\":\"ImageObject\",\"inLanguage\":\"pt-BR\",\"@id\":\"https:\/\/www.suno.com.br\/noticias\/copom-eleva-selic-525\/#primaryimage\",\"url\":\"https:\/\/files.sunoresearch.com.br\/n\/uploads\/2021\/08\/9dd9a852-banco-central-determina-fechamento-das-atividades-do-banco-neon.jpg\",\"contentUrl\":\"https:\/\/files.sunoresearch.com.br\/n\/uploads\/2021\/08\/9dd9a852-banco-central-determina-fechamento-das-atividades-do-banco-neon.jpg\",\"width\":1200,\"height\":800,\"caption\":\"No relat\u00f3rio, a OCDE projeta um crescimento econ\u00f4mico de 5,2% par ao Brasil em 2021 - Foto Flickr.\/Ag\u00eancia Brasil\"},{\"@type\":\"BreadcrumbList\",\"@id\":\"https:\/\/www.suno.com.br\/noticias\/copom-eleva-selic-525\/#breadcrumb\",\"itemListElement\":[{\"@type\":\"ListItem\",\"position\":1,\"name\":\"Not\u00edcias\",\"item\":\"https:\/\/www.suno.com.br\/noticias\/\"},{\"@type\":\"ListItem\",\"position\":2,\"name\":\"Economia\",\"item\":\"https:\/\/www.suno.com.br\/noticias\/economia\/\"},{\"@type\":\"ListItem\",\"position\":3,\"name\":\"Copom eleva taxa Selic para 5,25% e indica aumento na pr\u00f3xima reuni\u00e3o\"}]},{\"@type\":\"WebSite\",\"@id\":\"https:\/\/www.suno.com.br\/noticias\/#website\",\"url\":\"https:\/\/www.suno.com.br\/noticias\/\",\"name\":\"Suno Not\u00edcias\",\"description\":\"Seu portal de informa\u00e7\u00e3o sobre o mundo dos investimentos\",\"publisher\":{\"@id\":\"https:\/\/www.suno.com.br\/noticias\/#organization\"},\"potentialAction\":[{\"@type\":\"SearchAction\",\"target\":{\"@type\":\"EntryPoint\",\"urlTemplate\":\"https:\/\/www.suno.com.br\/noticias\/?s={search_term_string}\"},\"query-input\":{\"@type\":\"PropertyValueSpecification\",\"valueRequired\":true,\"valueName\":\"search_term_string\"}}],\"inLanguage\":\"pt-BR\"},{\"@type\":\"Organization\",\"@id\":\"https:\/\/www.suno.com.br\/noticias\/#organization\",\"name\":\"Suno Not\u00edcias\",\"url\":\"https:\/\/www.suno.com.br\/noticias\/\",\"logo\":{\"@type\":\"ImageObject\",\"inLanguage\":\"pt-BR\",\"@id\":\"https:\/\/www.suno.com.br\/noticias\/#\/schema\/logo\/image\/\",\"url\":\"https:\/\/files.sunoresearch.com.br\/n\/uploads\/2021\/09\/suno-logo.png\",\"contentUrl\":\"https:\/\/files.sunoresearch.com.br\/n\/uploads\/2021\/09\/suno-logo.png\",\"width\":180,\"height\":180,\"caption\":\"Suno Not\u00edcias\"},\"image\":{\"@id\":\"https:\/\/www.suno.com.br\/noticias\/#\/schema\/logo\/image\/\"},\"sameAs\":[\"https:\/\/facebook.com\/sunoresearch\",\"https:\/\/x.com\/sunoresearch\",\"https:\/\/www.instagram.com\/suno\",\"https:\/\/www.linkedin.com\/company\/suno-research\/\",\"https:\/\/www.youtube.com\/c\/sunoresearch\"]},{\"@type\":\"Person\",\"@id\":\"https:\/\/www.suno.com.br\/noticias\/#\/schema\/person\/829bbe8d57f84333b966b96229c6bf5f\",\"name\":\"Marco Ant\u00f4nio Lopes\",\"image\":{\"@type\":\"ImageObject\",\"inLanguage\":\"pt-BR\",\"@id\":\"https:\/\/www.suno.com.br\/noticias\/#\/schema\/person\/image\/\",\"url\":\"https:\/\/secure.gravatar.com\/avatar\/385167b012fbc1cde32c5446ee253313?s=96&r=g\",\"contentUrl\":\"https:\/\/secure.gravatar.com\/avatar\/385167b012fbc1cde32c5446ee253313?s=96&r=g\",\"caption\":\"Marco Ant\u00f4nio Lopes\"},\"description\":\"Jornalista, \u00e9 editor no Suno Not\u00edcias. Trabalhou nas revistas Playboy, Super, Veja Comer &amp; Beber, Homem Vogue e Universo Masculino, al\u00e9m dos portais Abril.com, R7, nas editorias de Home, Esportes, Hora 7, Entretenimento e Geral, e Eu Quero Investir. Autor do livro Bruce Lee: Definitivo (Editora Conrad). Colaborou nas revistas Nova, Veja SP, Grandes Guerras, Placar, Bizz, Casa Claudia e Quatro Rodas.\",\"url\":\"https:\/\/www.suno.com.br\/noticias\/author\/marco-lopes\/\"}]}<\/script>\n<!-- \/ Yoast SEO plugin. -->","yoast_head_json":{"title":"Copom eleva taxa Selic para 5,25% e indica aumento na pr\u00f3xima reuni\u00e3o","description":"O Copom decidiu elevar a taxa b\u00e1sica de juros, a Selic, em 1 ponto porcentual, para 5,25% ao ano. Saiba mais sobre o Copom e a taxa Selic","robots":{"index":"index","follow":"follow","max-snippet":"max-snippet:-1","max-image-preview":"max-image-preview:large","max-video-preview":"max-video-preview:-1"},"canonical":"https:\/\/www.suno.com.br\/noticias\/copom-eleva-selic-525\/","og_locale":"pt_BR","og_type":"article","og_title":"Copom eleva taxa Selic para 5,25% e indica aumento na pr\u00f3xima reuni\u00e3o","og_description":"O Copom decidiu elevar a taxa b\u00e1sica de juros, a Selic, em 1 ponto porcentual, para 5,25% ao ano. Saiba mais sobre o Copom e a taxa Selic","og_url":"https:\/\/www.suno.com.br\/noticias\/copom-eleva-selic-525\/","og_site_name":"Suno Not\u00edcias","article_publisher":"https:\/\/facebook.com\/sunoresearch","og_image":[{"width":1200,"height":800,"url":"https:\/\/files.sunoresearch.com.br\/n\/uploads\/2021\/08\/9dd9a852-banco-central-determina-fechamento-das-atividades-do-banco-neon.jpg","type":"image\/jpeg"}],"author":"Marco Ant\u00f4nio Lopes","twitter_card":"summary_large_image","twitter_creator":"@sunoresearch","twitter_site":"@sunoresearch","twitter_misc":{"Escrito por":"Marco Ant\u00f4nio Lopes","Est. tempo de leitura":"20 minutos"},"schema":{"@context":"https:\/\/schema.org","@graph":[{"@type":"NewsArticle","@id":"https:\/\/www.suno.com.br\/noticias\/copom-eleva-selic-525\/#article","isPartOf":{"@id":"https:\/\/www.suno.com.br\/noticias\/copom-eleva-selic-525\/"},"author":{"name":"Marco Ant\u00f4nio Lopes","@id":"https:\/\/www.suno.com.br\/noticias\/#\/schema\/person\/829bbe8d57f84333b966b96229c6bf5f"},"headline":"Copom eleva taxa Selic para 5,25% e indica aumento na pr\u00f3xima reuni\u00e3o","datePublished":"2021-08-04T21:48:46+00:00","dateModified":"2021-08-05T04:58:06+00:00","mainEntityOfPage":{"@id":"https:\/\/www.suno.com.br\/noticias\/copom-eleva-selic-525\/"},"wordCount":4020,"publisher":{"@id":"https:\/\/www.suno.com.br\/noticias\/#organization"},"image":{"@id":"https:\/\/www.suno.com.br\/noticias\/copom-eleva-selic-525\/#primaryimage"},"thumbnailUrl":"https:\/\/files.sunoresearch.com.br\/n\/uploads\/2021\/08\/9dd9a852-banco-central-determina-fechamento-das-atividades-do-banco-neon.jpg","keywords":["Banco Central (BC)","Copom","Taxa Selic"],"articleSection":["Economia"],"inLanguage":"pt-BR"},{"@type":"WebPage","@id":"https:\/\/www.suno.com.br\/noticias\/copom-eleva-selic-525\/","url":"https:\/\/www.suno.com.br\/noticias\/copom-eleva-selic-525\/","name":"Copom eleva taxa Selic para 5,25% e indica aumento na pr\u00f3xima reuni\u00e3o","isPartOf":{"@id":"https:\/\/www.suno.com.br\/noticias\/#website"},"primaryImageOfPage":{"@id":"https:\/\/www.suno.com.br\/noticias\/copom-eleva-selic-525\/#primaryimage"},"image":{"@id":"https:\/\/www.suno.com.br\/noticias\/copom-eleva-selic-525\/#primaryimage"},"thumbnailUrl":"https:\/\/files.sunoresearch.com.br\/n\/uploads\/2021\/08\/9dd9a852-banco-central-determina-fechamento-das-atividades-do-banco-neon.jpg","datePublished":"2021-08-04T21:48:46+00:00","dateModified":"2021-08-05T04:58:06+00:00","description":"O Copom decidiu elevar a taxa b\u00e1sica de juros, a Selic, em 1 ponto porcentual, para 5,25% ao ano. Saiba mais sobre o Copom e a taxa Selic","breadcrumb":{"@id":"https:\/\/www.suno.com.br\/noticias\/copom-eleva-selic-525\/#breadcrumb"},"inLanguage":"pt-BR","potentialAction":[{"@type":"ReadAction","target":["https:\/\/www.suno.com.br\/noticias\/copom-eleva-selic-525\/"]}]},{"@type":"ImageObject","inLanguage":"pt-BR","@id":"https:\/\/www.suno.com.br\/noticias\/copom-eleva-selic-525\/#primaryimage","url":"https:\/\/files.sunoresearch.com.br\/n\/uploads\/2021\/08\/9dd9a852-banco-central-determina-fechamento-das-atividades-do-banco-neon.jpg","contentUrl":"https:\/\/files.sunoresearch.com.br\/n\/uploads\/2021\/08\/9dd9a852-banco-central-determina-fechamento-das-atividades-do-banco-neon.jpg","width":1200,"height":800,"caption":"No relat\u00f3rio, a OCDE projeta um crescimento econ\u00f4mico de 5,2% par ao Brasil em 2021 - Foto Flickr.\/Ag\u00eancia Brasil"},{"@type":"BreadcrumbList","@id":"https:\/\/www.suno.com.br\/noticias\/copom-eleva-selic-525\/#breadcrumb","itemListElement":[{"@type":"ListItem","position":1,"name":"Not\u00edcias","item":"https:\/\/www.suno.com.br\/noticias\/"},{"@type":"ListItem","position":2,"name":"Economia","item":"https:\/\/www.suno.com.br\/noticias\/economia\/"},{"@type":"ListItem","position":3,"name":"Copom eleva taxa Selic para 5,25% e indica aumento na pr\u00f3xima reuni\u00e3o"}]},{"@type":"WebSite","@id":"https:\/\/www.suno.com.br\/noticias\/#website","url":"https:\/\/www.suno.com.br\/noticias\/","name":"Suno Not\u00edcias","description":"Seu portal de informa\u00e7\u00e3o sobre o mundo dos investimentos","publisher":{"@id":"https:\/\/www.suno.com.br\/noticias\/#organization"},"potentialAction":[{"@type":"SearchAction","target":{"@type":"EntryPoint","urlTemplate":"https:\/\/www.suno.com.br\/noticias\/?s={search_term_string}"},"query-input":{"@type":"PropertyValueSpecification","valueRequired":true,"valueName":"search_term_string"}}],"inLanguage":"pt-BR"},{"@type":"Organization","@id":"https:\/\/www.suno.com.br\/noticias\/#organization","name":"Suno Not\u00edcias","url":"https:\/\/www.suno.com.br\/noticias\/","logo":{"@type":"ImageObject","inLanguage":"pt-BR","@id":"https:\/\/www.suno.com.br\/noticias\/#\/schema\/logo\/image\/","url":"https:\/\/files.sunoresearch.com.br\/n\/uploads\/2021\/09\/suno-logo.png","contentUrl":"https:\/\/files.sunoresearch.com.br\/n\/uploads\/2021\/09\/suno-logo.png","width":180,"height":180,"caption":"Suno Not\u00edcias"},"image":{"@id":"https:\/\/www.suno.com.br\/noticias\/#\/schema\/logo\/image\/"},"sameAs":["https:\/\/facebook.com\/sunoresearch","https:\/\/x.com\/sunoresearch","https:\/\/www.instagram.com\/suno","https:\/\/www.linkedin.com\/company\/suno-research\/","https:\/\/www.youtube.com\/c\/sunoresearch"]},{"@type":"Person","@id":"https:\/\/www.suno.com.br\/noticias\/#\/schema\/person\/829bbe8d57f84333b966b96229c6bf5f","name":"Marco Ant\u00f4nio Lopes","image":{"@type":"ImageObject","inLanguage":"pt-BR","@id":"https:\/\/www.suno.com.br\/noticias\/#\/schema\/person\/image\/","url":"https:\/\/secure.gravatar.com\/avatar\/385167b012fbc1cde32c5446ee253313?s=96&r=g","contentUrl":"https:\/\/secure.gravatar.com\/avatar\/385167b012fbc1cde32c5446ee253313?s=96&r=g","caption":"Marco Ant\u00f4nio Lopes"},"description":"Jornalista, \u00e9 editor no Suno Not\u00edcias. Trabalhou nas revistas Playboy, Super, Veja Comer &amp; Beber, Homem Vogue e Universo Masculino, al\u00e9m dos portais Abril.com, R7, nas editorias de Home, Esportes, Hora 7, Entretenimento e Geral, e Eu Quero Investir. Autor do livro Bruce Lee: Definitivo (Editora Conrad). Colaborou nas revistas Nova, Veja SP, Grandes Guerras, Placar, Bizz, Casa Claudia e Quatro Rodas.","url":"https:\/\/www.suno.com.br\/noticias\/author\/marco-lopes\/"}]}},"default_loop_html":"<div class=\"cardsPage__listCard__boxs\"><div class=\"cardsPage__listCard__boxs__img\"><a href=\"https:\/\/www.suno.com.br\/noticias\/copom-normalizacao-parcial-xp\/\"><img class=\"mask\" src=\"https:\/\/www.suno.com.br\/noticias\/wp-content\/themes\/suno\/resources\/images\/spotlight\/spotlight1img\/bg-mask.png\" alt=\"Image Mask\"\/><img src=\"https:\/\/files.sunoresearch.com.br\/n\/uploads\/2021\/06\/eb18501c-banco_central_4_0-400x200.jpg\" alt=\"Copom: 78% dos investidores esperam fim da &#8216;normaliza\u00e7\u00e3o parcial&#8217;, diz XP\"\/><\/a><span class=\"spotlightCategory\"><a href=\"https:\/\/www.suno.com.br\/noticias\/economia\/\">Economia<\/a><\/span><\/div><div class=\"cardsPage__listCard__boxs__content\"><a href=\"https:\/\/www.suno.com.br\/noticias\/copom-normalizacao-parcial-xp\/\"><h2 class=\"content__title\">Copom: 78% dos investidores esperam fim da &#8216;normaliza\u00e7\u00e3o parcial&#8217;, diz XP<\/h2><\/a><div class=\"newsContent__article__meta\"><div class=\"newsContent__article__meta__authorBox\"><a href=\"https:\/\/www.suno.com.br\/noticias\/author\/jader-lazarini\/\" class=\"authorBox__avatar noMobi\"><img src=\"https:\/\/files.sunoresearch.com.br\/n\/uploads\/2021\/01\/178e6598-foto-perfil-2-150x150.jpg\" alt=\"Jader Lazarini\"><\/a><div class=\"authorBox__name\"><span>por\n\t\t\t<a href=\"https:\/\/www.suno.com.br\/noticias\/author\/jader-lazarini\/\"><span itemprop=\"author\">Jader Lazarini<\/span><\/a><\/span><time datetime=\"2021-06-16T09:17:26-03:00\" itemprop=\"datePublished\">16\/06\/2021 09:17<\/time><\/div><\/div><\/div><\/div><\/div>","single_layout":"posts","amp_enabled":true,"_links":{"self":[{"href":"https:\/\/www.suno.com.br\/noticias\/wp-json\/wp\/v2\/posts\/172166"}],"collection":[{"href":"https:\/\/www.suno.com.br\/noticias\/wp-json\/wp\/v2\/posts"}],"about":[{"href":"https:\/\/www.suno.com.br\/noticias\/wp-json\/wp\/v2\/types\/post"}],"author":[{"embeddable":true,"href":"https:\/\/www.suno.com.br\/noticias\/wp-json\/wp\/v2\/users\/98"}],"replies":[{"embeddable":true,"href":"https:\/\/www.suno.com.br\/noticias\/wp-json\/wp\/v2\/comments?post=172166"}],"version-history":[{"count":3,"href":"https:\/\/www.suno.com.br\/noticias\/wp-json\/wp\/v2\/posts\/172166\/revisions"}],"predecessor-version":[{"id":172476,"href":"https:\/\/www.suno.com.br\/noticias\/wp-json\/wp\/v2\/posts\/172166\/revisions\/172476"}],"wp:featuredmedia":[{"embeddable":true,"href":"https:\/\/www.suno.com.br\/noticias\/wp-json\/wp\/v2\/media\/172180"}],"wp:attachment":[{"href":"https:\/\/www.suno.com.br\/noticias\/wp-json\/wp\/v2\/media?parent=172166"}],"wp:term":[{"taxonomy":"category","embeddable":true,"href":"https:\/\/www.suno.com.br\/noticias\/wp-json\/wp\/v2\/categories?post=172166"},{"taxonomy":"post_tag","embeddable":true,"href":"https:\/\/www.suno.com.br\/noticias\/wp-json\/wp\/v2\/tags?post=172166"},{"taxonomy":"suno_strategy","embeddable":true,"href":"https:\/\/www.suno.com.br\/noticias\/wp-json\/wp\/v2\/suno_strategy?post=172166"}],"curies":[{"name":"wp","href":"https:\/\/api.w.org\/{rel}","templated":true}]}}