{"id":17198,"date":"2019-03-06T11:53:21","date_gmt":"2019-03-06T14:53:21","guid":{"rendered":"https:\/\/www.suno.com.br\/noticias\/?p=17198"},"modified":"2019-03-06T12:39:26","modified_gmt":"2019-03-06T15:39:26","slug":"calendario-leiloes-energia-eletrica-2021","status":"publish","type":"post","link":"https:\/\/www.suno.com.br\/noticias\/calendario-leiloes-energia-eletrica-2021\/","title":{"rendered":"Minas e Energia divulga calend\u00e1rio de leil\u00f5es de energia el\u00e9trica at\u00e9 2021"},"content":{"rendered":"<p>O <strong>Minist\u00e9rio de Minas e Energia<\/strong>\u00a0(MME) publicou nesta quarta-feira (6) as portarias de n\u00fameros 151 e 152, publicadas na se\u00e7\u00e3o 1, com o <strong>calend\u00e1rio<\/strong> de <strong>leil\u00f5es<\/strong> de compra de <strong>energia el\u00e9trica<\/strong> que ocorrer\u00e3o at\u00e9 2021. A publica\u00e7\u00e3o foi feita no Di\u00e1rio Oficial da Uni\u00e3o (DOU).<\/p>\t<div class=\"wrapper-featured-image\">\n\t\t<figure class=\"spotlightImg\">\n\n\t\t\t<picture>\n\t\t\t\t<source media=\"(max-width: 768px)\" srcset=\"https:\/\/files.sunoresearch.com.br\/n\/uploads\/2018\/12\/07084bba-aneel-400x200.webp\">\n\t\t\t\t<img loading=\"lazy\" decoding=\"async\" class=\"newsContent__article__imgCapa lazyloadDisabled newsContent__article__imgCapa--noCaption\" src=\"https:\/\/files.sunoresearch.com.br\/n\/uploads\/2018\/12\/07084bba-aneel-800x450.webp\" width=\"800\" height=\"450\" alt=\"Minas e Energia divulga calend\u00e1rio de leil\u00f5es de energia el\u00e9trica at\u00e9 2021\" fetchpriority=high \/>\n\t\t\t<\/picture>\n\n\t\t\t<figcaption class=\"wp-caption-text wp-caption-text--hide\">Cons\u00f3rcio Oliveira Energia Atem assume distribui\u00e7\u00e3o de energia el\u00e9trica no AM<\/figcaption>\n\t\t<\/figure>\n\t<\/div>\n\n\n<p>Para compra de <strong>energia el\u00e9trica<\/strong> nova, est\u00e3o previstos os seguintes leil\u00f5es em 2019:<\/p>\n<ul>\n<li>leil\u00e3o A-4 em 27 de junho;<\/li>\n<li>e leil\u00e3o A-6 em 26 de setembro.<\/li>\n<\/ul>\n<p>Enquanto em 2020:<\/p>\n<ul>\n<li>leil\u00e3o A-4 em 23 de abril;<\/li>\n<li>e leil\u00e3o A-6 em 24 de setembro.<\/li>\n<\/ul>\n<p>Por fim, para 2021, est\u00e3o previstos:<\/p>\n<ul>\n<li>leil\u00e3o A-4 em 29 de abril;<\/li>\n<li>e leil\u00e3o A-6 em 30 de setembro.<\/li>\n<\/ul>\n<p>O <strong>cronograma<\/strong> de leil\u00f5es, para a contrata\u00e7\u00e3o de<strong> energia el\u00e9trica<\/strong> de gera\u00e7\u00e3o j\u00e1 existente, prev\u00ea:<\/p>\n<ul>\n<li>em 2019: os leil\u00f5es A-1 e A-2 em 6 de dezembro;<\/li>\n<li>em 2020: os leil\u00f5es A-1 e A-2 em 4 de dezembro;<\/li>\n<li>e em 2021, leil\u00f5es A-1 e A-2 em 3 de dezembro.<\/li>\n<\/ul>\n<p><a href=\"https:\/\/www.suno.com.br\/noticias\/edp-brasil-lucro-divida-2018\/\">Saiba mais &#8211;\u00a0Lucro l\u00edquido da EDP sobe 108% em 2018; d\u00edvida l\u00edquida supera R$ 4 bi<\/a><\/p>\n<h2>Ministro anuncia maior previsibilidade de leil\u00f5es e rapidez na solu\u00e7\u00e3o para GSF<\/h2>\n<p>Durante a primeira reuni\u00e3o do ano do <strong>Comit\u00ea de Monitoramento do Setor El\u00e9trico<\/strong>, o ministro de Minas e Energia, <strong>Bento Albuquerque<\/strong>, anunciou que pretende <strong>ampliar<\/strong> a previsibilidade e a transpar\u00eancia da <strong>agenda de leil\u00f5es de energia el\u00e9trica<\/strong>, petr\u00f3leo e g\u00e1s e de minera\u00e7\u00e3o, para aumentar a concorr\u00eancia e os investimentos no <strong>Brasil<\/strong>.<\/p>\n<p>A reuni\u00e3o do comit\u00ea ocorreu em 10 de janeiro deste ano,\u00a0na sede do MME, em Bras\u00edlia.<\/p>\n<p>Al\u00e9m disso, o ministro tamb\u00e9m prometeu encaminhar rapidamente uma solu\u00e7\u00e3o para os d\u00e9bitos relacionados ao <strong>risco hidrol\u00f3gico<\/strong>\u00a0(GSF) de geradores com contratos no ambiente livre.<\/p>\n<p>O fato t\u00eam travado as <strong>opera\u00e7\u00f5es<\/strong> no mercado de curto prazo. Os valores em aberto, por conta de <strong>decis\u00f5es judiciais<\/strong>, somam quase R$ 7 bilh\u00f5es.<\/p>\n<p>Na reuni\u00e3o, <strong>Bento Albuquerque<\/strong> citou as prioridades de sua agenda na pasta. E refor\u00e7ou a preocupa\u00e7\u00e3o com a maior integra\u00e7\u00e3o entre os <strong>setores el\u00e9trico<\/strong> e <strong>energ\u00e9tico<\/strong>.<\/p>\n<p>\u201cO intuito \u00e9 elaborar um portf\u00f3lio com diretrizes para as agendas setoriais do MME, considerando governan\u00e7a, estabilidade, <strong>seguran\u00e7a jur\u00eddica<\/strong>, flexibilidade, <strong>coer\u00eancia regulat\u00f3ria<\/strong> e transpar\u00eancia. Buscar <strong>seguran\u00e7a energ\u00e9tica<\/strong> com menor custo e com a moderniza\u00e7\u00e3o do setor de <strong>energia el\u00e9trica<\/strong>\u201d, afirmou\u00a0Bento Albuquerque.<\/p>\n","protected":false},"excerpt":{"rendered":"<p>O Minist\u00e9rio de Minas e Energia\u00a0(MME) publicou nesta quarta-feira (6) as portarias de n\u00fameros 151 e 152, publicadas na se\u00e7\u00e3o 1, com o calend\u00e1rio de leil\u00f5es de compra de energia el\u00e9trica que ocorrer\u00e3o at\u00e9 2021. A publica\u00e7\u00e3o foi feita no Di\u00e1rio Oficial da Uni\u00e3o (DOU). Cons\u00f3rcio Oliveira Energia Atem assume distribui\u00e7\u00e3o de energia el\u00e9trica no [&hellip;]<\/p>\n","protected":false},"author":12,"featured_media":9641,"comment_status":"closed","ping_status":"closed","sticky":false,"template":"","format":"standard","meta":[],"categories":[62],"tags":[],"suno_strategy":[],"class_list":["post-17198","post","type-post","status-publish","format-standard","has-post-thumbnail","hentry","category-economia"],"yoast_head":"<!-- This site is optimized with the Yoast SEO plugin v24.4 - https:\/\/yoast.com\/wordpress\/plugins\/seo\/ -->\n<title>Minas e Energia divulga calend\u00e1rio de leil\u00f5es de energia el\u00e9trica at\u00e9 2021<\/title>\n<meta name=\"description\" content=\"O Minist\u00e9rio de Minas e Energia divulgou o calend\u00e1rio de leil\u00f5es de compra de energia el\u00e9trica que ocorrer\u00e3o at\u00e9 2021. Clique para saber mais.\" \/>\n<meta name=\"robots\" content=\"index, follow, max-snippet:-1, max-image-preview:large, max-video-preview:-1\" \/>\n<link rel=\"canonical\" href=\"https:\/\/www.suno.com.br\/noticias\/calendario-leiloes-energia-eletrica-2021\/\" \/>\n<meta property=\"og:locale\" content=\"pt_BR\" \/>\n<meta property=\"og:type\" content=\"article\" \/>\n<meta property=\"og:title\" content=\"Minas e Energia divulga calend\u00e1rio de leil\u00f5es de energia el\u00e9trica at\u00e9 2021\" \/>\n<meta property=\"og:description\" content=\"O Minist\u00e9rio de Minas e Energia divulgou o calend\u00e1rio de leil\u00f5es de compra de energia el\u00e9trica que ocorrer\u00e3o at\u00e9 2021. Clique para saber mais.\" \/>\n<meta property=\"og:url\" content=\"https:\/\/www.suno.com.br\/noticias\/calendario-leiloes-energia-eletrica-2021\/\" \/>\n<meta property=\"og:site_name\" content=\"Suno Not\u00edcias\" \/>\n<meta property=\"article:publisher\" content=\"https:\/\/facebook.com\/sunoresearch\" \/>\n<meta property=\"og:image\" content=\"https:\/\/files.sunoresearch.com.br\/n\/uploads\/2018\/12\/07084bba-aneel.jpg\" \/>\n\t<meta property=\"og:image:width\" content=\"1140\" \/>\n\t<meta property=\"og:image:height\" content=\"760\" \/>\n\t<meta property=\"og:image:type\" content=\"image\/jpeg\" \/>\n<meta name=\"author\" content=\"Amanda Gushiken\" \/>\n<meta name=\"twitter:card\" content=\"summary_large_image\" \/>\n<meta name=\"twitter:creator\" content=\"@sunoresearch\" \/>\n<meta name=\"twitter:site\" content=\"@sunoresearch\" \/>\n<meta name=\"twitter:label1\" content=\"Escrito por\" \/>\n\t<meta name=\"twitter:data1\" content=\"Amanda Gushiken\" \/>\n\t<meta name=\"twitter:label2\" content=\"Est. tempo de leitura\" \/>\n\t<meta name=\"twitter:data2\" content=\"2 minutos\" \/>\n<script type=\"application\/ld+json\" class=\"yoast-schema-graph\">{\"@context\":\"https:\/\/schema.org\",\"@graph\":[{\"@type\":\"NewsArticle\",\"@id\":\"https:\/\/www.suno.com.br\/noticias\/calendario-leiloes-energia-eletrica-2021\/#article\",\"isPartOf\":{\"@id\":\"https:\/\/www.suno.com.br\/noticias\/calendario-leiloes-energia-eletrica-2021\/\"},\"author\":{\"name\":\"Amanda Gushiken\",\"@id\":\"https:\/\/www.suno.com.br\/noticias\/#\/schema\/person\/a5b06fa4e879d8e8e119c6ed3cd630d1\"},\"headline\":\"Minas e Energia divulga calend\u00e1rio de leil\u00f5es de energia el\u00e9trica at\u00e9 2021\",\"datePublished\":\"2019-03-06T14:53:21+00:00\",\"dateModified\":\"2019-03-06T15:39:26+00:00\",\"mainEntityOfPage\":{\"@id\":\"https:\/\/www.suno.com.br\/noticias\/calendario-leiloes-energia-eletrica-2021\/\"},\"wordCount\":428,\"publisher\":{\"@id\":\"https:\/\/www.suno.com.br\/noticias\/#organization\"},\"image\":{\"@id\":\"https:\/\/www.suno.com.br\/noticias\/calendario-leiloes-energia-eletrica-2021\/#primaryimage\"},\"thumbnailUrl\":\"https:\/\/files.sunoresearch.com.br\/n\/uploads\/2018\/12\/07084bba-aneel-jpg.webp\",\"articleSection\":[\"Economia\"],\"inLanguage\":\"pt-BR\"},{\"@type\":\"WebPage\",\"@id\":\"https:\/\/www.suno.com.br\/noticias\/calendario-leiloes-energia-eletrica-2021\/\",\"url\":\"https:\/\/www.suno.com.br\/noticias\/calendario-leiloes-energia-eletrica-2021\/\",\"name\":\"Minas e Energia divulga calend\u00e1rio de leil\u00f5es de energia el\u00e9trica at\u00e9 2021\",\"isPartOf\":{\"@id\":\"https:\/\/www.suno.com.br\/noticias\/#website\"},\"primaryImageOfPage\":{\"@id\":\"https:\/\/www.suno.com.br\/noticias\/calendario-leiloes-energia-eletrica-2021\/#primaryimage\"},\"image\":{\"@id\":\"https:\/\/www.suno.com.br\/noticias\/calendario-leiloes-energia-eletrica-2021\/#primaryimage\"},\"thumbnailUrl\":\"https:\/\/files.sunoresearch.com.br\/n\/uploads\/2018\/12\/07084bba-aneel-jpg.webp\",\"datePublished\":\"2019-03-06T14:53:21+00:00\",\"dateModified\":\"2019-03-06T15:39:26+00:00\",\"description\":\"O Minist\u00e9rio de Minas e Energia divulgou o calend\u00e1rio de leil\u00f5es de compra de energia el\u00e9trica que ocorrer\u00e3o at\u00e9 2021. Clique para saber mais.\",\"breadcrumb\":{\"@id\":\"https:\/\/www.suno.com.br\/noticias\/calendario-leiloes-energia-eletrica-2021\/#breadcrumb\"},\"inLanguage\":\"pt-BR\",\"potentialAction\":[{\"@type\":\"ReadAction\",\"target\":[\"https:\/\/www.suno.com.br\/noticias\/calendario-leiloes-energia-eletrica-2021\/\"]}]},{\"@type\":\"ImageObject\",\"inLanguage\":\"pt-BR\",\"@id\":\"https:\/\/www.suno.com.br\/noticias\/calendario-leiloes-energia-eletrica-2021\/#primaryimage\",\"url\":\"https:\/\/files.sunoresearch.com.br\/n\/uploads\/2018\/12\/07084bba-aneel-jpg.webp\",\"contentUrl\":\"https:\/\/files.sunoresearch.com.br\/n\/uploads\/2018\/12\/07084bba-aneel-jpg.webp\",\"width\":1140,\"height\":760,\"caption\":\"Cons\u00f3rcio Oliveira Energia Atem assume distribui\u00e7\u00e3o de energia el\u00e9trica no AM\"},{\"@type\":\"BreadcrumbList\",\"@id\":\"https:\/\/www.suno.com.br\/noticias\/calendario-leiloes-energia-eletrica-2021\/#breadcrumb\",\"itemListElement\":[{\"@type\":\"ListItem\",\"position\":1,\"name\":\"Not\u00edcias\",\"item\":\"https:\/\/www.suno.com.br\/noticias\/\"},{\"@type\":\"ListItem\",\"position\":2,\"name\":\"Economia\",\"item\":\"https:\/\/www.suno.com.br\/noticias\/economia\/\"},{\"@type\":\"ListItem\",\"position\":3,\"name\":\"Minas e Energia divulga calend\u00e1rio de leil\u00f5es de energia el\u00e9trica at\u00e9 2021\"}]},{\"@type\":\"WebSite\",\"@id\":\"https:\/\/www.suno.com.br\/noticias\/#website\",\"url\":\"https:\/\/www.suno.com.br\/noticias\/\",\"name\":\"Suno Not\u00edcias\",\"description\":\"Seu portal de informa\u00e7\u00e3o sobre o mundo dos investimentos\",\"publisher\":{\"@id\":\"https:\/\/www.suno.com.br\/noticias\/#organization\"},\"potentialAction\":[{\"@type\":\"SearchAction\",\"target\":{\"@type\":\"EntryPoint\",\"urlTemplate\":\"https:\/\/www.suno.com.br\/noticias\/?s={search_term_string}\"},\"query-input\":{\"@type\":\"PropertyValueSpecification\",\"valueRequired\":true,\"valueName\":\"search_term_string\"}}],\"inLanguage\":\"pt-BR\"},{\"@type\":\"Organization\",\"@id\":\"https:\/\/www.suno.com.br\/noticias\/#organization\",\"name\":\"Suno Not\u00edcias\",\"url\":\"https:\/\/www.suno.com.br\/noticias\/\",\"logo\":{\"@type\":\"ImageObject\",\"inLanguage\":\"pt-BR\",\"@id\":\"https:\/\/www.suno.com.br\/noticias\/#\/schema\/logo\/image\/\",\"url\":\"https:\/\/files.sunoresearch.com.br\/n\/uploads\/2021\/09\/suno-logo.png\",\"contentUrl\":\"https:\/\/files.sunoresearch.com.br\/n\/uploads\/2021\/09\/suno-logo.png\",\"width\":180,\"height\":180,\"caption\":\"Suno Not\u00edcias\"},\"image\":{\"@id\":\"https:\/\/www.suno.com.br\/noticias\/#\/schema\/logo\/image\/\"},\"sameAs\":[\"https:\/\/facebook.com\/sunoresearch\",\"https:\/\/x.com\/sunoresearch\",\"https:\/\/www.instagram.com\/suno\",\"https:\/\/www.linkedin.com\/company\/suno-research\/\",\"https:\/\/www.youtube.com\/c\/sunoresearch\"]},{\"@type\":\"Person\",\"@id\":\"https:\/\/www.suno.com.br\/noticias\/#\/schema\/person\/a5b06fa4e879d8e8e119c6ed3cd630d1\",\"name\":\"Amanda Gushiken\",\"image\":{\"@type\":\"ImageObject\",\"inLanguage\":\"pt-BR\",\"@id\":\"https:\/\/www.suno.com.br\/noticias\/#\/schema\/person\/image\/\",\"url\":\"https:\/\/secure.gravatar.com\/avatar\/ecd84705e6b65e3685ae80d725501fbe?s=96&r=g\",\"contentUrl\":\"https:\/\/secure.gravatar.com\/avatar\/ecd84705e6b65e3685ae80d725501fbe?s=96&r=g\",\"caption\":\"Amanda Gushiken\"},\"description\":\"Amanda Sayuri Gushiken escreve sobre finan\u00e7as e neg\u00f3cios para o portal Suno Not\u00edcias. Antes, trabalhou selecionando not\u00edcias da imprensa para clientes do mercado financeiro. Tamb\u00e9m desenvolveu pesquisa acad\u00eamica pela Universidade Anhembi Morumbi na \u00e1rea de Teorias da Comunica\u00e7\u00e3o e \u00e9 fot\u00f3grafa nas horas vagas.\",\"url\":\"https:\/\/www.suno.com.br\/noticias\/author\/amanda\/\"}]}<\/script>\n<!-- \/ Yoast SEO plugin. -->","yoast_head_json":{"title":"Minas e Energia divulga calend\u00e1rio de leil\u00f5es de energia el\u00e9trica at\u00e9 2021","description":"O Minist\u00e9rio de Minas e Energia divulgou o calend\u00e1rio de leil\u00f5es de compra de energia el\u00e9trica que ocorrer\u00e3o at\u00e9 2021. Clique para saber mais.","robots":{"index":"index","follow":"follow","max-snippet":"max-snippet:-1","max-image-preview":"max-image-preview:large","max-video-preview":"max-video-preview:-1"},"canonical":"https:\/\/www.suno.com.br\/noticias\/calendario-leiloes-energia-eletrica-2021\/","og_locale":"pt_BR","og_type":"article","og_title":"Minas e Energia divulga calend\u00e1rio de leil\u00f5es de energia el\u00e9trica at\u00e9 2021","og_description":"O Minist\u00e9rio de Minas e Energia divulgou o calend\u00e1rio de leil\u00f5es de compra de energia el\u00e9trica que ocorrer\u00e3o at\u00e9 2021. Clique para saber mais.","og_url":"https:\/\/www.suno.com.br\/noticias\/calendario-leiloes-energia-eletrica-2021\/","og_site_name":"Suno Not\u00edcias","article_publisher":"https:\/\/facebook.com\/sunoresearch","og_image":[{"width":1140,"height":760,"url":"https:\/\/files.sunoresearch.com.br\/n\/uploads\/2018\/12\/07084bba-aneel.jpg","type":"image\/jpeg"}],"author":"Amanda Gushiken","twitter_card":"summary_large_image","twitter_creator":"@sunoresearch","twitter_site":"@sunoresearch","twitter_misc":{"Escrito por":"Amanda Gushiken","Est. tempo de leitura":"2 minutos"},"schema":{"@context":"https:\/\/schema.org","@graph":[{"@type":"NewsArticle","@id":"https:\/\/www.suno.com.br\/noticias\/calendario-leiloes-energia-eletrica-2021\/#article","isPartOf":{"@id":"https:\/\/www.suno.com.br\/noticias\/calendario-leiloes-energia-eletrica-2021\/"},"author":{"name":"Amanda Gushiken","@id":"https:\/\/www.suno.com.br\/noticias\/#\/schema\/person\/a5b06fa4e879d8e8e119c6ed3cd630d1"},"headline":"Minas e Energia divulga calend\u00e1rio de leil\u00f5es de energia el\u00e9trica at\u00e9 2021","datePublished":"2019-03-06T14:53:21+00:00","dateModified":"2019-03-06T15:39:26+00:00","mainEntityOfPage":{"@id":"https:\/\/www.suno.com.br\/noticias\/calendario-leiloes-energia-eletrica-2021\/"},"wordCount":428,"publisher":{"@id":"https:\/\/www.suno.com.br\/noticias\/#organization"},"image":{"@id":"https:\/\/www.suno.com.br\/noticias\/calendario-leiloes-energia-eletrica-2021\/#primaryimage"},"thumbnailUrl":"https:\/\/files.sunoresearch.com.br\/n\/uploads\/2018\/12\/07084bba-aneel-jpg.webp","articleSection":["Economia"],"inLanguage":"pt-BR"},{"@type":"WebPage","@id":"https:\/\/www.suno.com.br\/noticias\/calendario-leiloes-energia-eletrica-2021\/","url":"https:\/\/www.suno.com.br\/noticias\/calendario-leiloes-energia-eletrica-2021\/","name":"Minas e Energia divulga calend\u00e1rio de leil\u00f5es de energia el\u00e9trica at\u00e9 2021","isPartOf":{"@id":"https:\/\/www.suno.com.br\/noticias\/#website"},"primaryImageOfPage":{"@id":"https:\/\/www.suno.com.br\/noticias\/calendario-leiloes-energia-eletrica-2021\/#primaryimage"},"image":{"@id":"https:\/\/www.suno.com.br\/noticias\/calendario-leiloes-energia-eletrica-2021\/#primaryimage"},"thumbnailUrl":"https:\/\/files.sunoresearch.com.br\/n\/uploads\/2018\/12\/07084bba-aneel-jpg.webp","datePublished":"2019-03-06T14:53:21+00:00","dateModified":"2019-03-06T15:39:26+00:00","description":"O Minist\u00e9rio de Minas e Energia divulgou o calend\u00e1rio de leil\u00f5es de compra de energia el\u00e9trica que ocorrer\u00e3o at\u00e9 2021. Clique para saber mais.","breadcrumb":{"@id":"https:\/\/www.suno.com.br\/noticias\/calendario-leiloes-energia-eletrica-2021\/#breadcrumb"},"inLanguage":"pt-BR","potentialAction":[{"@type":"ReadAction","target":["https:\/\/www.suno.com.br\/noticias\/calendario-leiloes-energia-eletrica-2021\/"]}]},{"@type":"ImageObject","inLanguage":"pt-BR","@id":"https:\/\/www.suno.com.br\/noticias\/calendario-leiloes-energia-eletrica-2021\/#primaryimage","url":"https:\/\/files.sunoresearch.com.br\/n\/uploads\/2018\/12\/07084bba-aneel-jpg.webp","contentUrl":"https:\/\/files.sunoresearch.com.br\/n\/uploads\/2018\/12\/07084bba-aneel-jpg.webp","width":1140,"height":760,"caption":"Cons\u00f3rcio Oliveira Energia Atem assume distribui\u00e7\u00e3o de energia el\u00e9trica no AM"},{"@type":"BreadcrumbList","@id":"https:\/\/www.suno.com.br\/noticias\/calendario-leiloes-energia-eletrica-2021\/#breadcrumb","itemListElement":[{"@type":"ListItem","position":1,"name":"Not\u00edcias","item":"https:\/\/www.suno.com.br\/noticias\/"},{"@type":"ListItem","position":2,"name":"Economia","item":"https:\/\/www.suno.com.br\/noticias\/economia\/"},{"@type":"ListItem","position":3,"name":"Minas e Energia divulga calend\u00e1rio de leil\u00f5es de energia el\u00e9trica at\u00e9 2021"}]},{"@type":"WebSite","@id":"https:\/\/www.suno.com.br\/noticias\/#website","url":"https:\/\/www.suno.com.br\/noticias\/","name":"Suno Not\u00edcias","description":"Seu portal de informa\u00e7\u00e3o sobre o mundo dos investimentos","publisher":{"@id":"https:\/\/www.suno.com.br\/noticias\/#organization"},"potentialAction":[{"@type":"SearchAction","target":{"@type":"EntryPoint","urlTemplate":"https:\/\/www.suno.com.br\/noticias\/?s={search_term_string}"},"query-input":{"@type":"PropertyValueSpecification","valueRequired":true,"valueName":"search_term_string"}}],"inLanguage":"pt-BR"},{"@type":"Organization","@id":"https:\/\/www.suno.com.br\/noticias\/#organization","name":"Suno Not\u00edcias","url":"https:\/\/www.suno.com.br\/noticias\/","logo":{"@type":"ImageObject","inLanguage":"pt-BR","@id":"https:\/\/www.suno.com.br\/noticias\/#\/schema\/logo\/image\/","url":"https:\/\/files.sunoresearch.com.br\/n\/uploads\/2021\/09\/suno-logo.png","contentUrl":"https:\/\/files.sunoresearch.com.br\/n\/uploads\/2021\/09\/suno-logo.png","width":180,"height":180,"caption":"Suno Not\u00edcias"},"image":{"@id":"https:\/\/www.suno.com.br\/noticias\/#\/schema\/logo\/image\/"},"sameAs":["https:\/\/facebook.com\/sunoresearch","https:\/\/x.com\/sunoresearch","https:\/\/www.instagram.com\/suno","https:\/\/www.linkedin.com\/company\/suno-research\/","https:\/\/www.youtube.com\/c\/sunoresearch"]},{"@type":"Person","@id":"https:\/\/www.suno.com.br\/noticias\/#\/schema\/person\/a5b06fa4e879d8e8e119c6ed3cd630d1","name":"Amanda Gushiken","image":{"@type":"ImageObject","inLanguage":"pt-BR","@id":"https:\/\/www.suno.com.br\/noticias\/#\/schema\/person\/image\/","url":"https:\/\/secure.gravatar.com\/avatar\/ecd84705e6b65e3685ae80d725501fbe?s=96&r=g","contentUrl":"https:\/\/secure.gravatar.com\/avatar\/ecd84705e6b65e3685ae80d725501fbe?s=96&r=g","caption":"Amanda Gushiken"},"description":"Amanda Sayuri Gushiken escreve sobre finan\u00e7as e neg\u00f3cios para o portal Suno Not\u00edcias. Antes, trabalhou selecionando not\u00edcias da imprensa para clientes do mercado financeiro. Tamb\u00e9m desenvolveu pesquisa acad\u00eamica pela Universidade Anhembi Morumbi na \u00e1rea de Teorias da Comunica\u00e7\u00e3o e \u00e9 fot\u00f3grafa nas horas vagas.","url":"https:\/\/www.suno.com.br\/noticias\/author\/amanda\/"}]}},"default_loop_html":"<div class=\"cardsPage__listCard__boxs\"><div class=\"cardsPage__listCard__boxs__img\"><a href=\"https:\/\/www.suno.com.br\/noticias\/calendario-leiloes-energia-eletrica-2021\/\"><img class=\"mask\" src=\"https:\/\/www.suno.com.br\/noticias\/wp-content\/themes\/suno\/resources\/images\/spotlight\/spotlight1img\/bg-mask.png\" alt=\"Image Mask\"\/><img src=\"https:\/\/files.sunoresearch.com.br\/n\/uploads\/2018\/12\/07084bba-aneel-400x200.webp\" alt=\"Minas e Energia divulga calend\u00e1rio de leil\u00f5es de energia el\u00e9trica at\u00e9 2021\"\/><\/a><span class=\"spotlightCategory\"><a href=\"https:\/\/www.suno.com.br\/noticias\/economia\/\">Economia<\/a><\/span><\/div><div class=\"cardsPage__listCard__boxs__content\"><a href=\"https:\/\/www.suno.com.br\/noticias\/calendario-leiloes-energia-eletrica-2021\/\"><h2 class=\"content__title\">Minas e Energia divulga calend\u00e1rio de leil\u00f5es de energia el\u00e9trica at\u00e9 2021<\/h2><\/a><div class=\"newsContent__article__meta\"><div class=\"newsContent__article__meta__authorBox\"><a href=\"https:\/\/www.suno.com.br\/noticias\/author\/amanda\/\" class=\"authorBox__avatar noMobi\"><img src=\"https:\/\/files.sunoresearch.com.br\/n\/uploads\/2018\/11\/c6ad30be-amanda-150x150.webp\" alt=\"Amanda Gushiken\"><\/a><div class=\"authorBox__name\"><span>por\n\t\t\t<a href=\"https:\/\/www.suno.com.br\/noticias\/author\/amanda\/\"><span itemprop=\"author\">Amanda Gushiken<\/span><\/a><\/span><time datetime=\"2019-03-06T11:53:21-03:00\" itemprop=\"datePublished\">06\/03\/2019 11:53<\/time><\/div><\/div><\/div><\/div><\/div>","single_layout":"posts","amp_enabled":true,"_links":{"self":[{"href":"https:\/\/www.suno.com.br\/noticias\/wp-json\/wp\/v2\/posts\/17198"}],"collection":[{"href":"https:\/\/www.suno.com.br\/noticias\/wp-json\/wp\/v2\/posts"}],"about":[{"href":"https:\/\/www.suno.com.br\/noticias\/wp-json\/wp\/v2\/types\/post"}],"author":[{"embeddable":true,"href":"https:\/\/www.suno.com.br\/noticias\/wp-json\/wp\/v2\/users\/12"}],"replies":[{"embeddable":true,"href":"https:\/\/www.suno.com.br\/noticias\/wp-json\/wp\/v2\/comments?post=17198"}],"version-history":[{"count":0,"href":"https:\/\/www.suno.com.br\/noticias\/wp-json\/wp\/v2\/posts\/17198\/revisions"}],"wp:featuredmedia":[{"embeddable":true,"href":"https:\/\/www.suno.com.br\/noticias\/wp-json\/wp\/v2\/media\/9641"}],"wp:attachment":[{"href":"https:\/\/www.suno.com.br\/noticias\/wp-json\/wp\/v2\/media?parent=17198"}],"wp:term":[{"taxonomy":"category","embeddable":true,"href":"https:\/\/www.suno.com.br\/noticias\/wp-json\/wp\/v2\/categories?post=17198"},{"taxonomy":"post_tag","embeddable":true,"href":"https:\/\/www.suno.com.br\/noticias\/wp-json\/wp\/v2\/tags?post=17198"},{"taxonomy":"suno_strategy","embeddable":true,"href":"https:\/\/www.suno.com.br\/noticias\/wp-json\/wp\/v2\/suno_strategy?post=17198"}],"curies":[{"name":"wp","href":"https:\/\/api.w.org\/{rel}","templated":true}]}}