{"id":171903,"date":"2021-08-03T17:41:09","date_gmt":"2021-08-03T20:41:09","guid":{"rendered":"https:\/\/www.suno.com.br\/noticias\/?p=171903"},"modified":"2021-08-03T17:41:09","modified_gmt":"2021-08-03T20:41:09","slug":"dolar-alta-tensao-politica","status":"publish","type":"post","link":"https:\/\/www.suno.com.br\/noticias\/dolar-alta-tensao-politica\/","title":{"rendered":"D\u00f3lar fecha em alta de 0,53%, a R$ 5,19, com tens\u00e3o pol\u00edtica e risco de calote no radar"},"content":{"rendered":"<p>O <strong>d\u00f3lar<\/strong> fechou em alta de 0,53% nesta ter\u00e7a-feira (03), cotado a R$ 5,1927 na venda. A moeda brasileira perdeu valor e o clima de cautela ganhou espa\u00e7o com as falas do ministro da Economia, <a class=\"suno-keyword\" href=\"https:\/\/www.suno.com.br\/tudo-sobre\/paulo-guedes\/\" target=\"_blank\" rel=\"noopener noreferrer\" data-force=\"no\" data-priority=\"2\">Paulo Guedes<\/a>, sobre o aumento da d\u00edvida dos precat\u00f3rios, que chegou a R$ 90 bilh\u00f5es e &#8220;extrapolou as possibilidades de nossas reservas&#8221;.<\/p>\t<div class=\"wrapper-featured-image\">\n\t\t<figure class=\"spotlightImg\">\n\n\t\t\t<picture>\n\t\t\t\t<source media=\"(max-width: 768px)\" srcset=\"https:\/\/files.sunoresearch.com.br\/n\/uploads\/2021\/05\/042f8c01-dollar-2891817_1280-400x200.webp\">\n\t\t\t\t<img loading=\"lazy\" decoding=\"async\" class=\"newsContent__article__imgCapa lazyloadDisabled \" src=\"https:\/\/files.sunoresearch.com.br\/n\/uploads\/2021\/05\/042f8c01-dollar-2891817_1280-800x450.webp\" width=\"800\" height=\"450\" alt=\"D\u00f3lar fecha em alta de 0,53%, a R$ 5,19, com tens\u00e3o pol\u00edtica e risco de calote no radar\" fetchpriority=high \/>\n\t\t\t<\/picture>\n\n\t\t\t<figcaption class=\"wp-caption-text wp-caption-text--show\">Foto: Pixabay<\/figcaption>\n\t\t<\/figure>\n\t<\/div>\n\n\n\t<p>\n\t\t<a href=\"https:\/\/lp.suno.com.br\/planilha-controle-gastos\/\" target=\"_blank\" data-element=\"shortcode-suno-banner\" title=\"Banner SUNO, clique e saiba mais\">\n\t\t\t<picture>\n\t\t\t\t<source media=\"(max-width: 500px)\" srcset=\"https:\/\/files.sunoresearch.com.br\/n\/uploads\/2023\/03\/400x300-Planilha-controle-de-gastos.png\">\n\t\t\t\t<img class=\"newsContent__article__imgCapa newsContent__article__imgCapa--banner\"\n\t\t\t\t\tsrc=\"https:\/\/files.sunoresearch.com.br\/n\/uploads\/2023\/03\/1420x240-Planilha-controle-de-gastos.png\"\n\t\t\t\t\tdata-promo-id=\"101751\"\t\t\t\t\t\t\t\t\t\twidth='1420' height='240'\t\t\t\t\talt=\"https:\/\/files.sunoresearch.com.br\/n\/uploads\/2023\/03\/1420x240-Planilha-controle-de-gastos.png\"\n\t\t\t\t>\n\t\t\t<\/picture>\n\t\t<\/a>\n\t<\/p>\n\n\n<p>\u00c0s 15h09, o d\u00f3lar subia 1,13%, cotado a R$ 5,2240. Na m\u00e1xima, chegou a R$ 5,2750.<\/p>\n<p>De acordo com Guedes, o Estado brasileiro n\u00e3o possui capacidade financeira para pagar todos os precat\u00f3rios. O ministro chegou a brincar e dizer: <strong><a href=\"https:\/\/www.suno.com.br\/noticias\/paulo-guedes-precatorios-devo-nao-nego\/\">\u201cDevo, n\u00e3o nego; pagarei assim que puder\u201d.<\/a><\/strong><\/p>\n<p>O montante de d\u00edvida dos precat\u00f3rios amea\u00e7a as despesas do governo. A proposta de Guedes \u00e9 um parcelamento de parte dessas d\u00edvidas, estendendo para um prazo de at\u00e9 dez anos os maiores valores. Enquanto d\u00edvidas de at\u00e9 R$ 66 mil seriam pagas em 2022.<\/p>\n<p>Somou-se a isso o an\u00fancio do governo sobre o aumento do Bolsa Fam\u00edlia para R$ 400 por m\u00eas. O parcelamento dos precat\u00f3rios servir\u00e1 para acomodar o novo valor do programa social.<\/p>\n<p>No exterior, permanece a preocupa\u00e7\u00e3o com o aumento de casos da variante Delta do coronav\u00edrus. Mesmo assim, as <strong>bolsas de valores<\/strong> americanas vivem um dia de alta, impulsionadas pelos balan\u00e7os do segundo trimestre.<\/p>\n\t<p>\n\t\t<a href=\"https:\/\/lp.suno.com.br\/planilha-da-vida-financeira\/\" target=\"_blank\" data-element=\"shortcode-suno-banner\" title=\"Banner SUNO, clique e saiba mais\">\n\t\t\t<picture>\n\t\t\t\t<source media=\"(max-width: 500px)\" srcset=\"https:\/\/files.sunoresearch.com.br\/n\/uploads\/2023\/04\/400x300-Planilha-vida-financeira-true.png\">\n\t\t\t\t<img class=\"newsContent__article__imgCapa newsContent__article__imgCapa--banner\"\n\t\t\t\t\tsrc=\"https:\/\/files.sunoresearch.com.br\/n\/uploads\/2023\/04\/1420x240-Planilha-vida-financeira-true.png\"\n\t\t\t\t\tdata-promo-id=\"106682\"\t\t\t\t\t\t\t\t\t\twidth='1420' height='240'\t\t\t\t\talt=\"https:\/\/files.sunoresearch.com.br\/n\/uploads\/2023\/04\/1420x240-Planilha-vida-financeira-true.png\"\n\t\t\t\t>\n\t\t\t<\/picture>\n\t\t<\/a>\n\t<\/p>\n\n\n<h2>Not\u00edcias que movimentaram o d\u00f3lar hoje<\/h2>\n<p><em>Algumas not\u00edcias importantes que influenciaram o preg\u00e3o:<\/em><\/p>\n<ul>\n<li>D\u00edvida dos precat\u00f3rios chega em R$ 90 bi, governo prop\u00f5e parcelar;<\/li>\n<li>Tens\u00e3o pol\u00edtica aumenta incertezas e eleva o d\u00f3lar;<\/li>\n<li><a class=\"suno-keyword\" href=\"https:\/\/www.suno.com.br\/artigos\/copom\/\" target=\"_blank\" rel=\"noopener noreferrer\" data-force=\"no\" data-priority=\"2\">Reuni\u00e3o do Copom<\/a> para definir Taxa Selic come\u00e7a nesta ter\u00e7a.<\/li>\n<\/ul>\n<h3>\u201cDevo, n\u00e3o nego; pagarei assim que puder\u201d, disse Guedes.<\/h3>\n<p>Os precat\u00f3rios somam um montante de R$ 90 bilh\u00f5es devido pelo governo a empresas e pessoas f\u00edsicas ap\u00f3s senten\u00e7a na Justi\u00e7a. A data pr\u00e9via para os pagamentos \u00e9 em 2022. Por\u00e9m, segundo o ministro Paulo Guedes, o governo n\u00e3o tem esse dinheiro.<\/p>\n<p>A proposta da pasta da Economia \u00e9 um parcelamento de parte dessas d\u00edvidas em at\u00e9 dez anos. Segundo Guedes, n\u00e3o se trata de um calote, mas sim de um adiamento.<\/p>\n<p>O ministro defende a proposta de, em 2022, honrar de imediato os precat\u00f3rios de at\u00e9 R$ 66 mil. O restante seria parcelado ou utilizado como cr\u00e9dito pelos detentores dos direitos. Para precat\u00f3rios acima do valor de R$ 66 mil, haver\u00e1 um regime especial de parcelamento em dez anos.<\/p>\n<p>Somou a esse debate o fato do parcelamento dos precat\u00f3rios servir para liberar dinheiro para o aumento do Bolsa Fam\u00edlia, que o governo quer elevar para R$ 400 no pr\u00f3ximo ano.<\/p>\n<p>Para Alejandro Ortiz, economista da Guide Investimentos, a impress\u00e3o que fica \u00e9 de que essa \u00e9 uma forma de acomodar medidas populistas do presidente Jair Bolsonaro com a retirada de componentes importantes do <a class=\"suno-keyword\" href=\"https:\/\/www.suno.com.br\/artigos\/teto-de-gastos\/\" target=\"_blank\" rel=\"noopener noreferrer\" data-force=\"no\" data-priority=\"1\">teto de gastos<\/a>: &#8220;Isso tende a elevar o risco fiscal e gest\u00e3o da <a class=\"suno-keyword\" href=\"https:\/\/www.suno.com.br\/artigos\/divida-publica\/\" target=\"_blank\" rel=\"noopener noreferrer\" data-force=\"no\" data-priority=\"1\">d\u00edvida p\u00fablica<\/a>&#8220;, afirmou.<\/p>\n<h3>Tens\u00e3o pol\u00edtica aumenta incertezas e eleva o d\u00f3lar<\/h3>\n<p>Pela manh\u00e3, o d\u00f3lar atingiu seu ponto alto ap\u00f3s novos ataques do presidente Jair Bolsonaro ao ministro do Tribunal Superior Eleitoral, Lu\u00eds Roberto Barroso, por causa das elei\u00e7\u00f5es.<\/p>\n<p>Ap\u00f3s a abertura de inqu\u00e9rito administrativo pelo TSE e o envio de not\u00edcia-crime ao Supremo Tribunal Federal (STF) contra Bolsonaro pelas declara\u00e7\u00f5es infundadas de fraude no sistema eleitoral e amea\u00e7a \u00e0 realiza\u00e7\u00e3o das elei\u00e7\u00f5es, Bolsonaro respondeu nesta manh\u00e3:<\/p>\n<p>\u201cN\u00e3o aceitarei intimida\u00e7\u00f5es, n\u00e3o ser\u00e3o admitidas elei\u00e7\u00f5es duvidosas no ano que vem; o Brasil mudou, n\u00e3o aceitarei intimida\u00e7\u00f5es; vou continuar exercendo meu direito de cidad\u00e3o\u201d; e voltou a dizer que \u201co povo tem que estar armado\u201d.<\/p>\n<h3>Reuni\u00e3o do Copom para definir Taxa Selic come\u00e7a nesta ter\u00e7a.<\/h3>\n<p>O Banco Central define amanh\u00e3 (04) a <a class=\"suno-keyword\" href=\"https:\/\/www.suno.com.br\/artigos\/juros\/\" target=\"_blank\" rel=\"noopener noreferrer\" data-force=\"no\" data-priority=\"2\">taxa de juros<\/a> para os pr\u00f3ximos 45 dias. O mercado aposta em uma acelera\u00e7\u00e3o na alta da Selic em agosto, depois que a pr\u00e9via da infla\u00e7\u00e3o deste m\u00eas veio acima da esperada.<\/p>\n<p>A expectativa \u00e9 de que a taxa tenha uma alta de 1 p.p., de 4,25% para 5,25% ao ano. Para o final do ano, a previs\u00e3o do mercado financeiro \u00e9 de uma Selic a 7%, segundo a \u00faltima pesquisa Focus do Banco Central.<\/p>\n<p>A taxa Selic mais gorda aumenta a atratividade da renda fixa brasileira e pode estimular os exportadores a internalizar mais recursos em d\u00f3lar.<\/p>\n<h2>Fechamento do c\u00e2mbio hoje<\/h2>\n<p><em>Al\u00e9m do d\u00f3lar comercial, confira a cota\u00e7\u00e3o das principais moedas hoje:<\/em><\/p>\n<ul>\n<li><a class=\"suno-keyword\" href=\"https:\/\/www.suno.com.br\/artigos\/dolar-turismo\/\" target=\"_blank\" rel=\"noopener noreferrer\" data-force=\"no\" data-priority=\"2\">D\u00f3lar turismo<\/a>: +0,51%, a R$ 5,193<\/li>\n<li>Peso: +0,53%, a R$ 0,054<\/li>\n<li>Euro: +0,49%, a R$ 6,161<\/li>\n<li>Libra: +0,7%, a R$ 7,226<\/li>\n<li>Bitcoin: -2,33%, a R$ 198.604,688<\/li>\n<\/ul>\n<h2>Cota\u00e7\u00e3o do d\u00f3lar no dia anterior<\/h2>\n<p>Na segunda-feira (02), o <strong>d\u00f3lar<\/strong> encerrou em queda de 0,86%, negociado a R$ 5,1653 na venda.<\/p>\n\t<p>\n\t\t<a href=\"https:\/\/lp.suno.com.br\/planilha-de-controle-de-investimentos\/\" target=\"_blank\" data-element=\"shortcode-suno-banner\" title=\"Banner SUNO, clique e saiba mais\">\n\t\t\t<picture>\n\t\t\t\t<source media=\"(max-width: 500px)\" srcset=\"https:\/\/files.sunoresearch.com.br\/n\/uploads\/2023\/03\/400x300-Controle-de-Investimentos.png\">\n\t\t\t\t<img class=\"newsContent__article__imgCapa newsContent__article__imgCapa--banner\"\n\t\t\t\t\tsrc=\"https:\/\/files.sunoresearch.com.br\/n\/uploads\/2023\/03\/1420x240-Controle-de-Investimentos.png\"\n\t\t\t\t\tdata-promo-id=\"75934\"\t\t\t\t\t\t\t\t\t\twidth='1420' height='240'\t\t\t\t\talt=\"https:\/\/files.sunoresearch.com.br\/n\/uploads\/2023\/03\/1420x240-Controle-de-Investimentos.png\"\n\t\t\t\t>\n\t\t\t<\/picture>\n\t\t<\/a>\n\t<\/p>\n\n\n","protected":false},"excerpt":{"rendered":"<p>O d\u00f3lar fechou em alta de 0,53% nesta ter\u00e7a-feira (03), cotado a R$ 5,1927 na venda. A moeda brasileira perdeu valor e o clima de cautela ganhou espa\u00e7o com as falas do ministro da Economia, Paulo Guedes, sobre o aumento da d\u00edvida dos precat\u00f3rios, que chegou a R$ 90 bilh\u00f5es e &#8220;extrapolou as possibilidades de [&hellip;]<\/p>\n","protected":false},"author":102,"featured_media":144657,"comment_status":"closed","ping_status":"closed","sticky":false,"template":"","format":"standard","meta":[],"categories":[64],"tags":[326,1852,958,989],"suno_strategy":[],"class_list":["post-171903","post","type-post","status-publish","format-standard","has-post-thumbnail","hentry","category-negocios","tag-dolar","tag-dolar-futuro","tag-euro","tag-libra"],"yoast_head":"<!-- This site is optimized with the Yoast SEO plugin v24.4 - https:\/\/yoast.com\/wordpress\/plugins\/seo\/ -->\n<title>D\u00f3lar fecha em alta de 0,53%, a R$ 5,19, com tens\u00e3o pol\u00edtica no radar<\/title>\n<meta name=\"description\" content=\"O d\u00f3lar fechou em alta de 0,53% nesta ter\u00e7a (03) com tens\u00e3o pol\u00edtica e risco de calote do governo no radar. Veja mais detalhes aqui.\" \/>\n<meta name=\"robots\" content=\"index, follow, max-snippet:-1, max-image-preview:large, max-video-preview:-1\" \/>\n<link rel=\"canonical\" href=\"https:\/\/www.suno.com.br\/noticias\/dolar-alta-tensao-politica\/\" \/>\n<meta property=\"og:locale\" content=\"pt_BR\" \/>\n<meta property=\"og:type\" content=\"article\" \/>\n<meta property=\"og:title\" content=\"D\u00f3lar fecha em alta de 0,53%, a R$ 5,19, com tens\u00e3o pol\u00edtica no radar\" \/>\n<meta property=\"og:description\" content=\"O d\u00f3lar fechou em alta de 0,53% nesta ter\u00e7a (03) com tens\u00e3o pol\u00edtica e risco de calote do governo no radar. Veja mais detalhes aqui.\" \/>\n<meta property=\"og:url\" content=\"https:\/\/www.suno.com.br\/noticias\/dolar-alta-tensao-politica\/\" \/>\n<meta property=\"og:site_name\" content=\"Suno Not\u00edcias\" \/>\n<meta property=\"article:publisher\" content=\"https:\/\/facebook.com\/sunoresearch\" \/>\n<meta property=\"og:image\" content=\"https:\/\/files.sunoresearch.com.br\/n\/uploads\/2021\/05\/042f8c01-dollar-2891817_1280.jpg\" \/>\n\t<meta property=\"og:image:width\" content=\"1280\" \/>\n\t<meta property=\"og:image:height\" content=\"960\" \/>\n\t<meta property=\"og:image:type\" content=\"image\/jpeg\" \/>\n<meta name=\"author\" content=\"Monique Lima\" \/>\n<meta name=\"twitter:card\" content=\"summary_large_image\" \/>\n<meta name=\"twitter:creator\" content=\"@sunoresearch\" \/>\n<meta name=\"twitter:site\" content=\"@sunoresearch\" \/>\n<meta name=\"twitter:label1\" content=\"Escrito por\" \/>\n\t<meta name=\"twitter:data1\" content=\"Monique Lima\" \/>\n\t<meta name=\"twitter:label2\" content=\"Est. tempo de leitura\" \/>\n\t<meta name=\"twitter:data2\" content=\"4 minutos\" \/>\n<script type=\"application\/ld+json\" class=\"yoast-schema-graph\">{\"@context\":\"https:\/\/schema.org\",\"@graph\":[{\"@type\":\"NewsArticle\",\"@id\":\"https:\/\/www.suno.com.br\/noticias\/dolar-alta-tensao-politica\/#article\",\"isPartOf\":{\"@id\":\"https:\/\/www.suno.com.br\/noticias\/dolar-alta-tensao-politica\/\"},\"author\":{\"name\":\"Monique Lima\",\"@id\":\"https:\/\/www.suno.com.br\/noticias\/#\/schema\/person\/d712329319cc9b10f254d02d654cb36a\"},\"headline\":\"D\u00f3lar fecha em alta de 0,53%, a R$ 5,19, com tens\u00e3o pol\u00edtica e risco de calote no radar\",\"datePublished\":\"2021-08-03T20:41:09+00:00\",\"mainEntityOfPage\":{\"@id\":\"https:\/\/www.suno.com.br\/noticias\/dolar-alta-tensao-politica\/\"},\"wordCount\":834,\"publisher\":{\"@id\":\"https:\/\/www.suno.com.br\/noticias\/#organization\"},\"image\":{\"@id\":\"https:\/\/www.suno.com.br\/noticias\/dolar-alta-tensao-politica\/#primaryimage\"},\"thumbnailUrl\":\"https:\/\/files.sunoresearch.com.br\/n\/uploads\/2021\/05\/042f8c01-dollar-2891817_1280-jpg.webp\",\"keywords\":[\"d\u00f3lar\",\"d\u00f3lar futuro\",\"Euro\",\"Libra\"],\"articleSection\":[\"Neg\u00f3cios\"],\"inLanguage\":\"pt-BR\"},{\"@type\":\"WebPage\",\"@id\":\"https:\/\/www.suno.com.br\/noticias\/dolar-alta-tensao-politica\/\",\"url\":\"https:\/\/www.suno.com.br\/noticias\/dolar-alta-tensao-politica\/\",\"name\":\"D\u00f3lar fecha em alta de 0,53%, a R$ 5,19, com tens\u00e3o pol\u00edtica no radar\",\"isPartOf\":{\"@id\":\"https:\/\/www.suno.com.br\/noticias\/#website\"},\"primaryImageOfPage\":{\"@id\":\"https:\/\/www.suno.com.br\/noticias\/dolar-alta-tensao-politica\/#primaryimage\"},\"image\":{\"@id\":\"https:\/\/www.suno.com.br\/noticias\/dolar-alta-tensao-politica\/#primaryimage\"},\"thumbnailUrl\":\"https:\/\/files.sunoresearch.com.br\/n\/uploads\/2021\/05\/042f8c01-dollar-2891817_1280-jpg.webp\",\"datePublished\":\"2021-08-03T20:41:09+00:00\",\"description\":\"O d\u00f3lar fechou em alta de 0,53% nesta ter\u00e7a (03) com tens\u00e3o pol\u00edtica e risco de calote do governo no radar. Veja mais detalhes aqui.\",\"breadcrumb\":{\"@id\":\"https:\/\/www.suno.com.br\/noticias\/dolar-alta-tensao-politica\/#breadcrumb\"},\"inLanguage\":\"pt-BR\",\"potentialAction\":[{\"@type\":\"ReadAction\",\"target\":[\"https:\/\/www.suno.com.br\/noticias\/dolar-alta-tensao-politica\/\"]}]},{\"@type\":\"ImageObject\",\"inLanguage\":\"pt-BR\",\"@id\":\"https:\/\/www.suno.com.br\/noticias\/dolar-alta-tensao-politica\/#primaryimage\",\"url\":\"https:\/\/files.sunoresearch.com.br\/n\/uploads\/2021\/05\/042f8c01-dollar-2891817_1280-jpg.webp\",\"contentUrl\":\"https:\/\/files.sunoresearch.com.br\/n\/uploads\/2021\/05\/042f8c01-dollar-2891817_1280-jpg.webp\",\"width\":1280,\"height\":960,\"caption\":\"Foto: Pixabay\"},{\"@type\":\"BreadcrumbList\",\"@id\":\"https:\/\/www.suno.com.br\/noticias\/dolar-alta-tensao-politica\/#breadcrumb\",\"itemListElement\":[{\"@type\":\"ListItem\",\"position\":1,\"name\":\"Not\u00edcias\",\"item\":\"https:\/\/www.suno.com.br\/noticias\/\"},{\"@type\":\"ListItem\",\"position\":2,\"name\":\"Neg\u00f3cios\",\"item\":\"https:\/\/www.suno.com.br\/noticias\/negocios\/\"},{\"@type\":\"ListItem\",\"position\":3,\"name\":\"D\u00f3lar fecha em alta de 0,53%, a R$ 5,19, com tens\u00e3o pol\u00edtica e risco de calote no radar\"}]},{\"@type\":\"WebSite\",\"@id\":\"https:\/\/www.suno.com.br\/noticias\/#website\",\"url\":\"https:\/\/www.suno.com.br\/noticias\/\",\"name\":\"Suno Not\u00edcias\",\"description\":\"Seu portal de informa\u00e7\u00e3o sobre o mundo dos investimentos\",\"publisher\":{\"@id\":\"https:\/\/www.suno.com.br\/noticias\/#organization\"},\"potentialAction\":[{\"@type\":\"SearchAction\",\"target\":{\"@type\":\"EntryPoint\",\"urlTemplate\":\"https:\/\/www.suno.com.br\/noticias\/?s={search_term_string}\"},\"query-input\":{\"@type\":\"PropertyValueSpecification\",\"valueRequired\":true,\"valueName\":\"search_term_string\"}}],\"inLanguage\":\"pt-BR\"},{\"@type\":\"Organization\",\"@id\":\"https:\/\/www.suno.com.br\/noticias\/#organization\",\"name\":\"Suno Not\u00edcias\",\"url\":\"https:\/\/www.suno.com.br\/noticias\/\",\"logo\":{\"@type\":\"ImageObject\",\"inLanguage\":\"pt-BR\",\"@id\":\"https:\/\/www.suno.com.br\/noticias\/#\/schema\/logo\/image\/\",\"url\":\"https:\/\/files.sunoresearch.com.br\/n\/uploads\/2021\/09\/suno-logo.png\",\"contentUrl\":\"https:\/\/files.sunoresearch.com.br\/n\/uploads\/2021\/09\/suno-logo.png\",\"width\":180,\"height\":180,\"caption\":\"Suno Not\u00edcias\"},\"image\":{\"@id\":\"https:\/\/www.suno.com.br\/noticias\/#\/schema\/logo\/image\/\"},\"sameAs\":[\"https:\/\/facebook.com\/sunoresearch\",\"https:\/\/x.com\/sunoresearch\",\"https:\/\/www.instagram.com\/suno\",\"https:\/\/www.linkedin.com\/company\/suno-research\/\",\"https:\/\/www.youtube.com\/c\/sunoresearch\"]},{\"@type\":\"Person\",\"@id\":\"https:\/\/www.suno.com.br\/noticias\/#\/schema\/person\/d712329319cc9b10f254d02d654cb36a\",\"name\":\"Monique Lima\",\"image\":{\"@type\":\"ImageObject\",\"inLanguage\":\"pt-BR\",\"@id\":\"https:\/\/www.suno.com.br\/noticias\/#\/schema\/person\/image\/\",\"url\":\"https:\/\/secure.gravatar.com\/avatar\/daee7f16d906c2e9ffed236206ca2c30?s=96&r=g\",\"contentUrl\":\"https:\/\/secure.gravatar.com\/avatar\/daee7f16d906c2e9ffed236206ca2c30?s=96&r=g\",\"caption\":\"Monique Lima\"},\"description\":\"Rep\u00f3rter de Mercado no Suno Not\u00edcias, \u00e9 jornalista com experi\u00eancia na cobertura de economia, empreendedorismo, finan\u00e7as pessoais, mercado financeiro, carreira e recursos humanos. Formada em Jornalismo pela Universidade Paulista, teve experi\u00eancias em ve\u00edculos de comunica\u00e7\u00e3o como a Ag\u00eancia TradeMap, Revista Voc\u00ea S\/A e Revista Voc\u00ea RH, as duas \u00faltimas publica\u00e7\u00f5es da Editora Abril. No Suno Not\u00edcias, fala sobre as principais not\u00edcias de Fundos Imobili\u00e1rios, Fiagro, Startups e empresas listadas na Bolsa.\",\"url\":\"https:\/\/www.suno.com.br\/noticias\/author\/monique-lima\/\"}]}<\/script>\n<!-- \/ Yoast SEO plugin. -->","yoast_head_json":{"title":"D\u00f3lar fecha em alta de 0,53%, a R$ 5,19, com tens\u00e3o pol\u00edtica no radar","description":"O d\u00f3lar fechou em alta de 0,53% nesta ter\u00e7a (03) com tens\u00e3o pol\u00edtica e risco de calote do governo no radar. Veja mais detalhes aqui.","robots":{"index":"index","follow":"follow","max-snippet":"max-snippet:-1","max-image-preview":"max-image-preview:large","max-video-preview":"max-video-preview:-1"},"canonical":"https:\/\/www.suno.com.br\/noticias\/dolar-alta-tensao-politica\/","og_locale":"pt_BR","og_type":"article","og_title":"D\u00f3lar fecha em alta de 0,53%, a R$ 5,19, com tens\u00e3o pol\u00edtica no radar","og_description":"O d\u00f3lar fechou em alta de 0,53% nesta ter\u00e7a (03) com tens\u00e3o pol\u00edtica e risco de calote do governo no radar. Veja mais detalhes aqui.","og_url":"https:\/\/www.suno.com.br\/noticias\/dolar-alta-tensao-politica\/","og_site_name":"Suno Not\u00edcias","article_publisher":"https:\/\/facebook.com\/sunoresearch","og_image":[{"width":1280,"height":960,"url":"https:\/\/files.sunoresearch.com.br\/n\/uploads\/2021\/05\/042f8c01-dollar-2891817_1280.jpg","type":"image\/jpeg"}],"author":"Monique Lima","twitter_card":"summary_large_image","twitter_creator":"@sunoresearch","twitter_site":"@sunoresearch","twitter_misc":{"Escrito por":"Monique Lima","Est. tempo de leitura":"4 minutos"},"schema":{"@context":"https:\/\/schema.org","@graph":[{"@type":"NewsArticle","@id":"https:\/\/www.suno.com.br\/noticias\/dolar-alta-tensao-politica\/#article","isPartOf":{"@id":"https:\/\/www.suno.com.br\/noticias\/dolar-alta-tensao-politica\/"},"author":{"name":"Monique Lima","@id":"https:\/\/www.suno.com.br\/noticias\/#\/schema\/person\/d712329319cc9b10f254d02d654cb36a"},"headline":"D\u00f3lar fecha em alta de 0,53%, a R$ 5,19, com tens\u00e3o pol\u00edtica e risco de calote no radar","datePublished":"2021-08-03T20:41:09+00:00","mainEntityOfPage":{"@id":"https:\/\/www.suno.com.br\/noticias\/dolar-alta-tensao-politica\/"},"wordCount":834,"publisher":{"@id":"https:\/\/www.suno.com.br\/noticias\/#organization"},"image":{"@id":"https:\/\/www.suno.com.br\/noticias\/dolar-alta-tensao-politica\/#primaryimage"},"thumbnailUrl":"https:\/\/files.sunoresearch.com.br\/n\/uploads\/2021\/05\/042f8c01-dollar-2891817_1280-jpg.webp","keywords":["d\u00f3lar","d\u00f3lar futuro","Euro","Libra"],"articleSection":["Neg\u00f3cios"],"inLanguage":"pt-BR"},{"@type":"WebPage","@id":"https:\/\/www.suno.com.br\/noticias\/dolar-alta-tensao-politica\/","url":"https:\/\/www.suno.com.br\/noticias\/dolar-alta-tensao-politica\/","name":"D\u00f3lar fecha em alta de 0,53%, a R$ 5,19, com tens\u00e3o pol\u00edtica no radar","isPartOf":{"@id":"https:\/\/www.suno.com.br\/noticias\/#website"},"primaryImageOfPage":{"@id":"https:\/\/www.suno.com.br\/noticias\/dolar-alta-tensao-politica\/#primaryimage"},"image":{"@id":"https:\/\/www.suno.com.br\/noticias\/dolar-alta-tensao-politica\/#primaryimage"},"thumbnailUrl":"https:\/\/files.sunoresearch.com.br\/n\/uploads\/2021\/05\/042f8c01-dollar-2891817_1280-jpg.webp","datePublished":"2021-08-03T20:41:09+00:00","description":"O d\u00f3lar fechou em alta de 0,53% nesta ter\u00e7a (03) com tens\u00e3o pol\u00edtica e risco de calote do governo no radar. Veja mais detalhes aqui.","breadcrumb":{"@id":"https:\/\/www.suno.com.br\/noticias\/dolar-alta-tensao-politica\/#breadcrumb"},"inLanguage":"pt-BR","potentialAction":[{"@type":"ReadAction","target":["https:\/\/www.suno.com.br\/noticias\/dolar-alta-tensao-politica\/"]}]},{"@type":"ImageObject","inLanguage":"pt-BR","@id":"https:\/\/www.suno.com.br\/noticias\/dolar-alta-tensao-politica\/#primaryimage","url":"https:\/\/files.sunoresearch.com.br\/n\/uploads\/2021\/05\/042f8c01-dollar-2891817_1280-jpg.webp","contentUrl":"https:\/\/files.sunoresearch.com.br\/n\/uploads\/2021\/05\/042f8c01-dollar-2891817_1280-jpg.webp","width":1280,"height":960,"caption":"Foto: Pixabay"},{"@type":"BreadcrumbList","@id":"https:\/\/www.suno.com.br\/noticias\/dolar-alta-tensao-politica\/#breadcrumb","itemListElement":[{"@type":"ListItem","position":1,"name":"Not\u00edcias","item":"https:\/\/www.suno.com.br\/noticias\/"},{"@type":"ListItem","position":2,"name":"Neg\u00f3cios","item":"https:\/\/www.suno.com.br\/noticias\/negocios\/"},{"@type":"ListItem","position":3,"name":"D\u00f3lar fecha em alta de 0,53%, a R$ 5,19, com tens\u00e3o pol\u00edtica e risco de calote no radar"}]},{"@type":"WebSite","@id":"https:\/\/www.suno.com.br\/noticias\/#website","url":"https:\/\/www.suno.com.br\/noticias\/","name":"Suno Not\u00edcias","description":"Seu portal de informa\u00e7\u00e3o sobre o mundo dos investimentos","publisher":{"@id":"https:\/\/www.suno.com.br\/noticias\/#organization"},"potentialAction":[{"@type":"SearchAction","target":{"@type":"EntryPoint","urlTemplate":"https:\/\/www.suno.com.br\/noticias\/?s={search_term_string}"},"query-input":{"@type":"PropertyValueSpecification","valueRequired":true,"valueName":"search_term_string"}}],"inLanguage":"pt-BR"},{"@type":"Organization","@id":"https:\/\/www.suno.com.br\/noticias\/#organization","name":"Suno Not\u00edcias","url":"https:\/\/www.suno.com.br\/noticias\/","logo":{"@type":"ImageObject","inLanguage":"pt-BR","@id":"https:\/\/www.suno.com.br\/noticias\/#\/schema\/logo\/image\/","url":"https:\/\/files.sunoresearch.com.br\/n\/uploads\/2021\/09\/suno-logo.png","contentUrl":"https:\/\/files.sunoresearch.com.br\/n\/uploads\/2021\/09\/suno-logo.png","width":180,"height":180,"caption":"Suno Not\u00edcias"},"image":{"@id":"https:\/\/www.suno.com.br\/noticias\/#\/schema\/logo\/image\/"},"sameAs":["https:\/\/facebook.com\/sunoresearch","https:\/\/x.com\/sunoresearch","https:\/\/www.instagram.com\/suno","https:\/\/www.linkedin.com\/company\/suno-research\/","https:\/\/www.youtube.com\/c\/sunoresearch"]},{"@type":"Person","@id":"https:\/\/www.suno.com.br\/noticias\/#\/schema\/person\/d712329319cc9b10f254d02d654cb36a","name":"Monique Lima","image":{"@type":"ImageObject","inLanguage":"pt-BR","@id":"https:\/\/www.suno.com.br\/noticias\/#\/schema\/person\/image\/","url":"https:\/\/secure.gravatar.com\/avatar\/daee7f16d906c2e9ffed236206ca2c30?s=96&r=g","contentUrl":"https:\/\/secure.gravatar.com\/avatar\/daee7f16d906c2e9ffed236206ca2c30?s=96&r=g","caption":"Monique Lima"},"description":"Rep\u00f3rter de Mercado no Suno Not\u00edcias, \u00e9 jornalista com experi\u00eancia na cobertura de economia, empreendedorismo, finan\u00e7as pessoais, mercado financeiro, carreira e recursos humanos. Formada em Jornalismo pela Universidade Paulista, teve experi\u00eancias em ve\u00edculos de comunica\u00e7\u00e3o como a Ag\u00eancia TradeMap, Revista Voc\u00ea S\/A e Revista Voc\u00ea RH, as duas \u00faltimas publica\u00e7\u00f5es da Editora Abril. No Suno Not\u00edcias, fala sobre as principais not\u00edcias de Fundos Imobili\u00e1rios, Fiagro, Startups e empresas listadas na Bolsa.","url":"https:\/\/www.suno.com.br\/noticias\/author\/monique-lima\/"}]}},"default_loop_html":"<div class=\"cardsPage__listCard__boxs\"><div class=\"cardsPage__listCard__boxs__img\"><a href=\"https:\/\/www.suno.com.br\/noticias\/dolar-alta-tensao-politica\/\"><img class=\"mask\" src=\"https:\/\/www.suno.com.br\/noticias\/wp-content\/themes\/suno\/resources\/images\/spotlight\/spotlight1img\/bg-mask.png\" alt=\"Image Mask\"\/><img src=\"https:\/\/files.sunoresearch.com.br\/n\/uploads\/2021\/05\/042f8c01-dollar-2891817_1280-400x200.webp\" alt=\"D\u00f3lar fecha em alta de 0,53%, a R$ 5,19, com tens\u00e3o pol\u00edtica e risco de calote no radar\"\/><\/a><span class=\"spotlightCategory\"><a href=\"https:\/\/www.suno.com.br\/noticias\/negocios\/\">Neg\u00f3cios<\/a><\/span><\/div><div class=\"cardsPage__listCard__boxs__content\"><a href=\"https:\/\/www.suno.com.br\/noticias\/dolar-alta-tensao-politica\/\"><h2 class=\"content__title\">D\u00f3lar fecha em alta de 0,53%, a R$ 5,19, com tens\u00e3o pol\u00edtica e risco de calote no radar<\/h2><\/a><div class=\"newsContent__article__meta\"><div class=\"newsContent__article__meta__authorBox\"><a href=\"https:\/\/www.suno.com.br\/noticias\/author\/monique-lima\/\" class=\"authorBox__avatar noMobi\"><img src=\"https:\/\/secure.gravatar.com\/avatar\/daee7f16d906c2e9ffed236206ca2c30?s=96&#038;r=g\" alt=\"Monique Lima\"><\/a><div class=\"authorBox__name\"><span>por\n\t\t\t<a href=\"https:\/\/www.suno.com.br\/noticias\/author\/monique-lima\/\"><span itemprop=\"author\">Monique Lima<\/span><\/a><\/span><time datetime=\"2021-08-03T17:41:09-03:00\" itemprop=\"datePublished\">03\/08\/2021 17:41<\/time><\/div><\/div><\/div><\/div><\/div>","single_layout":"posts","amp_enabled":true,"_links":{"self":[{"href":"https:\/\/www.suno.com.br\/noticias\/wp-json\/wp\/v2\/posts\/171903"}],"collection":[{"href":"https:\/\/www.suno.com.br\/noticias\/wp-json\/wp\/v2\/posts"}],"about":[{"href":"https:\/\/www.suno.com.br\/noticias\/wp-json\/wp\/v2\/types\/post"}],"author":[{"embeddable":true,"href":"https:\/\/www.suno.com.br\/noticias\/wp-json\/wp\/v2\/users\/102"}],"replies":[{"embeddable":true,"href":"https:\/\/www.suno.com.br\/noticias\/wp-json\/wp\/v2\/comments?post=171903"}],"version-history":[{"count":3,"href":"https:\/\/www.suno.com.br\/noticias\/wp-json\/wp\/v2\/posts\/171903\/revisions"}],"predecessor-version":[{"id":171943,"href":"https:\/\/www.suno.com.br\/noticias\/wp-json\/wp\/v2\/posts\/171903\/revisions\/171943"}],"wp:featuredmedia":[{"embeddable":true,"href":"https:\/\/www.suno.com.br\/noticias\/wp-json\/wp\/v2\/media\/144657"}],"wp:attachment":[{"href":"https:\/\/www.suno.com.br\/noticias\/wp-json\/wp\/v2\/media?parent=171903"}],"wp:term":[{"taxonomy":"category","embeddable":true,"href":"https:\/\/www.suno.com.br\/noticias\/wp-json\/wp\/v2\/categories?post=171903"},{"taxonomy":"post_tag","embeddable":true,"href":"https:\/\/www.suno.com.br\/noticias\/wp-json\/wp\/v2\/tags?post=171903"},{"taxonomy":"suno_strategy","embeddable":true,"href":"https:\/\/www.suno.com.br\/noticias\/wp-json\/wp\/v2\/suno_strategy?post=171903"}],"curies":[{"name":"wp","href":"https:\/\/api.w.org\/{rel}","templated":true}]}}