{"id":171798,"date":"2021-08-03T17:09:02","date_gmt":"2021-08-03T20:09:02","guid":{"rendered":"https:\/\/www.suno.com.br\/noticias\/?p=171798"},"modified":"2021-08-03T17:09:02","modified_gmt":"2021-08-03T20:09:02","slug":"presidente-do-itau-itub4-reforma-tributaria-credito","status":"publish","type":"post","link":"https:\/\/www.suno.com.br\/noticias\/presidente-do-itau-itub4-reforma-tributaria-credito\/","title":{"rendered":"Presidente do Ita\u00fa (ITUB4) aprova reforma tribut\u00e1ria, mas v\u00ea impacto no cr\u00e9dito"},"content":{"rendered":"<p>O presidente do <a class=\"suno-keyword\" href=\"https:\/\/www.suno.com.br\/acoes\/ITUB4\/\" target=\"_blank\" rel=\"noopener noreferrer\" data-force=\"yes\" data-priority=\"2\"><strong>Ita\u00fa<\/strong> (ITUB4)<\/a>, Milton Maluhy, afirmou que aprova o texto da reforma tribut\u00e1ria em tramita\u00e7\u00e3o no Congresso Nacional. Mas o executivo fez uma ressalva em defesa de um modelo de transi\u00e7\u00e3o que considere o risco de mudan\u00e7as abruptas esbarrar na <a class=\"suno-keyword\" href=\"https:\/\/www.suno.com.br\/artigos\/concessao-de-credito\/\" target=\"_blank\" rel=\"noopener noreferrer\" data-force=\"no\" data-priority=\"1\">concess\u00e3o de cr\u00e9dito<\/a> e, consequentemente, na atividade econ\u00f4mica.<\/p>\t<div class=\"wrapper-featured-image\">\n\t\t<figure class=\"spotlightImg\">\n\n\t\t\t<picture>\n\t\t\t\t<source media=\"(max-width: 768px)\" srcset=\"https:\/\/files.sunoresearch.com.br\/n\/uploads\/2021\/08\/692783ef-pr-itub-400x200.png\">\n\t\t\t\t<img loading=\"lazy\" decoding=\"async\" class=\"newsContent__article__imgCapa lazyloadDisabled \" src=\"https:\/\/files.sunoresearch.com.br\/n\/uploads\/2021\/08\/692783ef-pr-itub-800x450.png\" width=\"800\" height=\"450\" alt=\"Presidente do Ita\u00fa (ITUB4) aprova reforma tribut\u00e1ria, mas v\u00ea impacto no cr\u00e9dito\" fetchpriority=high \/>\n\t\t\t<\/picture>\n\n\t\t\t<figcaption class=\"wp-caption-text wp-caption-text--show\">Ita\u00fa divulgou seu balan\u00e7o recentemente, com crescimento de mais de 55% no lucro - Foto: Reprodu\u00e7\u00e3o\/Ita\u00fa\/YouTube<\/figcaption>\n\t\t<\/figure>\n\t<\/div>\n\n\n\t<p>\n\t\t<a href=\"https:\/\/lp.suno.com.br\/planilha-controle-gastos\/\" target=\"_blank\" data-element=\"shortcode-suno-banner\" title=\"Banner SUNO, clique e saiba mais\">\n\t\t\t<picture>\n\t\t\t\t<source media=\"(max-width: 500px)\" srcset=\"https:\/\/files.sunoresearch.com.br\/n\/uploads\/2023\/03\/400x300-Planilha-controle-de-gastos.png\">\n\t\t\t\t<img class=\"newsContent__article__imgCapa newsContent__article__imgCapa--banner\"\n\t\t\t\t\tsrc=\"https:\/\/files.sunoresearch.com.br\/n\/uploads\/2023\/03\/1420x240-Planilha-controle-de-gastos.png\"\n\t\t\t\t\tdata-promo-id=\"101751\"\t\t\t\t\t\t\t\t\t\twidth='1420' height='240'\t\t\t\t\talt=\"https:\/\/files.sunoresearch.com.br\/n\/uploads\/2023\/03\/1420x240-Planilha-controle-de-gastos.png\"\n\t\t\t\t>\n\t\t\t<\/picture>\n\t\t<\/a>\n\t<\/p>\n\n\n<p>&#8220;Temos de criar mecanismos para que as empresas no Brasil possam crescer, para termos mais <strong>atividade<\/strong> e <strong>crescimento<\/strong> no <a class=\"suno-keyword\" href=\"https:\/\/www.suno.com.br\/artigos\/longo-prazo\/\" target=\"_blank\" rel=\"noopener noreferrer\" data-force=\"no\" data-priority=\"1\">longo prazo<\/a>&#8220;, disse, em conversa com a imprensa, chamando aten\u00e7\u00e3o para assimetrias tribut\u00e1rias.<\/p>\n<p>&#8220;Primeiro, acho que efeitos relevantes e impactos de <a class=\"suno-keyword\" href=\"https:\/\/www.suno.com.br\/artigos\/curto-prazo\/\" target=\"_blank\" rel=\"noopener noreferrer\" data-force=\"no\" data-priority=\"1\">curto prazo<\/a> sempre t\u00eam de pensar em modelos de transi\u00e7\u00e3o. Sair de forma abrupta gera impacto&#8221;, acrescentou, citando a dedu\u00e7\u00e3o dos <a class=\"suno-keyword\" href=\"https:\/\/www.suno.com.br\/artigos\/entenda-o-jcp\/\" target=\"_blank\" rel=\"noopener noreferrer\" data-force=\"no\" data-priority=\"1\">juros sobre capital pr\u00f3prio<\/a> (<strong>JCP<\/strong>), que poderia ser feita de forma transit\u00f3ria.<\/p>\n<p>Ao comentar sobre os detalhes da <strong>reforma<\/strong> <strong>tribut\u00e1ria<\/strong> em discuss\u00e3o, Maluhy enfatizou a mudan\u00e7a na al\u00edquota do <strong>Imposto de Renda<\/strong> para pessoa jur\u00eddica. Essa quest\u00e3o, conforme ele, exigir\u00e1 uma reavalia\u00e7\u00e3o dos cr\u00e9ditos tribut\u00e1rios, o que pode gerar uma &#8220;perda muito grande na partida&#8221;, que afetar\u00e1 os resultados do banco.<\/p>\n\n\t<div data-element=\"shortcode-read-more\" class=\"readToo\">\n\t\t\t\t<span class=\"readToo__title\">Leia mais<\/span>\n\t\t\t\t<ul class=\"readToo__list\">\n\t\t\t<li><a href=\"https:\/\/www.suno.com.br\/noticias\/ibovespa-itau-itub4-itub3-vale-vale3\/\">Ibovespa abre em leve queda; Ita\u00fa (ITUB4) e Vale (VALE3) lideram ganhos<\/a><\/li><li><a href=\"https:\/\/www.suno.com.br\/noticias\/itau-itub4-pagara-jcp-2021\/\">Ita\u00fa (ITUB4) pagar\u00e1 R$ 2,15 bilh\u00f5es em JCP no dia 26 de agosto<\/a><\/li>\t\t<\/ul>\n\t<\/div>\n\n\n<p>&#8220;Isso pode impactar algo como R$ 50 bilh\u00f5es l\u00edquidos em termos de capital e R$ 500 bilh\u00f5es em cr\u00e9dito no sistema em fun\u00e7\u00e3o do impairment que ter\u00e1 de ser feito para a reavalia\u00e7\u00e3o dos cr\u00e9ditos tribut\u00e1rios&#8221;, disse <strong>Maluhy<\/strong>.<\/p>\n<p>Os n\u00fameros, calculados pelo time do Ita\u00fa, consideram as regras de Basileia dos <strong>bancos<\/strong>, que podem emprestar, alavancando em dez vezes o seu capital. O consumo desse capital, ele levantou, \u00e9 um &#8220;ponto bastante importante e tem de estar no radar&#8221;.<\/p>\n\t<p>\n\t\t<a href=\"https:\/\/lp.suno.com.br\/planilha-da-vida-financeira\/\" target=\"_blank\" data-element=\"shortcode-suno-banner\" title=\"Banner SUNO, clique e saiba mais\">\n\t\t\t<picture>\n\t\t\t\t<source media=\"(max-width: 500px)\" srcset=\"https:\/\/files.sunoresearch.com.br\/n\/uploads\/2023\/04\/400x300-Planilha-vida-financeira-true.png\">\n\t\t\t\t<img class=\"newsContent__article__imgCapa newsContent__article__imgCapa--banner\"\n\t\t\t\t\tsrc=\"https:\/\/files.sunoresearch.com.br\/n\/uploads\/2023\/04\/1420x240-Planilha-vida-financeira-true.png\"\n\t\t\t\t\tdata-promo-id=\"106682\"\t\t\t\t\t\t\t\t\t\twidth='1420' height='240'\t\t\t\t\talt=\"https:\/\/files.sunoresearch.com.br\/n\/uploads\/2023\/04\/1420x240-Planilha-vida-financeira-true.png\"\n\t\t\t\t>\n\t\t\t<\/picture>\n\t\t<\/a>\n\t<\/p>\n\n\n<h2>Assimetrias de CSLL devem ser corrigidas, diz presidente do Ita\u00fa<\/h2>\n<p>O presidente do Ita\u00fa tamb\u00e9m se queixou das assimetrias tribut\u00e1rias entre empresas do setor financeiro e que praticam atividades semelhantes. &#8220;\u00c9 necess\u00e1rio corrigir eventuais assimetrias na contribui\u00e7\u00e3o social (<strong>CSLL<\/strong>) para empresas que t\u00eam pr\u00e1ticas parecidas&#8221;, disse, acrescentando que os bancos s\u00e3o os que carregam a maior <a class=\"suno-keyword\" href=\"https:\/\/www.suno.com.br\/artigos\/carga-tributaria\/\" target=\"_blank\" rel=\"noopener noreferrer\" data-force=\"no\" data-priority=\"1\">carga tribut\u00e1ria<\/a> no Pa\u00eds.<\/p>\n<p>Como solu\u00e7\u00e3o, defendeu, no lugar de elevar o imposto para as fintechs, novatas do <strong>setor financeiro<\/strong>, o governo poderia reduzir o cobrado dos grandes bancos. &#8220;A carga tribut\u00e1ria tem impacto super relevante no spread. Parte importante vem da <strong>al\u00edquota do imposto<\/strong>&#8220;, afirmou.<\/p>\n<p>&#8220;Algumas medidas resolvem arrecada\u00e7\u00e3o no curto prazo, mas n\u00e3o resolve a medida que afasta cr\u00e9dito do Brasil, deixa de atrair investidores for\u00e7ando o consumidor a pagar mais, o que aumenta a inadimpl\u00eancia. \u00c9 um ciclo vicioso&#8221;, disse.<\/p>\n<p>&#8220;Defendemos duas quest\u00f5es: tributa\u00e7\u00e3o e isonomia, que t\u00eam de andar de m\u00e3os dadas&#8221;, finalizou o presidente do <strong>Ita\u00fa<\/strong>.<\/p>\n<p><em><strong>Com informa\u00e7\u00f5es do Estad\u00e3o Conte\u00fado<\/strong><\/em><\/p>\n\t<p>\n\t\t<a href=\"https:\/\/lp.suno.com.br\/planilha-de-controle-de-investimentos\/\" target=\"_blank\" data-element=\"shortcode-suno-banner\" title=\"Banner SUNO, clique e saiba mais\">\n\t\t\t<picture>\n\t\t\t\t<source media=\"(max-width: 500px)\" srcset=\"https:\/\/files.sunoresearch.com.br\/n\/uploads\/2023\/03\/400x300-Controle-de-Investimentos.png\">\n\t\t\t\t<img class=\"newsContent__article__imgCapa newsContent__article__imgCapa--banner\"\n\t\t\t\t\tsrc=\"https:\/\/files.sunoresearch.com.br\/n\/uploads\/2023\/03\/1420x240-Controle-de-Investimentos.png\"\n\t\t\t\t\tdata-promo-id=\"75934\"\t\t\t\t\t\t\t\t\t\twidth='1420' height='240'\t\t\t\t\talt=\"https:\/\/files.sunoresearch.com.br\/n\/uploads\/2023\/03\/1420x240-Controle-de-Investimentos.png\"\n\t\t\t\t>\n\t\t\t<\/picture>\n\t\t<\/a>\n\t<\/p>\n\n\n","protected":false},"excerpt":{"rendered":"<p>O presidente do Ita\u00fa (ITUB4), Milton Maluhy, afirmou que aprova o texto da reforma tribut\u00e1ria em tramita\u00e7\u00e3o no Congresso Nacional. Mas o executivo fez uma ressalva em defesa de um modelo de transi\u00e7\u00e3o que considere o risco de mudan\u00e7as abruptas esbarrar na concess\u00e3o de cr\u00e9dito e, consequentemente, na atividade econ\u00f4mica. Fachada de ag\u00eancia do Ita\u00fa [&hellip;]<\/p>\n","protected":false},"author":73,"featured_media":171847,"comment_status":"closed","ping_status":"closed","sticky":false,"template":"","format":"standard","meta":[],"categories":[62],"tags":[106444,943,303,519,517,1286],"suno_strategy":[],"class_list":["post-171798","post","type-post","status-publish","format-standard","has-post-thumbnail","hentry","category-economia","tag-agencias","tag-credito","tag-imposto-de-renda","tag-itau-unibanco-itub3-itub4","tag-itausa-itsa3-itsa4","tag-reforma-tributaria"],"yoast_head":"<!-- This site is optimized with the Yoast SEO plugin v24.4 - https:\/\/yoast.com\/wordpress\/plugins\/seo\/ -->\n<title>Presidente do Ita\u00fa (ITUB4) gosta da reforma tribut\u00e1ria, mas teme cr\u00e9dito<\/title>\n<meta name=\"description\" content=\"O presidente do Ita\u00fa tamb\u00e9m se queixou das assimetrias tribut\u00e1rias entre empresas do setor que praticam atividades semelhantes. Leia mais.\" \/>\n<meta name=\"robots\" content=\"index, follow, max-snippet:-1, max-image-preview:large, max-video-preview:-1\" \/>\n<link rel=\"canonical\" href=\"https:\/\/www.suno.com.br\/noticias\/presidente-do-itau-itub4-reforma-tributaria-credito\/\" \/>\n<meta property=\"og:locale\" content=\"pt_BR\" \/>\n<meta property=\"og:type\" content=\"article\" \/>\n<meta property=\"og:title\" content=\"Presidente do Ita\u00fa (ITUB4) gosta da reforma tribut\u00e1ria, mas teme cr\u00e9dito\" \/>\n<meta property=\"og:description\" content=\"O presidente do Ita\u00fa tamb\u00e9m se queixou das assimetrias tribut\u00e1rias entre empresas do setor que praticam atividades semelhantes. Leia mais.\" \/>\n<meta property=\"og:url\" content=\"https:\/\/www.suno.com.br\/noticias\/presidente-do-itau-itub4-reforma-tributaria-credito\/\" \/>\n<meta property=\"og:site_name\" content=\"Suno Not\u00edcias\" \/>\n<meta property=\"article:publisher\" content=\"https:\/\/facebook.com\/sunoresearch\" \/>\n<meta property=\"og:image\" content=\"https:\/\/files.sunoresearch.com.br\/n\/uploads\/2021\/08\/692783ef-pr-itub.png\" \/>\n\t<meta property=\"og:image:width\" content=\"1355\" \/>\n\t<meta property=\"og:image:height\" content=\"661\" \/>\n\t<meta property=\"og:image:type\" content=\"image\/png\" \/>\n<meta name=\"author\" content=\"Eduardo Vargas\" \/>\n<meta name=\"twitter:card\" content=\"summary_large_image\" \/>\n<meta name=\"twitter:creator\" content=\"@sunoresearch\" \/>\n<meta name=\"twitter:site\" content=\"@sunoresearch\" \/>\n<meta name=\"twitter:label1\" content=\"Escrito por\" \/>\n\t<meta name=\"twitter:data1\" content=\"Eduardo Vargas\" \/>\n\t<meta name=\"twitter:label2\" content=\"Est. tempo de leitura\" \/>\n\t<meta name=\"twitter:data2\" content=\"2 minutos\" \/>\n<script type=\"application\/ld+json\" class=\"yoast-schema-graph\">{\"@context\":\"https:\/\/schema.org\",\"@graph\":[{\"@type\":\"NewsArticle\",\"@id\":\"https:\/\/www.suno.com.br\/noticias\/presidente-do-itau-itub4-reforma-tributaria-credito\/#article\",\"isPartOf\":{\"@id\":\"https:\/\/www.suno.com.br\/noticias\/presidente-do-itau-itub4-reforma-tributaria-credito\/\"},\"author\":{\"name\":\"Eduardo Vargas\",\"@id\":\"https:\/\/www.suno.com.br\/noticias\/#\/schema\/person\/7f4d362bf3518e76090143ae77bb49a5\"},\"headline\":\"Presidente do Ita\u00fa (ITUB4) aprova reforma tribut\u00e1ria, mas v\u00ea impacto no cr\u00e9dito\",\"datePublished\":\"2021-08-03T20:09:02+00:00\",\"mainEntityOfPage\":{\"@id\":\"https:\/\/www.suno.com.br\/noticias\/presidente-do-itau-itub4-reforma-tributaria-credito\/\"},\"wordCount\":494,\"publisher\":{\"@id\":\"https:\/\/www.suno.com.br\/noticias\/#organization\"},\"image\":{\"@id\":\"https:\/\/www.suno.com.br\/noticias\/presidente-do-itau-itub4-reforma-tributaria-credito\/#primaryimage\"},\"thumbnailUrl\":\"https:\/\/files.sunoresearch.com.br\/n\/uploads\/2021\/08\/692783ef-pr-itub.png\",\"keywords\":[\"Ag\u00eancias\",\"cr\u00e9dito\",\"Imposto de Renda\",\"Ita\u00fa Unibanco (ITUB3\/ITUB4)\",\"Ita\u00fasa (ITSA3\/ITSA4)\",\"reforma tribut\u00e1ria\"],\"articleSection\":[\"Economia\"],\"inLanguage\":\"pt-BR\"},{\"@type\":\"WebPage\",\"@id\":\"https:\/\/www.suno.com.br\/noticias\/presidente-do-itau-itub4-reforma-tributaria-credito\/\",\"url\":\"https:\/\/www.suno.com.br\/noticias\/presidente-do-itau-itub4-reforma-tributaria-credito\/\",\"name\":\"Presidente do Ita\u00fa (ITUB4) gosta da reforma tribut\u00e1ria, mas teme cr\u00e9dito\",\"isPartOf\":{\"@id\":\"https:\/\/www.suno.com.br\/noticias\/#website\"},\"primaryImageOfPage\":{\"@id\":\"https:\/\/www.suno.com.br\/noticias\/presidente-do-itau-itub4-reforma-tributaria-credito\/#primaryimage\"},\"image\":{\"@id\":\"https:\/\/www.suno.com.br\/noticias\/presidente-do-itau-itub4-reforma-tributaria-credito\/#primaryimage\"},\"thumbnailUrl\":\"https:\/\/files.sunoresearch.com.br\/n\/uploads\/2021\/08\/692783ef-pr-itub.png\",\"datePublished\":\"2021-08-03T20:09:02+00:00\",\"description\":\"O presidente do Ita\u00fa tamb\u00e9m se queixou das assimetrias tribut\u00e1rias entre empresas do setor que praticam atividades semelhantes. Leia mais.\",\"breadcrumb\":{\"@id\":\"https:\/\/www.suno.com.br\/noticias\/presidente-do-itau-itub4-reforma-tributaria-credito\/#breadcrumb\"},\"inLanguage\":\"pt-BR\",\"potentialAction\":[{\"@type\":\"ReadAction\",\"target\":[\"https:\/\/www.suno.com.br\/noticias\/presidente-do-itau-itub4-reforma-tributaria-credito\/\"]}]},{\"@type\":\"ImageObject\",\"inLanguage\":\"pt-BR\",\"@id\":\"https:\/\/www.suno.com.br\/noticias\/presidente-do-itau-itub4-reforma-tributaria-credito\/#primaryimage\",\"url\":\"https:\/\/files.sunoresearch.com.br\/n\/uploads\/2021\/08\/692783ef-pr-itub.png\",\"contentUrl\":\"https:\/\/files.sunoresearch.com.br\/n\/uploads\/2021\/08\/692783ef-pr-itub.png\",\"width\":1355,\"height\":661,\"caption\":\"Ita\u00fa divulgou seu balan\u00e7o recentemente, com crescimento de mais de 55% no lucro - Foto: Reprodu\u00e7\u00e3o\/Ita\u00fa\/YouTube\"},{\"@type\":\"BreadcrumbList\",\"@id\":\"https:\/\/www.suno.com.br\/noticias\/presidente-do-itau-itub4-reforma-tributaria-credito\/#breadcrumb\",\"itemListElement\":[{\"@type\":\"ListItem\",\"position\":1,\"name\":\"Not\u00edcias\",\"item\":\"https:\/\/www.suno.com.br\/noticias\/\"},{\"@type\":\"ListItem\",\"position\":2,\"name\":\"Economia\",\"item\":\"https:\/\/www.suno.com.br\/noticias\/economia\/\"},{\"@type\":\"ListItem\",\"position\":3,\"name\":\"Presidente do Ita\u00fa (ITUB4) aprova reforma tribut\u00e1ria, mas v\u00ea impacto no cr\u00e9dito\"}]},{\"@type\":\"WebSite\",\"@id\":\"https:\/\/www.suno.com.br\/noticias\/#website\",\"url\":\"https:\/\/www.suno.com.br\/noticias\/\",\"name\":\"Suno Not\u00edcias\",\"description\":\"Seu portal de informa\u00e7\u00e3o sobre o mundo dos investimentos\",\"publisher\":{\"@id\":\"https:\/\/www.suno.com.br\/noticias\/#organization\"},\"potentialAction\":[{\"@type\":\"SearchAction\",\"target\":{\"@type\":\"EntryPoint\",\"urlTemplate\":\"https:\/\/www.suno.com.br\/noticias\/?s={search_term_string}\"},\"query-input\":{\"@type\":\"PropertyValueSpecification\",\"valueRequired\":true,\"valueName\":\"search_term_string\"}}],\"inLanguage\":\"pt-BR\"},{\"@type\":\"Organization\",\"@id\":\"https:\/\/www.suno.com.br\/noticias\/#organization\",\"name\":\"Suno Not\u00edcias\",\"url\":\"https:\/\/www.suno.com.br\/noticias\/\",\"logo\":{\"@type\":\"ImageObject\",\"inLanguage\":\"pt-BR\",\"@id\":\"https:\/\/www.suno.com.br\/noticias\/#\/schema\/logo\/image\/\",\"url\":\"https:\/\/files.sunoresearch.com.br\/n\/uploads\/2021\/09\/suno-logo.png\",\"contentUrl\":\"https:\/\/files.sunoresearch.com.br\/n\/uploads\/2021\/09\/suno-logo.png\",\"width\":180,\"height\":180,\"caption\":\"Suno Not\u00edcias\"},\"image\":{\"@id\":\"https:\/\/www.suno.com.br\/noticias\/#\/schema\/logo\/image\/\"},\"sameAs\":[\"https:\/\/facebook.com\/sunoresearch\",\"https:\/\/x.com\/sunoresearch\",\"https:\/\/www.instagram.com\/suno\",\"https:\/\/www.linkedin.com\/company\/suno-research\/\",\"https:\/\/www.youtube.com\/c\/sunoresearch\"]},{\"@type\":\"Person\",\"@id\":\"https:\/\/www.suno.com.br\/noticias\/#\/schema\/person\/7f4d362bf3518e76090143ae77bb49a5\",\"name\":\"Eduardo Vargas\",\"image\":{\"@type\":\"ImageObject\",\"inLanguage\":\"pt-BR\",\"@id\":\"https:\/\/www.suno.com.br\/noticias\/#\/schema\/person\/image\/\",\"url\":\"https:\/\/secure.gravatar.com\/avatar\/dac340933427a22924c9f99d1eb2e3f2?s=96&r=g\",\"contentUrl\":\"https:\/\/secure.gravatar.com\/avatar\/dac340933427a22924c9f99d1eb2e3f2?s=96&r=g\",\"caption\":\"Eduardo Vargas\"},\"description\":\"Jornalista formado pela UFSC, cobre macroeconomia, neg\u00f3cios e startups para o Suno Not\u00edcias, escrevendo principalmente not\u00edcias sobre o mercado financeiro e a bolsa de valores. No YouTube e no Instagram, \u00e9 respons\u00e1vel pela produ\u00e7\u00e3o de Reels e Shorts do Suno Not\u00edcias. Anteriormente, trabalhou cobrindo economia e cotidiano no ND+ e para o ND, maior jornal impresso de Santa Catarina. Cursou um semestre letivo de Estudos de M\u00eddia na Universidad de Buenos Aires.\",\"url\":\"https:\/\/www.suno.com.br\/noticias\/author\/eduardo-vargas\/\"}]}<\/script>\n<!-- \/ Yoast SEO plugin. -->","yoast_head_json":{"title":"Presidente do Ita\u00fa (ITUB4) gosta da reforma tribut\u00e1ria, mas teme cr\u00e9dito","description":"O presidente do Ita\u00fa tamb\u00e9m se queixou das assimetrias tribut\u00e1rias entre empresas do setor que praticam atividades semelhantes. Leia mais.","robots":{"index":"index","follow":"follow","max-snippet":"max-snippet:-1","max-image-preview":"max-image-preview:large","max-video-preview":"max-video-preview:-1"},"canonical":"https:\/\/www.suno.com.br\/noticias\/presidente-do-itau-itub4-reforma-tributaria-credito\/","og_locale":"pt_BR","og_type":"article","og_title":"Presidente do Ita\u00fa (ITUB4) gosta da reforma tribut\u00e1ria, mas teme cr\u00e9dito","og_description":"O presidente do Ita\u00fa tamb\u00e9m se queixou das assimetrias tribut\u00e1rias entre empresas do setor que praticam atividades semelhantes. Leia mais.","og_url":"https:\/\/www.suno.com.br\/noticias\/presidente-do-itau-itub4-reforma-tributaria-credito\/","og_site_name":"Suno Not\u00edcias","article_publisher":"https:\/\/facebook.com\/sunoresearch","og_image":[{"width":1355,"height":661,"url":"https:\/\/files.sunoresearch.com.br\/n\/uploads\/2021\/08\/692783ef-pr-itub.png","type":"image\/png"}],"author":"Eduardo Vargas","twitter_card":"summary_large_image","twitter_creator":"@sunoresearch","twitter_site":"@sunoresearch","twitter_misc":{"Escrito por":"Eduardo Vargas","Est. tempo de leitura":"2 minutos"},"schema":{"@context":"https:\/\/schema.org","@graph":[{"@type":"NewsArticle","@id":"https:\/\/www.suno.com.br\/noticias\/presidente-do-itau-itub4-reforma-tributaria-credito\/#article","isPartOf":{"@id":"https:\/\/www.suno.com.br\/noticias\/presidente-do-itau-itub4-reforma-tributaria-credito\/"},"author":{"name":"Eduardo Vargas","@id":"https:\/\/www.suno.com.br\/noticias\/#\/schema\/person\/7f4d362bf3518e76090143ae77bb49a5"},"headline":"Presidente do Ita\u00fa (ITUB4) aprova reforma tribut\u00e1ria, mas v\u00ea impacto no cr\u00e9dito","datePublished":"2021-08-03T20:09:02+00:00","mainEntityOfPage":{"@id":"https:\/\/www.suno.com.br\/noticias\/presidente-do-itau-itub4-reforma-tributaria-credito\/"},"wordCount":494,"publisher":{"@id":"https:\/\/www.suno.com.br\/noticias\/#organization"},"image":{"@id":"https:\/\/www.suno.com.br\/noticias\/presidente-do-itau-itub4-reforma-tributaria-credito\/#primaryimage"},"thumbnailUrl":"https:\/\/files.sunoresearch.com.br\/n\/uploads\/2021\/08\/692783ef-pr-itub.png","keywords":["Ag\u00eancias","cr\u00e9dito","Imposto de Renda","Ita\u00fa Unibanco (ITUB3\/ITUB4)","Ita\u00fasa (ITSA3\/ITSA4)","reforma tribut\u00e1ria"],"articleSection":["Economia"],"inLanguage":"pt-BR"},{"@type":"WebPage","@id":"https:\/\/www.suno.com.br\/noticias\/presidente-do-itau-itub4-reforma-tributaria-credito\/","url":"https:\/\/www.suno.com.br\/noticias\/presidente-do-itau-itub4-reforma-tributaria-credito\/","name":"Presidente do Ita\u00fa (ITUB4) gosta da reforma tribut\u00e1ria, mas teme cr\u00e9dito","isPartOf":{"@id":"https:\/\/www.suno.com.br\/noticias\/#website"},"primaryImageOfPage":{"@id":"https:\/\/www.suno.com.br\/noticias\/presidente-do-itau-itub4-reforma-tributaria-credito\/#primaryimage"},"image":{"@id":"https:\/\/www.suno.com.br\/noticias\/presidente-do-itau-itub4-reforma-tributaria-credito\/#primaryimage"},"thumbnailUrl":"https:\/\/files.sunoresearch.com.br\/n\/uploads\/2021\/08\/692783ef-pr-itub.png","datePublished":"2021-08-03T20:09:02+00:00","description":"O presidente do Ita\u00fa tamb\u00e9m se queixou das assimetrias tribut\u00e1rias entre empresas do setor que praticam atividades semelhantes. Leia mais.","breadcrumb":{"@id":"https:\/\/www.suno.com.br\/noticias\/presidente-do-itau-itub4-reforma-tributaria-credito\/#breadcrumb"},"inLanguage":"pt-BR","potentialAction":[{"@type":"ReadAction","target":["https:\/\/www.suno.com.br\/noticias\/presidente-do-itau-itub4-reforma-tributaria-credito\/"]}]},{"@type":"ImageObject","inLanguage":"pt-BR","@id":"https:\/\/www.suno.com.br\/noticias\/presidente-do-itau-itub4-reforma-tributaria-credito\/#primaryimage","url":"https:\/\/files.sunoresearch.com.br\/n\/uploads\/2021\/08\/692783ef-pr-itub.png","contentUrl":"https:\/\/files.sunoresearch.com.br\/n\/uploads\/2021\/08\/692783ef-pr-itub.png","width":1355,"height":661,"caption":"Ita\u00fa divulgou seu balan\u00e7o recentemente, com crescimento de mais de 55% no lucro - Foto: Reprodu\u00e7\u00e3o\/Ita\u00fa\/YouTube"},{"@type":"BreadcrumbList","@id":"https:\/\/www.suno.com.br\/noticias\/presidente-do-itau-itub4-reforma-tributaria-credito\/#breadcrumb","itemListElement":[{"@type":"ListItem","position":1,"name":"Not\u00edcias","item":"https:\/\/www.suno.com.br\/noticias\/"},{"@type":"ListItem","position":2,"name":"Economia","item":"https:\/\/www.suno.com.br\/noticias\/economia\/"},{"@type":"ListItem","position":3,"name":"Presidente do Ita\u00fa (ITUB4) aprova reforma tribut\u00e1ria, mas v\u00ea impacto no cr\u00e9dito"}]},{"@type":"WebSite","@id":"https:\/\/www.suno.com.br\/noticias\/#website","url":"https:\/\/www.suno.com.br\/noticias\/","name":"Suno Not\u00edcias","description":"Seu portal de informa\u00e7\u00e3o sobre o mundo dos investimentos","publisher":{"@id":"https:\/\/www.suno.com.br\/noticias\/#organization"},"potentialAction":[{"@type":"SearchAction","target":{"@type":"EntryPoint","urlTemplate":"https:\/\/www.suno.com.br\/noticias\/?s={search_term_string}"},"query-input":{"@type":"PropertyValueSpecification","valueRequired":true,"valueName":"search_term_string"}}],"inLanguage":"pt-BR"},{"@type":"Organization","@id":"https:\/\/www.suno.com.br\/noticias\/#organization","name":"Suno Not\u00edcias","url":"https:\/\/www.suno.com.br\/noticias\/","logo":{"@type":"ImageObject","inLanguage":"pt-BR","@id":"https:\/\/www.suno.com.br\/noticias\/#\/schema\/logo\/image\/","url":"https:\/\/files.sunoresearch.com.br\/n\/uploads\/2021\/09\/suno-logo.png","contentUrl":"https:\/\/files.sunoresearch.com.br\/n\/uploads\/2021\/09\/suno-logo.png","width":180,"height":180,"caption":"Suno Not\u00edcias"},"image":{"@id":"https:\/\/www.suno.com.br\/noticias\/#\/schema\/logo\/image\/"},"sameAs":["https:\/\/facebook.com\/sunoresearch","https:\/\/x.com\/sunoresearch","https:\/\/www.instagram.com\/suno","https:\/\/www.linkedin.com\/company\/suno-research\/","https:\/\/www.youtube.com\/c\/sunoresearch"]},{"@type":"Person","@id":"https:\/\/www.suno.com.br\/noticias\/#\/schema\/person\/7f4d362bf3518e76090143ae77bb49a5","name":"Eduardo Vargas","image":{"@type":"ImageObject","inLanguage":"pt-BR","@id":"https:\/\/www.suno.com.br\/noticias\/#\/schema\/person\/image\/","url":"https:\/\/secure.gravatar.com\/avatar\/dac340933427a22924c9f99d1eb2e3f2?s=96&r=g","contentUrl":"https:\/\/secure.gravatar.com\/avatar\/dac340933427a22924c9f99d1eb2e3f2?s=96&r=g","caption":"Eduardo Vargas"},"description":"Jornalista formado pela UFSC, cobre macroeconomia, neg\u00f3cios e startups para o Suno Not\u00edcias, escrevendo principalmente not\u00edcias sobre o mercado financeiro e a bolsa de valores. No YouTube e no Instagram, \u00e9 respons\u00e1vel pela produ\u00e7\u00e3o de Reels e Shorts do Suno Not\u00edcias. Anteriormente, trabalhou cobrindo economia e cotidiano no ND+ e para o ND, maior jornal impresso de Santa Catarina. Cursou um semestre letivo de Estudos de M\u00eddia na Universidad de Buenos Aires.","url":"https:\/\/www.suno.com.br\/noticias\/author\/eduardo-vargas\/"}]}},"default_loop_html":"<div class=\"cardsPage__listCard__boxs\"><div class=\"cardsPage__listCard__boxs__img\"><a href=\"https:\/\/www.suno.com.br\/noticias\/itau-itub4-pagara-jcp-2021\/\"><img class=\"mask\" src=\"https:\/\/www.suno.com.br\/noticias\/wp-content\/themes\/suno\/resources\/images\/spotlight\/spotlight1img\/bg-mask.png\" alt=\"Image Mask\"\/><img src=\"https:\/\/files.sunoresearch.com.br\/n\/uploads\/2021\/02\/f07efdf8-itau-400x200.webp\" alt=\"Ita\u00fa (ITUB4) pagar\u00e1 R$ 2,15 bilh\u00f5es em JCP no dia 26 de agosto\"\/><\/a><span class=\"spotlightCategory\"><a href=\"https:\/\/www.suno.com.br\/noticias\/negocios\/\">Neg\u00f3cios<\/a><\/span><\/div><div class=\"cardsPage__listCard__boxs__content\"><a href=\"https:\/\/www.suno.com.br\/noticias\/itau-itub4-pagara-jcp-2021\/\"><h2 class=\"content__title\">Ita\u00fa (ITUB4) pagar\u00e1 R$ 2,15 bilh\u00f5es em JCP no dia 26 de agosto<\/h2><\/a><div class=\"newsContent__article__meta\"><div class=\"newsContent__article__meta__authorBox\"><a href=\"https:\/\/www.suno.com.br\/noticias\/author\/laura-moutinho\/\" class=\"authorBox__avatar noMobi\"><img src=\"https:\/\/files.sunoresearch.com.br\/n\/uploads\/2020\/08\/531ff69d-whatsapp-image-2020-08-03-at-14.54.38-150x150.webp\" alt=\"Laura Moutinho\"><\/a><div class=\"authorBox__name\"><span>por\n\t\t\t<a href=\"https:\/\/www.suno.com.br\/noticias\/author\/laura-moutinho\/\"><span itemprop=\"author\">Laura Moutinho<\/span><\/a><\/span><time datetime=\"2021-08-02T20:52:55-03:00\" itemprop=\"datePublished\">02\/08\/2021 20:52<\/time><\/div><\/div><\/div><\/div><\/div>","single_layout":"posts","amp_enabled":true,"_links":{"self":[{"href":"https:\/\/www.suno.com.br\/noticias\/wp-json\/wp\/v2\/posts\/171798"}],"collection":[{"href":"https:\/\/www.suno.com.br\/noticias\/wp-json\/wp\/v2\/posts"}],"about":[{"href":"https:\/\/www.suno.com.br\/noticias\/wp-json\/wp\/v2\/types\/post"}],"author":[{"embeddable":true,"href":"https:\/\/www.suno.com.br\/noticias\/wp-json\/wp\/v2\/users\/73"}],"replies":[{"embeddable":true,"href":"https:\/\/www.suno.com.br\/noticias\/wp-json\/wp\/v2\/comments?post=171798"}],"version-history":[{"count":4,"href":"https:\/\/www.suno.com.br\/noticias\/wp-json\/wp\/v2\/posts\/171798\/revisions"}],"predecessor-version":[{"id":171923,"href":"https:\/\/www.suno.com.br\/noticias\/wp-json\/wp\/v2\/posts\/171798\/revisions\/171923"}],"wp:featuredmedia":[{"embeddable":true,"href":"https:\/\/www.suno.com.br\/noticias\/wp-json\/wp\/v2\/media\/171847"}],"wp:attachment":[{"href":"https:\/\/www.suno.com.br\/noticias\/wp-json\/wp\/v2\/media?parent=171798"}],"wp:term":[{"taxonomy":"category","embeddable":true,"href":"https:\/\/www.suno.com.br\/noticias\/wp-json\/wp\/v2\/categories?post=171798"},{"taxonomy":"post_tag","embeddable":true,"href":"https:\/\/www.suno.com.br\/noticias\/wp-json\/wp\/v2\/tags?post=171798"},{"taxonomy":"suno_strategy","embeddable":true,"href":"https:\/\/www.suno.com.br\/noticias\/wp-json\/wp\/v2\/suno_strategy?post=171798"}],"curies":[{"name":"wp","href":"https:\/\/api.w.org\/{rel}","templated":true}]}}