{"id":171765,"date":"2021-08-03T15:36:47","date_gmt":"2021-08-03T18:36:47","guid":{"rendered":"https:\/\/www.suno.com.br\/noticias\/?p=171765"},"modified":"2021-08-03T15:36:47","modified_gmt":"2021-08-03T18:36:47","slug":"petz-petz3-mercado-internacional-zee-dog","status":"publish","type":"post","link":"https:\/\/www.suno.com.br\/noticias\/petz-petz3-mercado-internacional-zee-dog\/","title":{"rendered":"Petz (PETZ3) entra no mercado internacional com aquisi\u00e7\u00e3o da Zee.Dog, diz CEO"},"content":{"rendered":"<p>A aquisi\u00e7\u00e3o da Zee Dog pela <strong>Petz<\/strong> (<a href=\"https:\/\/www.suno.com.br\/acoes\/petz3\/\" target=\"_blank\" rel=\"noopener noreferrer\">PETZ3<\/a>), anunciada nesta ter\u00e7a-feira (3), representa a globaliza\u00e7\u00e3o da Petz, avalia o CEO S\u00e9rgio Zimerman.<\/p>\t<div class=\"wrapper-featured-image\">\n\t\t<figure class=\"spotlightImg\">\n\n\t\t\t<picture>\n\t\t\t\t<source media=\"(max-width: 768px)\" srcset=\"https:\/\/files.sunoresearch.com.br\/n\/uploads\/2021\/05\/14d290b2-petz-facebook-400x200.webp\">\n\t\t\t\t<img loading=\"lazy\" decoding=\"async\" class=\"newsContent__article__imgCapa lazyloadDisabled \" src=\"https:\/\/files.sunoresearch.com.br\/n\/uploads\/2021\/05\/14d290b2-petz-facebook-800x450.webp\" width=\"800\" height=\"450\" alt=\"Petz (PETZ3) entra no mercado internacional com aquisi\u00e7\u00e3o da Zee.Dog, diz CEO\" fetchpriority=high \/>\n\t\t\t<\/picture>\n\n\t\t\t<figcaption class=\"wp-caption-text wp-caption-text--show\">Petz. Foto: Reprodu\u00e7\u00e3o Facebook<\/figcaption>\n\t\t<\/figure>\n\t<\/div>\n\n\n<p>Atualmente, a<strong> Zee.Dog<\/strong> atende 45 pa\u00edses, por meio de cinco centros de distribui\u00e7\u00e3o. No total, um ter\u00e7o da opera\u00e7\u00e3o da empresa est\u00e1 localizada no <strong>mercado internacional<\/strong> e a Petz diz estar de olho nesses consumidores.<\/p>\n<p>&#8220;Se antes a Petz tinha foco no mercado brasileiro, agora vamos olhar para o global. Iremos acompanhar as tend\u00eancias de vendas nos Estados Unidos, Europa e \u00c1sia, buscando como atingir esses mercados&#8221;, afirmou Zimerman em teleconfer\u00eancia.<\/p>\n<p>Nesse sentido, o executivo da Petz classifica a compra como um marco no varejo global do segmento animal, transformando a companhia em refer\u00eancia internacional no setor. &#8220;A jun\u00e7\u00e3o com a Zee Dog vai levar a nossa empresa para muito mais longe, bem mais r\u00e1pido do que esper\u00e1vamos&#8221;, projeta.<\/p>\n<h2>Otimiza\u00e7\u00e3o de modelo das lojas<\/h2>\n<p>Em rela\u00e7\u00e3o \u00e0 poss\u00edvel competi\u00e7\u00e3o entre produtos pr\u00f3prios, Zimerman afirma que as marcas ir\u00e3o conviver &#8220;harmoniosamente&#8221;: &#8220;Esse casamento est\u00e1 acontecendo porque se colocou um ambiente de confian\u00e7a para que os sonhos dos dois lados pudessem ser potencializados e n\u00e3o sobrepostos&#8221;.<\/p>\n<p>O CEO da Zee Dog, Felipe Diz, complementa que a opera\u00e7\u00e3o tem como principal foco o longo prazo. &#8220;Estamos olhando o que podemos fazer daqui a 30 anos. \u00c9 apenas o in\u00edcio de uma caminhada para gerar valor&#8221;, pondera.<\/p>\n<p>Entre os principais elementos para gerar valor, al\u00e9m da globaliza\u00e7\u00e3o, as duas companhias est\u00e3o apostando no segmento de alimenta\u00e7\u00e3o e produtos para gatos, popula\u00e7\u00e3o que cresce mais do que a de cachorros. Al\u00e9m disso, buscam otimizar os modelos de lojas.<\/p>\n<p>&#8220;A aquisi\u00e7\u00e3o da Zee Dog vai nos permitir implementar novos formatos e conceitos de lojas. Ir\u00e1 possibilitar que melhoremos o nosso relacionamento com lojas menores, ampliando para pra\u00e7as em que normalmente n\u00e3o caberiam uma loja Petz&#8221;, finaliza o CFO da Petz, Diogo Bassi.<\/p>\n<h2><b>Pagamento pela Petz\u00a0<\/b><\/h2>\n<p>A compra da Zee Dog pela Petz prev\u00ea a incorpora\u00e7\u00e3o, pela companhia, de a\u00e7\u00f5es representativas de 74,83% das a\u00e7\u00f5es de emiss\u00e3o da Zee.Dog, que corresponder\u00e1 ao valor de R$ 535 milh\u00f5es na data de efetiva\u00e7\u00e3o da opera\u00e7\u00e3o. Al\u00e9m disso, haver\u00e1 a aquisi\u00e7\u00e3o de a\u00e7\u00f5es representativas de 25,17% das a\u00e7\u00f5es de emiss\u00e3o da Zee.Dog.<\/p>\n<p>Segundo <strong>fato relevante<\/strong> divulgado pela empresa, a opera\u00e7\u00e3o prev\u00ea o pagamento de R$ 80 milh\u00f5es em dinheiro na data de efetiva\u00e7\u00e3o da transa\u00e7\u00e3o. Al\u00e9m disso, R$ 100 milh\u00f5es ser\u00e3o pagos ap\u00f3s o 5\u00ba anivers\u00e1rio da data de efetiva\u00e7\u00e3o da transa\u00e7\u00e3o, corrigidos por CDI e sujeito a determinadas condi\u00e7\u00f5es que promovem o alinhamento de longo prazo entre as partes.<\/p>\n<p>&#8220;Mediante a efetiva\u00e7\u00e3o da transa\u00e7\u00e3o, os acionistas da Zee.Dog, Felipe Diz, Thadeu Diz e Rodrigo Monteiro, continuar\u00e3o a atuar na qualidade de gestores da unidade de neg\u00f3cio Zee.Dog e estar\u00e3o envolvidos no desenvolvimento pretendido pela companhia para maximizar a cria\u00e7\u00e3o de valor para seus acionistas&#8221;, informa.<\/p>\n<p>A previs\u00e3o \u00e9 de que a opera\u00e7\u00e3o seja consumada no decorrer de 2021. Neste caso, o valor do reembolso ser\u00e1 de R$ 1,38 por a\u00e7\u00e3o, apurado com base no valor patrimonial das a\u00e7\u00f5es da Companhia em 31 de dezembro de 2020.<\/p>\n<p>Os acionistas poder\u00e3o solicitar a revis\u00e3o do valor de reembolso e a <strong>Petz<\/strong> realizar\u00e1 o pagamento do reembolso aos acionistas dissidentes no prazo de at\u00e9 30 dias contados do final do prazo para exerc\u00edcio do direito de retirada.<\/p>\n","protected":false},"excerpt":{"rendered":"<p>A Zee.Dog atende 45 pa\u00edses e, no total, um ter\u00e7o da opera\u00e7\u00e3o est\u00e1 localizada no mercado internacional.<\/p>\n","protected":false},"author":102,"featured_media":146877,"comment_status":"closed","ping_status":"closed","sticky":false,"template":"","format":"standard","meta":[],"categories":[64],"tags":[62812,97380],"suno_strategy":[],"class_list":["post-171765","post","type-post","status-publish","format-standard","has-post-thumbnail","hentry","category-negocios","tag-fusoes-e-aquisicoes","tag-petz-petz3"],"yoast_head":"<!-- This site is optimized with the Yoast SEO plugin v24.4 - https:\/\/yoast.com\/wordpress\/plugins\/seo\/ -->\n<title>Petz (PETZ3) entra no mercado internacional com aquisi\u00e7\u00e3o da Zee.Dog<\/title>\n<meta name=\"description\" content=\"A Zee.Dog atende 45 pa\u00edses e, com a aquisi\u00e7\u00e3o, a Petz pretende se aproximar desses mercados nos pr\u00f3ximos meses. Veja aqui.\" \/>\n<meta name=\"robots\" content=\"index, follow, max-snippet:-1, max-image-preview:large, max-video-preview:-1\" \/>\n<link rel=\"canonical\" href=\"https:\/\/www.suno.com.br\/noticias\/petz-petz3-mercado-internacional-zee-dog\/\" \/>\n<meta property=\"og:locale\" content=\"pt_BR\" \/>\n<meta property=\"og:type\" content=\"article\" \/>\n<meta property=\"og:title\" content=\"Petz (PETZ3) entra no mercado internacional com aquisi\u00e7\u00e3o da Zee.Dog\" \/>\n<meta property=\"og:description\" content=\"A Zee.Dog atende 45 pa\u00edses e, com a aquisi\u00e7\u00e3o, a Petz pretende se aproximar desses mercados nos pr\u00f3ximos meses. Veja aqui.\" \/>\n<meta property=\"og:url\" content=\"https:\/\/www.suno.com.br\/noticias\/petz-petz3-mercado-internacional-zee-dog\/\" \/>\n<meta property=\"og:site_name\" content=\"Suno Not\u00edcias\" \/>\n<meta property=\"article:publisher\" content=\"https:\/\/facebook.com\/sunoresearch\" \/>\n<meta property=\"og:image\" content=\"https:\/\/files.sunoresearch.com.br\/n\/uploads\/2021\/05\/14d290b2-petz-facebook.jpg\" \/>\n\t<meta property=\"og:image:width\" content=\"1200\" \/>\n\t<meta property=\"og:image:height\" content=\"630\" \/>\n\t<meta property=\"og:image:type\" content=\"image\/jpeg\" \/>\n<meta name=\"author\" content=\"Monique Lima\" \/>\n<meta name=\"twitter:card\" content=\"summary_large_image\" \/>\n<meta name=\"twitter:creator\" content=\"@sunoresearch\" \/>\n<meta name=\"twitter:site\" content=\"@sunoresearch\" \/>\n<meta name=\"twitter:label1\" content=\"Escrito por\" \/>\n\t<meta name=\"twitter:data1\" content=\"Monique Lima\" \/>\n\t<meta name=\"twitter:label2\" content=\"Est. tempo de leitura\" \/>\n\t<meta name=\"twitter:data2\" content=\"3 minutos\" \/>\n<script type=\"application\/ld+json\" class=\"yoast-schema-graph\">{\"@context\":\"https:\/\/schema.org\",\"@graph\":[{\"@type\":\"NewsArticle\",\"@id\":\"https:\/\/www.suno.com.br\/noticias\/petz-petz3-mercado-internacional-zee-dog\/#article\",\"isPartOf\":{\"@id\":\"https:\/\/www.suno.com.br\/noticias\/petz-petz3-mercado-internacional-zee-dog\/\"},\"author\":{\"name\":\"Monique Lima\",\"@id\":\"https:\/\/www.suno.com.br\/noticias\/#\/schema\/person\/d712329319cc9b10f254d02d654cb36a\"},\"headline\":\"Petz (PETZ3) entra no mercado internacional com aquisi\u00e7\u00e3o da Zee.Dog, diz CEO\",\"datePublished\":\"2021-08-03T18:36:47+00:00\",\"mainEntityOfPage\":{\"@id\":\"https:\/\/www.suno.com.br\/noticias\/petz-petz3-mercado-internacional-zee-dog\/\"},\"wordCount\":619,\"publisher\":{\"@id\":\"https:\/\/www.suno.com.br\/noticias\/#organization\"},\"image\":{\"@id\":\"https:\/\/www.suno.com.br\/noticias\/petz-petz3-mercado-internacional-zee-dog\/#primaryimage\"},\"thumbnailUrl\":\"https:\/\/files.sunoresearch.com.br\/n\/uploads\/2021\/05\/14d290b2-petz-facebook-jpg.webp\",\"keywords\":[\"fus\u00f5es e aquisi\u00e7\u00f5es\",\"Petz (PETZ3)\"],\"articleSection\":[\"Neg\u00f3cios\"],\"inLanguage\":\"pt-BR\"},{\"@type\":\"WebPage\",\"@id\":\"https:\/\/www.suno.com.br\/noticias\/petz-petz3-mercado-internacional-zee-dog\/\",\"url\":\"https:\/\/www.suno.com.br\/noticias\/petz-petz3-mercado-internacional-zee-dog\/\",\"name\":\"Petz (PETZ3) entra no mercado internacional com aquisi\u00e7\u00e3o da Zee.Dog\",\"isPartOf\":{\"@id\":\"https:\/\/www.suno.com.br\/noticias\/#website\"},\"primaryImageOfPage\":{\"@id\":\"https:\/\/www.suno.com.br\/noticias\/petz-petz3-mercado-internacional-zee-dog\/#primaryimage\"},\"image\":{\"@id\":\"https:\/\/www.suno.com.br\/noticias\/petz-petz3-mercado-internacional-zee-dog\/#primaryimage\"},\"thumbnailUrl\":\"https:\/\/files.sunoresearch.com.br\/n\/uploads\/2021\/05\/14d290b2-petz-facebook-jpg.webp\",\"datePublished\":\"2021-08-03T18:36:47+00:00\",\"description\":\"A Zee.Dog atende 45 pa\u00edses e, com a aquisi\u00e7\u00e3o, a Petz pretende se aproximar desses mercados nos pr\u00f3ximos meses. Veja aqui.\",\"breadcrumb\":{\"@id\":\"https:\/\/www.suno.com.br\/noticias\/petz-petz3-mercado-internacional-zee-dog\/#breadcrumb\"},\"inLanguage\":\"pt-BR\",\"potentialAction\":[{\"@type\":\"ReadAction\",\"target\":[\"https:\/\/www.suno.com.br\/noticias\/petz-petz3-mercado-internacional-zee-dog\/\"]}]},{\"@type\":\"ImageObject\",\"inLanguage\":\"pt-BR\",\"@id\":\"https:\/\/www.suno.com.br\/noticias\/petz-petz3-mercado-internacional-zee-dog\/#primaryimage\",\"url\":\"https:\/\/files.sunoresearch.com.br\/n\/uploads\/2021\/05\/14d290b2-petz-facebook-jpg.webp\",\"contentUrl\":\"https:\/\/files.sunoresearch.com.br\/n\/uploads\/2021\/05\/14d290b2-petz-facebook-jpg.webp\",\"width\":1200,\"height\":630,\"caption\":\"Petz. Foto: Reprodu\u00e7\u00e3o Facebook\"},{\"@type\":\"BreadcrumbList\",\"@id\":\"https:\/\/www.suno.com.br\/noticias\/petz-petz3-mercado-internacional-zee-dog\/#breadcrumb\",\"itemListElement\":[{\"@type\":\"ListItem\",\"position\":1,\"name\":\"Not\u00edcias\",\"item\":\"https:\/\/www.suno.com.br\/noticias\/\"},{\"@type\":\"ListItem\",\"position\":2,\"name\":\"Neg\u00f3cios\",\"item\":\"https:\/\/www.suno.com.br\/noticias\/negocios\/\"},{\"@type\":\"ListItem\",\"position\":3,\"name\":\"Petz (PETZ3) entra no mercado internacional com aquisi\u00e7\u00e3o da Zee.Dog, diz CEO\"}]},{\"@type\":\"WebSite\",\"@id\":\"https:\/\/www.suno.com.br\/noticias\/#website\",\"url\":\"https:\/\/www.suno.com.br\/noticias\/\",\"name\":\"Suno Not\u00edcias\",\"description\":\"Seu portal de informa\u00e7\u00e3o sobre o mundo dos investimentos\",\"publisher\":{\"@id\":\"https:\/\/www.suno.com.br\/noticias\/#organization\"},\"potentialAction\":[{\"@type\":\"SearchAction\",\"target\":{\"@type\":\"EntryPoint\",\"urlTemplate\":\"https:\/\/www.suno.com.br\/noticias\/?s={search_term_string}\"},\"query-input\":{\"@type\":\"PropertyValueSpecification\",\"valueRequired\":true,\"valueName\":\"search_term_string\"}}],\"inLanguage\":\"pt-BR\"},{\"@type\":\"Organization\",\"@id\":\"https:\/\/www.suno.com.br\/noticias\/#organization\",\"name\":\"Suno Not\u00edcias\",\"url\":\"https:\/\/www.suno.com.br\/noticias\/\",\"logo\":{\"@type\":\"ImageObject\",\"inLanguage\":\"pt-BR\",\"@id\":\"https:\/\/www.suno.com.br\/noticias\/#\/schema\/logo\/image\/\",\"url\":\"https:\/\/files.sunoresearch.com.br\/n\/uploads\/2021\/09\/suno-logo.png\",\"contentUrl\":\"https:\/\/files.sunoresearch.com.br\/n\/uploads\/2021\/09\/suno-logo.png\",\"width\":180,\"height\":180,\"caption\":\"Suno Not\u00edcias\"},\"image\":{\"@id\":\"https:\/\/www.suno.com.br\/noticias\/#\/schema\/logo\/image\/\"},\"sameAs\":[\"https:\/\/facebook.com\/sunoresearch\",\"https:\/\/x.com\/sunoresearch\",\"https:\/\/www.instagram.com\/suno\",\"https:\/\/www.linkedin.com\/company\/suno-research\/\",\"https:\/\/www.youtube.com\/c\/sunoresearch\"]},{\"@type\":\"Person\",\"@id\":\"https:\/\/www.suno.com.br\/noticias\/#\/schema\/person\/d712329319cc9b10f254d02d654cb36a\",\"name\":\"Monique Lima\",\"image\":{\"@type\":\"ImageObject\",\"inLanguage\":\"pt-BR\",\"@id\":\"https:\/\/www.suno.com.br\/noticias\/#\/schema\/person\/image\/\",\"url\":\"https:\/\/secure.gravatar.com\/avatar\/daee7f16d906c2e9ffed236206ca2c30?s=96&r=g\",\"contentUrl\":\"https:\/\/secure.gravatar.com\/avatar\/daee7f16d906c2e9ffed236206ca2c30?s=96&r=g\",\"caption\":\"Monique Lima\"},\"description\":\"Rep\u00f3rter de Mercado no Suno Not\u00edcias, \u00e9 jornalista com experi\u00eancia na cobertura de economia, empreendedorismo, finan\u00e7as pessoais, mercado financeiro, carreira e recursos humanos. Formada em Jornalismo pela Universidade Paulista, teve experi\u00eancias em ve\u00edculos de comunica\u00e7\u00e3o como a Ag\u00eancia TradeMap, Revista Voc\u00ea S\/A e Revista Voc\u00ea RH, as duas \u00faltimas publica\u00e7\u00f5es da Editora Abril. No Suno Not\u00edcias, fala sobre as principais not\u00edcias de Fundos Imobili\u00e1rios, Fiagro, Startups e empresas listadas na Bolsa.\",\"url\":\"https:\/\/www.suno.com.br\/noticias\/author\/monique-lima\/\"}]}<\/script>\n<!-- \/ Yoast SEO plugin. -->","yoast_head_json":{"title":"Petz (PETZ3) entra no mercado internacional com aquisi\u00e7\u00e3o da Zee.Dog","description":"A Zee.Dog atende 45 pa\u00edses e, com a aquisi\u00e7\u00e3o, a Petz pretende se aproximar desses mercados nos pr\u00f3ximos meses. Veja aqui.","robots":{"index":"index","follow":"follow","max-snippet":"max-snippet:-1","max-image-preview":"max-image-preview:large","max-video-preview":"max-video-preview:-1"},"canonical":"https:\/\/www.suno.com.br\/noticias\/petz-petz3-mercado-internacional-zee-dog\/","og_locale":"pt_BR","og_type":"article","og_title":"Petz (PETZ3) entra no mercado internacional com aquisi\u00e7\u00e3o da Zee.Dog","og_description":"A Zee.Dog atende 45 pa\u00edses e, com a aquisi\u00e7\u00e3o, a Petz pretende se aproximar desses mercados nos pr\u00f3ximos meses. Veja aqui.","og_url":"https:\/\/www.suno.com.br\/noticias\/petz-petz3-mercado-internacional-zee-dog\/","og_site_name":"Suno Not\u00edcias","article_publisher":"https:\/\/facebook.com\/sunoresearch","og_image":[{"width":1200,"height":630,"url":"https:\/\/files.sunoresearch.com.br\/n\/uploads\/2021\/05\/14d290b2-petz-facebook.jpg","type":"image\/jpeg"}],"author":"Monique Lima","twitter_card":"summary_large_image","twitter_creator":"@sunoresearch","twitter_site":"@sunoresearch","twitter_misc":{"Escrito por":"Monique Lima","Est. tempo de leitura":"3 minutos"},"schema":{"@context":"https:\/\/schema.org","@graph":[{"@type":"NewsArticle","@id":"https:\/\/www.suno.com.br\/noticias\/petz-petz3-mercado-internacional-zee-dog\/#article","isPartOf":{"@id":"https:\/\/www.suno.com.br\/noticias\/petz-petz3-mercado-internacional-zee-dog\/"},"author":{"name":"Monique Lima","@id":"https:\/\/www.suno.com.br\/noticias\/#\/schema\/person\/d712329319cc9b10f254d02d654cb36a"},"headline":"Petz (PETZ3) entra no mercado internacional com aquisi\u00e7\u00e3o da Zee.Dog, diz CEO","datePublished":"2021-08-03T18:36:47+00:00","mainEntityOfPage":{"@id":"https:\/\/www.suno.com.br\/noticias\/petz-petz3-mercado-internacional-zee-dog\/"},"wordCount":619,"publisher":{"@id":"https:\/\/www.suno.com.br\/noticias\/#organization"},"image":{"@id":"https:\/\/www.suno.com.br\/noticias\/petz-petz3-mercado-internacional-zee-dog\/#primaryimage"},"thumbnailUrl":"https:\/\/files.sunoresearch.com.br\/n\/uploads\/2021\/05\/14d290b2-petz-facebook-jpg.webp","keywords":["fus\u00f5es e aquisi\u00e7\u00f5es","Petz (PETZ3)"],"articleSection":["Neg\u00f3cios"],"inLanguage":"pt-BR"},{"@type":"WebPage","@id":"https:\/\/www.suno.com.br\/noticias\/petz-petz3-mercado-internacional-zee-dog\/","url":"https:\/\/www.suno.com.br\/noticias\/petz-petz3-mercado-internacional-zee-dog\/","name":"Petz (PETZ3) entra no mercado internacional com aquisi\u00e7\u00e3o da Zee.Dog","isPartOf":{"@id":"https:\/\/www.suno.com.br\/noticias\/#website"},"primaryImageOfPage":{"@id":"https:\/\/www.suno.com.br\/noticias\/petz-petz3-mercado-internacional-zee-dog\/#primaryimage"},"image":{"@id":"https:\/\/www.suno.com.br\/noticias\/petz-petz3-mercado-internacional-zee-dog\/#primaryimage"},"thumbnailUrl":"https:\/\/files.sunoresearch.com.br\/n\/uploads\/2021\/05\/14d290b2-petz-facebook-jpg.webp","datePublished":"2021-08-03T18:36:47+00:00","description":"A Zee.Dog atende 45 pa\u00edses e, com a aquisi\u00e7\u00e3o, a Petz pretende se aproximar desses mercados nos pr\u00f3ximos meses. Veja aqui.","breadcrumb":{"@id":"https:\/\/www.suno.com.br\/noticias\/petz-petz3-mercado-internacional-zee-dog\/#breadcrumb"},"inLanguage":"pt-BR","potentialAction":[{"@type":"ReadAction","target":["https:\/\/www.suno.com.br\/noticias\/petz-petz3-mercado-internacional-zee-dog\/"]}]},{"@type":"ImageObject","inLanguage":"pt-BR","@id":"https:\/\/www.suno.com.br\/noticias\/petz-petz3-mercado-internacional-zee-dog\/#primaryimage","url":"https:\/\/files.sunoresearch.com.br\/n\/uploads\/2021\/05\/14d290b2-petz-facebook-jpg.webp","contentUrl":"https:\/\/files.sunoresearch.com.br\/n\/uploads\/2021\/05\/14d290b2-petz-facebook-jpg.webp","width":1200,"height":630,"caption":"Petz. Foto: Reprodu\u00e7\u00e3o Facebook"},{"@type":"BreadcrumbList","@id":"https:\/\/www.suno.com.br\/noticias\/petz-petz3-mercado-internacional-zee-dog\/#breadcrumb","itemListElement":[{"@type":"ListItem","position":1,"name":"Not\u00edcias","item":"https:\/\/www.suno.com.br\/noticias\/"},{"@type":"ListItem","position":2,"name":"Neg\u00f3cios","item":"https:\/\/www.suno.com.br\/noticias\/negocios\/"},{"@type":"ListItem","position":3,"name":"Petz (PETZ3) entra no mercado internacional com aquisi\u00e7\u00e3o da Zee.Dog, diz CEO"}]},{"@type":"WebSite","@id":"https:\/\/www.suno.com.br\/noticias\/#website","url":"https:\/\/www.suno.com.br\/noticias\/","name":"Suno Not\u00edcias","description":"Seu portal de informa\u00e7\u00e3o sobre o mundo dos investimentos","publisher":{"@id":"https:\/\/www.suno.com.br\/noticias\/#organization"},"potentialAction":[{"@type":"SearchAction","target":{"@type":"EntryPoint","urlTemplate":"https:\/\/www.suno.com.br\/noticias\/?s={search_term_string}"},"query-input":{"@type":"PropertyValueSpecification","valueRequired":true,"valueName":"search_term_string"}}],"inLanguage":"pt-BR"},{"@type":"Organization","@id":"https:\/\/www.suno.com.br\/noticias\/#organization","name":"Suno Not\u00edcias","url":"https:\/\/www.suno.com.br\/noticias\/","logo":{"@type":"ImageObject","inLanguage":"pt-BR","@id":"https:\/\/www.suno.com.br\/noticias\/#\/schema\/logo\/image\/","url":"https:\/\/files.sunoresearch.com.br\/n\/uploads\/2021\/09\/suno-logo.png","contentUrl":"https:\/\/files.sunoresearch.com.br\/n\/uploads\/2021\/09\/suno-logo.png","width":180,"height":180,"caption":"Suno Not\u00edcias"},"image":{"@id":"https:\/\/www.suno.com.br\/noticias\/#\/schema\/logo\/image\/"},"sameAs":["https:\/\/facebook.com\/sunoresearch","https:\/\/x.com\/sunoresearch","https:\/\/www.instagram.com\/suno","https:\/\/www.linkedin.com\/company\/suno-research\/","https:\/\/www.youtube.com\/c\/sunoresearch"]},{"@type":"Person","@id":"https:\/\/www.suno.com.br\/noticias\/#\/schema\/person\/d712329319cc9b10f254d02d654cb36a","name":"Monique Lima","image":{"@type":"ImageObject","inLanguage":"pt-BR","@id":"https:\/\/www.suno.com.br\/noticias\/#\/schema\/person\/image\/","url":"https:\/\/secure.gravatar.com\/avatar\/daee7f16d906c2e9ffed236206ca2c30?s=96&r=g","contentUrl":"https:\/\/secure.gravatar.com\/avatar\/daee7f16d906c2e9ffed236206ca2c30?s=96&r=g","caption":"Monique Lima"},"description":"Rep\u00f3rter de Mercado no Suno Not\u00edcias, \u00e9 jornalista com experi\u00eancia na cobertura de economia, empreendedorismo, finan\u00e7as pessoais, mercado financeiro, carreira e recursos humanos. Formada em Jornalismo pela Universidade Paulista, teve experi\u00eancias em ve\u00edculos de comunica\u00e7\u00e3o como a Ag\u00eancia TradeMap, Revista Voc\u00ea S\/A e Revista Voc\u00ea RH, as duas \u00faltimas publica\u00e7\u00f5es da Editora Abril. No Suno Not\u00edcias, fala sobre as principais not\u00edcias de Fundos Imobili\u00e1rios, Fiagro, Startups e empresas listadas na Bolsa.","url":"https:\/\/www.suno.com.br\/noticias\/author\/monique-lima\/"}]}},"default_loop_html":"<div class=\"cardsPage__listCard__boxs\"><div class=\"cardsPage__listCard__boxs__img\"><a href=\"https:\/\/www.suno.com.br\/noticias\/petz-petz3-mercado-internacional-zee-dog\/\"><img class=\"mask\" src=\"https:\/\/www.suno.com.br\/noticias\/wp-content\/themes\/suno\/resources\/images\/spotlight\/spotlight1img\/bg-mask.png\" alt=\"Image Mask\"\/><img src=\"https:\/\/files.sunoresearch.com.br\/n\/uploads\/2021\/05\/14d290b2-petz-facebook-400x200.webp\" alt=\"Petz (PETZ3) entra no mercado internacional com aquisi\u00e7\u00e3o da Zee.Dog, diz CEO\"\/><\/a><span class=\"spotlightCategory\"><a href=\"https:\/\/www.suno.com.br\/noticias\/negocios\/\">Neg\u00f3cios<\/a><\/span><\/div><div class=\"cardsPage__listCard__boxs__content\"><a href=\"https:\/\/www.suno.com.br\/noticias\/petz-petz3-mercado-internacional-zee-dog\/\"><h2 class=\"content__title\">Petz (PETZ3) entra no mercado internacional com aquisi\u00e7\u00e3o da Zee.Dog, diz CEO<\/h2><\/a><div class=\"newsContent__article__meta\"><div class=\"newsContent__article__meta__authorBox\"><a href=\"https:\/\/www.suno.com.br\/noticias\/author\/monique-lima\/\" class=\"authorBox__avatar noMobi\"><img src=\"https:\/\/secure.gravatar.com\/avatar\/daee7f16d906c2e9ffed236206ca2c30?s=96&#038;r=g\" alt=\"Monique Lima\"><\/a><div class=\"authorBox__name\"><span>por\n\t\t\t<a href=\"https:\/\/www.suno.com.br\/noticias\/author\/monique-lima\/\"><span itemprop=\"author\">Monique Lima<\/span><\/a><\/span><time datetime=\"2021-08-03T15:36:47-03:00\" itemprop=\"datePublished\">03\/08\/2021 15:36<\/time><\/div><\/div><\/div><\/div><\/div>","single_layout":"posts","amp_enabled":true,"_links":{"self":[{"href":"https:\/\/www.suno.com.br\/noticias\/wp-json\/wp\/v2\/posts\/171765"}],"collection":[{"href":"https:\/\/www.suno.com.br\/noticias\/wp-json\/wp\/v2\/posts"}],"about":[{"href":"https:\/\/www.suno.com.br\/noticias\/wp-json\/wp\/v2\/types\/post"}],"author":[{"embeddable":true,"href":"https:\/\/www.suno.com.br\/noticias\/wp-json\/wp\/v2\/users\/102"}],"replies":[{"embeddable":true,"href":"https:\/\/www.suno.com.br\/noticias\/wp-json\/wp\/v2\/comments?post=171765"}],"version-history":[{"count":4,"href":"https:\/\/www.suno.com.br\/noticias\/wp-json\/wp\/v2\/posts\/171765\/revisions"}],"predecessor-version":[{"id":171886,"href":"https:\/\/www.suno.com.br\/noticias\/wp-json\/wp\/v2\/posts\/171765\/revisions\/171886"}],"wp:featuredmedia":[{"embeddable":true,"href":"https:\/\/www.suno.com.br\/noticias\/wp-json\/wp\/v2\/media\/146877"}],"wp:attachment":[{"href":"https:\/\/www.suno.com.br\/noticias\/wp-json\/wp\/v2\/media?parent=171765"}],"wp:term":[{"taxonomy":"category","embeddable":true,"href":"https:\/\/www.suno.com.br\/noticias\/wp-json\/wp\/v2\/categories?post=171765"},{"taxonomy":"post_tag","embeddable":true,"href":"https:\/\/www.suno.com.br\/noticias\/wp-json\/wp\/v2\/tags?post=171765"},{"taxonomy":"suno_strategy","embeddable":true,"href":"https:\/\/www.suno.com.br\/noticias\/wp-json\/wp\/v2\/suno_strategy?post=171765"}],"curies":[{"name":"wp","href":"https:\/\/api.w.org\/{rel}","templated":true}]}}