{"id":171701,"date":"2021-08-03T13:01:41","date_gmt":"2021-08-03T16:01:41","guid":{"rendered":"https:\/\/www.suno.com.br\/noticias\/?p=171701"},"modified":"2021-08-03T13:01:41","modified_gmt":"2021-08-03T16:01:41","slug":"reforma-administrativa-votada-fim-agosto-lira","status":"publish","type":"post","link":"https:\/\/www.suno.com.br\/noticias\/reforma-administrativa-votada-fim-agosto-lira\/","title":{"rendered":"Reforma Administrativa entrar\u00e1 na pauta para ser votada at\u00e9 o fim deste m\u00eas, prev\u00ea Lira"},"content":{"rendered":"<p>O presidente da C\u00e2mara dos deputados, Arthur Lira (PP-AL), <a href=\"https:\/\/www.suno.com.br\/noticias\/tags\/reforma-administrativa\/\">afirmou nesta ter\u00e7a (3) que a <strong>reforma<\/strong> <strong>administrativa<\/strong><\/a> pode ser votada na casa legislativa no fim de agosto, por causa do\u00a0 calend\u00e1rio apertado que re\u00fane pautas no Congresso.<\/p>\t<div class=\"wrapper-featured-image\">\n\t\t<figure class=\"spotlightImg\">\n\n\t\t\t<picture>\n\t\t\t\t<source media=\"(max-width: 768px)\" srcset=\"https:\/\/files.sunoresearch.com.br\/n\/uploads\/2021\/06\/3ddc3453-img20210623182918277-400x200.jpg\">\n\t\t\t\t<img loading=\"lazy\" decoding=\"async\" class=\"newsContent__article__imgCapa lazyloadDisabled \" src=\"https:\/\/files.sunoresearch.com.br\/n\/uploads\/2021\/06\/3ddc3453-img20210623182918277-800x450.jpg\" width=\"800\" height=\"450\" alt=\"Reforma Administrativa entrar\u00e1 na pauta para ser votada at\u00e9 o fim deste m\u00eas, prev\u00ea Lira\" fetchpriority=high \/>\n\t\t\t<\/picture>\n\n\t\t\t<figcaption class=\"wp-caption-text wp-caption-text--show\">Lira critica governadores sobre pre\u00e7o de combust\u00edveis e cobra solu\u00e7\u00e3o do Senado, podendo afetar a Petrobras - Foto: Pablo Valadares\/C\u00e2mara dos Deputados<\/figcaption>\n\t\t<\/figure>\n\t<\/div>\n\n\n\t<p>\n\t\t<a href=\"https:\/\/lp.suno.com.br\/planilha-controle-gastos\/\" target=\"_blank\" data-element=\"shortcode-suno-banner\" title=\"Banner SUNO, clique e saiba mais\">\n\t\t\t<picture>\n\t\t\t\t<source media=\"(max-width: 500px)\" srcset=\"https:\/\/files.sunoresearch.com.br\/n\/uploads\/2023\/03\/400x300-Planilha-controle-de-gastos.png\">\n\t\t\t\t<img class=\"newsContent__article__imgCapa newsContent__article__imgCapa--banner\"\n\t\t\t\t\tsrc=\"https:\/\/files.sunoresearch.com.br\/n\/uploads\/2023\/03\/1420x240-Planilha-controle-de-gastos.png\"\n\t\t\t\t\tdata-promo-id=\"101751\"\t\t\t\t\t\t\t\t\t\twidth='1420' height='240'\t\t\t\t\talt=\"https:\/\/files.sunoresearch.com.br\/n\/uploads\/2023\/03\/1420x240-Planilha-controle-de-gastos.png\"\n\t\t\t\t>\n\t\t\t<\/picture>\n\t\t<\/a>\n\t<\/p>\n\n\n<p>&#8220;Com a habilidade necess\u00e1ria e com a articula\u00e7\u00e3o necess\u00e1ria na comiss\u00e3o, esperamos, em rela\u00e7\u00e3o \u00e0 reforma administrativa, ter a vota\u00e7\u00e3o ao fim de agosto porque temos que remet\u00ea-la ao <a href=\"https:\/\/www.suno.com.br\/noticias\/tags\/senado-federal\/\">Senado Federal<\/a>. Infelizmente, com a polariza\u00e7\u00e3o existente hoje no Brasil, temos a obriga\u00e7\u00e3o de entregar mat\u00e9rias estruturantes at\u00e9 novembro&#8221;, afirmou disse <strong>Lira<\/strong>.<\/p>\n<p>A declara\u00e7\u00e3o foi feita no f\u00f3rum Estad\u00e3o Think, realizado nesta ter\u00e7a-feira\u00a0 pelo <i>Estad\u00e3o<\/i> com patroc\u00ednio da <a href=\"https:\/\/www.suno.com.br\/noticias\/tags\/cni\/\">Confedera\u00e7\u00e3o Nacional da Ind\u00fastria (<strong>CNI<\/strong>)<\/a>.<\/p>\n\t<div data-element=\"shortcode-read-more\" class=\"knowMore\">\n\t\t\t\t<span class=\"knowMore__title\">Leia mais<\/span>\n\t\t\t\t<a class=\"knowMore__link\" href=\"https:\/\/www.suno.com.br\/noticias\/congresso-discutira-taxacao-dividendos-lira\/\">\n\t\t\tLira sugere al\u00edquota de 15% e diz que Congresso discutir\u00e1 taxa\u00e7\u00e3o dos dividendos\t\t<\/a>\n\t<\/div>\n\n\n<p>O parlamentar avaliou que ficar\u00e1 mais dif\u00edcil avan\u00e7ar com reformas no ano que vem, quando os interesses pol\u00edticos v\u00e3o se sobrepor \u00e0 <a href=\"https:\/\/www.suno.com.br\/artigos\/paulo-guedes\">agenda econ\u00f4mica<\/a>. Lira enfatizou que os direitos adquiridos de servidores n\u00e3o ser\u00e3o eliminados pela reforma.<\/p>\n<p>Julgou n\u00e3o ser necess\u00e1rio mexer em direitos adquiridos. &#8220;N\u00e3o vamos atacar direito adquirido&#8221;, <a href=\"https:\/\/www.suno.com.br\/noticias\/tags\/camara-dos-deputados\/\">afirmou o presidente da <strong>C\u00e2mara<\/strong><\/a>. &#8220;N\u00e3o somos inconsequentes, sabemos dos nossos limites constitucionais&#8221;, acrescentou.<\/p>\n<p>Lira reconheceu que categorias de <strong>funcion\u00e1rios<\/strong> <strong>p\u00fablicos<\/strong> t\u00eam o maior lobby no Congresso, mas considerou que tais interesses &#8220;n\u00e3o ser\u00e3o maiores do que os fatos&#8221;.<\/p>\n\t<p>\n\t\t<a href=\"https:\/\/lp.suno.com.br\/planilha-da-vida-financeira\/\" target=\"_blank\" data-element=\"shortcode-suno-banner\" title=\"Banner SUNO, clique e saiba mais\">\n\t\t\t<picture>\n\t\t\t\t<source media=\"(max-width: 500px)\" srcset=\"https:\/\/files.sunoresearch.com.br\/n\/uploads\/2023\/04\/400x300-Planilha-vida-financeira-true.png\">\n\t\t\t\t<img class=\"newsContent__article__imgCapa newsContent__article__imgCapa--banner\"\n\t\t\t\t\tsrc=\"https:\/\/files.sunoresearch.com.br\/n\/uploads\/2023\/04\/1420x240-Planilha-vida-financeira-true.png\"\n\t\t\t\t\tdata-promo-id=\"106682\"\t\t\t\t\t\t\t\t\t\twidth='1420' height='240'\t\t\t\t\talt=\"https:\/\/files.sunoresearch.com.br\/n\/uploads\/2023\/04\/1420x240-Planilha-vida-financeira-true.png\"\n\t\t\t\t>\n\t\t\t<\/picture>\n\t\t<\/a>\n\t<\/p>\n\n\n<h2>Reforma do IR n\u00e3o ser\u00e1 ideal, mas vi\u00e1vel, diz Lira<\/h2>\n<p>O parlamentar tamb\u00e9m lembrou que a <a href=\"https:\/\/www.suno.com.br\/artigos\/imposto-de-renda\">reforma do <strong>imposto de renda<\/strong><\/a> est\u00e1 muito pr\u00f3xima de vota\u00e7\u00e3o. No entanto, ponderou, mesmo que houvesse votos necess\u00e1rios antes do recesso parlamentar, foi prudente adiar a tramita\u00e7\u00e3o em 15 dias para n\u00e3o haver erros.<\/p>\n<p>Reafirmando a inten\u00e7\u00e3o de votar uma <a class=\"suno-keyword\" href=\"https:\/\/www.suno.com.br\/artigos\/reforma-tributaria\/\" target=\"_blank\" rel=\"noopener noreferrer\" data-force=\"no\" data-priority=\"2\"><strong>reforma tribut\u00e1ria<\/strong><\/a> poss\u00edvel, Lira defendeu que, embora o <strong>Congresso<\/strong> tenha perfil reformista, o texto ideal nem sempre \u00e9 vi\u00e1vel.<\/p>\n<p>&#8220;Muitas vezes, o \u00f3timo \u00e9 inimigo do bom&#8221;, assinalou Lira, para quem cabe \u00e0 cada legislatura avan\u00e7ar em dire\u00e7\u00e3o a um projeto ideal ao Pa\u00eds.<\/p>\n<p>Segundo Lira, todos os Poderes entrariam na <strong>reforma<\/strong> <strong>administrativa<\/strong> se fosse poss\u00edvel. Por\u00e9m, caso n\u00e3o envie proposta de mudan\u00e7a em suas categorias, a inclus\u00e3o do Judici\u00e1rio poderia significar que o Congresso estaria extrapolando limites constitucionais.<\/p>\n<p><em><strong>Com informa\u00e7\u00f5es do Estad\u00e3o Conte\u00fado<\/strong><\/em><\/p>\n\t<p>\n\t\t<a href=\"https:\/\/lp.suno.com.br\/planilha-de-controle-de-investimentos\/\" target=\"_blank\" data-element=\"shortcode-suno-banner\" title=\"Banner SUNO, clique e saiba mais\">\n\t\t\t<picture>\n\t\t\t\t<source media=\"(max-width: 500px)\" srcset=\"https:\/\/files.sunoresearch.com.br\/n\/uploads\/2023\/03\/400x300-Controle-de-Investimentos.png\">\n\t\t\t\t<img class=\"newsContent__article__imgCapa newsContent__article__imgCapa--banner\"\n\t\t\t\t\tsrc=\"https:\/\/files.sunoresearch.com.br\/n\/uploads\/2023\/03\/1420x240-Controle-de-Investimentos.png\"\n\t\t\t\t\tdata-promo-id=\"75934\"\t\t\t\t\t\t\t\t\t\twidth='1420' height='240'\t\t\t\t\talt=\"https:\/\/files.sunoresearch.com.br\/n\/uploads\/2023\/03\/1420x240-Controle-de-Investimentos.png\"\n\t\t\t\t>\n\t\t\t<\/picture>\n\t\t<\/a>\n\t<\/p>\n\n\n","protected":false},"excerpt":{"rendered":"<p>O presidente da C\u00e2mara dos deputados, Arthur Lira (PP-AL), afirmou nesta ter\u00e7a (3) que a reforma administrativa pode ser votada na casa legislativa no fim de agosto, por causa do\u00a0 calend\u00e1rio apertado que re\u00fane pautas no Congresso. Lira critica governadores sobre pre\u00e7o de combust\u00edveis e cobra solu\u00e7\u00e3o do Senado, podendo afetar a Petrobras &#8211; Foto: [&hellip;]<\/p>\n","protected":false},"author":73,"featured_media":161891,"comment_status":"closed","ping_status":"closed","sticky":false,"template":"","format":"standard","meta":[],"categories":[61],"tags":[106444,104858,938,878,303,1410,1286,1068],"suno_strategy":[],"class_list":["post-171701","post","type-post","status-publish","format-standard","has-post-thumbnail","hentry","category-politica","tag-agencias","tag-arthur-lira","tag-camara-dos-deputados","tag-cni","tag-imposto-de-renda","tag-reforma-administrativa","tag-reforma-tributaria","tag-senado-federal"],"yoast_head":"<!-- This site is optimized with the Yoast SEO plugin v24.4 - https:\/\/yoast.com\/wordpress\/plugins\/seo\/ -->\n<title>Reforma Administrativa poder\u00e1 ser votada at\u00e9 o fim de agosto, diz Lira<\/title>\n<meta name=\"description\" content=\"Segundo o presidente da C\u00e2mara, Arthur Lira, calend\u00e1rio fica mais apertado com elei\u00e7\u00f5es e muda tr\u00e2mite da reforma administrativa. Leia mais.\" \/>\n<meta name=\"robots\" content=\"index, follow, max-snippet:-1, max-image-preview:large, max-video-preview:-1\" \/>\n<link rel=\"canonical\" href=\"https:\/\/www.suno.com.br\/noticias\/reforma-administrativa-votada-fim-agosto-lira\/\" \/>\n<meta property=\"og:locale\" content=\"pt_BR\" \/>\n<meta property=\"og:type\" content=\"article\" \/>\n<meta property=\"og:title\" content=\"Reforma Administrativa poder\u00e1 ser votada at\u00e9 o fim de agosto, diz Lira\" \/>\n<meta property=\"og:description\" content=\"Segundo o presidente da C\u00e2mara, Arthur Lira, calend\u00e1rio fica mais apertado com elei\u00e7\u00f5es e muda tr\u00e2mite da reforma administrativa. Leia mais.\" \/>\n<meta property=\"og:url\" content=\"https:\/\/www.suno.com.br\/noticias\/reforma-administrativa-votada-fim-agosto-lira\/\" \/>\n<meta property=\"og:site_name\" content=\"Suno Not\u00edcias\" \/>\n<meta property=\"article:publisher\" content=\"https:\/\/facebook.com\/sunoresearch\" \/>\n<meta property=\"og:image\" content=\"https:\/\/files.sunoresearch.com.br\/n\/uploads\/2021\/06\/3ddc3453-img20210623182918277-scaled.jpg\" \/>\n\t<meta property=\"og:image:width\" content=\"2560\" \/>\n\t<meta property=\"og:image:height\" content=\"1707\" \/>\n\t<meta property=\"og:image:type\" content=\"image\/jpeg\" \/>\n<meta name=\"author\" content=\"Eduardo Vargas\" \/>\n<meta name=\"twitter:card\" content=\"summary_large_image\" \/>\n<meta name=\"twitter:creator\" content=\"@sunoresearch\" \/>\n<meta name=\"twitter:site\" content=\"@sunoresearch\" \/>\n<meta name=\"twitter:label1\" content=\"Escrito por\" \/>\n\t<meta name=\"twitter:data1\" content=\"Eduardo Vargas\" \/>\n\t<meta name=\"twitter:label2\" content=\"Est. tempo de leitura\" \/>\n\t<meta name=\"twitter:data2\" content=\"2 minutos\" \/>\n<script type=\"application\/ld+json\" class=\"yoast-schema-graph\">{\"@context\":\"https:\/\/schema.org\",\"@graph\":[{\"@type\":\"NewsArticle\",\"@id\":\"https:\/\/www.suno.com.br\/noticias\/reforma-administrativa-votada-fim-agosto-lira\/#article\",\"isPartOf\":{\"@id\":\"https:\/\/www.suno.com.br\/noticias\/reforma-administrativa-votada-fim-agosto-lira\/\"},\"author\":{\"name\":\"Eduardo Vargas\",\"@id\":\"https:\/\/www.suno.com.br\/noticias\/#\/schema\/person\/7f4d362bf3518e76090143ae77bb49a5\"},\"headline\":\"Reforma Administrativa entrar\u00e1 na pauta para ser votada at\u00e9 o fim deste m\u00eas, prev\u00ea Lira\",\"datePublished\":\"2021-08-03T16:01:41+00:00\",\"mainEntityOfPage\":{\"@id\":\"https:\/\/www.suno.com.br\/noticias\/reforma-administrativa-votada-fim-agosto-lira\/\"},\"wordCount\":426,\"publisher\":{\"@id\":\"https:\/\/www.suno.com.br\/noticias\/#organization\"},\"image\":{\"@id\":\"https:\/\/www.suno.com.br\/noticias\/reforma-administrativa-votada-fim-agosto-lira\/#primaryimage\"},\"thumbnailUrl\":\"https:\/\/files.sunoresearch.com.br\/n\/uploads\/2021\/06\/3ddc3453-img20210623182918277-scaled.jpg\",\"keywords\":[\"Ag\u00eancias\",\"Arthur Lira\",\"C\u00e2mara dos Deputados\",\"CNI\",\"Imposto de Renda\",\"reforma administrativa\",\"reforma tribut\u00e1ria\",\"Senado Federal\"],\"articleSection\":[\"Pol\u00edtica\"],\"inLanguage\":\"pt-BR\"},{\"@type\":\"WebPage\",\"@id\":\"https:\/\/www.suno.com.br\/noticias\/reforma-administrativa-votada-fim-agosto-lira\/\",\"url\":\"https:\/\/www.suno.com.br\/noticias\/reforma-administrativa-votada-fim-agosto-lira\/\",\"name\":\"Reforma Administrativa poder\u00e1 ser votada at\u00e9 o fim de agosto, diz Lira\",\"isPartOf\":{\"@id\":\"https:\/\/www.suno.com.br\/noticias\/#website\"},\"primaryImageOfPage\":{\"@id\":\"https:\/\/www.suno.com.br\/noticias\/reforma-administrativa-votada-fim-agosto-lira\/#primaryimage\"},\"image\":{\"@id\":\"https:\/\/www.suno.com.br\/noticias\/reforma-administrativa-votada-fim-agosto-lira\/#primaryimage\"},\"thumbnailUrl\":\"https:\/\/files.sunoresearch.com.br\/n\/uploads\/2021\/06\/3ddc3453-img20210623182918277-scaled.jpg\",\"datePublished\":\"2021-08-03T16:01:41+00:00\",\"description\":\"Segundo o presidente da C\u00e2mara, Arthur Lira, calend\u00e1rio fica mais apertado com elei\u00e7\u00f5es e muda tr\u00e2mite da reforma administrativa. Leia mais.\",\"breadcrumb\":{\"@id\":\"https:\/\/www.suno.com.br\/noticias\/reforma-administrativa-votada-fim-agosto-lira\/#breadcrumb\"},\"inLanguage\":\"pt-BR\",\"potentialAction\":[{\"@type\":\"ReadAction\",\"target\":[\"https:\/\/www.suno.com.br\/noticias\/reforma-administrativa-votada-fim-agosto-lira\/\"]}]},{\"@type\":\"ImageObject\",\"inLanguage\":\"pt-BR\",\"@id\":\"https:\/\/www.suno.com.br\/noticias\/reforma-administrativa-votada-fim-agosto-lira\/#primaryimage\",\"url\":\"https:\/\/files.sunoresearch.com.br\/n\/uploads\/2021\/06\/3ddc3453-img20210623182918277-scaled.jpg\",\"contentUrl\":\"https:\/\/files.sunoresearch.com.br\/n\/uploads\/2021\/06\/3ddc3453-img20210623182918277-scaled.jpg\",\"width\":2560,\"height\":1707,\"caption\":\"Lira critica governadores sobre pre\u00e7o de combust\u00edveis e cobra solu\u00e7\u00e3o do Senado, podendo afetar a Petrobras - Foto: Pablo Valadares\/C\u00e2mara dos Deputados\"},{\"@type\":\"BreadcrumbList\",\"@id\":\"https:\/\/www.suno.com.br\/noticias\/reforma-administrativa-votada-fim-agosto-lira\/#breadcrumb\",\"itemListElement\":[{\"@type\":\"ListItem\",\"position\":1,\"name\":\"Not\u00edcias\",\"item\":\"https:\/\/www.suno.com.br\/noticias\/\"},{\"@type\":\"ListItem\",\"position\":2,\"name\":\"Pol\u00edtica\",\"item\":\"https:\/\/www.suno.com.br\/noticias\/politica\/\"},{\"@type\":\"ListItem\",\"position\":3,\"name\":\"Reforma Administrativa entrar\u00e1 na pauta para ser votada at\u00e9 o fim deste m\u00eas, prev\u00ea Lira\"}]},{\"@type\":\"WebSite\",\"@id\":\"https:\/\/www.suno.com.br\/noticias\/#website\",\"url\":\"https:\/\/www.suno.com.br\/noticias\/\",\"name\":\"Suno Not\u00edcias\",\"description\":\"Seu portal de informa\u00e7\u00e3o sobre o mundo dos investimentos\",\"publisher\":{\"@id\":\"https:\/\/www.suno.com.br\/noticias\/#organization\"},\"potentialAction\":[{\"@type\":\"SearchAction\",\"target\":{\"@type\":\"EntryPoint\",\"urlTemplate\":\"https:\/\/www.suno.com.br\/noticias\/?s={search_term_string}\"},\"query-input\":{\"@type\":\"PropertyValueSpecification\",\"valueRequired\":true,\"valueName\":\"search_term_string\"}}],\"inLanguage\":\"pt-BR\"},{\"@type\":\"Organization\",\"@id\":\"https:\/\/www.suno.com.br\/noticias\/#organization\",\"name\":\"Suno Not\u00edcias\",\"url\":\"https:\/\/www.suno.com.br\/noticias\/\",\"logo\":{\"@type\":\"ImageObject\",\"inLanguage\":\"pt-BR\",\"@id\":\"https:\/\/www.suno.com.br\/noticias\/#\/schema\/logo\/image\/\",\"url\":\"https:\/\/files.sunoresearch.com.br\/n\/uploads\/2021\/09\/suno-logo.png\",\"contentUrl\":\"https:\/\/files.sunoresearch.com.br\/n\/uploads\/2021\/09\/suno-logo.png\",\"width\":180,\"height\":180,\"caption\":\"Suno Not\u00edcias\"},\"image\":{\"@id\":\"https:\/\/www.suno.com.br\/noticias\/#\/schema\/logo\/image\/\"},\"sameAs\":[\"https:\/\/facebook.com\/sunoresearch\",\"https:\/\/x.com\/sunoresearch\",\"https:\/\/www.instagram.com\/suno\",\"https:\/\/www.linkedin.com\/company\/suno-research\/\",\"https:\/\/www.youtube.com\/c\/sunoresearch\"]},{\"@type\":\"Person\",\"@id\":\"https:\/\/www.suno.com.br\/noticias\/#\/schema\/person\/7f4d362bf3518e76090143ae77bb49a5\",\"name\":\"Eduardo Vargas\",\"image\":{\"@type\":\"ImageObject\",\"inLanguage\":\"pt-BR\",\"@id\":\"https:\/\/www.suno.com.br\/noticias\/#\/schema\/person\/image\/\",\"url\":\"https:\/\/secure.gravatar.com\/avatar\/dac340933427a22924c9f99d1eb2e3f2?s=96&r=g\",\"contentUrl\":\"https:\/\/secure.gravatar.com\/avatar\/dac340933427a22924c9f99d1eb2e3f2?s=96&r=g\",\"caption\":\"Eduardo Vargas\"},\"description\":\"Jornalista formado pela UFSC, cobre macroeconomia, neg\u00f3cios e startups para o Suno Not\u00edcias, escrevendo principalmente not\u00edcias sobre o mercado financeiro e a bolsa de valores. No YouTube e no Instagram, \u00e9 respons\u00e1vel pela produ\u00e7\u00e3o de Reels e Shorts do Suno Not\u00edcias. Anteriormente, trabalhou cobrindo economia e cotidiano no ND+ e para o ND, maior jornal impresso de Santa Catarina. Cursou um semestre letivo de Estudos de M\u00eddia na Universidad de Buenos Aires.\",\"url\":\"https:\/\/www.suno.com.br\/noticias\/author\/eduardo-vargas\/\"}]}<\/script>\n<!-- \/ Yoast SEO plugin. -->","yoast_head_json":{"title":"Reforma Administrativa poder\u00e1 ser votada at\u00e9 o fim de agosto, diz Lira","description":"Segundo o presidente da C\u00e2mara, Arthur Lira, calend\u00e1rio fica mais apertado com elei\u00e7\u00f5es e muda tr\u00e2mite da reforma administrativa. Leia mais.","robots":{"index":"index","follow":"follow","max-snippet":"max-snippet:-1","max-image-preview":"max-image-preview:large","max-video-preview":"max-video-preview:-1"},"canonical":"https:\/\/www.suno.com.br\/noticias\/reforma-administrativa-votada-fim-agosto-lira\/","og_locale":"pt_BR","og_type":"article","og_title":"Reforma Administrativa poder\u00e1 ser votada at\u00e9 o fim de agosto, diz Lira","og_description":"Segundo o presidente da C\u00e2mara, Arthur Lira, calend\u00e1rio fica mais apertado com elei\u00e7\u00f5es e muda tr\u00e2mite da reforma administrativa. Leia mais.","og_url":"https:\/\/www.suno.com.br\/noticias\/reforma-administrativa-votada-fim-agosto-lira\/","og_site_name":"Suno Not\u00edcias","article_publisher":"https:\/\/facebook.com\/sunoresearch","og_image":[{"width":2560,"height":1707,"url":"https:\/\/files.sunoresearch.com.br\/n\/uploads\/2021\/06\/3ddc3453-img20210623182918277-scaled.jpg","type":"image\/jpeg"}],"author":"Eduardo Vargas","twitter_card":"summary_large_image","twitter_creator":"@sunoresearch","twitter_site":"@sunoresearch","twitter_misc":{"Escrito por":"Eduardo Vargas","Est. tempo de leitura":"2 minutos"},"schema":{"@context":"https:\/\/schema.org","@graph":[{"@type":"NewsArticle","@id":"https:\/\/www.suno.com.br\/noticias\/reforma-administrativa-votada-fim-agosto-lira\/#article","isPartOf":{"@id":"https:\/\/www.suno.com.br\/noticias\/reforma-administrativa-votada-fim-agosto-lira\/"},"author":{"name":"Eduardo Vargas","@id":"https:\/\/www.suno.com.br\/noticias\/#\/schema\/person\/7f4d362bf3518e76090143ae77bb49a5"},"headline":"Reforma Administrativa entrar\u00e1 na pauta para ser votada at\u00e9 o fim deste m\u00eas, prev\u00ea Lira","datePublished":"2021-08-03T16:01:41+00:00","mainEntityOfPage":{"@id":"https:\/\/www.suno.com.br\/noticias\/reforma-administrativa-votada-fim-agosto-lira\/"},"wordCount":426,"publisher":{"@id":"https:\/\/www.suno.com.br\/noticias\/#organization"},"image":{"@id":"https:\/\/www.suno.com.br\/noticias\/reforma-administrativa-votada-fim-agosto-lira\/#primaryimage"},"thumbnailUrl":"https:\/\/files.sunoresearch.com.br\/n\/uploads\/2021\/06\/3ddc3453-img20210623182918277-scaled.jpg","keywords":["Ag\u00eancias","Arthur Lira","C\u00e2mara dos Deputados","CNI","Imposto de Renda","reforma administrativa","reforma tribut\u00e1ria","Senado Federal"],"articleSection":["Pol\u00edtica"],"inLanguage":"pt-BR"},{"@type":"WebPage","@id":"https:\/\/www.suno.com.br\/noticias\/reforma-administrativa-votada-fim-agosto-lira\/","url":"https:\/\/www.suno.com.br\/noticias\/reforma-administrativa-votada-fim-agosto-lira\/","name":"Reforma Administrativa poder\u00e1 ser votada at\u00e9 o fim de agosto, diz Lira","isPartOf":{"@id":"https:\/\/www.suno.com.br\/noticias\/#website"},"primaryImageOfPage":{"@id":"https:\/\/www.suno.com.br\/noticias\/reforma-administrativa-votada-fim-agosto-lira\/#primaryimage"},"image":{"@id":"https:\/\/www.suno.com.br\/noticias\/reforma-administrativa-votada-fim-agosto-lira\/#primaryimage"},"thumbnailUrl":"https:\/\/files.sunoresearch.com.br\/n\/uploads\/2021\/06\/3ddc3453-img20210623182918277-scaled.jpg","datePublished":"2021-08-03T16:01:41+00:00","description":"Segundo o presidente da C\u00e2mara, Arthur Lira, calend\u00e1rio fica mais apertado com elei\u00e7\u00f5es e muda tr\u00e2mite da reforma administrativa. Leia mais.","breadcrumb":{"@id":"https:\/\/www.suno.com.br\/noticias\/reforma-administrativa-votada-fim-agosto-lira\/#breadcrumb"},"inLanguage":"pt-BR","potentialAction":[{"@type":"ReadAction","target":["https:\/\/www.suno.com.br\/noticias\/reforma-administrativa-votada-fim-agosto-lira\/"]}]},{"@type":"ImageObject","inLanguage":"pt-BR","@id":"https:\/\/www.suno.com.br\/noticias\/reforma-administrativa-votada-fim-agosto-lira\/#primaryimage","url":"https:\/\/files.sunoresearch.com.br\/n\/uploads\/2021\/06\/3ddc3453-img20210623182918277-scaled.jpg","contentUrl":"https:\/\/files.sunoresearch.com.br\/n\/uploads\/2021\/06\/3ddc3453-img20210623182918277-scaled.jpg","width":2560,"height":1707,"caption":"Lira critica governadores sobre pre\u00e7o de combust\u00edveis e cobra solu\u00e7\u00e3o do Senado, podendo afetar a Petrobras - Foto: Pablo Valadares\/C\u00e2mara dos Deputados"},{"@type":"BreadcrumbList","@id":"https:\/\/www.suno.com.br\/noticias\/reforma-administrativa-votada-fim-agosto-lira\/#breadcrumb","itemListElement":[{"@type":"ListItem","position":1,"name":"Not\u00edcias","item":"https:\/\/www.suno.com.br\/noticias\/"},{"@type":"ListItem","position":2,"name":"Pol\u00edtica","item":"https:\/\/www.suno.com.br\/noticias\/politica\/"},{"@type":"ListItem","position":3,"name":"Reforma Administrativa entrar\u00e1 na pauta para ser votada at\u00e9 o fim deste m\u00eas, prev\u00ea Lira"}]},{"@type":"WebSite","@id":"https:\/\/www.suno.com.br\/noticias\/#website","url":"https:\/\/www.suno.com.br\/noticias\/","name":"Suno Not\u00edcias","description":"Seu portal de informa\u00e7\u00e3o sobre o mundo dos investimentos","publisher":{"@id":"https:\/\/www.suno.com.br\/noticias\/#organization"},"potentialAction":[{"@type":"SearchAction","target":{"@type":"EntryPoint","urlTemplate":"https:\/\/www.suno.com.br\/noticias\/?s={search_term_string}"},"query-input":{"@type":"PropertyValueSpecification","valueRequired":true,"valueName":"search_term_string"}}],"inLanguage":"pt-BR"},{"@type":"Organization","@id":"https:\/\/www.suno.com.br\/noticias\/#organization","name":"Suno Not\u00edcias","url":"https:\/\/www.suno.com.br\/noticias\/","logo":{"@type":"ImageObject","inLanguage":"pt-BR","@id":"https:\/\/www.suno.com.br\/noticias\/#\/schema\/logo\/image\/","url":"https:\/\/files.sunoresearch.com.br\/n\/uploads\/2021\/09\/suno-logo.png","contentUrl":"https:\/\/files.sunoresearch.com.br\/n\/uploads\/2021\/09\/suno-logo.png","width":180,"height":180,"caption":"Suno Not\u00edcias"},"image":{"@id":"https:\/\/www.suno.com.br\/noticias\/#\/schema\/logo\/image\/"},"sameAs":["https:\/\/facebook.com\/sunoresearch","https:\/\/x.com\/sunoresearch","https:\/\/www.instagram.com\/suno","https:\/\/www.linkedin.com\/company\/suno-research\/","https:\/\/www.youtube.com\/c\/sunoresearch"]},{"@type":"Person","@id":"https:\/\/www.suno.com.br\/noticias\/#\/schema\/person\/7f4d362bf3518e76090143ae77bb49a5","name":"Eduardo Vargas","image":{"@type":"ImageObject","inLanguage":"pt-BR","@id":"https:\/\/www.suno.com.br\/noticias\/#\/schema\/person\/image\/","url":"https:\/\/secure.gravatar.com\/avatar\/dac340933427a22924c9f99d1eb2e3f2?s=96&r=g","contentUrl":"https:\/\/secure.gravatar.com\/avatar\/dac340933427a22924c9f99d1eb2e3f2?s=96&r=g","caption":"Eduardo Vargas"},"description":"Jornalista formado pela UFSC, cobre macroeconomia, neg\u00f3cios e startups para o Suno Not\u00edcias, escrevendo principalmente not\u00edcias sobre o mercado financeiro e a bolsa de valores. No YouTube e no Instagram, \u00e9 respons\u00e1vel pela produ\u00e7\u00e3o de Reels e Shorts do Suno Not\u00edcias. Anteriormente, trabalhou cobrindo economia e cotidiano no ND+ e para o ND, maior jornal impresso de Santa Catarina. Cursou um semestre letivo de Estudos de M\u00eddia na Universidad de Buenos Aires.","url":"https:\/\/www.suno.com.br\/noticias\/author\/eduardo-vargas\/"}]}},"default_loop_html":"<div class=\"cardsPage__listCard__boxs\"><div class=\"cardsPage__listCard__boxs__img\"><a href=\"https:\/\/www.suno.com.br\/noticias\/reforma-administrativa-votada-fim-agosto-lira\/\"><img class=\"mask\" src=\"https:\/\/www.suno.com.br\/noticias\/wp-content\/themes\/suno\/resources\/images\/spotlight\/spotlight1img\/bg-mask.png\" alt=\"Image Mask\"\/><img src=\"https:\/\/files.sunoresearch.com.br\/n\/uploads\/2021\/06\/3ddc3453-img20210623182918277-400x200.jpg\" alt=\"Reforma Administrativa entrar\u00e1 na pauta para ser votada at\u00e9 o fim deste m\u00eas, prev\u00ea Lira\"\/><\/a><span class=\"spotlightCategory\"><a href=\"https:\/\/www.suno.com.br\/noticias\/politica\/\">Pol\u00edtica<\/a><\/span><\/div><div class=\"cardsPage__listCard__boxs__content\"><a href=\"https:\/\/www.suno.com.br\/noticias\/reforma-administrativa-votada-fim-agosto-lira\/\"><h2 class=\"content__title\">Reforma Administrativa entrar\u00e1 na pauta para ser votada at\u00e9 o fim deste m\u00eas, prev\u00ea Lira<\/h2><\/a><div class=\"newsContent__article__meta\"><div class=\"newsContent__article__meta__authorBox\"><a href=\"https:\/\/www.suno.com.br\/noticias\/author\/eduardo-vargas\/\" class=\"authorBox__avatar noMobi\"><img src=\"https:\/\/secure.gravatar.com\/avatar\/dac340933427a22924c9f99d1eb2e3f2?s=96&#038;r=g\" alt=\"Eduardo Vargas\"><\/a><div class=\"authorBox__name\"><span>por\n\t\t\t<a href=\"https:\/\/www.suno.com.br\/noticias\/author\/eduardo-vargas\/\"><span itemprop=\"author\">Eduardo Vargas<\/span><\/a><\/span><time datetime=\"2021-08-03T13:01:41-03:00\" itemprop=\"datePublished\">03\/08\/2021 13:01<\/time><\/div><\/div><\/div><\/div><\/div>","single_layout":"posts","amp_enabled":true,"_links":{"self":[{"href":"https:\/\/www.suno.com.br\/noticias\/wp-json\/wp\/v2\/posts\/171701"}],"collection":[{"href":"https:\/\/www.suno.com.br\/noticias\/wp-json\/wp\/v2\/posts"}],"about":[{"href":"https:\/\/www.suno.com.br\/noticias\/wp-json\/wp\/v2\/types\/post"}],"author":[{"embeddable":true,"href":"https:\/\/www.suno.com.br\/noticias\/wp-json\/wp\/v2\/users\/73"}],"replies":[{"embeddable":true,"href":"https:\/\/www.suno.com.br\/noticias\/wp-json\/wp\/v2\/comments?post=171701"}],"version-history":[{"count":4,"href":"https:\/\/www.suno.com.br\/noticias\/wp-json\/wp\/v2\/posts\/171701\/revisions"}],"predecessor-version":[{"id":171772,"href":"https:\/\/www.suno.com.br\/noticias\/wp-json\/wp\/v2\/posts\/171701\/revisions\/171772"}],"wp:featuredmedia":[{"embeddable":true,"href":"https:\/\/www.suno.com.br\/noticias\/wp-json\/wp\/v2\/media\/161891"}],"wp:attachment":[{"href":"https:\/\/www.suno.com.br\/noticias\/wp-json\/wp\/v2\/media?parent=171701"}],"wp:term":[{"taxonomy":"category","embeddable":true,"href":"https:\/\/www.suno.com.br\/noticias\/wp-json\/wp\/v2\/categories?post=171701"},{"taxonomy":"post_tag","embeddable":true,"href":"https:\/\/www.suno.com.br\/noticias\/wp-json\/wp\/v2\/tags?post=171701"},{"taxonomy":"suno_strategy","embeddable":true,"href":"https:\/\/www.suno.com.br\/noticias\/wp-json\/wp\/v2\/suno_strategy?post=171701"}],"curies":[{"name":"wp","href":"https:\/\/api.w.org\/{rel}","templated":true}]}}