{"id":171687,"date":"2021-08-03T11:56:07","date_gmt":"2021-08-03T14:56:07","guid":{"rendered":"https:\/\/www.suno.com.br\/noticias\/?p=171687"},"modified":"2021-08-03T11:56:07","modified_gmt":"2021-08-03T14:56:07","slug":"dolar-salta-15-a-r-525-com-cautela-politica-e-fiscal","status":"publish","type":"post","link":"https:\/\/www.suno.com.br\/noticias\/dolar-salta-15-a-r-525-com-cautela-politica-e-fiscal\/","title":{"rendered":"D\u00f3lar salta 1,5%, a R$ 5,25 com cautela pol\u00edtica e fiscal"},"content":{"rendered":"<p>O <strong>d\u00f3lar<\/strong> ignora a queda no exterior e teve m\u00e1xima a R$ 5,2545 no mercado \u00e0 vista na manh\u00e3 desta ter\u00e7a-feira (3), ap\u00f3s breve queda na abertura com o exterior positivo.<\/p>\t<div class=\"wrapper-featured-image\">\n\t\t<figure class=\"spotlightImg\">\n\n\t\t\t<picture>\n\t\t\t\t<source media=\"(max-width: 768px)\" srcset=\"https:\/\/files.sunoresearch.com.br\/n\/uploads\/2021\/04\/9a3c9edc-pexels-pixabay-164527-400x200.jpg\">\n\t\t\t\t<img loading=\"lazy\" decoding=\"async\" class=\"newsContent__article__imgCapa lazyloadDisabled \" src=\"https:\/\/files.sunoresearch.com.br\/n\/uploads\/2021\/04\/9a3c9edc-pexels-pixabay-164527-800x450.jpg\" width=\"800\" height=\"450\" alt=\"D\u00f3lar salta 1,5%, a R$ 5,25 com cautela pol\u00edtica e fiscal\" fetchpriority=high \/>\n\t\t\t<\/picture>\n\n\t\t\t<figcaption class=\"wp-caption-text wp-caption-text--show\">D\u00f3lar. Foto: Pixabay<\/figcaption>\n\t\t<\/figure>\n\t<\/div>\n\n\n\t<p>\n\t\t<a href=\"https:\/\/lp.suno.com.br\/planilha-controle-gastos\/\" target=\"_blank\" data-element=\"shortcode-suno-banner\" title=\"Banner SUNO, clique e saiba mais\">\n\t\t\t<picture>\n\t\t\t\t<source media=\"(max-width: 500px)\" srcset=\"https:\/\/files.sunoresearch.com.br\/n\/uploads\/2023\/03\/400x300-Planilha-controle-de-gastos.png\">\n\t\t\t\t<img class=\"newsContent__article__imgCapa newsContent__article__imgCapa--banner\"\n\t\t\t\t\tsrc=\"https:\/\/files.sunoresearch.com.br\/n\/uploads\/2023\/03\/1420x240-Planilha-controle-de-gastos.png\"\n\t\t\t\t\tdata-promo-id=\"101751\"\t\t\t\t\t\t\t\t\t\twidth='1420' height='240'\t\t\t\t\talt=\"https:\/\/files.sunoresearch.com.br\/n\/uploads\/2023\/03\/1420x240-Planilha-controle-de-gastos.png\"\n\t\t\t\t>\n\t\t\t<\/picture>\n\t\t<\/a>\n\t<\/p>\n\n\n<p>\u00c0s 12h00 desta ter\u00e7a, o d\u00f3lar \u00e0 vista subia a 1,53%, negociado a R$ 5,2542, abriu a R$ 5,1762, na m\u00ednima. O <a class=\"suno-keyword\" href=\"https:\/\/www.suno.com.br\/artigos\/dolar-futuro\/\" target=\"_blank\" rel=\"noopener noreferrer\" data-force=\"no\" data-priority=\"1\">d\u00f3lar futuro<\/a> para setembro tinha alta de 1,25%, a R$ 5,2620.<\/p>\n<p>A moeda americana estressou com novos ataques do presidente <strong>Jair Bolsonaro<\/strong> ao ministro do Tribunal Superior Eleitoral, Luis Barroso, e amea\u00e7as \u00e0s elei\u00e7\u00f5es. O investidor olha ainda o ministro da Economia, <strong>Paulo Guedes<\/strong>, que disse que o n\u00famero de precat\u00f3rios chegou a R$ 90 bilh\u00f5es. &#8220;Extrapolou possibilidade de reservas nossas&#8221;, afirmou.<\/p>\n<p>Ap\u00f3s a abertura de inqu\u00e9rito administrativo pelo TSE e o envio de not\u00edcia-crime ao<strong> Supremo Tribunal Federal (STF)<\/strong> contra Bolsonaro pelas declara\u00e7\u00f5es infundadas de fraude no sistema eleitoral e amea\u00e7a \u00e0 realiza\u00e7\u00e3o das elei\u00e7\u00f5es, Bolsonaro respondeu nesta manh\u00e3: &#8220;n\u00e3o aceitarei intimida\u00e7\u00f5es, n\u00e3o ser\u00e3o admitidas elei\u00e7\u00f5es duvidosas no ano que vem; o Brasil mudou, n\u00e3o aceitarei intimida\u00e7\u00f5es; vou continuar exercendo meu direito de cidad\u00e3o&#8221;; e voltou a dizer que &#8220;o povo tem que estar armado&#8221;.<\/p>\n\t<p>\n\t\t<a href=\"https:\/\/lp.suno.com.br\/planilha-da-vida-financeira\/\" target=\"_blank\" data-element=\"shortcode-suno-banner\" title=\"Banner SUNO, clique e saiba mais\">\n\t\t\t<picture>\n\t\t\t\t<source media=\"(max-width: 500px)\" srcset=\"https:\/\/files.sunoresearch.com.br\/n\/uploads\/2023\/04\/400x300-Planilha-vida-financeira-true.png\">\n\t\t\t\t<img class=\"newsContent__article__imgCapa newsContent__article__imgCapa--banner\"\n\t\t\t\t\tsrc=\"https:\/\/files.sunoresearch.com.br\/n\/uploads\/2023\/04\/1420x240-Planilha-vida-financeira-true.png\"\n\t\t\t\t\tdata-promo-id=\"106682\"\t\t\t\t\t\t\t\t\t\twidth='1420' height='240'\t\t\t\t\talt=\"https:\/\/files.sunoresearch.com.br\/n\/uploads\/2023\/04\/1420x240-Planilha-vida-financeira-true.png\"\n\t\t\t\t>\n\t\t\t<\/picture>\n\t\t<\/a>\n\t<\/p>\n\n\n<p>Na agenda, a produ\u00e7\u00e3o industrial ficou est\u00e1vel em junho ante maio, na s\u00e9rie com ajuste sazonal &#8211; abaixo da mediana das estimativas dos analistas ouvidos pelo <i>Proje\u00e7\u00f5es Broadcast<\/i>, que era positiva em 0,15%. As previs\u00f5es iam de queda de 2,60% a alta de 1,20%. Em rela\u00e7\u00e3o a maio de 2020, a produ\u00e7\u00e3o subiu 12,00%, tamb\u00e9m menor que a mediana de 12,50% (intervalo alta 6,84% a 16,10%). A <strong>ind\u00fastria<\/strong> acumula alta de 12,9% no ano de 2021. Em 12 meses, a produ\u00e7\u00e3o acumula alta de 6,6%.<\/p>\n<p>Al\u00e9m disso, o mercado acompanha tamb\u00e9m a divulga\u00e7\u00e3o do <a class=\"suno-keyword\" href=\"https:\/\/www.suno.com.br\/artigos\/copom\/\" target=\"_blank\" rel=\"noopener noreferrer\" data-force=\"no\" data-priority=\"2\">Comit\u00ea de Pol\u00edtica Monet\u00e1ria (Copom)<\/a> sobre a nova taxa de juros Selic que ser\u00e1 anunciada na quarta-feira (4).<\/p>\n<p>Para Jansen Costa, s\u00f3cio-fundador da Fatorial Investimentos, o mercado trabalha em maior parte com a possibilidade de alta de 1% devido ao medo da infla\u00e7\u00e3o aumentar ainda mais. &#8220;A <a class=\"suno-keyword\" href=\"https:\/\/www.suno.com.br\/artigos\/curva-de-juros\/\" target=\"_blank\" rel=\"noopener noreferrer\" data-force=\"no\" data-priority=\"1\">curva de juros<\/a> j\u00e1 precifica 1%. Mas uma possibilidade \u00e9 tamb\u00e9m o Banco Central manter a alta atual de 0,75% com a divulga\u00e7\u00e3o de uma ata mais dura&#8221;, diz.<\/p>\n<p>&#8220;O mercado teme que a infla\u00e7\u00e3o n\u00e3o seja transit\u00f3ria e sim mais recorrente. E que isso traga para os pre\u00e7os uma alta significativa de pre\u00e7os em servi\u00e7os e consumo. \u00c9 importante destacar que se o <strong>BC<\/strong> n\u00e3o subir os juros a <strong>infla\u00e7\u00e3o<\/strong> pode virar mais permanente, o que n\u00e3o \u00e9 bom para a economia brasileira&#8221;, comenta Jansen.<\/p>\n<h2>\u00daltima cota\u00e7\u00e3o do d\u00f3lar<\/h2>\n<p>Na \u00faltima sess\u00e3o, segunda-feira (2), o <strong>d\u00f3lar<\/strong> encerrou o preg\u00e3o em queda de 0,86%, negociado a R$ 5,16.<\/p>\n<p><em>(Com informa\u00e7\u00f5es do Estad\u00e3o Conte\u00fado)<\/em><\/p>\n\t<p>\n\t\t<a href=\"https:\/\/lp.suno.com.br\/planilha-de-controle-de-investimentos\/\" target=\"_blank\" data-element=\"shortcode-suno-banner\" title=\"Banner SUNO, clique e saiba mais\">\n\t\t\t<picture>\n\t\t\t\t<source media=\"(max-width: 500px)\" srcset=\"https:\/\/files.sunoresearch.com.br\/n\/uploads\/2023\/03\/400x300-Controle-de-Investimentos.png\">\n\t\t\t\t<img class=\"newsContent__article__imgCapa newsContent__article__imgCapa--banner\"\n\t\t\t\t\tsrc=\"https:\/\/files.sunoresearch.com.br\/n\/uploads\/2023\/03\/1420x240-Controle-de-Investimentos.png\"\n\t\t\t\t\tdata-promo-id=\"75934\"\t\t\t\t\t\t\t\t\t\twidth='1420' height='240'\t\t\t\t\talt=\"https:\/\/files.sunoresearch.com.br\/n\/uploads\/2023\/03\/1420x240-Controle-de-Investimentos.png\"\n\t\t\t\t>\n\t\t\t<\/picture>\n\t\t<\/a>\n\t<\/p>\n\n\n","protected":false},"excerpt":{"rendered":"<p>O d\u00f3lar ignora a queda no exterior e teve m\u00e1xima a R$ 5,2545 no mercado \u00e0 vista na manh\u00e3 desta ter\u00e7a-feira (3), ap\u00f3s breve queda na abertura com o exterior positivo. D\u00f3lar. Foto: Pixabay \u00c0s 12h00 desta ter\u00e7a, o d\u00f3lar \u00e0 vista subia a 1,53%, negociado a R$ 5,2542, abriu a R$ 5,1762, na m\u00ednima. [&hellip;]<\/p>\n","protected":false},"author":15,"featured_media":137388,"comment_status":"closed","ping_status":"closed","sticky":false,"template":"","format":"standard","meta":[],"categories":[60],"tags":[326,105816],"suno_strategy":[],"class_list":["post-171687","post","type-post","status-publish","format-standard","has-post-thumbnail","hentry","category-mercado","tag-dolar","tag-especialistas"],"yoast_head":"<!-- This site is optimized with the Yoast SEO plugin v24.4 - https:\/\/yoast.com\/wordpress\/plugins\/seo\/ -->\n<title>D\u00f3lar salta 1,5%, a R$ 5,25 com cautela pol\u00edtica e fiscal<\/title>\n<meta name=\"description\" content=\"\u00c0s 12h00 desta ter\u00e7a-feira (3), o d\u00f3lar \u00e0 vista subia a 1,53%, negociado a R$ 5,2542, abriu a R$ 5,1762, na m\u00ednima. Clique aqui e saiba mais\" \/>\n<meta name=\"robots\" content=\"index, follow, max-snippet:-1, max-image-preview:large, max-video-preview:-1\" \/>\n<link rel=\"canonical\" href=\"https:\/\/www.suno.com.br\/noticias\/dolar-salta-15-a-r-525-com-cautela-politica-e-fiscal\/\" \/>\n<meta property=\"og:locale\" content=\"pt_BR\" \/>\n<meta property=\"og:type\" content=\"article\" \/>\n<meta property=\"og:title\" content=\"D\u00f3lar salta 1,5%, a R$ 5,25 com cautela pol\u00edtica e fiscal\" \/>\n<meta property=\"og:description\" content=\"\u00c0s 12h00 desta ter\u00e7a-feira (3), o d\u00f3lar \u00e0 vista subia a 1,53%, negociado a R$ 5,2542, abriu a R$ 5,1762, na m\u00ednima. Clique aqui e saiba mais\" \/>\n<meta property=\"og:url\" content=\"https:\/\/www.suno.com.br\/noticias\/dolar-salta-15-a-r-525-com-cautela-politica-e-fiscal\/\" \/>\n<meta property=\"og:site_name\" content=\"Suno Not\u00edcias\" \/>\n<meta property=\"article:publisher\" content=\"https:\/\/facebook.com\/sunoresearch\" \/>\n<meta property=\"og:image\" content=\"https:\/\/files.sunoresearch.com.br\/n\/uploads\/2021\/04\/9a3c9edc-pexels-pixabay-164527-scaled.jpg\" \/>\n\t<meta property=\"og:image:width\" content=\"2560\" \/>\n\t<meta property=\"og:image:height\" content=\"1707\" \/>\n\t<meta property=\"og:image:type\" content=\"image\/jpeg\" \/>\n<meta name=\"author\" content=\"Poliana Santos\" \/>\n<meta name=\"twitter:card\" content=\"summary_large_image\" \/>\n<meta name=\"twitter:creator\" content=\"@sunoresearch\" \/>\n<meta name=\"twitter:site\" content=\"@sunoresearch\" \/>\n<meta name=\"twitter:label1\" content=\"Escrito por\" \/>\n\t<meta name=\"twitter:data1\" content=\"Poliana Santos\" \/>\n\t<meta name=\"twitter:label2\" content=\"Est. tempo de leitura\" \/>\n\t<meta name=\"twitter:data2\" content=\"2 minutos\" \/>\n<script type=\"application\/ld+json\" class=\"yoast-schema-graph\">{\"@context\":\"https:\/\/schema.org\",\"@graph\":[{\"@type\":\"NewsArticle\",\"@id\":\"https:\/\/www.suno.com.br\/noticias\/dolar-salta-15-a-r-525-com-cautela-politica-e-fiscal\/#article\",\"isPartOf\":{\"@id\":\"https:\/\/www.suno.com.br\/noticias\/dolar-salta-15-a-r-525-com-cautela-politica-e-fiscal\/\"},\"author\":{\"name\":\"Poliana Santos\",\"@id\":\"https:\/\/www.suno.com.br\/noticias\/#\/schema\/person\/02ec1f752758247878a2bf4abee1aeda\"},\"headline\":\"D\u00f3lar salta 1,5%, a R$ 5,25 com cautela pol\u00edtica e fiscal\",\"datePublished\":\"2021-08-03T14:56:07+00:00\",\"mainEntityOfPage\":{\"@id\":\"https:\/\/www.suno.com.br\/noticias\/dolar-salta-15-a-r-525-com-cautela-politica-e-fiscal\/\"},\"wordCount\":494,\"publisher\":{\"@id\":\"https:\/\/www.suno.com.br\/noticias\/#organization\"},\"image\":{\"@id\":\"https:\/\/www.suno.com.br\/noticias\/dolar-salta-15-a-r-525-com-cautela-politica-e-fiscal\/#primaryimage\"},\"thumbnailUrl\":\"https:\/\/files.sunoresearch.com.br\/n\/uploads\/2021\/04\/9a3c9edc-pexels-pixabay-164527-scaled.jpg\",\"keywords\":[\"d\u00f3lar\",\"Especialistas\"],\"articleSection\":[\"Mercado\"],\"inLanguage\":\"pt-BR\"},{\"@type\":\"WebPage\",\"@id\":\"https:\/\/www.suno.com.br\/noticias\/dolar-salta-15-a-r-525-com-cautela-politica-e-fiscal\/\",\"url\":\"https:\/\/www.suno.com.br\/noticias\/dolar-salta-15-a-r-525-com-cautela-politica-e-fiscal\/\",\"name\":\"D\u00f3lar salta 1,5%, a R$ 5,25 com cautela pol\u00edtica e fiscal\",\"isPartOf\":{\"@id\":\"https:\/\/www.suno.com.br\/noticias\/#website\"},\"primaryImageOfPage\":{\"@id\":\"https:\/\/www.suno.com.br\/noticias\/dolar-salta-15-a-r-525-com-cautela-politica-e-fiscal\/#primaryimage\"},\"image\":{\"@id\":\"https:\/\/www.suno.com.br\/noticias\/dolar-salta-15-a-r-525-com-cautela-politica-e-fiscal\/#primaryimage\"},\"thumbnailUrl\":\"https:\/\/files.sunoresearch.com.br\/n\/uploads\/2021\/04\/9a3c9edc-pexels-pixabay-164527-scaled.jpg\",\"datePublished\":\"2021-08-03T14:56:07+00:00\",\"description\":\"\u00c0s 12h00 desta ter\u00e7a-feira (3), o d\u00f3lar \u00e0 vista subia a 1,53%, negociado a R$ 5,2542, abriu a R$ 5,1762, na m\u00ednima. Clique aqui e saiba mais\",\"breadcrumb\":{\"@id\":\"https:\/\/www.suno.com.br\/noticias\/dolar-salta-15-a-r-525-com-cautela-politica-e-fiscal\/#breadcrumb\"},\"inLanguage\":\"pt-BR\",\"potentialAction\":[{\"@type\":\"ReadAction\",\"target\":[\"https:\/\/www.suno.com.br\/noticias\/dolar-salta-15-a-r-525-com-cautela-politica-e-fiscal\/\"]}]},{\"@type\":\"ImageObject\",\"inLanguage\":\"pt-BR\",\"@id\":\"https:\/\/www.suno.com.br\/noticias\/dolar-salta-15-a-r-525-com-cautela-politica-e-fiscal\/#primaryimage\",\"url\":\"https:\/\/files.sunoresearch.com.br\/n\/uploads\/2021\/04\/9a3c9edc-pexels-pixabay-164527-scaled.jpg\",\"contentUrl\":\"https:\/\/files.sunoresearch.com.br\/n\/uploads\/2021\/04\/9a3c9edc-pexels-pixabay-164527-scaled.jpg\",\"width\":2560,\"height\":1707,\"caption\":\"D\u00f3lar. Foto: Pixabay\"},{\"@type\":\"BreadcrumbList\",\"@id\":\"https:\/\/www.suno.com.br\/noticias\/dolar-salta-15-a-r-525-com-cautela-politica-e-fiscal\/#breadcrumb\",\"itemListElement\":[{\"@type\":\"ListItem\",\"position\":1,\"name\":\"Not\u00edcias\",\"item\":\"https:\/\/www.suno.com.br\/noticias\/\"},{\"@type\":\"ListItem\",\"position\":2,\"name\":\"Mercado\",\"item\":\"https:\/\/www.suno.com.br\/noticias\/mercado\/\"},{\"@type\":\"ListItem\",\"position\":3,\"name\":\"D\u00f3lar salta 1,5%, a R$ 5,25 com cautela pol\u00edtica e fiscal\"}]},{\"@type\":\"WebSite\",\"@id\":\"https:\/\/www.suno.com.br\/noticias\/#website\",\"url\":\"https:\/\/www.suno.com.br\/noticias\/\",\"name\":\"Suno Not\u00edcias\",\"description\":\"Seu portal de informa\u00e7\u00e3o sobre o mundo dos investimentos\",\"publisher\":{\"@id\":\"https:\/\/www.suno.com.br\/noticias\/#organization\"},\"potentialAction\":[{\"@type\":\"SearchAction\",\"target\":{\"@type\":\"EntryPoint\",\"urlTemplate\":\"https:\/\/www.suno.com.br\/noticias\/?s={search_term_string}\"},\"query-input\":{\"@type\":\"PropertyValueSpecification\",\"valueRequired\":true,\"valueName\":\"search_term_string\"}}],\"inLanguage\":\"pt-BR\"},{\"@type\":\"Organization\",\"@id\":\"https:\/\/www.suno.com.br\/noticias\/#organization\",\"name\":\"Suno Not\u00edcias\",\"url\":\"https:\/\/www.suno.com.br\/noticias\/\",\"logo\":{\"@type\":\"ImageObject\",\"inLanguage\":\"pt-BR\",\"@id\":\"https:\/\/www.suno.com.br\/noticias\/#\/schema\/logo\/image\/\",\"url\":\"https:\/\/files.sunoresearch.com.br\/n\/uploads\/2021\/09\/suno-logo.png\",\"contentUrl\":\"https:\/\/files.sunoresearch.com.br\/n\/uploads\/2021\/09\/suno-logo.png\",\"width\":180,\"height\":180,\"caption\":\"Suno Not\u00edcias\"},\"image\":{\"@id\":\"https:\/\/www.suno.com.br\/noticias\/#\/schema\/logo\/image\/\"},\"sameAs\":[\"https:\/\/facebook.com\/sunoresearch\",\"https:\/\/x.com\/sunoresearch\",\"https:\/\/www.instagram.com\/suno\",\"https:\/\/www.linkedin.com\/company\/suno-research\/\",\"https:\/\/www.youtube.com\/c\/sunoresearch\"]},{\"@type\":\"Person\",\"@id\":\"https:\/\/www.suno.com.br\/noticias\/#\/schema\/person\/02ec1f752758247878a2bf4abee1aeda\",\"name\":\"Poliana Santos\",\"image\":{\"@type\":\"ImageObject\",\"inLanguage\":\"pt-BR\",\"@id\":\"https:\/\/www.suno.com.br\/noticias\/#\/schema\/person\/image\/\",\"url\":\"https:\/\/secure.gravatar.com\/avatar\/0645bd32f23d87b2130f2b2dff1d3f8d?s=96&r=g\",\"contentUrl\":\"https:\/\/secure.gravatar.com\/avatar\/0645bd32f23d87b2130f2b2dff1d3f8d?s=96&r=g\",\"caption\":\"Poliana Santos\"},\"description\":\"Rep\u00f3rter no Suno Not\u00edcias, com cobertura em mercado financeiro, economia, finan\u00e7as pessoais, renda fixa e varejo. Jornalista formada pela Faculdade C\u00e1sper L\u00edbero e possui passagem na R\u00e1dio Gazeta AM com a produ\u00e7\u00e3o de conte\u00fado sobre economia, pol\u00edtica, sa\u00fade, moda e m\u00fasica. Possui certificado de conclus\u00e3o do curso de An\u00e1lise de Balan\u00e7os pela Funda\u00e7\u00e3o Bradesco, Agenda Brasil pela FAAP, Educa\u00e7\u00e3o Pol\u00edtica por Alexandre Garcia e do Tesouro Direto e Mercado de A\u00e7\u00f5es pela B3.\",\"url\":\"https:\/\/www.suno.com.br\/noticias\/author\/poliana-santos\/\"}]}<\/script>\n<!-- \/ Yoast SEO plugin. -->","yoast_head_json":{"title":"D\u00f3lar salta 1,5%, a R$ 5,25 com cautela pol\u00edtica e fiscal","description":"\u00c0s 12h00 desta ter\u00e7a-feira (3), o d\u00f3lar \u00e0 vista subia a 1,53%, negociado a R$ 5,2542, abriu a R$ 5,1762, na m\u00ednima. Clique aqui e saiba mais","robots":{"index":"index","follow":"follow","max-snippet":"max-snippet:-1","max-image-preview":"max-image-preview:large","max-video-preview":"max-video-preview:-1"},"canonical":"https:\/\/www.suno.com.br\/noticias\/dolar-salta-15-a-r-525-com-cautela-politica-e-fiscal\/","og_locale":"pt_BR","og_type":"article","og_title":"D\u00f3lar salta 1,5%, a R$ 5,25 com cautela pol\u00edtica e fiscal","og_description":"\u00c0s 12h00 desta ter\u00e7a-feira (3), o d\u00f3lar \u00e0 vista subia a 1,53%, negociado a R$ 5,2542, abriu a R$ 5,1762, na m\u00ednima. Clique aqui e saiba mais","og_url":"https:\/\/www.suno.com.br\/noticias\/dolar-salta-15-a-r-525-com-cautela-politica-e-fiscal\/","og_site_name":"Suno Not\u00edcias","article_publisher":"https:\/\/facebook.com\/sunoresearch","og_image":[{"width":2560,"height":1707,"url":"https:\/\/files.sunoresearch.com.br\/n\/uploads\/2021\/04\/9a3c9edc-pexels-pixabay-164527-scaled.jpg","type":"image\/jpeg"}],"author":"Poliana Santos","twitter_card":"summary_large_image","twitter_creator":"@sunoresearch","twitter_site":"@sunoresearch","twitter_misc":{"Escrito por":"Poliana Santos","Est. tempo de leitura":"2 minutos"},"schema":{"@context":"https:\/\/schema.org","@graph":[{"@type":"NewsArticle","@id":"https:\/\/www.suno.com.br\/noticias\/dolar-salta-15-a-r-525-com-cautela-politica-e-fiscal\/#article","isPartOf":{"@id":"https:\/\/www.suno.com.br\/noticias\/dolar-salta-15-a-r-525-com-cautela-politica-e-fiscal\/"},"author":{"name":"Poliana Santos","@id":"https:\/\/www.suno.com.br\/noticias\/#\/schema\/person\/02ec1f752758247878a2bf4abee1aeda"},"headline":"D\u00f3lar salta 1,5%, a R$ 5,25 com cautela pol\u00edtica e fiscal","datePublished":"2021-08-03T14:56:07+00:00","mainEntityOfPage":{"@id":"https:\/\/www.suno.com.br\/noticias\/dolar-salta-15-a-r-525-com-cautela-politica-e-fiscal\/"},"wordCount":494,"publisher":{"@id":"https:\/\/www.suno.com.br\/noticias\/#organization"},"image":{"@id":"https:\/\/www.suno.com.br\/noticias\/dolar-salta-15-a-r-525-com-cautela-politica-e-fiscal\/#primaryimage"},"thumbnailUrl":"https:\/\/files.sunoresearch.com.br\/n\/uploads\/2021\/04\/9a3c9edc-pexels-pixabay-164527-scaled.jpg","keywords":["d\u00f3lar","Especialistas"],"articleSection":["Mercado"],"inLanguage":"pt-BR"},{"@type":"WebPage","@id":"https:\/\/www.suno.com.br\/noticias\/dolar-salta-15-a-r-525-com-cautela-politica-e-fiscal\/","url":"https:\/\/www.suno.com.br\/noticias\/dolar-salta-15-a-r-525-com-cautela-politica-e-fiscal\/","name":"D\u00f3lar salta 1,5%, a R$ 5,25 com cautela pol\u00edtica e fiscal","isPartOf":{"@id":"https:\/\/www.suno.com.br\/noticias\/#website"},"primaryImageOfPage":{"@id":"https:\/\/www.suno.com.br\/noticias\/dolar-salta-15-a-r-525-com-cautela-politica-e-fiscal\/#primaryimage"},"image":{"@id":"https:\/\/www.suno.com.br\/noticias\/dolar-salta-15-a-r-525-com-cautela-politica-e-fiscal\/#primaryimage"},"thumbnailUrl":"https:\/\/files.sunoresearch.com.br\/n\/uploads\/2021\/04\/9a3c9edc-pexels-pixabay-164527-scaled.jpg","datePublished":"2021-08-03T14:56:07+00:00","description":"\u00c0s 12h00 desta ter\u00e7a-feira (3), o d\u00f3lar \u00e0 vista subia a 1,53%, negociado a R$ 5,2542, abriu a R$ 5,1762, na m\u00ednima. Clique aqui e saiba mais","breadcrumb":{"@id":"https:\/\/www.suno.com.br\/noticias\/dolar-salta-15-a-r-525-com-cautela-politica-e-fiscal\/#breadcrumb"},"inLanguage":"pt-BR","potentialAction":[{"@type":"ReadAction","target":["https:\/\/www.suno.com.br\/noticias\/dolar-salta-15-a-r-525-com-cautela-politica-e-fiscal\/"]}]},{"@type":"ImageObject","inLanguage":"pt-BR","@id":"https:\/\/www.suno.com.br\/noticias\/dolar-salta-15-a-r-525-com-cautela-politica-e-fiscal\/#primaryimage","url":"https:\/\/files.sunoresearch.com.br\/n\/uploads\/2021\/04\/9a3c9edc-pexels-pixabay-164527-scaled.jpg","contentUrl":"https:\/\/files.sunoresearch.com.br\/n\/uploads\/2021\/04\/9a3c9edc-pexels-pixabay-164527-scaled.jpg","width":2560,"height":1707,"caption":"D\u00f3lar. Foto: Pixabay"},{"@type":"BreadcrumbList","@id":"https:\/\/www.suno.com.br\/noticias\/dolar-salta-15-a-r-525-com-cautela-politica-e-fiscal\/#breadcrumb","itemListElement":[{"@type":"ListItem","position":1,"name":"Not\u00edcias","item":"https:\/\/www.suno.com.br\/noticias\/"},{"@type":"ListItem","position":2,"name":"Mercado","item":"https:\/\/www.suno.com.br\/noticias\/mercado\/"},{"@type":"ListItem","position":3,"name":"D\u00f3lar salta 1,5%, a R$ 5,25 com cautela pol\u00edtica e fiscal"}]},{"@type":"WebSite","@id":"https:\/\/www.suno.com.br\/noticias\/#website","url":"https:\/\/www.suno.com.br\/noticias\/","name":"Suno Not\u00edcias","description":"Seu portal de informa\u00e7\u00e3o sobre o mundo dos investimentos","publisher":{"@id":"https:\/\/www.suno.com.br\/noticias\/#organization"},"potentialAction":[{"@type":"SearchAction","target":{"@type":"EntryPoint","urlTemplate":"https:\/\/www.suno.com.br\/noticias\/?s={search_term_string}"},"query-input":{"@type":"PropertyValueSpecification","valueRequired":true,"valueName":"search_term_string"}}],"inLanguage":"pt-BR"},{"@type":"Organization","@id":"https:\/\/www.suno.com.br\/noticias\/#organization","name":"Suno Not\u00edcias","url":"https:\/\/www.suno.com.br\/noticias\/","logo":{"@type":"ImageObject","inLanguage":"pt-BR","@id":"https:\/\/www.suno.com.br\/noticias\/#\/schema\/logo\/image\/","url":"https:\/\/files.sunoresearch.com.br\/n\/uploads\/2021\/09\/suno-logo.png","contentUrl":"https:\/\/files.sunoresearch.com.br\/n\/uploads\/2021\/09\/suno-logo.png","width":180,"height":180,"caption":"Suno Not\u00edcias"},"image":{"@id":"https:\/\/www.suno.com.br\/noticias\/#\/schema\/logo\/image\/"},"sameAs":["https:\/\/facebook.com\/sunoresearch","https:\/\/x.com\/sunoresearch","https:\/\/www.instagram.com\/suno","https:\/\/www.linkedin.com\/company\/suno-research\/","https:\/\/www.youtube.com\/c\/sunoresearch"]},{"@type":"Person","@id":"https:\/\/www.suno.com.br\/noticias\/#\/schema\/person\/02ec1f752758247878a2bf4abee1aeda","name":"Poliana Santos","image":{"@type":"ImageObject","inLanguage":"pt-BR","@id":"https:\/\/www.suno.com.br\/noticias\/#\/schema\/person\/image\/","url":"https:\/\/secure.gravatar.com\/avatar\/0645bd32f23d87b2130f2b2dff1d3f8d?s=96&r=g","contentUrl":"https:\/\/secure.gravatar.com\/avatar\/0645bd32f23d87b2130f2b2dff1d3f8d?s=96&r=g","caption":"Poliana Santos"},"description":"Rep\u00f3rter no Suno Not\u00edcias, com cobertura em mercado financeiro, economia, finan\u00e7as pessoais, renda fixa e varejo. Jornalista formada pela Faculdade C\u00e1sper L\u00edbero e possui passagem na R\u00e1dio Gazeta AM com a produ\u00e7\u00e3o de conte\u00fado sobre economia, pol\u00edtica, sa\u00fade, moda e m\u00fasica. Possui certificado de conclus\u00e3o do curso de An\u00e1lise de Balan\u00e7os pela Funda\u00e7\u00e3o Bradesco, Agenda Brasil pela FAAP, Educa\u00e7\u00e3o Pol\u00edtica por Alexandre Garcia e do Tesouro Direto e Mercado de A\u00e7\u00f5es pela B3.","url":"https:\/\/www.suno.com.br\/noticias\/author\/poliana-santos\/"}]}},"default_loop_html":"<div class=\"cardsPage__listCard__boxs\"><div class=\"cardsPage__listCard__boxs__img\"><a href=\"https:\/\/www.suno.com.br\/noticias\/dolar-salta-15-a-r-525-com-cautela-politica-e-fiscal\/\"><img class=\"mask\" src=\"https:\/\/www.suno.com.br\/noticias\/wp-content\/themes\/suno\/resources\/images\/spotlight\/spotlight1img\/bg-mask.png\" alt=\"Image Mask\"\/><img src=\"https:\/\/files.sunoresearch.com.br\/n\/uploads\/2021\/04\/9a3c9edc-pexels-pixabay-164527-400x200.jpg\" alt=\"D\u00f3lar salta 1,5%, a R$ 5,25 com cautela pol\u00edtica e fiscal\"\/><\/a><span class=\"spotlightCategory\"><a href=\"https:\/\/www.suno.com.br\/noticias\/mercado\/\">Mercado<\/a><\/span><\/div><div class=\"cardsPage__listCard__boxs__content\"><a href=\"https:\/\/www.suno.com.br\/noticias\/dolar-salta-15-a-r-525-com-cautela-politica-e-fiscal\/\"><h2 class=\"content__title\">D\u00f3lar salta 1,5%, a R$ 5,25 com cautela pol\u00edtica e fiscal<\/h2><\/a><div class=\"newsContent__article__meta\"><div class=\"newsContent__article__meta__authorBox\"><a href=\"https:\/\/www.suno.com.br\/noticias\/author\/poliana-santos\/\" class=\"authorBox__avatar noMobi\"><img src=\"https:\/\/files.sunoresearch.com.br\/n\/uploads\/2020\/08\/7ef34026-whatsapp-image-2020-08-03-at-12.37.57-150x150.webp\" alt=\"Poliana Santos\"><\/a><div class=\"authorBox__name\"><span>por\n\t\t\t<a href=\"https:\/\/www.suno.com.br\/noticias\/author\/poliana-santos\/\"><span itemprop=\"author\">Poliana Santos<\/span><\/a><\/span><time datetime=\"2021-08-03T11:56:07-03:00\" itemprop=\"datePublished\">03\/08\/2021 11:56<\/time><\/div><\/div><\/div><\/div><\/div>","single_layout":"posts","amp_enabled":true,"_links":{"self":[{"href":"https:\/\/www.suno.com.br\/noticias\/wp-json\/wp\/v2\/posts\/171687"}],"collection":[{"href":"https:\/\/www.suno.com.br\/noticias\/wp-json\/wp\/v2\/posts"}],"about":[{"href":"https:\/\/www.suno.com.br\/noticias\/wp-json\/wp\/v2\/types\/post"}],"author":[{"embeddable":true,"href":"https:\/\/www.suno.com.br\/noticias\/wp-json\/wp\/v2\/users\/15"}],"replies":[{"embeddable":true,"href":"https:\/\/www.suno.com.br\/noticias\/wp-json\/wp\/v2\/comments?post=171687"}],"version-history":[{"count":4,"href":"https:\/\/www.suno.com.br\/noticias\/wp-json\/wp\/v2\/posts\/171687\/revisions"}],"predecessor-version":[{"id":171735,"href":"https:\/\/www.suno.com.br\/noticias\/wp-json\/wp\/v2\/posts\/171687\/revisions\/171735"}],"wp:featuredmedia":[{"embeddable":true,"href":"https:\/\/www.suno.com.br\/noticias\/wp-json\/wp\/v2\/media\/137388"}],"wp:attachment":[{"href":"https:\/\/www.suno.com.br\/noticias\/wp-json\/wp\/v2\/media?parent=171687"}],"wp:term":[{"taxonomy":"category","embeddable":true,"href":"https:\/\/www.suno.com.br\/noticias\/wp-json\/wp\/v2\/categories?post=171687"},{"taxonomy":"post_tag","embeddable":true,"href":"https:\/\/www.suno.com.br\/noticias\/wp-json\/wp\/v2\/tags?post=171687"},{"taxonomy":"suno_strategy","embeddable":true,"href":"https:\/\/www.suno.com.br\/noticias\/wp-json\/wp\/v2\/suno_strategy?post=171687"}],"curies":[{"name":"wp","href":"https:\/\/api.w.org\/{rel}","templated":true}]}}