{"id":171680,"date":"2021-08-03T11:07:36","date_gmt":"2021-08-03T14:07:36","guid":{"rendered":"https:\/\/www.suno.com.br\/noticias\/?p=171680"},"modified":"2021-08-03T11:07:36","modified_gmt":"2021-08-03T14:07:36","slug":"ibovespa-itau-itub4-itub3-vale-vale3","status":"publish","type":"post","link":"https:\/\/www.suno.com.br\/noticias\/ibovespa-itau-itub4-itub3-vale-vale3\/","title":{"rendered":"Ibovespa abre em leve queda; Ita\u00fa (ITUB4) e Vale (VALE3) lideram ganhos"},"content":{"rendered":"<p>Seguindo a temporada de balan\u00e7os, o <strong>Ibovespa<\/strong> abre o preg\u00e3o desta ter\u00e7a-feira (3) a 122.345 pontos, representando uma queda de 0,14% no intradia, compensado por parte de bons resultados reportados ap\u00f3s o fechamento do mercado da segunda (2).<\/p>\t<div class=\"wrapper-featured-image\">\n\t\t<figure class=\"spotlightImg\">\n\n\t\t\t<picture>\n\t\t\t\t<source media=\"(max-width: 768px)\" srcset=\"https:\/\/files.sunoresearch.com.br\/n\/uploads\/2021\/01\/b9f781f0-itau-400x200.webp\">\n\t\t\t\t<img loading=\"lazy\" decoding=\"async\" class=\"newsContent__article__imgCapa lazyloadDisabled \" src=\"https:\/\/files.sunoresearch.com.br\/n\/uploads\/2021\/01\/b9f781f0-itau-800x450.webp\" width=\"800\" height=\"450\" alt=\"Ibovespa abre em leve queda; Ita\u00fa (ITUB4) e Vale (VALE3) lideram ganhos\" fetchpriority=high \/>\n\t\t\t<\/picture>\n\n\t\t\t<figcaption class=\"wp-caption-text wp-caption-text--show\">Ita\u00fa - Foto: Reprodu\u00e7\u00e3o Site<\/figcaption>\n\t\t<\/figure>\n\t<\/div>\n\n\n\t<p>\n\t\t<a href=\"https:\/\/lp.suno.com.br\/planilha-controle-gastos\/\" target=\"_blank\" data-element=\"shortcode-suno-banner\" title=\"Banner SUNO, clique e saiba mais\">\n\t\t\t<picture>\n\t\t\t\t<source media=\"(max-width: 500px)\" srcset=\"https:\/\/files.sunoresearch.com.br\/n\/uploads\/2023\/03\/400x300-Planilha-controle-de-gastos.png\">\n\t\t\t\t<img class=\"newsContent__article__imgCapa newsContent__article__imgCapa--banner\"\n\t\t\t\t\tsrc=\"https:\/\/files.sunoresearch.com.br\/n\/uploads\/2023\/03\/1420x240-Planilha-controle-de-gastos.png\"\n\t\t\t\t\tdata-promo-id=\"101751\"\t\t\t\t\t\t\t\t\t\twidth='1420' height='240'\t\t\t\t\talt=\"https:\/\/files.sunoresearch.com.br\/n\/uploads\/2023\/03\/1420x240-Planilha-controle-de-gastos.png\"\n\t\t\t\t>\n\t\t\t<\/picture>\n\t\t<\/a>\n\t<\/p>\n\n\n<p>Na ponta verde do Ibovespa, est\u00e3o a Vale (VALE3) &#8212; e sua acionista Bradespar (BRAP4) &#8212; e o \u00a0<a href=\"https:\/\/www.suno.com.br\/acoes\/ITUB4\/\"><strong>Ita\u00fa<\/strong> (ITUB4)<\/a> e o <a href=\"https:\/\/www.suno.com.br\/acoes\/ITSA4\/\"><strong>Ita\u00fasa <\/strong>(ITSA4)<\/a> que avan\u00e7a mais de 1% com o balan\u00e7o, que <a href=\"https:\/\/www.suno.com.br\/noticias\/itau-itub4-resultados-2t21\/\">mostrou com crescimento de mais de 55% no lucro trimestral<\/a> e proventos.<\/p>\n<p>Outra empresa a reportar o balan\u00e7o, <a href=\"https:\/\/www.suno.com.br\/acoes\/CIEL3\/\"><strong>Cielo <\/strong>(CIEL3)<\/a> abriu em alta, mas j\u00e1 devolveu os ganhos para operar em leve queda. A companhia <a href=\"https:\/\/www.suno.com.br\/noticias\/cielo-reverte-prejuizo-melhora-controladas\/\">anotou um <strong>lucro l\u00edquido<\/strong> de R$180,4 milh\u00f5es<\/a> no segundo trimestre de 2021, um ganho de 32,8% sobre o lucro recorrente trimestre anterior, e <a href=\"https:\/\/www.suno.com.br\/noticias\/cielo-ciel3-jcp-19-agosto\/\">anunciou pagamento de <strong>proventos<\/strong><\/a>.<\/p>\n<p>J\u00e1 na compara\u00e7\u00e3o com o segundo trimestre de 2020, a companhia reverteu o preju\u00edzo de R$ 75,2 milh\u00f5es.<\/p>\n<p>Nos indicadores, o mercado digere poucos n\u00fameros relevantes do dia, com a <strong>produ\u00e7\u00e3o industrial do Brasil<\/strong> ficando est\u00e1vel no dado mensal, ou seja, sem crescimento, apesar da proje\u00e7\u00e3o de 1,7%. Por outro lado, a alta anual foi de 12% no ante um progn\u00f3stico de 11,7%.<\/p>\n<p>Os mercados internacionais demonstram um cen\u00e1rio misto na Europa, ainda que com resultados positivos reportados pelas companhias do continente.<\/p>\n<p>Contudo a aten\u00e7\u00e3o segue voltada para a China, com holofotes nas a\u00e7\u00f5es regulat\u00f3rias do drag\u00e3o chin\u00eas.<\/p>\n<p>&#8220;Os mercados internacionais seguem em cen\u00e1rio positivo ap\u00f3s uma melhora do quadro na China, onde acontece uma press\u00e3o sobre as grandes empresas de tecnologia. A <strong>Tencent<\/strong> foi obrigada a restringir alguns acessos. Isso aumenta o risco para a\u00e7\u00f5es chinesas, com maior preocupa\u00e7\u00e3o com a regula\u00e7\u00e3o al\u00e9m da desacelera\u00e7\u00e3o do crescimento&#8221;, analisa Jansen Costa, s\u00f3cio-fundador da Fatorial Investimentos.<\/p>\n<h2>Not\u00edcias que v\u00e3o movimentar a Bolsa de Valores hoje<\/h2>\n<ul>\n<li><b>Ita\u00fa<\/b> reporta lucro de $ 6,54 bilh\u00f5es no 2T21<\/li>\n<li>Waldery Rodrigues deixa o <strong>Banco do Brasil<\/strong><\/li>\n<li><strong>PetroRio<\/strong> reverte preju\u00edzo com alta do petr\u00f3leo<\/li>\n<\/ul>\n<h3>Ita\u00fa teve alta de 55,6% no lucro<\/h3>\n<p>O\u00a0<a href=\"https:\/\/www.suno.com.br\/acoes\/ITUB4\/\"><strong>Ita\u00fa<\/strong> (ITUB4)<\/a> divulgou o seu balan\u00e7o ap\u00f3s o preg\u00e3o da segunda (2), reportando um lucro l\u00edquido recorrente gerencial de R$ 6,543 bilh\u00f5es no segundo trimestre, uma alta de 55,6% em compara\u00e7\u00e3o com o mesmo per\u00edodo do ano passado.<\/p>\n<p>Segundo o banco, que \u00e9 uma das companhias mais relevantes do Ibovespa, o resultado se d\u00e1 pelo \u201cbom ritmo de crescimento em linhas de neg\u00f3cios como cart\u00e3o de cr\u00e9dito, cr\u00e9dito consignado, al\u00e9m do forte crescimento do cr\u00e9dito imobili\u00e1rio e financiamento de ve\u00edculos\u201d.<\/p>\n<p>Por outro lado, o <a href=\"https:\/\/www.suno.com.br\/artigos\/lucro-liquido\/\"><strong>lucro l\u00edquido cont\u00e1bil<\/strong>\u00a0<\/a>do Ita\u00fa no segundo trimestre somou R$ 7,560 bilh\u00f5es bilh\u00f5es, elevando os n\u00fameros do ano passado, com R$ 3,424 bilh\u00f5es anotados no segundo trimestre de 2020.<\/p>\n\n\t<div data-element=\"shortcode-read-more\" class=\"readToo\">\n\t\t\t\t<span class=\"readToo__title\">Saiba mais<\/span>\n\t\t\t\t<ul class=\"readToo__list\">\n\t\t\t<li><a href=\"https:\/\/www.suno.com.br\/noticias\/petrobras-petr4-gasolina-diesel-gas\/\">Petrobras (PETR4) anuncia aumento na gasolina, no diesel e g\u00e1s de cozinha<\/a><\/li><li><a href=\"https:\/\/www.suno.com.br\/noticias\/destaques-de-empresas-magazine-luiza-mglu3-petrobras-petr4-hapvida-hapv3\/\">Destaques de Empresas: Magazine Luiza (MGLU3), Petrobras (PETR4) e Hapvida (HAPV3)<\/a><\/li>\t\t<\/ul>\n\t<\/div>\n\n\n<p>Com isso, o resultado financeiro da companhia demonstra uma recupera\u00e7\u00e3o em rela\u00e7\u00e3o ao per\u00edodo da pandemia, j\u00e1 que as restri\u00e7\u00f5es impuseram uma menor atividade econ\u00f4mica durante um per\u00edodo de tempo, al\u00e9m de um grande programa de renegocia\u00e7\u00e3o de d\u00e9bitos de pessoas f\u00edsicas e empresas que afetou diretamente o banco.<\/p>\n<p>A companhia sobe 1,77% no Ibovespa, ficando entre as maiores altas na abertura de mercado.<\/p>\n<h3>Waldery Rodrigues deixa o Banco do Brasil e a equipe de Guedes<\/h3>\n<p>J\u00e1 na manh\u00e3 desta ter\u00e7a (3), segundo consta no Di\u00e1rio Oficial da Uni\u00e3o (DOU), o engenheiro e ex-secret\u00e1rio especial de Fazenda do\u00a0<a class=\"suno-keyword\" href=\"https:\/\/www.suno.com.br\/artigos\/ministerio-da-fazenda\/\" target=\"_blank\" rel=\"noopener noreferrer\" data-force=\"no\" data-priority=\"2\">Minist\u00e9rio da Fazenda<\/a>, Waldery Rodrigues J\u00fanior decidiu deixar a equipe do ministro Paulo Guedes e o cargo de conselheiro de administra\u00e7\u00e3o do\u00a0<a href=\"https:\/\/www.suno.com.br\/acoes\/bbas3\/\" target=\"_blank\" rel=\"noopener noreferrer\"><strong>Banco do Brasil<\/strong>\u00a0(BBAS3)<\/a>.<\/p>\n<p>Ele havia assumido o cargo m maio passado, logo depois de sair da secretaria especial.<\/p>\n<p>Agora, sai tr\u00eas meses depois de ter sido demitido do cargo de Secret\u00e1rio da Fazenda. Em 2020, o presidente Jair Bolsonaro amea\u00e7ou, numa <em>live<\/em>, dar um \u201ccart\u00e3o vermelho\u201d ao ent\u00e3o secret\u00e1rio da Fazenda.<\/p>\n<p>Segundo a publica\u00e7\u00e3o oficial do Governo Federal, a sua sa\u00edda ocorreu no dia 28 de julho.<\/p>\n<p>Vale frisar que o Banco do Brasil aprovou uma mudan\u00e7a em sua estrutura organizacional com a extin\u00e7\u00e3o da unidade Neg\u00f3cios PF, MPE e Agro e de Neg\u00f3cios Varejo e Setor P\u00fablico, al\u00e9m da cria\u00e7\u00e3o da diretoria Comercial Alto Varejo.<\/p>\n<p>Os pap\u00e9is da companhia caem 1,09% no preg\u00e3o ap\u00f3s a not\u00edcia.<\/p>\n<h3>PetroRio reverte preju\u00edzo e lucra R$ 305 milh\u00f5es<\/h3>\n<p>Seguindo a temporada de balan\u00e7os, a <a href=\"https:\/\/www.suno.com.br\/acoes\/prio3\/\"><strong>PetroRio<\/strong>\u00a0(PRIO3)<\/a> divulgou seus resultados tamb\u00e9m ap\u00f3s o preg\u00e3o de segunda (2). A petroleira apurou um lucro l\u00edquido de R$ 305 milh\u00f5es, revertendo um preju\u00edzo de R$ 76 milh\u00f5es apurado no segundo trimestre de 2020.<\/p>\n<p>Tamb\u00e9m foi registrada uma\u00a0<a href=\"https:\/\/www.suno.com.br\/artigos\/o-que-receita-liquida\/\"><strong>receita l\u00edquida<\/strong><\/a>\u00a0de R$ 1,022 bilh\u00e3o ao final do trimestre, a maior j\u00e1 registrada. O montante tamb\u00e9m representa um avan\u00e7o de 228% na compara\u00e7\u00e3o ano a ano.<\/p>\n<p>Segundo a companhia, \u201co resultado foi impactado positivamente pelo efeito cont\u00e1bil (n\u00e3o-caixa) da varia\u00e7\u00e3o cambial, al\u00e9m da melhor performance da cota\u00e7\u00e3o do petr\u00f3leo tipo <em>brent<\/em>\u00a0e dos ativos, demonstrados no resultado operacional.\u201d<\/p>\n<p>Al\u00e9m disso, o <a href=\"https:\/\/statusinvest.com.br\/acoes\/prio3\">desempenho positivo da PetroRio<\/a> foi atribu\u00eddo ao aumento de 103% na quantidade de \u00f3leo vendida em compara\u00e7\u00e3o com o segundo trimestre do ano passado, devido a incorpora\u00e7\u00e3o da <strong>TBMT<\/strong>\u00a0em agosto de 2020 e a incorpora\u00e7\u00e3o dos 30% remanescentes do Frade em fevereiro desse ano.<\/p>\n<p>Na mesma toada, a \u00faltima linha do balan\u00e7o teve influ\u00eancia da alta do pre\u00e7o do<a href=\"https:\/\/www.suno.com.br\/artigos\/cotacao-do-petroleo\/\">\u00a0<strong>petr\u00f3leo Brent<\/strong><\/a>, que registrou m\u00e9dia de US$ 69,08 por barril, um aumento de 107% na compara\u00e7\u00e3o ano a ano.<\/p>\n<p>Apesar disso, as a\u00e7\u00f5es da petroleira ficam em queda de 1,25% no in\u00edcio do preg\u00e3o.<\/p>\n<h2>Destaques do Ibovespa<\/h2>\n<p>As principais altas no Ibovespa por volta das 10h40<\/p>\n<ul>\n<li><a href=\"https:\/\/www.suno.com.br\/acoes\/VALE3\/\"><strong>Vale <\/strong>(VALE3)<\/a>: +2,4%<\/li>\n<li><a href=\"https:\/\/www.suno.com.br\/acoes\/brap4\/\"><b>Bradespar (BRAP4)<\/b><\/a>: +1,6%<\/li>\n<li><a href=\"https:\/\/www.suno.com.br\/acoes\/b3sa3\/\"><strong>B3<\/strong> (B3SA3)<\/a>: +1,5\/5<\/li>\n<li><a href=\"https:\/\/www.suno.com.br\/acoes\/ITUB4\/\"><strong>Ita\u00fa <\/strong>(ITUB4)<\/a>: +1%<\/li>\n<li><a href=\"https:\/\/www.suno.com.br\/acoes\/ITSA4\/\"><strong>Ita\u00fasa <\/strong>(ITSA4)<\/a>: +0,9%<\/li>\n<\/ul>\n<p>As principais quedas no Ibovespa, \u00e0s 10h35, eram:<\/p>\n<ul>\n<li><a href=\"https:\/\/www.suno.com.br\/acoes\/AMER3\/\"><strong>Americanas <\/strong>(AMER3)<\/a>: -2,87%<\/li>\n<li><a href=\"https:\/\/www.suno.com.br\/acoes\/LAME4\/\"><strong>Lojas Americanas <\/strong>(LAME4)<\/a>: -2,48%<\/li>\n<li><a href=\"https:\/\/www.suno.com.br\/acoes\/LCAM3\/\"><strong>Locam\u00e9rica <\/strong>(LCAM3)<\/a>: -2,17%<\/li>\n<li><a href=\"https:\/\/www.suno.com.br\/acoes\/CYRE3\/\"><strong>Cyrela <\/strong>(CYRE3)<\/a>: -2,06%<\/li>\n<li><a href=\"https:\/\/www.suno.com.br\/acoes\/EZTC3\/\"><strong>EzTec <\/strong>(EZTC3)<\/a>: -1,97%<\/li>\n<\/ul>\n<h2>Principais \u00edndices<\/h2>\n<ul>\n<li><a href=\"https:\/\/www.suno.com.br\/artigos\/ifix\/\">IFIX<\/a>: +0,12%<\/li>\n<li><a href=\"https:\/\/www.suno.com.br\/artigos\/smll\/\">SMLL<\/a>: -0,66%<\/li>\n<li><a href=\"https:\/\/www.suno.com.br\/artigos\/idiv\/\">IDIV<\/a>: +1,28%<\/li>\n<li><a href=\"https:\/\/www.suno.com.br\/artigos\/ibrx\/\">IBRX 100<\/a>: -0,03%<\/li>\n<\/ul>\n<h2>Bolsas mundiais<\/h2>\n<p>Veja o desempenho dos principais \u00edndices acion\u00e1rios no exterior, por volta do mesmo hor\u00e1rio, al\u00e9m do \u00edndice Ibovespa<strong>:<\/strong><\/p>\n<ul>\n<li>Nova York (S&amp;P 500) futuro: +0,19%<\/li>\n<li>Londres (FTSE 100): +0,13%<\/li>\n<li>Frankfurt (DAX 30): -0,11%<\/li>\n<li>Paris (CAC 40): +0,77%<\/li>\n<li>Mil\u00e3o (FTSE\/MIB): +0,07%<\/li>\n<li>Hong Kong (Hang Seng): -0,16% (fechada)<\/li>\n<li>Xangai (SSE Composite): -0,47% (fechada)<\/li>\n<li>T\u00f3quio (Nikkei 225): +0,50% (fechada)<\/li>\n<\/ul>\n<h2>\u00daltima cota\u00e7\u00e3o do Ibovespa<\/h2>\n<p>O <strong>Ibovespa <\/strong>fechou o preg\u00e3o de segunda (2) em alta de 0,59%, a 122.515 pontos.<\/p>\n\t<p>\n\t\t<a href=\"https:\/\/lp.suno.com.br\/planilha-de-controle-de-investimentos\/\" target=\"_blank\" data-element=\"shortcode-suno-banner\" title=\"Banner SUNO, clique e saiba mais\">\n\t\t\t<picture>\n\t\t\t\t<source media=\"(max-width: 500px)\" srcset=\"https:\/\/files.sunoresearch.com.br\/n\/uploads\/2023\/03\/400x300-Controle-de-Investimentos.png\">\n\t\t\t\t<img class=\"newsContent__article__imgCapa newsContent__article__imgCapa--banner\"\n\t\t\t\t\tsrc=\"https:\/\/files.sunoresearch.com.br\/n\/uploads\/2023\/03\/1420x240-Controle-de-Investimentos.png\"\n\t\t\t\t\tdata-promo-id=\"75934\"\t\t\t\t\t\t\t\t\t\twidth='1420' height='240'\t\t\t\t\talt=\"https:\/\/files.sunoresearch.com.br\/n\/uploads\/2023\/03\/1420x240-Controle-de-Investimentos.png\"\n\t\t\t\t>\n\t\t\t<\/picture>\n\t\t<\/a>\n\t<\/p>\n\n\n","protected":false},"excerpt":{"rendered":"<p>Seguindo a temporada de balan\u00e7os, o Ibovespa abre o preg\u00e3o desta ter\u00e7a-feira (3) a 122.345 pontos, representando uma queda de 0,14% no intradia, compensado por parte de bons resultados reportados ap\u00f3s o fechamento do mercado da segunda (2). Foto: Divulga\u00e7\u00e3o Na ponta verde do Ibovespa, est\u00e3o a Vale (VALE3) &#8212; e sua acionista Bradespar (BRAP4) [&hellip;]<\/p>\n","protected":false},"author":73,"featured_media":113684,"comment_status":"closed","ping_status":"closed","sticky":false,"template":"","format":"standard","meta":[],"categories":[60],"tags":[732,104703,423,105816,721,519,517,597],"suno_strategy":[],"class_list":["post-171680","post","type-post","status-publish","format-standard","has-post-thumbnail","hentry","category-mercado","tag-banco-do-brasil-bbas3","tag-bolsas-mundiais","tag-cielo-ciel3","tag-especialistas","tag-ibovespa","tag-itau-unibanco-itub3-itub4","tag-itausa-itsa3-itsa4","tag-petrorio-prio3"],"yoast_head":"<!-- This site is optimized with the Yoast SEO plugin v24.4 - https:\/\/yoast.com\/wordpress\/plugins\/seo\/ -->\n<title>Ibovespa abre em queda e Ita\u00fa (ITUB4) e Cielo (CIEL3) destoam, em alta<\/title>\n<meta name=\"description\" content=\"Seguindo a temporada de balan\u00e7os, o Ita\u00fa fica nas maiores altas do Ibovespa com seu resultado que agradou o mercado. Clique aqui e leia mais.\" \/>\n<meta name=\"robots\" content=\"index, follow, max-snippet:-1, max-image-preview:large, max-video-preview:-1\" \/>\n<link rel=\"canonical\" href=\"https:\/\/www.suno.com.br\/noticias\/ibovespa-itau-itub4-itub3-vale-vale3\/\" \/>\n<meta property=\"og:locale\" content=\"pt_BR\" \/>\n<meta property=\"og:type\" content=\"article\" \/>\n<meta property=\"og:title\" content=\"Ibovespa abre em queda e Ita\u00fa (ITUB4) e Cielo (CIEL3) destoam, em alta\" \/>\n<meta property=\"og:description\" content=\"Seguindo a temporada de balan\u00e7os, o Ita\u00fa fica nas maiores altas do Ibovespa com seu resultado que agradou o mercado. Clique aqui e leia mais.\" \/>\n<meta property=\"og:url\" content=\"https:\/\/www.suno.com.br\/noticias\/ibovespa-itau-itub4-itub3-vale-vale3\/\" \/>\n<meta property=\"og:site_name\" content=\"Suno Not\u00edcias\" \/>\n<meta property=\"article:publisher\" content=\"https:\/\/facebook.com\/sunoresearch\" \/>\n<meta property=\"og:image\" content=\"https:\/\/files.sunoresearch.com.br\/n\/uploads\/2021\/01\/b9f781f0-itau.jpg\" \/>\n\t<meta property=\"og:image:width\" content=\"1380\" \/>\n\t<meta property=\"og:image:height\" content=\"920\" \/>\n\t<meta property=\"og:image:type\" content=\"image\/jpeg\" \/>\n<meta name=\"author\" content=\"Eduardo Vargas\" \/>\n<meta name=\"twitter:card\" content=\"summary_large_image\" \/>\n<meta name=\"twitter:creator\" content=\"@sunoresearch\" \/>\n<meta name=\"twitter:site\" content=\"@sunoresearch\" \/>\n<meta name=\"twitter:label1\" content=\"Escrito por\" \/>\n\t<meta name=\"twitter:data1\" content=\"Eduardo Vargas\" \/>\n\t<meta name=\"twitter:label2\" content=\"Est. tempo de leitura\" \/>\n\t<meta name=\"twitter:data2\" content=\"6 minutos\" \/>\n<script type=\"application\/ld+json\" class=\"yoast-schema-graph\">{\"@context\":\"https:\/\/schema.org\",\"@graph\":[{\"@type\":\"NewsArticle\",\"@id\":\"https:\/\/www.suno.com.br\/noticias\/ibovespa-itau-itub4-itub3-vale-vale3\/#article\",\"isPartOf\":{\"@id\":\"https:\/\/www.suno.com.br\/noticias\/ibovespa-itau-itub4-itub3-vale-vale3\/\"},\"author\":{\"name\":\"Eduardo Vargas\",\"@id\":\"https:\/\/www.suno.com.br\/noticias\/#\/schema\/person\/7f4d362bf3518e76090143ae77bb49a5\"},\"headline\":\"Ibovespa abre em leve queda; Ita\u00fa (ITUB4) e Vale (VALE3) lideram ganhos\",\"datePublished\":\"2021-08-03T14:07:36+00:00\",\"mainEntityOfPage\":{\"@id\":\"https:\/\/www.suno.com.br\/noticias\/ibovespa-itau-itub4-itub3-vale-vale3\/\"},\"wordCount\":1134,\"publisher\":{\"@id\":\"https:\/\/www.suno.com.br\/noticias\/#organization\"},\"image\":{\"@id\":\"https:\/\/www.suno.com.br\/noticias\/ibovespa-itau-itub4-itub3-vale-vale3\/#primaryimage\"},\"thumbnailUrl\":\"https:\/\/files.sunoresearch.com.br\/n\/uploads\/2021\/01\/b9f781f0-itau-jpg.webp\",\"keywords\":[\"Banco do Brasil (BBAS3)\",\"Bolsas mundiais\",\"Cielo (CIEL3)\",\"Especialistas\",\"Ibovespa\",\"Ita\u00fa Unibanco (ITUB3\/ITUB4)\",\"Ita\u00fasa (ITSA3\/ITSA4)\",\"PetroRio (PRIO3)\"],\"articleSection\":[\"Mercado\"],\"inLanguage\":\"pt-BR\"},{\"@type\":\"WebPage\",\"@id\":\"https:\/\/www.suno.com.br\/noticias\/ibovespa-itau-itub4-itub3-vale-vale3\/\",\"url\":\"https:\/\/www.suno.com.br\/noticias\/ibovespa-itau-itub4-itub3-vale-vale3\/\",\"name\":\"Ibovespa abre em queda e Ita\u00fa (ITUB4) e Cielo (CIEL3) destoam, em alta\",\"isPartOf\":{\"@id\":\"https:\/\/www.suno.com.br\/noticias\/#website\"},\"primaryImageOfPage\":{\"@id\":\"https:\/\/www.suno.com.br\/noticias\/ibovespa-itau-itub4-itub3-vale-vale3\/#primaryimage\"},\"image\":{\"@id\":\"https:\/\/www.suno.com.br\/noticias\/ibovespa-itau-itub4-itub3-vale-vale3\/#primaryimage\"},\"thumbnailUrl\":\"https:\/\/files.sunoresearch.com.br\/n\/uploads\/2021\/01\/b9f781f0-itau-jpg.webp\",\"datePublished\":\"2021-08-03T14:07:36+00:00\",\"description\":\"Seguindo a temporada de balan\u00e7os, o Ita\u00fa fica nas maiores altas do Ibovespa com seu resultado que agradou o mercado. Clique aqui e leia mais.\",\"breadcrumb\":{\"@id\":\"https:\/\/www.suno.com.br\/noticias\/ibovespa-itau-itub4-itub3-vale-vale3\/#breadcrumb\"},\"inLanguage\":\"pt-BR\",\"potentialAction\":[{\"@type\":\"ReadAction\",\"target\":[\"https:\/\/www.suno.com.br\/noticias\/ibovespa-itau-itub4-itub3-vale-vale3\/\"]}]},{\"@type\":\"ImageObject\",\"inLanguage\":\"pt-BR\",\"@id\":\"https:\/\/www.suno.com.br\/noticias\/ibovespa-itau-itub4-itub3-vale-vale3\/#primaryimage\",\"url\":\"https:\/\/files.sunoresearch.com.br\/n\/uploads\/2021\/01\/b9f781f0-itau-jpg.webp\",\"contentUrl\":\"https:\/\/files.sunoresearch.com.br\/n\/uploads\/2021\/01\/b9f781f0-itau-jpg.webp\",\"width\":1380,\"height\":920,\"caption\":\"Ita\u00fa - Foto: Reprodu\u00e7\u00e3o Site\"},{\"@type\":\"BreadcrumbList\",\"@id\":\"https:\/\/www.suno.com.br\/noticias\/ibovespa-itau-itub4-itub3-vale-vale3\/#breadcrumb\",\"itemListElement\":[{\"@type\":\"ListItem\",\"position\":1,\"name\":\"Not\u00edcias\",\"item\":\"https:\/\/www.suno.com.br\/noticias\/\"},{\"@type\":\"ListItem\",\"position\":2,\"name\":\"Mercado\",\"item\":\"https:\/\/www.suno.com.br\/noticias\/mercado\/\"},{\"@type\":\"ListItem\",\"position\":3,\"name\":\"Ibovespa abre em leve queda; Ita\u00fa (ITUB4) e Vale (VALE3) lideram ganhos\"}]},{\"@type\":\"WebSite\",\"@id\":\"https:\/\/www.suno.com.br\/noticias\/#website\",\"url\":\"https:\/\/www.suno.com.br\/noticias\/\",\"name\":\"Suno Not\u00edcias\",\"description\":\"Seu portal de informa\u00e7\u00e3o sobre o mundo dos investimentos\",\"publisher\":{\"@id\":\"https:\/\/www.suno.com.br\/noticias\/#organization\"},\"potentialAction\":[{\"@type\":\"SearchAction\",\"target\":{\"@type\":\"EntryPoint\",\"urlTemplate\":\"https:\/\/www.suno.com.br\/noticias\/?s={search_term_string}\"},\"query-input\":{\"@type\":\"PropertyValueSpecification\",\"valueRequired\":true,\"valueName\":\"search_term_string\"}}],\"inLanguage\":\"pt-BR\"},{\"@type\":\"Organization\",\"@id\":\"https:\/\/www.suno.com.br\/noticias\/#organization\",\"name\":\"Suno Not\u00edcias\",\"url\":\"https:\/\/www.suno.com.br\/noticias\/\",\"logo\":{\"@type\":\"ImageObject\",\"inLanguage\":\"pt-BR\",\"@id\":\"https:\/\/www.suno.com.br\/noticias\/#\/schema\/logo\/image\/\",\"url\":\"https:\/\/files.sunoresearch.com.br\/n\/uploads\/2021\/09\/suno-logo.png\",\"contentUrl\":\"https:\/\/files.sunoresearch.com.br\/n\/uploads\/2021\/09\/suno-logo.png\",\"width\":180,\"height\":180,\"caption\":\"Suno Not\u00edcias\"},\"image\":{\"@id\":\"https:\/\/www.suno.com.br\/noticias\/#\/schema\/logo\/image\/\"},\"sameAs\":[\"https:\/\/facebook.com\/sunoresearch\",\"https:\/\/x.com\/sunoresearch\",\"https:\/\/www.instagram.com\/suno\",\"https:\/\/www.linkedin.com\/company\/suno-research\/\",\"https:\/\/www.youtube.com\/c\/sunoresearch\"]},{\"@type\":\"Person\",\"@id\":\"https:\/\/www.suno.com.br\/noticias\/#\/schema\/person\/7f4d362bf3518e76090143ae77bb49a5\",\"name\":\"Eduardo Vargas\",\"image\":{\"@type\":\"ImageObject\",\"inLanguage\":\"pt-BR\",\"@id\":\"https:\/\/www.suno.com.br\/noticias\/#\/schema\/person\/image\/\",\"url\":\"https:\/\/secure.gravatar.com\/avatar\/dac340933427a22924c9f99d1eb2e3f2?s=96&r=g\",\"contentUrl\":\"https:\/\/secure.gravatar.com\/avatar\/dac340933427a22924c9f99d1eb2e3f2?s=96&r=g\",\"caption\":\"Eduardo Vargas\"},\"description\":\"Jornalista formado pela UFSC, cobre macroeconomia, neg\u00f3cios e startups para o Suno Not\u00edcias, escrevendo principalmente not\u00edcias sobre o mercado financeiro e a bolsa de valores. No YouTube e no Instagram, \u00e9 respons\u00e1vel pela produ\u00e7\u00e3o de Reels e Shorts do Suno Not\u00edcias. Anteriormente, trabalhou cobrindo economia e cotidiano no ND+ e para o ND, maior jornal impresso de Santa Catarina. Cursou um semestre letivo de Estudos de M\u00eddia na Universidad de Buenos Aires.\",\"url\":\"https:\/\/www.suno.com.br\/noticias\/author\/eduardo-vargas\/\"}]}<\/script>\n<!-- \/ Yoast SEO plugin. -->","yoast_head_json":{"title":"Ibovespa abre em queda e Ita\u00fa (ITUB4) e Cielo (CIEL3) destoam, em alta","description":"Seguindo a temporada de balan\u00e7os, o Ita\u00fa fica nas maiores altas do Ibovespa com seu resultado que agradou o mercado. Clique aqui e leia mais.","robots":{"index":"index","follow":"follow","max-snippet":"max-snippet:-1","max-image-preview":"max-image-preview:large","max-video-preview":"max-video-preview:-1"},"canonical":"https:\/\/www.suno.com.br\/noticias\/ibovespa-itau-itub4-itub3-vale-vale3\/","og_locale":"pt_BR","og_type":"article","og_title":"Ibovespa abre em queda e Ita\u00fa (ITUB4) e Cielo (CIEL3) destoam, em alta","og_description":"Seguindo a temporada de balan\u00e7os, o Ita\u00fa fica nas maiores altas do Ibovespa com seu resultado que agradou o mercado. Clique aqui e leia mais.","og_url":"https:\/\/www.suno.com.br\/noticias\/ibovespa-itau-itub4-itub3-vale-vale3\/","og_site_name":"Suno Not\u00edcias","article_publisher":"https:\/\/facebook.com\/sunoresearch","og_image":[{"width":1380,"height":920,"url":"https:\/\/files.sunoresearch.com.br\/n\/uploads\/2021\/01\/b9f781f0-itau.jpg","type":"image\/jpeg"}],"author":"Eduardo Vargas","twitter_card":"summary_large_image","twitter_creator":"@sunoresearch","twitter_site":"@sunoresearch","twitter_misc":{"Escrito por":"Eduardo Vargas","Est. tempo de leitura":"6 minutos"},"schema":{"@context":"https:\/\/schema.org","@graph":[{"@type":"NewsArticle","@id":"https:\/\/www.suno.com.br\/noticias\/ibovespa-itau-itub4-itub3-vale-vale3\/#article","isPartOf":{"@id":"https:\/\/www.suno.com.br\/noticias\/ibovespa-itau-itub4-itub3-vale-vale3\/"},"author":{"name":"Eduardo Vargas","@id":"https:\/\/www.suno.com.br\/noticias\/#\/schema\/person\/7f4d362bf3518e76090143ae77bb49a5"},"headline":"Ibovespa abre em leve queda; Ita\u00fa (ITUB4) e Vale (VALE3) lideram ganhos","datePublished":"2021-08-03T14:07:36+00:00","mainEntityOfPage":{"@id":"https:\/\/www.suno.com.br\/noticias\/ibovespa-itau-itub4-itub3-vale-vale3\/"},"wordCount":1134,"publisher":{"@id":"https:\/\/www.suno.com.br\/noticias\/#organization"},"image":{"@id":"https:\/\/www.suno.com.br\/noticias\/ibovespa-itau-itub4-itub3-vale-vale3\/#primaryimage"},"thumbnailUrl":"https:\/\/files.sunoresearch.com.br\/n\/uploads\/2021\/01\/b9f781f0-itau-jpg.webp","keywords":["Banco do Brasil (BBAS3)","Bolsas mundiais","Cielo (CIEL3)","Especialistas","Ibovespa","Ita\u00fa Unibanco (ITUB3\/ITUB4)","Ita\u00fasa (ITSA3\/ITSA4)","PetroRio (PRIO3)"],"articleSection":["Mercado"],"inLanguage":"pt-BR"},{"@type":"WebPage","@id":"https:\/\/www.suno.com.br\/noticias\/ibovespa-itau-itub4-itub3-vale-vale3\/","url":"https:\/\/www.suno.com.br\/noticias\/ibovespa-itau-itub4-itub3-vale-vale3\/","name":"Ibovespa abre em queda e Ita\u00fa (ITUB4) e Cielo (CIEL3) destoam, em alta","isPartOf":{"@id":"https:\/\/www.suno.com.br\/noticias\/#website"},"primaryImageOfPage":{"@id":"https:\/\/www.suno.com.br\/noticias\/ibovespa-itau-itub4-itub3-vale-vale3\/#primaryimage"},"image":{"@id":"https:\/\/www.suno.com.br\/noticias\/ibovespa-itau-itub4-itub3-vale-vale3\/#primaryimage"},"thumbnailUrl":"https:\/\/files.sunoresearch.com.br\/n\/uploads\/2021\/01\/b9f781f0-itau-jpg.webp","datePublished":"2021-08-03T14:07:36+00:00","description":"Seguindo a temporada de balan\u00e7os, o Ita\u00fa fica nas maiores altas do Ibovespa com seu resultado que agradou o mercado. Clique aqui e leia mais.","breadcrumb":{"@id":"https:\/\/www.suno.com.br\/noticias\/ibovespa-itau-itub4-itub3-vale-vale3\/#breadcrumb"},"inLanguage":"pt-BR","potentialAction":[{"@type":"ReadAction","target":["https:\/\/www.suno.com.br\/noticias\/ibovespa-itau-itub4-itub3-vale-vale3\/"]}]},{"@type":"ImageObject","inLanguage":"pt-BR","@id":"https:\/\/www.suno.com.br\/noticias\/ibovespa-itau-itub4-itub3-vale-vale3\/#primaryimage","url":"https:\/\/files.sunoresearch.com.br\/n\/uploads\/2021\/01\/b9f781f0-itau-jpg.webp","contentUrl":"https:\/\/files.sunoresearch.com.br\/n\/uploads\/2021\/01\/b9f781f0-itau-jpg.webp","width":1380,"height":920,"caption":"Ita\u00fa - Foto: Reprodu\u00e7\u00e3o Site"},{"@type":"BreadcrumbList","@id":"https:\/\/www.suno.com.br\/noticias\/ibovespa-itau-itub4-itub3-vale-vale3\/#breadcrumb","itemListElement":[{"@type":"ListItem","position":1,"name":"Not\u00edcias","item":"https:\/\/www.suno.com.br\/noticias\/"},{"@type":"ListItem","position":2,"name":"Mercado","item":"https:\/\/www.suno.com.br\/noticias\/mercado\/"},{"@type":"ListItem","position":3,"name":"Ibovespa abre em leve queda; Ita\u00fa (ITUB4) e Vale (VALE3) lideram ganhos"}]},{"@type":"WebSite","@id":"https:\/\/www.suno.com.br\/noticias\/#website","url":"https:\/\/www.suno.com.br\/noticias\/","name":"Suno Not\u00edcias","description":"Seu portal de informa\u00e7\u00e3o sobre o mundo dos investimentos","publisher":{"@id":"https:\/\/www.suno.com.br\/noticias\/#organization"},"potentialAction":[{"@type":"SearchAction","target":{"@type":"EntryPoint","urlTemplate":"https:\/\/www.suno.com.br\/noticias\/?s={search_term_string}"},"query-input":{"@type":"PropertyValueSpecification","valueRequired":true,"valueName":"search_term_string"}}],"inLanguage":"pt-BR"},{"@type":"Organization","@id":"https:\/\/www.suno.com.br\/noticias\/#organization","name":"Suno Not\u00edcias","url":"https:\/\/www.suno.com.br\/noticias\/","logo":{"@type":"ImageObject","inLanguage":"pt-BR","@id":"https:\/\/www.suno.com.br\/noticias\/#\/schema\/logo\/image\/","url":"https:\/\/files.sunoresearch.com.br\/n\/uploads\/2021\/09\/suno-logo.png","contentUrl":"https:\/\/files.sunoresearch.com.br\/n\/uploads\/2021\/09\/suno-logo.png","width":180,"height":180,"caption":"Suno Not\u00edcias"},"image":{"@id":"https:\/\/www.suno.com.br\/noticias\/#\/schema\/logo\/image\/"},"sameAs":["https:\/\/facebook.com\/sunoresearch","https:\/\/x.com\/sunoresearch","https:\/\/www.instagram.com\/suno","https:\/\/www.linkedin.com\/company\/suno-research\/","https:\/\/www.youtube.com\/c\/sunoresearch"]},{"@type":"Person","@id":"https:\/\/www.suno.com.br\/noticias\/#\/schema\/person\/7f4d362bf3518e76090143ae77bb49a5","name":"Eduardo Vargas","image":{"@type":"ImageObject","inLanguage":"pt-BR","@id":"https:\/\/www.suno.com.br\/noticias\/#\/schema\/person\/image\/","url":"https:\/\/secure.gravatar.com\/avatar\/dac340933427a22924c9f99d1eb2e3f2?s=96&r=g","contentUrl":"https:\/\/secure.gravatar.com\/avatar\/dac340933427a22924c9f99d1eb2e3f2?s=96&r=g","caption":"Eduardo Vargas"},"description":"Jornalista formado pela UFSC, cobre macroeconomia, neg\u00f3cios e startups para o Suno Not\u00edcias, escrevendo principalmente not\u00edcias sobre o mercado financeiro e a bolsa de valores. No YouTube e no Instagram, \u00e9 respons\u00e1vel pela produ\u00e7\u00e3o de Reels e Shorts do Suno Not\u00edcias. Anteriormente, trabalhou cobrindo economia e cotidiano no ND+ e para o ND, maior jornal impresso de Santa Catarina. Cursou um semestre letivo de Estudos de M\u00eddia na Universidad de Buenos Aires.","url":"https:\/\/www.suno.com.br\/noticias\/author\/eduardo-vargas\/"}]}},"default_loop_html":"<div class=\"cardsPage__listCard__boxs\"><div class=\"cardsPage__listCard__boxs__img\"><a href=\"https:\/\/www.suno.com.br\/noticias\/destaques-de-empresas-magazine-luiza-mglu3-petrobras-petr4-hapvida-hapv3\/\"><img class=\"mask\" src=\"https:\/\/www.suno.com.br\/noticias\/wp-content\/themes\/suno\/resources\/images\/spotlight\/spotlight1img\/bg-mask.png\" alt=\"Image Mask\"\/><img src=\"https:\/\/files.sunoresearch.com.br\/n\/uploads\/2021\/03\/3fa9c8da-magazine-luiza3-400x200.webp\" alt=\"Destaques de Empresas: Magazine Luiza (MGLU3), Petrobras (PETR4) e Hapvida (HAPV3)\"\/><\/a><span class=\"spotlightCategory\"><a href=\"https:\/\/www.suno.com.br\/noticias\/negocios\/\">Neg\u00f3cios<\/a><\/span><\/div><div class=\"cardsPage__listCard__boxs__content\"><a href=\"https:\/\/www.suno.com.br\/noticias\/destaques-de-empresas-magazine-luiza-mglu3-petrobras-petr4-hapvida-hapv3\/\"><h2 class=\"content__title\">Destaques de Empresas: Magazine Luiza (MGLU3), Petrobras (PETR4) e Hapvida (HAPV3)<\/h2><\/a><div class=\"newsContent__article__meta\"><div class=\"newsContent__article__meta__authorBox\"><a href=\"https:\/\/www.suno.com.br\/noticias\/author\/poliana-santos\/\" class=\"authorBox__avatar noMobi\"><img src=\"https:\/\/files.sunoresearch.com.br\/n\/uploads\/2020\/08\/7ef34026-whatsapp-image-2020-08-03-at-12.37.57-150x150.webp\" alt=\"Poliana Santos\"><\/a><div class=\"authorBox__name\"><span>por\n\t\t\t<a href=\"https:\/\/www.suno.com.br\/noticias\/author\/poliana-santos\/\"><span itemprop=\"author\">Poliana Santos<\/span><\/a><\/span><time datetime=\"2021-07-01T10:21:50-03:00\" itemprop=\"datePublished\">01\/07\/2021 10:21<\/time><\/div><\/div><\/div><\/div><\/div>","single_layout":"posts","amp_enabled":true,"_links":{"self":[{"href":"https:\/\/www.suno.com.br\/noticias\/wp-json\/wp\/v2\/posts\/171680"}],"collection":[{"href":"https:\/\/www.suno.com.br\/noticias\/wp-json\/wp\/v2\/posts"}],"about":[{"href":"https:\/\/www.suno.com.br\/noticias\/wp-json\/wp\/v2\/types\/post"}],"author":[{"embeddable":true,"href":"https:\/\/www.suno.com.br\/noticias\/wp-json\/wp\/v2\/users\/73"}],"replies":[{"embeddable":true,"href":"https:\/\/www.suno.com.br\/noticias\/wp-json\/wp\/v2\/comments?post=171680"}],"version-history":[{"count":3,"href":"https:\/\/www.suno.com.br\/noticias\/wp-json\/wp\/v2\/posts\/171680\/revisions"}],"predecessor-version":[{"id":171700,"href":"https:\/\/www.suno.com.br\/noticias\/wp-json\/wp\/v2\/posts\/171680\/revisions\/171700"}],"wp:featuredmedia":[{"embeddable":true,"href":"https:\/\/www.suno.com.br\/noticias\/wp-json\/wp\/v2\/media\/113684"}],"wp:attachment":[{"href":"https:\/\/www.suno.com.br\/noticias\/wp-json\/wp\/v2\/media?parent=171680"}],"wp:term":[{"taxonomy":"category","embeddable":true,"href":"https:\/\/www.suno.com.br\/noticias\/wp-json\/wp\/v2\/categories?post=171680"},{"taxonomy":"post_tag","embeddable":true,"href":"https:\/\/www.suno.com.br\/noticias\/wp-json\/wp\/v2\/tags?post=171680"},{"taxonomy":"suno_strategy","embeddable":true,"href":"https:\/\/www.suno.com.br\/noticias\/wp-json\/wp\/v2\/suno_strategy?post=171680"}],"curies":[{"name":"wp","href":"https:\/\/api.w.org\/{rel}","templated":true}]}}