{"id":171404,"date":"2021-08-02T18:30:41","date_gmt":"2021-08-02T21:30:41","guid":{"rendered":"https:\/\/www.suno.com.br\/noticias\/?p=171404"},"modified":"2021-08-02T18:35:36","modified_gmt":"2021-08-02T21:35:36","slug":"petrobras-petr4-pronuncia-fala-vale-gas-bolsonaro","status":"publish","type":"post","link":"https:\/\/www.suno.com.br\/noticias\/petrobras-petr4-pronuncia-fala-vale-gas-bolsonaro\/","title":{"rendered":"Petrobras (PETR4) sobre vale-g\u00e1s de Bolsonaro: &#8220;N\u00e3o h\u00e1 defini\u00e7\u00e3o&#8221;"},"content":{"rendered":"<p>Ap\u00f3s coment\u00e1rio feito pelo presidente Jair Bolsonaro (sem partido) sobre a cria\u00e7\u00e3o do vale-g\u00e1s, a <a href=\"https:\/\/www.suno.com.br\/acoes\/petr4\/\"><strong>Petrobras<\/strong> (PETR4)<\/a> se pronunciou citando, em nota, que essa decis\u00e3o est\u00e1 \u201csujeita \u00e0 governan\u00e7a de aprova\u00e7\u00e3o e em conformidade com as pol\u00edticas internas da companhia\u201d.<\/p>\t<div class=\"wrapper-featured-image\">\n\t\t<figure class=\"spotlightImg\">\n\n\t\t\t<picture>\n\t\t\t\t<source media=\"(max-width: 768px)\" srcset=\"https:\/\/files.sunoresearch.com.br\/n\/uploads\/2021\/08\/d3e75e57-brasil-ratinho-bolsonaro-27052019-001-400x200.jpg\">\n\t\t\t\t<img loading=\"lazy\" decoding=\"async\" class=\"newsContent__article__imgCapa lazyloadDisabled \" src=\"https:\/\/files.sunoresearch.com.br\/n\/uploads\/2021\/08\/d3e75e57-brasil-ratinho-bolsonaro-27052019-001-800x450.jpg\" width=\"800\" height=\"450\" alt=\"Petrobras (PETR4) sobre vale-g\u00e1s de Bolsonaro: &#8220;N\u00e3o h\u00e1 defini\u00e7\u00e3o&#8221;\" fetchpriority=high \/>\n\t\t\t<\/picture>\n\n\t\t\t<figcaption class=\"wp-caption-text wp-caption-text--show\">Fala de Bolsonaro sobre vale-g\u00e1s custeado pela Petrobras se deu em programa veiculado na sexta (30) - Foto: Reprodu\u00e7\u00e3o\/Alan Santos\/PR<\/figcaption>\n\t\t<\/figure>\n\t<\/div>\n\n\n\t<p>\n\t\t<a href=\"https:\/\/lp.suno.com.br\/planilha-controle-gastos\/\" target=\"_blank\" data-element=\"shortcode-suno-banner\" title=\"Banner SUNO, clique e saiba mais\">\n\t\t\t<picture>\n\t\t\t\t<source media=\"(max-width: 500px)\" srcset=\"https:\/\/files.sunoresearch.com.br\/n\/uploads\/2023\/03\/400x300-Planilha-controle-de-gastos.png\">\n\t\t\t\t<img class=\"newsContent__article__imgCapa newsContent__article__imgCapa--banner\"\n\t\t\t\t\tsrc=\"https:\/\/files.sunoresearch.com.br\/n\/uploads\/2023\/03\/1420x240-Planilha-controle-de-gastos.png\"\n\t\t\t\t\tdata-promo-id=\"101751\"\t\t\t\t\t\t\t\t\t\twidth='1420' height='240'\t\t\t\t\talt=\"https:\/\/files.sunoresearch.com.br\/n\/uploads\/2023\/03\/1420x240-Planilha-controle-de-gastos.png\"\n\t\t\t\t>\n\t\t\t<\/picture>\n\t\t<\/a>\n\t<\/p>\n\n\n<p>A Petrobras citou que \u201cn\u00e3o h\u00e1 defini\u00e7\u00e3o\u201d sobre a poss\u00edvel implementa\u00e7\u00e3o do<strong>\u00a0vale-g\u00e1s<\/strong> e da sua participa\u00e7\u00e3o nos programas sociais.<\/p>\n<p>A petroleira afirma ainda que j\u00e1 distribuiu R$ 10,3 bilh\u00f5es em dividendos ao longo de 2021. Desse montante, acrescenta a companhia, R$ 3 bilh\u00f5es foram destinados ao seu <a class=\"suno-keyword\" href=\"https:\/\/www.suno.com.br\/artigos\/acionista-controlador\/\" target=\"_blank\" rel=\"noopener noreferrer\" data-force=\"no\" data-priority=\"1\"><strong>acionista<\/strong> <strong>controlador<\/strong><\/a>.<\/p>\n<p>&#8220;Al\u00e9m disso, de janeiro a junho de 2021, sua contribui\u00e7\u00e3o \u00e0 sociedade brasileira, na forma de tributos pagos pela companhia e retidos de terceiros, foi de R$ 76,7 bilh\u00f5es, montante R$ 14,1 bilh\u00f5es superior ao mesmo per\u00edodo de 2020&#8221;, acrescenta a empresa em nota.<\/p>\n\n\t<div data-element=\"shortcode-read-more\" class=\"readToo\">\n\t\t\t\t<span class=\"readToo__title\">Leia mais<\/span>\n\t\t\t\t<ul class=\"readToo__list\">\n\t\t\t<li><a href=\"https:\/\/www.suno.com.br\/noticias\/ibovespa-otimista-alta-hypera-hype3\/\">Ibovespa segue otimismo do exterior e engata alta, puxada por Hypera (HYPE3)<\/a><\/li><li><a href=\"https:\/\/www.suno.com.br\/noticias\/resultados-semana-petrobras-petr4-bancos-itau-itub4-balancos\/\">Resultados da semana: Petrobras (PETR4), Ita\u00fa (ITUB4) e Bradesco (BBDC4) s\u00e3o destaques<\/a><\/li>\t\t<\/ul>\n\t<\/div>\n\n\n<h2>Pol\u00edtica de pre\u00e7os<\/h2>\n<p>A Petrobras afirma que segue adotando a <a href=\"https:\/\/www.suno.com.br\/artigos\/mercado-aberto\/\"><strong>pr\u00e1tica<\/strong> <strong>de pre\u00e7os<\/strong><\/a> de venda em equil\u00edbrio com os mercados competidores. Sens\u00edvel ao impacto social do g\u00e1s de cozinha (GLP), a que contribui ativamente nas discuss\u00f5es no \u00e2mbito do <strong>Minist\u00e9rio de Minas e Energia<\/strong> quanto a eventuais programas voltados \u00e0s fam\u00edlias vulner\u00e1veis.<\/p>\n<p>O informe foi divulgado ap\u00f3s uma fala <a href=\"https:\/\/www.suno.com.br\/artigos\/estatal-so-se-for-de-graca\/\">do presidente de que a <strong>estatal<\/strong><\/a> possui uma reserva para custear um programa que cederia botij\u00f5es de g\u00e1s para uma popula\u00e7\u00e3o mais carente.<\/p>\n<p>&#8220;O novo <strong>presidente<\/strong> <strong>da Petrobras<\/strong>, Silva e Luna, est\u00e1 com uma reserva de aproximadamente R$ 3 bilh\u00f5es para atender realmente esses mais necessitados. Seria um vale-g\u00e1s, seria o equivalente, no que est\u00e1 sendo estudado at\u00e9 agora, a um buj\u00e3o de gra\u00e7a a cada dois meses&#8221;, disse Bolsonaro.<\/p>\n<p>Na ocasi\u00e3o, Bolsonaro n\u00e3o deu maiores detalhes sobre qual exatamente seria o p\u00fablico visado pelo <strong>programa<\/strong> <strong>social<\/strong>.<\/p>\n\t<p>\n\t\t<a href=\"https:\/\/lp.suno.com.br\/planilha-da-vida-financeira\/\" target=\"_blank\" data-element=\"shortcode-suno-banner\" title=\"Banner SUNO, clique e saiba mais\">\n\t\t\t<picture>\n\t\t\t\t<source media=\"(max-width: 500px)\" srcset=\"https:\/\/files.sunoresearch.com.br\/n\/uploads\/2023\/04\/400x300-Planilha-vida-financeira-true.png\">\n\t\t\t\t<img class=\"newsContent__article__imgCapa newsContent__article__imgCapa--banner\"\n\t\t\t\t\tsrc=\"https:\/\/files.sunoresearch.com.br\/n\/uploads\/2023\/04\/1420x240-Planilha-vida-financeira-true.png\"\n\t\t\t\t\tdata-promo-id=\"106682\"\t\t\t\t\t\t\t\t\t\twidth='1420' height='240'\t\t\t\t\talt=\"https:\/\/files.sunoresearch.com.br\/n\/uploads\/2023\/04\/1420x240-Planilha-vida-financeira-true.png\"\n\t\t\t\t>\n\t\t\t<\/picture>\n\t\t<\/a>\n\t<\/p>\n\n\n<p>A entrevista foi veiculada na \u00faltima sexta-feira (30), no Programa do Ratinho, no SBT. Contudo, a grava\u00e7\u00e3o ocorreu um dia antes, na tarde de quinta (29).<\/p>\n<p>O Planalto, com o movimento, planeja incluir esse benef\u00edcio na reformula\u00e7\u00e3o dos programas sociais que deve ser anunciada ainda durante o m\u00eas de agosto.<\/p>\n<p>A mudan\u00e7a deve vir como forma de compensar os reajustes devem elevar os <a href=\"https:\/\/www.suno.com.br\/artigos\/opep\/\"><strong>pre\u00e7os<\/strong> do combust\u00edvel<\/a>, segundo reportagem da Reuters publicada na sexta-feira (30) com base em relatos de fontes que acompanham a negocia\u00e7\u00e3o.<\/p>\n<h2>Cota\u00e7\u00e3o e resultados de Petrobras<\/h2>\n<p>No fechamento do preg\u00e3o desta segunda-feira (2), a companhia estatal enfrenta queda de 0,30% no <strong>Ibovespa<\/strong>, ante uma alta generalizada de praticamente todos os pap\u00e9is.<\/p>\n<p>A <strong>Petrobras<\/strong>, divulga os seus <a class=\"suno-keyword\" href=\"https:\/\/www.suno.com.br\/artigos\/resultados-trimestrais\/\" target=\"_blank\" rel=\"noopener noreferrer\" data-force=\"no\" data-priority=\"1\">resultados trimestrais<\/a> ainda nesta quarta-feira (4), seguindo a semana movimentada da <strong><a href=\"https:\/\/www.suno.com.br\/noticias\/resultados-semana-petrobras-petr4-bancos-itau-itub4-balancos\/\">temporada de balan\u00e7os do segundo trimestre.<\/a><\/strong><\/p>\n\t<p>\n\t\t<a href=\"https:\/\/lp.suno.com.br\/planilha-de-controle-de-investimentos\/\" target=\"_blank\" data-element=\"shortcode-suno-banner\" title=\"Banner SUNO, clique e saiba mais\">\n\t\t\t<picture>\n\t\t\t\t<source media=\"(max-width: 500px)\" srcset=\"https:\/\/files.sunoresearch.com.br\/n\/uploads\/2023\/03\/400x300-Controle-de-Investimentos.png\">\n\t\t\t\t<img class=\"newsContent__article__imgCapa newsContent__article__imgCapa--banner\"\n\t\t\t\t\tsrc=\"https:\/\/files.sunoresearch.com.br\/n\/uploads\/2023\/03\/1420x240-Controle-de-Investimentos.png\"\n\t\t\t\t\tdata-promo-id=\"75934\"\t\t\t\t\t\t\t\t\t\twidth='1420' height='240'\t\t\t\t\talt=\"https:\/\/files.sunoresearch.com.br\/n\/uploads\/2023\/03\/1420x240-Controle-de-Investimentos.png\"\n\t\t\t\t>\n\t\t\t<\/picture>\n\t\t<\/a>\n\t<\/p>\n\n\n","protected":false},"excerpt":{"rendered":"<p>Ap\u00f3s coment\u00e1rio feito pelo presidente Jair Bolsonaro (sem partido) sobre a cria\u00e7\u00e3o do vale-g\u00e1s, a Petrobras (PETR4) se pronunciou citando, em nota, que essa decis\u00e3o est\u00e1 \u201csujeita \u00e0 governan\u00e7a de aprova\u00e7\u00e3o e em conformidade com as pol\u00edticas internas da companhia\u201d. Petrobras (PETR4). Foto: Divulga\u00e7\u00e3o A Petrobras citou que \u201cn\u00e3o h\u00e1 defini\u00e7\u00e3o\u201d sobre a poss\u00edvel implementa\u00e7\u00e3o [&hellip;]<\/p>\n","protected":false},"author":73,"featured_media":171411,"comment_status":"closed","ping_status":"closed","sticky":false,"template":"","format":"standard","meta":[],"categories":[64],"tags":[902,721,719,595],"suno_strategy":[],"class_list":["post-171404","post","type-post","status-publish","format-standard","has-post-thumbnail","hentry","category-negocios","tag-comissao-de-valores-mobiliarios-cvm","tag-ibovespa","tag-jair-bolsonaro","tag-petrobras-petr4"],"yoast_head":"<!-- This site is optimized with the Yoast SEO plugin v24.4 - https:\/\/yoast.com\/wordpress\/plugins\/seo\/ -->\n<title>Petrobras (PETR4) se pronuncia ap\u00f3s fala sobre vale-g\u00e1s de Bolsonaro<\/title>\n<meta name=\"description\" content=\"Em nota, a Petrobras se pronunciou ap\u00f3s o presidente Bolsonaro citar que a estatal teria caixa para custear um vale botij\u00e3o. Leia mais.\" \/>\n<meta name=\"robots\" content=\"index, follow, max-snippet:-1, max-image-preview:large, max-video-preview:-1\" \/>\n<link rel=\"canonical\" href=\"https:\/\/www.suno.com.br\/noticias\/petrobras-petr4-pronuncia-fala-vale-gas-bolsonaro\/\" \/>\n<meta property=\"og:locale\" content=\"pt_BR\" \/>\n<meta property=\"og:type\" content=\"article\" \/>\n<meta property=\"og:title\" content=\"Petrobras (PETR4) se pronuncia ap\u00f3s fala sobre vale-g\u00e1s de Bolsonaro\" \/>\n<meta property=\"og:description\" content=\"Em nota, a Petrobras se pronunciou ap\u00f3s o presidente Bolsonaro citar que a estatal teria caixa para custear um vale botij\u00e3o. Leia mais.\" \/>\n<meta property=\"og:url\" content=\"https:\/\/www.suno.com.br\/noticias\/petrobras-petr4-pronuncia-fala-vale-gas-bolsonaro\/\" \/>\n<meta property=\"og:site_name\" content=\"Suno Not\u00edcias\" \/>\n<meta property=\"article:publisher\" content=\"https:\/\/facebook.com\/sunoresearch\" \/>\n<meta property=\"og:image\" content=\"https:\/\/files.sunoresearch.com.br\/n\/uploads\/2021\/08\/d3e75e57-brasil-ratinho-bolsonaro-27052019-001-scaled.jpg\" \/>\n\t<meta property=\"og:image:width\" content=\"2560\" \/>\n\t<meta property=\"og:image:height\" content=\"1707\" \/>\n\t<meta property=\"og:image:type\" content=\"image\/jpeg\" \/>\n<meta name=\"author\" content=\"Eduardo Vargas\" \/>\n<meta name=\"twitter:card\" content=\"summary_large_image\" \/>\n<meta name=\"twitter:creator\" content=\"@sunoresearch\" \/>\n<meta name=\"twitter:site\" content=\"@sunoresearch\" \/>\n<meta name=\"twitter:label1\" content=\"Escrito por\" \/>\n\t<meta name=\"twitter:data1\" content=\"Eduardo Vargas\" \/>\n\t<meta name=\"twitter:label2\" content=\"Est. tempo de leitura\" \/>\n\t<meta name=\"twitter:data2\" content=\"2 minutos\" \/>\n<script type=\"application\/ld+json\" class=\"yoast-schema-graph\">{\"@context\":\"https:\/\/schema.org\",\"@graph\":[{\"@type\":\"NewsArticle\",\"@id\":\"https:\/\/www.suno.com.br\/noticias\/petrobras-petr4-pronuncia-fala-vale-gas-bolsonaro\/#article\",\"isPartOf\":{\"@id\":\"https:\/\/www.suno.com.br\/noticias\/petrobras-petr4-pronuncia-fala-vale-gas-bolsonaro\/\"},\"author\":{\"name\":\"Eduardo Vargas\",\"@id\":\"https:\/\/www.suno.com.br\/noticias\/#\/schema\/person\/7f4d362bf3518e76090143ae77bb49a5\"},\"headline\":\"Petrobras (PETR4) sobre vale-g\u00e1s de Bolsonaro: &#8220;N\u00e3o h\u00e1 defini\u00e7\u00e3o&#8221;\",\"datePublished\":\"2021-08-02T21:30:41+00:00\",\"dateModified\":\"2021-08-02T21:35:36+00:00\",\"mainEntityOfPage\":{\"@id\":\"https:\/\/www.suno.com.br\/noticias\/petrobras-petr4-pronuncia-fala-vale-gas-bolsonaro\/\"},\"wordCount\":483,\"publisher\":{\"@id\":\"https:\/\/www.suno.com.br\/noticias\/#organization\"},\"image\":{\"@id\":\"https:\/\/www.suno.com.br\/noticias\/petrobras-petr4-pronuncia-fala-vale-gas-bolsonaro\/#primaryimage\"},\"thumbnailUrl\":\"https:\/\/files.sunoresearch.com.br\/n\/uploads\/2021\/08\/d3e75e57-brasil-ratinho-bolsonaro-27052019-001-scaled.jpg\",\"keywords\":[\"Comiss\u00e3o de Valores Mobili\u00e1rios (CVM)\",\"Ibovespa\",\"Jair Bolsonaro\",\"Petrobras (PETR4)\"],\"articleSection\":[\"Neg\u00f3cios\"],\"inLanguage\":\"pt-BR\"},{\"@type\":\"WebPage\",\"@id\":\"https:\/\/www.suno.com.br\/noticias\/petrobras-petr4-pronuncia-fala-vale-gas-bolsonaro\/\",\"url\":\"https:\/\/www.suno.com.br\/noticias\/petrobras-petr4-pronuncia-fala-vale-gas-bolsonaro\/\",\"name\":\"Petrobras (PETR4) se pronuncia ap\u00f3s fala sobre vale-g\u00e1s de Bolsonaro\",\"isPartOf\":{\"@id\":\"https:\/\/www.suno.com.br\/noticias\/#website\"},\"primaryImageOfPage\":{\"@id\":\"https:\/\/www.suno.com.br\/noticias\/petrobras-petr4-pronuncia-fala-vale-gas-bolsonaro\/#primaryimage\"},\"image\":{\"@id\":\"https:\/\/www.suno.com.br\/noticias\/petrobras-petr4-pronuncia-fala-vale-gas-bolsonaro\/#primaryimage\"},\"thumbnailUrl\":\"https:\/\/files.sunoresearch.com.br\/n\/uploads\/2021\/08\/d3e75e57-brasil-ratinho-bolsonaro-27052019-001-scaled.jpg\",\"datePublished\":\"2021-08-02T21:30:41+00:00\",\"dateModified\":\"2021-08-02T21:35:36+00:00\",\"description\":\"Em nota, a Petrobras se pronunciou ap\u00f3s o presidente Bolsonaro citar que a estatal teria caixa para custear um vale botij\u00e3o. Leia mais.\",\"breadcrumb\":{\"@id\":\"https:\/\/www.suno.com.br\/noticias\/petrobras-petr4-pronuncia-fala-vale-gas-bolsonaro\/#breadcrumb\"},\"inLanguage\":\"pt-BR\",\"potentialAction\":[{\"@type\":\"ReadAction\",\"target\":[\"https:\/\/www.suno.com.br\/noticias\/petrobras-petr4-pronuncia-fala-vale-gas-bolsonaro\/\"]}]},{\"@type\":\"ImageObject\",\"inLanguage\":\"pt-BR\",\"@id\":\"https:\/\/www.suno.com.br\/noticias\/petrobras-petr4-pronuncia-fala-vale-gas-bolsonaro\/#primaryimage\",\"url\":\"https:\/\/files.sunoresearch.com.br\/n\/uploads\/2021\/08\/d3e75e57-brasil-ratinho-bolsonaro-27052019-001-scaled.jpg\",\"contentUrl\":\"https:\/\/files.sunoresearch.com.br\/n\/uploads\/2021\/08\/d3e75e57-brasil-ratinho-bolsonaro-27052019-001-scaled.jpg\",\"width\":2560,\"height\":1707,\"caption\":\"Fala de Bolsonaro sobre vale-g\u00e1s custeado pela Petrobras se deu em programa veiculado na sexta (30) - Foto: Reprodu\u00e7\u00e3o\/Alan Santos\/PR\"},{\"@type\":\"BreadcrumbList\",\"@id\":\"https:\/\/www.suno.com.br\/noticias\/petrobras-petr4-pronuncia-fala-vale-gas-bolsonaro\/#breadcrumb\",\"itemListElement\":[{\"@type\":\"ListItem\",\"position\":1,\"name\":\"Not\u00edcias\",\"item\":\"https:\/\/www.suno.com.br\/noticias\/\"},{\"@type\":\"ListItem\",\"position\":2,\"name\":\"Neg\u00f3cios\",\"item\":\"https:\/\/www.suno.com.br\/noticias\/negocios\/\"},{\"@type\":\"ListItem\",\"position\":3,\"name\":\"Petrobras (PETR4) sobre vale-g\u00e1s de Bolsonaro: &#8220;N\u00e3o h\u00e1 defini\u00e7\u00e3o&#8221;\"}]},{\"@type\":\"WebSite\",\"@id\":\"https:\/\/www.suno.com.br\/noticias\/#website\",\"url\":\"https:\/\/www.suno.com.br\/noticias\/\",\"name\":\"Suno Not\u00edcias\",\"description\":\"Seu portal de informa\u00e7\u00e3o sobre o mundo dos investimentos\",\"publisher\":{\"@id\":\"https:\/\/www.suno.com.br\/noticias\/#organization\"},\"potentialAction\":[{\"@type\":\"SearchAction\",\"target\":{\"@type\":\"EntryPoint\",\"urlTemplate\":\"https:\/\/www.suno.com.br\/noticias\/?s={search_term_string}\"},\"query-input\":{\"@type\":\"PropertyValueSpecification\",\"valueRequired\":true,\"valueName\":\"search_term_string\"}}],\"inLanguage\":\"pt-BR\"},{\"@type\":\"Organization\",\"@id\":\"https:\/\/www.suno.com.br\/noticias\/#organization\",\"name\":\"Suno Not\u00edcias\",\"url\":\"https:\/\/www.suno.com.br\/noticias\/\",\"logo\":{\"@type\":\"ImageObject\",\"inLanguage\":\"pt-BR\",\"@id\":\"https:\/\/www.suno.com.br\/noticias\/#\/schema\/logo\/image\/\",\"url\":\"https:\/\/files.sunoresearch.com.br\/n\/uploads\/2021\/09\/suno-logo.png\",\"contentUrl\":\"https:\/\/files.sunoresearch.com.br\/n\/uploads\/2021\/09\/suno-logo.png\",\"width\":180,\"height\":180,\"caption\":\"Suno Not\u00edcias\"},\"image\":{\"@id\":\"https:\/\/www.suno.com.br\/noticias\/#\/schema\/logo\/image\/\"},\"sameAs\":[\"https:\/\/facebook.com\/sunoresearch\",\"https:\/\/x.com\/sunoresearch\",\"https:\/\/www.instagram.com\/suno\",\"https:\/\/www.linkedin.com\/company\/suno-research\/\",\"https:\/\/www.youtube.com\/c\/sunoresearch\"]},{\"@type\":\"Person\",\"@id\":\"https:\/\/www.suno.com.br\/noticias\/#\/schema\/person\/7f4d362bf3518e76090143ae77bb49a5\",\"name\":\"Eduardo Vargas\",\"image\":{\"@type\":\"ImageObject\",\"inLanguage\":\"pt-BR\",\"@id\":\"https:\/\/www.suno.com.br\/noticias\/#\/schema\/person\/image\/\",\"url\":\"https:\/\/secure.gravatar.com\/avatar\/dac340933427a22924c9f99d1eb2e3f2?s=96&r=g\",\"contentUrl\":\"https:\/\/secure.gravatar.com\/avatar\/dac340933427a22924c9f99d1eb2e3f2?s=96&r=g\",\"caption\":\"Eduardo Vargas\"},\"description\":\"Jornalista formado pela UFSC, cobre macroeconomia, neg\u00f3cios e startups para o Suno Not\u00edcias, escrevendo principalmente not\u00edcias sobre o mercado financeiro e a bolsa de valores. No YouTube e no Instagram, \u00e9 respons\u00e1vel pela produ\u00e7\u00e3o de Reels e Shorts do Suno Not\u00edcias. Anteriormente, trabalhou cobrindo economia e cotidiano no ND+ e para o ND, maior jornal impresso de Santa Catarina. Cursou um semestre letivo de Estudos de M\u00eddia na Universidad de Buenos Aires.\",\"url\":\"https:\/\/www.suno.com.br\/noticias\/author\/eduardo-vargas\/\"}]}<\/script>\n<!-- \/ Yoast SEO plugin. -->","yoast_head_json":{"title":"Petrobras (PETR4) se pronuncia ap\u00f3s fala sobre vale-g\u00e1s de Bolsonaro","description":"Em nota, a Petrobras se pronunciou ap\u00f3s o presidente Bolsonaro citar que a estatal teria caixa para custear um vale botij\u00e3o. Leia mais.","robots":{"index":"index","follow":"follow","max-snippet":"max-snippet:-1","max-image-preview":"max-image-preview:large","max-video-preview":"max-video-preview:-1"},"canonical":"https:\/\/www.suno.com.br\/noticias\/petrobras-petr4-pronuncia-fala-vale-gas-bolsonaro\/","og_locale":"pt_BR","og_type":"article","og_title":"Petrobras (PETR4) se pronuncia ap\u00f3s fala sobre vale-g\u00e1s de Bolsonaro","og_description":"Em nota, a Petrobras se pronunciou ap\u00f3s o presidente Bolsonaro citar que a estatal teria caixa para custear um vale botij\u00e3o. Leia mais.","og_url":"https:\/\/www.suno.com.br\/noticias\/petrobras-petr4-pronuncia-fala-vale-gas-bolsonaro\/","og_site_name":"Suno Not\u00edcias","article_publisher":"https:\/\/facebook.com\/sunoresearch","og_image":[{"width":2560,"height":1707,"url":"https:\/\/files.sunoresearch.com.br\/n\/uploads\/2021\/08\/d3e75e57-brasil-ratinho-bolsonaro-27052019-001-scaled.jpg","type":"image\/jpeg"}],"author":"Eduardo Vargas","twitter_card":"summary_large_image","twitter_creator":"@sunoresearch","twitter_site":"@sunoresearch","twitter_misc":{"Escrito por":"Eduardo Vargas","Est. tempo de leitura":"2 minutos"},"schema":{"@context":"https:\/\/schema.org","@graph":[{"@type":"NewsArticle","@id":"https:\/\/www.suno.com.br\/noticias\/petrobras-petr4-pronuncia-fala-vale-gas-bolsonaro\/#article","isPartOf":{"@id":"https:\/\/www.suno.com.br\/noticias\/petrobras-petr4-pronuncia-fala-vale-gas-bolsonaro\/"},"author":{"name":"Eduardo Vargas","@id":"https:\/\/www.suno.com.br\/noticias\/#\/schema\/person\/7f4d362bf3518e76090143ae77bb49a5"},"headline":"Petrobras (PETR4) sobre vale-g\u00e1s de Bolsonaro: &#8220;N\u00e3o h\u00e1 defini\u00e7\u00e3o&#8221;","datePublished":"2021-08-02T21:30:41+00:00","dateModified":"2021-08-02T21:35:36+00:00","mainEntityOfPage":{"@id":"https:\/\/www.suno.com.br\/noticias\/petrobras-petr4-pronuncia-fala-vale-gas-bolsonaro\/"},"wordCount":483,"publisher":{"@id":"https:\/\/www.suno.com.br\/noticias\/#organization"},"image":{"@id":"https:\/\/www.suno.com.br\/noticias\/petrobras-petr4-pronuncia-fala-vale-gas-bolsonaro\/#primaryimage"},"thumbnailUrl":"https:\/\/files.sunoresearch.com.br\/n\/uploads\/2021\/08\/d3e75e57-brasil-ratinho-bolsonaro-27052019-001-scaled.jpg","keywords":["Comiss\u00e3o de Valores Mobili\u00e1rios (CVM)","Ibovespa","Jair Bolsonaro","Petrobras (PETR4)"],"articleSection":["Neg\u00f3cios"],"inLanguage":"pt-BR"},{"@type":"WebPage","@id":"https:\/\/www.suno.com.br\/noticias\/petrobras-petr4-pronuncia-fala-vale-gas-bolsonaro\/","url":"https:\/\/www.suno.com.br\/noticias\/petrobras-petr4-pronuncia-fala-vale-gas-bolsonaro\/","name":"Petrobras (PETR4) se pronuncia ap\u00f3s fala sobre vale-g\u00e1s de Bolsonaro","isPartOf":{"@id":"https:\/\/www.suno.com.br\/noticias\/#website"},"primaryImageOfPage":{"@id":"https:\/\/www.suno.com.br\/noticias\/petrobras-petr4-pronuncia-fala-vale-gas-bolsonaro\/#primaryimage"},"image":{"@id":"https:\/\/www.suno.com.br\/noticias\/petrobras-petr4-pronuncia-fala-vale-gas-bolsonaro\/#primaryimage"},"thumbnailUrl":"https:\/\/files.sunoresearch.com.br\/n\/uploads\/2021\/08\/d3e75e57-brasil-ratinho-bolsonaro-27052019-001-scaled.jpg","datePublished":"2021-08-02T21:30:41+00:00","dateModified":"2021-08-02T21:35:36+00:00","description":"Em nota, a Petrobras se pronunciou ap\u00f3s o presidente Bolsonaro citar que a estatal teria caixa para custear um vale botij\u00e3o. Leia mais.","breadcrumb":{"@id":"https:\/\/www.suno.com.br\/noticias\/petrobras-petr4-pronuncia-fala-vale-gas-bolsonaro\/#breadcrumb"},"inLanguage":"pt-BR","potentialAction":[{"@type":"ReadAction","target":["https:\/\/www.suno.com.br\/noticias\/petrobras-petr4-pronuncia-fala-vale-gas-bolsonaro\/"]}]},{"@type":"ImageObject","inLanguage":"pt-BR","@id":"https:\/\/www.suno.com.br\/noticias\/petrobras-petr4-pronuncia-fala-vale-gas-bolsonaro\/#primaryimage","url":"https:\/\/files.sunoresearch.com.br\/n\/uploads\/2021\/08\/d3e75e57-brasil-ratinho-bolsonaro-27052019-001-scaled.jpg","contentUrl":"https:\/\/files.sunoresearch.com.br\/n\/uploads\/2021\/08\/d3e75e57-brasil-ratinho-bolsonaro-27052019-001-scaled.jpg","width":2560,"height":1707,"caption":"Fala de Bolsonaro sobre vale-g\u00e1s custeado pela Petrobras se deu em programa veiculado na sexta (30) - Foto: Reprodu\u00e7\u00e3o\/Alan Santos\/PR"},{"@type":"BreadcrumbList","@id":"https:\/\/www.suno.com.br\/noticias\/petrobras-petr4-pronuncia-fala-vale-gas-bolsonaro\/#breadcrumb","itemListElement":[{"@type":"ListItem","position":1,"name":"Not\u00edcias","item":"https:\/\/www.suno.com.br\/noticias\/"},{"@type":"ListItem","position":2,"name":"Neg\u00f3cios","item":"https:\/\/www.suno.com.br\/noticias\/negocios\/"},{"@type":"ListItem","position":3,"name":"Petrobras (PETR4) sobre vale-g\u00e1s de Bolsonaro: &#8220;N\u00e3o h\u00e1 defini\u00e7\u00e3o&#8221;"}]},{"@type":"WebSite","@id":"https:\/\/www.suno.com.br\/noticias\/#website","url":"https:\/\/www.suno.com.br\/noticias\/","name":"Suno Not\u00edcias","description":"Seu portal de informa\u00e7\u00e3o sobre o mundo dos investimentos","publisher":{"@id":"https:\/\/www.suno.com.br\/noticias\/#organization"},"potentialAction":[{"@type":"SearchAction","target":{"@type":"EntryPoint","urlTemplate":"https:\/\/www.suno.com.br\/noticias\/?s={search_term_string}"},"query-input":{"@type":"PropertyValueSpecification","valueRequired":true,"valueName":"search_term_string"}}],"inLanguage":"pt-BR"},{"@type":"Organization","@id":"https:\/\/www.suno.com.br\/noticias\/#organization","name":"Suno Not\u00edcias","url":"https:\/\/www.suno.com.br\/noticias\/","logo":{"@type":"ImageObject","inLanguage":"pt-BR","@id":"https:\/\/www.suno.com.br\/noticias\/#\/schema\/logo\/image\/","url":"https:\/\/files.sunoresearch.com.br\/n\/uploads\/2021\/09\/suno-logo.png","contentUrl":"https:\/\/files.sunoresearch.com.br\/n\/uploads\/2021\/09\/suno-logo.png","width":180,"height":180,"caption":"Suno Not\u00edcias"},"image":{"@id":"https:\/\/www.suno.com.br\/noticias\/#\/schema\/logo\/image\/"},"sameAs":["https:\/\/facebook.com\/sunoresearch","https:\/\/x.com\/sunoresearch","https:\/\/www.instagram.com\/suno","https:\/\/www.linkedin.com\/company\/suno-research\/","https:\/\/www.youtube.com\/c\/sunoresearch"]},{"@type":"Person","@id":"https:\/\/www.suno.com.br\/noticias\/#\/schema\/person\/7f4d362bf3518e76090143ae77bb49a5","name":"Eduardo Vargas","image":{"@type":"ImageObject","inLanguage":"pt-BR","@id":"https:\/\/www.suno.com.br\/noticias\/#\/schema\/person\/image\/","url":"https:\/\/secure.gravatar.com\/avatar\/dac340933427a22924c9f99d1eb2e3f2?s=96&r=g","contentUrl":"https:\/\/secure.gravatar.com\/avatar\/dac340933427a22924c9f99d1eb2e3f2?s=96&r=g","caption":"Eduardo Vargas"},"description":"Jornalista formado pela UFSC, cobre macroeconomia, neg\u00f3cios e startups para o Suno Not\u00edcias, escrevendo principalmente not\u00edcias sobre o mercado financeiro e a bolsa de valores. No YouTube e no Instagram, \u00e9 respons\u00e1vel pela produ\u00e7\u00e3o de Reels e Shorts do Suno Not\u00edcias. Anteriormente, trabalhou cobrindo economia e cotidiano no ND+ e para o ND, maior jornal impresso de Santa Catarina. Cursou um semestre letivo de Estudos de M\u00eddia na Universidad de Buenos Aires.","url":"https:\/\/www.suno.com.br\/noticias\/author\/eduardo-vargas\/"}]}},"default_loop_html":"<div class=\"cardsPage__listCard__boxs\"><div class=\"cardsPage__listCard__boxs__img\"><a href=\"https:\/\/www.suno.com.br\/noticias\/resultados-semana-petrobras-petr4-bancos-itau-itub4-balancos\/\"><img class=\"mask\" src=\"https:\/\/www.suno.com.br\/noticias\/wp-content\/themes\/suno\/resources\/images\/spotlight\/spotlight1img\/bg-mask.png\" alt=\"Image Mask\"\/><img src=\"https:\/\/files.sunoresearch.com.br\/n\/uploads\/2021\/04\/ce8f7773-petrobras4-1-400x200.webp\" alt=\"Resultados da semana: Petrobras (PETR4), Ita\u00fa (ITUB4) e Bradesco (BBDC4) s\u00e3o destaques\"\/><\/a><span class=\"spotlightCategory\"><a href=\"https:\/\/www.suno.com.br\/noticias\/negocios\/\">Neg\u00f3cios<\/a><\/span><\/div><div class=\"cardsPage__listCard__boxs__content\"><a href=\"https:\/\/www.suno.com.br\/noticias\/resultados-semana-petrobras-petr4-bancos-itau-itub4-balancos\/\"><h2 class=\"content__title\">Resultados da semana: Petrobras (PETR4), Ita\u00fa (ITUB4) e Bradesco (BBDC4) s\u00e3o destaques<\/h2><\/a><div class=\"newsContent__article__meta\"><div class=\"newsContent__article__meta__authorBox\"><a href=\"https:\/\/www.suno.com.br\/noticias\/author\/eduardo-vargas\/\" class=\"authorBox__avatar noMobi\"><img src=\"https:\/\/secure.gravatar.com\/avatar\/dac340933427a22924c9f99d1eb2e3f2?s=96&#038;r=g\" alt=\"Eduardo Vargas\"><\/a><div class=\"authorBox__name\"><span>por\n\t\t\t<a href=\"https:\/\/www.suno.com.br\/noticias\/author\/eduardo-vargas\/\"><span itemprop=\"author\">Eduardo Vargas<\/span><\/a><\/span><time datetime=\"2021-08-02T13:46:03-03:00\" itemprop=\"datePublished\">02\/08\/2021 13:46<\/time><\/div><\/div><\/div><\/div><\/div>","single_layout":"posts","amp_enabled":true,"_links":{"self":[{"href":"https:\/\/www.suno.com.br\/noticias\/wp-json\/wp\/v2\/posts\/171404"}],"collection":[{"href":"https:\/\/www.suno.com.br\/noticias\/wp-json\/wp\/v2\/posts"}],"about":[{"href":"https:\/\/www.suno.com.br\/noticias\/wp-json\/wp\/v2\/types\/post"}],"author":[{"embeddable":true,"href":"https:\/\/www.suno.com.br\/noticias\/wp-json\/wp\/v2\/users\/73"}],"replies":[{"embeddable":true,"href":"https:\/\/www.suno.com.br\/noticias\/wp-json\/wp\/v2\/comments?post=171404"}],"version-history":[{"count":3,"href":"https:\/\/www.suno.com.br\/noticias\/wp-json\/wp\/v2\/posts\/171404\/revisions"}],"predecessor-version":[{"id":171512,"href":"https:\/\/www.suno.com.br\/noticias\/wp-json\/wp\/v2\/posts\/171404\/revisions\/171512"}],"wp:featuredmedia":[{"embeddable":true,"href":"https:\/\/www.suno.com.br\/noticias\/wp-json\/wp\/v2\/media\/171411"}],"wp:attachment":[{"href":"https:\/\/www.suno.com.br\/noticias\/wp-json\/wp\/v2\/media?parent=171404"}],"wp:term":[{"taxonomy":"category","embeddable":true,"href":"https:\/\/www.suno.com.br\/noticias\/wp-json\/wp\/v2\/categories?post=171404"},{"taxonomy":"post_tag","embeddable":true,"href":"https:\/\/www.suno.com.br\/noticias\/wp-json\/wp\/v2\/tags?post=171404"},{"taxonomy":"suno_strategy","embeddable":true,"href":"https:\/\/www.suno.com.br\/noticias\/wp-json\/wp\/v2\/suno_strategy?post=171404"}],"curies":[{"name":"wp","href":"https:\/\/api.w.org\/{rel}","templated":true}]}}